{"id":24222,"date":"2025-09-12T14:10:58","date_gmt":"2025-09-12T12:10:58","guid":{"rendered":"https:\/\/gabonnouvellevision.com\/gnv\/?p=24222"},"modified":"2025-09-12T14:11:01","modified_gmt":"2025-09-12T12:11:01","slug":"crise-politique-en-france-emmanuel-macron-sur-des-charbons-ardents-par-fidel-biteghe","status":"publish","type":"post","link":"https:\/\/gabonnouvellevision.com\/gnv\/2025\/09\/12\/crise-politique-en-france-emmanuel-macron-sur-des-charbons-ardents-par-fidel-biteghe\/","title":{"rendered":"Crise politique en France: Emmanuel Macron sur des charbons ardents par Fidel Biteghe"},"content":{"rendered":"\n<p><strong><em>La France se trouve frapp\u00e9e par une crise sociale, sans pr\u00e9c\u00e9dent, \u00e0 la suite de la destitution du Premier Ministre Fran\u00e7ois Bayrou, par un vote de d\u00e9fiance de l\u2019Assembl\u00e9e nationale, et la nomination d\u2019un nouveau Chef de gouvernement, en la personne de S\u00e9bastien Lecornu, pr\u00e9c\u00e9demment ministre des Arm\u00e9es<\/em><\/strong><strong>.<\/strong><\/p>\n\n\n\n<p>Le point d\u2019orgue des manifestations enregistr\u00e9es dans plusieurs localit\u00e9s du pays, durant la journ\u00e9e de mercredi, 11 ao\u00fbt 2025, lendemain de ce changement, ont eu pour point d\u2019orgue, les appels \u00e0 la d\u00e9mission du pr\u00e9sident Emmanuel Macron, qui se d\u00e9fait, pour la 4<sup>e<\/sup>&nbsp;fois, d\u2019un Premier ministre en deux ans et dont le deuxi\u00e8me mandat est marqu\u00e9 par l\u2019instabilit\u00e9 politique, apr\u00e8s avoir affront\u00e9 durant son premier magist\u00e8re le mouvement des \u00ab&nbsp;gilets jaunes&nbsp;\u00bb.<\/p>\n\n\n\n<p>Fran\u00e7ois Bayrou, 74 ans, a \u00e9t\u00e9 confront\u00e9, durant ses neuf mois de fonctions, \u00e0 l\u2019incapacit\u00e9 d\u2019amener la s\u00e9r\u00e9nit\u00e9 et la confiance au sein du Parlement fran\u00e7ais, avec l\u2019impossibilit\u00e9 de faire voter la loi de finances.<\/p>\n\n\n\n<p>Le gouvernement minoritaire du Premier ministre sortant avait appel\u00e9 \u00e0 44 milliards d\u2019euros, l\u2019\u00e9quivalent de 28 864 000 000 000 de FCFA de coupes budg\u00e9taires pour lutter contre la dette publique croissante de la France. Face au blocage, il a demand\u00e9 un vote de confiance \u00e0 l\u2019Assembl\u00e9e nationale, qui a simplement rejet\u00e9 sa d\u00e9marche et act\u00e9 destitution de son gouvernement, la majorit\u00e9 des d\u00e9put\u00e9s ayant vot\u00e9 contre, les Fran\u00e7ais refusant de faire plus d\u2019efforts pour soulager le train de vie de leur Etat.<\/p>\n\n\n\n<p><strong>Construire les accords<\/strong><\/p>\n\n\n\n<p>Nomm\u00e9 Premier Ministre, le lendemain, S\u00e9bastien Lecornu, 39 ans, proche du couple pr\u00e9sidentiel, a re\u00e7u la mission de dialoguer avec les partis politiques repr\u00e9sent\u00e9s au Parlement, ceux du centre, pour construire les accords n\u00e9cessaires \u00e0 l\u2019adoption du budget et \u00e0 la stabilit\u00e9 institutionnelle.<\/p>\n\n\n\n<p>D\u00e8s le lever du jour, ce 11 septembre, la France a \u00e9t\u00e9 assaillie d\u2019une vague de contestations, avec des marches, des barrages des rues et l\u2019incendie de certains b\u00e2timents. On estimait \u00e0 pr\u00e8s de 200 milles personnes, les manifestants, sur l\u2019ensemble du territoire. La police a proc\u00e9d\u00e9 \u00e0 de nombreuses interpellations. Sur les banderoles, on pouvait lire&nbsp;<em>\u00ab&nbsp;Bloquons tout \u00bb \u2026<\/em><\/p>\n\n\n\n<p>M\u00eame, le nouveau choix du pr\u00e9sident fran\u00e7ais est contest\u00e9. Robert M\u00e9nard, maire de la ville de B\u00e9zier, a ainsi d\u00e9clar\u00e9&nbsp;:&nbsp;<em>\u00ab&nbsp;Je suis sid\u00e9r\u00e9. Le chef de l\u2019Etat, il y a 85% des Fran\u00e7ais qui ne le supportent plus et il nomme qui&nbsp;? Son plus proche. Personne n\u2019est plus proche de lui que Monsieur Lecornu&nbsp;\u00bb<\/em>. Et d\u2019ajouter&nbsp;:&nbsp;<em>\u00ab&nbsp;C\u2019est un bras d\u2019honneur aux Fran\u00e7ais&nbsp;! On te dit&nbsp;: on en a marre de toi et qui tu nommes&nbsp;? Ton meilleur pote&nbsp;? \u00c7a n\u2019existe pas\u2026&nbsp;\u00bb<\/em>. Une autre voix s\u2019est \u00e9cri\u00e9e&nbsp;:&nbsp;<em>\u00ab&nbsp;C\u2019est un non-respect pour les Fran\u00e7ais, qui ne sont pas respect\u00e9s sur le plan social, qui ne sont pas respect\u00e9s sur le plan de l\u2019environnement et qui, maintenant, ne sont pas respect\u00e9s sur le plan d\u00e9mocratique.&nbsp;\u00bb<\/em><\/p>\n\n\n\n<p>Malgr\u00e9 cette vague de critiques, S\u00e9bastien Lecornu, ancien s\u00e9nateur, a entam\u00e9 tr\u00e8s rapidement les consultations, pour constituer un gouvernement de circonstance, qui serait la m\u00e9thode choisie pour \u00e9viter une nouvelle motion de censure. Emmanuel Macron a dict\u00e9 comme ligne directrice au nouveau Premier ministre&nbsp;:&nbsp;<em>\u00ab&nbsp;d\u00e9fendre l\u2019ind\u00e9pendance et la puissance du pays, servir les Fran\u00e7ais et assurer la stabilit\u00e9 politique et institutionnelle&nbsp;\u00bb<\/em>.<\/p>\n\n\n\n<p>N\u00e9anmoins, les diff\u00e9rentes oppositions politiques restent sceptiques et doutent de la capacit\u00e9 du nouvel ex\u00e9cutif \u00e0 d\u00e9samorcer les tensions \u00e0 l\u2019Assembl\u00e9e nationale et \u00e0 faire adopter un budget fran\u00e7ais. Dans cette atmosph\u00e8re d\u00e9l\u00e9t\u00e8re, d\u2019importantes questions m\u00e9ritent d\u2019\u00eatre pos\u00e9es. La premi\u00e8re \u00e9tant&nbsp;: &nbsp;qu\u2019est-ce qui plonge la France dans la crise budg\u00e9taire, ces derni\u00e8res ann\u00e9es&nbsp;? Et aussi, les difficult\u00e9s gouvernementales mises en lumi\u00e8re ne feront-elles pas le lit de l\u2019extr\u00eame droite fran\u00e7aise&nbsp;et avec quelles cons\u00e9quences&nbsp;?<\/p>\n\n\n\n<p><strong>Joindre les deux bouts<\/strong><\/p>\n\n\n\n<p>La mission du nouveau Premier ministre est de parvenir \u00e0 coaliser les partis du centre, le pr\u00e9sident de la R\u00e9publique ayant ferm\u00e9 la porte au Parti socialiste et le Front national (extr\u00eame droite) \u00e9tant tenu \u00e0 distance, tout comme l\u2019extr\u00eame gauche. Mais il faut comprendre qu\u2019un budget est calcul\u00e9 en recettes et d\u00e9penses. Il repose donc sur le dynamisme de l\u2019\u00e9conomie et sert \u00e0 assurer la dynamique de cette derni\u00e8re. La crise actuelle, marqu\u00e9e par la flamb\u00e9e des prix, montre que la France, dans un langage trivial, ne parvient plus \u00e0 joindre les deux bouts, pour assurer son \u00e9quilibre budg\u00e9taire. La solution envisag\u00e9e, sous Bayrou, reposant sur des coupes sombres, n\u2019a pas convaincu les parlementaires. Ces derniers estimant que les Fran\u00e7ais en p\u00e2tiraient durement, notamment les couches les plus vuln\u00e9rables.<\/p>\n\n\n\n<p>Face au marasme que cette situation provoque, les Fran\u00e7ais auront tendance \u00e0 se replier sur eux-m\u00eames et \u00e0 radicaliser leurs positions, en misant sur l\u2019exclusion de ceux qui seraient-l\u00e0 pour leur \u00ab&nbsp;arracher leurs emplois&nbsp;\u00bb, pour leur arracher le pain de la bouche. Le gouvernement sera, de ce fait, de plus en plus sous pression et dans l\u2019obligation de se trouver des d\u00e9charges, avec l\u2019accentuation des expulsions et la r\u00e9duction drastique des aides au d\u00e9veloppement.<\/p>\n\n\n\n<p>Au bout du compte, dans la trajectoire qui se dessine, l\u2019ex\u00e9cutif fran\u00e7ais risque d\u2019emprunter, dans les mois \u00e0 venir, le m\u00eame cheminement que Donald Trump, en misant sur une politique protectionniste, sans v\u00e9ritablement analyser les causes profondes de l\u2019effondrement progressif de son \u00e9conomie. Cette ligne accentuerait le sentiment antifran\u00e7ais en Afrique et dans le monde, r\u00e9duisant ou limitant, du m\u00eame coup, le potentiel que la France tire de ses investissements ext\u00e9rieurs.<\/p>\n\n\n\n<p>La crise parlementaire ou institutionnelle que traverse la France, justifiant que le pr\u00e9sident Macron ait chang\u00e9 cinq fois de Premiers ministres en deux ans, r\u00e9sulte, on en convient, de l\u2019essoufflement d\u2019un mod\u00e8le \u00e9conomique dont les piliers s\u2019effondrent depuis quelques d\u00e9cennies.<\/p>\n\n\n\n<p><strong>D\u00e9clin<\/strong><\/p>\n\n\n\n<p>En effet, la puissance \u00e9conomique fran\u00e7aise avait repos\u00e9, pendant longtemps, sur les retomb\u00e9es de ses compagnies install\u00e9es dans le Tiers-monde, principalement en Afrique. Elle \u00e9tait ainsi la grande b\u00e9n\u00e9ficiaire des politiques renti\u00e8res d\u00e9velopp\u00e9es. Mais le r\u00e9veil \u00e9conomique de la plupart des nations est en train de redistribuer les cartes.&nbsp;Le commerce triangulaire, qui faisait des ports fran\u00e7ais, le passage oblig\u00e9 des produits import\u00e9s, \u00e0 destination d\u2019Afrique francophone, a d\u00e9clin\u00e9, sous la pression de l\u2019organisation mondiale du Commerce (OMC) et de la coop\u00e9ration tous azimuts, sur le principe gagnant-gagnant.<\/p>\n\n\n\n<p>L\u2019impact \u00e9conomique de cette r\u00e9vision des politiques est \u00e9norme, surtout pour des pays qui ne s\u2019y \u00e9taient pas pr\u00e9par\u00e9s. On a ainsi vu les lobbies fran\u00e7ais abandonner assez facilement des bastions entiers des p\u00f4les productifs, n\u2019\u00e9tant pas suffisamment solides, pour faire face \u00e0 la concurrence des syro-libanais, des chinois et m\u00eame des groupes d\u2019int\u00e9r\u00eats maghr\u00e9bins, qui ont investi le commerce g\u00e9n\u00e9ral, les secteurs de la transformation et les banques. Seul principal&nbsp;outil de coop\u00e9ration restant, l\u2019agence Fran\u00e7aise de D\u00e9veloppement, malheureusement faible, en termes d\u2019impact, pour engranger d\u2019importantes subsides \u00e0 l\u2019\u00e9conomie fran\u00e7aise.<\/p>\n\n\n\n<p>Bref, faute d\u2019agressivit\u00e9 et du fait de sa raideur, l\u2019\u00e9conomie fran\u00e7aise pourrait ne pas retrouver, de sit\u00f4t son rayonnement. Apr\u00e8s les gilets jaunes, sous le premier septennat de Macron, le Mouvement \u00ab&nbsp;<em>Bloquons tout<\/em>&nbsp;\u00bb exasp\u00e8re les autorit\u00e9s actuelles. Mais rappelons-nous que les choses n\u2019ont pas \u00e9t\u00e9 ais\u00e9es, non plus, sur le front social, pour les pr\u00e9d\u00e9cesseurs de Macron, dont Fran\u00e7ois Hollande et Nicolas Sarkozy. Que doit faire la France pour sortir de cette crise, qui n\u2019est pas conjoncturelle, mais plut\u00f4t structurelle&nbsp;? Telle est la question.<\/p>\n","protected":false},"excerpt":{"rendered":"<p>La France se trouve frapp\u00e9e par une crise sociale, sans pr\u00e9c\u00e9dent, \u00e0 la suite de la destitution du Premier Ministre Fran\u00e7ois Bayrou, par un vote de d\u00e9fiance de l\u2019Assembl\u00e9e nationale, et la nomination d\u2019un nouveau Chef de gouvernement, en la personne de S\u00e9bastien Lecornu, pr\u00e9c\u00e9demment ministre des Arm\u00e9es. Le point d\u2019orgue des manifestations enregistr\u00e9es dans [&hellip;]<\/p>\n","protected":false},"author":7,"featured_media":24223,"comment_status":"open","ping_status":"open","sticky":false,"template":"","format":"standard","meta":{"footnotes":""},"categories":[57,55,66],"tags":[],"class_list":["post-24222","post","type-post","status-publish","format-standard","has-post-thumbnail","hentry","category-a-la-une","category-actualites","category-diplomatie"],"yoast_head":"<!-- This site is optimized with the Yoast SEO plugin v24.2 - https:\/\/yoast.com\/wordpress\/plugins\/seo\/ -->\n<title>Crise politique en France: Emmanuel Macron sur des charbons ardents par Fidel Biteghe - Gabon Nouvelle Vision<\/title>\n<meta name=\"robots\" content=\"index, follow, max-snippet:-1, max-image-preview:large, max-video-preview:-1\" \/>\n<link rel=\"canonical\" href=\"https:\/\/gabonnouvellevision.com\/gnv\/2025\/09\/12\/crise-politique-en-france-emmanuel-macron-sur-des-charbons-ardents-par-fidel-biteghe\/\" \/>\n<meta property=\"og:locale\" content=\"fr_FR\" \/>\n<meta property=\"og:type\" content=\"article\" \/>\n<meta property=\"og:title\" content=\"Crise politique en France: Emmanuel Macron sur des charbons ardents par Fidel Biteghe - Gabon Nouvelle Vision\" \/>\n<meta property=\"og:description\" content=\"La France se trouve frapp\u00e9e par une crise sociale, sans pr\u00e9c\u00e9dent, \u00e0 la suite de la destitution du Premier Ministre Fran\u00e7ois Bayrou, par un vote de d\u00e9fiance de l\u2019Assembl\u00e9e nationale, et la nomination d\u2019un nouveau Chef de gouvernement, en la personne de S\u00e9bastien Lecornu, pr\u00e9c\u00e9demment ministre des Arm\u00e9es. Le point d\u2019orgue des manifestations enregistr\u00e9es dans [&hellip;]\" \/>\n<meta property=\"og:url\" content=\"https:\/\/gabonnouvellevision.com\/gnv\/2025\/09\/12\/crise-politique-en-france-emmanuel-macron-sur-des-charbons-ardents-par-fidel-biteghe\/\" \/>\n<meta property=\"og:site_name\" content=\"Gabon Nouvelle Vision\" \/>\n<meta property=\"article:publisher\" content=\"https:\/\/www.facebook.com\/GNVofficiel\" \/>\n<meta property=\"article:published_time\" content=\"2025-09-12T12:10:58+00:00\" \/>\n<meta property=\"article:modified_time\" content=\"2025-09-12T12:11:01+00:00\" \/>\n<meta property=\"og:image\" content=\"https:\/\/gabonnouvellevision.com\/gnv\/wp-content\/uploads\/2025\/09\/546803717_1318780632976014_8705480530500575516_n.jpg\" \/>\n\t<meta property=\"og:image:width\" content=\"600\" \/>\n\t<meta property=\"og:image:height\" content=\"307\" \/>\n\t<meta property=\"og:image:type\" content=\"image\/jpeg\" \/>\n<meta name=\"author\" content=\"Eyeng Obame\" \/>\n<meta name=\"twitter:card\" content=\"summary_large_image\" \/>\n<meta name=\"twitter:label1\" content=\"\u00c9crit par\" \/>\n\t<meta name=\"twitter:data1\" content=\"Eyeng Obame\" \/>\n\t<meta name=\"twitter:label2\" content=\"Dur\u00e9e de lecture estim\u00e9e\" \/>\n\t<meta name=\"twitter:data2\" content=\"7 minutes\" \/>\n<script type=\"application\/ld+json\" class=\"yoast-schema-graph\">{\"@context\":\"https:\/\/schema.org\",\"@graph\":[{\"@type\":\"Article\",\"@id\":\"https:\/\/gabonnouvellevision.com\/gnv\/2025\/09\/12\/crise-politique-en-france-emmanuel-macron-sur-des-charbons-ardents-par-fidel-biteghe\/#article\",\"isPartOf\":{\"@id\":\"https:\/\/gabonnouvellevision.com\/gnv\/2025\/09\/12\/crise-politique-en-france-emmanuel-macron-sur-des-charbons-ardents-par-fidel-biteghe\/\"},\"author\":{\"name\":\"Eyeng Obame\",\"@id\":\"https:\/\/gabonnouvellevision.com\/gnv\/#\/schema\/person\/4b48e07d222f83c0285affc3704bc899\"},\"headline\":\"Crise politique en France: Emmanuel Macron sur des charbons ardents par Fidel Biteghe\",\"datePublished\":\"2025-09-12T12:10:58+00:00\",\"dateModified\":\"2025-09-12T12:11:01+00:00\",\"mainEntityOfPage\":{\"@id\":\"https:\/\/gabonnouvellevision.com\/gnv\/2025\/09\/12\/crise-politique-en-france-emmanuel-macron-sur-des-charbons-ardents-par-fidel-biteghe\/\"},\"wordCount\":1410,\"commentCount\":0,\"publisher\":{\"@id\":\"https:\/\/gabonnouvellevision.com\/gnv\/#organization\"},\"image\":{\"@id\":\"https:\/\/gabonnouvellevision.com\/gnv\/2025\/09\/12\/crise-politique-en-france-emmanuel-macron-sur-des-charbons-ardents-par-fidel-biteghe\/#primaryimage\"},\"thumbnailUrl\":\"https:\/\/gabonnouvellevision.com\/gnv\/wp-content\/uploads\/2025\/09\/546803717_1318780632976014_8705480530500575516_n.jpg\",\"articleSection\":[\"A la une\",\"Actualites\",\"Diplomatie\"],\"inLanguage\":\"fr-FR\",\"potentialAction\":[{\"@type\":\"CommentAction\",\"name\":\"Comment\",\"target\":[\"https:\/\/gabonnouvellevision.com\/gnv\/2025\/09\/12\/crise-politique-en-france-emmanuel-macron-sur-des-charbons-ardents-par-fidel-biteghe\/#respond\"]}]},{\"@type\":\"WebPage\",\"@id\":\"https:\/\/gabonnouvellevision.com\/gnv\/2025\/09\/12\/crise-politique-en-france-emmanuel-macron-sur-des-charbons-ardents-par-fidel-biteghe\/\",\"url\":\"https:\/\/gabonnouvellevision.com\/gnv\/2025\/09\/12\/crise-politique-en-france-emmanuel-macron-sur-des-charbons-ardents-par-fidel-biteghe\/\",\"name\":\"Crise politique en France: Emmanuel Macron sur des charbons ardents par Fidel Biteghe - Gabon Nouvelle Vision\",\"isPartOf\":{\"@id\":\"https:\/\/gabonnouvellevision.com\/gnv\/#website\"},\"primaryImageOfPage\":{\"@id\":\"https:\/\/gabonnouvellevision.com\/gnv\/2025\/09\/12\/crise-politique-en-france-emmanuel-macron-sur-des-charbons-ardents-par-fidel-biteghe\/#primaryimage\"},\"image\":{\"@id\":\"https:\/\/gabonnouvellevision.com\/gnv\/2025\/09\/12\/crise-politique-en-france-emmanuel-macron-sur-des-charbons-ardents-par-fidel-biteghe\/#primaryimage\"},\"thumbnailUrl\":\"https:\/\/gabonnouvellevision.com\/gnv\/wp-content\/uploads\/2025\/09\/546803717_1318780632976014_8705480530500575516_n.jpg\",\"datePublished\":\"2025-09-12T12:10:58+00:00\",\"dateModified\":\"2025-09-12T12:11:01+00:00\",\"breadcrumb\":{\"@id\":\"https:\/\/gabonnouvellevision.com\/gnv\/2025\/09\/12\/crise-politique-en-france-emmanuel-macron-sur-des-charbons-ardents-par-fidel-biteghe\/#breadcrumb\"},\"inLanguage\":\"fr-FR\",\"potentialAction\":[{\"@type\":\"ReadAction\",\"target\":[\"https:\/\/gabonnouvellevision.com\/gnv\/2025\/09\/12\/crise-politique-en-france-emmanuel-macron-sur-des-charbons-ardents-par-fidel-biteghe\/\"]}]},{\"@type\":\"ImageObject\",\"inLanguage\":\"fr-FR\",\"@id\":\"https:\/\/gabonnouvellevision.com\/gnv\/2025\/09\/12\/crise-politique-en-france-emmanuel-macron-sur-des-charbons-ardents-par-fidel-biteghe\/#primaryimage\",\"url\":\"https:\/\/gabonnouvellevision.com\/gnv\/wp-content\/uploads\/2025\/09\/546803717_1318780632976014_8705480530500575516_n.jpg\",\"contentUrl\":\"https:\/\/gabonnouvellevision.com\/gnv\/wp-content\/uploads\/2025\/09\/546803717_1318780632976014_8705480530500575516_n.jpg\",\"width\":600,\"height\":307},{\"@type\":\"BreadcrumbList\",\"@id\":\"https:\/\/gabonnouvellevision.com\/gnv\/2025\/09\/12\/crise-politique-en-france-emmanuel-macron-sur-des-charbons-ardents-par-fidel-biteghe\/#breadcrumb\",\"itemListElement\":[{\"@type\":\"ListItem\",\"position\":1,\"name\":\"Accueil\",\"item\":\"https:\/\/gabonnouvellevision.com\/gnv\/\"},{\"@type\":\"ListItem\",\"position\":2,\"name\":\"Crise politique en France: Emmanuel Macron sur des charbons ardents par Fidel Biteghe\"}]},{\"@type\":\"WebSite\",\"@id\":\"https:\/\/gabonnouvellevision.com\/gnv\/#website\",\"url\":\"https:\/\/gabonnouvellevision.com\/gnv\/\",\"name\":\"Gabon Nouvelle Vision\",\"description\":\"\",\"publisher\":{\"@id\":\"https:\/\/gabonnouvellevision.com\/gnv\/#organization\"},\"potentialAction\":[{\"@type\":\"SearchAction\",\"target\":{\"@type\":\"EntryPoint\",\"urlTemplate\":\"https:\/\/gabonnouvellevision.com\/gnv\/?s={search_term_string}\"},\"query-input\":{\"@type\":\"PropertyValueSpecification\",\"valueRequired\":true,\"valueName\":\"search_term_string\"}}],\"inLanguage\":\"fr-FR\"},{\"@type\":\"Organization\",\"@id\":\"https:\/\/gabonnouvellevision.com\/gnv\/#organization\",\"name\":\"Gabon Nouvelle Vision\",\"url\":\"https:\/\/gabonnouvellevision.com\/gnv\/\",\"logo\":{\"@type\":\"ImageObject\",\"inLanguage\":\"fr-FR\",\"@id\":\"https:\/\/gabonnouvellevision.com\/gnv\/#\/schema\/logo\/image\/\",\"url\":\"https:\/\/gabonnouvellevision.com\/gnv\/wp-content\/uploads\/2025\/01\/logo-text_Plan-de-travail-1.png\",\"contentUrl\":\"https:\/\/gabonnouvellevision.com\/gnv\/wp-content\/uploads\/2025\/01\/logo-text_Plan-de-travail-1.png\",\"width\":7169,\"height\":2390,\"caption\":\"Gabon Nouvelle Vision\"},\"image\":{\"@id\":\"https:\/\/gabonnouvellevision.com\/gnv\/#\/schema\/logo\/image\/\"},\"sameAs\":[\"https:\/\/www.facebook.com\/GNVofficiel\"]},{\"@type\":\"Person\",\"@id\":\"https:\/\/gabonnouvellevision.com\/gnv\/#\/schema\/person\/4b48e07d222f83c0285affc3704bc899\",\"name\":\"Eyeng Obame\",\"image\":{\"@type\":\"ImageObject\",\"inLanguage\":\"fr-FR\",\"@id\":\"https:\/\/gabonnouvellevision.com\/gnv\/#\/schema\/person\/image\/\",\"url\":\"https:\/\/secure.gravatar.com\/avatar\/167bc03b8baf3c77318a47159f80871de6f5a6cbf4bc8b6af750fbc1a369d7bf?s=96&d=mm&r=g\",\"contentUrl\":\"https:\/\/secure.gravatar.com\/avatar\/167bc03b8baf3c77318a47159f80871de6f5a6cbf4bc8b6af750fbc1a369d7bf?s=96&d=mm&r=g\",\"caption\":\"Eyeng Obame\"},\"url\":\"https:\/\/gabonnouvellevision.com\/gnv\/author\/rufin\/\"}]}<\/script>\n<!-- \/ Yoast SEO plugin. -->","yoast_head_json":{"title":"Crise politique en France: Emmanuel Macron sur des charbons ardents par Fidel Biteghe - Gabon Nouvelle Vision","robots":{"index":"index","follow":"follow","max-snippet":"max-snippet:-1","max-image-preview":"max-image-preview:large","max-video-preview":"max-video-preview:-1"},"canonical":"https:\/\/gabonnouvellevision.com\/gnv\/2025\/09\/12\/crise-politique-en-france-emmanuel-macron-sur-des-charbons-ardents-par-fidel-biteghe\/","og_locale":"fr_FR","og_type":"article","og_title":"Crise politique en France: Emmanuel Macron sur des charbons ardents par Fidel Biteghe - Gabon Nouvelle Vision","og_description":"La France se trouve frapp\u00e9e par une crise sociale, sans pr\u00e9c\u00e9dent, \u00e0 la suite de la destitution du Premier Ministre Fran\u00e7ois Bayrou, par un vote de d\u00e9fiance de l\u2019Assembl\u00e9e nationale, et la nomination d\u2019un nouveau Chef de gouvernement, en la personne de S\u00e9bastien Lecornu, pr\u00e9c\u00e9demment ministre des Arm\u00e9es. Le point d\u2019orgue des manifestations enregistr\u00e9es dans [&hellip;]","og_url":"https:\/\/gabonnouvellevision.com\/gnv\/2025\/09\/12\/crise-politique-en-france-emmanuel-macron-sur-des-charbons-ardents-par-fidel-biteghe\/","og_site_name":"Gabon Nouvelle Vision","article_publisher":"https:\/\/www.facebook.com\/GNVofficiel","article_published_time":"2025-09-12T12:10:58+00:00","article_modified_time":"2025-09-12T12:11:01+00:00","og_image":[{"width":600,"height":307,"url":"https:\/\/gabonnouvellevision.com\/gnv\/wp-content\/uploads\/2025\/09\/546803717_1318780632976014_8705480530500575516_n.jpg","type":"image\/jpeg"}],"author":"Eyeng Obame","twitter_card":"summary_large_image","twitter_misc":{"\u00c9crit par":"Eyeng Obame","Dur\u00e9e de lecture estim\u00e9e":"7 minutes"},"schema":{"@context":"https:\/\/schema.org","@graph":[{"@type":"Article","@id":"https:\/\/gabonnouvellevision.com\/gnv\/2025\/09\/12\/crise-politique-en-france-emmanuel-macron-sur-des-charbons-ardents-par-fidel-biteghe\/#article","isPartOf":{"@id":"https:\/\/gabonnouvellevision.com\/gnv\/2025\/09\/12\/crise-politique-en-france-emmanuel-macron-sur-des-charbons-ardents-par-fidel-biteghe\/"},"author":{"name":"Eyeng Obame","@id":"https:\/\/gabonnouvellevision.com\/gnv\/#\/schema\/person\/4b48e07d222f83c0285affc3704bc899"},"headline":"Crise politique en France: Emmanuel Macron sur des charbons ardents par Fidel Biteghe","datePublished":"2025-09-12T12:10:58+00:00","dateModified":"2025-09-12T12:11:01+00:00","mainEntityOfPage":{"@id":"https:\/\/gabonnouvellevision.com\/gnv\/2025\/09\/12\/crise-politique-en-france-emmanuel-macron-sur-des-charbons-ardents-par-fidel-biteghe\/"},"wordCount":1410,"commentCount":0,"publisher":{"@id":"https:\/\/gabonnouvellevision.com\/gnv\/#organization"},"image":{"@id":"https:\/\/gabonnouvellevision.com\/gnv\/2025\/09\/12\/crise-politique-en-france-emmanuel-macron-sur-des-charbons-ardents-par-fidel-biteghe\/#primaryimage"},"thumbnailUrl":"https:\/\/gabonnouvellevision.com\/gnv\/wp-content\/uploads\/2025\/09\/546803717_1318780632976014_8705480530500575516_n.jpg","articleSection":["A la une","Actualites","Diplomatie"],"inLanguage":"fr-FR","potentialAction":[{"@type":"CommentAction","name":"Comment","target":["https:\/\/gabonnouvellevision.com\/gnv\/2025\/09\/12\/crise-politique-en-france-emmanuel-macron-sur-des-charbons-ardents-par-fidel-biteghe\/#respond"]}]},{"@type":"WebPage","@id":"https:\/\/gabonnouvellevision.com\/gnv\/2025\/09\/12\/crise-politique-en-france-emmanuel-macron-sur-des-charbons-ardents-par-fidel-biteghe\/","url":"https:\/\/gabonnouvellevision.com\/gnv\/2025\/09\/12\/crise-politique-en-france-emmanuel-macron-sur-des-charbons-ardents-par-fidel-biteghe\/","name":"Crise politique en France: Emmanuel Macron sur des charbons ardents par Fidel Biteghe - Gabon Nouvelle Vision","isPartOf":{"@id":"https:\/\/gabonnouvellevision.com\/gnv\/#website"},"primaryImageOfPage":{"@id":"https:\/\/gabonnouvellevision.com\/gnv\/2025\/09\/12\/crise-politique-en-france-emmanuel-macron-sur-des-charbons-ardents-par-fidel-biteghe\/#primaryimage"},"image":{"@id":"https:\/\/gabonnouvellevision.com\/gnv\/2025\/09\/12\/crise-politique-en-france-emmanuel-macron-sur-des-charbons-ardents-par-fidel-biteghe\/#primaryimage"},"thumbnailUrl":"https:\/\/gabonnouvellevision.com\/gnv\/wp-content\/uploads\/2025\/09\/546803717_1318780632976014_8705480530500575516_n.jpg","datePublished":"2025-09-12T12:10:58+00:00","dateModified":"2025-09-12T12:11:01+00:00","breadcrumb":{"@id":"https:\/\/gabonnouvellevision.com\/gnv\/2025\/09\/12\/crise-politique-en-france-emmanuel-macron-sur-des-charbons-ardents-par-fidel-biteghe\/#breadcrumb"},"inLanguage":"fr-FR","potentialAction":[{"@type":"ReadAction","target":["https:\/\/gabonnouvellevision.com\/gnv\/2025\/09\/12\/crise-politique-en-france-emmanuel-macron-sur-des-charbons-ardents-par-fidel-biteghe\/"]}]},{"@type":"ImageObject","inLanguage":"fr-FR","@id":"https:\/\/gabonnouvellevision.com\/gnv\/2025\/09\/12\/crise-politique-en-france-emmanuel-macron-sur-des-charbons-ardents-par-fidel-biteghe\/#primaryimage","url":"https:\/\/gabonnouvellevision.com\/gnv\/wp-content\/uploads\/2025\/09\/546803717_1318780632976014_8705480530500575516_n.jpg","contentUrl":"https:\/\/gabonnouvellevision.com\/gnv\/wp-content\/uploads\/2025\/09\/546803717_1318780632976014_8705480530500575516_n.jpg","width":600,"height":307},{"@type":"BreadcrumbList","@id":"https:\/\/gabonnouvellevision.com\/gnv\/2025\/09\/12\/crise-politique-en-france-emmanuel-macron-sur-des-charbons-ardents-par-fidel-biteghe\/#breadcrumb","itemListElement":[{"@type":"ListItem","position":1,"name":"Accueil","item":"https:\/\/gabonnouvellevision.com\/gnv\/"},{"@type":"ListItem","position":2,"name":"Crise politique en France: Emmanuel Macron sur des charbons ardents par Fidel Biteghe"}]},{"@type":"WebSite","@id":"https:\/\/gabonnouvellevision.com\/gnv\/#website","url":"https:\/\/gabonnouvellevision.com\/gnv\/","name":"Gabon Nouvelle Vision","description":"","publisher":{"@id":"https:\/\/gabonnouvellevision.com\/gnv\/#organization"},"potentialAction":[{"@type":"SearchAction","target":{"@type":"EntryPoint","urlTemplate":"https:\/\/gabonnouvellevision.com\/gnv\/?s={search_term_string}"},"query-input":{"@type":"PropertyValueSpecification","valueRequired":true,"valueName":"search_term_string"}}],"inLanguage":"fr-FR"},{"@type":"Organization","@id":"https:\/\/gabonnouvellevision.com\/gnv\/#organization","name":"Gabon Nouvelle Vision","url":"https:\/\/gabonnouvellevision.com\/gnv\/","logo":{"@type":"ImageObject","inLanguage":"fr-FR","@id":"https:\/\/gabonnouvellevision.com\/gnv\/#\/schema\/logo\/image\/","url":"https:\/\/gabonnouvellevision.com\/gnv\/wp-content\/uploads\/2025\/01\/logo-text_Plan-de-travail-1.png","contentUrl":"https:\/\/gabonnouvellevision.com\/gnv\/wp-content\/uploads\/2025\/01\/logo-text_Plan-de-travail-1.png","width":7169,"height":2390,"caption":"Gabon Nouvelle Vision"},"image":{"@id":"https:\/\/gabonnouvellevision.com\/gnv\/#\/schema\/logo\/image\/"},"sameAs":["https:\/\/www.facebook.com\/GNVofficiel"]},{"@type":"Person","@id":"https:\/\/gabonnouvellevision.com\/gnv\/#\/schema\/person\/4b48e07d222f83c0285affc3704bc899","name":"Eyeng Obame","image":{"@type":"ImageObject","inLanguage":"fr-FR","@id":"https:\/\/gabonnouvellevision.com\/gnv\/#\/schema\/person\/image\/","url":"https:\/\/secure.gravatar.com\/avatar\/167bc03b8baf3c77318a47159f80871de6f5a6cbf4bc8b6af750fbc1a369d7bf?s=96&d=mm&r=g","contentUrl":"https:\/\/secure.gravatar.com\/avatar\/167bc03b8baf3c77318a47159f80871de6f5a6cbf4bc8b6af750fbc1a369d7bf?s=96&d=mm&r=g","caption":"Eyeng Obame"},"url":"https:\/\/gabonnouvellevision.com\/gnv\/author\/rufin\/"}]}},"_links":{"self":[{"href":"https:\/\/gabonnouvellevision.com\/gnv\/wp-json\/wp\/v2\/posts\/24222","targetHints":{"allow":["GET"]}}],"collection":[{"href":"https:\/\/gabonnouvellevision.com\/gnv\/wp-json\/wp\/v2\/posts"}],"about":[{"href":"https:\/\/gabonnouvellevision.com\/gnv\/wp-json\/wp\/v2\/types\/post"}],"author":[{"embeddable":true,"href":"https:\/\/gabonnouvellevision.com\/gnv\/wp-json\/wp\/v2\/users\/7"}],"replies":[{"embeddable":true,"href":"https:\/\/gabonnouvellevision.com\/gnv\/wp-json\/wp\/v2\/comments?post=24222"}],"version-history":[{"count":1,"href":"https:\/\/gabonnouvellevision.com\/gnv\/wp-json\/wp\/v2\/posts\/24222\/revisions"}],"predecessor-version":[{"id":24224,"href":"https:\/\/gabonnouvellevision.com\/gnv\/wp-json\/wp\/v2\/posts\/24222\/revisions\/24224"}],"wp:featuredmedia":[{"embeddable":true,"href":"https:\/\/gabonnouvellevision.com\/gnv\/wp-json\/wp\/v2\/media\/24223"}],"wp:attachment":[{"href":"https:\/\/gabonnouvellevision.com\/gnv\/wp-json\/wp\/v2\/media?parent=24222"}],"wp:term":[{"taxonomy":"category","embeddable":true,"href":"https:\/\/gabonnouvellevision.com\/gnv\/wp-json\/wp\/v2\/categories?post=24222"},{"taxonomy":"post_tag","embeddable":true,"href":"https:\/\/gabonnouvellevision.com\/gnv\/wp-json\/wp\/v2\/tags?post=24222"}],"curies":[{"name":"wp","href":"https:\/\/api.w.org\/{rel}","templated":true}]}}