{"id":2422,"date":"2022-11-14T17:23:14","date_gmt":"2022-11-14T16:23:14","guid":{"rendered":"https:\/\/gabonnouvellevision.com\/?p=2422"},"modified":"2022-11-14T17:23:14","modified_gmt":"2022-11-14T16:23:14","slug":"elections-au-gabon-cest-reparti-pour-deux-tours","status":"publish","type":"post","link":"https:\/\/gabonnouvellevision.com\/gnv\/2022\/11\/14\/elections-au-gabon-cest-reparti-pour-deux-tours\/","title":{"rendered":"\u00c9lections au Gabon\u00a0: c\u2019est reparti pour deux tours !"},"content":{"rendered":"\n<p><strong>Avec la pr\u00e9sidentielle, puis les l\u00e9gislatives et les locales, toutes pr\u00e9vues au second semestre de 2023, le pays entre clairement en pr\u00e9-campagne. Jeune Afrique fait le point de la m\u00e9t\u00e9o politique gabonaise avant l\u2019\u00e9ch\u00e9ance.<\/strong><\/p>\n\n\n\n<p>Ils ne pensent qu\u2019\u00e0 \u00e7a. Alors qu\u2019elle ne devrait se tenir que dans dix mois, en ao\u00fbt 2023, l\u2019\u00e9lection pr\u00e9sidentielle \u00e9clipse d\u00e9j\u00e0 tous les autres grands sujets de politique int\u00e9rieure. On dirait m\u00eame que,&nbsp;<a href=\"https:\/\/www.jeuneafrique.com\/353247\/politique\/live-presidentielle-gabon-lunion-europeenne-demande-publication-resultats-bureau-de-vote\/\">sit\u00f4t proclam\u00e9s les r\u00e9sultats de la derni\u00e8re \u00e9lection pr\u00e9sidentielle<\/a>, en 2016, les adversaires du pr\u00e9sident gabonais \u00e9taient repartis en campagne en qu\u00eate&nbsp;de&nbsp;revanche. Le vainqueur, s\u2019il en avait eu les moyens, aurait tout de suite referm\u00e9 la parenth\u00e8se \u00e9lectorale pour remettre les Gabonais au travail et, ainsi, r\u00e9aliser ses promesses.<\/p>\n\n\n\n<p>Mise sous tension par le sc\u00e9nario du vote, la rue en a d\u00e9cid\u00e9 autrement. Ali Bongo Ondimba (ABO) a d\u00fb faire face \u00e0 une violente contestation. Pas question pour ses adversaires d\u2019attendre la fin du bail. Arriv\u00e9 en deuxi\u00e8me position \u00e0 l\u2019issue du scrutin,&nbsp;<a href=\"https:\/\/www.jeuneafrique.com\/1226562\/politique\/gabon-a-trop-ressasser-2016-jean-ping-va-t-il-manquer-2023\/\">Jean Ping n\u2019a jamais reconnu l\u2019\u00e9lection de son concurrent<\/a>. La coalition de l\u2019opposition ayant vol\u00e9 en \u00e9clats, ils ont \u00e9t\u00e9 nombreux \u00e0 nourrir de nouvelles ambitions.<\/p>\n","protected":false},"excerpt":{"rendered":"<p>Avec la pr\u00e9sidentielle, puis les l\u00e9gislatives et les locales, toutes pr\u00e9vues au second semestre de 2023, le pays entre clairement en pr\u00e9-campagne. Jeune Afrique fait le point de la m\u00e9t\u00e9o politique gabonaise avant l\u2019\u00e9ch\u00e9ance. Ils ne pensent qu\u2019\u00e0 \u00e7a. Alors qu\u2019elle ne devrait se tenir que dans dix mois, en ao\u00fbt 2023, l\u2019\u00e9lection pr\u00e9sidentielle \u00e9clipse [&hellip;]<\/p>\n","protected":false},"author":3,"featured_media":2424,"comment_status":"open","ping_status":"open","sticky":false,"template":"","format":"standard","meta":{"footnotes":""},"categories":[59],"tags":[],"class_list":["post-2422","post","type-post","status-publish","format-standard","has-post-thumbnail","hentry","category-politique"],"yoast_head":"<!-- This site is optimized with the Yoast SEO plugin v24.2 - https:\/\/yoast.com\/wordpress\/plugins\/seo\/ -->\n<title>\u00c9lections au Gabon\u00a0: c\u2019est reparti pour deux tours ! - Gabon Nouvelle Vision<\/title>\n<meta name=\"robots\" content=\"index, follow, max-snippet:-1, max-image-preview:large, max-video-preview:-1\" \/>\n<link rel=\"canonical\" href=\"https:\/\/gabonnouvellevision.com\/gnv\/2022\/11\/14\/elections-au-gabon-cest-reparti-pour-deux-tours\/\" \/>\n<meta property=\"og:locale\" content=\"fr_FR\" \/>\n<meta property=\"og:type\" content=\"article\" \/>\n<meta property=\"og:title\" content=\"\u00c9lections au Gabon\u00a0: c\u2019est reparti pour deux tours ! - Gabon Nouvelle Vision\" \/>\n<meta property=\"og:description\" content=\"Avec la pr\u00e9sidentielle, puis les l\u00e9gislatives et les locales, toutes pr\u00e9vues au second semestre de 2023, le pays entre clairement en pr\u00e9-campagne. Jeune Afrique fait le point de la m\u00e9t\u00e9o politique gabonaise avant l\u2019\u00e9ch\u00e9ance. Ils ne pensent qu\u2019\u00e0 \u00e7a. Alors qu\u2019elle ne devrait se tenir que dans dix mois, en ao\u00fbt 2023, l\u2019\u00e9lection pr\u00e9sidentielle \u00e9clipse [&hellip;]\" \/>\n<meta property=\"og:url\" content=\"https:\/\/gabonnouvellevision.com\/gnv\/2022\/11\/14\/elections-au-gabon-cest-reparti-pour-deux-tours\/\" \/>\n<meta property=\"og:site_name\" content=\"Gabon Nouvelle Vision\" \/>\n<meta property=\"article:publisher\" content=\"https:\/\/www.facebook.com\/GNVofficiel\" \/>\n<meta property=\"article:published_time\" content=\"2022-11-14T16:23:14+00:00\" \/>\n<meta name=\"author\" content=\"Rex Communication\" \/>\n<meta name=\"twitter:card\" content=\"summary_large_image\" \/>\n<meta name=\"twitter:label1\" content=\"\u00c9crit par\" \/>\n\t<meta name=\"twitter:data1\" content=\"Rex Communication\" \/>\n\t<meta name=\"twitter:label2\" content=\"Dur\u00e9e de lecture estim\u00e9e\" \/>\n\t<meta name=\"twitter:data2\" content=\"1 minute\" \/>\n<script type=\"application\/ld+json\" class=\"yoast-schema-graph\">{\"@context\":\"https:\/\/schema.org\",\"@graph\":[{\"@type\":\"Article\",\"@id\":\"https:\/\/gabonnouvellevision.com\/gnv\/2022\/11\/14\/elections-au-gabon-cest-reparti-pour-deux-tours\/#article\",\"isPartOf\":{\"@id\":\"https:\/\/gabonnouvellevision.com\/gnv\/2022\/11\/14\/elections-au-gabon-cest-reparti-pour-deux-tours\/\"},\"author\":{\"name\":\"Rex Communication\",\"@id\":\"https:\/\/gabonnouvellevision.com\/gnv\/#\/schema\/person\/44e1d290fa4ef4b08ea18b5798d0f97f\"},\"headline\":\"\u00c9lections au Gabon\u00a0: c\u2019est reparti pour deux tours !\",\"datePublished\":\"2022-11-14T16:23:14+00:00\",\"dateModified\":\"2022-11-14T16:23:14+00:00\",\"mainEntityOfPage\":{\"@id\":\"https:\/\/gabonnouvellevision.com\/gnv\/2022\/11\/14\/elections-au-gabon-cest-reparti-pour-deux-tours\/\"},\"wordCount\":229,\"commentCount\":0,\"publisher\":{\"@id\":\"https:\/\/gabonnouvellevision.com\/gnv\/#organization\"},\"image\":{\"@id\":\"https:\/\/gabonnouvellevision.com\/gnv\/2022\/11\/14\/elections-au-gabon-cest-reparti-pour-deux-tours\/#primaryimage\"},\"thumbnailUrl\":\"\",\"articleSection\":[\"Politique\"],\"inLanguage\":\"fr-FR\",\"potentialAction\":[{\"@type\":\"CommentAction\",\"name\":\"Comment\",\"target\":[\"https:\/\/gabonnouvellevision.com\/gnv\/2022\/11\/14\/elections-au-gabon-cest-reparti-pour-deux-tours\/#respond\"]}]},{\"@type\":\"WebPage\",\"@id\":\"https:\/\/gabonnouvellevision.com\/gnv\/2022\/11\/14\/elections-au-gabon-cest-reparti-pour-deux-tours\/\",\"url\":\"https:\/\/gabonnouvellevision.com\/gnv\/2022\/11\/14\/elections-au-gabon-cest-reparti-pour-deux-tours\/\",\"name\":\"\u00c9lections au Gabon\u00a0: c\u2019est reparti pour deux tours ! - Gabon Nouvelle Vision\",\"isPartOf\":{\"@id\":\"https:\/\/gabonnouvellevision.com\/gnv\/#website\"},\"primaryImageOfPage\":{\"@id\":\"https:\/\/gabonnouvellevision.com\/gnv\/2022\/11\/14\/elections-au-gabon-cest-reparti-pour-deux-tours\/#primaryimage\"},\"image\":{\"@id\":\"https:\/\/gabonnouvellevision.com\/gnv\/2022\/11\/14\/elections-au-gabon-cest-reparti-pour-deux-tours\/#primaryimage\"},\"thumbnailUrl\":\"\",\"datePublished\":\"2022-11-14T16:23:14+00:00\",\"dateModified\":\"2022-11-14T16:23:14+00:00\",\"breadcrumb\":{\"@id\":\"https:\/\/gabonnouvellevision.com\/gnv\/2022\/11\/14\/elections-au-gabon-cest-reparti-pour-deux-tours\/#breadcrumb\"},\"inLanguage\":\"fr-FR\",\"potentialAction\":[{\"@type\":\"ReadAction\",\"target\":[\"https:\/\/gabonnouvellevision.com\/gnv\/2022\/11\/14\/elections-au-gabon-cest-reparti-pour-deux-tours\/\"]}]},{\"@type\":\"ImageObject\",\"inLanguage\":\"fr-FR\",\"@id\":\"https:\/\/gabonnouvellevision.com\/gnv\/2022\/11\/14\/elections-au-gabon-cest-reparti-pour-deux-tours\/#primaryimage\",\"url\":\"\",\"contentUrl\":\"\"},{\"@type\":\"BreadcrumbList\",\"@id\":\"https:\/\/gabonnouvellevision.com\/gnv\/2022\/11\/14\/elections-au-gabon-cest-reparti-pour-deux-tours\/#breadcrumb\",\"itemListElement\":[{\"@type\":\"ListItem\",\"position\":1,\"name\":\"Accueil\",\"item\":\"https:\/\/gabonnouvellevision.com\/gnv\/\"},{\"@type\":\"ListItem\",\"position\":2,\"name\":\"\u00c9lections au Gabon\u00a0: c\u2019est reparti pour deux tours !\"}]},{\"@type\":\"WebSite\",\"@id\":\"https:\/\/gabonnouvellevision.com\/gnv\/#website\",\"url\":\"https:\/\/gabonnouvellevision.com\/gnv\/\",\"name\":\"Gabon Nouvelle Vision\",\"description\":\"\",\"publisher\":{\"@id\":\"https:\/\/gabonnouvellevision.com\/gnv\/#organization\"},\"potentialAction\":[{\"@type\":\"SearchAction\",\"target\":{\"@type\":\"EntryPoint\",\"urlTemplate\":\"https:\/\/gabonnouvellevision.com\/gnv\/?s={search_term_string}\"},\"query-input\":{\"@type\":\"PropertyValueSpecification\",\"valueRequired\":true,\"valueName\":\"search_term_string\"}}],\"inLanguage\":\"fr-FR\"},{\"@type\":\"Organization\",\"@id\":\"https:\/\/gabonnouvellevision.com\/gnv\/#organization\",\"name\":\"Gabon Nouvelle Vision\",\"url\":\"https:\/\/gabonnouvellevision.com\/gnv\/\",\"logo\":{\"@type\":\"ImageObject\",\"inLanguage\":\"fr-FR\",\"@id\":\"https:\/\/gabonnouvellevision.com\/gnv\/#\/schema\/logo\/image\/\",\"url\":\"https:\/\/gabonnouvellevision.com\/gnv\/wp-content\/uploads\/2025\/01\/logo-text_Plan-de-travail-1.png\",\"contentUrl\":\"https:\/\/gabonnouvellevision.com\/gnv\/wp-content\/uploads\/2025\/01\/logo-text_Plan-de-travail-1.png\",\"width\":7169,\"height\":2390,\"caption\":\"Gabon Nouvelle Vision\"},\"image\":{\"@id\":\"https:\/\/gabonnouvellevision.com\/gnv\/#\/schema\/logo\/image\/\"},\"sameAs\":[\"https:\/\/www.facebook.com\/GNVofficiel\"]},{\"@type\":\"Person\",\"@id\":\"https:\/\/gabonnouvellevision.com\/gnv\/#\/schema\/person\/44e1d290fa4ef4b08ea18b5798d0f97f\",\"name\":\"Rex Communication\",\"image\":{\"@type\":\"ImageObject\",\"inLanguage\":\"fr-FR\",\"@id\":\"https:\/\/gabonnouvellevision.com\/gnv\/#\/schema\/person\/image\/\",\"url\":\"https:\/\/secure.gravatar.com\/avatar\/bb34f83e4c4e8ecbde60062fb09014459ee26f4bbea0de5f3e5642868b326627?s=96&d=mm&r=g\",\"contentUrl\":\"https:\/\/secure.gravatar.com\/avatar\/bb34f83e4c4e8ecbde60062fb09014459ee26f4bbea0de5f3e5642868b326627?s=96&d=mm&r=g\",\"caption\":\"Rex Communication\"},\"url\":\"https:\/\/gabonnouvellevision.com\/gnv\/author\/admm-rexcommunication-com\/\"}]}<\/script>\n<!-- \/ Yoast SEO plugin. -->","yoast_head_json":{"title":"\u00c9lections au Gabon\u00a0: c\u2019est reparti pour deux tours ! - Gabon Nouvelle Vision","robots":{"index":"index","follow":"follow","max-snippet":"max-snippet:-1","max-image-preview":"max-image-preview:large","max-video-preview":"max-video-preview:-1"},"canonical":"https:\/\/gabonnouvellevision.com\/gnv\/2022\/11\/14\/elections-au-gabon-cest-reparti-pour-deux-tours\/","og_locale":"fr_FR","og_type":"article","og_title":"\u00c9lections au Gabon\u00a0: c\u2019est reparti pour deux tours ! - Gabon Nouvelle Vision","og_description":"Avec la pr\u00e9sidentielle, puis les l\u00e9gislatives et les locales, toutes pr\u00e9vues au second semestre de 2023, le pays entre clairement en pr\u00e9-campagne. Jeune Afrique fait le point de la m\u00e9t\u00e9o politique gabonaise avant l\u2019\u00e9ch\u00e9ance. Ils ne pensent qu\u2019\u00e0 \u00e7a. Alors qu\u2019elle ne devrait se tenir que dans dix mois, en ao\u00fbt 2023, l\u2019\u00e9lection pr\u00e9sidentielle \u00e9clipse [&hellip;]","og_url":"https:\/\/gabonnouvellevision.com\/gnv\/2022\/11\/14\/elections-au-gabon-cest-reparti-pour-deux-tours\/","og_site_name":"Gabon Nouvelle Vision","article_publisher":"https:\/\/www.facebook.com\/GNVofficiel","article_published_time":"2022-11-14T16:23:14+00:00","author":"Rex Communication","twitter_card":"summary_large_image","twitter_misc":{"\u00c9crit par":"Rex Communication","Dur\u00e9e de lecture estim\u00e9e":"1 minute"},"schema":{"@context":"https:\/\/schema.org","@graph":[{"@type":"Article","@id":"https:\/\/gabonnouvellevision.com\/gnv\/2022\/11\/14\/elections-au-gabon-cest-reparti-pour-deux-tours\/#article","isPartOf":{"@id":"https:\/\/gabonnouvellevision.com\/gnv\/2022\/11\/14\/elections-au-gabon-cest-reparti-pour-deux-tours\/"},"author":{"name":"Rex Communication","@id":"https:\/\/gabonnouvellevision.com\/gnv\/#\/schema\/person\/44e1d290fa4ef4b08ea18b5798d0f97f"},"headline":"\u00c9lections au Gabon\u00a0: c\u2019est reparti pour deux tours !","datePublished":"2022-11-14T16:23:14+00:00","dateModified":"2022-11-14T16:23:14+00:00","mainEntityOfPage":{"@id":"https:\/\/gabonnouvellevision.com\/gnv\/2022\/11\/14\/elections-au-gabon-cest-reparti-pour-deux-tours\/"},"wordCount":229,"commentCount":0,"publisher":{"@id":"https:\/\/gabonnouvellevision.com\/gnv\/#organization"},"image":{"@id":"https:\/\/gabonnouvellevision.com\/gnv\/2022\/11\/14\/elections-au-gabon-cest-reparti-pour-deux-tours\/#primaryimage"},"thumbnailUrl":"","articleSection":["Politique"],"inLanguage":"fr-FR","potentialAction":[{"@type":"CommentAction","name":"Comment","target":["https:\/\/gabonnouvellevision.com\/gnv\/2022\/11\/14\/elections-au-gabon-cest-reparti-pour-deux-tours\/#respond"]}]},{"@type":"WebPage","@id":"https:\/\/gabonnouvellevision.com\/gnv\/2022\/11\/14\/elections-au-gabon-cest-reparti-pour-deux-tours\/","url":"https:\/\/gabonnouvellevision.com\/gnv\/2022\/11\/14\/elections-au-gabon-cest-reparti-pour-deux-tours\/","name":"\u00c9lections au Gabon\u00a0: c\u2019est reparti pour deux tours ! - Gabon Nouvelle Vision","isPartOf":{"@id":"https:\/\/gabonnouvellevision.com\/gnv\/#website"},"primaryImageOfPage":{"@id":"https:\/\/gabonnouvellevision.com\/gnv\/2022\/11\/14\/elections-au-gabon-cest-reparti-pour-deux-tours\/#primaryimage"},"image":{"@id":"https:\/\/gabonnouvellevision.com\/gnv\/2022\/11\/14\/elections-au-gabon-cest-reparti-pour-deux-tours\/#primaryimage"},"thumbnailUrl":"","datePublished":"2022-11-14T16:23:14+00:00","dateModified":"2022-11-14T16:23:14+00:00","breadcrumb":{"@id":"https:\/\/gabonnouvellevision.com\/gnv\/2022\/11\/14\/elections-au-gabon-cest-reparti-pour-deux-tours\/#breadcrumb"},"inLanguage":"fr-FR","potentialAction":[{"@type":"ReadAction","target":["https:\/\/gabonnouvellevision.com\/gnv\/2022\/11\/14\/elections-au-gabon-cest-reparti-pour-deux-tours\/"]}]},{"@type":"ImageObject","inLanguage":"fr-FR","@id":"https:\/\/gabonnouvellevision.com\/gnv\/2022\/11\/14\/elections-au-gabon-cest-reparti-pour-deux-tours\/#primaryimage","url":"","contentUrl":""},{"@type":"BreadcrumbList","@id":"https:\/\/gabonnouvellevision.com\/gnv\/2022\/11\/14\/elections-au-gabon-cest-reparti-pour-deux-tours\/#breadcrumb","itemListElement":[{"@type":"ListItem","position":1,"name":"Accueil","item":"https:\/\/gabonnouvellevision.com\/gnv\/"},{"@type":"ListItem","position":2,"name":"\u00c9lections au Gabon\u00a0: c\u2019est reparti pour deux tours !"}]},{"@type":"WebSite","@id":"https:\/\/gabonnouvellevision.com\/gnv\/#website","url":"https:\/\/gabonnouvellevision.com\/gnv\/","name":"Gabon Nouvelle Vision","description":"","publisher":{"@id":"https:\/\/gabonnouvellevision.com\/gnv\/#organization"},"potentialAction":[{"@type":"SearchAction","target":{"@type":"EntryPoint","urlTemplate":"https:\/\/gabonnouvellevision.com\/gnv\/?s={search_term_string}"},"query-input":{"@type":"PropertyValueSpecification","valueRequired":true,"valueName":"search_term_string"}}],"inLanguage":"fr-FR"},{"@type":"Organization","@id":"https:\/\/gabonnouvellevision.com\/gnv\/#organization","name":"Gabon Nouvelle Vision","url":"https:\/\/gabonnouvellevision.com\/gnv\/","logo":{"@type":"ImageObject","inLanguage":"fr-FR","@id":"https:\/\/gabonnouvellevision.com\/gnv\/#\/schema\/logo\/image\/","url":"https:\/\/gabonnouvellevision.com\/gnv\/wp-content\/uploads\/2025\/01\/logo-text_Plan-de-travail-1.png","contentUrl":"https:\/\/gabonnouvellevision.com\/gnv\/wp-content\/uploads\/2025\/01\/logo-text_Plan-de-travail-1.png","width":7169,"height":2390,"caption":"Gabon Nouvelle Vision"},"image":{"@id":"https:\/\/gabonnouvellevision.com\/gnv\/#\/schema\/logo\/image\/"},"sameAs":["https:\/\/www.facebook.com\/GNVofficiel"]},{"@type":"Person","@id":"https:\/\/gabonnouvellevision.com\/gnv\/#\/schema\/person\/44e1d290fa4ef4b08ea18b5798d0f97f","name":"Rex Communication","image":{"@type":"ImageObject","inLanguage":"fr-FR","@id":"https:\/\/gabonnouvellevision.com\/gnv\/#\/schema\/person\/image\/","url":"https:\/\/secure.gravatar.com\/avatar\/bb34f83e4c4e8ecbde60062fb09014459ee26f4bbea0de5f3e5642868b326627?s=96&d=mm&r=g","contentUrl":"https:\/\/secure.gravatar.com\/avatar\/bb34f83e4c4e8ecbde60062fb09014459ee26f4bbea0de5f3e5642868b326627?s=96&d=mm&r=g","caption":"Rex Communication"},"url":"https:\/\/gabonnouvellevision.com\/gnv\/author\/admm-rexcommunication-com\/"}]}},"_links":{"self":[{"href":"https:\/\/gabonnouvellevision.com\/gnv\/wp-json\/wp\/v2\/posts\/2422","targetHints":{"allow":["GET"]}}],"collection":[{"href":"https:\/\/gabonnouvellevision.com\/gnv\/wp-json\/wp\/v2\/posts"}],"about":[{"href":"https:\/\/gabonnouvellevision.com\/gnv\/wp-json\/wp\/v2\/types\/post"}],"author":[{"embeddable":true,"href":"https:\/\/gabonnouvellevision.com\/gnv\/wp-json\/wp\/v2\/users\/3"}],"replies":[{"embeddable":true,"href":"https:\/\/gabonnouvellevision.com\/gnv\/wp-json\/wp\/v2\/comments?post=2422"}],"version-history":[{"count":0,"href":"https:\/\/gabonnouvellevision.com\/gnv\/wp-json\/wp\/v2\/posts\/2422\/revisions"}],"wp:featuredmedia":[{"embeddable":true,"href":"https:\/\/gabonnouvellevision.com\/gnv\/wp-json\/"}],"wp:attachment":[{"href":"https:\/\/gabonnouvellevision.com\/gnv\/wp-json\/wp\/v2\/media?parent=2422"}],"wp:term":[{"taxonomy":"category","embeddable":true,"href":"https:\/\/gabonnouvellevision.com\/gnv\/wp-json\/wp\/v2\/categories?post=2422"},{"taxonomy":"post_tag","embeddable":true,"href":"https:\/\/gabonnouvellevision.com\/gnv\/wp-json\/wp\/v2\/tags?post=2422"}],"curies":[{"name":"wp","href":"https:\/\/api.w.org\/{rel}","templated":true}]}}