{"id":24219,"date":"2025-09-11T10:31:41","date_gmt":"2025-09-11T08:31:41","guid":{"rendered":"https:\/\/gabonnouvellevision.com\/gnv\/?p=24219"},"modified":"2025-09-11T10:31:43","modified_gmt":"2025-09-11T08:31:43","slug":"les-chefs-detat-de-la-cemac-a-bangui","status":"publish","type":"post","link":"https:\/\/gabonnouvellevision.com\/gnv\/2025\/09\/11\/les-chefs-detat-de-la-cemac-a-bangui\/","title":{"rendered":"Les Chefs d\u2019Etat de la CEMAC \u00e0 Bangui"},"content":{"rendered":"\n<p><strong>16<sup>\u00e8me<\/sup> session des Chefs d\u2019Etat de la CEMAC \u00e0 Bangui<\/strong>. Com. Pr\u00e9sidentielle<\/p>\n\n\n\n<p><strong><em>Le Pr\u00e9sident de la R\u00e9publique, a pris part hier \u00e0 Bangui, \u00e0 la 16\u1d49 session ordinaire de la Conf\u00e9rence des Chefs d\u2019\u00c9tat de la CEMAC, plac\u00e9e sous le th\u00e8me :<\/em><\/strong><\/p>\n\n\n\n<p><strong><em>\u00ab Ensemble pour une int\u00e9gration r\u00e9gionale dynamique et \u00e9mergente \u00bb.<\/em><\/strong><\/p>\n\n\n\n<p>Cette session de haut niveau a permis d\u2019\u00e9changer sur des enjeux majeurs tels que l\u2019int\u00e9gration r\u00e9gionale, la gouvernance \u00e9conomique transparente et le renforcement de la coop\u00e9ration entre les \u00c9tats membres.<\/p>\n\n\n\n<p>Elle a \u00e9galement \u00e9t\u00e9 marqu\u00e9e par la passation de la pr\u00e9sidence tournante de la CEMAC entre la R\u00e9publique Centrafricaine et la R\u00e9publique du Congo, symbole de la continuit\u00e9 institutionnelle et de la solidarit\u00e9 r\u00e9gionale.<\/p>\n\n\n\n<p>Une \u00e9tape d\u00e9cisive pour b\u00e2tir une Afrique centrale plus unie, r\u00e9siliente et prosp\u00e8re.<\/p>\n\n\n\n<p>Sandrine Eyeng Obame<\/p>\n\n\n\n<p><strong>Source: Communication Pr\u00e9sidentielle<\/strong><\/p>\n","protected":false},"excerpt":{"rendered":"<p>16\u00e8me session des Chefs d\u2019Etat de la CEMAC \u00e0 Bangui. Com. Pr\u00e9sidentielle Le Pr\u00e9sident de la R\u00e9publique, a pris part hier \u00e0 Bangui, \u00e0 la 16\u1d49 session ordinaire de la Conf\u00e9rence des Chefs d\u2019\u00c9tat de la CEMAC, plac\u00e9e sous le th\u00e8me : \u00ab Ensemble pour une int\u00e9gration r\u00e9gionale dynamique et \u00e9mergente \u00bb. Cette session de [&hellip;]<\/p>\n","protected":false},"author":7,"featured_media":24220,"comment_status":"open","ping_status":"open","sticky":false,"template":"","format":"standard","meta":{"footnotes":""},"categories":[57,55,66],"tags":[],"class_list":["post-24219","post","type-post","status-publish","format-standard","has-post-thumbnail","hentry","category-a-la-une","category-actualites","category-diplomatie"],"yoast_head":"<!-- This site is optimized with the Yoast SEO plugin v24.2 - https:\/\/yoast.com\/wordpress\/plugins\/seo\/ -->\n<title>Les Chefs d\u2019Etat de la CEMAC \u00e0 Bangui - Gabon Nouvelle Vision<\/title>\n<meta name=\"robots\" content=\"index, follow, max-snippet:-1, max-image-preview:large, max-video-preview:-1\" \/>\n<link rel=\"canonical\" href=\"https:\/\/gabonnouvellevision.com\/gnv\/2025\/09\/11\/les-chefs-detat-de-la-cemac-a-bangui\/\" \/>\n<meta property=\"og:locale\" content=\"fr_FR\" \/>\n<meta property=\"og:type\" content=\"article\" \/>\n<meta property=\"og:title\" content=\"Les Chefs d\u2019Etat de la CEMAC \u00e0 Bangui - Gabon Nouvelle Vision\" \/>\n<meta property=\"og:description\" content=\"16\u00e8me session des Chefs d\u2019Etat de la CEMAC \u00e0 Bangui. Com. Pr\u00e9sidentielle Le Pr\u00e9sident de la R\u00e9publique, a pris part hier \u00e0 Bangui, \u00e0 la 16\u1d49 session ordinaire de la Conf\u00e9rence des Chefs d\u2019\u00c9tat de la CEMAC, plac\u00e9e sous le th\u00e8me : \u00ab Ensemble pour une int\u00e9gration r\u00e9gionale dynamique et \u00e9mergente \u00bb. Cette session de [&hellip;]\" \/>\n<meta property=\"og:url\" content=\"https:\/\/gabonnouvellevision.com\/gnv\/2025\/09\/11\/les-chefs-detat-de-la-cemac-a-bangui\/\" \/>\n<meta property=\"og:site_name\" content=\"Gabon Nouvelle Vision\" \/>\n<meta property=\"article:publisher\" content=\"https:\/\/www.facebook.com\/GNVofficiel\" \/>\n<meta property=\"article:published_time\" content=\"2025-09-11T08:31:41+00:00\" \/>\n<meta property=\"article:modified_time\" content=\"2025-09-11T08:31:43+00:00\" \/>\n<meta property=\"og:image\" content=\"https:\/\/gabonnouvellevision.com\/gnv\/wp-content\/uploads\/2025\/09\/546403391_122273035700025336_2084924333513847541_n.jpg\" \/>\n\t<meta property=\"og:image:width\" content=\"989\" \/>\n\t<meta property=\"og:image:height\" content=\"596\" \/>\n\t<meta property=\"og:image:type\" content=\"image\/jpeg\" \/>\n<meta name=\"author\" content=\"Eyeng Obame\" \/>\n<meta name=\"twitter:card\" content=\"summary_large_image\" \/>\n<meta name=\"twitter:label1\" content=\"\u00c9crit par\" \/>\n\t<meta name=\"twitter:data1\" content=\"Eyeng Obame\" \/>\n\t<meta name=\"twitter:label2\" content=\"Dur\u00e9e de lecture estim\u00e9e\" \/>\n\t<meta name=\"twitter:data2\" content=\"1 minute\" \/>\n<script type=\"application\/ld+json\" class=\"yoast-schema-graph\">{\"@context\":\"https:\/\/schema.org\",\"@graph\":[{\"@type\":\"Article\",\"@id\":\"https:\/\/gabonnouvellevision.com\/gnv\/2025\/09\/11\/les-chefs-detat-de-la-cemac-a-bangui\/#article\",\"isPartOf\":{\"@id\":\"https:\/\/gabonnouvellevision.com\/gnv\/2025\/09\/11\/les-chefs-detat-de-la-cemac-a-bangui\/\"},\"author\":{\"name\":\"Eyeng Obame\",\"@id\":\"https:\/\/gabonnouvellevision.com\/gnv\/#\/schema\/person\/4b48e07d222f83c0285affc3704bc899\"},\"headline\":\"Les Chefs d\u2019Etat de la CEMAC \u00e0 Bangui\",\"datePublished\":\"2025-09-11T08:31:41+00:00\",\"dateModified\":\"2025-09-11T08:31:43+00:00\",\"mainEntityOfPage\":{\"@id\":\"https:\/\/gabonnouvellevision.com\/gnv\/2025\/09\/11\/les-chefs-detat-de-la-cemac-a-bangui\/\"},\"wordCount\":161,\"commentCount\":0,\"publisher\":{\"@id\":\"https:\/\/gabonnouvellevision.com\/gnv\/#organization\"},\"image\":{\"@id\":\"https:\/\/gabonnouvellevision.com\/gnv\/2025\/09\/11\/les-chefs-detat-de-la-cemac-a-bangui\/#primaryimage\"},\"thumbnailUrl\":\"https:\/\/gabonnouvellevision.com\/gnv\/wp-content\/uploads\/2025\/09\/546403391_122273035700025336_2084924333513847541_n.jpg\",\"articleSection\":[\"A la une\",\"Actualites\",\"Diplomatie\"],\"inLanguage\":\"fr-FR\",\"potentialAction\":[{\"@type\":\"CommentAction\",\"name\":\"Comment\",\"target\":[\"https:\/\/gabonnouvellevision.com\/gnv\/2025\/09\/11\/les-chefs-detat-de-la-cemac-a-bangui\/#respond\"]}]},{\"@type\":\"WebPage\",\"@id\":\"https:\/\/gabonnouvellevision.com\/gnv\/2025\/09\/11\/les-chefs-detat-de-la-cemac-a-bangui\/\",\"url\":\"https:\/\/gabonnouvellevision.com\/gnv\/2025\/09\/11\/les-chefs-detat-de-la-cemac-a-bangui\/\",\"name\":\"Les Chefs d\u2019Etat de la CEMAC \u00e0 Bangui - Gabon Nouvelle Vision\",\"isPartOf\":{\"@id\":\"https:\/\/gabonnouvellevision.com\/gnv\/#website\"},\"primaryImageOfPage\":{\"@id\":\"https:\/\/gabonnouvellevision.com\/gnv\/2025\/09\/11\/les-chefs-detat-de-la-cemac-a-bangui\/#primaryimage\"},\"image\":{\"@id\":\"https:\/\/gabonnouvellevision.com\/gnv\/2025\/09\/11\/les-chefs-detat-de-la-cemac-a-bangui\/#primaryimage\"},\"thumbnailUrl\":\"https:\/\/gabonnouvellevision.com\/gnv\/wp-content\/uploads\/2025\/09\/546403391_122273035700025336_2084924333513847541_n.jpg\",\"datePublished\":\"2025-09-11T08:31:41+00:00\",\"dateModified\":\"2025-09-11T08:31:43+00:00\",\"breadcrumb\":{\"@id\":\"https:\/\/gabonnouvellevision.com\/gnv\/2025\/09\/11\/les-chefs-detat-de-la-cemac-a-bangui\/#breadcrumb\"},\"inLanguage\":\"fr-FR\",\"potentialAction\":[{\"@type\":\"ReadAction\",\"target\":[\"https:\/\/gabonnouvellevision.com\/gnv\/2025\/09\/11\/les-chefs-detat-de-la-cemac-a-bangui\/\"]}]},{\"@type\":\"ImageObject\",\"inLanguage\":\"fr-FR\",\"@id\":\"https:\/\/gabonnouvellevision.com\/gnv\/2025\/09\/11\/les-chefs-detat-de-la-cemac-a-bangui\/#primaryimage\",\"url\":\"https:\/\/gabonnouvellevision.com\/gnv\/wp-content\/uploads\/2025\/09\/546403391_122273035700025336_2084924333513847541_n.jpg\",\"contentUrl\":\"https:\/\/gabonnouvellevision.com\/gnv\/wp-content\/uploads\/2025\/09\/546403391_122273035700025336_2084924333513847541_n.jpg\",\"width\":989,\"height\":596},{\"@type\":\"BreadcrumbList\",\"@id\":\"https:\/\/gabonnouvellevision.com\/gnv\/2025\/09\/11\/les-chefs-detat-de-la-cemac-a-bangui\/#breadcrumb\",\"itemListElement\":[{\"@type\":\"ListItem\",\"position\":1,\"name\":\"Accueil\",\"item\":\"https:\/\/gabonnouvellevision.com\/gnv\/\"},{\"@type\":\"ListItem\",\"position\":2,\"name\":\"Les Chefs d\u2019Etat de la CEMAC \u00e0 Bangui\"}]},{\"@type\":\"WebSite\",\"@id\":\"https:\/\/gabonnouvellevision.com\/gnv\/#website\",\"url\":\"https:\/\/gabonnouvellevision.com\/gnv\/\",\"name\":\"Gabon Nouvelle Vision\",\"description\":\"\",\"publisher\":{\"@id\":\"https:\/\/gabonnouvellevision.com\/gnv\/#organization\"},\"potentialAction\":[{\"@type\":\"SearchAction\",\"target\":{\"@type\":\"EntryPoint\",\"urlTemplate\":\"https:\/\/gabonnouvellevision.com\/gnv\/?s={search_term_string}\"},\"query-input\":{\"@type\":\"PropertyValueSpecification\",\"valueRequired\":true,\"valueName\":\"search_term_string\"}}],\"inLanguage\":\"fr-FR\"},{\"@type\":\"Organization\",\"@id\":\"https:\/\/gabonnouvellevision.com\/gnv\/#organization\",\"name\":\"Gabon Nouvelle Vision\",\"url\":\"https:\/\/gabonnouvellevision.com\/gnv\/\",\"logo\":{\"@type\":\"ImageObject\",\"inLanguage\":\"fr-FR\",\"@id\":\"https:\/\/gabonnouvellevision.com\/gnv\/#\/schema\/logo\/image\/\",\"url\":\"https:\/\/gabonnouvellevision.com\/gnv\/wp-content\/uploads\/2025\/01\/logo-text_Plan-de-travail-1.png\",\"contentUrl\":\"https:\/\/gabonnouvellevision.com\/gnv\/wp-content\/uploads\/2025\/01\/logo-text_Plan-de-travail-1.png\",\"width\":7169,\"height\":2390,\"caption\":\"Gabon Nouvelle Vision\"},\"image\":{\"@id\":\"https:\/\/gabonnouvellevision.com\/gnv\/#\/schema\/logo\/image\/\"},\"sameAs\":[\"https:\/\/www.facebook.com\/GNVofficiel\"]},{\"@type\":\"Person\",\"@id\":\"https:\/\/gabonnouvellevision.com\/gnv\/#\/schema\/person\/4b48e07d222f83c0285affc3704bc899\",\"name\":\"Eyeng Obame\",\"image\":{\"@type\":\"ImageObject\",\"inLanguage\":\"fr-FR\",\"@id\":\"https:\/\/gabonnouvellevision.com\/gnv\/#\/schema\/person\/image\/\",\"url\":\"https:\/\/secure.gravatar.com\/avatar\/167bc03b8baf3c77318a47159f80871de6f5a6cbf4bc8b6af750fbc1a369d7bf?s=96&d=mm&r=g\",\"contentUrl\":\"https:\/\/secure.gravatar.com\/avatar\/167bc03b8baf3c77318a47159f80871de6f5a6cbf4bc8b6af750fbc1a369d7bf?s=96&d=mm&r=g\",\"caption\":\"Eyeng Obame\"},\"url\":\"https:\/\/gabonnouvellevision.com\/gnv\/author\/rufin\/\"}]}<\/script>\n<!-- \/ Yoast SEO plugin. -->","yoast_head_json":{"title":"Les Chefs d\u2019Etat de la CEMAC \u00e0 Bangui - Gabon Nouvelle Vision","robots":{"index":"index","follow":"follow","max-snippet":"max-snippet:-1","max-image-preview":"max-image-preview:large","max-video-preview":"max-video-preview:-1"},"canonical":"https:\/\/gabonnouvellevision.com\/gnv\/2025\/09\/11\/les-chefs-detat-de-la-cemac-a-bangui\/","og_locale":"fr_FR","og_type":"article","og_title":"Les Chefs d\u2019Etat de la CEMAC \u00e0 Bangui - Gabon Nouvelle Vision","og_description":"16\u00e8me session des Chefs d\u2019Etat de la CEMAC \u00e0 Bangui. Com. Pr\u00e9sidentielle Le Pr\u00e9sident de la R\u00e9publique, a pris part hier \u00e0 Bangui, \u00e0 la 16\u1d49 session ordinaire de la Conf\u00e9rence des Chefs d\u2019\u00c9tat de la CEMAC, plac\u00e9e sous le th\u00e8me : \u00ab Ensemble pour une int\u00e9gration r\u00e9gionale dynamique et \u00e9mergente \u00bb. Cette session de [&hellip;]","og_url":"https:\/\/gabonnouvellevision.com\/gnv\/2025\/09\/11\/les-chefs-detat-de-la-cemac-a-bangui\/","og_site_name":"Gabon Nouvelle Vision","article_publisher":"https:\/\/www.facebook.com\/GNVofficiel","article_published_time":"2025-09-11T08:31:41+00:00","article_modified_time":"2025-09-11T08:31:43+00:00","og_image":[{"width":989,"height":596,"url":"https:\/\/gabonnouvellevision.com\/gnv\/wp-content\/uploads\/2025\/09\/546403391_122273035700025336_2084924333513847541_n.jpg","type":"image\/jpeg"}],"author":"Eyeng Obame","twitter_card":"summary_large_image","twitter_misc":{"\u00c9crit par":"Eyeng Obame","Dur\u00e9e de lecture estim\u00e9e":"1 minute"},"schema":{"@context":"https:\/\/schema.org","@graph":[{"@type":"Article","@id":"https:\/\/gabonnouvellevision.com\/gnv\/2025\/09\/11\/les-chefs-detat-de-la-cemac-a-bangui\/#article","isPartOf":{"@id":"https:\/\/gabonnouvellevision.com\/gnv\/2025\/09\/11\/les-chefs-detat-de-la-cemac-a-bangui\/"},"author":{"name":"Eyeng Obame","@id":"https:\/\/gabonnouvellevision.com\/gnv\/#\/schema\/person\/4b48e07d222f83c0285affc3704bc899"},"headline":"Les Chefs d\u2019Etat de la CEMAC \u00e0 Bangui","datePublished":"2025-09-11T08:31:41+00:00","dateModified":"2025-09-11T08:31:43+00:00","mainEntityOfPage":{"@id":"https:\/\/gabonnouvellevision.com\/gnv\/2025\/09\/11\/les-chefs-detat-de-la-cemac-a-bangui\/"},"wordCount":161,"commentCount":0,"publisher":{"@id":"https:\/\/gabonnouvellevision.com\/gnv\/#organization"},"image":{"@id":"https:\/\/gabonnouvellevision.com\/gnv\/2025\/09\/11\/les-chefs-detat-de-la-cemac-a-bangui\/#primaryimage"},"thumbnailUrl":"https:\/\/gabonnouvellevision.com\/gnv\/wp-content\/uploads\/2025\/09\/546403391_122273035700025336_2084924333513847541_n.jpg","articleSection":["A la une","Actualites","Diplomatie"],"inLanguage":"fr-FR","potentialAction":[{"@type":"CommentAction","name":"Comment","target":["https:\/\/gabonnouvellevision.com\/gnv\/2025\/09\/11\/les-chefs-detat-de-la-cemac-a-bangui\/#respond"]}]},{"@type":"WebPage","@id":"https:\/\/gabonnouvellevision.com\/gnv\/2025\/09\/11\/les-chefs-detat-de-la-cemac-a-bangui\/","url":"https:\/\/gabonnouvellevision.com\/gnv\/2025\/09\/11\/les-chefs-detat-de-la-cemac-a-bangui\/","name":"Les Chefs d\u2019Etat de la CEMAC \u00e0 Bangui - Gabon Nouvelle Vision","isPartOf":{"@id":"https:\/\/gabonnouvellevision.com\/gnv\/#website"},"primaryImageOfPage":{"@id":"https:\/\/gabonnouvellevision.com\/gnv\/2025\/09\/11\/les-chefs-detat-de-la-cemac-a-bangui\/#primaryimage"},"image":{"@id":"https:\/\/gabonnouvellevision.com\/gnv\/2025\/09\/11\/les-chefs-detat-de-la-cemac-a-bangui\/#primaryimage"},"thumbnailUrl":"https:\/\/gabonnouvellevision.com\/gnv\/wp-content\/uploads\/2025\/09\/546403391_122273035700025336_2084924333513847541_n.jpg","datePublished":"2025-09-11T08:31:41+00:00","dateModified":"2025-09-11T08:31:43+00:00","breadcrumb":{"@id":"https:\/\/gabonnouvellevision.com\/gnv\/2025\/09\/11\/les-chefs-detat-de-la-cemac-a-bangui\/#breadcrumb"},"inLanguage":"fr-FR","potentialAction":[{"@type":"ReadAction","target":["https:\/\/gabonnouvellevision.com\/gnv\/2025\/09\/11\/les-chefs-detat-de-la-cemac-a-bangui\/"]}]},{"@type":"ImageObject","inLanguage":"fr-FR","@id":"https:\/\/gabonnouvellevision.com\/gnv\/2025\/09\/11\/les-chefs-detat-de-la-cemac-a-bangui\/#primaryimage","url":"https:\/\/gabonnouvellevision.com\/gnv\/wp-content\/uploads\/2025\/09\/546403391_122273035700025336_2084924333513847541_n.jpg","contentUrl":"https:\/\/gabonnouvellevision.com\/gnv\/wp-content\/uploads\/2025\/09\/546403391_122273035700025336_2084924333513847541_n.jpg","width":989,"height":596},{"@type":"BreadcrumbList","@id":"https:\/\/gabonnouvellevision.com\/gnv\/2025\/09\/11\/les-chefs-detat-de-la-cemac-a-bangui\/#breadcrumb","itemListElement":[{"@type":"ListItem","position":1,"name":"Accueil","item":"https:\/\/gabonnouvellevision.com\/gnv\/"},{"@type":"ListItem","position":2,"name":"Les Chefs d\u2019Etat de la CEMAC \u00e0 Bangui"}]},{"@type":"WebSite","@id":"https:\/\/gabonnouvellevision.com\/gnv\/#website","url":"https:\/\/gabonnouvellevision.com\/gnv\/","name":"Gabon Nouvelle Vision","description":"","publisher":{"@id":"https:\/\/gabonnouvellevision.com\/gnv\/#organization"},"potentialAction":[{"@type":"SearchAction","target":{"@type":"EntryPoint","urlTemplate":"https:\/\/gabonnouvellevision.com\/gnv\/?s={search_term_string}"},"query-input":{"@type":"PropertyValueSpecification","valueRequired":true,"valueName":"search_term_string"}}],"inLanguage":"fr-FR"},{"@type":"Organization","@id":"https:\/\/gabonnouvellevision.com\/gnv\/#organization","name":"Gabon Nouvelle Vision","url":"https:\/\/gabonnouvellevision.com\/gnv\/","logo":{"@type":"ImageObject","inLanguage":"fr-FR","@id":"https:\/\/gabonnouvellevision.com\/gnv\/#\/schema\/logo\/image\/","url":"https:\/\/gabonnouvellevision.com\/gnv\/wp-content\/uploads\/2025\/01\/logo-text_Plan-de-travail-1.png","contentUrl":"https:\/\/gabonnouvellevision.com\/gnv\/wp-content\/uploads\/2025\/01\/logo-text_Plan-de-travail-1.png","width":7169,"height":2390,"caption":"Gabon Nouvelle Vision"},"image":{"@id":"https:\/\/gabonnouvellevision.com\/gnv\/#\/schema\/logo\/image\/"},"sameAs":["https:\/\/www.facebook.com\/GNVofficiel"]},{"@type":"Person","@id":"https:\/\/gabonnouvellevision.com\/gnv\/#\/schema\/person\/4b48e07d222f83c0285affc3704bc899","name":"Eyeng Obame","image":{"@type":"ImageObject","inLanguage":"fr-FR","@id":"https:\/\/gabonnouvellevision.com\/gnv\/#\/schema\/person\/image\/","url":"https:\/\/secure.gravatar.com\/avatar\/167bc03b8baf3c77318a47159f80871de6f5a6cbf4bc8b6af750fbc1a369d7bf?s=96&d=mm&r=g","contentUrl":"https:\/\/secure.gravatar.com\/avatar\/167bc03b8baf3c77318a47159f80871de6f5a6cbf4bc8b6af750fbc1a369d7bf?s=96&d=mm&r=g","caption":"Eyeng Obame"},"url":"https:\/\/gabonnouvellevision.com\/gnv\/author\/rufin\/"}]}},"_links":{"self":[{"href":"https:\/\/gabonnouvellevision.com\/gnv\/wp-json\/wp\/v2\/posts\/24219","targetHints":{"allow":["GET"]}}],"collection":[{"href":"https:\/\/gabonnouvellevision.com\/gnv\/wp-json\/wp\/v2\/posts"}],"about":[{"href":"https:\/\/gabonnouvellevision.com\/gnv\/wp-json\/wp\/v2\/types\/post"}],"author":[{"embeddable":true,"href":"https:\/\/gabonnouvellevision.com\/gnv\/wp-json\/wp\/v2\/users\/7"}],"replies":[{"embeddable":true,"href":"https:\/\/gabonnouvellevision.com\/gnv\/wp-json\/wp\/v2\/comments?post=24219"}],"version-history":[{"count":1,"href":"https:\/\/gabonnouvellevision.com\/gnv\/wp-json\/wp\/v2\/posts\/24219\/revisions"}],"predecessor-version":[{"id":24221,"href":"https:\/\/gabonnouvellevision.com\/gnv\/wp-json\/wp\/v2\/posts\/24219\/revisions\/24221"}],"wp:featuredmedia":[{"embeddable":true,"href":"https:\/\/gabonnouvellevision.com\/gnv\/wp-json\/wp\/v2\/media\/24220"}],"wp:attachment":[{"href":"https:\/\/gabonnouvellevision.com\/gnv\/wp-json\/wp\/v2\/media?parent=24219"}],"wp:term":[{"taxonomy":"category","embeddable":true,"href":"https:\/\/gabonnouvellevision.com\/gnv\/wp-json\/wp\/v2\/categories?post=24219"},{"taxonomy":"post_tag","embeddable":true,"href":"https:\/\/gabonnouvellevision.com\/gnv\/wp-json\/wp\/v2\/tags?post=24219"}],"curies":[{"name":"wp","href":"https:\/\/api.w.org\/{rel}","templated":true}]}}