{"id":24216,"date":"2025-09-10T12:17:40","date_gmt":"2025-09-10T10:17:40","guid":{"rendered":"https:\/\/gabonnouvellevision.com\/gnv\/?p=24216"},"modified":"2025-09-10T12:17:43","modified_gmt":"2025-09-10T10:17:43","slug":"abdou-abarry-de-lunoca-chez-le-president-oligui-nguema","status":"publish","type":"post","link":"https:\/\/gabonnouvellevision.com\/gnv\/2025\/09\/10\/abdou-abarry-de-lunoca-chez-le-president-oligui-nguema\/","title":{"rendered":"Abdou Abarry de l\u2019UNOCA chez le Pr\u00e9sident Oligui Nguema"},"content":{"rendered":"\n<p><strong>Abdou Abarry de l\u2019UNOCA et  le Pr\u00e9sident Oligui Nguema<\/strong>. Com. Pr\u00e9sidentielle<\/p>\n\n\n\n<p><strong><em>Le Pr\u00e9sident de la R\u00e9publique, Brice Clotaire Oligui Nguema, a re\u00e7u hier Abdou Abarry, Repr\u00e9sentant Sp\u00e9cial du Secr\u00e9taire G\u00e9n\u00e9ral de l\u2019ONU pour l\u2019Afrique Centrale et Chef du Bureau r\u00e9gional des Nations Unies pour l\u2019Afrique Centrale (UNOCA).<\/em><\/strong><\/p>\n\n\n\n<p>L\u2019entretien a permis de revenir sur les conclusions du r\u00e9cent Sommet Extraordinaire de la CEEAC tenu \u00e0 Malabo, et de discuter des perspectives du Gabon au sein de l\u2019organisation sous-r\u00e9gionale.<\/p>\n\n\n\n<p>Les \u00e9changes ont \u00e9galement port\u00e9 sur les grands axes de la 80e Assembl\u00e9e G\u00e9n\u00e9rale des Nations Unies, notamment la paix, la s\u00e9curit\u00e9, les enjeux humanitaires et climatiques, ainsi que les r\u00e9formes attendues du syst\u00e8me onusien.<\/p>\n\n\n\n<p><strong>Sandrine Eyeng Obame<\/strong><\/p>\n\n\n\n<p><strong>Source&nbsp;: Communication Pr\u00e9sidentielle<\/strong><\/p>\n","protected":false},"excerpt":{"rendered":"<p>Abdou Abarry de l\u2019UNOCA et le Pr\u00e9sident Oligui Nguema. Com. Pr\u00e9sidentielle Le Pr\u00e9sident de la R\u00e9publique, Brice Clotaire Oligui Nguema, a re\u00e7u hier Abdou Abarry, Repr\u00e9sentant Sp\u00e9cial du Secr\u00e9taire G\u00e9n\u00e9ral de l\u2019ONU pour l\u2019Afrique Centrale et Chef du Bureau r\u00e9gional des Nations Unies pour l\u2019Afrique Centrale (UNOCA). L\u2019entretien a permis de revenir sur les conclusions [&hellip;]<\/p>\n","protected":false},"author":7,"featured_media":24217,"comment_status":"open","ping_status":"open","sticky":false,"template":"","format":"standard","meta":{"footnotes":""},"categories":[57,55,66],"tags":[],"class_list":["post-24216","post","type-post","status-publish","format-standard","has-post-thumbnail","hentry","category-a-la-une","category-actualites","category-diplomatie"],"yoast_head":"<!-- This site is optimized with the Yoast SEO plugin v24.2 - https:\/\/yoast.com\/wordpress\/plugins\/seo\/ -->\n<title>Abdou Abarry de l\u2019UNOCA chez le Pr\u00e9sident Oligui Nguema - Gabon Nouvelle Vision<\/title>\n<meta name=\"robots\" content=\"index, follow, max-snippet:-1, max-image-preview:large, max-video-preview:-1\" \/>\n<link rel=\"canonical\" href=\"https:\/\/gabonnouvellevision.com\/gnv\/2025\/09\/10\/abdou-abarry-de-lunoca-chez-le-president-oligui-nguema\/\" \/>\n<meta property=\"og:locale\" content=\"fr_FR\" \/>\n<meta property=\"og:type\" content=\"article\" \/>\n<meta property=\"og:title\" content=\"Abdou Abarry de l\u2019UNOCA chez le Pr\u00e9sident Oligui Nguema - Gabon Nouvelle Vision\" \/>\n<meta property=\"og:description\" content=\"Abdou Abarry de l\u2019UNOCA et le Pr\u00e9sident Oligui Nguema. Com. Pr\u00e9sidentielle Le Pr\u00e9sident de la R\u00e9publique, Brice Clotaire Oligui Nguema, a re\u00e7u hier Abdou Abarry, Repr\u00e9sentant Sp\u00e9cial du Secr\u00e9taire G\u00e9n\u00e9ral de l\u2019ONU pour l\u2019Afrique Centrale et Chef du Bureau r\u00e9gional des Nations Unies pour l\u2019Afrique Centrale (UNOCA). L\u2019entretien a permis de revenir sur les conclusions [&hellip;]\" \/>\n<meta property=\"og:url\" content=\"https:\/\/gabonnouvellevision.com\/gnv\/2025\/09\/10\/abdou-abarry-de-lunoca-chez-le-president-oligui-nguema\/\" \/>\n<meta property=\"og:site_name\" content=\"Gabon Nouvelle Vision\" \/>\n<meta property=\"article:publisher\" content=\"https:\/\/www.facebook.com\/GNVofficiel\" \/>\n<meta property=\"article:published_time\" content=\"2025-09-10T10:17:40+00:00\" \/>\n<meta property=\"article:modified_time\" content=\"2025-09-10T10:17:43+00:00\" \/>\n<meta property=\"og:image\" content=\"https:\/\/gabonnouvellevision.com\/gnv\/wp-content\/uploads\/2025\/09\/546558244_122272800350025336_3253921943185644701_n.jpg\" \/>\n\t<meta property=\"og:image:width\" content=\"600\" \/>\n\t<meta property=\"og:image:height\" content=\"371\" \/>\n\t<meta property=\"og:image:type\" content=\"image\/jpeg\" \/>\n<meta name=\"author\" content=\"Eyeng Obame\" \/>\n<meta name=\"twitter:card\" content=\"summary_large_image\" \/>\n<meta name=\"twitter:label1\" content=\"\u00c9crit par\" \/>\n\t<meta name=\"twitter:data1\" content=\"Eyeng Obame\" \/>\n\t<meta name=\"twitter:label2\" content=\"Dur\u00e9e de lecture estim\u00e9e\" \/>\n\t<meta name=\"twitter:data2\" content=\"1 minute\" \/>\n<script type=\"application\/ld+json\" class=\"yoast-schema-graph\">{\"@context\":\"https:\/\/schema.org\",\"@graph\":[{\"@type\":\"Article\",\"@id\":\"https:\/\/gabonnouvellevision.com\/gnv\/2025\/09\/10\/abdou-abarry-de-lunoca-chez-le-president-oligui-nguema\/#article\",\"isPartOf\":{\"@id\":\"https:\/\/gabonnouvellevision.com\/gnv\/2025\/09\/10\/abdou-abarry-de-lunoca-chez-le-president-oligui-nguema\/\"},\"author\":{\"name\":\"Eyeng Obame\",\"@id\":\"https:\/\/gabonnouvellevision.com\/gnv\/#\/schema\/person\/4b48e07d222f83c0285affc3704bc899\"},\"headline\":\"Abdou Abarry de l\u2019UNOCA chez le Pr\u00e9sident Oligui Nguema\",\"datePublished\":\"2025-09-10T10:17:40+00:00\",\"dateModified\":\"2025-09-10T10:17:43+00:00\",\"mainEntityOfPage\":{\"@id\":\"https:\/\/gabonnouvellevision.com\/gnv\/2025\/09\/10\/abdou-abarry-de-lunoca-chez-le-president-oligui-nguema\/\"},\"wordCount\":155,\"commentCount\":0,\"publisher\":{\"@id\":\"https:\/\/gabonnouvellevision.com\/gnv\/#organization\"},\"image\":{\"@id\":\"https:\/\/gabonnouvellevision.com\/gnv\/2025\/09\/10\/abdou-abarry-de-lunoca-chez-le-president-oligui-nguema\/#primaryimage\"},\"thumbnailUrl\":\"https:\/\/gabonnouvellevision.com\/gnv\/wp-content\/uploads\/2025\/09\/546558244_122272800350025336_3253921943185644701_n.jpg\",\"articleSection\":[\"A la une\",\"Actualites\",\"Diplomatie\"],\"inLanguage\":\"fr-FR\",\"potentialAction\":[{\"@type\":\"CommentAction\",\"name\":\"Comment\",\"target\":[\"https:\/\/gabonnouvellevision.com\/gnv\/2025\/09\/10\/abdou-abarry-de-lunoca-chez-le-president-oligui-nguema\/#respond\"]}]},{\"@type\":\"WebPage\",\"@id\":\"https:\/\/gabonnouvellevision.com\/gnv\/2025\/09\/10\/abdou-abarry-de-lunoca-chez-le-president-oligui-nguema\/\",\"url\":\"https:\/\/gabonnouvellevision.com\/gnv\/2025\/09\/10\/abdou-abarry-de-lunoca-chez-le-president-oligui-nguema\/\",\"name\":\"Abdou Abarry de l\u2019UNOCA chez le Pr\u00e9sident Oligui Nguema - Gabon Nouvelle Vision\",\"isPartOf\":{\"@id\":\"https:\/\/gabonnouvellevision.com\/gnv\/#website\"},\"primaryImageOfPage\":{\"@id\":\"https:\/\/gabonnouvellevision.com\/gnv\/2025\/09\/10\/abdou-abarry-de-lunoca-chez-le-president-oligui-nguema\/#primaryimage\"},\"image\":{\"@id\":\"https:\/\/gabonnouvellevision.com\/gnv\/2025\/09\/10\/abdou-abarry-de-lunoca-chez-le-president-oligui-nguema\/#primaryimage\"},\"thumbnailUrl\":\"https:\/\/gabonnouvellevision.com\/gnv\/wp-content\/uploads\/2025\/09\/546558244_122272800350025336_3253921943185644701_n.jpg\",\"datePublished\":\"2025-09-10T10:17:40+00:00\",\"dateModified\":\"2025-09-10T10:17:43+00:00\",\"breadcrumb\":{\"@id\":\"https:\/\/gabonnouvellevision.com\/gnv\/2025\/09\/10\/abdou-abarry-de-lunoca-chez-le-president-oligui-nguema\/#breadcrumb\"},\"inLanguage\":\"fr-FR\",\"potentialAction\":[{\"@type\":\"ReadAction\",\"target\":[\"https:\/\/gabonnouvellevision.com\/gnv\/2025\/09\/10\/abdou-abarry-de-lunoca-chez-le-president-oligui-nguema\/\"]}]},{\"@type\":\"ImageObject\",\"inLanguage\":\"fr-FR\",\"@id\":\"https:\/\/gabonnouvellevision.com\/gnv\/2025\/09\/10\/abdou-abarry-de-lunoca-chez-le-president-oligui-nguema\/#primaryimage\",\"url\":\"https:\/\/gabonnouvellevision.com\/gnv\/wp-content\/uploads\/2025\/09\/546558244_122272800350025336_3253921943185644701_n.jpg\",\"contentUrl\":\"https:\/\/gabonnouvellevision.com\/gnv\/wp-content\/uploads\/2025\/09\/546558244_122272800350025336_3253921943185644701_n.jpg\",\"width\":600,\"height\":371},{\"@type\":\"BreadcrumbList\",\"@id\":\"https:\/\/gabonnouvellevision.com\/gnv\/2025\/09\/10\/abdou-abarry-de-lunoca-chez-le-president-oligui-nguema\/#breadcrumb\",\"itemListElement\":[{\"@type\":\"ListItem\",\"position\":1,\"name\":\"Accueil\",\"item\":\"https:\/\/gabonnouvellevision.com\/gnv\/\"},{\"@type\":\"ListItem\",\"position\":2,\"name\":\"Abdou Abarry de l\u2019UNOCA chez le Pr\u00e9sident Oligui Nguema\"}]},{\"@type\":\"WebSite\",\"@id\":\"https:\/\/gabonnouvellevision.com\/gnv\/#website\",\"url\":\"https:\/\/gabonnouvellevision.com\/gnv\/\",\"name\":\"Gabon Nouvelle Vision\",\"description\":\"\",\"publisher\":{\"@id\":\"https:\/\/gabonnouvellevision.com\/gnv\/#organization\"},\"potentialAction\":[{\"@type\":\"SearchAction\",\"target\":{\"@type\":\"EntryPoint\",\"urlTemplate\":\"https:\/\/gabonnouvellevision.com\/gnv\/?s={search_term_string}\"},\"query-input\":{\"@type\":\"PropertyValueSpecification\",\"valueRequired\":true,\"valueName\":\"search_term_string\"}}],\"inLanguage\":\"fr-FR\"},{\"@type\":\"Organization\",\"@id\":\"https:\/\/gabonnouvellevision.com\/gnv\/#organization\",\"name\":\"Gabon Nouvelle Vision\",\"url\":\"https:\/\/gabonnouvellevision.com\/gnv\/\",\"logo\":{\"@type\":\"ImageObject\",\"inLanguage\":\"fr-FR\",\"@id\":\"https:\/\/gabonnouvellevision.com\/gnv\/#\/schema\/logo\/image\/\",\"url\":\"https:\/\/gabonnouvellevision.com\/gnv\/wp-content\/uploads\/2025\/01\/logo-text_Plan-de-travail-1.png\",\"contentUrl\":\"https:\/\/gabonnouvellevision.com\/gnv\/wp-content\/uploads\/2025\/01\/logo-text_Plan-de-travail-1.png\",\"width\":7169,\"height\":2390,\"caption\":\"Gabon Nouvelle Vision\"},\"image\":{\"@id\":\"https:\/\/gabonnouvellevision.com\/gnv\/#\/schema\/logo\/image\/\"},\"sameAs\":[\"https:\/\/www.facebook.com\/GNVofficiel\"]},{\"@type\":\"Person\",\"@id\":\"https:\/\/gabonnouvellevision.com\/gnv\/#\/schema\/person\/4b48e07d222f83c0285affc3704bc899\",\"name\":\"Eyeng Obame\",\"image\":{\"@type\":\"ImageObject\",\"inLanguage\":\"fr-FR\",\"@id\":\"https:\/\/gabonnouvellevision.com\/gnv\/#\/schema\/person\/image\/\",\"url\":\"https:\/\/secure.gravatar.com\/avatar\/167bc03b8baf3c77318a47159f80871de6f5a6cbf4bc8b6af750fbc1a369d7bf?s=96&d=mm&r=g\",\"contentUrl\":\"https:\/\/secure.gravatar.com\/avatar\/167bc03b8baf3c77318a47159f80871de6f5a6cbf4bc8b6af750fbc1a369d7bf?s=96&d=mm&r=g\",\"caption\":\"Eyeng Obame\"},\"url\":\"https:\/\/gabonnouvellevision.com\/gnv\/author\/rufin\/\"}]}<\/script>\n<!-- \/ Yoast SEO plugin. -->","yoast_head_json":{"title":"Abdou Abarry de l\u2019UNOCA chez le Pr\u00e9sident Oligui Nguema - Gabon Nouvelle Vision","robots":{"index":"index","follow":"follow","max-snippet":"max-snippet:-1","max-image-preview":"max-image-preview:large","max-video-preview":"max-video-preview:-1"},"canonical":"https:\/\/gabonnouvellevision.com\/gnv\/2025\/09\/10\/abdou-abarry-de-lunoca-chez-le-president-oligui-nguema\/","og_locale":"fr_FR","og_type":"article","og_title":"Abdou Abarry de l\u2019UNOCA chez le Pr\u00e9sident Oligui Nguema - Gabon Nouvelle Vision","og_description":"Abdou Abarry de l\u2019UNOCA et le Pr\u00e9sident Oligui Nguema. Com. Pr\u00e9sidentielle Le Pr\u00e9sident de la R\u00e9publique, Brice Clotaire Oligui Nguema, a re\u00e7u hier Abdou Abarry, Repr\u00e9sentant Sp\u00e9cial du Secr\u00e9taire G\u00e9n\u00e9ral de l\u2019ONU pour l\u2019Afrique Centrale et Chef du Bureau r\u00e9gional des Nations Unies pour l\u2019Afrique Centrale (UNOCA). L\u2019entretien a permis de revenir sur les conclusions [&hellip;]","og_url":"https:\/\/gabonnouvellevision.com\/gnv\/2025\/09\/10\/abdou-abarry-de-lunoca-chez-le-president-oligui-nguema\/","og_site_name":"Gabon Nouvelle Vision","article_publisher":"https:\/\/www.facebook.com\/GNVofficiel","article_published_time":"2025-09-10T10:17:40+00:00","article_modified_time":"2025-09-10T10:17:43+00:00","og_image":[{"width":600,"height":371,"url":"https:\/\/gabonnouvellevision.com\/gnv\/wp-content\/uploads\/2025\/09\/546558244_122272800350025336_3253921943185644701_n.jpg","type":"image\/jpeg"}],"author":"Eyeng Obame","twitter_card":"summary_large_image","twitter_misc":{"\u00c9crit par":"Eyeng Obame","Dur\u00e9e de lecture estim\u00e9e":"1 minute"},"schema":{"@context":"https:\/\/schema.org","@graph":[{"@type":"Article","@id":"https:\/\/gabonnouvellevision.com\/gnv\/2025\/09\/10\/abdou-abarry-de-lunoca-chez-le-president-oligui-nguema\/#article","isPartOf":{"@id":"https:\/\/gabonnouvellevision.com\/gnv\/2025\/09\/10\/abdou-abarry-de-lunoca-chez-le-president-oligui-nguema\/"},"author":{"name":"Eyeng Obame","@id":"https:\/\/gabonnouvellevision.com\/gnv\/#\/schema\/person\/4b48e07d222f83c0285affc3704bc899"},"headline":"Abdou Abarry de l\u2019UNOCA chez le Pr\u00e9sident Oligui Nguema","datePublished":"2025-09-10T10:17:40+00:00","dateModified":"2025-09-10T10:17:43+00:00","mainEntityOfPage":{"@id":"https:\/\/gabonnouvellevision.com\/gnv\/2025\/09\/10\/abdou-abarry-de-lunoca-chez-le-president-oligui-nguema\/"},"wordCount":155,"commentCount":0,"publisher":{"@id":"https:\/\/gabonnouvellevision.com\/gnv\/#organization"},"image":{"@id":"https:\/\/gabonnouvellevision.com\/gnv\/2025\/09\/10\/abdou-abarry-de-lunoca-chez-le-president-oligui-nguema\/#primaryimage"},"thumbnailUrl":"https:\/\/gabonnouvellevision.com\/gnv\/wp-content\/uploads\/2025\/09\/546558244_122272800350025336_3253921943185644701_n.jpg","articleSection":["A la une","Actualites","Diplomatie"],"inLanguage":"fr-FR","potentialAction":[{"@type":"CommentAction","name":"Comment","target":["https:\/\/gabonnouvellevision.com\/gnv\/2025\/09\/10\/abdou-abarry-de-lunoca-chez-le-president-oligui-nguema\/#respond"]}]},{"@type":"WebPage","@id":"https:\/\/gabonnouvellevision.com\/gnv\/2025\/09\/10\/abdou-abarry-de-lunoca-chez-le-president-oligui-nguema\/","url":"https:\/\/gabonnouvellevision.com\/gnv\/2025\/09\/10\/abdou-abarry-de-lunoca-chez-le-president-oligui-nguema\/","name":"Abdou Abarry de l\u2019UNOCA chez le Pr\u00e9sident Oligui Nguema - Gabon Nouvelle Vision","isPartOf":{"@id":"https:\/\/gabonnouvellevision.com\/gnv\/#website"},"primaryImageOfPage":{"@id":"https:\/\/gabonnouvellevision.com\/gnv\/2025\/09\/10\/abdou-abarry-de-lunoca-chez-le-president-oligui-nguema\/#primaryimage"},"image":{"@id":"https:\/\/gabonnouvellevision.com\/gnv\/2025\/09\/10\/abdou-abarry-de-lunoca-chez-le-president-oligui-nguema\/#primaryimage"},"thumbnailUrl":"https:\/\/gabonnouvellevision.com\/gnv\/wp-content\/uploads\/2025\/09\/546558244_122272800350025336_3253921943185644701_n.jpg","datePublished":"2025-09-10T10:17:40+00:00","dateModified":"2025-09-10T10:17:43+00:00","breadcrumb":{"@id":"https:\/\/gabonnouvellevision.com\/gnv\/2025\/09\/10\/abdou-abarry-de-lunoca-chez-le-president-oligui-nguema\/#breadcrumb"},"inLanguage":"fr-FR","potentialAction":[{"@type":"ReadAction","target":["https:\/\/gabonnouvellevision.com\/gnv\/2025\/09\/10\/abdou-abarry-de-lunoca-chez-le-president-oligui-nguema\/"]}]},{"@type":"ImageObject","inLanguage":"fr-FR","@id":"https:\/\/gabonnouvellevision.com\/gnv\/2025\/09\/10\/abdou-abarry-de-lunoca-chez-le-president-oligui-nguema\/#primaryimage","url":"https:\/\/gabonnouvellevision.com\/gnv\/wp-content\/uploads\/2025\/09\/546558244_122272800350025336_3253921943185644701_n.jpg","contentUrl":"https:\/\/gabonnouvellevision.com\/gnv\/wp-content\/uploads\/2025\/09\/546558244_122272800350025336_3253921943185644701_n.jpg","width":600,"height":371},{"@type":"BreadcrumbList","@id":"https:\/\/gabonnouvellevision.com\/gnv\/2025\/09\/10\/abdou-abarry-de-lunoca-chez-le-president-oligui-nguema\/#breadcrumb","itemListElement":[{"@type":"ListItem","position":1,"name":"Accueil","item":"https:\/\/gabonnouvellevision.com\/gnv\/"},{"@type":"ListItem","position":2,"name":"Abdou Abarry de l\u2019UNOCA chez le Pr\u00e9sident Oligui Nguema"}]},{"@type":"WebSite","@id":"https:\/\/gabonnouvellevision.com\/gnv\/#website","url":"https:\/\/gabonnouvellevision.com\/gnv\/","name":"Gabon Nouvelle Vision","description":"","publisher":{"@id":"https:\/\/gabonnouvellevision.com\/gnv\/#organization"},"potentialAction":[{"@type":"SearchAction","target":{"@type":"EntryPoint","urlTemplate":"https:\/\/gabonnouvellevision.com\/gnv\/?s={search_term_string}"},"query-input":{"@type":"PropertyValueSpecification","valueRequired":true,"valueName":"search_term_string"}}],"inLanguage":"fr-FR"},{"@type":"Organization","@id":"https:\/\/gabonnouvellevision.com\/gnv\/#organization","name":"Gabon Nouvelle Vision","url":"https:\/\/gabonnouvellevision.com\/gnv\/","logo":{"@type":"ImageObject","inLanguage":"fr-FR","@id":"https:\/\/gabonnouvellevision.com\/gnv\/#\/schema\/logo\/image\/","url":"https:\/\/gabonnouvellevision.com\/gnv\/wp-content\/uploads\/2025\/01\/logo-text_Plan-de-travail-1.png","contentUrl":"https:\/\/gabonnouvellevision.com\/gnv\/wp-content\/uploads\/2025\/01\/logo-text_Plan-de-travail-1.png","width":7169,"height":2390,"caption":"Gabon Nouvelle Vision"},"image":{"@id":"https:\/\/gabonnouvellevision.com\/gnv\/#\/schema\/logo\/image\/"},"sameAs":["https:\/\/www.facebook.com\/GNVofficiel"]},{"@type":"Person","@id":"https:\/\/gabonnouvellevision.com\/gnv\/#\/schema\/person\/4b48e07d222f83c0285affc3704bc899","name":"Eyeng Obame","image":{"@type":"ImageObject","inLanguage":"fr-FR","@id":"https:\/\/gabonnouvellevision.com\/gnv\/#\/schema\/person\/image\/","url":"https:\/\/secure.gravatar.com\/avatar\/167bc03b8baf3c77318a47159f80871de6f5a6cbf4bc8b6af750fbc1a369d7bf?s=96&d=mm&r=g","contentUrl":"https:\/\/secure.gravatar.com\/avatar\/167bc03b8baf3c77318a47159f80871de6f5a6cbf4bc8b6af750fbc1a369d7bf?s=96&d=mm&r=g","caption":"Eyeng Obame"},"url":"https:\/\/gabonnouvellevision.com\/gnv\/author\/rufin\/"}]}},"_links":{"self":[{"href":"https:\/\/gabonnouvellevision.com\/gnv\/wp-json\/wp\/v2\/posts\/24216","targetHints":{"allow":["GET"]}}],"collection":[{"href":"https:\/\/gabonnouvellevision.com\/gnv\/wp-json\/wp\/v2\/posts"}],"about":[{"href":"https:\/\/gabonnouvellevision.com\/gnv\/wp-json\/wp\/v2\/types\/post"}],"author":[{"embeddable":true,"href":"https:\/\/gabonnouvellevision.com\/gnv\/wp-json\/wp\/v2\/users\/7"}],"replies":[{"embeddable":true,"href":"https:\/\/gabonnouvellevision.com\/gnv\/wp-json\/wp\/v2\/comments?post=24216"}],"version-history":[{"count":1,"href":"https:\/\/gabonnouvellevision.com\/gnv\/wp-json\/wp\/v2\/posts\/24216\/revisions"}],"predecessor-version":[{"id":24218,"href":"https:\/\/gabonnouvellevision.com\/gnv\/wp-json\/wp\/v2\/posts\/24216\/revisions\/24218"}],"wp:featuredmedia":[{"embeddable":true,"href":"https:\/\/gabonnouvellevision.com\/gnv\/wp-json\/wp\/v2\/media\/24217"}],"wp:attachment":[{"href":"https:\/\/gabonnouvellevision.com\/gnv\/wp-json\/wp\/v2\/media?parent=24216"}],"wp:term":[{"taxonomy":"category","embeddable":true,"href":"https:\/\/gabonnouvellevision.com\/gnv\/wp-json\/wp\/v2\/categories?post=24216"},{"taxonomy":"post_tag","embeddable":true,"href":"https:\/\/gabonnouvellevision.com\/gnv\/wp-json\/wp\/v2\/tags?post=24216"}],"curies":[{"name":"wp","href":"https:\/\/api.w.org\/{rel}","templated":true}]}}