{"id":24210,"date":"2025-09-08T10:35:15","date_gmt":"2025-09-08T08:35:15","guid":{"rendered":"https:\/\/gabonnouvellevision.com\/gnv\/?p=24210"},"modified":"2025-09-08T10:35:16","modified_gmt":"2025-09-08T08:35:16","slug":"oligui-nguema-present-au-sommet-de-la-ceeac-a-malabo","status":"publish","type":"post","link":"https:\/\/gabonnouvellevision.com\/gnv\/2025\/09\/08\/oligui-nguema-present-au-sommet-de-la-ceeac-a-malabo\/","title":{"rendered":"Oligui Nguema pr\u00e9sent au sommet de la CEEAC \u00e0 Malabo"},"content":{"rendered":"\n<p><strong><em>Le Pr\u00e9sident de la R\u00e9publique, Brice Clotaire Oligui Nguema, a particip\u00e9 hier \u00e0 Malabo en Guin\u00e9e \u00e9quatoriale \u00e0 la 7\u1d49 Session Extraordinaire de la Conf\u00e9rence des Chefs d\u2019\u00c9tat et de Gouvernement de la CEEAC.<\/em><\/strong><\/p>\n\n\n\n<p>Pr\u00e9sid\u00e9e par S.E. Obiang Nguema Mbasogo, Pr\u00e9sident en exercice de la CEEAC<a href=\"https:\/\/www.facebook.com\/ceeac.org?__cft__%5b0%5d=AZVs6r9mwshNxtKJiFukHaOzEfhY4gzlxqPM5A9tcEeUwNV5H2vHYb9dF6e0W-r0pIMeV-CCXlx5dPk-_EcmhXcQQg_DevSlmaX8PXQG2aFSgi1u8H1bjiHtzRo1tZwKgnB4vWrsGCR8gX-J01tcqAhUB91x-hpzoMNmZ3f4tvqDQkxV40EGKErat6kqF699Je183JjneArSCrRFdCYho8Re&amp;__tn__=-%5dK-R\"><\/a>, cette rencontre a r\u00e9uni les dirigeants de la sous-r\u00e9gion autour d\u2019un enjeu strat\u00e9gique : le renouvellement de l\u2019ex\u00e9cutif de la Commission.<\/p>\n\n\n\n<p>\u00c0 l\u2019issue des travaux, l\u2019Ambassadeur Ez\u00e9chiel Nibigira (Burundi) a \u00e9t\u00e9 nomm\u00e9 Pr\u00e9sident de la Commission pour un mandat de cinq ans renouvelable. L\u2019action de l\u2019\u00e9quipe sortante a \u00e9t\u00e9 salu\u00e9e pour sa contribution \u00e0 l\u2019int\u00e9gration r\u00e9gionale.<\/p>\n\n\n\n<p><strong>Sandrine Eyeng Obame<\/strong><\/p>\n\n\n\n<p><strong>Source&nbsp;: Communication Pr\u00e9sidentielle<\/strong><\/p>\n","protected":false},"excerpt":{"rendered":"<p>Le Pr\u00e9sident de la R\u00e9publique, Brice Clotaire Oligui Nguema, a particip\u00e9 hier \u00e0 Malabo en Guin\u00e9e \u00e9quatoriale \u00e0 la 7\u1d49 Session Extraordinaire de la Conf\u00e9rence des Chefs d\u2019\u00c9tat et de Gouvernement de la CEEAC. Pr\u00e9sid\u00e9e par S.E. Obiang Nguema Mbasogo, Pr\u00e9sident en exercice de la CEEAC, cette rencontre a r\u00e9uni les dirigeants de la sous-r\u00e9gion [&hellip;]<\/p>\n","protected":false},"author":7,"featured_media":24211,"comment_status":"open","ping_status":"open","sticky":false,"template":"","format":"standard","meta":{"footnotes":""},"categories":[57,55,66],"tags":[],"class_list":["post-24210","post","type-post","status-publish","format-standard","has-post-thumbnail","hentry","category-a-la-une","category-actualites","category-diplomatie"],"yoast_head":"<!-- This site is optimized with the Yoast SEO plugin v24.2 - https:\/\/yoast.com\/wordpress\/plugins\/seo\/ -->\n<title>Oligui Nguema pr\u00e9sent au sommet de la CEEAC \u00e0 Malabo - Gabon Nouvelle Vision<\/title>\n<meta name=\"robots\" content=\"index, follow, max-snippet:-1, max-image-preview:large, max-video-preview:-1\" \/>\n<link rel=\"canonical\" href=\"https:\/\/gabonnouvellevision.com\/gnv\/2025\/09\/08\/oligui-nguema-present-au-sommet-de-la-ceeac-a-malabo\/\" \/>\n<meta property=\"og:locale\" content=\"fr_FR\" \/>\n<meta property=\"og:type\" content=\"article\" \/>\n<meta property=\"og:title\" content=\"Oligui Nguema pr\u00e9sent au sommet de la CEEAC \u00e0 Malabo - Gabon Nouvelle Vision\" \/>\n<meta property=\"og:description\" content=\"Le Pr\u00e9sident de la R\u00e9publique, Brice Clotaire Oligui Nguema, a particip\u00e9 hier \u00e0 Malabo en Guin\u00e9e \u00e9quatoriale \u00e0 la 7\u1d49 Session Extraordinaire de la Conf\u00e9rence des Chefs d\u2019\u00c9tat et de Gouvernement de la CEEAC. Pr\u00e9sid\u00e9e par S.E. Obiang Nguema Mbasogo, Pr\u00e9sident en exercice de la CEEAC, cette rencontre a r\u00e9uni les dirigeants de la sous-r\u00e9gion [&hellip;]\" \/>\n<meta property=\"og:url\" content=\"https:\/\/gabonnouvellevision.com\/gnv\/2025\/09\/08\/oligui-nguema-present-au-sommet-de-la-ceeac-a-malabo\/\" \/>\n<meta property=\"og:site_name\" content=\"Gabon Nouvelle Vision\" \/>\n<meta property=\"article:publisher\" content=\"https:\/\/www.facebook.com\/GNVofficiel\" \/>\n<meta property=\"article:published_time\" content=\"2025-09-08T08:35:15+00:00\" \/>\n<meta property=\"article:modified_time\" content=\"2025-09-08T08:35:16+00:00\" \/>\n<meta property=\"og:image\" content=\"https:\/\/gabonnouvellevision.com\/gnv\/wp-content\/uploads\/2025\/09\/544420296_122272382060025336_639187361171886701_n.jpg\" \/>\n\t<meta property=\"og:image:width\" content=\"2048\" \/>\n\t<meta property=\"og:image:height\" content=\"1323\" \/>\n\t<meta property=\"og:image:type\" content=\"image\/jpeg\" \/>\n<meta name=\"author\" content=\"Eyeng Obame\" \/>\n<meta name=\"twitter:card\" content=\"summary_large_image\" \/>\n<meta name=\"twitter:label1\" content=\"\u00c9crit par\" \/>\n\t<meta name=\"twitter:data1\" content=\"Eyeng Obame\" \/>\n\t<meta name=\"twitter:label2\" content=\"Dur\u00e9e de lecture estim\u00e9e\" \/>\n\t<meta name=\"twitter:data2\" content=\"1 minute\" \/>\n<script type=\"application\/ld+json\" class=\"yoast-schema-graph\">{\"@context\":\"https:\/\/schema.org\",\"@graph\":[{\"@type\":\"Article\",\"@id\":\"https:\/\/gabonnouvellevision.com\/gnv\/2025\/09\/08\/oligui-nguema-present-au-sommet-de-la-ceeac-a-malabo\/#article\",\"isPartOf\":{\"@id\":\"https:\/\/gabonnouvellevision.com\/gnv\/2025\/09\/08\/oligui-nguema-present-au-sommet-de-la-ceeac-a-malabo\/\"},\"author\":{\"name\":\"Eyeng Obame\",\"@id\":\"https:\/\/gabonnouvellevision.com\/gnv\/#\/schema\/person\/4b48e07d222f83c0285affc3704bc899\"},\"headline\":\"Oligui Nguema pr\u00e9sent au sommet de la CEEAC \u00e0 Malabo\",\"datePublished\":\"2025-09-08T08:35:15+00:00\",\"dateModified\":\"2025-09-08T08:35:16+00:00\",\"mainEntityOfPage\":{\"@id\":\"https:\/\/gabonnouvellevision.com\/gnv\/2025\/09\/08\/oligui-nguema-present-au-sommet-de-la-ceeac-a-malabo\/\"},\"wordCount\":139,\"commentCount\":0,\"publisher\":{\"@id\":\"https:\/\/gabonnouvellevision.com\/gnv\/#organization\"},\"image\":{\"@id\":\"https:\/\/gabonnouvellevision.com\/gnv\/2025\/09\/08\/oligui-nguema-present-au-sommet-de-la-ceeac-a-malabo\/#primaryimage\"},\"thumbnailUrl\":\"https:\/\/gabonnouvellevision.com\/gnv\/wp-content\/uploads\/2025\/09\/544420296_122272382060025336_639187361171886701_n.jpg\",\"articleSection\":[\"A la une\",\"Actualites\",\"Diplomatie\"],\"inLanguage\":\"fr-FR\",\"potentialAction\":[{\"@type\":\"CommentAction\",\"name\":\"Comment\",\"target\":[\"https:\/\/gabonnouvellevision.com\/gnv\/2025\/09\/08\/oligui-nguema-present-au-sommet-de-la-ceeac-a-malabo\/#respond\"]}]},{\"@type\":\"WebPage\",\"@id\":\"https:\/\/gabonnouvellevision.com\/gnv\/2025\/09\/08\/oligui-nguema-present-au-sommet-de-la-ceeac-a-malabo\/\",\"url\":\"https:\/\/gabonnouvellevision.com\/gnv\/2025\/09\/08\/oligui-nguema-present-au-sommet-de-la-ceeac-a-malabo\/\",\"name\":\"Oligui Nguema pr\u00e9sent au sommet de la CEEAC \u00e0 Malabo - Gabon Nouvelle Vision\",\"isPartOf\":{\"@id\":\"https:\/\/gabonnouvellevision.com\/gnv\/#website\"},\"primaryImageOfPage\":{\"@id\":\"https:\/\/gabonnouvellevision.com\/gnv\/2025\/09\/08\/oligui-nguema-present-au-sommet-de-la-ceeac-a-malabo\/#primaryimage\"},\"image\":{\"@id\":\"https:\/\/gabonnouvellevision.com\/gnv\/2025\/09\/08\/oligui-nguema-present-au-sommet-de-la-ceeac-a-malabo\/#primaryimage\"},\"thumbnailUrl\":\"https:\/\/gabonnouvellevision.com\/gnv\/wp-content\/uploads\/2025\/09\/544420296_122272382060025336_639187361171886701_n.jpg\",\"datePublished\":\"2025-09-08T08:35:15+00:00\",\"dateModified\":\"2025-09-08T08:35:16+00:00\",\"breadcrumb\":{\"@id\":\"https:\/\/gabonnouvellevision.com\/gnv\/2025\/09\/08\/oligui-nguema-present-au-sommet-de-la-ceeac-a-malabo\/#breadcrumb\"},\"inLanguage\":\"fr-FR\",\"potentialAction\":[{\"@type\":\"ReadAction\",\"target\":[\"https:\/\/gabonnouvellevision.com\/gnv\/2025\/09\/08\/oligui-nguema-present-au-sommet-de-la-ceeac-a-malabo\/\"]}]},{\"@type\":\"ImageObject\",\"inLanguage\":\"fr-FR\",\"@id\":\"https:\/\/gabonnouvellevision.com\/gnv\/2025\/09\/08\/oligui-nguema-present-au-sommet-de-la-ceeac-a-malabo\/#primaryimage\",\"url\":\"https:\/\/gabonnouvellevision.com\/gnv\/wp-content\/uploads\/2025\/09\/544420296_122272382060025336_639187361171886701_n.jpg\",\"contentUrl\":\"https:\/\/gabonnouvellevision.com\/gnv\/wp-content\/uploads\/2025\/09\/544420296_122272382060025336_639187361171886701_n.jpg\",\"width\":2048,\"height\":1323},{\"@type\":\"BreadcrumbList\",\"@id\":\"https:\/\/gabonnouvellevision.com\/gnv\/2025\/09\/08\/oligui-nguema-present-au-sommet-de-la-ceeac-a-malabo\/#breadcrumb\",\"itemListElement\":[{\"@type\":\"ListItem\",\"position\":1,\"name\":\"Accueil\",\"item\":\"https:\/\/gabonnouvellevision.com\/gnv\/\"},{\"@type\":\"ListItem\",\"position\":2,\"name\":\"Oligui Nguema pr\u00e9sent au sommet de la CEEAC \u00e0 Malabo\"}]},{\"@type\":\"WebSite\",\"@id\":\"https:\/\/gabonnouvellevision.com\/gnv\/#website\",\"url\":\"https:\/\/gabonnouvellevision.com\/gnv\/\",\"name\":\"Gabon Nouvelle Vision\",\"description\":\"\",\"publisher\":{\"@id\":\"https:\/\/gabonnouvellevision.com\/gnv\/#organization\"},\"potentialAction\":[{\"@type\":\"SearchAction\",\"target\":{\"@type\":\"EntryPoint\",\"urlTemplate\":\"https:\/\/gabonnouvellevision.com\/gnv\/?s={search_term_string}\"},\"query-input\":{\"@type\":\"PropertyValueSpecification\",\"valueRequired\":true,\"valueName\":\"search_term_string\"}}],\"inLanguage\":\"fr-FR\"},{\"@type\":\"Organization\",\"@id\":\"https:\/\/gabonnouvellevision.com\/gnv\/#organization\",\"name\":\"Gabon Nouvelle Vision\",\"url\":\"https:\/\/gabonnouvellevision.com\/gnv\/\",\"logo\":{\"@type\":\"ImageObject\",\"inLanguage\":\"fr-FR\",\"@id\":\"https:\/\/gabonnouvellevision.com\/gnv\/#\/schema\/logo\/image\/\",\"url\":\"https:\/\/gabonnouvellevision.com\/gnv\/wp-content\/uploads\/2025\/01\/logo-text_Plan-de-travail-1.png\",\"contentUrl\":\"https:\/\/gabonnouvellevision.com\/gnv\/wp-content\/uploads\/2025\/01\/logo-text_Plan-de-travail-1.png\",\"width\":7169,\"height\":2390,\"caption\":\"Gabon Nouvelle Vision\"},\"image\":{\"@id\":\"https:\/\/gabonnouvellevision.com\/gnv\/#\/schema\/logo\/image\/\"},\"sameAs\":[\"https:\/\/www.facebook.com\/GNVofficiel\"]},{\"@type\":\"Person\",\"@id\":\"https:\/\/gabonnouvellevision.com\/gnv\/#\/schema\/person\/4b48e07d222f83c0285affc3704bc899\",\"name\":\"Eyeng Obame\",\"image\":{\"@type\":\"ImageObject\",\"inLanguage\":\"fr-FR\",\"@id\":\"https:\/\/gabonnouvellevision.com\/gnv\/#\/schema\/person\/image\/\",\"url\":\"https:\/\/secure.gravatar.com\/avatar\/167bc03b8baf3c77318a47159f80871de6f5a6cbf4bc8b6af750fbc1a369d7bf?s=96&d=mm&r=g\",\"contentUrl\":\"https:\/\/secure.gravatar.com\/avatar\/167bc03b8baf3c77318a47159f80871de6f5a6cbf4bc8b6af750fbc1a369d7bf?s=96&d=mm&r=g\",\"caption\":\"Eyeng Obame\"},\"url\":\"https:\/\/gabonnouvellevision.com\/gnv\/author\/rufin\/\"}]}<\/script>\n<!-- \/ Yoast SEO plugin. -->","yoast_head_json":{"title":"Oligui Nguema pr\u00e9sent au sommet de la CEEAC \u00e0 Malabo - Gabon Nouvelle Vision","robots":{"index":"index","follow":"follow","max-snippet":"max-snippet:-1","max-image-preview":"max-image-preview:large","max-video-preview":"max-video-preview:-1"},"canonical":"https:\/\/gabonnouvellevision.com\/gnv\/2025\/09\/08\/oligui-nguema-present-au-sommet-de-la-ceeac-a-malabo\/","og_locale":"fr_FR","og_type":"article","og_title":"Oligui Nguema pr\u00e9sent au sommet de la CEEAC \u00e0 Malabo - Gabon Nouvelle Vision","og_description":"Le Pr\u00e9sident de la R\u00e9publique, Brice Clotaire Oligui Nguema, a particip\u00e9 hier \u00e0 Malabo en Guin\u00e9e \u00e9quatoriale \u00e0 la 7\u1d49 Session Extraordinaire de la Conf\u00e9rence des Chefs d\u2019\u00c9tat et de Gouvernement de la CEEAC. Pr\u00e9sid\u00e9e par S.E. Obiang Nguema Mbasogo, Pr\u00e9sident en exercice de la CEEAC, cette rencontre a r\u00e9uni les dirigeants de la sous-r\u00e9gion [&hellip;]","og_url":"https:\/\/gabonnouvellevision.com\/gnv\/2025\/09\/08\/oligui-nguema-present-au-sommet-de-la-ceeac-a-malabo\/","og_site_name":"Gabon Nouvelle Vision","article_publisher":"https:\/\/www.facebook.com\/GNVofficiel","article_published_time":"2025-09-08T08:35:15+00:00","article_modified_time":"2025-09-08T08:35:16+00:00","og_image":[{"width":2048,"height":1323,"url":"https:\/\/gabonnouvellevision.com\/gnv\/wp-content\/uploads\/2025\/09\/544420296_122272382060025336_639187361171886701_n.jpg","type":"image\/jpeg"}],"author":"Eyeng Obame","twitter_card":"summary_large_image","twitter_misc":{"\u00c9crit par":"Eyeng Obame","Dur\u00e9e de lecture estim\u00e9e":"1 minute"},"schema":{"@context":"https:\/\/schema.org","@graph":[{"@type":"Article","@id":"https:\/\/gabonnouvellevision.com\/gnv\/2025\/09\/08\/oligui-nguema-present-au-sommet-de-la-ceeac-a-malabo\/#article","isPartOf":{"@id":"https:\/\/gabonnouvellevision.com\/gnv\/2025\/09\/08\/oligui-nguema-present-au-sommet-de-la-ceeac-a-malabo\/"},"author":{"name":"Eyeng Obame","@id":"https:\/\/gabonnouvellevision.com\/gnv\/#\/schema\/person\/4b48e07d222f83c0285affc3704bc899"},"headline":"Oligui Nguema pr\u00e9sent au sommet de la CEEAC \u00e0 Malabo","datePublished":"2025-09-08T08:35:15+00:00","dateModified":"2025-09-08T08:35:16+00:00","mainEntityOfPage":{"@id":"https:\/\/gabonnouvellevision.com\/gnv\/2025\/09\/08\/oligui-nguema-present-au-sommet-de-la-ceeac-a-malabo\/"},"wordCount":139,"commentCount":0,"publisher":{"@id":"https:\/\/gabonnouvellevision.com\/gnv\/#organization"},"image":{"@id":"https:\/\/gabonnouvellevision.com\/gnv\/2025\/09\/08\/oligui-nguema-present-au-sommet-de-la-ceeac-a-malabo\/#primaryimage"},"thumbnailUrl":"https:\/\/gabonnouvellevision.com\/gnv\/wp-content\/uploads\/2025\/09\/544420296_122272382060025336_639187361171886701_n.jpg","articleSection":["A la une","Actualites","Diplomatie"],"inLanguage":"fr-FR","potentialAction":[{"@type":"CommentAction","name":"Comment","target":["https:\/\/gabonnouvellevision.com\/gnv\/2025\/09\/08\/oligui-nguema-present-au-sommet-de-la-ceeac-a-malabo\/#respond"]}]},{"@type":"WebPage","@id":"https:\/\/gabonnouvellevision.com\/gnv\/2025\/09\/08\/oligui-nguema-present-au-sommet-de-la-ceeac-a-malabo\/","url":"https:\/\/gabonnouvellevision.com\/gnv\/2025\/09\/08\/oligui-nguema-present-au-sommet-de-la-ceeac-a-malabo\/","name":"Oligui Nguema pr\u00e9sent au sommet de la CEEAC \u00e0 Malabo - Gabon Nouvelle Vision","isPartOf":{"@id":"https:\/\/gabonnouvellevision.com\/gnv\/#website"},"primaryImageOfPage":{"@id":"https:\/\/gabonnouvellevision.com\/gnv\/2025\/09\/08\/oligui-nguema-present-au-sommet-de-la-ceeac-a-malabo\/#primaryimage"},"image":{"@id":"https:\/\/gabonnouvellevision.com\/gnv\/2025\/09\/08\/oligui-nguema-present-au-sommet-de-la-ceeac-a-malabo\/#primaryimage"},"thumbnailUrl":"https:\/\/gabonnouvellevision.com\/gnv\/wp-content\/uploads\/2025\/09\/544420296_122272382060025336_639187361171886701_n.jpg","datePublished":"2025-09-08T08:35:15+00:00","dateModified":"2025-09-08T08:35:16+00:00","breadcrumb":{"@id":"https:\/\/gabonnouvellevision.com\/gnv\/2025\/09\/08\/oligui-nguema-present-au-sommet-de-la-ceeac-a-malabo\/#breadcrumb"},"inLanguage":"fr-FR","potentialAction":[{"@type":"ReadAction","target":["https:\/\/gabonnouvellevision.com\/gnv\/2025\/09\/08\/oligui-nguema-present-au-sommet-de-la-ceeac-a-malabo\/"]}]},{"@type":"ImageObject","inLanguage":"fr-FR","@id":"https:\/\/gabonnouvellevision.com\/gnv\/2025\/09\/08\/oligui-nguema-present-au-sommet-de-la-ceeac-a-malabo\/#primaryimage","url":"https:\/\/gabonnouvellevision.com\/gnv\/wp-content\/uploads\/2025\/09\/544420296_122272382060025336_639187361171886701_n.jpg","contentUrl":"https:\/\/gabonnouvellevision.com\/gnv\/wp-content\/uploads\/2025\/09\/544420296_122272382060025336_639187361171886701_n.jpg","width":2048,"height":1323},{"@type":"BreadcrumbList","@id":"https:\/\/gabonnouvellevision.com\/gnv\/2025\/09\/08\/oligui-nguema-present-au-sommet-de-la-ceeac-a-malabo\/#breadcrumb","itemListElement":[{"@type":"ListItem","position":1,"name":"Accueil","item":"https:\/\/gabonnouvellevision.com\/gnv\/"},{"@type":"ListItem","position":2,"name":"Oligui Nguema pr\u00e9sent au sommet de la CEEAC \u00e0 Malabo"}]},{"@type":"WebSite","@id":"https:\/\/gabonnouvellevision.com\/gnv\/#website","url":"https:\/\/gabonnouvellevision.com\/gnv\/","name":"Gabon Nouvelle Vision","description":"","publisher":{"@id":"https:\/\/gabonnouvellevision.com\/gnv\/#organization"},"potentialAction":[{"@type":"SearchAction","target":{"@type":"EntryPoint","urlTemplate":"https:\/\/gabonnouvellevision.com\/gnv\/?s={search_term_string}"},"query-input":{"@type":"PropertyValueSpecification","valueRequired":true,"valueName":"search_term_string"}}],"inLanguage":"fr-FR"},{"@type":"Organization","@id":"https:\/\/gabonnouvellevision.com\/gnv\/#organization","name":"Gabon Nouvelle Vision","url":"https:\/\/gabonnouvellevision.com\/gnv\/","logo":{"@type":"ImageObject","inLanguage":"fr-FR","@id":"https:\/\/gabonnouvellevision.com\/gnv\/#\/schema\/logo\/image\/","url":"https:\/\/gabonnouvellevision.com\/gnv\/wp-content\/uploads\/2025\/01\/logo-text_Plan-de-travail-1.png","contentUrl":"https:\/\/gabonnouvellevision.com\/gnv\/wp-content\/uploads\/2025\/01\/logo-text_Plan-de-travail-1.png","width":7169,"height":2390,"caption":"Gabon Nouvelle Vision"},"image":{"@id":"https:\/\/gabonnouvellevision.com\/gnv\/#\/schema\/logo\/image\/"},"sameAs":["https:\/\/www.facebook.com\/GNVofficiel"]},{"@type":"Person","@id":"https:\/\/gabonnouvellevision.com\/gnv\/#\/schema\/person\/4b48e07d222f83c0285affc3704bc899","name":"Eyeng Obame","image":{"@type":"ImageObject","inLanguage":"fr-FR","@id":"https:\/\/gabonnouvellevision.com\/gnv\/#\/schema\/person\/image\/","url":"https:\/\/secure.gravatar.com\/avatar\/167bc03b8baf3c77318a47159f80871de6f5a6cbf4bc8b6af750fbc1a369d7bf?s=96&d=mm&r=g","contentUrl":"https:\/\/secure.gravatar.com\/avatar\/167bc03b8baf3c77318a47159f80871de6f5a6cbf4bc8b6af750fbc1a369d7bf?s=96&d=mm&r=g","caption":"Eyeng Obame"},"url":"https:\/\/gabonnouvellevision.com\/gnv\/author\/rufin\/"}]}},"_links":{"self":[{"href":"https:\/\/gabonnouvellevision.com\/gnv\/wp-json\/wp\/v2\/posts\/24210","targetHints":{"allow":["GET"]}}],"collection":[{"href":"https:\/\/gabonnouvellevision.com\/gnv\/wp-json\/wp\/v2\/posts"}],"about":[{"href":"https:\/\/gabonnouvellevision.com\/gnv\/wp-json\/wp\/v2\/types\/post"}],"author":[{"embeddable":true,"href":"https:\/\/gabonnouvellevision.com\/gnv\/wp-json\/wp\/v2\/users\/7"}],"replies":[{"embeddable":true,"href":"https:\/\/gabonnouvellevision.com\/gnv\/wp-json\/wp\/v2\/comments?post=24210"}],"version-history":[{"count":1,"href":"https:\/\/gabonnouvellevision.com\/gnv\/wp-json\/wp\/v2\/posts\/24210\/revisions"}],"predecessor-version":[{"id":24212,"href":"https:\/\/gabonnouvellevision.com\/gnv\/wp-json\/wp\/v2\/posts\/24210\/revisions\/24212"}],"wp:featuredmedia":[{"embeddable":true,"href":"https:\/\/gabonnouvellevision.com\/gnv\/wp-json\/wp\/v2\/media\/24211"}],"wp:attachment":[{"href":"https:\/\/gabonnouvellevision.com\/gnv\/wp-json\/wp\/v2\/media?parent=24210"}],"wp:term":[{"taxonomy":"category","embeddable":true,"href":"https:\/\/gabonnouvellevision.com\/gnv\/wp-json\/wp\/v2\/categories?post=24210"},{"taxonomy":"post_tag","embeddable":true,"href":"https:\/\/gabonnouvellevision.com\/gnv\/wp-json\/wp\/v2\/tags?post=24210"}],"curies":[{"name":"wp","href":"https:\/\/api.w.org\/{rel}","templated":true}]}}