{"id":24207,"date":"2025-09-03T11:17:44","date_gmt":"2025-09-03T09:17:44","guid":{"rendered":"https:\/\/gabonnouvellevision.com\/gnv\/?p=24207"},"modified":"2025-09-03T11:17:45","modified_gmt":"2025-09-03T09:17:45","slug":"lopam-denonce-la-convocation-des-journalistes-de-gabon-media-time-par-la-dgr","status":"publish","type":"post","link":"https:\/\/gabonnouvellevision.com\/gnv\/2025\/09\/03\/lopam-denonce-la-convocation-des-journalistes-de-gabon-media-time-par-la-dgr\/","title":{"rendered":"L\u2019OPAM d\u00e9nonce la convocation des journalistes de Gabon M\u00e9dia Time par la DGR"},"content":{"rendered":"\n<p>Jean Yves Ntoutoume, Pr\u00e9sident de l&rsquo;OPAM<\/p>\n\n\n\n<p><strong>L\u2019Organisation Patronale des M\u00e9dias (OPAM) d\u00e9nonce la convocation d\u2019un journaliste \u00e0 la DGR et alerte sur les menaces r\u00e9p\u00e9t\u00e9es contre la libert\u00e9 de la&nbsp;presse. L\u2019Organisation Patronale des M\u00e9dias (OPAM) exprime sa plus vive indignation suite \u00e0 la convocation, ce mercredi 03 septembre 2025 \u00e0 10h00, de Monsieur Harold Leckat Igassela, Directeur de publication du journal en ligne Gabon Media. Time, ainsi que l\u2019un de ses collaborateurs, contributeur r\u00e9gulier sous le pseudonyme Casimir Mapiya, par la Direction G\u00e9n\u00e9rale des Recherches (DGR) de la Gendarmerie nationale.&nbsp;<\/strong><\/p>\n\n\n\n<p>Selon les \u00e9l\u00e9ments port\u00e9s \u00e0 notre connaissance, cette audition, diligent\u00e9e par un Officier de police judiciaire, s\u2019inscrit dans le cadre d\u2019une enqu\u00eate p\u00e9nale visant des contenus journalistiques publi\u00e9s sur ladite plateforme. Cette convocation intervient alors m\u00eame qu\u2019une proc\u00e9dure est d\u00e9j\u00e0 en cours devant la Haute Autorit\u00e9 de la Communication (HAC), saisie par la ministre Laurence Ndong.&nbsp;<\/p>\n\n\n\n<p><strong>Un glissement dangereux vers la criminalisation du journalisme&nbsp;<\/strong><strong><\/strong><\/p>\n\n\n\n<p>L\u2019OPAM d\u00e9nonce avec fermet\u00e9 cette \u00e9ni\u00e8me tentative d\u2019intimidation \u00e0 l\u2019encontre d\u2019un journaliste dans l\u2019exercice de ses fonctions. Nous rappelons que le d\u00e9lit de presse est d\u00e9p\u00e9nalis\u00e9 en R\u00e9publique gabonaise depuis l\u2019entr\u00e9e en vigueur de l\u2019Ordonnance n\u00b000000012\/PR\/2018 du 23 f\u00e9vrier 2018, ce qui rend inacceptable toute convocation \u00e0 des fins judiciaires p\u00e9nales pour des faits relevant strictement de l\u2019activit\u00e9 r\u00e9dactionnelle.&nbsp;<\/p>\n\n\n\n<p>De tels agissements participent d\u2019un climat de harc\u00e8lement institutionnalis\u00e9 visant \u00e0 affaiblir les m\u00e9dias libres, \u00e0 restreindre la libert\u00e9 d\u2019expression et \u00e0 b\u00e2illonner toute parole critique dans l\u2019espace public, au m\u00e9pris des principes d\u00e9mocratiques fondamentaux.&nbsp;<\/p>\n\n\n\n<p><strong>L\u2019OPAM appelle \u00e0 la vigilance et \u00e0 la solidarit\u00e9&nbsp;<\/strong><strong><\/strong><\/p>\n\n\n\n<p>L\u2019Organisation Patronale des M\u00e9dias appelle les autorit\u00e9s gabonaises, les institutions de r\u00e9gulation, les partenaires internationaux et l\u2019ensemble de la communaut\u00e9 journalistique \u00e0 rester vigilants et mobilis\u00e9s face \u00e0 cette d\u00e9rive pr\u00e9occupante.&nbsp;<\/p>\n\n\n\n<p>Nous exprimons notre plein soutien au Directeur de publication de Gabon Media Time, \u00e0 l\u2019ensemble de sa r\u00e9daction, et \u00e0 tous les journalistes qui subissent des pressions en raison de leur travail d\u2019information.&nbsp;<\/p>\n\n\n\n<p>L\u2019OPAM demande \u00e0 ce que toute enqu\u00eate li\u00e9e \u00e0 des publications journalistiques soit strictement encadr\u00e9e par les dispositions du Code de la communication, dans le respect du droit \u00e0 l\u2019information, de la protection des sources, et de la libert\u00e9 de la presse, pilier d\u2019un \u00c9tat de droit.&nbsp;<\/p>\n\n\n\n<p>Nous r\u00e9affirmons notre engagement ind\u00e9fectible \u00e0 d\u00e9fendre l\u2019ind\u00e9pendance des r\u00e9dactions, la dignit\u00e9 des professionnels des m\u00e9dias, et la pluralit\u00e9 de l\u2019information, garanties essentielles \u00e0 la vitalit\u00e9 d\u00e9mocratique de notre pays.&nbsp;<\/p>\n\n\n\n<p><strong>Pour l\u2019Organisation Patronale des M\u00e9dias (OPAM)<\/strong><\/p>\n\n\n\n<p><strong>Le Pr\u00e9sident&nbsp;<\/strong><\/p>\n\n\n\n<p><strong>Jean-Yves Ntoutoume&nbsp;<\/strong><\/p>\n","protected":false},"excerpt":{"rendered":"<p>Jean Yves Ntoutoume, Pr\u00e9sident de l&rsquo;OPAM L\u2019Organisation Patronale des M\u00e9dias (OPAM) d\u00e9nonce la convocation d\u2019un journaliste \u00e0 la DGR et alerte sur les menaces r\u00e9p\u00e9t\u00e9es contre la libert\u00e9 de la&nbsp;presse. L\u2019Organisation Patronale des M\u00e9dias (OPAM) exprime sa plus vive indignation suite \u00e0 la convocation, ce mercredi 03 septembre 2025 \u00e0 10h00, de Monsieur Harold Leckat [&hellip;]<\/p>\n","protected":false},"author":7,"featured_media":24208,"comment_status":"open","ping_status":"open","sticky":false,"template":"","format":"standard","meta":{"footnotes":""},"categories":[57,55,68,56],"tags":[],"class_list":["post-24207","post","type-post","status-publish","format-standard","has-post-thumbnail","hentry","category-a-la-une","category-actualites","category-culture","category-societe"],"yoast_head":"<!-- This site is optimized with the Yoast SEO plugin v24.2 - https:\/\/yoast.com\/wordpress\/plugins\/seo\/ -->\n<title>L\u2019OPAM d\u00e9nonce la convocation des journalistes de Gabon M\u00e9dia Time par la DGR - Gabon Nouvelle Vision<\/title>\n<meta name=\"robots\" content=\"index, follow, max-snippet:-1, max-image-preview:large, max-video-preview:-1\" \/>\n<link rel=\"canonical\" href=\"https:\/\/gabonnouvellevision.com\/gnv\/2025\/09\/03\/lopam-denonce-la-convocation-des-journalistes-de-gabon-media-time-par-la-dgr\/\" \/>\n<meta property=\"og:locale\" content=\"fr_FR\" \/>\n<meta property=\"og:type\" content=\"article\" \/>\n<meta property=\"og:title\" content=\"L\u2019OPAM d\u00e9nonce la convocation des journalistes de Gabon M\u00e9dia Time par la DGR - Gabon Nouvelle Vision\" \/>\n<meta property=\"og:description\" content=\"Jean Yves Ntoutoume, Pr\u00e9sident de l&rsquo;OPAM L\u2019Organisation Patronale des M\u00e9dias (OPAM) d\u00e9nonce la convocation d\u2019un journaliste \u00e0 la DGR et alerte sur les menaces r\u00e9p\u00e9t\u00e9es contre la libert\u00e9 de la&nbsp;presse. L\u2019Organisation Patronale des M\u00e9dias (OPAM) exprime sa plus vive indignation suite \u00e0 la convocation, ce mercredi 03 septembre 2025 \u00e0 10h00, de Monsieur Harold Leckat [&hellip;]\" \/>\n<meta property=\"og:url\" content=\"https:\/\/gabonnouvellevision.com\/gnv\/2025\/09\/03\/lopam-denonce-la-convocation-des-journalistes-de-gabon-media-time-par-la-dgr\/\" \/>\n<meta property=\"og:site_name\" content=\"Gabon Nouvelle Vision\" \/>\n<meta property=\"article:publisher\" content=\"https:\/\/www.facebook.com\/GNVofficiel\" \/>\n<meta property=\"article:published_time\" content=\"2025-09-03T09:17:44+00:00\" \/>\n<meta property=\"article:modified_time\" content=\"2025-09-03T09:17:45+00:00\" \/>\n<meta property=\"og:image\" content=\"https:\/\/gabonnouvellevision.com\/gnv\/wp-content\/uploads\/2025\/09\/Gabon-Gabonmediatime_Jean-Yves-Ntoutoume-OPAM.jpg\" \/>\n\t<meta property=\"og:image:width\" content=\"960\" \/>\n\t<meta property=\"og:image:height\" content=\"540\" \/>\n\t<meta property=\"og:image:type\" content=\"image\/jpeg\" \/>\n<meta name=\"author\" content=\"Eyeng Obame\" \/>\n<meta name=\"twitter:card\" content=\"summary_large_image\" \/>\n<meta name=\"twitter:label1\" content=\"\u00c9crit par\" \/>\n\t<meta name=\"twitter:data1\" content=\"Eyeng Obame\" \/>\n\t<meta name=\"twitter:label2\" content=\"Dur\u00e9e de lecture estim\u00e9e\" \/>\n\t<meta name=\"twitter:data2\" content=\"3 minutes\" \/>\n<script type=\"application\/ld+json\" class=\"yoast-schema-graph\">{\"@context\":\"https:\/\/schema.org\",\"@graph\":[{\"@type\":\"Article\",\"@id\":\"https:\/\/gabonnouvellevision.com\/gnv\/2025\/09\/03\/lopam-denonce-la-convocation-des-journalistes-de-gabon-media-time-par-la-dgr\/#article\",\"isPartOf\":{\"@id\":\"https:\/\/gabonnouvellevision.com\/gnv\/2025\/09\/03\/lopam-denonce-la-convocation-des-journalistes-de-gabon-media-time-par-la-dgr\/\"},\"author\":{\"name\":\"Eyeng Obame\",\"@id\":\"https:\/\/gabonnouvellevision.com\/gnv\/#\/schema\/person\/4b48e07d222f83c0285affc3704bc899\"},\"headline\":\"L\u2019OPAM d\u00e9nonce la convocation des journalistes de Gabon M\u00e9dia Time par la DGR\",\"datePublished\":\"2025-09-03T09:17:44+00:00\",\"dateModified\":\"2025-09-03T09:17:45+00:00\",\"mainEntityOfPage\":{\"@id\":\"https:\/\/gabonnouvellevision.com\/gnv\/2025\/09\/03\/lopam-denonce-la-convocation-des-journalistes-de-gabon-media-time-par-la-dgr\/\"},\"wordCount\":497,\"commentCount\":0,\"publisher\":{\"@id\":\"https:\/\/gabonnouvellevision.com\/gnv\/#organization\"},\"image\":{\"@id\":\"https:\/\/gabonnouvellevision.com\/gnv\/2025\/09\/03\/lopam-denonce-la-convocation-des-journalistes-de-gabon-media-time-par-la-dgr\/#primaryimage\"},\"thumbnailUrl\":\"https:\/\/gabonnouvellevision.com\/gnv\/wp-content\/uploads\/2025\/09\/Gabon-Gabonmediatime_Jean-Yves-Ntoutoume-OPAM.jpg\",\"articleSection\":[\"A la une\",\"Actualites\",\"Culture\",\"Societe\"],\"inLanguage\":\"fr-FR\",\"potentialAction\":[{\"@type\":\"CommentAction\",\"name\":\"Comment\",\"target\":[\"https:\/\/gabonnouvellevision.com\/gnv\/2025\/09\/03\/lopam-denonce-la-convocation-des-journalistes-de-gabon-media-time-par-la-dgr\/#respond\"]}]},{\"@type\":\"WebPage\",\"@id\":\"https:\/\/gabonnouvellevision.com\/gnv\/2025\/09\/03\/lopam-denonce-la-convocation-des-journalistes-de-gabon-media-time-par-la-dgr\/\",\"url\":\"https:\/\/gabonnouvellevision.com\/gnv\/2025\/09\/03\/lopam-denonce-la-convocation-des-journalistes-de-gabon-media-time-par-la-dgr\/\",\"name\":\"L\u2019OPAM d\u00e9nonce la convocation des journalistes de Gabon M\u00e9dia Time par la DGR - Gabon Nouvelle Vision\",\"isPartOf\":{\"@id\":\"https:\/\/gabonnouvellevision.com\/gnv\/#website\"},\"primaryImageOfPage\":{\"@id\":\"https:\/\/gabonnouvellevision.com\/gnv\/2025\/09\/03\/lopam-denonce-la-convocation-des-journalistes-de-gabon-media-time-par-la-dgr\/#primaryimage\"},\"image\":{\"@id\":\"https:\/\/gabonnouvellevision.com\/gnv\/2025\/09\/03\/lopam-denonce-la-convocation-des-journalistes-de-gabon-media-time-par-la-dgr\/#primaryimage\"},\"thumbnailUrl\":\"https:\/\/gabonnouvellevision.com\/gnv\/wp-content\/uploads\/2025\/09\/Gabon-Gabonmediatime_Jean-Yves-Ntoutoume-OPAM.jpg\",\"datePublished\":\"2025-09-03T09:17:44+00:00\",\"dateModified\":\"2025-09-03T09:17:45+00:00\",\"breadcrumb\":{\"@id\":\"https:\/\/gabonnouvellevision.com\/gnv\/2025\/09\/03\/lopam-denonce-la-convocation-des-journalistes-de-gabon-media-time-par-la-dgr\/#breadcrumb\"},\"inLanguage\":\"fr-FR\",\"potentialAction\":[{\"@type\":\"ReadAction\",\"target\":[\"https:\/\/gabonnouvellevision.com\/gnv\/2025\/09\/03\/lopam-denonce-la-convocation-des-journalistes-de-gabon-media-time-par-la-dgr\/\"]}]},{\"@type\":\"ImageObject\",\"inLanguage\":\"fr-FR\",\"@id\":\"https:\/\/gabonnouvellevision.com\/gnv\/2025\/09\/03\/lopam-denonce-la-convocation-des-journalistes-de-gabon-media-time-par-la-dgr\/#primaryimage\",\"url\":\"https:\/\/gabonnouvellevision.com\/gnv\/wp-content\/uploads\/2025\/09\/Gabon-Gabonmediatime_Jean-Yves-Ntoutoume-OPAM.jpg\",\"contentUrl\":\"https:\/\/gabonnouvellevision.com\/gnv\/wp-content\/uploads\/2025\/09\/Gabon-Gabonmediatime_Jean-Yves-Ntoutoume-OPAM.jpg\",\"width\":960,\"height\":540},{\"@type\":\"BreadcrumbList\",\"@id\":\"https:\/\/gabonnouvellevision.com\/gnv\/2025\/09\/03\/lopam-denonce-la-convocation-des-journalistes-de-gabon-media-time-par-la-dgr\/#breadcrumb\",\"itemListElement\":[{\"@type\":\"ListItem\",\"position\":1,\"name\":\"Accueil\",\"item\":\"https:\/\/gabonnouvellevision.com\/gnv\/\"},{\"@type\":\"ListItem\",\"position\":2,\"name\":\"L\u2019OPAM d\u00e9nonce la convocation des journalistes de Gabon M\u00e9dia Time par la DGR\"}]},{\"@type\":\"WebSite\",\"@id\":\"https:\/\/gabonnouvellevision.com\/gnv\/#website\",\"url\":\"https:\/\/gabonnouvellevision.com\/gnv\/\",\"name\":\"Gabon Nouvelle Vision\",\"description\":\"\",\"publisher\":{\"@id\":\"https:\/\/gabonnouvellevision.com\/gnv\/#organization\"},\"potentialAction\":[{\"@type\":\"SearchAction\",\"target\":{\"@type\":\"EntryPoint\",\"urlTemplate\":\"https:\/\/gabonnouvellevision.com\/gnv\/?s={search_term_string}\"},\"query-input\":{\"@type\":\"PropertyValueSpecification\",\"valueRequired\":true,\"valueName\":\"search_term_string\"}}],\"inLanguage\":\"fr-FR\"},{\"@type\":\"Organization\",\"@id\":\"https:\/\/gabonnouvellevision.com\/gnv\/#organization\",\"name\":\"Gabon Nouvelle Vision\",\"url\":\"https:\/\/gabonnouvellevision.com\/gnv\/\",\"logo\":{\"@type\":\"ImageObject\",\"inLanguage\":\"fr-FR\",\"@id\":\"https:\/\/gabonnouvellevision.com\/gnv\/#\/schema\/logo\/image\/\",\"url\":\"https:\/\/gabonnouvellevision.com\/gnv\/wp-content\/uploads\/2025\/01\/logo-text_Plan-de-travail-1.png\",\"contentUrl\":\"https:\/\/gabonnouvellevision.com\/gnv\/wp-content\/uploads\/2025\/01\/logo-text_Plan-de-travail-1.png\",\"width\":7169,\"height\":2390,\"caption\":\"Gabon Nouvelle Vision\"},\"image\":{\"@id\":\"https:\/\/gabonnouvellevision.com\/gnv\/#\/schema\/logo\/image\/\"},\"sameAs\":[\"https:\/\/www.facebook.com\/GNVofficiel\"]},{\"@type\":\"Person\",\"@id\":\"https:\/\/gabonnouvellevision.com\/gnv\/#\/schema\/person\/4b48e07d222f83c0285affc3704bc899\",\"name\":\"Eyeng Obame\",\"image\":{\"@type\":\"ImageObject\",\"inLanguage\":\"fr-FR\",\"@id\":\"https:\/\/gabonnouvellevision.com\/gnv\/#\/schema\/person\/image\/\",\"url\":\"https:\/\/secure.gravatar.com\/avatar\/167bc03b8baf3c77318a47159f80871de6f5a6cbf4bc8b6af750fbc1a369d7bf?s=96&d=mm&r=g\",\"contentUrl\":\"https:\/\/secure.gravatar.com\/avatar\/167bc03b8baf3c77318a47159f80871de6f5a6cbf4bc8b6af750fbc1a369d7bf?s=96&d=mm&r=g\",\"caption\":\"Eyeng Obame\"},\"url\":\"https:\/\/gabonnouvellevision.com\/gnv\/author\/rufin\/\"}]}<\/script>\n<!-- \/ Yoast SEO plugin. -->","yoast_head_json":{"title":"L\u2019OPAM d\u00e9nonce la convocation des journalistes de Gabon M\u00e9dia Time par la DGR - Gabon Nouvelle Vision","robots":{"index":"index","follow":"follow","max-snippet":"max-snippet:-1","max-image-preview":"max-image-preview:large","max-video-preview":"max-video-preview:-1"},"canonical":"https:\/\/gabonnouvellevision.com\/gnv\/2025\/09\/03\/lopam-denonce-la-convocation-des-journalistes-de-gabon-media-time-par-la-dgr\/","og_locale":"fr_FR","og_type":"article","og_title":"L\u2019OPAM d\u00e9nonce la convocation des journalistes de Gabon M\u00e9dia Time par la DGR - Gabon Nouvelle Vision","og_description":"Jean Yves Ntoutoume, Pr\u00e9sident de l&rsquo;OPAM L\u2019Organisation Patronale des M\u00e9dias (OPAM) d\u00e9nonce la convocation d\u2019un journaliste \u00e0 la DGR et alerte sur les menaces r\u00e9p\u00e9t\u00e9es contre la libert\u00e9 de la&nbsp;presse. L\u2019Organisation Patronale des M\u00e9dias (OPAM) exprime sa plus vive indignation suite \u00e0 la convocation, ce mercredi 03 septembre 2025 \u00e0 10h00, de Monsieur Harold Leckat [&hellip;]","og_url":"https:\/\/gabonnouvellevision.com\/gnv\/2025\/09\/03\/lopam-denonce-la-convocation-des-journalistes-de-gabon-media-time-par-la-dgr\/","og_site_name":"Gabon Nouvelle Vision","article_publisher":"https:\/\/www.facebook.com\/GNVofficiel","article_published_time":"2025-09-03T09:17:44+00:00","article_modified_time":"2025-09-03T09:17:45+00:00","og_image":[{"width":960,"height":540,"url":"https:\/\/gabonnouvellevision.com\/gnv\/wp-content\/uploads\/2025\/09\/Gabon-Gabonmediatime_Jean-Yves-Ntoutoume-OPAM.jpg","type":"image\/jpeg"}],"author":"Eyeng Obame","twitter_card":"summary_large_image","twitter_misc":{"\u00c9crit par":"Eyeng Obame","Dur\u00e9e de lecture estim\u00e9e":"3 minutes"},"schema":{"@context":"https:\/\/schema.org","@graph":[{"@type":"Article","@id":"https:\/\/gabonnouvellevision.com\/gnv\/2025\/09\/03\/lopam-denonce-la-convocation-des-journalistes-de-gabon-media-time-par-la-dgr\/#article","isPartOf":{"@id":"https:\/\/gabonnouvellevision.com\/gnv\/2025\/09\/03\/lopam-denonce-la-convocation-des-journalistes-de-gabon-media-time-par-la-dgr\/"},"author":{"name":"Eyeng Obame","@id":"https:\/\/gabonnouvellevision.com\/gnv\/#\/schema\/person\/4b48e07d222f83c0285affc3704bc899"},"headline":"L\u2019OPAM d\u00e9nonce la convocation des journalistes de Gabon M\u00e9dia Time par la DGR","datePublished":"2025-09-03T09:17:44+00:00","dateModified":"2025-09-03T09:17:45+00:00","mainEntityOfPage":{"@id":"https:\/\/gabonnouvellevision.com\/gnv\/2025\/09\/03\/lopam-denonce-la-convocation-des-journalistes-de-gabon-media-time-par-la-dgr\/"},"wordCount":497,"commentCount":0,"publisher":{"@id":"https:\/\/gabonnouvellevision.com\/gnv\/#organization"},"image":{"@id":"https:\/\/gabonnouvellevision.com\/gnv\/2025\/09\/03\/lopam-denonce-la-convocation-des-journalistes-de-gabon-media-time-par-la-dgr\/#primaryimage"},"thumbnailUrl":"https:\/\/gabonnouvellevision.com\/gnv\/wp-content\/uploads\/2025\/09\/Gabon-Gabonmediatime_Jean-Yves-Ntoutoume-OPAM.jpg","articleSection":["A la une","Actualites","Culture","Societe"],"inLanguage":"fr-FR","potentialAction":[{"@type":"CommentAction","name":"Comment","target":["https:\/\/gabonnouvellevision.com\/gnv\/2025\/09\/03\/lopam-denonce-la-convocation-des-journalistes-de-gabon-media-time-par-la-dgr\/#respond"]}]},{"@type":"WebPage","@id":"https:\/\/gabonnouvellevision.com\/gnv\/2025\/09\/03\/lopam-denonce-la-convocation-des-journalistes-de-gabon-media-time-par-la-dgr\/","url":"https:\/\/gabonnouvellevision.com\/gnv\/2025\/09\/03\/lopam-denonce-la-convocation-des-journalistes-de-gabon-media-time-par-la-dgr\/","name":"L\u2019OPAM d\u00e9nonce la convocation des journalistes de Gabon M\u00e9dia Time par la DGR - Gabon Nouvelle Vision","isPartOf":{"@id":"https:\/\/gabonnouvellevision.com\/gnv\/#website"},"primaryImageOfPage":{"@id":"https:\/\/gabonnouvellevision.com\/gnv\/2025\/09\/03\/lopam-denonce-la-convocation-des-journalistes-de-gabon-media-time-par-la-dgr\/#primaryimage"},"image":{"@id":"https:\/\/gabonnouvellevision.com\/gnv\/2025\/09\/03\/lopam-denonce-la-convocation-des-journalistes-de-gabon-media-time-par-la-dgr\/#primaryimage"},"thumbnailUrl":"https:\/\/gabonnouvellevision.com\/gnv\/wp-content\/uploads\/2025\/09\/Gabon-Gabonmediatime_Jean-Yves-Ntoutoume-OPAM.jpg","datePublished":"2025-09-03T09:17:44+00:00","dateModified":"2025-09-03T09:17:45+00:00","breadcrumb":{"@id":"https:\/\/gabonnouvellevision.com\/gnv\/2025\/09\/03\/lopam-denonce-la-convocation-des-journalistes-de-gabon-media-time-par-la-dgr\/#breadcrumb"},"inLanguage":"fr-FR","potentialAction":[{"@type":"ReadAction","target":["https:\/\/gabonnouvellevision.com\/gnv\/2025\/09\/03\/lopam-denonce-la-convocation-des-journalistes-de-gabon-media-time-par-la-dgr\/"]}]},{"@type":"ImageObject","inLanguage":"fr-FR","@id":"https:\/\/gabonnouvellevision.com\/gnv\/2025\/09\/03\/lopam-denonce-la-convocation-des-journalistes-de-gabon-media-time-par-la-dgr\/#primaryimage","url":"https:\/\/gabonnouvellevision.com\/gnv\/wp-content\/uploads\/2025\/09\/Gabon-Gabonmediatime_Jean-Yves-Ntoutoume-OPAM.jpg","contentUrl":"https:\/\/gabonnouvellevision.com\/gnv\/wp-content\/uploads\/2025\/09\/Gabon-Gabonmediatime_Jean-Yves-Ntoutoume-OPAM.jpg","width":960,"height":540},{"@type":"BreadcrumbList","@id":"https:\/\/gabonnouvellevision.com\/gnv\/2025\/09\/03\/lopam-denonce-la-convocation-des-journalistes-de-gabon-media-time-par-la-dgr\/#breadcrumb","itemListElement":[{"@type":"ListItem","position":1,"name":"Accueil","item":"https:\/\/gabonnouvellevision.com\/gnv\/"},{"@type":"ListItem","position":2,"name":"L\u2019OPAM d\u00e9nonce la convocation des journalistes de Gabon M\u00e9dia Time par la DGR"}]},{"@type":"WebSite","@id":"https:\/\/gabonnouvellevision.com\/gnv\/#website","url":"https:\/\/gabonnouvellevision.com\/gnv\/","name":"Gabon Nouvelle Vision","description":"","publisher":{"@id":"https:\/\/gabonnouvellevision.com\/gnv\/#organization"},"potentialAction":[{"@type":"SearchAction","target":{"@type":"EntryPoint","urlTemplate":"https:\/\/gabonnouvellevision.com\/gnv\/?s={search_term_string}"},"query-input":{"@type":"PropertyValueSpecification","valueRequired":true,"valueName":"search_term_string"}}],"inLanguage":"fr-FR"},{"@type":"Organization","@id":"https:\/\/gabonnouvellevision.com\/gnv\/#organization","name":"Gabon Nouvelle Vision","url":"https:\/\/gabonnouvellevision.com\/gnv\/","logo":{"@type":"ImageObject","inLanguage":"fr-FR","@id":"https:\/\/gabonnouvellevision.com\/gnv\/#\/schema\/logo\/image\/","url":"https:\/\/gabonnouvellevision.com\/gnv\/wp-content\/uploads\/2025\/01\/logo-text_Plan-de-travail-1.png","contentUrl":"https:\/\/gabonnouvellevision.com\/gnv\/wp-content\/uploads\/2025\/01\/logo-text_Plan-de-travail-1.png","width":7169,"height":2390,"caption":"Gabon Nouvelle Vision"},"image":{"@id":"https:\/\/gabonnouvellevision.com\/gnv\/#\/schema\/logo\/image\/"},"sameAs":["https:\/\/www.facebook.com\/GNVofficiel"]},{"@type":"Person","@id":"https:\/\/gabonnouvellevision.com\/gnv\/#\/schema\/person\/4b48e07d222f83c0285affc3704bc899","name":"Eyeng Obame","image":{"@type":"ImageObject","inLanguage":"fr-FR","@id":"https:\/\/gabonnouvellevision.com\/gnv\/#\/schema\/person\/image\/","url":"https:\/\/secure.gravatar.com\/avatar\/167bc03b8baf3c77318a47159f80871de6f5a6cbf4bc8b6af750fbc1a369d7bf?s=96&d=mm&r=g","contentUrl":"https:\/\/secure.gravatar.com\/avatar\/167bc03b8baf3c77318a47159f80871de6f5a6cbf4bc8b6af750fbc1a369d7bf?s=96&d=mm&r=g","caption":"Eyeng Obame"},"url":"https:\/\/gabonnouvellevision.com\/gnv\/author\/rufin\/"}]}},"_links":{"self":[{"href":"https:\/\/gabonnouvellevision.com\/gnv\/wp-json\/wp\/v2\/posts\/24207","targetHints":{"allow":["GET"]}}],"collection":[{"href":"https:\/\/gabonnouvellevision.com\/gnv\/wp-json\/wp\/v2\/posts"}],"about":[{"href":"https:\/\/gabonnouvellevision.com\/gnv\/wp-json\/wp\/v2\/types\/post"}],"author":[{"embeddable":true,"href":"https:\/\/gabonnouvellevision.com\/gnv\/wp-json\/wp\/v2\/users\/7"}],"replies":[{"embeddable":true,"href":"https:\/\/gabonnouvellevision.com\/gnv\/wp-json\/wp\/v2\/comments?post=24207"}],"version-history":[{"count":1,"href":"https:\/\/gabonnouvellevision.com\/gnv\/wp-json\/wp\/v2\/posts\/24207\/revisions"}],"predecessor-version":[{"id":24209,"href":"https:\/\/gabonnouvellevision.com\/gnv\/wp-json\/wp\/v2\/posts\/24207\/revisions\/24209"}],"wp:featuredmedia":[{"embeddable":true,"href":"https:\/\/gabonnouvellevision.com\/gnv\/wp-json\/wp\/v2\/media\/24208"}],"wp:attachment":[{"href":"https:\/\/gabonnouvellevision.com\/gnv\/wp-json\/wp\/v2\/media?parent=24207"}],"wp:term":[{"taxonomy":"category","embeddable":true,"href":"https:\/\/gabonnouvellevision.com\/gnv\/wp-json\/wp\/v2\/categories?post=24207"},{"taxonomy":"post_tag","embeddable":true,"href":"https:\/\/gabonnouvellevision.com\/gnv\/wp-json\/wp\/v2\/tags?post=24207"}],"curies":[{"name":"wp","href":"https:\/\/api.w.org\/{rel}","templated":true}]}}