{"id":24201,"date":"2025-08-27T12:25:53","date_gmt":"2025-08-27T10:25:53","guid":{"rendered":"https:\/\/gabonnouvellevision.com\/gnv\/?p=24201"},"modified":"2025-08-27T12:25:55","modified_gmt":"2025-08-27T10:25:55","slug":"le-couple-oligui-nguema-au-lac-bleu-de-mouila","status":"publish","type":"post","link":"https:\/\/gabonnouvellevision.com\/gnv\/2025\/08\/27\/le-couple-oligui-nguema-au-lac-bleu-de-mouila\/","title":{"rendered":"Le couple Oligui Nguema au Lac Bleu de Mouila"},"content":{"rendered":"\n<p><strong><em>Le Pr\u00e9sident de la R\u00e9publique, Brice Clotaire Oligui Nguema, accompagn\u00e9 de la Premi\u00e8re Dame, Madame Zita Oligui Nguema, a visit\u00e9 hier le mythique Lac Bleu de Mouila, dans la province de la Ngouni\u00e9<\/em><\/strong>.<\/p>\n\n\n\n<p>Cette \u00e9tape s\u2019inscrit dans le cadre de la 2\u1d49 \u00e9dition de la Caravane Touristique initi\u00e9e par le Minist\u00e8re du Tourisme Durable et de l\u2019Artisanat, visant \u00e0 valoriser et promouvoir les richesses naturelles et culturelles de notre pays.<\/p>\n\n\n\n<p>Par cette visite, les plus hautes autorit\u00e9s r\u00e9affirment leur engagement pour un tourisme durable, inclusif et cr\u00e9ateur d\u2019opportunit\u00e9s pour les communaut\u00e9s locales.<\/p>\n\n\n\n<p><strong>Sandrine Esseng Obame<\/strong><\/p>\n\n\n\n<p><strong>Source: Communication Pr\u00e9sidentielle<\/strong><\/p>\n","protected":false},"excerpt":{"rendered":"<p>Le Pr\u00e9sident de la R\u00e9publique, Brice Clotaire Oligui Nguema, accompagn\u00e9 de la Premi\u00e8re Dame, Madame Zita Oligui Nguema, a visit\u00e9 hier le mythique Lac Bleu de Mouila, dans la province de la Ngouni\u00e9. Cette \u00e9tape s\u2019inscrit dans le cadre de la 2\u1d49 \u00e9dition de la Caravane Touristique initi\u00e9e par le Minist\u00e8re du Tourisme Durable et [&hellip;]<\/p>\n","protected":false},"author":7,"featured_media":24202,"comment_status":"open","ping_status":"open","sticky":false,"template":"","format":"standard","meta":{"footnotes":""},"categories":[57,55,17],"tags":[],"class_list":["post-24201","post","type-post","status-publish","format-standard","has-post-thumbnail","hentry","category-a-la-une","category-actualites","category-business"],"yoast_head":"<!-- This site is optimized with the Yoast SEO plugin v24.2 - https:\/\/yoast.com\/wordpress\/plugins\/seo\/ -->\n<title>Le couple Oligui Nguema au Lac Bleu de Mouila - Gabon Nouvelle Vision<\/title>\n<meta name=\"robots\" content=\"index, follow, max-snippet:-1, max-image-preview:large, max-video-preview:-1\" \/>\n<link rel=\"canonical\" href=\"https:\/\/gabonnouvellevision.com\/gnv\/2025\/08\/27\/le-couple-oligui-nguema-au-lac-bleu-de-mouila\/\" \/>\n<meta property=\"og:locale\" content=\"fr_FR\" \/>\n<meta property=\"og:type\" content=\"article\" \/>\n<meta property=\"og:title\" content=\"Le couple Oligui Nguema au Lac Bleu de Mouila - Gabon Nouvelle Vision\" \/>\n<meta property=\"og:description\" content=\"Le Pr\u00e9sident de la R\u00e9publique, Brice Clotaire Oligui Nguema, accompagn\u00e9 de la Premi\u00e8re Dame, Madame Zita Oligui Nguema, a visit\u00e9 hier le mythique Lac Bleu de Mouila, dans la province de la Ngouni\u00e9. Cette \u00e9tape s\u2019inscrit dans le cadre de la 2\u1d49 \u00e9dition de la Caravane Touristique initi\u00e9e par le Minist\u00e8re du Tourisme Durable et [&hellip;]\" \/>\n<meta property=\"og:url\" content=\"https:\/\/gabonnouvellevision.com\/gnv\/2025\/08\/27\/le-couple-oligui-nguema-au-lac-bleu-de-mouila\/\" \/>\n<meta property=\"og:site_name\" content=\"Gabon Nouvelle Vision\" \/>\n<meta property=\"article:publisher\" content=\"https:\/\/www.facebook.com\/GNVofficiel\" \/>\n<meta property=\"article:published_time\" content=\"2025-08-27T10:25:53+00:00\" \/>\n<meta property=\"article:modified_time\" content=\"2025-08-27T10:25:55+00:00\" \/>\n<meta property=\"og:image\" content=\"https:\/\/gabonnouvellevision.com\/gnv\/wp-content\/uploads\/2025\/08\/539091499_122270226692025336_8798581029409135134_n.jpg\" \/>\n\t<meta property=\"og:image:width\" content=\"2048\" \/>\n\t<meta property=\"og:image:height\" content=\"1376\" \/>\n\t<meta property=\"og:image:type\" content=\"image\/jpeg\" \/>\n<meta name=\"author\" content=\"Eyeng Obame\" \/>\n<meta name=\"twitter:card\" content=\"summary_large_image\" \/>\n<meta name=\"twitter:label1\" content=\"\u00c9crit par\" \/>\n\t<meta name=\"twitter:data1\" content=\"Eyeng Obame\" \/>\n\t<meta name=\"twitter:label2\" content=\"Dur\u00e9e de lecture estim\u00e9e\" \/>\n\t<meta name=\"twitter:data2\" content=\"1 minute\" \/>\n<script type=\"application\/ld+json\" class=\"yoast-schema-graph\">{\"@context\":\"https:\/\/schema.org\",\"@graph\":[{\"@type\":\"Article\",\"@id\":\"https:\/\/gabonnouvellevision.com\/gnv\/2025\/08\/27\/le-couple-oligui-nguema-au-lac-bleu-de-mouila\/#article\",\"isPartOf\":{\"@id\":\"https:\/\/gabonnouvellevision.com\/gnv\/2025\/08\/27\/le-couple-oligui-nguema-au-lac-bleu-de-mouila\/\"},\"author\":{\"name\":\"Eyeng Obame\",\"@id\":\"https:\/\/gabonnouvellevision.com\/gnv\/#\/schema\/person\/4b48e07d222f83c0285affc3704bc899\"},\"headline\":\"Le couple Oligui Nguema au Lac Bleu de Mouila\",\"datePublished\":\"2025-08-27T10:25:53+00:00\",\"dateModified\":\"2025-08-27T10:25:55+00:00\",\"mainEntityOfPage\":{\"@id\":\"https:\/\/gabonnouvellevision.com\/gnv\/2025\/08\/27\/le-couple-oligui-nguema-au-lac-bleu-de-mouila\/\"},\"wordCount\":119,\"commentCount\":0,\"publisher\":{\"@id\":\"https:\/\/gabonnouvellevision.com\/gnv\/#organization\"},\"image\":{\"@id\":\"https:\/\/gabonnouvellevision.com\/gnv\/2025\/08\/27\/le-couple-oligui-nguema-au-lac-bleu-de-mouila\/#primaryimage\"},\"thumbnailUrl\":\"https:\/\/gabonnouvellevision.com\/gnv\/wp-content\/uploads\/2025\/08\/539091499_122270226692025336_8798581029409135134_n.jpg\",\"articleSection\":[\"A la une\",\"Actualites\",\"Business\"],\"inLanguage\":\"fr-FR\",\"potentialAction\":[{\"@type\":\"CommentAction\",\"name\":\"Comment\",\"target\":[\"https:\/\/gabonnouvellevision.com\/gnv\/2025\/08\/27\/le-couple-oligui-nguema-au-lac-bleu-de-mouila\/#respond\"]}]},{\"@type\":\"WebPage\",\"@id\":\"https:\/\/gabonnouvellevision.com\/gnv\/2025\/08\/27\/le-couple-oligui-nguema-au-lac-bleu-de-mouila\/\",\"url\":\"https:\/\/gabonnouvellevision.com\/gnv\/2025\/08\/27\/le-couple-oligui-nguema-au-lac-bleu-de-mouila\/\",\"name\":\"Le couple Oligui Nguema au Lac Bleu de Mouila - Gabon Nouvelle Vision\",\"isPartOf\":{\"@id\":\"https:\/\/gabonnouvellevision.com\/gnv\/#website\"},\"primaryImageOfPage\":{\"@id\":\"https:\/\/gabonnouvellevision.com\/gnv\/2025\/08\/27\/le-couple-oligui-nguema-au-lac-bleu-de-mouila\/#primaryimage\"},\"image\":{\"@id\":\"https:\/\/gabonnouvellevision.com\/gnv\/2025\/08\/27\/le-couple-oligui-nguema-au-lac-bleu-de-mouila\/#primaryimage\"},\"thumbnailUrl\":\"https:\/\/gabonnouvellevision.com\/gnv\/wp-content\/uploads\/2025\/08\/539091499_122270226692025336_8798581029409135134_n.jpg\",\"datePublished\":\"2025-08-27T10:25:53+00:00\",\"dateModified\":\"2025-08-27T10:25:55+00:00\",\"breadcrumb\":{\"@id\":\"https:\/\/gabonnouvellevision.com\/gnv\/2025\/08\/27\/le-couple-oligui-nguema-au-lac-bleu-de-mouila\/#breadcrumb\"},\"inLanguage\":\"fr-FR\",\"potentialAction\":[{\"@type\":\"ReadAction\",\"target\":[\"https:\/\/gabonnouvellevision.com\/gnv\/2025\/08\/27\/le-couple-oligui-nguema-au-lac-bleu-de-mouila\/\"]}]},{\"@type\":\"ImageObject\",\"inLanguage\":\"fr-FR\",\"@id\":\"https:\/\/gabonnouvellevision.com\/gnv\/2025\/08\/27\/le-couple-oligui-nguema-au-lac-bleu-de-mouila\/#primaryimage\",\"url\":\"https:\/\/gabonnouvellevision.com\/gnv\/wp-content\/uploads\/2025\/08\/539091499_122270226692025336_8798581029409135134_n.jpg\",\"contentUrl\":\"https:\/\/gabonnouvellevision.com\/gnv\/wp-content\/uploads\/2025\/08\/539091499_122270226692025336_8798581029409135134_n.jpg\",\"width\":2048,\"height\":1376},{\"@type\":\"BreadcrumbList\",\"@id\":\"https:\/\/gabonnouvellevision.com\/gnv\/2025\/08\/27\/le-couple-oligui-nguema-au-lac-bleu-de-mouila\/#breadcrumb\",\"itemListElement\":[{\"@type\":\"ListItem\",\"position\":1,\"name\":\"Accueil\",\"item\":\"https:\/\/gabonnouvellevision.com\/gnv\/\"},{\"@type\":\"ListItem\",\"position\":2,\"name\":\"Le couple Oligui Nguema au Lac Bleu de Mouila\"}]},{\"@type\":\"WebSite\",\"@id\":\"https:\/\/gabonnouvellevision.com\/gnv\/#website\",\"url\":\"https:\/\/gabonnouvellevision.com\/gnv\/\",\"name\":\"Gabon Nouvelle Vision\",\"description\":\"\",\"publisher\":{\"@id\":\"https:\/\/gabonnouvellevision.com\/gnv\/#organization\"},\"potentialAction\":[{\"@type\":\"SearchAction\",\"target\":{\"@type\":\"EntryPoint\",\"urlTemplate\":\"https:\/\/gabonnouvellevision.com\/gnv\/?s={search_term_string}\"},\"query-input\":{\"@type\":\"PropertyValueSpecification\",\"valueRequired\":true,\"valueName\":\"search_term_string\"}}],\"inLanguage\":\"fr-FR\"},{\"@type\":\"Organization\",\"@id\":\"https:\/\/gabonnouvellevision.com\/gnv\/#organization\",\"name\":\"Gabon Nouvelle Vision\",\"url\":\"https:\/\/gabonnouvellevision.com\/gnv\/\",\"logo\":{\"@type\":\"ImageObject\",\"inLanguage\":\"fr-FR\",\"@id\":\"https:\/\/gabonnouvellevision.com\/gnv\/#\/schema\/logo\/image\/\",\"url\":\"https:\/\/gabonnouvellevision.com\/gnv\/wp-content\/uploads\/2025\/01\/logo-text_Plan-de-travail-1.png\",\"contentUrl\":\"https:\/\/gabonnouvellevision.com\/gnv\/wp-content\/uploads\/2025\/01\/logo-text_Plan-de-travail-1.png\",\"width\":7169,\"height\":2390,\"caption\":\"Gabon Nouvelle Vision\"},\"image\":{\"@id\":\"https:\/\/gabonnouvellevision.com\/gnv\/#\/schema\/logo\/image\/\"},\"sameAs\":[\"https:\/\/www.facebook.com\/GNVofficiel\"]},{\"@type\":\"Person\",\"@id\":\"https:\/\/gabonnouvellevision.com\/gnv\/#\/schema\/person\/4b48e07d222f83c0285affc3704bc899\",\"name\":\"Eyeng Obame\",\"image\":{\"@type\":\"ImageObject\",\"inLanguage\":\"fr-FR\",\"@id\":\"https:\/\/gabonnouvellevision.com\/gnv\/#\/schema\/person\/image\/\",\"url\":\"https:\/\/secure.gravatar.com\/avatar\/167bc03b8baf3c77318a47159f80871de6f5a6cbf4bc8b6af750fbc1a369d7bf?s=96&d=mm&r=g\",\"contentUrl\":\"https:\/\/secure.gravatar.com\/avatar\/167bc03b8baf3c77318a47159f80871de6f5a6cbf4bc8b6af750fbc1a369d7bf?s=96&d=mm&r=g\",\"caption\":\"Eyeng Obame\"},\"url\":\"https:\/\/gabonnouvellevision.com\/gnv\/author\/rufin\/\"}]}<\/script>\n<!-- \/ Yoast SEO plugin. -->","yoast_head_json":{"title":"Le couple Oligui Nguema au Lac Bleu de Mouila - Gabon Nouvelle Vision","robots":{"index":"index","follow":"follow","max-snippet":"max-snippet:-1","max-image-preview":"max-image-preview:large","max-video-preview":"max-video-preview:-1"},"canonical":"https:\/\/gabonnouvellevision.com\/gnv\/2025\/08\/27\/le-couple-oligui-nguema-au-lac-bleu-de-mouila\/","og_locale":"fr_FR","og_type":"article","og_title":"Le couple Oligui Nguema au Lac Bleu de Mouila - Gabon Nouvelle Vision","og_description":"Le Pr\u00e9sident de la R\u00e9publique, Brice Clotaire Oligui Nguema, accompagn\u00e9 de la Premi\u00e8re Dame, Madame Zita Oligui Nguema, a visit\u00e9 hier le mythique Lac Bleu de Mouila, dans la province de la Ngouni\u00e9. Cette \u00e9tape s\u2019inscrit dans le cadre de la 2\u1d49 \u00e9dition de la Caravane Touristique initi\u00e9e par le Minist\u00e8re du Tourisme Durable et [&hellip;]","og_url":"https:\/\/gabonnouvellevision.com\/gnv\/2025\/08\/27\/le-couple-oligui-nguema-au-lac-bleu-de-mouila\/","og_site_name":"Gabon Nouvelle Vision","article_publisher":"https:\/\/www.facebook.com\/GNVofficiel","article_published_time":"2025-08-27T10:25:53+00:00","article_modified_time":"2025-08-27T10:25:55+00:00","og_image":[{"width":2048,"height":1376,"url":"https:\/\/gabonnouvellevision.com\/gnv\/wp-content\/uploads\/2025\/08\/539091499_122270226692025336_8798581029409135134_n.jpg","type":"image\/jpeg"}],"author":"Eyeng Obame","twitter_card":"summary_large_image","twitter_misc":{"\u00c9crit par":"Eyeng Obame","Dur\u00e9e de lecture estim\u00e9e":"1 minute"},"schema":{"@context":"https:\/\/schema.org","@graph":[{"@type":"Article","@id":"https:\/\/gabonnouvellevision.com\/gnv\/2025\/08\/27\/le-couple-oligui-nguema-au-lac-bleu-de-mouila\/#article","isPartOf":{"@id":"https:\/\/gabonnouvellevision.com\/gnv\/2025\/08\/27\/le-couple-oligui-nguema-au-lac-bleu-de-mouila\/"},"author":{"name":"Eyeng Obame","@id":"https:\/\/gabonnouvellevision.com\/gnv\/#\/schema\/person\/4b48e07d222f83c0285affc3704bc899"},"headline":"Le couple Oligui Nguema au Lac Bleu de Mouila","datePublished":"2025-08-27T10:25:53+00:00","dateModified":"2025-08-27T10:25:55+00:00","mainEntityOfPage":{"@id":"https:\/\/gabonnouvellevision.com\/gnv\/2025\/08\/27\/le-couple-oligui-nguema-au-lac-bleu-de-mouila\/"},"wordCount":119,"commentCount":0,"publisher":{"@id":"https:\/\/gabonnouvellevision.com\/gnv\/#organization"},"image":{"@id":"https:\/\/gabonnouvellevision.com\/gnv\/2025\/08\/27\/le-couple-oligui-nguema-au-lac-bleu-de-mouila\/#primaryimage"},"thumbnailUrl":"https:\/\/gabonnouvellevision.com\/gnv\/wp-content\/uploads\/2025\/08\/539091499_122270226692025336_8798581029409135134_n.jpg","articleSection":["A la une","Actualites","Business"],"inLanguage":"fr-FR","potentialAction":[{"@type":"CommentAction","name":"Comment","target":["https:\/\/gabonnouvellevision.com\/gnv\/2025\/08\/27\/le-couple-oligui-nguema-au-lac-bleu-de-mouila\/#respond"]}]},{"@type":"WebPage","@id":"https:\/\/gabonnouvellevision.com\/gnv\/2025\/08\/27\/le-couple-oligui-nguema-au-lac-bleu-de-mouila\/","url":"https:\/\/gabonnouvellevision.com\/gnv\/2025\/08\/27\/le-couple-oligui-nguema-au-lac-bleu-de-mouila\/","name":"Le couple Oligui Nguema au Lac Bleu de Mouila - Gabon Nouvelle Vision","isPartOf":{"@id":"https:\/\/gabonnouvellevision.com\/gnv\/#website"},"primaryImageOfPage":{"@id":"https:\/\/gabonnouvellevision.com\/gnv\/2025\/08\/27\/le-couple-oligui-nguema-au-lac-bleu-de-mouila\/#primaryimage"},"image":{"@id":"https:\/\/gabonnouvellevision.com\/gnv\/2025\/08\/27\/le-couple-oligui-nguema-au-lac-bleu-de-mouila\/#primaryimage"},"thumbnailUrl":"https:\/\/gabonnouvellevision.com\/gnv\/wp-content\/uploads\/2025\/08\/539091499_122270226692025336_8798581029409135134_n.jpg","datePublished":"2025-08-27T10:25:53+00:00","dateModified":"2025-08-27T10:25:55+00:00","breadcrumb":{"@id":"https:\/\/gabonnouvellevision.com\/gnv\/2025\/08\/27\/le-couple-oligui-nguema-au-lac-bleu-de-mouila\/#breadcrumb"},"inLanguage":"fr-FR","potentialAction":[{"@type":"ReadAction","target":["https:\/\/gabonnouvellevision.com\/gnv\/2025\/08\/27\/le-couple-oligui-nguema-au-lac-bleu-de-mouila\/"]}]},{"@type":"ImageObject","inLanguage":"fr-FR","@id":"https:\/\/gabonnouvellevision.com\/gnv\/2025\/08\/27\/le-couple-oligui-nguema-au-lac-bleu-de-mouila\/#primaryimage","url":"https:\/\/gabonnouvellevision.com\/gnv\/wp-content\/uploads\/2025\/08\/539091499_122270226692025336_8798581029409135134_n.jpg","contentUrl":"https:\/\/gabonnouvellevision.com\/gnv\/wp-content\/uploads\/2025\/08\/539091499_122270226692025336_8798581029409135134_n.jpg","width":2048,"height":1376},{"@type":"BreadcrumbList","@id":"https:\/\/gabonnouvellevision.com\/gnv\/2025\/08\/27\/le-couple-oligui-nguema-au-lac-bleu-de-mouila\/#breadcrumb","itemListElement":[{"@type":"ListItem","position":1,"name":"Accueil","item":"https:\/\/gabonnouvellevision.com\/gnv\/"},{"@type":"ListItem","position":2,"name":"Le couple Oligui Nguema au Lac Bleu de Mouila"}]},{"@type":"WebSite","@id":"https:\/\/gabonnouvellevision.com\/gnv\/#website","url":"https:\/\/gabonnouvellevision.com\/gnv\/","name":"Gabon Nouvelle Vision","description":"","publisher":{"@id":"https:\/\/gabonnouvellevision.com\/gnv\/#organization"},"potentialAction":[{"@type":"SearchAction","target":{"@type":"EntryPoint","urlTemplate":"https:\/\/gabonnouvellevision.com\/gnv\/?s={search_term_string}"},"query-input":{"@type":"PropertyValueSpecification","valueRequired":true,"valueName":"search_term_string"}}],"inLanguage":"fr-FR"},{"@type":"Organization","@id":"https:\/\/gabonnouvellevision.com\/gnv\/#organization","name":"Gabon Nouvelle Vision","url":"https:\/\/gabonnouvellevision.com\/gnv\/","logo":{"@type":"ImageObject","inLanguage":"fr-FR","@id":"https:\/\/gabonnouvellevision.com\/gnv\/#\/schema\/logo\/image\/","url":"https:\/\/gabonnouvellevision.com\/gnv\/wp-content\/uploads\/2025\/01\/logo-text_Plan-de-travail-1.png","contentUrl":"https:\/\/gabonnouvellevision.com\/gnv\/wp-content\/uploads\/2025\/01\/logo-text_Plan-de-travail-1.png","width":7169,"height":2390,"caption":"Gabon Nouvelle Vision"},"image":{"@id":"https:\/\/gabonnouvellevision.com\/gnv\/#\/schema\/logo\/image\/"},"sameAs":["https:\/\/www.facebook.com\/GNVofficiel"]},{"@type":"Person","@id":"https:\/\/gabonnouvellevision.com\/gnv\/#\/schema\/person\/4b48e07d222f83c0285affc3704bc899","name":"Eyeng Obame","image":{"@type":"ImageObject","inLanguage":"fr-FR","@id":"https:\/\/gabonnouvellevision.com\/gnv\/#\/schema\/person\/image\/","url":"https:\/\/secure.gravatar.com\/avatar\/167bc03b8baf3c77318a47159f80871de6f5a6cbf4bc8b6af750fbc1a369d7bf?s=96&d=mm&r=g","contentUrl":"https:\/\/secure.gravatar.com\/avatar\/167bc03b8baf3c77318a47159f80871de6f5a6cbf4bc8b6af750fbc1a369d7bf?s=96&d=mm&r=g","caption":"Eyeng Obame"},"url":"https:\/\/gabonnouvellevision.com\/gnv\/author\/rufin\/"}]}},"_links":{"self":[{"href":"https:\/\/gabonnouvellevision.com\/gnv\/wp-json\/wp\/v2\/posts\/24201","targetHints":{"allow":["GET"]}}],"collection":[{"href":"https:\/\/gabonnouvellevision.com\/gnv\/wp-json\/wp\/v2\/posts"}],"about":[{"href":"https:\/\/gabonnouvellevision.com\/gnv\/wp-json\/wp\/v2\/types\/post"}],"author":[{"embeddable":true,"href":"https:\/\/gabonnouvellevision.com\/gnv\/wp-json\/wp\/v2\/users\/7"}],"replies":[{"embeddable":true,"href":"https:\/\/gabonnouvellevision.com\/gnv\/wp-json\/wp\/v2\/comments?post=24201"}],"version-history":[{"count":1,"href":"https:\/\/gabonnouvellevision.com\/gnv\/wp-json\/wp\/v2\/posts\/24201\/revisions"}],"predecessor-version":[{"id":24203,"href":"https:\/\/gabonnouvellevision.com\/gnv\/wp-json\/wp\/v2\/posts\/24201\/revisions\/24203"}],"wp:featuredmedia":[{"embeddable":true,"href":"https:\/\/gabonnouvellevision.com\/gnv\/wp-json\/wp\/v2\/media\/24202"}],"wp:attachment":[{"href":"https:\/\/gabonnouvellevision.com\/gnv\/wp-json\/wp\/v2\/media?parent=24201"}],"wp:term":[{"taxonomy":"category","embeddable":true,"href":"https:\/\/gabonnouvellevision.com\/gnv\/wp-json\/wp\/v2\/categories?post=24201"},{"taxonomy":"post_tag","embeddable":true,"href":"https:\/\/gabonnouvellevision.com\/gnv\/wp-json\/wp\/v2\/tags?post=24201"}],"curies":[{"name":"wp","href":"https:\/\/api.w.org\/{rel}","templated":true}]}}