{"id":24198,"date":"2025-08-26T14:30:20","date_gmt":"2025-08-26T12:30:20","guid":{"rendered":"https:\/\/gabonnouvellevision.com\/gnv\/?p=24198"},"modified":"2025-08-26T14:30:22","modified_gmt":"2025-08-26T12:30:22","slug":"un-forum-de-poulets-de-chair-a-libreville","status":"publish","type":"post","link":"https:\/\/gabonnouvellevision.com\/gnv\/2025\/08\/26\/un-forum-de-poulets-de-chair-a-libreville\/","title":{"rendered":"Un forum de poulets de chair \u00e0 Libreville"},"content":{"rendered":"\n<p><strong><em>Annonc\u00e9e le 30 mai dernier, l&rsquo;interdiction des importations de poulets de chair sera effective le 1er janvier 2027. Dans la droite ligne de la mat\u00e9rialisation de cette mesure, le gouvernement gabonais organise du 25 au 26 ao\u00fbt 2025 un forum national de concertation sur la mise en \u0153uvre de cette mesure et le renforcement de la fili\u00e8re avicole gabonaise. Les travaux de cette rencontre ont \u00e9t\u00e9 lanc\u00e9s par le Vice -Pr\u00e9sident du Gouvernement, Alexandre Barro Chambrier en pr\u00e9sence des acteurs de la fili\u00e8re avicole et les partenaires techniques.<\/em><\/strong><\/p>\n\n\n\n<p>Selon le Vice-Pr\u00e9sident Alexandre Barro Chambrier, la fili\u00e8re avicole gabonaise est confront\u00e9e \u00e0 une d\u00e9pendance massive aux importations, avec une moyenne de 55 000 tonnes de poulets de chair import\u00e9es par an contre une production nationale de seulement 4 000 tonnes.<\/p>\n\n\n\n<p>Cette situation entra\u00eene des pertes \u00e9conomiques consid\u00e9rables, une vuln\u00e9rabilit\u00e9 en mati\u00e8re de s\u00e9curit\u00e9 alimentaire et un d\u00e9s\u00e9quilibre de la balance commerciale conforment \u00e0 la vision du Pr\u00e9sident de la R\u00e9publique, Chef de l&rsquo;\u00c9tat, Chef du Gouvernement, Brice Clotaire Oligui Nguema.<\/p>\n\n\n\n<p>Pour rem\u00e9dier \u00e0 cela, le gouvernement mise sur l&rsquo;interdiction des importations pour stimuler l&rsquo;investissement local et renforcer la balance commerciale et cr\u00e9er les emplois.<\/p>\n\n\n\n<p>Le ministre de l&rsquo;Agriculture, Odette Polo, a invit\u00e9 les acteurs \u00e0 trouver des solutions pratiques et cr\u00e9dibles pour la fili\u00e8re avicole, en tirant les le\u00e7ons des \u00e9checs pass\u00e9s et en mettant en \u0153uvre des orientations pr\u00e9sidentielles sur le terrain, notamment en mati\u00e8re de fiscalit\u00e9, d&rsquo;encadrement, de foncier, d&rsquo;alimentation animale, d&rsquo;encadrement technique et de commercialisation.<\/p>\n\n\n\n<p><strong>Sandrine Eyeng Obame<\/strong><\/p>\n\n\n\n<p><strong>Source: Communication Gouvernementale<\/strong><\/p>\n\n\n\n<p><\/p>\n\n\n\n<p><\/p>\n","protected":false},"excerpt":{"rendered":"<p>Annonc\u00e9e le 30 mai dernier, l&rsquo;interdiction des importations de poulets de chair sera effective le 1er janvier 2027. Dans la droite ligne de la mat\u00e9rialisation de cette mesure, le gouvernement gabonais organise du 25 au 26 ao\u00fbt 2025 un forum national de concertation sur la mise en \u0153uvre de cette mesure et le renforcement de [&hellip;]<\/p>\n","protected":false},"author":7,"featured_media":24199,"comment_status":"open","ping_status":"open","sticky":false,"template":"","format":"standard","meta":{"footnotes":""},"categories":[57,55,60],"tags":[],"class_list":["post-24198","post","type-post","status-publish","format-standard","has-post-thumbnail","hentry","category-a-la-une","category-actualites","category-economie"],"yoast_head":"<!-- This site is optimized with the Yoast SEO plugin v24.2 - https:\/\/yoast.com\/wordpress\/plugins\/seo\/ -->\n<title>Un forum de poulets de chair \u00e0 Libreville - Gabon Nouvelle Vision<\/title>\n<meta name=\"robots\" content=\"index, follow, max-snippet:-1, max-image-preview:large, max-video-preview:-1\" \/>\n<link rel=\"canonical\" href=\"https:\/\/gabonnouvellevision.com\/gnv\/2025\/08\/26\/un-forum-de-poulets-de-chair-a-libreville\/\" \/>\n<meta property=\"og:locale\" content=\"fr_FR\" \/>\n<meta property=\"og:type\" content=\"article\" \/>\n<meta property=\"og:title\" content=\"Un forum de poulets de chair \u00e0 Libreville - Gabon Nouvelle Vision\" \/>\n<meta property=\"og:description\" content=\"Annonc\u00e9e le 30 mai dernier, l&rsquo;interdiction des importations de poulets de chair sera effective le 1er janvier 2027. Dans la droite ligne de la mat\u00e9rialisation de cette mesure, le gouvernement gabonais organise du 25 au 26 ao\u00fbt 2025 un forum national de concertation sur la mise en \u0153uvre de cette mesure et le renforcement de [&hellip;]\" \/>\n<meta property=\"og:url\" content=\"https:\/\/gabonnouvellevision.com\/gnv\/2025\/08\/26\/un-forum-de-poulets-de-chair-a-libreville\/\" \/>\n<meta property=\"og:site_name\" content=\"Gabon Nouvelle Vision\" \/>\n<meta property=\"article:publisher\" content=\"https:\/\/www.facebook.com\/GNVofficiel\" \/>\n<meta property=\"article:published_time\" content=\"2025-08-26T12:30:20+00:00\" \/>\n<meta property=\"article:modified_time\" content=\"2025-08-26T12:30:22+00:00\" \/>\n<meta property=\"og:image\" content=\"https:\/\/gabonnouvellevision.com\/gnv\/wp-content\/uploads\/2025\/08\/538438917_1214173457181559_8626902215049958723_n.jpg\" \/>\n\t<meta property=\"og:image:width\" content=\"1200\" \/>\n\t<meta property=\"og:image:height\" content=\"657\" \/>\n\t<meta property=\"og:image:type\" content=\"image\/jpeg\" \/>\n<meta name=\"author\" content=\"Eyeng Obame\" \/>\n<meta name=\"twitter:card\" content=\"summary_large_image\" \/>\n<meta name=\"twitter:label1\" content=\"\u00c9crit par\" \/>\n\t<meta name=\"twitter:data1\" content=\"Eyeng Obame\" \/>\n\t<meta name=\"twitter:label2\" content=\"Dur\u00e9e de lecture estim\u00e9e\" \/>\n\t<meta name=\"twitter:data2\" content=\"2 minutes\" \/>\n<script type=\"application\/ld+json\" class=\"yoast-schema-graph\">{\"@context\":\"https:\/\/schema.org\",\"@graph\":[{\"@type\":\"Article\",\"@id\":\"https:\/\/gabonnouvellevision.com\/gnv\/2025\/08\/26\/un-forum-de-poulets-de-chair-a-libreville\/#article\",\"isPartOf\":{\"@id\":\"https:\/\/gabonnouvellevision.com\/gnv\/2025\/08\/26\/un-forum-de-poulets-de-chair-a-libreville\/\"},\"author\":{\"name\":\"Eyeng Obame\",\"@id\":\"https:\/\/gabonnouvellevision.com\/gnv\/#\/schema\/person\/4b48e07d222f83c0285affc3704bc899\"},\"headline\":\"Un forum de poulets de chair \u00e0 Libreville\",\"datePublished\":\"2025-08-26T12:30:20+00:00\",\"dateModified\":\"2025-08-26T12:30:22+00:00\",\"mainEntityOfPage\":{\"@id\":\"https:\/\/gabonnouvellevision.com\/gnv\/2025\/08\/26\/un-forum-de-poulets-de-chair-a-libreville\/\"},\"wordCount\":278,\"commentCount\":0,\"publisher\":{\"@id\":\"https:\/\/gabonnouvellevision.com\/gnv\/#organization\"},\"image\":{\"@id\":\"https:\/\/gabonnouvellevision.com\/gnv\/2025\/08\/26\/un-forum-de-poulets-de-chair-a-libreville\/#primaryimage\"},\"thumbnailUrl\":\"https:\/\/gabonnouvellevision.com\/gnv\/wp-content\/uploads\/2025\/08\/538438917_1214173457181559_8626902215049958723_n.jpg\",\"articleSection\":[\"A la une\",\"Actualites\",\"Economie\"],\"inLanguage\":\"fr-FR\",\"potentialAction\":[{\"@type\":\"CommentAction\",\"name\":\"Comment\",\"target\":[\"https:\/\/gabonnouvellevision.com\/gnv\/2025\/08\/26\/un-forum-de-poulets-de-chair-a-libreville\/#respond\"]}]},{\"@type\":\"WebPage\",\"@id\":\"https:\/\/gabonnouvellevision.com\/gnv\/2025\/08\/26\/un-forum-de-poulets-de-chair-a-libreville\/\",\"url\":\"https:\/\/gabonnouvellevision.com\/gnv\/2025\/08\/26\/un-forum-de-poulets-de-chair-a-libreville\/\",\"name\":\"Un forum de poulets de chair \u00e0 Libreville - Gabon Nouvelle Vision\",\"isPartOf\":{\"@id\":\"https:\/\/gabonnouvellevision.com\/gnv\/#website\"},\"primaryImageOfPage\":{\"@id\":\"https:\/\/gabonnouvellevision.com\/gnv\/2025\/08\/26\/un-forum-de-poulets-de-chair-a-libreville\/#primaryimage\"},\"image\":{\"@id\":\"https:\/\/gabonnouvellevision.com\/gnv\/2025\/08\/26\/un-forum-de-poulets-de-chair-a-libreville\/#primaryimage\"},\"thumbnailUrl\":\"https:\/\/gabonnouvellevision.com\/gnv\/wp-content\/uploads\/2025\/08\/538438917_1214173457181559_8626902215049958723_n.jpg\",\"datePublished\":\"2025-08-26T12:30:20+00:00\",\"dateModified\":\"2025-08-26T12:30:22+00:00\",\"breadcrumb\":{\"@id\":\"https:\/\/gabonnouvellevision.com\/gnv\/2025\/08\/26\/un-forum-de-poulets-de-chair-a-libreville\/#breadcrumb\"},\"inLanguage\":\"fr-FR\",\"potentialAction\":[{\"@type\":\"ReadAction\",\"target\":[\"https:\/\/gabonnouvellevision.com\/gnv\/2025\/08\/26\/un-forum-de-poulets-de-chair-a-libreville\/\"]}]},{\"@type\":\"ImageObject\",\"inLanguage\":\"fr-FR\",\"@id\":\"https:\/\/gabonnouvellevision.com\/gnv\/2025\/08\/26\/un-forum-de-poulets-de-chair-a-libreville\/#primaryimage\",\"url\":\"https:\/\/gabonnouvellevision.com\/gnv\/wp-content\/uploads\/2025\/08\/538438917_1214173457181559_8626902215049958723_n.jpg\",\"contentUrl\":\"https:\/\/gabonnouvellevision.com\/gnv\/wp-content\/uploads\/2025\/08\/538438917_1214173457181559_8626902215049958723_n.jpg\",\"width\":1200,\"height\":657},{\"@type\":\"BreadcrumbList\",\"@id\":\"https:\/\/gabonnouvellevision.com\/gnv\/2025\/08\/26\/un-forum-de-poulets-de-chair-a-libreville\/#breadcrumb\",\"itemListElement\":[{\"@type\":\"ListItem\",\"position\":1,\"name\":\"Accueil\",\"item\":\"https:\/\/gabonnouvellevision.com\/gnv\/\"},{\"@type\":\"ListItem\",\"position\":2,\"name\":\"Un forum de poulets de chair \u00e0 Libreville\"}]},{\"@type\":\"WebSite\",\"@id\":\"https:\/\/gabonnouvellevision.com\/gnv\/#website\",\"url\":\"https:\/\/gabonnouvellevision.com\/gnv\/\",\"name\":\"Gabon Nouvelle Vision\",\"description\":\"\",\"publisher\":{\"@id\":\"https:\/\/gabonnouvellevision.com\/gnv\/#organization\"},\"potentialAction\":[{\"@type\":\"SearchAction\",\"target\":{\"@type\":\"EntryPoint\",\"urlTemplate\":\"https:\/\/gabonnouvellevision.com\/gnv\/?s={search_term_string}\"},\"query-input\":{\"@type\":\"PropertyValueSpecification\",\"valueRequired\":true,\"valueName\":\"search_term_string\"}}],\"inLanguage\":\"fr-FR\"},{\"@type\":\"Organization\",\"@id\":\"https:\/\/gabonnouvellevision.com\/gnv\/#organization\",\"name\":\"Gabon Nouvelle Vision\",\"url\":\"https:\/\/gabonnouvellevision.com\/gnv\/\",\"logo\":{\"@type\":\"ImageObject\",\"inLanguage\":\"fr-FR\",\"@id\":\"https:\/\/gabonnouvellevision.com\/gnv\/#\/schema\/logo\/image\/\",\"url\":\"https:\/\/gabonnouvellevision.com\/gnv\/wp-content\/uploads\/2025\/01\/logo-text_Plan-de-travail-1.png\",\"contentUrl\":\"https:\/\/gabonnouvellevision.com\/gnv\/wp-content\/uploads\/2025\/01\/logo-text_Plan-de-travail-1.png\",\"width\":7169,\"height\":2390,\"caption\":\"Gabon Nouvelle Vision\"},\"image\":{\"@id\":\"https:\/\/gabonnouvellevision.com\/gnv\/#\/schema\/logo\/image\/\"},\"sameAs\":[\"https:\/\/www.facebook.com\/GNVofficiel\"]},{\"@type\":\"Person\",\"@id\":\"https:\/\/gabonnouvellevision.com\/gnv\/#\/schema\/person\/4b48e07d222f83c0285affc3704bc899\",\"name\":\"Eyeng Obame\",\"image\":{\"@type\":\"ImageObject\",\"inLanguage\":\"fr-FR\",\"@id\":\"https:\/\/gabonnouvellevision.com\/gnv\/#\/schema\/person\/image\/\",\"url\":\"https:\/\/secure.gravatar.com\/avatar\/167bc03b8baf3c77318a47159f80871de6f5a6cbf4bc8b6af750fbc1a369d7bf?s=96&d=mm&r=g\",\"contentUrl\":\"https:\/\/secure.gravatar.com\/avatar\/167bc03b8baf3c77318a47159f80871de6f5a6cbf4bc8b6af750fbc1a369d7bf?s=96&d=mm&r=g\",\"caption\":\"Eyeng Obame\"},\"url\":\"https:\/\/gabonnouvellevision.com\/gnv\/author\/rufin\/\"}]}<\/script>\n<!-- \/ Yoast SEO plugin. -->","yoast_head_json":{"title":"Un forum de poulets de chair \u00e0 Libreville - Gabon Nouvelle Vision","robots":{"index":"index","follow":"follow","max-snippet":"max-snippet:-1","max-image-preview":"max-image-preview:large","max-video-preview":"max-video-preview:-1"},"canonical":"https:\/\/gabonnouvellevision.com\/gnv\/2025\/08\/26\/un-forum-de-poulets-de-chair-a-libreville\/","og_locale":"fr_FR","og_type":"article","og_title":"Un forum de poulets de chair \u00e0 Libreville - Gabon Nouvelle Vision","og_description":"Annonc\u00e9e le 30 mai dernier, l&rsquo;interdiction des importations de poulets de chair sera effective le 1er janvier 2027. Dans la droite ligne de la mat\u00e9rialisation de cette mesure, le gouvernement gabonais organise du 25 au 26 ao\u00fbt 2025 un forum national de concertation sur la mise en \u0153uvre de cette mesure et le renforcement de [&hellip;]","og_url":"https:\/\/gabonnouvellevision.com\/gnv\/2025\/08\/26\/un-forum-de-poulets-de-chair-a-libreville\/","og_site_name":"Gabon Nouvelle Vision","article_publisher":"https:\/\/www.facebook.com\/GNVofficiel","article_published_time":"2025-08-26T12:30:20+00:00","article_modified_time":"2025-08-26T12:30:22+00:00","og_image":[{"width":1200,"height":657,"url":"https:\/\/gabonnouvellevision.com\/gnv\/wp-content\/uploads\/2025\/08\/538438917_1214173457181559_8626902215049958723_n.jpg","type":"image\/jpeg"}],"author":"Eyeng Obame","twitter_card":"summary_large_image","twitter_misc":{"\u00c9crit par":"Eyeng Obame","Dur\u00e9e de lecture estim\u00e9e":"2 minutes"},"schema":{"@context":"https:\/\/schema.org","@graph":[{"@type":"Article","@id":"https:\/\/gabonnouvellevision.com\/gnv\/2025\/08\/26\/un-forum-de-poulets-de-chair-a-libreville\/#article","isPartOf":{"@id":"https:\/\/gabonnouvellevision.com\/gnv\/2025\/08\/26\/un-forum-de-poulets-de-chair-a-libreville\/"},"author":{"name":"Eyeng Obame","@id":"https:\/\/gabonnouvellevision.com\/gnv\/#\/schema\/person\/4b48e07d222f83c0285affc3704bc899"},"headline":"Un forum de poulets de chair \u00e0 Libreville","datePublished":"2025-08-26T12:30:20+00:00","dateModified":"2025-08-26T12:30:22+00:00","mainEntityOfPage":{"@id":"https:\/\/gabonnouvellevision.com\/gnv\/2025\/08\/26\/un-forum-de-poulets-de-chair-a-libreville\/"},"wordCount":278,"commentCount":0,"publisher":{"@id":"https:\/\/gabonnouvellevision.com\/gnv\/#organization"},"image":{"@id":"https:\/\/gabonnouvellevision.com\/gnv\/2025\/08\/26\/un-forum-de-poulets-de-chair-a-libreville\/#primaryimage"},"thumbnailUrl":"https:\/\/gabonnouvellevision.com\/gnv\/wp-content\/uploads\/2025\/08\/538438917_1214173457181559_8626902215049958723_n.jpg","articleSection":["A la une","Actualites","Economie"],"inLanguage":"fr-FR","potentialAction":[{"@type":"CommentAction","name":"Comment","target":["https:\/\/gabonnouvellevision.com\/gnv\/2025\/08\/26\/un-forum-de-poulets-de-chair-a-libreville\/#respond"]}]},{"@type":"WebPage","@id":"https:\/\/gabonnouvellevision.com\/gnv\/2025\/08\/26\/un-forum-de-poulets-de-chair-a-libreville\/","url":"https:\/\/gabonnouvellevision.com\/gnv\/2025\/08\/26\/un-forum-de-poulets-de-chair-a-libreville\/","name":"Un forum de poulets de chair \u00e0 Libreville - Gabon Nouvelle Vision","isPartOf":{"@id":"https:\/\/gabonnouvellevision.com\/gnv\/#website"},"primaryImageOfPage":{"@id":"https:\/\/gabonnouvellevision.com\/gnv\/2025\/08\/26\/un-forum-de-poulets-de-chair-a-libreville\/#primaryimage"},"image":{"@id":"https:\/\/gabonnouvellevision.com\/gnv\/2025\/08\/26\/un-forum-de-poulets-de-chair-a-libreville\/#primaryimage"},"thumbnailUrl":"https:\/\/gabonnouvellevision.com\/gnv\/wp-content\/uploads\/2025\/08\/538438917_1214173457181559_8626902215049958723_n.jpg","datePublished":"2025-08-26T12:30:20+00:00","dateModified":"2025-08-26T12:30:22+00:00","breadcrumb":{"@id":"https:\/\/gabonnouvellevision.com\/gnv\/2025\/08\/26\/un-forum-de-poulets-de-chair-a-libreville\/#breadcrumb"},"inLanguage":"fr-FR","potentialAction":[{"@type":"ReadAction","target":["https:\/\/gabonnouvellevision.com\/gnv\/2025\/08\/26\/un-forum-de-poulets-de-chair-a-libreville\/"]}]},{"@type":"ImageObject","inLanguage":"fr-FR","@id":"https:\/\/gabonnouvellevision.com\/gnv\/2025\/08\/26\/un-forum-de-poulets-de-chair-a-libreville\/#primaryimage","url":"https:\/\/gabonnouvellevision.com\/gnv\/wp-content\/uploads\/2025\/08\/538438917_1214173457181559_8626902215049958723_n.jpg","contentUrl":"https:\/\/gabonnouvellevision.com\/gnv\/wp-content\/uploads\/2025\/08\/538438917_1214173457181559_8626902215049958723_n.jpg","width":1200,"height":657},{"@type":"BreadcrumbList","@id":"https:\/\/gabonnouvellevision.com\/gnv\/2025\/08\/26\/un-forum-de-poulets-de-chair-a-libreville\/#breadcrumb","itemListElement":[{"@type":"ListItem","position":1,"name":"Accueil","item":"https:\/\/gabonnouvellevision.com\/gnv\/"},{"@type":"ListItem","position":2,"name":"Un forum de poulets de chair \u00e0 Libreville"}]},{"@type":"WebSite","@id":"https:\/\/gabonnouvellevision.com\/gnv\/#website","url":"https:\/\/gabonnouvellevision.com\/gnv\/","name":"Gabon Nouvelle Vision","description":"","publisher":{"@id":"https:\/\/gabonnouvellevision.com\/gnv\/#organization"},"potentialAction":[{"@type":"SearchAction","target":{"@type":"EntryPoint","urlTemplate":"https:\/\/gabonnouvellevision.com\/gnv\/?s={search_term_string}"},"query-input":{"@type":"PropertyValueSpecification","valueRequired":true,"valueName":"search_term_string"}}],"inLanguage":"fr-FR"},{"@type":"Organization","@id":"https:\/\/gabonnouvellevision.com\/gnv\/#organization","name":"Gabon Nouvelle Vision","url":"https:\/\/gabonnouvellevision.com\/gnv\/","logo":{"@type":"ImageObject","inLanguage":"fr-FR","@id":"https:\/\/gabonnouvellevision.com\/gnv\/#\/schema\/logo\/image\/","url":"https:\/\/gabonnouvellevision.com\/gnv\/wp-content\/uploads\/2025\/01\/logo-text_Plan-de-travail-1.png","contentUrl":"https:\/\/gabonnouvellevision.com\/gnv\/wp-content\/uploads\/2025\/01\/logo-text_Plan-de-travail-1.png","width":7169,"height":2390,"caption":"Gabon Nouvelle Vision"},"image":{"@id":"https:\/\/gabonnouvellevision.com\/gnv\/#\/schema\/logo\/image\/"},"sameAs":["https:\/\/www.facebook.com\/GNVofficiel"]},{"@type":"Person","@id":"https:\/\/gabonnouvellevision.com\/gnv\/#\/schema\/person\/4b48e07d222f83c0285affc3704bc899","name":"Eyeng Obame","image":{"@type":"ImageObject","inLanguage":"fr-FR","@id":"https:\/\/gabonnouvellevision.com\/gnv\/#\/schema\/person\/image\/","url":"https:\/\/secure.gravatar.com\/avatar\/167bc03b8baf3c77318a47159f80871de6f5a6cbf4bc8b6af750fbc1a369d7bf?s=96&d=mm&r=g","contentUrl":"https:\/\/secure.gravatar.com\/avatar\/167bc03b8baf3c77318a47159f80871de6f5a6cbf4bc8b6af750fbc1a369d7bf?s=96&d=mm&r=g","caption":"Eyeng Obame"},"url":"https:\/\/gabonnouvellevision.com\/gnv\/author\/rufin\/"}]}},"_links":{"self":[{"href":"https:\/\/gabonnouvellevision.com\/gnv\/wp-json\/wp\/v2\/posts\/24198","targetHints":{"allow":["GET"]}}],"collection":[{"href":"https:\/\/gabonnouvellevision.com\/gnv\/wp-json\/wp\/v2\/posts"}],"about":[{"href":"https:\/\/gabonnouvellevision.com\/gnv\/wp-json\/wp\/v2\/types\/post"}],"author":[{"embeddable":true,"href":"https:\/\/gabonnouvellevision.com\/gnv\/wp-json\/wp\/v2\/users\/7"}],"replies":[{"embeddable":true,"href":"https:\/\/gabonnouvellevision.com\/gnv\/wp-json\/wp\/v2\/comments?post=24198"}],"version-history":[{"count":1,"href":"https:\/\/gabonnouvellevision.com\/gnv\/wp-json\/wp\/v2\/posts\/24198\/revisions"}],"predecessor-version":[{"id":24200,"href":"https:\/\/gabonnouvellevision.com\/gnv\/wp-json\/wp\/v2\/posts\/24198\/revisions\/24200"}],"wp:featuredmedia":[{"embeddable":true,"href":"https:\/\/gabonnouvellevision.com\/gnv\/wp-json\/wp\/v2\/media\/24199"}],"wp:attachment":[{"href":"https:\/\/gabonnouvellevision.com\/gnv\/wp-json\/wp\/v2\/media?parent=24198"}],"wp:term":[{"taxonomy":"category","embeddable":true,"href":"https:\/\/gabonnouvellevision.com\/gnv\/wp-json\/wp\/v2\/categories?post=24198"},{"taxonomy":"post_tag","embeddable":true,"href":"https:\/\/gabonnouvellevision.com\/gnv\/wp-json\/wp\/v2\/tags?post=24198"}],"curies":[{"name":"wp","href":"https:\/\/api.w.org\/{rel}","templated":true}]}}