{"id":24194,"date":"2025-08-22T12:40:56","date_gmt":"2025-08-22T10:40:56","guid":{"rendered":"https:\/\/gabonnouvellevision.com\/gnv\/?p=24194"},"modified":"2025-08-22T12:42:12","modified_gmt":"2025-08-22T10:42:12","slug":"le-president-oligui-nguema-inaugure-deux-infrastructures-a-onga","status":"publish","type":"post","link":"https:\/\/gabonnouvellevision.com\/gnv\/2025\/08\/22\/le-president-oligui-nguema-inaugure-deux-infrastructures-a-onga\/","title":{"rendered":"Le Pr\u00e9sident Oligui Nguema inaugure deux infrastructures \u00e0 Onga"},"content":{"rendered":"\n<p><strong><em>&nbsp;<\/em>Le Pr\u00e9sident Oligui Nguema  \u00e0 Onga<\/strong><\/p>\n\n\n\n<p><strong><em>\u00a0En d\u00e9placement dans la province du Haut Ogoou\u00e9 hier jeudi 21 ao\u00fbt 2025, le Chef de l\u2019\u00c9tat, Brice Clotaire Oligui Nguema, s\u2019est rendu dans la ville d\u2019Onga o\u00f9 il a inaugur\u00e9 deux infrastructures majeures : le coll\u00e8ge d&rsquo;enseignement secondaire d\u2019Onga et le d\u00e9p\u00f4t pharmaceutique Madeleine Kagnenegue.<\/em><\/strong><\/p>\n\n\n\n<p>Des r\u00e9alisations qui traduisent la volont\u00e9 des autorit\u00e9s de renforcer \u00e0 la fois l\u2019acc\u00e8s \u00e0 une \u00e9ducation de qualit\u00e9 et \u00e0 des services de sant\u00e9 de proximit\u00e9. Elles contribueront directement \u00e0 am\u00e9liorer les conditions de vie des populations locales et \u00e0 r\u00e9pondre aux besoins essentiels des familles et de la jeunesse.<\/p>\n\n\n\n<p><strong>&nbsp;Source: Com.Pr\u00e9sidentielle<\/strong><\/p>\n\n\n\n<p>&nbsp;&nbsp;&nbsp;&nbsp;&nbsp;&nbsp;&nbsp;&nbsp;&nbsp;&nbsp;&nbsp;&nbsp; &nbsp;&nbsp;&nbsp;&nbsp;&nbsp;&nbsp;&nbsp;&nbsp;&nbsp;&nbsp;&nbsp;&nbsp;&nbsp;&nbsp;&nbsp;&nbsp;&nbsp;&nbsp;&nbsp;&nbsp;&nbsp;&nbsp;&nbsp;&nbsp;&nbsp;&nbsp;&nbsp;&nbsp;&nbsp;&nbsp;&nbsp;&nbsp;&nbsp;&nbsp;&nbsp;&nbsp;<strong>Sandrine Eyeng Obame<\/strong><\/p>\n","protected":false},"excerpt":{"rendered":"<p>&nbsp;Le Pr\u00e9sident Oligui Nguema \u00e0 Onga \u00a0En d\u00e9placement dans la province du Haut Ogoou\u00e9 hier jeudi 21 ao\u00fbt 2025, le Chef de l\u2019\u00c9tat, Brice Clotaire Oligui Nguema, s\u2019est rendu dans la ville d\u2019Onga o\u00f9 il a inaugur\u00e9 deux infrastructures majeures : le coll\u00e8ge d&rsquo;enseignement secondaire d\u2019Onga et le d\u00e9p\u00f4t pharmaceutique Madeleine Kagnenegue. Des r\u00e9alisations qui [&hellip;]<\/p>\n","protected":false},"author":7,"featured_media":24195,"comment_status":"open","ping_status":"open","sticky":false,"template":"","format":"standard","meta":{"footnotes":""},"categories":[57,55,67],"tags":[],"class_list":["post-24194","post","type-post","status-publish","format-standard","has-post-thumbnail","hentry","category-a-la-une","category-actualites","category-jeunesse"],"yoast_head":"<!-- This site is optimized with the Yoast SEO plugin v24.2 - https:\/\/yoast.com\/wordpress\/plugins\/seo\/ -->\n<title>Le Pr\u00e9sident Oligui Nguema inaugure deux infrastructures \u00e0 Onga - Gabon Nouvelle Vision<\/title>\n<meta name=\"robots\" content=\"index, follow, max-snippet:-1, max-image-preview:large, max-video-preview:-1\" \/>\n<link rel=\"canonical\" href=\"https:\/\/gabonnouvellevision.com\/gnv\/2025\/08\/22\/le-president-oligui-nguema-inaugure-deux-infrastructures-a-onga\/\" \/>\n<meta property=\"og:locale\" content=\"fr_FR\" \/>\n<meta property=\"og:type\" content=\"article\" \/>\n<meta property=\"og:title\" content=\"Le Pr\u00e9sident Oligui Nguema inaugure deux infrastructures \u00e0 Onga - Gabon Nouvelle Vision\" \/>\n<meta property=\"og:description\" content=\"&nbsp;Le Pr\u00e9sident Oligui Nguema \u00e0 Onga \u00a0En d\u00e9placement dans la province du Haut Ogoou\u00e9 hier jeudi 21 ao\u00fbt 2025, le Chef de l\u2019\u00c9tat, Brice Clotaire Oligui Nguema, s\u2019est rendu dans la ville d\u2019Onga o\u00f9 il a inaugur\u00e9 deux infrastructures majeures : le coll\u00e8ge d&rsquo;enseignement secondaire d\u2019Onga et le d\u00e9p\u00f4t pharmaceutique Madeleine Kagnenegue. Des r\u00e9alisations qui [&hellip;]\" \/>\n<meta property=\"og:url\" content=\"https:\/\/gabonnouvellevision.com\/gnv\/2025\/08\/22\/le-president-oligui-nguema-inaugure-deux-infrastructures-a-onga\/\" \/>\n<meta property=\"og:site_name\" content=\"Gabon Nouvelle Vision\" \/>\n<meta property=\"article:publisher\" content=\"https:\/\/www.facebook.com\/GNVofficiel\" \/>\n<meta property=\"article:published_time\" content=\"2025-08-22T10:40:56+00:00\" \/>\n<meta property=\"article:modified_time\" content=\"2025-08-22T10:42:12+00:00\" \/>\n<meta property=\"og:image\" content=\"https:\/\/gabonnouvellevision.com\/gnv\/wp-content\/uploads\/2025\/08\/536272878_122269423814025336_7818387820483113513_n.jpg\" \/>\n\t<meta property=\"og:image:width\" content=\"1600\" \/>\n\t<meta property=\"og:image:height\" content=\"1067\" \/>\n\t<meta property=\"og:image:type\" content=\"image\/jpeg\" \/>\n<meta name=\"author\" content=\"Eyeng Obame\" \/>\n<meta name=\"twitter:card\" content=\"summary_large_image\" \/>\n<meta name=\"twitter:label1\" content=\"\u00c9crit par\" \/>\n\t<meta name=\"twitter:data1\" content=\"Eyeng Obame\" \/>\n\t<meta name=\"twitter:label2\" content=\"Dur\u00e9e de lecture estim\u00e9e\" \/>\n\t<meta name=\"twitter:data2\" content=\"1 minute\" \/>\n<script type=\"application\/ld+json\" class=\"yoast-schema-graph\">{\"@context\":\"https:\/\/schema.org\",\"@graph\":[{\"@type\":\"Article\",\"@id\":\"https:\/\/gabonnouvellevision.com\/gnv\/2025\/08\/22\/le-president-oligui-nguema-inaugure-deux-infrastructures-a-onga\/#article\",\"isPartOf\":{\"@id\":\"https:\/\/gabonnouvellevision.com\/gnv\/2025\/08\/22\/le-president-oligui-nguema-inaugure-deux-infrastructures-a-onga\/\"},\"author\":{\"name\":\"Eyeng Obame\",\"@id\":\"https:\/\/gabonnouvellevision.com\/gnv\/#\/schema\/person\/4b48e07d222f83c0285affc3704bc899\"},\"headline\":\"Le Pr\u00e9sident Oligui Nguema inaugure deux infrastructures \u00e0 Onga\",\"datePublished\":\"2025-08-22T10:40:56+00:00\",\"dateModified\":\"2025-08-22T10:42:12+00:00\",\"mainEntityOfPage\":{\"@id\":\"https:\/\/gabonnouvellevision.com\/gnv\/2025\/08\/22\/le-president-oligui-nguema-inaugure-deux-infrastructures-a-onga\/\"},\"wordCount\":176,\"commentCount\":0,\"publisher\":{\"@id\":\"https:\/\/gabonnouvellevision.com\/gnv\/#organization\"},\"image\":{\"@id\":\"https:\/\/gabonnouvellevision.com\/gnv\/2025\/08\/22\/le-president-oligui-nguema-inaugure-deux-infrastructures-a-onga\/#primaryimage\"},\"thumbnailUrl\":\"https:\/\/gabonnouvellevision.com\/gnv\/wp-content\/uploads\/2025\/08\/536272878_122269423814025336_7818387820483113513_n.jpg\",\"articleSection\":[\"A la une\",\"Actualites\",\"Jeunesse\"],\"inLanguage\":\"fr-FR\",\"potentialAction\":[{\"@type\":\"CommentAction\",\"name\":\"Comment\",\"target\":[\"https:\/\/gabonnouvellevision.com\/gnv\/2025\/08\/22\/le-president-oligui-nguema-inaugure-deux-infrastructures-a-onga\/#respond\"]}]},{\"@type\":\"WebPage\",\"@id\":\"https:\/\/gabonnouvellevision.com\/gnv\/2025\/08\/22\/le-president-oligui-nguema-inaugure-deux-infrastructures-a-onga\/\",\"url\":\"https:\/\/gabonnouvellevision.com\/gnv\/2025\/08\/22\/le-president-oligui-nguema-inaugure-deux-infrastructures-a-onga\/\",\"name\":\"Le Pr\u00e9sident Oligui Nguema inaugure deux infrastructures \u00e0 Onga - Gabon Nouvelle Vision\",\"isPartOf\":{\"@id\":\"https:\/\/gabonnouvellevision.com\/gnv\/#website\"},\"primaryImageOfPage\":{\"@id\":\"https:\/\/gabonnouvellevision.com\/gnv\/2025\/08\/22\/le-president-oligui-nguema-inaugure-deux-infrastructures-a-onga\/#primaryimage\"},\"image\":{\"@id\":\"https:\/\/gabonnouvellevision.com\/gnv\/2025\/08\/22\/le-president-oligui-nguema-inaugure-deux-infrastructures-a-onga\/#primaryimage\"},\"thumbnailUrl\":\"https:\/\/gabonnouvellevision.com\/gnv\/wp-content\/uploads\/2025\/08\/536272878_122269423814025336_7818387820483113513_n.jpg\",\"datePublished\":\"2025-08-22T10:40:56+00:00\",\"dateModified\":\"2025-08-22T10:42:12+00:00\",\"breadcrumb\":{\"@id\":\"https:\/\/gabonnouvellevision.com\/gnv\/2025\/08\/22\/le-president-oligui-nguema-inaugure-deux-infrastructures-a-onga\/#breadcrumb\"},\"inLanguage\":\"fr-FR\",\"potentialAction\":[{\"@type\":\"ReadAction\",\"target\":[\"https:\/\/gabonnouvellevision.com\/gnv\/2025\/08\/22\/le-president-oligui-nguema-inaugure-deux-infrastructures-a-onga\/\"]}]},{\"@type\":\"ImageObject\",\"inLanguage\":\"fr-FR\",\"@id\":\"https:\/\/gabonnouvellevision.com\/gnv\/2025\/08\/22\/le-president-oligui-nguema-inaugure-deux-infrastructures-a-onga\/#primaryimage\",\"url\":\"https:\/\/gabonnouvellevision.com\/gnv\/wp-content\/uploads\/2025\/08\/536272878_122269423814025336_7818387820483113513_n.jpg\",\"contentUrl\":\"https:\/\/gabonnouvellevision.com\/gnv\/wp-content\/uploads\/2025\/08\/536272878_122269423814025336_7818387820483113513_n.jpg\",\"width\":1600,\"height\":1067},{\"@type\":\"BreadcrumbList\",\"@id\":\"https:\/\/gabonnouvellevision.com\/gnv\/2025\/08\/22\/le-president-oligui-nguema-inaugure-deux-infrastructures-a-onga\/#breadcrumb\",\"itemListElement\":[{\"@type\":\"ListItem\",\"position\":1,\"name\":\"Accueil\",\"item\":\"https:\/\/gabonnouvellevision.com\/gnv\/\"},{\"@type\":\"ListItem\",\"position\":2,\"name\":\"Le Pr\u00e9sident Oligui Nguema inaugure deux infrastructures \u00e0 Onga\"}]},{\"@type\":\"WebSite\",\"@id\":\"https:\/\/gabonnouvellevision.com\/gnv\/#website\",\"url\":\"https:\/\/gabonnouvellevision.com\/gnv\/\",\"name\":\"Gabon Nouvelle Vision\",\"description\":\"\",\"publisher\":{\"@id\":\"https:\/\/gabonnouvellevision.com\/gnv\/#organization\"},\"potentialAction\":[{\"@type\":\"SearchAction\",\"target\":{\"@type\":\"EntryPoint\",\"urlTemplate\":\"https:\/\/gabonnouvellevision.com\/gnv\/?s={search_term_string}\"},\"query-input\":{\"@type\":\"PropertyValueSpecification\",\"valueRequired\":true,\"valueName\":\"search_term_string\"}}],\"inLanguage\":\"fr-FR\"},{\"@type\":\"Organization\",\"@id\":\"https:\/\/gabonnouvellevision.com\/gnv\/#organization\",\"name\":\"Gabon Nouvelle Vision\",\"url\":\"https:\/\/gabonnouvellevision.com\/gnv\/\",\"logo\":{\"@type\":\"ImageObject\",\"inLanguage\":\"fr-FR\",\"@id\":\"https:\/\/gabonnouvellevision.com\/gnv\/#\/schema\/logo\/image\/\",\"url\":\"https:\/\/gabonnouvellevision.com\/gnv\/wp-content\/uploads\/2025\/01\/logo-text_Plan-de-travail-1.png\",\"contentUrl\":\"https:\/\/gabonnouvellevision.com\/gnv\/wp-content\/uploads\/2025\/01\/logo-text_Plan-de-travail-1.png\",\"width\":7169,\"height\":2390,\"caption\":\"Gabon Nouvelle Vision\"},\"image\":{\"@id\":\"https:\/\/gabonnouvellevision.com\/gnv\/#\/schema\/logo\/image\/\"},\"sameAs\":[\"https:\/\/www.facebook.com\/GNVofficiel\"]},{\"@type\":\"Person\",\"@id\":\"https:\/\/gabonnouvellevision.com\/gnv\/#\/schema\/person\/4b48e07d222f83c0285affc3704bc899\",\"name\":\"Eyeng Obame\",\"image\":{\"@type\":\"ImageObject\",\"inLanguage\":\"fr-FR\",\"@id\":\"https:\/\/gabonnouvellevision.com\/gnv\/#\/schema\/person\/image\/\",\"url\":\"https:\/\/secure.gravatar.com\/avatar\/167bc03b8baf3c77318a47159f80871de6f5a6cbf4bc8b6af750fbc1a369d7bf?s=96&d=mm&r=g\",\"contentUrl\":\"https:\/\/secure.gravatar.com\/avatar\/167bc03b8baf3c77318a47159f80871de6f5a6cbf4bc8b6af750fbc1a369d7bf?s=96&d=mm&r=g\",\"caption\":\"Eyeng Obame\"},\"url\":\"https:\/\/gabonnouvellevision.com\/gnv\/author\/rufin\/\"}]}<\/script>\n<!-- \/ Yoast SEO plugin. -->","yoast_head_json":{"title":"Le Pr\u00e9sident Oligui Nguema inaugure deux infrastructures \u00e0 Onga - Gabon Nouvelle Vision","robots":{"index":"index","follow":"follow","max-snippet":"max-snippet:-1","max-image-preview":"max-image-preview:large","max-video-preview":"max-video-preview:-1"},"canonical":"https:\/\/gabonnouvellevision.com\/gnv\/2025\/08\/22\/le-president-oligui-nguema-inaugure-deux-infrastructures-a-onga\/","og_locale":"fr_FR","og_type":"article","og_title":"Le Pr\u00e9sident Oligui Nguema inaugure deux infrastructures \u00e0 Onga - Gabon Nouvelle Vision","og_description":"&nbsp;Le Pr\u00e9sident Oligui Nguema \u00e0 Onga \u00a0En d\u00e9placement dans la province du Haut Ogoou\u00e9 hier jeudi 21 ao\u00fbt 2025, le Chef de l\u2019\u00c9tat, Brice Clotaire Oligui Nguema, s\u2019est rendu dans la ville d\u2019Onga o\u00f9 il a inaugur\u00e9 deux infrastructures majeures : le coll\u00e8ge d&rsquo;enseignement secondaire d\u2019Onga et le d\u00e9p\u00f4t pharmaceutique Madeleine Kagnenegue. Des r\u00e9alisations qui [&hellip;]","og_url":"https:\/\/gabonnouvellevision.com\/gnv\/2025\/08\/22\/le-president-oligui-nguema-inaugure-deux-infrastructures-a-onga\/","og_site_name":"Gabon Nouvelle Vision","article_publisher":"https:\/\/www.facebook.com\/GNVofficiel","article_published_time":"2025-08-22T10:40:56+00:00","article_modified_time":"2025-08-22T10:42:12+00:00","og_image":[{"width":1600,"height":1067,"url":"https:\/\/gabonnouvellevision.com\/gnv\/wp-content\/uploads\/2025\/08\/536272878_122269423814025336_7818387820483113513_n.jpg","type":"image\/jpeg"}],"author":"Eyeng Obame","twitter_card":"summary_large_image","twitter_misc":{"\u00c9crit par":"Eyeng Obame","Dur\u00e9e de lecture estim\u00e9e":"1 minute"},"schema":{"@context":"https:\/\/schema.org","@graph":[{"@type":"Article","@id":"https:\/\/gabonnouvellevision.com\/gnv\/2025\/08\/22\/le-president-oligui-nguema-inaugure-deux-infrastructures-a-onga\/#article","isPartOf":{"@id":"https:\/\/gabonnouvellevision.com\/gnv\/2025\/08\/22\/le-president-oligui-nguema-inaugure-deux-infrastructures-a-onga\/"},"author":{"name":"Eyeng Obame","@id":"https:\/\/gabonnouvellevision.com\/gnv\/#\/schema\/person\/4b48e07d222f83c0285affc3704bc899"},"headline":"Le Pr\u00e9sident Oligui Nguema inaugure deux infrastructures \u00e0 Onga","datePublished":"2025-08-22T10:40:56+00:00","dateModified":"2025-08-22T10:42:12+00:00","mainEntityOfPage":{"@id":"https:\/\/gabonnouvellevision.com\/gnv\/2025\/08\/22\/le-president-oligui-nguema-inaugure-deux-infrastructures-a-onga\/"},"wordCount":176,"commentCount":0,"publisher":{"@id":"https:\/\/gabonnouvellevision.com\/gnv\/#organization"},"image":{"@id":"https:\/\/gabonnouvellevision.com\/gnv\/2025\/08\/22\/le-president-oligui-nguema-inaugure-deux-infrastructures-a-onga\/#primaryimage"},"thumbnailUrl":"https:\/\/gabonnouvellevision.com\/gnv\/wp-content\/uploads\/2025\/08\/536272878_122269423814025336_7818387820483113513_n.jpg","articleSection":["A la une","Actualites","Jeunesse"],"inLanguage":"fr-FR","potentialAction":[{"@type":"CommentAction","name":"Comment","target":["https:\/\/gabonnouvellevision.com\/gnv\/2025\/08\/22\/le-president-oligui-nguema-inaugure-deux-infrastructures-a-onga\/#respond"]}]},{"@type":"WebPage","@id":"https:\/\/gabonnouvellevision.com\/gnv\/2025\/08\/22\/le-president-oligui-nguema-inaugure-deux-infrastructures-a-onga\/","url":"https:\/\/gabonnouvellevision.com\/gnv\/2025\/08\/22\/le-president-oligui-nguema-inaugure-deux-infrastructures-a-onga\/","name":"Le Pr\u00e9sident Oligui Nguema inaugure deux infrastructures \u00e0 Onga - Gabon Nouvelle Vision","isPartOf":{"@id":"https:\/\/gabonnouvellevision.com\/gnv\/#website"},"primaryImageOfPage":{"@id":"https:\/\/gabonnouvellevision.com\/gnv\/2025\/08\/22\/le-president-oligui-nguema-inaugure-deux-infrastructures-a-onga\/#primaryimage"},"image":{"@id":"https:\/\/gabonnouvellevision.com\/gnv\/2025\/08\/22\/le-president-oligui-nguema-inaugure-deux-infrastructures-a-onga\/#primaryimage"},"thumbnailUrl":"https:\/\/gabonnouvellevision.com\/gnv\/wp-content\/uploads\/2025\/08\/536272878_122269423814025336_7818387820483113513_n.jpg","datePublished":"2025-08-22T10:40:56+00:00","dateModified":"2025-08-22T10:42:12+00:00","breadcrumb":{"@id":"https:\/\/gabonnouvellevision.com\/gnv\/2025\/08\/22\/le-president-oligui-nguema-inaugure-deux-infrastructures-a-onga\/#breadcrumb"},"inLanguage":"fr-FR","potentialAction":[{"@type":"ReadAction","target":["https:\/\/gabonnouvellevision.com\/gnv\/2025\/08\/22\/le-president-oligui-nguema-inaugure-deux-infrastructures-a-onga\/"]}]},{"@type":"ImageObject","inLanguage":"fr-FR","@id":"https:\/\/gabonnouvellevision.com\/gnv\/2025\/08\/22\/le-president-oligui-nguema-inaugure-deux-infrastructures-a-onga\/#primaryimage","url":"https:\/\/gabonnouvellevision.com\/gnv\/wp-content\/uploads\/2025\/08\/536272878_122269423814025336_7818387820483113513_n.jpg","contentUrl":"https:\/\/gabonnouvellevision.com\/gnv\/wp-content\/uploads\/2025\/08\/536272878_122269423814025336_7818387820483113513_n.jpg","width":1600,"height":1067},{"@type":"BreadcrumbList","@id":"https:\/\/gabonnouvellevision.com\/gnv\/2025\/08\/22\/le-president-oligui-nguema-inaugure-deux-infrastructures-a-onga\/#breadcrumb","itemListElement":[{"@type":"ListItem","position":1,"name":"Accueil","item":"https:\/\/gabonnouvellevision.com\/gnv\/"},{"@type":"ListItem","position":2,"name":"Le Pr\u00e9sident Oligui Nguema inaugure deux infrastructures \u00e0 Onga"}]},{"@type":"WebSite","@id":"https:\/\/gabonnouvellevision.com\/gnv\/#website","url":"https:\/\/gabonnouvellevision.com\/gnv\/","name":"Gabon Nouvelle Vision","description":"","publisher":{"@id":"https:\/\/gabonnouvellevision.com\/gnv\/#organization"},"potentialAction":[{"@type":"SearchAction","target":{"@type":"EntryPoint","urlTemplate":"https:\/\/gabonnouvellevision.com\/gnv\/?s={search_term_string}"},"query-input":{"@type":"PropertyValueSpecification","valueRequired":true,"valueName":"search_term_string"}}],"inLanguage":"fr-FR"},{"@type":"Organization","@id":"https:\/\/gabonnouvellevision.com\/gnv\/#organization","name":"Gabon Nouvelle Vision","url":"https:\/\/gabonnouvellevision.com\/gnv\/","logo":{"@type":"ImageObject","inLanguage":"fr-FR","@id":"https:\/\/gabonnouvellevision.com\/gnv\/#\/schema\/logo\/image\/","url":"https:\/\/gabonnouvellevision.com\/gnv\/wp-content\/uploads\/2025\/01\/logo-text_Plan-de-travail-1.png","contentUrl":"https:\/\/gabonnouvellevision.com\/gnv\/wp-content\/uploads\/2025\/01\/logo-text_Plan-de-travail-1.png","width":7169,"height":2390,"caption":"Gabon Nouvelle Vision"},"image":{"@id":"https:\/\/gabonnouvellevision.com\/gnv\/#\/schema\/logo\/image\/"},"sameAs":["https:\/\/www.facebook.com\/GNVofficiel"]},{"@type":"Person","@id":"https:\/\/gabonnouvellevision.com\/gnv\/#\/schema\/person\/4b48e07d222f83c0285affc3704bc899","name":"Eyeng Obame","image":{"@type":"ImageObject","inLanguage":"fr-FR","@id":"https:\/\/gabonnouvellevision.com\/gnv\/#\/schema\/person\/image\/","url":"https:\/\/secure.gravatar.com\/avatar\/167bc03b8baf3c77318a47159f80871de6f5a6cbf4bc8b6af750fbc1a369d7bf?s=96&d=mm&r=g","contentUrl":"https:\/\/secure.gravatar.com\/avatar\/167bc03b8baf3c77318a47159f80871de6f5a6cbf4bc8b6af750fbc1a369d7bf?s=96&d=mm&r=g","caption":"Eyeng Obame"},"url":"https:\/\/gabonnouvellevision.com\/gnv\/author\/rufin\/"}]}},"_links":{"self":[{"href":"https:\/\/gabonnouvellevision.com\/gnv\/wp-json\/wp\/v2\/posts\/24194","targetHints":{"allow":["GET"]}}],"collection":[{"href":"https:\/\/gabonnouvellevision.com\/gnv\/wp-json\/wp\/v2\/posts"}],"about":[{"href":"https:\/\/gabonnouvellevision.com\/gnv\/wp-json\/wp\/v2\/types\/post"}],"author":[{"embeddable":true,"href":"https:\/\/gabonnouvellevision.com\/gnv\/wp-json\/wp\/v2\/users\/7"}],"replies":[{"embeddable":true,"href":"https:\/\/gabonnouvellevision.com\/gnv\/wp-json\/wp\/v2\/comments?post=24194"}],"version-history":[{"count":2,"href":"https:\/\/gabonnouvellevision.com\/gnv\/wp-json\/wp\/v2\/posts\/24194\/revisions"}],"predecessor-version":[{"id":24197,"href":"https:\/\/gabonnouvellevision.com\/gnv\/wp-json\/wp\/v2\/posts\/24194\/revisions\/24197"}],"wp:featuredmedia":[{"embeddable":true,"href":"https:\/\/gabonnouvellevision.com\/gnv\/wp-json\/wp\/v2\/media\/24195"}],"wp:attachment":[{"href":"https:\/\/gabonnouvellevision.com\/gnv\/wp-json\/wp\/v2\/media?parent=24194"}],"wp:term":[{"taxonomy":"category","embeddable":true,"href":"https:\/\/gabonnouvellevision.com\/gnv\/wp-json\/wp\/v2\/categories?post=24194"},{"taxonomy":"post_tag","embeddable":true,"href":"https:\/\/gabonnouvellevision.com\/gnv\/wp-json\/wp\/v2\/tags?post=24194"}],"curies":[{"name":"wp","href":"https:\/\/api.w.org\/{rel}","templated":true}]}}