{"id":24191,"date":"2025-08-19T12:54:49","date_gmt":"2025-08-19T10:54:49","guid":{"rendered":"https:\/\/gabonnouvellevision.com\/gnv\/?p=24191"},"modified":"2025-08-19T12:54:53","modified_gmt":"2025-08-19T10:54:53","slug":"le-drapeau-gabonais-devient-le-plus-haut-dafrique-centrale","status":"publish","type":"post","link":"https:\/\/gabonnouvellevision.com\/gnv\/2025\/08\/19\/le-drapeau-gabonais-devient-le-plus-haut-dafrique-centrale\/","title":{"rendered":"Le drapeau Gabonais devient le plus haut d\u2019Afrique centrale\u00a0!"},"content":{"rendered":"\n<p><strong><em>Le Gabon dispose d\u00e9sormais du drapeau le plus haut d\u2019Afrique centrale avec ses 50 m\u00e8tres. Ce drapeau est visible sur le site mythique de la cit\u00e9 de la d\u00e9mocratie de Libreville. Un acte de foi R\u00e9publicain impuls\u00e9 par les nouvelles autorit\u00e9s de la R\u00e9publique<\/em>.<\/strong><\/p>\n\n\n\n<p>\u00ab&nbsp;En ce 17 ao\u00fbt 2025, jour du 65e anniversaire de l\u2019ind\u00e9pendance du Gabon, j\u2019ai eu l\u2019honneur de proc\u00e9der \u00e0 la lev\u00e9e des couleurs nationales, devant notre drapeau, d\u00e9ploy\u00e9 sur 300 m\u00b2 de banni\u00e8re r\u00e9publicaine, hiss\u00e9 fi\u00e8rement sur un m\u00e2t de 50 m\u00e8tres, le plus haut d\u2019Afrique centrale. Il flotte d\u00e9sormais sur le site historique du Mont Bouet, dans l\u2019enceinte de la Cit\u00e9 de la D\u00e9mocratie. Ce n\u2019est pas un simple geste. C\u2019est un acte de foi r\u00e9publicaine, un symbole d\u2019unit\u00e9, de m\u00e9moire et d\u2019esp\u00e9rance&nbsp;\u00bb s\u2019est r\u00e9joui le Pr\u00e9sident de la R\u00e9publique Brice Clotaire Oligui Nguema.<\/p>\n\n\n\n<p>Avant de rench\u00e9rir&nbsp;: \u00ab&nbsp;Ce drapeau immense qui flotte d\u00e9sormais au-dessus de Libreville ne repr\u00e9sente pas seulement notre ind\u00e9pendance. Il incarne la souverainet\u00e9 retrouv\u00e9e, la dignit\u00e9 d\u00e9fendue, et l\u2019engagement d\u2019un peuple \u00e0 se tenir debout, quelles que soient les \u00e9preuves. Depuis ce lieu charg\u00e9 d\u2019histoire, nous affirmons ensemble que le Gabon ne reculera plus jamais. Il avance, fermement, avec ses valeurs, ses institutions, et surtout, avec son peuple.<\/p>\n\n\n\n<p>En hissant nos couleurs \u00e0 cette hauteur, c\u2019est la R\u00e9publique tout enti\u00e8re que nous \u00e9levons. Une R\u00e9publique plus forte, plus juste, plus proche de ses citoyens&nbsp;\u00bb.<\/p>\n\n\n\n<p>Un &nbsp;drapeau &nbsp;qui est le reflet de l\u2019engagement collectif du Gabon qui repose sur la construction d\u2019un Gabon fier, souverain, et r\u00e9solument tourn\u00e9 vers l\u2019avenir conform\u00e9ment \u00e0 la volont\u00e9 du Pr\u00e9sident de la R\u00e9publique, Brice Clotaire Oligui Nguema.<\/p>\n\n\n\n<p><strong>&nbsp;Sandrine Eyeng Obame<\/strong><\/p>\n","protected":false},"excerpt":{"rendered":"<p>Le Gabon dispose d\u00e9sormais du drapeau le plus haut d\u2019Afrique centrale avec ses 50 m\u00e8tres. Ce drapeau est visible sur le site mythique de la cit\u00e9 de la d\u00e9mocratie de Libreville. Un acte de foi R\u00e9publicain impuls\u00e9 par les nouvelles autorit\u00e9s de la R\u00e9publique. \u00ab&nbsp;En ce 17 ao\u00fbt 2025, jour du 65e anniversaire de l\u2019ind\u00e9pendance [&hellip;]<\/p>\n","protected":false},"author":7,"featured_media":24192,"comment_status":"open","ping_status":"open","sticky":false,"template":"","format":"standard","meta":{"footnotes":""},"categories":[57,55,65],"tags":[],"class_list":["post-24191","post","type-post","status-publish","format-standard","has-post-thumbnail","hentry","category-a-la-une","category-actualites","category-politique-podcasts"],"yoast_head":"<!-- This site is optimized with the Yoast SEO plugin v24.2 - https:\/\/yoast.com\/wordpress\/plugins\/seo\/ -->\n<title>Le drapeau Gabonais devient le plus haut d\u2019Afrique centrale\u00a0! - Gabon Nouvelle Vision<\/title>\n<meta name=\"robots\" content=\"index, follow, max-snippet:-1, max-image-preview:large, max-video-preview:-1\" \/>\n<link rel=\"canonical\" href=\"https:\/\/gabonnouvellevision.com\/gnv\/2025\/08\/19\/le-drapeau-gabonais-devient-le-plus-haut-dafrique-centrale\/\" \/>\n<meta property=\"og:locale\" content=\"fr_FR\" \/>\n<meta property=\"og:type\" content=\"article\" \/>\n<meta property=\"og:title\" content=\"Le drapeau Gabonais devient le plus haut d\u2019Afrique centrale\u00a0! - Gabon Nouvelle Vision\" \/>\n<meta property=\"og:description\" content=\"Le Gabon dispose d\u00e9sormais du drapeau le plus haut d\u2019Afrique centrale avec ses 50 m\u00e8tres. Ce drapeau est visible sur le site mythique de la cit\u00e9 de la d\u00e9mocratie de Libreville. Un acte de foi R\u00e9publicain impuls\u00e9 par les nouvelles autorit\u00e9s de la R\u00e9publique. \u00ab&nbsp;En ce 17 ao\u00fbt 2025, jour du 65e anniversaire de l\u2019ind\u00e9pendance [&hellip;]\" \/>\n<meta property=\"og:url\" content=\"https:\/\/gabonnouvellevision.com\/gnv\/2025\/08\/19\/le-drapeau-gabonais-devient-le-plus-haut-dafrique-centrale\/\" \/>\n<meta property=\"og:site_name\" content=\"Gabon Nouvelle Vision\" \/>\n<meta property=\"article:publisher\" content=\"https:\/\/www.facebook.com\/GNVofficiel\" \/>\n<meta property=\"article:published_time\" content=\"2025-08-19T10:54:49+00:00\" \/>\n<meta property=\"article:modified_time\" content=\"2025-08-19T10:54:53+00:00\" \/>\n<meta property=\"og:image\" content=\"https:\/\/gabonnouvellevision.com\/gnv\/wp-content\/uploads\/2025\/08\/535028266_122251091678023806_6918422982932614784_n.jpg\" \/>\n\t<meta property=\"og:image:width\" content=\"600\" \/>\n\t<meta property=\"og:image:height\" content=\"451\" \/>\n\t<meta property=\"og:image:type\" content=\"image\/jpeg\" \/>\n<meta name=\"author\" content=\"Eyeng Obame\" \/>\n<meta name=\"twitter:card\" content=\"summary_large_image\" \/>\n<meta name=\"twitter:label1\" content=\"\u00c9crit par\" \/>\n\t<meta name=\"twitter:data1\" content=\"Eyeng Obame\" \/>\n\t<meta name=\"twitter:label2\" content=\"Dur\u00e9e de lecture estim\u00e9e\" \/>\n\t<meta name=\"twitter:data2\" content=\"2 minutes\" \/>\n<script type=\"application\/ld+json\" class=\"yoast-schema-graph\">{\"@context\":\"https:\/\/schema.org\",\"@graph\":[{\"@type\":\"Article\",\"@id\":\"https:\/\/gabonnouvellevision.com\/gnv\/2025\/08\/19\/le-drapeau-gabonais-devient-le-plus-haut-dafrique-centrale\/#article\",\"isPartOf\":{\"@id\":\"https:\/\/gabonnouvellevision.com\/gnv\/2025\/08\/19\/le-drapeau-gabonais-devient-le-plus-haut-dafrique-centrale\/\"},\"author\":{\"name\":\"Eyeng Obame\",\"@id\":\"https:\/\/gabonnouvellevision.com\/gnv\/#\/schema\/person\/4b48e07d222f83c0285affc3704bc899\"},\"headline\":\"Le drapeau Gabonais devient le plus haut d\u2019Afrique centrale\u00a0!\",\"datePublished\":\"2025-08-19T10:54:49+00:00\",\"dateModified\":\"2025-08-19T10:54:53+00:00\",\"mainEntityOfPage\":{\"@id\":\"https:\/\/gabonnouvellevision.com\/gnv\/2025\/08\/19\/le-drapeau-gabonais-devient-le-plus-haut-dafrique-centrale\/\"},\"wordCount\":337,\"commentCount\":0,\"publisher\":{\"@id\":\"https:\/\/gabonnouvellevision.com\/gnv\/#organization\"},\"image\":{\"@id\":\"https:\/\/gabonnouvellevision.com\/gnv\/2025\/08\/19\/le-drapeau-gabonais-devient-le-plus-haut-dafrique-centrale\/#primaryimage\"},\"thumbnailUrl\":\"https:\/\/gabonnouvellevision.com\/gnv\/wp-content\/uploads\/2025\/08\/535028266_122251091678023806_6918422982932614784_n.jpg\",\"articleSection\":[\"A la une\",\"Actualites\",\"Politique\"],\"inLanguage\":\"fr-FR\",\"potentialAction\":[{\"@type\":\"CommentAction\",\"name\":\"Comment\",\"target\":[\"https:\/\/gabonnouvellevision.com\/gnv\/2025\/08\/19\/le-drapeau-gabonais-devient-le-plus-haut-dafrique-centrale\/#respond\"]}]},{\"@type\":\"WebPage\",\"@id\":\"https:\/\/gabonnouvellevision.com\/gnv\/2025\/08\/19\/le-drapeau-gabonais-devient-le-plus-haut-dafrique-centrale\/\",\"url\":\"https:\/\/gabonnouvellevision.com\/gnv\/2025\/08\/19\/le-drapeau-gabonais-devient-le-plus-haut-dafrique-centrale\/\",\"name\":\"Le drapeau Gabonais devient le plus haut d\u2019Afrique centrale\u00a0! - Gabon Nouvelle Vision\",\"isPartOf\":{\"@id\":\"https:\/\/gabonnouvellevision.com\/gnv\/#website\"},\"primaryImageOfPage\":{\"@id\":\"https:\/\/gabonnouvellevision.com\/gnv\/2025\/08\/19\/le-drapeau-gabonais-devient-le-plus-haut-dafrique-centrale\/#primaryimage\"},\"image\":{\"@id\":\"https:\/\/gabonnouvellevision.com\/gnv\/2025\/08\/19\/le-drapeau-gabonais-devient-le-plus-haut-dafrique-centrale\/#primaryimage\"},\"thumbnailUrl\":\"https:\/\/gabonnouvellevision.com\/gnv\/wp-content\/uploads\/2025\/08\/535028266_122251091678023806_6918422982932614784_n.jpg\",\"datePublished\":\"2025-08-19T10:54:49+00:00\",\"dateModified\":\"2025-08-19T10:54:53+00:00\",\"breadcrumb\":{\"@id\":\"https:\/\/gabonnouvellevision.com\/gnv\/2025\/08\/19\/le-drapeau-gabonais-devient-le-plus-haut-dafrique-centrale\/#breadcrumb\"},\"inLanguage\":\"fr-FR\",\"potentialAction\":[{\"@type\":\"ReadAction\",\"target\":[\"https:\/\/gabonnouvellevision.com\/gnv\/2025\/08\/19\/le-drapeau-gabonais-devient-le-plus-haut-dafrique-centrale\/\"]}]},{\"@type\":\"ImageObject\",\"inLanguage\":\"fr-FR\",\"@id\":\"https:\/\/gabonnouvellevision.com\/gnv\/2025\/08\/19\/le-drapeau-gabonais-devient-le-plus-haut-dafrique-centrale\/#primaryimage\",\"url\":\"https:\/\/gabonnouvellevision.com\/gnv\/wp-content\/uploads\/2025\/08\/535028266_122251091678023806_6918422982932614784_n.jpg\",\"contentUrl\":\"https:\/\/gabonnouvellevision.com\/gnv\/wp-content\/uploads\/2025\/08\/535028266_122251091678023806_6918422982932614784_n.jpg\",\"width\":600,\"height\":451},{\"@type\":\"BreadcrumbList\",\"@id\":\"https:\/\/gabonnouvellevision.com\/gnv\/2025\/08\/19\/le-drapeau-gabonais-devient-le-plus-haut-dafrique-centrale\/#breadcrumb\",\"itemListElement\":[{\"@type\":\"ListItem\",\"position\":1,\"name\":\"Accueil\",\"item\":\"https:\/\/gabonnouvellevision.com\/gnv\/\"},{\"@type\":\"ListItem\",\"position\":2,\"name\":\"Le drapeau Gabonais devient le plus haut d\u2019Afrique centrale\u00a0!\"}]},{\"@type\":\"WebSite\",\"@id\":\"https:\/\/gabonnouvellevision.com\/gnv\/#website\",\"url\":\"https:\/\/gabonnouvellevision.com\/gnv\/\",\"name\":\"Gabon Nouvelle Vision\",\"description\":\"\",\"publisher\":{\"@id\":\"https:\/\/gabonnouvellevision.com\/gnv\/#organization\"},\"potentialAction\":[{\"@type\":\"SearchAction\",\"target\":{\"@type\":\"EntryPoint\",\"urlTemplate\":\"https:\/\/gabonnouvellevision.com\/gnv\/?s={search_term_string}\"},\"query-input\":{\"@type\":\"PropertyValueSpecification\",\"valueRequired\":true,\"valueName\":\"search_term_string\"}}],\"inLanguage\":\"fr-FR\"},{\"@type\":\"Organization\",\"@id\":\"https:\/\/gabonnouvellevision.com\/gnv\/#organization\",\"name\":\"Gabon Nouvelle Vision\",\"url\":\"https:\/\/gabonnouvellevision.com\/gnv\/\",\"logo\":{\"@type\":\"ImageObject\",\"inLanguage\":\"fr-FR\",\"@id\":\"https:\/\/gabonnouvellevision.com\/gnv\/#\/schema\/logo\/image\/\",\"url\":\"https:\/\/gabonnouvellevision.com\/gnv\/wp-content\/uploads\/2025\/01\/logo-text_Plan-de-travail-1.png\",\"contentUrl\":\"https:\/\/gabonnouvellevision.com\/gnv\/wp-content\/uploads\/2025\/01\/logo-text_Plan-de-travail-1.png\",\"width\":7169,\"height\":2390,\"caption\":\"Gabon Nouvelle Vision\"},\"image\":{\"@id\":\"https:\/\/gabonnouvellevision.com\/gnv\/#\/schema\/logo\/image\/\"},\"sameAs\":[\"https:\/\/www.facebook.com\/GNVofficiel\"]},{\"@type\":\"Person\",\"@id\":\"https:\/\/gabonnouvellevision.com\/gnv\/#\/schema\/person\/4b48e07d222f83c0285affc3704bc899\",\"name\":\"Eyeng Obame\",\"image\":{\"@type\":\"ImageObject\",\"inLanguage\":\"fr-FR\",\"@id\":\"https:\/\/gabonnouvellevision.com\/gnv\/#\/schema\/person\/image\/\",\"url\":\"https:\/\/secure.gravatar.com\/avatar\/167bc03b8baf3c77318a47159f80871de6f5a6cbf4bc8b6af750fbc1a369d7bf?s=96&d=mm&r=g\",\"contentUrl\":\"https:\/\/secure.gravatar.com\/avatar\/167bc03b8baf3c77318a47159f80871de6f5a6cbf4bc8b6af750fbc1a369d7bf?s=96&d=mm&r=g\",\"caption\":\"Eyeng Obame\"},\"url\":\"https:\/\/gabonnouvellevision.com\/gnv\/author\/rufin\/\"}]}<\/script>\n<!-- \/ Yoast SEO plugin. -->","yoast_head_json":{"title":"Le drapeau Gabonais devient le plus haut d\u2019Afrique centrale\u00a0! - Gabon Nouvelle Vision","robots":{"index":"index","follow":"follow","max-snippet":"max-snippet:-1","max-image-preview":"max-image-preview:large","max-video-preview":"max-video-preview:-1"},"canonical":"https:\/\/gabonnouvellevision.com\/gnv\/2025\/08\/19\/le-drapeau-gabonais-devient-le-plus-haut-dafrique-centrale\/","og_locale":"fr_FR","og_type":"article","og_title":"Le drapeau Gabonais devient le plus haut d\u2019Afrique centrale\u00a0! - Gabon Nouvelle Vision","og_description":"Le Gabon dispose d\u00e9sormais du drapeau le plus haut d\u2019Afrique centrale avec ses 50 m\u00e8tres. Ce drapeau est visible sur le site mythique de la cit\u00e9 de la d\u00e9mocratie de Libreville. Un acte de foi R\u00e9publicain impuls\u00e9 par les nouvelles autorit\u00e9s de la R\u00e9publique. \u00ab&nbsp;En ce 17 ao\u00fbt 2025, jour du 65e anniversaire de l\u2019ind\u00e9pendance [&hellip;]","og_url":"https:\/\/gabonnouvellevision.com\/gnv\/2025\/08\/19\/le-drapeau-gabonais-devient-le-plus-haut-dafrique-centrale\/","og_site_name":"Gabon Nouvelle Vision","article_publisher":"https:\/\/www.facebook.com\/GNVofficiel","article_published_time":"2025-08-19T10:54:49+00:00","article_modified_time":"2025-08-19T10:54:53+00:00","og_image":[{"width":600,"height":451,"url":"https:\/\/gabonnouvellevision.com\/gnv\/wp-content\/uploads\/2025\/08\/535028266_122251091678023806_6918422982932614784_n.jpg","type":"image\/jpeg"}],"author":"Eyeng Obame","twitter_card":"summary_large_image","twitter_misc":{"\u00c9crit par":"Eyeng Obame","Dur\u00e9e de lecture estim\u00e9e":"2 minutes"},"schema":{"@context":"https:\/\/schema.org","@graph":[{"@type":"Article","@id":"https:\/\/gabonnouvellevision.com\/gnv\/2025\/08\/19\/le-drapeau-gabonais-devient-le-plus-haut-dafrique-centrale\/#article","isPartOf":{"@id":"https:\/\/gabonnouvellevision.com\/gnv\/2025\/08\/19\/le-drapeau-gabonais-devient-le-plus-haut-dafrique-centrale\/"},"author":{"name":"Eyeng Obame","@id":"https:\/\/gabonnouvellevision.com\/gnv\/#\/schema\/person\/4b48e07d222f83c0285affc3704bc899"},"headline":"Le drapeau Gabonais devient le plus haut d\u2019Afrique centrale\u00a0!","datePublished":"2025-08-19T10:54:49+00:00","dateModified":"2025-08-19T10:54:53+00:00","mainEntityOfPage":{"@id":"https:\/\/gabonnouvellevision.com\/gnv\/2025\/08\/19\/le-drapeau-gabonais-devient-le-plus-haut-dafrique-centrale\/"},"wordCount":337,"commentCount":0,"publisher":{"@id":"https:\/\/gabonnouvellevision.com\/gnv\/#organization"},"image":{"@id":"https:\/\/gabonnouvellevision.com\/gnv\/2025\/08\/19\/le-drapeau-gabonais-devient-le-plus-haut-dafrique-centrale\/#primaryimage"},"thumbnailUrl":"https:\/\/gabonnouvellevision.com\/gnv\/wp-content\/uploads\/2025\/08\/535028266_122251091678023806_6918422982932614784_n.jpg","articleSection":["A la une","Actualites","Politique"],"inLanguage":"fr-FR","potentialAction":[{"@type":"CommentAction","name":"Comment","target":["https:\/\/gabonnouvellevision.com\/gnv\/2025\/08\/19\/le-drapeau-gabonais-devient-le-plus-haut-dafrique-centrale\/#respond"]}]},{"@type":"WebPage","@id":"https:\/\/gabonnouvellevision.com\/gnv\/2025\/08\/19\/le-drapeau-gabonais-devient-le-plus-haut-dafrique-centrale\/","url":"https:\/\/gabonnouvellevision.com\/gnv\/2025\/08\/19\/le-drapeau-gabonais-devient-le-plus-haut-dafrique-centrale\/","name":"Le drapeau Gabonais devient le plus haut d\u2019Afrique centrale\u00a0! - Gabon Nouvelle Vision","isPartOf":{"@id":"https:\/\/gabonnouvellevision.com\/gnv\/#website"},"primaryImageOfPage":{"@id":"https:\/\/gabonnouvellevision.com\/gnv\/2025\/08\/19\/le-drapeau-gabonais-devient-le-plus-haut-dafrique-centrale\/#primaryimage"},"image":{"@id":"https:\/\/gabonnouvellevision.com\/gnv\/2025\/08\/19\/le-drapeau-gabonais-devient-le-plus-haut-dafrique-centrale\/#primaryimage"},"thumbnailUrl":"https:\/\/gabonnouvellevision.com\/gnv\/wp-content\/uploads\/2025\/08\/535028266_122251091678023806_6918422982932614784_n.jpg","datePublished":"2025-08-19T10:54:49+00:00","dateModified":"2025-08-19T10:54:53+00:00","breadcrumb":{"@id":"https:\/\/gabonnouvellevision.com\/gnv\/2025\/08\/19\/le-drapeau-gabonais-devient-le-plus-haut-dafrique-centrale\/#breadcrumb"},"inLanguage":"fr-FR","potentialAction":[{"@type":"ReadAction","target":["https:\/\/gabonnouvellevision.com\/gnv\/2025\/08\/19\/le-drapeau-gabonais-devient-le-plus-haut-dafrique-centrale\/"]}]},{"@type":"ImageObject","inLanguage":"fr-FR","@id":"https:\/\/gabonnouvellevision.com\/gnv\/2025\/08\/19\/le-drapeau-gabonais-devient-le-plus-haut-dafrique-centrale\/#primaryimage","url":"https:\/\/gabonnouvellevision.com\/gnv\/wp-content\/uploads\/2025\/08\/535028266_122251091678023806_6918422982932614784_n.jpg","contentUrl":"https:\/\/gabonnouvellevision.com\/gnv\/wp-content\/uploads\/2025\/08\/535028266_122251091678023806_6918422982932614784_n.jpg","width":600,"height":451},{"@type":"BreadcrumbList","@id":"https:\/\/gabonnouvellevision.com\/gnv\/2025\/08\/19\/le-drapeau-gabonais-devient-le-plus-haut-dafrique-centrale\/#breadcrumb","itemListElement":[{"@type":"ListItem","position":1,"name":"Accueil","item":"https:\/\/gabonnouvellevision.com\/gnv\/"},{"@type":"ListItem","position":2,"name":"Le drapeau Gabonais devient le plus haut d\u2019Afrique centrale\u00a0!"}]},{"@type":"WebSite","@id":"https:\/\/gabonnouvellevision.com\/gnv\/#website","url":"https:\/\/gabonnouvellevision.com\/gnv\/","name":"Gabon Nouvelle Vision","description":"","publisher":{"@id":"https:\/\/gabonnouvellevision.com\/gnv\/#organization"},"potentialAction":[{"@type":"SearchAction","target":{"@type":"EntryPoint","urlTemplate":"https:\/\/gabonnouvellevision.com\/gnv\/?s={search_term_string}"},"query-input":{"@type":"PropertyValueSpecification","valueRequired":true,"valueName":"search_term_string"}}],"inLanguage":"fr-FR"},{"@type":"Organization","@id":"https:\/\/gabonnouvellevision.com\/gnv\/#organization","name":"Gabon Nouvelle Vision","url":"https:\/\/gabonnouvellevision.com\/gnv\/","logo":{"@type":"ImageObject","inLanguage":"fr-FR","@id":"https:\/\/gabonnouvellevision.com\/gnv\/#\/schema\/logo\/image\/","url":"https:\/\/gabonnouvellevision.com\/gnv\/wp-content\/uploads\/2025\/01\/logo-text_Plan-de-travail-1.png","contentUrl":"https:\/\/gabonnouvellevision.com\/gnv\/wp-content\/uploads\/2025\/01\/logo-text_Plan-de-travail-1.png","width":7169,"height":2390,"caption":"Gabon Nouvelle Vision"},"image":{"@id":"https:\/\/gabonnouvellevision.com\/gnv\/#\/schema\/logo\/image\/"},"sameAs":["https:\/\/www.facebook.com\/GNVofficiel"]},{"@type":"Person","@id":"https:\/\/gabonnouvellevision.com\/gnv\/#\/schema\/person\/4b48e07d222f83c0285affc3704bc899","name":"Eyeng Obame","image":{"@type":"ImageObject","inLanguage":"fr-FR","@id":"https:\/\/gabonnouvellevision.com\/gnv\/#\/schema\/person\/image\/","url":"https:\/\/secure.gravatar.com\/avatar\/167bc03b8baf3c77318a47159f80871de6f5a6cbf4bc8b6af750fbc1a369d7bf?s=96&d=mm&r=g","contentUrl":"https:\/\/secure.gravatar.com\/avatar\/167bc03b8baf3c77318a47159f80871de6f5a6cbf4bc8b6af750fbc1a369d7bf?s=96&d=mm&r=g","caption":"Eyeng Obame"},"url":"https:\/\/gabonnouvellevision.com\/gnv\/author\/rufin\/"}]}},"_links":{"self":[{"href":"https:\/\/gabonnouvellevision.com\/gnv\/wp-json\/wp\/v2\/posts\/24191","targetHints":{"allow":["GET"]}}],"collection":[{"href":"https:\/\/gabonnouvellevision.com\/gnv\/wp-json\/wp\/v2\/posts"}],"about":[{"href":"https:\/\/gabonnouvellevision.com\/gnv\/wp-json\/wp\/v2\/types\/post"}],"author":[{"embeddable":true,"href":"https:\/\/gabonnouvellevision.com\/gnv\/wp-json\/wp\/v2\/users\/7"}],"replies":[{"embeddable":true,"href":"https:\/\/gabonnouvellevision.com\/gnv\/wp-json\/wp\/v2\/comments?post=24191"}],"version-history":[{"count":1,"href":"https:\/\/gabonnouvellevision.com\/gnv\/wp-json\/wp\/v2\/posts\/24191\/revisions"}],"predecessor-version":[{"id":24193,"href":"https:\/\/gabonnouvellevision.com\/gnv\/wp-json\/wp\/v2\/posts\/24191\/revisions\/24193"}],"wp:featuredmedia":[{"embeddable":true,"href":"https:\/\/gabonnouvellevision.com\/gnv\/wp-json\/wp\/v2\/media\/24192"}],"wp:attachment":[{"href":"https:\/\/gabonnouvellevision.com\/gnv\/wp-json\/wp\/v2\/media?parent=24191"}],"wp:term":[{"taxonomy":"category","embeddable":true,"href":"https:\/\/gabonnouvellevision.com\/gnv\/wp-json\/wp\/v2\/categories?post=24191"},{"taxonomy":"post_tag","embeddable":true,"href":"https:\/\/gabonnouvellevision.com\/gnv\/wp-json\/wp\/v2\/tags?post=24191"}],"curies":[{"name":"wp","href":"https:\/\/api.w.org\/{rel}","templated":true}]}}