{"id":24185,"date":"2025-08-13T13:14:15","date_gmt":"2025-08-13T11:14:15","guid":{"rendered":"https:\/\/gabonnouvellevision.com\/gnv\/?p=24185"},"modified":"2025-08-13T13:14:19","modified_gmt":"2025-08-13T11:14:19","slug":"communique-final-du-conseil-des-ministres-du-mardi-12-aout-2025","status":"publish","type":"post","link":"https:\/\/gabonnouvellevision.com\/gnv\/2025\/08\/13\/communique-final-du-conseil-des-ministres-du-mardi-12-aout-2025\/","title":{"rendered":"Communiqu\u00e9 Final du Conseil des Ministres du Mardi 12 Ao\u00fbt 2025"},"content":{"rendered":"\n<p><strong>Sous la Tr\u00e8s Haute Pr\u00e9sidence de Son Excellence Brice Clotaire&nbsp; OLIGUI NGUEMA, Pr\u00e9sident de la R\u00e9publique, Chef de l\u2019\u00c9tat, Chef&nbsp; du Gouvernement, le Conseil des Ministres s\u2019est r\u00e9uni ce mardi 12 ao\u00fbt&nbsp; 2025, \u00e0 10 heures pr\u00e9cises, au Palais de la Pr\u00e9sidence de la&nbsp; R\u00e9publique.&nbsp;<\/strong><\/p>\n\n\n\n<p>A l\u2019entame des travaux, le Conseil des Ministres a proc\u00e9d\u00e9 \u00e0 l\u2019examen attentif&nbsp; des conclusions issues du s\u00e9minaire gouvernemental des 10 et&nbsp; 11 ao\u00fbt 2025. Tout en saluant la dynamique nouvelle insuffl\u00e9e par le&nbsp; Gouvernement dans la mise en \u0153uvre du projet de soci\u00e9t\u00e9&nbsp;<strong>\u00ab B\u00e2tissons&nbsp; un \u00e9difice nouveau \u00bb<\/strong>, le Conseil a soulign\u00e9 que cette impulsion devait&nbsp; d\u00e9sormais se traduire par une intensification des efforts, afin de&nbsp; transformer cet \u00e9lan en r\u00e9sultats concrets et mesurables au b\u00e9n\u00e9fice de&nbsp; la Nation.&nbsp;<\/p>\n\n\n\n<p>Dans cette perspective, le Pr\u00e9sident de la R\u00e9publique et le Conseil ont&nbsp; r\u00e9affirm\u00e9, avec force, leur soutien \u00e0 l\u2019\u00e9laboration et \u00e0 la mise en \u0153uvre&nbsp; d\u2019un plan d\u2019ajustement budg\u00e9taire, \u00e0 condition que celui-ci pr\u00e9serve, en&nbsp; toutes circonstances, les couches sociales les plus vuln\u00e9rables. Le Chef&nbsp; de l\u2019\u00c9tat a soulign\u00e9 avec fermet\u00e9 que l\u2019action publique doit rester guid\u00e9e&nbsp; par la volont\u00e9 constante de prot\u00e9ger les populations, de soulager leurs&nbsp; difficult\u00e9s quotidiennes et de leur ouvrir de r\u00e9elles perspectives d\u2019avenir.&nbsp; Pour atteindre ces objectifs, il a insist\u00e9 sur l\u2019exigence absolue d\u2019une&nbsp; plus grande rigueur, d\u2019une m\u00e9thode irr\u00e9prochable et d\u2019un suivi&nbsp;\u00e9valuation rigoureux de chaque d\u00e9cision et de chaque projet engag\u00e9 par&nbsp; l\u2019\u00c9tat.&nbsp;<\/p>\n\n\n\n<p>Fixant r\u00e9solument le cap, le Pr\u00e9sident de la R\u00e9publique a r\u00e9affirm\u00e9 que&nbsp; le redressement des comptes publics demeure un objectif prioritaire,&nbsp; pour se donner les moyens d\u2019atteindre, \u00e0 moyen terme, un taux de&nbsp; croissance d\u2019au moins 10 %, soutenu par un secteur non p\u00e9trolier&nbsp; robuste, innovant et cr\u00e9ateur d\u2019emplois. Il a r\u00e9it\u00e9r\u00e9 sa d\u00e9termination \u00e0&nbsp; promouvoir la cr\u00e9ation de valeur ajout\u00e9e sur le territoire national afin de&nbsp; r\u00e9duire significativement les exportations de mati\u00e8res premi\u00e8res \u00e0 l\u2019\u00e9tat&nbsp; brut, \u00e0 \u00e9largir l\u2019assiette fiscale en mettant un terme aux exon\u00e9rations&nbsp; abusives, et \u00e0 proc\u00e9der \u00e0 une \u00e9valuation rigoureuse des services&nbsp;&nbsp;publics personnalis\u00e9s, en \u00e9valuant leur viabilit\u00e9 et leur niveau de leur&nbsp; d\u00e9pendance budg\u00e9taire, pour r\u00e9organiser ou supprimer ceux qui se&nbsp; r\u00e9v\u00e8lent improductifs, tout en adaptant leurs r\u00e9gimes de r\u00e9mun\u00e9ration&nbsp; aux performances r\u00e9elles.&nbsp;<\/p>\n\n\n\n<p>Dans le m\u00eame ordre d\u2019id\u00e9es, le Conseil s\u2019est f\u00e9licit\u00e9 des r\u00e9solutions&nbsp; adopt\u00e9es au cours de ce s\u00e9minaire, structur\u00e9es autour de quatre axes&nbsp; majeurs et rev\u00eatant une priorit\u00e9 absolue. Elles portent, d\u2019une part, sur&nbsp; des mesures imm\u00e9diates telles que la clarification du circuit des&nbsp; signatures pour fluidifier l\u2019action administrative, la centralisation des&nbsp; communications internationales afin de garantir la coh\u00e9rence et la&nbsp; souverainet\u00e9 diplomatique, l\u2019instauration d\u2019un monopole \u00e9tatique sur la&nbsp; production des agr\u00e9gats pour contr\u00f4ler les mat\u00e9riaux strat\u00e9giques, ainsi&nbsp; que la mise en place d\u2019un Laboratoire national du BTP destin\u00e9 \u00e0 assurer&nbsp; la qualit\u00e9 des infrastructures.&nbsp;<\/p>\n\n\n\n<p>D\u2019autre part, elles comprennent des r\u00e9formes structurelles \u00e0 fort impact,&nbsp; notamment la refonte compl\u00e8te du syst\u00e8me foncier avec la&nbsp; r\u00e9gularisation massive de 50 000 titres de propri\u00e9t\u00e9, la mise en \u0153uvre&nbsp; d\u2019une nouvelle politique nationale du logement accompagn\u00e9e de la&nbsp; r\u00e9forme de la SNI pour \u00e9largir l\u2019acc\u00e8s \u00e0 l\u2019habitat, l\u2019introduction d\u2019un&nbsp; pr\u00e9l\u00e8vement fiscal automatis\u00e9 pour moderniser la collecte des imp\u00f4ts,&nbsp; ainsi que l\u2019obligation de stockage national des donn\u00e9es afin de garantir&nbsp; la souverainet\u00e9 num\u00e9rique.&nbsp;<\/p>\n\n\n\n<p>L\u2019action gouvernementale devra s\u2019articuler autour des secteurs&nbsp; prioritaires suivants : infrastructures routi\u00e8res, logement et foncier,&nbsp; souverainet\u00e9 \u00e9conomique (SNT, agr\u00e9gats), transformation num\u00e9rique,&nbsp; \u00e9ducation, agriculture, suivi-\u00e9valuation et r\u00e9formes institutionnelles. Le&nbsp; financement reposera sur un dispositif combinant budget national,&nbsp; partenariats techniques et financiers, ainsi que coop\u00e9ration bilat\u00e9rale et&nbsp; multilat\u00e9rale.&nbsp;<\/p>\n\n\n\n<p>Le Conseil a insist\u00e9 sur la n\u00e9cessit\u00e9 de mettre en place un cadre de&nbsp; suivi-\u00e9valuation robuste, comprenant un pilotage strat\u00e9gique assur\u00e9 par&nbsp; un Conseil Pr\u00e9sidentiel de Performance, la lev\u00e9e r\u00e9guli\u00e8re des&nbsp; blocages lors de la phase de coordination interminist\u00e9rielle et un&nbsp; monitoring permanent confi\u00e9 aux instances comp\u00e9tentes.&nbsp;<\/p>\n\n\n\n<p>Ces d\u00e9cisions traduisent pleinement la vision pr\u00e9sidentielle de&nbsp;<em>\u00ab B\u00e2tir&nbsp; l\u2019\u00c9difice Nouveau \u00bb<\/em>, \u00e0 travers une action disciplin\u00e9e, coh\u00e9rente et&nbsp;m\u00e9thodique, pla\u00e7ant le Gabon sur la voie du leadership r\u00e9gional en&nbsp; mati\u00e8re de souverainet\u00e9 \u00e9conomique et de gouvernance moderne.&nbsp;<\/p>\n\n\n\n<p>Poursuivant dans la m\u00eame dynamique, le Conseil s\u2019est f\u00e9licit\u00e9 des&nbsp; premiers r\u00e9sultats constat\u00e9s dans la livraison des chantiers publics,&nbsp; notamment ceux relatifs au logement de fonction des agents de l\u2019\u00c9tat \u00e0&nbsp; l\u2019int\u00e9rieur du pays. Dans cette perspective, il a ent\u00e9rin\u00e9 l\u2019orientation du&nbsp; Pr\u00e9sident de la R\u00e9publique, qui a rappel\u00e9 avec fermet\u00e9 que tout agent&nbsp; public b\u00e9n\u00e9ficiant d\u2019un logement attribu\u00e9 dans le cadre des&nbsp; programmes de construction en cours perdra le b\u00e9n\u00e9fice de son&nbsp; indemnit\u00e9 de fonction correspondante. Cette mesure vise \u00e0 mettre un&nbsp; terme aux cumuls abusifs et \u00e0 garantir une gestion optimale du&nbsp; patrimoine immobilier de l\u2019\u00c9tat, dans l\u2019int\u00e9r\u00eat g\u00e9n\u00e9ral et la discipline&nbsp; budg\u00e9taire.<\/p>\n\n\n\n<p>Le Conseil a \u00e9galement valid\u00e9 le principe d\u2019un pilotage int\u00e9gr\u00e9 et&nbsp; rigoureux des finances publiques, reposant sur la mise en \u0153uvre&nbsp; effective du Compte Unique du Tr\u00e9sor, un suivi budg\u00e9taire&nbsp; hebdomadaire, le recentrage des investissements sur les priorit\u00e9s&nbsp; nationales, le respect strict des engagements financiers, ainsi que sur&nbsp; l\u2019acc\u00e9l\u00e9ration des proc\u00e9dures de cr\u00e9ation d\u2019entreprises et le recours&nbsp; syst\u00e9matique \u00e0 la m\u00e9diation et \u00e0 l\u2019arbitrage pour restaurer la confiance&nbsp; des investisseurs. Il a par ailleurs act\u00e9 qu\u2019une r\u00e9forme structurelle de la&nbsp; gouvernance des entreprises publiques sera conduite, avec une gestion&nbsp; unifi\u00e9e et optimis\u00e9e des participations de l\u2019\u00c9tat.&nbsp;&nbsp;<\/p>\n\n\n\n<p>La strat\u00e9gie nationale d\u2019endettement sera, quant \u00e0 elle, actualis\u00e9e afin&nbsp; de mobiliser les financements n\u00e9cessaires aux projets structurants, tout&nbsp; en pr\u00e9servant la soutenabilit\u00e9 de la dette publique. R\u00e9affirmant la&nbsp; n\u00e9cessit\u00e9 de r\u00e9formes profondes, le Conseil a exhort\u00e9 le Gouvernement&nbsp; \u00e0 s\u2019engager avec discipline, courage et audace pour garantir la stabilit\u00e9&nbsp; financi\u00e8re et assurer l\u2019avenir du pays.&nbsp;<\/p>\n\n\n\n<p>Dans le prolongement des actions engag\u00e9es pour renforcer la&nbsp; souverainet\u00e9 \u00e9conomique et promouvoir l\u2019entrepreneuriat national,&nbsp; notamment celui des jeunes, le Conseil a d\u00e9cid\u00e9 de r\u00e9viser la&nbsp; r\u00e9glementation sur les m\u00e9tiers r\u00e9serv\u00e9s aux nationaux afin d\u2019en garantir&nbsp; l\u2019exercice exclusif par les Gabonais, y compris dans les secteurs&nbsp; \u00e9mergents tels que le commerce num\u00e9rique et l\u2019entrepreneuriat&nbsp; moderne. Des rapports r\u00e9guliers seront exig\u00e9s pour en assurer&nbsp; l\u2019application effective.<\/p>\n\n\n\n<p>Abordant la question du commerce informel, le Conseil a constat\u00e9 que&nbsp; ce secteur, bien que dynamique, \u00e9chappe souvent au cadre l\u00e9gal et&nbsp; p\u00e9nalise les entrepreneurs nationaux, en particulier les jeunes et les&nbsp; femmes. Une part importante de ces activit\u00e9s \u00e9tant exerc\u00e9e par des&nbsp; op\u00e9rateurs \u00e9trangers, le Conseil interdit d\u00e9sormais \u00e0 ces derniers&nbsp; l\u2019exercice de certaines activit\u00e9s de petite envergure : commerce de&nbsp; proximit\u00e9, envoi d\u2019argent non agr\u00e9\u00e9, r\u00e9paration de t\u00e9l\u00e9phones et petits&nbsp; appareils, coiffure et soins esth\u00e9tiques de rue, orpaillage artisanal non&nbsp; autoris\u00e9, interm\u00e9diation informelle dans l\u2019achat de r\u00e9coltes, exploitation&nbsp; de petits ateliers ou machines de jeux sans enregistrement.&nbsp;<\/p>\n\n\n\n<p>Cette mesure, mise en \u0153uvre progressivement avec une p\u00e9riode&nbsp; transitoire et l\u2019appui des collectivit\u00e9s locales, vise \u00e0 organiser et&nbsp; r\u00e9\u00e9quilibrer le commerce informel, tout en accompagnant les op\u00e9rateurs&nbsp; nationaux vers la formalisation gr\u00e2ce \u00e0 des proc\u00e9dures simplifi\u00e9es, un&nbsp; appui technique et fiscal, et des dispositifs de financement adapt\u00e9s.&nbsp;<\/p>\n\n\n\n<p>Toujours dans cette dynamique, le Pr\u00e9sident de la R\u00e9publique a&nbsp; annonc\u00e9 la cr\u00e9ation d\u2019un&nbsp;<strong>transitaire national&nbsp;<\/strong>pour assainir et&nbsp; r\u00e9organiser un secteur actuellement marqu\u00e9 par des pratiques&nbsp; irr\u00e9guli\u00e8res.&nbsp;<\/p>\n\n\n\n<p>Ces r\u00e9formes visent un objectif central :&nbsp;<strong>offrir aux Gabonaises et aux&nbsp; Gabonais, et en priorit\u00e9 \u00e0 la jeunesse, les moyens de leur&nbsp; autonomie \u00e9conomique<\/strong>, condition essentielle pour \u00e9radiquer&nbsp; durablement la pauvret\u00e9.&nbsp;<\/p>\n\n\n\n<p>Enfin, le Conseil a confirm\u00e9 que la&nbsp;<strong>F\u00eate de la Lib\u00e9ration&nbsp;<\/strong>aura d\u00e9sormais&nbsp; un caract\u00e8re tournant entre les provinces. L\u2019\u00e9dition 2025, qui se tiendra&nbsp; le 30 ao\u00fbt prochain, sera organis\u00e9e dans la province de la Nyanga.<\/p>\n\n\n\n<p>&nbsp;Au-del\u00e0 de l\u2019aspect comm\u00e9moratif, cette c\u00e9l\u00e9bration sera l\u2019occasion de&nbsp; dresser un bilan concret des projets lanc\u00e9s dans chaque province et&nbsp; d\u2019en mesurer les avanc\u00e9es, traduisant ainsi la volont\u00e9 de faire de cette&nbsp; journ\u00e9e un moment de v\u00e9rit\u00e9 et de progr\u00e8s tangible au b\u00e9n\u00e9fice de&nbsp; toutes les populations.&nbsp;<\/p>\n\n\n\n<p><strong>PROJETS DE TEXTES LEGISLATIFS ET REGLEMENTAIRES&nbsp;<\/strong><\/p>\n\n\n\n<p><strong>MINISTERE DE L\u2019ECONOMIE, DES FINANCES, DE LA DETTE ET&nbsp;&nbsp;DES PARTICIPATIONS, CHARGE DE LA LUTTE CONTRE LA VIE&nbsp;&nbsp;CHERE<\/strong><\/p>\n\n\n\n<p>\u2013&nbsp;<em>Projet d\u2019ordonnance autorisant l\u2019\u00c9tat gabonais \u00e0 contracter un&nbsp; emprunt d\u2019un montant \u00e9quivalent \u00e0 cent trente-huit millions sept&nbsp; cent mille (138 700 000) euros aupr\u00e8s de la Banque Internationale&nbsp; pour la Reconstruction et le D\u00e9veloppement (BIRD).&nbsp;<\/em><\/p>\n\n\n\n<p>Ce pr\u00eat, sign\u00e9 le 18 juillet 2025, est destin\u00e9 au financement du Projet de&nbsp; D\u00e9veloppement Urbain du Gabon (PDUG) inscrit dans un vaste&nbsp; programme de D\u00e9veloppement des Infrastructures du Gabon (PADIG<\/p>\n\n\n\n<p>\u2013&nbsp;<em>Projet de loi de r\u00e8glement 2023.&nbsp;<\/em><\/p>\n\n\n\n<p>En 2023, l\u2019\u00e9conomie mondiale a \u00e9t\u00e9 marqu\u00e9e par un ralentissement en&nbsp; raison de l\u2019inflation \u00e9lev\u00e9e, la COVID-19 et des tensions g\u00e9opolitiques&nbsp; notamment la crise immobili\u00e8re en Chine et le conflit en Ukraine. Dans&nbsp; ce contexte, l\u2019\u00e9conomie nationale a enregistr\u00e9 une r\u00e9gression du PIB&nbsp; r\u00e9el de 2,4% contre 3% en 2022. Cette contre-performance provient de&nbsp; la baisse de l\u2019activit\u00e9 du secteur hors-p\u00e9trole (1,9%) contre (3%) en&nbsp; 2022.&nbsp;<\/p>\n\n\n\n<p>L\u2019ex\u00e9cution de la loi de finances pour l\u2019ann\u00e9e 2023, arr\u00eat\u00e9e \u00e0 3 602,3 milliards FCFA, a montr\u00e9 des r\u00e9sultats contrast\u00e9s. D\u2019une part, un&nbsp; exc\u00e9dent de 1 320,6 milliards FCFA a \u00e9t\u00e9 enregistr\u00e9 sur les op\u00e9rations&nbsp; budg\u00e9taires, tandis que les op\u00e9rations de tr\u00e9sorerie et de financement&nbsp; ont affich\u00e9 un d\u00e9ficit de 516,3 milliards FCFA. N\u00e9anmoins, la&nbsp; comptabilit\u00e9 g\u00e9n\u00e9rale a pr\u00e9sent\u00e9 un r\u00e9sultat positif de 883,2 milliards&nbsp;&nbsp;<\/p>\n\n\n\n<p>FCFA, refl\u00e9tant une gestion budg\u00e9taire globalement favorable. Les recettes du budget g\u00e9n\u00e9ral ont atteint 2 878,80 milliards FCFA,&nbsp; d\u00e9passant les pr\u00e9visions gr\u00e2ce \u00e0 un taux de recouvrement de 132,99%.&nbsp; Ces r\u00e9alisations ont \u00e9t\u00e9 principalement port\u00e9es par les recettes fiscales&nbsp; et les autres sources de revenus. Les d\u00e9penses budg\u00e9taires, quant \u00e0&nbsp; elles ont \u00e9t\u00e9 ex\u00e9cut\u00e9es \u00e0 hauteur de 1 642,14 milliards FCFA, soit&nbsp; 84,48% des pr\u00e9visions, avec une attention particuli\u00e8re port\u00e9e sur les&nbsp; emprunts ext\u00e9rieurs courants et les charges financi\u00e8res de la dette, au&nbsp; fonctionnement et aux investissements.&nbsp;<\/p>\n\n\n\n<p>Malgr\u00e9 une bonne ex\u00e9cution des d\u00e9penses g\u00e9n\u00e9rales, les d\u00e9penses&nbsp; d\u2019investissement sur ressources propres ont \u00e9t\u00e9 moins performantes,&nbsp; atteignant seulement 45,04% des pr\u00e9visions. Les projets financ\u00e9s par&nbsp; des ressources ext\u00e9rieures ont, pour leur part, enregistr\u00e9 un taux&nbsp; d\u2019ex\u00e9cution de 105,79%.&nbsp;<\/p>\n\n\n\n<p>Sur le plan de la tr\u00e9sorerie et du financement, les ressources mobilis\u00e9es&nbsp; ont, atteint 1 454,39 milliards FCFA contre une pr\u00e9vision de 1 152, 91&nbsp; milliards FCFA, mais les charges correspondantes ont \u00e9t\u00e9 ex\u00e9cut\u00e9es \u00e0&nbsp;un niveau sup\u00e9rieur, entra\u00eenant un d\u00e9ficit notable. Les principales&nbsp; composantes de ces charges incluent les amortissements de la dette&nbsp; ext\u00e9rieure, les pr\u00eats bancaires, et divers autres engagements financiers.&nbsp;<\/p>\n\n\n\n<p>\u2013&nbsp;<em>Projet d\u2019ordonnance portant cr\u00e9ation, attributions et organisation&nbsp; de la Centrale d\u2019Achat du Gabon&nbsp;<\/em><\/p>\n\n\n\n<p>Le Conseil des Ministres a adopt\u00e9 le projet d\u2019ordonnance portant&nbsp; cr\u00e9ation de la&nbsp;<strong>Centrale d\u2019Achat du Gabon (CEAG)<\/strong>, soci\u00e9t\u00e9 d\u2019\u00e9conomie&nbsp; mixte d\u00e9tenue \u00e0 37 % par l\u2019\u00c9tat et \u00e0 63 % par des op\u00e9rateurs nationaux&nbsp; du secteur de la distribution. Plac\u00e9e sous la tutelle technique du&nbsp; Minist\u00e8re de l\u2019\u00c9conomie et des Finances, la CEAG aura pour mission&nbsp; d\u2019acqu\u00e9rir, stocker, transporter et distribuer des biens essentiels,&nbsp; notamment les denr\u00e9es alimentaires, les mat\u00e9riaux de construction et&nbsp; autres produits strat\u00e9giques.&nbsp;<\/p>\n\n\n\n<p>Cette initiative vise \u00e0 mutualiser les volumes pour r\u00e9duire les co\u00fbts,&nbsp; n\u00e9gocier directement avec les pays exportateurs strat\u00e9giques,&nbsp; am\u00e9nager des corridors logistiques prioritaires, contr\u00f4ler les hausses&nbsp; excessives sur les produits essentiels et initier une dynamique de&nbsp; souverainet\u00e9 alimentaire.&nbsp;<\/p>\n\n\n\n<p>Cr\u00e9\u00e9e sous forme de soci\u00e9t\u00e9 anonyme dot\u00e9e de l\u2019autonomie de gestion,&nbsp; la CEAG s\u2019inscrit dans la vision du Pr\u00e9sident de la R\u00e9publique pour&nbsp; lutter contre la vie ch\u00e8re, renforcer la souverainet\u00e9 \u00e9conomique et&nbsp; prot\u00e9ger le pouvoir d\u2019achat des Gabonais.&nbsp;<\/p>\n\n\n\n<p>\u2013&nbsp;<em>Projet de d\u00e9cret portant approbation des statuts de la Centrale&nbsp; d\u2019Achat du Gabon.&nbsp;<\/em><\/p>\n\n\n\n<p>Le Conseil des Ministres a adopt\u00e9 le projet de d\u00e9cret portant&nbsp; approbation des statuts de la&nbsp;<strong>Centrale d\u2019Achat du Gabon (CEAG)<\/strong>,&nbsp; soci\u00e9t\u00e9 d\u2019\u00e9conomie mixte plac\u00e9e sous la tutelle du Minist\u00e8re de&nbsp; l\u2019\u00c9conomie et des Finances.&nbsp;&nbsp;<\/p>\n\n\n\n<p>Conformes aux dispositions de l\u2019OHADA applicables aux soci\u00e9t\u00e9s&nbsp; anonymes, ces statuts d\u00e9finissent les attributions de la soci\u00e9t\u00e9,&nbsp; l\u2019organisation et le fonctionnement de ses organes de gouvernance,&nbsp; ainsi que les r\u00e8gles de gestion administrative et financi\u00e8re.&nbsp;<\/p>\n\n\n\n<p>Leur approbation par d\u00e9cret en Conseil des Ministres permet de rendre&nbsp; effective l\u2019organisation et le fonctionnement de la CEAG.<\/p>\n\n\n\n<p><strong>MINISTERE DE LA REFORME ET DES RELATIONS AVEC LES&nbsp;INSTITUTIONS<\/strong><\/p>\n\n\n\n<p>\u2013&nbsp;<em>Projet d\u2019ordonnance portant r\u00e9organisation de Gabon 24.&nbsp;<\/em><\/p>\n\n\n\n<p>Le pr\u00e9sent projet d\u2019ordonnance \u00e9labor\u00e9 en application des dispositions&nbsp; de l\u2019article 99 de la Constitution s\u2019inscrit dans la dynamique de&nbsp; modernisation de l\u2019administration publique et de renforcement des outils&nbsp; de communication de l\u2019\u00c9tat, en coh\u00e9rence avec la r\u00e9organisation de la&nbsp; Pr\u00e9sidence de la r\u00e9publique conform\u00e9ment au d\u00e9cret n\u00b00235\/PR du 8&nbsp; mai 2025.&nbsp;<\/p>\n\n\n\n<p>Cette ordonnance vise, la n\u00e9cessit\u00e9 pour Gabon 24 de s\u2019adapter&nbsp; structurellement et juridiquement aux nouveaux enjeux et standards&nbsp; internationaux de communications, aux fins de s\u2019arrimer \u00e0 l\u2019\u00e9volution du&nbsp; paysage m\u00e9diatique contemporain, caract\u00e9ris\u00e9e par une demande&nbsp; croissante d\u2019informations en continu et la diversification des supports.&nbsp;<\/p>\n\n\n\n<p>Ainsi, \u00e9rig\u00e9 en \u00c9tablissement Public \u00e0 caract\u00e8re Industriel et&nbsp; commercial, Gabon 24 jouit dor\u00e9navant d\u2019une autonomie de gestion&nbsp; financi\u00e8re tout en maintenant un rattachement strat\u00e9gique \u00e0 la&nbsp; Pr\u00e9sidence de la R\u00e9publique.&nbsp;<\/p>\n\n\n\n<p>\u2013&nbsp;<em>Projet d\u2019ordonnance portant Code de Nationalit\u00e9&nbsp;<\/em><\/p>\n\n\n\n<p>Ce projet d\u2019ordonnance vise \u00e0 moderniser et harmoniser les r\u00e8gles&nbsp; relatives \u00e0 la nationalit\u00e9 gabonaise, en remplacement de la loi n\u00b037\/98&nbsp; du 20 juillet 1999. Il r\u00e9pond aux \u00e9volutions sociopolitiques, aux&nbsp; engagements internationaux du Gabon et \u00e0 la n\u00e9cessit\u00e9 de renforcer la&nbsp; s\u00e9curit\u00e9 juridique et la souverainet\u00e9 nationale.&nbsp;<\/p>\n\n\n\n<p>Le texte d\u00e9finit les conditions d\u2019attribution, d\u2019acquisition, de perte, de&nbsp; d\u00e9ch\u00e9ance, de r\u00e9int\u00e9gration et de renonciation \u00e0 la nationalit\u00e9. Il&nbsp; introduit des d\u00e9finitions pr\u00e9cises, garantit l\u2019\u00e9galit\u00e9 entre hommes et&nbsp; femmes, pr\u00e9vient l\u2019apatridie, renforce les crit\u00e8res d\u2019assimilation et&nbsp; encadre strictement la naturalisation.&nbsp;<\/p>\n\n\n\n<p>Parmi les innovations figurent la reconnaissance encadr\u00e9e du cumul de&nbsp; nationalit\u00e9s, le contr\u00f4le renforc\u00e9 contre l\u2019indignit\u00e9 ou la menace \u00e0 l\u2019ordre&nbsp; public, et la prise en compte de situations sp\u00e9cifiques (adoption,&nbsp; mariage, naissance au Gabon, services exceptionnels).&nbsp;<\/p>\n\n\n\n<p>L\u2019adoption de ce Code permettra une application plus claire, la&nbsp; protection accrue des int\u00e9r\u00eats de l\u2019\u00c9tat, la pr\u00e9vention des fraudes et&nbsp; l\u2019alignement sur les standards internationaux.<\/p>\n\n\n\n<p>\u2013&nbsp;<em>Projet d\u2019ordonnance portant amnistie g\u00e9n\u00e9rale&nbsp;<\/em><\/p>\n\n\n\n<p>Le pr\u00e9sent projet d\u2019ordonnance, pris conform\u00e9ment aux articles 99 et&nbsp; 170 de la Constitution, a pour objet d\u2019accorder une amnistie g\u00e9n\u00e9rale&nbsp; aux auteurs, coauteurs et complices, militaires ou civils, impliqu\u00e9s dans&nbsp; les \u00e9v\u00e9nements survenus au Gabon entre le 29 ao\u00fbt et le 04 septembre&nbsp; 2023, ainsi qu\u2019aux faits li\u00e9s \u00e0 la tentative de coup d\u2019\u00c9tat du 7 janvier&nbsp; 2019.&nbsp;<\/p>\n\n\n\n<p>L\u2019amnistie couvre les infractions de droit commun et celles contre la&nbsp; s\u00fbret\u00e9 int\u00e9rieure ou ext\u00e9rieure de l\u2019\u00c9tat li\u00e9es \u00e0 ces \u00e9v\u00e9nements, y&nbsp; compris les fautes passibles de sanctions disciplinaires ou&nbsp; professionnelles. Elle exclut toutefois les infractions \u00e9conomiques, les&nbsp; violations graves des droits de l\u2019Homme, ainsi que les infractions&nbsp; \u00e9trang\u00e8res aux \u00e9v\u00e9nements pr\u00e9cit\u00e9s.&nbsp;<\/p>\n\n\n\n<p>Ses effets sont l\u2019extinction de l\u2019action publique, l\u2019effacement des&nbsp; condamnations, la cessation des peines et incapacit\u00e9s subs\u00e9quentes, et&nbsp; la lib\u00e9ration des personnes d\u00e9tenues pour ces faits. Elle interdit&nbsp; \u00e9galement toute mention r\u00e9siduelle dans les dossiers administratifs ou&nbsp; judiciaires.&nbsp;<\/p>\n\n\n\n<p>Ce texte vise \u00e0 contribuer \u00e0 l\u2019apaisement et \u00e0 la r\u00e9conciliation nationale&nbsp; en tournant d\u00e9finitivement la page de ces \u00e9v\u00e9nements.&nbsp;<\/p>\n\n\n\n<p><strong>MINISTERE DE LA DEFENSE NATIONALE&nbsp;<\/strong><\/p>\n\n\n\n<p>\u2013&nbsp;<em>Projet d\u2019ordonnance portant modification de la loi n\u00b0 004\/98&nbsp; portant organisation g\u00e9n\u00e9rale de la D\u00e9fense Nationale et de la&nbsp; S\u00e9curit\u00e9 Publique&nbsp;<\/em><\/p>\n\n\n\n<p>Aux termes des articles 24, 25 et 26 de la loi, tels que modifi\u00e9s par la&nbsp; pr\u00e9sente ordonnance, les Forces de s\u00e9curit\u00e9 et de d\u00e9fense comprennent d\u00e9sormais les Forces de Police nationale, l\u2019Administration&nbsp; des Douanes gabonaises, la S\u00e9curit\u00e9 p\u00e9nitentiaire et le Corps des Eaux&nbsp; et For\u00eats.&nbsp;<\/p>\n\n\n\n<p>Ces entit\u00e9s sont plac\u00e9es sous la tutelle directe du Ministre charg\u00e9 de&nbsp; l\u2019Int\u00e9rieur, tout en demeurant, pour l\u2019exercice de leurs attributions&nbsp; sectorielles, respectivement rattach\u00e9es au Minist\u00e8re de la Justice pour&nbsp; ce qui est de la S\u00e9curit\u00e9 p\u00e9nitentiaire, au Minist\u00e8re charg\u00e9 de&nbsp; l\u2019\u00c9conomie s\u2019agissant de l\u2019Administration des Douanes et au Ministre&nbsp; charg\u00e9 des Eaux et For\u00eats pour le Corps des Eaux et For\u00eats.&nbsp;<\/p>\n\n\n\n<p>En application des nouvelles dispositions l\u00e9gales, ces corps sont \u00e9rig\u00e9s&nbsp; en corps paramilitaires. \u00c0 ce titre, ils concourent, conjointement avec les&nbsp;Forces de d\u00e9fense de premi\u00e8re cat\u00e9gorie, \u00e0 la sauvegarde de l\u2019ordre&nbsp; public et \u00e0 la pr\u00e9servation de la s\u00e9curit\u00e9 nationale.&nbsp;<\/p>\n\n\n\n<p>Cette r\u00e9forme consacre une avanc\u00e9e significative dans la modernisation&nbsp; de l\u2019appareil s\u00e9curitaire et la rationalisation des forces paramilitaires,&nbsp; renfor\u00e7ant la capacit\u00e9 de l\u2019\u00c9tat \u00e0 faire face aux enjeux strat\u00e9giques de&nbsp; souverainet\u00e9, \u00e0 assurer la protection des ressources nationales et \u00e0&nbsp; intensifier la lutte contre les trafics illicites.&nbsp;<\/p>\n\n\n\n<p><strong>MINISTERE DE L\u2019INTERIEUR, DE LASECURITE ET DE LA&nbsp; DECENTRALISATION<\/strong><\/p>\n\n\n\n<p>\u2013&nbsp;<em>Projet de d\u00e9cret fixant les modalit\u00e9s du bulletin de vote pour&nbsp; l\u2019\u00e9lection des d\u00e9put\u00e9s et l\u2019\u00e9lection des membres des conseils&nbsp; d\u00e9partementaux et des conseils municipaux de l\u2019ann\u00e9e 2025.&nbsp;<\/em><\/p>\n\n\n\n<p>Conform\u00e9ment aux dispositions de l\u2019article 89 de la loi n\u00b0001\/2025 du&nbsp; 19 janvier 2025 et sur pr\u00e9sentation du Ministre, le Conseil a examin\u00e9 et&nbsp; adopt\u00e9 le projet de d\u00e9cret, fixant les modalit\u00e9s relatives au bulletin de&nbsp; vote pour l\u2019\u00e9lection des d\u00e9put\u00e9s et l\u2019\u00e9lection des membres des conseils&nbsp; d\u00e9partementaux et des conseils municipaux de l\u2019ann\u00e9e 2025.&nbsp;&nbsp;<\/p>\n\n\n\n<p>Aussi, pour l\u2019\u00e9lection l\u00e9gislative, institue-t-il un bulletin de vote sur&nbsp; lequel figurent les noms, pr\u00e9noms et photographie du candidat titulaire&nbsp; et son suppl\u00e9ant.&nbsp;<\/p>\n\n\n\n<p>Pour l\u2019\u00e9lection des membres des Conseils d\u00e9partementaux et des&nbsp; Conseils municipaux, le bulletin de vote contient le candidat t\u00eate de liste&nbsp; et ses colistiers.&nbsp;<\/p>\n\n\n\n<p>En outre, le bulletin de vote comporte les signes distinctifs permettant&nbsp; d\u2019identifier les candidats ind\u00e9pendants ainsi que ceux pr\u00e9sent\u00e9s par les&nbsp; partis politiques ou groupements de partis l\u00e9galement reconnus.&nbsp;<\/p>\n\n\n\n<p><strong>MINISTERE DE L\u2019ECONOMIE NUMERIQUE, DE LA DIGITALISATION&nbsp; ET DE L\u2019INNOVATION<\/strong><\/p>\n\n\n\n<p>\u2013&nbsp;<em>Projet d\u2019ordonnance r\u00e9glementaire de la Digitalisation en&nbsp; R\u00e9publique Gabonaise.&nbsp;<\/em><\/p>\n\n\n\n<p>Le pr\u00e9sent projet d\u2019ordonnance pris en application des dispositions de&nbsp; l\u2019article 99 de la Constitution institue et r\u00e9glemente la Digitalisation en&nbsp; R\u00e9publique Gabonaise.&nbsp;<\/p>\n\n\n\n<p>Le cadre vis\u00e9 par cette Digitalisation englobe tous les domaines de la&nbsp; Soci\u00e9t\u00e9 Gabonaise afin de simplifier les proc\u00e9dures et rapprocher les&nbsp;services administratifs du citoyen et permettre le d\u00e9veloppement des&nbsp; opportunit\u00e9s \u00e9conomiques et sociales dans tous les secteurs de l\u2019\u00c9tat conform\u00e9ment aux dispositions des textes en vigueur.&nbsp;<\/p>\n\n\n\n<p><strong>EN MATIERE DE POLITIQUE GENERALE&nbsp;<\/strong><\/p>\n\n\n\n<p><strong>MINIST\u00c8RE DE L\u2019\u00c9DUCATION NATIONALE, DE LA FORMATION&nbsp; PROFESSIONNELLE ET CHARG\u00c9 DE LA FORMATION CIVIQUE&nbsp;<\/strong><\/p>\n\n\n\n<p>Le Conseil des Ministres a examin\u00e9 le projet de calendrier scolaire&nbsp; 2025-2026, organis\u00e9 sur&nbsp;<strong>neuf mois&nbsp;<\/strong>et structur\u00e9 en&nbsp;<strong>trois trimestres&nbsp;<\/strong>de&nbsp; onze semaines chacun, soit&nbsp;<strong>32 semaines de cours&nbsp;<\/strong>et&nbsp;<strong>5 semaines&nbsp; d\u2019examens nationaux<\/strong>. L\u2019enseignement est r\u00e9parti en&nbsp;<strong>paliers&nbsp;<\/strong>: cinq au&nbsp; primaire et six au secondaire, alternant quatre semaines de cours et une&nbsp; semaine d\u2019\u00e9valuation-rem\u00e9diation.&nbsp;<\/p>\n\n\n\n<p>\u2013&nbsp;<strong>Rentr\u00e9e administrative&nbsp;<\/strong>: du 25 au 29 ao\u00fbt 2025 pour les&nbsp; \u00e9tablissements publics et priv\u00e9s, le 2 septembre pour les \u00e9coles&nbsp; publiques conventionn\u00e9es.&nbsp;<\/p>\n\n\n\n<p>\u2013&nbsp;<strong>Rentr\u00e9e effective des classes&nbsp;<\/strong>: 1er septembre 2025 (public et&nbsp; priv\u00e9), 2 septembre (\u00e9coles conventionn\u00e9es).&nbsp;<\/p>\n\n\n\n<p>\u2013&nbsp;<strong>Fin d\u2019ann\u00e9e&nbsp;<\/strong>:&nbsp;30 mai 2026 pour les classes sans examen (public\/priv\u00e9) et 25 juin 2026 pour les \u00e9coles publiques conventionn\u00e9es et 4 juillet 2026 pour les classes \u00e0 examen et \u00e9tablissements \u00e0&nbsp; programme international.&nbsp;<\/p>\n\n\n\n<p>Le calendrier d\u00e9taill\u00e9 des examens et concours sera fix\u00e9 par d\u00e9cision&nbsp; minist\u00e9rielle. La rentr\u00e9e 2026-2027 est pr\u00e9vue au&nbsp;<strong>1er septembre&nbsp; 2026&nbsp;<\/strong>(public\/priv\u00e9) et au&nbsp;<strong>2 septembre 2026&nbsp;<\/strong>pour les \u00e9coles&nbsp; conventionn\u00e9es.&nbsp;<\/p>\n\n\n\n<p><strong>MINISTERE DE L\u2019INTERIEUR, DE LASECURITE ET DE LA&nbsp; DECENTRALISATION<\/strong><\/p>\n\n\n\n<p>Le Conseil a d\u00e9plor\u00e9 l\u2019absence de visibilit\u00e9 et de contr\u00f4le effectif par&nbsp; l\u2019\u00c9tat des activit\u00e9s de jeux de hasard, marqu\u00e9e par l\u2019exercice ill\u00e9gal de&nbsp; ces activit\u00e9s par de nombreux op\u00e9rateurs, le non-respect de la&nbsp; r\u00e9glementation en vigueur, l\u2019implantation non autoris\u00e9e d\u2019int\u00e9grateurs&nbsp; priv\u00e9s, l\u2019opacit\u00e9 des flux financiers, l\u2019utilisation de moyens de paiement&nbsp; ill\u00e9gaux en zone CEMAC, ainsi que des conflits d\u2019int\u00e9r\u00eats entre&nbsp; op\u00e9rateurs et prestataires de paiement.&nbsp;<\/p>\n\n\n\n<p>Pour y rem\u00e9dier, le Gouvernement a d\u00e9cid\u00e9 de&nbsp;<strong>mettre en place un&nbsp;int\u00e9grateur-agr\u00e9gateur national, confi\u00e9 \u00e0 la soci\u00e9t\u00e9 de droit&nbsp; gabonais e-Tech SAS dans le cadre d\u2019un Partenariat Public-Priv\u00e9&nbsp; avec un partenaire canadien<\/strong>. Cette plateforme permettra une&nbsp; r\u00e9gulation compl\u00e8te du secteur, la tra\u00e7abilit\u00e9 des flux financiers, la&nbsp;garantie des gains des parieurs, l\u2019optimisation de la fiscalit\u00e9, la cr\u00e9ation&nbsp; d\u2019emplois locaux, le suivi des risques d\u2019addiction et une meilleure&nbsp; protection des acteurs.&nbsp;<\/p>\n\n\n\n<p>Cette initiative s\u2019inscrit dans la strat\u00e9gie de digitalisation des trois&nbsp; cat\u00e9gories de jeux de hasard au Gabon, voulue par le Pr\u00e9sident de la&nbsp; R\u00e9publique, Chef de l\u2019\u00c9tat, Chef du Gouvernement, et n\u2019entravera pas le&nbsp; fonctionnement des entreprises d\u00e9j\u00e0 en activit\u00e9.&nbsp;<\/p>\n\n\n\n<p><strong>MINISTERE DE L\u2019ACCES UNIVERSEL A L\u2019EAU ET A L\u2019ENERGIE&nbsp;<\/strong><\/p>\n\n\n\n<p>Sur pr\u00e9sentation du Ministre, le Conseil a pris acte de la communication&nbsp; relative \u00e0 l\u2019\u00e9tat critique actuel du Service Public de l\u2019Eau potable et de&nbsp; l\u2019\u00c9nergie dans le Grand Libreville et l\u2019int\u00e9rieur du pays ainsi que de la&nbsp; situation du financement de ce secteur.&nbsp;<\/p>\n\n\n\n<p><strong>MINISTERE DE LA COMMUNICATION ET DES MEDIAS<\/strong><\/p>\n\n\n\n<p>Le Conseil des Ministres a pris bonne note de la communication faite&nbsp; par le Ministre au terme de la mission qu\u2019il a effectu\u00e9e \u00e0 Abidjan, en&nbsp; C\u00f4te d\u2019Ivoire, du 21 au 24 juillet 2025 pour apprendre de l\u2019exp\u00e9rience&nbsp; ivoirienne en mati\u00e8re de d\u00e9ploiement de la TNT en vue d\u2019une&nbsp; impl\u00e9mentation adapt\u00e9e et durable au Gabon.&nbsp;<\/p>\n\n\n\n<p><strong>MINISTERE DE LA SANTE&nbsp;<\/strong><\/p>\n\n\n\n<p>Le Conseil des Ministres s\u2019est r\u00e9joui du succ\u00e8s rencontr\u00e9 par notre pays&nbsp; \u00e0 l\u2019Exposition Universelle d\u2019OSAKA 2025 s\u2019est tenue \u00e0 Osaka au Japon,&nbsp; du 27 juin au 02 juillet 2025 sur le th\u00e8me \u00ab&nbsp;<em>la biodiversit\u00e9 gabonaise,&nbsp; solution innovante pour la sant\u00e9 et le bien-\u00eatre et pour th\u00e8me national :&nbsp;\u00ab&nbsp;<strong>Notre for\u00eat, moteur universel qui sauve des vies&nbsp;<\/strong><\/em>\u00bb.&nbsp;<\/p>\n\n\n\n<p>La participation du Gabon \u00e0 cette importante exposition Universelle a donn\u00e9 un coup de fouet au rayonnement diplomatique, scientifique et&nbsp; \u00e9conomique qui a d\u00e9voil\u00e9 aux yeux du monde les potentiels&nbsp; th\u00e9rapeutiques m\u00e9dicinaux et scientifiques issus de nos \u00e9cosyst\u00e8mes&nbsp; forestiers dans le domaine de la sant\u00e9 publique.&nbsp;<\/p>\n\n\n\n<p><strong>MINISTERE DE L\u2019ENSEIGNEMENT SUPERIEUR ET DE LA&nbsp;RECHERCHE SCIENTIFIQUE&nbsp;<\/strong><\/p>\n\n\n\n<p>Le Ministre a rendu compte au Conseil qui en a pris bonne note la&nbsp; communication concernant la participation de notre pays aux travaux de&nbsp; la 42<sup>\u00e8me&nbsp;<\/sup>session du Conseil des Ministres Africain et Malgache pour&nbsp; l\u2019Enseignement Sup\u00e9rieur (CAMES) qui s\u2019est tenue \u00e0 Conakry, en&nbsp; R\u00e9publique de Guin\u00e9e, du 19 au 25 mai 2025.&nbsp;<\/p>\n\n\n\n<p>A l\u2019issue des travaux, le Gabon a \u00e9t\u00e9 choisi, \u00e0 l\u2019unanimit\u00e9, pour abriter la&nbsp; 43<sup>\u00e8me&nbsp;<\/sup>session ordinaire du Conseil des Ministres en 2026.&nbsp;<\/p>\n\n\n\n<p><strong>MINISTERE DE L\u2019INDUSTRIE ET DE LA TRANSFORMATION&nbsp; LOCALE&nbsp;<\/strong><\/p>\n\n\n\n<p>Le Ministre a pr\u00e9sent\u00e9 au Conseil qui l\u2019a approuv\u00e9 le projet portant sur&nbsp; la mise en \u0153uvre du Centre d\u2019appui \u00e0 la technologie et \u00e0 l\u2019innovation&nbsp; (CATI).&nbsp;<\/p>\n\n\n\n<p>Le CATI est un projet initi\u00e9 conjointement par l\u2019Organisation Mondiale&nbsp; de la Propri\u00e9t\u00e9 Intellectuelle (OMPI) et l\u2019\u00c9tat Gabonais \u00e0 travers l\u2019Office&nbsp; Gabonais de la Propri\u00e9t\u00e9 Industrielle (OGAPI) pour stimuler l\u2019innovation&nbsp; et la croissance \u00e9conomique.&nbsp;<\/p>\n\n\n\n<p>Sa mise en \u0153uvre permettra de favoriser la cr\u00e9ation des activit\u00e9s&nbsp; g\u00e9n\u00e9ratrices de revenue novatrices ou innovantes en vue de devenir, \u00e0&nbsp; moyen et long terme, un outil de d\u00e9veloppement au service de la&nbsp; population.&nbsp;<\/p>\n\n\n\n<p><strong>MINISTERE DES TRAVAUX PUBLICS ET DE LA CONSTRUCTION<\/strong><\/p>\n\n\n\n<p>Le Conseil a pris acte de la communication du Ministre relative au retard&nbsp; majeur enregistr\u00e9 sur les chantiers routiers Ndend\u00e9\u2013Tchibanga et&nbsp; Tchibanga\u2013Mayumba, infrastructures strat\u00e9giques pour l\u2019int\u00e9gration&nbsp; nationale, dont les travaux sont \u00e0 l\u2019arr\u00eat depuis huit mois. Conscient de&nbsp; l\u2019importance de ces axes pour le d\u00e9senclavement et le d\u00e9veloppement&nbsp; \u00e9conomique du Sud du pays, le Conseil a instruit le Ministre concern\u00e9,&nbsp; en coordination avec son coll\u00e8gue de l\u2019\u00c9conomie, de prendre sans d\u00e9lais&nbsp;toutes les dispositions n\u00e9cessaires pour lever les blocages financiers et&nbsp; techniques, et permettre la reprise rapide des travaux. L\u2019objectif est&nbsp; d\u2019assurer, dans les meilleurs d\u00e9lais, une circulation fluide et s\u00e9curis\u00e9e&nbsp; des usagers, tout en pr\u00e9servant les ouvrages d\u00e9j\u00e0 r\u00e9alis\u00e9s.&nbsp;<\/p>\n\n\n\n<p><strong>Enfin, le Conseil des Ministres a ent\u00e9rin\u00e9\u0301 plusieurs mesures&nbsp; individuelles, dont les principales portent sur les nominations&nbsp;suivantes :&nbsp;<\/strong><\/p>\n\n\n\n<p><strong>PRESIDENCE DE LA REPUBLIQUE&nbsp;<\/strong><\/p>\n\n\n\n<p><strong>Haut Repr\u00e9sentant Personnel du Pr\u00e9sident de la R\u00e9publique :&nbsp;<\/strong>M.&nbsp; Jonathan IGNOUMBA.&nbsp;<\/p>\n\n\n\n<p><strong>Grande Chancellerie des Ordres Nationaux&nbsp;<\/strong><\/p>\n\n\n\n<p>\u2013&nbsp;<strong>Conseiller du Pr\u00e9sident de la R\u00e9publique, Directeur central de&nbsp; la Grande Chancellerie :&nbsp;<\/strong>Lieutenant-colonel Guy Roger&nbsp; BIGNOUMBA MAPANGOU.&nbsp;<\/p>\n\n\n\n<p><strong>Cabinet du Haut Repr\u00e9sentant Personnel du Pr\u00e9sident de la&nbsp; R\u00e9publique Dr. Andr\u00e9 Jacques AUGAND&nbsp;<\/strong><\/p>\n\n\n\n<p>\u2013 Conseillers du Pr\u00e9sident de la R\u00e9publique :&nbsp;&nbsp;<\/p>\n\n\n\n<p>MM.&nbsp;&nbsp;<\/p>\n\n\n\n<p>\u2022&nbsp;<strong>Patrick Yvon RATANGA&nbsp;<\/strong>;&nbsp;<\/p>\n\n\n\n<p>\u2022&nbsp;<strong>Igor Arnaud ONANGA&nbsp;<\/strong>;&nbsp;<\/p>\n\n\n\n<p>\u2013 Attach\u00e9 de Cabinet \u00e0 la Pr\u00e9sidence de la R\u00e9publique : M.&nbsp;<strong>Octave&nbsp; Davy ROKHEWA&nbsp;<\/strong>.&nbsp;<\/p>\n\n\n\n<p>\u2013 Secr\u00e9taire de Cabinet du Pr\u00e9sident de la R\u00e9publique : Mme.&nbsp;<strong>Shermia Yvonne Keshia FORET OWANGA<\/strong>.&nbsp;<\/p>\n\n\n\n<p>\u2013 Charg\u00e9 de Missions du Pr\u00e9sident de la R\u00e9publique : M.&nbsp;<strong>Eric&nbsp; Wendrill IZAKINOT<\/strong>.&nbsp;<\/p>\n\n\n\n<p><strong>UNITE SPECIALE DE SECURISATION ET DU CONTROLE DU&nbsp; SECTEUR DES HYDROCARBURES&nbsp;<\/strong><\/p>\n\n\n\n<p>\u2013 Coordonnateur G\u00e9n\u00e9ral : G\u00e9n\u00e9ral de Brigade&nbsp;<strong>BATCHIELILY&nbsp; L\u00e9opold Richard<\/strong>, confirm\u00e9.&nbsp;<\/p>\n\n\n\n<p>\u2013 Coordonnateur G\u00e9n\u00e9ral Adjoint : Colonel&nbsp;<strong>BARROS GOMES&nbsp; C\u00e9dric<\/strong>, confirm\u00e9.&nbsp;<\/p>\n\n\n\n<p>\u2013 Conseillers du Pr\u00e9sident de la R\u00e9publique :&nbsp;&nbsp;<\/p>\n\n\n\n<p>MM.&nbsp;&nbsp;<\/p>\n\n\n\n<p>\u2022&nbsp;<strong>Verlin OBAME NKOGHE,&nbsp;<\/strong>confirm\u00e9 ;&nbsp;<\/p>\n\n\n\n<p>\u2022&nbsp;<strong>Blair OMBINDA GAHILA<\/strong>, confirm\u00e9 ;&nbsp;<\/p>\n\n\n\n<p>\u2022&nbsp;<strong>Ars\u00e8ne BOUNDZANGA<\/strong>, confirm\u00e9 ;<\/p>\n\n\n\n<p>\u2022&nbsp;<strong>Olivier Rodrigue ROBOTY ONWONDAULT<\/strong>, confirm\u00e9.&nbsp;<\/p>\n\n\n\n<p>\u2013 Attach\u00e9s de Cabinet \u00e0 la Pr\u00e9sidence de la R\u00e9publique :&nbsp; \u2022 Brigadier-Chef Majo<strong>r OKPWE ASSOUMOU Murphy<\/strong>,&nbsp; confirm\u00e9 ;&nbsp;<\/p>\n\n\n\n<p>\u2022 Sergent-Chef Major&nbsp;<strong>ELLA NANG Wilfried<\/strong>, confirm\u00e9.&nbsp;<\/p>\n\n\n\n<p>\u2013 Secr\u00e9taires de Cabinet du Pr\u00e9sident de la R\u00e9publique :&nbsp; MMES.&nbsp;&nbsp;<\/p>\n\n\n\n<p>\u2022 Brigadier-Chef&nbsp;<strong>MENZOUGHE R\u00e9my Mathieu<\/strong>,&nbsp; confirm\u00e9 ;&nbsp;<\/p>\n\n\n\n<p>\u2022 Sergent-Chef&nbsp;<strong>MASSALA Yourri Madrux,&nbsp;<\/strong>confirm\u00e9.&nbsp;<\/p>\n\n\n\n<p><strong>SECRETARIAT GENERAL DE LA PRESIDENCE DE LA REPUBLIQUE&nbsp;<\/strong><\/p>\n\n\n\n<p>D\u00e9partement patrimoine et intendance g\u00e9n\u00e9rale des Palais pr\u00e9sidentiels&nbsp;<\/p>\n\n\n\n<p>\u2013 Attach\u00e9e de Cabinet \u00e0 la Pr\u00e9sidence de la R\u00e9publique : Mme.&nbsp;&nbsp;<strong>Juliette Olga KOGOU<\/strong>, confirm\u00e9e.&nbsp;<\/p>\n\n\n\n<p><strong>CABINET DU VICE-PRESIDENT DE LA REPUBLIQUE&nbsp;<\/strong><\/p>\n\n\n\n<p>\u2013 Conseiller Sp\u00e9cial du Pr\u00e9sident de la R\u00e9publique, Directeur de&nbsp; Cabinet du Vice-Pr\u00e9sident de la R\u00e9publique : M.&nbsp;<strong>Jean&nbsp; MBADINGA MBADINGA.&nbsp;<\/strong><\/p>\n\n\n\n<p>\u2013 Secr\u00e9taire Particuli\u00e8re du Vice-Pr\u00e9sident de la R\u00e9publique : Mme.&nbsp;&nbsp;<strong>Huguette NZAMBA NZAMBA.&nbsp;<\/strong><\/p>\n\n\n\n<p>\u2013 Secr\u00e9taires de Cabinet du Pr\u00e9sident de la R\u00e9publique :&nbsp; MMES.&nbsp;&nbsp;<\/p>\n\n\n\n<p>\u2022&nbsp;<strong>Corile Tania MADJINOU NGADJI ;&nbsp;<\/strong><\/p>\n\n\n\n<p>\u2022&nbsp;<strong>Marie Agn\u00e8s NYAMATSIENGUI ;&nbsp;<\/strong><\/p>\n\n\n\n<p>\u2022&nbsp;<strong>BIDJONGOU NZAMBA.&nbsp;<\/strong><\/p>\n\n\n\n<p>\u2013 Conseillers Sp\u00e9ciaux du Pr\u00e9sident de la R\u00e9publique :&nbsp; MM.&nbsp;&nbsp;<\/p>\n\n\n\n<p>\u2022&nbsp;<strong>Jean Claude MATIBA ;&nbsp;<\/strong><\/p>\n\n\n\n<p>\u2022&nbsp;<strong>Jean Louis KOMBILA ;&nbsp;<\/strong><\/p>\n\n\n\n<p>\u2022&nbsp;<strong>Jean Eus\u00e8be NGUEMA EDZO ;&nbsp;<\/strong><\/p>\n\n\n\n<p>\u2022&nbsp;<strong>Justin MAGANGA MANFOUMBI ;&nbsp;<\/strong><\/p>\n\n\n\n<p>\u2022&nbsp;<strong>Eric Wilfrid MOUSSIROU.<\/strong><\/p>\n\n\n\n<p>\u2013 Conseillers du Pr\u00e9sident de la R\u00e9publique :&nbsp;&nbsp;<\/p>\n\n\n\n<p>MM.&nbsp;&nbsp;<\/p>\n\n\n\n<p>\u2022&nbsp;<strong>Kenn Baudry BOUDIANDZA DICKA ;&nbsp;<\/strong><\/p>\n\n\n\n<p>\u2022&nbsp;<strong>MAVOUNGOU MAVOUNGOU.&nbsp;<\/strong><\/p>\n\n\n\n<p>MME.&nbsp;&nbsp;<\/p>\n\n\n\n<p>\u2022&nbsp;<strong>Clarisse Marie SOUGOU.&nbsp;<\/strong><\/p>\n\n\n\n<p>\u2013 Attach\u00e9s de Cabinet \u00e0 la Pr\u00e9sidence de la R\u00e9publique :&nbsp; MMES&nbsp;<\/p>\n\n\n\n<p>\u2022&nbsp;<strong>Rosilia Gilda NGABINA ;&nbsp;<\/strong><\/p>\n\n\n\n<p>\u2022&nbsp;<strong>Rosalie MBADOUMA.&nbsp;<\/strong><\/p>\n\n\n\n<p>\u2013 Charg\u00e9s de Missions du Pr\u00e9sident de la R\u00e9publique :&nbsp; MM.&nbsp;&nbsp;<\/p>\n\n\n\n<p>\u2022&nbsp;<strong>Claude Bertrand MOUELE ;&nbsp;<\/strong><\/p>\n\n\n\n<p>\u2022&nbsp;<strong>Claudestin Paul IWANGO DE IWANGO ;&nbsp;<\/strong><\/p>\n\n\n\n<p>\u2022&nbsp;<strong>Isma\u00ebl Vladimir DJIEMBI DJIEMBI.&nbsp;<\/strong><\/p>\n\n\n\n<p>MME&nbsp;<\/p>\n\n\n\n<p>\u2022&nbsp;<strong>MADJINOU MBADINGA.&nbsp;<\/strong><\/p>\n\n\n\n<p>\u2013 Intendant : Mme.&nbsp;<strong>Dalicia ANKAM.&nbsp;<\/strong><\/p>\n\n\n\n<p><strong>CABINET DU VICE-PRESIDENT DU GOUVERNEMENT<\/strong><\/p>\n\n\n\n<p>\u2013 Directeur de Cabinet : M.&nbsp;<strong>Alain REMPANOT MEPIAT.<\/strong><\/p>\n\n\n\n<p>\u2013 Directeur de Cabinet Adjoint : M.&nbsp;<strong>Arsel MORO NGUI.<\/strong><\/p>\n\n\n\n<p>\u2013 Chef de Cabinet : M.&nbsp;<strong>Marceau MALEKOU.&nbsp;<\/strong><\/p>\n\n\n\n<p>\u2013 Conseiller Juridique : M.&nbsp;<strong>Lionnel Yannick MOUSSAVOU.&nbsp;<\/strong><\/p>\n\n\n\n<p>\u2013 Conseiller en Communication : M.&nbsp;<strong>Etienne Francky MEBA&nbsp; ONDO.&nbsp;<\/strong><\/p>\n\n\n\n<p>\u2013 Conseiller Diplomatique : M.&nbsp;<strong>Wilfried Charles OTCHANGA.&nbsp;<\/strong>\u2013 Conseillers Techniques :&nbsp;&nbsp;<\/p>\n\n\n\n<p>MMES&nbsp;<\/p>\n\n\n\n<p>\u2022&nbsp;<strong>Marthe FAUSTHER ;&nbsp;<\/strong><\/p>\n\n\n\n<p>\u2022&nbsp;<strong>Annie Flore MFOULA NGHANGY.&nbsp;<\/strong><\/p>\n\n\n\n<p>MM.&nbsp;&nbsp;<\/p>\n\n\n\n<p>\u2022&nbsp;<strong>Pr Symphorien ENGONE MVE ;&nbsp;<\/strong><\/p>\n\n\n\n<p>\u2022&nbsp;<strong>Pr Giscard ASSOUMOU ELLA ;<\/strong><\/p>\n\n\n\n<p>\u2022&nbsp;<strong>Eloi BLAMPAIN ;&nbsp;<\/strong><\/p>\n\n\n\n<p>\u2022&nbsp;<strong>Jean-Marie NTOUTOUME ESSONO ;&nbsp;<\/strong><\/p>\n\n\n\n<p>\u2022&nbsp;<strong>Kern Terence IPONGA BODI ;&nbsp;<\/strong><\/p>\n\n\n\n<p>\u2022&nbsp;<strong>Edgard MVELE OBIANG ;&nbsp;<\/strong><\/p>\n\n\n\n<p>\u2022&nbsp;<strong>Jacques Mathias MANGANGUELA ;&nbsp;<\/strong><\/p>\n\n\n\n<p>\u2022&nbsp;<strong>Marc Arthur Emery NGUEMBE EKIA ;&nbsp;<\/strong><\/p>\n\n\n\n<p>\u2022&nbsp;<strong>Juste Alfred AMBOURHOUET ;&nbsp;<\/strong><\/p>\n\n\n\n<p>\u2022&nbsp;<strong>Stessy AMIAR ;&nbsp;<\/strong><\/p>\n\n\n\n<p>\u2022&nbsp;<strong>Diabel ANGUILE DIALO ;&nbsp;<\/strong><\/p>\n\n\n\n<p>\u2022&nbsp;<strong>Ernest Lionel ANTCHOUEY OGOUEROWO ;&nbsp;<\/strong><\/p>\n\n\n\n<p>\u2022&nbsp;<strong>Hyacinthe BAMBA.&nbsp;<\/strong><\/p>\n\n\n\n<p>\u2013 Secr\u00e9taire Particuli\u00e8re du Vice-Pr\u00e9sident du Gouvernement : Mme.&nbsp;&nbsp;<strong>Lucie BOA MBENDJE \u00e9pouse ROBOTY.&nbsp;<\/strong><\/p>\n\n\n\n<p>\u2013 Attach\u00e9s de Cabinet \u00e0 la Pr\u00e9sidence de la R\u00e9publique :&nbsp; MMES&nbsp;<\/p>\n\n\n\n<p>\u2022&nbsp;<strong>Blandine OBONE EBANG \u00e9pouse BEKA ;&nbsp;<\/strong><\/p>\n\n\n\n<p>\u2022&nbsp;<strong>H\u00e9l\u00e8ne OSSEY.&nbsp;<\/strong><\/p>\n\n\n\n<p>MM.&nbsp;&nbsp;<\/p>\n\n\n\n<p>\u2022&nbsp;<strong>Yannick Frantz IGOHO ;&nbsp;<\/strong><\/p>\n\n\n\n<p>\u2022&nbsp;<strong>Valery Ars\u00e8ne MBOKO ;&nbsp;<\/strong><\/p>\n\n\n\n<p>\u2022&nbsp;<strong>Rodney MBENG EKOREZOK ;&nbsp;<\/strong><\/p>\n\n\n\n<p>\u2022&nbsp;<strong>Denis DAMAS ;&nbsp;<\/strong><\/p>\n\n\n\n<p>\u2022&nbsp;<strong>Aubin MBEANG OBIANG ;&nbsp;<\/strong><\/p>\n\n\n\n<p>\u2022&nbsp;<strong>Colette Manuella AMORISSANI ZIZA.&nbsp;<\/strong><\/p>\n\n\n\n<p>\u2013 Charg\u00e9s de Missions du Pr\u00e9sident de la R\u00e9publique :&nbsp; MMES.&nbsp;&nbsp;<\/p>\n\n\n\n<p>\u2022&nbsp;<strong>Malika Marl\u00e8ne FIOCCA .&nbsp;<\/strong><\/p>\n\n\n\n<p>MM.&nbsp;&nbsp;<\/p>\n\n\n\n<p>\u2022&nbsp;<strong>G\u00e9rard GNAMBAULT OGOWET ;&nbsp;<\/strong><\/p>\n\n\n\n<p>\u2022&nbsp;<strong>Pierre St\u00e9phane NGUEMA BIBANG ;&nbsp;<\/strong><\/p>\n\n\n\n<p>\u2022&nbsp;<strong>Kevin MOUKADI ;&nbsp;<\/strong><\/p>\n\n\n\n<p>\u2022&nbsp;<strong>Jean Pierre KOMBILA NZIENGUI ;&nbsp;<\/strong><\/p>\n\n\n\n<p>\u2022&nbsp;<strong>Wilfrid Wildor EKOBO ;&nbsp;<\/strong><\/p>\n\n\n\n<p>\u2022&nbsp;<strong>Eric NGUEMA&nbsp;<\/strong><\/p>\n\n\n\n<p>\u2022&nbsp;<strong>Salem Ly Landry MOUSSAVOU.&nbsp;<\/strong><\/p>\n\n\n\n<p>\u2013 Secr\u00e9taires de Cabinet du Pr\u00e9sident de la R\u00e9publique :&nbsp;<\/p>\n\n\n\n<p>MMES.&nbsp;&nbsp;<\/p>\n\n\n\n<p>\u2022&nbsp;<strong>Dieynaba SOW \u00e9pouse NZANG EKOUMA ;&nbsp;<\/strong><\/p>\n\n\n\n<p>\u2022&nbsp;<strong>Jeanne Elsy OGOUERA OTCHANGA ;&nbsp;<\/strong><\/p>\n\n\n\n<p>\u2022&nbsp;<strong>Iris Raymonde MAROUNDOU N\u2019GANGUI ;&nbsp;<\/strong><\/p>\n\n\n\n<p>\u2022&nbsp;<strong>Constantine NYANGONE ZOGO ;&nbsp;<\/strong><\/p>\n\n\n\n<p>\u2022&nbsp;<strong>Elisabeth MANGUA ;&nbsp;<\/strong><\/p>\n\n\n\n<p>\u2022&nbsp;<strong>Roseline AKELE EDOU.&nbsp;<\/strong><\/p>\n\n\n\n<p>\u2013 Chef du Protocole : M.&nbsp;<strong>Salatou ASSAN<\/strong><em>.&nbsp;<\/em><\/p>\n\n\n\n<p>\u2013 Charg\u00e9s du Protocole :&nbsp;&nbsp;<\/p>\n\n\n\n<p>MM.&nbsp;&nbsp;<\/p>\n\n\n\n<p>\u2022&nbsp;<strong>Anicet RATANGA&nbsp;<\/strong>;&nbsp;<\/p>\n\n\n\n<p>\u2022&nbsp;<strong>William NTCHANDY ;&nbsp;<\/strong><\/p>\n\n\n\n<p>\u2022&nbsp;<strong>Sylvie Carine PEA MAKABI.&nbsp;<\/strong><\/p>\n\n\n\n<p>\u2013 Intendance du Vice-Pr\u00e9sident du Gouvernement&nbsp;&nbsp;<\/p>\n\n\n\n<p>\u2022 Intendants.&nbsp;&nbsp;<\/p>\n\n\n\n<p>Mme&nbsp;<strong>Ligie Nad\u00e8ge NGONTANG AHOUNOU ;&nbsp;<\/strong><\/p>\n\n\n\n<p>\u2022&nbsp;<strong>Franck EDOU MINKO.&nbsp;<\/strong><\/p>\n\n\n\n<p>\u2013 Chef du Service Documentation et Archives&nbsp;<\/p>\n\n\n\n<p>\u2022 Mme&nbsp;<strong>Laure Laetitia MOULONGOU&nbsp;<\/strong>;&nbsp;<\/p>\n\n\n\n<p>\u2022 M.&nbsp;<strong>Renaud Louis Jacques IVENDAGOTINA DOWE<\/strong>. \u2013 Chef du Service Courrier&nbsp;<\/p>\n\n\n\n<p>\u2022 Mme&nbsp;<strong>Prisca Anouchka NSEFOUME MENDOME \u00e9pouse&nbsp; FANGUINOVENY&nbsp;<\/strong>;&nbsp;<\/p>\n\n\n\n<p>\u2022 Mme.&nbsp;<strong>Diane Larissa AVOME NGUEMA \u00e9pouse IVEGA<\/strong>. \u2013 Aide de Camp : Lieutenant&nbsp;<strong>WORA Junior.&nbsp;<\/strong><\/p>\n\n\n\n<p>\u2013 Agents de S\u00e9curit\u00e9 :&nbsp;&nbsp;<\/p>\n\n\n\n<p>\u2022 Adc&nbsp;<strong>MAMBENDA MOUPENDE Yannick ;&nbsp;<\/strong><\/p>\n\n\n\n<p>\u2022 Sergent&nbsp;<strong>NGOMA YOGO Venance Chapsall ;&nbsp;<\/strong><\/p>\n\n\n\n<p>\u2022 Cch&nbsp;<strong>MPIGA NGOUNDA Annie Fryd&nbsp;<\/strong>;&nbsp;<\/p>\n\n\n\n<p>\u2022&nbsp;<strong>Patrick Henri NOMBO<\/strong>.&nbsp;<\/p>\n\n\n\n<p>\u2013 Chauffeurs :&nbsp;&nbsp;<\/p>\n\n\n\n<p>\u2022&nbsp;<strong>Jean de Dieu KOMBILA ;&nbsp;<\/strong><\/p>\n\n\n\n<p>\u2022&nbsp;<strong>Sch LABOMO MPIGA Fred Wesley ;&nbsp;<\/strong><\/p>\n\n\n\n<p>\u2022&nbsp;<strong>Jonathan NDENDJIE ;&nbsp;<\/strong><\/p>\n\n\n\n<p>\u2022&nbsp;<strong>Sylvie LEWEMBE.&nbsp;<\/strong><\/p>\n\n\n\n<p><strong>MINISTERE DES TRANSPORTS, DE LA MARINE MARCHANGE ET&nbsp; DE LA LOGISTIQUE<\/strong><\/p>\n\n\n\n<p><strong>CABINET DU MINISTRE D\u2019ETAT&nbsp;<\/strong><\/p>\n\n\n\n<p>\u2013 Directeur de Cabinet : M.&nbsp;<strong>Abel NYAMA.&nbsp;&nbsp;<\/strong><\/p>\n\n\n\n<p>\u2013 Conseiller Diplomatique : Mme&nbsp;<strong>Vanina Olivia MBOU DJOUNGA&nbsp; \u00e9pouse OBIANG ETOUGHE.&nbsp;<\/strong><\/p>\n\n\n\n<p>\u2013 Conseiller en Communication :&nbsp;<strong>Mme Orph\u00e9e BOUSSOUGOU&nbsp; BOUSSOUGOU.&nbsp;<\/strong><\/p>\n\n\n\n<p>\u2013 Conseillers Techniques :&nbsp;&nbsp;<\/p>\n\n\n\n<p>MM.&nbsp;&nbsp;<\/p>\n\n\n\n<p>\u2022&nbsp;<strong>Nestrick Leyris MOMBO&nbsp;<\/strong>;&nbsp;<\/p>\n\n\n\n<p>\u2022&nbsp;<strong>Yann MEFANE ;&nbsp;<\/strong><\/p>\n\n\n\n<p>\u2022&nbsp;<strong>Laurent ABESSOLO MVE ;&nbsp;<\/strong><\/p>\n\n\n\n<p>\u2022&nbsp;<strong>Thomas EBOUNGOU ;&nbsp;<\/strong><\/p>\n\n\n\n<p>\u2022&nbsp;<strong>Cr\u00e9pin MANFOUMBI MENGARA ;&nbsp;<\/strong><\/p>\n\n\n\n<p>\u2022&nbsp;<strong>Paule BIKYE MENDOGO ;&nbsp;<\/strong><\/p>\n\n\n\n<p>\u2022&nbsp;<strong>Wilfried St\u00e9phane IGOWA RERAMBYAH.&nbsp;<\/strong><\/p>\n\n\n\n<p>MME.&nbsp;&nbsp;<\/p>\n\n\n\n<p>\u2022&nbsp;<strong>Flore MOUSSAVOU-MAPAGA&nbsp;<\/strong>;&nbsp;<\/p>\n\n\n\n<p>\u2013 Charg\u00e9s d\u2019Etudes :&nbsp;&nbsp;<\/p>\n\n\n\n<p>MM&nbsp;<\/p>\n\n\n\n<p>\u2022&nbsp;<strong>Gilles BARDOS KOUANGA BOUNDA ;&nbsp;<\/strong><\/p>\n\n\n\n<p>\u2022&nbsp;<strong>Mac Dexter DJIGATH OBIEBR&nbsp;<\/strong><\/p>\n\n\n\n<p>MME.&nbsp;&nbsp;<\/p>\n\n\n\n<p>\u2022&nbsp;<strong>Heroica Isadora AZIZET NDJOUMBINI&nbsp;<\/strong>;&nbsp;<\/p>\n\n\n\n<p>\u2022&nbsp;<strong>Morgane ONTALA LEWOU ;&nbsp;<\/strong><\/p>\n\n\n\n<p>\u2013 Charg\u00e9s de Missions :&nbsp;&nbsp;<\/p>\n\n\n\n<p>MM&nbsp;<\/p>\n\n\n\n<p>\u2022&nbsp;<strong>Blaise Pascal MIAMME MINSOKO ;&nbsp;<\/strong><\/p>\n\n\n\n<p>\u2022&nbsp;<strong>Gaspard MEZUI OVONO ;&nbsp;<\/strong><\/p>\n\n\n\n<p>\u2022&nbsp;<strong>Samson Amour DIVASSA.&nbsp;<\/strong><\/p>\n\n\n\n<p>MMES&nbsp;<\/p>\n\n\n\n<p>\u2022&nbsp;<strong>Prunella Coralie MBOUMBA NDJIMBI ;&nbsp;<\/strong><\/p>\n\n\n\n<p>\u2022&nbsp;<strong>Brenda Lucie PAMA.&nbsp;<\/strong><\/p>\n\n\n\n<p>\u2013 Secr\u00e9taire Particuli\u00e8re du Ministre d\u2019Etat : Mme.&nbsp;<strong>Yael Ines&nbsp; YAKUMU YAMUTU YANGARI.&nbsp;<\/strong><\/p>\n\n\n\n<p>\u2013 Secr\u00e9taire de Cabinet :&nbsp;&nbsp;<\/p>\n\n\n\n<p>Mmes&nbsp;<\/p>\n\n\n\n<p>\u2022&nbsp;<strong>Edwige Sophie HOUNNOU ODOUKA \u00e9pouse&nbsp; OUGOULA ESSONGUE ;&nbsp;<\/strong><\/p>\n\n\n\n<p>\u2022&nbsp;<strong>Carine MOULONGOU MFOUBOU ;<\/strong><\/p>\n\n\n\n<p>\u2022&nbsp;<strong>Ingrid Iness MAGNOUMBA ;&nbsp;<\/strong><\/p>\n\n\n\n<p>\u2022&nbsp;<strong>Dalia Ursula Thecle NGOVET.&nbsp;<\/strong><\/p>\n\n\n\n<p>\u2013 Secr\u00e9taire Particuli\u00e8re du Directeur de Cabinet : Mme.&nbsp;<strong>Vanessa&nbsp; Elfi NDOUTOUME NGWAZIWO.&nbsp;<\/strong><\/p>\n\n\n\n<p>\u2013 Chef du Protocole : M.&nbsp;<strong>Wilfrid Hugues OGOUAMBA&nbsp; ROCKOUNGOU<\/strong><em>.&nbsp;<\/em><\/p>\n\n\n\n<p>\u2013 Aide de Camp : Lieutenant&nbsp;<strong>BOUCHARD Anthony Axel.&nbsp;<\/strong>\u2013 Agents de S\u00e9curit\u00e9 :&nbsp;&nbsp;<\/p>\n\n\n\n<p>\u2022 Sergent-Chef Major&nbsp;<strong>MOUBISSANGOYE LOUMBI&nbsp; Grouse ;&nbsp;<\/strong><\/p>\n\n\n\n<p>\u2022 Sergent&nbsp;<strong>OBIANG ELLA Gauthier Severyn.&nbsp;<\/strong><\/p>\n\n\n\n<p>\u2013 Chauffeur Particulier : M.&nbsp;<strong>Childeric Bryll NGOMA DICKARADOH. ORGANISME SOUS TUTELLE&nbsp;<\/strong><\/p>\n\n\n\n<p><strong>COMPAGNIE NATIONALE DE NAVIGATION INTERIEURE ET&nbsp; INTERNATIONALE (CNNII)&nbsp;<\/strong><\/p>\n\n\n\n<p>\u2013&nbsp;<strong>\u2022<\/strong><strong>\u2060<\/strong><strong>&nbsp;<\/strong>Directeur G\u00e9n\u00e9ral :&nbsp;<strong>M. Alexis MPIGA OKOUMBA, confirm\u00e9.&nbsp;&nbsp;<\/strong><\/p>\n\n\n\n<p><strong>CONSEIL GABONAIS DES CHARGEURS (CGC)&nbsp;<\/strong><\/p>\n\n\n\n<p>\u2013&nbsp;<strong>\u2022<\/strong><strong>\u2060<\/strong><strong>&nbsp;<\/strong>Conseiller du Directeur G\u00e9n\u00e9ral :&nbsp;<strong>Mme. Elvire Exaverie KOMBA&nbsp; YEMBA,&nbsp;<\/strong>en remplacement de&nbsp;<strong>Mme. Jacqueline Olga EKOUME<\/strong>,&nbsp; admise \u00e0 faire valoir ses droits \u00e0 la retraite.&nbsp;<\/p>\n\n\n\n<p><strong>AGENCE NATIONALE DE L\u2019AVIATION CIVILE (ANAC)&nbsp;<\/strong>\u2013 Conseiller du Directeur G\u00e9n\u00e9ral&nbsp;<strong>: M. Toussaint MVOLA NDONG,&nbsp;&nbsp;<\/strong>en remplacement de M. Davy Gatien OVONO OBIANG, remis \u00e0&nbsp; son administration d\u2019origine.&nbsp;<\/p>\n\n\n\n<p><strong>MINISTERE DE LA REFORME ET DES RELATIONS AVEC LES&nbsp; INSTITUTIONS&nbsp;<\/strong><\/p>\n\n\n\n<p><strong>CONSEIL ECONOMIQUE, SOCIAL, ET ENVIRONNEMENTAL&nbsp;<\/strong>\u2013 Directeur de Cabinet : M.&nbsp;<strong>Florent NDONG MOURE.&nbsp;<\/strong><\/p>\n\n\n\n<p>\u2013 Secr\u00e9taire Particuli\u00e8re du Pr\u00e9sident : Mme.&nbsp;<strong>Gerdhale ITOUNDOU&nbsp; \u00e9pouse ONIANE.&nbsp;<\/strong><\/p>\n\n\n\n<p>\u2013 Secr\u00e9taire Particuli\u00e8re du Directeur de Cabinet : Mme.&nbsp;<strong>Nancy&nbsp; Cornelia NDONG NZE.&nbsp;<\/strong><\/p>\n\n\n\n<p>\u2013 Secr\u00e9taire de Cabinet : Mme.&nbsp;<strong>Yvette DILAMENOU.&nbsp;<\/strong><\/p>\n\n\n\n<p>\u2013 Conseillers :&nbsp;<\/p>\n\n\n\n<p>MMES&nbsp;<\/p>\n\n\n\n<p>\u2022&nbsp;<strong>A\u00efssa OUMAR ;&nbsp;<\/strong><\/p>\n\n\n\n<p>\u2022&nbsp;<strong>L\u00e9a BIFANE ;&nbsp;<\/strong><\/p>\n\n\n\n<p>\u2022&nbsp;<strong>Christelle MOAVELE ;&nbsp;<\/strong><\/p>\n\n\n\n<p>\u2022&nbsp;<strong>Andr\u00e9a Noelle MENGUIRE ;&nbsp;<\/strong><\/p>\n\n\n\n<p>\u2022&nbsp;<strong>Rose LELANI \u00e9pouse EKOUA.&nbsp;<\/strong><\/p>\n\n\n\n<p>MM.&nbsp;&nbsp;<\/p>\n\n\n\n<p>\u2022&nbsp;<strong>Patrice Florentin MALEKOU&nbsp;<\/strong>;&nbsp;<\/p>\n\n\n\n<p>\u2022&nbsp;<strong>Tanguy BISSA BI MBELE ;&nbsp;<\/strong><\/p>\n\n\n\n<p>\u2022&nbsp;<strong>Alain Martial AKUE ;&nbsp;<\/strong><\/p>\n\n\n\n<p>\u2022&nbsp;<strong>Maxence Valjean NDZE NZE ;&nbsp;<\/strong><\/p>\n\n\n\n<p>\u2022&nbsp;<strong>Davy Narcisse MENDONG ;&nbsp;<\/strong><\/p>\n\n\n\n<p>\u2022&nbsp;<strong>Ronny Paolo NGWA ;&nbsp;<\/strong><\/p>\n\n\n\n<p>\u2022&nbsp;<strong>Modeste SOLE MENDOME ;&nbsp;<\/strong><\/p>\n\n\n\n<p>\u2022&nbsp;<strong>Paterne HOMOABEWA.&nbsp;<\/strong><\/p>\n\n\n\n<p>\u2013 Charg\u00e9s d\u2019Etudes :&nbsp;&nbsp;<\/p>\n\n\n\n<p>MM&nbsp;<\/p>\n\n\n\n<p>\u2022&nbsp;<strong>Ga\u00efus N\u2019NAH EKWAGHE ;&nbsp;<\/strong><\/p>\n\n\n\n<p>\u2022&nbsp;<strong>Yohann Hilaire MINKO ONDO ;&nbsp;<\/strong><\/p>\n\n\n\n<p>\u2022&nbsp;<strong>Parfait EBANGO.&nbsp;<\/strong><\/p>\n\n\n\n<p>\u2013 Attach\u00e9s de Cabinet :&nbsp;&nbsp;<\/p>\n\n\n\n<p>\u2022 Mme&nbsp;<strong>Elisabeth Christelle ABENDANG EVOUNA ;&nbsp;<\/strong><\/p>\n\n\n\n<p>MM&nbsp;<\/p>\n\n\n\n<p>\u2022&nbsp;<strong>Sylver BIKE ;&nbsp;<\/strong><\/p>\n\n\n\n<p>\u2022&nbsp;<strong>Edouard NKOGHE EDZANG ;&nbsp;<\/strong><\/p>\n\n\n\n<p>\u2022&nbsp;<strong>Isma\u00ebl ONGANGA NGAILA.&nbsp;<\/strong><\/p>\n\n\n\n<p>\u2013 Directeur du Protocole : M.&nbsp;<strong>Fabien Archange MENIE&nbsp; MENZOUGHE ;&nbsp;<\/strong><\/p>\n\n\n\n<p>\u2013 Chef du Protocole :&nbsp;<strong>M. Simplice EDANG MENGUIRE ;&nbsp;<\/strong>\u2013 Agent de Protocole :&nbsp;<strong>M. Christian BILONG BI EKANG&nbsp;<\/strong><\/p>\n\n\n\n<p>\u2013 Attach\u00e9s de Presse :&nbsp;&nbsp;<\/p>\n\n\n\n<p>MM&nbsp;<\/p>\n\n\n\n<p>\u2022&nbsp;<strong>Norly BONGHOTA ;&nbsp;<\/strong><\/p>\n\n\n\n<p>\u2022&nbsp;<strong>M\u00e9dard NKWELE NZE ;&nbsp;<\/strong><\/p>\n\n\n\n<p>\u2022&nbsp;<strong>Amar TSAVO.&nbsp;<\/strong><\/p>\n\n\n\n<p>\u2013 Charg\u00e9s de Missions :&nbsp;&nbsp;<\/p>\n\n\n\n<p>MMES<\/p>\n\n\n\n<p>\u2022&nbsp;<strong>Gis\u00e8le KEMEBOUNE ;&nbsp;<\/strong><\/p>\n\n\n\n<p>\u2022&nbsp;<strong>Nad\u00e8ge Line LONG \u00e9pouse NDONG ;&nbsp;<\/strong><\/p>\n\n\n\n<p>\u2022&nbsp;<strong>Popina NZOGHE OVOULA.&nbsp;<\/strong><\/p>\n\n\n\n<p>MM&nbsp;<\/p>\n\n\n\n<p>\u2022&nbsp;<strong>Ronald ENGOUA MUENDZE ;&nbsp;<\/strong><\/p>\n\n\n\n<p>\u2022&nbsp;<strong>Jean Claude MBA MEYE ;&nbsp;<\/strong><\/p>\n\n\n\n<p>\u2022&nbsp;<strong>Gustave ANGOUE NZOUGHE ;&nbsp;<\/strong><\/p>\n\n\n\n<p>\u2022&nbsp;<strong>Aim\u00e9 YANGA ;&nbsp;<\/strong><\/p>\n\n\n\n<p>\u2022&nbsp;<strong>Alfred GNALE MESSIA ;&nbsp;<\/strong><\/p>\n\n\n\n<p>\u2022&nbsp;<strong>Louis DJIGNANE ;&nbsp;<\/strong><\/p>\n\n\n\n<p>\u2022&nbsp;<strong>Albert MASSONA ;&nbsp;<\/strong><\/p>\n\n\n\n<p>\u2022&nbsp;<strong>Aristide MAKOSSO ;&nbsp;<\/strong><\/p>\n\n\n\n<p>\u2022&nbsp;<strong>Jean MINKO BEWOULE ;&nbsp;<\/strong><\/p>\n\n\n\n<p>\u2022&nbsp;<strong>Inoussa CHAIBOU ;&nbsp;<\/strong><\/p>\n\n\n\n<p>\u2022&nbsp;<strong>Rodrigue MESSIMO.&nbsp;<\/strong><\/p>\n\n\n\n<p>\u2013 Chauffeur Particulier : M.&nbsp;<strong>Nicolas ONA MINKO ;&nbsp;<\/strong><\/p>\n\n\n\n<p>\u2013 Agents de S\u00e9curit\u00e9 :&nbsp;&nbsp;<\/p>\n\n\n\n<p>\u2022&nbsp;<strong>Sergent-Chef NZE N\u2019NAH Patchely ;&nbsp;<\/strong><\/p>\n\n\n\n<p>\u2022&nbsp;<strong>Sergent-Chef MOUNDOUNGA Amour.&nbsp;<\/strong><\/p>\n\n\n\n<p>\u2022&nbsp;<strong>Sergent-Chef BENDZA MPEA Friedman ;&nbsp;<\/strong><\/p>\n\n\n\n<p>\u2022&nbsp;<strong>Caporal BOIDJA Wilfried Ez\u00e9chiel.&nbsp;<\/strong><\/p>\n\n\n\n<p><strong>SECRETARIAT GENERAL&nbsp;<\/strong><\/p>\n\n\n\n<p>\u2013 Secr\u00e9taire G\u00e9n\u00e9ral : Mme.&nbsp;<strong>Aim\u00e9e Bertille ITSIEMBOU,&nbsp; confirm\u00e9e ;&nbsp;<\/strong><\/p>\n\n\n\n<p>\u2013 Secr\u00e9taire G\u00e9n\u00e9ral Adjoint&nbsp;<strong>: M. Guy-Roger MENGUE&nbsp; M\u2019AMVAME<\/strong>,&nbsp;<em>en remplacement de Mme Ad\u00e8le Mireille AKELE&nbsp; ONDO, remise \u00e0 la disposition de son administration d\u2019origine.&nbsp;<\/em><\/p>\n\n\n\n<p><strong>DIRECTION GENERALE DES ETUDES, DU SUIVI THEMATIQUE ET&nbsp; DE LA PROSPECTIVE&nbsp;<\/strong><\/p>\n\n\n\n<p>\u2013 Directeur G\u00e9n\u00e9ral : M.&nbsp;<strong>Tony NGNARE ABEIGNE ;&nbsp;<\/strong><\/p>\n\n\n\n<p>\u2013 Directeur G\u00e9n\u00e9ral Adjoint&nbsp;<strong>: Mme Stellas MAMBOUNDOU&nbsp; MOUKETOU.&nbsp;<\/strong><\/p>\n\n\n\n<p><strong>DIRECTION DES ETUDES ET DE LA PROSPECTIVE&nbsp;<\/strong><\/p>\n\n\n\n<p>\u2013 Directeur : M.&nbsp;<strong>Kevin ABOGHE NGYE ;&nbsp;<\/strong><\/p>\n\n\n\n<p><strong>SERVICE ETUDES, ENQU\u00caTES ET PROSPECTIVE&nbsp;<\/strong><\/p>\n\n\n\n<p>\u2013 Chef de Service :&nbsp;<strong>M. Jolion MEVENE AGNEGHE.<\/strong><\/p>\n\n\n\n<p><strong>SERVICE SUIVI THEMATIQUE ET COMPTE RENDU&nbsp;<\/strong><\/p>\n\n\n\n<p>\u2013 Chef de Service :&nbsp;<strong>M. Durvy Herguet YOKA LEKOUMA.&nbsp;<\/strong><\/p>\n\n\n\n<p><strong>SERVICE SEANCE, SECTION ET JOURNAL DES DEBATS&nbsp;<\/strong>\u2013 Chef de Service :&nbsp;<strong>Mme. Ra\u00efssa MEDZAGANE ME NANG.&nbsp;<\/strong><\/p>\n\n\n\n<p><strong>DIRECTION DES RELATIONS INSTITUTIONNELLES, DE LA&nbsp; DOCUMENTATION ET DE LA PUBLICATION&nbsp;<\/strong><\/p>\n\n\n\n<p>\u2013 Directeur : Mme.&nbsp;<strong>Danielle NKAMA LACKO ;&nbsp;<\/strong><\/p>\n\n\n\n<p><strong>SERVICE RELATIONS INSTITUTIONNELLES&nbsp;<\/strong><\/p>\n\n\n\n<p>\u2013 Chef de Service :&nbsp;<strong>M. Max Yvan Shevy MAKAYA MAKAYA.&nbsp;<\/strong><\/p>\n\n\n\n<p><strong>SERVICE DOCUMENTATION, BIBLIOTHEQUE ET ARCHIVES&nbsp;<\/strong>\u2013 Chef de Service : Mme.&nbsp;<strong>Georgina ANDEME MENDAME.&nbsp;&nbsp;<\/strong><\/p>\n\n\n\n<p><strong>DIRECTION GENERALE DES SERVICES ADMINISTRATIFS,&nbsp; FINANCIERS ET DES RESSOURCES HUMAINES&nbsp;<\/strong><\/p>\n\n\n\n<p>\u2013 Directeur G\u00e9n\u00e9ral : M.&nbsp;<strong>Richelieu ZUE OBAME ;&nbsp;<\/strong><\/p>\n\n\n\n<p>\u2013 Directeur G\u00e9n\u00e9ral Adjoint : M.&nbsp;<strong>Aymar MBINA YEMBI&nbsp;<\/strong><\/p>\n\n\n\n<p><strong>DIRECTION DES SERVICES ADMINISTRATIFS ET FINANCIERS&nbsp;<\/strong>\u2013 Directeur : M.&nbsp;<strong>Bruce MOUGOUBIT MAMFOUMBI ;&nbsp;<\/strong><\/p>\n\n\n\n<p><strong>SERVICE DES AFFAIRES ADMINISTRATIVES ET FINANCIERES&nbsp;<\/strong>\u2013 Chef de Service : M.&nbsp;<strong>Martial OWONO ELLA ;&nbsp;<\/strong><\/p>\n\n\n\n<p><strong>SERVICE PATRIMOINE, MAINTENANCE ET TRANSPORTS&nbsp;<\/strong>\u2013 Chef de Service : Mme.&nbsp;<strong>Ga\u00eblle MVE OBIANG \u00e9pouse NGUIMBI ;&nbsp;<\/strong><\/p>\n\n\n\n<p><strong>SERVICE INFORMATIQUE&nbsp;<\/strong><\/p>\n\n\n\n<p>\u2013 Chef de Service : M.&nbsp;<strong>Ulrich IYOHOU HOBOUYA ;&nbsp;<\/strong><\/p>\n\n\n\n<p><strong>DIRECTION DES AFFAIRES JURIDIQUES ET DES RESSOURCES&nbsp; HUMAINES&nbsp;<\/strong><\/p>\n\n\n\n<p>\u2013 Directeur : Mme.&nbsp;<strong>Perpetue NTANG NZOGHE ;&nbsp;<\/strong><\/p>\n\n\n\n<p><strong>SERVICE GESTION DES RESSOURCES HUMAINES&nbsp;<\/strong><\/p>\n\n\n\n<p>\u2013 Chef de Service : Mme.&nbsp;<strong>Chantal OYANE ONDO ;<\/strong><\/p>\n\n\n\n<p>SCM Page 22 sur 29&nbsp;<\/p>\n\n\n\n<p><strong>SERVICE ACTES DE GESTION, FORMATION ET PARCOURS&nbsp; PROFESSIONNELS&nbsp;<\/strong><\/p>\n\n\n\n<p>\u2013 Chef de Service : Mme.&nbsp;<strong>Doris MPIGA ;&nbsp;<\/strong><\/p>\n\n\n\n<p><strong>SERVICE DES AFFAIRES SOCIALES ET CONDITIONS DE TRAVAIL&nbsp;<\/strong>\u2013 Chef de Service : Mme.&nbsp;<strong>Liliane MABAMBA ;&nbsp;<\/strong><\/p>\n\n\n\n<p><strong>MINISTERE DES AFFAIRES ETRANGERES ET DE LA&nbsp; COOPERATION, CHARGE DE LA DIASPORA&nbsp;<\/strong><\/p>\n\n\n\n<p><strong>Attach\u00e9s de D\u00e9fense :&nbsp;<\/strong><\/p>\n\n\n\n<p><strong>1) \u2022<\/strong><strong>\u2060<\/strong><strong>&nbsp;<\/strong>Attach\u00e9 de D\u00e9fense aupr\u00e8s de la R\u00e9publique d\u2019Afrique du Sud&nbsp;<strong>:&nbsp; Lieutenant Colonel Franck IGAMBA IVENDENGANI&nbsp;<\/strong><\/p>\n\n\n\n<p><strong>2) \u2022<\/strong><strong>\u2060<\/strong><strong>&nbsp;<\/strong>Attach\u00e9 de D\u00e9fense aupr\u00e8s de la R\u00e9publique du Congo&nbsp;<strong>:&nbsp; Lieutenant Colonel Anicet OPAMA&nbsp;<\/strong><\/p>\n\n\n\n<p><strong>3) \u2022<\/strong><strong>\u2060<\/strong><strong>&nbsp;<\/strong>Attach\u00e9 de D\u00e9fense aupr\u00e8s de la R\u00e9publique de C\u00f4t\u00e9 d\u2019Ivoire&nbsp;<strong>:&nbsp; Colonel Barth\u00e9lemy LEYOUMA&nbsp;<\/strong><\/p>\n\n\n\n<p><strong>4) \u2022<\/strong><strong>\u2060<\/strong><strong>&nbsp;<\/strong>Attach\u00e9 de D\u00e9fense aupr\u00e8s de la R\u00e9publique d\u2019Egypte&nbsp;<strong>:&nbsp; Lieutenant Colonel Emmanuel MBA-MOZOGO&nbsp;<\/strong><\/p>\n\n\n\n<p><strong>5)&nbsp;<\/strong><\/p>\n\n\n\n<p><strong>\u2022<\/strong><strong>\u2060<\/strong><strong>&nbsp;<\/strong>Attach\u00e9 de D\u00e9fense aupr\u00e8s de l\u2019Ambassade du Gabon en&nbsp; R\u00e9publique D\u00e9mocratique du Congo&nbsp;<strong>: Lieutenant-Colonel Guy&nbsp; Roger NGABOU&nbsp;<\/strong><\/p>\n\n\n\n<p><strong>6) \u2022<\/strong><strong>\u2060<\/strong><strong>&nbsp;<\/strong>Attach\u00e9 de D\u00e9fense aupr\u00e8s de la R\u00e9publique de Guin\u00e9e&nbsp; \u00c9quatoriale&nbsp;<strong>: Lieutenant Colonel Arnauld OBIANG-OBIANG&nbsp;<\/strong><\/p>\n\n\n\n<p><strong>7) \u2022<\/strong><strong>\u2060<\/strong><strong>&nbsp;<\/strong>Attach\u00e9 de D\u00e9fense aupr\u00e8s de la R\u00e9publique du S\u00e9n\u00e9gal&nbsp;<strong>:&nbsp; Commandant Ferdinand MIZERE MABENGUE&nbsp;<\/strong><\/p>\n\n\n\n<p><strong>8) \u2022<\/strong><strong>\u2060<\/strong><strong>&nbsp;<\/strong>Attach\u00e9 de D\u00e9fense aupr\u00e8s de l\u2019Ambassade du Gabon, Haute&nbsp; Repr\u00e9sentation de la R\u00e9publique gabonaise, pr\u00e8s la R\u00e9publique&nbsp; fran\u00e7aise&nbsp;<strong>: Colonel Romaric PANGOU&nbsp;&nbsp;<\/strong><\/p>\n\n\n\n<p><strong>9) \u2022<\/strong><strong>\u2060<\/strong><strong>&nbsp;<\/strong>Attach\u00e9 de D\u00e9fense aupr\u00e8s de la R\u00e9publique de Turquie&nbsp;<strong>:&nbsp; Colonel Guy Landry EKE<\/strong><\/p>\n\n\n\n<p><strong>Pr\u00e9sidence de la R\u00e9publique&nbsp;<\/strong>Communiqu\u00e9 final du 12 ao\u00fbt 2025&nbsp;<\/p>\n\n\n\n<p>SCM Page 23 sur 29&nbsp;<\/p>\n\n\n\n<p><strong>MINISTERE DE LA JUSTICE, GARDE DES SCEAUX, CHARGE DES&nbsp; DROITS HUMAINS<\/strong><\/p>\n\n\n\n<p><strong>CABINET DU MINISTRE&nbsp;<\/strong><\/p>\n\n\n\n<p>\u2013 Secr\u00e9taire de Cabinet : Mme.&nbsp;<strong>Nad\u00e8ge DOUTSONA&nbsp; MAMBOUNDOU,&nbsp;<\/strong><em>en remplacement de Madame Malaikha Sherone&nbsp; METAUME MEMIAGHE.&nbsp;<\/em><\/p>\n\n\n\n<p>\u2013 Charg\u00e9e de Missions : Mme.&nbsp;<strong>Gis\u00e8le BIYE.&nbsp;<\/strong><\/p>\n\n\n\n<p><strong>SECRETARIAT GENERAL&nbsp;<\/strong><\/p>\n\n\n\n<p>\u2013 Charg\u00e9e d\u2019\u00c9tudes du Secr\u00e9taire G\u00e9n\u00e9ral de la Chancellerie : M.&nbsp;&nbsp;<strong>Lo\u00efck Lama MOUSSOUNDADAMBA NDEMENGOYE.&nbsp;<\/strong>\u2013 Conseillers Techniques :&nbsp;<\/p>\n\n\n\n<p>&nbsp;M.&nbsp;<strong>Jean Claude B\u00e9ranger DJEME ;&nbsp;<\/strong><\/p>\n\n\n\n<p>&nbsp;M.&nbsp;<strong>Jean Boniface KOUBANGOYE ;&nbsp;<\/strong><\/p>\n\n\n\n<p><strong>MINISTERE DE L\u2019ACCES UNIVERSEL A L\u2019EAU ET A L\u2019ENERGIE<\/strong><\/p>\n\n\n\n<p><strong>CABINET DU MINISTRE&nbsp;<\/strong><\/p>\n\n\n\n<p>Conseiller Technique : M.&nbsp;<strong>Ignace Gullit MATSINGA MINGUILA.<\/strong><\/p>\n\n\n\n<p><strong>&nbsp;MINISTERE DE LA COMMUNICATION ET DES MEDIAS&nbsp;<\/strong><\/p>\n\n\n\n<p><strong>CABINET DU MINISTRE&nbsp;<\/strong><\/p>\n\n\n\n<p>Aide de Camp : Brigadier-Chef Major&nbsp;<strong>M\u2019BINGHOU ALLINI Guy&nbsp; Blanchard.&nbsp;<\/strong><\/p>\n\n\n\n<p>Aide de Camp : Brigadier-Chef&nbsp;<strong>MOUDENDE MOUNGARA MOUINGA&nbsp; Donald.&nbsp;<\/strong><\/p>\n\n\n\n<p><strong>MINISTERE DU PETROLE ET DU GAZ<\/strong><\/p>\n\n\n\n<p><strong>CABINET DU MINISTRE&nbsp;<\/strong><\/p>\n\n\n\n<p>\u2013 Conseiller en Communication : Mme.&nbsp;<strong>Mariette ENGONGA<\/strong><em>.&nbsp;<\/em>\u2013 Charg\u00e9 de Missions : M.&nbsp;<strong>Doubana Arnold NGUEMA EDOU<\/strong><em>.&nbsp;<\/em>\u2013 Chef du Protocole : M.&nbsp;<strong>Alix OLLOMO TOMO<\/strong><em>.&nbsp;<\/em><\/p>\n\n\n\n<p>\u2013 Chauffeur Particulier du Ministre : M.&nbsp;<strong>Mac-Gill ALLOGO ALLOGO<\/strong><em>.&nbsp;<\/em><\/p>\n\n\n\n<p><strong>MINISTERE DE LA SANTE&nbsp;<\/strong><\/p>\n\n\n\n<p><strong>CABINET DU MINISTRE&nbsp;<\/strong><\/p>\n\n\n\n<p>\u2013 Conseiller Technique : Mme.&nbsp;<strong>L\u00e9a MANGA<\/strong><em>.&nbsp;<\/em><\/p>\n\n\n\n<p>\u2013 Charg\u00e9s de Missions :&nbsp;<\/p>\n\n\n\n<p><strong>Pr\u00e9sidence de la R\u00e9publique&nbsp;<\/strong>Communiqu\u00e9 final du 12 ao\u00fbt 2025&nbsp;<\/p>\n\n\n\n<p>SCM Page 24 sur 29&nbsp;<\/p>\n\n\n\n<p>&nbsp;MM.&nbsp;<\/p>\n\n\n\n<p>\u2022&nbsp;<strong>Eric NZENGUE ;&nbsp;<\/strong><\/p>\n\n\n\n<p>\u2022&nbsp;<strong>Alban BOUSSENGUI BOUSSENGUI&nbsp;<\/strong>;&nbsp;<\/p>\n\n\n\n<p>\u2022&nbsp;<strong>Bernab\u00e9 MOUBEYI<\/strong>.&nbsp;<\/p>\n\n\n\n<p><strong>MINISTERE DE L\u2019ENSEIGNEMENT SUPERIEUR ET DE LA&nbsp; RECHERCHE SCIENTIFIQUE<\/strong><\/p>\n\n\n\n<p><strong>CABINET DU MINISTRE&nbsp;<\/strong><\/p>\n\n\n\n<p>\u2013 Directeur de Cabinet : M.&nbsp;<strong>Franck Jacob HOMBAHIYA.&nbsp;<\/strong>\u2013 Conseiller Juridique : Mme.&nbsp;<strong>Reine Sylvie TSONGA.&nbsp;<\/strong><\/p>\n\n\n\n<p>\u2013 Conseiller en Communication : Mme.&nbsp;<strong>Noliv\u00e9 Francky&nbsp; NGAYOUGA OKOME \u00e9pouse AUBIANG.&nbsp;<\/strong><\/p>\n\n\n\n<p>\u2013 Conseiller Diplomatique : M.&nbsp;<strong>Elie J\u00e9r\u00e9mie NDONG.&nbsp;<\/strong><\/p>\n\n\n\n<p>\u2013 Conseillers Techniques :&nbsp;&nbsp;<\/p>\n\n\n\n<p>M.&nbsp;<strong>Jean Claude B\u00e9ranger DJEME ;&nbsp;<\/strong><\/p>\n\n\n\n<p>M.&nbsp;<strong>Jean Boniface KOUBANGOYE ;&nbsp;<\/strong><\/p>\n\n\n\n<p>M.&nbsp;<strong>Jean Zobel AHOUKA ;&nbsp;<\/strong><\/p>\n\n\n\n<p>M.&nbsp;<strong>Aim\u00e9 TONDA MANGUENDJI ;&nbsp;<\/strong><\/p>\n\n\n\n<p>M.&nbsp;<strong>Jeremy Rodelain ANATO LALOUNNA ;&nbsp;<\/strong><\/p>\n\n\n\n<p>M.&nbsp;<strong>Herbert DJOBA NGONDET.&nbsp;<\/strong><\/p>\n\n\n\n<p>\u2013 Charg\u00e9s d\u2019Etudes :&nbsp;&nbsp;<\/p>\n\n\n\n<p>&nbsp;MM.&nbsp;<\/p>\n\n\n\n<p>\u2022&nbsp;<strong>Synatra N\u2019DJANA ;&nbsp;<\/strong><\/p>\n\n\n\n<p>\u2022&nbsp;<strong>Pierrick OKIA KOUBEBOUZA ;&nbsp;<\/strong><\/p>\n\n\n\n<p>Mmes&nbsp;<\/p>\n\n\n\n<p>\u2022&nbsp;<strong>Lorna Inelle BAMBIANGOME ;&nbsp;<\/strong><\/p>\n\n\n\n<p>\u2022&nbsp;<strong>Eldina BALENDEME.&nbsp;<\/strong><\/p>\n\n\n\n<p>\u2013 Charg\u00e9s de Missions :&nbsp;&nbsp;<\/p>\n\n\n\n<p>&nbsp;MM.&nbsp;<\/p>\n\n\n\n<p>\u2022&nbsp;<strong>Clotaire YOUMBOUZANGA ;&nbsp;<\/strong><\/p>\n\n\n\n<p>\u2022&nbsp;<strong>Jules AKOUELE&nbsp;<\/strong>;&nbsp;<\/p>\n\n\n\n<p>Mmes.&nbsp;<\/p>\n\n\n\n<p>\u2022&nbsp;<strong>Stella Claudine MATSEHA ;&nbsp;<\/strong><\/p>\n\n\n\n<p>\u2022&nbsp;<strong>Juliette ISSOWA<\/strong>.&nbsp;<\/p>\n\n\n\n<p>\u2013 Secr\u00e9taire Particuli\u00e8re du Ministre : Mme.&nbsp;<strong>Ulriche St\u00e9vie&nbsp; REMANDA NZANG \u00e9pouse MEBALE.&nbsp;<\/strong><\/p>\n\n\n\n<p>\u2013 Secr\u00e9taire de Cabinet :&nbsp;<\/p>\n\n\n\n<p><strong>Pr\u00e9sidence de la R\u00e9publique&nbsp;<\/strong>Communiqu\u00e9 final du 12 ao\u00fbt 2025&nbsp;<\/p>\n\n\n\n<p>SCM Page 25 sur 29&nbsp;<\/p>\n\n\n\n<p>Mmes&nbsp;<\/p>\n\n\n\n<p>\u2022&nbsp;<strong>Flora EKOZOWAKA NGUEMASSA ;&nbsp;<\/strong><\/p>\n\n\n\n<p>\u2022&nbsp;<strong>Aim\u00e9e Maguelonne AGOMDE OTANDO&nbsp;<\/strong><\/p>\n\n\n\n<p>\u2013 Secr\u00e9taire Particuli\u00e8re du Directeur de Cabinet : Mme.&nbsp;<strong>Emma&nbsp; St\u00e9lla AKERE ODIDI LIKASSA.&nbsp;<\/strong><\/p>\n\n\n\n<p>\u2013 Chef du Protocole : Mme.&nbsp;<strong>Alida NDOMBI KOUMA.&nbsp;<\/strong><\/p>\n\n\n\n<p>\u2013 Chauffeur Particulier du Ministre : Sergent&nbsp;<strong>NDOULET&nbsp; MODIMOUKO Vital Vivien.&nbsp;<\/strong><\/p>\n\n\n\n<p>\u2013 Aide de Camp : Sergent-Chef&nbsp;<strong>HENDJE Aim\u00e9 Blaise.&nbsp;<\/strong>\u2013 Agent de S\u00e9curit\u00e9 : Sergent&nbsp;<strong>BIBOUTOU BILOSSO Jo\u00ebl&nbsp;<\/strong><\/p>\n\n\n\n<p><strong>MINISTERE DES TRAVAUX PUBLICS&nbsp;<\/strong><\/p>\n\n\n\n<p><strong>CABINET DU MINISTRE&nbsp;<\/strong><\/p>\n\n\n\n<p>\u2013 Directeur de Cabinet : M.&nbsp;<strong>Yvon Fabrice MOMBO.&nbsp;<\/strong><\/p>\n\n\n\n<p>\u2013 Conseiller Juridique : M.&nbsp;<strong>Rolf Aur\u00e9lien Alain NDONG NZE.&nbsp;<\/strong>\u2013 Conseiller en Communication : Mme.&nbsp;<strong>Wivine S\u00e9biyera&nbsp; OVANDANG \u00e9pouse ABESSOLO.&nbsp;<\/strong><\/p>\n\n\n\n<p>\u2013 Conseiller Diplomatique : M.&nbsp;<strong>Jean-Claude Lionel NGOMA.&nbsp;<\/strong>\u2013 Conseiller \u00c9conomique et Financier : M.&nbsp;<strong>Jess\u00e9e Stanley MAPELA&nbsp; KOUMICKY.&nbsp;<\/strong><\/p>\n\n\n\n<p>\u2013 Conseillers Techniques :&nbsp;<\/p>\n\n\n\n<p>MM&nbsp;<\/p>\n\n\n\n<p>\u2022&nbsp;<strong>Millot Lambert MOUVINDE ;&nbsp;<\/strong><\/p>\n\n\n\n<p>\u2022&nbsp;<strong>Roland MEDZEGHE M\u2019ONDO ;&nbsp;<\/strong><\/p>\n\n\n\n<p>\u2022&nbsp;<strong>Patrice MEWOUNE ;&nbsp;<\/strong><\/p>\n\n\n\n<p>\u2022&nbsp;<strong>Igor K\u00e9vin MOUYEBISSY.&nbsp;<\/strong><\/p>\n\n\n\n<p>MME&nbsp;<\/p>\n\n\n\n<p>\u2022&nbsp;<strong>C\u00e9line St\u00e9rina KENGUE-MOUKOUMBI \u00e9pouse BAKAKAS&nbsp; LIPOYE.&nbsp;<\/strong><\/p>\n\n\n\n<p>\u2013 Charg\u00e9s d\u2019Etudes :&nbsp;<\/p>\n\n\n\n<p>MM&nbsp;<\/p>\n\n\n\n<p>\u2022&nbsp;<strong>Erwane NDONGO MAYOMBO ;&nbsp;<\/strong><\/p>\n\n\n\n<p>\u2022&nbsp;<strong>Jefferson MOUTENDI MBIMBI ;&nbsp;<\/strong><\/p>\n\n\n\n<p>\u2022&nbsp;<strong>Lionel LISSENGUET .&nbsp;<\/strong><\/p>\n\n\n\n<p>MME&nbsp;<\/p>\n\n\n\n<p>\u2022&nbsp;<strong>Vanellia Carolle KOMBA PENDI .&nbsp;<\/strong><\/p>\n\n\n\n<p>\u2013 Charg\u00e9s de Missions :&nbsp;<\/p>\n\n\n\n<p>MM&nbsp;<\/p>\n\n\n\n<p>\u2022&nbsp;<strong>Damhsiskat BOUSSAGA NGUELE ;<\/strong><\/p>\n\n\n\n<p><strong>Pr\u00e9sidence de la R\u00e9publique&nbsp;<\/strong>Communiqu\u00e9 final du 12 ao\u00fbt 2025&nbsp;<\/p>\n\n\n\n<p>SCM Page 26 sur 29&nbsp;<\/p>\n\n\n\n<p>\u2022&nbsp;<strong>Luc MBOUMBA .&nbsp;<\/strong><\/p>\n\n\n\n<p>MME&nbsp;<\/p>\n\n\n\n<p>\u2022&nbsp;<strong>Anicia No\u00ebline GNOMBA MOMBO ;&nbsp;<\/strong><\/p>\n\n\n\n<p>\u2022&nbsp;<strong>Suzanne GOUMBOU.&nbsp;<\/strong><\/p>\n\n\n\n<p>\u2013 Secr\u00e9taire Particuli\u00e8re du Ministre : Mme.&nbsp;<strong>Syna OKOMO OKOUE.&nbsp;<\/strong><\/p>\n\n\n\n<p>\u2013 Secr\u00e9taires de Cabinet :&nbsp;&nbsp;<\/p>\n\n\n\n<p>Mmes&nbsp;<\/p>\n\n\n\n<p>\u2022&nbsp;<strong>Fabiola Nestha KOMBA NGOMA ;&nbsp;<\/strong><\/p>\n\n\n\n<p>\u2022&nbsp;<strong>Shaida Perle Chancia MAPIKA ;&nbsp;<\/strong><\/p>\n\n\n\n<p>\u2022&nbsp;<strong>Micheline MOUSSAVOU.&nbsp;<\/strong><\/p>\n\n\n\n<p>\u2013 Secr\u00e9taire Particuli\u00e8re du Directeur de Cabinet : Mme.&nbsp;<strong>Moira&nbsp; Graziella NGOULOU.&nbsp;<\/strong><\/p>\n\n\n\n<p>\u2013 Chef du Protocole : M.&nbsp;<strong>Boris Dimitri NDJENKI.&nbsp;<\/strong><\/p>\n\n\n\n<p>\u2013 Chauffeur Particulier du Ministre : M.&nbsp;<strong>Jean-Fran\u00e7ois Yannick&nbsp; NZENG NGUEMA.&nbsp;<\/strong><\/p>\n\n\n\n<p><strong>MINISTERE DE L\u2019ECONOMIE NUMERIQUE, DE LA DIGITALISATION&nbsp; ET DE L\u2019INNOVATION&nbsp;<\/strong><\/p>\n\n\n\n<p><strong>CABINET DU MINISTRE&nbsp;<\/strong><\/p>\n\n\n\n<p>\u2022\u2060 Directeur de Cabinet :&nbsp;<strong>Mme. Belle Guill\u00e8ne NSE ESSONO \u00e9pouse&nbsp; MBOTY.&nbsp;<\/strong><\/p>\n\n\n\n<p><strong>\u2022<\/strong><strong>\u2060<\/strong><strong>&nbsp;<\/strong>Secr\u00e9taire Particuli\u00e8re du Ministre :&nbsp;<strong>Mme Nelly Elvine KENGUE. \u2022<\/strong><strong>\u2060<\/strong><strong>&nbsp;<\/strong>Secr\u00e9taire Particuli\u00e8re du Directeur de Cabinet :&nbsp;<strong>Mme Diane Marcelle MVELE \u00e9pouse LECKAT.&nbsp;<\/strong><\/p>\n\n\n\n<p>\u2013 Conseiller en Communication :&nbsp;<strong>Mme Sarah ABOUNA MBOU&nbsp; AWAOU \u00e9pouse LANOIX.&nbsp;&nbsp;<\/strong><\/p>\n\n\n\n<p>\u2013 Conseiller Juridique :&nbsp;<strong>M. Lo\u00efc APANGA.&nbsp;<\/strong><\/p>\n\n\n\n<p>\u2013 Conseiller Diplomatique :&nbsp;<strong>Mme Claudia BANAVE \u00e9pouse&nbsp; INGUEZA.&nbsp;<\/strong><\/p>\n\n\n\n<p>\u2013&nbsp;<strong>Conseillers Techniques :&nbsp;<\/strong><\/p>\n\n\n\n<p><strong>MM&nbsp;\u2022\u2060 Yves Benoit ANDECKO AKANDA AMADOU BA, confirm\u00e9 ; \u2022\u2060 Youri Joseph LIWUMBE YANGARI, confirm\u00e9 ;&nbsp;<\/strong><\/p>\n\n\n\n<p><strong>MME&nbsp;<\/strong><\/p>\n\n\n\n<p><strong>\u2022<\/strong><strong>\u2060<\/strong><strong>&nbsp;Marie Keeshia ONDZOUNGA, confirm\u00e9 ;&nbsp;<\/strong><\/p>\n\n\n\n<p><strong>\u2022<\/strong><strong>\u2060<\/strong><strong>&nbsp;Ghaboub Djazia Philom\u00e8ne AMBIMBA \u00e9pouse VARRE DJAZIA .<\/strong><\/p>\n\n\n\n<p><strong>Pr\u00e9sidence de la R\u00e9publique&nbsp;<\/strong>Communiqu\u00e9 final du 12 ao\u00fbt 2025&nbsp;<\/p>\n\n\n\n<p>SCM Page 27 sur 29&nbsp;<\/p>\n\n\n\n<p><strong>\u2022<\/strong><strong>\u2060<\/strong><strong>&nbsp;Charg\u00e9s d\u2019Etudes :&nbsp;<\/strong><\/p>\n\n\n\n<p><strong>MM&nbsp;<\/strong><\/p>\n\n\n\n<p><strong>\u2022<\/strong><strong>\u2060<\/strong><strong>&nbsp;Arnaud Vianney MADEBE .&nbsp;<\/strong><\/p>\n\n\n\n<p><strong>MME&nbsp;<\/strong><\/p>\n\n\n\n<p><strong>\u2022<\/strong><strong>\u2060<\/strong><strong>&nbsp;Claude Priscile MADOUNGOU BOUDIANGA ;&nbsp;<\/strong><\/p>\n\n\n\n<p><strong>\u2022<\/strong><strong>\u2060<\/strong><strong>&nbsp;Sarah-Cherita LENDOYE-TSIBAH.&nbsp;<\/strong><\/p>\n\n\n\n<p><strong>\u2022<\/strong><strong>\u2060<\/strong><strong>&nbsp;Charg\u00e9s de Missions :&nbsp;<\/strong><\/p>\n\n\n\n<p><strong>MM&nbsp;<\/strong><\/p>\n\n\n\n<p><strong>\u2022<\/strong><strong>\u2060<\/strong><strong>&nbsp;EFEROL MBINGA ;&nbsp;<\/strong><\/p>\n\n\n\n<p><strong>\u2022<\/strong><strong>\u2060<\/strong><strong>&nbsp;Georges MIMBI ;&nbsp;<\/strong><\/p>\n\n\n\n<p><strong>\u2022<\/strong><strong>\u2060<\/strong><strong>&nbsp;Anicet Samuel MOUNANGA.&nbsp;<\/strong><\/p>\n\n\n\n<p><strong>\u2022<\/strong><strong>\u2060<\/strong><strong>&nbsp;Chef du Protocole : M. Rodrigue LOUNDOU.&nbsp;<\/strong><\/p>\n\n\n\n<p><strong>\u2022<\/strong><strong>\u2060<\/strong><strong>&nbsp;Secr\u00e9taires de Cabinet :&nbsp;&nbsp;<\/strong><\/p>\n\n\n\n<p><strong>Mmes&nbsp;<\/strong><\/p>\n\n\n\n<p><strong>\u2022<\/strong><strong>\u2060<\/strong><strong>&nbsp;Prisla MAPIO ;&nbsp;<\/strong><\/p>\n\n\n\n<p><strong>\u2022<\/strong><strong>\u2060<\/strong><strong>&nbsp;Rebecca Idene AMMA ;&nbsp;<\/strong><\/p>\n\n\n\n<p><strong>\u2022<\/strong><strong>\u2060<\/strong><strong>&nbsp;Leslie POUNAH KOUMBA.&nbsp;<\/strong><\/p>\n\n\n\n<p><strong>\u2022<\/strong><strong>\u2060<\/strong><strong>&nbsp;Aide de Camp : M. Auriol Coster NGOULOU.&nbsp;<\/strong><\/p>\n\n\n\n<p><strong>\u2022<\/strong><strong>\u2060<\/strong><strong>&nbsp;Agent de S\u00e9curit\u00e9 :&nbsp;&nbsp;<\/strong><\/p>\n\n\n\n<p><strong>MM&nbsp;<\/strong><\/p>\n\n\n\n<p><strong>\u2022<\/strong><strong>\u2060<\/strong><strong>&nbsp;Nicaise BOYENDOU ;&nbsp;<\/strong><\/p>\n\n\n\n<p><strong>\u2022<\/strong><strong>\u2060<\/strong><strong>&nbsp;Jean Yannick MOMBO.&nbsp;<\/strong><\/p>\n\n\n\n<p>\u2022\u2060 Chauffeur Particulier :&nbsp;<strong>M. Jonas MOUSSELIKI MAGNANGA.&nbsp;<\/strong><\/p>\n\n\n\n<p><strong>MINISTERE DE L\u2019ENTREPRENEURIAT, DU COMMERCE, DES&nbsp; PME\/PMI&nbsp;<\/strong><\/p>\n\n\n\n<p><strong>CABINET DU MINISTRE&nbsp;<\/strong><\/p>\n\n\n\n<p>\u2013 Directeur de Cabinet : M.&nbsp;<strong>C\u00e9lestin NZENGUE.&nbsp;<\/strong><\/p>\n\n\n\n<p>\u2013 Conseiller Juridique : M.&nbsp;<strong>Lucas Ars\u00e8ne TONDA NDONGO.&nbsp;<\/strong>\u2013 Conseiller en Communication : M.&nbsp;<strong>Andr\u00e9 Yves MVONO&nbsp; ABESSOLO.&nbsp;<\/strong><\/p>\n\n\n\n<p>\u2013 Conseiller Diplomatique : M.&nbsp;<strong>Afif SAFA ONANGA.&nbsp;<\/strong><\/p>\n\n\n\n<p>\u2013 Conseillers Techniques :&nbsp;<\/p>\n\n\n\n<p>MM<\/p>\n\n\n\n<p><strong>Pr\u00e9sidence de la R\u00e9publique&nbsp;<\/strong>Communiqu\u00e9 final du 12 ao\u00fbt 2025&nbsp;<\/p>\n\n\n\n<p>SCM Page 28 sur 29&nbsp;<\/p>\n\n\n\n<p>\u2022&nbsp;<strong>Ren\u00e9 LAKISSI MAKOSSO ;&nbsp;<\/strong><\/p>\n\n\n\n<p>\u2022&nbsp;<strong>Jean-Jaur\u00e8s BOUNDZANGA ;&nbsp;<\/strong><\/p>\n\n\n\n<p>\u2022&nbsp;<strong>Moussa ELLA DJAKETE ;&nbsp;<\/strong><\/p>\n\n\n\n<p>\u2022&nbsp;<strong>Ulrich Christophe AWOUMOU O. BALA ;&nbsp;<\/strong><\/p>\n\n\n\n<p>\u2022&nbsp;<strong>Armel Ferryse MICKALA NDJEGOU&nbsp;<\/strong>;&nbsp;<\/p>\n\n\n\n<p>MME&nbsp;<\/p>\n\n\n\n<p>\u2022&nbsp;<strong>Carmelle Claire Newmam ETEGUE&nbsp;<\/strong>;&nbsp;<\/p>\n\n\n\n<p>\u2013 Charg\u00e9s d\u2019Etudes :&nbsp;<\/p>\n\n\n\n<p>MM&nbsp;<\/p>\n\n\n\n<p>\u2022&nbsp;<strong>Ren\u00e9 LAKISSI MAKOSSO ;&nbsp;<\/strong><\/p>\n\n\n\n<p>\u2022&nbsp;<strong>Laurent Danny Lloyd NZAMBA MAVIOGHA ;&nbsp;<\/strong><\/p>\n\n\n\n<p>\u2022&nbsp;<strong>Rolli DIHIBA PEREZ ;&nbsp;<\/strong><\/p>\n\n\n\n<p>\u2022&nbsp;<strong>Hubert Roger KONGO MAYOMBO.&nbsp;<\/strong><\/p>\n\n\n\n<p>MME&nbsp;<\/p>\n\n\n\n<p>\u2022&nbsp;<strong>Michelle Tricia TCHINGA-TCHINGA.&nbsp;<\/strong><\/p>\n\n\n\n<p>\u2013 Charg\u00e9s de Missions :&nbsp;<\/p>\n\n\n\n<p>MM&nbsp;<\/p>\n\n\n\n<p>\u2022&nbsp;<strong>Guy Romuald KOUMBA ;&nbsp;<\/strong><\/p>\n\n\n\n<p>\u2022&nbsp;<strong>M\u00e9dard YOUBI TOUNDA ;&nbsp;<\/strong><\/p>\n\n\n\n<p>\u2022&nbsp;<strong>Francky Ars\u00e8ne NGUEMA ONDO ;&nbsp;<\/strong><\/p>\n\n\n\n<p>MME&nbsp;<\/p>\n\n\n\n<p>\u2022&nbsp;<strong>Sonia Guilaine KENGUE MBOUMBA ;&nbsp;<\/strong><\/p>\n\n\n\n<p>\u2013 Secr\u00e9taire Particuli\u00e8re du Ministre : Mme.&nbsp;<strong>Ill\u00e9na PEMBA.&nbsp;<\/strong>\u2013 Secr\u00e9taires de Cabinet :&nbsp;&nbsp;<\/p>\n\n\n\n<p>Mmes&nbsp;<\/p>\n\n\n\n<p>\u2022&nbsp;<strong>Junitta Queen G\u00e9nonie NGOUONI NDJALI ;&nbsp;<\/strong><\/p>\n\n\n\n<p>\u2022&nbsp;<strong>Shery Line ANDEM ENGONGA.&nbsp;<\/strong><\/p>\n\n\n\n<p>\u2013 Secr\u00e9taire Particuli\u00e8re du Directeur de Cabinet : Mme.&nbsp;<strong>La\u00efka&nbsp; Ornella MANFOUMBI NZIGOU.&nbsp;<\/strong><\/p>\n\n\n\n<p>\u2013 Chef du Protocole : M.&nbsp;<strong>Idris Paterne BENHA YEBE.&nbsp;<\/strong>\u2013 Chauffeur Particulier du Ministre : M.&nbsp;<strong>Milco MOUISSI.&nbsp;<\/strong><\/p>\n\n\n\n<p><strong>Je vous remercie.<\/strong><\/p>\n","protected":false},"excerpt":{"rendered":"<p>Sous la Tr\u00e8s Haute Pr\u00e9sidence de Son Excellence Brice Clotaire&nbsp; OLIGUI NGUEMA, Pr\u00e9sident de la R\u00e9publique, Chef de l\u2019\u00c9tat, Chef&nbsp; du Gouvernement, le Conseil des Ministres s\u2019est r\u00e9uni ce mardi 12 ao\u00fbt&nbsp; 2025, \u00e0 10 heures pr\u00e9cises, au Palais de la Pr\u00e9sidence de la&nbsp; R\u00e9publique.&nbsp; A l\u2019entame des travaux, le Conseil des Ministres a proc\u00e9d\u00e9 [&hellip;]<\/p>\n","protected":false},"author":7,"featured_media":24184,"comment_status":"open","ping_status":"open","sticky":false,"template":"","format":"standard","meta":{"footnotes":""},"categories":[57,55,65],"tags":[],"class_list":["post-24185","post","type-post","status-publish","format-standard","has-post-thumbnail","hentry","category-a-la-une","category-actualites","category-politique-podcasts"],"yoast_head":"<!-- This site is optimized with the Yoast SEO plugin v24.2 - https:\/\/yoast.com\/wordpress\/plugins\/seo\/ -->\n<title>Communiqu\u00e9 Final du Conseil des Ministres du Mardi 12 Ao\u00fbt 2025 - Gabon Nouvelle Vision<\/title>\n<meta name=\"robots\" content=\"index, follow, max-snippet:-1, max-image-preview:large, max-video-preview:-1\" \/>\n<link rel=\"canonical\" href=\"https:\/\/gabonnouvellevision.com\/gnv\/2025\/08\/13\/communique-final-du-conseil-des-ministres-du-mardi-12-aout-2025\/\" \/>\n<meta property=\"og:locale\" content=\"fr_FR\" \/>\n<meta property=\"og:type\" content=\"article\" \/>\n<meta property=\"og:title\" content=\"Communiqu\u00e9 Final du Conseil des Ministres du Mardi 12 Ao\u00fbt 2025 - Gabon Nouvelle Vision\" \/>\n<meta property=\"og:description\" content=\"Sous la Tr\u00e8s Haute Pr\u00e9sidence de Son Excellence Brice Clotaire&nbsp; OLIGUI NGUEMA, Pr\u00e9sident de la R\u00e9publique, Chef de l\u2019\u00c9tat, Chef&nbsp; du Gouvernement, le Conseil des Ministres s\u2019est r\u00e9uni ce mardi 12 ao\u00fbt&nbsp; 2025, \u00e0 10 heures pr\u00e9cises, au Palais de la Pr\u00e9sidence de la&nbsp; R\u00e9publique.&nbsp; A l\u2019entame des travaux, le Conseil des Ministres a proc\u00e9d\u00e9 [&hellip;]\" \/>\n<meta property=\"og:url\" content=\"https:\/\/gabonnouvellevision.com\/gnv\/2025\/08\/13\/communique-final-du-conseil-des-ministres-du-mardi-12-aout-2025\/\" \/>\n<meta property=\"og:site_name\" content=\"Gabon Nouvelle Vision\" \/>\n<meta property=\"article:publisher\" content=\"https:\/\/www.facebook.com\/GNVofficiel\" \/>\n<meta property=\"article:published_time\" content=\"2025-08-13T11:14:15+00:00\" \/>\n<meta property=\"article:modified_time\" content=\"2025-08-13T11:14:19+00:00\" \/>\n<meta property=\"og:image\" content=\"https:\/\/gabonnouvellevision.com\/gnv\/wp-content\/uploads\/2025\/08\/532378446_122267797136025336_1054369638206937557_n.jpg\" \/>\n\t<meta property=\"og:image:width\" content=\"843\" \/>\n\t<meta property=\"og:image:height\" content=\"535\" \/>\n\t<meta property=\"og:image:type\" content=\"image\/jpeg\" \/>\n<meta name=\"author\" content=\"Eyeng Obame\" \/>\n<meta name=\"twitter:card\" content=\"summary_large_image\" \/>\n<meta name=\"twitter:label1\" content=\"\u00c9crit par\" \/>\n\t<meta name=\"twitter:data1\" content=\"Eyeng Obame\" \/>\n\t<meta name=\"twitter:label2\" content=\"Dur\u00e9e de lecture estim\u00e9e\" \/>\n\t<meta name=\"twitter:data2\" content=\"34 minutes\" \/>\n<script type=\"application\/ld+json\" class=\"yoast-schema-graph\">{\"@context\":\"https:\/\/schema.org\",\"@graph\":[{\"@type\":\"Article\",\"@id\":\"https:\/\/gabonnouvellevision.com\/gnv\/2025\/08\/13\/communique-final-du-conseil-des-ministres-du-mardi-12-aout-2025\/#article\",\"isPartOf\":{\"@id\":\"https:\/\/gabonnouvellevision.com\/gnv\/2025\/08\/13\/communique-final-du-conseil-des-ministres-du-mardi-12-aout-2025\/\"},\"author\":{\"name\":\"Eyeng Obame\",\"@id\":\"https:\/\/gabonnouvellevision.com\/gnv\/#\/schema\/person\/4b48e07d222f83c0285affc3704bc899\"},\"headline\":\"Communiqu\u00e9 Final du Conseil des Ministres du Mardi 12 Ao\u00fbt 2025\",\"datePublished\":\"2025-08-13T11:14:15+00:00\",\"dateModified\":\"2025-08-13T11:14:19+00:00\",\"mainEntityOfPage\":{\"@id\":\"https:\/\/gabonnouvellevision.com\/gnv\/2025\/08\/13\/communique-final-du-conseil-des-ministres-du-mardi-12-aout-2025\/\"},\"wordCount\":8583,\"commentCount\":0,\"publisher\":{\"@id\":\"https:\/\/gabonnouvellevision.com\/gnv\/#organization\"},\"image\":{\"@id\":\"https:\/\/gabonnouvellevision.com\/gnv\/2025\/08\/13\/communique-final-du-conseil-des-ministres-du-mardi-12-aout-2025\/#primaryimage\"},\"thumbnailUrl\":\"https:\/\/gabonnouvellevision.com\/gnv\/wp-content\/uploads\/2025\/08\/532378446_122267797136025336_1054369638206937557_n.jpg\",\"articleSection\":[\"A la une\",\"Actualites\",\"Politique\"],\"inLanguage\":\"fr-FR\",\"potentialAction\":[{\"@type\":\"CommentAction\",\"name\":\"Comment\",\"target\":[\"https:\/\/gabonnouvellevision.com\/gnv\/2025\/08\/13\/communique-final-du-conseil-des-ministres-du-mardi-12-aout-2025\/#respond\"]}]},{\"@type\":\"WebPage\",\"@id\":\"https:\/\/gabonnouvellevision.com\/gnv\/2025\/08\/13\/communique-final-du-conseil-des-ministres-du-mardi-12-aout-2025\/\",\"url\":\"https:\/\/gabonnouvellevision.com\/gnv\/2025\/08\/13\/communique-final-du-conseil-des-ministres-du-mardi-12-aout-2025\/\",\"name\":\"Communiqu\u00e9 Final du Conseil des Ministres du Mardi 12 Ao\u00fbt 2025 - Gabon Nouvelle Vision\",\"isPartOf\":{\"@id\":\"https:\/\/gabonnouvellevision.com\/gnv\/#website\"},\"primaryImageOfPage\":{\"@id\":\"https:\/\/gabonnouvellevision.com\/gnv\/2025\/08\/13\/communique-final-du-conseil-des-ministres-du-mardi-12-aout-2025\/#primaryimage\"},\"image\":{\"@id\":\"https:\/\/gabonnouvellevision.com\/gnv\/2025\/08\/13\/communique-final-du-conseil-des-ministres-du-mardi-12-aout-2025\/#primaryimage\"},\"thumbnailUrl\":\"https:\/\/gabonnouvellevision.com\/gnv\/wp-content\/uploads\/2025\/08\/532378446_122267797136025336_1054369638206937557_n.jpg\",\"datePublished\":\"2025-08-13T11:14:15+00:00\",\"dateModified\":\"2025-08-13T11:14:19+00:00\",\"breadcrumb\":{\"@id\":\"https:\/\/gabonnouvellevision.com\/gnv\/2025\/08\/13\/communique-final-du-conseil-des-ministres-du-mardi-12-aout-2025\/#breadcrumb\"},\"inLanguage\":\"fr-FR\",\"potentialAction\":[{\"@type\":\"ReadAction\",\"target\":[\"https:\/\/gabonnouvellevision.com\/gnv\/2025\/08\/13\/communique-final-du-conseil-des-ministres-du-mardi-12-aout-2025\/\"]}]},{\"@type\":\"ImageObject\",\"inLanguage\":\"fr-FR\",\"@id\":\"https:\/\/gabonnouvellevision.com\/gnv\/2025\/08\/13\/communique-final-du-conseil-des-ministres-du-mardi-12-aout-2025\/#primaryimage\",\"url\":\"https:\/\/gabonnouvellevision.com\/gnv\/wp-content\/uploads\/2025\/08\/532378446_122267797136025336_1054369638206937557_n.jpg\",\"contentUrl\":\"https:\/\/gabonnouvellevision.com\/gnv\/wp-content\/uploads\/2025\/08\/532378446_122267797136025336_1054369638206937557_n.jpg\",\"width\":843,\"height\":535},{\"@type\":\"BreadcrumbList\",\"@id\":\"https:\/\/gabonnouvellevision.com\/gnv\/2025\/08\/13\/communique-final-du-conseil-des-ministres-du-mardi-12-aout-2025\/#breadcrumb\",\"itemListElement\":[{\"@type\":\"ListItem\",\"position\":1,\"name\":\"Accueil\",\"item\":\"https:\/\/gabonnouvellevision.com\/gnv\/\"},{\"@type\":\"ListItem\",\"position\":2,\"name\":\"Communiqu\u00e9 Final du Conseil des Ministres du Mardi 12 Ao\u00fbt 2025\"}]},{\"@type\":\"WebSite\",\"@id\":\"https:\/\/gabonnouvellevision.com\/gnv\/#website\",\"url\":\"https:\/\/gabonnouvellevision.com\/gnv\/\",\"name\":\"Gabon Nouvelle Vision\",\"description\":\"\",\"publisher\":{\"@id\":\"https:\/\/gabonnouvellevision.com\/gnv\/#organization\"},\"potentialAction\":[{\"@type\":\"SearchAction\",\"target\":{\"@type\":\"EntryPoint\",\"urlTemplate\":\"https:\/\/gabonnouvellevision.com\/gnv\/?s={search_term_string}\"},\"query-input\":{\"@type\":\"PropertyValueSpecification\",\"valueRequired\":true,\"valueName\":\"search_term_string\"}}],\"inLanguage\":\"fr-FR\"},{\"@type\":\"Organization\",\"@id\":\"https:\/\/gabonnouvellevision.com\/gnv\/#organization\",\"name\":\"Gabon Nouvelle Vision\",\"url\":\"https:\/\/gabonnouvellevision.com\/gnv\/\",\"logo\":{\"@type\":\"ImageObject\",\"inLanguage\":\"fr-FR\",\"@id\":\"https:\/\/gabonnouvellevision.com\/gnv\/#\/schema\/logo\/image\/\",\"url\":\"https:\/\/gabonnouvellevision.com\/gnv\/wp-content\/uploads\/2025\/01\/logo-text_Plan-de-travail-1.png\",\"contentUrl\":\"https:\/\/gabonnouvellevision.com\/gnv\/wp-content\/uploads\/2025\/01\/logo-text_Plan-de-travail-1.png\",\"width\":7169,\"height\":2390,\"caption\":\"Gabon Nouvelle Vision\"},\"image\":{\"@id\":\"https:\/\/gabonnouvellevision.com\/gnv\/#\/schema\/logo\/image\/\"},\"sameAs\":[\"https:\/\/www.facebook.com\/GNVofficiel\"]},{\"@type\":\"Person\",\"@id\":\"https:\/\/gabonnouvellevision.com\/gnv\/#\/schema\/person\/4b48e07d222f83c0285affc3704bc899\",\"name\":\"Eyeng Obame\",\"image\":{\"@type\":\"ImageObject\",\"inLanguage\":\"fr-FR\",\"@id\":\"https:\/\/gabonnouvellevision.com\/gnv\/#\/schema\/person\/image\/\",\"url\":\"https:\/\/secure.gravatar.com\/avatar\/167bc03b8baf3c77318a47159f80871de6f5a6cbf4bc8b6af750fbc1a369d7bf?s=96&d=mm&r=g\",\"contentUrl\":\"https:\/\/secure.gravatar.com\/avatar\/167bc03b8baf3c77318a47159f80871de6f5a6cbf4bc8b6af750fbc1a369d7bf?s=96&d=mm&r=g\",\"caption\":\"Eyeng Obame\"},\"url\":\"https:\/\/gabonnouvellevision.com\/gnv\/author\/rufin\/\"}]}<\/script>\n<!-- \/ Yoast SEO plugin. -->","yoast_head_json":{"title":"Communiqu\u00e9 Final du Conseil des Ministres du Mardi 12 Ao\u00fbt 2025 - Gabon Nouvelle Vision","robots":{"index":"index","follow":"follow","max-snippet":"max-snippet:-1","max-image-preview":"max-image-preview:large","max-video-preview":"max-video-preview:-1"},"canonical":"https:\/\/gabonnouvellevision.com\/gnv\/2025\/08\/13\/communique-final-du-conseil-des-ministres-du-mardi-12-aout-2025\/","og_locale":"fr_FR","og_type":"article","og_title":"Communiqu\u00e9 Final du Conseil des Ministres du Mardi 12 Ao\u00fbt 2025 - Gabon Nouvelle Vision","og_description":"Sous la Tr\u00e8s Haute Pr\u00e9sidence de Son Excellence Brice Clotaire&nbsp; OLIGUI NGUEMA, Pr\u00e9sident de la R\u00e9publique, Chef de l\u2019\u00c9tat, Chef&nbsp; du Gouvernement, le Conseil des Ministres s\u2019est r\u00e9uni ce mardi 12 ao\u00fbt&nbsp; 2025, \u00e0 10 heures pr\u00e9cises, au Palais de la Pr\u00e9sidence de la&nbsp; R\u00e9publique.&nbsp; A l\u2019entame des travaux, le Conseil des Ministres a proc\u00e9d\u00e9 [&hellip;]","og_url":"https:\/\/gabonnouvellevision.com\/gnv\/2025\/08\/13\/communique-final-du-conseil-des-ministres-du-mardi-12-aout-2025\/","og_site_name":"Gabon Nouvelle Vision","article_publisher":"https:\/\/www.facebook.com\/GNVofficiel","article_published_time":"2025-08-13T11:14:15+00:00","article_modified_time":"2025-08-13T11:14:19+00:00","og_image":[{"width":843,"height":535,"url":"https:\/\/gabonnouvellevision.com\/gnv\/wp-content\/uploads\/2025\/08\/532378446_122267797136025336_1054369638206937557_n.jpg","type":"image\/jpeg"}],"author":"Eyeng Obame","twitter_card":"summary_large_image","twitter_misc":{"\u00c9crit par":"Eyeng Obame","Dur\u00e9e de lecture estim\u00e9e":"34 minutes"},"schema":{"@context":"https:\/\/schema.org","@graph":[{"@type":"Article","@id":"https:\/\/gabonnouvellevision.com\/gnv\/2025\/08\/13\/communique-final-du-conseil-des-ministres-du-mardi-12-aout-2025\/#article","isPartOf":{"@id":"https:\/\/gabonnouvellevision.com\/gnv\/2025\/08\/13\/communique-final-du-conseil-des-ministres-du-mardi-12-aout-2025\/"},"author":{"name":"Eyeng Obame","@id":"https:\/\/gabonnouvellevision.com\/gnv\/#\/schema\/person\/4b48e07d222f83c0285affc3704bc899"},"headline":"Communiqu\u00e9 Final du Conseil des Ministres du Mardi 12 Ao\u00fbt 2025","datePublished":"2025-08-13T11:14:15+00:00","dateModified":"2025-08-13T11:14:19+00:00","mainEntityOfPage":{"@id":"https:\/\/gabonnouvellevision.com\/gnv\/2025\/08\/13\/communique-final-du-conseil-des-ministres-du-mardi-12-aout-2025\/"},"wordCount":8583,"commentCount":0,"publisher":{"@id":"https:\/\/gabonnouvellevision.com\/gnv\/#organization"},"image":{"@id":"https:\/\/gabonnouvellevision.com\/gnv\/2025\/08\/13\/communique-final-du-conseil-des-ministres-du-mardi-12-aout-2025\/#primaryimage"},"thumbnailUrl":"https:\/\/gabonnouvellevision.com\/gnv\/wp-content\/uploads\/2025\/08\/532378446_122267797136025336_1054369638206937557_n.jpg","articleSection":["A la une","Actualites","Politique"],"inLanguage":"fr-FR","potentialAction":[{"@type":"CommentAction","name":"Comment","target":["https:\/\/gabonnouvellevision.com\/gnv\/2025\/08\/13\/communique-final-du-conseil-des-ministres-du-mardi-12-aout-2025\/#respond"]}]},{"@type":"WebPage","@id":"https:\/\/gabonnouvellevision.com\/gnv\/2025\/08\/13\/communique-final-du-conseil-des-ministres-du-mardi-12-aout-2025\/","url":"https:\/\/gabonnouvellevision.com\/gnv\/2025\/08\/13\/communique-final-du-conseil-des-ministres-du-mardi-12-aout-2025\/","name":"Communiqu\u00e9 Final du Conseil des Ministres du Mardi 12 Ao\u00fbt 2025 - Gabon Nouvelle Vision","isPartOf":{"@id":"https:\/\/gabonnouvellevision.com\/gnv\/#website"},"primaryImageOfPage":{"@id":"https:\/\/gabonnouvellevision.com\/gnv\/2025\/08\/13\/communique-final-du-conseil-des-ministres-du-mardi-12-aout-2025\/#primaryimage"},"image":{"@id":"https:\/\/gabonnouvellevision.com\/gnv\/2025\/08\/13\/communique-final-du-conseil-des-ministres-du-mardi-12-aout-2025\/#primaryimage"},"thumbnailUrl":"https:\/\/gabonnouvellevision.com\/gnv\/wp-content\/uploads\/2025\/08\/532378446_122267797136025336_1054369638206937557_n.jpg","datePublished":"2025-08-13T11:14:15+00:00","dateModified":"2025-08-13T11:14:19+00:00","breadcrumb":{"@id":"https:\/\/gabonnouvellevision.com\/gnv\/2025\/08\/13\/communique-final-du-conseil-des-ministres-du-mardi-12-aout-2025\/#breadcrumb"},"inLanguage":"fr-FR","potentialAction":[{"@type":"ReadAction","target":["https:\/\/gabonnouvellevision.com\/gnv\/2025\/08\/13\/communique-final-du-conseil-des-ministres-du-mardi-12-aout-2025\/"]}]},{"@type":"ImageObject","inLanguage":"fr-FR","@id":"https:\/\/gabonnouvellevision.com\/gnv\/2025\/08\/13\/communique-final-du-conseil-des-ministres-du-mardi-12-aout-2025\/#primaryimage","url":"https:\/\/gabonnouvellevision.com\/gnv\/wp-content\/uploads\/2025\/08\/532378446_122267797136025336_1054369638206937557_n.jpg","contentUrl":"https:\/\/gabonnouvellevision.com\/gnv\/wp-content\/uploads\/2025\/08\/532378446_122267797136025336_1054369638206937557_n.jpg","width":843,"height":535},{"@type":"BreadcrumbList","@id":"https:\/\/gabonnouvellevision.com\/gnv\/2025\/08\/13\/communique-final-du-conseil-des-ministres-du-mardi-12-aout-2025\/#breadcrumb","itemListElement":[{"@type":"ListItem","position":1,"name":"Accueil","item":"https:\/\/gabonnouvellevision.com\/gnv\/"},{"@type":"ListItem","position":2,"name":"Communiqu\u00e9 Final du Conseil des Ministres du Mardi 12 Ao\u00fbt 2025"}]},{"@type":"WebSite","@id":"https:\/\/gabonnouvellevision.com\/gnv\/#website","url":"https:\/\/gabonnouvellevision.com\/gnv\/","name":"Gabon Nouvelle Vision","description":"","publisher":{"@id":"https:\/\/gabonnouvellevision.com\/gnv\/#organization"},"potentialAction":[{"@type":"SearchAction","target":{"@type":"EntryPoint","urlTemplate":"https:\/\/gabonnouvellevision.com\/gnv\/?s={search_term_string}"},"query-input":{"@type":"PropertyValueSpecification","valueRequired":true,"valueName":"search_term_string"}}],"inLanguage":"fr-FR"},{"@type":"Organization","@id":"https:\/\/gabonnouvellevision.com\/gnv\/#organization","name":"Gabon Nouvelle Vision","url":"https:\/\/gabonnouvellevision.com\/gnv\/","logo":{"@type":"ImageObject","inLanguage":"fr-FR","@id":"https:\/\/gabonnouvellevision.com\/gnv\/#\/schema\/logo\/image\/","url":"https:\/\/gabonnouvellevision.com\/gnv\/wp-content\/uploads\/2025\/01\/logo-text_Plan-de-travail-1.png","contentUrl":"https:\/\/gabonnouvellevision.com\/gnv\/wp-content\/uploads\/2025\/01\/logo-text_Plan-de-travail-1.png","width":7169,"height":2390,"caption":"Gabon Nouvelle Vision"},"image":{"@id":"https:\/\/gabonnouvellevision.com\/gnv\/#\/schema\/logo\/image\/"},"sameAs":["https:\/\/www.facebook.com\/GNVofficiel"]},{"@type":"Person","@id":"https:\/\/gabonnouvellevision.com\/gnv\/#\/schema\/person\/4b48e07d222f83c0285affc3704bc899","name":"Eyeng Obame","image":{"@type":"ImageObject","inLanguage":"fr-FR","@id":"https:\/\/gabonnouvellevision.com\/gnv\/#\/schema\/person\/image\/","url":"https:\/\/secure.gravatar.com\/avatar\/167bc03b8baf3c77318a47159f80871de6f5a6cbf4bc8b6af750fbc1a369d7bf?s=96&d=mm&r=g","contentUrl":"https:\/\/secure.gravatar.com\/avatar\/167bc03b8baf3c77318a47159f80871de6f5a6cbf4bc8b6af750fbc1a369d7bf?s=96&d=mm&r=g","caption":"Eyeng Obame"},"url":"https:\/\/gabonnouvellevision.com\/gnv\/author\/rufin\/"}]}},"_links":{"self":[{"href":"https:\/\/gabonnouvellevision.com\/gnv\/wp-json\/wp\/v2\/posts\/24185","targetHints":{"allow":["GET"]}}],"collection":[{"href":"https:\/\/gabonnouvellevision.com\/gnv\/wp-json\/wp\/v2\/posts"}],"about":[{"href":"https:\/\/gabonnouvellevision.com\/gnv\/wp-json\/wp\/v2\/types\/post"}],"author":[{"embeddable":true,"href":"https:\/\/gabonnouvellevision.com\/gnv\/wp-json\/wp\/v2\/users\/7"}],"replies":[{"embeddable":true,"href":"https:\/\/gabonnouvellevision.com\/gnv\/wp-json\/wp\/v2\/comments?post=24185"}],"version-history":[{"count":1,"href":"https:\/\/gabonnouvellevision.com\/gnv\/wp-json\/wp\/v2\/posts\/24185\/revisions"}],"predecessor-version":[{"id":24186,"href":"https:\/\/gabonnouvellevision.com\/gnv\/wp-json\/wp\/v2\/posts\/24185\/revisions\/24186"}],"wp:featuredmedia":[{"embeddable":true,"href":"https:\/\/gabonnouvellevision.com\/gnv\/wp-json\/wp\/v2\/media\/24184"}],"wp:attachment":[{"href":"https:\/\/gabonnouvellevision.com\/gnv\/wp-json\/wp\/v2\/media?parent=24185"}],"wp:term":[{"taxonomy":"category","embeddable":true,"href":"https:\/\/gabonnouvellevision.com\/gnv\/wp-json\/wp\/v2\/categories?post=24185"},{"taxonomy":"post_tag","embeddable":true,"href":"https:\/\/gabonnouvellevision.com\/gnv\/wp-json\/wp\/v2\/tags?post=24185"}],"curies":[{"name":"wp","href":"https:\/\/api.w.org\/{rel}","templated":true}]}}