{"id":24167,"date":"2025-08-07T14:16:38","date_gmt":"2025-08-07T12:16:38","guid":{"rendered":"https:\/\/gabonnouvellevision.com\/gnv\/?p=24167"},"modified":"2025-08-07T14:22:17","modified_gmt":"2025-08-07T12:22:17","slug":"la-ministre-baipo-temon-chez-le-president-oligui-nguema","status":"publish","type":"post","link":"https:\/\/gabonnouvellevision.com\/gnv\/2025\/08\/07\/la-ministre-baipo-temon-chez-le-president-oligui-nguema\/","title":{"rendered":"La Ministre \u00a0Ba\u00efpo-T\u00e9mon chez le Pr\u00e9sident Oligui Nguema"},"content":{"rendered":"\n<p><strong><em>Le Pr\u00e9sident de la R\u00e9publique, Brice Clotaire Oligui Nguema<a href=\"https:\/\/www.facebook.com\/oliguinguema?__cft__%5b0%5d=AZVE03paE5PaM5p5xSHNhhhhwObnYruL2zziCr4HAMOXpELtphf3WHjJ3uPvXs2whIK9baZNtHbYherljYGIEdUhWvzlLSPedErLSvvRulfw5pzKCav2SoEG6E-GQlxYJVYFgoi7C4aAwfxyoVGok-CPoch2jpye0iAOmungCm5yvKKlsN-Bg4Df8OmmkYI78k87-YBOeSn8yZ8ze9g5dOM-&amp;__tn__=-%5dK-R\"><\/a>, a accord\u00e9 hier une audience \u00e0 Sylvie Ba\u00efpo-T\u00e9mon, ministre des Affaires \u00e9trang\u00e8res de la R\u00e9publique Centrafricaine, envoy\u00e9e sp\u00e9ciale du Pr\u00e9sident Faustin-Archange Touad\u00e9ra.<\/em><\/strong><\/p>\n\n\n\n<p>\u00ab&nbsp;Les \u00e9changes ont port\u00e9 sur les enjeux d\u2019int\u00e9r\u00eat commun et les dossiers r\u00e9gionaux, en particulier la tenue prochaine \u00e0 Bangui de la Conf\u00e9rence des Chefs d\u2019\u00c9tat et de gouvernement de la CEMAC, \u00e0 laquelle le Chef de l\u2019\u00c9tat est invit\u00e9 par son homologue centrafricain.<\/p>\n\n\n\n<p>Cette rencontre a \u00e9galement permis de r\u00e9affirmer les liens d\u2019amiti\u00e9, de fraternit\u00e9 et de coop\u00e9ration entre le Gabon et la R\u00e9publique Centrafricaine&nbsp;\u00bb pr\u00e9cise la communication pr\u00e9sidentielle.<\/p>\n\n\n\n<p>Une diplomatie fructueuse entre les deux pays qui devra faire \u00e9cole dans la sous-r\u00e9gion.<\/p>\n\n\n\n<p><strong>Sandrine Eyeng Obame<\/strong><\/p>\n","protected":false},"excerpt":{"rendered":"<p>Le Pr\u00e9sident de la R\u00e9publique, Brice Clotaire Oligui Nguema, a accord\u00e9 hier une audience \u00e0 Sylvie Ba\u00efpo-T\u00e9mon, ministre des Affaires \u00e9trang\u00e8res de la R\u00e9publique Centrafricaine, envoy\u00e9e sp\u00e9ciale du Pr\u00e9sident Faustin-Archange Touad\u00e9ra. \u00ab&nbsp;Les \u00e9changes ont port\u00e9 sur les enjeux d\u2019int\u00e9r\u00eat commun et les dossiers r\u00e9gionaux, en particulier la tenue prochaine \u00e0 Bangui de la Conf\u00e9rence des [&hellip;]<\/p>\n","protected":false},"author":7,"featured_media":24168,"comment_status":"open","ping_status":"open","sticky":false,"template":"","format":"standard","meta":{"footnotes":""},"categories":[57,55,66],"tags":[],"class_list":["post-24167","post","type-post","status-publish","format-standard","has-post-thumbnail","hentry","category-a-la-une","category-actualites","category-diplomatie"],"yoast_head":"<!-- This site is optimized with the Yoast SEO plugin v24.2 - https:\/\/yoast.com\/wordpress\/plugins\/seo\/ -->\n<title>La Ministre \u00a0Ba\u00efpo-T\u00e9mon chez le Pr\u00e9sident Oligui Nguema - Gabon Nouvelle Vision<\/title>\n<meta name=\"robots\" content=\"index, follow, max-snippet:-1, max-image-preview:large, max-video-preview:-1\" \/>\n<link rel=\"canonical\" href=\"https:\/\/gabonnouvellevision.com\/gnv\/2025\/08\/07\/la-ministre-baipo-temon-chez-le-president-oligui-nguema\/\" \/>\n<meta property=\"og:locale\" content=\"fr_FR\" \/>\n<meta property=\"og:type\" content=\"article\" \/>\n<meta property=\"og:title\" content=\"La Ministre \u00a0Ba\u00efpo-T\u00e9mon chez le Pr\u00e9sident Oligui Nguema - Gabon Nouvelle Vision\" \/>\n<meta property=\"og:description\" content=\"Le Pr\u00e9sident de la R\u00e9publique, Brice Clotaire Oligui Nguema, a accord\u00e9 hier une audience \u00e0 Sylvie Ba\u00efpo-T\u00e9mon, ministre des Affaires \u00e9trang\u00e8res de la R\u00e9publique Centrafricaine, envoy\u00e9e sp\u00e9ciale du Pr\u00e9sident Faustin-Archange Touad\u00e9ra. \u00ab&nbsp;Les \u00e9changes ont port\u00e9 sur les enjeux d\u2019int\u00e9r\u00eat commun et les dossiers r\u00e9gionaux, en particulier la tenue prochaine \u00e0 Bangui de la Conf\u00e9rence des [&hellip;]\" \/>\n<meta property=\"og:url\" content=\"https:\/\/gabonnouvellevision.com\/gnv\/2025\/08\/07\/la-ministre-baipo-temon-chez-le-president-oligui-nguema\/\" \/>\n<meta property=\"og:site_name\" content=\"Gabon Nouvelle Vision\" \/>\n<meta property=\"article:publisher\" content=\"https:\/\/www.facebook.com\/GNVofficiel\" \/>\n<meta property=\"article:published_time\" content=\"2025-08-07T12:16:38+00:00\" \/>\n<meta property=\"article:modified_time\" content=\"2025-08-07T12:22:17+00:00\" \/>\n<meta property=\"og:image\" content=\"https:\/\/gabonnouvellevision.com\/gnv\/wp-content\/uploads\/2025\/08\/528473039_122266726142025336_4267688113191763242_n.jpg\" \/>\n\t<meta property=\"og:image:width\" content=\"640\" \/>\n\t<meta property=\"og:image:height\" content=\"508\" \/>\n\t<meta property=\"og:image:type\" content=\"image\/jpeg\" \/>\n<meta name=\"author\" content=\"Eyeng Obame\" \/>\n<meta name=\"twitter:card\" content=\"summary_large_image\" \/>\n<meta name=\"twitter:label1\" content=\"\u00c9crit par\" \/>\n\t<meta name=\"twitter:data1\" content=\"Eyeng Obame\" \/>\n\t<meta name=\"twitter:label2\" content=\"Dur\u00e9e de lecture estim\u00e9e\" \/>\n\t<meta name=\"twitter:data2\" content=\"1 minute\" \/>\n<script type=\"application\/ld+json\" class=\"yoast-schema-graph\">{\"@context\":\"https:\/\/schema.org\",\"@graph\":[{\"@type\":\"Article\",\"@id\":\"https:\/\/gabonnouvellevision.com\/gnv\/2025\/08\/07\/la-ministre-baipo-temon-chez-le-president-oligui-nguema\/#article\",\"isPartOf\":{\"@id\":\"https:\/\/gabonnouvellevision.com\/gnv\/2025\/08\/07\/la-ministre-baipo-temon-chez-le-president-oligui-nguema\/\"},\"author\":{\"name\":\"Eyeng Obame\",\"@id\":\"https:\/\/gabonnouvellevision.com\/gnv\/#\/schema\/person\/4b48e07d222f83c0285affc3704bc899\"},\"headline\":\"La Ministre \u00a0Ba\u00efpo-T\u00e9mon chez le Pr\u00e9sident Oligui Nguema\",\"datePublished\":\"2025-08-07T12:16:38+00:00\",\"dateModified\":\"2025-08-07T12:22:17+00:00\",\"mainEntityOfPage\":{\"@id\":\"https:\/\/gabonnouvellevision.com\/gnv\/2025\/08\/07\/la-ministre-baipo-temon-chez-le-president-oligui-nguema\/\"},\"wordCount\":152,\"commentCount\":0,\"publisher\":{\"@id\":\"https:\/\/gabonnouvellevision.com\/gnv\/#organization\"},\"image\":{\"@id\":\"https:\/\/gabonnouvellevision.com\/gnv\/2025\/08\/07\/la-ministre-baipo-temon-chez-le-president-oligui-nguema\/#primaryimage\"},\"thumbnailUrl\":\"https:\/\/gabonnouvellevision.com\/gnv\/wp-content\/uploads\/2025\/08\/528473039_122266726142025336_4267688113191763242_n.jpg\",\"articleSection\":[\"A la une\",\"Actualites\",\"Diplomatie\"],\"inLanguage\":\"fr-FR\",\"potentialAction\":[{\"@type\":\"CommentAction\",\"name\":\"Comment\",\"target\":[\"https:\/\/gabonnouvellevision.com\/gnv\/2025\/08\/07\/la-ministre-baipo-temon-chez-le-president-oligui-nguema\/#respond\"]}]},{\"@type\":\"WebPage\",\"@id\":\"https:\/\/gabonnouvellevision.com\/gnv\/2025\/08\/07\/la-ministre-baipo-temon-chez-le-president-oligui-nguema\/\",\"url\":\"https:\/\/gabonnouvellevision.com\/gnv\/2025\/08\/07\/la-ministre-baipo-temon-chez-le-president-oligui-nguema\/\",\"name\":\"La Ministre \u00a0Ba\u00efpo-T\u00e9mon chez le Pr\u00e9sident Oligui Nguema - Gabon Nouvelle Vision\",\"isPartOf\":{\"@id\":\"https:\/\/gabonnouvellevision.com\/gnv\/#website\"},\"primaryImageOfPage\":{\"@id\":\"https:\/\/gabonnouvellevision.com\/gnv\/2025\/08\/07\/la-ministre-baipo-temon-chez-le-president-oligui-nguema\/#primaryimage\"},\"image\":{\"@id\":\"https:\/\/gabonnouvellevision.com\/gnv\/2025\/08\/07\/la-ministre-baipo-temon-chez-le-president-oligui-nguema\/#primaryimage\"},\"thumbnailUrl\":\"https:\/\/gabonnouvellevision.com\/gnv\/wp-content\/uploads\/2025\/08\/528473039_122266726142025336_4267688113191763242_n.jpg\",\"datePublished\":\"2025-08-07T12:16:38+00:00\",\"dateModified\":\"2025-08-07T12:22:17+00:00\",\"breadcrumb\":{\"@id\":\"https:\/\/gabonnouvellevision.com\/gnv\/2025\/08\/07\/la-ministre-baipo-temon-chez-le-president-oligui-nguema\/#breadcrumb\"},\"inLanguage\":\"fr-FR\",\"potentialAction\":[{\"@type\":\"ReadAction\",\"target\":[\"https:\/\/gabonnouvellevision.com\/gnv\/2025\/08\/07\/la-ministre-baipo-temon-chez-le-president-oligui-nguema\/\"]}]},{\"@type\":\"ImageObject\",\"inLanguage\":\"fr-FR\",\"@id\":\"https:\/\/gabonnouvellevision.com\/gnv\/2025\/08\/07\/la-ministre-baipo-temon-chez-le-president-oligui-nguema\/#primaryimage\",\"url\":\"https:\/\/gabonnouvellevision.com\/gnv\/wp-content\/uploads\/2025\/08\/528473039_122266726142025336_4267688113191763242_n.jpg\",\"contentUrl\":\"https:\/\/gabonnouvellevision.com\/gnv\/wp-content\/uploads\/2025\/08\/528473039_122266726142025336_4267688113191763242_n.jpg\",\"width\":640,\"height\":508},{\"@type\":\"BreadcrumbList\",\"@id\":\"https:\/\/gabonnouvellevision.com\/gnv\/2025\/08\/07\/la-ministre-baipo-temon-chez-le-president-oligui-nguema\/#breadcrumb\",\"itemListElement\":[{\"@type\":\"ListItem\",\"position\":1,\"name\":\"Accueil\",\"item\":\"https:\/\/gabonnouvellevision.com\/gnv\/\"},{\"@type\":\"ListItem\",\"position\":2,\"name\":\"La Ministre \u00a0Ba\u00efpo-T\u00e9mon chez le Pr\u00e9sident Oligui Nguema\"}]},{\"@type\":\"WebSite\",\"@id\":\"https:\/\/gabonnouvellevision.com\/gnv\/#website\",\"url\":\"https:\/\/gabonnouvellevision.com\/gnv\/\",\"name\":\"Gabon Nouvelle Vision\",\"description\":\"\",\"publisher\":{\"@id\":\"https:\/\/gabonnouvellevision.com\/gnv\/#organization\"},\"potentialAction\":[{\"@type\":\"SearchAction\",\"target\":{\"@type\":\"EntryPoint\",\"urlTemplate\":\"https:\/\/gabonnouvellevision.com\/gnv\/?s={search_term_string}\"},\"query-input\":{\"@type\":\"PropertyValueSpecification\",\"valueRequired\":true,\"valueName\":\"search_term_string\"}}],\"inLanguage\":\"fr-FR\"},{\"@type\":\"Organization\",\"@id\":\"https:\/\/gabonnouvellevision.com\/gnv\/#organization\",\"name\":\"Gabon Nouvelle Vision\",\"url\":\"https:\/\/gabonnouvellevision.com\/gnv\/\",\"logo\":{\"@type\":\"ImageObject\",\"inLanguage\":\"fr-FR\",\"@id\":\"https:\/\/gabonnouvellevision.com\/gnv\/#\/schema\/logo\/image\/\",\"url\":\"https:\/\/gabonnouvellevision.com\/gnv\/wp-content\/uploads\/2025\/01\/logo-text_Plan-de-travail-1.png\",\"contentUrl\":\"https:\/\/gabonnouvellevision.com\/gnv\/wp-content\/uploads\/2025\/01\/logo-text_Plan-de-travail-1.png\",\"width\":7169,\"height\":2390,\"caption\":\"Gabon Nouvelle Vision\"},\"image\":{\"@id\":\"https:\/\/gabonnouvellevision.com\/gnv\/#\/schema\/logo\/image\/\"},\"sameAs\":[\"https:\/\/www.facebook.com\/GNVofficiel\"]},{\"@type\":\"Person\",\"@id\":\"https:\/\/gabonnouvellevision.com\/gnv\/#\/schema\/person\/4b48e07d222f83c0285affc3704bc899\",\"name\":\"Eyeng Obame\",\"image\":{\"@type\":\"ImageObject\",\"inLanguage\":\"fr-FR\",\"@id\":\"https:\/\/gabonnouvellevision.com\/gnv\/#\/schema\/person\/image\/\",\"url\":\"https:\/\/secure.gravatar.com\/avatar\/167bc03b8baf3c77318a47159f80871de6f5a6cbf4bc8b6af750fbc1a369d7bf?s=96&d=mm&r=g\",\"contentUrl\":\"https:\/\/secure.gravatar.com\/avatar\/167bc03b8baf3c77318a47159f80871de6f5a6cbf4bc8b6af750fbc1a369d7bf?s=96&d=mm&r=g\",\"caption\":\"Eyeng Obame\"},\"url\":\"https:\/\/gabonnouvellevision.com\/gnv\/author\/rufin\/\"}]}<\/script>\n<!-- \/ Yoast SEO plugin. -->","yoast_head_json":{"title":"La Ministre \u00a0Ba\u00efpo-T\u00e9mon chez le Pr\u00e9sident Oligui Nguema - Gabon Nouvelle Vision","robots":{"index":"index","follow":"follow","max-snippet":"max-snippet:-1","max-image-preview":"max-image-preview:large","max-video-preview":"max-video-preview:-1"},"canonical":"https:\/\/gabonnouvellevision.com\/gnv\/2025\/08\/07\/la-ministre-baipo-temon-chez-le-president-oligui-nguema\/","og_locale":"fr_FR","og_type":"article","og_title":"La Ministre \u00a0Ba\u00efpo-T\u00e9mon chez le Pr\u00e9sident Oligui Nguema - Gabon Nouvelle Vision","og_description":"Le Pr\u00e9sident de la R\u00e9publique, Brice Clotaire Oligui Nguema, a accord\u00e9 hier une audience \u00e0 Sylvie Ba\u00efpo-T\u00e9mon, ministre des Affaires \u00e9trang\u00e8res de la R\u00e9publique Centrafricaine, envoy\u00e9e sp\u00e9ciale du Pr\u00e9sident Faustin-Archange Touad\u00e9ra. \u00ab&nbsp;Les \u00e9changes ont port\u00e9 sur les enjeux d\u2019int\u00e9r\u00eat commun et les dossiers r\u00e9gionaux, en particulier la tenue prochaine \u00e0 Bangui de la Conf\u00e9rence des [&hellip;]","og_url":"https:\/\/gabonnouvellevision.com\/gnv\/2025\/08\/07\/la-ministre-baipo-temon-chez-le-president-oligui-nguema\/","og_site_name":"Gabon Nouvelle Vision","article_publisher":"https:\/\/www.facebook.com\/GNVofficiel","article_published_time":"2025-08-07T12:16:38+00:00","article_modified_time":"2025-08-07T12:22:17+00:00","og_image":[{"width":640,"height":508,"url":"https:\/\/gabonnouvellevision.com\/gnv\/wp-content\/uploads\/2025\/08\/528473039_122266726142025336_4267688113191763242_n.jpg","type":"image\/jpeg"}],"author":"Eyeng Obame","twitter_card":"summary_large_image","twitter_misc":{"\u00c9crit par":"Eyeng Obame","Dur\u00e9e de lecture estim\u00e9e":"1 minute"},"schema":{"@context":"https:\/\/schema.org","@graph":[{"@type":"Article","@id":"https:\/\/gabonnouvellevision.com\/gnv\/2025\/08\/07\/la-ministre-baipo-temon-chez-le-president-oligui-nguema\/#article","isPartOf":{"@id":"https:\/\/gabonnouvellevision.com\/gnv\/2025\/08\/07\/la-ministre-baipo-temon-chez-le-president-oligui-nguema\/"},"author":{"name":"Eyeng Obame","@id":"https:\/\/gabonnouvellevision.com\/gnv\/#\/schema\/person\/4b48e07d222f83c0285affc3704bc899"},"headline":"La Ministre \u00a0Ba\u00efpo-T\u00e9mon chez le Pr\u00e9sident Oligui Nguema","datePublished":"2025-08-07T12:16:38+00:00","dateModified":"2025-08-07T12:22:17+00:00","mainEntityOfPage":{"@id":"https:\/\/gabonnouvellevision.com\/gnv\/2025\/08\/07\/la-ministre-baipo-temon-chez-le-president-oligui-nguema\/"},"wordCount":152,"commentCount":0,"publisher":{"@id":"https:\/\/gabonnouvellevision.com\/gnv\/#organization"},"image":{"@id":"https:\/\/gabonnouvellevision.com\/gnv\/2025\/08\/07\/la-ministre-baipo-temon-chez-le-president-oligui-nguema\/#primaryimage"},"thumbnailUrl":"https:\/\/gabonnouvellevision.com\/gnv\/wp-content\/uploads\/2025\/08\/528473039_122266726142025336_4267688113191763242_n.jpg","articleSection":["A la une","Actualites","Diplomatie"],"inLanguage":"fr-FR","potentialAction":[{"@type":"CommentAction","name":"Comment","target":["https:\/\/gabonnouvellevision.com\/gnv\/2025\/08\/07\/la-ministre-baipo-temon-chez-le-president-oligui-nguema\/#respond"]}]},{"@type":"WebPage","@id":"https:\/\/gabonnouvellevision.com\/gnv\/2025\/08\/07\/la-ministre-baipo-temon-chez-le-president-oligui-nguema\/","url":"https:\/\/gabonnouvellevision.com\/gnv\/2025\/08\/07\/la-ministre-baipo-temon-chez-le-president-oligui-nguema\/","name":"La Ministre \u00a0Ba\u00efpo-T\u00e9mon chez le Pr\u00e9sident Oligui Nguema - Gabon Nouvelle Vision","isPartOf":{"@id":"https:\/\/gabonnouvellevision.com\/gnv\/#website"},"primaryImageOfPage":{"@id":"https:\/\/gabonnouvellevision.com\/gnv\/2025\/08\/07\/la-ministre-baipo-temon-chez-le-president-oligui-nguema\/#primaryimage"},"image":{"@id":"https:\/\/gabonnouvellevision.com\/gnv\/2025\/08\/07\/la-ministre-baipo-temon-chez-le-president-oligui-nguema\/#primaryimage"},"thumbnailUrl":"https:\/\/gabonnouvellevision.com\/gnv\/wp-content\/uploads\/2025\/08\/528473039_122266726142025336_4267688113191763242_n.jpg","datePublished":"2025-08-07T12:16:38+00:00","dateModified":"2025-08-07T12:22:17+00:00","breadcrumb":{"@id":"https:\/\/gabonnouvellevision.com\/gnv\/2025\/08\/07\/la-ministre-baipo-temon-chez-le-president-oligui-nguema\/#breadcrumb"},"inLanguage":"fr-FR","potentialAction":[{"@type":"ReadAction","target":["https:\/\/gabonnouvellevision.com\/gnv\/2025\/08\/07\/la-ministre-baipo-temon-chez-le-president-oligui-nguema\/"]}]},{"@type":"ImageObject","inLanguage":"fr-FR","@id":"https:\/\/gabonnouvellevision.com\/gnv\/2025\/08\/07\/la-ministre-baipo-temon-chez-le-president-oligui-nguema\/#primaryimage","url":"https:\/\/gabonnouvellevision.com\/gnv\/wp-content\/uploads\/2025\/08\/528473039_122266726142025336_4267688113191763242_n.jpg","contentUrl":"https:\/\/gabonnouvellevision.com\/gnv\/wp-content\/uploads\/2025\/08\/528473039_122266726142025336_4267688113191763242_n.jpg","width":640,"height":508},{"@type":"BreadcrumbList","@id":"https:\/\/gabonnouvellevision.com\/gnv\/2025\/08\/07\/la-ministre-baipo-temon-chez-le-president-oligui-nguema\/#breadcrumb","itemListElement":[{"@type":"ListItem","position":1,"name":"Accueil","item":"https:\/\/gabonnouvellevision.com\/gnv\/"},{"@type":"ListItem","position":2,"name":"La Ministre \u00a0Ba\u00efpo-T\u00e9mon chez le Pr\u00e9sident Oligui Nguema"}]},{"@type":"WebSite","@id":"https:\/\/gabonnouvellevision.com\/gnv\/#website","url":"https:\/\/gabonnouvellevision.com\/gnv\/","name":"Gabon Nouvelle Vision","description":"","publisher":{"@id":"https:\/\/gabonnouvellevision.com\/gnv\/#organization"},"potentialAction":[{"@type":"SearchAction","target":{"@type":"EntryPoint","urlTemplate":"https:\/\/gabonnouvellevision.com\/gnv\/?s={search_term_string}"},"query-input":{"@type":"PropertyValueSpecification","valueRequired":true,"valueName":"search_term_string"}}],"inLanguage":"fr-FR"},{"@type":"Organization","@id":"https:\/\/gabonnouvellevision.com\/gnv\/#organization","name":"Gabon Nouvelle Vision","url":"https:\/\/gabonnouvellevision.com\/gnv\/","logo":{"@type":"ImageObject","inLanguage":"fr-FR","@id":"https:\/\/gabonnouvellevision.com\/gnv\/#\/schema\/logo\/image\/","url":"https:\/\/gabonnouvellevision.com\/gnv\/wp-content\/uploads\/2025\/01\/logo-text_Plan-de-travail-1.png","contentUrl":"https:\/\/gabonnouvellevision.com\/gnv\/wp-content\/uploads\/2025\/01\/logo-text_Plan-de-travail-1.png","width":7169,"height":2390,"caption":"Gabon Nouvelle Vision"},"image":{"@id":"https:\/\/gabonnouvellevision.com\/gnv\/#\/schema\/logo\/image\/"},"sameAs":["https:\/\/www.facebook.com\/GNVofficiel"]},{"@type":"Person","@id":"https:\/\/gabonnouvellevision.com\/gnv\/#\/schema\/person\/4b48e07d222f83c0285affc3704bc899","name":"Eyeng Obame","image":{"@type":"ImageObject","inLanguage":"fr-FR","@id":"https:\/\/gabonnouvellevision.com\/gnv\/#\/schema\/person\/image\/","url":"https:\/\/secure.gravatar.com\/avatar\/167bc03b8baf3c77318a47159f80871de6f5a6cbf4bc8b6af750fbc1a369d7bf?s=96&d=mm&r=g","contentUrl":"https:\/\/secure.gravatar.com\/avatar\/167bc03b8baf3c77318a47159f80871de6f5a6cbf4bc8b6af750fbc1a369d7bf?s=96&d=mm&r=g","caption":"Eyeng Obame"},"url":"https:\/\/gabonnouvellevision.com\/gnv\/author\/rufin\/"}]}},"_links":{"self":[{"href":"https:\/\/gabonnouvellevision.com\/gnv\/wp-json\/wp\/v2\/posts\/24167","targetHints":{"allow":["GET"]}}],"collection":[{"href":"https:\/\/gabonnouvellevision.com\/gnv\/wp-json\/wp\/v2\/posts"}],"about":[{"href":"https:\/\/gabonnouvellevision.com\/gnv\/wp-json\/wp\/v2\/types\/post"}],"author":[{"embeddable":true,"href":"https:\/\/gabonnouvellevision.com\/gnv\/wp-json\/wp\/v2\/users\/7"}],"replies":[{"embeddable":true,"href":"https:\/\/gabonnouvellevision.com\/gnv\/wp-json\/wp\/v2\/comments?post=24167"}],"version-history":[{"count":2,"href":"https:\/\/gabonnouvellevision.com\/gnv\/wp-json\/wp\/v2\/posts\/24167\/revisions"}],"predecessor-version":[{"id":24171,"href":"https:\/\/gabonnouvellevision.com\/gnv\/wp-json\/wp\/v2\/posts\/24167\/revisions\/24171"}],"wp:featuredmedia":[{"embeddable":true,"href":"https:\/\/gabonnouvellevision.com\/gnv\/wp-json\/wp\/v2\/media\/24168"}],"wp:attachment":[{"href":"https:\/\/gabonnouvellevision.com\/gnv\/wp-json\/wp\/v2\/media?parent=24167"}],"wp:term":[{"taxonomy":"category","embeddable":true,"href":"https:\/\/gabonnouvellevision.com\/gnv\/wp-json\/wp\/v2\/categories?post=24167"},{"taxonomy":"post_tag","embeddable":true,"href":"https:\/\/gabonnouvellevision.com\/gnv\/wp-json\/wp\/v2\/tags?post=24167"}],"curies":[{"name":"wp","href":"https:\/\/api.w.org\/{rel}","templated":true}]}}