{"id":24159,"date":"2025-08-04T11:11:54","date_gmt":"2025-08-04T09:11:54","guid":{"rendered":"https:\/\/gabonnouvellevision.com\/gnv\/?p=24159"},"modified":"2025-08-04T11:12:31","modified_gmt":"2025-08-04T09:12:31","slug":"forum-daffaires-turquie-gabon-a-istanbul","status":"publish","type":"post","link":"https:\/\/gabonnouvellevision.com\/gnv\/2025\/08\/04\/forum-daffaires-turquie-gabon-a-istanbul\/","title":{"rendered":"Forum d&rsquo;Affaires Turquie-Gabon \u00e0 Istanbul"},"content":{"rendered":"\n<p><strong><em>Forum d\u2019Affaires et d&rsquo;investissement Turquie \u2013Gabon \u00e0 Istanbul<\/em><\/strong>. Com. Pr\u00e9sidentielle<\/p>\n\n\n\n<p><strong><em>En marge de sa visite d\u2019\u00c9tat en R\u00e9publique de Turquie, le Pr\u00e9sident de la R\u00e9publique, Brice Clotaire Oligui Nguema, a pris part&nbsp; vendredi 1<sup>er<\/sup>&nbsp;Ao\u00fbt dernier au Forum d\u2019Affaires et d\u2019Investissement Turquie\u2013Gabon \u00e0 Istanbul<\/em><\/strong>.<\/p>\n\n\n\n<p>Organis\u00e9 par le Conseil des Relations \u00c9conomiques Internationales (DEIK), la F\u00e9d\u00e9ration des Entreprises du Gabon (FEG) et l\u2019Agence Nationale de Promotion des Investissements du Gabon (ANPI-Gabon), cet \u00e9v\u00e9nement a rassembl\u00e9 de nombreux op\u00e9rateurs \u00e9conomiques turcs.<\/p>\n\n\n\n<p>Trois accords majeurs ont \u00e9t\u00e9 sign\u00e9s \u00e0 cette occasion :<\/p>\n\n\n\n<p>\u2013 La construction et l\u2019exploitation d\u2019une centrale thermique \u00e0 gaz de 1 GW et des infrastructures de transport associ\u00e9es ;<\/p>\n\n\n\n<p>\u2013 Un protocole pour promouvoir les investissements et les opportunit\u00e9s commerciales entre les deux pays ;<\/p>\n\n\n\n<p>\u2013 La cr\u00e9ation d\u2019un Conseil d\u2019affaires bilat\u00e9ral entre DEIK et la FEG.<\/p>\n\n\n\n<p>Le Pr\u00e9sident de la R\u00e9publique a salu\u00e9 l\u2019engagement des partenaires turcs d\u00e9j\u00e0 actifs au Gabon, et r\u00e9affirm\u00e9 la volont\u00e9 des autorit\u00e9s gabonaises de b\u00e2tir un cadre de coop\u00e9ration efficace et mutuellement avantageux.<\/p>\n\n\n\n<p>Des \u00e9changes priv\u00e9s ont ensuite \u00e9t\u00e9 men\u00e9s avec plusieurs chefs d\u2019entreprises turcs.<\/p>\n\n\n\n<p>Sandrine Eyeng Obame<\/p>\n\n\n\n<p><strong>Source: Presse pr\u00e9sidentielle<\/strong><\/p>\n","protected":false},"excerpt":{"rendered":"<p>Forum d\u2019Affaires et d&rsquo;investissement Turquie \u2013Gabon \u00e0 Istanbul. Com. Pr\u00e9sidentielle En marge de sa visite d\u2019\u00c9tat en R\u00e9publique de Turquie, le Pr\u00e9sident de la R\u00e9publique, Brice Clotaire Oligui Nguema, a pris part&nbsp; vendredi 1er&nbsp;Ao\u00fbt dernier au Forum d\u2019Affaires et d\u2019Investissement Turquie\u2013Gabon \u00e0 Istanbul. Organis\u00e9 par le Conseil des Relations \u00c9conomiques Internationales (DEIK), la F\u00e9d\u00e9ration des [&hellip;]<\/p>\n","protected":false},"author":7,"featured_media":24160,"comment_status":"open","ping_status":"open","sticky":false,"template":"","format":"standard","meta":{"footnotes":""},"categories":[57,55,17,60],"tags":[],"class_list":["post-24159","post","type-post","status-publish","format-standard","has-post-thumbnail","hentry","category-a-la-une","category-actualites","category-business","category-economie"],"yoast_head":"<!-- This site is optimized with the Yoast SEO plugin v24.2 - https:\/\/yoast.com\/wordpress\/plugins\/seo\/ -->\n<title>Forum d&#039;Affaires Turquie-Gabon \u00e0 Istanbul - Gabon Nouvelle Vision<\/title>\n<meta name=\"robots\" content=\"index, follow, max-snippet:-1, max-image-preview:large, max-video-preview:-1\" \/>\n<link rel=\"canonical\" href=\"https:\/\/gabonnouvellevision.com\/gnv\/2025\/08\/04\/forum-daffaires-turquie-gabon-a-istanbul\/\" \/>\n<meta property=\"og:locale\" content=\"fr_FR\" \/>\n<meta property=\"og:type\" content=\"article\" \/>\n<meta property=\"og:title\" content=\"Forum d&#039;Affaires Turquie-Gabon \u00e0 Istanbul - Gabon Nouvelle Vision\" \/>\n<meta property=\"og:description\" content=\"Forum d\u2019Affaires et d&rsquo;investissement Turquie \u2013Gabon \u00e0 Istanbul. Com. Pr\u00e9sidentielle En marge de sa visite d\u2019\u00c9tat en R\u00e9publique de Turquie, le Pr\u00e9sident de la R\u00e9publique, Brice Clotaire Oligui Nguema, a pris part&nbsp; vendredi 1er&nbsp;Ao\u00fbt dernier au Forum d\u2019Affaires et d\u2019Investissement Turquie\u2013Gabon \u00e0 Istanbul. Organis\u00e9 par le Conseil des Relations \u00c9conomiques Internationales (DEIK), la F\u00e9d\u00e9ration des [&hellip;]\" \/>\n<meta property=\"og:url\" content=\"https:\/\/gabonnouvellevision.com\/gnv\/2025\/08\/04\/forum-daffaires-turquie-gabon-a-istanbul\/\" \/>\n<meta property=\"og:site_name\" content=\"Gabon Nouvelle Vision\" \/>\n<meta property=\"article:publisher\" content=\"https:\/\/www.facebook.com\/GNVofficiel\" \/>\n<meta property=\"article:published_time\" content=\"2025-08-04T09:11:54+00:00\" \/>\n<meta property=\"article:modified_time\" content=\"2025-08-04T09:12:31+00:00\" \/>\n<meta property=\"og:image\" content=\"https:\/\/gabonnouvellevision.com\/gnv\/wp-content\/uploads\/2025\/08\/526841218_122266115672025336_5438705255484677942_n.jpg\" \/>\n\t<meta property=\"og:image:width\" content=\"2048\" \/>\n\t<meta property=\"og:image:height\" content=\"1154\" \/>\n\t<meta property=\"og:image:type\" content=\"image\/jpeg\" \/>\n<meta name=\"author\" content=\"Eyeng Obame\" \/>\n<meta name=\"twitter:card\" content=\"summary_large_image\" \/>\n<meta name=\"twitter:label1\" content=\"\u00c9crit par\" \/>\n\t<meta name=\"twitter:data1\" content=\"Eyeng Obame\" \/>\n\t<meta name=\"twitter:label2\" content=\"Dur\u00e9e de lecture estim\u00e9e\" \/>\n\t<meta name=\"twitter:data2\" content=\"2 minutes\" \/>\n<script type=\"application\/ld+json\" class=\"yoast-schema-graph\">{\"@context\":\"https:\/\/schema.org\",\"@graph\":[{\"@type\":\"Article\",\"@id\":\"https:\/\/gabonnouvellevision.com\/gnv\/2025\/08\/04\/forum-daffaires-turquie-gabon-a-istanbul\/#article\",\"isPartOf\":{\"@id\":\"https:\/\/gabonnouvellevision.com\/gnv\/2025\/08\/04\/forum-daffaires-turquie-gabon-a-istanbul\/\"},\"author\":{\"name\":\"Eyeng Obame\",\"@id\":\"https:\/\/gabonnouvellevision.com\/gnv\/#\/schema\/person\/4b48e07d222f83c0285affc3704bc899\"},\"headline\":\"Forum d&rsquo;Affaires Turquie-Gabon \u00e0 Istanbul\",\"datePublished\":\"2025-08-04T09:11:54+00:00\",\"dateModified\":\"2025-08-04T09:12:31+00:00\",\"mainEntityOfPage\":{\"@id\":\"https:\/\/gabonnouvellevision.com\/gnv\/2025\/08\/04\/forum-daffaires-turquie-gabon-a-istanbul\/\"},\"wordCount\":218,\"commentCount\":0,\"publisher\":{\"@id\":\"https:\/\/gabonnouvellevision.com\/gnv\/#organization\"},\"image\":{\"@id\":\"https:\/\/gabonnouvellevision.com\/gnv\/2025\/08\/04\/forum-daffaires-turquie-gabon-a-istanbul\/#primaryimage\"},\"thumbnailUrl\":\"https:\/\/gabonnouvellevision.com\/gnv\/wp-content\/uploads\/2025\/08\/526841218_122266115672025336_5438705255484677942_n.jpg\",\"articleSection\":[\"A la une\",\"Actualites\",\"Business\",\"Economie\"],\"inLanguage\":\"fr-FR\",\"potentialAction\":[{\"@type\":\"CommentAction\",\"name\":\"Comment\",\"target\":[\"https:\/\/gabonnouvellevision.com\/gnv\/2025\/08\/04\/forum-daffaires-turquie-gabon-a-istanbul\/#respond\"]}]},{\"@type\":\"WebPage\",\"@id\":\"https:\/\/gabonnouvellevision.com\/gnv\/2025\/08\/04\/forum-daffaires-turquie-gabon-a-istanbul\/\",\"url\":\"https:\/\/gabonnouvellevision.com\/gnv\/2025\/08\/04\/forum-daffaires-turquie-gabon-a-istanbul\/\",\"name\":\"Forum d'Affaires Turquie-Gabon \u00e0 Istanbul - Gabon Nouvelle Vision\",\"isPartOf\":{\"@id\":\"https:\/\/gabonnouvellevision.com\/gnv\/#website\"},\"primaryImageOfPage\":{\"@id\":\"https:\/\/gabonnouvellevision.com\/gnv\/2025\/08\/04\/forum-daffaires-turquie-gabon-a-istanbul\/#primaryimage\"},\"image\":{\"@id\":\"https:\/\/gabonnouvellevision.com\/gnv\/2025\/08\/04\/forum-daffaires-turquie-gabon-a-istanbul\/#primaryimage\"},\"thumbnailUrl\":\"https:\/\/gabonnouvellevision.com\/gnv\/wp-content\/uploads\/2025\/08\/526841218_122266115672025336_5438705255484677942_n.jpg\",\"datePublished\":\"2025-08-04T09:11:54+00:00\",\"dateModified\":\"2025-08-04T09:12:31+00:00\",\"breadcrumb\":{\"@id\":\"https:\/\/gabonnouvellevision.com\/gnv\/2025\/08\/04\/forum-daffaires-turquie-gabon-a-istanbul\/#breadcrumb\"},\"inLanguage\":\"fr-FR\",\"potentialAction\":[{\"@type\":\"ReadAction\",\"target\":[\"https:\/\/gabonnouvellevision.com\/gnv\/2025\/08\/04\/forum-daffaires-turquie-gabon-a-istanbul\/\"]}]},{\"@type\":\"ImageObject\",\"inLanguage\":\"fr-FR\",\"@id\":\"https:\/\/gabonnouvellevision.com\/gnv\/2025\/08\/04\/forum-daffaires-turquie-gabon-a-istanbul\/#primaryimage\",\"url\":\"https:\/\/gabonnouvellevision.com\/gnv\/wp-content\/uploads\/2025\/08\/526841218_122266115672025336_5438705255484677942_n.jpg\",\"contentUrl\":\"https:\/\/gabonnouvellevision.com\/gnv\/wp-content\/uploads\/2025\/08\/526841218_122266115672025336_5438705255484677942_n.jpg\",\"width\":2048,\"height\":1154},{\"@type\":\"BreadcrumbList\",\"@id\":\"https:\/\/gabonnouvellevision.com\/gnv\/2025\/08\/04\/forum-daffaires-turquie-gabon-a-istanbul\/#breadcrumb\",\"itemListElement\":[{\"@type\":\"ListItem\",\"position\":1,\"name\":\"Accueil\",\"item\":\"https:\/\/gabonnouvellevision.com\/gnv\/\"},{\"@type\":\"ListItem\",\"position\":2,\"name\":\"Forum d&rsquo;Affaires Turquie-Gabon \u00e0 Istanbul\"}]},{\"@type\":\"WebSite\",\"@id\":\"https:\/\/gabonnouvellevision.com\/gnv\/#website\",\"url\":\"https:\/\/gabonnouvellevision.com\/gnv\/\",\"name\":\"Gabon Nouvelle Vision\",\"description\":\"\",\"publisher\":{\"@id\":\"https:\/\/gabonnouvellevision.com\/gnv\/#organization\"},\"potentialAction\":[{\"@type\":\"SearchAction\",\"target\":{\"@type\":\"EntryPoint\",\"urlTemplate\":\"https:\/\/gabonnouvellevision.com\/gnv\/?s={search_term_string}\"},\"query-input\":{\"@type\":\"PropertyValueSpecification\",\"valueRequired\":true,\"valueName\":\"search_term_string\"}}],\"inLanguage\":\"fr-FR\"},{\"@type\":\"Organization\",\"@id\":\"https:\/\/gabonnouvellevision.com\/gnv\/#organization\",\"name\":\"Gabon Nouvelle Vision\",\"url\":\"https:\/\/gabonnouvellevision.com\/gnv\/\",\"logo\":{\"@type\":\"ImageObject\",\"inLanguage\":\"fr-FR\",\"@id\":\"https:\/\/gabonnouvellevision.com\/gnv\/#\/schema\/logo\/image\/\",\"url\":\"https:\/\/gabonnouvellevision.com\/gnv\/wp-content\/uploads\/2025\/01\/logo-text_Plan-de-travail-1.png\",\"contentUrl\":\"https:\/\/gabonnouvellevision.com\/gnv\/wp-content\/uploads\/2025\/01\/logo-text_Plan-de-travail-1.png\",\"width\":7169,\"height\":2390,\"caption\":\"Gabon Nouvelle Vision\"},\"image\":{\"@id\":\"https:\/\/gabonnouvellevision.com\/gnv\/#\/schema\/logo\/image\/\"},\"sameAs\":[\"https:\/\/www.facebook.com\/GNVofficiel\"]},{\"@type\":\"Person\",\"@id\":\"https:\/\/gabonnouvellevision.com\/gnv\/#\/schema\/person\/4b48e07d222f83c0285affc3704bc899\",\"name\":\"Eyeng Obame\",\"image\":{\"@type\":\"ImageObject\",\"inLanguage\":\"fr-FR\",\"@id\":\"https:\/\/gabonnouvellevision.com\/gnv\/#\/schema\/person\/image\/\",\"url\":\"https:\/\/secure.gravatar.com\/avatar\/167bc03b8baf3c77318a47159f80871de6f5a6cbf4bc8b6af750fbc1a369d7bf?s=96&d=mm&r=g\",\"contentUrl\":\"https:\/\/secure.gravatar.com\/avatar\/167bc03b8baf3c77318a47159f80871de6f5a6cbf4bc8b6af750fbc1a369d7bf?s=96&d=mm&r=g\",\"caption\":\"Eyeng Obame\"},\"url\":\"https:\/\/gabonnouvellevision.com\/gnv\/author\/rufin\/\"}]}<\/script>\n<!-- \/ Yoast SEO plugin. -->","yoast_head_json":{"title":"Forum d'Affaires Turquie-Gabon \u00e0 Istanbul - Gabon Nouvelle Vision","robots":{"index":"index","follow":"follow","max-snippet":"max-snippet:-1","max-image-preview":"max-image-preview:large","max-video-preview":"max-video-preview:-1"},"canonical":"https:\/\/gabonnouvellevision.com\/gnv\/2025\/08\/04\/forum-daffaires-turquie-gabon-a-istanbul\/","og_locale":"fr_FR","og_type":"article","og_title":"Forum d'Affaires Turquie-Gabon \u00e0 Istanbul - Gabon Nouvelle Vision","og_description":"Forum d\u2019Affaires et d&rsquo;investissement Turquie \u2013Gabon \u00e0 Istanbul. Com. Pr\u00e9sidentielle En marge de sa visite d\u2019\u00c9tat en R\u00e9publique de Turquie, le Pr\u00e9sident de la R\u00e9publique, Brice Clotaire Oligui Nguema, a pris part&nbsp; vendredi 1er&nbsp;Ao\u00fbt dernier au Forum d\u2019Affaires et d\u2019Investissement Turquie\u2013Gabon \u00e0 Istanbul. Organis\u00e9 par le Conseil des Relations \u00c9conomiques Internationales (DEIK), la F\u00e9d\u00e9ration des [&hellip;]","og_url":"https:\/\/gabonnouvellevision.com\/gnv\/2025\/08\/04\/forum-daffaires-turquie-gabon-a-istanbul\/","og_site_name":"Gabon Nouvelle Vision","article_publisher":"https:\/\/www.facebook.com\/GNVofficiel","article_published_time":"2025-08-04T09:11:54+00:00","article_modified_time":"2025-08-04T09:12:31+00:00","og_image":[{"width":2048,"height":1154,"url":"https:\/\/gabonnouvellevision.com\/gnv\/wp-content\/uploads\/2025\/08\/526841218_122266115672025336_5438705255484677942_n.jpg","type":"image\/jpeg"}],"author":"Eyeng Obame","twitter_card":"summary_large_image","twitter_misc":{"\u00c9crit par":"Eyeng Obame","Dur\u00e9e de lecture estim\u00e9e":"2 minutes"},"schema":{"@context":"https:\/\/schema.org","@graph":[{"@type":"Article","@id":"https:\/\/gabonnouvellevision.com\/gnv\/2025\/08\/04\/forum-daffaires-turquie-gabon-a-istanbul\/#article","isPartOf":{"@id":"https:\/\/gabonnouvellevision.com\/gnv\/2025\/08\/04\/forum-daffaires-turquie-gabon-a-istanbul\/"},"author":{"name":"Eyeng Obame","@id":"https:\/\/gabonnouvellevision.com\/gnv\/#\/schema\/person\/4b48e07d222f83c0285affc3704bc899"},"headline":"Forum d&rsquo;Affaires Turquie-Gabon \u00e0 Istanbul","datePublished":"2025-08-04T09:11:54+00:00","dateModified":"2025-08-04T09:12:31+00:00","mainEntityOfPage":{"@id":"https:\/\/gabonnouvellevision.com\/gnv\/2025\/08\/04\/forum-daffaires-turquie-gabon-a-istanbul\/"},"wordCount":218,"commentCount":0,"publisher":{"@id":"https:\/\/gabonnouvellevision.com\/gnv\/#organization"},"image":{"@id":"https:\/\/gabonnouvellevision.com\/gnv\/2025\/08\/04\/forum-daffaires-turquie-gabon-a-istanbul\/#primaryimage"},"thumbnailUrl":"https:\/\/gabonnouvellevision.com\/gnv\/wp-content\/uploads\/2025\/08\/526841218_122266115672025336_5438705255484677942_n.jpg","articleSection":["A la une","Actualites","Business","Economie"],"inLanguage":"fr-FR","potentialAction":[{"@type":"CommentAction","name":"Comment","target":["https:\/\/gabonnouvellevision.com\/gnv\/2025\/08\/04\/forum-daffaires-turquie-gabon-a-istanbul\/#respond"]}]},{"@type":"WebPage","@id":"https:\/\/gabonnouvellevision.com\/gnv\/2025\/08\/04\/forum-daffaires-turquie-gabon-a-istanbul\/","url":"https:\/\/gabonnouvellevision.com\/gnv\/2025\/08\/04\/forum-daffaires-turquie-gabon-a-istanbul\/","name":"Forum d'Affaires Turquie-Gabon \u00e0 Istanbul - Gabon Nouvelle Vision","isPartOf":{"@id":"https:\/\/gabonnouvellevision.com\/gnv\/#website"},"primaryImageOfPage":{"@id":"https:\/\/gabonnouvellevision.com\/gnv\/2025\/08\/04\/forum-daffaires-turquie-gabon-a-istanbul\/#primaryimage"},"image":{"@id":"https:\/\/gabonnouvellevision.com\/gnv\/2025\/08\/04\/forum-daffaires-turquie-gabon-a-istanbul\/#primaryimage"},"thumbnailUrl":"https:\/\/gabonnouvellevision.com\/gnv\/wp-content\/uploads\/2025\/08\/526841218_122266115672025336_5438705255484677942_n.jpg","datePublished":"2025-08-04T09:11:54+00:00","dateModified":"2025-08-04T09:12:31+00:00","breadcrumb":{"@id":"https:\/\/gabonnouvellevision.com\/gnv\/2025\/08\/04\/forum-daffaires-turquie-gabon-a-istanbul\/#breadcrumb"},"inLanguage":"fr-FR","potentialAction":[{"@type":"ReadAction","target":["https:\/\/gabonnouvellevision.com\/gnv\/2025\/08\/04\/forum-daffaires-turquie-gabon-a-istanbul\/"]}]},{"@type":"ImageObject","inLanguage":"fr-FR","@id":"https:\/\/gabonnouvellevision.com\/gnv\/2025\/08\/04\/forum-daffaires-turquie-gabon-a-istanbul\/#primaryimage","url":"https:\/\/gabonnouvellevision.com\/gnv\/wp-content\/uploads\/2025\/08\/526841218_122266115672025336_5438705255484677942_n.jpg","contentUrl":"https:\/\/gabonnouvellevision.com\/gnv\/wp-content\/uploads\/2025\/08\/526841218_122266115672025336_5438705255484677942_n.jpg","width":2048,"height":1154},{"@type":"BreadcrumbList","@id":"https:\/\/gabonnouvellevision.com\/gnv\/2025\/08\/04\/forum-daffaires-turquie-gabon-a-istanbul\/#breadcrumb","itemListElement":[{"@type":"ListItem","position":1,"name":"Accueil","item":"https:\/\/gabonnouvellevision.com\/gnv\/"},{"@type":"ListItem","position":2,"name":"Forum d&rsquo;Affaires Turquie-Gabon \u00e0 Istanbul"}]},{"@type":"WebSite","@id":"https:\/\/gabonnouvellevision.com\/gnv\/#website","url":"https:\/\/gabonnouvellevision.com\/gnv\/","name":"Gabon Nouvelle Vision","description":"","publisher":{"@id":"https:\/\/gabonnouvellevision.com\/gnv\/#organization"},"potentialAction":[{"@type":"SearchAction","target":{"@type":"EntryPoint","urlTemplate":"https:\/\/gabonnouvellevision.com\/gnv\/?s={search_term_string}"},"query-input":{"@type":"PropertyValueSpecification","valueRequired":true,"valueName":"search_term_string"}}],"inLanguage":"fr-FR"},{"@type":"Organization","@id":"https:\/\/gabonnouvellevision.com\/gnv\/#organization","name":"Gabon Nouvelle Vision","url":"https:\/\/gabonnouvellevision.com\/gnv\/","logo":{"@type":"ImageObject","inLanguage":"fr-FR","@id":"https:\/\/gabonnouvellevision.com\/gnv\/#\/schema\/logo\/image\/","url":"https:\/\/gabonnouvellevision.com\/gnv\/wp-content\/uploads\/2025\/01\/logo-text_Plan-de-travail-1.png","contentUrl":"https:\/\/gabonnouvellevision.com\/gnv\/wp-content\/uploads\/2025\/01\/logo-text_Plan-de-travail-1.png","width":7169,"height":2390,"caption":"Gabon Nouvelle Vision"},"image":{"@id":"https:\/\/gabonnouvellevision.com\/gnv\/#\/schema\/logo\/image\/"},"sameAs":["https:\/\/www.facebook.com\/GNVofficiel"]},{"@type":"Person","@id":"https:\/\/gabonnouvellevision.com\/gnv\/#\/schema\/person\/4b48e07d222f83c0285affc3704bc899","name":"Eyeng Obame","image":{"@type":"ImageObject","inLanguage":"fr-FR","@id":"https:\/\/gabonnouvellevision.com\/gnv\/#\/schema\/person\/image\/","url":"https:\/\/secure.gravatar.com\/avatar\/167bc03b8baf3c77318a47159f80871de6f5a6cbf4bc8b6af750fbc1a369d7bf?s=96&d=mm&r=g","contentUrl":"https:\/\/secure.gravatar.com\/avatar\/167bc03b8baf3c77318a47159f80871de6f5a6cbf4bc8b6af750fbc1a369d7bf?s=96&d=mm&r=g","caption":"Eyeng Obame"},"url":"https:\/\/gabonnouvellevision.com\/gnv\/author\/rufin\/"}]}},"_links":{"self":[{"href":"https:\/\/gabonnouvellevision.com\/gnv\/wp-json\/wp\/v2\/posts\/24159","targetHints":{"allow":["GET"]}}],"collection":[{"href":"https:\/\/gabonnouvellevision.com\/gnv\/wp-json\/wp\/v2\/posts"}],"about":[{"href":"https:\/\/gabonnouvellevision.com\/gnv\/wp-json\/wp\/v2\/types\/post"}],"author":[{"embeddable":true,"href":"https:\/\/gabonnouvellevision.com\/gnv\/wp-json\/wp\/v2\/users\/7"}],"replies":[{"embeddable":true,"href":"https:\/\/gabonnouvellevision.com\/gnv\/wp-json\/wp\/v2\/comments?post=24159"}],"version-history":[{"count":2,"href":"https:\/\/gabonnouvellevision.com\/gnv\/wp-json\/wp\/v2\/posts\/24159\/revisions"}],"predecessor-version":[{"id":24162,"href":"https:\/\/gabonnouvellevision.com\/gnv\/wp-json\/wp\/v2\/posts\/24159\/revisions\/24162"}],"wp:featuredmedia":[{"embeddable":true,"href":"https:\/\/gabonnouvellevision.com\/gnv\/wp-json\/wp\/v2\/media\/24160"}],"wp:attachment":[{"href":"https:\/\/gabonnouvellevision.com\/gnv\/wp-json\/wp\/v2\/media?parent=24159"}],"wp:term":[{"taxonomy":"category","embeddable":true,"href":"https:\/\/gabonnouvellevision.com\/gnv\/wp-json\/wp\/v2\/categories?post=24159"},{"taxonomy":"post_tag","embeddable":true,"href":"https:\/\/gabonnouvellevision.com\/gnv\/wp-json\/wp\/v2\/tags?post=24159"}],"curies":[{"name":"wp","href":"https:\/\/api.w.org\/{rel}","templated":true}]}}