{"id":24156,"date":"2025-08-01T12:02:45","date_gmt":"2025-08-01T10:02:45","guid":{"rendered":"https:\/\/gabonnouvellevision.com\/gnv\/?p=24156"},"modified":"2025-08-01T12:02:47","modified_gmt":"2025-08-01T10:02:47","slug":"visite-en-turquie-oligui-nguema-recu-par-erdogan","status":"publish","type":"post","link":"https:\/\/gabonnouvellevision.com\/gnv\/2025\/08\/01\/visite-en-turquie-oligui-nguema-recu-par-erdogan\/","title":{"rendered":"Visite en Turquie: Oligui Nguema re\u00e7u par Erdogan"},"content":{"rendered":"\n<p>Com. Pr\u00e9sidentielle<\/p>\n\n\n\n<p><strong><em>Dans le cadre de sa visite d\u2019\u00c9tat en R\u00e9publique de Turquie, le Pr\u00e9sident de la R\u00e9publique, Brice Clotaire Oligui Nguema, a \u00e9t\u00e9 re\u00e7u hier par le Pr\u00e9sident de la R\u00e9publique de Turquie, Recep Tayyip Erdogan, au Palais Pr\u00e9sidentiel d\u2019Ankara<\/em><\/strong>.<\/p>\n\n\n\n<p>&nbsp;Cette rencontre de haut niveau, conduite dans la solennit\u00e9 du protocole r\u00e9publicain, a donn\u00e9 lieu \u00e0 un entretien en t\u00eate-\u00e0-t\u00eate entre les deux Chefs d\u2019\u00c9tat, suivi d\u2019une s\u00e9ance de travail \u00e9largie aux d\u00e9l\u00e9gations officielles.<\/p>\n\n\n\n<p>\u00c0 l\u2019issue de cette journ\u00e9e de travail, huit protocoles d\u2019accord ont \u00e9t\u00e9 sign\u00e9s dans des secteurs cl\u00e9s :<\/p>\n\n\n\n<p>\u2013 Cr\u00e9ation d\u2019un Conseil d\u2019affaires Gabon-Turquie<\/p>\n\n\n\n<p>\u2013 Coop\u00e9ration en sant\u00e9 militaire<\/p>\n\n\n\n<p>\u2013 Mise en \u0153uvre d\u2019une aide financi\u00e8re<\/p>\n\n\n\n<p>\u2013 Coop\u00e9ration dans les domaines de l\u2019\u00e9nergie, des hydrocarbures, du p\u00e9trole et du secteur minier<\/p>\n\n\n\n<p>\u2013 \u00c9ducation, formation professionnelle et enseignement technique<\/p>\n\n\n\n<p>Le Pr\u00e9sident de la R\u00e9publique a salu\u00e9 la qualit\u00e9 des discussions, l\u2019accueil r\u00e9serv\u00e9 \u00e0 la d\u00e9l\u00e9gation gabonaise, ainsi que l\u2019int\u00e9r\u00eat manifeste des investisseurs turcs. Il a pr\u00e9sent\u00e9 les r\u00e9formes en cours au Gabon et r\u00e9affirm\u00e9 sa volont\u00e9 d\u2019ouvrir le pays \u00e0 des partenariats fructueux.<\/p>\n\n\n\n<p><strong>Rufin Martial Oke &nbsp;Nze<\/strong><\/p>\n\n\n\n<p><strong>Source&nbsp;: Communication Pr\u00e9sidentielle<\/strong><\/p>\n","protected":false},"excerpt":{"rendered":"<p>Com. Pr\u00e9sidentielle Dans le cadre de sa visite d\u2019\u00c9tat en R\u00e9publique de Turquie, le Pr\u00e9sident de la R\u00e9publique, Brice Clotaire Oligui Nguema, a \u00e9t\u00e9 re\u00e7u hier par le Pr\u00e9sident de la R\u00e9publique de Turquie, Recep Tayyip Erdogan, au Palais Pr\u00e9sidentiel d\u2019Ankara. &nbsp;Cette rencontre de haut niveau, conduite dans la solennit\u00e9 du protocole r\u00e9publicain, a donn\u00e9 [&hellip;]<\/p>\n","protected":false},"author":7,"featured_media":24157,"comment_status":"open","ping_status":"open","sticky":false,"template":"","format":"standard","meta":{"footnotes":""},"categories":[57,55,66],"tags":[],"class_list":["post-24156","post","type-post","status-publish","format-standard","has-post-thumbnail","hentry","category-a-la-une","category-actualites","category-diplomatie"],"yoast_head":"<!-- This site is optimized with the Yoast SEO plugin v24.2 - https:\/\/yoast.com\/wordpress\/plugins\/seo\/ -->\n<title>Visite en Turquie: Oligui Nguema re\u00e7u par Erdogan - Gabon Nouvelle Vision<\/title>\n<meta name=\"robots\" content=\"index, follow, max-snippet:-1, max-image-preview:large, max-video-preview:-1\" \/>\n<link rel=\"canonical\" href=\"https:\/\/gabonnouvellevision.com\/gnv\/2025\/08\/01\/visite-en-turquie-oligui-nguema-recu-par-erdogan\/\" \/>\n<meta property=\"og:locale\" content=\"fr_FR\" \/>\n<meta property=\"og:type\" content=\"article\" \/>\n<meta property=\"og:title\" content=\"Visite en Turquie: Oligui Nguema re\u00e7u par Erdogan - Gabon Nouvelle Vision\" \/>\n<meta property=\"og:description\" content=\"Com. Pr\u00e9sidentielle Dans le cadre de sa visite d\u2019\u00c9tat en R\u00e9publique de Turquie, le Pr\u00e9sident de la R\u00e9publique, Brice Clotaire Oligui Nguema, a \u00e9t\u00e9 re\u00e7u hier par le Pr\u00e9sident de la R\u00e9publique de Turquie, Recep Tayyip Erdogan, au Palais Pr\u00e9sidentiel d\u2019Ankara. &nbsp;Cette rencontre de haut niveau, conduite dans la solennit\u00e9 du protocole r\u00e9publicain, a donn\u00e9 [&hellip;]\" \/>\n<meta property=\"og:url\" content=\"https:\/\/gabonnouvellevision.com\/gnv\/2025\/08\/01\/visite-en-turquie-oligui-nguema-recu-par-erdogan\/\" \/>\n<meta property=\"og:site_name\" content=\"Gabon Nouvelle Vision\" \/>\n<meta property=\"article:publisher\" content=\"https:\/\/www.facebook.com\/GNVofficiel\" \/>\n<meta property=\"article:published_time\" content=\"2025-08-01T10:02:45+00:00\" \/>\n<meta property=\"article:modified_time\" content=\"2025-08-01T10:02:47+00:00\" \/>\n<meta property=\"og:image\" content=\"https:\/\/gabonnouvellevision.com\/gnv\/wp-content\/uploads\/2025\/08\/526521395_122265800858025336_4358898525241704401_n.jpg\" \/>\n\t<meta property=\"og:image:width\" content=\"2048\" \/>\n\t<meta property=\"og:image:height\" content=\"1818\" \/>\n\t<meta property=\"og:image:type\" content=\"image\/jpeg\" \/>\n<meta name=\"author\" content=\"Eyeng Obame\" \/>\n<meta name=\"twitter:card\" content=\"summary_large_image\" \/>\n<meta name=\"twitter:label1\" content=\"\u00c9crit par\" \/>\n\t<meta name=\"twitter:data1\" content=\"Eyeng Obame\" \/>\n\t<meta name=\"twitter:label2\" content=\"Dur\u00e9e de lecture estim\u00e9e\" \/>\n\t<meta name=\"twitter:data2\" content=\"2 minutes\" \/>\n<script type=\"application\/ld+json\" class=\"yoast-schema-graph\">{\"@context\":\"https:\/\/schema.org\",\"@graph\":[{\"@type\":\"Article\",\"@id\":\"https:\/\/gabonnouvellevision.com\/gnv\/2025\/08\/01\/visite-en-turquie-oligui-nguema-recu-par-erdogan\/#article\",\"isPartOf\":{\"@id\":\"https:\/\/gabonnouvellevision.com\/gnv\/2025\/08\/01\/visite-en-turquie-oligui-nguema-recu-par-erdogan\/\"},\"author\":{\"name\":\"Eyeng Obame\",\"@id\":\"https:\/\/gabonnouvellevision.com\/gnv\/#\/schema\/person\/4b48e07d222f83c0285affc3704bc899\"},\"headline\":\"Visite en Turquie: Oligui Nguema re\u00e7u par Erdogan\",\"datePublished\":\"2025-08-01T10:02:45+00:00\",\"dateModified\":\"2025-08-01T10:02:47+00:00\",\"mainEntityOfPage\":{\"@id\":\"https:\/\/gabonnouvellevision.com\/gnv\/2025\/08\/01\/visite-en-turquie-oligui-nguema-recu-par-erdogan\/\"},\"wordCount\":233,\"commentCount\":0,\"publisher\":{\"@id\":\"https:\/\/gabonnouvellevision.com\/gnv\/#organization\"},\"image\":{\"@id\":\"https:\/\/gabonnouvellevision.com\/gnv\/2025\/08\/01\/visite-en-turquie-oligui-nguema-recu-par-erdogan\/#primaryimage\"},\"thumbnailUrl\":\"https:\/\/gabonnouvellevision.com\/gnv\/wp-content\/uploads\/2025\/08\/526521395_122265800858025336_4358898525241704401_n.jpg\",\"articleSection\":[\"A la une\",\"Actualites\",\"Diplomatie\"],\"inLanguage\":\"fr-FR\",\"potentialAction\":[{\"@type\":\"CommentAction\",\"name\":\"Comment\",\"target\":[\"https:\/\/gabonnouvellevision.com\/gnv\/2025\/08\/01\/visite-en-turquie-oligui-nguema-recu-par-erdogan\/#respond\"]}]},{\"@type\":\"WebPage\",\"@id\":\"https:\/\/gabonnouvellevision.com\/gnv\/2025\/08\/01\/visite-en-turquie-oligui-nguema-recu-par-erdogan\/\",\"url\":\"https:\/\/gabonnouvellevision.com\/gnv\/2025\/08\/01\/visite-en-turquie-oligui-nguema-recu-par-erdogan\/\",\"name\":\"Visite en Turquie: Oligui Nguema re\u00e7u par Erdogan - Gabon Nouvelle Vision\",\"isPartOf\":{\"@id\":\"https:\/\/gabonnouvellevision.com\/gnv\/#website\"},\"primaryImageOfPage\":{\"@id\":\"https:\/\/gabonnouvellevision.com\/gnv\/2025\/08\/01\/visite-en-turquie-oligui-nguema-recu-par-erdogan\/#primaryimage\"},\"image\":{\"@id\":\"https:\/\/gabonnouvellevision.com\/gnv\/2025\/08\/01\/visite-en-turquie-oligui-nguema-recu-par-erdogan\/#primaryimage\"},\"thumbnailUrl\":\"https:\/\/gabonnouvellevision.com\/gnv\/wp-content\/uploads\/2025\/08\/526521395_122265800858025336_4358898525241704401_n.jpg\",\"datePublished\":\"2025-08-01T10:02:45+00:00\",\"dateModified\":\"2025-08-01T10:02:47+00:00\",\"breadcrumb\":{\"@id\":\"https:\/\/gabonnouvellevision.com\/gnv\/2025\/08\/01\/visite-en-turquie-oligui-nguema-recu-par-erdogan\/#breadcrumb\"},\"inLanguage\":\"fr-FR\",\"potentialAction\":[{\"@type\":\"ReadAction\",\"target\":[\"https:\/\/gabonnouvellevision.com\/gnv\/2025\/08\/01\/visite-en-turquie-oligui-nguema-recu-par-erdogan\/\"]}]},{\"@type\":\"ImageObject\",\"inLanguage\":\"fr-FR\",\"@id\":\"https:\/\/gabonnouvellevision.com\/gnv\/2025\/08\/01\/visite-en-turquie-oligui-nguema-recu-par-erdogan\/#primaryimage\",\"url\":\"https:\/\/gabonnouvellevision.com\/gnv\/wp-content\/uploads\/2025\/08\/526521395_122265800858025336_4358898525241704401_n.jpg\",\"contentUrl\":\"https:\/\/gabonnouvellevision.com\/gnv\/wp-content\/uploads\/2025\/08\/526521395_122265800858025336_4358898525241704401_n.jpg\",\"width\":2048,\"height\":1818},{\"@type\":\"BreadcrumbList\",\"@id\":\"https:\/\/gabonnouvellevision.com\/gnv\/2025\/08\/01\/visite-en-turquie-oligui-nguema-recu-par-erdogan\/#breadcrumb\",\"itemListElement\":[{\"@type\":\"ListItem\",\"position\":1,\"name\":\"Accueil\",\"item\":\"https:\/\/gabonnouvellevision.com\/gnv\/\"},{\"@type\":\"ListItem\",\"position\":2,\"name\":\"Visite en Turquie: Oligui Nguema re\u00e7u par Erdogan\"}]},{\"@type\":\"WebSite\",\"@id\":\"https:\/\/gabonnouvellevision.com\/gnv\/#website\",\"url\":\"https:\/\/gabonnouvellevision.com\/gnv\/\",\"name\":\"Gabon Nouvelle Vision\",\"description\":\"\",\"publisher\":{\"@id\":\"https:\/\/gabonnouvellevision.com\/gnv\/#organization\"},\"potentialAction\":[{\"@type\":\"SearchAction\",\"target\":{\"@type\":\"EntryPoint\",\"urlTemplate\":\"https:\/\/gabonnouvellevision.com\/gnv\/?s={search_term_string}\"},\"query-input\":{\"@type\":\"PropertyValueSpecification\",\"valueRequired\":true,\"valueName\":\"search_term_string\"}}],\"inLanguage\":\"fr-FR\"},{\"@type\":\"Organization\",\"@id\":\"https:\/\/gabonnouvellevision.com\/gnv\/#organization\",\"name\":\"Gabon Nouvelle Vision\",\"url\":\"https:\/\/gabonnouvellevision.com\/gnv\/\",\"logo\":{\"@type\":\"ImageObject\",\"inLanguage\":\"fr-FR\",\"@id\":\"https:\/\/gabonnouvellevision.com\/gnv\/#\/schema\/logo\/image\/\",\"url\":\"https:\/\/gabonnouvellevision.com\/gnv\/wp-content\/uploads\/2025\/01\/logo-text_Plan-de-travail-1.png\",\"contentUrl\":\"https:\/\/gabonnouvellevision.com\/gnv\/wp-content\/uploads\/2025\/01\/logo-text_Plan-de-travail-1.png\",\"width\":7169,\"height\":2390,\"caption\":\"Gabon Nouvelle Vision\"},\"image\":{\"@id\":\"https:\/\/gabonnouvellevision.com\/gnv\/#\/schema\/logo\/image\/\"},\"sameAs\":[\"https:\/\/www.facebook.com\/GNVofficiel\"]},{\"@type\":\"Person\",\"@id\":\"https:\/\/gabonnouvellevision.com\/gnv\/#\/schema\/person\/4b48e07d222f83c0285affc3704bc899\",\"name\":\"Eyeng Obame\",\"image\":{\"@type\":\"ImageObject\",\"inLanguage\":\"fr-FR\",\"@id\":\"https:\/\/gabonnouvellevision.com\/gnv\/#\/schema\/person\/image\/\",\"url\":\"https:\/\/secure.gravatar.com\/avatar\/167bc03b8baf3c77318a47159f80871de6f5a6cbf4bc8b6af750fbc1a369d7bf?s=96&d=mm&r=g\",\"contentUrl\":\"https:\/\/secure.gravatar.com\/avatar\/167bc03b8baf3c77318a47159f80871de6f5a6cbf4bc8b6af750fbc1a369d7bf?s=96&d=mm&r=g\",\"caption\":\"Eyeng Obame\"},\"url\":\"https:\/\/gabonnouvellevision.com\/gnv\/author\/rufin\/\"}]}<\/script>\n<!-- \/ Yoast SEO plugin. -->","yoast_head_json":{"title":"Visite en Turquie: Oligui Nguema re\u00e7u par Erdogan - Gabon Nouvelle Vision","robots":{"index":"index","follow":"follow","max-snippet":"max-snippet:-1","max-image-preview":"max-image-preview:large","max-video-preview":"max-video-preview:-1"},"canonical":"https:\/\/gabonnouvellevision.com\/gnv\/2025\/08\/01\/visite-en-turquie-oligui-nguema-recu-par-erdogan\/","og_locale":"fr_FR","og_type":"article","og_title":"Visite en Turquie: Oligui Nguema re\u00e7u par Erdogan - Gabon Nouvelle Vision","og_description":"Com. Pr\u00e9sidentielle Dans le cadre de sa visite d\u2019\u00c9tat en R\u00e9publique de Turquie, le Pr\u00e9sident de la R\u00e9publique, Brice Clotaire Oligui Nguema, a \u00e9t\u00e9 re\u00e7u hier par le Pr\u00e9sident de la R\u00e9publique de Turquie, Recep Tayyip Erdogan, au Palais Pr\u00e9sidentiel d\u2019Ankara. &nbsp;Cette rencontre de haut niveau, conduite dans la solennit\u00e9 du protocole r\u00e9publicain, a donn\u00e9 [&hellip;]","og_url":"https:\/\/gabonnouvellevision.com\/gnv\/2025\/08\/01\/visite-en-turquie-oligui-nguema-recu-par-erdogan\/","og_site_name":"Gabon Nouvelle Vision","article_publisher":"https:\/\/www.facebook.com\/GNVofficiel","article_published_time":"2025-08-01T10:02:45+00:00","article_modified_time":"2025-08-01T10:02:47+00:00","og_image":[{"width":2048,"height":1818,"url":"https:\/\/gabonnouvellevision.com\/gnv\/wp-content\/uploads\/2025\/08\/526521395_122265800858025336_4358898525241704401_n.jpg","type":"image\/jpeg"}],"author":"Eyeng Obame","twitter_card":"summary_large_image","twitter_misc":{"\u00c9crit par":"Eyeng Obame","Dur\u00e9e de lecture estim\u00e9e":"2 minutes"},"schema":{"@context":"https:\/\/schema.org","@graph":[{"@type":"Article","@id":"https:\/\/gabonnouvellevision.com\/gnv\/2025\/08\/01\/visite-en-turquie-oligui-nguema-recu-par-erdogan\/#article","isPartOf":{"@id":"https:\/\/gabonnouvellevision.com\/gnv\/2025\/08\/01\/visite-en-turquie-oligui-nguema-recu-par-erdogan\/"},"author":{"name":"Eyeng Obame","@id":"https:\/\/gabonnouvellevision.com\/gnv\/#\/schema\/person\/4b48e07d222f83c0285affc3704bc899"},"headline":"Visite en Turquie: Oligui Nguema re\u00e7u par Erdogan","datePublished":"2025-08-01T10:02:45+00:00","dateModified":"2025-08-01T10:02:47+00:00","mainEntityOfPage":{"@id":"https:\/\/gabonnouvellevision.com\/gnv\/2025\/08\/01\/visite-en-turquie-oligui-nguema-recu-par-erdogan\/"},"wordCount":233,"commentCount":0,"publisher":{"@id":"https:\/\/gabonnouvellevision.com\/gnv\/#organization"},"image":{"@id":"https:\/\/gabonnouvellevision.com\/gnv\/2025\/08\/01\/visite-en-turquie-oligui-nguema-recu-par-erdogan\/#primaryimage"},"thumbnailUrl":"https:\/\/gabonnouvellevision.com\/gnv\/wp-content\/uploads\/2025\/08\/526521395_122265800858025336_4358898525241704401_n.jpg","articleSection":["A la une","Actualites","Diplomatie"],"inLanguage":"fr-FR","potentialAction":[{"@type":"CommentAction","name":"Comment","target":["https:\/\/gabonnouvellevision.com\/gnv\/2025\/08\/01\/visite-en-turquie-oligui-nguema-recu-par-erdogan\/#respond"]}]},{"@type":"WebPage","@id":"https:\/\/gabonnouvellevision.com\/gnv\/2025\/08\/01\/visite-en-turquie-oligui-nguema-recu-par-erdogan\/","url":"https:\/\/gabonnouvellevision.com\/gnv\/2025\/08\/01\/visite-en-turquie-oligui-nguema-recu-par-erdogan\/","name":"Visite en Turquie: Oligui Nguema re\u00e7u par Erdogan - Gabon Nouvelle Vision","isPartOf":{"@id":"https:\/\/gabonnouvellevision.com\/gnv\/#website"},"primaryImageOfPage":{"@id":"https:\/\/gabonnouvellevision.com\/gnv\/2025\/08\/01\/visite-en-turquie-oligui-nguema-recu-par-erdogan\/#primaryimage"},"image":{"@id":"https:\/\/gabonnouvellevision.com\/gnv\/2025\/08\/01\/visite-en-turquie-oligui-nguema-recu-par-erdogan\/#primaryimage"},"thumbnailUrl":"https:\/\/gabonnouvellevision.com\/gnv\/wp-content\/uploads\/2025\/08\/526521395_122265800858025336_4358898525241704401_n.jpg","datePublished":"2025-08-01T10:02:45+00:00","dateModified":"2025-08-01T10:02:47+00:00","breadcrumb":{"@id":"https:\/\/gabonnouvellevision.com\/gnv\/2025\/08\/01\/visite-en-turquie-oligui-nguema-recu-par-erdogan\/#breadcrumb"},"inLanguage":"fr-FR","potentialAction":[{"@type":"ReadAction","target":["https:\/\/gabonnouvellevision.com\/gnv\/2025\/08\/01\/visite-en-turquie-oligui-nguema-recu-par-erdogan\/"]}]},{"@type":"ImageObject","inLanguage":"fr-FR","@id":"https:\/\/gabonnouvellevision.com\/gnv\/2025\/08\/01\/visite-en-turquie-oligui-nguema-recu-par-erdogan\/#primaryimage","url":"https:\/\/gabonnouvellevision.com\/gnv\/wp-content\/uploads\/2025\/08\/526521395_122265800858025336_4358898525241704401_n.jpg","contentUrl":"https:\/\/gabonnouvellevision.com\/gnv\/wp-content\/uploads\/2025\/08\/526521395_122265800858025336_4358898525241704401_n.jpg","width":2048,"height":1818},{"@type":"BreadcrumbList","@id":"https:\/\/gabonnouvellevision.com\/gnv\/2025\/08\/01\/visite-en-turquie-oligui-nguema-recu-par-erdogan\/#breadcrumb","itemListElement":[{"@type":"ListItem","position":1,"name":"Accueil","item":"https:\/\/gabonnouvellevision.com\/gnv\/"},{"@type":"ListItem","position":2,"name":"Visite en Turquie: Oligui Nguema re\u00e7u par Erdogan"}]},{"@type":"WebSite","@id":"https:\/\/gabonnouvellevision.com\/gnv\/#website","url":"https:\/\/gabonnouvellevision.com\/gnv\/","name":"Gabon Nouvelle Vision","description":"","publisher":{"@id":"https:\/\/gabonnouvellevision.com\/gnv\/#organization"},"potentialAction":[{"@type":"SearchAction","target":{"@type":"EntryPoint","urlTemplate":"https:\/\/gabonnouvellevision.com\/gnv\/?s={search_term_string}"},"query-input":{"@type":"PropertyValueSpecification","valueRequired":true,"valueName":"search_term_string"}}],"inLanguage":"fr-FR"},{"@type":"Organization","@id":"https:\/\/gabonnouvellevision.com\/gnv\/#organization","name":"Gabon Nouvelle Vision","url":"https:\/\/gabonnouvellevision.com\/gnv\/","logo":{"@type":"ImageObject","inLanguage":"fr-FR","@id":"https:\/\/gabonnouvellevision.com\/gnv\/#\/schema\/logo\/image\/","url":"https:\/\/gabonnouvellevision.com\/gnv\/wp-content\/uploads\/2025\/01\/logo-text_Plan-de-travail-1.png","contentUrl":"https:\/\/gabonnouvellevision.com\/gnv\/wp-content\/uploads\/2025\/01\/logo-text_Plan-de-travail-1.png","width":7169,"height":2390,"caption":"Gabon Nouvelle Vision"},"image":{"@id":"https:\/\/gabonnouvellevision.com\/gnv\/#\/schema\/logo\/image\/"},"sameAs":["https:\/\/www.facebook.com\/GNVofficiel"]},{"@type":"Person","@id":"https:\/\/gabonnouvellevision.com\/gnv\/#\/schema\/person\/4b48e07d222f83c0285affc3704bc899","name":"Eyeng Obame","image":{"@type":"ImageObject","inLanguage":"fr-FR","@id":"https:\/\/gabonnouvellevision.com\/gnv\/#\/schema\/person\/image\/","url":"https:\/\/secure.gravatar.com\/avatar\/167bc03b8baf3c77318a47159f80871de6f5a6cbf4bc8b6af750fbc1a369d7bf?s=96&d=mm&r=g","contentUrl":"https:\/\/secure.gravatar.com\/avatar\/167bc03b8baf3c77318a47159f80871de6f5a6cbf4bc8b6af750fbc1a369d7bf?s=96&d=mm&r=g","caption":"Eyeng Obame"},"url":"https:\/\/gabonnouvellevision.com\/gnv\/author\/rufin\/"}]}},"_links":{"self":[{"href":"https:\/\/gabonnouvellevision.com\/gnv\/wp-json\/wp\/v2\/posts\/24156","targetHints":{"allow":["GET"]}}],"collection":[{"href":"https:\/\/gabonnouvellevision.com\/gnv\/wp-json\/wp\/v2\/posts"}],"about":[{"href":"https:\/\/gabonnouvellevision.com\/gnv\/wp-json\/wp\/v2\/types\/post"}],"author":[{"embeddable":true,"href":"https:\/\/gabonnouvellevision.com\/gnv\/wp-json\/wp\/v2\/users\/7"}],"replies":[{"embeddable":true,"href":"https:\/\/gabonnouvellevision.com\/gnv\/wp-json\/wp\/v2\/comments?post=24156"}],"version-history":[{"count":1,"href":"https:\/\/gabonnouvellevision.com\/gnv\/wp-json\/wp\/v2\/posts\/24156\/revisions"}],"predecessor-version":[{"id":24158,"href":"https:\/\/gabonnouvellevision.com\/gnv\/wp-json\/wp\/v2\/posts\/24156\/revisions\/24158"}],"wp:featuredmedia":[{"embeddable":true,"href":"https:\/\/gabonnouvellevision.com\/gnv\/wp-json\/wp\/v2\/media\/24157"}],"wp:attachment":[{"href":"https:\/\/gabonnouvellevision.com\/gnv\/wp-json\/wp\/v2\/media?parent=24156"}],"wp:term":[{"taxonomy":"category","embeddable":true,"href":"https:\/\/gabonnouvellevision.com\/gnv\/wp-json\/wp\/v2\/categories?post=24156"},{"taxonomy":"post_tag","embeddable":true,"href":"https:\/\/gabonnouvellevision.com\/gnv\/wp-json\/wp\/v2\/tags?post=24156"}],"curies":[{"name":"wp","href":"https:\/\/api.w.org\/{rel}","templated":true}]}}