{"id":24150,"date":"2025-07-29T12:00:56","date_gmt":"2025-07-29T10:00:56","guid":{"rendered":"https:\/\/gabonnouvellevision.com\/gnv\/?p=24150"},"modified":"2025-07-29T12:00:58","modified_gmt":"2025-07-29T10:00:58","slug":"ramon-molina-eleve-commandeur-de-la-liberation-par-oligui-nguema","status":"publish","type":"post","link":"https:\/\/gabonnouvellevision.com\/gnv\/2025\/07\/29\/ramon-molina-eleve-commandeur-de-la-liberation-par-oligui-nguema\/","title":{"rendered":"Ramon Molina \u00e9lev\u00e9 commandeur de la lib\u00e9ration par Oligui Nguema"},"content":{"rendered":"\n<p>Le Pr\u00e9sident de la R\u00e9publique, Brice Clotaire Oligui Nguema, proc\u00e9dant \u00e0 la d\u00e9coration de l\u2019Ambassadeur d\u2019Espagne, Ramon Molina, lundi 28 juillet 2025 \u00e0 Libreville. Com.Pr\u00e9sidentielle<\/p>\n\n\n\n<p><strong><em>Le Pr\u00e9sident de la R\u00e9publique, Brice Clotaire Oligui Nguema, a proc\u00e9d\u00e9 hier, au Palais pr\u00e9sidentiel de Libreville, \u00e0 la d\u00e9coration de Ram\u00f3n Molina Llad\u00f3, ambassadeur extraordinaire et pl\u00e9nipotentiaire du Royaume d\u2019Espagne, au terme de sa mission diplomatique au Gabon. Une distinction honorifique salu\u00e9e par le promu.<\/em><\/strong><\/p>\n\n\n\n<p>\u00ab&nbsp;Le Chef de l\u2019\u00c9tat a \u00e9lev\u00e9 le diplomate espagnol au rang de Commandeur de l\u2019Ordre National de la Lib\u00e9ration, en reconnaissance de son engagement pour le renforcement des relations bilat\u00e9rales entre le Gabon et l\u2019Espagne. \u00c0 cette occasion, l\u2019ambassadeur a exprim\u00e9 sa profonde gratitude aux plus hautes autorit\u00e9s gabonaises, saluant l\u2019hospitalit\u00e9 et le soutien re\u00e7us tout au long de sa mission diplomatique au Gabon. Cette c\u00e9r\u00e9monie marque la fin d\u2019un parcours diplomatique fructueux et consolide l\u2019axe de coop\u00e9ration Libreville-Madrid&nbsp;\u00bb peut-on lire dans le rendu de l\u2019audience de la communication pr\u00e9sidentielle.<\/p>\n\n\n\n<p>Une c\u00e9r\u00e9monie exceptionnelle qui restera graver \u00e0 jamais dans la m\u00e9moire du diplomate Espagnol qui consid\u00e8re d\u00e9sormais le Gabon comme sa seconde patrie.<\/p>\n\n\n\n<p><strong>Rufin Martial Oke Nze<\/strong><\/p>\n","protected":false},"excerpt":{"rendered":"<p>Le Pr\u00e9sident de la R\u00e9publique, Brice Clotaire Oligui Nguema, proc\u00e9dant \u00e0 la d\u00e9coration de l\u2019Ambassadeur d\u2019Espagne, Ramon Molina, lundi 28 juillet 2025 \u00e0 Libreville. Com.Pr\u00e9sidentielle Le Pr\u00e9sident de la R\u00e9publique, Brice Clotaire Oligui Nguema, a proc\u00e9d\u00e9 hier, au Palais pr\u00e9sidentiel de Libreville, \u00e0 la d\u00e9coration de Ram\u00f3n Molina Llad\u00f3, ambassadeur extraordinaire et pl\u00e9nipotentiaire du Royaume [&hellip;]<\/p>\n","protected":false},"author":7,"featured_media":24151,"comment_status":"open","ping_status":"open","sticky":false,"template":"","format":"standard","meta":{"footnotes":""},"categories":[57,55,66],"tags":[],"class_list":["post-24150","post","type-post","status-publish","format-standard","has-post-thumbnail","hentry","category-a-la-une","category-actualites","category-diplomatie"],"yoast_head":"<!-- This site is optimized with the Yoast SEO plugin v24.2 - https:\/\/yoast.com\/wordpress\/plugins\/seo\/ -->\n<title>Ramon Molina \u00e9lev\u00e9 commandeur de la lib\u00e9ration par Oligui Nguema - Gabon Nouvelle Vision<\/title>\n<meta name=\"robots\" content=\"index, follow, max-snippet:-1, max-image-preview:large, max-video-preview:-1\" \/>\n<link rel=\"canonical\" href=\"https:\/\/gabonnouvellevision.com\/gnv\/2025\/07\/29\/ramon-molina-eleve-commandeur-de-la-liberation-par-oligui-nguema\/\" \/>\n<meta property=\"og:locale\" content=\"fr_FR\" \/>\n<meta property=\"og:type\" content=\"article\" \/>\n<meta property=\"og:title\" content=\"Ramon Molina \u00e9lev\u00e9 commandeur de la lib\u00e9ration par Oligui Nguema - Gabon Nouvelle Vision\" \/>\n<meta property=\"og:description\" content=\"Le Pr\u00e9sident de la R\u00e9publique, Brice Clotaire Oligui Nguema, proc\u00e9dant \u00e0 la d\u00e9coration de l\u2019Ambassadeur d\u2019Espagne, Ramon Molina, lundi 28 juillet 2025 \u00e0 Libreville. Com.Pr\u00e9sidentielle Le Pr\u00e9sident de la R\u00e9publique, Brice Clotaire Oligui Nguema, a proc\u00e9d\u00e9 hier, au Palais pr\u00e9sidentiel de Libreville, \u00e0 la d\u00e9coration de Ram\u00f3n Molina Llad\u00f3, ambassadeur extraordinaire et pl\u00e9nipotentiaire du Royaume [&hellip;]\" \/>\n<meta property=\"og:url\" content=\"https:\/\/gabonnouvellevision.com\/gnv\/2025\/07\/29\/ramon-molina-eleve-commandeur-de-la-liberation-par-oligui-nguema\/\" \/>\n<meta property=\"og:site_name\" content=\"Gabon Nouvelle Vision\" \/>\n<meta property=\"article:publisher\" content=\"https:\/\/www.facebook.com\/GNVofficiel\" \/>\n<meta property=\"article:published_time\" content=\"2025-07-29T10:00:56+00:00\" \/>\n<meta property=\"article:modified_time\" content=\"2025-07-29T10:00:58+00:00\" \/>\n<meta property=\"og:image\" content=\"https:\/\/gabonnouvellevision.com\/gnv\/wp-content\/uploads\/2025\/07\/524988169_122265322640025336_450726689968782950_n.jpg\" \/>\n\t<meta property=\"og:image:width\" content=\"2048\" \/>\n\t<meta property=\"og:image:height\" content=\"1435\" \/>\n\t<meta property=\"og:image:type\" content=\"image\/jpeg\" \/>\n<meta name=\"author\" content=\"Eyeng Obame\" \/>\n<meta name=\"twitter:card\" content=\"summary_large_image\" \/>\n<meta name=\"twitter:label1\" content=\"\u00c9crit par\" \/>\n\t<meta name=\"twitter:data1\" content=\"Eyeng Obame\" \/>\n\t<meta name=\"twitter:label2\" content=\"Dur\u00e9e de lecture estim\u00e9e\" \/>\n\t<meta name=\"twitter:data2\" content=\"2 minutes\" \/>\n<script type=\"application\/ld+json\" class=\"yoast-schema-graph\">{\"@context\":\"https:\/\/schema.org\",\"@graph\":[{\"@type\":\"Article\",\"@id\":\"https:\/\/gabonnouvellevision.com\/gnv\/2025\/07\/29\/ramon-molina-eleve-commandeur-de-la-liberation-par-oligui-nguema\/#article\",\"isPartOf\":{\"@id\":\"https:\/\/gabonnouvellevision.com\/gnv\/2025\/07\/29\/ramon-molina-eleve-commandeur-de-la-liberation-par-oligui-nguema\/\"},\"author\":{\"name\":\"Eyeng Obame\",\"@id\":\"https:\/\/gabonnouvellevision.com\/gnv\/#\/schema\/person\/4b48e07d222f83c0285affc3704bc899\"},\"headline\":\"Ramon Molina \u00e9lev\u00e9 commandeur de la lib\u00e9ration par Oligui Nguema\",\"datePublished\":\"2025-07-29T10:00:56+00:00\",\"dateModified\":\"2025-07-29T10:00:58+00:00\",\"mainEntityOfPage\":{\"@id\":\"https:\/\/gabonnouvellevision.com\/gnv\/2025\/07\/29\/ramon-molina-eleve-commandeur-de-la-liberation-par-oligui-nguema\/\"},\"wordCount\":232,\"commentCount\":0,\"publisher\":{\"@id\":\"https:\/\/gabonnouvellevision.com\/gnv\/#organization\"},\"image\":{\"@id\":\"https:\/\/gabonnouvellevision.com\/gnv\/2025\/07\/29\/ramon-molina-eleve-commandeur-de-la-liberation-par-oligui-nguema\/#primaryimage\"},\"thumbnailUrl\":\"https:\/\/gabonnouvellevision.com\/gnv\/wp-content\/uploads\/2025\/07\/524988169_122265322640025336_450726689968782950_n.jpg\",\"articleSection\":[\"A la une\",\"Actualites\",\"Diplomatie\"],\"inLanguage\":\"fr-FR\",\"potentialAction\":[{\"@type\":\"CommentAction\",\"name\":\"Comment\",\"target\":[\"https:\/\/gabonnouvellevision.com\/gnv\/2025\/07\/29\/ramon-molina-eleve-commandeur-de-la-liberation-par-oligui-nguema\/#respond\"]}]},{\"@type\":\"WebPage\",\"@id\":\"https:\/\/gabonnouvellevision.com\/gnv\/2025\/07\/29\/ramon-molina-eleve-commandeur-de-la-liberation-par-oligui-nguema\/\",\"url\":\"https:\/\/gabonnouvellevision.com\/gnv\/2025\/07\/29\/ramon-molina-eleve-commandeur-de-la-liberation-par-oligui-nguema\/\",\"name\":\"Ramon Molina \u00e9lev\u00e9 commandeur de la lib\u00e9ration par Oligui Nguema - Gabon Nouvelle Vision\",\"isPartOf\":{\"@id\":\"https:\/\/gabonnouvellevision.com\/gnv\/#website\"},\"primaryImageOfPage\":{\"@id\":\"https:\/\/gabonnouvellevision.com\/gnv\/2025\/07\/29\/ramon-molina-eleve-commandeur-de-la-liberation-par-oligui-nguema\/#primaryimage\"},\"image\":{\"@id\":\"https:\/\/gabonnouvellevision.com\/gnv\/2025\/07\/29\/ramon-molina-eleve-commandeur-de-la-liberation-par-oligui-nguema\/#primaryimage\"},\"thumbnailUrl\":\"https:\/\/gabonnouvellevision.com\/gnv\/wp-content\/uploads\/2025\/07\/524988169_122265322640025336_450726689968782950_n.jpg\",\"datePublished\":\"2025-07-29T10:00:56+00:00\",\"dateModified\":\"2025-07-29T10:00:58+00:00\",\"breadcrumb\":{\"@id\":\"https:\/\/gabonnouvellevision.com\/gnv\/2025\/07\/29\/ramon-molina-eleve-commandeur-de-la-liberation-par-oligui-nguema\/#breadcrumb\"},\"inLanguage\":\"fr-FR\",\"potentialAction\":[{\"@type\":\"ReadAction\",\"target\":[\"https:\/\/gabonnouvellevision.com\/gnv\/2025\/07\/29\/ramon-molina-eleve-commandeur-de-la-liberation-par-oligui-nguema\/\"]}]},{\"@type\":\"ImageObject\",\"inLanguage\":\"fr-FR\",\"@id\":\"https:\/\/gabonnouvellevision.com\/gnv\/2025\/07\/29\/ramon-molina-eleve-commandeur-de-la-liberation-par-oligui-nguema\/#primaryimage\",\"url\":\"https:\/\/gabonnouvellevision.com\/gnv\/wp-content\/uploads\/2025\/07\/524988169_122265322640025336_450726689968782950_n.jpg\",\"contentUrl\":\"https:\/\/gabonnouvellevision.com\/gnv\/wp-content\/uploads\/2025\/07\/524988169_122265322640025336_450726689968782950_n.jpg\",\"width\":2048,\"height\":1435},{\"@type\":\"BreadcrumbList\",\"@id\":\"https:\/\/gabonnouvellevision.com\/gnv\/2025\/07\/29\/ramon-molina-eleve-commandeur-de-la-liberation-par-oligui-nguema\/#breadcrumb\",\"itemListElement\":[{\"@type\":\"ListItem\",\"position\":1,\"name\":\"Accueil\",\"item\":\"https:\/\/gabonnouvellevision.com\/gnv\/\"},{\"@type\":\"ListItem\",\"position\":2,\"name\":\"Ramon Molina \u00e9lev\u00e9 commandeur de la lib\u00e9ration par Oligui Nguema\"}]},{\"@type\":\"WebSite\",\"@id\":\"https:\/\/gabonnouvellevision.com\/gnv\/#website\",\"url\":\"https:\/\/gabonnouvellevision.com\/gnv\/\",\"name\":\"Gabon Nouvelle Vision\",\"description\":\"\",\"publisher\":{\"@id\":\"https:\/\/gabonnouvellevision.com\/gnv\/#organization\"},\"potentialAction\":[{\"@type\":\"SearchAction\",\"target\":{\"@type\":\"EntryPoint\",\"urlTemplate\":\"https:\/\/gabonnouvellevision.com\/gnv\/?s={search_term_string}\"},\"query-input\":{\"@type\":\"PropertyValueSpecification\",\"valueRequired\":true,\"valueName\":\"search_term_string\"}}],\"inLanguage\":\"fr-FR\"},{\"@type\":\"Organization\",\"@id\":\"https:\/\/gabonnouvellevision.com\/gnv\/#organization\",\"name\":\"Gabon Nouvelle Vision\",\"url\":\"https:\/\/gabonnouvellevision.com\/gnv\/\",\"logo\":{\"@type\":\"ImageObject\",\"inLanguage\":\"fr-FR\",\"@id\":\"https:\/\/gabonnouvellevision.com\/gnv\/#\/schema\/logo\/image\/\",\"url\":\"https:\/\/gabonnouvellevision.com\/gnv\/wp-content\/uploads\/2025\/01\/logo-text_Plan-de-travail-1.png\",\"contentUrl\":\"https:\/\/gabonnouvellevision.com\/gnv\/wp-content\/uploads\/2025\/01\/logo-text_Plan-de-travail-1.png\",\"width\":7169,\"height\":2390,\"caption\":\"Gabon Nouvelle Vision\"},\"image\":{\"@id\":\"https:\/\/gabonnouvellevision.com\/gnv\/#\/schema\/logo\/image\/\"},\"sameAs\":[\"https:\/\/www.facebook.com\/GNVofficiel\"]},{\"@type\":\"Person\",\"@id\":\"https:\/\/gabonnouvellevision.com\/gnv\/#\/schema\/person\/4b48e07d222f83c0285affc3704bc899\",\"name\":\"Eyeng Obame\",\"image\":{\"@type\":\"ImageObject\",\"inLanguage\":\"fr-FR\",\"@id\":\"https:\/\/gabonnouvellevision.com\/gnv\/#\/schema\/person\/image\/\",\"url\":\"https:\/\/secure.gravatar.com\/avatar\/167bc03b8baf3c77318a47159f80871de6f5a6cbf4bc8b6af750fbc1a369d7bf?s=96&d=mm&r=g\",\"contentUrl\":\"https:\/\/secure.gravatar.com\/avatar\/167bc03b8baf3c77318a47159f80871de6f5a6cbf4bc8b6af750fbc1a369d7bf?s=96&d=mm&r=g\",\"caption\":\"Eyeng Obame\"},\"url\":\"https:\/\/gabonnouvellevision.com\/gnv\/author\/rufin\/\"}]}<\/script>\n<!-- \/ Yoast SEO plugin. -->","yoast_head_json":{"title":"Ramon Molina \u00e9lev\u00e9 commandeur de la lib\u00e9ration par Oligui Nguema - Gabon Nouvelle Vision","robots":{"index":"index","follow":"follow","max-snippet":"max-snippet:-1","max-image-preview":"max-image-preview:large","max-video-preview":"max-video-preview:-1"},"canonical":"https:\/\/gabonnouvellevision.com\/gnv\/2025\/07\/29\/ramon-molina-eleve-commandeur-de-la-liberation-par-oligui-nguema\/","og_locale":"fr_FR","og_type":"article","og_title":"Ramon Molina \u00e9lev\u00e9 commandeur de la lib\u00e9ration par Oligui Nguema - Gabon Nouvelle Vision","og_description":"Le Pr\u00e9sident de la R\u00e9publique, Brice Clotaire Oligui Nguema, proc\u00e9dant \u00e0 la d\u00e9coration de l\u2019Ambassadeur d\u2019Espagne, Ramon Molina, lundi 28 juillet 2025 \u00e0 Libreville. Com.Pr\u00e9sidentielle Le Pr\u00e9sident de la R\u00e9publique, Brice Clotaire Oligui Nguema, a proc\u00e9d\u00e9 hier, au Palais pr\u00e9sidentiel de Libreville, \u00e0 la d\u00e9coration de Ram\u00f3n Molina Llad\u00f3, ambassadeur extraordinaire et pl\u00e9nipotentiaire du Royaume [&hellip;]","og_url":"https:\/\/gabonnouvellevision.com\/gnv\/2025\/07\/29\/ramon-molina-eleve-commandeur-de-la-liberation-par-oligui-nguema\/","og_site_name":"Gabon Nouvelle Vision","article_publisher":"https:\/\/www.facebook.com\/GNVofficiel","article_published_time":"2025-07-29T10:00:56+00:00","article_modified_time":"2025-07-29T10:00:58+00:00","og_image":[{"width":2048,"height":1435,"url":"https:\/\/gabonnouvellevision.com\/gnv\/wp-content\/uploads\/2025\/07\/524988169_122265322640025336_450726689968782950_n.jpg","type":"image\/jpeg"}],"author":"Eyeng Obame","twitter_card":"summary_large_image","twitter_misc":{"\u00c9crit par":"Eyeng Obame","Dur\u00e9e de lecture estim\u00e9e":"2 minutes"},"schema":{"@context":"https:\/\/schema.org","@graph":[{"@type":"Article","@id":"https:\/\/gabonnouvellevision.com\/gnv\/2025\/07\/29\/ramon-molina-eleve-commandeur-de-la-liberation-par-oligui-nguema\/#article","isPartOf":{"@id":"https:\/\/gabonnouvellevision.com\/gnv\/2025\/07\/29\/ramon-molina-eleve-commandeur-de-la-liberation-par-oligui-nguema\/"},"author":{"name":"Eyeng Obame","@id":"https:\/\/gabonnouvellevision.com\/gnv\/#\/schema\/person\/4b48e07d222f83c0285affc3704bc899"},"headline":"Ramon Molina \u00e9lev\u00e9 commandeur de la lib\u00e9ration par Oligui Nguema","datePublished":"2025-07-29T10:00:56+00:00","dateModified":"2025-07-29T10:00:58+00:00","mainEntityOfPage":{"@id":"https:\/\/gabonnouvellevision.com\/gnv\/2025\/07\/29\/ramon-molina-eleve-commandeur-de-la-liberation-par-oligui-nguema\/"},"wordCount":232,"commentCount":0,"publisher":{"@id":"https:\/\/gabonnouvellevision.com\/gnv\/#organization"},"image":{"@id":"https:\/\/gabonnouvellevision.com\/gnv\/2025\/07\/29\/ramon-molina-eleve-commandeur-de-la-liberation-par-oligui-nguema\/#primaryimage"},"thumbnailUrl":"https:\/\/gabonnouvellevision.com\/gnv\/wp-content\/uploads\/2025\/07\/524988169_122265322640025336_450726689968782950_n.jpg","articleSection":["A la une","Actualites","Diplomatie"],"inLanguage":"fr-FR","potentialAction":[{"@type":"CommentAction","name":"Comment","target":["https:\/\/gabonnouvellevision.com\/gnv\/2025\/07\/29\/ramon-molina-eleve-commandeur-de-la-liberation-par-oligui-nguema\/#respond"]}]},{"@type":"WebPage","@id":"https:\/\/gabonnouvellevision.com\/gnv\/2025\/07\/29\/ramon-molina-eleve-commandeur-de-la-liberation-par-oligui-nguema\/","url":"https:\/\/gabonnouvellevision.com\/gnv\/2025\/07\/29\/ramon-molina-eleve-commandeur-de-la-liberation-par-oligui-nguema\/","name":"Ramon Molina \u00e9lev\u00e9 commandeur de la lib\u00e9ration par Oligui Nguema - Gabon Nouvelle Vision","isPartOf":{"@id":"https:\/\/gabonnouvellevision.com\/gnv\/#website"},"primaryImageOfPage":{"@id":"https:\/\/gabonnouvellevision.com\/gnv\/2025\/07\/29\/ramon-molina-eleve-commandeur-de-la-liberation-par-oligui-nguema\/#primaryimage"},"image":{"@id":"https:\/\/gabonnouvellevision.com\/gnv\/2025\/07\/29\/ramon-molina-eleve-commandeur-de-la-liberation-par-oligui-nguema\/#primaryimage"},"thumbnailUrl":"https:\/\/gabonnouvellevision.com\/gnv\/wp-content\/uploads\/2025\/07\/524988169_122265322640025336_450726689968782950_n.jpg","datePublished":"2025-07-29T10:00:56+00:00","dateModified":"2025-07-29T10:00:58+00:00","breadcrumb":{"@id":"https:\/\/gabonnouvellevision.com\/gnv\/2025\/07\/29\/ramon-molina-eleve-commandeur-de-la-liberation-par-oligui-nguema\/#breadcrumb"},"inLanguage":"fr-FR","potentialAction":[{"@type":"ReadAction","target":["https:\/\/gabonnouvellevision.com\/gnv\/2025\/07\/29\/ramon-molina-eleve-commandeur-de-la-liberation-par-oligui-nguema\/"]}]},{"@type":"ImageObject","inLanguage":"fr-FR","@id":"https:\/\/gabonnouvellevision.com\/gnv\/2025\/07\/29\/ramon-molina-eleve-commandeur-de-la-liberation-par-oligui-nguema\/#primaryimage","url":"https:\/\/gabonnouvellevision.com\/gnv\/wp-content\/uploads\/2025\/07\/524988169_122265322640025336_450726689968782950_n.jpg","contentUrl":"https:\/\/gabonnouvellevision.com\/gnv\/wp-content\/uploads\/2025\/07\/524988169_122265322640025336_450726689968782950_n.jpg","width":2048,"height":1435},{"@type":"BreadcrumbList","@id":"https:\/\/gabonnouvellevision.com\/gnv\/2025\/07\/29\/ramon-molina-eleve-commandeur-de-la-liberation-par-oligui-nguema\/#breadcrumb","itemListElement":[{"@type":"ListItem","position":1,"name":"Accueil","item":"https:\/\/gabonnouvellevision.com\/gnv\/"},{"@type":"ListItem","position":2,"name":"Ramon Molina \u00e9lev\u00e9 commandeur de la lib\u00e9ration par Oligui Nguema"}]},{"@type":"WebSite","@id":"https:\/\/gabonnouvellevision.com\/gnv\/#website","url":"https:\/\/gabonnouvellevision.com\/gnv\/","name":"Gabon Nouvelle Vision","description":"","publisher":{"@id":"https:\/\/gabonnouvellevision.com\/gnv\/#organization"},"potentialAction":[{"@type":"SearchAction","target":{"@type":"EntryPoint","urlTemplate":"https:\/\/gabonnouvellevision.com\/gnv\/?s={search_term_string}"},"query-input":{"@type":"PropertyValueSpecification","valueRequired":true,"valueName":"search_term_string"}}],"inLanguage":"fr-FR"},{"@type":"Organization","@id":"https:\/\/gabonnouvellevision.com\/gnv\/#organization","name":"Gabon Nouvelle Vision","url":"https:\/\/gabonnouvellevision.com\/gnv\/","logo":{"@type":"ImageObject","inLanguage":"fr-FR","@id":"https:\/\/gabonnouvellevision.com\/gnv\/#\/schema\/logo\/image\/","url":"https:\/\/gabonnouvellevision.com\/gnv\/wp-content\/uploads\/2025\/01\/logo-text_Plan-de-travail-1.png","contentUrl":"https:\/\/gabonnouvellevision.com\/gnv\/wp-content\/uploads\/2025\/01\/logo-text_Plan-de-travail-1.png","width":7169,"height":2390,"caption":"Gabon Nouvelle Vision"},"image":{"@id":"https:\/\/gabonnouvellevision.com\/gnv\/#\/schema\/logo\/image\/"},"sameAs":["https:\/\/www.facebook.com\/GNVofficiel"]},{"@type":"Person","@id":"https:\/\/gabonnouvellevision.com\/gnv\/#\/schema\/person\/4b48e07d222f83c0285affc3704bc899","name":"Eyeng Obame","image":{"@type":"ImageObject","inLanguage":"fr-FR","@id":"https:\/\/gabonnouvellevision.com\/gnv\/#\/schema\/person\/image\/","url":"https:\/\/secure.gravatar.com\/avatar\/167bc03b8baf3c77318a47159f80871de6f5a6cbf4bc8b6af750fbc1a369d7bf?s=96&d=mm&r=g","contentUrl":"https:\/\/secure.gravatar.com\/avatar\/167bc03b8baf3c77318a47159f80871de6f5a6cbf4bc8b6af750fbc1a369d7bf?s=96&d=mm&r=g","caption":"Eyeng Obame"},"url":"https:\/\/gabonnouvellevision.com\/gnv\/author\/rufin\/"}]}},"_links":{"self":[{"href":"https:\/\/gabonnouvellevision.com\/gnv\/wp-json\/wp\/v2\/posts\/24150","targetHints":{"allow":["GET"]}}],"collection":[{"href":"https:\/\/gabonnouvellevision.com\/gnv\/wp-json\/wp\/v2\/posts"}],"about":[{"href":"https:\/\/gabonnouvellevision.com\/gnv\/wp-json\/wp\/v2\/types\/post"}],"author":[{"embeddable":true,"href":"https:\/\/gabonnouvellevision.com\/gnv\/wp-json\/wp\/v2\/users\/7"}],"replies":[{"embeddable":true,"href":"https:\/\/gabonnouvellevision.com\/gnv\/wp-json\/wp\/v2\/comments?post=24150"}],"version-history":[{"count":1,"href":"https:\/\/gabonnouvellevision.com\/gnv\/wp-json\/wp\/v2\/posts\/24150\/revisions"}],"predecessor-version":[{"id":24152,"href":"https:\/\/gabonnouvellevision.com\/gnv\/wp-json\/wp\/v2\/posts\/24150\/revisions\/24152"}],"wp:featuredmedia":[{"embeddable":true,"href":"https:\/\/gabonnouvellevision.com\/gnv\/wp-json\/wp\/v2\/media\/24151"}],"wp:attachment":[{"href":"https:\/\/gabonnouvellevision.com\/gnv\/wp-json\/wp\/v2\/media?parent=24150"}],"wp:term":[{"taxonomy":"category","embeddable":true,"href":"https:\/\/gabonnouvellevision.com\/gnv\/wp-json\/wp\/v2\/categories?post=24150"},{"taxonomy":"post_tag","embeddable":true,"href":"https:\/\/gabonnouvellevision.com\/gnv\/wp-json\/wp\/v2\/tags?post=24150"}],"curies":[{"name":"wp","href":"https:\/\/api.w.org\/{rel}","templated":true}]}}