{"id":24146,"date":"2025-07-28T11:41:37","date_gmt":"2025-07-28T09:41:37","guid":{"rendered":"https:\/\/gabonnouvellevision.com\/gnv\/?p=24146"},"modified":"2025-07-28T11:41:41","modified_gmt":"2025-07-28T09:41:41","slug":"le-gabon-fait-sensation-a-lexposition-universelle-osaka-2025","status":"publish","type":"post","link":"https:\/\/gabonnouvellevision.com\/gnv\/2025\/07\/28\/le-gabon-fait-sensation-a-lexposition-universelle-osaka-2025\/","title":{"rendered":"Le Gabon fait sensation \u00e0 l&rsquo;exposition universelle Osaka 2025!"},"content":{"rendered":"\n<p>La parade culturelle du Gabon \u00e0 Osaka 2025.Com.Pr\u00e9sidentielle<\/p>\n\n\n\n<p><strong><em>Le Gabon a c\u00e9l\u00e9br\u00e9 avec fiert\u00e9 sa Journ\u00e9e Nationale \u00e0 l\u2019Exposition Universelle Osaka 2025, samedi dernier au Japon sous le th\u00e8me : \u00ab Notre for\u00eat, moteur universel qui sauve des vies \u00bb. Occasion de r\u00e9affirmer son engagement multisectoriel avec le pays du soleil levant.<\/em><\/strong><\/p>\n\n\n\n<p>Au menu de cette journ\u00e9e de samedi 26 juillet dernier, inscrite dans la semaine d\u00e9di\u00e9e au Gabon du 23-au 30 juillet 2025, des temps forts diplomatiques, \u00e9conomiques, culturels et gastronomiques.<\/p>\n\n\n\n<p>Une C\u00e9r\u00e9monie officielle riche en couleur qui a vu la pr\u00e9sence du Vice-Pr\u00e9sident du Gouvernement, Hugues Alexandre Barro Chambrier, repr\u00e9sentant du Chef de l\u2019\u00c9tat, Brice Clotaire Oligui Nguema. Mais aussi d\u2019autres activit\u00e9s entre autres, une Conf\u00e9rence de presse face aux m\u00e9dias japonais ; une Parade culturelle dans l\u2019anneau central ; une Proclamation des r\u00e9sultats du concours \u00ab Amazing Gabon \u00bb ; -une valorisation du raphia au Pavillon des Femmes ; et un D\u00eener de gala fusion Gabon-Japon sign\u00e9 par la Cheffe Anto.<\/p>\n\n\n\n<p>Le Gabon a r\u00e9affirm\u00e9 son engagement pour des partenariats durables avec le Japon, fond\u00e9s sur l\u2019innovation verte, la souverainet\u00e9 \u00e9conomique et le respect mutuel.<\/p>\n\n\n\n<p>Un moment fort de la Semaine du Gabon (23\u201330 juillet), vitrine de l\u2019ambition gabonaise sur la sc\u00e8ne internationale.<\/p>\n\n\n\n<p><strong>&nbsp;Rufin Martial Oke Nze<\/strong><\/p>\n\n\n\n<p><strong>Source: Communication Pr\u00e9sidentielle<\/strong><\/p>\n","protected":false},"excerpt":{"rendered":"<p>La parade culturelle du Gabon \u00e0 Osaka 2025.Com.Pr\u00e9sidentielle Le Gabon a c\u00e9l\u00e9br\u00e9 avec fiert\u00e9 sa Journ\u00e9e Nationale \u00e0 l\u2019Exposition Universelle Osaka 2025, samedi dernier au Japon sous le th\u00e8me : \u00ab Notre for\u00eat, moteur universel qui sauve des vies \u00bb. Occasion de r\u00e9affirmer son engagement multisectoriel avec le pays du soleil levant. Au menu de [&hellip;]<\/p>\n","protected":false},"author":7,"featured_media":24147,"comment_status":"open","ping_status":"open","sticky":false,"template":"","format":"standard","meta":{"footnotes":""},"categories":[57,55,68],"tags":[],"class_list":["post-24146","post","type-post","status-publish","format-standard","has-post-thumbnail","hentry","category-a-la-une","category-actualites","category-culture"],"yoast_head":"<!-- This site is optimized with the Yoast SEO plugin v24.2 - https:\/\/yoast.com\/wordpress\/plugins\/seo\/ -->\n<title>Le Gabon fait sensation \u00e0 l&#039;exposition universelle Osaka 2025! - Gabon Nouvelle Vision<\/title>\n<meta name=\"robots\" content=\"index, follow, max-snippet:-1, max-image-preview:large, max-video-preview:-1\" \/>\n<link rel=\"canonical\" href=\"https:\/\/gabonnouvellevision.com\/gnv\/2025\/07\/28\/le-gabon-fait-sensation-a-lexposition-universelle-osaka-2025\/\" \/>\n<meta property=\"og:locale\" content=\"fr_FR\" \/>\n<meta property=\"og:type\" content=\"article\" \/>\n<meta property=\"og:title\" content=\"Le Gabon fait sensation \u00e0 l&#039;exposition universelle Osaka 2025! - Gabon Nouvelle Vision\" \/>\n<meta property=\"og:description\" content=\"La parade culturelle du Gabon \u00e0 Osaka 2025.Com.Pr\u00e9sidentielle Le Gabon a c\u00e9l\u00e9br\u00e9 avec fiert\u00e9 sa Journ\u00e9e Nationale \u00e0 l\u2019Exposition Universelle Osaka 2025, samedi dernier au Japon sous le th\u00e8me : \u00ab Notre for\u00eat, moteur universel qui sauve des vies \u00bb. Occasion de r\u00e9affirmer son engagement multisectoriel avec le pays du soleil levant. Au menu de [&hellip;]\" \/>\n<meta property=\"og:url\" content=\"https:\/\/gabonnouvellevision.com\/gnv\/2025\/07\/28\/le-gabon-fait-sensation-a-lexposition-universelle-osaka-2025\/\" \/>\n<meta property=\"og:site_name\" content=\"Gabon Nouvelle Vision\" \/>\n<meta property=\"article:publisher\" content=\"https:\/\/www.facebook.com\/GNVofficiel\" \/>\n<meta property=\"article:published_time\" content=\"2025-07-28T09:41:37+00:00\" \/>\n<meta property=\"article:modified_time\" content=\"2025-07-28T09:41:41+00:00\" \/>\n<meta property=\"og:image\" content=\"https:\/\/gabonnouvellevision.com\/gnv\/wp-content\/uploads\/2025\/07\/524869825_122265128252025336_709623283632045135_n.jpg\" \/>\n\t<meta property=\"og:image:width\" content=\"2048\" \/>\n\t<meta property=\"og:image:height\" content=\"1152\" \/>\n\t<meta property=\"og:image:type\" content=\"image\/jpeg\" \/>\n<meta name=\"author\" content=\"Eyeng Obame\" \/>\n<meta name=\"twitter:card\" content=\"summary_large_image\" \/>\n<meta name=\"twitter:label1\" content=\"\u00c9crit par\" \/>\n\t<meta name=\"twitter:data1\" content=\"Eyeng Obame\" \/>\n\t<meta name=\"twitter:label2\" content=\"Dur\u00e9e de lecture estim\u00e9e\" \/>\n\t<meta name=\"twitter:data2\" content=\"2 minutes\" \/>\n<script type=\"application\/ld+json\" class=\"yoast-schema-graph\">{\"@context\":\"https:\/\/schema.org\",\"@graph\":[{\"@type\":\"Article\",\"@id\":\"https:\/\/gabonnouvellevision.com\/gnv\/2025\/07\/28\/le-gabon-fait-sensation-a-lexposition-universelle-osaka-2025\/#article\",\"isPartOf\":{\"@id\":\"https:\/\/gabonnouvellevision.com\/gnv\/2025\/07\/28\/le-gabon-fait-sensation-a-lexposition-universelle-osaka-2025\/\"},\"author\":{\"name\":\"Eyeng Obame\",\"@id\":\"https:\/\/gabonnouvellevision.com\/gnv\/#\/schema\/person\/4b48e07d222f83c0285affc3704bc899\"},\"headline\":\"Le Gabon fait sensation \u00e0 l&rsquo;exposition universelle Osaka 2025!\",\"datePublished\":\"2025-07-28T09:41:37+00:00\",\"dateModified\":\"2025-07-28T09:41:41+00:00\",\"mainEntityOfPage\":{\"@id\":\"https:\/\/gabonnouvellevision.com\/gnv\/2025\/07\/28\/le-gabon-fait-sensation-a-lexposition-universelle-osaka-2025\/\"},\"wordCount\":236,\"commentCount\":0,\"publisher\":{\"@id\":\"https:\/\/gabonnouvellevision.com\/gnv\/#organization\"},\"image\":{\"@id\":\"https:\/\/gabonnouvellevision.com\/gnv\/2025\/07\/28\/le-gabon-fait-sensation-a-lexposition-universelle-osaka-2025\/#primaryimage\"},\"thumbnailUrl\":\"https:\/\/gabonnouvellevision.com\/gnv\/wp-content\/uploads\/2025\/07\/524869825_122265128252025336_709623283632045135_n.jpg\",\"articleSection\":[\"A la une\",\"Actualites\",\"Culture\"],\"inLanguage\":\"fr-FR\",\"potentialAction\":[{\"@type\":\"CommentAction\",\"name\":\"Comment\",\"target\":[\"https:\/\/gabonnouvellevision.com\/gnv\/2025\/07\/28\/le-gabon-fait-sensation-a-lexposition-universelle-osaka-2025\/#respond\"]}]},{\"@type\":\"WebPage\",\"@id\":\"https:\/\/gabonnouvellevision.com\/gnv\/2025\/07\/28\/le-gabon-fait-sensation-a-lexposition-universelle-osaka-2025\/\",\"url\":\"https:\/\/gabonnouvellevision.com\/gnv\/2025\/07\/28\/le-gabon-fait-sensation-a-lexposition-universelle-osaka-2025\/\",\"name\":\"Le Gabon fait sensation \u00e0 l'exposition universelle Osaka 2025! - Gabon Nouvelle Vision\",\"isPartOf\":{\"@id\":\"https:\/\/gabonnouvellevision.com\/gnv\/#website\"},\"primaryImageOfPage\":{\"@id\":\"https:\/\/gabonnouvellevision.com\/gnv\/2025\/07\/28\/le-gabon-fait-sensation-a-lexposition-universelle-osaka-2025\/#primaryimage\"},\"image\":{\"@id\":\"https:\/\/gabonnouvellevision.com\/gnv\/2025\/07\/28\/le-gabon-fait-sensation-a-lexposition-universelle-osaka-2025\/#primaryimage\"},\"thumbnailUrl\":\"https:\/\/gabonnouvellevision.com\/gnv\/wp-content\/uploads\/2025\/07\/524869825_122265128252025336_709623283632045135_n.jpg\",\"datePublished\":\"2025-07-28T09:41:37+00:00\",\"dateModified\":\"2025-07-28T09:41:41+00:00\",\"breadcrumb\":{\"@id\":\"https:\/\/gabonnouvellevision.com\/gnv\/2025\/07\/28\/le-gabon-fait-sensation-a-lexposition-universelle-osaka-2025\/#breadcrumb\"},\"inLanguage\":\"fr-FR\",\"potentialAction\":[{\"@type\":\"ReadAction\",\"target\":[\"https:\/\/gabonnouvellevision.com\/gnv\/2025\/07\/28\/le-gabon-fait-sensation-a-lexposition-universelle-osaka-2025\/\"]}]},{\"@type\":\"ImageObject\",\"inLanguage\":\"fr-FR\",\"@id\":\"https:\/\/gabonnouvellevision.com\/gnv\/2025\/07\/28\/le-gabon-fait-sensation-a-lexposition-universelle-osaka-2025\/#primaryimage\",\"url\":\"https:\/\/gabonnouvellevision.com\/gnv\/wp-content\/uploads\/2025\/07\/524869825_122265128252025336_709623283632045135_n.jpg\",\"contentUrl\":\"https:\/\/gabonnouvellevision.com\/gnv\/wp-content\/uploads\/2025\/07\/524869825_122265128252025336_709623283632045135_n.jpg\",\"width\":2048,\"height\":1152},{\"@type\":\"BreadcrumbList\",\"@id\":\"https:\/\/gabonnouvellevision.com\/gnv\/2025\/07\/28\/le-gabon-fait-sensation-a-lexposition-universelle-osaka-2025\/#breadcrumb\",\"itemListElement\":[{\"@type\":\"ListItem\",\"position\":1,\"name\":\"Accueil\",\"item\":\"https:\/\/gabonnouvellevision.com\/gnv\/\"},{\"@type\":\"ListItem\",\"position\":2,\"name\":\"Le Gabon fait sensation \u00e0 l&rsquo;exposition universelle Osaka 2025!\"}]},{\"@type\":\"WebSite\",\"@id\":\"https:\/\/gabonnouvellevision.com\/gnv\/#website\",\"url\":\"https:\/\/gabonnouvellevision.com\/gnv\/\",\"name\":\"Gabon Nouvelle Vision\",\"description\":\"\",\"publisher\":{\"@id\":\"https:\/\/gabonnouvellevision.com\/gnv\/#organization\"},\"potentialAction\":[{\"@type\":\"SearchAction\",\"target\":{\"@type\":\"EntryPoint\",\"urlTemplate\":\"https:\/\/gabonnouvellevision.com\/gnv\/?s={search_term_string}\"},\"query-input\":{\"@type\":\"PropertyValueSpecification\",\"valueRequired\":true,\"valueName\":\"search_term_string\"}}],\"inLanguage\":\"fr-FR\"},{\"@type\":\"Organization\",\"@id\":\"https:\/\/gabonnouvellevision.com\/gnv\/#organization\",\"name\":\"Gabon Nouvelle Vision\",\"url\":\"https:\/\/gabonnouvellevision.com\/gnv\/\",\"logo\":{\"@type\":\"ImageObject\",\"inLanguage\":\"fr-FR\",\"@id\":\"https:\/\/gabonnouvellevision.com\/gnv\/#\/schema\/logo\/image\/\",\"url\":\"https:\/\/gabonnouvellevision.com\/gnv\/wp-content\/uploads\/2025\/01\/logo-text_Plan-de-travail-1.png\",\"contentUrl\":\"https:\/\/gabonnouvellevision.com\/gnv\/wp-content\/uploads\/2025\/01\/logo-text_Plan-de-travail-1.png\",\"width\":7169,\"height\":2390,\"caption\":\"Gabon Nouvelle Vision\"},\"image\":{\"@id\":\"https:\/\/gabonnouvellevision.com\/gnv\/#\/schema\/logo\/image\/\"},\"sameAs\":[\"https:\/\/www.facebook.com\/GNVofficiel\"]},{\"@type\":\"Person\",\"@id\":\"https:\/\/gabonnouvellevision.com\/gnv\/#\/schema\/person\/4b48e07d222f83c0285affc3704bc899\",\"name\":\"Eyeng Obame\",\"image\":{\"@type\":\"ImageObject\",\"inLanguage\":\"fr-FR\",\"@id\":\"https:\/\/gabonnouvellevision.com\/gnv\/#\/schema\/person\/image\/\",\"url\":\"https:\/\/secure.gravatar.com\/avatar\/167bc03b8baf3c77318a47159f80871de6f5a6cbf4bc8b6af750fbc1a369d7bf?s=96&d=mm&r=g\",\"contentUrl\":\"https:\/\/secure.gravatar.com\/avatar\/167bc03b8baf3c77318a47159f80871de6f5a6cbf4bc8b6af750fbc1a369d7bf?s=96&d=mm&r=g\",\"caption\":\"Eyeng Obame\"},\"url\":\"https:\/\/gabonnouvellevision.com\/gnv\/author\/rufin\/\"}]}<\/script>\n<!-- \/ Yoast SEO plugin. -->","yoast_head_json":{"title":"Le Gabon fait sensation \u00e0 l'exposition universelle Osaka 2025! - Gabon Nouvelle Vision","robots":{"index":"index","follow":"follow","max-snippet":"max-snippet:-1","max-image-preview":"max-image-preview:large","max-video-preview":"max-video-preview:-1"},"canonical":"https:\/\/gabonnouvellevision.com\/gnv\/2025\/07\/28\/le-gabon-fait-sensation-a-lexposition-universelle-osaka-2025\/","og_locale":"fr_FR","og_type":"article","og_title":"Le Gabon fait sensation \u00e0 l'exposition universelle Osaka 2025! - Gabon Nouvelle Vision","og_description":"La parade culturelle du Gabon \u00e0 Osaka 2025.Com.Pr\u00e9sidentielle Le Gabon a c\u00e9l\u00e9br\u00e9 avec fiert\u00e9 sa Journ\u00e9e Nationale \u00e0 l\u2019Exposition Universelle Osaka 2025, samedi dernier au Japon sous le th\u00e8me : \u00ab Notre for\u00eat, moteur universel qui sauve des vies \u00bb. Occasion de r\u00e9affirmer son engagement multisectoriel avec le pays du soleil levant. Au menu de [&hellip;]","og_url":"https:\/\/gabonnouvellevision.com\/gnv\/2025\/07\/28\/le-gabon-fait-sensation-a-lexposition-universelle-osaka-2025\/","og_site_name":"Gabon Nouvelle Vision","article_publisher":"https:\/\/www.facebook.com\/GNVofficiel","article_published_time":"2025-07-28T09:41:37+00:00","article_modified_time":"2025-07-28T09:41:41+00:00","og_image":[{"width":2048,"height":1152,"url":"https:\/\/gabonnouvellevision.com\/gnv\/wp-content\/uploads\/2025\/07\/524869825_122265128252025336_709623283632045135_n.jpg","type":"image\/jpeg"}],"author":"Eyeng Obame","twitter_card":"summary_large_image","twitter_misc":{"\u00c9crit par":"Eyeng Obame","Dur\u00e9e de lecture estim\u00e9e":"2 minutes"},"schema":{"@context":"https:\/\/schema.org","@graph":[{"@type":"Article","@id":"https:\/\/gabonnouvellevision.com\/gnv\/2025\/07\/28\/le-gabon-fait-sensation-a-lexposition-universelle-osaka-2025\/#article","isPartOf":{"@id":"https:\/\/gabonnouvellevision.com\/gnv\/2025\/07\/28\/le-gabon-fait-sensation-a-lexposition-universelle-osaka-2025\/"},"author":{"name":"Eyeng Obame","@id":"https:\/\/gabonnouvellevision.com\/gnv\/#\/schema\/person\/4b48e07d222f83c0285affc3704bc899"},"headline":"Le Gabon fait sensation \u00e0 l&rsquo;exposition universelle Osaka 2025!","datePublished":"2025-07-28T09:41:37+00:00","dateModified":"2025-07-28T09:41:41+00:00","mainEntityOfPage":{"@id":"https:\/\/gabonnouvellevision.com\/gnv\/2025\/07\/28\/le-gabon-fait-sensation-a-lexposition-universelle-osaka-2025\/"},"wordCount":236,"commentCount":0,"publisher":{"@id":"https:\/\/gabonnouvellevision.com\/gnv\/#organization"},"image":{"@id":"https:\/\/gabonnouvellevision.com\/gnv\/2025\/07\/28\/le-gabon-fait-sensation-a-lexposition-universelle-osaka-2025\/#primaryimage"},"thumbnailUrl":"https:\/\/gabonnouvellevision.com\/gnv\/wp-content\/uploads\/2025\/07\/524869825_122265128252025336_709623283632045135_n.jpg","articleSection":["A la une","Actualites","Culture"],"inLanguage":"fr-FR","potentialAction":[{"@type":"CommentAction","name":"Comment","target":["https:\/\/gabonnouvellevision.com\/gnv\/2025\/07\/28\/le-gabon-fait-sensation-a-lexposition-universelle-osaka-2025\/#respond"]}]},{"@type":"WebPage","@id":"https:\/\/gabonnouvellevision.com\/gnv\/2025\/07\/28\/le-gabon-fait-sensation-a-lexposition-universelle-osaka-2025\/","url":"https:\/\/gabonnouvellevision.com\/gnv\/2025\/07\/28\/le-gabon-fait-sensation-a-lexposition-universelle-osaka-2025\/","name":"Le Gabon fait sensation \u00e0 l'exposition universelle Osaka 2025! - Gabon Nouvelle Vision","isPartOf":{"@id":"https:\/\/gabonnouvellevision.com\/gnv\/#website"},"primaryImageOfPage":{"@id":"https:\/\/gabonnouvellevision.com\/gnv\/2025\/07\/28\/le-gabon-fait-sensation-a-lexposition-universelle-osaka-2025\/#primaryimage"},"image":{"@id":"https:\/\/gabonnouvellevision.com\/gnv\/2025\/07\/28\/le-gabon-fait-sensation-a-lexposition-universelle-osaka-2025\/#primaryimage"},"thumbnailUrl":"https:\/\/gabonnouvellevision.com\/gnv\/wp-content\/uploads\/2025\/07\/524869825_122265128252025336_709623283632045135_n.jpg","datePublished":"2025-07-28T09:41:37+00:00","dateModified":"2025-07-28T09:41:41+00:00","breadcrumb":{"@id":"https:\/\/gabonnouvellevision.com\/gnv\/2025\/07\/28\/le-gabon-fait-sensation-a-lexposition-universelle-osaka-2025\/#breadcrumb"},"inLanguage":"fr-FR","potentialAction":[{"@type":"ReadAction","target":["https:\/\/gabonnouvellevision.com\/gnv\/2025\/07\/28\/le-gabon-fait-sensation-a-lexposition-universelle-osaka-2025\/"]}]},{"@type":"ImageObject","inLanguage":"fr-FR","@id":"https:\/\/gabonnouvellevision.com\/gnv\/2025\/07\/28\/le-gabon-fait-sensation-a-lexposition-universelle-osaka-2025\/#primaryimage","url":"https:\/\/gabonnouvellevision.com\/gnv\/wp-content\/uploads\/2025\/07\/524869825_122265128252025336_709623283632045135_n.jpg","contentUrl":"https:\/\/gabonnouvellevision.com\/gnv\/wp-content\/uploads\/2025\/07\/524869825_122265128252025336_709623283632045135_n.jpg","width":2048,"height":1152},{"@type":"BreadcrumbList","@id":"https:\/\/gabonnouvellevision.com\/gnv\/2025\/07\/28\/le-gabon-fait-sensation-a-lexposition-universelle-osaka-2025\/#breadcrumb","itemListElement":[{"@type":"ListItem","position":1,"name":"Accueil","item":"https:\/\/gabonnouvellevision.com\/gnv\/"},{"@type":"ListItem","position":2,"name":"Le Gabon fait sensation \u00e0 l&rsquo;exposition universelle Osaka 2025!"}]},{"@type":"WebSite","@id":"https:\/\/gabonnouvellevision.com\/gnv\/#website","url":"https:\/\/gabonnouvellevision.com\/gnv\/","name":"Gabon Nouvelle Vision","description":"","publisher":{"@id":"https:\/\/gabonnouvellevision.com\/gnv\/#organization"},"potentialAction":[{"@type":"SearchAction","target":{"@type":"EntryPoint","urlTemplate":"https:\/\/gabonnouvellevision.com\/gnv\/?s={search_term_string}"},"query-input":{"@type":"PropertyValueSpecification","valueRequired":true,"valueName":"search_term_string"}}],"inLanguage":"fr-FR"},{"@type":"Organization","@id":"https:\/\/gabonnouvellevision.com\/gnv\/#organization","name":"Gabon Nouvelle Vision","url":"https:\/\/gabonnouvellevision.com\/gnv\/","logo":{"@type":"ImageObject","inLanguage":"fr-FR","@id":"https:\/\/gabonnouvellevision.com\/gnv\/#\/schema\/logo\/image\/","url":"https:\/\/gabonnouvellevision.com\/gnv\/wp-content\/uploads\/2025\/01\/logo-text_Plan-de-travail-1.png","contentUrl":"https:\/\/gabonnouvellevision.com\/gnv\/wp-content\/uploads\/2025\/01\/logo-text_Plan-de-travail-1.png","width":7169,"height":2390,"caption":"Gabon Nouvelle Vision"},"image":{"@id":"https:\/\/gabonnouvellevision.com\/gnv\/#\/schema\/logo\/image\/"},"sameAs":["https:\/\/www.facebook.com\/GNVofficiel"]},{"@type":"Person","@id":"https:\/\/gabonnouvellevision.com\/gnv\/#\/schema\/person\/4b48e07d222f83c0285affc3704bc899","name":"Eyeng Obame","image":{"@type":"ImageObject","inLanguage":"fr-FR","@id":"https:\/\/gabonnouvellevision.com\/gnv\/#\/schema\/person\/image\/","url":"https:\/\/secure.gravatar.com\/avatar\/167bc03b8baf3c77318a47159f80871de6f5a6cbf4bc8b6af750fbc1a369d7bf?s=96&d=mm&r=g","contentUrl":"https:\/\/secure.gravatar.com\/avatar\/167bc03b8baf3c77318a47159f80871de6f5a6cbf4bc8b6af750fbc1a369d7bf?s=96&d=mm&r=g","caption":"Eyeng Obame"},"url":"https:\/\/gabonnouvellevision.com\/gnv\/author\/rufin\/"}]}},"_links":{"self":[{"href":"https:\/\/gabonnouvellevision.com\/gnv\/wp-json\/wp\/v2\/posts\/24146","targetHints":{"allow":["GET"]}}],"collection":[{"href":"https:\/\/gabonnouvellevision.com\/gnv\/wp-json\/wp\/v2\/posts"}],"about":[{"href":"https:\/\/gabonnouvellevision.com\/gnv\/wp-json\/wp\/v2\/types\/post"}],"author":[{"embeddable":true,"href":"https:\/\/gabonnouvellevision.com\/gnv\/wp-json\/wp\/v2\/users\/7"}],"replies":[{"embeddable":true,"href":"https:\/\/gabonnouvellevision.com\/gnv\/wp-json\/wp\/v2\/comments?post=24146"}],"version-history":[{"count":1,"href":"https:\/\/gabonnouvellevision.com\/gnv\/wp-json\/wp\/v2\/posts\/24146\/revisions"}],"predecessor-version":[{"id":24148,"href":"https:\/\/gabonnouvellevision.com\/gnv\/wp-json\/wp\/v2\/posts\/24146\/revisions\/24148"}],"wp:featuredmedia":[{"embeddable":true,"href":"https:\/\/gabonnouvellevision.com\/gnv\/wp-json\/wp\/v2\/media\/24147"}],"wp:attachment":[{"href":"https:\/\/gabonnouvellevision.com\/gnv\/wp-json\/wp\/v2\/media?parent=24146"}],"wp:term":[{"taxonomy":"category","embeddable":true,"href":"https:\/\/gabonnouvellevision.com\/gnv\/wp-json\/wp\/v2\/categories?post=24146"},{"taxonomy":"post_tag","embeddable":true,"href":"https:\/\/gabonnouvellevision.com\/gnv\/wp-json\/wp\/v2\/tags?post=24146"}],"curies":[{"name":"wp","href":"https:\/\/api.w.org\/{rel}","templated":true}]}}