{"id":24141,"date":"2025-07-25T11:20:49","date_gmt":"2025-07-25T09:20:49","guid":{"rendered":"https:\/\/gabonnouvellevision.com\/gnv\/?p=24141"},"modified":"2025-07-25T11:20:51","modified_gmt":"2025-07-25T09:20:51","slug":"barro-chambrier-represente-oligui-nguema-a-osaka-kansai-2025","status":"publish","type":"post","link":"https:\/\/gabonnouvellevision.com\/gnv\/2025\/07\/25\/barro-chambrier-represente-oligui-nguema-a-osaka-kansai-2025\/","title":{"rendered":"Barro Chambrier repr\u00e9sente Oligui Nguema \u00e0 Osaka-Kansai 2025"},"content":{"rendered":"\n<p>Lanc\u00e9e le 23 juillet dernier, la Semaine du Gabon a d\u00e9but\u00e9 par une s\u00e9rie d\u2019activit\u00e9s culturelles et scientifiques marquantes, parmi lesquelles :<\/p>\n\n\n\n<p>&#8211; L\u2019inauguration d\u2019une vitrine d\u00e9di\u00e9e \u00e0 l\u2019\u0153uvre humaniste du Dr Albert Schweitzer, Prix Nobel de la Paix 1952 ;<\/p>\n\n\n\n<p>&#8211; Un panel sur l\u2019impact des femmes dans le d\u00e9veloppement de l\u2019\u00e9cotourisme, avec un focus sur le Parc national de Moukalaba-Doudou ;<\/p>\n\n\n\n<p>&#8211; Une conf\u00e9rence sur l\u2019h\u00e9ritage du Dr Schweitzer et les valeurs de respect de la vie.<\/p>\n\n\n\n<p>Th\u00e8me port\u00e9 par le Gabon \u00e0 l\u2019Expo : \u00ab Notre for\u00eat, moteur universel qui sauve des vies \u00bb<\/p>\n\n\n\n<p>La pr\u00e9sence du Vice-Pr\u00e9sident renforce l\u2019ambition du Gabon de faire entendre sa voix sur les enjeux climatiques, culturels et \u00e9conomiques qui fa\u00e7onnent notre avenir commun.<\/p>\n\n\n\n<p><strong>Rufin Martial Oke Nze<\/strong><\/p>\n\n\n\n<p><strong>Source: Communication Pr\u00e9sidentielle<\/strong><\/p>\n","protected":false},"excerpt":{"rendered":"<p>Lanc\u00e9e le 23 juillet dernier, la Semaine du Gabon a d\u00e9but\u00e9 par une s\u00e9rie d\u2019activit\u00e9s culturelles et scientifiques marquantes, parmi lesquelles : &#8211; L\u2019inauguration d\u2019une vitrine d\u00e9di\u00e9e \u00e0 l\u2019\u0153uvre humaniste du Dr Albert Schweitzer, Prix Nobel de la Paix 1952 ; &#8211; Un panel sur l\u2019impact des femmes dans le d\u00e9veloppement de l\u2019\u00e9cotourisme, avec un [&hellip;]<\/p>\n","protected":false},"author":7,"featured_media":24142,"comment_status":"open","ping_status":"open","sticky":false,"template":"","format":"standard","meta":{"footnotes":""},"categories":[57,55,66],"tags":[],"class_list":["post-24141","post","type-post","status-publish","format-standard","has-post-thumbnail","hentry","category-a-la-une","category-actualites","category-diplomatie"],"yoast_head":"<!-- This site is optimized with the Yoast SEO plugin v24.2 - https:\/\/yoast.com\/wordpress\/plugins\/seo\/ -->\n<title>Barro Chambrier repr\u00e9sente Oligui Nguema \u00e0 Osaka-Kansai 2025 - Gabon Nouvelle Vision<\/title>\n<meta name=\"robots\" content=\"index, follow, max-snippet:-1, max-image-preview:large, max-video-preview:-1\" \/>\n<link rel=\"canonical\" href=\"https:\/\/gabonnouvellevision.com\/gnv\/2025\/07\/25\/barro-chambrier-represente-oligui-nguema-a-osaka-kansai-2025\/\" \/>\n<meta property=\"og:locale\" content=\"fr_FR\" \/>\n<meta property=\"og:type\" content=\"article\" \/>\n<meta property=\"og:title\" content=\"Barro Chambrier repr\u00e9sente Oligui Nguema \u00e0 Osaka-Kansai 2025 - Gabon Nouvelle Vision\" \/>\n<meta property=\"og:description\" content=\"Lanc\u00e9e le 23 juillet dernier, la Semaine du Gabon a d\u00e9but\u00e9 par une s\u00e9rie d\u2019activit\u00e9s culturelles et scientifiques marquantes, parmi lesquelles : &#8211; L\u2019inauguration d\u2019une vitrine d\u00e9di\u00e9e \u00e0 l\u2019\u0153uvre humaniste du Dr Albert Schweitzer, Prix Nobel de la Paix 1952 ; &#8211; Un panel sur l\u2019impact des femmes dans le d\u00e9veloppement de l\u2019\u00e9cotourisme, avec un [&hellip;]\" \/>\n<meta property=\"og:url\" content=\"https:\/\/gabonnouvellevision.com\/gnv\/2025\/07\/25\/barro-chambrier-represente-oligui-nguema-a-osaka-kansai-2025\/\" \/>\n<meta property=\"og:site_name\" content=\"Gabon Nouvelle Vision\" \/>\n<meta property=\"article:publisher\" content=\"https:\/\/www.facebook.com\/GNVofficiel\" \/>\n<meta property=\"article:published_time\" content=\"2025-07-25T09:20:49+00:00\" \/>\n<meta property=\"article:modified_time\" content=\"2025-07-25T09:20:51+00:00\" \/>\n<meta property=\"og:image\" content=\"https:\/\/gabonnouvellevision.com\/gnv\/wp-content\/uploads\/2025\/07\/524140231_122264590154025336_1140837328934531038_n.jpg\" \/>\n\t<meta property=\"og:image:width\" content=\"600\" \/>\n\t<meta property=\"og:image:height\" content=\"338\" \/>\n\t<meta property=\"og:image:type\" content=\"image\/jpeg\" \/>\n<meta name=\"author\" content=\"Eyeng Obame\" \/>\n<meta name=\"twitter:card\" content=\"summary_large_image\" \/>\n<meta name=\"twitter:label1\" content=\"\u00c9crit par\" \/>\n\t<meta name=\"twitter:data1\" content=\"Eyeng Obame\" \/>\n\t<meta name=\"twitter:label2\" content=\"Dur\u00e9e de lecture estim\u00e9e\" \/>\n\t<meta name=\"twitter:data2\" content=\"1 minute\" \/>\n<script type=\"application\/ld+json\" class=\"yoast-schema-graph\">{\"@context\":\"https:\/\/schema.org\",\"@graph\":[{\"@type\":\"Article\",\"@id\":\"https:\/\/gabonnouvellevision.com\/gnv\/2025\/07\/25\/barro-chambrier-represente-oligui-nguema-a-osaka-kansai-2025\/#article\",\"isPartOf\":{\"@id\":\"https:\/\/gabonnouvellevision.com\/gnv\/2025\/07\/25\/barro-chambrier-represente-oligui-nguema-a-osaka-kansai-2025\/\"},\"author\":{\"name\":\"Eyeng Obame\",\"@id\":\"https:\/\/gabonnouvellevision.com\/gnv\/#\/schema\/person\/4b48e07d222f83c0285affc3704bc899\"},\"headline\":\"Barro Chambrier repr\u00e9sente Oligui Nguema \u00e0 Osaka-Kansai 2025\",\"datePublished\":\"2025-07-25T09:20:49+00:00\",\"dateModified\":\"2025-07-25T09:20:51+00:00\",\"mainEntityOfPage\":{\"@id\":\"https:\/\/gabonnouvellevision.com\/gnv\/2025\/07\/25\/barro-chambrier-represente-oligui-nguema-a-osaka-kansai-2025\/\"},\"wordCount\":150,\"commentCount\":0,\"publisher\":{\"@id\":\"https:\/\/gabonnouvellevision.com\/gnv\/#organization\"},\"image\":{\"@id\":\"https:\/\/gabonnouvellevision.com\/gnv\/2025\/07\/25\/barro-chambrier-represente-oligui-nguema-a-osaka-kansai-2025\/#primaryimage\"},\"thumbnailUrl\":\"https:\/\/gabonnouvellevision.com\/gnv\/wp-content\/uploads\/2025\/07\/524140231_122264590154025336_1140837328934531038_n.jpg\",\"articleSection\":[\"A la une\",\"Actualites\",\"Diplomatie\"],\"inLanguage\":\"fr-FR\",\"potentialAction\":[{\"@type\":\"CommentAction\",\"name\":\"Comment\",\"target\":[\"https:\/\/gabonnouvellevision.com\/gnv\/2025\/07\/25\/barro-chambrier-represente-oligui-nguema-a-osaka-kansai-2025\/#respond\"]}]},{\"@type\":\"WebPage\",\"@id\":\"https:\/\/gabonnouvellevision.com\/gnv\/2025\/07\/25\/barro-chambrier-represente-oligui-nguema-a-osaka-kansai-2025\/\",\"url\":\"https:\/\/gabonnouvellevision.com\/gnv\/2025\/07\/25\/barro-chambrier-represente-oligui-nguema-a-osaka-kansai-2025\/\",\"name\":\"Barro Chambrier repr\u00e9sente Oligui Nguema \u00e0 Osaka-Kansai 2025 - Gabon Nouvelle Vision\",\"isPartOf\":{\"@id\":\"https:\/\/gabonnouvellevision.com\/gnv\/#website\"},\"primaryImageOfPage\":{\"@id\":\"https:\/\/gabonnouvellevision.com\/gnv\/2025\/07\/25\/barro-chambrier-represente-oligui-nguema-a-osaka-kansai-2025\/#primaryimage\"},\"image\":{\"@id\":\"https:\/\/gabonnouvellevision.com\/gnv\/2025\/07\/25\/barro-chambrier-represente-oligui-nguema-a-osaka-kansai-2025\/#primaryimage\"},\"thumbnailUrl\":\"https:\/\/gabonnouvellevision.com\/gnv\/wp-content\/uploads\/2025\/07\/524140231_122264590154025336_1140837328934531038_n.jpg\",\"datePublished\":\"2025-07-25T09:20:49+00:00\",\"dateModified\":\"2025-07-25T09:20:51+00:00\",\"breadcrumb\":{\"@id\":\"https:\/\/gabonnouvellevision.com\/gnv\/2025\/07\/25\/barro-chambrier-represente-oligui-nguema-a-osaka-kansai-2025\/#breadcrumb\"},\"inLanguage\":\"fr-FR\",\"potentialAction\":[{\"@type\":\"ReadAction\",\"target\":[\"https:\/\/gabonnouvellevision.com\/gnv\/2025\/07\/25\/barro-chambrier-represente-oligui-nguema-a-osaka-kansai-2025\/\"]}]},{\"@type\":\"ImageObject\",\"inLanguage\":\"fr-FR\",\"@id\":\"https:\/\/gabonnouvellevision.com\/gnv\/2025\/07\/25\/barro-chambrier-represente-oligui-nguema-a-osaka-kansai-2025\/#primaryimage\",\"url\":\"https:\/\/gabonnouvellevision.com\/gnv\/wp-content\/uploads\/2025\/07\/524140231_122264590154025336_1140837328934531038_n.jpg\",\"contentUrl\":\"https:\/\/gabonnouvellevision.com\/gnv\/wp-content\/uploads\/2025\/07\/524140231_122264590154025336_1140837328934531038_n.jpg\",\"width\":600,\"height\":338},{\"@type\":\"BreadcrumbList\",\"@id\":\"https:\/\/gabonnouvellevision.com\/gnv\/2025\/07\/25\/barro-chambrier-represente-oligui-nguema-a-osaka-kansai-2025\/#breadcrumb\",\"itemListElement\":[{\"@type\":\"ListItem\",\"position\":1,\"name\":\"Accueil\",\"item\":\"https:\/\/gabonnouvellevision.com\/gnv\/\"},{\"@type\":\"ListItem\",\"position\":2,\"name\":\"Barro Chambrier repr\u00e9sente Oligui Nguema \u00e0 Osaka-Kansai 2025\"}]},{\"@type\":\"WebSite\",\"@id\":\"https:\/\/gabonnouvellevision.com\/gnv\/#website\",\"url\":\"https:\/\/gabonnouvellevision.com\/gnv\/\",\"name\":\"Gabon Nouvelle Vision\",\"description\":\"\",\"publisher\":{\"@id\":\"https:\/\/gabonnouvellevision.com\/gnv\/#organization\"},\"potentialAction\":[{\"@type\":\"SearchAction\",\"target\":{\"@type\":\"EntryPoint\",\"urlTemplate\":\"https:\/\/gabonnouvellevision.com\/gnv\/?s={search_term_string}\"},\"query-input\":{\"@type\":\"PropertyValueSpecification\",\"valueRequired\":true,\"valueName\":\"search_term_string\"}}],\"inLanguage\":\"fr-FR\"},{\"@type\":\"Organization\",\"@id\":\"https:\/\/gabonnouvellevision.com\/gnv\/#organization\",\"name\":\"Gabon Nouvelle Vision\",\"url\":\"https:\/\/gabonnouvellevision.com\/gnv\/\",\"logo\":{\"@type\":\"ImageObject\",\"inLanguage\":\"fr-FR\",\"@id\":\"https:\/\/gabonnouvellevision.com\/gnv\/#\/schema\/logo\/image\/\",\"url\":\"https:\/\/gabonnouvellevision.com\/gnv\/wp-content\/uploads\/2025\/01\/logo-text_Plan-de-travail-1.png\",\"contentUrl\":\"https:\/\/gabonnouvellevision.com\/gnv\/wp-content\/uploads\/2025\/01\/logo-text_Plan-de-travail-1.png\",\"width\":7169,\"height\":2390,\"caption\":\"Gabon Nouvelle Vision\"},\"image\":{\"@id\":\"https:\/\/gabonnouvellevision.com\/gnv\/#\/schema\/logo\/image\/\"},\"sameAs\":[\"https:\/\/www.facebook.com\/GNVofficiel\"]},{\"@type\":\"Person\",\"@id\":\"https:\/\/gabonnouvellevision.com\/gnv\/#\/schema\/person\/4b48e07d222f83c0285affc3704bc899\",\"name\":\"Eyeng Obame\",\"image\":{\"@type\":\"ImageObject\",\"inLanguage\":\"fr-FR\",\"@id\":\"https:\/\/gabonnouvellevision.com\/gnv\/#\/schema\/person\/image\/\",\"url\":\"https:\/\/secure.gravatar.com\/avatar\/167bc03b8baf3c77318a47159f80871de6f5a6cbf4bc8b6af750fbc1a369d7bf?s=96&d=mm&r=g\",\"contentUrl\":\"https:\/\/secure.gravatar.com\/avatar\/167bc03b8baf3c77318a47159f80871de6f5a6cbf4bc8b6af750fbc1a369d7bf?s=96&d=mm&r=g\",\"caption\":\"Eyeng Obame\"},\"url\":\"https:\/\/gabonnouvellevision.com\/gnv\/author\/rufin\/\"}]}<\/script>\n<!-- \/ Yoast SEO plugin. -->","yoast_head_json":{"title":"Barro Chambrier repr\u00e9sente Oligui Nguema \u00e0 Osaka-Kansai 2025 - Gabon Nouvelle Vision","robots":{"index":"index","follow":"follow","max-snippet":"max-snippet:-1","max-image-preview":"max-image-preview:large","max-video-preview":"max-video-preview:-1"},"canonical":"https:\/\/gabonnouvellevision.com\/gnv\/2025\/07\/25\/barro-chambrier-represente-oligui-nguema-a-osaka-kansai-2025\/","og_locale":"fr_FR","og_type":"article","og_title":"Barro Chambrier repr\u00e9sente Oligui Nguema \u00e0 Osaka-Kansai 2025 - Gabon Nouvelle Vision","og_description":"Lanc\u00e9e le 23 juillet dernier, la Semaine du Gabon a d\u00e9but\u00e9 par une s\u00e9rie d\u2019activit\u00e9s culturelles et scientifiques marquantes, parmi lesquelles : &#8211; L\u2019inauguration d\u2019une vitrine d\u00e9di\u00e9e \u00e0 l\u2019\u0153uvre humaniste du Dr Albert Schweitzer, Prix Nobel de la Paix 1952 ; &#8211; Un panel sur l\u2019impact des femmes dans le d\u00e9veloppement de l\u2019\u00e9cotourisme, avec un [&hellip;]","og_url":"https:\/\/gabonnouvellevision.com\/gnv\/2025\/07\/25\/barro-chambrier-represente-oligui-nguema-a-osaka-kansai-2025\/","og_site_name":"Gabon Nouvelle Vision","article_publisher":"https:\/\/www.facebook.com\/GNVofficiel","article_published_time":"2025-07-25T09:20:49+00:00","article_modified_time":"2025-07-25T09:20:51+00:00","og_image":[{"width":600,"height":338,"url":"https:\/\/gabonnouvellevision.com\/gnv\/wp-content\/uploads\/2025\/07\/524140231_122264590154025336_1140837328934531038_n.jpg","type":"image\/jpeg"}],"author":"Eyeng Obame","twitter_card":"summary_large_image","twitter_misc":{"\u00c9crit par":"Eyeng Obame","Dur\u00e9e de lecture estim\u00e9e":"1 minute"},"schema":{"@context":"https:\/\/schema.org","@graph":[{"@type":"Article","@id":"https:\/\/gabonnouvellevision.com\/gnv\/2025\/07\/25\/barro-chambrier-represente-oligui-nguema-a-osaka-kansai-2025\/#article","isPartOf":{"@id":"https:\/\/gabonnouvellevision.com\/gnv\/2025\/07\/25\/barro-chambrier-represente-oligui-nguema-a-osaka-kansai-2025\/"},"author":{"name":"Eyeng Obame","@id":"https:\/\/gabonnouvellevision.com\/gnv\/#\/schema\/person\/4b48e07d222f83c0285affc3704bc899"},"headline":"Barro Chambrier repr\u00e9sente Oligui Nguema \u00e0 Osaka-Kansai 2025","datePublished":"2025-07-25T09:20:49+00:00","dateModified":"2025-07-25T09:20:51+00:00","mainEntityOfPage":{"@id":"https:\/\/gabonnouvellevision.com\/gnv\/2025\/07\/25\/barro-chambrier-represente-oligui-nguema-a-osaka-kansai-2025\/"},"wordCount":150,"commentCount":0,"publisher":{"@id":"https:\/\/gabonnouvellevision.com\/gnv\/#organization"},"image":{"@id":"https:\/\/gabonnouvellevision.com\/gnv\/2025\/07\/25\/barro-chambrier-represente-oligui-nguema-a-osaka-kansai-2025\/#primaryimage"},"thumbnailUrl":"https:\/\/gabonnouvellevision.com\/gnv\/wp-content\/uploads\/2025\/07\/524140231_122264590154025336_1140837328934531038_n.jpg","articleSection":["A la une","Actualites","Diplomatie"],"inLanguage":"fr-FR","potentialAction":[{"@type":"CommentAction","name":"Comment","target":["https:\/\/gabonnouvellevision.com\/gnv\/2025\/07\/25\/barro-chambrier-represente-oligui-nguema-a-osaka-kansai-2025\/#respond"]}]},{"@type":"WebPage","@id":"https:\/\/gabonnouvellevision.com\/gnv\/2025\/07\/25\/barro-chambrier-represente-oligui-nguema-a-osaka-kansai-2025\/","url":"https:\/\/gabonnouvellevision.com\/gnv\/2025\/07\/25\/barro-chambrier-represente-oligui-nguema-a-osaka-kansai-2025\/","name":"Barro Chambrier repr\u00e9sente Oligui Nguema \u00e0 Osaka-Kansai 2025 - Gabon Nouvelle Vision","isPartOf":{"@id":"https:\/\/gabonnouvellevision.com\/gnv\/#website"},"primaryImageOfPage":{"@id":"https:\/\/gabonnouvellevision.com\/gnv\/2025\/07\/25\/barro-chambrier-represente-oligui-nguema-a-osaka-kansai-2025\/#primaryimage"},"image":{"@id":"https:\/\/gabonnouvellevision.com\/gnv\/2025\/07\/25\/barro-chambrier-represente-oligui-nguema-a-osaka-kansai-2025\/#primaryimage"},"thumbnailUrl":"https:\/\/gabonnouvellevision.com\/gnv\/wp-content\/uploads\/2025\/07\/524140231_122264590154025336_1140837328934531038_n.jpg","datePublished":"2025-07-25T09:20:49+00:00","dateModified":"2025-07-25T09:20:51+00:00","breadcrumb":{"@id":"https:\/\/gabonnouvellevision.com\/gnv\/2025\/07\/25\/barro-chambrier-represente-oligui-nguema-a-osaka-kansai-2025\/#breadcrumb"},"inLanguage":"fr-FR","potentialAction":[{"@type":"ReadAction","target":["https:\/\/gabonnouvellevision.com\/gnv\/2025\/07\/25\/barro-chambrier-represente-oligui-nguema-a-osaka-kansai-2025\/"]}]},{"@type":"ImageObject","inLanguage":"fr-FR","@id":"https:\/\/gabonnouvellevision.com\/gnv\/2025\/07\/25\/barro-chambrier-represente-oligui-nguema-a-osaka-kansai-2025\/#primaryimage","url":"https:\/\/gabonnouvellevision.com\/gnv\/wp-content\/uploads\/2025\/07\/524140231_122264590154025336_1140837328934531038_n.jpg","contentUrl":"https:\/\/gabonnouvellevision.com\/gnv\/wp-content\/uploads\/2025\/07\/524140231_122264590154025336_1140837328934531038_n.jpg","width":600,"height":338},{"@type":"BreadcrumbList","@id":"https:\/\/gabonnouvellevision.com\/gnv\/2025\/07\/25\/barro-chambrier-represente-oligui-nguema-a-osaka-kansai-2025\/#breadcrumb","itemListElement":[{"@type":"ListItem","position":1,"name":"Accueil","item":"https:\/\/gabonnouvellevision.com\/gnv\/"},{"@type":"ListItem","position":2,"name":"Barro Chambrier repr\u00e9sente Oligui Nguema \u00e0 Osaka-Kansai 2025"}]},{"@type":"WebSite","@id":"https:\/\/gabonnouvellevision.com\/gnv\/#website","url":"https:\/\/gabonnouvellevision.com\/gnv\/","name":"Gabon Nouvelle Vision","description":"","publisher":{"@id":"https:\/\/gabonnouvellevision.com\/gnv\/#organization"},"potentialAction":[{"@type":"SearchAction","target":{"@type":"EntryPoint","urlTemplate":"https:\/\/gabonnouvellevision.com\/gnv\/?s={search_term_string}"},"query-input":{"@type":"PropertyValueSpecification","valueRequired":true,"valueName":"search_term_string"}}],"inLanguage":"fr-FR"},{"@type":"Organization","@id":"https:\/\/gabonnouvellevision.com\/gnv\/#organization","name":"Gabon Nouvelle Vision","url":"https:\/\/gabonnouvellevision.com\/gnv\/","logo":{"@type":"ImageObject","inLanguage":"fr-FR","@id":"https:\/\/gabonnouvellevision.com\/gnv\/#\/schema\/logo\/image\/","url":"https:\/\/gabonnouvellevision.com\/gnv\/wp-content\/uploads\/2025\/01\/logo-text_Plan-de-travail-1.png","contentUrl":"https:\/\/gabonnouvellevision.com\/gnv\/wp-content\/uploads\/2025\/01\/logo-text_Plan-de-travail-1.png","width":7169,"height":2390,"caption":"Gabon Nouvelle Vision"},"image":{"@id":"https:\/\/gabonnouvellevision.com\/gnv\/#\/schema\/logo\/image\/"},"sameAs":["https:\/\/www.facebook.com\/GNVofficiel"]},{"@type":"Person","@id":"https:\/\/gabonnouvellevision.com\/gnv\/#\/schema\/person\/4b48e07d222f83c0285affc3704bc899","name":"Eyeng Obame","image":{"@type":"ImageObject","inLanguage":"fr-FR","@id":"https:\/\/gabonnouvellevision.com\/gnv\/#\/schema\/person\/image\/","url":"https:\/\/secure.gravatar.com\/avatar\/167bc03b8baf3c77318a47159f80871de6f5a6cbf4bc8b6af750fbc1a369d7bf?s=96&d=mm&r=g","contentUrl":"https:\/\/secure.gravatar.com\/avatar\/167bc03b8baf3c77318a47159f80871de6f5a6cbf4bc8b6af750fbc1a369d7bf?s=96&d=mm&r=g","caption":"Eyeng Obame"},"url":"https:\/\/gabonnouvellevision.com\/gnv\/author\/rufin\/"}]}},"_links":{"self":[{"href":"https:\/\/gabonnouvellevision.com\/gnv\/wp-json\/wp\/v2\/posts\/24141","targetHints":{"allow":["GET"]}}],"collection":[{"href":"https:\/\/gabonnouvellevision.com\/gnv\/wp-json\/wp\/v2\/posts"}],"about":[{"href":"https:\/\/gabonnouvellevision.com\/gnv\/wp-json\/wp\/v2\/types\/post"}],"author":[{"embeddable":true,"href":"https:\/\/gabonnouvellevision.com\/gnv\/wp-json\/wp\/v2\/users\/7"}],"replies":[{"embeddable":true,"href":"https:\/\/gabonnouvellevision.com\/gnv\/wp-json\/wp\/v2\/comments?post=24141"}],"version-history":[{"count":1,"href":"https:\/\/gabonnouvellevision.com\/gnv\/wp-json\/wp\/v2\/posts\/24141\/revisions"}],"predecessor-version":[{"id":24143,"href":"https:\/\/gabonnouvellevision.com\/gnv\/wp-json\/wp\/v2\/posts\/24141\/revisions\/24143"}],"wp:featuredmedia":[{"embeddable":true,"href":"https:\/\/gabonnouvellevision.com\/gnv\/wp-json\/wp\/v2\/media\/24142"}],"wp:attachment":[{"href":"https:\/\/gabonnouvellevision.com\/gnv\/wp-json\/wp\/v2\/media?parent=24141"}],"wp:term":[{"taxonomy":"category","embeddable":true,"href":"https:\/\/gabonnouvellevision.com\/gnv\/wp-json\/wp\/v2\/categories?post=24141"},{"taxonomy":"post_tag","embeddable":true,"href":"https:\/\/gabonnouvellevision.com\/gnv\/wp-json\/wp\/v2\/tags?post=24141"}],"curies":[{"name":"wp","href":"https:\/\/api.w.org\/{rel}","templated":true}]}}