{"id":24136,"date":"2025-07-24T13:30:31","date_gmt":"2025-07-24T11:30:31","guid":{"rendered":"https:\/\/gabonnouvellevision.com\/gnv\/?p=24136"},"modified":"2025-07-24T13:31:36","modified_gmt":"2025-07-24T11:31:36","slug":"le-procureur-minang-renvoie-maitre-sur-a-ses-cours-de-droit","status":"publish","type":"post","link":"https:\/\/gabonnouvellevision.com\/gnv\/2025\/07\/24\/le-procureur-minang-renvoie-maitre-sur-a-ses-cours-de-droit\/","title":{"rendered":"Le Procureur Minang renvoie Ma\u00eetre Sur \u00e0 ses cours de droit\u00a0!"},"content":{"rendered":"\n<p><strong>Le Procureur G\u00e9n\u00e9ral Eddy Minang, brise le complexe postcolonial souvent entretenu par certains juristes occidentaux<\/strong>&nbsp;<strong>au d\u00e9triment de l\u2019\u00e9thique et de la d\u00e9ontologie<\/strong>.<\/p>\n\n\n\n<p><em><strong>Le Procureur G\u00e9n\u00e9ral pr\u00e8s la Cour d\u2019appel judiciaire de Libreville, Eddy Minang, \u00e9tait face \u00e0 la presse hier \u00e0 Libreville pour rappeler \u00e0 l\u2019ordre les sorties de pistes de Ma\u00eetre Pierre-Olivier Sur, avocat de la famille Bongo, publi\u00e9es sur les r\u00e9seaux sociaux le 11 juillet dernier, dans une interview pol\u00e9mique.&nbsp;Le Procureur G\u00e9n\u00e9ral a port\u00e9 un d\u00e9menti formel sur les accusations fallacieuses de l\u2019avocat Fran\u00e7ais aux relents de m\u00e9pris postcolonial<\/strong><\/em>.<\/p>\n\n\n\n<p>Face aux propos \u00a0\u00ab\u00a0outranciers\u00a0\u00bb \u00e0 l\u2019\u00e9gard de la justice Gabonaise de Ma\u00eetre Pierre-Olivier Sur, avocat de la famille Ali Bongo, qui d\u00e9non\u00e7ait r\u00e9cemment une pr\u00e9tendue \u00ab\u202fjustice spectacle\u202f\u00bb au Gabon, le procureur g\u00e9n\u00e9ral Eddy Minang a r\u00e9agi fermement, hier \u00e0 Libreville pour r\u00e9affirmer avec assurance les fondements juridiques de la mise en libert\u00e9 provisoire de Sylvia Valentin Bongo, et de son fils Nourredin Bongo Valentin.<\/p>\n\n\n\n<p>\u00ab&nbsp;<em>Je persiste ici qu\u2019en droit p\u00e9nal gabonais, il existe bel et bien la libert\u00e9 provisoire et la d\u00e9tention pr\u00e9ventive, et que je n\u2019ai commis aucune erreur de droit<\/em>&nbsp;\u00bb, a pr\u00e9cis\u00e9 le Procureur G\u00e9n\u00e9ral, Eddy Minang. Avant de rench\u00e9rir:&nbsp;\u00bb M\u00eame un avocat stagiaire n\u2019aurait pas commis une telle m\u00e9prise&nbsp;\u00bb.<\/p>\n\n\n\n<p>Une pr\u00e9cision de taille clairement dirig\u00e9e contre l\u2019avocat de la famille Ali Bongo, &nbsp;Ma\u00eetre Pierre Olivier Sur, qui affirmait le 11 juillet dernier dans son interview relay\u00e9e sur les r\u00e9seaux sociaux, avec un ton condescendant que \u00ab&nbsp;<em>la libert\u00e9 n\u2019est jamais provisoire. Ce qui est provisoire, c\u2019est la d\u00e9tention<\/em>&nbsp;\u00bb.<\/p>\n\n\n\n<p>Des propos de l\u2019avocat critique Fran\u00e7ais jug\u00e9s m\u00e9prisants. Alors que les professionnels de justice au Gabon comme en France sont tenus par les devoirs de mod\u00e9ration et de respect de l\u2019\u00e9thique et de la d\u00e9ontologie. \u00ab&nbsp;<em>Si all\u00e9chants soient-ils, les honoraires des clients ne doivent pas faire oublier \u00e0 un avocat qu\u2019il doit en toutes circonstances faire preuve de d\u00e9licatesse, particuli\u00e8rement lorsque sa qualit\u00e9 est connue<\/em>&nbsp;\u00bb, a indiqu\u00e9, Eddy Minang.<\/p>\n\n\n\n<p>Pour le Procureur G\u00e9n\u00e9ral, l\u2019avocat Fran\u00e7ais en question, avait d\u00e9j\u00e0 &nbsp;injuri\u00e9 un &nbsp;Pr\u00e9sident de la R\u00e9publique du S\u00e9n\u00e9gal et un Procureur de la R\u00e9publique en 2013.<\/p>\n\n\n\n<p>L\u2019avocat critique, qui accuse d\u2019incomp\u00e9tent, Eddy Minang, a \u00e9tudi\u00e9 \u00e0 Paris II Panth\u00e9on-Assas o\u00f9 il avait obtenu sa maitrise \u2014 la m\u00eame universit\u00e9 o\u00f9 le Procureur G\u00e9n\u00e9ral &nbsp;a soutenu sa th\u00e8se de doctorat, avec les f\u00e9licitations du jury &nbsp;\u00bbsur le crime rituel au Gabon&nbsp;\u00bb. \u00ab Sur le plan acad\u00e9mique,<em>&nbsp;cet avocat restera surement mon \u00e9tudiant. Je suis d\u2019ailleurs dispos\u00e9, \u00e0 l\u2019encadrer<\/em>\u00bb, a-t-il conclu,<\/p>\n\n\n\n<p>Une r\u00e9ponse du berger \u00e0 la berg\u00e8re qui donnera certainement du tournis \u00e0 l\u2019avocat d\u2019Ali Bongo.<\/p>\n\n\n\n<p><strong>Rufin Martial Oke Nze<\/strong><\/p>\n","protected":false},"excerpt":{"rendered":"<p>Le Procureur G\u00e9n\u00e9ral Eddy Minang, brise le complexe postcolonial souvent entretenu par certains juristes occidentaux&nbsp;au d\u00e9triment de l\u2019\u00e9thique et de la d\u00e9ontologie. Le Procureur G\u00e9n\u00e9ral pr\u00e8s la Cour d\u2019appel judiciaire de Libreville, Eddy Minang, \u00e9tait face \u00e0 la presse hier \u00e0 Libreville pour rappeler \u00e0 l\u2019ordre les sorties de pistes de Ma\u00eetre Pierre-Olivier Sur, avocat [&hellip;]<\/p>\n","protected":false},"author":7,"featured_media":24137,"comment_status":"open","ping_status":"open","sticky":false,"template":"","format":"standard","meta":{"footnotes":""},"categories":[57,55,65],"tags":[],"class_list":["post-24136","post","type-post","status-publish","format-standard","has-post-thumbnail","hentry","category-a-la-une","category-actualites","category-politique-podcasts"],"yoast_head":"<!-- This site is optimized with the Yoast SEO plugin v24.2 - https:\/\/yoast.com\/wordpress\/plugins\/seo\/ -->\n<title>Le Procureur Minang renvoie Ma\u00eetre Sur \u00e0 ses cours de droit\u00a0! - Gabon Nouvelle Vision<\/title>\n<meta name=\"robots\" content=\"index, follow, max-snippet:-1, max-image-preview:large, max-video-preview:-1\" \/>\n<link rel=\"canonical\" href=\"https:\/\/gabonnouvellevision.com\/gnv\/2025\/07\/24\/le-procureur-minang-renvoie-maitre-sur-a-ses-cours-de-droit\/\" \/>\n<meta property=\"og:locale\" content=\"fr_FR\" \/>\n<meta property=\"og:type\" content=\"article\" \/>\n<meta property=\"og:title\" content=\"Le Procureur Minang renvoie Ma\u00eetre Sur \u00e0 ses cours de droit\u00a0! - Gabon Nouvelle Vision\" \/>\n<meta property=\"og:description\" content=\"Le Procureur G\u00e9n\u00e9ral Eddy Minang, brise le complexe postcolonial souvent entretenu par certains juristes occidentaux&nbsp;au d\u00e9triment de l\u2019\u00e9thique et de la d\u00e9ontologie. Le Procureur G\u00e9n\u00e9ral pr\u00e8s la Cour d\u2019appel judiciaire de Libreville, Eddy Minang, \u00e9tait face \u00e0 la presse hier \u00e0 Libreville pour rappeler \u00e0 l\u2019ordre les sorties de pistes de Ma\u00eetre Pierre-Olivier Sur, avocat [&hellip;]\" \/>\n<meta property=\"og:url\" content=\"https:\/\/gabonnouvellevision.com\/gnv\/2025\/07\/24\/le-procureur-minang-renvoie-maitre-sur-a-ses-cours-de-droit\/\" \/>\n<meta property=\"og:site_name\" content=\"Gabon Nouvelle Vision\" \/>\n<meta property=\"article:publisher\" content=\"https:\/\/www.facebook.com\/GNVofficiel\" \/>\n<meta property=\"article:published_time\" content=\"2025-07-24T11:30:31+00:00\" \/>\n<meta property=\"article:modified_time\" content=\"2025-07-24T11:31:36+00:00\" \/>\n<meta property=\"og:image\" content=\"https:\/\/gabonnouvellevision.com\/gnv\/wp-content\/uploads\/2025\/07\/522665463_122162051312448085_4631634905135237947_n.jpg\" \/>\n\t<meta property=\"og:image:width\" content=\"731\" \/>\n\t<meta property=\"og:image:height\" content=\"1068\" \/>\n\t<meta property=\"og:image:type\" content=\"image\/jpeg\" \/>\n<meta name=\"author\" content=\"Eyeng Obame\" \/>\n<meta name=\"twitter:card\" content=\"summary_large_image\" \/>\n<meta name=\"twitter:label1\" content=\"\u00c9crit par\" \/>\n\t<meta name=\"twitter:data1\" content=\"Eyeng Obame\" \/>\n\t<meta name=\"twitter:label2\" content=\"Dur\u00e9e de lecture estim\u00e9e\" \/>\n\t<meta name=\"twitter:data2\" content=\"3 minutes\" \/>\n<script type=\"application\/ld+json\" class=\"yoast-schema-graph\">{\"@context\":\"https:\/\/schema.org\",\"@graph\":[{\"@type\":\"Article\",\"@id\":\"https:\/\/gabonnouvellevision.com\/gnv\/2025\/07\/24\/le-procureur-minang-renvoie-maitre-sur-a-ses-cours-de-droit\/#article\",\"isPartOf\":{\"@id\":\"https:\/\/gabonnouvellevision.com\/gnv\/2025\/07\/24\/le-procureur-minang-renvoie-maitre-sur-a-ses-cours-de-droit\/\"},\"author\":{\"name\":\"Eyeng Obame\",\"@id\":\"https:\/\/gabonnouvellevision.com\/gnv\/#\/schema\/person\/4b48e07d222f83c0285affc3704bc899\"},\"headline\":\"Le Procureur Minang renvoie Ma\u00eetre Sur \u00e0 ses cours de droit\u00a0!\",\"datePublished\":\"2025-07-24T11:30:31+00:00\",\"dateModified\":\"2025-07-24T11:31:36+00:00\",\"mainEntityOfPage\":{\"@id\":\"https:\/\/gabonnouvellevision.com\/gnv\/2025\/07\/24\/le-procureur-minang-renvoie-maitre-sur-a-ses-cours-de-droit\/\"},\"wordCount\":532,\"commentCount\":0,\"publisher\":{\"@id\":\"https:\/\/gabonnouvellevision.com\/gnv\/#organization\"},\"image\":{\"@id\":\"https:\/\/gabonnouvellevision.com\/gnv\/2025\/07\/24\/le-procureur-minang-renvoie-maitre-sur-a-ses-cours-de-droit\/#primaryimage\"},\"thumbnailUrl\":\"https:\/\/gabonnouvellevision.com\/gnv\/wp-content\/uploads\/2025\/07\/522665463_122162051312448085_4631634905135237947_n.jpg\",\"articleSection\":[\"A la une\",\"Actualites\",\"Politique\"],\"inLanguage\":\"fr-FR\",\"potentialAction\":[{\"@type\":\"CommentAction\",\"name\":\"Comment\",\"target\":[\"https:\/\/gabonnouvellevision.com\/gnv\/2025\/07\/24\/le-procureur-minang-renvoie-maitre-sur-a-ses-cours-de-droit\/#respond\"]}]},{\"@type\":\"WebPage\",\"@id\":\"https:\/\/gabonnouvellevision.com\/gnv\/2025\/07\/24\/le-procureur-minang-renvoie-maitre-sur-a-ses-cours-de-droit\/\",\"url\":\"https:\/\/gabonnouvellevision.com\/gnv\/2025\/07\/24\/le-procureur-minang-renvoie-maitre-sur-a-ses-cours-de-droit\/\",\"name\":\"Le Procureur Minang renvoie Ma\u00eetre Sur \u00e0 ses cours de droit\u00a0! - Gabon Nouvelle Vision\",\"isPartOf\":{\"@id\":\"https:\/\/gabonnouvellevision.com\/gnv\/#website\"},\"primaryImageOfPage\":{\"@id\":\"https:\/\/gabonnouvellevision.com\/gnv\/2025\/07\/24\/le-procureur-minang-renvoie-maitre-sur-a-ses-cours-de-droit\/#primaryimage\"},\"image\":{\"@id\":\"https:\/\/gabonnouvellevision.com\/gnv\/2025\/07\/24\/le-procureur-minang-renvoie-maitre-sur-a-ses-cours-de-droit\/#primaryimage\"},\"thumbnailUrl\":\"https:\/\/gabonnouvellevision.com\/gnv\/wp-content\/uploads\/2025\/07\/522665463_122162051312448085_4631634905135237947_n.jpg\",\"datePublished\":\"2025-07-24T11:30:31+00:00\",\"dateModified\":\"2025-07-24T11:31:36+00:00\",\"breadcrumb\":{\"@id\":\"https:\/\/gabonnouvellevision.com\/gnv\/2025\/07\/24\/le-procureur-minang-renvoie-maitre-sur-a-ses-cours-de-droit\/#breadcrumb\"},\"inLanguage\":\"fr-FR\",\"potentialAction\":[{\"@type\":\"ReadAction\",\"target\":[\"https:\/\/gabonnouvellevision.com\/gnv\/2025\/07\/24\/le-procureur-minang-renvoie-maitre-sur-a-ses-cours-de-droit\/\"]}]},{\"@type\":\"ImageObject\",\"inLanguage\":\"fr-FR\",\"@id\":\"https:\/\/gabonnouvellevision.com\/gnv\/2025\/07\/24\/le-procureur-minang-renvoie-maitre-sur-a-ses-cours-de-droit\/#primaryimage\",\"url\":\"https:\/\/gabonnouvellevision.com\/gnv\/wp-content\/uploads\/2025\/07\/522665463_122162051312448085_4631634905135237947_n.jpg\",\"contentUrl\":\"https:\/\/gabonnouvellevision.com\/gnv\/wp-content\/uploads\/2025\/07\/522665463_122162051312448085_4631634905135237947_n.jpg\",\"width\":731,\"height\":1068},{\"@type\":\"BreadcrumbList\",\"@id\":\"https:\/\/gabonnouvellevision.com\/gnv\/2025\/07\/24\/le-procureur-minang-renvoie-maitre-sur-a-ses-cours-de-droit\/#breadcrumb\",\"itemListElement\":[{\"@type\":\"ListItem\",\"position\":1,\"name\":\"Accueil\",\"item\":\"https:\/\/gabonnouvellevision.com\/gnv\/\"},{\"@type\":\"ListItem\",\"position\":2,\"name\":\"Le Procureur Minang renvoie Ma\u00eetre Sur \u00e0 ses cours de droit\u00a0!\"}]},{\"@type\":\"WebSite\",\"@id\":\"https:\/\/gabonnouvellevision.com\/gnv\/#website\",\"url\":\"https:\/\/gabonnouvellevision.com\/gnv\/\",\"name\":\"Gabon Nouvelle Vision\",\"description\":\"\",\"publisher\":{\"@id\":\"https:\/\/gabonnouvellevision.com\/gnv\/#organization\"},\"potentialAction\":[{\"@type\":\"SearchAction\",\"target\":{\"@type\":\"EntryPoint\",\"urlTemplate\":\"https:\/\/gabonnouvellevision.com\/gnv\/?s={search_term_string}\"},\"query-input\":{\"@type\":\"PropertyValueSpecification\",\"valueRequired\":true,\"valueName\":\"search_term_string\"}}],\"inLanguage\":\"fr-FR\"},{\"@type\":\"Organization\",\"@id\":\"https:\/\/gabonnouvellevision.com\/gnv\/#organization\",\"name\":\"Gabon Nouvelle Vision\",\"url\":\"https:\/\/gabonnouvellevision.com\/gnv\/\",\"logo\":{\"@type\":\"ImageObject\",\"inLanguage\":\"fr-FR\",\"@id\":\"https:\/\/gabonnouvellevision.com\/gnv\/#\/schema\/logo\/image\/\",\"url\":\"https:\/\/gabonnouvellevision.com\/gnv\/wp-content\/uploads\/2025\/01\/logo-text_Plan-de-travail-1.png\",\"contentUrl\":\"https:\/\/gabonnouvellevision.com\/gnv\/wp-content\/uploads\/2025\/01\/logo-text_Plan-de-travail-1.png\",\"width\":7169,\"height\":2390,\"caption\":\"Gabon Nouvelle Vision\"},\"image\":{\"@id\":\"https:\/\/gabonnouvellevision.com\/gnv\/#\/schema\/logo\/image\/\"},\"sameAs\":[\"https:\/\/www.facebook.com\/GNVofficiel\"]},{\"@type\":\"Person\",\"@id\":\"https:\/\/gabonnouvellevision.com\/gnv\/#\/schema\/person\/4b48e07d222f83c0285affc3704bc899\",\"name\":\"Eyeng Obame\",\"image\":{\"@type\":\"ImageObject\",\"inLanguage\":\"fr-FR\",\"@id\":\"https:\/\/gabonnouvellevision.com\/gnv\/#\/schema\/person\/image\/\",\"url\":\"https:\/\/secure.gravatar.com\/avatar\/167bc03b8baf3c77318a47159f80871de6f5a6cbf4bc8b6af750fbc1a369d7bf?s=96&d=mm&r=g\",\"contentUrl\":\"https:\/\/secure.gravatar.com\/avatar\/167bc03b8baf3c77318a47159f80871de6f5a6cbf4bc8b6af750fbc1a369d7bf?s=96&d=mm&r=g\",\"caption\":\"Eyeng Obame\"},\"url\":\"https:\/\/gabonnouvellevision.com\/gnv\/author\/rufin\/\"}]}<\/script>\n<!-- \/ Yoast SEO plugin. -->","yoast_head_json":{"title":"Le Procureur Minang renvoie Ma\u00eetre Sur \u00e0 ses cours de droit\u00a0! - Gabon Nouvelle Vision","robots":{"index":"index","follow":"follow","max-snippet":"max-snippet:-1","max-image-preview":"max-image-preview:large","max-video-preview":"max-video-preview:-1"},"canonical":"https:\/\/gabonnouvellevision.com\/gnv\/2025\/07\/24\/le-procureur-minang-renvoie-maitre-sur-a-ses-cours-de-droit\/","og_locale":"fr_FR","og_type":"article","og_title":"Le Procureur Minang renvoie Ma\u00eetre Sur \u00e0 ses cours de droit\u00a0! - Gabon Nouvelle Vision","og_description":"Le Procureur G\u00e9n\u00e9ral Eddy Minang, brise le complexe postcolonial souvent entretenu par certains juristes occidentaux&nbsp;au d\u00e9triment de l\u2019\u00e9thique et de la d\u00e9ontologie. Le Procureur G\u00e9n\u00e9ral pr\u00e8s la Cour d\u2019appel judiciaire de Libreville, Eddy Minang, \u00e9tait face \u00e0 la presse hier \u00e0 Libreville pour rappeler \u00e0 l\u2019ordre les sorties de pistes de Ma\u00eetre Pierre-Olivier Sur, avocat [&hellip;]","og_url":"https:\/\/gabonnouvellevision.com\/gnv\/2025\/07\/24\/le-procureur-minang-renvoie-maitre-sur-a-ses-cours-de-droit\/","og_site_name":"Gabon Nouvelle Vision","article_publisher":"https:\/\/www.facebook.com\/GNVofficiel","article_published_time":"2025-07-24T11:30:31+00:00","article_modified_time":"2025-07-24T11:31:36+00:00","og_image":[{"width":731,"height":1068,"url":"https:\/\/gabonnouvellevision.com\/gnv\/wp-content\/uploads\/2025\/07\/522665463_122162051312448085_4631634905135237947_n.jpg","type":"image\/jpeg"}],"author":"Eyeng Obame","twitter_card":"summary_large_image","twitter_misc":{"\u00c9crit par":"Eyeng Obame","Dur\u00e9e de lecture estim\u00e9e":"3 minutes"},"schema":{"@context":"https:\/\/schema.org","@graph":[{"@type":"Article","@id":"https:\/\/gabonnouvellevision.com\/gnv\/2025\/07\/24\/le-procureur-minang-renvoie-maitre-sur-a-ses-cours-de-droit\/#article","isPartOf":{"@id":"https:\/\/gabonnouvellevision.com\/gnv\/2025\/07\/24\/le-procureur-minang-renvoie-maitre-sur-a-ses-cours-de-droit\/"},"author":{"name":"Eyeng Obame","@id":"https:\/\/gabonnouvellevision.com\/gnv\/#\/schema\/person\/4b48e07d222f83c0285affc3704bc899"},"headline":"Le Procureur Minang renvoie Ma\u00eetre Sur \u00e0 ses cours de droit\u00a0!","datePublished":"2025-07-24T11:30:31+00:00","dateModified":"2025-07-24T11:31:36+00:00","mainEntityOfPage":{"@id":"https:\/\/gabonnouvellevision.com\/gnv\/2025\/07\/24\/le-procureur-minang-renvoie-maitre-sur-a-ses-cours-de-droit\/"},"wordCount":532,"commentCount":0,"publisher":{"@id":"https:\/\/gabonnouvellevision.com\/gnv\/#organization"},"image":{"@id":"https:\/\/gabonnouvellevision.com\/gnv\/2025\/07\/24\/le-procureur-minang-renvoie-maitre-sur-a-ses-cours-de-droit\/#primaryimage"},"thumbnailUrl":"https:\/\/gabonnouvellevision.com\/gnv\/wp-content\/uploads\/2025\/07\/522665463_122162051312448085_4631634905135237947_n.jpg","articleSection":["A la une","Actualites","Politique"],"inLanguage":"fr-FR","potentialAction":[{"@type":"CommentAction","name":"Comment","target":["https:\/\/gabonnouvellevision.com\/gnv\/2025\/07\/24\/le-procureur-minang-renvoie-maitre-sur-a-ses-cours-de-droit\/#respond"]}]},{"@type":"WebPage","@id":"https:\/\/gabonnouvellevision.com\/gnv\/2025\/07\/24\/le-procureur-minang-renvoie-maitre-sur-a-ses-cours-de-droit\/","url":"https:\/\/gabonnouvellevision.com\/gnv\/2025\/07\/24\/le-procureur-minang-renvoie-maitre-sur-a-ses-cours-de-droit\/","name":"Le Procureur Minang renvoie Ma\u00eetre Sur \u00e0 ses cours de droit\u00a0! - Gabon Nouvelle Vision","isPartOf":{"@id":"https:\/\/gabonnouvellevision.com\/gnv\/#website"},"primaryImageOfPage":{"@id":"https:\/\/gabonnouvellevision.com\/gnv\/2025\/07\/24\/le-procureur-minang-renvoie-maitre-sur-a-ses-cours-de-droit\/#primaryimage"},"image":{"@id":"https:\/\/gabonnouvellevision.com\/gnv\/2025\/07\/24\/le-procureur-minang-renvoie-maitre-sur-a-ses-cours-de-droit\/#primaryimage"},"thumbnailUrl":"https:\/\/gabonnouvellevision.com\/gnv\/wp-content\/uploads\/2025\/07\/522665463_122162051312448085_4631634905135237947_n.jpg","datePublished":"2025-07-24T11:30:31+00:00","dateModified":"2025-07-24T11:31:36+00:00","breadcrumb":{"@id":"https:\/\/gabonnouvellevision.com\/gnv\/2025\/07\/24\/le-procureur-minang-renvoie-maitre-sur-a-ses-cours-de-droit\/#breadcrumb"},"inLanguage":"fr-FR","potentialAction":[{"@type":"ReadAction","target":["https:\/\/gabonnouvellevision.com\/gnv\/2025\/07\/24\/le-procureur-minang-renvoie-maitre-sur-a-ses-cours-de-droit\/"]}]},{"@type":"ImageObject","inLanguage":"fr-FR","@id":"https:\/\/gabonnouvellevision.com\/gnv\/2025\/07\/24\/le-procureur-minang-renvoie-maitre-sur-a-ses-cours-de-droit\/#primaryimage","url":"https:\/\/gabonnouvellevision.com\/gnv\/wp-content\/uploads\/2025\/07\/522665463_122162051312448085_4631634905135237947_n.jpg","contentUrl":"https:\/\/gabonnouvellevision.com\/gnv\/wp-content\/uploads\/2025\/07\/522665463_122162051312448085_4631634905135237947_n.jpg","width":731,"height":1068},{"@type":"BreadcrumbList","@id":"https:\/\/gabonnouvellevision.com\/gnv\/2025\/07\/24\/le-procureur-minang-renvoie-maitre-sur-a-ses-cours-de-droit\/#breadcrumb","itemListElement":[{"@type":"ListItem","position":1,"name":"Accueil","item":"https:\/\/gabonnouvellevision.com\/gnv\/"},{"@type":"ListItem","position":2,"name":"Le Procureur Minang renvoie Ma\u00eetre Sur \u00e0 ses cours de droit\u00a0!"}]},{"@type":"WebSite","@id":"https:\/\/gabonnouvellevision.com\/gnv\/#website","url":"https:\/\/gabonnouvellevision.com\/gnv\/","name":"Gabon Nouvelle Vision","description":"","publisher":{"@id":"https:\/\/gabonnouvellevision.com\/gnv\/#organization"},"potentialAction":[{"@type":"SearchAction","target":{"@type":"EntryPoint","urlTemplate":"https:\/\/gabonnouvellevision.com\/gnv\/?s={search_term_string}"},"query-input":{"@type":"PropertyValueSpecification","valueRequired":true,"valueName":"search_term_string"}}],"inLanguage":"fr-FR"},{"@type":"Organization","@id":"https:\/\/gabonnouvellevision.com\/gnv\/#organization","name":"Gabon Nouvelle Vision","url":"https:\/\/gabonnouvellevision.com\/gnv\/","logo":{"@type":"ImageObject","inLanguage":"fr-FR","@id":"https:\/\/gabonnouvellevision.com\/gnv\/#\/schema\/logo\/image\/","url":"https:\/\/gabonnouvellevision.com\/gnv\/wp-content\/uploads\/2025\/01\/logo-text_Plan-de-travail-1.png","contentUrl":"https:\/\/gabonnouvellevision.com\/gnv\/wp-content\/uploads\/2025\/01\/logo-text_Plan-de-travail-1.png","width":7169,"height":2390,"caption":"Gabon Nouvelle Vision"},"image":{"@id":"https:\/\/gabonnouvellevision.com\/gnv\/#\/schema\/logo\/image\/"},"sameAs":["https:\/\/www.facebook.com\/GNVofficiel"]},{"@type":"Person","@id":"https:\/\/gabonnouvellevision.com\/gnv\/#\/schema\/person\/4b48e07d222f83c0285affc3704bc899","name":"Eyeng Obame","image":{"@type":"ImageObject","inLanguage":"fr-FR","@id":"https:\/\/gabonnouvellevision.com\/gnv\/#\/schema\/person\/image\/","url":"https:\/\/secure.gravatar.com\/avatar\/167bc03b8baf3c77318a47159f80871de6f5a6cbf4bc8b6af750fbc1a369d7bf?s=96&d=mm&r=g","contentUrl":"https:\/\/secure.gravatar.com\/avatar\/167bc03b8baf3c77318a47159f80871de6f5a6cbf4bc8b6af750fbc1a369d7bf?s=96&d=mm&r=g","caption":"Eyeng Obame"},"url":"https:\/\/gabonnouvellevision.com\/gnv\/author\/rufin\/"}]}},"_links":{"self":[{"href":"https:\/\/gabonnouvellevision.com\/gnv\/wp-json\/wp\/v2\/posts\/24136","targetHints":{"allow":["GET"]}}],"collection":[{"href":"https:\/\/gabonnouvellevision.com\/gnv\/wp-json\/wp\/v2\/posts"}],"about":[{"href":"https:\/\/gabonnouvellevision.com\/gnv\/wp-json\/wp\/v2\/types\/post"}],"author":[{"embeddable":true,"href":"https:\/\/gabonnouvellevision.com\/gnv\/wp-json\/wp\/v2\/users\/7"}],"replies":[{"embeddable":true,"href":"https:\/\/gabonnouvellevision.com\/gnv\/wp-json\/wp\/v2\/comments?post=24136"}],"version-history":[{"count":2,"href":"https:\/\/gabonnouvellevision.com\/gnv\/wp-json\/wp\/v2\/posts\/24136\/revisions"}],"predecessor-version":[{"id":24139,"href":"https:\/\/gabonnouvellevision.com\/gnv\/wp-json\/wp\/v2\/posts\/24136\/revisions\/24139"}],"wp:featuredmedia":[{"embeddable":true,"href":"https:\/\/gabonnouvellevision.com\/gnv\/wp-json\/wp\/v2\/media\/24137"}],"wp:attachment":[{"href":"https:\/\/gabonnouvellevision.com\/gnv\/wp-json\/wp\/v2\/media?parent=24136"}],"wp:term":[{"taxonomy":"category","embeddable":true,"href":"https:\/\/gabonnouvellevision.com\/gnv\/wp-json\/wp\/v2\/categories?post=24136"},{"taxonomy":"post_tag","embeddable":true,"href":"https:\/\/gabonnouvellevision.com\/gnv\/wp-json\/wp\/v2\/tags?post=24136"}],"curies":[{"name":"wp","href":"https:\/\/api.w.org\/{rel}","templated":true}]}}