{"id":24133,"date":"2025-07-24T10:46:03","date_gmt":"2025-07-24T08:46:03","guid":{"rendered":"https:\/\/gabonnouvellevision.com\/gnv\/?p=24133"},"modified":"2025-07-24T10:46:59","modified_gmt":"2025-07-24T08:46:59","slug":"ouverture-de-la-foire-chine-gabon-ce-jeudi-24-juillet-a-libreville","status":"publish","type":"post","link":"https:\/\/gabonnouvellevision.com\/gnv\/2025\/07\/24\/ouverture-de-la-foire-chine-gabon-ce-jeudi-24-juillet-a-libreville\/","title":{"rendered":"Ouverture de la foire Chine-Gabon \u00a0ce jeudi 24 juillet \u00e0 Libreville"},"content":{"rendered":"\n<p><strong><em>La foire des produits Chine-Gabon ouvre officiellement ses portes, ce Jeudi 24 juillet 2025, &nbsp;\u00e0 la Baie des Rois \u00e0 Libreville. Une aubaine pour les deux pays de consolider leurs \u00e9changes commerciaux<\/em><\/strong><strong>.<\/strong><\/p>\n\n\n\n<p>\u00ab&nbsp;Cette foire commerciale, qui aura lieu du 24 au 27 juillet prochain et qui est co-organis\u00e9e par le minist\u00e8re de l\u2019Entrepreneuriat, du Commerce et des PME-PMI et l\u2019ambassade de Chine au Gabon, constitue une vitrine d\u2019\u00e9changes, de coop\u00e9ration et de valorisation des savoir-faire entre les deux pays, dans le cadre du renforcement des relations bilat\u00e9rales&nbsp;\u00bb indique un communiqu\u00e9 de presse du minist\u00e8re de tutelle.<\/p>\n\n\n\n<p>&nbsp;Occasion pour la Ministre de l\u2019Entrepreneuriat du Commerce et des PME-PMI, Zenaba Chaning Gninga, d\u2019inviter les op\u00e9rateurs \u00e9conomiques, les entrepreneurs, les artisans ainsi que le public \u00e0 venir d\u00e9couvrir cette dynamique \u00e9conomique ouverte \u00e0 tous.<\/p>\n\n\n\n<p>Pour rappel, la Chine devient le principal partenaire commercial du Gabon<\/p>\n\n\n\n<p><strong>Rufin Martial Oke Nze<\/strong><\/p>\n","protected":false},"excerpt":{"rendered":"<p>La foire des produits Chine-Gabon ouvre officiellement ses portes, ce Jeudi 24 juillet 2025, &nbsp;\u00e0 la Baie des Rois \u00e0 Libreville. Une aubaine pour les deux pays de consolider leurs \u00e9changes commerciaux. \u00ab&nbsp;Cette foire commerciale, qui aura lieu du 24 au 27 juillet prochain et qui est co-organis\u00e9e par le minist\u00e8re de l\u2019Entrepreneuriat, du Commerce [&hellip;]<\/p>\n","protected":false},"author":7,"featured_media":24134,"comment_status":"open","ping_status":"open","sticky":false,"template":"","format":"standard","meta":{"footnotes":""},"categories":[57,55,17],"tags":[],"class_list":["post-24133","post","type-post","status-publish","format-standard","has-post-thumbnail","hentry","category-a-la-une","category-actualites","category-business"],"yoast_head":"<!-- This site is optimized with the Yoast SEO plugin v24.2 - https:\/\/yoast.com\/wordpress\/plugins\/seo\/ -->\n<title>Ouverture de la foire Chine-Gabon \u00a0ce jeudi 24 juillet \u00e0 Libreville - Gabon Nouvelle Vision<\/title>\n<meta name=\"robots\" content=\"index, follow, max-snippet:-1, max-image-preview:large, max-video-preview:-1\" \/>\n<link rel=\"canonical\" href=\"https:\/\/gabonnouvellevision.com\/gnv\/2025\/07\/24\/ouverture-de-la-foire-chine-gabon-ce-jeudi-24-juillet-a-libreville\/\" \/>\n<meta property=\"og:locale\" content=\"fr_FR\" \/>\n<meta property=\"og:type\" content=\"article\" \/>\n<meta property=\"og:title\" content=\"Ouverture de la foire Chine-Gabon \u00a0ce jeudi 24 juillet \u00e0 Libreville - Gabon Nouvelle Vision\" \/>\n<meta property=\"og:description\" content=\"La foire des produits Chine-Gabon ouvre officiellement ses portes, ce Jeudi 24 juillet 2025, &nbsp;\u00e0 la Baie des Rois \u00e0 Libreville. Une aubaine pour les deux pays de consolider leurs \u00e9changes commerciaux. \u00ab&nbsp;Cette foire commerciale, qui aura lieu du 24 au 27 juillet prochain et qui est co-organis\u00e9e par le minist\u00e8re de l\u2019Entrepreneuriat, du Commerce [&hellip;]\" \/>\n<meta property=\"og:url\" content=\"https:\/\/gabonnouvellevision.com\/gnv\/2025\/07\/24\/ouverture-de-la-foire-chine-gabon-ce-jeudi-24-juillet-a-libreville\/\" \/>\n<meta property=\"og:site_name\" content=\"Gabon Nouvelle Vision\" \/>\n<meta property=\"article:publisher\" content=\"https:\/\/www.facebook.com\/GNVofficiel\" \/>\n<meta property=\"article:published_time\" content=\"2025-07-24T08:46:03+00:00\" \/>\n<meta property=\"article:modified_time\" content=\"2025-07-24T08:46:59+00:00\" \/>\n<meta property=\"og:image\" content=\"https:\/\/gabonnouvellevision.com\/gnv\/wp-content\/uploads\/2025\/07\/520836806_1187776389821266_7009878301697199036_n.jpg\" \/>\n\t<meta property=\"og:image:width\" content=\"512\" \/>\n\t<meta property=\"og:image:height\" content=\"640\" \/>\n\t<meta property=\"og:image:type\" content=\"image\/jpeg\" \/>\n<meta name=\"author\" content=\"Eyeng Obame\" \/>\n<meta name=\"twitter:card\" content=\"summary_large_image\" \/>\n<meta name=\"twitter:label1\" content=\"\u00c9crit par\" \/>\n\t<meta name=\"twitter:data1\" content=\"Eyeng Obame\" \/>\n\t<meta name=\"twitter:label2\" content=\"Dur\u00e9e de lecture estim\u00e9e\" \/>\n\t<meta name=\"twitter:data2\" content=\"1 minute\" \/>\n<script type=\"application\/ld+json\" class=\"yoast-schema-graph\">{\"@context\":\"https:\/\/schema.org\",\"@graph\":[{\"@type\":\"Article\",\"@id\":\"https:\/\/gabonnouvellevision.com\/gnv\/2025\/07\/24\/ouverture-de-la-foire-chine-gabon-ce-jeudi-24-juillet-a-libreville\/#article\",\"isPartOf\":{\"@id\":\"https:\/\/gabonnouvellevision.com\/gnv\/2025\/07\/24\/ouverture-de-la-foire-chine-gabon-ce-jeudi-24-juillet-a-libreville\/\"},\"author\":{\"name\":\"Eyeng Obame\",\"@id\":\"https:\/\/gabonnouvellevision.com\/gnv\/#\/schema\/person\/4b48e07d222f83c0285affc3704bc899\"},\"headline\":\"Ouverture de la foire Chine-Gabon \u00a0ce jeudi 24 juillet \u00e0 Libreville\",\"datePublished\":\"2025-07-24T08:46:03+00:00\",\"dateModified\":\"2025-07-24T08:46:59+00:00\",\"mainEntityOfPage\":{\"@id\":\"https:\/\/gabonnouvellevision.com\/gnv\/2025\/07\/24\/ouverture-de-la-foire-chine-gabon-ce-jeudi-24-juillet-a-libreville\/\"},\"wordCount\":163,\"commentCount\":0,\"publisher\":{\"@id\":\"https:\/\/gabonnouvellevision.com\/gnv\/#organization\"},\"image\":{\"@id\":\"https:\/\/gabonnouvellevision.com\/gnv\/2025\/07\/24\/ouverture-de-la-foire-chine-gabon-ce-jeudi-24-juillet-a-libreville\/#primaryimage\"},\"thumbnailUrl\":\"https:\/\/gabonnouvellevision.com\/gnv\/wp-content\/uploads\/2025\/07\/520836806_1187776389821266_7009878301697199036_n.jpg\",\"articleSection\":[\"A la une\",\"Actualites\",\"Business\"],\"inLanguage\":\"fr-FR\",\"potentialAction\":[{\"@type\":\"CommentAction\",\"name\":\"Comment\",\"target\":[\"https:\/\/gabonnouvellevision.com\/gnv\/2025\/07\/24\/ouverture-de-la-foire-chine-gabon-ce-jeudi-24-juillet-a-libreville\/#respond\"]}]},{\"@type\":\"WebPage\",\"@id\":\"https:\/\/gabonnouvellevision.com\/gnv\/2025\/07\/24\/ouverture-de-la-foire-chine-gabon-ce-jeudi-24-juillet-a-libreville\/\",\"url\":\"https:\/\/gabonnouvellevision.com\/gnv\/2025\/07\/24\/ouverture-de-la-foire-chine-gabon-ce-jeudi-24-juillet-a-libreville\/\",\"name\":\"Ouverture de la foire Chine-Gabon \u00a0ce jeudi 24 juillet \u00e0 Libreville - Gabon Nouvelle Vision\",\"isPartOf\":{\"@id\":\"https:\/\/gabonnouvellevision.com\/gnv\/#website\"},\"primaryImageOfPage\":{\"@id\":\"https:\/\/gabonnouvellevision.com\/gnv\/2025\/07\/24\/ouverture-de-la-foire-chine-gabon-ce-jeudi-24-juillet-a-libreville\/#primaryimage\"},\"image\":{\"@id\":\"https:\/\/gabonnouvellevision.com\/gnv\/2025\/07\/24\/ouverture-de-la-foire-chine-gabon-ce-jeudi-24-juillet-a-libreville\/#primaryimage\"},\"thumbnailUrl\":\"https:\/\/gabonnouvellevision.com\/gnv\/wp-content\/uploads\/2025\/07\/520836806_1187776389821266_7009878301697199036_n.jpg\",\"datePublished\":\"2025-07-24T08:46:03+00:00\",\"dateModified\":\"2025-07-24T08:46:59+00:00\",\"breadcrumb\":{\"@id\":\"https:\/\/gabonnouvellevision.com\/gnv\/2025\/07\/24\/ouverture-de-la-foire-chine-gabon-ce-jeudi-24-juillet-a-libreville\/#breadcrumb\"},\"inLanguage\":\"fr-FR\",\"potentialAction\":[{\"@type\":\"ReadAction\",\"target\":[\"https:\/\/gabonnouvellevision.com\/gnv\/2025\/07\/24\/ouverture-de-la-foire-chine-gabon-ce-jeudi-24-juillet-a-libreville\/\"]}]},{\"@type\":\"ImageObject\",\"inLanguage\":\"fr-FR\",\"@id\":\"https:\/\/gabonnouvellevision.com\/gnv\/2025\/07\/24\/ouverture-de-la-foire-chine-gabon-ce-jeudi-24-juillet-a-libreville\/#primaryimage\",\"url\":\"https:\/\/gabonnouvellevision.com\/gnv\/wp-content\/uploads\/2025\/07\/520836806_1187776389821266_7009878301697199036_n.jpg\",\"contentUrl\":\"https:\/\/gabonnouvellevision.com\/gnv\/wp-content\/uploads\/2025\/07\/520836806_1187776389821266_7009878301697199036_n.jpg\",\"width\":512,\"height\":640},{\"@type\":\"BreadcrumbList\",\"@id\":\"https:\/\/gabonnouvellevision.com\/gnv\/2025\/07\/24\/ouverture-de-la-foire-chine-gabon-ce-jeudi-24-juillet-a-libreville\/#breadcrumb\",\"itemListElement\":[{\"@type\":\"ListItem\",\"position\":1,\"name\":\"Accueil\",\"item\":\"https:\/\/gabonnouvellevision.com\/gnv\/\"},{\"@type\":\"ListItem\",\"position\":2,\"name\":\"Ouverture de la foire Chine-Gabon \u00a0ce jeudi 24 juillet \u00e0 Libreville\"}]},{\"@type\":\"WebSite\",\"@id\":\"https:\/\/gabonnouvellevision.com\/gnv\/#website\",\"url\":\"https:\/\/gabonnouvellevision.com\/gnv\/\",\"name\":\"Gabon Nouvelle Vision\",\"description\":\"\",\"publisher\":{\"@id\":\"https:\/\/gabonnouvellevision.com\/gnv\/#organization\"},\"potentialAction\":[{\"@type\":\"SearchAction\",\"target\":{\"@type\":\"EntryPoint\",\"urlTemplate\":\"https:\/\/gabonnouvellevision.com\/gnv\/?s={search_term_string}\"},\"query-input\":{\"@type\":\"PropertyValueSpecification\",\"valueRequired\":true,\"valueName\":\"search_term_string\"}}],\"inLanguage\":\"fr-FR\"},{\"@type\":\"Organization\",\"@id\":\"https:\/\/gabonnouvellevision.com\/gnv\/#organization\",\"name\":\"Gabon Nouvelle Vision\",\"url\":\"https:\/\/gabonnouvellevision.com\/gnv\/\",\"logo\":{\"@type\":\"ImageObject\",\"inLanguage\":\"fr-FR\",\"@id\":\"https:\/\/gabonnouvellevision.com\/gnv\/#\/schema\/logo\/image\/\",\"url\":\"https:\/\/gabonnouvellevision.com\/gnv\/wp-content\/uploads\/2025\/01\/logo-text_Plan-de-travail-1.png\",\"contentUrl\":\"https:\/\/gabonnouvellevision.com\/gnv\/wp-content\/uploads\/2025\/01\/logo-text_Plan-de-travail-1.png\",\"width\":7169,\"height\":2390,\"caption\":\"Gabon Nouvelle Vision\"},\"image\":{\"@id\":\"https:\/\/gabonnouvellevision.com\/gnv\/#\/schema\/logo\/image\/\"},\"sameAs\":[\"https:\/\/www.facebook.com\/GNVofficiel\"]},{\"@type\":\"Person\",\"@id\":\"https:\/\/gabonnouvellevision.com\/gnv\/#\/schema\/person\/4b48e07d222f83c0285affc3704bc899\",\"name\":\"Eyeng Obame\",\"image\":{\"@type\":\"ImageObject\",\"inLanguage\":\"fr-FR\",\"@id\":\"https:\/\/gabonnouvellevision.com\/gnv\/#\/schema\/person\/image\/\",\"url\":\"https:\/\/secure.gravatar.com\/avatar\/167bc03b8baf3c77318a47159f80871de6f5a6cbf4bc8b6af750fbc1a369d7bf?s=96&d=mm&r=g\",\"contentUrl\":\"https:\/\/secure.gravatar.com\/avatar\/167bc03b8baf3c77318a47159f80871de6f5a6cbf4bc8b6af750fbc1a369d7bf?s=96&d=mm&r=g\",\"caption\":\"Eyeng Obame\"},\"url\":\"https:\/\/gabonnouvellevision.com\/gnv\/author\/rufin\/\"}]}<\/script>\n<!-- \/ Yoast SEO plugin. -->","yoast_head_json":{"title":"Ouverture de la foire Chine-Gabon \u00a0ce jeudi 24 juillet \u00e0 Libreville - Gabon Nouvelle Vision","robots":{"index":"index","follow":"follow","max-snippet":"max-snippet:-1","max-image-preview":"max-image-preview:large","max-video-preview":"max-video-preview:-1"},"canonical":"https:\/\/gabonnouvellevision.com\/gnv\/2025\/07\/24\/ouverture-de-la-foire-chine-gabon-ce-jeudi-24-juillet-a-libreville\/","og_locale":"fr_FR","og_type":"article","og_title":"Ouverture de la foire Chine-Gabon \u00a0ce jeudi 24 juillet \u00e0 Libreville - Gabon Nouvelle Vision","og_description":"La foire des produits Chine-Gabon ouvre officiellement ses portes, ce Jeudi 24 juillet 2025, &nbsp;\u00e0 la Baie des Rois \u00e0 Libreville. Une aubaine pour les deux pays de consolider leurs \u00e9changes commerciaux. \u00ab&nbsp;Cette foire commerciale, qui aura lieu du 24 au 27 juillet prochain et qui est co-organis\u00e9e par le minist\u00e8re de l\u2019Entrepreneuriat, du Commerce [&hellip;]","og_url":"https:\/\/gabonnouvellevision.com\/gnv\/2025\/07\/24\/ouverture-de-la-foire-chine-gabon-ce-jeudi-24-juillet-a-libreville\/","og_site_name":"Gabon Nouvelle Vision","article_publisher":"https:\/\/www.facebook.com\/GNVofficiel","article_published_time":"2025-07-24T08:46:03+00:00","article_modified_time":"2025-07-24T08:46:59+00:00","og_image":[{"width":512,"height":640,"url":"https:\/\/gabonnouvellevision.com\/gnv\/wp-content\/uploads\/2025\/07\/520836806_1187776389821266_7009878301697199036_n.jpg","type":"image\/jpeg"}],"author":"Eyeng Obame","twitter_card":"summary_large_image","twitter_misc":{"\u00c9crit par":"Eyeng Obame","Dur\u00e9e de lecture estim\u00e9e":"1 minute"},"schema":{"@context":"https:\/\/schema.org","@graph":[{"@type":"Article","@id":"https:\/\/gabonnouvellevision.com\/gnv\/2025\/07\/24\/ouverture-de-la-foire-chine-gabon-ce-jeudi-24-juillet-a-libreville\/#article","isPartOf":{"@id":"https:\/\/gabonnouvellevision.com\/gnv\/2025\/07\/24\/ouverture-de-la-foire-chine-gabon-ce-jeudi-24-juillet-a-libreville\/"},"author":{"name":"Eyeng Obame","@id":"https:\/\/gabonnouvellevision.com\/gnv\/#\/schema\/person\/4b48e07d222f83c0285affc3704bc899"},"headline":"Ouverture de la foire Chine-Gabon \u00a0ce jeudi 24 juillet \u00e0 Libreville","datePublished":"2025-07-24T08:46:03+00:00","dateModified":"2025-07-24T08:46:59+00:00","mainEntityOfPage":{"@id":"https:\/\/gabonnouvellevision.com\/gnv\/2025\/07\/24\/ouverture-de-la-foire-chine-gabon-ce-jeudi-24-juillet-a-libreville\/"},"wordCount":163,"commentCount":0,"publisher":{"@id":"https:\/\/gabonnouvellevision.com\/gnv\/#organization"},"image":{"@id":"https:\/\/gabonnouvellevision.com\/gnv\/2025\/07\/24\/ouverture-de-la-foire-chine-gabon-ce-jeudi-24-juillet-a-libreville\/#primaryimage"},"thumbnailUrl":"https:\/\/gabonnouvellevision.com\/gnv\/wp-content\/uploads\/2025\/07\/520836806_1187776389821266_7009878301697199036_n.jpg","articleSection":["A la une","Actualites","Business"],"inLanguage":"fr-FR","potentialAction":[{"@type":"CommentAction","name":"Comment","target":["https:\/\/gabonnouvellevision.com\/gnv\/2025\/07\/24\/ouverture-de-la-foire-chine-gabon-ce-jeudi-24-juillet-a-libreville\/#respond"]}]},{"@type":"WebPage","@id":"https:\/\/gabonnouvellevision.com\/gnv\/2025\/07\/24\/ouverture-de-la-foire-chine-gabon-ce-jeudi-24-juillet-a-libreville\/","url":"https:\/\/gabonnouvellevision.com\/gnv\/2025\/07\/24\/ouverture-de-la-foire-chine-gabon-ce-jeudi-24-juillet-a-libreville\/","name":"Ouverture de la foire Chine-Gabon \u00a0ce jeudi 24 juillet \u00e0 Libreville - Gabon Nouvelle Vision","isPartOf":{"@id":"https:\/\/gabonnouvellevision.com\/gnv\/#website"},"primaryImageOfPage":{"@id":"https:\/\/gabonnouvellevision.com\/gnv\/2025\/07\/24\/ouverture-de-la-foire-chine-gabon-ce-jeudi-24-juillet-a-libreville\/#primaryimage"},"image":{"@id":"https:\/\/gabonnouvellevision.com\/gnv\/2025\/07\/24\/ouverture-de-la-foire-chine-gabon-ce-jeudi-24-juillet-a-libreville\/#primaryimage"},"thumbnailUrl":"https:\/\/gabonnouvellevision.com\/gnv\/wp-content\/uploads\/2025\/07\/520836806_1187776389821266_7009878301697199036_n.jpg","datePublished":"2025-07-24T08:46:03+00:00","dateModified":"2025-07-24T08:46:59+00:00","breadcrumb":{"@id":"https:\/\/gabonnouvellevision.com\/gnv\/2025\/07\/24\/ouverture-de-la-foire-chine-gabon-ce-jeudi-24-juillet-a-libreville\/#breadcrumb"},"inLanguage":"fr-FR","potentialAction":[{"@type":"ReadAction","target":["https:\/\/gabonnouvellevision.com\/gnv\/2025\/07\/24\/ouverture-de-la-foire-chine-gabon-ce-jeudi-24-juillet-a-libreville\/"]}]},{"@type":"ImageObject","inLanguage":"fr-FR","@id":"https:\/\/gabonnouvellevision.com\/gnv\/2025\/07\/24\/ouverture-de-la-foire-chine-gabon-ce-jeudi-24-juillet-a-libreville\/#primaryimage","url":"https:\/\/gabonnouvellevision.com\/gnv\/wp-content\/uploads\/2025\/07\/520836806_1187776389821266_7009878301697199036_n.jpg","contentUrl":"https:\/\/gabonnouvellevision.com\/gnv\/wp-content\/uploads\/2025\/07\/520836806_1187776389821266_7009878301697199036_n.jpg","width":512,"height":640},{"@type":"BreadcrumbList","@id":"https:\/\/gabonnouvellevision.com\/gnv\/2025\/07\/24\/ouverture-de-la-foire-chine-gabon-ce-jeudi-24-juillet-a-libreville\/#breadcrumb","itemListElement":[{"@type":"ListItem","position":1,"name":"Accueil","item":"https:\/\/gabonnouvellevision.com\/gnv\/"},{"@type":"ListItem","position":2,"name":"Ouverture de la foire Chine-Gabon \u00a0ce jeudi 24 juillet \u00e0 Libreville"}]},{"@type":"WebSite","@id":"https:\/\/gabonnouvellevision.com\/gnv\/#website","url":"https:\/\/gabonnouvellevision.com\/gnv\/","name":"Gabon Nouvelle Vision","description":"","publisher":{"@id":"https:\/\/gabonnouvellevision.com\/gnv\/#organization"},"potentialAction":[{"@type":"SearchAction","target":{"@type":"EntryPoint","urlTemplate":"https:\/\/gabonnouvellevision.com\/gnv\/?s={search_term_string}"},"query-input":{"@type":"PropertyValueSpecification","valueRequired":true,"valueName":"search_term_string"}}],"inLanguage":"fr-FR"},{"@type":"Organization","@id":"https:\/\/gabonnouvellevision.com\/gnv\/#organization","name":"Gabon Nouvelle Vision","url":"https:\/\/gabonnouvellevision.com\/gnv\/","logo":{"@type":"ImageObject","inLanguage":"fr-FR","@id":"https:\/\/gabonnouvellevision.com\/gnv\/#\/schema\/logo\/image\/","url":"https:\/\/gabonnouvellevision.com\/gnv\/wp-content\/uploads\/2025\/01\/logo-text_Plan-de-travail-1.png","contentUrl":"https:\/\/gabonnouvellevision.com\/gnv\/wp-content\/uploads\/2025\/01\/logo-text_Plan-de-travail-1.png","width":7169,"height":2390,"caption":"Gabon Nouvelle Vision"},"image":{"@id":"https:\/\/gabonnouvellevision.com\/gnv\/#\/schema\/logo\/image\/"},"sameAs":["https:\/\/www.facebook.com\/GNVofficiel"]},{"@type":"Person","@id":"https:\/\/gabonnouvellevision.com\/gnv\/#\/schema\/person\/4b48e07d222f83c0285affc3704bc899","name":"Eyeng Obame","image":{"@type":"ImageObject","inLanguage":"fr-FR","@id":"https:\/\/gabonnouvellevision.com\/gnv\/#\/schema\/person\/image\/","url":"https:\/\/secure.gravatar.com\/avatar\/167bc03b8baf3c77318a47159f80871de6f5a6cbf4bc8b6af750fbc1a369d7bf?s=96&d=mm&r=g","contentUrl":"https:\/\/secure.gravatar.com\/avatar\/167bc03b8baf3c77318a47159f80871de6f5a6cbf4bc8b6af750fbc1a369d7bf?s=96&d=mm&r=g","caption":"Eyeng Obame"},"url":"https:\/\/gabonnouvellevision.com\/gnv\/author\/rufin\/"}]}},"_links":{"self":[{"href":"https:\/\/gabonnouvellevision.com\/gnv\/wp-json\/wp\/v2\/posts\/24133","targetHints":{"allow":["GET"]}}],"collection":[{"href":"https:\/\/gabonnouvellevision.com\/gnv\/wp-json\/wp\/v2\/posts"}],"about":[{"href":"https:\/\/gabonnouvellevision.com\/gnv\/wp-json\/wp\/v2\/types\/post"}],"author":[{"embeddable":true,"href":"https:\/\/gabonnouvellevision.com\/gnv\/wp-json\/wp\/v2\/users\/7"}],"replies":[{"embeddable":true,"href":"https:\/\/gabonnouvellevision.com\/gnv\/wp-json\/wp\/v2\/comments?post=24133"}],"version-history":[{"count":1,"href":"https:\/\/gabonnouvellevision.com\/gnv\/wp-json\/wp\/v2\/posts\/24133\/revisions"}],"predecessor-version":[{"id":24135,"href":"https:\/\/gabonnouvellevision.com\/gnv\/wp-json\/wp\/v2\/posts\/24133\/revisions\/24135"}],"wp:featuredmedia":[{"embeddable":true,"href":"https:\/\/gabonnouvellevision.com\/gnv\/wp-json\/wp\/v2\/media\/24134"}],"wp:attachment":[{"href":"https:\/\/gabonnouvellevision.com\/gnv\/wp-json\/wp\/v2\/media?parent=24133"}],"wp:term":[{"taxonomy":"category","embeddable":true,"href":"https:\/\/gabonnouvellevision.com\/gnv\/wp-json\/wp\/v2\/categories?post=24133"},{"taxonomy":"post_tag","embeddable":true,"href":"https:\/\/gabonnouvellevision.com\/gnv\/wp-json\/wp\/v2\/tags?post=24133"}],"curies":[{"name":"wp","href":"https:\/\/api.w.org\/{rel}","templated":true}]}}