{"id":24130,"date":"2025-07-23T11:45:21","date_gmt":"2025-07-23T09:45:21","guid":{"rendered":"https:\/\/gabonnouvellevision.com\/gnv\/?p=24130"},"modified":"2025-07-23T11:45:23","modified_gmt":"2025-07-23T09:45:23","slug":"vers-la-tenue-du-1er-forum-economique-ivoiro-gabonais-a-libreville","status":"publish","type":"post","link":"https:\/\/gabonnouvellevision.com\/gnv\/2025\/07\/23\/vers-la-tenue-du-1er-forum-economique-ivoiro-gabonais-a-libreville\/","title":{"rendered":"Vers la tenue du 1er forum \u00e9conomique Ivoiro-Gabonais \u00e0 Libreville\u00a0?"},"content":{"rendered":"\n<p>Le Ministre de la R\u00e9forme et des Relations avec les Institutions, Fran\u00e7ois Ndong Obiang, et l\u2019Ambassadeur de C\u00f4te-d\u2019Ivoire au Gabon, Bertin konan kouadio, mardi 22 juillet 2025 \u00e0 Libreville. Com. Minist\u00e8re<\/p>\n\n\n\n<p><strong><em>Le renforcement des liens diplomatiques et la consolidation de la coop\u00e9ration bilat\u00e9rale entre le Gabon et la C\u00f4te-d\u2019Ivoire \u00e9taient au c\u0153ur des d\u00e9bats de l\u2019audience que le Ministre de la R\u00e9forme et des Relations avec les institutions, Fran\u00e7ois Ndong Obiang vient d\u2019accorder \u00e0 l\u2019Ambassadeur de C\u00f4te-d\u2019Ivoire accr\u00e9dit\u00e9 au Gabon, Bertin Konan Kouadio \u00e0 Libreville.<\/em><\/strong><\/p>\n\n\n\n<p>Selon la presse gouvernementale, le diplomate Ivoirien &nbsp;a inform\u00e9 le Ministre Fran\u00e7ois Ndong Obiang &nbsp;de la tenue prochaine, dans la capitale gabonaise, \ud835\udc1d\ud835\udc2e \ud835\udfcf\ud835\udc1e\ud835\udc2b \ud835\udc05\ud835\udc28\ud835\udc2b\ud835\udc2e\ud835\udc26 \ud835\udc22\ud835\udc2f\ud835\udc28\ud835\udc22\ud835\udc2b\ud835\udc28-\ud835\udc20\ud835\udc1a\ud835\udc1b\ud835\udc28\ud835\udc27\ud835\udc1a\ud835\udc22\ud835\udc2c. Un cadre d\u2019\u00e9changes strat\u00e9gique visant \u00e0 promouvoir les investissements, les partenariats \u00e9conomiques et la coop\u00e9ration institutionnelle&nbsp;.Avant de le convier, \u00e0 participer, \ud835\udc25\ud835\udc1e \ud835\udfd5 \ud835\udc1a\ud835\udc28\u00fb\ud835\udc2d \ud835\udfd0\ud835\udfce\ud835\udfd0\ud835\udfd3, aux festivit\u00e9s marquant le \ud835\udfd4\ud835\udfd3\ud835\udc1e \ud835\udc1a\ud835\udc27\ud835\udc27\ud835\udc22\ud835\udc2f\ud835\udc1e\ud835\udc2b\ud835\udc2c\ud835\udc1a\ud835\udc22\ud835\udc2b\ud835\udc1e \ud835\udc1d\ud835\udc1e \ud835\udc25\u2019\ud835\udc22\ud835\udc27\ud835\udc1d\u00e9\ud835\udc29\ud835\udc1e\ud835\udc27\ud835\udc1d\ud835\udc1a\ud835\udc27\ud835\udc1c\ud835\udc1e \ud835\udc1d\ud835\udc1e \ud835\udc25\ud835\udc1a \ud835\udc11\u00e9\ud835\udc29\ud835\udc2e\ud835\udc1b\ud835\udc25\ud835\udc22\ud835\udc2a\ud835\udc2e\ud835\udc1e \ud835\udc1d\ud835\udc1e \ud835\udc02\u00f4\ud835\udc2d\ud835\udc1e \ud835\udc1d\u2019\ud835\udc08\ud835\udc2f\ud835\udc28\ud835\udc22\ud835\udc2b\ud835\udc1e. .<\/p>\n\n\n\n<p>En r\u00e9ponse \u00e0 cette sollicitation, le Ministre Fran\u00e7ois Ndong Obiang a r\u00e9affirm\u00e9 l\u2019engagement du Gabon \u00e0 \u0153uvrer pour la mise en \u0153uvre de projets structurants, dans le strict respect des hautes orientations du Chef de l\u2019\u00c9tat, tourn\u00e9es vers une gouvernance modernis\u00e9e, inclusive et efficace, fond\u00e9e sur le dialogue institutionnel, la coop\u00e9ration r\u00e9gionale et l\u2019int\u00e9gration sous-r\u00e9gionale.<\/p>\n\n\n\n<p>Le Gabon et la C\u00f4te-d\u2019Ivoire entretiennent d\u2019excellentes relations diplomatiques et de coop\u00e9ration depuis des d\u00e9cennies.<\/p>\n\n\n\n<p>Une coop\u00e9ration Sud-sud qui devra porter des fruits \u00e0 l\u2019issue du forum.<\/p>\n\n\n\n<p><strong>Rufin Martial Oke Nze<\/strong><\/p>\n","protected":false},"excerpt":{"rendered":"<p>Le Ministre de la R\u00e9forme et des Relations avec les Institutions, Fran\u00e7ois Ndong Obiang, et l\u2019Ambassadeur de C\u00f4te-d\u2019Ivoire au Gabon, Bertin konan kouadio, mardi 22 juillet 2025 \u00e0 Libreville. Com. Minist\u00e8re Le renforcement des liens diplomatiques et la consolidation de la coop\u00e9ration bilat\u00e9rale entre le Gabon et la C\u00f4te-d\u2019Ivoire \u00e9taient au c\u0153ur des d\u00e9bats de [&hellip;]<\/p>\n","protected":false},"author":7,"featured_media":24131,"comment_status":"open","ping_status":"open","sticky":false,"template":"","format":"standard","meta":{"footnotes":""},"categories":[57,55,66],"tags":[],"class_list":["post-24130","post","type-post","status-publish","format-standard","has-post-thumbnail","hentry","category-a-la-une","category-actualites","category-diplomatie"],"yoast_head":"<!-- This site is optimized with the Yoast SEO plugin v24.2 - https:\/\/yoast.com\/wordpress\/plugins\/seo\/ -->\n<title>Vers la tenue du 1er forum \u00e9conomique Ivoiro-Gabonais \u00e0 Libreville\u00a0? - Gabon Nouvelle Vision<\/title>\n<meta name=\"robots\" content=\"index, follow, max-snippet:-1, max-image-preview:large, max-video-preview:-1\" \/>\n<link rel=\"canonical\" href=\"https:\/\/gabonnouvellevision.com\/gnv\/2025\/07\/23\/vers-la-tenue-du-1er-forum-economique-ivoiro-gabonais-a-libreville\/\" \/>\n<meta property=\"og:locale\" content=\"fr_FR\" \/>\n<meta property=\"og:type\" content=\"article\" \/>\n<meta property=\"og:title\" content=\"Vers la tenue du 1er forum \u00e9conomique Ivoiro-Gabonais \u00e0 Libreville\u00a0? - Gabon Nouvelle Vision\" \/>\n<meta property=\"og:description\" content=\"Le Ministre de la R\u00e9forme et des Relations avec les Institutions, Fran\u00e7ois Ndong Obiang, et l\u2019Ambassadeur de C\u00f4te-d\u2019Ivoire au Gabon, Bertin konan kouadio, mardi 22 juillet 2025 \u00e0 Libreville. Com. Minist\u00e8re Le renforcement des liens diplomatiques et la consolidation de la coop\u00e9ration bilat\u00e9rale entre le Gabon et la C\u00f4te-d\u2019Ivoire \u00e9taient au c\u0153ur des d\u00e9bats de [&hellip;]\" \/>\n<meta property=\"og:url\" content=\"https:\/\/gabonnouvellevision.com\/gnv\/2025\/07\/23\/vers-la-tenue-du-1er-forum-economique-ivoiro-gabonais-a-libreville\/\" \/>\n<meta property=\"og:site_name\" content=\"Gabon Nouvelle Vision\" \/>\n<meta property=\"article:publisher\" content=\"https:\/\/www.facebook.com\/GNVofficiel\" \/>\n<meta property=\"article:published_time\" content=\"2025-07-23T09:45:21+00:00\" \/>\n<meta property=\"article:modified_time\" content=\"2025-07-23T09:45:23+00:00\" \/>\n<meta property=\"og:image\" content=\"https:\/\/gabonnouvellevision.com\/gnv\/wp-content\/uploads\/2025\/07\/523102880_1052511720402729_1290626773149451596_n.jpg\" \/>\n\t<meta property=\"og:image:width\" content=\"600\" \/>\n\t<meta property=\"og:image:height\" content=\"388\" \/>\n\t<meta property=\"og:image:type\" content=\"image\/jpeg\" \/>\n<meta name=\"author\" content=\"Eyeng Obame\" \/>\n<meta name=\"twitter:card\" content=\"summary_large_image\" \/>\n<meta name=\"twitter:label1\" content=\"\u00c9crit par\" \/>\n\t<meta name=\"twitter:data1\" content=\"Eyeng Obame\" \/>\n\t<meta name=\"twitter:label2\" content=\"Dur\u00e9e de lecture estim\u00e9e\" \/>\n\t<meta name=\"twitter:data2\" content=\"2 minutes\" \/>\n<script type=\"application\/ld+json\" class=\"yoast-schema-graph\">{\"@context\":\"https:\/\/schema.org\",\"@graph\":[{\"@type\":\"Article\",\"@id\":\"https:\/\/gabonnouvellevision.com\/gnv\/2025\/07\/23\/vers-la-tenue-du-1er-forum-economique-ivoiro-gabonais-a-libreville\/#article\",\"isPartOf\":{\"@id\":\"https:\/\/gabonnouvellevision.com\/gnv\/2025\/07\/23\/vers-la-tenue-du-1er-forum-economique-ivoiro-gabonais-a-libreville\/\"},\"author\":{\"name\":\"Eyeng Obame\",\"@id\":\"https:\/\/gabonnouvellevision.com\/gnv\/#\/schema\/person\/4b48e07d222f83c0285affc3704bc899\"},\"headline\":\"Vers la tenue du 1er forum \u00e9conomique Ivoiro-Gabonais \u00e0 Libreville\u00a0?\",\"datePublished\":\"2025-07-23T09:45:21+00:00\",\"dateModified\":\"2025-07-23T09:45:23+00:00\",\"mainEntityOfPage\":{\"@id\":\"https:\/\/gabonnouvellevision.com\/gnv\/2025\/07\/23\/vers-la-tenue-du-1er-forum-economique-ivoiro-gabonais-a-libreville\/\"},\"wordCount\":267,\"commentCount\":0,\"publisher\":{\"@id\":\"https:\/\/gabonnouvellevision.com\/gnv\/#organization\"},\"image\":{\"@id\":\"https:\/\/gabonnouvellevision.com\/gnv\/2025\/07\/23\/vers-la-tenue-du-1er-forum-economique-ivoiro-gabonais-a-libreville\/#primaryimage\"},\"thumbnailUrl\":\"https:\/\/gabonnouvellevision.com\/gnv\/wp-content\/uploads\/2025\/07\/523102880_1052511720402729_1290626773149451596_n.jpg\",\"articleSection\":[\"A la une\",\"Actualites\",\"Diplomatie\"],\"inLanguage\":\"fr-FR\",\"potentialAction\":[{\"@type\":\"CommentAction\",\"name\":\"Comment\",\"target\":[\"https:\/\/gabonnouvellevision.com\/gnv\/2025\/07\/23\/vers-la-tenue-du-1er-forum-economique-ivoiro-gabonais-a-libreville\/#respond\"]}]},{\"@type\":\"WebPage\",\"@id\":\"https:\/\/gabonnouvellevision.com\/gnv\/2025\/07\/23\/vers-la-tenue-du-1er-forum-economique-ivoiro-gabonais-a-libreville\/\",\"url\":\"https:\/\/gabonnouvellevision.com\/gnv\/2025\/07\/23\/vers-la-tenue-du-1er-forum-economique-ivoiro-gabonais-a-libreville\/\",\"name\":\"Vers la tenue du 1er forum \u00e9conomique Ivoiro-Gabonais \u00e0 Libreville\u00a0? - Gabon Nouvelle Vision\",\"isPartOf\":{\"@id\":\"https:\/\/gabonnouvellevision.com\/gnv\/#website\"},\"primaryImageOfPage\":{\"@id\":\"https:\/\/gabonnouvellevision.com\/gnv\/2025\/07\/23\/vers-la-tenue-du-1er-forum-economique-ivoiro-gabonais-a-libreville\/#primaryimage\"},\"image\":{\"@id\":\"https:\/\/gabonnouvellevision.com\/gnv\/2025\/07\/23\/vers-la-tenue-du-1er-forum-economique-ivoiro-gabonais-a-libreville\/#primaryimage\"},\"thumbnailUrl\":\"https:\/\/gabonnouvellevision.com\/gnv\/wp-content\/uploads\/2025\/07\/523102880_1052511720402729_1290626773149451596_n.jpg\",\"datePublished\":\"2025-07-23T09:45:21+00:00\",\"dateModified\":\"2025-07-23T09:45:23+00:00\",\"breadcrumb\":{\"@id\":\"https:\/\/gabonnouvellevision.com\/gnv\/2025\/07\/23\/vers-la-tenue-du-1er-forum-economique-ivoiro-gabonais-a-libreville\/#breadcrumb\"},\"inLanguage\":\"fr-FR\",\"potentialAction\":[{\"@type\":\"ReadAction\",\"target\":[\"https:\/\/gabonnouvellevision.com\/gnv\/2025\/07\/23\/vers-la-tenue-du-1er-forum-economique-ivoiro-gabonais-a-libreville\/\"]}]},{\"@type\":\"ImageObject\",\"inLanguage\":\"fr-FR\",\"@id\":\"https:\/\/gabonnouvellevision.com\/gnv\/2025\/07\/23\/vers-la-tenue-du-1er-forum-economique-ivoiro-gabonais-a-libreville\/#primaryimage\",\"url\":\"https:\/\/gabonnouvellevision.com\/gnv\/wp-content\/uploads\/2025\/07\/523102880_1052511720402729_1290626773149451596_n.jpg\",\"contentUrl\":\"https:\/\/gabonnouvellevision.com\/gnv\/wp-content\/uploads\/2025\/07\/523102880_1052511720402729_1290626773149451596_n.jpg\",\"width\":600,\"height\":388},{\"@type\":\"BreadcrumbList\",\"@id\":\"https:\/\/gabonnouvellevision.com\/gnv\/2025\/07\/23\/vers-la-tenue-du-1er-forum-economique-ivoiro-gabonais-a-libreville\/#breadcrumb\",\"itemListElement\":[{\"@type\":\"ListItem\",\"position\":1,\"name\":\"Accueil\",\"item\":\"https:\/\/gabonnouvellevision.com\/gnv\/\"},{\"@type\":\"ListItem\",\"position\":2,\"name\":\"Vers la tenue du 1er forum \u00e9conomique Ivoiro-Gabonais \u00e0 Libreville\u00a0?\"}]},{\"@type\":\"WebSite\",\"@id\":\"https:\/\/gabonnouvellevision.com\/gnv\/#website\",\"url\":\"https:\/\/gabonnouvellevision.com\/gnv\/\",\"name\":\"Gabon Nouvelle Vision\",\"description\":\"\",\"publisher\":{\"@id\":\"https:\/\/gabonnouvellevision.com\/gnv\/#organization\"},\"potentialAction\":[{\"@type\":\"SearchAction\",\"target\":{\"@type\":\"EntryPoint\",\"urlTemplate\":\"https:\/\/gabonnouvellevision.com\/gnv\/?s={search_term_string}\"},\"query-input\":{\"@type\":\"PropertyValueSpecification\",\"valueRequired\":true,\"valueName\":\"search_term_string\"}}],\"inLanguage\":\"fr-FR\"},{\"@type\":\"Organization\",\"@id\":\"https:\/\/gabonnouvellevision.com\/gnv\/#organization\",\"name\":\"Gabon Nouvelle Vision\",\"url\":\"https:\/\/gabonnouvellevision.com\/gnv\/\",\"logo\":{\"@type\":\"ImageObject\",\"inLanguage\":\"fr-FR\",\"@id\":\"https:\/\/gabonnouvellevision.com\/gnv\/#\/schema\/logo\/image\/\",\"url\":\"https:\/\/gabonnouvellevision.com\/gnv\/wp-content\/uploads\/2025\/01\/logo-text_Plan-de-travail-1.png\",\"contentUrl\":\"https:\/\/gabonnouvellevision.com\/gnv\/wp-content\/uploads\/2025\/01\/logo-text_Plan-de-travail-1.png\",\"width\":7169,\"height\":2390,\"caption\":\"Gabon Nouvelle Vision\"},\"image\":{\"@id\":\"https:\/\/gabonnouvellevision.com\/gnv\/#\/schema\/logo\/image\/\"},\"sameAs\":[\"https:\/\/www.facebook.com\/GNVofficiel\"]},{\"@type\":\"Person\",\"@id\":\"https:\/\/gabonnouvellevision.com\/gnv\/#\/schema\/person\/4b48e07d222f83c0285affc3704bc899\",\"name\":\"Eyeng Obame\",\"image\":{\"@type\":\"ImageObject\",\"inLanguage\":\"fr-FR\",\"@id\":\"https:\/\/gabonnouvellevision.com\/gnv\/#\/schema\/person\/image\/\",\"url\":\"https:\/\/secure.gravatar.com\/avatar\/167bc03b8baf3c77318a47159f80871de6f5a6cbf4bc8b6af750fbc1a369d7bf?s=96&d=mm&r=g\",\"contentUrl\":\"https:\/\/secure.gravatar.com\/avatar\/167bc03b8baf3c77318a47159f80871de6f5a6cbf4bc8b6af750fbc1a369d7bf?s=96&d=mm&r=g\",\"caption\":\"Eyeng Obame\"},\"url\":\"https:\/\/gabonnouvellevision.com\/gnv\/author\/rufin\/\"}]}<\/script>\n<!-- \/ Yoast SEO plugin. -->","yoast_head_json":{"title":"Vers la tenue du 1er forum \u00e9conomique Ivoiro-Gabonais \u00e0 Libreville\u00a0? - Gabon Nouvelle Vision","robots":{"index":"index","follow":"follow","max-snippet":"max-snippet:-1","max-image-preview":"max-image-preview:large","max-video-preview":"max-video-preview:-1"},"canonical":"https:\/\/gabonnouvellevision.com\/gnv\/2025\/07\/23\/vers-la-tenue-du-1er-forum-economique-ivoiro-gabonais-a-libreville\/","og_locale":"fr_FR","og_type":"article","og_title":"Vers la tenue du 1er forum \u00e9conomique Ivoiro-Gabonais \u00e0 Libreville\u00a0? - Gabon Nouvelle Vision","og_description":"Le Ministre de la R\u00e9forme et des Relations avec les Institutions, Fran\u00e7ois Ndong Obiang, et l\u2019Ambassadeur de C\u00f4te-d\u2019Ivoire au Gabon, Bertin konan kouadio, mardi 22 juillet 2025 \u00e0 Libreville. Com. Minist\u00e8re Le renforcement des liens diplomatiques et la consolidation de la coop\u00e9ration bilat\u00e9rale entre le Gabon et la C\u00f4te-d\u2019Ivoire \u00e9taient au c\u0153ur des d\u00e9bats de [&hellip;]","og_url":"https:\/\/gabonnouvellevision.com\/gnv\/2025\/07\/23\/vers-la-tenue-du-1er-forum-economique-ivoiro-gabonais-a-libreville\/","og_site_name":"Gabon Nouvelle Vision","article_publisher":"https:\/\/www.facebook.com\/GNVofficiel","article_published_time":"2025-07-23T09:45:21+00:00","article_modified_time":"2025-07-23T09:45:23+00:00","og_image":[{"width":600,"height":388,"url":"https:\/\/gabonnouvellevision.com\/gnv\/wp-content\/uploads\/2025\/07\/523102880_1052511720402729_1290626773149451596_n.jpg","type":"image\/jpeg"}],"author":"Eyeng Obame","twitter_card":"summary_large_image","twitter_misc":{"\u00c9crit par":"Eyeng Obame","Dur\u00e9e de lecture estim\u00e9e":"2 minutes"},"schema":{"@context":"https:\/\/schema.org","@graph":[{"@type":"Article","@id":"https:\/\/gabonnouvellevision.com\/gnv\/2025\/07\/23\/vers-la-tenue-du-1er-forum-economique-ivoiro-gabonais-a-libreville\/#article","isPartOf":{"@id":"https:\/\/gabonnouvellevision.com\/gnv\/2025\/07\/23\/vers-la-tenue-du-1er-forum-economique-ivoiro-gabonais-a-libreville\/"},"author":{"name":"Eyeng Obame","@id":"https:\/\/gabonnouvellevision.com\/gnv\/#\/schema\/person\/4b48e07d222f83c0285affc3704bc899"},"headline":"Vers la tenue du 1er forum \u00e9conomique Ivoiro-Gabonais \u00e0 Libreville\u00a0?","datePublished":"2025-07-23T09:45:21+00:00","dateModified":"2025-07-23T09:45:23+00:00","mainEntityOfPage":{"@id":"https:\/\/gabonnouvellevision.com\/gnv\/2025\/07\/23\/vers-la-tenue-du-1er-forum-economique-ivoiro-gabonais-a-libreville\/"},"wordCount":267,"commentCount":0,"publisher":{"@id":"https:\/\/gabonnouvellevision.com\/gnv\/#organization"},"image":{"@id":"https:\/\/gabonnouvellevision.com\/gnv\/2025\/07\/23\/vers-la-tenue-du-1er-forum-economique-ivoiro-gabonais-a-libreville\/#primaryimage"},"thumbnailUrl":"https:\/\/gabonnouvellevision.com\/gnv\/wp-content\/uploads\/2025\/07\/523102880_1052511720402729_1290626773149451596_n.jpg","articleSection":["A la une","Actualites","Diplomatie"],"inLanguage":"fr-FR","potentialAction":[{"@type":"CommentAction","name":"Comment","target":["https:\/\/gabonnouvellevision.com\/gnv\/2025\/07\/23\/vers-la-tenue-du-1er-forum-economique-ivoiro-gabonais-a-libreville\/#respond"]}]},{"@type":"WebPage","@id":"https:\/\/gabonnouvellevision.com\/gnv\/2025\/07\/23\/vers-la-tenue-du-1er-forum-economique-ivoiro-gabonais-a-libreville\/","url":"https:\/\/gabonnouvellevision.com\/gnv\/2025\/07\/23\/vers-la-tenue-du-1er-forum-economique-ivoiro-gabonais-a-libreville\/","name":"Vers la tenue du 1er forum \u00e9conomique Ivoiro-Gabonais \u00e0 Libreville\u00a0? - Gabon Nouvelle Vision","isPartOf":{"@id":"https:\/\/gabonnouvellevision.com\/gnv\/#website"},"primaryImageOfPage":{"@id":"https:\/\/gabonnouvellevision.com\/gnv\/2025\/07\/23\/vers-la-tenue-du-1er-forum-economique-ivoiro-gabonais-a-libreville\/#primaryimage"},"image":{"@id":"https:\/\/gabonnouvellevision.com\/gnv\/2025\/07\/23\/vers-la-tenue-du-1er-forum-economique-ivoiro-gabonais-a-libreville\/#primaryimage"},"thumbnailUrl":"https:\/\/gabonnouvellevision.com\/gnv\/wp-content\/uploads\/2025\/07\/523102880_1052511720402729_1290626773149451596_n.jpg","datePublished":"2025-07-23T09:45:21+00:00","dateModified":"2025-07-23T09:45:23+00:00","breadcrumb":{"@id":"https:\/\/gabonnouvellevision.com\/gnv\/2025\/07\/23\/vers-la-tenue-du-1er-forum-economique-ivoiro-gabonais-a-libreville\/#breadcrumb"},"inLanguage":"fr-FR","potentialAction":[{"@type":"ReadAction","target":["https:\/\/gabonnouvellevision.com\/gnv\/2025\/07\/23\/vers-la-tenue-du-1er-forum-economique-ivoiro-gabonais-a-libreville\/"]}]},{"@type":"ImageObject","inLanguage":"fr-FR","@id":"https:\/\/gabonnouvellevision.com\/gnv\/2025\/07\/23\/vers-la-tenue-du-1er-forum-economique-ivoiro-gabonais-a-libreville\/#primaryimage","url":"https:\/\/gabonnouvellevision.com\/gnv\/wp-content\/uploads\/2025\/07\/523102880_1052511720402729_1290626773149451596_n.jpg","contentUrl":"https:\/\/gabonnouvellevision.com\/gnv\/wp-content\/uploads\/2025\/07\/523102880_1052511720402729_1290626773149451596_n.jpg","width":600,"height":388},{"@type":"BreadcrumbList","@id":"https:\/\/gabonnouvellevision.com\/gnv\/2025\/07\/23\/vers-la-tenue-du-1er-forum-economique-ivoiro-gabonais-a-libreville\/#breadcrumb","itemListElement":[{"@type":"ListItem","position":1,"name":"Accueil","item":"https:\/\/gabonnouvellevision.com\/gnv\/"},{"@type":"ListItem","position":2,"name":"Vers la tenue du 1er forum \u00e9conomique Ivoiro-Gabonais \u00e0 Libreville\u00a0?"}]},{"@type":"WebSite","@id":"https:\/\/gabonnouvellevision.com\/gnv\/#website","url":"https:\/\/gabonnouvellevision.com\/gnv\/","name":"Gabon Nouvelle Vision","description":"","publisher":{"@id":"https:\/\/gabonnouvellevision.com\/gnv\/#organization"},"potentialAction":[{"@type":"SearchAction","target":{"@type":"EntryPoint","urlTemplate":"https:\/\/gabonnouvellevision.com\/gnv\/?s={search_term_string}"},"query-input":{"@type":"PropertyValueSpecification","valueRequired":true,"valueName":"search_term_string"}}],"inLanguage":"fr-FR"},{"@type":"Organization","@id":"https:\/\/gabonnouvellevision.com\/gnv\/#organization","name":"Gabon Nouvelle Vision","url":"https:\/\/gabonnouvellevision.com\/gnv\/","logo":{"@type":"ImageObject","inLanguage":"fr-FR","@id":"https:\/\/gabonnouvellevision.com\/gnv\/#\/schema\/logo\/image\/","url":"https:\/\/gabonnouvellevision.com\/gnv\/wp-content\/uploads\/2025\/01\/logo-text_Plan-de-travail-1.png","contentUrl":"https:\/\/gabonnouvellevision.com\/gnv\/wp-content\/uploads\/2025\/01\/logo-text_Plan-de-travail-1.png","width":7169,"height":2390,"caption":"Gabon Nouvelle Vision"},"image":{"@id":"https:\/\/gabonnouvellevision.com\/gnv\/#\/schema\/logo\/image\/"},"sameAs":["https:\/\/www.facebook.com\/GNVofficiel"]},{"@type":"Person","@id":"https:\/\/gabonnouvellevision.com\/gnv\/#\/schema\/person\/4b48e07d222f83c0285affc3704bc899","name":"Eyeng Obame","image":{"@type":"ImageObject","inLanguage":"fr-FR","@id":"https:\/\/gabonnouvellevision.com\/gnv\/#\/schema\/person\/image\/","url":"https:\/\/secure.gravatar.com\/avatar\/167bc03b8baf3c77318a47159f80871de6f5a6cbf4bc8b6af750fbc1a369d7bf?s=96&d=mm&r=g","contentUrl":"https:\/\/secure.gravatar.com\/avatar\/167bc03b8baf3c77318a47159f80871de6f5a6cbf4bc8b6af750fbc1a369d7bf?s=96&d=mm&r=g","caption":"Eyeng Obame"},"url":"https:\/\/gabonnouvellevision.com\/gnv\/author\/rufin\/"}]}},"_links":{"self":[{"href":"https:\/\/gabonnouvellevision.com\/gnv\/wp-json\/wp\/v2\/posts\/24130","targetHints":{"allow":["GET"]}}],"collection":[{"href":"https:\/\/gabonnouvellevision.com\/gnv\/wp-json\/wp\/v2\/posts"}],"about":[{"href":"https:\/\/gabonnouvellevision.com\/gnv\/wp-json\/wp\/v2\/types\/post"}],"author":[{"embeddable":true,"href":"https:\/\/gabonnouvellevision.com\/gnv\/wp-json\/wp\/v2\/users\/7"}],"replies":[{"embeddable":true,"href":"https:\/\/gabonnouvellevision.com\/gnv\/wp-json\/wp\/v2\/comments?post=24130"}],"version-history":[{"count":1,"href":"https:\/\/gabonnouvellevision.com\/gnv\/wp-json\/wp\/v2\/posts\/24130\/revisions"}],"predecessor-version":[{"id":24132,"href":"https:\/\/gabonnouvellevision.com\/gnv\/wp-json\/wp\/v2\/posts\/24130\/revisions\/24132"}],"wp:featuredmedia":[{"embeddable":true,"href":"https:\/\/gabonnouvellevision.com\/gnv\/wp-json\/wp\/v2\/media\/24131"}],"wp:attachment":[{"href":"https:\/\/gabonnouvellevision.com\/gnv\/wp-json\/wp\/v2\/media?parent=24130"}],"wp:term":[{"taxonomy":"category","embeddable":true,"href":"https:\/\/gabonnouvellevision.com\/gnv\/wp-json\/wp\/v2\/categories?post=24130"},{"taxonomy":"post_tag","embeddable":true,"href":"https:\/\/gabonnouvellevision.com\/gnv\/wp-json\/wp\/v2\/tags?post=24130"}],"curies":[{"name":"wp","href":"https:\/\/api.w.org\/{rel}","templated":true}]}}