{"id":24127,"date":"2025-07-22T10:30:00","date_gmt":"2025-07-22T08:30:00","guid":{"rendered":"https:\/\/gabonnouvellevision.com\/gnv\/?p=24127"},"modified":"2025-07-22T10:30:03","modified_gmt":"2025-07-22T08:30:03","slug":"le-secretaire-general-des-oeacp-chez-le-president-oligui-nguema","status":"publish","type":"post","link":"https:\/\/gabonnouvellevision.com\/gnv\/2025\/07\/22\/le-secretaire-general-des-oeacp-chez-le-president-oligui-nguema\/","title":{"rendered":"Le Secr\u00e9taire G\u00e9n\u00e9ral des OEACP chez le Pr\u00e9sident Oligui Nguema"},"content":{"rendered":"\n<p>Poign\u00e9e de mains entre Le Secr\u00e9taire G\u00e9n\u00e9ral des OEACP, Moussa Saleh Batraki, et le Pr\u00e9sident Brice Clotaire Oligui Nguema, lundi 21 juillet 2025.Com.Pr\u00e9sidentielle<\/p>\n\n\n\n<p><em><strong>Le Pr\u00e9sident de la R\u00e9publique, Brice Clotaire Oligui Nguema, sera le Pr\u00e9sident d\u2019honneur du forum sur l&nbsp;\u00bbinvestissement priv\u00e9 en marge du sommet des OEACP \u00e0 Malabo. Annonce faite par le Secr\u00e9taire des Etas d\u2019Afrique, des Cara\u00efbes et du Pacifique, Moussa Saleh Batraki, de cet organisme qui regroupe 79 pays lors de la tenue de l\u2019audience entre les deux hommes hier au palais R\u00e9novation de Libreville<\/strong><\/em>.<\/p>\n\n\n\n<p>Obnubil\u00e9 par sa r\u00e9cente \u00e9lection \u00e0 la t\u00eate des OEACP, le Secr\u00e9taire de cette organisation internationale, Moussa Saleh Batraki, en s\u00e9jour au Gabon, \u00e9tait l\u2019h\u00f4te du Pr\u00e9sident Gabonais, Brice Clotaire Oligui Nguema, hier pour d\u00e9battre des principaux enjeux du prochain sommet OEACP qui devrait se tenir \u00e0 Malabo en Guin\u00e9e \u00e9quatoriale en fin d\u2019ann\u00e9e.<\/p>\n\n\n\n<p>Mais aussi de l\u2019en informer de sa d\u00e9signation en qualit\u00e9 de Pr\u00e9sident d\u2019honneur du forum sur l\u2019investissement priv\u00e9 en marge dudit sommet.<\/p>\n\n\n\n<p>\u00ab&nbsp;Lors de cette rencontre, le Secr\u00e9taire g\u00e9n\u00e9ral a pr\u00e9sent\u00e9 les priorit\u00e9s de son mandat \u00e0 la t\u00eate de cette organisation regroupant 79 \u00c9tats membres, ainsi que les r\u00e9formes en cours visant \u00e0 en am\u00e9liorer le fonctionnement.<\/p>\n\n\n\n<p>En pr\u00e9lude au Sommet des Chefs d\u2019\u00c9tat de l\u2019OEACP, pr\u00e9vu \u00e0 Malabo en fin d\u2019ann\u00e9e, il a sollicit\u00e9 le soutien du Gabon pour le Forum sur l\u2019investissement priv\u00e9 organis\u00e9 en marge de l\u2019\u00e9v\u00e9nement. Le Pr\u00e9sident de la R\u00e9publique a accept\u00e9 d\u2019en assurer la pr\u00e9sidence d\u2019honneur.<\/p>\n\n\n\n<p>Les \u00e9changes ont \u00e9galement port\u00e9 sur le renforcement de la coop\u00e9ration bilat\u00e9rale, notamment en mati\u00e8re de financement du d\u00e9veloppement et de mise en \u0153uvre de projets structurants dans le cadre de la strat\u00e9gie nationale de transformation \u00e9conomique et sociale&nbsp;\u00bb pr\u00e9cise la communication Pr\u00e9sidentielle.<\/p>\n\n\n\n<p>Cette marque d\u2019attention des OEACP \u00e0 l\u2019\u00e9gard du Pr\u00e9sident Gabonais, se justifie par son engagement \u00e0 sortir le Gabon et l\u2019Afrique du sous-d\u00e9veloppement chronique actuel.<\/p>\n\n\n\n<p><strong>Rufin Martial Oke Nze<\/strong><\/p>\n","protected":false},"excerpt":{"rendered":"<p>Poign\u00e9e de mains entre Le Secr\u00e9taire G\u00e9n\u00e9ral des OEACP, Moussa Saleh Batraki, et le Pr\u00e9sident Brice Clotaire Oligui Nguema, lundi 21 juillet 2025.Com.Pr\u00e9sidentielle Le Pr\u00e9sident de la R\u00e9publique, Brice Clotaire Oligui Nguema, sera le Pr\u00e9sident d\u2019honneur du forum sur l&nbsp;\u00bbinvestissement priv\u00e9 en marge du sommet des OEACP \u00e0 Malabo. Annonce faite par le Secr\u00e9taire des [&hellip;]<\/p>\n","protected":false},"author":7,"featured_media":24128,"comment_status":"open","ping_status":"open","sticky":false,"template":"","format":"standard","meta":{"footnotes":""},"categories":[57,55,66],"tags":[],"class_list":["post-24127","post","type-post","status-publish","format-standard","has-post-thumbnail","hentry","category-a-la-une","category-actualites","category-diplomatie"],"yoast_head":"<!-- This site is optimized with the Yoast SEO plugin v24.2 - https:\/\/yoast.com\/wordpress\/plugins\/seo\/ -->\n<title>Le Secr\u00e9taire G\u00e9n\u00e9ral des OEACP chez le Pr\u00e9sident Oligui Nguema - Gabon Nouvelle Vision<\/title>\n<meta name=\"robots\" content=\"index, follow, max-snippet:-1, max-image-preview:large, max-video-preview:-1\" \/>\n<link rel=\"canonical\" href=\"https:\/\/gabonnouvellevision.com\/gnv\/2025\/07\/22\/le-secretaire-general-des-oeacp-chez-le-president-oligui-nguema\/\" \/>\n<meta property=\"og:locale\" content=\"fr_FR\" \/>\n<meta property=\"og:type\" content=\"article\" \/>\n<meta property=\"og:title\" content=\"Le Secr\u00e9taire G\u00e9n\u00e9ral des OEACP chez le Pr\u00e9sident Oligui Nguema - Gabon Nouvelle Vision\" \/>\n<meta property=\"og:description\" content=\"Poign\u00e9e de mains entre Le Secr\u00e9taire G\u00e9n\u00e9ral des OEACP, Moussa Saleh Batraki, et le Pr\u00e9sident Brice Clotaire Oligui Nguema, lundi 21 juillet 2025.Com.Pr\u00e9sidentielle Le Pr\u00e9sident de la R\u00e9publique, Brice Clotaire Oligui Nguema, sera le Pr\u00e9sident d\u2019honneur du forum sur l&nbsp;\u00bbinvestissement priv\u00e9 en marge du sommet des OEACP \u00e0 Malabo. Annonce faite par le Secr\u00e9taire des [&hellip;]\" \/>\n<meta property=\"og:url\" content=\"https:\/\/gabonnouvellevision.com\/gnv\/2025\/07\/22\/le-secretaire-general-des-oeacp-chez-le-president-oligui-nguema\/\" \/>\n<meta property=\"og:site_name\" content=\"Gabon Nouvelle Vision\" \/>\n<meta property=\"article:publisher\" content=\"https:\/\/www.facebook.com\/GNVofficiel\" \/>\n<meta property=\"article:published_time\" content=\"2025-07-22T08:30:00+00:00\" \/>\n<meta property=\"article:modified_time\" content=\"2025-07-22T08:30:03+00:00\" \/>\n<meta property=\"og:image\" content=\"https:\/\/gabonnouvellevision.com\/gnv\/wp-content\/uploads\/2025\/07\/520538310_122264051594025336_5211519445995032343_n.jpg\" \/>\n\t<meta property=\"og:image:width\" content=\"600\" \/>\n\t<meta property=\"og:image:height\" content=\"380\" \/>\n\t<meta property=\"og:image:type\" content=\"image\/jpeg\" \/>\n<meta name=\"author\" content=\"Eyeng Obame\" \/>\n<meta name=\"twitter:card\" content=\"summary_large_image\" \/>\n<meta name=\"twitter:label1\" content=\"\u00c9crit par\" \/>\n\t<meta name=\"twitter:data1\" content=\"Eyeng Obame\" \/>\n\t<meta name=\"twitter:label2\" content=\"Dur\u00e9e de lecture estim\u00e9e\" \/>\n\t<meta name=\"twitter:data2\" content=\"2 minutes\" \/>\n<script type=\"application\/ld+json\" class=\"yoast-schema-graph\">{\"@context\":\"https:\/\/schema.org\",\"@graph\":[{\"@type\":\"Article\",\"@id\":\"https:\/\/gabonnouvellevision.com\/gnv\/2025\/07\/22\/le-secretaire-general-des-oeacp-chez-le-president-oligui-nguema\/#article\",\"isPartOf\":{\"@id\":\"https:\/\/gabonnouvellevision.com\/gnv\/2025\/07\/22\/le-secretaire-general-des-oeacp-chez-le-president-oligui-nguema\/\"},\"author\":{\"name\":\"Eyeng Obame\",\"@id\":\"https:\/\/gabonnouvellevision.com\/gnv\/#\/schema\/person\/4b48e07d222f83c0285affc3704bc899\"},\"headline\":\"Le Secr\u00e9taire G\u00e9n\u00e9ral des OEACP chez le Pr\u00e9sident Oligui Nguema\",\"datePublished\":\"2025-07-22T08:30:00+00:00\",\"dateModified\":\"2025-07-22T08:30:03+00:00\",\"mainEntityOfPage\":{\"@id\":\"https:\/\/gabonnouvellevision.com\/gnv\/2025\/07\/22\/le-secretaire-general-des-oeacp-chez-le-president-oligui-nguema\/\"},\"wordCount\":390,\"commentCount\":0,\"publisher\":{\"@id\":\"https:\/\/gabonnouvellevision.com\/gnv\/#organization\"},\"image\":{\"@id\":\"https:\/\/gabonnouvellevision.com\/gnv\/2025\/07\/22\/le-secretaire-general-des-oeacp-chez-le-president-oligui-nguema\/#primaryimage\"},\"thumbnailUrl\":\"https:\/\/gabonnouvellevision.com\/gnv\/wp-content\/uploads\/2025\/07\/520538310_122264051594025336_5211519445995032343_n.jpg\",\"articleSection\":[\"A la une\",\"Actualites\",\"Diplomatie\"],\"inLanguage\":\"fr-FR\",\"potentialAction\":[{\"@type\":\"CommentAction\",\"name\":\"Comment\",\"target\":[\"https:\/\/gabonnouvellevision.com\/gnv\/2025\/07\/22\/le-secretaire-general-des-oeacp-chez-le-president-oligui-nguema\/#respond\"]}]},{\"@type\":\"WebPage\",\"@id\":\"https:\/\/gabonnouvellevision.com\/gnv\/2025\/07\/22\/le-secretaire-general-des-oeacp-chez-le-president-oligui-nguema\/\",\"url\":\"https:\/\/gabonnouvellevision.com\/gnv\/2025\/07\/22\/le-secretaire-general-des-oeacp-chez-le-president-oligui-nguema\/\",\"name\":\"Le Secr\u00e9taire G\u00e9n\u00e9ral des OEACP chez le Pr\u00e9sident Oligui Nguema - Gabon Nouvelle Vision\",\"isPartOf\":{\"@id\":\"https:\/\/gabonnouvellevision.com\/gnv\/#website\"},\"primaryImageOfPage\":{\"@id\":\"https:\/\/gabonnouvellevision.com\/gnv\/2025\/07\/22\/le-secretaire-general-des-oeacp-chez-le-president-oligui-nguema\/#primaryimage\"},\"image\":{\"@id\":\"https:\/\/gabonnouvellevision.com\/gnv\/2025\/07\/22\/le-secretaire-general-des-oeacp-chez-le-president-oligui-nguema\/#primaryimage\"},\"thumbnailUrl\":\"https:\/\/gabonnouvellevision.com\/gnv\/wp-content\/uploads\/2025\/07\/520538310_122264051594025336_5211519445995032343_n.jpg\",\"datePublished\":\"2025-07-22T08:30:00+00:00\",\"dateModified\":\"2025-07-22T08:30:03+00:00\",\"breadcrumb\":{\"@id\":\"https:\/\/gabonnouvellevision.com\/gnv\/2025\/07\/22\/le-secretaire-general-des-oeacp-chez-le-president-oligui-nguema\/#breadcrumb\"},\"inLanguage\":\"fr-FR\",\"potentialAction\":[{\"@type\":\"ReadAction\",\"target\":[\"https:\/\/gabonnouvellevision.com\/gnv\/2025\/07\/22\/le-secretaire-general-des-oeacp-chez-le-president-oligui-nguema\/\"]}]},{\"@type\":\"ImageObject\",\"inLanguage\":\"fr-FR\",\"@id\":\"https:\/\/gabonnouvellevision.com\/gnv\/2025\/07\/22\/le-secretaire-general-des-oeacp-chez-le-president-oligui-nguema\/#primaryimage\",\"url\":\"https:\/\/gabonnouvellevision.com\/gnv\/wp-content\/uploads\/2025\/07\/520538310_122264051594025336_5211519445995032343_n.jpg\",\"contentUrl\":\"https:\/\/gabonnouvellevision.com\/gnv\/wp-content\/uploads\/2025\/07\/520538310_122264051594025336_5211519445995032343_n.jpg\",\"width\":600,\"height\":380},{\"@type\":\"BreadcrumbList\",\"@id\":\"https:\/\/gabonnouvellevision.com\/gnv\/2025\/07\/22\/le-secretaire-general-des-oeacp-chez-le-president-oligui-nguema\/#breadcrumb\",\"itemListElement\":[{\"@type\":\"ListItem\",\"position\":1,\"name\":\"Accueil\",\"item\":\"https:\/\/gabonnouvellevision.com\/gnv\/\"},{\"@type\":\"ListItem\",\"position\":2,\"name\":\"Le Secr\u00e9taire G\u00e9n\u00e9ral des OEACP chez le Pr\u00e9sident Oligui Nguema\"}]},{\"@type\":\"WebSite\",\"@id\":\"https:\/\/gabonnouvellevision.com\/gnv\/#website\",\"url\":\"https:\/\/gabonnouvellevision.com\/gnv\/\",\"name\":\"Gabon Nouvelle Vision\",\"description\":\"\",\"publisher\":{\"@id\":\"https:\/\/gabonnouvellevision.com\/gnv\/#organization\"},\"potentialAction\":[{\"@type\":\"SearchAction\",\"target\":{\"@type\":\"EntryPoint\",\"urlTemplate\":\"https:\/\/gabonnouvellevision.com\/gnv\/?s={search_term_string}\"},\"query-input\":{\"@type\":\"PropertyValueSpecification\",\"valueRequired\":true,\"valueName\":\"search_term_string\"}}],\"inLanguage\":\"fr-FR\"},{\"@type\":\"Organization\",\"@id\":\"https:\/\/gabonnouvellevision.com\/gnv\/#organization\",\"name\":\"Gabon Nouvelle Vision\",\"url\":\"https:\/\/gabonnouvellevision.com\/gnv\/\",\"logo\":{\"@type\":\"ImageObject\",\"inLanguage\":\"fr-FR\",\"@id\":\"https:\/\/gabonnouvellevision.com\/gnv\/#\/schema\/logo\/image\/\",\"url\":\"https:\/\/gabonnouvellevision.com\/gnv\/wp-content\/uploads\/2025\/01\/logo-text_Plan-de-travail-1.png\",\"contentUrl\":\"https:\/\/gabonnouvellevision.com\/gnv\/wp-content\/uploads\/2025\/01\/logo-text_Plan-de-travail-1.png\",\"width\":7169,\"height\":2390,\"caption\":\"Gabon Nouvelle Vision\"},\"image\":{\"@id\":\"https:\/\/gabonnouvellevision.com\/gnv\/#\/schema\/logo\/image\/\"},\"sameAs\":[\"https:\/\/www.facebook.com\/GNVofficiel\"]},{\"@type\":\"Person\",\"@id\":\"https:\/\/gabonnouvellevision.com\/gnv\/#\/schema\/person\/4b48e07d222f83c0285affc3704bc899\",\"name\":\"Eyeng Obame\",\"image\":{\"@type\":\"ImageObject\",\"inLanguage\":\"fr-FR\",\"@id\":\"https:\/\/gabonnouvellevision.com\/gnv\/#\/schema\/person\/image\/\",\"url\":\"https:\/\/secure.gravatar.com\/avatar\/167bc03b8baf3c77318a47159f80871de6f5a6cbf4bc8b6af750fbc1a369d7bf?s=96&d=mm&r=g\",\"contentUrl\":\"https:\/\/secure.gravatar.com\/avatar\/167bc03b8baf3c77318a47159f80871de6f5a6cbf4bc8b6af750fbc1a369d7bf?s=96&d=mm&r=g\",\"caption\":\"Eyeng Obame\"},\"url\":\"https:\/\/gabonnouvellevision.com\/gnv\/author\/rufin\/\"}]}<\/script>\n<!-- \/ Yoast SEO plugin. -->","yoast_head_json":{"title":"Le Secr\u00e9taire G\u00e9n\u00e9ral des OEACP chez le Pr\u00e9sident Oligui Nguema - Gabon Nouvelle Vision","robots":{"index":"index","follow":"follow","max-snippet":"max-snippet:-1","max-image-preview":"max-image-preview:large","max-video-preview":"max-video-preview:-1"},"canonical":"https:\/\/gabonnouvellevision.com\/gnv\/2025\/07\/22\/le-secretaire-general-des-oeacp-chez-le-president-oligui-nguema\/","og_locale":"fr_FR","og_type":"article","og_title":"Le Secr\u00e9taire G\u00e9n\u00e9ral des OEACP chez le Pr\u00e9sident Oligui Nguema - Gabon Nouvelle Vision","og_description":"Poign\u00e9e de mains entre Le Secr\u00e9taire G\u00e9n\u00e9ral des OEACP, Moussa Saleh Batraki, et le Pr\u00e9sident Brice Clotaire Oligui Nguema, lundi 21 juillet 2025.Com.Pr\u00e9sidentielle Le Pr\u00e9sident de la R\u00e9publique, Brice Clotaire Oligui Nguema, sera le Pr\u00e9sident d\u2019honneur du forum sur l&nbsp;\u00bbinvestissement priv\u00e9 en marge du sommet des OEACP \u00e0 Malabo. Annonce faite par le Secr\u00e9taire des [&hellip;]","og_url":"https:\/\/gabonnouvellevision.com\/gnv\/2025\/07\/22\/le-secretaire-general-des-oeacp-chez-le-president-oligui-nguema\/","og_site_name":"Gabon Nouvelle Vision","article_publisher":"https:\/\/www.facebook.com\/GNVofficiel","article_published_time":"2025-07-22T08:30:00+00:00","article_modified_time":"2025-07-22T08:30:03+00:00","og_image":[{"width":600,"height":380,"url":"https:\/\/gabonnouvellevision.com\/gnv\/wp-content\/uploads\/2025\/07\/520538310_122264051594025336_5211519445995032343_n.jpg","type":"image\/jpeg"}],"author":"Eyeng Obame","twitter_card":"summary_large_image","twitter_misc":{"\u00c9crit par":"Eyeng Obame","Dur\u00e9e de lecture estim\u00e9e":"2 minutes"},"schema":{"@context":"https:\/\/schema.org","@graph":[{"@type":"Article","@id":"https:\/\/gabonnouvellevision.com\/gnv\/2025\/07\/22\/le-secretaire-general-des-oeacp-chez-le-president-oligui-nguema\/#article","isPartOf":{"@id":"https:\/\/gabonnouvellevision.com\/gnv\/2025\/07\/22\/le-secretaire-general-des-oeacp-chez-le-president-oligui-nguema\/"},"author":{"name":"Eyeng Obame","@id":"https:\/\/gabonnouvellevision.com\/gnv\/#\/schema\/person\/4b48e07d222f83c0285affc3704bc899"},"headline":"Le Secr\u00e9taire G\u00e9n\u00e9ral des OEACP chez le Pr\u00e9sident Oligui Nguema","datePublished":"2025-07-22T08:30:00+00:00","dateModified":"2025-07-22T08:30:03+00:00","mainEntityOfPage":{"@id":"https:\/\/gabonnouvellevision.com\/gnv\/2025\/07\/22\/le-secretaire-general-des-oeacp-chez-le-president-oligui-nguema\/"},"wordCount":390,"commentCount":0,"publisher":{"@id":"https:\/\/gabonnouvellevision.com\/gnv\/#organization"},"image":{"@id":"https:\/\/gabonnouvellevision.com\/gnv\/2025\/07\/22\/le-secretaire-general-des-oeacp-chez-le-president-oligui-nguema\/#primaryimage"},"thumbnailUrl":"https:\/\/gabonnouvellevision.com\/gnv\/wp-content\/uploads\/2025\/07\/520538310_122264051594025336_5211519445995032343_n.jpg","articleSection":["A la une","Actualites","Diplomatie"],"inLanguage":"fr-FR","potentialAction":[{"@type":"CommentAction","name":"Comment","target":["https:\/\/gabonnouvellevision.com\/gnv\/2025\/07\/22\/le-secretaire-general-des-oeacp-chez-le-president-oligui-nguema\/#respond"]}]},{"@type":"WebPage","@id":"https:\/\/gabonnouvellevision.com\/gnv\/2025\/07\/22\/le-secretaire-general-des-oeacp-chez-le-president-oligui-nguema\/","url":"https:\/\/gabonnouvellevision.com\/gnv\/2025\/07\/22\/le-secretaire-general-des-oeacp-chez-le-president-oligui-nguema\/","name":"Le Secr\u00e9taire G\u00e9n\u00e9ral des OEACP chez le Pr\u00e9sident Oligui Nguema - Gabon Nouvelle Vision","isPartOf":{"@id":"https:\/\/gabonnouvellevision.com\/gnv\/#website"},"primaryImageOfPage":{"@id":"https:\/\/gabonnouvellevision.com\/gnv\/2025\/07\/22\/le-secretaire-general-des-oeacp-chez-le-president-oligui-nguema\/#primaryimage"},"image":{"@id":"https:\/\/gabonnouvellevision.com\/gnv\/2025\/07\/22\/le-secretaire-general-des-oeacp-chez-le-president-oligui-nguema\/#primaryimage"},"thumbnailUrl":"https:\/\/gabonnouvellevision.com\/gnv\/wp-content\/uploads\/2025\/07\/520538310_122264051594025336_5211519445995032343_n.jpg","datePublished":"2025-07-22T08:30:00+00:00","dateModified":"2025-07-22T08:30:03+00:00","breadcrumb":{"@id":"https:\/\/gabonnouvellevision.com\/gnv\/2025\/07\/22\/le-secretaire-general-des-oeacp-chez-le-president-oligui-nguema\/#breadcrumb"},"inLanguage":"fr-FR","potentialAction":[{"@type":"ReadAction","target":["https:\/\/gabonnouvellevision.com\/gnv\/2025\/07\/22\/le-secretaire-general-des-oeacp-chez-le-president-oligui-nguema\/"]}]},{"@type":"ImageObject","inLanguage":"fr-FR","@id":"https:\/\/gabonnouvellevision.com\/gnv\/2025\/07\/22\/le-secretaire-general-des-oeacp-chez-le-president-oligui-nguema\/#primaryimage","url":"https:\/\/gabonnouvellevision.com\/gnv\/wp-content\/uploads\/2025\/07\/520538310_122264051594025336_5211519445995032343_n.jpg","contentUrl":"https:\/\/gabonnouvellevision.com\/gnv\/wp-content\/uploads\/2025\/07\/520538310_122264051594025336_5211519445995032343_n.jpg","width":600,"height":380},{"@type":"BreadcrumbList","@id":"https:\/\/gabonnouvellevision.com\/gnv\/2025\/07\/22\/le-secretaire-general-des-oeacp-chez-le-president-oligui-nguema\/#breadcrumb","itemListElement":[{"@type":"ListItem","position":1,"name":"Accueil","item":"https:\/\/gabonnouvellevision.com\/gnv\/"},{"@type":"ListItem","position":2,"name":"Le Secr\u00e9taire G\u00e9n\u00e9ral des OEACP chez le Pr\u00e9sident Oligui Nguema"}]},{"@type":"WebSite","@id":"https:\/\/gabonnouvellevision.com\/gnv\/#website","url":"https:\/\/gabonnouvellevision.com\/gnv\/","name":"Gabon Nouvelle Vision","description":"","publisher":{"@id":"https:\/\/gabonnouvellevision.com\/gnv\/#organization"},"potentialAction":[{"@type":"SearchAction","target":{"@type":"EntryPoint","urlTemplate":"https:\/\/gabonnouvellevision.com\/gnv\/?s={search_term_string}"},"query-input":{"@type":"PropertyValueSpecification","valueRequired":true,"valueName":"search_term_string"}}],"inLanguage":"fr-FR"},{"@type":"Organization","@id":"https:\/\/gabonnouvellevision.com\/gnv\/#organization","name":"Gabon Nouvelle Vision","url":"https:\/\/gabonnouvellevision.com\/gnv\/","logo":{"@type":"ImageObject","inLanguage":"fr-FR","@id":"https:\/\/gabonnouvellevision.com\/gnv\/#\/schema\/logo\/image\/","url":"https:\/\/gabonnouvellevision.com\/gnv\/wp-content\/uploads\/2025\/01\/logo-text_Plan-de-travail-1.png","contentUrl":"https:\/\/gabonnouvellevision.com\/gnv\/wp-content\/uploads\/2025\/01\/logo-text_Plan-de-travail-1.png","width":7169,"height":2390,"caption":"Gabon Nouvelle Vision"},"image":{"@id":"https:\/\/gabonnouvellevision.com\/gnv\/#\/schema\/logo\/image\/"},"sameAs":["https:\/\/www.facebook.com\/GNVofficiel"]},{"@type":"Person","@id":"https:\/\/gabonnouvellevision.com\/gnv\/#\/schema\/person\/4b48e07d222f83c0285affc3704bc899","name":"Eyeng Obame","image":{"@type":"ImageObject","inLanguage":"fr-FR","@id":"https:\/\/gabonnouvellevision.com\/gnv\/#\/schema\/person\/image\/","url":"https:\/\/secure.gravatar.com\/avatar\/167bc03b8baf3c77318a47159f80871de6f5a6cbf4bc8b6af750fbc1a369d7bf?s=96&d=mm&r=g","contentUrl":"https:\/\/secure.gravatar.com\/avatar\/167bc03b8baf3c77318a47159f80871de6f5a6cbf4bc8b6af750fbc1a369d7bf?s=96&d=mm&r=g","caption":"Eyeng Obame"},"url":"https:\/\/gabonnouvellevision.com\/gnv\/author\/rufin\/"}]}},"_links":{"self":[{"href":"https:\/\/gabonnouvellevision.com\/gnv\/wp-json\/wp\/v2\/posts\/24127","targetHints":{"allow":["GET"]}}],"collection":[{"href":"https:\/\/gabonnouvellevision.com\/gnv\/wp-json\/wp\/v2\/posts"}],"about":[{"href":"https:\/\/gabonnouvellevision.com\/gnv\/wp-json\/wp\/v2\/types\/post"}],"author":[{"embeddable":true,"href":"https:\/\/gabonnouvellevision.com\/gnv\/wp-json\/wp\/v2\/users\/7"}],"replies":[{"embeddable":true,"href":"https:\/\/gabonnouvellevision.com\/gnv\/wp-json\/wp\/v2\/comments?post=24127"}],"version-history":[{"count":1,"href":"https:\/\/gabonnouvellevision.com\/gnv\/wp-json\/wp\/v2\/posts\/24127\/revisions"}],"predecessor-version":[{"id":24129,"href":"https:\/\/gabonnouvellevision.com\/gnv\/wp-json\/wp\/v2\/posts\/24127\/revisions\/24129"}],"wp:featuredmedia":[{"embeddable":true,"href":"https:\/\/gabonnouvellevision.com\/gnv\/wp-json\/wp\/v2\/media\/24128"}],"wp:attachment":[{"href":"https:\/\/gabonnouvellevision.com\/gnv\/wp-json\/wp\/v2\/media?parent=24127"}],"wp:term":[{"taxonomy":"category","embeddable":true,"href":"https:\/\/gabonnouvellevision.com\/gnv\/wp-json\/wp\/v2\/categories?post=24127"},{"taxonomy":"post_tag","embeddable":true,"href":"https:\/\/gabonnouvellevision.com\/gnv\/wp-json\/wp\/v2\/tags?post=24127"}],"curies":[{"name":"wp","href":"https:\/\/api.w.org\/{rel}","templated":true}]}}