{"id":24116,"date":"2025-07-16T11:33:19","date_gmt":"2025-07-16T09:33:19","guid":{"rendered":"https:\/\/gabonnouvellevision.com\/gnv\/?p=24116"},"modified":"2025-07-16T11:33:20","modified_gmt":"2025-07-16T09:33:20","slug":"fermeture-de-laxe-pharmacie-rond-point-de-nzeng-ayong-a-compter-de-ce-mercredi-16-juillet","status":"publish","type":"post","link":"https:\/\/gabonnouvellevision.com\/gnv\/2025\/07\/16\/fermeture-de-laxe-pharmacie-rond-point-de-nzeng-ayong-a-compter-de-ce-mercredi-16-juillet\/","title":{"rendered":"Fermeture de l\u2019axe pharmacie-Rond-point de Nzeng-ayong \u00e0 compter de ce mercredi 16 juillet"},"content":{"rendered":"\n<p><em><strong>La circulation sera &nbsp;ferm\u00e9e pendant trois mois &nbsp;dans l\u2019axe pharmacie de garde-Rond-point de Nzeng-ayong &nbsp;dans le 6e arrondissement de Libreville, \u00e0 compter de ce mercredi 16 juillet pour raisons de travaux.<\/strong><\/em><\/p>\n\n\n\n<p>Il s\u2019agit de remplacer la buse effondr\u00e9e par un triple dalot en b\u00e9ton arm\u00e9 du 16 juillet-16 octobre 2025 dans l\u2019axe pharmacie-Rond-point de Nzeng-Ayong. Indique un communiqu\u00e9 officiel du Minist\u00e8re des travaux publics. Les usagers sont invit\u00e9s \u00e0 emprunter les itin\u00e9raires alternatifs.<\/p>\n\n\n\n<p>Vivement que les d\u00e9lais de livraison soient respect\u00e9e \u00e0 temps et \u00e0 contretemps par l\u2019entreprise adjudicataire du march\u00e9.<\/p>\n\n\n\n<p><strong>RMON<\/strong><\/p>\n","protected":false},"excerpt":{"rendered":"<p>La circulation sera &nbsp;ferm\u00e9e pendant trois mois &nbsp;dans l\u2019axe pharmacie de garde-Rond-point de Nzeng-ayong &nbsp;dans le 6e arrondissement de Libreville, \u00e0 compter de ce mercredi 16 juillet pour raisons de travaux. Il s\u2019agit de remplacer la buse effondr\u00e9e par un triple dalot en b\u00e9ton arm\u00e9 du 16 juillet-16 octobre 2025 dans l\u2019axe pharmacie-Rond-point de Nzeng-Ayong. [&hellip;]<\/p>\n","protected":false},"author":7,"featured_media":24117,"comment_status":"open","ping_status":"open","sticky":false,"template":"","format":"standard","meta":{"footnotes":""},"categories":[57,55,56],"tags":[],"class_list":["post-24116","post","type-post","status-publish","format-standard","has-post-thumbnail","hentry","category-a-la-une","category-actualites","category-societe"],"yoast_head":"<!-- This site is optimized with the Yoast SEO plugin v24.2 - https:\/\/yoast.com\/wordpress\/plugins\/seo\/ -->\n<title>Fermeture de l\u2019axe pharmacie-Rond-point de Nzeng-ayong \u00e0 compter de ce mercredi 16 juillet - Gabon Nouvelle Vision<\/title>\n<meta name=\"robots\" content=\"index, follow, max-snippet:-1, max-image-preview:large, max-video-preview:-1\" \/>\n<link rel=\"canonical\" href=\"https:\/\/gabonnouvellevision.com\/gnv\/2025\/07\/16\/fermeture-de-laxe-pharmacie-rond-point-de-nzeng-ayong-a-compter-de-ce-mercredi-16-juillet\/\" \/>\n<meta property=\"og:locale\" content=\"fr_FR\" \/>\n<meta property=\"og:type\" content=\"article\" \/>\n<meta property=\"og:title\" content=\"Fermeture de l\u2019axe pharmacie-Rond-point de Nzeng-ayong \u00e0 compter de ce mercredi 16 juillet - Gabon Nouvelle Vision\" \/>\n<meta property=\"og:description\" content=\"La circulation sera &nbsp;ferm\u00e9e pendant trois mois &nbsp;dans l\u2019axe pharmacie de garde-Rond-point de Nzeng-ayong &nbsp;dans le 6e arrondissement de Libreville, \u00e0 compter de ce mercredi 16 juillet pour raisons de travaux. Il s\u2019agit de remplacer la buse effondr\u00e9e par un triple dalot en b\u00e9ton arm\u00e9 du 16 juillet-16 octobre 2025 dans l\u2019axe pharmacie-Rond-point de Nzeng-Ayong. [&hellip;]\" \/>\n<meta property=\"og:url\" content=\"https:\/\/gabonnouvellevision.com\/gnv\/2025\/07\/16\/fermeture-de-laxe-pharmacie-rond-point-de-nzeng-ayong-a-compter-de-ce-mercredi-16-juillet\/\" \/>\n<meta property=\"og:site_name\" content=\"Gabon Nouvelle Vision\" \/>\n<meta property=\"article:publisher\" content=\"https:\/\/www.facebook.com\/GNVofficiel\" \/>\n<meta property=\"article:published_time\" content=\"2025-07-16T09:33:19+00:00\" \/>\n<meta property=\"article:modified_time\" content=\"2025-07-16T09:33:20+00:00\" \/>\n<meta property=\"og:image\" content=\"https:\/\/gabonnouvellevision.com\/gnv\/wp-content\/uploads\/2025\/07\/NzengAyong-Buses.jpeg\" \/>\n\t<meta property=\"og:image:width\" content=\"640\" \/>\n\t<meta property=\"og:image:height\" content=\"426\" \/>\n\t<meta property=\"og:image:type\" content=\"image\/jpeg\" \/>\n<meta name=\"author\" content=\"Eyeng Obame\" \/>\n<meta name=\"twitter:card\" content=\"summary_large_image\" \/>\n<meta name=\"twitter:label1\" content=\"\u00c9crit par\" \/>\n\t<meta name=\"twitter:data1\" content=\"Eyeng Obame\" \/>\n\t<meta name=\"twitter:label2\" content=\"Dur\u00e9e de lecture estim\u00e9e\" \/>\n\t<meta name=\"twitter:data2\" content=\"1 minute\" \/>\n<script type=\"application\/ld+json\" class=\"yoast-schema-graph\">{\"@context\":\"https:\/\/schema.org\",\"@graph\":[{\"@type\":\"Article\",\"@id\":\"https:\/\/gabonnouvellevision.com\/gnv\/2025\/07\/16\/fermeture-de-laxe-pharmacie-rond-point-de-nzeng-ayong-a-compter-de-ce-mercredi-16-juillet\/#article\",\"isPartOf\":{\"@id\":\"https:\/\/gabonnouvellevision.com\/gnv\/2025\/07\/16\/fermeture-de-laxe-pharmacie-rond-point-de-nzeng-ayong-a-compter-de-ce-mercredi-16-juillet\/\"},\"author\":{\"name\":\"Eyeng Obame\",\"@id\":\"https:\/\/gabonnouvellevision.com\/gnv\/#\/schema\/person\/4b48e07d222f83c0285affc3704bc899\"},\"headline\":\"Fermeture de l\u2019axe pharmacie-Rond-point de Nzeng-ayong \u00e0 compter de ce mercredi 16 juillet\",\"datePublished\":\"2025-07-16T09:33:19+00:00\",\"dateModified\":\"2025-07-16T09:33:20+00:00\",\"mainEntityOfPage\":{\"@id\":\"https:\/\/gabonnouvellevision.com\/gnv\/2025\/07\/16\/fermeture-de-laxe-pharmacie-rond-point-de-nzeng-ayong-a-compter-de-ce-mercredi-16-juillet\/\"},\"wordCount\":112,\"commentCount\":0,\"publisher\":{\"@id\":\"https:\/\/gabonnouvellevision.com\/gnv\/#organization\"},\"image\":{\"@id\":\"https:\/\/gabonnouvellevision.com\/gnv\/2025\/07\/16\/fermeture-de-laxe-pharmacie-rond-point-de-nzeng-ayong-a-compter-de-ce-mercredi-16-juillet\/#primaryimage\"},\"thumbnailUrl\":\"https:\/\/gabonnouvellevision.com\/gnv\/wp-content\/uploads\/2025\/07\/NzengAyong-Buses.jpeg\",\"articleSection\":[\"A la une\",\"Actualites\",\"Societe\"],\"inLanguage\":\"fr-FR\",\"potentialAction\":[{\"@type\":\"CommentAction\",\"name\":\"Comment\",\"target\":[\"https:\/\/gabonnouvellevision.com\/gnv\/2025\/07\/16\/fermeture-de-laxe-pharmacie-rond-point-de-nzeng-ayong-a-compter-de-ce-mercredi-16-juillet\/#respond\"]}]},{\"@type\":\"WebPage\",\"@id\":\"https:\/\/gabonnouvellevision.com\/gnv\/2025\/07\/16\/fermeture-de-laxe-pharmacie-rond-point-de-nzeng-ayong-a-compter-de-ce-mercredi-16-juillet\/\",\"url\":\"https:\/\/gabonnouvellevision.com\/gnv\/2025\/07\/16\/fermeture-de-laxe-pharmacie-rond-point-de-nzeng-ayong-a-compter-de-ce-mercredi-16-juillet\/\",\"name\":\"Fermeture de l\u2019axe pharmacie-Rond-point de Nzeng-ayong \u00e0 compter de ce mercredi 16 juillet - Gabon Nouvelle Vision\",\"isPartOf\":{\"@id\":\"https:\/\/gabonnouvellevision.com\/gnv\/#website\"},\"primaryImageOfPage\":{\"@id\":\"https:\/\/gabonnouvellevision.com\/gnv\/2025\/07\/16\/fermeture-de-laxe-pharmacie-rond-point-de-nzeng-ayong-a-compter-de-ce-mercredi-16-juillet\/#primaryimage\"},\"image\":{\"@id\":\"https:\/\/gabonnouvellevision.com\/gnv\/2025\/07\/16\/fermeture-de-laxe-pharmacie-rond-point-de-nzeng-ayong-a-compter-de-ce-mercredi-16-juillet\/#primaryimage\"},\"thumbnailUrl\":\"https:\/\/gabonnouvellevision.com\/gnv\/wp-content\/uploads\/2025\/07\/NzengAyong-Buses.jpeg\",\"datePublished\":\"2025-07-16T09:33:19+00:00\",\"dateModified\":\"2025-07-16T09:33:20+00:00\",\"breadcrumb\":{\"@id\":\"https:\/\/gabonnouvellevision.com\/gnv\/2025\/07\/16\/fermeture-de-laxe-pharmacie-rond-point-de-nzeng-ayong-a-compter-de-ce-mercredi-16-juillet\/#breadcrumb\"},\"inLanguage\":\"fr-FR\",\"potentialAction\":[{\"@type\":\"ReadAction\",\"target\":[\"https:\/\/gabonnouvellevision.com\/gnv\/2025\/07\/16\/fermeture-de-laxe-pharmacie-rond-point-de-nzeng-ayong-a-compter-de-ce-mercredi-16-juillet\/\"]}]},{\"@type\":\"ImageObject\",\"inLanguage\":\"fr-FR\",\"@id\":\"https:\/\/gabonnouvellevision.com\/gnv\/2025\/07\/16\/fermeture-de-laxe-pharmacie-rond-point-de-nzeng-ayong-a-compter-de-ce-mercredi-16-juillet\/#primaryimage\",\"url\":\"https:\/\/gabonnouvellevision.com\/gnv\/wp-content\/uploads\/2025\/07\/NzengAyong-Buses.jpeg\",\"contentUrl\":\"https:\/\/gabonnouvellevision.com\/gnv\/wp-content\/uploads\/2025\/07\/NzengAyong-Buses.jpeg\",\"width\":640,\"height\":426},{\"@type\":\"BreadcrumbList\",\"@id\":\"https:\/\/gabonnouvellevision.com\/gnv\/2025\/07\/16\/fermeture-de-laxe-pharmacie-rond-point-de-nzeng-ayong-a-compter-de-ce-mercredi-16-juillet\/#breadcrumb\",\"itemListElement\":[{\"@type\":\"ListItem\",\"position\":1,\"name\":\"Accueil\",\"item\":\"https:\/\/gabonnouvellevision.com\/gnv\/\"},{\"@type\":\"ListItem\",\"position\":2,\"name\":\"Fermeture de l\u2019axe pharmacie-Rond-point de Nzeng-ayong \u00e0 compter de ce mercredi 16 juillet\"}]},{\"@type\":\"WebSite\",\"@id\":\"https:\/\/gabonnouvellevision.com\/gnv\/#website\",\"url\":\"https:\/\/gabonnouvellevision.com\/gnv\/\",\"name\":\"Gabon Nouvelle Vision\",\"description\":\"\",\"publisher\":{\"@id\":\"https:\/\/gabonnouvellevision.com\/gnv\/#organization\"},\"potentialAction\":[{\"@type\":\"SearchAction\",\"target\":{\"@type\":\"EntryPoint\",\"urlTemplate\":\"https:\/\/gabonnouvellevision.com\/gnv\/?s={search_term_string}\"},\"query-input\":{\"@type\":\"PropertyValueSpecification\",\"valueRequired\":true,\"valueName\":\"search_term_string\"}}],\"inLanguage\":\"fr-FR\"},{\"@type\":\"Organization\",\"@id\":\"https:\/\/gabonnouvellevision.com\/gnv\/#organization\",\"name\":\"Gabon Nouvelle Vision\",\"url\":\"https:\/\/gabonnouvellevision.com\/gnv\/\",\"logo\":{\"@type\":\"ImageObject\",\"inLanguage\":\"fr-FR\",\"@id\":\"https:\/\/gabonnouvellevision.com\/gnv\/#\/schema\/logo\/image\/\",\"url\":\"https:\/\/gabonnouvellevision.com\/gnv\/wp-content\/uploads\/2025\/01\/logo-text_Plan-de-travail-1.png\",\"contentUrl\":\"https:\/\/gabonnouvellevision.com\/gnv\/wp-content\/uploads\/2025\/01\/logo-text_Plan-de-travail-1.png\",\"width\":7169,\"height\":2390,\"caption\":\"Gabon Nouvelle Vision\"},\"image\":{\"@id\":\"https:\/\/gabonnouvellevision.com\/gnv\/#\/schema\/logo\/image\/\"},\"sameAs\":[\"https:\/\/www.facebook.com\/GNVofficiel\"]},{\"@type\":\"Person\",\"@id\":\"https:\/\/gabonnouvellevision.com\/gnv\/#\/schema\/person\/4b48e07d222f83c0285affc3704bc899\",\"name\":\"Eyeng Obame\",\"image\":{\"@type\":\"ImageObject\",\"inLanguage\":\"fr-FR\",\"@id\":\"https:\/\/gabonnouvellevision.com\/gnv\/#\/schema\/person\/image\/\",\"url\":\"https:\/\/secure.gravatar.com\/avatar\/167bc03b8baf3c77318a47159f80871de6f5a6cbf4bc8b6af750fbc1a369d7bf?s=96&d=mm&r=g\",\"contentUrl\":\"https:\/\/secure.gravatar.com\/avatar\/167bc03b8baf3c77318a47159f80871de6f5a6cbf4bc8b6af750fbc1a369d7bf?s=96&d=mm&r=g\",\"caption\":\"Eyeng Obame\"},\"url\":\"https:\/\/gabonnouvellevision.com\/gnv\/author\/rufin\/\"}]}<\/script>\n<!-- \/ Yoast SEO plugin. -->","yoast_head_json":{"title":"Fermeture de l\u2019axe pharmacie-Rond-point de Nzeng-ayong \u00e0 compter de ce mercredi 16 juillet - Gabon Nouvelle Vision","robots":{"index":"index","follow":"follow","max-snippet":"max-snippet:-1","max-image-preview":"max-image-preview:large","max-video-preview":"max-video-preview:-1"},"canonical":"https:\/\/gabonnouvellevision.com\/gnv\/2025\/07\/16\/fermeture-de-laxe-pharmacie-rond-point-de-nzeng-ayong-a-compter-de-ce-mercredi-16-juillet\/","og_locale":"fr_FR","og_type":"article","og_title":"Fermeture de l\u2019axe pharmacie-Rond-point de Nzeng-ayong \u00e0 compter de ce mercredi 16 juillet - Gabon Nouvelle Vision","og_description":"La circulation sera &nbsp;ferm\u00e9e pendant trois mois &nbsp;dans l\u2019axe pharmacie de garde-Rond-point de Nzeng-ayong &nbsp;dans le 6e arrondissement de Libreville, \u00e0 compter de ce mercredi 16 juillet pour raisons de travaux. Il s\u2019agit de remplacer la buse effondr\u00e9e par un triple dalot en b\u00e9ton arm\u00e9 du 16 juillet-16 octobre 2025 dans l\u2019axe pharmacie-Rond-point de Nzeng-Ayong. [&hellip;]","og_url":"https:\/\/gabonnouvellevision.com\/gnv\/2025\/07\/16\/fermeture-de-laxe-pharmacie-rond-point-de-nzeng-ayong-a-compter-de-ce-mercredi-16-juillet\/","og_site_name":"Gabon Nouvelle Vision","article_publisher":"https:\/\/www.facebook.com\/GNVofficiel","article_published_time":"2025-07-16T09:33:19+00:00","article_modified_time":"2025-07-16T09:33:20+00:00","og_image":[{"width":640,"height":426,"url":"https:\/\/gabonnouvellevision.com\/gnv\/wp-content\/uploads\/2025\/07\/NzengAyong-Buses.jpeg","type":"image\/jpeg"}],"author":"Eyeng Obame","twitter_card":"summary_large_image","twitter_misc":{"\u00c9crit par":"Eyeng Obame","Dur\u00e9e de lecture estim\u00e9e":"1 minute"},"schema":{"@context":"https:\/\/schema.org","@graph":[{"@type":"Article","@id":"https:\/\/gabonnouvellevision.com\/gnv\/2025\/07\/16\/fermeture-de-laxe-pharmacie-rond-point-de-nzeng-ayong-a-compter-de-ce-mercredi-16-juillet\/#article","isPartOf":{"@id":"https:\/\/gabonnouvellevision.com\/gnv\/2025\/07\/16\/fermeture-de-laxe-pharmacie-rond-point-de-nzeng-ayong-a-compter-de-ce-mercredi-16-juillet\/"},"author":{"name":"Eyeng Obame","@id":"https:\/\/gabonnouvellevision.com\/gnv\/#\/schema\/person\/4b48e07d222f83c0285affc3704bc899"},"headline":"Fermeture de l\u2019axe pharmacie-Rond-point de Nzeng-ayong \u00e0 compter de ce mercredi 16 juillet","datePublished":"2025-07-16T09:33:19+00:00","dateModified":"2025-07-16T09:33:20+00:00","mainEntityOfPage":{"@id":"https:\/\/gabonnouvellevision.com\/gnv\/2025\/07\/16\/fermeture-de-laxe-pharmacie-rond-point-de-nzeng-ayong-a-compter-de-ce-mercredi-16-juillet\/"},"wordCount":112,"commentCount":0,"publisher":{"@id":"https:\/\/gabonnouvellevision.com\/gnv\/#organization"},"image":{"@id":"https:\/\/gabonnouvellevision.com\/gnv\/2025\/07\/16\/fermeture-de-laxe-pharmacie-rond-point-de-nzeng-ayong-a-compter-de-ce-mercredi-16-juillet\/#primaryimage"},"thumbnailUrl":"https:\/\/gabonnouvellevision.com\/gnv\/wp-content\/uploads\/2025\/07\/NzengAyong-Buses.jpeg","articleSection":["A la une","Actualites","Societe"],"inLanguage":"fr-FR","potentialAction":[{"@type":"CommentAction","name":"Comment","target":["https:\/\/gabonnouvellevision.com\/gnv\/2025\/07\/16\/fermeture-de-laxe-pharmacie-rond-point-de-nzeng-ayong-a-compter-de-ce-mercredi-16-juillet\/#respond"]}]},{"@type":"WebPage","@id":"https:\/\/gabonnouvellevision.com\/gnv\/2025\/07\/16\/fermeture-de-laxe-pharmacie-rond-point-de-nzeng-ayong-a-compter-de-ce-mercredi-16-juillet\/","url":"https:\/\/gabonnouvellevision.com\/gnv\/2025\/07\/16\/fermeture-de-laxe-pharmacie-rond-point-de-nzeng-ayong-a-compter-de-ce-mercredi-16-juillet\/","name":"Fermeture de l\u2019axe pharmacie-Rond-point de Nzeng-ayong \u00e0 compter de ce mercredi 16 juillet - Gabon Nouvelle Vision","isPartOf":{"@id":"https:\/\/gabonnouvellevision.com\/gnv\/#website"},"primaryImageOfPage":{"@id":"https:\/\/gabonnouvellevision.com\/gnv\/2025\/07\/16\/fermeture-de-laxe-pharmacie-rond-point-de-nzeng-ayong-a-compter-de-ce-mercredi-16-juillet\/#primaryimage"},"image":{"@id":"https:\/\/gabonnouvellevision.com\/gnv\/2025\/07\/16\/fermeture-de-laxe-pharmacie-rond-point-de-nzeng-ayong-a-compter-de-ce-mercredi-16-juillet\/#primaryimage"},"thumbnailUrl":"https:\/\/gabonnouvellevision.com\/gnv\/wp-content\/uploads\/2025\/07\/NzengAyong-Buses.jpeg","datePublished":"2025-07-16T09:33:19+00:00","dateModified":"2025-07-16T09:33:20+00:00","breadcrumb":{"@id":"https:\/\/gabonnouvellevision.com\/gnv\/2025\/07\/16\/fermeture-de-laxe-pharmacie-rond-point-de-nzeng-ayong-a-compter-de-ce-mercredi-16-juillet\/#breadcrumb"},"inLanguage":"fr-FR","potentialAction":[{"@type":"ReadAction","target":["https:\/\/gabonnouvellevision.com\/gnv\/2025\/07\/16\/fermeture-de-laxe-pharmacie-rond-point-de-nzeng-ayong-a-compter-de-ce-mercredi-16-juillet\/"]}]},{"@type":"ImageObject","inLanguage":"fr-FR","@id":"https:\/\/gabonnouvellevision.com\/gnv\/2025\/07\/16\/fermeture-de-laxe-pharmacie-rond-point-de-nzeng-ayong-a-compter-de-ce-mercredi-16-juillet\/#primaryimage","url":"https:\/\/gabonnouvellevision.com\/gnv\/wp-content\/uploads\/2025\/07\/NzengAyong-Buses.jpeg","contentUrl":"https:\/\/gabonnouvellevision.com\/gnv\/wp-content\/uploads\/2025\/07\/NzengAyong-Buses.jpeg","width":640,"height":426},{"@type":"BreadcrumbList","@id":"https:\/\/gabonnouvellevision.com\/gnv\/2025\/07\/16\/fermeture-de-laxe-pharmacie-rond-point-de-nzeng-ayong-a-compter-de-ce-mercredi-16-juillet\/#breadcrumb","itemListElement":[{"@type":"ListItem","position":1,"name":"Accueil","item":"https:\/\/gabonnouvellevision.com\/gnv\/"},{"@type":"ListItem","position":2,"name":"Fermeture de l\u2019axe pharmacie-Rond-point de Nzeng-ayong \u00e0 compter de ce mercredi 16 juillet"}]},{"@type":"WebSite","@id":"https:\/\/gabonnouvellevision.com\/gnv\/#website","url":"https:\/\/gabonnouvellevision.com\/gnv\/","name":"Gabon Nouvelle Vision","description":"","publisher":{"@id":"https:\/\/gabonnouvellevision.com\/gnv\/#organization"},"potentialAction":[{"@type":"SearchAction","target":{"@type":"EntryPoint","urlTemplate":"https:\/\/gabonnouvellevision.com\/gnv\/?s={search_term_string}"},"query-input":{"@type":"PropertyValueSpecification","valueRequired":true,"valueName":"search_term_string"}}],"inLanguage":"fr-FR"},{"@type":"Organization","@id":"https:\/\/gabonnouvellevision.com\/gnv\/#organization","name":"Gabon Nouvelle Vision","url":"https:\/\/gabonnouvellevision.com\/gnv\/","logo":{"@type":"ImageObject","inLanguage":"fr-FR","@id":"https:\/\/gabonnouvellevision.com\/gnv\/#\/schema\/logo\/image\/","url":"https:\/\/gabonnouvellevision.com\/gnv\/wp-content\/uploads\/2025\/01\/logo-text_Plan-de-travail-1.png","contentUrl":"https:\/\/gabonnouvellevision.com\/gnv\/wp-content\/uploads\/2025\/01\/logo-text_Plan-de-travail-1.png","width":7169,"height":2390,"caption":"Gabon Nouvelle Vision"},"image":{"@id":"https:\/\/gabonnouvellevision.com\/gnv\/#\/schema\/logo\/image\/"},"sameAs":["https:\/\/www.facebook.com\/GNVofficiel"]},{"@type":"Person","@id":"https:\/\/gabonnouvellevision.com\/gnv\/#\/schema\/person\/4b48e07d222f83c0285affc3704bc899","name":"Eyeng Obame","image":{"@type":"ImageObject","inLanguage":"fr-FR","@id":"https:\/\/gabonnouvellevision.com\/gnv\/#\/schema\/person\/image\/","url":"https:\/\/secure.gravatar.com\/avatar\/167bc03b8baf3c77318a47159f80871de6f5a6cbf4bc8b6af750fbc1a369d7bf?s=96&d=mm&r=g","contentUrl":"https:\/\/secure.gravatar.com\/avatar\/167bc03b8baf3c77318a47159f80871de6f5a6cbf4bc8b6af750fbc1a369d7bf?s=96&d=mm&r=g","caption":"Eyeng Obame"},"url":"https:\/\/gabonnouvellevision.com\/gnv\/author\/rufin\/"}]}},"_links":{"self":[{"href":"https:\/\/gabonnouvellevision.com\/gnv\/wp-json\/wp\/v2\/posts\/24116","targetHints":{"allow":["GET"]}}],"collection":[{"href":"https:\/\/gabonnouvellevision.com\/gnv\/wp-json\/wp\/v2\/posts"}],"about":[{"href":"https:\/\/gabonnouvellevision.com\/gnv\/wp-json\/wp\/v2\/types\/post"}],"author":[{"embeddable":true,"href":"https:\/\/gabonnouvellevision.com\/gnv\/wp-json\/wp\/v2\/users\/7"}],"replies":[{"embeddable":true,"href":"https:\/\/gabonnouvellevision.com\/gnv\/wp-json\/wp\/v2\/comments?post=24116"}],"version-history":[{"count":1,"href":"https:\/\/gabonnouvellevision.com\/gnv\/wp-json\/wp\/v2\/posts\/24116\/revisions"}],"predecessor-version":[{"id":24118,"href":"https:\/\/gabonnouvellevision.com\/gnv\/wp-json\/wp\/v2\/posts\/24116\/revisions\/24118"}],"wp:featuredmedia":[{"embeddable":true,"href":"https:\/\/gabonnouvellevision.com\/gnv\/wp-json\/wp\/v2\/media\/24117"}],"wp:attachment":[{"href":"https:\/\/gabonnouvellevision.com\/gnv\/wp-json\/wp\/v2\/media?parent=24116"}],"wp:term":[{"taxonomy":"category","embeddable":true,"href":"https:\/\/gabonnouvellevision.com\/gnv\/wp-json\/wp\/v2\/categories?post=24116"},{"taxonomy":"post_tag","embeddable":true,"href":"https:\/\/gabonnouvellevision.com\/gnv\/wp-json\/wp\/v2\/tags?post=24116"}],"curies":[{"name":"wp","href":"https:\/\/api.w.org\/{rel}","templated":true}]}}