{"id":24113,"date":"2025-07-15T13:53:35","date_gmt":"2025-07-15T11:53:35","guid":{"rendered":"https:\/\/gabonnouvellevision.com\/gnv\/?p=24113"},"modified":"2025-07-15T13:53:38","modified_gmt":"2025-07-15T11:53:38","slug":"presidentielle-2025-au-cameroun-paul-biya-candidat-a-92-ans","status":"publish","type":"post","link":"https:\/\/gabonnouvellevision.com\/gnv\/2025\/07\/15\/presidentielle-2025-au-cameroun-paul-biya-candidat-a-92-ans\/","title":{"rendered":"Pr\u00e9sidentielle 2025 au Cameroun: Paul Biya candidat \u00e0 92 ans"},"content":{"rendered":"\n<p><strong><em>Le Pr\u00e9sident de la R\u00e9publique du Cameroun, Paul Biya, sera candidat \u00e0 sa succession \u00e0 la pr\u00e9sidentielle du 12 octobre prochain. Annonce faite sur son compte X&nbsp;<\/em>dimanche dernier<\/strong><strong>.<\/strong><\/p>\n\n\n\n<p>Ag\u00e9 de 92 ans, le Pr\u00e9sident Paul Biya,&nbsp;tentera de briguer un 8e mandat.&nbsp;\u00bbJe suis candidat \u00e0 l\u2019\u00e9lection pr\u00e9sidentielle du 12 octobre 2025\u2033 peut-on lire sur le compte X du Pr\u00e9sident sortant du Cameroun.<\/p>\n\n\n\n<p>Au pouvoir depuis 1982, 75% de camerounais n\u2019ont pas connu un autre dirigeant.<\/p>\n\n\n\n<p>En cas de r\u00e9\u00e9lection le 12 octobre prochain, le Pr\u00e9sident Paul Biya sera \u2013t-il en mesure de diriger le pays au regard de son \u00e2ge avanc\u00e9?<\/p>\n\n\n\n<p>La question taraude les esprits de nombreux observateurs avertis de la sc\u00e8ne politique camerounaise au lendemain de l\u2019annonce de sa candidature.<\/p>\n\n\n\n<p>Des voix s\u2019\u00e9l\u00e8vent pour demander \u00e0 Paul Biya de c\u00e9der la main, tandis que d\u2019autres r\u00e9affirment leur soutien ind\u00e9fectible au plus vieux Chef d\u2019Etat en exercice du monde.<\/p>\n\n\n\n<p><strong>Rufin Martial Oke Nze<\/strong><\/p>\n","protected":false},"excerpt":{"rendered":"<p>Le Pr\u00e9sident de la R\u00e9publique du Cameroun, Paul Biya, sera candidat \u00e0 sa succession \u00e0 la pr\u00e9sidentielle du 12 octobre prochain. Annonce faite sur son compte X&nbsp;dimanche dernier. Ag\u00e9 de 92 ans, le Pr\u00e9sident Paul Biya,&nbsp;tentera de briguer un 8e mandat.&nbsp;\u00bbJe suis candidat \u00e0 l\u2019\u00e9lection pr\u00e9sidentielle du 12 octobre 2025\u2033 peut-on lire sur le compte [&hellip;]<\/p>\n","protected":false},"author":7,"featured_media":24114,"comment_status":"open","ping_status":"open","sticky":false,"template":"","format":"standard","meta":{"footnotes":""},"categories":[1],"tags":[],"class_list":["post-24113","post","type-post","status-publish","format-standard","has-post-thumbnail","hentry","category-non-classe"],"yoast_head":"<!-- This site is optimized with the Yoast SEO plugin v24.2 - https:\/\/yoast.com\/wordpress\/plugins\/seo\/ -->\n<title>Pr\u00e9sidentielle 2025 au Cameroun: Paul Biya candidat \u00e0 92 ans - Gabon Nouvelle Vision<\/title>\n<meta name=\"robots\" content=\"index, follow, max-snippet:-1, max-image-preview:large, max-video-preview:-1\" \/>\n<link rel=\"canonical\" href=\"https:\/\/gabonnouvellevision.com\/gnv\/2025\/07\/15\/presidentielle-2025-au-cameroun-paul-biya-candidat-a-92-ans\/\" \/>\n<meta property=\"og:locale\" content=\"fr_FR\" \/>\n<meta property=\"og:type\" content=\"article\" \/>\n<meta property=\"og:title\" content=\"Pr\u00e9sidentielle 2025 au Cameroun: Paul Biya candidat \u00e0 92 ans - Gabon Nouvelle Vision\" \/>\n<meta property=\"og:description\" content=\"Le Pr\u00e9sident de la R\u00e9publique du Cameroun, Paul Biya, sera candidat \u00e0 sa succession \u00e0 la pr\u00e9sidentielle du 12 octobre prochain. Annonce faite sur son compte X&nbsp;dimanche dernier. Ag\u00e9 de 92 ans, le Pr\u00e9sident Paul Biya,&nbsp;tentera de briguer un 8e mandat.&nbsp;\u00bbJe suis candidat \u00e0 l\u2019\u00e9lection pr\u00e9sidentielle du 12 octobre 2025\u2033 peut-on lire sur le compte [&hellip;]\" \/>\n<meta property=\"og:url\" content=\"https:\/\/gabonnouvellevision.com\/gnv\/2025\/07\/15\/presidentielle-2025-au-cameroun-paul-biya-candidat-a-92-ans\/\" \/>\n<meta property=\"og:site_name\" content=\"Gabon Nouvelle Vision\" \/>\n<meta property=\"article:publisher\" content=\"https:\/\/www.facebook.com\/GNVofficiel\" \/>\n<meta property=\"article:published_time\" content=\"2025-07-15T11:53:35+00:00\" \/>\n<meta property=\"article:modified_time\" content=\"2025-07-15T11:53:38+00:00\" \/>\n<meta property=\"og:image\" content=\"https:\/\/gabonnouvellevision.com\/gnv\/wp-content\/uploads\/2025\/07\/518367403_1307189934746783_7053520825008068523_n.jpg\" \/>\n\t<meta property=\"og:image:width\" content=\"526\" \/>\n\t<meta property=\"og:image:height\" content=\"525\" \/>\n\t<meta property=\"og:image:type\" content=\"image\/jpeg\" \/>\n<meta name=\"author\" content=\"Eyeng Obame\" \/>\n<meta name=\"twitter:card\" content=\"summary_large_image\" \/>\n<meta name=\"twitter:label1\" content=\"\u00c9crit par\" \/>\n\t<meta name=\"twitter:data1\" content=\"Eyeng Obame\" \/>\n\t<meta name=\"twitter:label2\" content=\"Dur\u00e9e de lecture estim\u00e9e\" \/>\n\t<meta name=\"twitter:data2\" content=\"1 minute\" \/>\n<script type=\"application\/ld+json\" class=\"yoast-schema-graph\">{\"@context\":\"https:\/\/schema.org\",\"@graph\":[{\"@type\":\"Article\",\"@id\":\"https:\/\/gabonnouvellevision.com\/gnv\/2025\/07\/15\/presidentielle-2025-au-cameroun-paul-biya-candidat-a-92-ans\/#article\",\"isPartOf\":{\"@id\":\"https:\/\/gabonnouvellevision.com\/gnv\/2025\/07\/15\/presidentielle-2025-au-cameroun-paul-biya-candidat-a-92-ans\/\"},\"author\":{\"name\":\"Eyeng Obame\",\"@id\":\"https:\/\/gabonnouvellevision.com\/gnv\/#\/schema\/person\/4b48e07d222f83c0285affc3704bc899\"},\"headline\":\"Pr\u00e9sidentielle 2025 au Cameroun: Paul Biya candidat \u00e0 92 ans\",\"datePublished\":\"2025-07-15T11:53:35+00:00\",\"dateModified\":\"2025-07-15T11:53:38+00:00\",\"mainEntityOfPage\":{\"@id\":\"https:\/\/gabonnouvellevision.com\/gnv\/2025\/07\/15\/presidentielle-2025-au-cameroun-paul-biya-candidat-a-92-ans\/\"},\"wordCount\":175,\"commentCount\":0,\"publisher\":{\"@id\":\"https:\/\/gabonnouvellevision.com\/gnv\/#organization\"},\"image\":{\"@id\":\"https:\/\/gabonnouvellevision.com\/gnv\/2025\/07\/15\/presidentielle-2025-au-cameroun-paul-biya-candidat-a-92-ans\/#primaryimage\"},\"thumbnailUrl\":\"https:\/\/gabonnouvellevision.com\/gnv\/wp-content\/uploads\/2025\/07\/518367403_1307189934746783_7053520825008068523_n.jpg\",\"inLanguage\":\"fr-FR\",\"potentialAction\":[{\"@type\":\"CommentAction\",\"name\":\"Comment\",\"target\":[\"https:\/\/gabonnouvellevision.com\/gnv\/2025\/07\/15\/presidentielle-2025-au-cameroun-paul-biya-candidat-a-92-ans\/#respond\"]}]},{\"@type\":\"WebPage\",\"@id\":\"https:\/\/gabonnouvellevision.com\/gnv\/2025\/07\/15\/presidentielle-2025-au-cameroun-paul-biya-candidat-a-92-ans\/\",\"url\":\"https:\/\/gabonnouvellevision.com\/gnv\/2025\/07\/15\/presidentielle-2025-au-cameroun-paul-biya-candidat-a-92-ans\/\",\"name\":\"Pr\u00e9sidentielle 2025 au Cameroun: Paul Biya candidat \u00e0 92 ans - Gabon Nouvelle Vision\",\"isPartOf\":{\"@id\":\"https:\/\/gabonnouvellevision.com\/gnv\/#website\"},\"primaryImageOfPage\":{\"@id\":\"https:\/\/gabonnouvellevision.com\/gnv\/2025\/07\/15\/presidentielle-2025-au-cameroun-paul-biya-candidat-a-92-ans\/#primaryimage\"},\"image\":{\"@id\":\"https:\/\/gabonnouvellevision.com\/gnv\/2025\/07\/15\/presidentielle-2025-au-cameroun-paul-biya-candidat-a-92-ans\/#primaryimage\"},\"thumbnailUrl\":\"https:\/\/gabonnouvellevision.com\/gnv\/wp-content\/uploads\/2025\/07\/518367403_1307189934746783_7053520825008068523_n.jpg\",\"datePublished\":\"2025-07-15T11:53:35+00:00\",\"dateModified\":\"2025-07-15T11:53:38+00:00\",\"breadcrumb\":{\"@id\":\"https:\/\/gabonnouvellevision.com\/gnv\/2025\/07\/15\/presidentielle-2025-au-cameroun-paul-biya-candidat-a-92-ans\/#breadcrumb\"},\"inLanguage\":\"fr-FR\",\"potentialAction\":[{\"@type\":\"ReadAction\",\"target\":[\"https:\/\/gabonnouvellevision.com\/gnv\/2025\/07\/15\/presidentielle-2025-au-cameroun-paul-biya-candidat-a-92-ans\/\"]}]},{\"@type\":\"ImageObject\",\"inLanguage\":\"fr-FR\",\"@id\":\"https:\/\/gabonnouvellevision.com\/gnv\/2025\/07\/15\/presidentielle-2025-au-cameroun-paul-biya-candidat-a-92-ans\/#primaryimage\",\"url\":\"https:\/\/gabonnouvellevision.com\/gnv\/wp-content\/uploads\/2025\/07\/518367403_1307189934746783_7053520825008068523_n.jpg\",\"contentUrl\":\"https:\/\/gabonnouvellevision.com\/gnv\/wp-content\/uploads\/2025\/07\/518367403_1307189934746783_7053520825008068523_n.jpg\",\"width\":526,\"height\":525},{\"@type\":\"BreadcrumbList\",\"@id\":\"https:\/\/gabonnouvellevision.com\/gnv\/2025\/07\/15\/presidentielle-2025-au-cameroun-paul-biya-candidat-a-92-ans\/#breadcrumb\",\"itemListElement\":[{\"@type\":\"ListItem\",\"position\":1,\"name\":\"Accueil\",\"item\":\"https:\/\/gabonnouvellevision.com\/gnv\/\"},{\"@type\":\"ListItem\",\"position\":2,\"name\":\"Pr\u00e9sidentielle 2025 au Cameroun: Paul Biya candidat \u00e0 92 ans\"}]},{\"@type\":\"WebSite\",\"@id\":\"https:\/\/gabonnouvellevision.com\/gnv\/#website\",\"url\":\"https:\/\/gabonnouvellevision.com\/gnv\/\",\"name\":\"Gabon Nouvelle Vision\",\"description\":\"\",\"publisher\":{\"@id\":\"https:\/\/gabonnouvellevision.com\/gnv\/#organization\"},\"potentialAction\":[{\"@type\":\"SearchAction\",\"target\":{\"@type\":\"EntryPoint\",\"urlTemplate\":\"https:\/\/gabonnouvellevision.com\/gnv\/?s={search_term_string}\"},\"query-input\":{\"@type\":\"PropertyValueSpecification\",\"valueRequired\":true,\"valueName\":\"search_term_string\"}}],\"inLanguage\":\"fr-FR\"},{\"@type\":\"Organization\",\"@id\":\"https:\/\/gabonnouvellevision.com\/gnv\/#organization\",\"name\":\"Gabon Nouvelle Vision\",\"url\":\"https:\/\/gabonnouvellevision.com\/gnv\/\",\"logo\":{\"@type\":\"ImageObject\",\"inLanguage\":\"fr-FR\",\"@id\":\"https:\/\/gabonnouvellevision.com\/gnv\/#\/schema\/logo\/image\/\",\"url\":\"https:\/\/gabonnouvellevision.com\/gnv\/wp-content\/uploads\/2025\/01\/logo-text_Plan-de-travail-1.png\",\"contentUrl\":\"https:\/\/gabonnouvellevision.com\/gnv\/wp-content\/uploads\/2025\/01\/logo-text_Plan-de-travail-1.png\",\"width\":7169,\"height\":2390,\"caption\":\"Gabon Nouvelle Vision\"},\"image\":{\"@id\":\"https:\/\/gabonnouvellevision.com\/gnv\/#\/schema\/logo\/image\/\"},\"sameAs\":[\"https:\/\/www.facebook.com\/GNVofficiel\"]},{\"@type\":\"Person\",\"@id\":\"https:\/\/gabonnouvellevision.com\/gnv\/#\/schema\/person\/4b48e07d222f83c0285affc3704bc899\",\"name\":\"Eyeng Obame\",\"image\":{\"@type\":\"ImageObject\",\"inLanguage\":\"fr-FR\",\"@id\":\"https:\/\/gabonnouvellevision.com\/gnv\/#\/schema\/person\/image\/\",\"url\":\"https:\/\/secure.gravatar.com\/avatar\/167bc03b8baf3c77318a47159f80871de6f5a6cbf4bc8b6af750fbc1a369d7bf?s=96&d=mm&r=g\",\"contentUrl\":\"https:\/\/secure.gravatar.com\/avatar\/167bc03b8baf3c77318a47159f80871de6f5a6cbf4bc8b6af750fbc1a369d7bf?s=96&d=mm&r=g\",\"caption\":\"Eyeng Obame\"},\"url\":\"https:\/\/gabonnouvellevision.com\/gnv\/author\/rufin\/\"}]}<\/script>\n<!-- \/ Yoast SEO plugin. -->","yoast_head_json":{"title":"Pr\u00e9sidentielle 2025 au Cameroun: Paul Biya candidat \u00e0 92 ans - Gabon Nouvelle Vision","robots":{"index":"index","follow":"follow","max-snippet":"max-snippet:-1","max-image-preview":"max-image-preview:large","max-video-preview":"max-video-preview:-1"},"canonical":"https:\/\/gabonnouvellevision.com\/gnv\/2025\/07\/15\/presidentielle-2025-au-cameroun-paul-biya-candidat-a-92-ans\/","og_locale":"fr_FR","og_type":"article","og_title":"Pr\u00e9sidentielle 2025 au Cameroun: Paul Biya candidat \u00e0 92 ans - Gabon Nouvelle Vision","og_description":"Le Pr\u00e9sident de la R\u00e9publique du Cameroun, Paul Biya, sera candidat \u00e0 sa succession \u00e0 la pr\u00e9sidentielle du 12 octobre prochain. Annonce faite sur son compte X&nbsp;dimanche dernier. Ag\u00e9 de 92 ans, le Pr\u00e9sident Paul Biya,&nbsp;tentera de briguer un 8e mandat.&nbsp;\u00bbJe suis candidat \u00e0 l\u2019\u00e9lection pr\u00e9sidentielle du 12 octobre 2025\u2033 peut-on lire sur le compte [&hellip;]","og_url":"https:\/\/gabonnouvellevision.com\/gnv\/2025\/07\/15\/presidentielle-2025-au-cameroun-paul-biya-candidat-a-92-ans\/","og_site_name":"Gabon Nouvelle Vision","article_publisher":"https:\/\/www.facebook.com\/GNVofficiel","article_published_time":"2025-07-15T11:53:35+00:00","article_modified_time":"2025-07-15T11:53:38+00:00","og_image":[{"width":526,"height":525,"url":"https:\/\/gabonnouvellevision.com\/gnv\/wp-content\/uploads\/2025\/07\/518367403_1307189934746783_7053520825008068523_n.jpg","type":"image\/jpeg"}],"author":"Eyeng Obame","twitter_card":"summary_large_image","twitter_misc":{"\u00c9crit par":"Eyeng Obame","Dur\u00e9e de lecture estim\u00e9e":"1 minute"},"schema":{"@context":"https:\/\/schema.org","@graph":[{"@type":"Article","@id":"https:\/\/gabonnouvellevision.com\/gnv\/2025\/07\/15\/presidentielle-2025-au-cameroun-paul-biya-candidat-a-92-ans\/#article","isPartOf":{"@id":"https:\/\/gabonnouvellevision.com\/gnv\/2025\/07\/15\/presidentielle-2025-au-cameroun-paul-biya-candidat-a-92-ans\/"},"author":{"name":"Eyeng Obame","@id":"https:\/\/gabonnouvellevision.com\/gnv\/#\/schema\/person\/4b48e07d222f83c0285affc3704bc899"},"headline":"Pr\u00e9sidentielle 2025 au Cameroun: Paul Biya candidat \u00e0 92 ans","datePublished":"2025-07-15T11:53:35+00:00","dateModified":"2025-07-15T11:53:38+00:00","mainEntityOfPage":{"@id":"https:\/\/gabonnouvellevision.com\/gnv\/2025\/07\/15\/presidentielle-2025-au-cameroun-paul-biya-candidat-a-92-ans\/"},"wordCount":175,"commentCount":0,"publisher":{"@id":"https:\/\/gabonnouvellevision.com\/gnv\/#organization"},"image":{"@id":"https:\/\/gabonnouvellevision.com\/gnv\/2025\/07\/15\/presidentielle-2025-au-cameroun-paul-biya-candidat-a-92-ans\/#primaryimage"},"thumbnailUrl":"https:\/\/gabonnouvellevision.com\/gnv\/wp-content\/uploads\/2025\/07\/518367403_1307189934746783_7053520825008068523_n.jpg","inLanguage":"fr-FR","potentialAction":[{"@type":"CommentAction","name":"Comment","target":["https:\/\/gabonnouvellevision.com\/gnv\/2025\/07\/15\/presidentielle-2025-au-cameroun-paul-biya-candidat-a-92-ans\/#respond"]}]},{"@type":"WebPage","@id":"https:\/\/gabonnouvellevision.com\/gnv\/2025\/07\/15\/presidentielle-2025-au-cameroun-paul-biya-candidat-a-92-ans\/","url":"https:\/\/gabonnouvellevision.com\/gnv\/2025\/07\/15\/presidentielle-2025-au-cameroun-paul-biya-candidat-a-92-ans\/","name":"Pr\u00e9sidentielle 2025 au Cameroun: Paul Biya candidat \u00e0 92 ans - Gabon Nouvelle Vision","isPartOf":{"@id":"https:\/\/gabonnouvellevision.com\/gnv\/#website"},"primaryImageOfPage":{"@id":"https:\/\/gabonnouvellevision.com\/gnv\/2025\/07\/15\/presidentielle-2025-au-cameroun-paul-biya-candidat-a-92-ans\/#primaryimage"},"image":{"@id":"https:\/\/gabonnouvellevision.com\/gnv\/2025\/07\/15\/presidentielle-2025-au-cameroun-paul-biya-candidat-a-92-ans\/#primaryimage"},"thumbnailUrl":"https:\/\/gabonnouvellevision.com\/gnv\/wp-content\/uploads\/2025\/07\/518367403_1307189934746783_7053520825008068523_n.jpg","datePublished":"2025-07-15T11:53:35+00:00","dateModified":"2025-07-15T11:53:38+00:00","breadcrumb":{"@id":"https:\/\/gabonnouvellevision.com\/gnv\/2025\/07\/15\/presidentielle-2025-au-cameroun-paul-biya-candidat-a-92-ans\/#breadcrumb"},"inLanguage":"fr-FR","potentialAction":[{"@type":"ReadAction","target":["https:\/\/gabonnouvellevision.com\/gnv\/2025\/07\/15\/presidentielle-2025-au-cameroun-paul-biya-candidat-a-92-ans\/"]}]},{"@type":"ImageObject","inLanguage":"fr-FR","@id":"https:\/\/gabonnouvellevision.com\/gnv\/2025\/07\/15\/presidentielle-2025-au-cameroun-paul-biya-candidat-a-92-ans\/#primaryimage","url":"https:\/\/gabonnouvellevision.com\/gnv\/wp-content\/uploads\/2025\/07\/518367403_1307189934746783_7053520825008068523_n.jpg","contentUrl":"https:\/\/gabonnouvellevision.com\/gnv\/wp-content\/uploads\/2025\/07\/518367403_1307189934746783_7053520825008068523_n.jpg","width":526,"height":525},{"@type":"BreadcrumbList","@id":"https:\/\/gabonnouvellevision.com\/gnv\/2025\/07\/15\/presidentielle-2025-au-cameroun-paul-biya-candidat-a-92-ans\/#breadcrumb","itemListElement":[{"@type":"ListItem","position":1,"name":"Accueil","item":"https:\/\/gabonnouvellevision.com\/gnv\/"},{"@type":"ListItem","position":2,"name":"Pr\u00e9sidentielle 2025 au Cameroun: Paul Biya candidat \u00e0 92 ans"}]},{"@type":"WebSite","@id":"https:\/\/gabonnouvellevision.com\/gnv\/#website","url":"https:\/\/gabonnouvellevision.com\/gnv\/","name":"Gabon Nouvelle Vision","description":"","publisher":{"@id":"https:\/\/gabonnouvellevision.com\/gnv\/#organization"},"potentialAction":[{"@type":"SearchAction","target":{"@type":"EntryPoint","urlTemplate":"https:\/\/gabonnouvellevision.com\/gnv\/?s={search_term_string}"},"query-input":{"@type":"PropertyValueSpecification","valueRequired":true,"valueName":"search_term_string"}}],"inLanguage":"fr-FR"},{"@type":"Organization","@id":"https:\/\/gabonnouvellevision.com\/gnv\/#organization","name":"Gabon Nouvelle Vision","url":"https:\/\/gabonnouvellevision.com\/gnv\/","logo":{"@type":"ImageObject","inLanguage":"fr-FR","@id":"https:\/\/gabonnouvellevision.com\/gnv\/#\/schema\/logo\/image\/","url":"https:\/\/gabonnouvellevision.com\/gnv\/wp-content\/uploads\/2025\/01\/logo-text_Plan-de-travail-1.png","contentUrl":"https:\/\/gabonnouvellevision.com\/gnv\/wp-content\/uploads\/2025\/01\/logo-text_Plan-de-travail-1.png","width":7169,"height":2390,"caption":"Gabon Nouvelle Vision"},"image":{"@id":"https:\/\/gabonnouvellevision.com\/gnv\/#\/schema\/logo\/image\/"},"sameAs":["https:\/\/www.facebook.com\/GNVofficiel"]},{"@type":"Person","@id":"https:\/\/gabonnouvellevision.com\/gnv\/#\/schema\/person\/4b48e07d222f83c0285affc3704bc899","name":"Eyeng Obame","image":{"@type":"ImageObject","inLanguage":"fr-FR","@id":"https:\/\/gabonnouvellevision.com\/gnv\/#\/schema\/person\/image\/","url":"https:\/\/secure.gravatar.com\/avatar\/167bc03b8baf3c77318a47159f80871de6f5a6cbf4bc8b6af750fbc1a369d7bf?s=96&d=mm&r=g","contentUrl":"https:\/\/secure.gravatar.com\/avatar\/167bc03b8baf3c77318a47159f80871de6f5a6cbf4bc8b6af750fbc1a369d7bf?s=96&d=mm&r=g","caption":"Eyeng Obame"},"url":"https:\/\/gabonnouvellevision.com\/gnv\/author\/rufin\/"}]}},"_links":{"self":[{"href":"https:\/\/gabonnouvellevision.com\/gnv\/wp-json\/wp\/v2\/posts\/24113","targetHints":{"allow":["GET"]}}],"collection":[{"href":"https:\/\/gabonnouvellevision.com\/gnv\/wp-json\/wp\/v2\/posts"}],"about":[{"href":"https:\/\/gabonnouvellevision.com\/gnv\/wp-json\/wp\/v2\/types\/post"}],"author":[{"embeddable":true,"href":"https:\/\/gabonnouvellevision.com\/gnv\/wp-json\/wp\/v2\/users\/7"}],"replies":[{"embeddable":true,"href":"https:\/\/gabonnouvellevision.com\/gnv\/wp-json\/wp\/v2\/comments?post=24113"}],"version-history":[{"count":1,"href":"https:\/\/gabonnouvellevision.com\/gnv\/wp-json\/wp\/v2\/posts\/24113\/revisions"}],"predecessor-version":[{"id":24115,"href":"https:\/\/gabonnouvellevision.com\/gnv\/wp-json\/wp\/v2\/posts\/24113\/revisions\/24115"}],"wp:featuredmedia":[{"embeddable":true,"href":"https:\/\/gabonnouvellevision.com\/gnv\/wp-json\/wp\/v2\/media\/24114"}],"wp:attachment":[{"href":"https:\/\/gabonnouvellevision.com\/gnv\/wp-json\/wp\/v2\/media?parent=24113"}],"wp:term":[{"taxonomy":"category","embeddable":true,"href":"https:\/\/gabonnouvellevision.com\/gnv\/wp-json\/wp\/v2\/categories?post=24113"},{"taxonomy":"post_tag","embeddable":true,"href":"https:\/\/gabonnouvellevision.com\/gnv\/wp-json\/wp\/v2\/tags?post=24113"}],"curies":[{"name":"wp","href":"https:\/\/api.w.org\/{rel}","templated":true}]}}