{"id":24107,"date":"2025-07-14T11:34:34","date_gmt":"2025-07-14T09:34:34","guid":{"rendered":"https:\/\/gabonnouvellevision.com\/gnv\/?p=24107"},"modified":"2025-07-14T11:34:36","modified_gmt":"2025-07-14T09:34:36","slug":"le-president-oligui-nguema-present-a-la-7e-reunion-de-coordination-union-africaine-communautes-economiques-regionales-de-malabo","status":"publish","type":"post","link":"https:\/\/gabonnouvellevision.com\/gnv\/2025\/07\/14\/le-president-oligui-nguema-present-a-la-7e-reunion-de-coordination-union-africaine-communautes-economiques-regionales-de-malabo\/","title":{"rendered":"Le pr\u00e9sident Oligui Nguema pr\u00e9sent \u00e0 la 7e R\u00e9union de coordination Union Africaine-Communaut\u00e9s \u00e9conomiques R\u00e9gionales de Malabo"},"content":{"rendered":"\n<p>Le Pr\u00e9sident de la R\u00e9publique, Brice Clotaire Oligui Nguema \u00e0 Malabo. Com. Pr\u00e9sidentielle<\/p>\n\n\n\n<p><strong><em>Le Pr\u00e9sident de la R\u00e9publique,&nbsp;<a href=\"https:\/\/www.facebook.com\/oliguinguema?__cft__%5b0%5d=AZXMI0eY9aLURhTS9N6y_Rp5FvWqqxBt7SQ8djLjyah9FFOMK9UWp3kWdoCiI_egj5L5L5lSAq0WGMy7JL2q47uK4eTN_r0D1Jiz2lQDPe4e3lehEvU9btEGgUQM2r6Y6vFi8WBF41ItvWvG-sKrqe3ihUzIHS7ejNyDAaXPnIHM-g&amp;__tn__=-%5dK-y-R\">Brice Clotaire Oligui Nguema<\/a>, a pris part hier \u00e0 Malabo en Guin\u00e9e-\u00e9quatoriale \u00e0 la 7\u1d49 R\u00e9union de coordination entre l\u2019Union Africaine et les Communaut\u00e9s \u00c9conomiques R\u00e9gionales aux c\u00f4t\u00e9s de ses Pairs<\/em><\/strong>.<\/p>\n\n\n\n<p>Selon la communication Pr\u00e9sidentielle&nbsp;: \u00ab&nbsp;durant les \u00e9changes, il a exprim\u00e9 sa profonde gratitude du Gabon pour la r\u00e9int\u00e9gration du pays au sein de la grande famille de l\u2019Union Africaine ainsi que pour le soutien re\u00e7u durant la transition, intervenue le 30 avril 2025, tout en confirmant la tenue des \u00e9lections l\u00e9gislatives et locales le 27 septembre 2025&nbsp;\u00bb. Avant de poursuivre&nbsp;:&nbsp;\u00ab&nbsp;Face \u00e0 ses homologues, il a plaid\u00e9 pour une meilleure coordination entre les institutions africaines et une int\u00e9gration r\u00e9gionale ax\u00e9e sur la libre circulation, la s\u00e9curit\u00e9 alimentaire et la lutte contre le changement climatique.<\/p>\n\n\n\n<p>Enfin le Chef de l\u2019Etat a soutenu la cr\u00e9ation d\u2019un fonds continental pour la justice r\u00e9paratrice, avant de saluer l\u2019accueil fraternel de son homologue \u00e9quato-guin\u00e9en et de proposer que le Gabon accueille la 9\u1d49 R\u00e9union en 2027&nbsp;\u00bb.<\/p>\n\n\n\n<p>Un parcours du combattant du Pr\u00e9sident Gabonais en Guin\u00e9e-\u00e9quatoriale qui intervient au lendemain de son s\u00e9jour Am\u00e9ricain.<\/p>\n\n\n\n<p><strong>Rufin martial Oke Nze<\/strong><\/p>\n","protected":false},"excerpt":{"rendered":"<p>Le Pr\u00e9sident de la R\u00e9publique, Brice Clotaire Oligui Nguema \u00e0 Malabo. Com. Pr\u00e9sidentielle Le Pr\u00e9sident de la R\u00e9publique,&nbsp;Brice Clotaire Oligui Nguema, a pris part hier \u00e0 Malabo en Guin\u00e9e-\u00e9quatoriale \u00e0 la 7\u1d49 R\u00e9union de coordination entre l\u2019Union Africaine et les Communaut\u00e9s \u00c9conomiques R\u00e9gionales aux c\u00f4t\u00e9s de ses Pairs. Selon la communication Pr\u00e9sidentielle&nbsp;: \u00ab&nbsp;durant les \u00e9changes, [&hellip;]<\/p>\n","protected":false},"author":7,"featured_media":24108,"comment_status":"open","ping_status":"open","sticky":false,"template":"","format":"standard","meta":{"footnotes":""},"categories":[57,55,65],"tags":[],"class_list":["post-24107","post","type-post","status-publish","format-standard","has-post-thumbnail","hentry","category-a-la-une","category-actualites","category-politique-podcasts"],"yoast_head":"<!-- This site is optimized with the Yoast SEO plugin v24.2 - https:\/\/yoast.com\/wordpress\/plugins\/seo\/ -->\n<title>Le pr\u00e9sident Oligui Nguema pr\u00e9sent \u00e0 la 7e R\u00e9union de coordination Union Africaine-Communaut\u00e9s \u00e9conomiques R\u00e9gionales de Malabo - Gabon Nouvelle Vision<\/title>\n<meta name=\"robots\" content=\"index, follow, max-snippet:-1, max-image-preview:large, max-video-preview:-1\" \/>\n<link rel=\"canonical\" href=\"https:\/\/gabonnouvellevision.com\/gnv\/2025\/07\/14\/le-president-oligui-nguema-present-a-la-7e-reunion-de-coordination-union-africaine-communautes-economiques-regionales-de-malabo\/\" \/>\n<meta property=\"og:locale\" content=\"fr_FR\" \/>\n<meta property=\"og:type\" content=\"article\" \/>\n<meta property=\"og:title\" content=\"Le pr\u00e9sident Oligui Nguema pr\u00e9sent \u00e0 la 7e R\u00e9union de coordination Union Africaine-Communaut\u00e9s \u00e9conomiques R\u00e9gionales de Malabo - Gabon Nouvelle Vision\" \/>\n<meta property=\"og:description\" content=\"Le Pr\u00e9sident de la R\u00e9publique, Brice Clotaire Oligui Nguema \u00e0 Malabo. Com. Pr\u00e9sidentielle Le Pr\u00e9sident de la R\u00e9publique,&nbsp;Brice Clotaire Oligui Nguema, a pris part hier \u00e0 Malabo en Guin\u00e9e-\u00e9quatoriale \u00e0 la 7\u1d49 R\u00e9union de coordination entre l\u2019Union Africaine et les Communaut\u00e9s \u00c9conomiques R\u00e9gionales aux c\u00f4t\u00e9s de ses Pairs. Selon la communication Pr\u00e9sidentielle&nbsp;: \u00ab&nbsp;durant les \u00e9changes, [&hellip;]\" \/>\n<meta property=\"og:url\" content=\"https:\/\/gabonnouvellevision.com\/gnv\/2025\/07\/14\/le-president-oligui-nguema-present-a-la-7e-reunion-de-coordination-union-africaine-communautes-economiques-regionales-de-malabo\/\" \/>\n<meta property=\"og:site_name\" content=\"Gabon Nouvelle Vision\" \/>\n<meta property=\"article:publisher\" content=\"https:\/\/www.facebook.com\/GNVofficiel\" \/>\n<meta property=\"article:published_time\" content=\"2025-07-14T09:34:34+00:00\" \/>\n<meta property=\"article:modified_time\" content=\"2025-07-14T09:34:36+00:00\" \/>\n<meta property=\"og:image\" content=\"https:\/\/gabonnouvellevision.com\/gnv\/wp-content\/uploads\/2025\/07\/504381671_122262538982025336_7954292094196933401_n.jpg\" \/>\n\t<meta property=\"og:image:width\" content=\"2048\" \/>\n\t<meta property=\"og:image:height\" content=\"1366\" \/>\n\t<meta property=\"og:image:type\" content=\"image\/jpeg\" \/>\n<meta name=\"author\" content=\"Eyeng Obame\" \/>\n<meta name=\"twitter:card\" content=\"summary_large_image\" \/>\n<meta name=\"twitter:label1\" content=\"\u00c9crit par\" \/>\n\t<meta name=\"twitter:data1\" content=\"Eyeng Obame\" \/>\n\t<meta name=\"twitter:label2\" content=\"Dur\u00e9e de lecture estim\u00e9e\" \/>\n\t<meta name=\"twitter:data2\" content=\"2 minutes\" \/>\n<script type=\"application\/ld+json\" class=\"yoast-schema-graph\">{\"@context\":\"https:\/\/schema.org\",\"@graph\":[{\"@type\":\"Article\",\"@id\":\"https:\/\/gabonnouvellevision.com\/gnv\/2025\/07\/14\/le-president-oligui-nguema-present-a-la-7e-reunion-de-coordination-union-africaine-communautes-economiques-regionales-de-malabo\/#article\",\"isPartOf\":{\"@id\":\"https:\/\/gabonnouvellevision.com\/gnv\/2025\/07\/14\/le-president-oligui-nguema-present-a-la-7e-reunion-de-coordination-union-africaine-communautes-economiques-regionales-de-malabo\/\"},\"author\":{\"name\":\"Eyeng Obame\",\"@id\":\"https:\/\/gabonnouvellevision.com\/gnv\/#\/schema\/person\/4b48e07d222f83c0285affc3704bc899\"},\"headline\":\"Le pr\u00e9sident Oligui Nguema pr\u00e9sent \u00e0 la 7e R\u00e9union de coordination Union Africaine-Communaut\u00e9s \u00e9conomiques R\u00e9gionales de Malabo\",\"datePublished\":\"2025-07-14T09:34:34+00:00\",\"dateModified\":\"2025-07-14T09:34:36+00:00\",\"mainEntityOfPage\":{\"@id\":\"https:\/\/gabonnouvellevision.com\/gnv\/2025\/07\/14\/le-president-oligui-nguema-present-a-la-7e-reunion-de-coordination-union-africaine-communautes-economiques-regionales-de-malabo\/\"},\"wordCount\":254,\"commentCount\":0,\"publisher\":{\"@id\":\"https:\/\/gabonnouvellevision.com\/gnv\/#organization\"},\"image\":{\"@id\":\"https:\/\/gabonnouvellevision.com\/gnv\/2025\/07\/14\/le-president-oligui-nguema-present-a-la-7e-reunion-de-coordination-union-africaine-communautes-economiques-regionales-de-malabo\/#primaryimage\"},\"thumbnailUrl\":\"https:\/\/gabonnouvellevision.com\/gnv\/wp-content\/uploads\/2025\/07\/504381671_122262538982025336_7954292094196933401_n.jpg\",\"articleSection\":[\"A la une\",\"Actualites\",\"Politique\"],\"inLanguage\":\"fr-FR\",\"potentialAction\":[{\"@type\":\"CommentAction\",\"name\":\"Comment\",\"target\":[\"https:\/\/gabonnouvellevision.com\/gnv\/2025\/07\/14\/le-president-oligui-nguema-present-a-la-7e-reunion-de-coordination-union-africaine-communautes-economiques-regionales-de-malabo\/#respond\"]}]},{\"@type\":\"WebPage\",\"@id\":\"https:\/\/gabonnouvellevision.com\/gnv\/2025\/07\/14\/le-president-oligui-nguema-present-a-la-7e-reunion-de-coordination-union-africaine-communautes-economiques-regionales-de-malabo\/\",\"url\":\"https:\/\/gabonnouvellevision.com\/gnv\/2025\/07\/14\/le-president-oligui-nguema-present-a-la-7e-reunion-de-coordination-union-africaine-communautes-economiques-regionales-de-malabo\/\",\"name\":\"Le pr\u00e9sident Oligui Nguema pr\u00e9sent \u00e0 la 7e R\u00e9union de coordination Union Africaine-Communaut\u00e9s \u00e9conomiques R\u00e9gionales de Malabo - Gabon Nouvelle Vision\",\"isPartOf\":{\"@id\":\"https:\/\/gabonnouvellevision.com\/gnv\/#website\"},\"primaryImageOfPage\":{\"@id\":\"https:\/\/gabonnouvellevision.com\/gnv\/2025\/07\/14\/le-president-oligui-nguema-present-a-la-7e-reunion-de-coordination-union-africaine-communautes-economiques-regionales-de-malabo\/#primaryimage\"},\"image\":{\"@id\":\"https:\/\/gabonnouvellevision.com\/gnv\/2025\/07\/14\/le-president-oligui-nguema-present-a-la-7e-reunion-de-coordination-union-africaine-communautes-economiques-regionales-de-malabo\/#primaryimage\"},\"thumbnailUrl\":\"https:\/\/gabonnouvellevision.com\/gnv\/wp-content\/uploads\/2025\/07\/504381671_122262538982025336_7954292094196933401_n.jpg\",\"datePublished\":\"2025-07-14T09:34:34+00:00\",\"dateModified\":\"2025-07-14T09:34:36+00:00\",\"breadcrumb\":{\"@id\":\"https:\/\/gabonnouvellevision.com\/gnv\/2025\/07\/14\/le-president-oligui-nguema-present-a-la-7e-reunion-de-coordination-union-africaine-communautes-economiques-regionales-de-malabo\/#breadcrumb\"},\"inLanguage\":\"fr-FR\",\"potentialAction\":[{\"@type\":\"ReadAction\",\"target\":[\"https:\/\/gabonnouvellevision.com\/gnv\/2025\/07\/14\/le-president-oligui-nguema-present-a-la-7e-reunion-de-coordination-union-africaine-communautes-economiques-regionales-de-malabo\/\"]}]},{\"@type\":\"ImageObject\",\"inLanguage\":\"fr-FR\",\"@id\":\"https:\/\/gabonnouvellevision.com\/gnv\/2025\/07\/14\/le-president-oligui-nguema-present-a-la-7e-reunion-de-coordination-union-africaine-communautes-economiques-regionales-de-malabo\/#primaryimage\",\"url\":\"https:\/\/gabonnouvellevision.com\/gnv\/wp-content\/uploads\/2025\/07\/504381671_122262538982025336_7954292094196933401_n.jpg\",\"contentUrl\":\"https:\/\/gabonnouvellevision.com\/gnv\/wp-content\/uploads\/2025\/07\/504381671_122262538982025336_7954292094196933401_n.jpg\",\"width\":2048,\"height\":1366},{\"@type\":\"BreadcrumbList\",\"@id\":\"https:\/\/gabonnouvellevision.com\/gnv\/2025\/07\/14\/le-president-oligui-nguema-present-a-la-7e-reunion-de-coordination-union-africaine-communautes-economiques-regionales-de-malabo\/#breadcrumb\",\"itemListElement\":[{\"@type\":\"ListItem\",\"position\":1,\"name\":\"Accueil\",\"item\":\"https:\/\/gabonnouvellevision.com\/gnv\/\"},{\"@type\":\"ListItem\",\"position\":2,\"name\":\"Le pr\u00e9sident Oligui Nguema pr\u00e9sent \u00e0 la 7e R\u00e9union de coordination Union Africaine-Communaut\u00e9s \u00e9conomiques R\u00e9gionales de Malabo\"}]},{\"@type\":\"WebSite\",\"@id\":\"https:\/\/gabonnouvellevision.com\/gnv\/#website\",\"url\":\"https:\/\/gabonnouvellevision.com\/gnv\/\",\"name\":\"Gabon Nouvelle Vision\",\"description\":\"\",\"publisher\":{\"@id\":\"https:\/\/gabonnouvellevision.com\/gnv\/#organization\"},\"potentialAction\":[{\"@type\":\"SearchAction\",\"target\":{\"@type\":\"EntryPoint\",\"urlTemplate\":\"https:\/\/gabonnouvellevision.com\/gnv\/?s={search_term_string}\"},\"query-input\":{\"@type\":\"PropertyValueSpecification\",\"valueRequired\":true,\"valueName\":\"search_term_string\"}}],\"inLanguage\":\"fr-FR\"},{\"@type\":\"Organization\",\"@id\":\"https:\/\/gabonnouvellevision.com\/gnv\/#organization\",\"name\":\"Gabon Nouvelle Vision\",\"url\":\"https:\/\/gabonnouvellevision.com\/gnv\/\",\"logo\":{\"@type\":\"ImageObject\",\"inLanguage\":\"fr-FR\",\"@id\":\"https:\/\/gabonnouvellevision.com\/gnv\/#\/schema\/logo\/image\/\",\"url\":\"https:\/\/gabonnouvellevision.com\/gnv\/wp-content\/uploads\/2025\/01\/logo-text_Plan-de-travail-1.png\",\"contentUrl\":\"https:\/\/gabonnouvellevision.com\/gnv\/wp-content\/uploads\/2025\/01\/logo-text_Plan-de-travail-1.png\",\"width\":7169,\"height\":2390,\"caption\":\"Gabon Nouvelle Vision\"},\"image\":{\"@id\":\"https:\/\/gabonnouvellevision.com\/gnv\/#\/schema\/logo\/image\/\"},\"sameAs\":[\"https:\/\/www.facebook.com\/GNVofficiel\"]},{\"@type\":\"Person\",\"@id\":\"https:\/\/gabonnouvellevision.com\/gnv\/#\/schema\/person\/4b48e07d222f83c0285affc3704bc899\",\"name\":\"Eyeng Obame\",\"image\":{\"@type\":\"ImageObject\",\"inLanguage\":\"fr-FR\",\"@id\":\"https:\/\/gabonnouvellevision.com\/gnv\/#\/schema\/person\/image\/\",\"url\":\"https:\/\/secure.gravatar.com\/avatar\/167bc03b8baf3c77318a47159f80871de6f5a6cbf4bc8b6af750fbc1a369d7bf?s=96&d=mm&r=g\",\"contentUrl\":\"https:\/\/secure.gravatar.com\/avatar\/167bc03b8baf3c77318a47159f80871de6f5a6cbf4bc8b6af750fbc1a369d7bf?s=96&d=mm&r=g\",\"caption\":\"Eyeng Obame\"},\"url\":\"https:\/\/gabonnouvellevision.com\/gnv\/author\/rufin\/\"}]}<\/script>\n<!-- \/ Yoast SEO plugin. -->","yoast_head_json":{"title":"Le pr\u00e9sident Oligui Nguema pr\u00e9sent \u00e0 la 7e R\u00e9union de coordination Union Africaine-Communaut\u00e9s \u00e9conomiques R\u00e9gionales de Malabo - Gabon Nouvelle Vision","robots":{"index":"index","follow":"follow","max-snippet":"max-snippet:-1","max-image-preview":"max-image-preview:large","max-video-preview":"max-video-preview:-1"},"canonical":"https:\/\/gabonnouvellevision.com\/gnv\/2025\/07\/14\/le-president-oligui-nguema-present-a-la-7e-reunion-de-coordination-union-africaine-communautes-economiques-regionales-de-malabo\/","og_locale":"fr_FR","og_type":"article","og_title":"Le pr\u00e9sident Oligui Nguema pr\u00e9sent \u00e0 la 7e R\u00e9union de coordination Union Africaine-Communaut\u00e9s \u00e9conomiques R\u00e9gionales de Malabo - Gabon Nouvelle Vision","og_description":"Le Pr\u00e9sident de la R\u00e9publique, Brice Clotaire Oligui Nguema \u00e0 Malabo. Com. Pr\u00e9sidentielle Le Pr\u00e9sident de la R\u00e9publique,&nbsp;Brice Clotaire Oligui Nguema, a pris part hier \u00e0 Malabo en Guin\u00e9e-\u00e9quatoriale \u00e0 la 7\u1d49 R\u00e9union de coordination entre l\u2019Union Africaine et les Communaut\u00e9s \u00c9conomiques R\u00e9gionales aux c\u00f4t\u00e9s de ses Pairs. Selon la communication Pr\u00e9sidentielle&nbsp;: \u00ab&nbsp;durant les \u00e9changes, [&hellip;]","og_url":"https:\/\/gabonnouvellevision.com\/gnv\/2025\/07\/14\/le-president-oligui-nguema-present-a-la-7e-reunion-de-coordination-union-africaine-communautes-economiques-regionales-de-malabo\/","og_site_name":"Gabon Nouvelle Vision","article_publisher":"https:\/\/www.facebook.com\/GNVofficiel","article_published_time":"2025-07-14T09:34:34+00:00","article_modified_time":"2025-07-14T09:34:36+00:00","og_image":[{"width":2048,"height":1366,"url":"https:\/\/gabonnouvellevision.com\/gnv\/wp-content\/uploads\/2025\/07\/504381671_122262538982025336_7954292094196933401_n.jpg","type":"image\/jpeg"}],"author":"Eyeng Obame","twitter_card":"summary_large_image","twitter_misc":{"\u00c9crit par":"Eyeng Obame","Dur\u00e9e de lecture estim\u00e9e":"2 minutes"},"schema":{"@context":"https:\/\/schema.org","@graph":[{"@type":"Article","@id":"https:\/\/gabonnouvellevision.com\/gnv\/2025\/07\/14\/le-president-oligui-nguema-present-a-la-7e-reunion-de-coordination-union-africaine-communautes-economiques-regionales-de-malabo\/#article","isPartOf":{"@id":"https:\/\/gabonnouvellevision.com\/gnv\/2025\/07\/14\/le-president-oligui-nguema-present-a-la-7e-reunion-de-coordination-union-africaine-communautes-economiques-regionales-de-malabo\/"},"author":{"name":"Eyeng Obame","@id":"https:\/\/gabonnouvellevision.com\/gnv\/#\/schema\/person\/4b48e07d222f83c0285affc3704bc899"},"headline":"Le pr\u00e9sident Oligui Nguema pr\u00e9sent \u00e0 la 7e R\u00e9union de coordination Union Africaine-Communaut\u00e9s \u00e9conomiques R\u00e9gionales de Malabo","datePublished":"2025-07-14T09:34:34+00:00","dateModified":"2025-07-14T09:34:36+00:00","mainEntityOfPage":{"@id":"https:\/\/gabonnouvellevision.com\/gnv\/2025\/07\/14\/le-president-oligui-nguema-present-a-la-7e-reunion-de-coordination-union-africaine-communautes-economiques-regionales-de-malabo\/"},"wordCount":254,"commentCount":0,"publisher":{"@id":"https:\/\/gabonnouvellevision.com\/gnv\/#organization"},"image":{"@id":"https:\/\/gabonnouvellevision.com\/gnv\/2025\/07\/14\/le-president-oligui-nguema-present-a-la-7e-reunion-de-coordination-union-africaine-communautes-economiques-regionales-de-malabo\/#primaryimage"},"thumbnailUrl":"https:\/\/gabonnouvellevision.com\/gnv\/wp-content\/uploads\/2025\/07\/504381671_122262538982025336_7954292094196933401_n.jpg","articleSection":["A la une","Actualites","Politique"],"inLanguage":"fr-FR","potentialAction":[{"@type":"CommentAction","name":"Comment","target":["https:\/\/gabonnouvellevision.com\/gnv\/2025\/07\/14\/le-president-oligui-nguema-present-a-la-7e-reunion-de-coordination-union-africaine-communautes-economiques-regionales-de-malabo\/#respond"]}]},{"@type":"WebPage","@id":"https:\/\/gabonnouvellevision.com\/gnv\/2025\/07\/14\/le-president-oligui-nguema-present-a-la-7e-reunion-de-coordination-union-africaine-communautes-economiques-regionales-de-malabo\/","url":"https:\/\/gabonnouvellevision.com\/gnv\/2025\/07\/14\/le-president-oligui-nguema-present-a-la-7e-reunion-de-coordination-union-africaine-communautes-economiques-regionales-de-malabo\/","name":"Le pr\u00e9sident Oligui Nguema pr\u00e9sent \u00e0 la 7e R\u00e9union de coordination Union Africaine-Communaut\u00e9s \u00e9conomiques R\u00e9gionales de Malabo - Gabon Nouvelle Vision","isPartOf":{"@id":"https:\/\/gabonnouvellevision.com\/gnv\/#website"},"primaryImageOfPage":{"@id":"https:\/\/gabonnouvellevision.com\/gnv\/2025\/07\/14\/le-president-oligui-nguema-present-a-la-7e-reunion-de-coordination-union-africaine-communautes-economiques-regionales-de-malabo\/#primaryimage"},"image":{"@id":"https:\/\/gabonnouvellevision.com\/gnv\/2025\/07\/14\/le-president-oligui-nguema-present-a-la-7e-reunion-de-coordination-union-africaine-communautes-economiques-regionales-de-malabo\/#primaryimage"},"thumbnailUrl":"https:\/\/gabonnouvellevision.com\/gnv\/wp-content\/uploads\/2025\/07\/504381671_122262538982025336_7954292094196933401_n.jpg","datePublished":"2025-07-14T09:34:34+00:00","dateModified":"2025-07-14T09:34:36+00:00","breadcrumb":{"@id":"https:\/\/gabonnouvellevision.com\/gnv\/2025\/07\/14\/le-president-oligui-nguema-present-a-la-7e-reunion-de-coordination-union-africaine-communautes-economiques-regionales-de-malabo\/#breadcrumb"},"inLanguage":"fr-FR","potentialAction":[{"@type":"ReadAction","target":["https:\/\/gabonnouvellevision.com\/gnv\/2025\/07\/14\/le-president-oligui-nguema-present-a-la-7e-reunion-de-coordination-union-africaine-communautes-economiques-regionales-de-malabo\/"]}]},{"@type":"ImageObject","inLanguage":"fr-FR","@id":"https:\/\/gabonnouvellevision.com\/gnv\/2025\/07\/14\/le-president-oligui-nguema-present-a-la-7e-reunion-de-coordination-union-africaine-communautes-economiques-regionales-de-malabo\/#primaryimage","url":"https:\/\/gabonnouvellevision.com\/gnv\/wp-content\/uploads\/2025\/07\/504381671_122262538982025336_7954292094196933401_n.jpg","contentUrl":"https:\/\/gabonnouvellevision.com\/gnv\/wp-content\/uploads\/2025\/07\/504381671_122262538982025336_7954292094196933401_n.jpg","width":2048,"height":1366},{"@type":"BreadcrumbList","@id":"https:\/\/gabonnouvellevision.com\/gnv\/2025\/07\/14\/le-president-oligui-nguema-present-a-la-7e-reunion-de-coordination-union-africaine-communautes-economiques-regionales-de-malabo\/#breadcrumb","itemListElement":[{"@type":"ListItem","position":1,"name":"Accueil","item":"https:\/\/gabonnouvellevision.com\/gnv\/"},{"@type":"ListItem","position":2,"name":"Le pr\u00e9sident Oligui Nguema pr\u00e9sent \u00e0 la 7e R\u00e9union de coordination Union Africaine-Communaut\u00e9s \u00e9conomiques R\u00e9gionales de Malabo"}]},{"@type":"WebSite","@id":"https:\/\/gabonnouvellevision.com\/gnv\/#website","url":"https:\/\/gabonnouvellevision.com\/gnv\/","name":"Gabon Nouvelle Vision","description":"","publisher":{"@id":"https:\/\/gabonnouvellevision.com\/gnv\/#organization"},"potentialAction":[{"@type":"SearchAction","target":{"@type":"EntryPoint","urlTemplate":"https:\/\/gabonnouvellevision.com\/gnv\/?s={search_term_string}"},"query-input":{"@type":"PropertyValueSpecification","valueRequired":true,"valueName":"search_term_string"}}],"inLanguage":"fr-FR"},{"@type":"Organization","@id":"https:\/\/gabonnouvellevision.com\/gnv\/#organization","name":"Gabon Nouvelle Vision","url":"https:\/\/gabonnouvellevision.com\/gnv\/","logo":{"@type":"ImageObject","inLanguage":"fr-FR","@id":"https:\/\/gabonnouvellevision.com\/gnv\/#\/schema\/logo\/image\/","url":"https:\/\/gabonnouvellevision.com\/gnv\/wp-content\/uploads\/2025\/01\/logo-text_Plan-de-travail-1.png","contentUrl":"https:\/\/gabonnouvellevision.com\/gnv\/wp-content\/uploads\/2025\/01\/logo-text_Plan-de-travail-1.png","width":7169,"height":2390,"caption":"Gabon Nouvelle Vision"},"image":{"@id":"https:\/\/gabonnouvellevision.com\/gnv\/#\/schema\/logo\/image\/"},"sameAs":["https:\/\/www.facebook.com\/GNVofficiel"]},{"@type":"Person","@id":"https:\/\/gabonnouvellevision.com\/gnv\/#\/schema\/person\/4b48e07d222f83c0285affc3704bc899","name":"Eyeng Obame","image":{"@type":"ImageObject","inLanguage":"fr-FR","@id":"https:\/\/gabonnouvellevision.com\/gnv\/#\/schema\/person\/image\/","url":"https:\/\/secure.gravatar.com\/avatar\/167bc03b8baf3c77318a47159f80871de6f5a6cbf4bc8b6af750fbc1a369d7bf?s=96&d=mm&r=g","contentUrl":"https:\/\/secure.gravatar.com\/avatar\/167bc03b8baf3c77318a47159f80871de6f5a6cbf4bc8b6af750fbc1a369d7bf?s=96&d=mm&r=g","caption":"Eyeng Obame"},"url":"https:\/\/gabonnouvellevision.com\/gnv\/author\/rufin\/"}]}},"_links":{"self":[{"href":"https:\/\/gabonnouvellevision.com\/gnv\/wp-json\/wp\/v2\/posts\/24107","targetHints":{"allow":["GET"]}}],"collection":[{"href":"https:\/\/gabonnouvellevision.com\/gnv\/wp-json\/wp\/v2\/posts"}],"about":[{"href":"https:\/\/gabonnouvellevision.com\/gnv\/wp-json\/wp\/v2\/types\/post"}],"author":[{"embeddable":true,"href":"https:\/\/gabonnouvellevision.com\/gnv\/wp-json\/wp\/v2\/users\/7"}],"replies":[{"embeddable":true,"href":"https:\/\/gabonnouvellevision.com\/gnv\/wp-json\/wp\/v2\/comments?post=24107"}],"version-history":[{"count":1,"href":"https:\/\/gabonnouvellevision.com\/gnv\/wp-json\/wp\/v2\/posts\/24107\/revisions"}],"predecessor-version":[{"id":24109,"href":"https:\/\/gabonnouvellevision.com\/gnv\/wp-json\/wp\/v2\/posts\/24107\/revisions\/24109"}],"wp:featuredmedia":[{"embeddable":true,"href":"https:\/\/gabonnouvellevision.com\/gnv\/wp-json\/wp\/v2\/media\/24108"}],"wp:attachment":[{"href":"https:\/\/gabonnouvellevision.com\/gnv\/wp-json\/wp\/v2\/media?parent=24107"}],"wp:term":[{"taxonomy":"category","embeddable":true,"href":"https:\/\/gabonnouvellevision.com\/gnv\/wp-json\/wp\/v2\/categories?post=24107"},{"taxonomy":"post_tag","embeddable":true,"href":"https:\/\/gabonnouvellevision.com\/gnv\/wp-json\/wp\/v2\/tags?post=24107"}],"curies":[{"name":"wp","href":"https:\/\/api.w.org\/{rel}","templated":true}]}}