{"id":24104,"date":"2025-07-14T10:32:12","date_gmt":"2025-07-14T08:32:12","guid":{"rendered":"https:\/\/gabonnouvellevision.com\/gnv\/?p=24104"},"modified":"2025-07-14T10:32:14","modified_gmt":"2025-07-14T08:32:14","slug":"debut-de-loperation-de-revision-des-listes-electorales-a-compter-de-ce-lundi-14-juillet","status":"publish","type":"post","link":"https:\/\/gabonnouvellevision.com\/gnv\/2025\/07\/14\/debut-de-loperation-de-revision-des-listes-electorales-a-compter-de-ce-lundi-14-juillet\/","title":{"rendered":"D\u00e9but de l\u2019op\u00e9ration de r\u00e9vision des listes \u00e9lectorales \u00e0 compter de ce lundi 14 juillet"},"content":{"rendered":"\n<p><strong><em>Dans la perspective des l\u00e9gislatives et locales de septembre-octobre 2025, le Minist\u00e8re de l\u2019Int\u00e9rieur, lance une op\u00e9ration de r\u00e9vision des listes \u00e9lectorales \u00e0 compter de ce lundi 14 juillet sur toute l\u2019\u00e9tendue du territoire national et \u00e0 l\u2019\u00e9tranger<\/em><\/strong><strong>.<\/strong><\/p>\n\n\n\n<p>Cette op\u00e9ration de r\u00e9vision des listes \u00e9lectorales qui devrait s\u2019achever le 12 ao\u00fbt prochain concerne essentiellement les primo-\u00e9lecteurs c\u2019est \u00e0 dire ceux qui viennent \u00e0 peine d\u2019atteindre 18 ans, les personnes qui voudraient changer de bureau de vote. Mais aussi vise \u00e0 rayer des listes \u00e9lectorales, les personnes d\u00e9c\u00e9d\u00e9es dont les noms y figurent toujours a rappel\u00e9 le Ministre de l\u2019Int\u00e9rieur, Hermann Immongault, lors de son point de presse de vendredi 11 juillet dernier \u00e0 Libreville.<\/p>\n\n\n\n<p>En revanche, le d\u00e9p\u00f4t de candidatures des l\u00e9gislatives et locales&nbsp; aura lieu du 27 juillet au 08 ao\u00fbt 2025.<\/p>\n\n\n\n<p><strong>Rufin Martial OKe Nze<\/strong><\/p>\n","protected":false},"excerpt":{"rendered":"<p>Dans la perspective des l\u00e9gislatives et locales de septembre-octobre 2025, le Minist\u00e8re de l\u2019Int\u00e9rieur, lance une op\u00e9ration de r\u00e9vision des listes \u00e9lectorales \u00e0 compter de ce lundi 14 juillet sur toute l\u2019\u00e9tendue du territoire national et \u00e0 l\u2019\u00e9tranger. Cette op\u00e9ration de r\u00e9vision des listes \u00e9lectorales qui devrait s\u2019achever le 12 ao\u00fbt prochain concerne essentiellement les [&hellip;]<\/p>\n","protected":false},"author":7,"featured_media":24105,"comment_status":"open","ping_status":"open","sticky":false,"template":"","format":"standard","meta":{"footnotes":""},"categories":[57,55,65],"tags":[],"class_list":["post-24104","post","type-post","status-publish","format-standard","has-post-thumbnail","hentry","category-a-la-une","category-actualites","category-politique-podcasts"],"yoast_head":"<!-- This site is optimized with the Yoast SEO plugin v24.2 - https:\/\/yoast.com\/wordpress\/plugins\/seo\/ -->\n<title>D\u00e9but de l\u2019op\u00e9ration de r\u00e9vision des listes \u00e9lectorales \u00e0 compter de ce lundi 14 juillet - Gabon Nouvelle Vision<\/title>\n<meta name=\"robots\" content=\"index, follow, max-snippet:-1, max-image-preview:large, max-video-preview:-1\" \/>\n<link rel=\"canonical\" href=\"https:\/\/gabonnouvellevision.com\/gnv\/2025\/07\/14\/debut-de-loperation-de-revision-des-listes-electorales-a-compter-de-ce-lundi-14-juillet\/\" \/>\n<meta property=\"og:locale\" content=\"fr_FR\" \/>\n<meta property=\"og:type\" content=\"article\" \/>\n<meta property=\"og:title\" content=\"D\u00e9but de l\u2019op\u00e9ration de r\u00e9vision des listes \u00e9lectorales \u00e0 compter de ce lundi 14 juillet - Gabon Nouvelle Vision\" \/>\n<meta property=\"og:description\" content=\"Dans la perspective des l\u00e9gislatives et locales de septembre-octobre 2025, le Minist\u00e8re de l\u2019Int\u00e9rieur, lance une op\u00e9ration de r\u00e9vision des listes \u00e9lectorales \u00e0 compter de ce lundi 14 juillet sur toute l\u2019\u00e9tendue du territoire national et \u00e0 l\u2019\u00e9tranger. Cette op\u00e9ration de r\u00e9vision des listes \u00e9lectorales qui devrait s\u2019achever le 12 ao\u00fbt prochain concerne essentiellement les [&hellip;]\" \/>\n<meta property=\"og:url\" content=\"https:\/\/gabonnouvellevision.com\/gnv\/2025\/07\/14\/debut-de-loperation-de-revision-des-listes-electorales-a-compter-de-ce-lundi-14-juillet\/\" \/>\n<meta property=\"og:site_name\" content=\"Gabon Nouvelle Vision\" \/>\n<meta property=\"article:publisher\" content=\"https:\/\/www.facebook.com\/GNVofficiel\" \/>\n<meta property=\"article:published_time\" content=\"2025-07-14T08:32:12+00:00\" \/>\n<meta property=\"article:modified_time\" content=\"2025-07-14T08:32:14+00:00\" \/>\n<meta property=\"og:image\" content=\"https:\/\/gabonnouvellevision.com\/gnv\/wp-content\/uploads\/2025\/07\/4771543784995677233.jpeg\" \/>\n\t<meta property=\"og:image:width\" content=\"500\" \/>\n\t<meta property=\"og:image:height\" content=\"261\" \/>\n\t<meta property=\"og:image:type\" content=\"image\/jpeg\" \/>\n<meta name=\"author\" content=\"Eyeng Obame\" \/>\n<meta name=\"twitter:card\" content=\"summary_large_image\" \/>\n<meta name=\"twitter:label1\" content=\"\u00c9crit par\" \/>\n\t<meta name=\"twitter:data1\" content=\"Eyeng Obame\" \/>\n\t<meta name=\"twitter:label2\" content=\"Dur\u00e9e de lecture estim\u00e9e\" \/>\n\t<meta name=\"twitter:data2\" content=\"1 minute\" \/>\n<script type=\"application\/ld+json\" class=\"yoast-schema-graph\">{\"@context\":\"https:\/\/schema.org\",\"@graph\":[{\"@type\":\"Article\",\"@id\":\"https:\/\/gabonnouvellevision.com\/gnv\/2025\/07\/14\/debut-de-loperation-de-revision-des-listes-electorales-a-compter-de-ce-lundi-14-juillet\/#article\",\"isPartOf\":{\"@id\":\"https:\/\/gabonnouvellevision.com\/gnv\/2025\/07\/14\/debut-de-loperation-de-revision-des-listes-electorales-a-compter-de-ce-lundi-14-juillet\/\"},\"author\":{\"name\":\"Eyeng Obame\",\"@id\":\"https:\/\/gabonnouvellevision.com\/gnv\/#\/schema\/person\/4b48e07d222f83c0285affc3704bc899\"},\"headline\":\"D\u00e9but de l\u2019op\u00e9ration de r\u00e9vision des listes \u00e9lectorales \u00e0 compter de ce lundi 14 juillet\",\"datePublished\":\"2025-07-14T08:32:12+00:00\",\"dateModified\":\"2025-07-14T08:32:14+00:00\",\"mainEntityOfPage\":{\"@id\":\"https:\/\/gabonnouvellevision.com\/gnv\/2025\/07\/14\/debut-de-loperation-de-revision-des-listes-electorales-a-compter-de-ce-lundi-14-juillet\/\"},\"wordCount\":165,\"commentCount\":0,\"publisher\":{\"@id\":\"https:\/\/gabonnouvellevision.com\/gnv\/#organization\"},\"image\":{\"@id\":\"https:\/\/gabonnouvellevision.com\/gnv\/2025\/07\/14\/debut-de-loperation-de-revision-des-listes-electorales-a-compter-de-ce-lundi-14-juillet\/#primaryimage\"},\"thumbnailUrl\":\"https:\/\/gabonnouvellevision.com\/gnv\/wp-content\/uploads\/2025\/07\/4771543784995677233.jpeg\",\"articleSection\":[\"A la une\",\"Actualites\",\"Politique\"],\"inLanguage\":\"fr-FR\",\"potentialAction\":[{\"@type\":\"CommentAction\",\"name\":\"Comment\",\"target\":[\"https:\/\/gabonnouvellevision.com\/gnv\/2025\/07\/14\/debut-de-loperation-de-revision-des-listes-electorales-a-compter-de-ce-lundi-14-juillet\/#respond\"]}]},{\"@type\":\"WebPage\",\"@id\":\"https:\/\/gabonnouvellevision.com\/gnv\/2025\/07\/14\/debut-de-loperation-de-revision-des-listes-electorales-a-compter-de-ce-lundi-14-juillet\/\",\"url\":\"https:\/\/gabonnouvellevision.com\/gnv\/2025\/07\/14\/debut-de-loperation-de-revision-des-listes-electorales-a-compter-de-ce-lundi-14-juillet\/\",\"name\":\"D\u00e9but de l\u2019op\u00e9ration de r\u00e9vision des listes \u00e9lectorales \u00e0 compter de ce lundi 14 juillet - Gabon Nouvelle Vision\",\"isPartOf\":{\"@id\":\"https:\/\/gabonnouvellevision.com\/gnv\/#website\"},\"primaryImageOfPage\":{\"@id\":\"https:\/\/gabonnouvellevision.com\/gnv\/2025\/07\/14\/debut-de-loperation-de-revision-des-listes-electorales-a-compter-de-ce-lundi-14-juillet\/#primaryimage\"},\"image\":{\"@id\":\"https:\/\/gabonnouvellevision.com\/gnv\/2025\/07\/14\/debut-de-loperation-de-revision-des-listes-electorales-a-compter-de-ce-lundi-14-juillet\/#primaryimage\"},\"thumbnailUrl\":\"https:\/\/gabonnouvellevision.com\/gnv\/wp-content\/uploads\/2025\/07\/4771543784995677233.jpeg\",\"datePublished\":\"2025-07-14T08:32:12+00:00\",\"dateModified\":\"2025-07-14T08:32:14+00:00\",\"breadcrumb\":{\"@id\":\"https:\/\/gabonnouvellevision.com\/gnv\/2025\/07\/14\/debut-de-loperation-de-revision-des-listes-electorales-a-compter-de-ce-lundi-14-juillet\/#breadcrumb\"},\"inLanguage\":\"fr-FR\",\"potentialAction\":[{\"@type\":\"ReadAction\",\"target\":[\"https:\/\/gabonnouvellevision.com\/gnv\/2025\/07\/14\/debut-de-loperation-de-revision-des-listes-electorales-a-compter-de-ce-lundi-14-juillet\/\"]}]},{\"@type\":\"ImageObject\",\"inLanguage\":\"fr-FR\",\"@id\":\"https:\/\/gabonnouvellevision.com\/gnv\/2025\/07\/14\/debut-de-loperation-de-revision-des-listes-electorales-a-compter-de-ce-lundi-14-juillet\/#primaryimage\",\"url\":\"https:\/\/gabonnouvellevision.com\/gnv\/wp-content\/uploads\/2025\/07\/4771543784995677233.jpeg\",\"contentUrl\":\"https:\/\/gabonnouvellevision.com\/gnv\/wp-content\/uploads\/2025\/07\/4771543784995677233.jpeg\",\"width\":500,\"height\":261},{\"@type\":\"BreadcrumbList\",\"@id\":\"https:\/\/gabonnouvellevision.com\/gnv\/2025\/07\/14\/debut-de-loperation-de-revision-des-listes-electorales-a-compter-de-ce-lundi-14-juillet\/#breadcrumb\",\"itemListElement\":[{\"@type\":\"ListItem\",\"position\":1,\"name\":\"Accueil\",\"item\":\"https:\/\/gabonnouvellevision.com\/gnv\/\"},{\"@type\":\"ListItem\",\"position\":2,\"name\":\"D\u00e9but de l\u2019op\u00e9ration de r\u00e9vision des listes \u00e9lectorales \u00e0 compter de ce lundi 14 juillet\"}]},{\"@type\":\"WebSite\",\"@id\":\"https:\/\/gabonnouvellevision.com\/gnv\/#website\",\"url\":\"https:\/\/gabonnouvellevision.com\/gnv\/\",\"name\":\"Gabon Nouvelle Vision\",\"description\":\"\",\"publisher\":{\"@id\":\"https:\/\/gabonnouvellevision.com\/gnv\/#organization\"},\"potentialAction\":[{\"@type\":\"SearchAction\",\"target\":{\"@type\":\"EntryPoint\",\"urlTemplate\":\"https:\/\/gabonnouvellevision.com\/gnv\/?s={search_term_string}\"},\"query-input\":{\"@type\":\"PropertyValueSpecification\",\"valueRequired\":true,\"valueName\":\"search_term_string\"}}],\"inLanguage\":\"fr-FR\"},{\"@type\":\"Organization\",\"@id\":\"https:\/\/gabonnouvellevision.com\/gnv\/#organization\",\"name\":\"Gabon Nouvelle Vision\",\"url\":\"https:\/\/gabonnouvellevision.com\/gnv\/\",\"logo\":{\"@type\":\"ImageObject\",\"inLanguage\":\"fr-FR\",\"@id\":\"https:\/\/gabonnouvellevision.com\/gnv\/#\/schema\/logo\/image\/\",\"url\":\"https:\/\/gabonnouvellevision.com\/gnv\/wp-content\/uploads\/2025\/01\/logo-text_Plan-de-travail-1.png\",\"contentUrl\":\"https:\/\/gabonnouvellevision.com\/gnv\/wp-content\/uploads\/2025\/01\/logo-text_Plan-de-travail-1.png\",\"width\":7169,\"height\":2390,\"caption\":\"Gabon Nouvelle Vision\"},\"image\":{\"@id\":\"https:\/\/gabonnouvellevision.com\/gnv\/#\/schema\/logo\/image\/\"},\"sameAs\":[\"https:\/\/www.facebook.com\/GNVofficiel\"]},{\"@type\":\"Person\",\"@id\":\"https:\/\/gabonnouvellevision.com\/gnv\/#\/schema\/person\/4b48e07d222f83c0285affc3704bc899\",\"name\":\"Eyeng Obame\",\"image\":{\"@type\":\"ImageObject\",\"inLanguage\":\"fr-FR\",\"@id\":\"https:\/\/gabonnouvellevision.com\/gnv\/#\/schema\/person\/image\/\",\"url\":\"https:\/\/secure.gravatar.com\/avatar\/167bc03b8baf3c77318a47159f80871de6f5a6cbf4bc8b6af750fbc1a369d7bf?s=96&d=mm&r=g\",\"contentUrl\":\"https:\/\/secure.gravatar.com\/avatar\/167bc03b8baf3c77318a47159f80871de6f5a6cbf4bc8b6af750fbc1a369d7bf?s=96&d=mm&r=g\",\"caption\":\"Eyeng Obame\"},\"url\":\"https:\/\/gabonnouvellevision.com\/gnv\/author\/rufin\/\"}]}<\/script>\n<!-- \/ Yoast SEO plugin. -->","yoast_head_json":{"title":"D\u00e9but de l\u2019op\u00e9ration de r\u00e9vision des listes \u00e9lectorales \u00e0 compter de ce lundi 14 juillet - Gabon Nouvelle Vision","robots":{"index":"index","follow":"follow","max-snippet":"max-snippet:-1","max-image-preview":"max-image-preview:large","max-video-preview":"max-video-preview:-1"},"canonical":"https:\/\/gabonnouvellevision.com\/gnv\/2025\/07\/14\/debut-de-loperation-de-revision-des-listes-electorales-a-compter-de-ce-lundi-14-juillet\/","og_locale":"fr_FR","og_type":"article","og_title":"D\u00e9but de l\u2019op\u00e9ration de r\u00e9vision des listes \u00e9lectorales \u00e0 compter de ce lundi 14 juillet - Gabon Nouvelle Vision","og_description":"Dans la perspective des l\u00e9gislatives et locales de septembre-octobre 2025, le Minist\u00e8re de l\u2019Int\u00e9rieur, lance une op\u00e9ration de r\u00e9vision des listes \u00e9lectorales \u00e0 compter de ce lundi 14 juillet sur toute l\u2019\u00e9tendue du territoire national et \u00e0 l\u2019\u00e9tranger. Cette op\u00e9ration de r\u00e9vision des listes \u00e9lectorales qui devrait s\u2019achever le 12 ao\u00fbt prochain concerne essentiellement les [&hellip;]","og_url":"https:\/\/gabonnouvellevision.com\/gnv\/2025\/07\/14\/debut-de-loperation-de-revision-des-listes-electorales-a-compter-de-ce-lundi-14-juillet\/","og_site_name":"Gabon Nouvelle Vision","article_publisher":"https:\/\/www.facebook.com\/GNVofficiel","article_published_time":"2025-07-14T08:32:12+00:00","article_modified_time":"2025-07-14T08:32:14+00:00","og_image":[{"width":500,"height":261,"url":"https:\/\/gabonnouvellevision.com\/gnv\/wp-content\/uploads\/2025\/07\/4771543784995677233.jpeg","type":"image\/jpeg"}],"author":"Eyeng Obame","twitter_card":"summary_large_image","twitter_misc":{"\u00c9crit par":"Eyeng Obame","Dur\u00e9e de lecture estim\u00e9e":"1 minute"},"schema":{"@context":"https:\/\/schema.org","@graph":[{"@type":"Article","@id":"https:\/\/gabonnouvellevision.com\/gnv\/2025\/07\/14\/debut-de-loperation-de-revision-des-listes-electorales-a-compter-de-ce-lundi-14-juillet\/#article","isPartOf":{"@id":"https:\/\/gabonnouvellevision.com\/gnv\/2025\/07\/14\/debut-de-loperation-de-revision-des-listes-electorales-a-compter-de-ce-lundi-14-juillet\/"},"author":{"name":"Eyeng Obame","@id":"https:\/\/gabonnouvellevision.com\/gnv\/#\/schema\/person\/4b48e07d222f83c0285affc3704bc899"},"headline":"D\u00e9but de l\u2019op\u00e9ration de r\u00e9vision des listes \u00e9lectorales \u00e0 compter de ce lundi 14 juillet","datePublished":"2025-07-14T08:32:12+00:00","dateModified":"2025-07-14T08:32:14+00:00","mainEntityOfPage":{"@id":"https:\/\/gabonnouvellevision.com\/gnv\/2025\/07\/14\/debut-de-loperation-de-revision-des-listes-electorales-a-compter-de-ce-lundi-14-juillet\/"},"wordCount":165,"commentCount":0,"publisher":{"@id":"https:\/\/gabonnouvellevision.com\/gnv\/#organization"},"image":{"@id":"https:\/\/gabonnouvellevision.com\/gnv\/2025\/07\/14\/debut-de-loperation-de-revision-des-listes-electorales-a-compter-de-ce-lundi-14-juillet\/#primaryimage"},"thumbnailUrl":"https:\/\/gabonnouvellevision.com\/gnv\/wp-content\/uploads\/2025\/07\/4771543784995677233.jpeg","articleSection":["A la une","Actualites","Politique"],"inLanguage":"fr-FR","potentialAction":[{"@type":"CommentAction","name":"Comment","target":["https:\/\/gabonnouvellevision.com\/gnv\/2025\/07\/14\/debut-de-loperation-de-revision-des-listes-electorales-a-compter-de-ce-lundi-14-juillet\/#respond"]}]},{"@type":"WebPage","@id":"https:\/\/gabonnouvellevision.com\/gnv\/2025\/07\/14\/debut-de-loperation-de-revision-des-listes-electorales-a-compter-de-ce-lundi-14-juillet\/","url":"https:\/\/gabonnouvellevision.com\/gnv\/2025\/07\/14\/debut-de-loperation-de-revision-des-listes-electorales-a-compter-de-ce-lundi-14-juillet\/","name":"D\u00e9but de l\u2019op\u00e9ration de r\u00e9vision des listes \u00e9lectorales \u00e0 compter de ce lundi 14 juillet - Gabon Nouvelle Vision","isPartOf":{"@id":"https:\/\/gabonnouvellevision.com\/gnv\/#website"},"primaryImageOfPage":{"@id":"https:\/\/gabonnouvellevision.com\/gnv\/2025\/07\/14\/debut-de-loperation-de-revision-des-listes-electorales-a-compter-de-ce-lundi-14-juillet\/#primaryimage"},"image":{"@id":"https:\/\/gabonnouvellevision.com\/gnv\/2025\/07\/14\/debut-de-loperation-de-revision-des-listes-electorales-a-compter-de-ce-lundi-14-juillet\/#primaryimage"},"thumbnailUrl":"https:\/\/gabonnouvellevision.com\/gnv\/wp-content\/uploads\/2025\/07\/4771543784995677233.jpeg","datePublished":"2025-07-14T08:32:12+00:00","dateModified":"2025-07-14T08:32:14+00:00","breadcrumb":{"@id":"https:\/\/gabonnouvellevision.com\/gnv\/2025\/07\/14\/debut-de-loperation-de-revision-des-listes-electorales-a-compter-de-ce-lundi-14-juillet\/#breadcrumb"},"inLanguage":"fr-FR","potentialAction":[{"@type":"ReadAction","target":["https:\/\/gabonnouvellevision.com\/gnv\/2025\/07\/14\/debut-de-loperation-de-revision-des-listes-electorales-a-compter-de-ce-lundi-14-juillet\/"]}]},{"@type":"ImageObject","inLanguage":"fr-FR","@id":"https:\/\/gabonnouvellevision.com\/gnv\/2025\/07\/14\/debut-de-loperation-de-revision-des-listes-electorales-a-compter-de-ce-lundi-14-juillet\/#primaryimage","url":"https:\/\/gabonnouvellevision.com\/gnv\/wp-content\/uploads\/2025\/07\/4771543784995677233.jpeg","contentUrl":"https:\/\/gabonnouvellevision.com\/gnv\/wp-content\/uploads\/2025\/07\/4771543784995677233.jpeg","width":500,"height":261},{"@type":"BreadcrumbList","@id":"https:\/\/gabonnouvellevision.com\/gnv\/2025\/07\/14\/debut-de-loperation-de-revision-des-listes-electorales-a-compter-de-ce-lundi-14-juillet\/#breadcrumb","itemListElement":[{"@type":"ListItem","position":1,"name":"Accueil","item":"https:\/\/gabonnouvellevision.com\/gnv\/"},{"@type":"ListItem","position":2,"name":"D\u00e9but de l\u2019op\u00e9ration de r\u00e9vision des listes \u00e9lectorales \u00e0 compter de ce lundi 14 juillet"}]},{"@type":"WebSite","@id":"https:\/\/gabonnouvellevision.com\/gnv\/#website","url":"https:\/\/gabonnouvellevision.com\/gnv\/","name":"Gabon Nouvelle Vision","description":"","publisher":{"@id":"https:\/\/gabonnouvellevision.com\/gnv\/#organization"},"potentialAction":[{"@type":"SearchAction","target":{"@type":"EntryPoint","urlTemplate":"https:\/\/gabonnouvellevision.com\/gnv\/?s={search_term_string}"},"query-input":{"@type":"PropertyValueSpecification","valueRequired":true,"valueName":"search_term_string"}}],"inLanguage":"fr-FR"},{"@type":"Organization","@id":"https:\/\/gabonnouvellevision.com\/gnv\/#organization","name":"Gabon Nouvelle Vision","url":"https:\/\/gabonnouvellevision.com\/gnv\/","logo":{"@type":"ImageObject","inLanguage":"fr-FR","@id":"https:\/\/gabonnouvellevision.com\/gnv\/#\/schema\/logo\/image\/","url":"https:\/\/gabonnouvellevision.com\/gnv\/wp-content\/uploads\/2025\/01\/logo-text_Plan-de-travail-1.png","contentUrl":"https:\/\/gabonnouvellevision.com\/gnv\/wp-content\/uploads\/2025\/01\/logo-text_Plan-de-travail-1.png","width":7169,"height":2390,"caption":"Gabon Nouvelle Vision"},"image":{"@id":"https:\/\/gabonnouvellevision.com\/gnv\/#\/schema\/logo\/image\/"},"sameAs":["https:\/\/www.facebook.com\/GNVofficiel"]},{"@type":"Person","@id":"https:\/\/gabonnouvellevision.com\/gnv\/#\/schema\/person\/4b48e07d222f83c0285affc3704bc899","name":"Eyeng Obame","image":{"@type":"ImageObject","inLanguage":"fr-FR","@id":"https:\/\/gabonnouvellevision.com\/gnv\/#\/schema\/person\/image\/","url":"https:\/\/secure.gravatar.com\/avatar\/167bc03b8baf3c77318a47159f80871de6f5a6cbf4bc8b6af750fbc1a369d7bf?s=96&d=mm&r=g","contentUrl":"https:\/\/secure.gravatar.com\/avatar\/167bc03b8baf3c77318a47159f80871de6f5a6cbf4bc8b6af750fbc1a369d7bf?s=96&d=mm&r=g","caption":"Eyeng Obame"},"url":"https:\/\/gabonnouvellevision.com\/gnv\/author\/rufin\/"}]}},"_links":{"self":[{"href":"https:\/\/gabonnouvellevision.com\/gnv\/wp-json\/wp\/v2\/posts\/24104","targetHints":{"allow":["GET"]}}],"collection":[{"href":"https:\/\/gabonnouvellevision.com\/gnv\/wp-json\/wp\/v2\/posts"}],"about":[{"href":"https:\/\/gabonnouvellevision.com\/gnv\/wp-json\/wp\/v2\/types\/post"}],"author":[{"embeddable":true,"href":"https:\/\/gabonnouvellevision.com\/gnv\/wp-json\/wp\/v2\/users\/7"}],"replies":[{"embeddable":true,"href":"https:\/\/gabonnouvellevision.com\/gnv\/wp-json\/wp\/v2\/comments?post=24104"}],"version-history":[{"count":1,"href":"https:\/\/gabonnouvellevision.com\/gnv\/wp-json\/wp\/v2\/posts\/24104\/revisions"}],"predecessor-version":[{"id":24106,"href":"https:\/\/gabonnouvellevision.com\/gnv\/wp-json\/wp\/v2\/posts\/24104\/revisions\/24106"}],"wp:featuredmedia":[{"embeddable":true,"href":"https:\/\/gabonnouvellevision.com\/gnv\/wp-json\/wp\/v2\/media\/24105"}],"wp:attachment":[{"href":"https:\/\/gabonnouvellevision.com\/gnv\/wp-json\/wp\/v2\/media?parent=24104"}],"wp:term":[{"taxonomy":"category","embeddable":true,"href":"https:\/\/gabonnouvellevision.com\/gnv\/wp-json\/wp\/v2\/categories?post=24104"},{"taxonomy":"post_tag","embeddable":true,"href":"https:\/\/gabonnouvellevision.com\/gnv\/wp-json\/wp\/v2\/tags?post=24104"}],"curies":[{"name":"wp","href":"https:\/\/api.w.org\/{rel}","templated":true}]}}