{"id":24101,"date":"2025-07-11T12:31:00","date_gmt":"2025-07-11T10:31:00","guid":{"rendered":"https:\/\/gabonnouvellevision.com\/gnv\/?p=24101"},"modified":"2025-07-11T12:33:51","modified_gmt":"2025-07-11T10:33:51","slug":"lancement-officiel-du-processus-electoral-des-legislatives-et-locales-ce-vendredi-11-juillet-a-libreville","status":"publish","type":"post","link":"https:\/\/gabonnouvellevision.com\/gnv\/2025\/07\/11\/lancement-officiel-du-processus-electoral-des-legislatives-et-locales-ce-vendredi-11-juillet-a-libreville\/","title":{"rendered":"Lancement officiel du processus \u00e9lectoral des l\u00e9gislatives et locales ce vendredi 11 juillet \u00e0 Libreville"},"content":{"rendered":"\n<p>Le Ministre de l\u2019Int\u00e9rieur,Hermann Immongault, m\u00e9dite d\u00e9j\u00e0 sur le sort du processus \u00e9lectoral avenir au Gabon.Com.Minist\u00e8re de l\u2019int\u00e9rieur<\/p>\n\n\n\n<p><strong><em>Le Ministre de l\u2019Int\u00e9rieur, de la S\u00e9curit\u00e9 et de la D\u00e9centralisation, Hermann Immongault, lance officiellement le processus \u00e9lectoral des l\u00e9gislatives et locales de septembre-octobre 2025 au Gabon, ce vendredi 11 juillet \u00e0 son Cabinet de travail du centre-ville de Libreville<\/em><\/strong>.<\/p>\n\n\n\n<p>Dans sa d\u00e9claration de presse, le Ministre de l\u2019Int\u00e9rieur, Hermann Immongault, devra fixer les principaux enjeux des \u00e9lections l\u00e9gislatives et locales de septembre-octobre 2025 au Gabon. Une \u00e9lection jumel\u00e9e qui devra se tenir &nbsp;5 mois apr\u00e8s la pr\u00e9sidentielle du 12 avril dernier.<\/p>\n\n\n\n<p><strong>Nous y reviendrons<\/strong><\/p>\n\n\n\n<p><strong>Rufin Martial Oke Nze<\/strong><\/p>\n","protected":false},"excerpt":{"rendered":"<p>Le Ministre de l\u2019Int\u00e9rieur,Hermann Immongault, m\u00e9dite d\u00e9j\u00e0 sur le sort du processus \u00e9lectoral avenir au Gabon.Com.Minist\u00e8re de l\u2019int\u00e9rieur Le Ministre de l\u2019Int\u00e9rieur, de la S\u00e9curit\u00e9 et de la D\u00e9centralisation, Hermann Immongault, lance officiellement le processus \u00e9lectoral des l\u00e9gislatives et locales de septembre-octobre 2025 au Gabon, ce vendredi 11 juillet \u00e0 son Cabinet de travail du [&hellip;]<\/p>\n","protected":false},"author":7,"featured_media":24103,"comment_status":"open","ping_status":"open","sticky":false,"template":"","format":"standard","meta":{"footnotes":""},"categories":[57,55,65],"tags":[],"class_list":["post-24101","post","type-post","status-publish","format-standard","has-post-thumbnail","hentry","category-a-la-une","category-actualites","category-politique-podcasts"],"yoast_head":"<!-- This site is optimized with the Yoast SEO plugin v24.2 - https:\/\/yoast.com\/wordpress\/plugins\/seo\/ -->\n<title>Lancement officiel du processus \u00e9lectoral des l\u00e9gislatives et locales ce vendredi 11 juillet \u00e0 Libreville - Gabon Nouvelle Vision<\/title>\n<meta name=\"robots\" content=\"index, follow, max-snippet:-1, max-image-preview:large, max-video-preview:-1\" \/>\n<link rel=\"canonical\" href=\"https:\/\/gabonnouvellevision.com\/gnv\/2025\/07\/11\/lancement-officiel-du-processus-electoral-des-legislatives-et-locales-ce-vendredi-11-juillet-a-libreville\/\" \/>\n<meta property=\"og:locale\" content=\"fr_FR\" \/>\n<meta property=\"og:type\" content=\"article\" \/>\n<meta property=\"og:title\" content=\"Lancement officiel du processus \u00e9lectoral des l\u00e9gislatives et locales ce vendredi 11 juillet \u00e0 Libreville - Gabon Nouvelle Vision\" \/>\n<meta property=\"og:description\" content=\"Le Ministre de l\u2019Int\u00e9rieur,Hermann Immongault, m\u00e9dite d\u00e9j\u00e0 sur le sort du processus \u00e9lectoral avenir au Gabon.Com.Minist\u00e8re de l\u2019int\u00e9rieur Le Ministre de l\u2019Int\u00e9rieur, de la S\u00e9curit\u00e9 et de la D\u00e9centralisation, Hermann Immongault, lance officiellement le processus \u00e9lectoral des l\u00e9gislatives et locales de septembre-octobre 2025 au Gabon, ce vendredi 11 juillet \u00e0 son Cabinet de travail du [&hellip;]\" \/>\n<meta property=\"og:url\" content=\"https:\/\/gabonnouvellevision.com\/gnv\/2025\/07\/11\/lancement-officiel-du-processus-electoral-des-legislatives-et-locales-ce-vendredi-11-juillet-a-libreville\/\" \/>\n<meta property=\"og:site_name\" content=\"Gabon Nouvelle Vision\" \/>\n<meta property=\"article:publisher\" content=\"https:\/\/www.facebook.com\/GNVofficiel\" \/>\n<meta property=\"article:published_time\" content=\"2025-07-11T10:31:00+00:00\" \/>\n<meta property=\"article:modified_time\" content=\"2025-07-11T10:33:51+00:00\" \/>\n<meta property=\"og:image\" content=\"https:\/\/gabonnouvellevision.com\/gnv\/wp-content\/uploads\/2025\/07\/515436907_1033625618948677_7763761246670014437_n.jpg\" \/>\n\t<meta property=\"og:image:width\" content=\"2048\" \/>\n\t<meta property=\"og:image:height\" content=\"1152\" \/>\n\t<meta property=\"og:image:type\" content=\"image\/jpeg\" \/>\n<meta name=\"author\" content=\"Eyeng Obame\" \/>\n<meta name=\"twitter:card\" content=\"summary_large_image\" \/>\n<meta name=\"twitter:label1\" content=\"\u00c9crit par\" \/>\n\t<meta name=\"twitter:data1\" content=\"Eyeng Obame\" \/>\n\t<meta name=\"twitter:label2\" content=\"Dur\u00e9e de lecture estim\u00e9e\" \/>\n\t<meta name=\"twitter:data2\" content=\"1 minute\" \/>\n<script type=\"application\/ld+json\" class=\"yoast-schema-graph\">{\"@context\":\"https:\/\/schema.org\",\"@graph\":[{\"@type\":\"Article\",\"@id\":\"https:\/\/gabonnouvellevision.com\/gnv\/2025\/07\/11\/lancement-officiel-du-processus-electoral-des-legislatives-et-locales-ce-vendredi-11-juillet-a-libreville\/#article\",\"isPartOf\":{\"@id\":\"https:\/\/gabonnouvellevision.com\/gnv\/2025\/07\/11\/lancement-officiel-du-processus-electoral-des-legislatives-et-locales-ce-vendredi-11-juillet-a-libreville\/\"},\"author\":{\"name\":\"Eyeng Obame\",\"@id\":\"https:\/\/gabonnouvellevision.com\/gnv\/#\/schema\/person\/4b48e07d222f83c0285affc3704bc899\"},\"headline\":\"Lancement officiel du processus \u00e9lectoral des l\u00e9gislatives et locales ce vendredi 11 juillet \u00e0 Libreville\",\"datePublished\":\"2025-07-11T10:31:00+00:00\",\"dateModified\":\"2025-07-11T10:33:51+00:00\",\"mainEntityOfPage\":{\"@id\":\"https:\/\/gabonnouvellevision.com\/gnv\/2025\/07\/11\/lancement-officiel-du-processus-electoral-des-legislatives-et-locales-ce-vendredi-11-juillet-a-libreville\/\"},\"wordCount\":138,\"commentCount\":0,\"publisher\":{\"@id\":\"https:\/\/gabonnouvellevision.com\/gnv\/#organization\"},\"image\":{\"@id\":\"https:\/\/gabonnouvellevision.com\/gnv\/2025\/07\/11\/lancement-officiel-du-processus-electoral-des-legislatives-et-locales-ce-vendredi-11-juillet-a-libreville\/#primaryimage\"},\"thumbnailUrl\":\"https:\/\/gabonnouvellevision.com\/gnv\/wp-content\/uploads\/2025\/07\/515436907_1033625618948677_7763761246670014437_n.jpg\",\"articleSection\":[\"A la une\",\"Actualites\",\"Politique\"],\"inLanguage\":\"fr-FR\",\"potentialAction\":[{\"@type\":\"CommentAction\",\"name\":\"Comment\",\"target\":[\"https:\/\/gabonnouvellevision.com\/gnv\/2025\/07\/11\/lancement-officiel-du-processus-electoral-des-legislatives-et-locales-ce-vendredi-11-juillet-a-libreville\/#respond\"]}]},{\"@type\":\"WebPage\",\"@id\":\"https:\/\/gabonnouvellevision.com\/gnv\/2025\/07\/11\/lancement-officiel-du-processus-electoral-des-legislatives-et-locales-ce-vendredi-11-juillet-a-libreville\/\",\"url\":\"https:\/\/gabonnouvellevision.com\/gnv\/2025\/07\/11\/lancement-officiel-du-processus-electoral-des-legislatives-et-locales-ce-vendredi-11-juillet-a-libreville\/\",\"name\":\"Lancement officiel du processus \u00e9lectoral des l\u00e9gislatives et locales ce vendredi 11 juillet \u00e0 Libreville - Gabon Nouvelle Vision\",\"isPartOf\":{\"@id\":\"https:\/\/gabonnouvellevision.com\/gnv\/#website\"},\"primaryImageOfPage\":{\"@id\":\"https:\/\/gabonnouvellevision.com\/gnv\/2025\/07\/11\/lancement-officiel-du-processus-electoral-des-legislatives-et-locales-ce-vendredi-11-juillet-a-libreville\/#primaryimage\"},\"image\":{\"@id\":\"https:\/\/gabonnouvellevision.com\/gnv\/2025\/07\/11\/lancement-officiel-du-processus-electoral-des-legislatives-et-locales-ce-vendredi-11-juillet-a-libreville\/#primaryimage\"},\"thumbnailUrl\":\"https:\/\/gabonnouvellevision.com\/gnv\/wp-content\/uploads\/2025\/07\/515436907_1033625618948677_7763761246670014437_n.jpg\",\"datePublished\":\"2025-07-11T10:31:00+00:00\",\"dateModified\":\"2025-07-11T10:33:51+00:00\",\"breadcrumb\":{\"@id\":\"https:\/\/gabonnouvellevision.com\/gnv\/2025\/07\/11\/lancement-officiel-du-processus-electoral-des-legislatives-et-locales-ce-vendredi-11-juillet-a-libreville\/#breadcrumb\"},\"inLanguage\":\"fr-FR\",\"potentialAction\":[{\"@type\":\"ReadAction\",\"target\":[\"https:\/\/gabonnouvellevision.com\/gnv\/2025\/07\/11\/lancement-officiel-du-processus-electoral-des-legislatives-et-locales-ce-vendredi-11-juillet-a-libreville\/\"]}]},{\"@type\":\"ImageObject\",\"inLanguage\":\"fr-FR\",\"@id\":\"https:\/\/gabonnouvellevision.com\/gnv\/2025\/07\/11\/lancement-officiel-du-processus-electoral-des-legislatives-et-locales-ce-vendredi-11-juillet-a-libreville\/#primaryimage\",\"url\":\"https:\/\/gabonnouvellevision.com\/gnv\/wp-content\/uploads\/2025\/07\/515436907_1033625618948677_7763761246670014437_n.jpg\",\"contentUrl\":\"https:\/\/gabonnouvellevision.com\/gnv\/wp-content\/uploads\/2025\/07\/515436907_1033625618948677_7763761246670014437_n.jpg\",\"width\":2048,\"height\":1152},{\"@type\":\"BreadcrumbList\",\"@id\":\"https:\/\/gabonnouvellevision.com\/gnv\/2025\/07\/11\/lancement-officiel-du-processus-electoral-des-legislatives-et-locales-ce-vendredi-11-juillet-a-libreville\/#breadcrumb\",\"itemListElement\":[{\"@type\":\"ListItem\",\"position\":1,\"name\":\"Accueil\",\"item\":\"https:\/\/gabonnouvellevision.com\/gnv\/\"},{\"@type\":\"ListItem\",\"position\":2,\"name\":\"Lancement officiel du processus \u00e9lectoral des l\u00e9gislatives et locales ce vendredi 11 juillet \u00e0 Libreville\"}]},{\"@type\":\"WebSite\",\"@id\":\"https:\/\/gabonnouvellevision.com\/gnv\/#website\",\"url\":\"https:\/\/gabonnouvellevision.com\/gnv\/\",\"name\":\"Gabon Nouvelle Vision\",\"description\":\"\",\"publisher\":{\"@id\":\"https:\/\/gabonnouvellevision.com\/gnv\/#organization\"},\"potentialAction\":[{\"@type\":\"SearchAction\",\"target\":{\"@type\":\"EntryPoint\",\"urlTemplate\":\"https:\/\/gabonnouvellevision.com\/gnv\/?s={search_term_string}\"},\"query-input\":{\"@type\":\"PropertyValueSpecification\",\"valueRequired\":true,\"valueName\":\"search_term_string\"}}],\"inLanguage\":\"fr-FR\"},{\"@type\":\"Organization\",\"@id\":\"https:\/\/gabonnouvellevision.com\/gnv\/#organization\",\"name\":\"Gabon Nouvelle Vision\",\"url\":\"https:\/\/gabonnouvellevision.com\/gnv\/\",\"logo\":{\"@type\":\"ImageObject\",\"inLanguage\":\"fr-FR\",\"@id\":\"https:\/\/gabonnouvellevision.com\/gnv\/#\/schema\/logo\/image\/\",\"url\":\"https:\/\/gabonnouvellevision.com\/gnv\/wp-content\/uploads\/2025\/01\/logo-text_Plan-de-travail-1.png\",\"contentUrl\":\"https:\/\/gabonnouvellevision.com\/gnv\/wp-content\/uploads\/2025\/01\/logo-text_Plan-de-travail-1.png\",\"width\":7169,\"height\":2390,\"caption\":\"Gabon Nouvelle Vision\"},\"image\":{\"@id\":\"https:\/\/gabonnouvellevision.com\/gnv\/#\/schema\/logo\/image\/\"},\"sameAs\":[\"https:\/\/www.facebook.com\/GNVofficiel\"]},{\"@type\":\"Person\",\"@id\":\"https:\/\/gabonnouvellevision.com\/gnv\/#\/schema\/person\/4b48e07d222f83c0285affc3704bc899\",\"name\":\"Eyeng Obame\",\"image\":{\"@type\":\"ImageObject\",\"inLanguage\":\"fr-FR\",\"@id\":\"https:\/\/gabonnouvellevision.com\/gnv\/#\/schema\/person\/image\/\",\"url\":\"https:\/\/secure.gravatar.com\/avatar\/167bc03b8baf3c77318a47159f80871de6f5a6cbf4bc8b6af750fbc1a369d7bf?s=96&d=mm&r=g\",\"contentUrl\":\"https:\/\/secure.gravatar.com\/avatar\/167bc03b8baf3c77318a47159f80871de6f5a6cbf4bc8b6af750fbc1a369d7bf?s=96&d=mm&r=g\",\"caption\":\"Eyeng Obame\"},\"url\":\"https:\/\/gabonnouvellevision.com\/gnv\/author\/rufin\/\"}]}<\/script>\n<!-- \/ Yoast SEO plugin. -->","yoast_head_json":{"title":"Lancement officiel du processus \u00e9lectoral des l\u00e9gislatives et locales ce vendredi 11 juillet \u00e0 Libreville - Gabon Nouvelle Vision","robots":{"index":"index","follow":"follow","max-snippet":"max-snippet:-1","max-image-preview":"max-image-preview:large","max-video-preview":"max-video-preview:-1"},"canonical":"https:\/\/gabonnouvellevision.com\/gnv\/2025\/07\/11\/lancement-officiel-du-processus-electoral-des-legislatives-et-locales-ce-vendredi-11-juillet-a-libreville\/","og_locale":"fr_FR","og_type":"article","og_title":"Lancement officiel du processus \u00e9lectoral des l\u00e9gislatives et locales ce vendredi 11 juillet \u00e0 Libreville - Gabon Nouvelle Vision","og_description":"Le Ministre de l\u2019Int\u00e9rieur,Hermann Immongault, m\u00e9dite d\u00e9j\u00e0 sur le sort du processus \u00e9lectoral avenir au Gabon.Com.Minist\u00e8re de l\u2019int\u00e9rieur Le Ministre de l\u2019Int\u00e9rieur, de la S\u00e9curit\u00e9 et de la D\u00e9centralisation, Hermann Immongault, lance officiellement le processus \u00e9lectoral des l\u00e9gislatives et locales de septembre-octobre 2025 au Gabon, ce vendredi 11 juillet \u00e0 son Cabinet de travail du [&hellip;]","og_url":"https:\/\/gabonnouvellevision.com\/gnv\/2025\/07\/11\/lancement-officiel-du-processus-electoral-des-legislatives-et-locales-ce-vendredi-11-juillet-a-libreville\/","og_site_name":"Gabon Nouvelle Vision","article_publisher":"https:\/\/www.facebook.com\/GNVofficiel","article_published_time":"2025-07-11T10:31:00+00:00","article_modified_time":"2025-07-11T10:33:51+00:00","og_image":[{"width":2048,"height":1152,"url":"https:\/\/gabonnouvellevision.com\/gnv\/wp-content\/uploads\/2025\/07\/515436907_1033625618948677_7763761246670014437_n.jpg","type":"image\/jpeg"}],"author":"Eyeng Obame","twitter_card":"summary_large_image","twitter_misc":{"\u00c9crit par":"Eyeng Obame","Dur\u00e9e de lecture estim\u00e9e":"1 minute"},"schema":{"@context":"https:\/\/schema.org","@graph":[{"@type":"Article","@id":"https:\/\/gabonnouvellevision.com\/gnv\/2025\/07\/11\/lancement-officiel-du-processus-electoral-des-legislatives-et-locales-ce-vendredi-11-juillet-a-libreville\/#article","isPartOf":{"@id":"https:\/\/gabonnouvellevision.com\/gnv\/2025\/07\/11\/lancement-officiel-du-processus-electoral-des-legislatives-et-locales-ce-vendredi-11-juillet-a-libreville\/"},"author":{"name":"Eyeng Obame","@id":"https:\/\/gabonnouvellevision.com\/gnv\/#\/schema\/person\/4b48e07d222f83c0285affc3704bc899"},"headline":"Lancement officiel du processus \u00e9lectoral des l\u00e9gislatives et locales ce vendredi 11 juillet \u00e0 Libreville","datePublished":"2025-07-11T10:31:00+00:00","dateModified":"2025-07-11T10:33:51+00:00","mainEntityOfPage":{"@id":"https:\/\/gabonnouvellevision.com\/gnv\/2025\/07\/11\/lancement-officiel-du-processus-electoral-des-legislatives-et-locales-ce-vendredi-11-juillet-a-libreville\/"},"wordCount":138,"commentCount":0,"publisher":{"@id":"https:\/\/gabonnouvellevision.com\/gnv\/#organization"},"image":{"@id":"https:\/\/gabonnouvellevision.com\/gnv\/2025\/07\/11\/lancement-officiel-du-processus-electoral-des-legislatives-et-locales-ce-vendredi-11-juillet-a-libreville\/#primaryimage"},"thumbnailUrl":"https:\/\/gabonnouvellevision.com\/gnv\/wp-content\/uploads\/2025\/07\/515436907_1033625618948677_7763761246670014437_n.jpg","articleSection":["A la une","Actualites","Politique"],"inLanguage":"fr-FR","potentialAction":[{"@type":"CommentAction","name":"Comment","target":["https:\/\/gabonnouvellevision.com\/gnv\/2025\/07\/11\/lancement-officiel-du-processus-electoral-des-legislatives-et-locales-ce-vendredi-11-juillet-a-libreville\/#respond"]}]},{"@type":"WebPage","@id":"https:\/\/gabonnouvellevision.com\/gnv\/2025\/07\/11\/lancement-officiel-du-processus-electoral-des-legislatives-et-locales-ce-vendredi-11-juillet-a-libreville\/","url":"https:\/\/gabonnouvellevision.com\/gnv\/2025\/07\/11\/lancement-officiel-du-processus-electoral-des-legislatives-et-locales-ce-vendredi-11-juillet-a-libreville\/","name":"Lancement officiel du processus \u00e9lectoral des l\u00e9gislatives et locales ce vendredi 11 juillet \u00e0 Libreville - Gabon Nouvelle Vision","isPartOf":{"@id":"https:\/\/gabonnouvellevision.com\/gnv\/#website"},"primaryImageOfPage":{"@id":"https:\/\/gabonnouvellevision.com\/gnv\/2025\/07\/11\/lancement-officiel-du-processus-electoral-des-legislatives-et-locales-ce-vendredi-11-juillet-a-libreville\/#primaryimage"},"image":{"@id":"https:\/\/gabonnouvellevision.com\/gnv\/2025\/07\/11\/lancement-officiel-du-processus-electoral-des-legislatives-et-locales-ce-vendredi-11-juillet-a-libreville\/#primaryimage"},"thumbnailUrl":"https:\/\/gabonnouvellevision.com\/gnv\/wp-content\/uploads\/2025\/07\/515436907_1033625618948677_7763761246670014437_n.jpg","datePublished":"2025-07-11T10:31:00+00:00","dateModified":"2025-07-11T10:33:51+00:00","breadcrumb":{"@id":"https:\/\/gabonnouvellevision.com\/gnv\/2025\/07\/11\/lancement-officiel-du-processus-electoral-des-legislatives-et-locales-ce-vendredi-11-juillet-a-libreville\/#breadcrumb"},"inLanguage":"fr-FR","potentialAction":[{"@type":"ReadAction","target":["https:\/\/gabonnouvellevision.com\/gnv\/2025\/07\/11\/lancement-officiel-du-processus-electoral-des-legislatives-et-locales-ce-vendredi-11-juillet-a-libreville\/"]}]},{"@type":"ImageObject","inLanguage":"fr-FR","@id":"https:\/\/gabonnouvellevision.com\/gnv\/2025\/07\/11\/lancement-officiel-du-processus-electoral-des-legislatives-et-locales-ce-vendredi-11-juillet-a-libreville\/#primaryimage","url":"https:\/\/gabonnouvellevision.com\/gnv\/wp-content\/uploads\/2025\/07\/515436907_1033625618948677_7763761246670014437_n.jpg","contentUrl":"https:\/\/gabonnouvellevision.com\/gnv\/wp-content\/uploads\/2025\/07\/515436907_1033625618948677_7763761246670014437_n.jpg","width":2048,"height":1152},{"@type":"BreadcrumbList","@id":"https:\/\/gabonnouvellevision.com\/gnv\/2025\/07\/11\/lancement-officiel-du-processus-electoral-des-legislatives-et-locales-ce-vendredi-11-juillet-a-libreville\/#breadcrumb","itemListElement":[{"@type":"ListItem","position":1,"name":"Accueil","item":"https:\/\/gabonnouvellevision.com\/gnv\/"},{"@type":"ListItem","position":2,"name":"Lancement officiel du processus \u00e9lectoral des l\u00e9gislatives et locales ce vendredi 11 juillet \u00e0 Libreville"}]},{"@type":"WebSite","@id":"https:\/\/gabonnouvellevision.com\/gnv\/#website","url":"https:\/\/gabonnouvellevision.com\/gnv\/","name":"Gabon Nouvelle Vision","description":"","publisher":{"@id":"https:\/\/gabonnouvellevision.com\/gnv\/#organization"},"potentialAction":[{"@type":"SearchAction","target":{"@type":"EntryPoint","urlTemplate":"https:\/\/gabonnouvellevision.com\/gnv\/?s={search_term_string}"},"query-input":{"@type":"PropertyValueSpecification","valueRequired":true,"valueName":"search_term_string"}}],"inLanguage":"fr-FR"},{"@type":"Organization","@id":"https:\/\/gabonnouvellevision.com\/gnv\/#organization","name":"Gabon Nouvelle Vision","url":"https:\/\/gabonnouvellevision.com\/gnv\/","logo":{"@type":"ImageObject","inLanguage":"fr-FR","@id":"https:\/\/gabonnouvellevision.com\/gnv\/#\/schema\/logo\/image\/","url":"https:\/\/gabonnouvellevision.com\/gnv\/wp-content\/uploads\/2025\/01\/logo-text_Plan-de-travail-1.png","contentUrl":"https:\/\/gabonnouvellevision.com\/gnv\/wp-content\/uploads\/2025\/01\/logo-text_Plan-de-travail-1.png","width":7169,"height":2390,"caption":"Gabon Nouvelle Vision"},"image":{"@id":"https:\/\/gabonnouvellevision.com\/gnv\/#\/schema\/logo\/image\/"},"sameAs":["https:\/\/www.facebook.com\/GNVofficiel"]},{"@type":"Person","@id":"https:\/\/gabonnouvellevision.com\/gnv\/#\/schema\/person\/4b48e07d222f83c0285affc3704bc899","name":"Eyeng Obame","image":{"@type":"ImageObject","inLanguage":"fr-FR","@id":"https:\/\/gabonnouvellevision.com\/gnv\/#\/schema\/person\/image\/","url":"https:\/\/secure.gravatar.com\/avatar\/167bc03b8baf3c77318a47159f80871de6f5a6cbf4bc8b6af750fbc1a369d7bf?s=96&d=mm&r=g","contentUrl":"https:\/\/secure.gravatar.com\/avatar\/167bc03b8baf3c77318a47159f80871de6f5a6cbf4bc8b6af750fbc1a369d7bf?s=96&d=mm&r=g","caption":"Eyeng Obame"},"url":"https:\/\/gabonnouvellevision.com\/gnv\/author\/rufin\/"}]}},"_links":{"self":[{"href":"https:\/\/gabonnouvellevision.com\/gnv\/wp-json\/wp\/v2\/posts\/24101","targetHints":{"allow":["GET"]}}],"collection":[{"href":"https:\/\/gabonnouvellevision.com\/gnv\/wp-json\/wp\/v2\/posts"}],"about":[{"href":"https:\/\/gabonnouvellevision.com\/gnv\/wp-json\/wp\/v2\/types\/post"}],"author":[{"embeddable":true,"href":"https:\/\/gabonnouvellevision.com\/gnv\/wp-json\/wp\/v2\/users\/7"}],"replies":[{"embeddable":true,"href":"https:\/\/gabonnouvellevision.com\/gnv\/wp-json\/wp\/v2\/comments?post=24101"}],"version-history":[{"count":1,"href":"https:\/\/gabonnouvellevision.com\/gnv\/wp-json\/wp\/v2\/posts\/24101\/revisions"}],"predecessor-version":[{"id":24102,"href":"https:\/\/gabonnouvellevision.com\/gnv\/wp-json\/wp\/v2\/posts\/24101\/revisions\/24102"}],"wp:featuredmedia":[{"embeddable":true,"href":"https:\/\/gabonnouvellevision.com\/gnv\/wp-json\/wp\/v2\/media\/24103"}],"wp:attachment":[{"href":"https:\/\/gabonnouvellevision.com\/gnv\/wp-json\/wp\/v2\/media?parent=24101"}],"wp:term":[{"taxonomy":"category","embeddable":true,"href":"https:\/\/gabonnouvellevision.com\/gnv\/wp-json\/wp\/v2\/categories?post=24101"},{"taxonomy":"post_tag","embeddable":true,"href":"https:\/\/gabonnouvellevision.com\/gnv\/wp-json\/wp\/v2\/tags?post=24101"}],"curies":[{"name":"wp","href":"https:\/\/api.w.org\/{rel}","templated":true}]}}