{"id":2408,"date":"2022-11-07T14:54:18","date_gmt":"2022-11-07T13:54:18","guid":{"rendered":"https:\/\/gabonnouvellevision.com\/?p=2408"},"modified":"2022-11-07T14:54:18","modified_gmt":"2022-11-07T13:54:18","slug":"climat-ali-bongo-annonce-un-sommet-a-libreville-en-mars-2023-avec-emmanuel-macron","status":"publish","type":"post","link":"https:\/\/gabonnouvellevision.com\/gnv\/2022\/11\/07\/climat-ali-bongo-annonce-un-sommet-a-libreville-en-mars-2023-avec-emmanuel-macron\/","title":{"rendered":"Climat : Ali Bongo annonce un sommet \u00e0 Libreville, en mars 2023, avec Emmanuel Macron"},"content":{"rendered":"\n<p><strong><em>Ce lundi dans la ville baln\u00e9aire \u00e9gyptienne qui accueille la Cop27, le pr\u00e9sident gabonais a annonc\u00e9 la tenue \u00e0 Libreville, en mars 2023, d\u2019un sommet des chefs d\u2019\u00c9tat sur les questions d\u2019environnement et des changements climatiques initi\u00e9 en partenariat avec la France.<\/em><\/strong><\/p>\n\n\n\n<p>Libreville accueillera en mars 2023 un sommet international sur l\u2019environnement. L\u2019annonce a \u00e9t\u00e9 faite ce lundi 7 novembre par Ali Bongo, qui prend part au sommet des chefs d\u2019Etats de la Cop27 \u00e0 Charm el-Cheikh, en \u00c9gypte. Plusieurs dirigeants seront pr\u00e9sents lors de cette rencontre de haut niveau, parmi lesquels Emmanuel Macron.<\/p>\n\n\n\n<p>Organis\u00e9 quatre mois apr\u00e8s la Cop27, ce sommet est une initiative conjointe du Gabon et de la France, alors que la mat\u00e9rialisation des promesses de Paris reste vivement attendue. Celui-ci, pr\u00e9cise Ali Bongo, est un&nbsp;<em>\u00abPartenariat pour la conservation positive\u00bb<\/em>. Il s\u2019agit pour les deux pays, poursuit-il sur Twitter, d\u2019\u00ab<em>agir ensemble pour le&nbsp;climat&nbsp;et la&nbsp;biodiversit\u00e9<\/em>\u00bb.&nbsp;<\/p>\n","protected":false},"excerpt":{"rendered":"<p>Ce lundi dans la ville baln\u00e9aire \u00e9gyptienne qui accueille la Cop27, le pr\u00e9sident gabonais a annonc\u00e9 la tenue \u00e0 Libreville, en mars 2023, d\u2019un sommet des chefs d\u2019\u00c9tat sur les questions d\u2019environnement et des changements climatiques initi\u00e9 en partenariat avec la France. Libreville accueillera en mars 2023 un sommet international sur l\u2019environnement. L\u2019annonce a \u00e9t\u00e9 [&hellip;]<\/p>\n","protected":false},"author":3,"featured_media":2410,"comment_status":"open","ping_status":"open","sticky":false,"template":"","format":"standard","meta":{"footnotes":""},"categories":[59],"tags":[],"class_list":["post-2408","post","type-post","status-publish","format-standard","has-post-thumbnail","hentry","category-politique"],"yoast_head":"<!-- This site is optimized with the Yoast SEO plugin v24.2 - https:\/\/yoast.com\/wordpress\/plugins\/seo\/ -->\n<title>Climat : Ali Bongo annonce un sommet \u00e0 Libreville, en mars 2023, avec Emmanuel Macron - Gabon Nouvelle Vision<\/title>\n<meta name=\"robots\" content=\"index, follow, max-snippet:-1, max-image-preview:large, max-video-preview:-1\" \/>\n<link rel=\"canonical\" href=\"https:\/\/gabonnouvellevision.com\/gnv\/2022\/11\/07\/climat-ali-bongo-annonce-un-sommet-a-libreville-en-mars-2023-avec-emmanuel-macron\/\" \/>\n<meta property=\"og:locale\" content=\"fr_FR\" \/>\n<meta property=\"og:type\" content=\"article\" \/>\n<meta property=\"og:title\" content=\"Climat : Ali Bongo annonce un sommet \u00e0 Libreville, en mars 2023, avec Emmanuel Macron - Gabon Nouvelle Vision\" \/>\n<meta property=\"og:description\" content=\"Ce lundi dans la ville baln\u00e9aire \u00e9gyptienne qui accueille la Cop27, le pr\u00e9sident gabonais a annonc\u00e9 la tenue \u00e0 Libreville, en mars 2023, d\u2019un sommet des chefs d\u2019\u00c9tat sur les questions d\u2019environnement et des changements climatiques initi\u00e9 en partenariat avec la France. Libreville accueillera en mars 2023 un sommet international sur l\u2019environnement. L\u2019annonce a \u00e9t\u00e9 [&hellip;]\" \/>\n<meta property=\"og:url\" content=\"https:\/\/gabonnouvellevision.com\/gnv\/2022\/11\/07\/climat-ali-bongo-annonce-un-sommet-a-libreville-en-mars-2023-avec-emmanuel-macron\/\" \/>\n<meta property=\"og:site_name\" content=\"Gabon Nouvelle Vision\" \/>\n<meta property=\"article:publisher\" content=\"https:\/\/www.facebook.com\/GNVofficiel\" \/>\n<meta property=\"article:published_time\" content=\"2022-11-07T13:54:18+00:00\" \/>\n<meta name=\"author\" content=\"Rex Communication\" \/>\n<meta name=\"twitter:card\" content=\"summary_large_image\" \/>\n<meta name=\"twitter:label1\" content=\"\u00c9crit par\" \/>\n\t<meta name=\"twitter:data1\" content=\"Rex Communication\" \/>\n\t<meta name=\"twitter:label2\" content=\"Dur\u00e9e de lecture estim\u00e9e\" \/>\n\t<meta name=\"twitter:data2\" content=\"1 minute\" \/>\n<script type=\"application\/ld+json\" class=\"yoast-schema-graph\">{\"@context\":\"https:\/\/schema.org\",\"@graph\":[{\"@type\":\"Article\",\"@id\":\"https:\/\/gabonnouvellevision.com\/gnv\/2022\/11\/07\/climat-ali-bongo-annonce-un-sommet-a-libreville-en-mars-2023-avec-emmanuel-macron\/#article\",\"isPartOf\":{\"@id\":\"https:\/\/gabonnouvellevision.com\/gnv\/2022\/11\/07\/climat-ali-bongo-annonce-un-sommet-a-libreville-en-mars-2023-avec-emmanuel-macron\/\"},\"author\":{\"name\":\"Rex Communication\",\"@id\":\"https:\/\/gabonnouvellevision.com\/gnv\/#\/schema\/person\/44e1d290fa4ef4b08ea18b5798d0f97f\"},\"headline\":\"Climat : Ali Bongo annonce un sommet \u00e0 Libreville, en mars 2023, avec Emmanuel Macron\",\"datePublished\":\"2022-11-07T13:54:18+00:00\",\"dateModified\":\"2022-11-07T13:54:18+00:00\",\"mainEntityOfPage\":{\"@id\":\"https:\/\/gabonnouvellevision.com\/gnv\/2022\/11\/07\/climat-ali-bongo-annonce-un-sommet-a-libreville-en-mars-2023-avec-emmanuel-macron\/\"},\"wordCount\":177,\"commentCount\":0,\"publisher\":{\"@id\":\"https:\/\/gabonnouvellevision.com\/gnv\/#organization\"},\"image\":{\"@id\":\"https:\/\/gabonnouvellevision.com\/gnv\/2022\/11\/07\/climat-ali-bongo-annonce-un-sommet-a-libreville-en-mars-2023-avec-emmanuel-macron\/#primaryimage\"},\"thumbnailUrl\":\"\",\"articleSection\":[\"Politique\"],\"inLanguage\":\"fr-FR\",\"potentialAction\":[{\"@type\":\"CommentAction\",\"name\":\"Comment\",\"target\":[\"https:\/\/gabonnouvellevision.com\/gnv\/2022\/11\/07\/climat-ali-bongo-annonce-un-sommet-a-libreville-en-mars-2023-avec-emmanuel-macron\/#respond\"]}]},{\"@type\":\"WebPage\",\"@id\":\"https:\/\/gabonnouvellevision.com\/gnv\/2022\/11\/07\/climat-ali-bongo-annonce-un-sommet-a-libreville-en-mars-2023-avec-emmanuel-macron\/\",\"url\":\"https:\/\/gabonnouvellevision.com\/gnv\/2022\/11\/07\/climat-ali-bongo-annonce-un-sommet-a-libreville-en-mars-2023-avec-emmanuel-macron\/\",\"name\":\"Climat : Ali Bongo annonce un sommet \u00e0 Libreville, en mars 2023, avec Emmanuel Macron - Gabon Nouvelle Vision\",\"isPartOf\":{\"@id\":\"https:\/\/gabonnouvellevision.com\/gnv\/#website\"},\"primaryImageOfPage\":{\"@id\":\"https:\/\/gabonnouvellevision.com\/gnv\/2022\/11\/07\/climat-ali-bongo-annonce-un-sommet-a-libreville-en-mars-2023-avec-emmanuel-macron\/#primaryimage\"},\"image\":{\"@id\":\"https:\/\/gabonnouvellevision.com\/gnv\/2022\/11\/07\/climat-ali-bongo-annonce-un-sommet-a-libreville-en-mars-2023-avec-emmanuel-macron\/#primaryimage\"},\"thumbnailUrl\":\"\",\"datePublished\":\"2022-11-07T13:54:18+00:00\",\"dateModified\":\"2022-11-07T13:54:18+00:00\",\"breadcrumb\":{\"@id\":\"https:\/\/gabonnouvellevision.com\/gnv\/2022\/11\/07\/climat-ali-bongo-annonce-un-sommet-a-libreville-en-mars-2023-avec-emmanuel-macron\/#breadcrumb\"},\"inLanguage\":\"fr-FR\",\"potentialAction\":[{\"@type\":\"ReadAction\",\"target\":[\"https:\/\/gabonnouvellevision.com\/gnv\/2022\/11\/07\/climat-ali-bongo-annonce-un-sommet-a-libreville-en-mars-2023-avec-emmanuel-macron\/\"]}]},{\"@type\":\"ImageObject\",\"inLanguage\":\"fr-FR\",\"@id\":\"https:\/\/gabonnouvellevision.com\/gnv\/2022\/11\/07\/climat-ali-bongo-annonce-un-sommet-a-libreville-en-mars-2023-avec-emmanuel-macron\/#primaryimage\",\"url\":\"\",\"contentUrl\":\"\"},{\"@type\":\"BreadcrumbList\",\"@id\":\"https:\/\/gabonnouvellevision.com\/gnv\/2022\/11\/07\/climat-ali-bongo-annonce-un-sommet-a-libreville-en-mars-2023-avec-emmanuel-macron\/#breadcrumb\",\"itemListElement\":[{\"@type\":\"ListItem\",\"position\":1,\"name\":\"Accueil\",\"item\":\"https:\/\/gabonnouvellevision.com\/gnv\/\"},{\"@type\":\"ListItem\",\"position\":2,\"name\":\"Climat : Ali Bongo annonce un sommet \u00e0 Libreville, en mars 2023, avec Emmanuel Macron\"}]},{\"@type\":\"WebSite\",\"@id\":\"https:\/\/gabonnouvellevision.com\/gnv\/#website\",\"url\":\"https:\/\/gabonnouvellevision.com\/gnv\/\",\"name\":\"Gabon Nouvelle Vision\",\"description\":\"\",\"publisher\":{\"@id\":\"https:\/\/gabonnouvellevision.com\/gnv\/#organization\"},\"potentialAction\":[{\"@type\":\"SearchAction\",\"target\":{\"@type\":\"EntryPoint\",\"urlTemplate\":\"https:\/\/gabonnouvellevision.com\/gnv\/?s={search_term_string}\"},\"query-input\":{\"@type\":\"PropertyValueSpecification\",\"valueRequired\":true,\"valueName\":\"search_term_string\"}}],\"inLanguage\":\"fr-FR\"},{\"@type\":\"Organization\",\"@id\":\"https:\/\/gabonnouvellevision.com\/gnv\/#organization\",\"name\":\"Gabon Nouvelle Vision\",\"url\":\"https:\/\/gabonnouvellevision.com\/gnv\/\",\"logo\":{\"@type\":\"ImageObject\",\"inLanguage\":\"fr-FR\",\"@id\":\"https:\/\/gabonnouvellevision.com\/gnv\/#\/schema\/logo\/image\/\",\"url\":\"https:\/\/gabonnouvellevision.com\/gnv\/wp-content\/uploads\/2025\/01\/logo-text_Plan-de-travail-1.png\",\"contentUrl\":\"https:\/\/gabonnouvellevision.com\/gnv\/wp-content\/uploads\/2025\/01\/logo-text_Plan-de-travail-1.png\",\"width\":7169,\"height\":2390,\"caption\":\"Gabon Nouvelle Vision\"},\"image\":{\"@id\":\"https:\/\/gabonnouvellevision.com\/gnv\/#\/schema\/logo\/image\/\"},\"sameAs\":[\"https:\/\/www.facebook.com\/GNVofficiel\"]},{\"@type\":\"Person\",\"@id\":\"https:\/\/gabonnouvellevision.com\/gnv\/#\/schema\/person\/44e1d290fa4ef4b08ea18b5798d0f97f\",\"name\":\"Rex Communication\",\"image\":{\"@type\":\"ImageObject\",\"inLanguage\":\"fr-FR\",\"@id\":\"https:\/\/gabonnouvellevision.com\/gnv\/#\/schema\/person\/image\/\",\"url\":\"https:\/\/secure.gravatar.com\/avatar\/bb34f83e4c4e8ecbde60062fb09014459ee26f4bbea0de5f3e5642868b326627?s=96&d=mm&r=g\",\"contentUrl\":\"https:\/\/secure.gravatar.com\/avatar\/bb34f83e4c4e8ecbde60062fb09014459ee26f4bbea0de5f3e5642868b326627?s=96&d=mm&r=g\",\"caption\":\"Rex Communication\"},\"url\":\"https:\/\/gabonnouvellevision.com\/gnv\/author\/admm-rexcommunication-com\/\"}]}<\/script>\n<!-- \/ Yoast SEO plugin. -->","yoast_head_json":{"title":"Climat : Ali Bongo annonce un sommet \u00e0 Libreville, en mars 2023, avec Emmanuel Macron - Gabon Nouvelle Vision","robots":{"index":"index","follow":"follow","max-snippet":"max-snippet:-1","max-image-preview":"max-image-preview:large","max-video-preview":"max-video-preview:-1"},"canonical":"https:\/\/gabonnouvellevision.com\/gnv\/2022\/11\/07\/climat-ali-bongo-annonce-un-sommet-a-libreville-en-mars-2023-avec-emmanuel-macron\/","og_locale":"fr_FR","og_type":"article","og_title":"Climat : Ali Bongo annonce un sommet \u00e0 Libreville, en mars 2023, avec Emmanuel Macron - Gabon Nouvelle Vision","og_description":"Ce lundi dans la ville baln\u00e9aire \u00e9gyptienne qui accueille la Cop27, le pr\u00e9sident gabonais a annonc\u00e9 la tenue \u00e0 Libreville, en mars 2023, d\u2019un sommet des chefs d\u2019\u00c9tat sur les questions d\u2019environnement et des changements climatiques initi\u00e9 en partenariat avec la France. Libreville accueillera en mars 2023 un sommet international sur l\u2019environnement. L\u2019annonce a \u00e9t\u00e9 [&hellip;]","og_url":"https:\/\/gabonnouvellevision.com\/gnv\/2022\/11\/07\/climat-ali-bongo-annonce-un-sommet-a-libreville-en-mars-2023-avec-emmanuel-macron\/","og_site_name":"Gabon Nouvelle Vision","article_publisher":"https:\/\/www.facebook.com\/GNVofficiel","article_published_time":"2022-11-07T13:54:18+00:00","author":"Rex Communication","twitter_card":"summary_large_image","twitter_misc":{"\u00c9crit par":"Rex Communication","Dur\u00e9e de lecture estim\u00e9e":"1 minute"},"schema":{"@context":"https:\/\/schema.org","@graph":[{"@type":"Article","@id":"https:\/\/gabonnouvellevision.com\/gnv\/2022\/11\/07\/climat-ali-bongo-annonce-un-sommet-a-libreville-en-mars-2023-avec-emmanuel-macron\/#article","isPartOf":{"@id":"https:\/\/gabonnouvellevision.com\/gnv\/2022\/11\/07\/climat-ali-bongo-annonce-un-sommet-a-libreville-en-mars-2023-avec-emmanuel-macron\/"},"author":{"name":"Rex Communication","@id":"https:\/\/gabonnouvellevision.com\/gnv\/#\/schema\/person\/44e1d290fa4ef4b08ea18b5798d0f97f"},"headline":"Climat : Ali Bongo annonce un sommet \u00e0 Libreville, en mars 2023, avec Emmanuel Macron","datePublished":"2022-11-07T13:54:18+00:00","dateModified":"2022-11-07T13:54:18+00:00","mainEntityOfPage":{"@id":"https:\/\/gabonnouvellevision.com\/gnv\/2022\/11\/07\/climat-ali-bongo-annonce-un-sommet-a-libreville-en-mars-2023-avec-emmanuel-macron\/"},"wordCount":177,"commentCount":0,"publisher":{"@id":"https:\/\/gabonnouvellevision.com\/gnv\/#organization"},"image":{"@id":"https:\/\/gabonnouvellevision.com\/gnv\/2022\/11\/07\/climat-ali-bongo-annonce-un-sommet-a-libreville-en-mars-2023-avec-emmanuel-macron\/#primaryimage"},"thumbnailUrl":"","articleSection":["Politique"],"inLanguage":"fr-FR","potentialAction":[{"@type":"CommentAction","name":"Comment","target":["https:\/\/gabonnouvellevision.com\/gnv\/2022\/11\/07\/climat-ali-bongo-annonce-un-sommet-a-libreville-en-mars-2023-avec-emmanuel-macron\/#respond"]}]},{"@type":"WebPage","@id":"https:\/\/gabonnouvellevision.com\/gnv\/2022\/11\/07\/climat-ali-bongo-annonce-un-sommet-a-libreville-en-mars-2023-avec-emmanuel-macron\/","url":"https:\/\/gabonnouvellevision.com\/gnv\/2022\/11\/07\/climat-ali-bongo-annonce-un-sommet-a-libreville-en-mars-2023-avec-emmanuel-macron\/","name":"Climat : Ali Bongo annonce un sommet \u00e0 Libreville, en mars 2023, avec Emmanuel Macron - Gabon Nouvelle Vision","isPartOf":{"@id":"https:\/\/gabonnouvellevision.com\/gnv\/#website"},"primaryImageOfPage":{"@id":"https:\/\/gabonnouvellevision.com\/gnv\/2022\/11\/07\/climat-ali-bongo-annonce-un-sommet-a-libreville-en-mars-2023-avec-emmanuel-macron\/#primaryimage"},"image":{"@id":"https:\/\/gabonnouvellevision.com\/gnv\/2022\/11\/07\/climat-ali-bongo-annonce-un-sommet-a-libreville-en-mars-2023-avec-emmanuel-macron\/#primaryimage"},"thumbnailUrl":"","datePublished":"2022-11-07T13:54:18+00:00","dateModified":"2022-11-07T13:54:18+00:00","breadcrumb":{"@id":"https:\/\/gabonnouvellevision.com\/gnv\/2022\/11\/07\/climat-ali-bongo-annonce-un-sommet-a-libreville-en-mars-2023-avec-emmanuel-macron\/#breadcrumb"},"inLanguage":"fr-FR","potentialAction":[{"@type":"ReadAction","target":["https:\/\/gabonnouvellevision.com\/gnv\/2022\/11\/07\/climat-ali-bongo-annonce-un-sommet-a-libreville-en-mars-2023-avec-emmanuel-macron\/"]}]},{"@type":"ImageObject","inLanguage":"fr-FR","@id":"https:\/\/gabonnouvellevision.com\/gnv\/2022\/11\/07\/climat-ali-bongo-annonce-un-sommet-a-libreville-en-mars-2023-avec-emmanuel-macron\/#primaryimage","url":"","contentUrl":""},{"@type":"BreadcrumbList","@id":"https:\/\/gabonnouvellevision.com\/gnv\/2022\/11\/07\/climat-ali-bongo-annonce-un-sommet-a-libreville-en-mars-2023-avec-emmanuel-macron\/#breadcrumb","itemListElement":[{"@type":"ListItem","position":1,"name":"Accueil","item":"https:\/\/gabonnouvellevision.com\/gnv\/"},{"@type":"ListItem","position":2,"name":"Climat : Ali Bongo annonce un sommet \u00e0 Libreville, en mars 2023, avec Emmanuel Macron"}]},{"@type":"WebSite","@id":"https:\/\/gabonnouvellevision.com\/gnv\/#website","url":"https:\/\/gabonnouvellevision.com\/gnv\/","name":"Gabon Nouvelle Vision","description":"","publisher":{"@id":"https:\/\/gabonnouvellevision.com\/gnv\/#organization"},"potentialAction":[{"@type":"SearchAction","target":{"@type":"EntryPoint","urlTemplate":"https:\/\/gabonnouvellevision.com\/gnv\/?s={search_term_string}"},"query-input":{"@type":"PropertyValueSpecification","valueRequired":true,"valueName":"search_term_string"}}],"inLanguage":"fr-FR"},{"@type":"Organization","@id":"https:\/\/gabonnouvellevision.com\/gnv\/#organization","name":"Gabon Nouvelle Vision","url":"https:\/\/gabonnouvellevision.com\/gnv\/","logo":{"@type":"ImageObject","inLanguage":"fr-FR","@id":"https:\/\/gabonnouvellevision.com\/gnv\/#\/schema\/logo\/image\/","url":"https:\/\/gabonnouvellevision.com\/gnv\/wp-content\/uploads\/2025\/01\/logo-text_Plan-de-travail-1.png","contentUrl":"https:\/\/gabonnouvellevision.com\/gnv\/wp-content\/uploads\/2025\/01\/logo-text_Plan-de-travail-1.png","width":7169,"height":2390,"caption":"Gabon Nouvelle Vision"},"image":{"@id":"https:\/\/gabonnouvellevision.com\/gnv\/#\/schema\/logo\/image\/"},"sameAs":["https:\/\/www.facebook.com\/GNVofficiel"]},{"@type":"Person","@id":"https:\/\/gabonnouvellevision.com\/gnv\/#\/schema\/person\/44e1d290fa4ef4b08ea18b5798d0f97f","name":"Rex Communication","image":{"@type":"ImageObject","inLanguage":"fr-FR","@id":"https:\/\/gabonnouvellevision.com\/gnv\/#\/schema\/person\/image\/","url":"https:\/\/secure.gravatar.com\/avatar\/bb34f83e4c4e8ecbde60062fb09014459ee26f4bbea0de5f3e5642868b326627?s=96&d=mm&r=g","contentUrl":"https:\/\/secure.gravatar.com\/avatar\/bb34f83e4c4e8ecbde60062fb09014459ee26f4bbea0de5f3e5642868b326627?s=96&d=mm&r=g","caption":"Rex Communication"},"url":"https:\/\/gabonnouvellevision.com\/gnv\/author\/admm-rexcommunication-com\/"}]}},"_links":{"self":[{"href":"https:\/\/gabonnouvellevision.com\/gnv\/wp-json\/wp\/v2\/posts\/2408","targetHints":{"allow":["GET"]}}],"collection":[{"href":"https:\/\/gabonnouvellevision.com\/gnv\/wp-json\/wp\/v2\/posts"}],"about":[{"href":"https:\/\/gabonnouvellevision.com\/gnv\/wp-json\/wp\/v2\/types\/post"}],"author":[{"embeddable":true,"href":"https:\/\/gabonnouvellevision.com\/gnv\/wp-json\/wp\/v2\/users\/3"}],"replies":[{"embeddable":true,"href":"https:\/\/gabonnouvellevision.com\/gnv\/wp-json\/wp\/v2\/comments?post=2408"}],"version-history":[{"count":0,"href":"https:\/\/gabonnouvellevision.com\/gnv\/wp-json\/wp\/v2\/posts\/2408\/revisions"}],"wp:featuredmedia":[{"embeddable":true,"href":"https:\/\/gabonnouvellevision.com\/gnv\/wp-json\/"}],"wp:attachment":[{"href":"https:\/\/gabonnouvellevision.com\/gnv\/wp-json\/wp\/v2\/media?parent=2408"}],"wp:term":[{"taxonomy":"category","embeddable":true,"href":"https:\/\/gabonnouvellevision.com\/gnv\/wp-json\/wp\/v2\/categories?post=2408"},{"taxonomy":"post_tag","embeddable":true,"href":"https:\/\/gabonnouvellevision.com\/gnv\/wp-json\/wp\/v2\/tags?post=2408"}],"curies":[{"name":"wp","href":"https:\/\/api.w.org\/{rel}","templated":true}]}}