{"id":24076,"date":"2025-07-03T11:34:00","date_gmt":"2025-07-03T09:34:00","guid":{"rendered":"https:\/\/gabonnouvellevision.com\/gnv\/?p=24076"},"modified":"2025-07-03T11:36:40","modified_gmt":"2025-07-03T09:36:40","slug":"sommet-usa-afrique-2025-le-president-oligui-nguema-dans-le-quinte-des-grands-invites-de-donald-trump","status":"publish","type":"post","link":"https:\/\/gabonnouvellevision.com\/gnv\/2025\/07\/03\/sommet-usa-afrique-2025-le-president-oligui-nguema-dans-le-quinte-des-grands-invites-de-donald-trump\/","title":{"rendered":"Sommet USA-Afrique 2025\u00a0: Le Pr\u00e9sident Oligui Nguema dans le Quint\u00e9 des Grands invit\u00e9s de Donald Trump"},"content":{"rendered":"\n<p><strong>Le Pr\u00e9sident Brice Clotaire Oligui Nguema<\/strong>,&nbsp;<strong>lors de son investiture le 03 mai dernier au stade d\u2019Angondj\u00e9.Archives-Com. pr\u00e9sidentielle<\/strong><\/p>\n\n\n\n<p><em><strong>Le Pr\u00e9sident Gabonais, Brice Clotaire Oligui Nguema, vient d\u2019\u00eatre invit\u00e9 officiellement par le Pr\u00e9sident Am\u00e9ricain, Donald Trump, au sommet USA-Afrique qui se tiendra du 09-11 juillet prochain \u00e0 Washington. Seuls, 5 Chefs d\u2019Etats africains tri\u00e9s sur le volet par l\u2019administration Trump, prendront part \u00e0 cette rencontre hautement strat\u00e9gique devant red\u00e9finir les relations de coop\u00e9ration multiformes du continent africain avec le pays de l\u2019oncle Sam<\/strong><\/em><strong>.<\/strong><\/p>\n\n\n\n<p>Pour le&nbsp;<strong>sommet USA-AFRIQUE 2025<\/strong>, le Pr\u00e9sident Am\u00e9ricain, Donald Trump, a d\u00e9cid\u00e9 cette ann\u00e9e de n\u2019inviter que cinq Chefs d\u2019Etats Africains en lieu et place de la cinquantaine habituelle dont le Gabonais, Brice Clotaire Oligui Nguema, pour sa gouvernance exemplaire du pays depuis bient\u00f4t deux ans. Un mod\u00e8le d\u2019exemplarit\u00e9 \u00e0 encourager selon la Maison Blanche.<\/p>\n\n\n\n<p>Outre le Pr\u00e9sident Gabonais, Brice Clotaire Oligui Nguema, y sont attendus, Bassirou Diomaye Faye du S\u00e9n\u00e9gal, Umaro Sissoco Embalo de Guin\u00e9e-Bissau, Mohamed Ould Ghazouani de Mauritanie, et Joseph Boakai du Lib\u00e9ria.<\/p>\n\n\n\n<p>Ce sommet devra mettre un accent particulier sur les opportunit\u00e9s commerciales et les partenariats strat\u00e9giques gagnant-gagnant pour tirer le continent africain vers le haut plut\u00f4t que sur l\u2019aide au d\u00e9veloppement aux lendemains incertains.<\/p>\n\n\n\n<p>Et pour mieux vendre la destination Gabon au cours de ce sommet hautement strat\u00e9gique pour l\u2019avenir du pays, le Pr\u00e9sident Gabonais devrait quitter Libreville ce lundi 07 juillet pour Washington.<\/p>\n\n\n\n<p>Un choix in\u00e9dit port\u00e9 sur le Pr\u00e9sident Gabonais Brice Clotaire Oligui Nguema, qui prouve \u00e0 suffisance sur le plan national et international que le bateau Gabon navigue dans la bonne direction en d\u00e9pit de quelques \u00e9cueils \u00e0 gommer \u00e0 court-moyen-et long terme.<\/p>\n\n\n\n<p><strong>Rufin Martial Oke Nze<\/strong><\/p>\n","protected":false},"excerpt":{"rendered":"<p>Le Pr\u00e9sident Brice Clotaire Oligui Nguema,&nbsp;lors de son investiture le 03 mai dernier au stade d\u2019Angondj\u00e9.Archives-Com. pr\u00e9sidentielle Le Pr\u00e9sident Gabonais, Brice Clotaire Oligui Nguema, vient d\u2019\u00eatre invit\u00e9 officiellement par le Pr\u00e9sident Am\u00e9ricain, Donald Trump, au sommet USA-Afrique qui se tiendra du 09-11 juillet prochain \u00e0 Washington. Seuls, 5 Chefs d\u2019Etats africains tri\u00e9s sur le volet [&hellip;]<\/p>\n","protected":false},"author":7,"featured_media":24077,"comment_status":"open","ping_status":"open","sticky":false,"template":"","format":"standard","meta":{"footnotes":""},"categories":[57,55,66,65],"tags":[],"class_list":["post-24076","post","type-post","status-publish","format-standard","has-post-thumbnail","hentry","category-a-la-une","category-actualites","category-diplomatie","category-politique-podcasts"],"yoast_head":"<!-- This site is optimized with the Yoast SEO plugin v24.2 - https:\/\/yoast.com\/wordpress\/plugins\/seo\/ -->\n<title>Sommet USA-Afrique 2025\u00a0: Le Pr\u00e9sident Oligui Nguema dans le Quint\u00e9 des Grands invit\u00e9s de Donald Trump - Gabon Nouvelle Vision<\/title>\n<meta name=\"robots\" content=\"index, follow, max-snippet:-1, max-image-preview:large, max-video-preview:-1\" \/>\n<link rel=\"canonical\" href=\"https:\/\/gabonnouvellevision.com\/gnv\/2025\/07\/03\/sommet-usa-afrique-2025-le-president-oligui-nguema-dans-le-quinte-des-grands-invites-de-donald-trump\/\" \/>\n<meta property=\"og:locale\" content=\"fr_FR\" \/>\n<meta property=\"og:type\" content=\"article\" \/>\n<meta property=\"og:title\" content=\"Sommet USA-Afrique 2025\u00a0: Le Pr\u00e9sident Oligui Nguema dans le Quint\u00e9 des Grands invit\u00e9s de Donald Trump - Gabon Nouvelle Vision\" \/>\n<meta property=\"og:description\" content=\"Le Pr\u00e9sident Brice Clotaire Oligui Nguema,&nbsp;lors de son investiture le 03 mai dernier au stade d\u2019Angondj\u00e9.Archives-Com. pr\u00e9sidentielle Le Pr\u00e9sident Gabonais, Brice Clotaire Oligui Nguema, vient d\u2019\u00eatre invit\u00e9 officiellement par le Pr\u00e9sident Am\u00e9ricain, Donald Trump, au sommet USA-Afrique qui se tiendra du 09-11 juillet prochain \u00e0 Washington. Seuls, 5 Chefs d\u2019Etats africains tri\u00e9s sur le volet [&hellip;]\" \/>\n<meta property=\"og:url\" content=\"https:\/\/gabonnouvellevision.com\/gnv\/2025\/07\/03\/sommet-usa-afrique-2025-le-president-oligui-nguema-dans-le-quinte-des-grands-invites-de-donald-trump\/\" \/>\n<meta property=\"og:site_name\" content=\"Gabon Nouvelle Vision\" \/>\n<meta property=\"article:publisher\" content=\"https:\/\/www.facebook.com\/GNVofficiel\" \/>\n<meta property=\"article:published_time\" content=\"2025-07-03T09:34:00+00:00\" \/>\n<meta property=\"article:modified_time\" content=\"2025-07-03T09:36:40+00:00\" \/>\n<meta property=\"og:image\" content=\"https:\/\/gabonnouvellevision.com\/gnv\/wp-content\/uploads\/2025\/07\/494533468_122250672860025336_3482446941681548286_n.jpg\" \/>\n\t<meta property=\"og:image:width\" content=\"595\" \/>\n\t<meta property=\"og:image:height\" content=\"395\" \/>\n\t<meta property=\"og:image:type\" content=\"image\/jpeg\" \/>\n<meta name=\"author\" content=\"Eyeng Obame\" \/>\n<meta name=\"twitter:card\" content=\"summary_large_image\" \/>\n<meta name=\"twitter:label1\" content=\"\u00c9crit par\" \/>\n\t<meta name=\"twitter:data1\" content=\"Eyeng Obame\" \/>\n\t<meta name=\"twitter:label2\" content=\"Dur\u00e9e de lecture estim\u00e9e\" \/>\n\t<meta name=\"twitter:data2\" content=\"2 minutes\" \/>\n<script type=\"application\/ld+json\" class=\"yoast-schema-graph\">{\"@context\":\"https:\/\/schema.org\",\"@graph\":[{\"@type\":\"Article\",\"@id\":\"https:\/\/gabonnouvellevision.com\/gnv\/2025\/07\/03\/sommet-usa-afrique-2025-le-president-oligui-nguema-dans-le-quinte-des-grands-invites-de-donald-trump\/#article\",\"isPartOf\":{\"@id\":\"https:\/\/gabonnouvellevision.com\/gnv\/2025\/07\/03\/sommet-usa-afrique-2025-le-president-oligui-nguema-dans-le-quinte-des-grands-invites-de-donald-trump\/\"},\"author\":{\"name\":\"Eyeng Obame\",\"@id\":\"https:\/\/gabonnouvellevision.com\/gnv\/#\/schema\/person\/4b48e07d222f83c0285affc3704bc899\"},\"headline\":\"Sommet USA-Afrique 2025\u00a0: Le Pr\u00e9sident Oligui Nguema dans le Quint\u00e9 des Grands invit\u00e9s de Donald Trump\",\"datePublished\":\"2025-07-03T09:34:00+00:00\",\"dateModified\":\"2025-07-03T09:36:40+00:00\",\"mainEntityOfPage\":{\"@id\":\"https:\/\/gabonnouvellevision.com\/gnv\/2025\/07\/03\/sommet-usa-afrique-2025-le-president-oligui-nguema-dans-le-quinte-des-grands-invites-de-donald-trump\/\"},\"wordCount\":326,\"commentCount\":0,\"publisher\":{\"@id\":\"https:\/\/gabonnouvellevision.com\/gnv\/#organization\"},\"image\":{\"@id\":\"https:\/\/gabonnouvellevision.com\/gnv\/2025\/07\/03\/sommet-usa-afrique-2025-le-president-oligui-nguema-dans-le-quinte-des-grands-invites-de-donald-trump\/#primaryimage\"},\"thumbnailUrl\":\"https:\/\/gabonnouvellevision.com\/gnv\/wp-content\/uploads\/2025\/07\/494533468_122250672860025336_3482446941681548286_n.jpg\",\"articleSection\":[\"A la une\",\"Actualites\",\"Diplomatie\",\"Politique\"],\"inLanguage\":\"fr-FR\",\"potentialAction\":[{\"@type\":\"CommentAction\",\"name\":\"Comment\",\"target\":[\"https:\/\/gabonnouvellevision.com\/gnv\/2025\/07\/03\/sommet-usa-afrique-2025-le-president-oligui-nguema-dans-le-quinte-des-grands-invites-de-donald-trump\/#respond\"]}]},{\"@type\":\"WebPage\",\"@id\":\"https:\/\/gabonnouvellevision.com\/gnv\/2025\/07\/03\/sommet-usa-afrique-2025-le-president-oligui-nguema-dans-le-quinte-des-grands-invites-de-donald-trump\/\",\"url\":\"https:\/\/gabonnouvellevision.com\/gnv\/2025\/07\/03\/sommet-usa-afrique-2025-le-president-oligui-nguema-dans-le-quinte-des-grands-invites-de-donald-trump\/\",\"name\":\"Sommet USA-Afrique 2025\u00a0: Le Pr\u00e9sident Oligui Nguema dans le Quint\u00e9 des Grands invit\u00e9s de Donald Trump - Gabon Nouvelle Vision\",\"isPartOf\":{\"@id\":\"https:\/\/gabonnouvellevision.com\/gnv\/#website\"},\"primaryImageOfPage\":{\"@id\":\"https:\/\/gabonnouvellevision.com\/gnv\/2025\/07\/03\/sommet-usa-afrique-2025-le-president-oligui-nguema-dans-le-quinte-des-grands-invites-de-donald-trump\/#primaryimage\"},\"image\":{\"@id\":\"https:\/\/gabonnouvellevision.com\/gnv\/2025\/07\/03\/sommet-usa-afrique-2025-le-president-oligui-nguema-dans-le-quinte-des-grands-invites-de-donald-trump\/#primaryimage\"},\"thumbnailUrl\":\"https:\/\/gabonnouvellevision.com\/gnv\/wp-content\/uploads\/2025\/07\/494533468_122250672860025336_3482446941681548286_n.jpg\",\"datePublished\":\"2025-07-03T09:34:00+00:00\",\"dateModified\":\"2025-07-03T09:36:40+00:00\",\"breadcrumb\":{\"@id\":\"https:\/\/gabonnouvellevision.com\/gnv\/2025\/07\/03\/sommet-usa-afrique-2025-le-president-oligui-nguema-dans-le-quinte-des-grands-invites-de-donald-trump\/#breadcrumb\"},\"inLanguage\":\"fr-FR\",\"potentialAction\":[{\"@type\":\"ReadAction\",\"target\":[\"https:\/\/gabonnouvellevision.com\/gnv\/2025\/07\/03\/sommet-usa-afrique-2025-le-president-oligui-nguema-dans-le-quinte-des-grands-invites-de-donald-trump\/\"]}]},{\"@type\":\"ImageObject\",\"inLanguage\":\"fr-FR\",\"@id\":\"https:\/\/gabonnouvellevision.com\/gnv\/2025\/07\/03\/sommet-usa-afrique-2025-le-president-oligui-nguema-dans-le-quinte-des-grands-invites-de-donald-trump\/#primaryimage\",\"url\":\"https:\/\/gabonnouvellevision.com\/gnv\/wp-content\/uploads\/2025\/07\/494533468_122250672860025336_3482446941681548286_n.jpg\",\"contentUrl\":\"https:\/\/gabonnouvellevision.com\/gnv\/wp-content\/uploads\/2025\/07\/494533468_122250672860025336_3482446941681548286_n.jpg\",\"width\":595,\"height\":395},{\"@type\":\"BreadcrumbList\",\"@id\":\"https:\/\/gabonnouvellevision.com\/gnv\/2025\/07\/03\/sommet-usa-afrique-2025-le-president-oligui-nguema-dans-le-quinte-des-grands-invites-de-donald-trump\/#breadcrumb\",\"itemListElement\":[{\"@type\":\"ListItem\",\"position\":1,\"name\":\"Accueil\",\"item\":\"https:\/\/gabonnouvellevision.com\/gnv\/\"},{\"@type\":\"ListItem\",\"position\":2,\"name\":\"Sommet USA-Afrique 2025\u00a0: Le Pr\u00e9sident Oligui Nguema dans le Quint\u00e9 des Grands invit\u00e9s de Donald Trump\"}]},{\"@type\":\"WebSite\",\"@id\":\"https:\/\/gabonnouvellevision.com\/gnv\/#website\",\"url\":\"https:\/\/gabonnouvellevision.com\/gnv\/\",\"name\":\"Gabon Nouvelle Vision\",\"description\":\"\",\"publisher\":{\"@id\":\"https:\/\/gabonnouvellevision.com\/gnv\/#organization\"},\"potentialAction\":[{\"@type\":\"SearchAction\",\"target\":{\"@type\":\"EntryPoint\",\"urlTemplate\":\"https:\/\/gabonnouvellevision.com\/gnv\/?s={search_term_string}\"},\"query-input\":{\"@type\":\"PropertyValueSpecification\",\"valueRequired\":true,\"valueName\":\"search_term_string\"}}],\"inLanguage\":\"fr-FR\"},{\"@type\":\"Organization\",\"@id\":\"https:\/\/gabonnouvellevision.com\/gnv\/#organization\",\"name\":\"Gabon Nouvelle Vision\",\"url\":\"https:\/\/gabonnouvellevision.com\/gnv\/\",\"logo\":{\"@type\":\"ImageObject\",\"inLanguage\":\"fr-FR\",\"@id\":\"https:\/\/gabonnouvellevision.com\/gnv\/#\/schema\/logo\/image\/\",\"url\":\"https:\/\/gabonnouvellevision.com\/gnv\/wp-content\/uploads\/2025\/01\/logo-text_Plan-de-travail-1.png\",\"contentUrl\":\"https:\/\/gabonnouvellevision.com\/gnv\/wp-content\/uploads\/2025\/01\/logo-text_Plan-de-travail-1.png\",\"width\":7169,\"height\":2390,\"caption\":\"Gabon Nouvelle Vision\"},\"image\":{\"@id\":\"https:\/\/gabonnouvellevision.com\/gnv\/#\/schema\/logo\/image\/\"},\"sameAs\":[\"https:\/\/www.facebook.com\/GNVofficiel\"]},{\"@type\":\"Person\",\"@id\":\"https:\/\/gabonnouvellevision.com\/gnv\/#\/schema\/person\/4b48e07d222f83c0285affc3704bc899\",\"name\":\"Eyeng Obame\",\"image\":{\"@type\":\"ImageObject\",\"inLanguage\":\"fr-FR\",\"@id\":\"https:\/\/gabonnouvellevision.com\/gnv\/#\/schema\/person\/image\/\",\"url\":\"https:\/\/secure.gravatar.com\/avatar\/167bc03b8baf3c77318a47159f80871de6f5a6cbf4bc8b6af750fbc1a369d7bf?s=96&d=mm&r=g\",\"contentUrl\":\"https:\/\/secure.gravatar.com\/avatar\/167bc03b8baf3c77318a47159f80871de6f5a6cbf4bc8b6af750fbc1a369d7bf?s=96&d=mm&r=g\",\"caption\":\"Eyeng Obame\"},\"url\":\"https:\/\/gabonnouvellevision.com\/gnv\/author\/rufin\/\"}]}<\/script>\n<!-- \/ Yoast SEO plugin. -->","yoast_head_json":{"title":"Sommet USA-Afrique 2025\u00a0: Le Pr\u00e9sident Oligui Nguema dans le Quint\u00e9 des Grands invit\u00e9s de Donald Trump - Gabon Nouvelle Vision","robots":{"index":"index","follow":"follow","max-snippet":"max-snippet:-1","max-image-preview":"max-image-preview:large","max-video-preview":"max-video-preview:-1"},"canonical":"https:\/\/gabonnouvellevision.com\/gnv\/2025\/07\/03\/sommet-usa-afrique-2025-le-president-oligui-nguema-dans-le-quinte-des-grands-invites-de-donald-trump\/","og_locale":"fr_FR","og_type":"article","og_title":"Sommet USA-Afrique 2025\u00a0: Le Pr\u00e9sident Oligui Nguema dans le Quint\u00e9 des Grands invit\u00e9s de Donald Trump - Gabon Nouvelle Vision","og_description":"Le Pr\u00e9sident Brice Clotaire Oligui Nguema,&nbsp;lors de son investiture le 03 mai dernier au stade d\u2019Angondj\u00e9.Archives-Com. pr\u00e9sidentielle Le Pr\u00e9sident Gabonais, Brice Clotaire Oligui Nguema, vient d\u2019\u00eatre invit\u00e9 officiellement par le Pr\u00e9sident Am\u00e9ricain, Donald Trump, au sommet USA-Afrique qui se tiendra du 09-11 juillet prochain \u00e0 Washington. Seuls, 5 Chefs d\u2019Etats africains tri\u00e9s sur le volet [&hellip;]","og_url":"https:\/\/gabonnouvellevision.com\/gnv\/2025\/07\/03\/sommet-usa-afrique-2025-le-president-oligui-nguema-dans-le-quinte-des-grands-invites-de-donald-trump\/","og_site_name":"Gabon Nouvelle Vision","article_publisher":"https:\/\/www.facebook.com\/GNVofficiel","article_published_time":"2025-07-03T09:34:00+00:00","article_modified_time":"2025-07-03T09:36:40+00:00","og_image":[{"width":595,"height":395,"url":"https:\/\/gabonnouvellevision.com\/gnv\/wp-content\/uploads\/2025\/07\/494533468_122250672860025336_3482446941681548286_n.jpg","type":"image\/jpeg"}],"author":"Eyeng Obame","twitter_card":"summary_large_image","twitter_misc":{"\u00c9crit par":"Eyeng Obame","Dur\u00e9e de lecture estim\u00e9e":"2 minutes"},"schema":{"@context":"https:\/\/schema.org","@graph":[{"@type":"Article","@id":"https:\/\/gabonnouvellevision.com\/gnv\/2025\/07\/03\/sommet-usa-afrique-2025-le-president-oligui-nguema-dans-le-quinte-des-grands-invites-de-donald-trump\/#article","isPartOf":{"@id":"https:\/\/gabonnouvellevision.com\/gnv\/2025\/07\/03\/sommet-usa-afrique-2025-le-president-oligui-nguema-dans-le-quinte-des-grands-invites-de-donald-trump\/"},"author":{"name":"Eyeng Obame","@id":"https:\/\/gabonnouvellevision.com\/gnv\/#\/schema\/person\/4b48e07d222f83c0285affc3704bc899"},"headline":"Sommet USA-Afrique 2025\u00a0: Le Pr\u00e9sident Oligui Nguema dans le Quint\u00e9 des Grands invit\u00e9s de Donald Trump","datePublished":"2025-07-03T09:34:00+00:00","dateModified":"2025-07-03T09:36:40+00:00","mainEntityOfPage":{"@id":"https:\/\/gabonnouvellevision.com\/gnv\/2025\/07\/03\/sommet-usa-afrique-2025-le-president-oligui-nguema-dans-le-quinte-des-grands-invites-de-donald-trump\/"},"wordCount":326,"commentCount":0,"publisher":{"@id":"https:\/\/gabonnouvellevision.com\/gnv\/#organization"},"image":{"@id":"https:\/\/gabonnouvellevision.com\/gnv\/2025\/07\/03\/sommet-usa-afrique-2025-le-president-oligui-nguema-dans-le-quinte-des-grands-invites-de-donald-trump\/#primaryimage"},"thumbnailUrl":"https:\/\/gabonnouvellevision.com\/gnv\/wp-content\/uploads\/2025\/07\/494533468_122250672860025336_3482446941681548286_n.jpg","articleSection":["A la une","Actualites","Diplomatie","Politique"],"inLanguage":"fr-FR","potentialAction":[{"@type":"CommentAction","name":"Comment","target":["https:\/\/gabonnouvellevision.com\/gnv\/2025\/07\/03\/sommet-usa-afrique-2025-le-president-oligui-nguema-dans-le-quinte-des-grands-invites-de-donald-trump\/#respond"]}]},{"@type":"WebPage","@id":"https:\/\/gabonnouvellevision.com\/gnv\/2025\/07\/03\/sommet-usa-afrique-2025-le-president-oligui-nguema-dans-le-quinte-des-grands-invites-de-donald-trump\/","url":"https:\/\/gabonnouvellevision.com\/gnv\/2025\/07\/03\/sommet-usa-afrique-2025-le-president-oligui-nguema-dans-le-quinte-des-grands-invites-de-donald-trump\/","name":"Sommet USA-Afrique 2025\u00a0: Le Pr\u00e9sident Oligui Nguema dans le Quint\u00e9 des Grands invit\u00e9s de Donald Trump - Gabon Nouvelle Vision","isPartOf":{"@id":"https:\/\/gabonnouvellevision.com\/gnv\/#website"},"primaryImageOfPage":{"@id":"https:\/\/gabonnouvellevision.com\/gnv\/2025\/07\/03\/sommet-usa-afrique-2025-le-president-oligui-nguema-dans-le-quinte-des-grands-invites-de-donald-trump\/#primaryimage"},"image":{"@id":"https:\/\/gabonnouvellevision.com\/gnv\/2025\/07\/03\/sommet-usa-afrique-2025-le-president-oligui-nguema-dans-le-quinte-des-grands-invites-de-donald-trump\/#primaryimage"},"thumbnailUrl":"https:\/\/gabonnouvellevision.com\/gnv\/wp-content\/uploads\/2025\/07\/494533468_122250672860025336_3482446941681548286_n.jpg","datePublished":"2025-07-03T09:34:00+00:00","dateModified":"2025-07-03T09:36:40+00:00","breadcrumb":{"@id":"https:\/\/gabonnouvellevision.com\/gnv\/2025\/07\/03\/sommet-usa-afrique-2025-le-president-oligui-nguema-dans-le-quinte-des-grands-invites-de-donald-trump\/#breadcrumb"},"inLanguage":"fr-FR","potentialAction":[{"@type":"ReadAction","target":["https:\/\/gabonnouvellevision.com\/gnv\/2025\/07\/03\/sommet-usa-afrique-2025-le-president-oligui-nguema-dans-le-quinte-des-grands-invites-de-donald-trump\/"]}]},{"@type":"ImageObject","inLanguage":"fr-FR","@id":"https:\/\/gabonnouvellevision.com\/gnv\/2025\/07\/03\/sommet-usa-afrique-2025-le-president-oligui-nguema-dans-le-quinte-des-grands-invites-de-donald-trump\/#primaryimage","url":"https:\/\/gabonnouvellevision.com\/gnv\/wp-content\/uploads\/2025\/07\/494533468_122250672860025336_3482446941681548286_n.jpg","contentUrl":"https:\/\/gabonnouvellevision.com\/gnv\/wp-content\/uploads\/2025\/07\/494533468_122250672860025336_3482446941681548286_n.jpg","width":595,"height":395},{"@type":"BreadcrumbList","@id":"https:\/\/gabonnouvellevision.com\/gnv\/2025\/07\/03\/sommet-usa-afrique-2025-le-president-oligui-nguema-dans-le-quinte-des-grands-invites-de-donald-trump\/#breadcrumb","itemListElement":[{"@type":"ListItem","position":1,"name":"Accueil","item":"https:\/\/gabonnouvellevision.com\/gnv\/"},{"@type":"ListItem","position":2,"name":"Sommet USA-Afrique 2025\u00a0: Le Pr\u00e9sident Oligui Nguema dans le Quint\u00e9 des Grands invit\u00e9s de Donald Trump"}]},{"@type":"WebSite","@id":"https:\/\/gabonnouvellevision.com\/gnv\/#website","url":"https:\/\/gabonnouvellevision.com\/gnv\/","name":"Gabon Nouvelle Vision","description":"","publisher":{"@id":"https:\/\/gabonnouvellevision.com\/gnv\/#organization"},"potentialAction":[{"@type":"SearchAction","target":{"@type":"EntryPoint","urlTemplate":"https:\/\/gabonnouvellevision.com\/gnv\/?s={search_term_string}"},"query-input":{"@type":"PropertyValueSpecification","valueRequired":true,"valueName":"search_term_string"}}],"inLanguage":"fr-FR"},{"@type":"Organization","@id":"https:\/\/gabonnouvellevision.com\/gnv\/#organization","name":"Gabon Nouvelle Vision","url":"https:\/\/gabonnouvellevision.com\/gnv\/","logo":{"@type":"ImageObject","inLanguage":"fr-FR","@id":"https:\/\/gabonnouvellevision.com\/gnv\/#\/schema\/logo\/image\/","url":"https:\/\/gabonnouvellevision.com\/gnv\/wp-content\/uploads\/2025\/01\/logo-text_Plan-de-travail-1.png","contentUrl":"https:\/\/gabonnouvellevision.com\/gnv\/wp-content\/uploads\/2025\/01\/logo-text_Plan-de-travail-1.png","width":7169,"height":2390,"caption":"Gabon Nouvelle Vision"},"image":{"@id":"https:\/\/gabonnouvellevision.com\/gnv\/#\/schema\/logo\/image\/"},"sameAs":["https:\/\/www.facebook.com\/GNVofficiel"]},{"@type":"Person","@id":"https:\/\/gabonnouvellevision.com\/gnv\/#\/schema\/person\/4b48e07d222f83c0285affc3704bc899","name":"Eyeng Obame","image":{"@type":"ImageObject","inLanguage":"fr-FR","@id":"https:\/\/gabonnouvellevision.com\/gnv\/#\/schema\/person\/image\/","url":"https:\/\/secure.gravatar.com\/avatar\/167bc03b8baf3c77318a47159f80871de6f5a6cbf4bc8b6af750fbc1a369d7bf?s=96&d=mm&r=g","contentUrl":"https:\/\/secure.gravatar.com\/avatar\/167bc03b8baf3c77318a47159f80871de6f5a6cbf4bc8b6af750fbc1a369d7bf?s=96&d=mm&r=g","caption":"Eyeng Obame"},"url":"https:\/\/gabonnouvellevision.com\/gnv\/author\/rufin\/"}]}},"_links":{"self":[{"href":"https:\/\/gabonnouvellevision.com\/gnv\/wp-json\/wp\/v2\/posts\/24076","targetHints":{"allow":["GET"]}}],"collection":[{"href":"https:\/\/gabonnouvellevision.com\/gnv\/wp-json\/wp\/v2\/posts"}],"about":[{"href":"https:\/\/gabonnouvellevision.com\/gnv\/wp-json\/wp\/v2\/types\/post"}],"author":[{"embeddable":true,"href":"https:\/\/gabonnouvellevision.com\/gnv\/wp-json\/wp\/v2\/users\/7"}],"replies":[{"embeddable":true,"href":"https:\/\/gabonnouvellevision.com\/gnv\/wp-json\/wp\/v2\/comments?post=24076"}],"version-history":[{"count":2,"href":"https:\/\/gabonnouvellevision.com\/gnv\/wp-json\/wp\/v2\/posts\/24076\/revisions"}],"predecessor-version":[{"id":24079,"href":"https:\/\/gabonnouvellevision.com\/gnv\/wp-json\/wp\/v2\/posts\/24076\/revisions\/24079"}],"wp:featuredmedia":[{"embeddable":true,"href":"https:\/\/gabonnouvellevision.com\/gnv\/wp-json\/wp\/v2\/media\/24077"}],"wp:attachment":[{"href":"https:\/\/gabonnouvellevision.com\/gnv\/wp-json\/wp\/v2\/media?parent=24076"}],"wp:term":[{"taxonomy":"category","embeddable":true,"href":"https:\/\/gabonnouvellevision.com\/gnv\/wp-json\/wp\/v2\/categories?post=24076"},{"taxonomy":"post_tag","embeddable":true,"href":"https:\/\/gabonnouvellevision.com\/gnv\/wp-json\/wp\/v2\/tags?post=24076"}],"curies":[{"name":"wp","href":"https:\/\/api.w.org\/{rel}","templated":true}]}}