{"id":24065,"date":"2025-07-01T16:43:26","date_gmt":"2025-07-01T14:43:26","guid":{"rendered":"https:\/\/gabonnouvellevision.com\/gnv\/?p=24065"},"modified":"2025-07-01T16:44:31","modified_gmt":"2025-07-01T14:44:31","slug":"eric-mebiame-invite-les-siens-a-prendre-part-massivement-a-lassemblee-generale-constitutive-du-parti-doligui-nguema-ce-samedi-05-juillet","status":"publish","type":"post","link":"https:\/\/gabonnouvellevision.com\/gnv\/2025\/07\/01\/eric-mebiame-invite-les-siens-a-prendre-part-massivement-a-lassemblee-generale-constitutive-du-parti-doligui-nguema-ce-samedi-05-juillet\/","title":{"rendered":"Eric Mebiame invite les siens \u00e0 prendre part massivement \u00e0 l\u2019Assembl\u00e9e G\u00e9n\u00e9rale constitutive du parti d\u2019Oligui Nguema ce samedi 05 juillet !"},"content":{"rendered":"\n<p><strong><em>Les feux de l\u2019actualit\u00e9 politique de la semaine restent marquer par l\u2019appel du Chef de l\u2019Etat, Brice Clotaire Oligui Nguema, qui tient \u00e0 cr\u00e9er sa formation politique dont l\u2019Assembl\u00e9e G\u00e9n\u00e9rale constitutive se tiendra d\u00e9sormais le 05 juillet prochain.<\/em><\/strong>&nbsp;<strong><em>Une initiative salu\u00e9e de vive voix &nbsp;par Eric Mebiame, Pr\u00e9sident du mouvement politique \u00abEn marche 2<sup>e<\/sup>&nbsp;Arrondissement&nbsp;\u00bb dans un entretien exclusif accord\u00e9 \u00e0 notre R\u00e9daction<\/em><\/strong>.&nbsp;.<\/p>\n\n\n\n<ol class=\"wp-block-list\">\n<li><strong><em>Le Pr\u00e9sident de la R\u00e9publique, Brice Clotaire Oligui Nguema, envisage lancer sa formation politique samedi 05 juillet prochain \u00e0 Libreville. Comment avez-vous accueilli cette nouvelle&nbsp;?<\/em><\/strong><\/li>\n<\/ol>\n\n\n\n<p><strong><em>Eric MEBIAME<\/em><\/strong>&nbsp;: En avant-propos, permettez-moi, de vous remercier pour l\u2019honneur que vous me faites en me donnant l\u2019opportunit\u00e9 de m\u2019exprimer sur les questions d\u2019actualit\u00e9s relatives \u00e0 la vie politique de notre pays.<\/p>\n\n\n\n<p>Je m\u2019exprime ici, non seulement en qualit\u00e9 de citoyen gabonais, mais \u00e9galement en qualit\u00e9 d\u2019acteur politique fortement engag\u00e9 pour l\u2019am\u00e9lioration du processus d\u00e9mocratique dans notre pays.<\/p>\n\n\n\n<p>Qui suis-je&nbsp;?<\/p>\n\n\n\n<p>Je me nomme&nbsp;<strong><em>Eric Casimir MEBIAME ME-NDONG<\/em><\/strong>, je suis n\u00e9 le 04 mars 1976 \u00e0 Libreville. Gabonais originaire de la province de l\u2019Estuaire, coutume Fang, clans NGUE-YEMEDZIME de par mon p\u00e8re et ESSOK\u00ca de par ma m\u00e8re. Je suis domicili\u00e9 \u00e0 Nkembo dans le Deuxi\u00e8me Arrondissement de la Commune de Libreville, o\u00f9 je suis engag\u00e9 politiquement.<\/p>\n\n\n\n<p>Pr\u00e9sident du mouvement politique&nbsp;<strong><em>\u00ab&nbsp;En Marche 2<sup>\u00e8me<\/sup>&nbsp;Arrondissement&nbsp;\u00bb,<\/em><\/strong>&nbsp;avec l\u2019aide de valeureux jeunes compatriotes nous essayons d\u2019impulser une alternance politique dans notre arrondissement face \u00e0 une oligarchie politique qui veut se s\u00e9dentariser.<\/p>\n\n\n\n<p>&nbsp;Il faut savoir que l\u2019appel du 21 juin dernier est cons\u00e9cutif au premier appel de Monsieur&nbsp;<strong><em>Brice Clotaire OLIGUI NGUEMA<\/em><\/strong>&nbsp;en date du 12 mars 2025, au cours duquel il avait en son temps demand\u00e9 au peuple gabonais, et \u00e0 toutes les forces vives de la nation, de le rejoindre dans la plateforme&nbsp;<strong>\u00ab&nbsp;Les B\u00e2tisseurs&nbsp;\u00bb,<\/strong>&nbsp;un tentaculaire r\u00e9seau de soutiens gr\u00e2ce auquel il fut \u00e9lu pr\u00e9sident, le 12 avril 2025.<\/p>\n\n\n\n<p>A ce premier appel, mon mouvement politique a r\u00e9pondu pr\u00e9sent en y adh\u00e9rant le samedi 22 mars 2025. Le rapport de notre campagne pour le candidat&nbsp;<strong><em>Brice Clotaire OLIGUI NGUEMA<\/em><\/strong>&nbsp;a \u00e9t\u00e9 consign\u00e9 dans un document que nous avons remis \u00e0 qui de droit.<\/p>\n\n\n\n<p>Pour ce qui est du deuxi\u00e8me appel, relatif \u00e0 la tenue de l\u2019Assembl\u00e9e G\u00e9n\u00e9rale constitutive qui se tiendra d\u00e9sormais le 05 juillet prochain au Palais des Sports, je puis vous rassurer que la position qui est la mienne est \u00e9galement celle de l\u2019ensemble des membres de mon mouvement.<\/p>\n\n\n\n<p>Ceci pour dire que nous y serons et que nous y prendrons part activement.<\/p>\n\n\n\n<ul class=\"wp-block-list\">\n<li><strong><em>Quelles sont vos motivations \u00e0 prendre part \u00e0 cette Assembl\u00e9e G\u00e9n\u00e9rale&nbsp;?<\/em><\/strong><\/li>\n<\/ul>\n\n\n\n<p><strong><em>Eric MEBIAME<\/em><\/strong>&nbsp;: Notre participation \u00e0 cette Assembl\u00e9e G\u00e9n\u00e9rale est motiv\u00e9e par deux choix.<\/p>\n\n\n\n<p>Le premier est historique et le deuxi\u00e8me politique.<\/p>\n\n\n\n<p><strong>Historique<\/strong>&nbsp;parce que l\u2019av\u00e8nement de Monsieur&nbsp;<strong><em>Brice Clotaire OLIGUI NGUEMA&nbsp;<\/em><\/strong>comme Pr\u00e9sident de la R\u00e9publique offre \u00e0 la jeunesse gabonaise l\u2019opportunit\u00e9 d\u2019\u00e9crire une nouvelle page de l\u2019histoire politique de notre pays le Gabon.<\/p>\n\n\n\n<p>De 1967 au 30 aout 2023, sous l\u2019\u00e8re des&nbsp;<strong><em>BONGO,<\/em><\/strong>&nbsp;nos p\u00e8res et nos m\u00e8res ont \u00e9crit l\u2019histoire politique de leur vie. Aujourd\u2019hui, au moment o\u00f9 une nouvelle page politique s\u2019ouvre \u00e0 nous sous l\u2019\u00e8re d\u2019<strong><em>OLIGUI<\/em><\/strong>, devons-nous rester l\u00e0, spectateurs \u00e0 observer et attendre qu\u2019ils viennent encore \u00e9crire la n\u00f4tre&nbsp;?<\/p>\n\n\n\n<p><strong>Nous disons NON&nbsp;!<\/strong><\/p>\n\n\n\n<p>Nous disons que cette page de l\u2019histoire du Gabon est la n\u00f4tre.<\/p>\n\n\n\n<p>Nous disons que cette nouvelle page politique du Gabon doit \u00eatre \u00e9crite par&nbsp;<strong>nous-m\u00eame<\/strong>, avec l\u2019amour de nos m\u00e8res et la sagesse de nos p\u00e8res.<\/p>\n\n\n\n<p>Notre deuxi\u00e8me motivation \u00e0 prendre part \u00e0 cette Assembl\u00e9e G\u00e9n\u00e9rale est<strong>&nbsp;Politique<\/strong>&nbsp;parce que, la cr\u00e9ation d\u2019un parti politique est souvent motiv\u00e9e par le d\u00e9sir de promouvoir des id\u00e9es, des valeurs et des politiques sp\u00e9cifiques.<\/p>\n\n\n\n<p>Les partis politiques jouent un r\u00f4le crucial dans la vie d\u00e9mocratique d\u2019un pays, en offrant aux citoyens des choix clairs lors des \u00e9lections, et en permettant la repr\u00e9sentation de divers int\u00e9r\u00eats dans les institutions gouvernementales.<\/p>\n\n\n\n<p>Il est donc important pour nous, membres du mouvement politique&nbsp;<strong><em>\u00ab&nbsp;En Marche 2<sup>\u00e8me<\/sup>&nbsp;Arrondissement<\/em><\/strong>&nbsp;\u00bb, de prendre part \u00e0 ces assises afin de comprendre les valeurs, les principes et les politiques que le parti entend promouvoir.<\/p>\n\n\n\n<p>Il est important pour nous d\u2019\u00e9valuer si les objectifs et les valeurs du parti correspondent \u00e0 nos propres convictions et attentes pour l\u2019avenir de notre pays.<\/p>\n\n\n\n<p>Il est important pour nous de consid\u00e9rer comment ce nouveau parti pourrait influencer le paysage politique gabonais et si cela pourrait conduire \u00e0 des changements positifs.<\/p>\n\n\n\n<ul class=\"wp-block-list\">\n<li><strong><em>&nbsp;Quelle est votre appr\u00e9ciation des d\u00e9missions de plusieurs hi\u00e9rarques du Parti D\u00e9mocratique Gabonais (PDG), pour adh\u00e9rer certainement au nouveau parti du Pr\u00e9sident OLIGUI&nbsp;?<\/em><\/strong><\/li>\n<\/ul>\n\n\n\n<p><strong><em>Eric MEBIAME<\/em><\/strong>&nbsp;: Les d\u00e9missions en cascade au sein du Parti D\u00e9mocratique Gabonais (PDG) pour rejoindre certainement le nouveau parti du Pr\u00e9sident&nbsp;<strong>OLIGUI<\/strong>, pourraient indiquer une perte de confiance significative envers les dirigeants actuels du PDG.<\/p>\n\n\n\n<p>Plusieurs facteurs pourraient expliquer ce ph\u00e9nom\u00e8ne, notamment&nbsp;:<\/p>\n\n\n\n<ul class=\"wp-block-list\">\n<li>La personne du Pr\u00e9sident&nbsp;<strong><em>OLIGUI<\/em><\/strong>&nbsp;qui incarne aujourd\u2019hui le renouveau et suscite l\u2019espoir&nbsp;d\u2019un mieux-\u00eatre en chaque gabonais.<\/li>\n\n\n\n<li>La Nouvelle offre politique du Pr\u00e9sident&nbsp;<strong><em>OLIGUI<\/em><\/strong>,&nbsp;dont le parti pourrait proposer une vision politique plus attrayante pour ceux qui cherchent \u00e0 rompre avec les pratiques du pass\u00e9.<\/li>\n<\/ul>\n\n\n\n<p>Il faut ajouter que ces d\u00e9missions massives pourraient avoir des implications significatives pour le paysage politique gabonais. Le parti du Pr\u00e9sident&nbsp;<strong><em>OLIGUI<\/em><\/strong>&nbsp;pourrait ainsi renforcer sa base militante et \u00e9largir son audience.<\/p>\n\n\n\n<ul class=\"wp-block-list\">\n<li><strong><em>\u00cates-vous d\u2019avis avec ceux qui pensent que les vieux n\u2019ont pas de r\u00f4le \u00e0 jouer dans le nouveau parti du Pr\u00e9sident OLIGUI&nbsp;?<\/em><\/strong><\/li>\n<\/ul>\n\n\n\n<p><strong><em>Eric MEBIAME<\/em><\/strong>&nbsp;: Je ne suis pas d\u2019accord avec l\u2019id\u00e9e que les vieux n\u2019aient pas de r\u00f4le \u00e0 jouer dans le nouveau parti du Pr\u00e9sident&nbsp;<strong><em>OLIGUI<\/em><\/strong>. Les personnes \u00e2g\u00e9es peuvent, dans le cadre de la transmission des valeurs et des principes du parti, apporter une richesse d\u2019exp\u00e9rience, de sagesse et de connaissance qui peuvent \u00eatre tr\u00e8s pr\u00e9cieuse pour la construction d\u2019un parti fort et inclusif.<\/p>\n\n\n\n<p>Un parti fort et inclusif se construit avec toutes les bonnes volont\u00e9s, les sages, les femmes et les jeunes. Cependant, les sages doivent garantir l\u2019alternance entre les g\u00e9n\u00e9rations.<\/p>\n\n\n\n<p>La g\u00e9n\u00e9ration qui veut s\u2019\u00e9terniser au pouvoir s\u00e8me dans le parti les germes du conflit de g\u00e9n\u00e9ration qui pourrait entrainer son implosion.<\/p>\n\n\n\n<p>C\u2019est en ce sens qu\u2019il est important que les personnes \u00e2g\u00e9es soient des conseils pr\u00e9cieux pour les membres du parti, et en particulier pour les jeunes, afin de les aider \u00e0 naviguer dans la complexit\u00e9 de la politique.<\/p>\n\n\n\n<p>Il est sage l\u2019Homme qui sait quitter les choses dans le bonheur avant que les choses ne le quittent dans la d\u00e9solation.<\/p>\n\n\n\n<p>Il est courageux l\u2019Homme qui reconnait humblement que les choses anciennes sont pass\u00e9es et que d\u2019autres nouvelles se mettent en place.<\/p>\n\n\n\n<ul class=\"wp-block-list\">\n<li><strong><em>Au PDG, le choix des candidats aux \u00e9lections l\u00e9gislatives et municipales ainsi qu\u2019aux fonctions au sein du parti ont toujours \u00e9t\u00e9 dict\u00e9s par la logique du mentorat et du r\u00e9seautage, au d\u00e9triment du choix de la base. Pensez-vous qu\u2019il en sera de m\u00eame dans le nouveau parti du pr\u00e9sident OLIGUI&nbsp;?<\/em><\/strong><\/li>\n<\/ul>\n\n\n\n<p><strong><em>Eric MEBIAME<\/em><\/strong>&nbsp;: Il est difficile de pr\u00e9dire avec certitude comment le nouveau parti du pr\u00e9sident&nbsp;<strong><em>OLIGUI<\/em><\/strong>&nbsp;fonctionnera en termes de s\u00e9lection des candidats et de prise de d\u00e9cision. Cependant, si le parti du pr\u00e9sident&nbsp;<strong><em>OLIGUI<\/em><\/strong>&nbsp;souhaite se d\u00e9marquer du PDG, il devrait promouvoir une image de renouveau, d\u2019alternance, et de d\u00e9mocratie interne. Il pourrait chercher \u00e0 impliquer davantage la base dans le processus de s\u00e9lection des candidats et des dirigeants.<\/p>\n\n\n\n<p>La mise en place de processus d\u00e9mocratiques internes, telles que des \u00e9lections primaires ou des consultations, pourraient contribuer \u00e0 une s\u00e9lection plus repr\u00e9sentative des candidats et des dirigeants.<\/p>\n\n\n\n<p>La transparence dans la prise de d\u00e9cision et la responsabilit\u00e9 des dirigeants envers la base pourraient \u00e9galement contribuer \u00e0 la mise en place d\u2019une dynamique plus inclusive et d\u00e9mocratique.<\/p>\n\n\n\n<p>En fin de compte, la mani\u00e8re dont le parti fonctionnera d\u00e9pendra des valeurs et des principes que ses dirigeants choisiront de promouvoir.<\/p>\n\n\n\n<ul class=\"wp-block-list\">\n<li><strong><em>Quels r\u00f4les pourraient jouer les jeunes et les femmes au sein du nouveau parti&nbsp;?<\/em><\/strong><\/li>\n<\/ul>\n\n\n\n<p><strong><em>Eric MEBIAME<\/em><\/strong>&nbsp;: Les jeunes et les femmes pourraient \u00eatre des acteurs cl\u00e9s dans la construction et la promotion du nouveau parti du pr\u00e9sident&nbsp;<strong><em>OLIGUI<\/em><\/strong>, en y apportant des perspectives fraiches et des id\u00e9es innovantes&nbsp;qui r\u00e9pondent aux d\u00e9fis contemporains et promeuvent le d\u00e9veloppement du pays.<\/p>\n\n\n\n<p>Les jeunes et les femmes pourraient jouer un r\u00f4le cl\u00e9 dans la mobilisation et l\u2019engagement des communaut\u00e9s locales, en promouvant les valeurs et les objectifs du parti.<\/p>\n\n\n\n<p>Les jeunes et les femmes pourraient \u00eatre repr\u00e9sent\u00e9s au sein des instances dirigeantes du parti, ce qui leur permettrait de participer activement \u00e0 la prise de d\u00e9cision et \u00e0 la d\u00e9finition des politiques du parti.<\/p>\n\n\n\n<p>Les jeunes et les femmes pourraient jouer un r\u00f4le important dans la sensibilisation et l\u2019\u00e9ducation des communaut\u00e9s locales sur les enjeux politiques et sociaux en promouvant la participation citoyenne et la d\u00e9mocratie.<\/p>\n\n\n\n<ul class=\"wp-block-list\">\n<li><strong><em>Avez-vous une derni\u00e8re pr\u00e9occupation\u00a0?<\/em><\/strong><\/li>\n<\/ul>\n\n\n\n<p><strong><em>Eric MEBIAME<\/em><\/strong>&nbsp;: Le samedi 05 juillet prochain, sera donc une date importante pour la vie politique gabonaise, qui sera marqu\u00e9 par l\u2019Assembl\u00e9e G\u00e9n\u00e9rale Constitutive portant cr\u00e9ation de votre parti politique.<\/p>\n\n\n\n<p>Nous esp\u00e9rons que ce parti sera un lieu de rassemblement pour les gabonais qui partagent vos valeurs et vos convictions.<\/p>\n\n\n\n<p>Nous vous encourageons \u00e0 promouvoir la transparence, l\u2019alternance, la d\u00e9mocratie interne et l\u2019inclusion dans la prise de d\u00e9cision. Il est essentiel de donner une voix au jeunes, aux femmes et aux communaut\u00e9s locales pour que le parti soit repr\u00e9sentatif de la soci\u00e9t\u00e9 gabonaise.<\/p>\n\n\n\n<p>Nous souhaitons que votre parti soit un appareil politique qui donne la chance aux jeunes et aux femmes la possibilit\u00e9 de briguer des mandats \u00e9lectifs.<\/p>\n\n\n\n<p>Nous souhaitons que votre parti soit un appareil politique qui renforce la d\u00e9mocratie et la stabilit\u00e9 politique au Gabon.<\/p>\n\n\n\n<p>Nous souhaitons que votre parti soit un appareil politique qui promeut la spiritualit\u00e9 et la culture gabonaise car, voyez-vous, le Gabon n\u2019est pas seulement un pays, ce n\u2019est pas seulement la somme de ses neuf (9) provinces, c\u2019est une id\u00e9e, un r\u00eave. Un r\u00eave fait par nos anc\u00eatres de voir une nation prosp\u00e8re, immortelle et digne d\u2019envie aux yeux du monde et des nations amis. Une nation dont la lumi\u00e8re spirituelle illuminerait le monde pour le bien de l\u2019humanit\u00e9.<\/p>\n\n\n\n<p>Nous souhaitons que votre parti soit un moteur de changement positif pour le Gabon, avec des politiques qui r\u00e9pondent aux besoins de tous les gabonais car, vous avez d\u00e9di\u00e9 votre vie \u00e0 servir le peuple, et chaque jour vous servez environs un million huit cent mille&nbsp;<strong><em>(1.800.000)<\/em><\/strong>&nbsp;gabonais, des gens que pour la plupart vous ne rencontrerez jamais.<\/p>\n\n\n\n<p>Il est donc imp\u00e9ratif que vous ne deveniez jamais insensible parce que, ces personnes pour qui vous travaillez d\u00e9sormais ont un visage, une famille, des espoirs, des r\u00eaves, et aussi une histoire. Ce sont tous vos compatriotes. C\u2019est un lien qui vous uni, et qui fait que chacun d\u2019eux m\u00e9rite votre sacrifice, votre engagement et votre service.<\/p>\n\n\n\n<p>Aussi, puis-je vous assurer,&nbsp;<strong><em>Excellence<\/em><\/strong>, que le mouvement politique&nbsp;<strong><em>\u00ab&nbsp;En Marche 2<sup>\u00e8me<\/sup>&nbsp;Arrondissement&nbsp;\u00bb,<\/em><\/strong>&nbsp;que j\u2019ai l\u2019honneur de pr\u00e9sider, se tiendra \u00e0 vos c\u00f4t\u00e9s pour la r\u00e9ussite et la mat\u00e9rialisation de votre ambition.<\/p>\n\n\n\n<p>Ensemble, unis, nous irons plus loin. Je vous remercie.<\/p>\n","protected":false},"excerpt":{"rendered":"<p>Les feux de l\u2019actualit\u00e9 politique de la semaine restent marquer par l\u2019appel du Chef de l\u2019Etat, Brice Clotaire Oligui Nguema, qui tient \u00e0 cr\u00e9er sa formation politique dont l\u2019Assembl\u00e9e G\u00e9n\u00e9rale constitutive se tiendra d\u00e9sormais le 05 juillet prochain.&nbsp;Une initiative salu\u00e9e de vive voix &nbsp;par Eric Mebiame, Pr\u00e9sident du mouvement politique \u00abEn marche 2e&nbsp;Arrondissement&nbsp;\u00bb dans un [&hellip;]<\/p>\n","protected":false},"author":7,"featured_media":24066,"comment_status":"open","ping_status":"open","sticky":false,"template":"","format":"standard","meta":{"footnotes":""},"categories":[57,55,65],"tags":[],"class_list":["post-24065","post","type-post","status-publish","format-standard","has-post-thumbnail","hentry","category-a-la-une","category-actualites","category-politique-podcasts"],"yoast_head":"<!-- This site is optimized with the Yoast SEO plugin v24.2 - https:\/\/yoast.com\/wordpress\/plugins\/seo\/ -->\n<title>Eric Mebiame invite les siens \u00e0 prendre part massivement \u00e0 l\u2019Assembl\u00e9e G\u00e9n\u00e9rale constitutive du parti d\u2019Oligui Nguema ce samedi 05 juillet ! - Gabon Nouvelle Vision<\/title>\n<meta name=\"robots\" content=\"index, follow, max-snippet:-1, max-image-preview:large, max-video-preview:-1\" \/>\n<link rel=\"canonical\" href=\"https:\/\/gabonnouvellevision.com\/gnv\/2025\/07\/01\/eric-mebiame-invite-les-siens-a-prendre-part-massivement-a-lassemblee-generale-constitutive-du-parti-doligui-nguema-ce-samedi-05-juillet\/\" \/>\n<meta property=\"og:locale\" content=\"fr_FR\" \/>\n<meta property=\"og:type\" content=\"article\" \/>\n<meta property=\"og:title\" content=\"Eric Mebiame invite les siens \u00e0 prendre part massivement \u00e0 l\u2019Assembl\u00e9e G\u00e9n\u00e9rale constitutive du parti d\u2019Oligui Nguema ce samedi 05 juillet ! - Gabon Nouvelle Vision\" \/>\n<meta property=\"og:description\" content=\"Les feux de l\u2019actualit\u00e9 politique de la semaine restent marquer par l\u2019appel du Chef de l\u2019Etat, Brice Clotaire Oligui Nguema, qui tient \u00e0 cr\u00e9er sa formation politique dont l\u2019Assembl\u00e9e G\u00e9n\u00e9rale constitutive se tiendra d\u00e9sormais le 05 juillet prochain.&nbsp;Une initiative salu\u00e9e de vive voix &nbsp;par Eric Mebiame, Pr\u00e9sident du mouvement politique \u00abEn marche 2e&nbsp;Arrondissement&nbsp;\u00bb dans un [&hellip;]\" \/>\n<meta property=\"og:url\" content=\"https:\/\/gabonnouvellevision.com\/gnv\/2025\/07\/01\/eric-mebiame-invite-les-siens-a-prendre-part-massivement-a-lassemblee-generale-constitutive-du-parti-doligui-nguema-ce-samedi-05-juillet\/\" \/>\n<meta property=\"og:site_name\" content=\"Gabon Nouvelle Vision\" \/>\n<meta property=\"article:publisher\" content=\"https:\/\/www.facebook.com\/GNVofficiel\" \/>\n<meta property=\"article:published_time\" content=\"2025-07-01T14:43:26+00:00\" \/>\n<meta property=\"article:modified_time\" content=\"2025-07-01T14:44:31+00:00\" \/>\n<meta property=\"og:image\" content=\"https:\/\/gabonnouvellevision.com\/gnv\/wp-content\/uploads\/2025\/07\/WhatsApp-Image-2025-07-01-a-10.11.45_b31a3eca.jpg\" \/>\n\t<meta property=\"og:image:width\" content=\"1040\" \/>\n\t<meta property=\"og:image:height\" content=\"780\" \/>\n\t<meta property=\"og:image:type\" content=\"image\/jpeg\" \/>\n<meta name=\"author\" content=\"Eyeng Obame\" \/>\n<meta name=\"twitter:card\" content=\"summary_large_image\" \/>\n<meta name=\"twitter:label1\" content=\"\u00c9crit par\" \/>\n\t<meta name=\"twitter:data1\" content=\"Eyeng Obame\" \/>\n\t<meta name=\"twitter:label2\" content=\"Dur\u00e9e de lecture estim\u00e9e\" \/>\n\t<meta name=\"twitter:data2\" content=\"10 minutes\" \/>\n<script type=\"application\/ld+json\" class=\"yoast-schema-graph\">{\"@context\":\"https:\/\/schema.org\",\"@graph\":[{\"@type\":\"Article\",\"@id\":\"https:\/\/gabonnouvellevision.com\/gnv\/2025\/07\/01\/eric-mebiame-invite-les-siens-a-prendre-part-massivement-a-lassemblee-generale-constitutive-du-parti-doligui-nguema-ce-samedi-05-juillet\/#article\",\"isPartOf\":{\"@id\":\"https:\/\/gabonnouvellevision.com\/gnv\/2025\/07\/01\/eric-mebiame-invite-les-siens-a-prendre-part-massivement-a-lassemblee-generale-constitutive-du-parti-doligui-nguema-ce-samedi-05-juillet\/\"},\"author\":{\"name\":\"Eyeng Obame\",\"@id\":\"https:\/\/gabonnouvellevision.com\/gnv\/#\/schema\/person\/4b48e07d222f83c0285affc3704bc899\"},\"headline\":\"Eric Mebiame invite les siens \u00e0 prendre part massivement \u00e0 l\u2019Assembl\u00e9e G\u00e9n\u00e9rale constitutive du parti d\u2019Oligui Nguema ce samedi 05 juillet !\",\"datePublished\":\"2025-07-01T14:43:26+00:00\",\"dateModified\":\"2025-07-01T14:44:31+00:00\",\"mainEntityOfPage\":{\"@id\":\"https:\/\/gabonnouvellevision.com\/gnv\/2025\/07\/01\/eric-mebiame-invite-les-siens-a-prendre-part-massivement-a-lassemblee-generale-constitutive-du-parti-doligui-nguema-ce-samedi-05-juillet\/\"},\"wordCount\":2094,\"commentCount\":0,\"publisher\":{\"@id\":\"https:\/\/gabonnouvellevision.com\/gnv\/#organization\"},\"image\":{\"@id\":\"https:\/\/gabonnouvellevision.com\/gnv\/2025\/07\/01\/eric-mebiame-invite-les-siens-a-prendre-part-massivement-a-lassemblee-generale-constitutive-du-parti-doligui-nguema-ce-samedi-05-juillet\/#primaryimage\"},\"thumbnailUrl\":\"https:\/\/gabonnouvellevision.com\/gnv\/wp-content\/uploads\/2025\/07\/WhatsApp-Image-2025-07-01-a-10.11.45_b31a3eca.jpg\",\"articleSection\":[\"A la une\",\"Actualites\",\"Politique\"],\"inLanguage\":\"fr-FR\",\"potentialAction\":[{\"@type\":\"CommentAction\",\"name\":\"Comment\",\"target\":[\"https:\/\/gabonnouvellevision.com\/gnv\/2025\/07\/01\/eric-mebiame-invite-les-siens-a-prendre-part-massivement-a-lassemblee-generale-constitutive-du-parti-doligui-nguema-ce-samedi-05-juillet\/#respond\"]}]},{\"@type\":\"WebPage\",\"@id\":\"https:\/\/gabonnouvellevision.com\/gnv\/2025\/07\/01\/eric-mebiame-invite-les-siens-a-prendre-part-massivement-a-lassemblee-generale-constitutive-du-parti-doligui-nguema-ce-samedi-05-juillet\/\",\"url\":\"https:\/\/gabonnouvellevision.com\/gnv\/2025\/07\/01\/eric-mebiame-invite-les-siens-a-prendre-part-massivement-a-lassemblee-generale-constitutive-du-parti-doligui-nguema-ce-samedi-05-juillet\/\",\"name\":\"Eric Mebiame invite les siens \u00e0 prendre part massivement \u00e0 l\u2019Assembl\u00e9e G\u00e9n\u00e9rale constitutive du parti d\u2019Oligui Nguema ce samedi 05 juillet ! - Gabon Nouvelle Vision\",\"isPartOf\":{\"@id\":\"https:\/\/gabonnouvellevision.com\/gnv\/#website\"},\"primaryImageOfPage\":{\"@id\":\"https:\/\/gabonnouvellevision.com\/gnv\/2025\/07\/01\/eric-mebiame-invite-les-siens-a-prendre-part-massivement-a-lassemblee-generale-constitutive-du-parti-doligui-nguema-ce-samedi-05-juillet\/#primaryimage\"},\"image\":{\"@id\":\"https:\/\/gabonnouvellevision.com\/gnv\/2025\/07\/01\/eric-mebiame-invite-les-siens-a-prendre-part-massivement-a-lassemblee-generale-constitutive-du-parti-doligui-nguema-ce-samedi-05-juillet\/#primaryimage\"},\"thumbnailUrl\":\"https:\/\/gabonnouvellevision.com\/gnv\/wp-content\/uploads\/2025\/07\/WhatsApp-Image-2025-07-01-a-10.11.45_b31a3eca.jpg\",\"datePublished\":\"2025-07-01T14:43:26+00:00\",\"dateModified\":\"2025-07-01T14:44:31+00:00\",\"breadcrumb\":{\"@id\":\"https:\/\/gabonnouvellevision.com\/gnv\/2025\/07\/01\/eric-mebiame-invite-les-siens-a-prendre-part-massivement-a-lassemblee-generale-constitutive-du-parti-doligui-nguema-ce-samedi-05-juillet\/#breadcrumb\"},\"inLanguage\":\"fr-FR\",\"potentialAction\":[{\"@type\":\"ReadAction\",\"target\":[\"https:\/\/gabonnouvellevision.com\/gnv\/2025\/07\/01\/eric-mebiame-invite-les-siens-a-prendre-part-massivement-a-lassemblee-generale-constitutive-du-parti-doligui-nguema-ce-samedi-05-juillet\/\"]}]},{\"@type\":\"ImageObject\",\"inLanguage\":\"fr-FR\",\"@id\":\"https:\/\/gabonnouvellevision.com\/gnv\/2025\/07\/01\/eric-mebiame-invite-les-siens-a-prendre-part-massivement-a-lassemblee-generale-constitutive-du-parti-doligui-nguema-ce-samedi-05-juillet\/#primaryimage\",\"url\":\"https:\/\/gabonnouvellevision.com\/gnv\/wp-content\/uploads\/2025\/07\/WhatsApp-Image-2025-07-01-a-10.11.45_b31a3eca.jpg\",\"contentUrl\":\"https:\/\/gabonnouvellevision.com\/gnv\/wp-content\/uploads\/2025\/07\/WhatsApp-Image-2025-07-01-a-10.11.45_b31a3eca.jpg\",\"width\":1040,\"height\":780},{\"@type\":\"BreadcrumbList\",\"@id\":\"https:\/\/gabonnouvellevision.com\/gnv\/2025\/07\/01\/eric-mebiame-invite-les-siens-a-prendre-part-massivement-a-lassemblee-generale-constitutive-du-parti-doligui-nguema-ce-samedi-05-juillet\/#breadcrumb\",\"itemListElement\":[{\"@type\":\"ListItem\",\"position\":1,\"name\":\"Accueil\",\"item\":\"https:\/\/gabonnouvellevision.com\/gnv\/\"},{\"@type\":\"ListItem\",\"position\":2,\"name\":\"Eric Mebiame invite les siens \u00e0 prendre part massivement \u00e0 l\u2019Assembl\u00e9e G\u00e9n\u00e9rale constitutive du parti d\u2019Oligui Nguema ce samedi 05 juillet !\"}]},{\"@type\":\"WebSite\",\"@id\":\"https:\/\/gabonnouvellevision.com\/gnv\/#website\",\"url\":\"https:\/\/gabonnouvellevision.com\/gnv\/\",\"name\":\"Gabon Nouvelle Vision\",\"description\":\"\",\"publisher\":{\"@id\":\"https:\/\/gabonnouvellevision.com\/gnv\/#organization\"},\"potentialAction\":[{\"@type\":\"SearchAction\",\"target\":{\"@type\":\"EntryPoint\",\"urlTemplate\":\"https:\/\/gabonnouvellevision.com\/gnv\/?s={search_term_string}\"},\"query-input\":{\"@type\":\"PropertyValueSpecification\",\"valueRequired\":true,\"valueName\":\"search_term_string\"}}],\"inLanguage\":\"fr-FR\"},{\"@type\":\"Organization\",\"@id\":\"https:\/\/gabonnouvellevision.com\/gnv\/#organization\",\"name\":\"Gabon Nouvelle Vision\",\"url\":\"https:\/\/gabonnouvellevision.com\/gnv\/\",\"logo\":{\"@type\":\"ImageObject\",\"inLanguage\":\"fr-FR\",\"@id\":\"https:\/\/gabonnouvellevision.com\/gnv\/#\/schema\/logo\/image\/\",\"url\":\"https:\/\/gabonnouvellevision.com\/gnv\/wp-content\/uploads\/2025\/01\/logo-text_Plan-de-travail-1.png\",\"contentUrl\":\"https:\/\/gabonnouvellevision.com\/gnv\/wp-content\/uploads\/2025\/01\/logo-text_Plan-de-travail-1.png\",\"width\":7169,\"height\":2390,\"caption\":\"Gabon Nouvelle Vision\"},\"image\":{\"@id\":\"https:\/\/gabonnouvellevision.com\/gnv\/#\/schema\/logo\/image\/\"},\"sameAs\":[\"https:\/\/www.facebook.com\/GNVofficiel\"]},{\"@type\":\"Person\",\"@id\":\"https:\/\/gabonnouvellevision.com\/gnv\/#\/schema\/person\/4b48e07d222f83c0285affc3704bc899\",\"name\":\"Eyeng Obame\",\"image\":{\"@type\":\"ImageObject\",\"inLanguage\":\"fr-FR\",\"@id\":\"https:\/\/gabonnouvellevision.com\/gnv\/#\/schema\/person\/image\/\",\"url\":\"https:\/\/secure.gravatar.com\/avatar\/167bc03b8baf3c77318a47159f80871de6f5a6cbf4bc8b6af750fbc1a369d7bf?s=96&d=mm&r=g\",\"contentUrl\":\"https:\/\/secure.gravatar.com\/avatar\/167bc03b8baf3c77318a47159f80871de6f5a6cbf4bc8b6af750fbc1a369d7bf?s=96&d=mm&r=g\",\"caption\":\"Eyeng Obame\"},\"url\":\"https:\/\/gabonnouvellevision.com\/gnv\/author\/rufin\/\"}]}<\/script>\n<!-- \/ Yoast SEO plugin. -->","yoast_head_json":{"title":"Eric Mebiame invite les siens \u00e0 prendre part massivement \u00e0 l\u2019Assembl\u00e9e G\u00e9n\u00e9rale constitutive du parti d\u2019Oligui Nguema ce samedi 05 juillet ! - Gabon Nouvelle Vision","robots":{"index":"index","follow":"follow","max-snippet":"max-snippet:-1","max-image-preview":"max-image-preview:large","max-video-preview":"max-video-preview:-1"},"canonical":"https:\/\/gabonnouvellevision.com\/gnv\/2025\/07\/01\/eric-mebiame-invite-les-siens-a-prendre-part-massivement-a-lassemblee-generale-constitutive-du-parti-doligui-nguema-ce-samedi-05-juillet\/","og_locale":"fr_FR","og_type":"article","og_title":"Eric Mebiame invite les siens \u00e0 prendre part massivement \u00e0 l\u2019Assembl\u00e9e G\u00e9n\u00e9rale constitutive du parti d\u2019Oligui Nguema ce samedi 05 juillet ! - Gabon Nouvelle Vision","og_description":"Les feux de l\u2019actualit\u00e9 politique de la semaine restent marquer par l\u2019appel du Chef de l\u2019Etat, Brice Clotaire Oligui Nguema, qui tient \u00e0 cr\u00e9er sa formation politique dont l\u2019Assembl\u00e9e G\u00e9n\u00e9rale constitutive se tiendra d\u00e9sormais le 05 juillet prochain.&nbsp;Une initiative salu\u00e9e de vive voix &nbsp;par Eric Mebiame, Pr\u00e9sident du mouvement politique \u00abEn marche 2e&nbsp;Arrondissement&nbsp;\u00bb dans un [&hellip;]","og_url":"https:\/\/gabonnouvellevision.com\/gnv\/2025\/07\/01\/eric-mebiame-invite-les-siens-a-prendre-part-massivement-a-lassemblee-generale-constitutive-du-parti-doligui-nguema-ce-samedi-05-juillet\/","og_site_name":"Gabon Nouvelle Vision","article_publisher":"https:\/\/www.facebook.com\/GNVofficiel","article_published_time":"2025-07-01T14:43:26+00:00","article_modified_time":"2025-07-01T14:44:31+00:00","og_image":[{"width":1040,"height":780,"url":"https:\/\/gabonnouvellevision.com\/gnv\/wp-content\/uploads\/2025\/07\/WhatsApp-Image-2025-07-01-a-10.11.45_b31a3eca.jpg","type":"image\/jpeg"}],"author":"Eyeng Obame","twitter_card":"summary_large_image","twitter_misc":{"\u00c9crit par":"Eyeng Obame","Dur\u00e9e de lecture estim\u00e9e":"10 minutes"},"schema":{"@context":"https:\/\/schema.org","@graph":[{"@type":"Article","@id":"https:\/\/gabonnouvellevision.com\/gnv\/2025\/07\/01\/eric-mebiame-invite-les-siens-a-prendre-part-massivement-a-lassemblee-generale-constitutive-du-parti-doligui-nguema-ce-samedi-05-juillet\/#article","isPartOf":{"@id":"https:\/\/gabonnouvellevision.com\/gnv\/2025\/07\/01\/eric-mebiame-invite-les-siens-a-prendre-part-massivement-a-lassemblee-generale-constitutive-du-parti-doligui-nguema-ce-samedi-05-juillet\/"},"author":{"name":"Eyeng Obame","@id":"https:\/\/gabonnouvellevision.com\/gnv\/#\/schema\/person\/4b48e07d222f83c0285affc3704bc899"},"headline":"Eric Mebiame invite les siens \u00e0 prendre part massivement \u00e0 l\u2019Assembl\u00e9e G\u00e9n\u00e9rale constitutive du parti d\u2019Oligui Nguema ce samedi 05 juillet !","datePublished":"2025-07-01T14:43:26+00:00","dateModified":"2025-07-01T14:44:31+00:00","mainEntityOfPage":{"@id":"https:\/\/gabonnouvellevision.com\/gnv\/2025\/07\/01\/eric-mebiame-invite-les-siens-a-prendre-part-massivement-a-lassemblee-generale-constitutive-du-parti-doligui-nguema-ce-samedi-05-juillet\/"},"wordCount":2094,"commentCount":0,"publisher":{"@id":"https:\/\/gabonnouvellevision.com\/gnv\/#organization"},"image":{"@id":"https:\/\/gabonnouvellevision.com\/gnv\/2025\/07\/01\/eric-mebiame-invite-les-siens-a-prendre-part-massivement-a-lassemblee-generale-constitutive-du-parti-doligui-nguema-ce-samedi-05-juillet\/#primaryimage"},"thumbnailUrl":"https:\/\/gabonnouvellevision.com\/gnv\/wp-content\/uploads\/2025\/07\/WhatsApp-Image-2025-07-01-a-10.11.45_b31a3eca.jpg","articleSection":["A la une","Actualites","Politique"],"inLanguage":"fr-FR","potentialAction":[{"@type":"CommentAction","name":"Comment","target":["https:\/\/gabonnouvellevision.com\/gnv\/2025\/07\/01\/eric-mebiame-invite-les-siens-a-prendre-part-massivement-a-lassemblee-generale-constitutive-du-parti-doligui-nguema-ce-samedi-05-juillet\/#respond"]}]},{"@type":"WebPage","@id":"https:\/\/gabonnouvellevision.com\/gnv\/2025\/07\/01\/eric-mebiame-invite-les-siens-a-prendre-part-massivement-a-lassemblee-generale-constitutive-du-parti-doligui-nguema-ce-samedi-05-juillet\/","url":"https:\/\/gabonnouvellevision.com\/gnv\/2025\/07\/01\/eric-mebiame-invite-les-siens-a-prendre-part-massivement-a-lassemblee-generale-constitutive-du-parti-doligui-nguema-ce-samedi-05-juillet\/","name":"Eric Mebiame invite les siens \u00e0 prendre part massivement \u00e0 l\u2019Assembl\u00e9e G\u00e9n\u00e9rale constitutive du parti d\u2019Oligui Nguema ce samedi 05 juillet ! - Gabon Nouvelle Vision","isPartOf":{"@id":"https:\/\/gabonnouvellevision.com\/gnv\/#website"},"primaryImageOfPage":{"@id":"https:\/\/gabonnouvellevision.com\/gnv\/2025\/07\/01\/eric-mebiame-invite-les-siens-a-prendre-part-massivement-a-lassemblee-generale-constitutive-du-parti-doligui-nguema-ce-samedi-05-juillet\/#primaryimage"},"image":{"@id":"https:\/\/gabonnouvellevision.com\/gnv\/2025\/07\/01\/eric-mebiame-invite-les-siens-a-prendre-part-massivement-a-lassemblee-generale-constitutive-du-parti-doligui-nguema-ce-samedi-05-juillet\/#primaryimage"},"thumbnailUrl":"https:\/\/gabonnouvellevision.com\/gnv\/wp-content\/uploads\/2025\/07\/WhatsApp-Image-2025-07-01-a-10.11.45_b31a3eca.jpg","datePublished":"2025-07-01T14:43:26+00:00","dateModified":"2025-07-01T14:44:31+00:00","breadcrumb":{"@id":"https:\/\/gabonnouvellevision.com\/gnv\/2025\/07\/01\/eric-mebiame-invite-les-siens-a-prendre-part-massivement-a-lassemblee-generale-constitutive-du-parti-doligui-nguema-ce-samedi-05-juillet\/#breadcrumb"},"inLanguage":"fr-FR","potentialAction":[{"@type":"ReadAction","target":["https:\/\/gabonnouvellevision.com\/gnv\/2025\/07\/01\/eric-mebiame-invite-les-siens-a-prendre-part-massivement-a-lassemblee-generale-constitutive-du-parti-doligui-nguema-ce-samedi-05-juillet\/"]}]},{"@type":"ImageObject","inLanguage":"fr-FR","@id":"https:\/\/gabonnouvellevision.com\/gnv\/2025\/07\/01\/eric-mebiame-invite-les-siens-a-prendre-part-massivement-a-lassemblee-generale-constitutive-du-parti-doligui-nguema-ce-samedi-05-juillet\/#primaryimage","url":"https:\/\/gabonnouvellevision.com\/gnv\/wp-content\/uploads\/2025\/07\/WhatsApp-Image-2025-07-01-a-10.11.45_b31a3eca.jpg","contentUrl":"https:\/\/gabonnouvellevision.com\/gnv\/wp-content\/uploads\/2025\/07\/WhatsApp-Image-2025-07-01-a-10.11.45_b31a3eca.jpg","width":1040,"height":780},{"@type":"BreadcrumbList","@id":"https:\/\/gabonnouvellevision.com\/gnv\/2025\/07\/01\/eric-mebiame-invite-les-siens-a-prendre-part-massivement-a-lassemblee-generale-constitutive-du-parti-doligui-nguema-ce-samedi-05-juillet\/#breadcrumb","itemListElement":[{"@type":"ListItem","position":1,"name":"Accueil","item":"https:\/\/gabonnouvellevision.com\/gnv\/"},{"@type":"ListItem","position":2,"name":"Eric Mebiame invite les siens \u00e0 prendre part massivement \u00e0 l\u2019Assembl\u00e9e G\u00e9n\u00e9rale constitutive du parti d\u2019Oligui Nguema ce samedi 05 juillet !"}]},{"@type":"WebSite","@id":"https:\/\/gabonnouvellevision.com\/gnv\/#website","url":"https:\/\/gabonnouvellevision.com\/gnv\/","name":"Gabon Nouvelle Vision","description":"","publisher":{"@id":"https:\/\/gabonnouvellevision.com\/gnv\/#organization"},"potentialAction":[{"@type":"SearchAction","target":{"@type":"EntryPoint","urlTemplate":"https:\/\/gabonnouvellevision.com\/gnv\/?s={search_term_string}"},"query-input":{"@type":"PropertyValueSpecification","valueRequired":true,"valueName":"search_term_string"}}],"inLanguage":"fr-FR"},{"@type":"Organization","@id":"https:\/\/gabonnouvellevision.com\/gnv\/#organization","name":"Gabon Nouvelle Vision","url":"https:\/\/gabonnouvellevision.com\/gnv\/","logo":{"@type":"ImageObject","inLanguage":"fr-FR","@id":"https:\/\/gabonnouvellevision.com\/gnv\/#\/schema\/logo\/image\/","url":"https:\/\/gabonnouvellevision.com\/gnv\/wp-content\/uploads\/2025\/01\/logo-text_Plan-de-travail-1.png","contentUrl":"https:\/\/gabonnouvellevision.com\/gnv\/wp-content\/uploads\/2025\/01\/logo-text_Plan-de-travail-1.png","width":7169,"height":2390,"caption":"Gabon Nouvelle Vision"},"image":{"@id":"https:\/\/gabonnouvellevision.com\/gnv\/#\/schema\/logo\/image\/"},"sameAs":["https:\/\/www.facebook.com\/GNVofficiel"]},{"@type":"Person","@id":"https:\/\/gabonnouvellevision.com\/gnv\/#\/schema\/person\/4b48e07d222f83c0285affc3704bc899","name":"Eyeng Obame","image":{"@type":"ImageObject","inLanguage":"fr-FR","@id":"https:\/\/gabonnouvellevision.com\/gnv\/#\/schema\/person\/image\/","url":"https:\/\/secure.gravatar.com\/avatar\/167bc03b8baf3c77318a47159f80871de6f5a6cbf4bc8b6af750fbc1a369d7bf?s=96&d=mm&r=g","contentUrl":"https:\/\/secure.gravatar.com\/avatar\/167bc03b8baf3c77318a47159f80871de6f5a6cbf4bc8b6af750fbc1a369d7bf?s=96&d=mm&r=g","caption":"Eyeng Obame"},"url":"https:\/\/gabonnouvellevision.com\/gnv\/author\/rufin\/"}]}},"_links":{"self":[{"href":"https:\/\/gabonnouvellevision.com\/gnv\/wp-json\/wp\/v2\/posts\/24065","targetHints":{"allow":["GET"]}}],"collection":[{"href":"https:\/\/gabonnouvellevision.com\/gnv\/wp-json\/wp\/v2\/posts"}],"about":[{"href":"https:\/\/gabonnouvellevision.com\/gnv\/wp-json\/wp\/v2\/types\/post"}],"author":[{"embeddable":true,"href":"https:\/\/gabonnouvellevision.com\/gnv\/wp-json\/wp\/v2\/users\/7"}],"replies":[{"embeddable":true,"href":"https:\/\/gabonnouvellevision.com\/gnv\/wp-json\/wp\/v2\/comments?post=24065"}],"version-history":[{"count":2,"href":"https:\/\/gabonnouvellevision.com\/gnv\/wp-json\/wp\/v2\/posts\/24065\/revisions"}],"predecessor-version":[{"id":24068,"href":"https:\/\/gabonnouvellevision.com\/gnv\/wp-json\/wp\/v2\/posts\/24065\/revisions\/24068"}],"wp:featuredmedia":[{"embeddable":true,"href":"https:\/\/gabonnouvellevision.com\/gnv\/wp-json\/wp\/v2\/media\/24066"}],"wp:attachment":[{"href":"https:\/\/gabonnouvellevision.com\/gnv\/wp-json\/wp\/v2\/media?parent=24065"}],"wp:term":[{"taxonomy":"category","embeddable":true,"href":"https:\/\/gabonnouvellevision.com\/gnv\/wp-json\/wp\/v2\/categories?post=24065"},{"taxonomy":"post_tag","embeddable":true,"href":"https:\/\/gabonnouvellevision.com\/gnv\/wp-json\/wp\/v2\/tags?post=24065"}],"curies":[{"name":"wp","href":"https:\/\/api.w.org\/{rel}","templated":true}]}}