{"id":24048,"date":"2025-06-26T18:33:55","date_gmt":"2025-06-26T16:33:55","guid":{"rendered":"https:\/\/gabonnouvellevision.com\/gnv\/?p=24048"},"modified":"2025-06-26T18:33:57","modified_gmt":"2025-06-26T16:33:57","slug":"le-president-oligui-nguema-coordonne-la-manoeuvre-militaire-ukal-dimbu-2025","status":"publish","type":"post","link":"https:\/\/gabonnouvellevision.com\/gnv\/2025\/06\/26\/le-president-oligui-nguema-coordonne-la-manoeuvre-militaire-ukal-dimbu-2025\/","title":{"rendered":"Le Pr\u00e9sident Oligui Nguema coordonne la Man\u0153uvre militaire \u2018\u2019Ukal Dimbu 2025\u2019\u2019"},"content":{"rendered":"\n<p><strong>Le Pr\u00e9sident Oligui Nguema passant en revue les forces en pr\u00e9sence \u00e0&nbsp;la Man\u0153uvre militaire \u2018\u2019Ukal Dimbu 2025\u2019\u2019<\/strong>.Com.Pr\u00e9sidentielle<\/p>\n\n\n\n<p><em><strong>Le Pr\u00e9sident de la R\u00e9publique, Chef supr\u00eame des Forces Arm\u00e9es Gabonais, Brice Clotaire Oligui Nguema a pris part \u00e0 une man\u0153uvre militaire organis\u00e9e \u00e0 Ayeme-Plaine, dans le d\u00e9partement du Komo Mondah \u00e0 Ntoum par le Minist\u00e8re de la D\u00e9fense Nationale<\/strong><\/em><strong>.<\/strong><\/p>\n\n\n\n<p>En treillis militaire, le Pr\u00e9sident de la R\u00e9publique, Brice Clotaire Oligui Nguema, &nbsp;Chef Supr\u00eame des Forces de D\u00e9fense et de S\u00e9curit\u00e9 s\u2019est pr\u00eat\u00e9 \u00e0 cette activit\u00e9 militaire\u2019\u2019Ukal Dimbu 2025\u2019\u2019, bas\u00e9e sur une op\u00e9ration offensive strat\u00e9gique men\u00e9e avec maestria par le 1er Escadron de reconnaissance et de combat.<\/p>\n\n\n\n<p>L\u2019exercice pratique a consist\u00e9 \u00e0 r\u00e9duire un \u00e9l\u00e9ment ennemi retranch\u00e9, dans un contexte de tensions croissantes sur l\u2019axe Nkoltang-Ntoum.<\/p>\n\n\n\n<p>\u2018\u2019Cet entra\u00eenement de terrain permet de renforcer la coordination, la r\u00e9activit\u00e9 et le professionnalisme de nos troupes dans la conduite d\u2019op\u00e9rations complexes\u201d a rappel\u00e9 un officier sup\u00e9rieur sous couvert d\u2019anonymat. &nbsp;Ces op\u00e9rations s\u2019ach\u00e8vent ce samedi 28 &nbsp;juin dans la zone de la Baie de la Mondah \u2013 Cocobeach, avec la Marine nationale et la conduite d\u2019actions humanitaires, notamment la gestion des populations d\u00e9plac\u00e9es, coordonn\u00e9es par la gendarmerie nationale et le service de sant\u00e9 militaire.<\/p>\n\n\n\n<p><strong>Rufin Martiel Oke Nze<\/strong><\/p>\n","protected":false},"excerpt":{"rendered":"<p>Le Pr\u00e9sident Oligui Nguema passant en revue les forces en pr\u00e9sence \u00e0&nbsp;la Man\u0153uvre militaire \u2018\u2019Ukal Dimbu 2025\u2019\u2019.Com.Pr\u00e9sidentielle Le Pr\u00e9sident de la R\u00e9publique, Chef supr\u00eame des Forces Arm\u00e9es Gabonais, Brice Clotaire Oligui Nguema a pris part \u00e0 une man\u0153uvre militaire organis\u00e9e \u00e0 Ayeme-Plaine, dans le d\u00e9partement du Komo Mondah \u00e0 Ntoum par le Minist\u00e8re de la [&hellip;]<\/p>\n","protected":false},"author":7,"featured_media":24049,"comment_status":"open","ping_status":"open","sticky":false,"template":"","format":"standard","meta":{"footnotes":""},"categories":[57,55,56],"tags":[],"class_list":["post-24048","post","type-post","status-publish","format-standard","has-post-thumbnail","hentry","category-a-la-une","category-actualites","category-societe"],"yoast_head":"<!-- This site is optimized with the Yoast SEO plugin v24.2 - https:\/\/yoast.com\/wordpress\/plugins\/seo\/ -->\n<title>Le Pr\u00e9sident Oligui Nguema coordonne la Man\u0153uvre militaire \u2018\u2019Ukal Dimbu 2025\u2019\u2019 - Gabon Nouvelle Vision<\/title>\n<meta name=\"robots\" content=\"index, follow, max-snippet:-1, max-image-preview:large, max-video-preview:-1\" \/>\n<link rel=\"canonical\" href=\"https:\/\/gabonnouvellevision.com\/gnv\/2025\/06\/26\/le-president-oligui-nguema-coordonne-la-manoeuvre-militaire-ukal-dimbu-2025\/\" \/>\n<meta property=\"og:locale\" content=\"fr_FR\" \/>\n<meta property=\"og:type\" content=\"article\" \/>\n<meta property=\"og:title\" content=\"Le Pr\u00e9sident Oligui Nguema coordonne la Man\u0153uvre militaire \u2018\u2019Ukal Dimbu 2025\u2019\u2019 - Gabon Nouvelle Vision\" \/>\n<meta property=\"og:description\" content=\"Le Pr\u00e9sident Oligui Nguema passant en revue les forces en pr\u00e9sence \u00e0&nbsp;la Man\u0153uvre militaire \u2018\u2019Ukal Dimbu 2025\u2019\u2019.Com.Pr\u00e9sidentielle Le Pr\u00e9sident de la R\u00e9publique, Chef supr\u00eame des Forces Arm\u00e9es Gabonais, Brice Clotaire Oligui Nguema a pris part \u00e0 une man\u0153uvre militaire organis\u00e9e \u00e0 Ayeme-Plaine, dans le d\u00e9partement du Komo Mondah \u00e0 Ntoum par le Minist\u00e8re de la [&hellip;]\" \/>\n<meta property=\"og:url\" content=\"https:\/\/gabonnouvellevision.com\/gnv\/2025\/06\/26\/le-president-oligui-nguema-coordonne-la-manoeuvre-militaire-ukal-dimbu-2025\/\" \/>\n<meta property=\"og:site_name\" content=\"Gabon Nouvelle Vision\" \/>\n<meta property=\"article:publisher\" content=\"https:\/\/www.facebook.com\/GNVofficiel\" \/>\n<meta property=\"article:published_time\" content=\"2025-06-26T16:33:55+00:00\" \/>\n<meta property=\"article:modified_time\" content=\"2025-06-26T16:33:57+00:00\" \/>\n<meta property=\"og:image\" content=\"https:\/\/gabonnouvellevision.com\/gnv\/wp-content\/uploads\/2025\/06\/511311351_122147277164596964_3565697493638858765_n.jpg\" \/>\n\t<meta property=\"og:image:width\" content=\"1440\" \/>\n\t<meta property=\"og:image:height\" content=\"960\" \/>\n\t<meta property=\"og:image:type\" content=\"image\/jpeg\" \/>\n<meta name=\"author\" content=\"Eyeng Obame\" \/>\n<meta name=\"twitter:card\" content=\"summary_large_image\" \/>\n<meta name=\"twitter:label1\" content=\"\u00c9crit par\" \/>\n\t<meta name=\"twitter:data1\" content=\"Eyeng Obame\" \/>\n\t<meta name=\"twitter:label2\" content=\"Dur\u00e9e de lecture estim\u00e9e\" \/>\n\t<meta name=\"twitter:data2\" content=\"2 minutes\" \/>\n<script type=\"application\/ld+json\" class=\"yoast-schema-graph\">{\"@context\":\"https:\/\/schema.org\",\"@graph\":[{\"@type\":\"Article\",\"@id\":\"https:\/\/gabonnouvellevision.com\/gnv\/2025\/06\/26\/le-president-oligui-nguema-coordonne-la-manoeuvre-militaire-ukal-dimbu-2025\/#article\",\"isPartOf\":{\"@id\":\"https:\/\/gabonnouvellevision.com\/gnv\/2025\/06\/26\/le-president-oligui-nguema-coordonne-la-manoeuvre-militaire-ukal-dimbu-2025\/\"},\"author\":{\"name\":\"Eyeng Obame\",\"@id\":\"https:\/\/gabonnouvellevision.com\/gnv\/#\/schema\/person\/4b48e07d222f83c0285affc3704bc899\"},\"headline\":\"Le Pr\u00e9sident Oligui Nguema coordonne la Man\u0153uvre militaire \u2018\u2019Ukal Dimbu 2025\u2019\u2019\",\"datePublished\":\"2025-06-26T16:33:55+00:00\",\"dateModified\":\"2025-06-26T16:33:57+00:00\",\"mainEntityOfPage\":{\"@id\":\"https:\/\/gabonnouvellevision.com\/gnv\/2025\/06\/26\/le-president-oligui-nguema-coordonne-la-manoeuvre-militaire-ukal-dimbu-2025\/\"},\"wordCount\":252,\"commentCount\":0,\"publisher\":{\"@id\":\"https:\/\/gabonnouvellevision.com\/gnv\/#organization\"},\"image\":{\"@id\":\"https:\/\/gabonnouvellevision.com\/gnv\/2025\/06\/26\/le-president-oligui-nguema-coordonne-la-manoeuvre-militaire-ukal-dimbu-2025\/#primaryimage\"},\"thumbnailUrl\":\"https:\/\/gabonnouvellevision.com\/gnv\/wp-content\/uploads\/2025\/06\/511311351_122147277164596964_3565697493638858765_n.jpg\",\"articleSection\":[\"A la une\",\"Actualites\",\"Societe\"],\"inLanguage\":\"fr-FR\",\"potentialAction\":[{\"@type\":\"CommentAction\",\"name\":\"Comment\",\"target\":[\"https:\/\/gabonnouvellevision.com\/gnv\/2025\/06\/26\/le-president-oligui-nguema-coordonne-la-manoeuvre-militaire-ukal-dimbu-2025\/#respond\"]}]},{\"@type\":\"WebPage\",\"@id\":\"https:\/\/gabonnouvellevision.com\/gnv\/2025\/06\/26\/le-president-oligui-nguema-coordonne-la-manoeuvre-militaire-ukal-dimbu-2025\/\",\"url\":\"https:\/\/gabonnouvellevision.com\/gnv\/2025\/06\/26\/le-president-oligui-nguema-coordonne-la-manoeuvre-militaire-ukal-dimbu-2025\/\",\"name\":\"Le Pr\u00e9sident Oligui Nguema coordonne la Man\u0153uvre militaire \u2018\u2019Ukal Dimbu 2025\u2019\u2019 - Gabon Nouvelle Vision\",\"isPartOf\":{\"@id\":\"https:\/\/gabonnouvellevision.com\/gnv\/#website\"},\"primaryImageOfPage\":{\"@id\":\"https:\/\/gabonnouvellevision.com\/gnv\/2025\/06\/26\/le-president-oligui-nguema-coordonne-la-manoeuvre-militaire-ukal-dimbu-2025\/#primaryimage\"},\"image\":{\"@id\":\"https:\/\/gabonnouvellevision.com\/gnv\/2025\/06\/26\/le-president-oligui-nguema-coordonne-la-manoeuvre-militaire-ukal-dimbu-2025\/#primaryimage\"},\"thumbnailUrl\":\"https:\/\/gabonnouvellevision.com\/gnv\/wp-content\/uploads\/2025\/06\/511311351_122147277164596964_3565697493638858765_n.jpg\",\"datePublished\":\"2025-06-26T16:33:55+00:00\",\"dateModified\":\"2025-06-26T16:33:57+00:00\",\"breadcrumb\":{\"@id\":\"https:\/\/gabonnouvellevision.com\/gnv\/2025\/06\/26\/le-president-oligui-nguema-coordonne-la-manoeuvre-militaire-ukal-dimbu-2025\/#breadcrumb\"},\"inLanguage\":\"fr-FR\",\"potentialAction\":[{\"@type\":\"ReadAction\",\"target\":[\"https:\/\/gabonnouvellevision.com\/gnv\/2025\/06\/26\/le-president-oligui-nguema-coordonne-la-manoeuvre-militaire-ukal-dimbu-2025\/\"]}]},{\"@type\":\"ImageObject\",\"inLanguage\":\"fr-FR\",\"@id\":\"https:\/\/gabonnouvellevision.com\/gnv\/2025\/06\/26\/le-president-oligui-nguema-coordonne-la-manoeuvre-militaire-ukal-dimbu-2025\/#primaryimage\",\"url\":\"https:\/\/gabonnouvellevision.com\/gnv\/wp-content\/uploads\/2025\/06\/511311351_122147277164596964_3565697493638858765_n.jpg\",\"contentUrl\":\"https:\/\/gabonnouvellevision.com\/gnv\/wp-content\/uploads\/2025\/06\/511311351_122147277164596964_3565697493638858765_n.jpg\",\"width\":1440,\"height\":960},{\"@type\":\"BreadcrumbList\",\"@id\":\"https:\/\/gabonnouvellevision.com\/gnv\/2025\/06\/26\/le-president-oligui-nguema-coordonne-la-manoeuvre-militaire-ukal-dimbu-2025\/#breadcrumb\",\"itemListElement\":[{\"@type\":\"ListItem\",\"position\":1,\"name\":\"Accueil\",\"item\":\"https:\/\/gabonnouvellevision.com\/gnv\/\"},{\"@type\":\"ListItem\",\"position\":2,\"name\":\"Le Pr\u00e9sident Oligui Nguema coordonne la Man\u0153uvre militaire \u2018\u2019Ukal Dimbu 2025\u2019\u2019\"}]},{\"@type\":\"WebSite\",\"@id\":\"https:\/\/gabonnouvellevision.com\/gnv\/#website\",\"url\":\"https:\/\/gabonnouvellevision.com\/gnv\/\",\"name\":\"Gabon Nouvelle Vision\",\"description\":\"\",\"publisher\":{\"@id\":\"https:\/\/gabonnouvellevision.com\/gnv\/#organization\"},\"potentialAction\":[{\"@type\":\"SearchAction\",\"target\":{\"@type\":\"EntryPoint\",\"urlTemplate\":\"https:\/\/gabonnouvellevision.com\/gnv\/?s={search_term_string}\"},\"query-input\":{\"@type\":\"PropertyValueSpecification\",\"valueRequired\":true,\"valueName\":\"search_term_string\"}}],\"inLanguage\":\"fr-FR\"},{\"@type\":\"Organization\",\"@id\":\"https:\/\/gabonnouvellevision.com\/gnv\/#organization\",\"name\":\"Gabon Nouvelle Vision\",\"url\":\"https:\/\/gabonnouvellevision.com\/gnv\/\",\"logo\":{\"@type\":\"ImageObject\",\"inLanguage\":\"fr-FR\",\"@id\":\"https:\/\/gabonnouvellevision.com\/gnv\/#\/schema\/logo\/image\/\",\"url\":\"https:\/\/gabonnouvellevision.com\/gnv\/wp-content\/uploads\/2025\/01\/logo-text_Plan-de-travail-1.png\",\"contentUrl\":\"https:\/\/gabonnouvellevision.com\/gnv\/wp-content\/uploads\/2025\/01\/logo-text_Plan-de-travail-1.png\",\"width\":7169,\"height\":2390,\"caption\":\"Gabon Nouvelle Vision\"},\"image\":{\"@id\":\"https:\/\/gabonnouvellevision.com\/gnv\/#\/schema\/logo\/image\/\"},\"sameAs\":[\"https:\/\/www.facebook.com\/GNVofficiel\"]},{\"@type\":\"Person\",\"@id\":\"https:\/\/gabonnouvellevision.com\/gnv\/#\/schema\/person\/4b48e07d222f83c0285affc3704bc899\",\"name\":\"Eyeng Obame\",\"image\":{\"@type\":\"ImageObject\",\"inLanguage\":\"fr-FR\",\"@id\":\"https:\/\/gabonnouvellevision.com\/gnv\/#\/schema\/person\/image\/\",\"url\":\"https:\/\/secure.gravatar.com\/avatar\/167bc03b8baf3c77318a47159f80871de6f5a6cbf4bc8b6af750fbc1a369d7bf?s=96&d=mm&r=g\",\"contentUrl\":\"https:\/\/secure.gravatar.com\/avatar\/167bc03b8baf3c77318a47159f80871de6f5a6cbf4bc8b6af750fbc1a369d7bf?s=96&d=mm&r=g\",\"caption\":\"Eyeng Obame\"},\"url\":\"https:\/\/gabonnouvellevision.com\/gnv\/author\/rufin\/\"}]}<\/script>\n<!-- \/ Yoast SEO plugin. -->","yoast_head_json":{"title":"Le Pr\u00e9sident Oligui Nguema coordonne la Man\u0153uvre militaire \u2018\u2019Ukal Dimbu 2025\u2019\u2019 - Gabon Nouvelle Vision","robots":{"index":"index","follow":"follow","max-snippet":"max-snippet:-1","max-image-preview":"max-image-preview:large","max-video-preview":"max-video-preview:-1"},"canonical":"https:\/\/gabonnouvellevision.com\/gnv\/2025\/06\/26\/le-president-oligui-nguema-coordonne-la-manoeuvre-militaire-ukal-dimbu-2025\/","og_locale":"fr_FR","og_type":"article","og_title":"Le Pr\u00e9sident Oligui Nguema coordonne la Man\u0153uvre militaire \u2018\u2019Ukal Dimbu 2025\u2019\u2019 - Gabon Nouvelle Vision","og_description":"Le Pr\u00e9sident Oligui Nguema passant en revue les forces en pr\u00e9sence \u00e0&nbsp;la Man\u0153uvre militaire \u2018\u2019Ukal Dimbu 2025\u2019\u2019.Com.Pr\u00e9sidentielle Le Pr\u00e9sident de la R\u00e9publique, Chef supr\u00eame des Forces Arm\u00e9es Gabonais, Brice Clotaire Oligui Nguema a pris part \u00e0 une man\u0153uvre militaire organis\u00e9e \u00e0 Ayeme-Plaine, dans le d\u00e9partement du Komo Mondah \u00e0 Ntoum par le Minist\u00e8re de la [&hellip;]","og_url":"https:\/\/gabonnouvellevision.com\/gnv\/2025\/06\/26\/le-president-oligui-nguema-coordonne-la-manoeuvre-militaire-ukal-dimbu-2025\/","og_site_name":"Gabon Nouvelle Vision","article_publisher":"https:\/\/www.facebook.com\/GNVofficiel","article_published_time":"2025-06-26T16:33:55+00:00","article_modified_time":"2025-06-26T16:33:57+00:00","og_image":[{"width":1440,"height":960,"url":"https:\/\/gabonnouvellevision.com\/gnv\/wp-content\/uploads\/2025\/06\/511311351_122147277164596964_3565697493638858765_n.jpg","type":"image\/jpeg"}],"author":"Eyeng Obame","twitter_card":"summary_large_image","twitter_misc":{"\u00c9crit par":"Eyeng Obame","Dur\u00e9e de lecture estim\u00e9e":"2 minutes"},"schema":{"@context":"https:\/\/schema.org","@graph":[{"@type":"Article","@id":"https:\/\/gabonnouvellevision.com\/gnv\/2025\/06\/26\/le-president-oligui-nguema-coordonne-la-manoeuvre-militaire-ukal-dimbu-2025\/#article","isPartOf":{"@id":"https:\/\/gabonnouvellevision.com\/gnv\/2025\/06\/26\/le-president-oligui-nguema-coordonne-la-manoeuvre-militaire-ukal-dimbu-2025\/"},"author":{"name":"Eyeng Obame","@id":"https:\/\/gabonnouvellevision.com\/gnv\/#\/schema\/person\/4b48e07d222f83c0285affc3704bc899"},"headline":"Le Pr\u00e9sident Oligui Nguema coordonne la Man\u0153uvre militaire \u2018\u2019Ukal Dimbu 2025\u2019\u2019","datePublished":"2025-06-26T16:33:55+00:00","dateModified":"2025-06-26T16:33:57+00:00","mainEntityOfPage":{"@id":"https:\/\/gabonnouvellevision.com\/gnv\/2025\/06\/26\/le-president-oligui-nguema-coordonne-la-manoeuvre-militaire-ukal-dimbu-2025\/"},"wordCount":252,"commentCount":0,"publisher":{"@id":"https:\/\/gabonnouvellevision.com\/gnv\/#organization"},"image":{"@id":"https:\/\/gabonnouvellevision.com\/gnv\/2025\/06\/26\/le-president-oligui-nguema-coordonne-la-manoeuvre-militaire-ukal-dimbu-2025\/#primaryimage"},"thumbnailUrl":"https:\/\/gabonnouvellevision.com\/gnv\/wp-content\/uploads\/2025\/06\/511311351_122147277164596964_3565697493638858765_n.jpg","articleSection":["A la une","Actualites","Societe"],"inLanguage":"fr-FR","potentialAction":[{"@type":"CommentAction","name":"Comment","target":["https:\/\/gabonnouvellevision.com\/gnv\/2025\/06\/26\/le-president-oligui-nguema-coordonne-la-manoeuvre-militaire-ukal-dimbu-2025\/#respond"]}]},{"@type":"WebPage","@id":"https:\/\/gabonnouvellevision.com\/gnv\/2025\/06\/26\/le-president-oligui-nguema-coordonne-la-manoeuvre-militaire-ukal-dimbu-2025\/","url":"https:\/\/gabonnouvellevision.com\/gnv\/2025\/06\/26\/le-president-oligui-nguema-coordonne-la-manoeuvre-militaire-ukal-dimbu-2025\/","name":"Le Pr\u00e9sident Oligui Nguema coordonne la Man\u0153uvre militaire \u2018\u2019Ukal Dimbu 2025\u2019\u2019 - Gabon Nouvelle Vision","isPartOf":{"@id":"https:\/\/gabonnouvellevision.com\/gnv\/#website"},"primaryImageOfPage":{"@id":"https:\/\/gabonnouvellevision.com\/gnv\/2025\/06\/26\/le-president-oligui-nguema-coordonne-la-manoeuvre-militaire-ukal-dimbu-2025\/#primaryimage"},"image":{"@id":"https:\/\/gabonnouvellevision.com\/gnv\/2025\/06\/26\/le-president-oligui-nguema-coordonne-la-manoeuvre-militaire-ukal-dimbu-2025\/#primaryimage"},"thumbnailUrl":"https:\/\/gabonnouvellevision.com\/gnv\/wp-content\/uploads\/2025\/06\/511311351_122147277164596964_3565697493638858765_n.jpg","datePublished":"2025-06-26T16:33:55+00:00","dateModified":"2025-06-26T16:33:57+00:00","breadcrumb":{"@id":"https:\/\/gabonnouvellevision.com\/gnv\/2025\/06\/26\/le-president-oligui-nguema-coordonne-la-manoeuvre-militaire-ukal-dimbu-2025\/#breadcrumb"},"inLanguage":"fr-FR","potentialAction":[{"@type":"ReadAction","target":["https:\/\/gabonnouvellevision.com\/gnv\/2025\/06\/26\/le-president-oligui-nguema-coordonne-la-manoeuvre-militaire-ukal-dimbu-2025\/"]}]},{"@type":"ImageObject","inLanguage":"fr-FR","@id":"https:\/\/gabonnouvellevision.com\/gnv\/2025\/06\/26\/le-president-oligui-nguema-coordonne-la-manoeuvre-militaire-ukal-dimbu-2025\/#primaryimage","url":"https:\/\/gabonnouvellevision.com\/gnv\/wp-content\/uploads\/2025\/06\/511311351_122147277164596964_3565697493638858765_n.jpg","contentUrl":"https:\/\/gabonnouvellevision.com\/gnv\/wp-content\/uploads\/2025\/06\/511311351_122147277164596964_3565697493638858765_n.jpg","width":1440,"height":960},{"@type":"BreadcrumbList","@id":"https:\/\/gabonnouvellevision.com\/gnv\/2025\/06\/26\/le-president-oligui-nguema-coordonne-la-manoeuvre-militaire-ukal-dimbu-2025\/#breadcrumb","itemListElement":[{"@type":"ListItem","position":1,"name":"Accueil","item":"https:\/\/gabonnouvellevision.com\/gnv\/"},{"@type":"ListItem","position":2,"name":"Le Pr\u00e9sident Oligui Nguema coordonne la Man\u0153uvre militaire \u2018\u2019Ukal Dimbu 2025\u2019\u2019"}]},{"@type":"WebSite","@id":"https:\/\/gabonnouvellevision.com\/gnv\/#website","url":"https:\/\/gabonnouvellevision.com\/gnv\/","name":"Gabon Nouvelle Vision","description":"","publisher":{"@id":"https:\/\/gabonnouvellevision.com\/gnv\/#organization"},"potentialAction":[{"@type":"SearchAction","target":{"@type":"EntryPoint","urlTemplate":"https:\/\/gabonnouvellevision.com\/gnv\/?s={search_term_string}"},"query-input":{"@type":"PropertyValueSpecification","valueRequired":true,"valueName":"search_term_string"}}],"inLanguage":"fr-FR"},{"@type":"Organization","@id":"https:\/\/gabonnouvellevision.com\/gnv\/#organization","name":"Gabon Nouvelle Vision","url":"https:\/\/gabonnouvellevision.com\/gnv\/","logo":{"@type":"ImageObject","inLanguage":"fr-FR","@id":"https:\/\/gabonnouvellevision.com\/gnv\/#\/schema\/logo\/image\/","url":"https:\/\/gabonnouvellevision.com\/gnv\/wp-content\/uploads\/2025\/01\/logo-text_Plan-de-travail-1.png","contentUrl":"https:\/\/gabonnouvellevision.com\/gnv\/wp-content\/uploads\/2025\/01\/logo-text_Plan-de-travail-1.png","width":7169,"height":2390,"caption":"Gabon Nouvelle Vision"},"image":{"@id":"https:\/\/gabonnouvellevision.com\/gnv\/#\/schema\/logo\/image\/"},"sameAs":["https:\/\/www.facebook.com\/GNVofficiel"]},{"@type":"Person","@id":"https:\/\/gabonnouvellevision.com\/gnv\/#\/schema\/person\/4b48e07d222f83c0285affc3704bc899","name":"Eyeng Obame","image":{"@type":"ImageObject","inLanguage":"fr-FR","@id":"https:\/\/gabonnouvellevision.com\/gnv\/#\/schema\/person\/image\/","url":"https:\/\/secure.gravatar.com\/avatar\/167bc03b8baf3c77318a47159f80871de6f5a6cbf4bc8b6af750fbc1a369d7bf?s=96&d=mm&r=g","contentUrl":"https:\/\/secure.gravatar.com\/avatar\/167bc03b8baf3c77318a47159f80871de6f5a6cbf4bc8b6af750fbc1a369d7bf?s=96&d=mm&r=g","caption":"Eyeng Obame"},"url":"https:\/\/gabonnouvellevision.com\/gnv\/author\/rufin\/"}]}},"_links":{"self":[{"href":"https:\/\/gabonnouvellevision.com\/gnv\/wp-json\/wp\/v2\/posts\/24048","targetHints":{"allow":["GET"]}}],"collection":[{"href":"https:\/\/gabonnouvellevision.com\/gnv\/wp-json\/wp\/v2\/posts"}],"about":[{"href":"https:\/\/gabonnouvellevision.com\/gnv\/wp-json\/wp\/v2\/types\/post"}],"author":[{"embeddable":true,"href":"https:\/\/gabonnouvellevision.com\/gnv\/wp-json\/wp\/v2\/users\/7"}],"replies":[{"embeddable":true,"href":"https:\/\/gabonnouvellevision.com\/gnv\/wp-json\/wp\/v2\/comments?post=24048"}],"version-history":[{"count":1,"href":"https:\/\/gabonnouvellevision.com\/gnv\/wp-json\/wp\/v2\/posts\/24048\/revisions"}],"predecessor-version":[{"id":24050,"href":"https:\/\/gabonnouvellevision.com\/gnv\/wp-json\/wp\/v2\/posts\/24048\/revisions\/24050"}],"wp:featuredmedia":[{"embeddable":true,"href":"https:\/\/gabonnouvellevision.com\/gnv\/wp-json\/wp\/v2\/media\/24049"}],"wp:attachment":[{"href":"https:\/\/gabonnouvellevision.com\/gnv\/wp-json\/wp\/v2\/media?parent=24048"}],"wp:term":[{"taxonomy":"category","embeddable":true,"href":"https:\/\/gabonnouvellevision.com\/gnv\/wp-json\/wp\/v2\/categories?post=24048"},{"taxonomy":"post_tag","embeddable":true,"href":"https:\/\/gabonnouvellevision.com\/gnv\/wp-json\/wp\/v2\/tags?post=24048"}],"curies":[{"name":"wp","href":"https:\/\/api.w.org\/{rel}","templated":true}]}}