{"id":24045,"date":"2025-06-25T11:19:15","date_gmt":"2025-06-25T09:19:15","guid":{"rendered":"https:\/\/gabonnouvellevision.com\/gnv\/?p=24045"},"modified":"2025-06-25T11:19:16","modified_gmt":"2025-06-25T09:19:16","slug":"le-ministre-ulrich-mamfoumbi-mamfoumbi-attendu-ce-mercredi-a-loprag","status":"publish","type":"post","link":"https:\/\/gabonnouvellevision.com\/gnv\/2025\/06\/25\/le-ministre-ulrich-mamfoumbi-mamfoumbi-attendu-ce-mercredi-a-loprag\/","title":{"rendered":"Le Ministre Ulrich Mamfoumbi Mamfoumbi attendu ce mercredi \u00e0 l\u2019OPRAG"},"content":{"rendered":"\n<p><strong><em>Le Directeur G\u00e9n\u00e9ral de l\u2019OPRAG, Martin Boguikouma, en s\u00e9ance de travail avec ses collaborateurs. Com.OPRAG<\/em><\/strong><\/p>\n\n\n\n<p><strong><em>Dans le cadre de sa tourn\u00e9e de prise de contact avec les administrations plac\u00e9es sous sa tutelle, le Ministre d\u2019\u00c9tat, Ministre des Transports, de la Marine Marchande et de la Logistique, Monsieur Ulrich Mamfoumbi Mamfoumbi , se rend ce mercredi 25 juin 2025 \u00e0 la Direction G\u00e9n\u00e9rale de l\u2019Office des Ports et Rades du Gabon, \u00e0 Owendo<\/em>.<\/strong><\/p>\n\n\n\n<p>C\u2019est donc en pr\u00e9lude \u00e0 cette visite officielle qu\u2019une s\u00e9ance de travail s\u2019est tenue hier \u00e0 l\u2019Office des Ports et Rades du Gabon sous la supervision du Directeur G\u00e9n\u00e9ral, Martin Boguikouma, pour harmoniser les actions &nbsp;mener et de peaufiner les derniers r\u00e9glages en vue de garantir un accueil \u00e0 la hauteur de l\u2019importance de cette visite gouvernementale.<\/p>\n\n\n\n<p>\u00ab&nbsp;Ce tour de table est le reflet de la mobilisation totale des \u00e9quipes de l\u2019OPRAG pour assurer le bon d\u00e9roulement de cette tradition protocolaire de haut niveau&nbsp;\u00bb indique le compte-rendu de la r\u00e9union publi\u00e9 sur la plate-forme num\u00e9rique officielle de l\u2019OPRAG.<\/p>\n\n\n\n<p>Plac\u00e9 sous la tutelle technique du minist\u00e8re des transports, cette entit\u00e9 cr\u00e9\u00e9e le 30 mars 1974, assure la coordination g\u00e9n\u00e9rale des activit\u00e9s portuaires sur toute l\u2019\u00e9tendue du territoire.<\/p>\n\n\n\n<p><strong>Rufin Martial Oke Nze<\/strong><\/p>\n","protected":false},"excerpt":{"rendered":"<p>Le Directeur G\u00e9n\u00e9ral de l\u2019OPRAG, Martin Boguikouma, en s\u00e9ance de travail avec ses collaborateurs. Com.OPRAG Dans le cadre de sa tourn\u00e9e de prise de contact avec les administrations plac\u00e9es sous sa tutelle, le Ministre d\u2019\u00c9tat, Ministre des Transports, de la Marine Marchande et de la Logistique, Monsieur Ulrich Mamfoumbi Mamfoumbi , se rend ce mercredi [&hellip;]<\/p>\n","protected":false},"author":7,"featured_media":24046,"comment_status":"open","ping_status":"open","sticky":false,"template":"","format":"standard","meta":{"footnotes":""},"categories":[57,55,60],"tags":[],"class_list":["post-24045","post","type-post","status-publish","format-standard","has-post-thumbnail","hentry","category-a-la-une","category-actualites","category-economie"],"yoast_head":"<!-- This site is optimized with the Yoast SEO plugin v24.2 - https:\/\/yoast.com\/wordpress\/plugins\/seo\/ -->\n<title>Le Ministre Ulrich Mamfoumbi Mamfoumbi attendu ce mercredi \u00e0 l\u2019OPRAG - Gabon Nouvelle Vision<\/title>\n<meta name=\"robots\" content=\"index, follow, max-snippet:-1, max-image-preview:large, max-video-preview:-1\" \/>\n<link rel=\"canonical\" href=\"https:\/\/gabonnouvellevision.com\/gnv\/2025\/06\/25\/le-ministre-ulrich-mamfoumbi-mamfoumbi-attendu-ce-mercredi-a-loprag\/\" \/>\n<meta property=\"og:locale\" content=\"fr_FR\" \/>\n<meta property=\"og:type\" content=\"article\" \/>\n<meta property=\"og:title\" content=\"Le Ministre Ulrich Mamfoumbi Mamfoumbi attendu ce mercredi \u00e0 l\u2019OPRAG - Gabon Nouvelle Vision\" \/>\n<meta property=\"og:description\" content=\"Le Directeur G\u00e9n\u00e9ral de l\u2019OPRAG, Martin Boguikouma, en s\u00e9ance de travail avec ses collaborateurs. Com.OPRAG Dans le cadre de sa tourn\u00e9e de prise de contact avec les administrations plac\u00e9es sous sa tutelle, le Ministre d\u2019\u00c9tat, Ministre des Transports, de la Marine Marchande et de la Logistique, Monsieur Ulrich Mamfoumbi Mamfoumbi , se rend ce mercredi [&hellip;]\" \/>\n<meta property=\"og:url\" content=\"https:\/\/gabonnouvellevision.com\/gnv\/2025\/06\/25\/le-ministre-ulrich-mamfoumbi-mamfoumbi-attendu-ce-mercredi-a-loprag\/\" \/>\n<meta property=\"og:site_name\" content=\"Gabon Nouvelle Vision\" \/>\n<meta property=\"article:publisher\" content=\"https:\/\/www.facebook.com\/GNVofficiel\" \/>\n<meta property=\"article:published_time\" content=\"2025-06-25T09:19:15+00:00\" \/>\n<meta property=\"article:modified_time\" content=\"2025-06-25T09:19:16+00:00\" \/>\n<meta property=\"og:image\" content=\"https:\/\/gabonnouvellevision.com\/gnv\/wp-content\/uploads\/2025\/06\/511565938_1161219149377437_3585835250102419304_n.jpg\" \/>\n\t<meta property=\"og:image:width\" content=\"2048\" \/>\n\t<meta property=\"og:image:height\" content=\"1365\" \/>\n\t<meta property=\"og:image:type\" content=\"image\/jpeg\" \/>\n<meta name=\"author\" content=\"Eyeng Obame\" \/>\n<meta name=\"twitter:card\" content=\"summary_large_image\" \/>\n<meta name=\"twitter:label1\" content=\"\u00c9crit par\" \/>\n\t<meta name=\"twitter:data1\" content=\"Eyeng Obame\" \/>\n\t<meta name=\"twitter:label2\" content=\"Dur\u00e9e de lecture estim\u00e9e\" \/>\n\t<meta name=\"twitter:data2\" content=\"2 minutes\" \/>\n<script type=\"application\/ld+json\" class=\"yoast-schema-graph\">{\"@context\":\"https:\/\/schema.org\",\"@graph\":[{\"@type\":\"Article\",\"@id\":\"https:\/\/gabonnouvellevision.com\/gnv\/2025\/06\/25\/le-ministre-ulrich-mamfoumbi-mamfoumbi-attendu-ce-mercredi-a-loprag\/#article\",\"isPartOf\":{\"@id\":\"https:\/\/gabonnouvellevision.com\/gnv\/2025\/06\/25\/le-ministre-ulrich-mamfoumbi-mamfoumbi-attendu-ce-mercredi-a-loprag\/\"},\"author\":{\"name\":\"Eyeng Obame\",\"@id\":\"https:\/\/gabonnouvellevision.com\/gnv\/#\/schema\/person\/4b48e07d222f83c0285affc3704bc899\"},\"headline\":\"Le Ministre Ulrich Mamfoumbi Mamfoumbi attendu ce mercredi \u00e0 l\u2019OPRAG\",\"datePublished\":\"2025-06-25T09:19:15+00:00\",\"dateModified\":\"2025-06-25T09:19:16+00:00\",\"mainEntityOfPage\":{\"@id\":\"https:\/\/gabonnouvellevision.com\/gnv\/2025\/06\/25\/le-ministre-ulrich-mamfoumbi-mamfoumbi-attendu-ce-mercredi-a-loprag\/\"},\"wordCount\":237,\"commentCount\":0,\"publisher\":{\"@id\":\"https:\/\/gabonnouvellevision.com\/gnv\/#organization\"},\"image\":{\"@id\":\"https:\/\/gabonnouvellevision.com\/gnv\/2025\/06\/25\/le-ministre-ulrich-mamfoumbi-mamfoumbi-attendu-ce-mercredi-a-loprag\/#primaryimage\"},\"thumbnailUrl\":\"https:\/\/gabonnouvellevision.com\/gnv\/wp-content\/uploads\/2025\/06\/511565938_1161219149377437_3585835250102419304_n.jpg\",\"articleSection\":[\"A la une\",\"Actualites\",\"Economie\"],\"inLanguage\":\"fr-FR\",\"potentialAction\":[{\"@type\":\"CommentAction\",\"name\":\"Comment\",\"target\":[\"https:\/\/gabonnouvellevision.com\/gnv\/2025\/06\/25\/le-ministre-ulrich-mamfoumbi-mamfoumbi-attendu-ce-mercredi-a-loprag\/#respond\"]}]},{\"@type\":\"WebPage\",\"@id\":\"https:\/\/gabonnouvellevision.com\/gnv\/2025\/06\/25\/le-ministre-ulrich-mamfoumbi-mamfoumbi-attendu-ce-mercredi-a-loprag\/\",\"url\":\"https:\/\/gabonnouvellevision.com\/gnv\/2025\/06\/25\/le-ministre-ulrich-mamfoumbi-mamfoumbi-attendu-ce-mercredi-a-loprag\/\",\"name\":\"Le Ministre Ulrich Mamfoumbi Mamfoumbi attendu ce mercredi \u00e0 l\u2019OPRAG - Gabon Nouvelle Vision\",\"isPartOf\":{\"@id\":\"https:\/\/gabonnouvellevision.com\/gnv\/#website\"},\"primaryImageOfPage\":{\"@id\":\"https:\/\/gabonnouvellevision.com\/gnv\/2025\/06\/25\/le-ministre-ulrich-mamfoumbi-mamfoumbi-attendu-ce-mercredi-a-loprag\/#primaryimage\"},\"image\":{\"@id\":\"https:\/\/gabonnouvellevision.com\/gnv\/2025\/06\/25\/le-ministre-ulrich-mamfoumbi-mamfoumbi-attendu-ce-mercredi-a-loprag\/#primaryimage\"},\"thumbnailUrl\":\"https:\/\/gabonnouvellevision.com\/gnv\/wp-content\/uploads\/2025\/06\/511565938_1161219149377437_3585835250102419304_n.jpg\",\"datePublished\":\"2025-06-25T09:19:15+00:00\",\"dateModified\":\"2025-06-25T09:19:16+00:00\",\"breadcrumb\":{\"@id\":\"https:\/\/gabonnouvellevision.com\/gnv\/2025\/06\/25\/le-ministre-ulrich-mamfoumbi-mamfoumbi-attendu-ce-mercredi-a-loprag\/#breadcrumb\"},\"inLanguage\":\"fr-FR\",\"potentialAction\":[{\"@type\":\"ReadAction\",\"target\":[\"https:\/\/gabonnouvellevision.com\/gnv\/2025\/06\/25\/le-ministre-ulrich-mamfoumbi-mamfoumbi-attendu-ce-mercredi-a-loprag\/\"]}]},{\"@type\":\"ImageObject\",\"inLanguage\":\"fr-FR\",\"@id\":\"https:\/\/gabonnouvellevision.com\/gnv\/2025\/06\/25\/le-ministre-ulrich-mamfoumbi-mamfoumbi-attendu-ce-mercredi-a-loprag\/#primaryimage\",\"url\":\"https:\/\/gabonnouvellevision.com\/gnv\/wp-content\/uploads\/2025\/06\/511565938_1161219149377437_3585835250102419304_n.jpg\",\"contentUrl\":\"https:\/\/gabonnouvellevision.com\/gnv\/wp-content\/uploads\/2025\/06\/511565938_1161219149377437_3585835250102419304_n.jpg\",\"width\":2048,\"height\":1365},{\"@type\":\"BreadcrumbList\",\"@id\":\"https:\/\/gabonnouvellevision.com\/gnv\/2025\/06\/25\/le-ministre-ulrich-mamfoumbi-mamfoumbi-attendu-ce-mercredi-a-loprag\/#breadcrumb\",\"itemListElement\":[{\"@type\":\"ListItem\",\"position\":1,\"name\":\"Accueil\",\"item\":\"https:\/\/gabonnouvellevision.com\/gnv\/\"},{\"@type\":\"ListItem\",\"position\":2,\"name\":\"Le Ministre Ulrich Mamfoumbi Mamfoumbi attendu ce mercredi \u00e0 l\u2019OPRAG\"}]},{\"@type\":\"WebSite\",\"@id\":\"https:\/\/gabonnouvellevision.com\/gnv\/#website\",\"url\":\"https:\/\/gabonnouvellevision.com\/gnv\/\",\"name\":\"Gabon Nouvelle Vision\",\"description\":\"\",\"publisher\":{\"@id\":\"https:\/\/gabonnouvellevision.com\/gnv\/#organization\"},\"potentialAction\":[{\"@type\":\"SearchAction\",\"target\":{\"@type\":\"EntryPoint\",\"urlTemplate\":\"https:\/\/gabonnouvellevision.com\/gnv\/?s={search_term_string}\"},\"query-input\":{\"@type\":\"PropertyValueSpecification\",\"valueRequired\":true,\"valueName\":\"search_term_string\"}}],\"inLanguage\":\"fr-FR\"},{\"@type\":\"Organization\",\"@id\":\"https:\/\/gabonnouvellevision.com\/gnv\/#organization\",\"name\":\"Gabon Nouvelle Vision\",\"url\":\"https:\/\/gabonnouvellevision.com\/gnv\/\",\"logo\":{\"@type\":\"ImageObject\",\"inLanguage\":\"fr-FR\",\"@id\":\"https:\/\/gabonnouvellevision.com\/gnv\/#\/schema\/logo\/image\/\",\"url\":\"https:\/\/gabonnouvellevision.com\/gnv\/wp-content\/uploads\/2025\/01\/logo-text_Plan-de-travail-1.png\",\"contentUrl\":\"https:\/\/gabonnouvellevision.com\/gnv\/wp-content\/uploads\/2025\/01\/logo-text_Plan-de-travail-1.png\",\"width\":7169,\"height\":2390,\"caption\":\"Gabon Nouvelle Vision\"},\"image\":{\"@id\":\"https:\/\/gabonnouvellevision.com\/gnv\/#\/schema\/logo\/image\/\"},\"sameAs\":[\"https:\/\/www.facebook.com\/GNVofficiel\"]},{\"@type\":\"Person\",\"@id\":\"https:\/\/gabonnouvellevision.com\/gnv\/#\/schema\/person\/4b48e07d222f83c0285affc3704bc899\",\"name\":\"Eyeng Obame\",\"image\":{\"@type\":\"ImageObject\",\"inLanguage\":\"fr-FR\",\"@id\":\"https:\/\/gabonnouvellevision.com\/gnv\/#\/schema\/person\/image\/\",\"url\":\"https:\/\/secure.gravatar.com\/avatar\/167bc03b8baf3c77318a47159f80871de6f5a6cbf4bc8b6af750fbc1a369d7bf?s=96&d=mm&r=g\",\"contentUrl\":\"https:\/\/secure.gravatar.com\/avatar\/167bc03b8baf3c77318a47159f80871de6f5a6cbf4bc8b6af750fbc1a369d7bf?s=96&d=mm&r=g\",\"caption\":\"Eyeng Obame\"},\"url\":\"https:\/\/gabonnouvellevision.com\/gnv\/author\/rufin\/\"}]}<\/script>\n<!-- \/ Yoast SEO plugin. -->","yoast_head_json":{"title":"Le Ministre Ulrich Mamfoumbi Mamfoumbi attendu ce mercredi \u00e0 l\u2019OPRAG - Gabon Nouvelle Vision","robots":{"index":"index","follow":"follow","max-snippet":"max-snippet:-1","max-image-preview":"max-image-preview:large","max-video-preview":"max-video-preview:-1"},"canonical":"https:\/\/gabonnouvellevision.com\/gnv\/2025\/06\/25\/le-ministre-ulrich-mamfoumbi-mamfoumbi-attendu-ce-mercredi-a-loprag\/","og_locale":"fr_FR","og_type":"article","og_title":"Le Ministre Ulrich Mamfoumbi Mamfoumbi attendu ce mercredi \u00e0 l\u2019OPRAG - Gabon Nouvelle Vision","og_description":"Le Directeur G\u00e9n\u00e9ral de l\u2019OPRAG, Martin Boguikouma, en s\u00e9ance de travail avec ses collaborateurs. Com.OPRAG Dans le cadre de sa tourn\u00e9e de prise de contact avec les administrations plac\u00e9es sous sa tutelle, le Ministre d\u2019\u00c9tat, Ministre des Transports, de la Marine Marchande et de la Logistique, Monsieur Ulrich Mamfoumbi Mamfoumbi , se rend ce mercredi [&hellip;]","og_url":"https:\/\/gabonnouvellevision.com\/gnv\/2025\/06\/25\/le-ministre-ulrich-mamfoumbi-mamfoumbi-attendu-ce-mercredi-a-loprag\/","og_site_name":"Gabon Nouvelle Vision","article_publisher":"https:\/\/www.facebook.com\/GNVofficiel","article_published_time":"2025-06-25T09:19:15+00:00","article_modified_time":"2025-06-25T09:19:16+00:00","og_image":[{"width":2048,"height":1365,"url":"https:\/\/gabonnouvellevision.com\/gnv\/wp-content\/uploads\/2025\/06\/511565938_1161219149377437_3585835250102419304_n.jpg","type":"image\/jpeg"}],"author":"Eyeng Obame","twitter_card":"summary_large_image","twitter_misc":{"\u00c9crit par":"Eyeng Obame","Dur\u00e9e de lecture estim\u00e9e":"2 minutes"},"schema":{"@context":"https:\/\/schema.org","@graph":[{"@type":"Article","@id":"https:\/\/gabonnouvellevision.com\/gnv\/2025\/06\/25\/le-ministre-ulrich-mamfoumbi-mamfoumbi-attendu-ce-mercredi-a-loprag\/#article","isPartOf":{"@id":"https:\/\/gabonnouvellevision.com\/gnv\/2025\/06\/25\/le-ministre-ulrich-mamfoumbi-mamfoumbi-attendu-ce-mercredi-a-loprag\/"},"author":{"name":"Eyeng Obame","@id":"https:\/\/gabonnouvellevision.com\/gnv\/#\/schema\/person\/4b48e07d222f83c0285affc3704bc899"},"headline":"Le Ministre Ulrich Mamfoumbi Mamfoumbi attendu ce mercredi \u00e0 l\u2019OPRAG","datePublished":"2025-06-25T09:19:15+00:00","dateModified":"2025-06-25T09:19:16+00:00","mainEntityOfPage":{"@id":"https:\/\/gabonnouvellevision.com\/gnv\/2025\/06\/25\/le-ministre-ulrich-mamfoumbi-mamfoumbi-attendu-ce-mercredi-a-loprag\/"},"wordCount":237,"commentCount":0,"publisher":{"@id":"https:\/\/gabonnouvellevision.com\/gnv\/#organization"},"image":{"@id":"https:\/\/gabonnouvellevision.com\/gnv\/2025\/06\/25\/le-ministre-ulrich-mamfoumbi-mamfoumbi-attendu-ce-mercredi-a-loprag\/#primaryimage"},"thumbnailUrl":"https:\/\/gabonnouvellevision.com\/gnv\/wp-content\/uploads\/2025\/06\/511565938_1161219149377437_3585835250102419304_n.jpg","articleSection":["A la une","Actualites","Economie"],"inLanguage":"fr-FR","potentialAction":[{"@type":"CommentAction","name":"Comment","target":["https:\/\/gabonnouvellevision.com\/gnv\/2025\/06\/25\/le-ministre-ulrich-mamfoumbi-mamfoumbi-attendu-ce-mercredi-a-loprag\/#respond"]}]},{"@type":"WebPage","@id":"https:\/\/gabonnouvellevision.com\/gnv\/2025\/06\/25\/le-ministre-ulrich-mamfoumbi-mamfoumbi-attendu-ce-mercredi-a-loprag\/","url":"https:\/\/gabonnouvellevision.com\/gnv\/2025\/06\/25\/le-ministre-ulrich-mamfoumbi-mamfoumbi-attendu-ce-mercredi-a-loprag\/","name":"Le Ministre Ulrich Mamfoumbi Mamfoumbi attendu ce mercredi \u00e0 l\u2019OPRAG - Gabon Nouvelle Vision","isPartOf":{"@id":"https:\/\/gabonnouvellevision.com\/gnv\/#website"},"primaryImageOfPage":{"@id":"https:\/\/gabonnouvellevision.com\/gnv\/2025\/06\/25\/le-ministre-ulrich-mamfoumbi-mamfoumbi-attendu-ce-mercredi-a-loprag\/#primaryimage"},"image":{"@id":"https:\/\/gabonnouvellevision.com\/gnv\/2025\/06\/25\/le-ministre-ulrich-mamfoumbi-mamfoumbi-attendu-ce-mercredi-a-loprag\/#primaryimage"},"thumbnailUrl":"https:\/\/gabonnouvellevision.com\/gnv\/wp-content\/uploads\/2025\/06\/511565938_1161219149377437_3585835250102419304_n.jpg","datePublished":"2025-06-25T09:19:15+00:00","dateModified":"2025-06-25T09:19:16+00:00","breadcrumb":{"@id":"https:\/\/gabonnouvellevision.com\/gnv\/2025\/06\/25\/le-ministre-ulrich-mamfoumbi-mamfoumbi-attendu-ce-mercredi-a-loprag\/#breadcrumb"},"inLanguage":"fr-FR","potentialAction":[{"@type":"ReadAction","target":["https:\/\/gabonnouvellevision.com\/gnv\/2025\/06\/25\/le-ministre-ulrich-mamfoumbi-mamfoumbi-attendu-ce-mercredi-a-loprag\/"]}]},{"@type":"ImageObject","inLanguage":"fr-FR","@id":"https:\/\/gabonnouvellevision.com\/gnv\/2025\/06\/25\/le-ministre-ulrich-mamfoumbi-mamfoumbi-attendu-ce-mercredi-a-loprag\/#primaryimage","url":"https:\/\/gabonnouvellevision.com\/gnv\/wp-content\/uploads\/2025\/06\/511565938_1161219149377437_3585835250102419304_n.jpg","contentUrl":"https:\/\/gabonnouvellevision.com\/gnv\/wp-content\/uploads\/2025\/06\/511565938_1161219149377437_3585835250102419304_n.jpg","width":2048,"height":1365},{"@type":"BreadcrumbList","@id":"https:\/\/gabonnouvellevision.com\/gnv\/2025\/06\/25\/le-ministre-ulrich-mamfoumbi-mamfoumbi-attendu-ce-mercredi-a-loprag\/#breadcrumb","itemListElement":[{"@type":"ListItem","position":1,"name":"Accueil","item":"https:\/\/gabonnouvellevision.com\/gnv\/"},{"@type":"ListItem","position":2,"name":"Le Ministre Ulrich Mamfoumbi Mamfoumbi attendu ce mercredi \u00e0 l\u2019OPRAG"}]},{"@type":"WebSite","@id":"https:\/\/gabonnouvellevision.com\/gnv\/#website","url":"https:\/\/gabonnouvellevision.com\/gnv\/","name":"Gabon Nouvelle Vision","description":"","publisher":{"@id":"https:\/\/gabonnouvellevision.com\/gnv\/#organization"},"potentialAction":[{"@type":"SearchAction","target":{"@type":"EntryPoint","urlTemplate":"https:\/\/gabonnouvellevision.com\/gnv\/?s={search_term_string}"},"query-input":{"@type":"PropertyValueSpecification","valueRequired":true,"valueName":"search_term_string"}}],"inLanguage":"fr-FR"},{"@type":"Organization","@id":"https:\/\/gabonnouvellevision.com\/gnv\/#organization","name":"Gabon Nouvelle Vision","url":"https:\/\/gabonnouvellevision.com\/gnv\/","logo":{"@type":"ImageObject","inLanguage":"fr-FR","@id":"https:\/\/gabonnouvellevision.com\/gnv\/#\/schema\/logo\/image\/","url":"https:\/\/gabonnouvellevision.com\/gnv\/wp-content\/uploads\/2025\/01\/logo-text_Plan-de-travail-1.png","contentUrl":"https:\/\/gabonnouvellevision.com\/gnv\/wp-content\/uploads\/2025\/01\/logo-text_Plan-de-travail-1.png","width":7169,"height":2390,"caption":"Gabon Nouvelle Vision"},"image":{"@id":"https:\/\/gabonnouvellevision.com\/gnv\/#\/schema\/logo\/image\/"},"sameAs":["https:\/\/www.facebook.com\/GNVofficiel"]},{"@type":"Person","@id":"https:\/\/gabonnouvellevision.com\/gnv\/#\/schema\/person\/4b48e07d222f83c0285affc3704bc899","name":"Eyeng Obame","image":{"@type":"ImageObject","inLanguage":"fr-FR","@id":"https:\/\/gabonnouvellevision.com\/gnv\/#\/schema\/person\/image\/","url":"https:\/\/secure.gravatar.com\/avatar\/167bc03b8baf3c77318a47159f80871de6f5a6cbf4bc8b6af750fbc1a369d7bf?s=96&d=mm&r=g","contentUrl":"https:\/\/secure.gravatar.com\/avatar\/167bc03b8baf3c77318a47159f80871de6f5a6cbf4bc8b6af750fbc1a369d7bf?s=96&d=mm&r=g","caption":"Eyeng Obame"},"url":"https:\/\/gabonnouvellevision.com\/gnv\/author\/rufin\/"}]}},"_links":{"self":[{"href":"https:\/\/gabonnouvellevision.com\/gnv\/wp-json\/wp\/v2\/posts\/24045","targetHints":{"allow":["GET"]}}],"collection":[{"href":"https:\/\/gabonnouvellevision.com\/gnv\/wp-json\/wp\/v2\/posts"}],"about":[{"href":"https:\/\/gabonnouvellevision.com\/gnv\/wp-json\/wp\/v2\/types\/post"}],"author":[{"embeddable":true,"href":"https:\/\/gabonnouvellevision.com\/gnv\/wp-json\/wp\/v2\/users\/7"}],"replies":[{"embeddable":true,"href":"https:\/\/gabonnouvellevision.com\/gnv\/wp-json\/wp\/v2\/comments?post=24045"}],"version-history":[{"count":1,"href":"https:\/\/gabonnouvellevision.com\/gnv\/wp-json\/wp\/v2\/posts\/24045\/revisions"}],"predecessor-version":[{"id":24047,"href":"https:\/\/gabonnouvellevision.com\/gnv\/wp-json\/wp\/v2\/posts\/24045\/revisions\/24047"}],"wp:featuredmedia":[{"embeddable":true,"href":"https:\/\/gabonnouvellevision.com\/gnv\/wp-json\/wp\/v2\/media\/24046"}],"wp:attachment":[{"href":"https:\/\/gabonnouvellevision.com\/gnv\/wp-json\/wp\/v2\/media?parent=24045"}],"wp:term":[{"taxonomy":"category","embeddable":true,"href":"https:\/\/gabonnouvellevision.com\/gnv\/wp-json\/wp\/v2\/categories?post=24045"},{"taxonomy":"post_tag","embeddable":true,"href":"https:\/\/gabonnouvellevision.com\/gnv\/wp-json\/wp\/v2\/tags?post=24045"}],"curies":[{"name":"wp","href":"https:\/\/api.w.org\/{rel}","templated":true}]}}