{"id":24042,"date":"2025-06-24T10:47:49","date_gmt":"2025-06-24T08:47:49","guid":{"rendered":"https:\/\/gabonnouvellevision.com\/gnv\/?p=24042"},"modified":"2025-06-24T10:47:51","modified_gmt":"2025-06-24T08:47:51","slug":"le-gabon-participe-a-la-10eme-edition-de-la-journee-africaine-de-la-fonction-publique-a-addis-abeba","status":"publish","type":"post","link":"https:\/\/gabonnouvellevision.com\/gnv\/2025\/06\/24\/le-gabon-participe-a-la-10eme-edition-de-la-journee-africaine-de-la-fonction-publique-a-addis-abeba\/","title":{"rendered":"Le Gabon participe \u00e0 la 10\u00e8me \u00e9dition de la journ\u00e9e africaine de la Fonction publique \u00e0 Addis-Abeba"},"content":{"rendered":"\n<p><strong><em>Dans le cadre du renforcement de la coop\u00e9ration africaine en mati\u00e8re de gouvernance publique, Madame le Professeur Marcelle Ibinga \u00e9pse Itsitsa, Ministre en charge de la Fonction Publique, repr\u00e9sente le Gabon aux assises continentales consacr\u00e9es \u00e0 la modernisation des administrations africaines \u00e0 Addis-Abeba, en R\u00e9publique F\u00e9d\u00e9rale D\u00e9mocratique d&rsquo;\u00c9thiopie<\/em><\/strong>.<\/p>\n\n\n\n<p>Cette mission s&rsquo;inscrit dans le cadre de la participation du Gabon \u00e0 la 10\u00e8me \u00e9dition de la C\u00e9l\u00e9bration de la Journ\u00e9e Africaine de la Fonction Publique (JAFP), \u00e9v\u00e9nement continental de grande envergure qui se d\u00e9roule du 21 au 23 juin 2025.<\/p>\n\n\n\n<p>Les travaux de cette \u00e9dition 2025 s&rsquo;articulent autour du th\u00e8me f\u00e9d\u00e9rateur : \u00ab&nbsp;<strong><em>Renforcer l&rsquo;adaptabilit\u00e9 et la r\u00e9silience des institutions publiques pour parvenir \u00e0 une gouvernance \u00e9quitable et combler rapidement les lacunes historiques dans le domaine de la prestation de services<\/em><\/strong>&nbsp;\u00bb.<\/p>\n\n\n\n<p>Cette th\u00e9matique s&rsquo;inscrit parfaitement dans la vision r\u00e9formatrice port\u00e9e par Son Excellence Monsieur Brice Clotaire Oligui Nguema, Pr\u00e9sident de la R\u00e9publique Gabonaise, notamment en mati\u00e8re de modernisation de l&rsquo;administration publique.<\/p>\n\n\n\n<p>Les \u00e9changes d&rsquo;exp\u00e9riences entre les d\u00e9l\u00e9gations africaines ont permis d&rsquo;identifier des strat\u00e9gies communes visant \u00e0 combler les lacunes dans la prestation de services publics. Ces discussions s&rsquo;alignent sur les r\u00e9formes op\u00e9rationnelles engag\u00e9es au Gabon pour renforcer l&rsquo;\u00c9tat de droit, lutter contre la corruption, encourager la d\u00e9centralisation et promouvoir une participation citoyenne active dans la gestion des affaires publiques.<\/p>\n\n\n\n<p>Cette participation t\u00e9moigne de l&rsquo;engagement constant du Gabon dans les m\u00e9canismes de coop\u00e9ration continentale et de son attachement aux principes de bonne gouvernance administrative.<\/p>\n\n\n\n<p><strong>Source\/ Com. Gouvernementale<\/strong><\/p>\n","protected":false},"excerpt":{"rendered":"<p>Dans le cadre du renforcement de la coop\u00e9ration africaine en mati\u00e8re de gouvernance publique, Madame le Professeur Marcelle Ibinga \u00e9pse Itsitsa, Ministre en charge de la Fonction Publique, repr\u00e9sente le Gabon aux assises continentales consacr\u00e9es \u00e0 la modernisation des administrations africaines \u00e0 Addis-Abeba, en R\u00e9publique F\u00e9d\u00e9rale D\u00e9mocratique d&rsquo;\u00c9thiopie. Cette mission s&rsquo;inscrit dans le cadre de [&hellip;]<\/p>\n","protected":false},"author":7,"featured_media":24043,"comment_status":"open","ping_status":"open","sticky":false,"template":"","format":"standard","meta":{"footnotes":""},"categories":[57,55,56],"tags":[],"class_list":["post-24042","post","type-post","status-publish","format-standard","has-post-thumbnail","hentry","category-a-la-une","category-actualites","category-societe"],"yoast_head":"<!-- This site is optimized with the Yoast SEO plugin v24.2 - https:\/\/yoast.com\/wordpress\/plugins\/seo\/ -->\n<title>Le Gabon participe \u00e0 la 10\u00e8me \u00e9dition de la journ\u00e9e africaine de la Fonction publique \u00e0 Addis-Abeba - Gabon Nouvelle Vision<\/title>\n<meta name=\"robots\" content=\"index, follow, max-snippet:-1, max-image-preview:large, max-video-preview:-1\" \/>\n<link rel=\"canonical\" href=\"https:\/\/gabonnouvellevision.com\/gnv\/2025\/06\/24\/le-gabon-participe-a-la-10eme-edition-de-la-journee-africaine-de-la-fonction-publique-a-addis-abeba\/\" \/>\n<meta property=\"og:locale\" content=\"fr_FR\" \/>\n<meta property=\"og:type\" content=\"article\" \/>\n<meta property=\"og:title\" content=\"Le Gabon participe \u00e0 la 10\u00e8me \u00e9dition de la journ\u00e9e africaine de la Fonction publique \u00e0 Addis-Abeba - Gabon Nouvelle Vision\" \/>\n<meta property=\"og:description\" content=\"Dans le cadre du renforcement de la coop\u00e9ration africaine en mati\u00e8re de gouvernance publique, Madame le Professeur Marcelle Ibinga \u00e9pse Itsitsa, Ministre en charge de la Fonction Publique, repr\u00e9sente le Gabon aux assises continentales consacr\u00e9es \u00e0 la modernisation des administrations africaines \u00e0 Addis-Abeba, en R\u00e9publique F\u00e9d\u00e9rale D\u00e9mocratique d&rsquo;\u00c9thiopie. Cette mission s&rsquo;inscrit dans le cadre de [&hellip;]\" \/>\n<meta property=\"og:url\" content=\"https:\/\/gabonnouvellevision.com\/gnv\/2025\/06\/24\/le-gabon-participe-a-la-10eme-edition-de-la-journee-africaine-de-la-fonction-publique-a-addis-abeba\/\" \/>\n<meta property=\"og:site_name\" content=\"Gabon Nouvelle Vision\" \/>\n<meta property=\"article:publisher\" content=\"https:\/\/www.facebook.com\/GNVofficiel\" \/>\n<meta property=\"article:published_time\" content=\"2025-06-24T08:47:49+00:00\" \/>\n<meta property=\"article:modified_time\" content=\"2025-06-24T08:47:51+00:00\" \/>\n<meta property=\"og:image\" content=\"https:\/\/gabonnouvellevision.com\/gnv\/wp-content\/uploads\/2025\/06\/object.getObject-1.jpeg\" \/>\n\t<meta property=\"og:image:width\" content=\"1600\" \/>\n\t<meta property=\"og:image:height\" content=\"764\" \/>\n\t<meta property=\"og:image:type\" content=\"image\/jpeg\" \/>\n<meta name=\"author\" content=\"Eyeng Obame\" \/>\n<meta name=\"twitter:card\" content=\"summary_large_image\" \/>\n<meta name=\"twitter:label1\" content=\"\u00c9crit par\" \/>\n\t<meta name=\"twitter:data1\" content=\"Eyeng Obame\" \/>\n\t<meta name=\"twitter:label2\" content=\"Dur\u00e9e de lecture estim\u00e9e\" \/>\n\t<meta name=\"twitter:data2\" content=\"2 minutes\" \/>\n<script type=\"application\/ld+json\" class=\"yoast-schema-graph\">{\"@context\":\"https:\/\/schema.org\",\"@graph\":[{\"@type\":\"Article\",\"@id\":\"https:\/\/gabonnouvellevision.com\/gnv\/2025\/06\/24\/le-gabon-participe-a-la-10eme-edition-de-la-journee-africaine-de-la-fonction-publique-a-addis-abeba\/#article\",\"isPartOf\":{\"@id\":\"https:\/\/gabonnouvellevision.com\/gnv\/2025\/06\/24\/le-gabon-participe-a-la-10eme-edition-de-la-journee-africaine-de-la-fonction-publique-a-addis-abeba\/\"},\"author\":{\"name\":\"Eyeng Obame\",\"@id\":\"https:\/\/gabonnouvellevision.com\/gnv\/#\/schema\/person\/4b48e07d222f83c0285affc3704bc899\"},\"headline\":\"Le Gabon participe \u00e0 la 10\u00e8me \u00e9dition de la journ\u00e9e africaine de la Fonction publique \u00e0 Addis-Abeba\",\"datePublished\":\"2025-06-24T08:47:49+00:00\",\"dateModified\":\"2025-06-24T08:47:51+00:00\",\"mainEntityOfPage\":{\"@id\":\"https:\/\/gabonnouvellevision.com\/gnv\/2025\/06\/24\/le-gabon-participe-a-la-10eme-edition-de-la-journee-africaine-de-la-fonction-publique-a-addis-abeba\/\"},\"wordCount\":288,\"commentCount\":0,\"publisher\":{\"@id\":\"https:\/\/gabonnouvellevision.com\/gnv\/#organization\"},\"image\":{\"@id\":\"https:\/\/gabonnouvellevision.com\/gnv\/2025\/06\/24\/le-gabon-participe-a-la-10eme-edition-de-la-journee-africaine-de-la-fonction-publique-a-addis-abeba\/#primaryimage\"},\"thumbnailUrl\":\"https:\/\/gabonnouvellevision.com\/gnv\/wp-content\/uploads\/2025\/06\/object.getObject-1.jpeg\",\"articleSection\":[\"A la une\",\"Actualites\",\"Societe\"],\"inLanguage\":\"fr-FR\",\"potentialAction\":[{\"@type\":\"CommentAction\",\"name\":\"Comment\",\"target\":[\"https:\/\/gabonnouvellevision.com\/gnv\/2025\/06\/24\/le-gabon-participe-a-la-10eme-edition-de-la-journee-africaine-de-la-fonction-publique-a-addis-abeba\/#respond\"]}]},{\"@type\":\"WebPage\",\"@id\":\"https:\/\/gabonnouvellevision.com\/gnv\/2025\/06\/24\/le-gabon-participe-a-la-10eme-edition-de-la-journee-africaine-de-la-fonction-publique-a-addis-abeba\/\",\"url\":\"https:\/\/gabonnouvellevision.com\/gnv\/2025\/06\/24\/le-gabon-participe-a-la-10eme-edition-de-la-journee-africaine-de-la-fonction-publique-a-addis-abeba\/\",\"name\":\"Le Gabon participe \u00e0 la 10\u00e8me \u00e9dition de la journ\u00e9e africaine de la Fonction publique \u00e0 Addis-Abeba - Gabon Nouvelle Vision\",\"isPartOf\":{\"@id\":\"https:\/\/gabonnouvellevision.com\/gnv\/#website\"},\"primaryImageOfPage\":{\"@id\":\"https:\/\/gabonnouvellevision.com\/gnv\/2025\/06\/24\/le-gabon-participe-a-la-10eme-edition-de-la-journee-africaine-de-la-fonction-publique-a-addis-abeba\/#primaryimage\"},\"image\":{\"@id\":\"https:\/\/gabonnouvellevision.com\/gnv\/2025\/06\/24\/le-gabon-participe-a-la-10eme-edition-de-la-journee-africaine-de-la-fonction-publique-a-addis-abeba\/#primaryimage\"},\"thumbnailUrl\":\"https:\/\/gabonnouvellevision.com\/gnv\/wp-content\/uploads\/2025\/06\/object.getObject-1.jpeg\",\"datePublished\":\"2025-06-24T08:47:49+00:00\",\"dateModified\":\"2025-06-24T08:47:51+00:00\",\"breadcrumb\":{\"@id\":\"https:\/\/gabonnouvellevision.com\/gnv\/2025\/06\/24\/le-gabon-participe-a-la-10eme-edition-de-la-journee-africaine-de-la-fonction-publique-a-addis-abeba\/#breadcrumb\"},\"inLanguage\":\"fr-FR\",\"potentialAction\":[{\"@type\":\"ReadAction\",\"target\":[\"https:\/\/gabonnouvellevision.com\/gnv\/2025\/06\/24\/le-gabon-participe-a-la-10eme-edition-de-la-journee-africaine-de-la-fonction-publique-a-addis-abeba\/\"]}]},{\"@type\":\"ImageObject\",\"inLanguage\":\"fr-FR\",\"@id\":\"https:\/\/gabonnouvellevision.com\/gnv\/2025\/06\/24\/le-gabon-participe-a-la-10eme-edition-de-la-journee-africaine-de-la-fonction-publique-a-addis-abeba\/#primaryimage\",\"url\":\"https:\/\/gabonnouvellevision.com\/gnv\/wp-content\/uploads\/2025\/06\/object.getObject-1.jpeg\",\"contentUrl\":\"https:\/\/gabonnouvellevision.com\/gnv\/wp-content\/uploads\/2025\/06\/object.getObject-1.jpeg\",\"width\":1600,\"height\":764},{\"@type\":\"BreadcrumbList\",\"@id\":\"https:\/\/gabonnouvellevision.com\/gnv\/2025\/06\/24\/le-gabon-participe-a-la-10eme-edition-de-la-journee-africaine-de-la-fonction-publique-a-addis-abeba\/#breadcrumb\",\"itemListElement\":[{\"@type\":\"ListItem\",\"position\":1,\"name\":\"Accueil\",\"item\":\"https:\/\/gabonnouvellevision.com\/gnv\/\"},{\"@type\":\"ListItem\",\"position\":2,\"name\":\"Le Gabon participe \u00e0 la 10\u00e8me \u00e9dition de la journ\u00e9e africaine de la Fonction publique \u00e0 Addis-Abeba\"}]},{\"@type\":\"WebSite\",\"@id\":\"https:\/\/gabonnouvellevision.com\/gnv\/#website\",\"url\":\"https:\/\/gabonnouvellevision.com\/gnv\/\",\"name\":\"Gabon Nouvelle Vision\",\"description\":\"\",\"publisher\":{\"@id\":\"https:\/\/gabonnouvellevision.com\/gnv\/#organization\"},\"potentialAction\":[{\"@type\":\"SearchAction\",\"target\":{\"@type\":\"EntryPoint\",\"urlTemplate\":\"https:\/\/gabonnouvellevision.com\/gnv\/?s={search_term_string}\"},\"query-input\":{\"@type\":\"PropertyValueSpecification\",\"valueRequired\":true,\"valueName\":\"search_term_string\"}}],\"inLanguage\":\"fr-FR\"},{\"@type\":\"Organization\",\"@id\":\"https:\/\/gabonnouvellevision.com\/gnv\/#organization\",\"name\":\"Gabon Nouvelle Vision\",\"url\":\"https:\/\/gabonnouvellevision.com\/gnv\/\",\"logo\":{\"@type\":\"ImageObject\",\"inLanguage\":\"fr-FR\",\"@id\":\"https:\/\/gabonnouvellevision.com\/gnv\/#\/schema\/logo\/image\/\",\"url\":\"https:\/\/gabonnouvellevision.com\/gnv\/wp-content\/uploads\/2025\/01\/logo-text_Plan-de-travail-1.png\",\"contentUrl\":\"https:\/\/gabonnouvellevision.com\/gnv\/wp-content\/uploads\/2025\/01\/logo-text_Plan-de-travail-1.png\",\"width\":7169,\"height\":2390,\"caption\":\"Gabon Nouvelle Vision\"},\"image\":{\"@id\":\"https:\/\/gabonnouvellevision.com\/gnv\/#\/schema\/logo\/image\/\"},\"sameAs\":[\"https:\/\/www.facebook.com\/GNVofficiel\"]},{\"@type\":\"Person\",\"@id\":\"https:\/\/gabonnouvellevision.com\/gnv\/#\/schema\/person\/4b48e07d222f83c0285affc3704bc899\",\"name\":\"Eyeng Obame\",\"image\":{\"@type\":\"ImageObject\",\"inLanguage\":\"fr-FR\",\"@id\":\"https:\/\/gabonnouvellevision.com\/gnv\/#\/schema\/person\/image\/\",\"url\":\"https:\/\/secure.gravatar.com\/avatar\/167bc03b8baf3c77318a47159f80871de6f5a6cbf4bc8b6af750fbc1a369d7bf?s=96&d=mm&r=g\",\"contentUrl\":\"https:\/\/secure.gravatar.com\/avatar\/167bc03b8baf3c77318a47159f80871de6f5a6cbf4bc8b6af750fbc1a369d7bf?s=96&d=mm&r=g\",\"caption\":\"Eyeng Obame\"},\"url\":\"https:\/\/gabonnouvellevision.com\/gnv\/author\/rufin\/\"}]}<\/script>\n<!-- \/ Yoast SEO plugin. -->","yoast_head_json":{"title":"Le Gabon participe \u00e0 la 10\u00e8me \u00e9dition de la journ\u00e9e africaine de la Fonction publique \u00e0 Addis-Abeba - Gabon Nouvelle Vision","robots":{"index":"index","follow":"follow","max-snippet":"max-snippet:-1","max-image-preview":"max-image-preview:large","max-video-preview":"max-video-preview:-1"},"canonical":"https:\/\/gabonnouvellevision.com\/gnv\/2025\/06\/24\/le-gabon-participe-a-la-10eme-edition-de-la-journee-africaine-de-la-fonction-publique-a-addis-abeba\/","og_locale":"fr_FR","og_type":"article","og_title":"Le Gabon participe \u00e0 la 10\u00e8me \u00e9dition de la journ\u00e9e africaine de la Fonction publique \u00e0 Addis-Abeba - Gabon Nouvelle Vision","og_description":"Dans le cadre du renforcement de la coop\u00e9ration africaine en mati\u00e8re de gouvernance publique, Madame le Professeur Marcelle Ibinga \u00e9pse Itsitsa, Ministre en charge de la Fonction Publique, repr\u00e9sente le Gabon aux assises continentales consacr\u00e9es \u00e0 la modernisation des administrations africaines \u00e0 Addis-Abeba, en R\u00e9publique F\u00e9d\u00e9rale D\u00e9mocratique d&rsquo;\u00c9thiopie. Cette mission s&rsquo;inscrit dans le cadre de [&hellip;]","og_url":"https:\/\/gabonnouvellevision.com\/gnv\/2025\/06\/24\/le-gabon-participe-a-la-10eme-edition-de-la-journee-africaine-de-la-fonction-publique-a-addis-abeba\/","og_site_name":"Gabon Nouvelle Vision","article_publisher":"https:\/\/www.facebook.com\/GNVofficiel","article_published_time":"2025-06-24T08:47:49+00:00","article_modified_time":"2025-06-24T08:47:51+00:00","og_image":[{"width":1600,"height":764,"url":"https:\/\/gabonnouvellevision.com\/gnv\/wp-content\/uploads\/2025\/06\/object.getObject-1.jpeg","type":"image\/jpeg"}],"author":"Eyeng Obame","twitter_card":"summary_large_image","twitter_misc":{"\u00c9crit par":"Eyeng Obame","Dur\u00e9e de lecture estim\u00e9e":"2 minutes"},"schema":{"@context":"https:\/\/schema.org","@graph":[{"@type":"Article","@id":"https:\/\/gabonnouvellevision.com\/gnv\/2025\/06\/24\/le-gabon-participe-a-la-10eme-edition-de-la-journee-africaine-de-la-fonction-publique-a-addis-abeba\/#article","isPartOf":{"@id":"https:\/\/gabonnouvellevision.com\/gnv\/2025\/06\/24\/le-gabon-participe-a-la-10eme-edition-de-la-journee-africaine-de-la-fonction-publique-a-addis-abeba\/"},"author":{"name":"Eyeng Obame","@id":"https:\/\/gabonnouvellevision.com\/gnv\/#\/schema\/person\/4b48e07d222f83c0285affc3704bc899"},"headline":"Le Gabon participe \u00e0 la 10\u00e8me \u00e9dition de la journ\u00e9e africaine de la Fonction publique \u00e0 Addis-Abeba","datePublished":"2025-06-24T08:47:49+00:00","dateModified":"2025-06-24T08:47:51+00:00","mainEntityOfPage":{"@id":"https:\/\/gabonnouvellevision.com\/gnv\/2025\/06\/24\/le-gabon-participe-a-la-10eme-edition-de-la-journee-africaine-de-la-fonction-publique-a-addis-abeba\/"},"wordCount":288,"commentCount":0,"publisher":{"@id":"https:\/\/gabonnouvellevision.com\/gnv\/#organization"},"image":{"@id":"https:\/\/gabonnouvellevision.com\/gnv\/2025\/06\/24\/le-gabon-participe-a-la-10eme-edition-de-la-journee-africaine-de-la-fonction-publique-a-addis-abeba\/#primaryimage"},"thumbnailUrl":"https:\/\/gabonnouvellevision.com\/gnv\/wp-content\/uploads\/2025\/06\/object.getObject-1.jpeg","articleSection":["A la une","Actualites","Societe"],"inLanguage":"fr-FR","potentialAction":[{"@type":"CommentAction","name":"Comment","target":["https:\/\/gabonnouvellevision.com\/gnv\/2025\/06\/24\/le-gabon-participe-a-la-10eme-edition-de-la-journee-africaine-de-la-fonction-publique-a-addis-abeba\/#respond"]}]},{"@type":"WebPage","@id":"https:\/\/gabonnouvellevision.com\/gnv\/2025\/06\/24\/le-gabon-participe-a-la-10eme-edition-de-la-journee-africaine-de-la-fonction-publique-a-addis-abeba\/","url":"https:\/\/gabonnouvellevision.com\/gnv\/2025\/06\/24\/le-gabon-participe-a-la-10eme-edition-de-la-journee-africaine-de-la-fonction-publique-a-addis-abeba\/","name":"Le Gabon participe \u00e0 la 10\u00e8me \u00e9dition de la journ\u00e9e africaine de la Fonction publique \u00e0 Addis-Abeba - Gabon Nouvelle Vision","isPartOf":{"@id":"https:\/\/gabonnouvellevision.com\/gnv\/#website"},"primaryImageOfPage":{"@id":"https:\/\/gabonnouvellevision.com\/gnv\/2025\/06\/24\/le-gabon-participe-a-la-10eme-edition-de-la-journee-africaine-de-la-fonction-publique-a-addis-abeba\/#primaryimage"},"image":{"@id":"https:\/\/gabonnouvellevision.com\/gnv\/2025\/06\/24\/le-gabon-participe-a-la-10eme-edition-de-la-journee-africaine-de-la-fonction-publique-a-addis-abeba\/#primaryimage"},"thumbnailUrl":"https:\/\/gabonnouvellevision.com\/gnv\/wp-content\/uploads\/2025\/06\/object.getObject-1.jpeg","datePublished":"2025-06-24T08:47:49+00:00","dateModified":"2025-06-24T08:47:51+00:00","breadcrumb":{"@id":"https:\/\/gabonnouvellevision.com\/gnv\/2025\/06\/24\/le-gabon-participe-a-la-10eme-edition-de-la-journee-africaine-de-la-fonction-publique-a-addis-abeba\/#breadcrumb"},"inLanguage":"fr-FR","potentialAction":[{"@type":"ReadAction","target":["https:\/\/gabonnouvellevision.com\/gnv\/2025\/06\/24\/le-gabon-participe-a-la-10eme-edition-de-la-journee-africaine-de-la-fonction-publique-a-addis-abeba\/"]}]},{"@type":"ImageObject","inLanguage":"fr-FR","@id":"https:\/\/gabonnouvellevision.com\/gnv\/2025\/06\/24\/le-gabon-participe-a-la-10eme-edition-de-la-journee-africaine-de-la-fonction-publique-a-addis-abeba\/#primaryimage","url":"https:\/\/gabonnouvellevision.com\/gnv\/wp-content\/uploads\/2025\/06\/object.getObject-1.jpeg","contentUrl":"https:\/\/gabonnouvellevision.com\/gnv\/wp-content\/uploads\/2025\/06\/object.getObject-1.jpeg","width":1600,"height":764},{"@type":"BreadcrumbList","@id":"https:\/\/gabonnouvellevision.com\/gnv\/2025\/06\/24\/le-gabon-participe-a-la-10eme-edition-de-la-journee-africaine-de-la-fonction-publique-a-addis-abeba\/#breadcrumb","itemListElement":[{"@type":"ListItem","position":1,"name":"Accueil","item":"https:\/\/gabonnouvellevision.com\/gnv\/"},{"@type":"ListItem","position":2,"name":"Le Gabon participe \u00e0 la 10\u00e8me \u00e9dition de la journ\u00e9e africaine de la Fonction publique \u00e0 Addis-Abeba"}]},{"@type":"WebSite","@id":"https:\/\/gabonnouvellevision.com\/gnv\/#website","url":"https:\/\/gabonnouvellevision.com\/gnv\/","name":"Gabon Nouvelle Vision","description":"","publisher":{"@id":"https:\/\/gabonnouvellevision.com\/gnv\/#organization"},"potentialAction":[{"@type":"SearchAction","target":{"@type":"EntryPoint","urlTemplate":"https:\/\/gabonnouvellevision.com\/gnv\/?s={search_term_string}"},"query-input":{"@type":"PropertyValueSpecification","valueRequired":true,"valueName":"search_term_string"}}],"inLanguage":"fr-FR"},{"@type":"Organization","@id":"https:\/\/gabonnouvellevision.com\/gnv\/#organization","name":"Gabon Nouvelle Vision","url":"https:\/\/gabonnouvellevision.com\/gnv\/","logo":{"@type":"ImageObject","inLanguage":"fr-FR","@id":"https:\/\/gabonnouvellevision.com\/gnv\/#\/schema\/logo\/image\/","url":"https:\/\/gabonnouvellevision.com\/gnv\/wp-content\/uploads\/2025\/01\/logo-text_Plan-de-travail-1.png","contentUrl":"https:\/\/gabonnouvellevision.com\/gnv\/wp-content\/uploads\/2025\/01\/logo-text_Plan-de-travail-1.png","width":7169,"height":2390,"caption":"Gabon Nouvelle Vision"},"image":{"@id":"https:\/\/gabonnouvellevision.com\/gnv\/#\/schema\/logo\/image\/"},"sameAs":["https:\/\/www.facebook.com\/GNVofficiel"]},{"@type":"Person","@id":"https:\/\/gabonnouvellevision.com\/gnv\/#\/schema\/person\/4b48e07d222f83c0285affc3704bc899","name":"Eyeng Obame","image":{"@type":"ImageObject","inLanguage":"fr-FR","@id":"https:\/\/gabonnouvellevision.com\/gnv\/#\/schema\/person\/image\/","url":"https:\/\/secure.gravatar.com\/avatar\/167bc03b8baf3c77318a47159f80871de6f5a6cbf4bc8b6af750fbc1a369d7bf?s=96&d=mm&r=g","contentUrl":"https:\/\/secure.gravatar.com\/avatar\/167bc03b8baf3c77318a47159f80871de6f5a6cbf4bc8b6af750fbc1a369d7bf?s=96&d=mm&r=g","caption":"Eyeng Obame"},"url":"https:\/\/gabonnouvellevision.com\/gnv\/author\/rufin\/"}]}},"_links":{"self":[{"href":"https:\/\/gabonnouvellevision.com\/gnv\/wp-json\/wp\/v2\/posts\/24042","targetHints":{"allow":["GET"]}}],"collection":[{"href":"https:\/\/gabonnouvellevision.com\/gnv\/wp-json\/wp\/v2\/posts"}],"about":[{"href":"https:\/\/gabonnouvellevision.com\/gnv\/wp-json\/wp\/v2\/types\/post"}],"author":[{"embeddable":true,"href":"https:\/\/gabonnouvellevision.com\/gnv\/wp-json\/wp\/v2\/users\/7"}],"replies":[{"embeddable":true,"href":"https:\/\/gabonnouvellevision.com\/gnv\/wp-json\/wp\/v2\/comments?post=24042"}],"version-history":[{"count":1,"href":"https:\/\/gabonnouvellevision.com\/gnv\/wp-json\/wp\/v2\/posts\/24042\/revisions"}],"predecessor-version":[{"id":24044,"href":"https:\/\/gabonnouvellevision.com\/gnv\/wp-json\/wp\/v2\/posts\/24042\/revisions\/24044"}],"wp:featuredmedia":[{"embeddable":true,"href":"https:\/\/gabonnouvellevision.com\/gnv\/wp-json\/wp\/v2\/media\/24043"}],"wp:attachment":[{"href":"https:\/\/gabonnouvellevision.com\/gnv\/wp-json\/wp\/v2\/media?parent=24042"}],"wp:term":[{"taxonomy":"category","embeddable":true,"href":"https:\/\/gabonnouvellevision.com\/gnv\/wp-json\/wp\/v2\/categories?post=24042"},{"taxonomy":"post_tag","embeddable":true,"href":"https:\/\/gabonnouvellevision.com\/gnv\/wp-json\/wp\/v2\/tags?post=24042"}],"curies":[{"name":"wp","href":"https:\/\/api.w.org\/{rel}","templated":true}]}}