{"id":24039,"date":"2025-06-23T11:17:20","date_gmt":"2025-06-23T09:17:20","guid":{"rendered":"https:\/\/gabonnouvellevision.com\/gnv\/?p=24039"},"modified":"2025-06-23T11:17:22","modified_gmt":"2025-06-23T09:17:22","slug":"le-president-oligui-nguema-prend-part-au-17e-sommet-etats-unis-afrique-a-luanda","status":"publish","type":"post","link":"https:\/\/gabonnouvellevision.com\/gnv\/2025\/06\/23\/le-president-oligui-nguema-prend-part-au-17e-sommet-etats-unis-afrique-a-luanda\/","title":{"rendered":"Le Pr\u00e9sident Oligui Nguema prend part au 17e sommet Etats-Unis-Afrique \u00e0 Luanda"},"content":{"rendered":"\n<p>Le Pr\u00e9sident de la R\u00e9publique, Brice Clotaire Oligui Nguema, hier, lors de l\u2019ex\u00e9cution de l\u2019hymne national \u00e0 l\u2019a\u00e9roport de Libreville avant de s\u2019envoler pour Luanda. Com. Pr\u00e9sidentielle.<\/p>\n\n\n\n<p><strong><em>Le Pr\u00e9sident de la R\u00e9publique, Brice Clotaire Oligui Nguema, s\u00e9journe \u00e0 Luanda, en Angola, depuis hier, pour participer aux travaux du 17e sommet &nbsp;des affaires Etats-Unis-Afrique du 23 au 27 juin<\/em>.<\/strong><\/p>\n\n\n\n<p>Cette rencontre r\u00e9unit plus de 1500 d\u00e9l\u00e9gu\u00e9s, dont des pr\u00e9sidents, des chefs de gouvernement et des ministres africains, de hauts fonctionnaires du gouvernement am\u00e9ricain, des dirigeants d\u2019entreprises am\u00e9ricaines et africaines.<\/p>\n\n\n\n<p>Il s\u2019agit pour le Gabon qui vient d\u2019entrer dans la Ve R\u00e9publique, &nbsp;de saisir cette opportunit\u00e9 d\u2019affaires en n\u00e9gociant et signant&nbsp; de nombreux &nbsp;partenariats \u00e9conomiques &nbsp;gagnant-gagnant \u00e0 m\u00eame d\u2019am\u00e9liorer le taux de croissance \u00e9conomique et de faire chuter progressivement le taux de ch\u00f4mage actuel des jeunes. Un taux de ch\u00f4mage qui demeure \u00e9lev\u00e9 malgr\u00e9 les efforts des nouvelles autorit\u00e9s de la r\u00e9publique.<\/p>\n\n\n\n<p><strong>Rufin Martial Oke Nze<\/strong><\/p>\n","protected":false},"excerpt":{"rendered":"<p>Le Pr\u00e9sident de la R\u00e9publique, Brice Clotaire Oligui Nguema, hier, lors de l\u2019ex\u00e9cution de l\u2019hymne national \u00e0 l\u2019a\u00e9roport de Libreville avant de s\u2019envoler pour Luanda. Com. Pr\u00e9sidentielle. Le Pr\u00e9sident de la R\u00e9publique, Brice Clotaire Oligui Nguema, s\u00e9journe \u00e0 Luanda, en Angola, depuis hier, pour participer aux travaux du 17e sommet &nbsp;des affaires Etats-Unis-Afrique du 23 [&hellip;]<\/p>\n","protected":false},"author":7,"featured_media":24040,"comment_status":"open","ping_status":"open","sticky":false,"template":"","format":"standard","meta":{"footnotes":""},"categories":[57,55,66],"tags":[],"class_list":["post-24039","post","type-post","status-publish","format-standard","has-post-thumbnail","hentry","category-a-la-une","category-actualites","category-diplomatie"],"yoast_head":"<!-- This site is optimized with the Yoast SEO plugin v24.2 - https:\/\/yoast.com\/wordpress\/plugins\/seo\/ -->\n<title>Le Pr\u00e9sident Oligui Nguema prend part au 17e sommet Etats-Unis-Afrique \u00e0 Luanda - Gabon Nouvelle Vision<\/title>\n<meta name=\"robots\" content=\"index, follow, max-snippet:-1, max-image-preview:large, max-video-preview:-1\" \/>\n<link rel=\"canonical\" href=\"https:\/\/gabonnouvellevision.com\/gnv\/2025\/06\/23\/le-president-oligui-nguema-prend-part-au-17e-sommet-etats-unis-afrique-a-luanda\/\" \/>\n<meta property=\"og:locale\" content=\"fr_FR\" \/>\n<meta property=\"og:type\" content=\"article\" \/>\n<meta property=\"og:title\" content=\"Le Pr\u00e9sident Oligui Nguema prend part au 17e sommet Etats-Unis-Afrique \u00e0 Luanda - Gabon Nouvelle Vision\" \/>\n<meta property=\"og:description\" content=\"Le Pr\u00e9sident de la R\u00e9publique, Brice Clotaire Oligui Nguema, hier, lors de l\u2019ex\u00e9cution de l\u2019hymne national \u00e0 l\u2019a\u00e9roport de Libreville avant de s\u2019envoler pour Luanda. Com. Pr\u00e9sidentielle. Le Pr\u00e9sident de la R\u00e9publique, Brice Clotaire Oligui Nguema, s\u00e9journe \u00e0 Luanda, en Angola, depuis hier, pour participer aux travaux du 17e sommet &nbsp;des affaires Etats-Unis-Afrique du 23 [&hellip;]\" \/>\n<meta property=\"og:url\" content=\"https:\/\/gabonnouvellevision.com\/gnv\/2025\/06\/23\/le-president-oligui-nguema-prend-part-au-17e-sommet-etats-unis-afrique-a-luanda\/\" \/>\n<meta property=\"og:site_name\" content=\"Gabon Nouvelle Vision\" \/>\n<meta property=\"article:publisher\" content=\"https:\/\/www.facebook.com\/GNVofficiel\" \/>\n<meta property=\"article:published_time\" content=\"2025-06-23T09:17:20+00:00\" \/>\n<meta property=\"article:modified_time\" content=\"2025-06-23T09:17:22+00:00\" \/>\n<meta property=\"og:image\" content=\"https:\/\/gabonnouvellevision.com\/gnv\/wp-content\/uploads\/2025\/06\/498175902_122216714354246207_4085424298530672243_n.jpg\" \/>\n\t<meta property=\"og:image:width\" content=\"1000\" \/>\n\t<meta property=\"og:image:height\" content=\"667\" \/>\n\t<meta property=\"og:image:type\" content=\"image\/jpeg\" \/>\n<meta name=\"author\" content=\"Eyeng Obame\" \/>\n<meta name=\"twitter:card\" content=\"summary_large_image\" \/>\n<meta name=\"twitter:label1\" content=\"\u00c9crit par\" \/>\n\t<meta name=\"twitter:data1\" content=\"Eyeng Obame\" \/>\n\t<meta name=\"twitter:label2\" content=\"Dur\u00e9e de lecture estim\u00e9e\" \/>\n\t<meta name=\"twitter:data2\" content=\"1 minute\" \/>\n<script type=\"application\/ld+json\" class=\"yoast-schema-graph\">{\"@context\":\"https:\/\/schema.org\",\"@graph\":[{\"@type\":\"Article\",\"@id\":\"https:\/\/gabonnouvellevision.com\/gnv\/2025\/06\/23\/le-president-oligui-nguema-prend-part-au-17e-sommet-etats-unis-afrique-a-luanda\/#article\",\"isPartOf\":{\"@id\":\"https:\/\/gabonnouvellevision.com\/gnv\/2025\/06\/23\/le-president-oligui-nguema-prend-part-au-17e-sommet-etats-unis-afrique-a-luanda\/\"},\"author\":{\"name\":\"Eyeng Obame\",\"@id\":\"https:\/\/gabonnouvellevision.com\/gnv\/#\/schema\/person\/4b48e07d222f83c0285affc3704bc899\"},\"headline\":\"Le Pr\u00e9sident Oligui Nguema prend part au 17e sommet Etats-Unis-Afrique \u00e0 Luanda\",\"datePublished\":\"2025-06-23T09:17:20+00:00\",\"dateModified\":\"2025-06-23T09:17:22+00:00\",\"mainEntityOfPage\":{\"@id\":\"https:\/\/gabonnouvellevision.com\/gnv\/2025\/06\/23\/le-president-oligui-nguema-prend-part-au-17e-sommet-etats-unis-afrique-a-luanda\/\"},\"wordCount\":197,\"commentCount\":0,\"publisher\":{\"@id\":\"https:\/\/gabonnouvellevision.com\/gnv\/#organization\"},\"image\":{\"@id\":\"https:\/\/gabonnouvellevision.com\/gnv\/2025\/06\/23\/le-president-oligui-nguema-prend-part-au-17e-sommet-etats-unis-afrique-a-luanda\/#primaryimage\"},\"thumbnailUrl\":\"https:\/\/gabonnouvellevision.com\/gnv\/wp-content\/uploads\/2025\/06\/498175902_122216714354246207_4085424298530672243_n.jpg\",\"articleSection\":[\"A la une\",\"Actualites\",\"Diplomatie\"],\"inLanguage\":\"fr-FR\",\"potentialAction\":[{\"@type\":\"CommentAction\",\"name\":\"Comment\",\"target\":[\"https:\/\/gabonnouvellevision.com\/gnv\/2025\/06\/23\/le-president-oligui-nguema-prend-part-au-17e-sommet-etats-unis-afrique-a-luanda\/#respond\"]}]},{\"@type\":\"WebPage\",\"@id\":\"https:\/\/gabonnouvellevision.com\/gnv\/2025\/06\/23\/le-president-oligui-nguema-prend-part-au-17e-sommet-etats-unis-afrique-a-luanda\/\",\"url\":\"https:\/\/gabonnouvellevision.com\/gnv\/2025\/06\/23\/le-president-oligui-nguema-prend-part-au-17e-sommet-etats-unis-afrique-a-luanda\/\",\"name\":\"Le Pr\u00e9sident Oligui Nguema prend part au 17e sommet Etats-Unis-Afrique \u00e0 Luanda - Gabon Nouvelle Vision\",\"isPartOf\":{\"@id\":\"https:\/\/gabonnouvellevision.com\/gnv\/#website\"},\"primaryImageOfPage\":{\"@id\":\"https:\/\/gabonnouvellevision.com\/gnv\/2025\/06\/23\/le-president-oligui-nguema-prend-part-au-17e-sommet-etats-unis-afrique-a-luanda\/#primaryimage\"},\"image\":{\"@id\":\"https:\/\/gabonnouvellevision.com\/gnv\/2025\/06\/23\/le-president-oligui-nguema-prend-part-au-17e-sommet-etats-unis-afrique-a-luanda\/#primaryimage\"},\"thumbnailUrl\":\"https:\/\/gabonnouvellevision.com\/gnv\/wp-content\/uploads\/2025\/06\/498175902_122216714354246207_4085424298530672243_n.jpg\",\"datePublished\":\"2025-06-23T09:17:20+00:00\",\"dateModified\":\"2025-06-23T09:17:22+00:00\",\"breadcrumb\":{\"@id\":\"https:\/\/gabonnouvellevision.com\/gnv\/2025\/06\/23\/le-president-oligui-nguema-prend-part-au-17e-sommet-etats-unis-afrique-a-luanda\/#breadcrumb\"},\"inLanguage\":\"fr-FR\",\"potentialAction\":[{\"@type\":\"ReadAction\",\"target\":[\"https:\/\/gabonnouvellevision.com\/gnv\/2025\/06\/23\/le-president-oligui-nguema-prend-part-au-17e-sommet-etats-unis-afrique-a-luanda\/\"]}]},{\"@type\":\"ImageObject\",\"inLanguage\":\"fr-FR\",\"@id\":\"https:\/\/gabonnouvellevision.com\/gnv\/2025\/06\/23\/le-president-oligui-nguema-prend-part-au-17e-sommet-etats-unis-afrique-a-luanda\/#primaryimage\",\"url\":\"https:\/\/gabonnouvellevision.com\/gnv\/wp-content\/uploads\/2025\/06\/498175902_122216714354246207_4085424298530672243_n.jpg\",\"contentUrl\":\"https:\/\/gabonnouvellevision.com\/gnv\/wp-content\/uploads\/2025\/06\/498175902_122216714354246207_4085424298530672243_n.jpg\",\"width\":1000,\"height\":667},{\"@type\":\"BreadcrumbList\",\"@id\":\"https:\/\/gabonnouvellevision.com\/gnv\/2025\/06\/23\/le-president-oligui-nguema-prend-part-au-17e-sommet-etats-unis-afrique-a-luanda\/#breadcrumb\",\"itemListElement\":[{\"@type\":\"ListItem\",\"position\":1,\"name\":\"Accueil\",\"item\":\"https:\/\/gabonnouvellevision.com\/gnv\/\"},{\"@type\":\"ListItem\",\"position\":2,\"name\":\"Le Pr\u00e9sident Oligui Nguema prend part au 17e sommet Etats-Unis-Afrique \u00e0 Luanda\"}]},{\"@type\":\"WebSite\",\"@id\":\"https:\/\/gabonnouvellevision.com\/gnv\/#website\",\"url\":\"https:\/\/gabonnouvellevision.com\/gnv\/\",\"name\":\"Gabon Nouvelle Vision\",\"description\":\"\",\"publisher\":{\"@id\":\"https:\/\/gabonnouvellevision.com\/gnv\/#organization\"},\"potentialAction\":[{\"@type\":\"SearchAction\",\"target\":{\"@type\":\"EntryPoint\",\"urlTemplate\":\"https:\/\/gabonnouvellevision.com\/gnv\/?s={search_term_string}\"},\"query-input\":{\"@type\":\"PropertyValueSpecification\",\"valueRequired\":true,\"valueName\":\"search_term_string\"}}],\"inLanguage\":\"fr-FR\"},{\"@type\":\"Organization\",\"@id\":\"https:\/\/gabonnouvellevision.com\/gnv\/#organization\",\"name\":\"Gabon Nouvelle Vision\",\"url\":\"https:\/\/gabonnouvellevision.com\/gnv\/\",\"logo\":{\"@type\":\"ImageObject\",\"inLanguage\":\"fr-FR\",\"@id\":\"https:\/\/gabonnouvellevision.com\/gnv\/#\/schema\/logo\/image\/\",\"url\":\"https:\/\/gabonnouvellevision.com\/gnv\/wp-content\/uploads\/2025\/01\/logo-text_Plan-de-travail-1.png\",\"contentUrl\":\"https:\/\/gabonnouvellevision.com\/gnv\/wp-content\/uploads\/2025\/01\/logo-text_Plan-de-travail-1.png\",\"width\":7169,\"height\":2390,\"caption\":\"Gabon Nouvelle Vision\"},\"image\":{\"@id\":\"https:\/\/gabonnouvellevision.com\/gnv\/#\/schema\/logo\/image\/\"},\"sameAs\":[\"https:\/\/www.facebook.com\/GNVofficiel\"]},{\"@type\":\"Person\",\"@id\":\"https:\/\/gabonnouvellevision.com\/gnv\/#\/schema\/person\/4b48e07d222f83c0285affc3704bc899\",\"name\":\"Eyeng Obame\",\"image\":{\"@type\":\"ImageObject\",\"inLanguage\":\"fr-FR\",\"@id\":\"https:\/\/gabonnouvellevision.com\/gnv\/#\/schema\/person\/image\/\",\"url\":\"https:\/\/secure.gravatar.com\/avatar\/167bc03b8baf3c77318a47159f80871de6f5a6cbf4bc8b6af750fbc1a369d7bf?s=96&d=mm&r=g\",\"contentUrl\":\"https:\/\/secure.gravatar.com\/avatar\/167bc03b8baf3c77318a47159f80871de6f5a6cbf4bc8b6af750fbc1a369d7bf?s=96&d=mm&r=g\",\"caption\":\"Eyeng Obame\"},\"url\":\"https:\/\/gabonnouvellevision.com\/gnv\/author\/rufin\/\"}]}<\/script>\n<!-- \/ Yoast SEO plugin. -->","yoast_head_json":{"title":"Le Pr\u00e9sident Oligui Nguema prend part au 17e sommet Etats-Unis-Afrique \u00e0 Luanda - Gabon Nouvelle Vision","robots":{"index":"index","follow":"follow","max-snippet":"max-snippet:-1","max-image-preview":"max-image-preview:large","max-video-preview":"max-video-preview:-1"},"canonical":"https:\/\/gabonnouvellevision.com\/gnv\/2025\/06\/23\/le-president-oligui-nguema-prend-part-au-17e-sommet-etats-unis-afrique-a-luanda\/","og_locale":"fr_FR","og_type":"article","og_title":"Le Pr\u00e9sident Oligui Nguema prend part au 17e sommet Etats-Unis-Afrique \u00e0 Luanda - Gabon Nouvelle Vision","og_description":"Le Pr\u00e9sident de la R\u00e9publique, Brice Clotaire Oligui Nguema, hier, lors de l\u2019ex\u00e9cution de l\u2019hymne national \u00e0 l\u2019a\u00e9roport de Libreville avant de s\u2019envoler pour Luanda. Com. Pr\u00e9sidentielle. Le Pr\u00e9sident de la R\u00e9publique, Brice Clotaire Oligui Nguema, s\u00e9journe \u00e0 Luanda, en Angola, depuis hier, pour participer aux travaux du 17e sommet &nbsp;des affaires Etats-Unis-Afrique du 23 [&hellip;]","og_url":"https:\/\/gabonnouvellevision.com\/gnv\/2025\/06\/23\/le-president-oligui-nguema-prend-part-au-17e-sommet-etats-unis-afrique-a-luanda\/","og_site_name":"Gabon Nouvelle Vision","article_publisher":"https:\/\/www.facebook.com\/GNVofficiel","article_published_time":"2025-06-23T09:17:20+00:00","article_modified_time":"2025-06-23T09:17:22+00:00","og_image":[{"width":1000,"height":667,"url":"https:\/\/gabonnouvellevision.com\/gnv\/wp-content\/uploads\/2025\/06\/498175902_122216714354246207_4085424298530672243_n.jpg","type":"image\/jpeg"}],"author":"Eyeng Obame","twitter_card":"summary_large_image","twitter_misc":{"\u00c9crit par":"Eyeng Obame","Dur\u00e9e de lecture estim\u00e9e":"1 minute"},"schema":{"@context":"https:\/\/schema.org","@graph":[{"@type":"Article","@id":"https:\/\/gabonnouvellevision.com\/gnv\/2025\/06\/23\/le-president-oligui-nguema-prend-part-au-17e-sommet-etats-unis-afrique-a-luanda\/#article","isPartOf":{"@id":"https:\/\/gabonnouvellevision.com\/gnv\/2025\/06\/23\/le-president-oligui-nguema-prend-part-au-17e-sommet-etats-unis-afrique-a-luanda\/"},"author":{"name":"Eyeng Obame","@id":"https:\/\/gabonnouvellevision.com\/gnv\/#\/schema\/person\/4b48e07d222f83c0285affc3704bc899"},"headline":"Le Pr\u00e9sident Oligui Nguema prend part au 17e sommet Etats-Unis-Afrique \u00e0 Luanda","datePublished":"2025-06-23T09:17:20+00:00","dateModified":"2025-06-23T09:17:22+00:00","mainEntityOfPage":{"@id":"https:\/\/gabonnouvellevision.com\/gnv\/2025\/06\/23\/le-president-oligui-nguema-prend-part-au-17e-sommet-etats-unis-afrique-a-luanda\/"},"wordCount":197,"commentCount":0,"publisher":{"@id":"https:\/\/gabonnouvellevision.com\/gnv\/#organization"},"image":{"@id":"https:\/\/gabonnouvellevision.com\/gnv\/2025\/06\/23\/le-president-oligui-nguema-prend-part-au-17e-sommet-etats-unis-afrique-a-luanda\/#primaryimage"},"thumbnailUrl":"https:\/\/gabonnouvellevision.com\/gnv\/wp-content\/uploads\/2025\/06\/498175902_122216714354246207_4085424298530672243_n.jpg","articleSection":["A la une","Actualites","Diplomatie"],"inLanguage":"fr-FR","potentialAction":[{"@type":"CommentAction","name":"Comment","target":["https:\/\/gabonnouvellevision.com\/gnv\/2025\/06\/23\/le-president-oligui-nguema-prend-part-au-17e-sommet-etats-unis-afrique-a-luanda\/#respond"]}]},{"@type":"WebPage","@id":"https:\/\/gabonnouvellevision.com\/gnv\/2025\/06\/23\/le-president-oligui-nguema-prend-part-au-17e-sommet-etats-unis-afrique-a-luanda\/","url":"https:\/\/gabonnouvellevision.com\/gnv\/2025\/06\/23\/le-president-oligui-nguema-prend-part-au-17e-sommet-etats-unis-afrique-a-luanda\/","name":"Le Pr\u00e9sident Oligui Nguema prend part au 17e sommet Etats-Unis-Afrique \u00e0 Luanda - Gabon Nouvelle Vision","isPartOf":{"@id":"https:\/\/gabonnouvellevision.com\/gnv\/#website"},"primaryImageOfPage":{"@id":"https:\/\/gabonnouvellevision.com\/gnv\/2025\/06\/23\/le-president-oligui-nguema-prend-part-au-17e-sommet-etats-unis-afrique-a-luanda\/#primaryimage"},"image":{"@id":"https:\/\/gabonnouvellevision.com\/gnv\/2025\/06\/23\/le-president-oligui-nguema-prend-part-au-17e-sommet-etats-unis-afrique-a-luanda\/#primaryimage"},"thumbnailUrl":"https:\/\/gabonnouvellevision.com\/gnv\/wp-content\/uploads\/2025\/06\/498175902_122216714354246207_4085424298530672243_n.jpg","datePublished":"2025-06-23T09:17:20+00:00","dateModified":"2025-06-23T09:17:22+00:00","breadcrumb":{"@id":"https:\/\/gabonnouvellevision.com\/gnv\/2025\/06\/23\/le-president-oligui-nguema-prend-part-au-17e-sommet-etats-unis-afrique-a-luanda\/#breadcrumb"},"inLanguage":"fr-FR","potentialAction":[{"@type":"ReadAction","target":["https:\/\/gabonnouvellevision.com\/gnv\/2025\/06\/23\/le-president-oligui-nguema-prend-part-au-17e-sommet-etats-unis-afrique-a-luanda\/"]}]},{"@type":"ImageObject","inLanguage":"fr-FR","@id":"https:\/\/gabonnouvellevision.com\/gnv\/2025\/06\/23\/le-president-oligui-nguema-prend-part-au-17e-sommet-etats-unis-afrique-a-luanda\/#primaryimage","url":"https:\/\/gabonnouvellevision.com\/gnv\/wp-content\/uploads\/2025\/06\/498175902_122216714354246207_4085424298530672243_n.jpg","contentUrl":"https:\/\/gabonnouvellevision.com\/gnv\/wp-content\/uploads\/2025\/06\/498175902_122216714354246207_4085424298530672243_n.jpg","width":1000,"height":667},{"@type":"BreadcrumbList","@id":"https:\/\/gabonnouvellevision.com\/gnv\/2025\/06\/23\/le-president-oligui-nguema-prend-part-au-17e-sommet-etats-unis-afrique-a-luanda\/#breadcrumb","itemListElement":[{"@type":"ListItem","position":1,"name":"Accueil","item":"https:\/\/gabonnouvellevision.com\/gnv\/"},{"@type":"ListItem","position":2,"name":"Le Pr\u00e9sident Oligui Nguema prend part au 17e sommet Etats-Unis-Afrique \u00e0 Luanda"}]},{"@type":"WebSite","@id":"https:\/\/gabonnouvellevision.com\/gnv\/#website","url":"https:\/\/gabonnouvellevision.com\/gnv\/","name":"Gabon Nouvelle Vision","description":"","publisher":{"@id":"https:\/\/gabonnouvellevision.com\/gnv\/#organization"},"potentialAction":[{"@type":"SearchAction","target":{"@type":"EntryPoint","urlTemplate":"https:\/\/gabonnouvellevision.com\/gnv\/?s={search_term_string}"},"query-input":{"@type":"PropertyValueSpecification","valueRequired":true,"valueName":"search_term_string"}}],"inLanguage":"fr-FR"},{"@type":"Organization","@id":"https:\/\/gabonnouvellevision.com\/gnv\/#organization","name":"Gabon Nouvelle Vision","url":"https:\/\/gabonnouvellevision.com\/gnv\/","logo":{"@type":"ImageObject","inLanguage":"fr-FR","@id":"https:\/\/gabonnouvellevision.com\/gnv\/#\/schema\/logo\/image\/","url":"https:\/\/gabonnouvellevision.com\/gnv\/wp-content\/uploads\/2025\/01\/logo-text_Plan-de-travail-1.png","contentUrl":"https:\/\/gabonnouvellevision.com\/gnv\/wp-content\/uploads\/2025\/01\/logo-text_Plan-de-travail-1.png","width":7169,"height":2390,"caption":"Gabon Nouvelle Vision"},"image":{"@id":"https:\/\/gabonnouvellevision.com\/gnv\/#\/schema\/logo\/image\/"},"sameAs":["https:\/\/www.facebook.com\/GNVofficiel"]},{"@type":"Person","@id":"https:\/\/gabonnouvellevision.com\/gnv\/#\/schema\/person\/4b48e07d222f83c0285affc3704bc899","name":"Eyeng Obame","image":{"@type":"ImageObject","inLanguage":"fr-FR","@id":"https:\/\/gabonnouvellevision.com\/gnv\/#\/schema\/person\/image\/","url":"https:\/\/secure.gravatar.com\/avatar\/167bc03b8baf3c77318a47159f80871de6f5a6cbf4bc8b6af750fbc1a369d7bf?s=96&d=mm&r=g","contentUrl":"https:\/\/secure.gravatar.com\/avatar\/167bc03b8baf3c77318a47159f80871de6f5a6cbf4bc8b6af750fbc1a369d7bf?s=96&d=mm&r=g","caption":"Eyeng Obame"},"url":"https:\/\/gabonnouvellevision.com\/gnv\/author\/rufin\/"}]}},"_links":{"self":[{"href":"https:\/\/gabonnouvellevision.com\/gnv\/wp-json\/wp\/v2\/posts\/24039","targetHints":{"allow":["GET"]}}],"collection":[{"href":"https:\/\/gabonnouvellevision.com\/gnv\/wp-json\/wp\/v2\/posts"}],"about":[{"href":"https:\/\/gabonnouvellevision.com\/gnv\/wp-json\/wp\/v2\/types\/post"}],"author":[{"embeddable":true,"href":"https:\/\/gabonnouvellevision.com\/gnv\/wp-json\/wp\/v2\/users\/7"}],"replies":[{"embeddable":true,"href":"https:\/\/gabonnouvellevision.com\/gnv\/wp-json\/wp\/v2\/comments?post=24039"}],"version-history":[{"count":1,"href":"https:\/\/gabonnouvellevision.com\/gnv\/wp-json\/wp\/v2\/posts\/24039\/revisions"}],"predecessor-version":[{"id":24041,"href":"https:\/\/gabonnouvellevision.com\/gnv\/wp-json\/wp\/v2\/posts\/24039\/revisions\/24041"}],"wp:featuredmedia":[{"embeddable":true,"href":"https:\/\/gabonnouvellevision.com\/gnv\/wp-json\/wp\/v2\/media\/24040"}],"wp:attachment":[{"href":"https:\/\/gabonnouvellevision.com\/gnv\/wp-json\/wp\/v2\/media?parent=24039"}],"wp:term":[{"taxonomy":"category","embeddable":true,"href":"https:\/\/gabonnouvellevision.com\/gnv\/wp-json\/wp\/v2\/categories?post=24039"},{"taxonomy":"post_tag","embeddable":true,"href":"https:\/\/gabonnouvellevision.com\/gnv\/wp-json\/wp\/v2\/tags?post=24039"}],"curies":[{"name":"wp","href":"https:\/\/api.w.org\/{rel}","templated":true}]}}