{"id":24036,"date":"2025-06-21T10:30:15","date_gmt":"2025-06-21T08:30:15","guid":{"rendered":"https:\/\/gabonnouvellevision.com\/gnv\/?p=24036"},"modified":"2025-06-21T10:30:18","modified_gmt":"2025-06-21T08:30:18","slug":"communique-final-du-conseil-des-ministres-du-20-juin-2025","status":"publish","type":"post","link":"https:\/\/gabonnouvellevision.com\/gnv\/2025\/06\/21\/communique-final-du-conseil-des-ministres-du-20-juin-2025\/","title":{"rendered":"Communiqu\u00e9 Final du Conseil des Ministres du 20 juin 2025"},"content":{"rendered":"\n<p><strong>Sous la Tr\u00e8s Haute Pr\u00e9sidence de Son Excellence Brice Clotaire OLIGUI NGUEMA, Pr\u00e9sident de la R\u00e9publique, Chef de l\u2019\u00c9tat, Chef du Gouvernement<\/strong>,&nbsp;<strong>le Conseil des Ministres s\u2019est tenu ce vendredi 20 juin 2025, \u00e0 11 heures pr\u00e9cises, au Palais de la Pr\u00e9sidence de la R\u00e9publique.<\/strong><\/p>\n\n\n\n<p>En ouverture des travaux, le Pr\u00e9sident de la R\u00e9publique a rappel\u00e9 aux membres du Gouvernement la n\u00e9cessit\u00e9 absolue de demeurer concentr\u00e9s sur l\u2019objectif majeur assign\u00e9 \u00e0 l\u2019\u00e9quipe gouvernementale : transformer de mani\u00e8re concr\u00e8te et durable les conditions de vie des populations gabonaises. Il a soulign\u00e9 que la mise en \u0153uvre effective du projet de soci\u00e9t\u00e9, largement approuv\u00e9 par le peuple gabonais, constitue la priorit\u00e9 des priorit\u00e9s. \u00c0 cet \u00e9gard, le Chef de l\u2019\u00c9tat a r\u00e9affirm\u00e9 que le temps est venu de passer de la pens\u00e9e \u00e0 l\u2019action, en traduisant les grandes orientations politiques en actes tangibles, assortis d\u2019\u00e9ch\u00e9anciers rigoureux. Il a instruit que l\u2019ensemble des ministres \u00e9tablissent, au plus tard dans la premi\u00e8re semaine de juillet, les calendriers op\u00e9rationnels de mise en \u0153uvre des mesures arr\u00eat\u00e9es.<\/p>\n\n\n\n<p>Dans le cadre de la poursuite des efforts de rationalisation des d\u00e9penses publiques, le Chef de l\u2019\u00c9tat a instruit le Ministre d\u2019\u00c9tat en charge de l\u2019\u00c9conomie de veiller \u00e0 ce que les d\u00e9placements \u00e0 l\u2019\u00e9tranger, effectu\u00e9s dans le cadre de missions officielles financ\u00e9es par le budget de l\u2019\u00c9tat, soient strictement encadr\u00e9s. D\u00e9sormais, les responsables administratifs, des services centraux ou d\u00e9centralis\u00e9s, voyageront en classe \u00e9conomique ; les membres du Gouvernement en classe&nbsp;<em>affaires<\/em>, et les Ministres d\u2019\u00c9tat en 1\u00e8re classe. Pour les deux premiers cas de figure, toute demande de surclassement au-del\u00e0 de ces dispositions rel\u00e8vera d\u2019une d\u00e9marche individuelle et sera enti\u00e8rement \u00e0 la charge de l\u2019int\u00e9ress\u00e9. Cette mesure s\u2019inscrit dans une volont\u00e9 de discipline budg\u00e9taire exemplaire, au service d\u2019un \u00c9tat sobre, responsable et tourn\u00e9 vers l\u2019efficacit\u00e9.<\/p>\n\n\n\n<p>Le Pr\u00e9sident de la R\u00e9publique a ensuite demand\u00e9 au Ministre en charge des Transports d\u2019amorcer la sortie progressive de la gratuit\u00e9 des transports urbains publics, instaur\u00e9e en r\u00e9ponse \u00e0 la pand\u00e9mie de Covid-19. Ce dispositif, devenu intenable financi\u00e8rement, affecte aujourd\u2019hui la stabilit\u00e9 des entreprises publiques de transport que sont<\/p>\n\n\n\n<p>Trans\u2019Urb et SOGATRA. Le Ministre d\u2019\u00c9tat, Ministre des Transports, devra soumettre une nouvelle politique tarifaire fond\u00e9e sur un syst\u00e8me d\u2019abonnements annuels modul\u00e9s selon des crit\u00e8res sociaux, afin d\u2019assurer la viabilit\u00e9 \u00e9conomique et la continuit\u00e9 du service sans compromettre la solidarit\u00e9 nationale.<\/p>\n\n\n\n<p>Dans le m\u00eame sens, le Pr\u00e9sident de la R\u00e9publique, Chef de l\u2019\u00c9tat, Chef du Gouvernement, a d\u00e9cid\u00e9 de mettre un terme aux d\u00e9rives fiscales qui fragilisent l\u2019\u00e9conomie nationale et creusent le d\u00e9ficit budg\u00e9taire.<\/p>\n\n\n\n<p>Face \u00e0 un manque \u00e0 gagner cumul\u00e9 de plus de 1 000 milliards de francs CFA en trois ans, caus\u00e9 par des exon\u00e9rations fiscales massives et mal encadr\u00e9es \u2013 dont 682,67 milliards en fiscalit\u00e9 int\u00e9rieure et 376,55 milliards en fiscalit\u00e9 de porte \u2013 le Chef de l\u2019\u00c9tat a engag\u00e9 une op\u00e9ration de rationalisation des dispositifs fiscaux d\u00e9rogatoires.<\/p>\n\n\n\n<p>Il a annonc\u00e9 :<\/p>\n\n\n\n<ul class=\"wp-block-list\">\n<li>la suspension imm\u00e9diate et conservatoire de toute nouvelle exon\u00e9ration pendant une dur\u00e9e de trois mois ;<\/li>\n\n\n\n<li>le lancement d\u2019un audit complet de performance et de pertinence de tous les r\u00e9gimes fiscaux et douaniers d\u00e9rogatoires ;<\/li>\n\n\n\n<li>Et la r\u00e9forme des conditions d\u2019\u00e9ligibilit\u00e9 \u00e0 ces r\u00e9gimes, sur la base de la transparence, de l\u2019\u00e9quit\u00e9 et de l\u2019impact \u00e9conomique mesurable.<\/li>\n<\/ul>\n\n\n\n<p>L\u2019objectif est clair : restaurer la justice fiscale, s\u00e9curiser les ressources budg\u00e9taires, et mettre fin aux privil\u00e8ges inefficaces accord\u00e9s \u00e0 certains secteurs, au d\u00e9triment de l\u2019int\u00e9r\u00eat g\u00e9n\u00e9ral.<\/p>\n\n\n\n<p>Cette mesure structurante s\u2019inscrit dans la trajectoire de redressement de la Ve R\u00e9publique et vise \u00e0 aligner tous les leviers fiscaux sur les priorit\u00e9s de transformation \u00e9conomique et sociale du pays.<\/p>\n\n\n\n<p>Enfin, le Pr\u00e9sident de la R\u00e9publique a rappel\u00e9 avec fermet\u00e9 que le<\/p>\n\n\n\n<p>mandat confi\u00e9 au Gouvernement est un mandat de transformation, de redressement et de r\u00e9sultats. Aucune lenteur, aucune complaisance, aucun rel\u00e2chement ne sauraient \u00eatre tol\u00e9r\u00e9. \u00ab&nbsp;<em>Le changement ne se proclame pas : il s\u2019organise, se planifie et s\u2019applique&nbsp;<\/em>\u00bb, a-t-il d\u00e9clar\u00e9 avec solennit\u00e9.<\/p>\n\n\n\n<p>PROJETS DE TEXTES LEGISLATIFS ET REGLEMENTAIRES<\/p>\n\n\n\n<p>Le Conseil des Ministres a d\u00e9lib\u00e9r\u00e9 sur les affaires suivantes :<\/p>\n\n\n\n<p>MINISTERE DE LA REFORME ET DES RELATIONS AVEC LES INSTITUTIONS<\/p>\n\n\n\n<p>\u2013&nbsp;Projet loi autorisant le Pr\u00e9sident de la R\u00e9publique, Chef de l\u2019\u00c9tat, chef du Gouvernement \u00e0 l\u00e9gif\u00e9rer par ordonnance pendant l\u2019intersession parlementaire.<\/p>\n\n\n\n<p>Le pr\u00e9sent projet de loi, pris en application des dispositions de l\u2019article 99, alin\u00e9a premier, de la loi r\u00e9f\u00e9rendaire n\u00b0002-R2024 du 19 d\u00e9cembre 2024, a pour objet d\u2019autoriser le Pr\u00e9sident de la R\u00e9publique, Chef de l\u2019\u00c9tat et Chef du Gouvernement, \u00e0 l\u00e9gif\u00e9rer par ordonnance durant l\u2019intersession parlementaire.<\/p>\n\n\n\n<p>\u2013Projet de d\u00e9cret fixant la composition du cabinet du Vice- Pr\u00e9sident de la R\u00e9publique.<\/p>\n\n\n\n<p>Pris en application de l\u2019article 95 de la Constitution, le pr\u00e9sent projet de d\u00e9cret encadre l\u2019organisation et la composition du Cabinet du Vice- Pr\u00e9sident de la R\u00e9publique, appel\u00e9 \u00e0 l\u2019assister dans l\u2019exercice de sa mission aux c\u00f4t\u00e9s du Pr\u00e9sident de la R\u00e9publique.<\/p>\n\n\n\n<p>Dans un esprit de modernisation de l\u2019\u00c9tat et de renforcement de l\u2019efficacit\u00e9 institutionnelle, le projet de texte fixe une structuration resserr\u00e9e et fonctionnelle du Cabinet qui comprend, notamment, un Directeur de Cabinet, des Conseillers Sp\u00e9ciaux, des Conseillers, des Attach\u00e9s de Cabinet, des Charg\u00e9s de mission, ainsi que les personnels administratifs, de soutien et de s\u00e9curit\u00e9 indispensables au bon fonctionnement de cette haute autorit\u00e9 de l\u2019\u00c9tat.<\/p>\n\n\n\n<p>\u2013Projet de d\u00e9cret fixant la composition du cabinet du Vice- Pr\u00e9sident du Gouvernement.<\/p>\n\n\n\n<p>Pris en application des dispositions de l\u2019article 95 de la Constitution et de l\u2019article 5 du d\u00e9cret n\u00b00237\/PR du 16 mai 2025, ce projet de texte pr\u00e9cise l\u2019organisation du Cabinet plac\u00e9 aupr\u00e8s du Vice-Pr\u00e9sident du Gouvernement, dans le cadre de l\u2019exercice de ses attributions aux c\u00f4t\u00e9s du Pr\u00e9sident de la R\u00e9publique.<\/p>\n\n\n\n<p>Dans une volont\u00e9 affirm\u00e9e de moderniser l\u2019action publique et de doter les plus hautes autorit\u00e9s de l\u2019\u00c9tat d\u2019outils fonctionnels, la composition dudit Cabinet est d\u00e9sormais strictement encadr\u00e9e. Elle comprend notamment un Directeur de Cabinet, un Directeur Adjoint, un Chef de Cabinet, des Conseillers techniques sp\u00e9cialis\u00e9s, ainsi que l\u2019ensemble des personnels administratifs, diplomatiques, s\u00e9curitaires et logistiques indispensables au bon accomplissement des missions de coordination gouvernementale confi\u00e9es au Vice-Pr\u00e9sident du Gouvernement.<\/p>\n\n\n\n<p>\u2013Projet de d\u00e9cret fixant la composition des membres du Gouvernement<\/p>\n\n\n\n<p>Pris en application des dispositions l\u00e9gales et r\u00e9glementaires en vigueur, ce texte vise \u00e0 rationaliser et \u00e0 harmoniser l\u2019organisation des Cabinets minist\u00e9riels, dans le respect des exigences d\u2019efficacit\u00e9, de discipline administrative et de bonne gouvernance.<\/p>\n\n\n\n<p>Dans un esprit de clarification des structures d\u2019appui politique et technique des ministres, le d\u00e9cret \u00e9tablit une composition diff\u00e9renci\u00e9e des Cabinets, en fonction du rang protocolaire des membres du Gouvernement.<\/p>\n\n\n\n<p>Ainsi :<\/p>\n\n\n\n<ul class=\"wp-block-list\">\n<li>le\u00a0<strong>Cabinet d\u2019un Ministre d\u2019\u00c9tat\u00a0<\/strong>comprend notamment un Directeur de Cabinet, dix Conseillers, des Charg\u00e9s d\u2019\u00e9tudes, des Charg\u00e9s de mission et les personnels de soutien indispensables (secr\u00e9taires, protocole, s\u00e9curit\u00e9, chauffeur).<\/li>\n\n\n\n<li>le\u00a0<strong>Cabinet d\u2019un Ministre\u00a0<\/strong>est structur\u00e9 autour d\u2019un Directeur de Cabinet, de neuf Conseillers, de Charg\u00e9s d\u2019\u00e9tudes, de Charg\u00e9s de mission, ainsi que des personnels de secr\u00e9tariat et de soutien.<\/li>\n\n\n\n<li>le\u00a0<strong>Cabinet d\u2019un Ministre D\u00e9l\u00e9gu\u00e9\u00a0<\/strong>est compos\u00e9 de mani\u00e8re plus resserr\u00e9e, avec un Directeur de Cabinet, deux Conseillers, des Charg\u00e9s d\u2019\u00e9tudes, et une \u00e9quipe administrative all\u00e9g\u00e9e, adapt\u00e9e \u00e0 ses missions sp\u00e9cifiques.<\/li>\n<\/ul>\n\n\n\n<p>En compl\u00e9ment, et compte tenu de leurs sp\u00e9cificit\u00e9s, le Ministre de la D\u00e9fense Nationale et le Ministre de l\u2019Int\u00e9rieur disposent chacun, outre leur cabinet civil, d\u2019un Cabinet militaire pour le premier et d\u2019un Cabinet s\u00e9curitaire pour le second. Ces structures sp\u00e9cialis\u00e9es sont dot\u00e9es d\u2019un<\/p>\n\n\n\n<p>Directeur de Cabinet, d\u2019un Chef de Cabinet, de Conseillers, de Charg\u00e9s d\u2019\u00e9tudes et de Secr\u00e9taires, conform\u00e9ment aux exigences propres \u00e0 leurs d\u00e9partements respectifs.<\/p>\n\n\n\n<p>Ce d\u00e9cret s\u2019inscrit dans la volont\u00e9 du Pr\u00e9sident de la R\u00e9publique, Chef de l\u2019\u00c9tat, Chef du Gouvernement, de renforcer la discipline, la coh\u00e9rence et la performance au sein de l\u2019appareil ex\u00e9cutif.<\/p>\n\n\n\n<p>\u00b7EN MATIERE DE POLITIQUE GENERALE<\/p>\n\n\n\n<p><strong><u>MINISTERE DE L\u2019\u00c9CONOMIE, DES FINANCES, DE LA DETTE ET<\/u><\/strong><strong>&nbsp;<u>DES PARTICIPATIONS CHARG\u00c9 DE LA LUTTE CONTRE LA VIE<\/u>&nbsp;<u>CH\u00c8RE<\/u><\/strong><\/p>\n\n\n\n<p>Sur pr\u00e9sentation du Ministre d\u2019\u00c9tat, le Conseil des Ministres a pris acte de plusieurs communications majeures relatives \u00e0 la gestion des biens publics \u00e0 l\u2019\u00e9tranger, \u00e0 l\u2019optimisation du cadre fiscal, \u00e0 l\u2019am\u00e9lioration de l\u2019environnement des affaires, \u00e0 la lutte contre la vie ch\u00e8re, \u00e0 la r\u00e9organisation des tutelles administratives et \u00e0 la discipline budg\u00e9taire.<\/p>\n\n\n\n<p>S\u2019agissant du dossier de l\u2019immeuble Air Gabon \u00e0 Paris, le Conseil a autoris\u00e9 le Ministre d\u2019\u00c9tat \u00e0 poursuivre les d\u00e9marches devant permettre \u00e0 la Caisse des D\u00e9p\u00f4ts et Consignations du Gabon (CDC Gabon) de devenir actionnaire du Centre Gabonais de Paris (CDP), tout en permettant la cl\u00f4ture d\u00e9finitive de la liquidation d\u2019Air Gabon en France. Un calendrier op\u00e9rationnel en quatre \u00e9tapes a \u00e9t\u00e9 propos\u00e9 pour finaliser la cession et s\u00e9curiser le patrimoine de l\u2019\u00c9tat \u00e0 l\u2019international.<\/p>\n\n\n\n<p>Au titre de la rationalisation des dispositifs fiscaux d\u00e9rogatoires, dans le droit fil des annonces pr\u00e9sidentielles, le Conseil a pris acte de la r\u00e9forme structurelle visant \u00e0 r\u00e9tablir l\u2019\u00e9quit\u00e9 devant l\u2019imp\u00f4t, \u00e0 renforcer la transparence du syst\u00e8me fiscal et \u00e0 am\u00e9liorer la mobilisation des ressources internes n\u00e9cessaires au financement des priorit\u00e9s nationales. Concernant la mise en \u0153uvre de l\u2019annonce du Pr\u00e9sident de la R\u00e9publique relative \u00e0 l\u2019obligation d\u2019\u00e9riger un si\u00e8ge social pour les soci\u00e9t\u00e9s install\u00e9es au Gabon, le Ministre d\u2019\u00c9tat a pr\u00e9cis\u00e9&nbsp;<strong>qu\u2019\u00e0 compter du 1er janvier 2026<\/strong>,&nbsp;<strong>toute entreprise immatricul\u00e9e au Registre du commerce \u2014 \u00e0 l\u2019exception des PME dont le chiffre d\u2019affaires est inf\u00e9rieur \u00e0 deux (2) milliards de FCFA \u2014 devra \u00e9riger ou acqu\u00e9rir un immeuble pour abriter son si\u00e8ge social.&nbsp;<\/strong>Cette mesure vise \u00e0 renforcer l\u2019ancrage territorial des entreprises et \u00e0 soutenir le d\u00e9veloppement du secteur immobilier national.<\/p>\n\n\n\n<p>Dans le cadre de la lutte contre la vie ch\u00e8re, le Conseil a pris acte de la<\/p>\n\n\n\n<p>mise en \u0153uvre de l\u2019arr\u00eat\u00e9 n\u00b00646\/PM du 17 octobre 2024 portant<\/p>\n\n\n\n<p><strong>suspension, pour une dur\u00e9e de six (6) mois, des droits et taxes \u00e0 l\u2019importation sur les produits alimentaires de premi\u00e8re n\u00e9cessit\u00e9<\/strong>. Cette mesure s\u2019applique dans les communes de Libreville, Akanda, Owendo et Ntoum, au b\u00e9n\u00e9fice des op\u00e9rateurs d\u00e9tenteurs de l\u2019Agr\u00e9ment Vie Ch\u00e8re. Par ailleurs, la TVA est \u00e9galement suspendue sur les op\u00e9rations de production et de vente de certains mat\u00e9riaux de construction afin de r\u00e9duire les co\u00fbts support\u00e9s par les m\u00e9nages.<\/p>\n\n\n\n<p>Dans un souci de coh\u00e9rence administrative et d\u2019efficacit\u00e9 sectorielle, le<\/p>\n\n\n\n<p>Conseil a approuv\u00e9 la r\u00e9affectation de la tutelle de plusieurs entit\u00e9s publiques :<\/p>\n\n\n\n<ul class=\"wp-block-list\">\n<li><strong>l\u2019Autorit\u00e9 administrative des ZERP de Nkok\u00a0<\/strong>et\u00a0<strong>de la Zone franche d\u2019Ikolo-Lambar\u00e9n\u00e9\u00a0<\/strong>est d\u00e9sormais plac\u00e9e sous la tutelle du Minist\u00e8re de l\u2019Industrie et de la Transformation locale ;<\/li>\n\n\n\n<li><strong>la SOCOREP\u00a0<\/strong>rel\u00e8ve d\u00e9sormais du Minist\u00e8re des Travaux Publics et de la Construction ;<\/li>\n\n\n\n<li><strong>l\u2019AGADEV\u00a0<\/strong>est transf\u00e9r\u00e9e au Minist\u00e8re de l\u2019Environnement, de l\u2019\u00c9cologie et du Climat.<\/li>\n<\/ul>\n\n\n\n<p>Par ailleurs, le Conseil a rappel\u00e9 la n\u00e9cessit\u00e9 pour&nbsp;<strong>le Fonds Gabonais d\u2019Investissements Strat\u00e9giques (FGIS<\/strong>) et la Caisse des D\u00e9p\u00f4ts et Consignations (CDC) de recentrer leurs actions sur leurs missions statutaires : la gestion du fonds souverain de l\u2019\u00c9tat pour le FGIS, et les activit\u00e9s de consignation et de gestion de d\u00e9p\u00f4ts pour la CDC.<\/p>\n\n\n\n<p>Enfin, dans le cadre de la ma\u00eetrise renforc\u00e9e des d\u00e9penses publiques, le Conseil a pris acte de mesures de rigueur budg\u00e9taire, dont :<\/p>\n\n\n\n<ul class=\"wp-block-list\">\n<li>la rationalisation des Comptes d\u2019Affectation Sp\u00e9ciale (CAS) ;<\/li>\n\n\n\n<li>la suspension du paiement en num\u00e9raire des frais de mission, conform\u00e9ment au r\u00e8glement CEMAC imposant l\u2019usage de moyens scripturaux pour tout paiement sup\u00e9rieur \u00e0 500 000 FCFA ;<\/li>\n\n\n\n<li>la suspension du paiement des billets d\u2019avion aupr\u00e8s des agences de voyage, au profit d\u2019un r\u00e8glement direct effectu\u00e9 aupr\u00e8s des compagnies a\u00e9riennes.<\/li>\n<\/ul>\n\n\n\n<p>Ces d\u00e9cisions traduisent les instructions du Chef de l\u2019Ex\u00e9cutif de renforcer la transparence, la sinc\u00e9rit\u00e9 et l\u2019efficacit\u00e9 de la d\u00e9pense publique, dans le respect des principes de bonne gouvernance et de responsabilit\u00e9.<\/p>\n\n\n\n<p>MINISTERE DE L\u2019\u00c9DUCATION NATIONALE, DE L\u2019INSTRUCTION CIVIQUE ET DE LA FORMATION PROFESSIONNELLE<\/p>\n\n\n\n<p>Le Conseil a pris bonne note des r\u00e9sultats du Certificat d\u2019\u00c9tudes Primaires (CEP), session 2025, pr\u00e9sent\u00e9s par le Ministre d\u2019\u00c9tat en<\/p>\n\n\n\n<p>charge de l\u2019\u00c9ducation nationale. Il ressort de ce bilan que 51 151 candidats \u00e9taient inscrits \u00e0 l\u2019examen. Parmi eux, 457 ont \u00e9t\u00e9 absents, soit un taux d\u2019absence de 0,89 %.<\/p>\n\n\n\n<p>Sur les 50 694 candidats effectivement pr\u00e9sents, 50 035 ont \u00e9t\u00e9 d\u00e9clar\u00e9s admis, repr\u00e9sentant un taux de r\u00e9ussite remarquable de 98,70 %, en nette progression par rapport au taux de 92,21 % enregistr\u00e9 en 2024.<\/p>\n\n\n\n<p>MINISTERE DE LA REFORME ET DES RELATIONS AVEC LES INSTITUTIONS<\/p>\n\n\n\n<p>Sur pr\u00e9sentation du Ministre, le Conseil s\u2019est r\u00e9joui de l\u2019\u00e9lection de&nbsp;<strong>Monsieur Nestor MBOU&nbsp;<\/strong>\u00e0 la pr\u00e9sidence du R\u00e9seau des Institutions Nationales Anti-Corruption, organe sous r\u00e9gional d\u2019\u00e9changes d\u2019exp\u00e9riences, de synergies, de concertation, de coop\u00e9ration et d\u2019assistance technique en mati\u00e8re de renforcement des institutions nationales de lutte contre la corruption.<\/p>\n\n\n\n<p>Le Secr\u00e9tariat Ex\u00e9cutif dudit R\u00e9seau est \u00e9galement assur\u00e9 par le Gabon, en la personne de Monsieur Fran\u00e7ois MEZA ME ZE.<\/p>\n\n\n\n<p>L\u2019atelier organis\u00e9 \u00e0 Libreville, du 21 au 23 mai 2025, a ainsi permis \u00e0 notre pays d\u2019obtenir la pr\u00e9sidence, le Secr\u00e9tariat Ex\u00e9cutif ainsi que le si\u00e8ge du R\u00e9seau.<\/p>\n\n\n\n<p>MINISTERE DE L\u2019ENVIRONNEMENT, DE L\u2019ECOLOGIE ET DU CLIMAT<\/p>\n\n\n\n<p>Le Conseil des Ministres a pris acte des communications pr\u00e9sent\u00e9es par le Ministre comp\u00e9tent, portant sur deux points d\u2019importance :<\/p>\n\n\n\n<p>\u2013&nbsp;l\u2019\u00e9laboration d\u2019un plan de gestion des d\u00e9chets issus des<\/p>\n\n\n\n<p><strong>op\u00e9rations&nbsp;<\/strong>de d\u00e9molition dans le cadre du programme de modernisation de la capitale. \u00c0 ce titre, le Conseil a approuv\u00e9 la mise en place d\u2019un Plan d\u2019urgence de gestion des d\u00e9chets post- d\u00e9guerpissement. Les op\u00e9rations de d\u00e9molition r\u00e9cemment engag\u00e9es dans le quartier de Plaine-Orety (1er arrondissement de Libreville), en lien avec la construction de la future Cit\u00e9 administrative, du Boulevard de la Transition et l\u2019am\u00e9nagement du bassin versant Sainte-Marie\u2013 Awondault, ont g\u00e9n\u00e9r\u00e9 des volumes importants de d\u00e9chets h\u00e9t\u00e9rog\u00e8nes. Sans traitement appropri\u00e9, ces d\u00e9chets constituent un risque sanitaire (pollution de l\u2019air, prolif\u00e9ration de vecteurs pathog\u00e8nes) et environnemental (contamination des sols et des eaux de ruissellement). Le plan valid\u00e9 visera \u00e0 assurer une gestion planifi\u00e9e, rapide et s\u00e9curis\u00e9e de ces d\u00e9chets.<\/p>\n\n\n\n<ul class=\"wp-block-list\">\n<li><strong>le compte rendu des travaux de la 3e Conf\u00e9rence des Nations Unies sur les Oc\u00e9ans (UNOC-3).\u00a0<\/strong>Cette conf\u00e9rence internationale a permis de mobiliser les \u00c9tats autour des grands d\u00e9fis li\u00e9s \u00e0 la pr\u00e9servation des oc\u00e9ans, notamment :<\/li>\n\n\n\n<li>la lutte contre les pollutions marines ;<\/li>\n\n\n\n<li>la promotion de la ratification de l\u2019accord sur la biodiversit\u00e9 marine au-del\u00e0 des juridictions nationales ;<\/li>\n\n\n\n<li>la valorisation du potentiel \u00e9conomique de l\u2019\u00e9conomie bleue ;<\/li>\n\n\n\n<li>et l\u2019op\u00e9rationnalisation de la lutte contre la surp\u00eache et la p\u00eache illicite.<\/li>\n<\/ul>\n\n\n\n<p>Le Gabon y a r\u00e9affirm\u00e9 son engagement ferme en faveur d\u2019une gouvernance responsable et durable des espaces marins.<\/p>\n\n\n\n<p>\u00b7EN MATIERE DE CONFERENCES, MISSIONS ET SEMINAIRES :<\/p>\n\n\n\n<p><strong><u>MINISTERE DES TRANSPORTS, DE LA MARINE MARCHANDE ET<\/u><\/strong><strong>&nbsp;<u>DE LA LOGISTIQUE<\/u><\/strong><\/p>\n\n\n\n<p>Le Conseil des Ministres a marqu\u00e9 son approbation relative \u00e0 la communication du Ministre d\u2019\u00c9tat, concernant l\u2019organisation, en R\u00e9publique Gabonaise, de la premi\u00e8re r\u00e9union du Groupe Afrique- Oc\u00e9an Indien de Planification et de Mise en \u0153uvre du syst\u00e8me mondial de navigation a\u00e9rienne (AASPG\/1), pr\u00e9vue du 03 au 07 novembre 2025 \u00e0 Libreville.<\/p>\n\n\n\n<p>Cette importante r\u00e9union plac\u00e9e sous l\u2019\u00e9gide de l\u2019Organisation de l\u2019Aviation Civile Internationale (OACI), s\u2019inscrit dans le cadre des m\u00e9canismes r\u00e9gionaux de coordination visant \u00e0 assurer une mise en \u0153uvre harmonis\u00e9 des normes internationales en mati\u00e8re de navigation a\u00e9rienne dans la r\u00e9gion Afrique-Oc\u00e9an Indien.<\/p>\n\n\n\n<p>Il pr\u00e9sente un triple enjeu strat\u00e9gique pour notre pays notamment : le renforcement de la diplomatie technique de notre pays en mati\u00e8re d\u2019aviation civile, la visibilit\u00e9 et le rayonnement du Gabon appel\u00e9 \u00e0 jouer un r\u00f4le de catalyseur dans l\u2019int\u00e9gration sous r\u00e9gionale des syst\u00e8mes de navigation a\u00e9rienne et la dynamisation du tissu \u00e9conomique local entre autres les secteurs de l\u2019h\u00f4tellerie, des services et des transports.<\/p>\n\n\n\n<p>MINISTERE DE LA MER, DE LA PECHE ET DE L\u2019ECONOMIE BLEUE<\/p>\n\n\n\n<p>Le&nbsp; Conseil&nbsp;&nbsp; a&nbsp;&nbsp; marqu\u00e9&nbsp; son&nbsp;&nbsp; accord&nbsp;&nbsp; relativement&nbsp;&nbsp; au&nbsp;&nbsp; projet&nbsp;&nbsp; portant organisation de l\u2019Atelier inter-administration sur la mise en \u0153uvre de<\/p>\n\n\n\n<p>l\u2019Accord sur les Mesures du Ressort de l\u2019Etat du Port (AMREP) du 24 au 25 juin 2025 au Gabon.<\/p>\n\n\n\n<p>Le projet d\u2019atelier inter-administrations consacr\u00e9 \u00e0 la mise en \u0153uvre de l\u2019AMREP a pour objet de conduire une discussion approfondie sur l\u2019\u00e9tat de mise en \u0153uvre de l\u2019accord au Gabon, d\u2019\u00e9tablir avec les autorit\u00e9s gabonaises la situation de r\u00e9f\u00e9rence et de lancer les premi\u00e8res activit\u00e9s cl\u00e9s du programme.<\/p>\n\n\n\n<p>Pour rappel, l\u2019AMREP, ratifi\u00e9 par le Gabon le 15 novembre 2013, vise \u00e0 doter les autorit\u00e9s de p\u00eaches et d\u2019autres administrations concern\u00e9es par l\u2019AMREP, de comp\u00e9tences, de donn\u00e9es et d\u2019outils pertinents pour \u00e9valuer les op\u00e9rations de navires \u00e9trangers qui visitent leurs ports afin qu\u2019elles puissent prendre des d\u00e9cisions \u00e9clair\u00e9es et fond\u00e9es sur le renseignement concernant l\u2019entr\u00e9e de ces navires et faciliter leur inspection.<\/p>\n\n\n\n<p>MINISTERE DE L\u2019ENSEIGNEMENT SUPERIEUR ET DE LA RECHERCHE SCIENTIFIQUE<\/p>\n\n\n\n<p>Le Conseil a approuv\u00e9 la note conceptuelle relative \u00e0 l\u2019organisation d\u2019un atelier national relatif au plan de d\u00e9veloppement de l\u2019Enseignement sup\u00e9rieur priv\u00e9 au Gabon.<\/p>\n\n\n\n<p>En effet, dans le cadre des r\u00e9formes structurelles engag\u00e9es par le Gouvernement pour renforcer la qualit\u00e9, la gouvernance et la contribution strat\u00e9gique de l\u2019enseignement sup\u00e9rieur au d\u00e9veloppement national, il se tiendra \u00e0 Libreville, du 19 au 20 juin 2025, un Atelier national sur le plan de d\u00e9veloppement de l\u2019Enseignement sup\u00e9rieur priv\u00e9.<\/p>\n\n\n\n<p>Cet Atelier vise \u00e0 doter le sous-secteur priv\u00e9 de l\u2019Enseignement sup\u00e9rieur d\u2019un cadre r\u00e9nov\u00e9 et performant, articul\u00e9 autour des objectifs de pertinence acad\u00e9mique, de qualit\u00e9 p\u00e9dagogique, de viabilit\u00e9 institutionnelle et d\u2019ad\u00e9quation de la formation \u00e0 la dynamique du march\u00e9 de l\u2019emploi.<\/p>\n\n\n\n<p>MINISTERE DE LA FEMME, DE LA FAMILLE ET DE LA PROTECTION DE L\u2019ENFANCE<\/p>\n\n\n\n<p>Le Conseil a marqu\u00e9 son approbation pour la c\u00e9l\u00e9bration de la Journ\u00e9e Internationale des Veuves le 23 juin 2025 dans la commune de Franceville.<\/p>\n\n\n\n<p>Institu\u00e9e par la r\u00e9solution n\u00b065\/189 adopt\u00e9e par l\u2019Assembl\u00e9e G\u00e9n\u00e9rale des Nations-Unies en d\u00e9cembre 2010, la Journ\u00e9e Internationale des<\/p>\n\n\n\n<p>Veuves (JIV) est c\u00e9l\u00e9br\u00e9e chaque 23 juin pour rappeler \u00e0 la conscience mondiale les discriminations, les violences et la pr\u00e9carit\u00e9 que subissent les femmes veuves dans le monde.<\/p>\n\n\n\n<p>Au Gabon, cette journ\u00e9e constitue un cadre de mobilisation nationale, politique et communautaire en faveur du respect des droits des conjoints survivants, de leur dignit\u00e9 et de leur inclusion sociale.<\/p>\n\n\n\n<p>Le th\u00e8me de cette ann\u00e9e est : \u00ab&nbsp;<strong>La famille, la citoyennet\u00e9 et les valeurs dans la gestion du deuil au Gabon&nbsp;<\/strong>\u00bb.<\/p>\n\n\n\n<p>Ce th\u00e8me renvoie \u00e0 la pr\u00e9servation de nos valeurs morales et traditionnelles et \u00e0 la place de la coutume dans la gestion des questions des biens en personne et mat\u00e9riels laiss\u00e9s par le d\u00e9funt.<\/p>\n\n\n\n<p>Aussi, pour l\u2019\u00e9dition de 2025, plusieurs activit\u00e9s sont pr\u00e9vues parmi lesquelles :<\/p>\n\n\n\n<ul class=\"wp-block-list\">\n<li>une conf\u00e9rence d\u00e9bat ;<\/li>\n\n\n\n<li>une diffusion du film documentaire de 6 min sur le parcours administratif et juridique du conjoint survivant et de l\u2019orphelin ;<\/li>\n\n\n\n<li>une action de solidarit\u00e9 \u00e0 cent (100) conjoints survivants sans ressources de la localit\u00e9 de Franceville en collaboration avec la CNAMGS.<\/li>\n<\/ul>\n\n\n\n<p><strong>Enfin, le Conseil des Ministres a ent\u00e9rin\u00e9\u0301 plusieurs mesures individuelles, dont les principales portent sur les nominations suivantes :<\/strong><\/p>\n\n\n\n<p><br>PRESIDENCE DE LA REPUBLIQUE<\/p>\n\n\n\n<ul class=\"wp-block-list\">\n<li>Secr\u00e9tariat G\u00e9n\u00e9ral de la Pr\u00e9sidence de la R\u00e9publique<\/li>\n<\/ul>\n\n\n\n<p>Secr\u00e9tariat du Conseil des Ministres<\/p>\n\n\n\n<ul class=\"wp-block-list\">\n<li><strong><u>Conseillers\u00a0Sp\u00e9ciaux<\/u><\/strong><strong>\u00a0:<\/strong><\/li>\n<\/ul>\n\n\n\n<p>Mesdames :<\/p>\n\n\n\n<ul class=\"wp-block-list\">\n<li>Romaine EFOURI ELOGOEBO \u00e9pouse NDONG ESSONO\n<ul class=\"wp-block-list\">\n<li>Ariane AYO \u00e9pouse IGOHO. Messieurs :<\/li>\n\n\n\n<li>Alain Didier AFANERE MEVYANN ;<\/li>\n\n\n\n<li>Jean-Claude OBIANG MBA ;<\/li>\n<\/ul>\n<\/li>\n<\/ul>\n\n\n\n<p>\u2013&nbsp;Conseillers du Pr\u00e9sident de la R\u00e9publique :<\/p>\n\n\n\n<p>Messieurs :<\/p>\n\n\n\n<ul class=\"wp-block-list\">\n<li>Fr\u00e9d\u00e9ric Evrard Yeno IKOGHOU, confirm\u00e9 ;\n<ul class=\"wp-block-list\">\n<li>Orph\u00e9e Claudi MINKO;<\/li>\n<\/ul>\n<\/li>\n<\/ul>\n\n\n\n<p>\u2013Attach\u00e9s de Cabinet \u00e0 la Pr\u00e9sidence de la R\u00e9publique :<\/p>\n\n\n\n<p>Mesdames :<\/p>\n\n\n\n<ul class=\"wp-block-list\">\n<li>Orph\u00e9e AKENDENGUE, confirm\u00e9e ;\n<ul class=\"wp-block-list\">\n<li>Mariette Sylviane MADJINOU, confirm\u00e9e ;<\/li>\n\n\n\n<li>Emma\u00a0\u00a0\u00a0 Darnaud\u00a0\u00a0\u00a0 OMANDA\u00a0\u00a0\u00a0 \u00e9pouse\u00a0\u00a0\u00a0 IGALO\u00a0\u00a0\u00a0 Y\u2019OLAGO, confirm\u00e9e ;<\/li>\n\n\n\n<li>Krishna Gernande ANDEME MBOGHO. Messieurs :<\/li>\n\n\n\n<li>Aim\u00e9 Christian NGUEMA ETOUGHE, confirm\u00e9 ;<\/li>\n\n\n\n<li>Davy DIANGA MOUSSOUNGOU ;<\/li>\n\n\n\n<li>Raymond Landry MOUKAGNI.<\/li>\n<\/ul>\n<\/li>\n<\/ul>\n\n\n\n<p>\u2013Charg\u00e9s de Missions du Pr\u00e9sident de la R\u00e9publique :<\/p>\n\n\n\n<p>Messieurs :<\/p>\n\n\n\n<ul class=\"wp-block-list\">\n<li>Casimir KOUENDJI, confirm\u00e9 ;\n<ul class=\"wp-block-list\">\n<li>Hugues MABIKA, confirm\u00e9 ;<\/li>\n\n\n\n<li>Lewis Gervais MOUSSOUNDA MOUSSAVOU ;<\/li>\n\n\n\n<li>Hemma-Jaures NGUEMA ASSOUMOU MOMBE ;<\/li>\n\n\n\n<li>Vivien MAYOMBO.<\/li>\n<\/ul>\n<\/li>\n<\/ul>\n\n\n\n<p>\u2013Secr\u00e9taires de Cabinet du Pr\u00e9sident de la R\u00e9publique :<\/p>\n\n\n\n<p>Mesdames :<\/p>\n\n\n\n<ul class=\"wp-block-list\">\n<li>Edwige MOUTOU MALONGA, confirm\u00e9e ;\n<ul class=\"wp-block-list\">\n<li>C\u00e9cile NDOUO OLOUNA, confirm\u00e9e ;<\/li>\n\n\n\n<li>Pierrette BANGOYI, confirm\u00e9e.<\/li>\n<\/ul>\n<\/li>\n<\/ul>\n\n\n\n<p>Par ailleurs, les agents actuellement en service dont les noms ne figurent pas sur les pr\u00e9sentes mesures individuelles sont remis \u00e0 la disposition de leurs administrations d\u2019origine.<\/p>\n\n\n\n<p>\u00b7Cabinet civil du Pr\u00e9sident de la R\u00e9publique<\/p>\n\n\n\n<ul class=\"wp-block-list\">\n<li><strong><u>Conseiller du Pr\u00e9sident de la R\u00e9publique<\/u><\/strong><strong>:<\/strong><\/li>\n\n\n\n<li>Mme Le\u00efla KOGOU MOUANGA \u00e9pouse ANGUILEY DJOMBO, en remplacement de M. Luc Yvon DOWE BONDIME, remis \u00e0 la disposition de son administration d\u2019origine.<\/li>\n<\/ul>\n\n\n\n<p>\u00b7Cabinet Priv\u00e9 du Pr\u00e9sident de la R\u00e9publique<\/p>\n\n\n\n<ul class=\"wp-block-list\">\n<li><strong><u>Conseillers\u00a0Sp\u00e9ciaux<\/u><\/strong><strong>\u00a0:<\/strong><\/li>\n<\/ul>\n\n\n\n<p>Messieurs :<\/p>\n\n\n\n<ul class=\"wp-block-list\">\n<li>Andr\u00e9 MBONGO MPASSI ;<\/li>\n<\/ul>\n\n\n\n<ul class=\"wp-block-list\">\n<li>Sylver OVONO<\/li>\n\n\n\n<li><strong><u>Conseillers du Pr\u00e9sident de la R\u00e9publique<\/u><\/strong><strong>\u00a0<\/strong>: Messieurs :<\/li>\n\n\n\n<li>Jean Fran\u00e7ois MAGANGA ;<\/li>\n\n\n\n<li>Jean Bosco Grant MOUBECKA ; Mesdames :<\/li>\n\n\n\n<li>Carine BANGA ;<\/li>\n\n\n\n<li>Sylvie YENO ;<\/li>\n\n\n\n<li>Pamela OKOMO NGUEMA ;<\/li>\n<\/ul>\n\n\n\n<p>\u2013Attach\u00e9 de Cabinet \u00e0 la Pr\u00e9sidence de la R\u00e9publique :<\/p>\n\n\n\n<p>Mmes.<\/p>\n\n\n\n<ul class=\"wp-block-list\">\n<li>Ingrid Anais RAIVO ;<\/li>\n\n\n\n<li>Josephine GRANDET<\/li>\n\n\n\n<li>.<\/li>\n\n\n\n<li><strong><u>Secr\u00e9taire de Cabinet\u00a0<\/u><\/strong>:<\/li>\n\n\n\n<li>\u00a0<\/li>\n\n\n\n<li>Mme. MENDOME MEYE \u00e9pouse MOUNZIEGOU MOMBO Sharon.<\/li>\n<\/ul>\n\n\n\n<p>Par ailleurs, les agents en service dont les noms suivent sont remis \u00e0 la disposition de la Direction Centrale des Ressources Humaines ou de leurs administrations d\u2019origine :<\/p>\n\n\n\n<p>Mesdames:<\/p>\n\n\n\n<ul class=\"wp-block-list\">\n<li>Daisy Carole LABOUBA \u00e9pouse RETOUANO<\/li>\n\n\n\n<li>Tatiana DJINGA<\/li>\n\n\n\n<li>Leslie BENNETI \u00e9pouse ISSIALH<\/li>\n\n\n\n<li>Danielle SOUNGOU NGOMA<\/li>\n\n\n\n<li>Frida BIBALOU ENAME ALDEGONDE<\/li>\n<\/ul>\n\n\n\n<p>Messieurs:<\/p>\n\n\n\n<ul class=\"wp-block-list\">\n<li>Georges GASSITA<\/li>\n\n\n\n<li>Ma\u00ebl R\u00e9gis ENGONGAH OWONO<\/li>\n\n\n\n<li>Gauthier Herv\u00e9 EBIGHA LANDJI<\/li>\n\n\n\n<li>Auguste OSSAGANTSIA<\/li>\n\n\n\n<li>Ars\u00e8ne OWONO ONDO<\/li>\n\n\n\n<li>Services rattach\u00e9s<\/li>\n<\/ul>\n\n\n\n<p>Agence Nationale des Bourses du Gabon (ANBG)<\/p>\n\n\n\n<ul class=\"wp-block-list\">\n<li><strong><u>Directeur G\u00e9n\u00e9ral :<\/u><\/strong><strong>\u00a0<\/strong><\/li>\n\n\n\n<li>Mme MBOUMBA LASSY Paule \u00c9lisabeth D\u00e9sir\u00e9e, Administrateur des Services \u00c9conomiques et Financiers, dipl\u00f4m\u00e9e de l\u2019Institut de l\u2019\u00c9conomie et des Finances (IEF).<\/li>\n<\/ul>\n\n\n\n<p>MINISTERE DE L\u2019\u00c9CONOMIE, DES FINANCES, DE LA DETTE ET DES PARTICIPATIONS CHARG\u00c9 DE LA LUTTE CONTRE LA VIE CH\u00c8RE<\/p>\n\n\n\n<p>\u00b7Cabinet du Ministre d\u2019\u00c9tat<\/p>\n\n\n\n<ul class=\"wp-block-list\">\n<li><strong><u>Conseillers Techniques<\/u><\/strong><strong>\u00a0<\/strong>:<\/li>\n\n\n\n<li>\u00a0<\/li>\n\n\n\n<li>Messieurs :<\/li>\n\n\n\n<li>Ghislain OMANI ONDAMBI,<\/li>\n\n\n\n<li>Maixent NGOUNGA ;<\/li>\n\n\n\n<li>Serge ABESSOLO ;<\/li>\n\n\n\n<li>Thierry MINKO ;<\/li>\n\n\n\n<li>St\u00e9phane MBADINGA DITENGOU ;<\/li>\n\n\n\n<li>Jer\u00f4me OKOURA.<\/li>\n<\/ul>\n\n\n\n<p>\u2013Conseiller en Communication<\/p>\n\n\n\n<ul class=\"wp-block-list\">\n<li>M. Alaric MOUBOUYI BOYER<\/li>\n\n\n\n<li>\u00a0<\/li>\n\n\n\n<li><strong><u>Secr\u00e9taire Particuli\u00e8re<\/u><\/strong><strong>\u00a0<\/strong>: Madame Myriam BARRO<\/li>\n\n\n\n<li>\u00a0<\/li>\n\n\n\n<li><strong><u>Secr\u00e9taire\u00a0\u00a0 Particuli\u00e8re\u00a0\u00a0 du\u00a0\u00a0 Directeur\u00a0\u00a0 de\u00a0\u00a0 Cabinet<\/u><\/strong><strong>\u00a0:\u00a0\u00a0\u00a0<\/strong>Madame P\u00e9lagie MOUSSAVOU<\/li>\n\n\n\n<li><strong><u>Secr\u00e9taires du Cabinet<\/u><\/strong><strong>\u00a0<\/strong>: Mesdames :<\/li>\n\n\n\n<li>Leonie Armelle YEYET MAKILI ;<\/li>\n\n\n\n<li>Larissa ANGUEZOMO ;<\/li>\n\n\n\n<li>Esp\u00e9rant KATA ;<\/li>\n\n\n\n<li>Alice Martiale \u00e9pse NTOGO LEMOYNE<\/li>\n<\/ul>\n\n\n\n<p><strong><u>Chef de Protocole<\/u><\/strong><strong>&nbsp;:&nbsp;<\/strong>M. \u00c9ric THOMOS<\/p>\n\n\n\n<p>Charg\u00e9s de Missions :<\/p>\n\n\n\n<p>Mesdames :<\/p>\n\n\n\n<ul class=\"wp-block-list\">\n<li>Gr\u00e2ce Valencia KIKI FOUROU<\/li>\n\n\n\n<li>Cath\u00e9rine ANTAYI \u00e9pse NGOUNDJANGOYE Messieurs :<\/li>\n\n\n\n<li>Vivien Junior OYOUOMI<\/li>\n\n\n\n<li>Rodrigue NZIENGUI<\/li>\n\n\n\n<li>Penny MBILI<\/li>\n\n\n\n<li>Jean Firmin NGASSIATH<\/li>\n<\/ul>\n\n\n\n<p><strong><u>Aide de Camp<\/u><\/strong><strong>&nbsp;:&nbsp;<\/strong>Sous-Lieutenant Simonsen SIANA<\/p>\n\n\n\n<p>Agents de S\u00e9curit\u00e9 :<\/p>\n\n\n\n<ul class=\"wp-block-list\">\n<li>Brigadier-Chef Fithosmam ASSIAMI<\/li>\n\n\n\n<li>Adjudant Michael NDJAMBOU NGAYILA<\/li>\n\n\n\n<li>Sergent-Chef Arnold LEBONDO IBALA<\/li>\n<\/ul>\n\n\n\n<p>Chauffeur Particulier :<\/p>\n\n\n\n<ul class=\"wp-block-list\">\n<li>Adjudant-Chef Brice NTHEBIGUI<\/li>\n<\/ul>\n\n\n\n<p>MINISTERE DE LA REFORME ET DES RELATIONS AVEC LES<\/p>\n\n\n\n<p><strong><u>&nbsp;INSTITUTIONS&nbsp;&nbsp;&nbsp;&nbsp;&nbsp;&nbsp;&nbsp;&nbsp;&nbsp;&nbsp;&nbsp;&nbsp;&nbsp;&nbsp;&nbsp;&nbsp;&nbsp;&nbsp;&nbsp;&nbsp;&nbsp;&nbsp;&nbsp;&nbsp;&nbsp;&nbsp;&nbsp;&nbsp;&nbsp;&nbsp;&nbsp;&nbsp;&nbsp;&nbsp;&nbsp;&nbsp;&nbsp;&nbsp;&nbsp;&nbsp;&nbsp;&nbsp;&nbsp;&nbsp;&nbsp;&nbsp;&nbsp;&nbsp;&nbsp;&nbsp;&nbsp;&nbsp;&nbsp;&nbsp;&nbsp;&nbsp;&nbsp;&nbsp;&nbsp;&nbsp;&nbsp;&nbsp;&nbsp;&nbsp;&nbsp;&nbsp;&nbsp;&nbsp;&nbsp;&nbsp;&nbsp;&nbsp;&nbsp;&nbsp;&nbsp;&nbsp;&nbsp;&nbsp;&nbsp;&nbsp;&nbsp;&nbsp;&nbsp;&nbsp;&nbsp;&nbsp;&nbsp;&nbsp;&nbsp;&nbsp;&nbsp;&nbsp;&nbsp;&nbsp;<\/u><\/strong><\/p>\n\n\n\n<p>\u00b7&nbsp;&nbsp;&nbsp;&nbsp;&nbsp;&nbsp;&nbsp; Cabinet du Ministre d\u2019\u00c9tat<\/p>\n\n\n\n<p>\u2013&nbsp;&nbsp;&nbsp;&nbsp;<strong><u>Directeur de Cabinet<\/u>&nbsp;:&nbsp;<\/strong>M. Jo\u00ebl-Richard BOUNGAT ;<\/p>\n\n\n\n<ul class=\"wp-block-list\">\n<li><strong><u>Conseiller Juridique<\/u><\/strong><strong>\u00a0:\u00a0<\/strong>M. Jean-Christian NKOGHE ENY ;<\/li>\n\n\n\n<li><strong><u>Conseiller Diplomatique<\/u><\/strong><strong>\u00a0:\u00a0<\/strong>Mme. Lucette Ang\u00e8le ZOKAMBA ;<\/li>\n\n\n\n<li><strong><u>Conseiller en Communication<\/u><\/strong><strong>\u00a0:\u00a0<\/strong>Mme. La\u00efka Na\u00eblle Fatimata GNINDOUBOU MANGOURA ;<\/li>\n<\/ul>\n\n\n\n<p>\u2013&nbsp;Conseillers Techniques :<\/p>\n\n\n\n<p>Messieurs :<\/p>\n\n\n\n<ul class=\"wp-block-list\">\n<li>Bruno ONDO MINTSA ;<\/li>\n\n\n\n<li>Yvon NZOGHE DZIME ;<\/li>\n\n\n\n<li>Didier Martial N\u2019NANG OBAME. Madame :<\/li>\n\n\n\n<li>Oph\u00e9lie MBAZOGHE NSO ;<\/li>\n<\/ul>\n\n\n\n<p>\u2013Charg\u00e9s d\u2019\u00c9tudes :<\/p>\n\n\n\n<p>Messieurs :<\/p>\n\n\n\n<ul class=\"wp-block-list\">\n<li>Jean-Mauryn MBELE ;<\/li>\n\n\n\n<li>Patrick BOLONDO ;<\/li>\n\n\n\n<li>Yvon MAGNOGNI MIHINDOU ;<\/li>\n<\/ul>\n\n\n\n<p>Madame :<\/p>\n\n\n\n<ul class=\"wp-block-list\">\n<li>Nelly ZOLOME.<\/li>\n<\/ul>\n\n\n\n<p>\u2013Charg\u00e9s de Missions :<\/p>\n\n\n\n<p>Messieurs :<\/p>\n\n\n\n<ul class=\"wp-block-list\">\n<li>Prisque Delonnet MAIDYA MINDILHOU, confirm\u00e9 ;<\/li>\n\n\n\n<li>Hugues R\u00e9mi NGOUA NTOUTOUME ;<\/li>\n\n\n\n<li>Julien Quentin ABOGHE NGOME ; Mesdames :<\/li>\n\n\n\n<li>Georgette Nad\u00e8ge Flore KODIANGANY ;<\/li>\n<\/ul>\n\n\n\n<p>\u2013&nbsp;&nbsp;<strong><u>Secr\u00e9taire&nbsp;&nbsp; Particuli\u00e8re&nbsp; du&nbsp; Ministre<\/u>&nbsp;&nbsp;<\/strong>:&nbsp;&nbsp; Mme&nbsp;&nbsp; P\u00e9lagie&nbsp; NFONO AKOUE \u00e9pouse ELLA.<\/p>\n\n\n\n<p><strong><u>-Secr\u00e9taire Particuli\u00e8re du Directeur de Cabinet<\/u><\/strong><strong>&nbsp;:&nbsp;&nbsp;&nbsp;&nbsp;<\/strong>Mme Annie Manuella NZE NGUEMA \u00e9pouse MOUMBOUGOU.<\/p>\n\n\n\n<p>\u2013Secr\u00e9taires de Cabinet : Mesdames :<\/p>\n\n\n\n<ul class=\"wp-block-list\">\n<li>Nicole KANTOLOKALI \u00e9pouse NGOMANDA ;<\/li>\n\n\n\n<li>Arna Pernelle EKOVONE ANGOUNE ;<\/li>\n<\/ul>\n\n\n\n<ul class=\"wp-block-list\">\n<li><strong><u>Chef du Protocole<\/u><\/strong><strong>\u00a0:\u00a0<\/strong>Mme Andr\u00e9e Rosa IGOUWE DONDIA.<\/li>\n\n\n\n<li><strong><u>Chauffeur Particulier du Ministre<\/u><\/strong><strong>\u00a0:<\/strong>Mar\u00e9chal de Logis Chef Major APANGA OLENDE.<\/li>\n<\/ul>\n\n\n\n<p>SENAT DE LA TRANSITION<\/p>\n\n\n\n<p>\u00b7&nbsp;&nbsp;&nbsp;&nbsp;&nbsp;&nbsp;&nbsp; Cabinet du Pr\u00e9sident<\/p>\n\n\n\n<p>\u2013&nbsp;&nbsp;&nbsp;&nbsp;<strong><u>Aide de Camp<\/u>&nbsp;:&nbsp;<\/strong>Lieutenant Yannick Augustin NDOUMOU, en remplacement du Lieutenant Linda Xavi\u00e8re LEYOGHO.<\/p>\n\n\n\n<p>MINISTERE&nbsp;&nbsp;&nbsp;&nbsp; DES&nbsp;&nbsp;&nbsp;&nbsp; AFFAIRES&nbsp;&nbsp;&nbsp;&nbsp; ETRANGERES&nbsp;&nbsp;&nbsp;&nbsp; ET&nbsp;&nbsp;&nbsp;&nbsp; DE&nbsp;&nbsp;&nbsp;&nbsp; LA<\/p>\n\n\n\n<p><strong><u>&nbsp;COOPERATION, CHARGE DE LA DIASPORA&nbsp;&nbsp;&nbsp;&nbsp;&nbsp;&nbsp;&nbsp;&nbsp;&nbsp;&nbsp;&nbsp;&nbsp;&nbsp;&nbsp;&nbsp;&nbsp;&nbsp;&nbsp;&nbsp;&nbsp;&nbsp;&nbsp;&nbsp;&nbsp;&nbsp;&nbsp;&nbsp;&nbsp;&nbsp;&nbsp;&nbsp;&nbsp;&nbsp;&nbsp;&nbsp;&nbsp;&nbsp;&nbsp;&nbsp;&nbsp;&nbsp;&nbsp;<\/u><\/strong><\/p>\n\n\n\n<p>\u00b7&nbsp;&nbsp;&nbsp;&nbsp;&nbsp;&nbsp;&nbsp; Cabinet du Ministre<\/p>\n\n\n\n<ul class=\"wp-block-list\">\n<li><strong><u>Directeur de Cabinet :<\/u><\/strong><strong>\u00a0<\/strong>M. \u00c9ric Parfait MBAYE NKEZE, confirm\u00e9.<\/li>\n<\/ul>\n\n\n\n<p><strong><u>Conseiller Diplomatique :<\/u><\/strong><strong>&nbsp;<\/strong>M. Alfred MOUNGARA MOUSSOTSI, confirm\u00e9.<\/p>\n\n\n\n<p><strong><u>Conseiller en Communication :<\/u><\/strong><strong>&nbsp;<\/strong>M. Oswald Septime WORA OGOULA, confirm\u00e9.<\/p>\n\n\n\n<p>Conseillers Techniques :<\/p>\n\n\n\n<p>Madame :<\/p>\n\n\n\n<ul class=\"wp-block-list\">\n<li>Jos\u00e9e Wildine LEWOBI ANDOUO \u00e9pouse LETSINA EPIE, confirm\u00e9e ;<\/li>\n<\/ul>\n\n\n\n<p>Messieurs :<\/p>\n\n\n\n<ul class=\"wp-block-list\">\n<li>St\u00e9phane Sandy ANGO, confirm\u00e9 ;\n<ul class=\"wp-block-list\">\n<li>Dalin ETOUMBI FOUARI, confirm\u00e9 ;<\/li>\n\n\n\n<li>S\u00e9v\u00e9rin Clovis RAGANIZO, confirm\u00e9 ;<\/li>\n\n\n\n<li>Jean Blaise NGUIMBI, confirm\u00e9 ;<\/li>\n\n\n\n<li>Guy Roger AURAT RETENO, confirm\u00e9.<\/li>\n<\/ul>\n<\/li>\n<\/ul>\n\n\n\n<p>Charg\u00e9s d\u2019\u00c9tudes :<\/p>\n\n\n\n<p>Messieurs :<\/p>\n\n\n\n<ul class=\"wp-block-list\">\n<li>Sean Eric MANDJI, confirm\u00e9 ;\n<ul class=\"wp-block-list\">\n<li>Yorrick Rollys EKOUANDJA LOUMBA Mesdames:<\/li>\n\n\n\n<li>Tricia Soazig A M REVAZZAT ;<\/li>\n\n\n\n<li>Sandrine Candy NGONDY NDONG ;<\/li>\n\n\n\n<li><strong><u>Secr\u00e9taire Particuli\u00e8re du Ministre :<\/u><\/strong><strong>\u00a0<\/strong>Mme Marguerite BOUANGAS \u00e9pouse MOULOUNGUI, confirm\u00e9e.<\/li>\n<\/ul>\n<\/li>\n\n\n\n<li><strong><u>Secr\u00e9taire Particuli\u00e8re du Directeur de Cabinet\u00a0<\/u><\/strong><strong>:\u00a0<\/strong>Mme Flore OFOUGA MALOUMASSESSE \u00e9pouse RAWAMBIA<\/li>\n<\/ul>\n\n\n\n<p>BELLO, confirm\u00e9e.<\/p>\n\n\n\n<p>Secr\u00e9taires de Cabinet :<\/p>\n\n\n\n<p>Mesdames :<\/p>\n\n\n\n<ul class=\"wp-block-list\">\n<li>Louise Nocadi NTCHORERE ISSAMBO, confirm\u00e9e ;\n<ul class=\"wp-block-list\">\n<li>Karine Catherine BAFOURA-BA MYTOULOU, confirm\u00e9e.<\/li>\n<\/ul>\n<\/li>\n<\/ul>\n\n\n\n<p>Charg\u00e9s de Missions :<\/p>\n\n\n\n<p>Messieurs :<\/p>\n\n\n\n<ul class=\"wp-block-list\">\n<li>Maxwell OBIANG OBAME, confirm\u00e9 ;\n<ul class=\"wp-block-list\">\n<li>Larry Fred JOHN ;<\/li>\n\n\n\n<li>Jean Claude MOUSSOUAMI ;<\/li>\n\n\n\n<li>Jean Jacques BENGUINO.<\/li>\n<\/ul>\n<\/li>\n<\/ul>\n\n\n\n<p>Chef du Protocole :<\/p>\n\n\n\n<p>Monsieur Albert Dekomhiste NKOMA INGUENDJE, confirm\u00e9.<\/p>\n\n\n\n<p>MINISTERE DE LA JUSTICE, GARDE DES SCEAUX, CHARGE DES DROITS HUMAINS<\/p>\n\n\n\n<p>\u00b7Cabinet du Ministre<\/p>\n\n\n\n<ul class=\"wp-block-list\">\n<li><strong><u>Charg\u00e9s d\u2019\u00c9tudes :<\/u><\/strong><\/li>\n<\/ul>\n\n\n\n<p>Mesdames :<\/p>\n\n\n\n<ul class=\"wp-block-list\">\n<li>Carolle Aim\u00e9 MBAZOGHE ;\n<ul class=\"wp-block-list\">\n<li>Hornelia Brinda INGUEZA OBOUKA ; Messieurs :<\/li>\n\n\n\n<li>Sydney OMBINA ;<\/li>\n\n\n\n<li>Christian NGONDA.<\/li>\n<\/ul>\n<\/li>\n<\/ul>\n\n\n\n<p>\u2013&nbsp;Charg\u00e9s de Missions :<\/p>\n\n\n\n<p>Messieurs :<\/p>\n\n\n\n<ul class=\"wp-block-list\">\n<li>Joseph Fran\u00e7ois MANTANGUE ;\n<ul class=\"wp-block-list\">\n<li>Yves De Sahoty IGONDJO ;<\/li>\n\n\n\n<li>Armand Michel NGUEMA MBOUROU.<\/li>\n<\/ul>\n<\/li>\n<\/ul>\n\n\n\n<p>\u2013Secr\u00e9taires de Cabinet :<\/p>\n\n\n\n<p>Mesdames :<\/p>\n\n\n\n<ul class=\"wp-block-list\">\n<li>Estelle Lilia NZE EBET ;\n<ul class=\"wp-block-list\">\n<li>Malaikha Sheronne METAUME MEMIAGHE ;<\/li>\n\n\n\n<li>Ludmilla ETOUME AMIONG.<\/li>\n<\/ul>\n<\/li>\n<\/ul>\n\n\n\n<ul class=\"wp-block-list\">\n<li><strong><u>Chef du Protocole\u00a0<\/u><\/strong>: Monsieur Jean Daniel BIYE.<\/li>\n\n\n\n<li><strong><u>Chauffeur Particulier du Ministre\u00a0<\/u><\/strong>: Monsieur Etienne EYOGHE.<\/li>\n<\/ul>\n\n\n\n<p><br>MINISTERE DE LA COMMUNICATION ET DES MEDIAS<\/p>\n\n\n\n<p>\u00b7 Cabinet du Ministre<\/p>\n\n\n\n<p>\u2013&nbsp;&nbsp;&nbsp;&nbsp;<strong><u>Directeur de Cabinet :&nbsp;<\/u><\/strong>M. Guillaume RENDAMBO.<\/p>\n\n\n\n<ul class=\"wp-block-list\">\n<li><strong><u>Conseiller Juridique :<\/u><\/strong><strong>\u00a0<\/strong>Mme. Nancy Christie SAFOUS.<\/li>\n\n\n\n<li><strong><u>Conseiller Diplomatique :<\/u><\/strong><strong>\u00a0<\/strong>Mme. Venance MBINGT-ABDOULAYE.<\/li>\n\n\n\n<li><strong><u>Conseiller en Communication :<\/u><\/strong><strong>\u00a0<\/strong>M. Prince ESSONE MFOULOU- ZE.<\/li>\n<\/ul>\n\n\n\n<p>\u2013Conseillers Techniques :<\/p>\n\n\n\n<ul class=\"wp-block-list\">\n<li>Madame Fr\u00e9d\u00e9rique Jasmine HERVO-AKENDENGUE ; Messieurs :\n<ul class=\"wp-block-list\">\n<li>Jean Claude MPAKA ;<\/li>\n\n\n\n<li>Henri Junior PATURAULT ;<\/li>\n\n\n\n<li>Emmanuel MAGUEGUI ;<\/li>\n\n\n\n<li>Christian MAYISSE ;<\/li>\n\n\n\n<li>Jos\u00e9 Walter FOULA.<\/li>\n<\/ul>\n<\/li>\n<\/ul>\n\n\n\n<p>\u2013Charg\u00e9s d\u2019\u00c9tudes :<\/p>\n\n\n\n<p>Mesdames :<\/p>\n\n\n\n<ul class=\"wp-block-list\">\n<li>C\u00e9sarine Candice NGUEMA MVIE ;\n<ul class=\"wp-block-list\">\n<li>Darenne Gabrielle ODOUNGA. Messieurs :<\/li>\n<\/ul>\n<\/li>\n\n\n\n<li>Jacques Arnaud PAMBO ;<\/li>\n\n\n\n<li>Verckys YOUKOU NDOMBA ;<\/li>\n<\/ul>\n\n\n\n<p>\u2013Charg\u00e9s de Missions :<\/p>\n\n\n\n<p>Messieurs :<\/p>\n\n\n\n<ul class=\"wp-block-list\">\n<li>Martial Fabrice NDONG BEKALE ;\n<ul class=\"wp-block-list\">\n<li>Maixent OBAME AKUE ;<\/li>\n\n\n\n<li>Francis NDOMBINA ;<\/li>\n\n\n\n<li>Guy-Roger IBINGA MOUANGA.<\/li>\n<\/ul>\n<\/li>\n<\/ul>\n\n\n\n<ul class=\"wp-block-list\">\n<li><strong><u>Secr\u00e9taire Particuli\u00e8re du Ministre :<\/u><\/strong><strong>\u00a0<\/strong>Mme Monique Laure JAMES.<\/li>\n\n\n\n<li><strong><u>Secr\u00e9taire Particuli\u00e8re du Directeur de Cabinet :<\/u><\/strong><strong>\u00a0<\/strong>Mme Chancia WORA.<\/li>\n<\/ul>\n\n\n\n<p>\u2013Secr\u00e9taires de Cabinet :<\/p>\n\n\n\n<p>Mesdames :<\/p>\n\n\n\n<ul class=\"wp-block-list\">\n<li>Antoinette Patricia Diane ANGUILEY ;<\/li>\n<\/ul>\n\n\n\n<ul class=\"wp-block-list\">\n<li>Tatiana MBOULOU MAKANGA n\u00e9e OKISSI ;\n<ul class=\"wp-block-list\">\n<li>Laure L\u00e9odine ENOMBO GONDJOUT ;<\/li>\n<\/ul>\n<\/li>\n\n\n\n<li><strong><u>Chef du Protocole :<\/u><\/strong><strong>\u00a0<\/strong>M. Jean-Christian BOUCHARD.<\/li>\n\n\n\n<li><strong><u>Chauffeur Particulier du Ministre :<\/u><\/strong><strong>\u00a0M<\/strong>. Steeve Roland MAVOUNGOU.<\/li>\n<\/ul>\n\n\n\n<p>MINISTERE&nbsp;&nbsp; DES&nbsp;&nbsp; EAUX&nbsp;&nbsp; ET&nbsp;&nbsp; FORETS,&nbsp;&nbsp; CHARGE&nbsp;&nbsp; DU&nbsp;&nbsp; CONFLIT<\/p>\n\n\n\n<p><strong><u>&nbsp;HOMME-FAUNE&nbsp;&nbsp;&nbsp;&nbsp;&nbsp;&nbsp;&nbsp;&nbsp;&nbsp;&nbsp;&nbsp;&nbsp;&nbsp;&nbsp;&nbsp;&nbsp;&nbsp;&nbsp;&nbsp;&nbsp;&nbsp;&nbsp;&nbsp;&nbsp;&nbsp;&nbsp;&nbsp;&nbsp;&nbsp;&nbsp;&nbsp;&nbsp;&nbsp;&nbsp;&nbsp;&nbsp;&nbsp;&nbsp;&nbsp;&nbsp;&nbsp;&nbsp;&nbsp;&nbsp;&nbsp;&nbsp;&nbsp;&nbsp;&nbsp;&nbsp;&nbsp;&nbsp;&nbsp;&nbsp;&nbsp;&nbsp;&nbsp;&nbsp;&nbsp;&nbsp;&nbsp;&nbsp;&nbsp;&nbsp;&nbsp;&nbsp;&nbsp;&nbsp;&nbsp;&nbsp;&nbsp;&nbsp;&nbsp;&nbsp;&nbsp;&nbsp;&nbsp;&nbsp;&nbsp;&nbsp;&nbsp;&nbsp;&nbsp;&nbsp;&nbsp;&nbsp;&nbsp;&nbsp;&nbsp;&nbsp;&nbsp;<\/u><\/strong><\/p>\n\n\n\n<p>\u00b7Cabinet du Ministre<\/p>\n\n\n\n<ul class=\"wp-block-list\">\n<li><strong><u>Directeur de Cabinet<\/u><\/strong><strong>\u00a0:\u00a0<\/strong>M. Calixte Euloge Roland BEMBELENI REMBENDAMBYA.<\/li>\n\n\n\n<li><strong><u>Secr\u00e9taire Particuli\u00e8re du Ministre<\/u><\/strong><strong>\u00a0:\u00a0<\/strong>Mme. Audrey Guena\u00eblle Ruffine YEBE.<\/li>\n\n\n\n<li><strong><u>Secr\u00e9taire Particuli\u00e8re du Directeur de Cabinet<\/u><\/strong><strong>\u00a0:\u00a0<\/strong>Mme. L\u00e9onie SENE AMPOUWIN.<\/li>\n<\/ul>\n\n\n\n<p>\u2013Secr\u00e9taire de Cabinet :<\/p>\n\n\n\n<p>Mesdames :<\/p>\n\n\n\n<ul class=\"wp-block-list\">\n<li>Ra\u00efssa LENDIRA ;<\/li>\n\n\n\n<li>Lucie Sylvana ABENG NTSOSSUI ;<\/li>\n\n\n\n<li>Imelda MEYIE EMANE.<\/li>\n\n\n\n<li><strong><u>Conseiller Juridique<\/u><\/strong><strong>\u00a0:\u00a0<\/strong>Madame Carole Nadia OKOME OBAME.<\/li>\n\n\n\n<li><strong><u>Conseiller Diplomatique<\/u><\/strong><strong>\u00a0:\u00a0<\/strong>Madame Mariane BIBALOU.<\/li>\n\n\n\n<li><strong><u>Conseiller en Communication<\/u><\/strong><strong>\u00a0:\u00a0<\/strong>Madame Guilaine KENDJINO OMANDA.<\/li>\n\n\n\n<li><strong><u>Conseiller Financier<\/u><\/strong><strong>\u00a0:\u00a0<\/strong>Madame Pascasie Hillary NTOGONO ALLOGO.<\/li>\n\n\n\n<li><strong><u>Conseiller Technique, charg\u00e9 des R\u00e9formes et de la<\/u><\/strong><strong>\u00a0<u>Valorisation du Capital Humain :<\/u>\u00a0<\/strong>Monsieur Maxime EBANG EDOU ;<\/li>\n\n\n\n<li><strong><u>Conseiller Technique, charg\u00e9 du Suivi des Programmes, Plan<\/u><\/strong><strong>\u00a0<u>et Emploi<\/u>\u00a0:\u00a0<\/strong>Monsieur Etienne MASSARD KABINDA MAKAGA ;<\/li>\n<\/ul>\n\n\n\n<p>\u2013Conseiller Technique, charg\u00e9 de la Statistique et de la Relance des chaines de valeurs de l\u2019\u00c9conomie Foresti\u00e8re : Monsieur Gabriel NTOUGOU ;<\/p>\n\n\n\n<ul class=\"wp-block-list\">\n<li><strong><u>Conseiller Technique, charg\u00e9 de la Logistique et du<\/u><\/strong><strong>\u00a0<u>Patrimoine<\/u>\u00a0:\u00a0<\/strong>Monsieur Thierry OVONO OVONO ;<\/li>\n\n\n\n<li><strong><u>Conseiller Technique, envoy\u00e9 Sp\u00e9cial du Minist\u00e8re en charge<\/u><\/strong><strong>\u00a0<u>de la promotion du patrimoine naturel du Gabon \u00e0<\/u>\u00a0<u>l\u2019International<\/u>\u00a0:\u00a0<\/strong>Monsieur Adrien Wany N\u2019KOGHE MBA.<\/li>\n<\/ul>\n\n\n\n<p>\u2013Charg\u00e9s d\u2019\u00c9tudes :<\/p>\n\n\n\n<p>Messieurs :<\/p>\n\n\n\n<ul class=\"wp-block-list\">\n<li>Landry NKEYI ;<\/li>\n\n\n\n<li>Ars\u00e8ne Elie ABESSOLO AKWE ;<\/li>\n\n\n\n<li>Andr\u00e9 Teddy OBAME MBEANG. Madame Marie Christine NDOGOULA ;<\/li>\n<\/ul>\n\n\n\n<p>\u2013Charg\u00e9s de Missions :<\/p>\n\n\n\n<ul class=\"wp-block-list\">\n<li>Madame P\u00e9lagie BIGNOUMBA ; Messieurs :<\/li>\n\n\n\n<li>Raymond NGUEMA ETO ;<\/li>\n\n\n\n<li>Urbain NGOUA MEZUI ;<\/li>\n\n\n\n<li>Jovial ASSOUMOU ESSONO.<\/li>\n\n\n\n<li><strong><u>Chef du Protocole<\/u><\/strong><strong>\u00a0:\u00a0<\/strong>Monsieur Daili Fabious NGUEMA NGWA<strong>.<\/strong><\/li>\n\n\n\n<li><strong><u>Chauffeur Particulier du Ministre<\/u><\/strong><strong>\u00a0<\/strong>: Monsieur Herv\u00e9 Maurice EBANG.<\/li>\n<\/ul>\n\n\n\n<p><br>MINISTERE DES MINES ET DES RESSOURCES G\u00c9OLOGIQUES<\/p>\n\n\n\n<ul class=\"wp-block-list\">\n<li><strong>CABINET DU MINISTRE<\/strong><\/li>\n<\/ul>\n\n\n\n<p>\u2013Conseillers Techniques :<\/p>\n\n\n\n<ul class=\"wp-block-list\">\n<li>Monsieur IVAN CEDRICK AMVAM\n<ul class=\"wp-block-list\">\n<li>Madame Patricia OBIANG ep. OUSSOU<\/li>\n<\/ul>\n<\/li>\n\n\n\n<li><strong><u>Conseiller\u00a0Juridique<\/u><\/strong><strong>\u00a0<\/strong>: Monsieur JEAN-BAPTISTE BEMBELENY<\/li>\n\n\n\n<li><strong><u>Secr\u00e9taire\u00a0\u00a0 particuli\u00e8re\u00a0\u00a0 du\u00a0\u00a0 Ministre<\/u><\/strong><strong>\u00a0<\/strong>:\u00a0\u00a0 Madame\u00a0\u00a0 CHARMELLE EGNOGUISSIGA epouse OMBY<\/li>\n<\/ul>\n\n\n\n<p>MINISTERE DE&nbsp;L\u2019ENVIRONNEMENT,&nbsp;DE&nbsp;&nbsp; L\u2019ECOLOGIE&nbsp;&nbsp; ET&nbsp;&nbsp; DU CLIMAT<\/p>\n\n\n\n<p>\u00b7Cabinet du Ministre<\/p>\n\n\n\n<ul class=\"wp-block-list\">\n<li><strong><u>Charg\u00e9 de Missions :<\/u><\/strong><strong>\u00a0<\/strong>Monsieur Jonas MABICKA<\/li>\n\n\n\n<li><strong><u>Secr\u00e9taire de Cabinet :<\/u><\/strong><strong>\u00a0<\/strong>Madame Em\u00e9line BIGNOUMBE-BI- NGUIMBI \u00e9pouse ASSOUMOU.<\/li>\n<\/ul>\n\n\n\n<p><br>MINISTERE DU PETROLE ET DU GAZ<\/p>\n\n\n\n<p>\u00b7Cabinet du Ministre<\/p>\n\n\n\n<ul class=\"wp-block-list\">\n<li><strong><u>Directeur de Cabinet\u00a0<\/u><\/strong><strong>:\u00a0<\/strong>Monsieur Sylvain OLAME NDONG<\/li>\n\n\n\n<li><strong><u>Conseiller Strat\u00e9gique, en charge des Hydrocarbure\u00a0<\/u><\/strong>: Monsieur Magloire MENIE AKOUE.<\/li>\n\n\n\n<li><strong><u>Conseiller Juridique\u00a0<\/u><\/strong><strong>:\u00a0<\/strong>Monsieur Didier Claver NDONG, confirm\u00e9.<\/li>\n<\/ul>\n\n\n\n<ul class=\"wp-block-list\">\n<li><strong><u>Conseiller, charg\u00e9 des questions \u00c9conomiques, Financi\u00e8res et<\/u><\/strong><strong>\u00a0<u>Sociales\u00a0<\/u>:\u00a0<\/strong>Monsieur Bruno NGUEMA ONDO.<\/li>\n\n\n\n<li><strong><u>Conseiller, charg\u00e9 des Assurances P\u00e9troli\u00e8res et de la<\/u><\/strong><strong>\u00a0<u>Formation\u00a0<\/u>:\u00a0<\/strong>Monsieur Bechir Guivence Pascal PEMENGOYE, confirm\u00e9.<\/li>\n\n\n\n<li><strong><u>Conseiller Technique en charge de la Pr\u00e9vention\u00a0<\/u><\/strong>: Monsieur Ange Davy MBOUMBOU.<\/li>\n\n\n\n<li><strong><u>Conseiller Technique\u00a0<\/u><\/strong><strong>:\u00a0<\/strong>Monsieur Jean-Cl\u00e9ment BEYEME ZOGO.<\/li>\n\n\n\n<li><strong><u>Conseiller Diplomatique\u00a0<\/u><\/strong><strong>:\u00a0<\/strong>Madame Paule Georges OKINDA.<\/li>\n<\/ul>\n\n\n\n<p>\u2013Conseiller Technique charg\u00e9 du Syst\u00e8me d\u2019information :<\/p>\n\n\n\n<p>Monsieur David MEBIAME.<\/p>\n\n\n\n<ul class=\"wp-block-list\">\n<li><strong><u>Secr\u00e9taire Particuli\u00e8re du Ministre\u00a0<\/u><\/strong><strong>:\u00a0<\/strong>Madame Sarah Marthe MBOUROU.<\/li>\n\n\n\n<li><strong><u>Secr\u00e9taire Particuli\u00e8re du Directeur de Cabinet<\/u><\/strong><strong>\u00a0<\/strong>: Madame Zo\u00e9 ABOUNGONE ASSOUMOU.<\/li>\n<\/ul>\n\n\n\n<p>\u2013Secr\u00e9taire de Cabinet :<\/p>\n\n\n\n<p>Mesdames :<\/p>\n\n\n\n<ul class=\"wp-block-list\">\n<li>Axelle LINDZOUDA ;\n<ul class=\"wp-block-list\">\n<li>Reine MBENG ZUE \u00e9pouse ONDO BE ;<\/li>\n\n\n\n<li>Florence Stania NGOMO.<\/li>\n<\/ul>\n<\/li>\n<\/ul>\n\n\n\n<p>\u2013Charg\u00e9s d\u2019\u00c9tudes :<\/p>\n\n\n\n<p>Mesdames :<\/p>\n\n\n\n<ul class=\"wp-block-list\">\n<li>Sarah Orn\u00e9lia MBA ONDO \u00e9pouse NDJOGO ;\n<ul class=\"wp-block-list\">\n<li>Louisette DIVASSA ; Messieurs :<\/li>\n\n\n\n<li>Kevin Igor DINZAMBOU DI-KASSE ;<\/li>\n\n\n\n<li>Franck Nicaise EFFONE MEDZA ME NGUEMA.<\/li>\n<\/ul>\n<\/li>\n<\/ul>\n\n\n\n<p>\u2013Charg\u00e9s de Missions :<\/p>\n\n\n\n<p>Messieurs :<\/p>\n\n\n\n<ul class=\"wp-block-list\">\n<li>Lionel Tanguy NTOUGOU ;\n<ul class=\"wp-block-list\">\n<li>Gallien Deley NTSEGUE ;<\/li>\n\n\n\n<li>Lionel Emmanuel ONDO EYI.<\/li>\n<\/ul>\n<\/li>\n<\/ul>\n\n\n\n<p><br>MINISTERE DE LA SANTE<\/p>\n\n\n\n<p>\u00b7Cabinet du Ministre<\/p>\n\n\n\n<ul class=\"wp-block-list\">\n<li><strong><u>Directeur de Cabinet<\/u><\/strong><strong>\u00a0:\u00a0<\/strong>Dr Serge KARATHA DIBA, confirm\u00e9 ;<\/li>\n\n\n\n<li><strong><u>Conseiller Technique charg\u00e9 de la Politique et des Affaires<\/u><\/strong><strong>\u00a0<u>Sociales<\/u>\u00a0<\/strong>: Dr Jean Bernard MOUKETOU, confirm\u00e9 ;<\/li>\n<\/ul>\n\n\n\n<ul class=\"wp-block-list\">\n<li><strong><u>Conseiller Technique charg\u00e9 des \u00c9tablissements<\/u><\/strong><strong>\u00a0<\/strong>: Pr. Pascal Christian NZE OBIANG, confirm\u00e9 ;<\/li>\n\n\n\n<li><strong><u>Conseiller Technique charg\u00e9 de la Logistique et du<\/u><\/strong><strong>\u00a0<u>Secr\u00e9tariat<\/u>\u00a0<\/strong>: Commandant du Service de Sant\u00e9 Militaire Edith Sylvie MANGA-MANGUIYA ;<\/li>\n\n\n\n<li><strong><u>Conseiller Technique charg\u00e9 des Ressources Humaines et de<\/u><\/strong><strong>\u00a0<u>la Formation\u00a0<\/u><\/strong>: Monsieur Jean Bernard KOMBI ;<\/li>\n\n\n\n<li><strong><u>Conseiller Technique charg\u00e9 des Partenariats et des<\/u><\/strong><strong>\u00a0<u>Programmes<\/u>\u00a0<\/strong>: Monsieur Antoine NZIENGUI ;<\/li>\n\n\n\n<li><strong><u>Conseiller Technique charg\u00e9 du Suivi des Projets<\/u><\/strong><strong>\u00a0<\/strong>: Monsieur Emmanuel ASSOUMOU NKA ;<\/li>\n\n\n\n<li><strong><u>Conseiller en Communication :<\/u><\/strong><strong>\u00a0<\/strong>Monsieur Edgard NZIEMBI DOUKAGA, confirm\u00e9 ;<\/li>\n\n\n\n<li><strong><u>Conseiller Juridique<\/u><\/strong><strong>\u00a0:\u00a0<\/strong>Madame Liza Sternie MAGNAGNA KOUNDI, confirm\u00e9e ;<\/li>\n\n\n\n<li><strong><u>Conseiller Diplomatique :<\/u><\/strong><strong>\u00a0<\/strong>Monsieur Styve SEMBI TONDA ;<\/li>\n\n\n\n<li><strong>Secr\u00e9taire Particuli\u00e8re du Ministre\u00a0<\/strong>: Madame Christiane MOUKANDA ;<\/li>\n\n\n\n<li><strong><u>Secr\u00e9taire\u00a0\u00a0 Particuli\u00e8re\u00a0\u00a0 du\u00a0\u00a0 Directeur\u00a0\u00a0 de\u00a0\u00a0 Cabinet<\/u><\/strong><strong>\u00a0<\/strong>:\u00a0\u00a0 Madame Sandrine NGOUSSOU MAGABY, confirm\u00e9e ;<\/li>\n<\/ul>\n\n\n\n<p>\u2013Charg\u00e9s d\u2019\u00c9tudes :<\/p>\n\n\n\n<p>Mesdames :<\/p>\n\n\n\n<ul class=\"wp-block-list\">\n<li>L\u00e9a MANGA ;<\/li>\n\n\n\n<li>Ma\u00e9va Chamema LECKAT, confirm\u00e9e ; Messieurs :<\/li>\n\n\n\n<li>No\u00ebl MOUKELI MOUKELI ;<\/li>\n\n\n\n<li>Mazzes IPANDY NDOUNGOU ;<\/li>\n\n\n\n<li><strong><u>Secr\u00e9taires de Cabinet<\/u><\/strong><strong>\u00a0<\/strong>: Mesdames :<\/li>\n\n\n\n<li>Nhelly Dorisca MOUTONGO MOUYENDI, confirm\u00e9e ;<\/li>\n\n\n\n<li>Gaela Eurydice Clarette MBANG MINKO ;<\/li>\n\n\n\n<li>Nancy NONGO, confirm\u00e9e ;<\/li>\n\n\n\n<li><strong><u>Chef\u00a0 du\u00a0 Protocole<\/u><\/strong><strong>\u00a0\u00a0<\/strong>:\u00a0\u00a0 Monsieur\u00a0 Alain\u00a0 Robert\u00a0\u00a0 AKENDENGUE, confirm\u00e9.<\/li>\n\n\n\n<li><strong><u>Charg\u00e9e de Missions<\/u><\/strong><strong>\u00a0<\/strong>: Madame Ang\u00e9lique IBOMBO ;<\/li>\n\n\n\n<li><strong><u>Aide de Camp<\/u><\/strong><strong>\u00a0<\/strong>: Adjudant-Chef Major des Forces de Police Nationale NGOUNGOU Stessy Fr\u00e9jus, confirm\u00e9.<\/li>\n<\/ul>\n\n\n\n<p>\u2013Agents de S\u00e9curit\u00e9 :<\/p>\n\n\n\n<ul class=\"wp-block-list\">\n<li>Adjudant de Gendarmerie MASSALA MOUELE Diathelm, confirm\u00e9 ;<\/li>\n<\/ul>\n\n\n\n<ul class=\"wp-block-list\">\n<li>Caporal-Chef\u00a0\u00a0\u00a0 de\u00a0\u00a0\u00a0 la\u00a0\u00a0\u00a0 S\u00e9curit\u00e9\u00a0\u00a0\u00a0 P\u00e9nitenciaire\u00a0\u00a0 MOUBELE LEWOUMA ;<\/li>\n\n\n\n<li><strong><u>Chauffeur Particulier du Ministre<\/u><\/strong><strong>\u00a0<\/strong>: Monsieur DJALA BOULINGUI, confirm\u00e9.<\/li>\n<\/ul>\n\n\n\n<p><br>MINISTERE DE LA PLANIFICATION ET DE LA PROSPECTIVE<\/p>\n\n\n\n<p>\u00b7Cabinet du Ministre<\/p>\n\n\n\n<ul class=\"wp-block-list\">\n<li><strong><u>Directeur de Cabinet :<\/u><\/strong><strong>\u00a0<\/strong>Monsieur Godwin ALINI YANDJANGOYE<\/li>\n\n\n\n<li><strong><u>Conseiller Diplomatique :<\/u><\/strong><strong>\u00a0<\/strong>Monsieur Mathurin MENGUE BIBANG<\/li>\n\n\n\n<li><strong><u>Conseiller en Communication :\u00a0<\/u><\/strong>Monsieur Martial TSONGA<\/li>\n\n\n\n<li><strong><u>Conseiller Juridique :<\/u><\/strong><strong>\u00a0<\/strong>Monsieur Jean de Dieu. ZUEDZANG<\/li>\n<\/ul>\n\n\n\n<p>\u2013Conseillers Techniques :<\/p>\n\n\n\n<ul class=\"wp-block-list\">\n<li>Madame : Bertille Patricia OZOUNGUET \u00e9p.ONTCHANGALT<\/li>\n\n\n\n<li>Messieurs :\n<ul class=\"wp-block-list\">\n<li>Thierry TIWINOT<\/li>\n\n\n\n<li>Modeste MFA OBIANG<\/li>\n\n\n\n<li>Camille M\u2019BIKA<\/li>\n\n\n\n<li>Sylvain Jonas MOUSSAVOU<\/li>\n<\/ul>\n<\/li>\n<\/ul>\n\n\n\n<p>\u2013Charg\u00e9s d\u2019\u00c9tudes :<\/p>\n\n\n\n<ul class=\"wp-block-list\">\n<li>Monsieur Thierry Fresnel MAMBOUNDOU<\/li>\n\n\n\n<li>Madame Gr\u00e2ce MAMBOUNDOU<\/li>\n\n\n\n<li><strong><u>Secr\u00e9taire Particuli\u00e8re du Ministre :<\/u><\/strong><strong>\u00a0<\/strong>Madame Juliette MEDZA M\u2019AKOUE<\/li>\n<\/ul>\n\n\n\n<p>\u2013Secr\u00e9taires de Cabinet :<\/p>\n\n\n\n<ul class=\"wp-block-list\">\n<li>Mesdames :\n<ul class=\"wp-block-list\">\n<li>Agn\u00e8s Anouchka MBANG OTOULAS \u00e9p. MASSIMA<\/li>\n\n\n\n<li>Irma JOSEPHE \u00e9p. ABESSOLO<\/li>\n\n\n\n<li>Sabrina NGOUNA \u00e9p. ZUE<\/li>\n<\/ul>\n<\/li>\n\n\n\n<li><strong><u>Chef du Protocole :<\/u><\/strong><strong>\u00a0<\/strong>Madame Josiane LENGOUMA<\/li>\n\n\n\n<li><strong><u>Aide de Camp :<\/u><\/strong><strong>\u00a0<\/strong>Yansee Gesnair ALLOGO AYALLOGO<\/li>\n<\/ul>\n\n\n\n<p>\u2013Charg\u00e9s de Missions<\/p>\n\n\n\n<ul class=\"wp-block-list\">\n<li>Mesdames :\n<ul class=\"wp-block-list\">\n<li>Perp\u00e9tue Am\u00e9lie Charlotte NDONG<\/li>\n\n\n\n<li>Nicole NTSAME EYI \u00e9p. ZUE OBAME<\/li>\n\n\n\n<li>Messieurs :\n<ul class=\"wp-block-list\">\n<li>Lin Am\u00e9d\u00e9e EFOUA<\/li>\n\n\n\n<li>Ibrahim TALBA<\/li>\n<\/ul>\n<\/li>\n<\/ul>\n<\/li>\n<\/ul>\n\n\n\n<p>MINISTERE DU TRAVAIL, DU PLEIN-EMPLOI ET DU DIALOGUE SOCIAL<\/p>\n\n\n\n<p>\u00b7Cabinet du Ministre<\/p>\n\n\n\n<ul class=\"wp-block-list\">\n<li><strong><u>Directeur de Cabinet<\/u><\/strong><strong>\u00a0<\/strong>: Monsieur Davy Thome MBOUMBA<\/li>\n\n\n\n<li><strong><u>Conseiller Juridique<\/u><\/strong><strong>\u00a0<\/strong>: Monsieur Yorick St\u00e9vi ZIZA OGANDAGA<\/li>\n\n\n\n<li><strong><u>Conseiller en Communication<\/u><\/strong><strong>\u00a0<\/strong>: Monsieur Bertrand LECKOBAT ILOMBO<\/li>\n\n\n\n<li><strong><u>Conseiller\u00a0\u00a0\u00a0 Diplomatique<\/u><\/strong><strong>\u00a0\u00a0\u00a0\u00a0<\/strong>:\u00a0\u00a0\u00a0\u00a0 Madame\u00a0\u00a0\u00a0 Claudia\u00a0\u00a0\u00a0 MIHINDOU MIHINDOU<\/li>\n\n\n\n<li><strong><u>Conseillers Technique, charg\u00e9 du Travail\u00a0<\/u><\/strong>: Monsieur\u00a0\u00a0\u00a0\u00a0 Jean \u2013 Baptiste BE ENGONGA<\/li>\n\n\n\n<li><strong><u>Conseillers\u00a0 Technique,\u00a0 charg\u00e9\u00a0 du\u00a0 Plein-Emploi<\/u><\/strong><strong>\u00a0<\/strong>:\u00a0\u00a0 Monsieur Brice Levi KOKOLO<\/li>\n\n\n\n<li><strong><u>Conseillers Technique, charg\u00e9 du Dialogue Social<\/u><\/strong><strong>\u00a0<\/strong>: Monsieur NZIENGUI NZIENGUI<\/li>\n\n\n\n<li><strong><u>Conseillers Technique, charg\u00e9 des Question Administratives<\/u><\/strong><strong>\u00a0<\/strong>: Madame Berthe MENSAH ZOGUELET<\/li>\n<\/ul>\n\n\n\n<p>\u2013Conseillers Techniques :<\/p>\n\n\n\n<p>Messieurs :<\/p>\n\n\n\n<ul class=\"wp-block-list\">\n<li>Henri BOUNDZANGA TSOULOU ;\n<ul class=\"wp-block-list\">\n<li>St\u00e9phane ELLA NGUEMA ;<\/li>\n<\/ul>\n<\/li>\n<\/ul>\n\n\n\n<p>\u2013Charg\u00e9s d\u2019\u00c9tudes :<\/p>\n\n\n\n<p>Messieurs :<\/p>\n\n\n\n<ul class=\"wp-block-list\">\n<li>Brice Achille OVIYE OGOULA ;\n<ul class=\"wp-block-list\">\n<li>MAMBOUNDOU MAMBOUNDOU ;<\/li>\n\n\n\n<li>Arthur Rodrigue ASSAMBA ; Madame Liliane Marie Audrey VANE<\/li>\n<\/ul>\n<\/li>\n<\/ul>\n\n\n\n<p>\u2013Charg\u00e9s de Missions :<\/p>\n\n\n\n<p>Messieurs :<\/p>\n\n\n\n<ul class=\"wp-block-list\">\n<li>Jean Yves ONANGA ;\n<ul class=\"wp-block-list\">\n<li>Darel C\u00e9dric NKOROUNA ;<\/li>\n\n\n\n<li>Davy PADJO NGOMA ;<\/li>\n<\/ul>\n<\/li>\n<\/ul>\n\n\n\n<p>Madame Flore BABONGUI.<\/p>\n\n\n\n<ul class=\"wp-block-list\">\n<li><strong><u>Secr\u00e9taire Particuli\u00e8re du Ministre<\/u><\/strong><strong>\u00a0<\/strong>: Mme Nasrine OSSINGA BADIROU<\/li>\n\n\n\n<li><strong><u>Secr\u00e9taires de Cabinet<\/u><\/strong><strong>\u00a0<\/strong>: Mesdames :\n<ul class=\"wp-block-list\">\n<li>Roxane D\u00e9sir\u00e9e MAKANGA OGANDAGA ;<\/li>\n\n\n\n<li>Edith Janella KOUMBA MPAGOREWAN;<\/li>\n<\/ul>\n<\/li>\n<\/ul>\n\n\n\n<ul class=\"wp-block-list\">\n<li>Pauline Lesly BARBERA ISAAC ENGANDA .<\/li>\n\n\n\n<li><strong><u>Secr\u00e9taire Particuli\u00e8re du Directeur de Cabinet<\/u><\/strong><strong>\u00a0<\/strong>: Madame Flora Brunelle NGOMBOU NYOUNDOU<\/li>\n\n\n\n<li><strong><u>Chef\u00a0\u00a0 du\u00a0\u00a0 Protocole<\/u><\/strong><strong>\u00a0\u00a0\u00a0<\/strong>:\u00a0\u00a0\u00a0 Monsieur\u00a0\u00a0 Davy\u00a0\u00a0 Smith\u00a0\u00a0 OGOUMAZH RERAMBYAH<\/li>\n\n\n\n<li><strong><u>Chauffeur\u00a0\u00a0\u00a0 Particulier\u00a0\u00a0\u00a0\u00a0 du\u00a0\u00a0\u00a0\u00a0 Ministre<\/u><\/strong><strong>\u00a0\u00a0\u00a0\u00a0\u00a0<\/strong>:\u00a0\u00a0\u00a0Monsieur\u00a0C\u00e9dric AKENDENGUE<\/li>\n<\/ul>\n\n\n\n<p><strong>Je vous remercie.<\/strong><\/p>\n","protected":false},"excerpt":{"rendered":"<p>Sous la Tr\u00e8s Haute Pr\u00e9sidence de Son Excellence Brice Clotaire OLIGUI NGUEMA, Pr\u00e9sident de la R\u00e9publique, Chef de l\u2019\u00c9tat, Chef du Gouvernement,&nbsp;le Conseil des Ministres s\u2019est tenu ce vendredi 20 juin 2025, \u00e0 11 heures pr\u00e9cises, au Palais de la Pr\u00e9sidence de la R\u00e9publique. En ouverture des travaux, le Pr\u00e9sident de la R\u00e9publique a rappel\u00e9 [&hellip;]<\/p>\n","protected":false},"author":7,"featured_media":24037,"comment_status":"open","ping_status":"open","sticky":false,"template":"","format":"standard","meta":{"footnotes":""},"categories":[57,55,59],"tags":[],"class_list":["post-24036","post","type-post","status-publish","format-standard","has-post-thumbnail","hentry","category-a-la-une","category-actualites","category-politique"],"yoast_head":"<!-- This site is optimized with the Yoast SEO plugin v24.2 - https:\/\/yoast.com\/wordpress\/plugins\/seo\/ -->\n<title>Communiqu\u00e9 Final du Conseil des Ministres du 20 juin 2025 - Gabon Nouvelle Vision<\/title>\n<meta name=\"robots\" content=\"index, follow, max-snippet:-1, max-image-preview:large, max-video-preview:-1\" \/>\n<link rel=\"canonical\" href=\"https:\/\/gabonnouvellevision.com\/gnv\/2025\/06\/21\/communique-final-du-conseil-des-ministres-du-20-juin-2025\/\" \/>\n<meta property=\"og:locale\" content=\"fr_FR\" \/>\n<meta property=\"og:type\" content=\"article\" \/>\n<meta property=\"og:title\" content=\"Communiqu\u00e9 Final du Conseil des Ministres du 20 juin 2025 - Gabon Nouvelle Vision\" \/>\n<meta property=\"og:description\" content=\"Sous la Tr\u00e8s Haute Pr\u00e9sidence de Son Excellence Brice Clotaire OLIGUI NGUEMA, Pr\u00e9sident de la R\u00e9publique, Chef de l\u2019\u00c9tat, Chef du Gouvernement,&nbsp;le Conseil des Ministres s\u2019est tenu ce vendredi 20 juin 2025, \u00e0 11 heures pr\u00e9cises, au Palais de la Pr\u00e9sidence de la R\u00e9publique. En ouverture des travaux, le Pr\u00e9sident de la R\u00e9publique a rappel\u00e9 [&hellip;]\" \/>\n<meta property=\"og:url\" content=\"https:\/\/gabonnouvellevision.com\/gnv\/2025\/06\/21\/communique-final-du-conseil-des-ministres-du-20-juin-2025\/\" \/>\n<meta property=\"og:site_name\" content=\"Gabon Nouvelle Vision\" \/>\n<meta property=\"article:publisher\" content=\"https:\/\/www.facebook.com\/GNVofficiel\" \/>\n<meta property=\"article:published_time\" content=\"2025-06-21T08:30:15+00:00\" \/>\n<meta property=\"article:modified_time\" content=\"2025-06-21T08:30:18+00:00\" \/>\n<meta property=\"og:image\" content=\"https:\/\/gabonnouvellevision.com\/gnv\/wp-content\/uploads\/2025\/06\/object.getObject.jpeg\" \/>\n\t<meta property=\"og:image:width\" content=\"1080\" \/>\n\t<meta property=\"og:image:height\" content=\"607\" \/>\n\t<meta property=\"og:image:type\" content=\"image\/jpeg\" \/>\n<meta name=\"author\" content=\"Eyeng Obame\" \/>\n<meta name=\"twitter:card\" content=\"summary_large_image\" \/>\n<meta name=\"twitter:label1\" content=\"\u00c9crit par\" \/>\n\t<meta name=\"twitter:data1\" content=\"Eyeng Obame\" \/>\n\t<meta name=\"twitter:label2\" content=\"Dur\u00e9e de lecture estim\u00e9e\" \/>\n\t<meta name=\"twitter:data2\" content=\"26 minutes\" \/>\n<script type=\"application\/ld+json\" class=\"yoast-schema-graph\">{\"@context\":\"https:\/\/schema.org\",\"@graph\":[{\"@type\":\"Article\",\"@id\":\"https:\/\/gabonnouvellevision.com\/gnv\/2025\/06\/21\/communique-final-du-conseil-des-ministres-du-20-juin-2025\/#article\",\"isPartOf\":{\"@id\":\"https:\/\/gabonnouvellevision.com\/gnv\/2025\/06\/21\/communique-final-du-conseil-des-ministres-du-20-juin-2025\/\"},\"author\":{\"name\":\"Eyeng Obame\",\"@id\":\"https:\/\/gabonnouvellevision.com\/gnv\/#\/schema\/person\/4b48e07d222f83c0285affc3704bc899\"},\"headline\":\"Communiqu\u00e9 Final du Conseil des Ministres du 20 juin 2025\",\"datePublished\":\"2025-06-21T08:30:15+00:00\",\"dateModified\":\"2025-06-21T08:30:18+00:00\",\"mainEntityOfPage\":{\"@id\":\"https:\/\/gabonnouvellevision.com\/gnv\/2025\/06\/21\/communique-final-du-conseil-des-ministres-du-20-juin-2025\/\"},\"wordCount\":6095,\"commentCount\":0,\"publisher\":{\"@id\":\"https:\/\/gabonnouvellevision.com\/gnv\/#organization\"},\"image\":{\"@id\":\"https:\/\/gabonnouvellevision.com\/gnv\/2025\/06\/21\/communique-final-du-conseil-des-ministres-du-20-juin-2025\/#primaryimage\"},\"thumbnailUrl\":\"https:\/\/gabonnouvellevision.com\/gnv\/wp-content\/uploads\/2025\/06\/object.getObject.jpeg\",\"articleSection\":[\"A la une\",\"Actualites\",\"Politique\"],\"inLanguage\":\"fr-FR\",\"potentialAction\":[{\"@type\":\"CommentAction\",\"name\":\"Comment\",\"target\":[\"https:\/\/gabonnouvellevision.com\/gnv\/2025\/06\/21\/communique-final-du-conseil-des-ministres-du-20-juin-2025\/#respond\"]}]},{\"@type\":\"WebPage\",\"@id\":\"https:\/\/gabonnouvellevision.com\/gnv\/2025\/06\/21\/communique-final-du-conseil-des-ministres-du-20-juin-2025\/\",\"url\":\"https:\/\/gabonnouvellevision.com\/gnv\/2025\/06\/21\/communique-final-du-conseil-des-ministres-du-20-juin-2025\/\",\"name\":\"Communiqu\u00e9 Final du Conseil des Ministres du 20 juin 2025 - Gabon Nouvelle Vision\",\"isPartOf\":{\"@id\":\"https:\/\/gabonnouvellevision.com\/gnv\/#website\"},\"primaryImageOfPage\":{\"@id\":\"https:\/\/gabonnouvellevision.com\/gnv\/2025\/06\/21\/communique-final-du-conseil-des-ministres-du-20-juin-2025\/#primaryimage\"},\"image\":{\"@id\":\"https:\/\/gabonnouvellevision.com\/gnv\/2025\/06\/21\/communique-final-du-conseil-des-ministres-du-20-juin-2025\/#primaryimage\"},\"thumbnailUrl\":\"https:\/\/gabonnouvellevision.com\/gnv\/wp-content\/uploads\/2025\/06\/object.getObject.jpeg\",\"datePublished\":\"2025-06-21T08:30:15+00:00\",\"dateModified\":\"2025-06-21T08:30:18+00:00\",\"breadcrumb\":{\"@id\":\"https:\/\/gabonnouvellevision.com\/gnv\/2025\/06\/21\/communique-final-du-conseil-des-ministres-du-20-juin-2025\/#breadcrumb\"},\"inLanguage\":\"fr-FR\",\"potentialAction\":[{\"@type\":\"ReadAction\",\"target\":[\"https:\/\/gabonnouvellevision.com\/gnv\/2025\/06\/21\/communique-final-du-conseil-des-ministres-du-20-juin-2025\/\"]}]},{\"@type\":\"ImageObject\",\"inLanguage\":\"fr-FR\",\"@id\":\"https:\/\/gabonnouvellevision.com\/gnv\/2025\/06\/21\/communique-final-du-conseil-des-ministres-du-20-juin-2025\/#primaryimage\",\"url\":\"https:\/\/gabonnouvellevision.com\/gnv\/wp-content\/uploads\/2025\/06\/object.getObject.jpeg\",\"contentUrl\":\"https:\/\/gabonnouvellevision.com\/gnv\/wp-content\/uploads\/2025\/06\/object.getObject.jpeg\",\"width\":1080,\"height\":607},{\"@type\":\"BreadcrumbList\",\"@id\":\"https:\/\/gabonnouvellevision.com\/gnv\/2025\/06\/21\/communique-final-du-conseil-des-ministres-du-20-juin-2025\/#breadcrumb\",\"itemListElement\":[{\"@type\":\"ListItem\",\"position\":1,\"name\":\"Accueil\",\"item\":\"https:\/\/gabonnouvellevision.com\/gnv\/\"},{\"@type\":\"ListItem\",\"position\":2,\"name\":\"Communiqu\u00e9 Final du Conseil des Ministres du 20 juin 2025\"}]},{\"@type\":\"WebSite\",\"@id\":\"https:\/\/gabonnouvellevision.com\/gnv\/#website\",\"url\":\"https:\/\/gabonnouvellevision.com\/gnv\/\",\"name\":\"Gabon Nouvelle Vision\",\"description\":\"\",\"publisher\":{\"@id\":\"https:\/\/gabonnouvellevision.com\/gnv\/#organization\"},\"potentialAction\":[{\"@type\":\"SearchAction\",\"target\":{\"@type\":\"EntryPoint\",\"urlTemplate\":\"https:\/\/gabonnouvellevision.com\/gnv\/?s={search_term_string}\"},\"query-input\":{\"@type\":\"PropertyValueSpecification\",\"valueRequired\":true,\"valueName\":\"search_term_string\"}}],\"inLanguage\":\"fr-FR\"},{\"@type\":\"Organization\",\"@id\":\"https:\/\/gabonnouvellevision.com\/gnv\/#organization\",\"name\":\"Gabon Nouvelle Vision\",\"url\":\"https:\/\/gabonnouvellevision.com\/gnv\/\",\"logo\":{\"@type\":\"ImageObject\",\"inLanguage\":\"fr-FR\",\"@id\":\"https:\/\/gabonnouvellevision.com\/gnv\/#\/schema\/logo\/image\/\",\"url\":\"https:\/\/gabonnouvellevision.com\/gnv\/wp-content\/uploads\/2025\/01\/logo-text_Plan-de-travail-1.png\",\"contentUrl\":\"https:\/\/gabonnouvellevision.com\/gnv\/wp-content\/uploads\/2025\/01\/logo-text_Plan-de-travail-1.png\",\"width\":7169,\"height\":2390,\"caption\":\"Gabon Nouvelle Vision\"},\"image\":{\"@id\":\"https:\/\/gabonnouvellevision.com\/gnv\/#\/schema\/logo\/image\/\"},\"sameAs\":[\"https:\/\/www.facebook.com\/GNVofficiel\"]},{\"@type\":\"Person\",\"@id\":\"https:\/\/gabonnouvellevision.com\/gnv\/#\/schema\/person\/4b48e07d222f83c0285affc3704bc899\",\"name\":\"Eyeng Obame\",\"image\":{\"@type\":\"ImageObject\",\"inLanguage\":\"fr-FR\",\"@id\":\"https:\/\/gabonnouvellevision.com\/gnv\/#\/schema\/person\/image\/\",\"url\":\"https:\/\/secure.gravatar.com\/avatar\/167bc03b8baf3c77318a47159f80871de6f5a6cbf4bc8b6af750fbc1a369d7bf?s=96&d=mm&r=g\",\"contentUrl\":\"https:\/\/secure.gravatar.com\/avatar\/167bc03b8baf3c77318a47159f80871de6f5a6cbf4bc8b6af750fbc1a369d7bf?s=96&d=mm&r=g\",\"caption\":\"Eyeng Obame\"},\"url\":\"https:\/\/gabonnouvellevision.com\/gnv\/author\/rufin\/\"}]}<\/script>\n<!-- \/ Yoast SEO plugin. -->","yoast_head_json":{"title":"Communiqu\u00e9 Final du Conseil des Ministres du 20 juin 2025 - Gabon Nouvelle Vision","robots":{"index":"index","follow":"follow","max-snippet":"max-snippet:-1","max-image-preview":"max-image-preview:large","max-video-preview":"max-video-preview:-1"},"canonical":"https:\/\/gabonnouvellevision.com\/gnv\/2025\/06\/21\/communique-final-du-conseil-des-ministres-du-20-juin-2025\/","og_locale":"fr_FR","og_type":"article","og_title":"Communiqu\u00e9 Final du Conseil des Ministres du 20 juin 2025 - Gabon Nouvelle Vision","og_description":"Sous la Tr\u00e8s Haute Pr\u00e9sidence de Son Excellence Brice Clotaire OLIGUI NGUEMA, Pr\u00e9sident de la R\u00e9publique, Chef de l\u2019\u00c9tat, Chef du Gouvernement,&nbsp;le Conseil des Ministres s\u2019est tenu ce vendredi 20 juin 2025, \u00e0 11 heures pr\u00e9cises, au Palais de la Pr\u00e9sidence de la R\u00e9publique. En ouverture des travaux, le Pr\u00e9sident de la R\u00e9publique a rappel\u00e9 [&hellip;]","og_url":"https:\/\/gabonnouvellevision.com\/gnv\/2025\/06\/21\/communique-final-du-conseil-des-ministres-du-20-juin-2025\/","og_site_name":"Gabon Nouvelle Vision","article_publisher":"https:\/\/www.facebook.com\/GNVofficiel","article_published_time":"2025-06-21T08:30:15+00:00","article_modified_time":"2025-06-21T08:30:18+00:00","og_image":[{"width":1080,"height":607,"url":"https:\/\/gabonnouvellevision.com\/gnv\/wp-content\/uploads\/2025\/06\/object.getObject.jpeg","type":"image\/jpeg"}],"author":"Eyeng Obame","twitter_card":"summary_large_image","twitter_misc":{"\u00c9crit par":"Eyeng Obame","Dur\u00e9e de lecture estim\u00e9e":"26 minutes"},"schema":{"@context":"https:\/\/schema.org","@graph":[{"@type":"Article","@id":"https:\/\/gabonnouvellevision.com\/gnv\/2025\/06\/21\/communique-final-du-conseil-des-ministres-du-20-juin-2025\/#article","isPartOf":{"@id":"https:\/\/gabonnouvellevision.com\/gnv\/2025\/06\/21\/communique-final-du-conseil-des-ministres-du-20-juin-2025\/"},"author":{"name":"Eyeng Obame","@id":"https:\/\/gabonnouvellevision.com\/gnv\/#\/schema\/person\/4b48e07d222f83c0285affc3704bc899"},"headline":"Communiqu\u00e9 Final du Conseil des Ministres du 20 juin 2025","datePublished":"2025-06-21T08:30:15+00:00","dateModified":"2025-06-21T08:30:18+00:00","mainEntityOfPage":{"@id":"https:\/\/gabonnouvellevision.com\/gnv\/2025\/06\/21\/communique-final-du-conseil-des-ministres-du-20-juin-2025\/"},"wordCount":6095,"commentCount":0,"publisher":{"@id":"https:\/\/gabonnouvellevision.com\/gnv\/#organization"},"image":{"@id":"https:\/\/gabonnouvellevision.com\/gnv\/2025\/06\/21\/communique-final-du-conseil-des-ministres-du-20-juin-2025\/#primaryimage"},"thumbnailUrl":"https:\/\/gabonnouvellevision.com\/gnv\/wp-content\/uploads\/2025\/06\/object.getObject.jpeg","articleSection":["A la une","Actualites","Politique"],"inLanguage":"fr-FR","potentialAction":[{"@type":"CommentAction","name":"Comment","target":["https:\/\/gabonnouvellevision.com\/gnv\/2025\/06\/21\/communique-final-du-conseil-des-ministres-du-20-juin-2025\/#respond"]}]},{"@type":"WebPage","@id":"https:\/\/gabonnouvellevision.com\/gnv\/2025\/06\/21\/communique-final-du-conseil-des-ministres-du-20-juin-2025\/","url":"https:\/\/gabonnouvellevision.com\/gnv\/2025\/06\/21\/communique-final-du-conseil-des-ministres-du-20-juin-2025\/","name":"Communiqu\u00e9 Final du Conseil des Ministres du 20 juin 2025 - Gabon Nouvelle Vision","isPartOf":{"@id":"https:\/\/gabonnouvellevision.com\/gnv\/#website"},"primaryImageOfPage":{"@id":"https:\/\/gabonnouvellevision.com\/gnv\/2025\/06\/21\/communique-final-du-conseil-des-ministres-du-20-juin-2025\/#primaryimage"},"image":{"@id":"https:\/\/gabonnouvellevision.com\/gnv\/2025\/06\/21\/communique-final-du-conseil-des-ministres-du-20-juin-2025\/#primaryimage"},"thumbnailUrl":"https:\/\/gabonnouvellevision.com\/gnv\/wp-content\/uploads\/2025\/06\/object.getObject.jpeg","datePublished":"2025-06-21T08:30:15+00:00","dateModified":"2025-06-21T08:30:18+00:00","breadcrumb":{"@id":"https:\/\/gabonnouvellevision.com\/gnv\/2025\/06\/21\/communique-final-du-conseil-des-ministres-du-20-juin-2025\/#breadcrumb"},"inLanguage":"fr-FR","potentialAction":[{"@type":"ReadAction","target":["https:\/\/gabonnouvellevision.com\/gnv\/2025\/06\/21\/communique-final-du-conseil-des-ministres-du-20-juin-2025\/"]}]},{"@type":"ImageObject","inLanguage":"fr-FR","@id":"https:\/\/gabonnouvellevision.com\/gnv\/2025\/06\/21\/communique-final-du-conseil-des-ministres-du-20-juin-2025\/#primaryimage","url":"https:\/\/gabonnouvellevision.com\/gnv\/wp-content\/uploads\/2025\/06\/object.getObject.jpeg","contentUrl":"https:\/\/gabonnouvellevision.com\/gnv\/wp-content\/uploads\/2025\/06\/object.getObject.jpeg","width":1080,"height":607},{"@type":"BreadcrumbList","@id":"https:\/\/gabonnouvellevision.com\/gnv\/2025\/06\/21\/communique-final-du-conseil-des-ministres-du-20-juin-2025\/#breadcrumb","itemListElement":[{"@type":"ListItem","position":1,"name":"Accueil","item":"https:\/\/gabonnouvellevision.com\/gnv\/"},{"@type":"ListItem","position":2,"name":"Communiqu\u00e9 Final du Conseil des Ministres du 20 juin 2025"}]},{"@type":"WebSite","@id":"https:\/\/gabonnouvellevision.com\/gnv\/#website","url":"https:\/\/gabonnouvellevision.com\/gnv\/","name":"Gabon Nouvelle Vision","description":"","publisher":{"@id":"https:\/\/gabonnouvellevision.com\/gnv\/#organization"},"potentialAction":[{"@type":"SearchAction","target":{"@type":"EntryPoint","urlTemplate":"https:\/\/gabonnouvellevision.com\/gnv\/?s={search_term_string}"},"query-input":{"@type":"PropertyValueSpecification","valueRequired":true,"valueName":"search_term_string"}}],"inLanguage":"fr-FR"},{"@type":"Organization","@id":"https:\/\/gabonnouvellevision.com\/gnv\/#organization","name":"Gabon Nouvelle Vision","url":"https:\/\/gabonnouvellevision.com\/gnv\/","logo":{"@type":"ImageObject","inLanguage":"fr-FR","@id":"https:\/\/gabonnouvellevision.com\/gnv\/#\/schema\/logo\/image\/","url":"https:\/\/gabonnouvellevision.com\/gnv\/wp-content\/uploads\/2025\/01\/logo-text_Plan-de-travail-1.png","contentUrl":"https:\/\/gabonnouvellevision.com\/gnv\/wp-content\/uploads\/2025\/01\/logo-text_Plan-de-travail-1.png","width":7169,"height":2390,"caption":"Gabon Nouvelle Vision"},"image":{"@id":"https:\/\/gabonnouvellevision.com\/gnv\/#\/schema\/logo\/image\/"},"sameAs":["https:\/\/www.facebook.com\/GNVofficiel"]},{"@type":"Person","@id":"https:\/\/gabonnouvellevision.com\/gnv\/#\/schema\/person\/4b48e07d222f83c0285affc3704bc899","name":"Eyeng Obame","image":{"@type":"ImageObject","inLanguage":"fr-FR","@id":"https:\/\/gabonnouvellevision.com\/gnv\/#\/schema\/person\/image\/","url":"https:\/\/secure.gravatar.com\/avatar\/167bc03b8baf3c77318a47159f80871de6f5a6cbf4bc8b6af750fbc1a369d7bf?s=96&d=mm&r=g","contentUrl":"https:\/\/secure.gravatar.com\/avatar\/167bc03b8baf3c77318a47159f80871de6f5a6cbf4bc8b6af750fbc1a369d7bf?s=96&d=mm&r=g","caption":"Eyeng Obame"},"url":"https:\/\/gabonnouvellevision.com\/gnv\/author\/rufin\/"}]}},"_links":{"self":[{"href":"https:\/\/gabonnouvellevision.com\/gnv\/wp-json\/wp\/v2\/posts\/24036","targetHints":{"allow":["GET"]}}],"collection":[{"href":"https:\/\/gabonnouvellevision.com\/gnv\/wp-json\/wp\/v2\/posts"}],"about":[{"href":"https:\/\/gabonnouvellevision.com\/gnv\/wp-json\/wp\/v2\/types\/post"}],"author":[{"embeddable":true,"href":"https:\/\/gabonnouvellevision.com\/gnv\/wp-json\/wp\/v2\/users\/7"}],"replies":[{"embeddable":true,"href":"https:\/\/gabonnouvellevision.com\/gnv\/wp-json\/wp\/v2\/comments?post=24036"}],"version-history":[{"count":1,"href":"https:\/\/gabonnouvellevision.com\/gnv\/wp-json\/wp\/v2\/posts\/24036\/revisions"}],"predecessor-version":[{"id":24038,"href":"https:\/\/gabonnouvellevision.com\/gnv\/wp-json\/wp\/v2\/posts\/24036\/revisions\/24038"}],"wp:featuredmedia":[{"embeddable":true,"href":"https:\/\/gabonnouvellevision.com\/gnv\/wp-json\/wp\/v2\/media\/24037"}],"wp:attachment":[{"href":"https:\/\/gabonnouvellevision.com\/gnv\/wp-json\/wp\/v2\/media?parent=24036"}],"wp:term":[{"taxonomy":"category","embeddable":true,"href":"https:\/\/gabonnouvellevision.com\/gnv\/wp-json\/wp\/v2\/categories?post=24036"},{"taxonomy":"post_tag","embeddable":true,"href":"https:\/\/gabonnouvellevision.com\/gnv\/wp-json\/wp\/v2\/tags?post=24036"}],"curies":[{"name":"wp","href":"https:\/\/api.w.org\/{rel}","templated":true}]}}