{"id":24028,"date":"2025-06-18T17:06:47","date_gmt":"2025-06-18T15:06:47","guid":{"rendered":"https:\/\/gabonnouvellevision.com\/gnv\/?p=24028"},"modified":"2025-06-18T17:06:49","modified_gmt":"2025-06-18T15:06:49","slug":"et-si-la-mairie-de-libreville-reportait-son-operation-de-deguerpissement-des-commercants","status":"publish","type":"post","link":"https:\/\/gabonnouvellevision.com\/gnv\/2025\/06\/18\/et-si-la-mairie-de-libreville-reportait-son-operation-de-deguerpissement-des-commercants\/","title":{"rendered":"Et si la Mairie de Libreville reportait son op\u00e9ration de d\u00e9guerpissement des commer\u00e7ants?"},"content":{"rendered":"\n<p>Le D\u00e9l\u00e9gu\u00e9 Sp\u00e9cial de la commune de Libreville, Adrien Nguema Mba, invit\u00e9 \u00e0 tenir compte du moindre d\u00e9tail pour la r\u00e9ussite de l\u2019op\u00e9ration de d\u00e9guerpissement en vue des commer\u00e7ants. Image.Com.Mairie de Libreville.<\/p>\n\n\n\n<p><em><strong>La Mairie de Libreville envisage lancer sous peu une op\u00e9ration de d\u00e9guerpissement des commer\u00e7ants install\u00e9s dans les march\u00e9s spontan\u00e9s de fortunes, &nbsp;et aux abords des voies des communications. Une op\u00e9ration de salubrit\u00e9 publique qui devra certainement faire couler beaucoup d\u2019encre et de salive si les victimes ne sont pas relog\u00e9es \u00e0 temps et \u00e0 contretemps dans les espaces commerciaux appropri\u00e9s<\/strong><\/em>.<\/p>\n\n\n\n<p>&nbsp;Si l\u2019on s\u2019en tient au communiqu\u00e9 officiel de la Mairie de Libreville portant mise en demeure &nbsp;de 15 jours &nbsp;aux commer\u00e7ants et autres occupants ill\u00e9gaux du domaine public lu par son Conseiller en communication, Stevy Oyane Mezui, le 04 juin dernier sur les antennes de Gabon 1\u00e8re, on conviendra avec certitude que c\u2019est ce vendredi 19 juin 2025 que l\u2019op\u00e9ration de d\u00e9guerpissement devra d\u00e9buter avec fracas sur le terrain.<\/p>\n\n\n\n<p>Cette vaste campagne de lutte contre l\u2019insalubrit\u00e9 et de l\u2019occupation ill\u00e9gale du domaine public concerne les garages et les march\u00e9s anarchiques, les \u00e9paves de v\u00e9hicules, les encombrants abandonn\u00e9s sur le domaine public ainsi que les constructions irr\u00e9guli\u00e8res indique le communiqu\u00e9 sign\u00e9 le 28 mai 2025 par le nouveau D\u00e9l\u00e9gu\u00e9 Sp\u00e9cial de la mairie centrale de Libreville.<\/p>\n\n\n\n<p>Avant de poursuivre: \u201dfaute par eux de s\u2019ex\u00e9cuter dans le d\u00e9lai imparti, ils y seront contraints par la force, sans pr\u00e9judice des sanctions p\u00e9nales applicables en la mati\u00e8re\u201d.<\/p>\n\n\n\n<p>Mais une op\u00e9ration de d\u00e9guerpissement jug\u00e9e inopportune pour le moment par des observateurs avertis de la gestion du domaine public, en raison de la non livraison jusqu\u2019\u00e0 ce jour des travaux &nbsp;du march\u00e9-Ctri en construction de l\u2019ancienne gare-routi\u00e8re devant accueillir les commer\u00e7ants exer\u00e7ant sur les trottoirs des axes routiers&nbsp;: &nbsp;venez voir-peyrie, et les abords de l\u2019ancienne Gare-routi\u00e8re-petit-paris.<\/p>\n\n\n\n<p>A cette liste, s\u2019ajoute celle du &nbsp;march\u00e9-Ctri en construction du PK11 \u00e0 c\u00f4t\u00e9 de l\u2019\u00e9glise universelle du Royaume de Dieu. Un march\u00e9 qui devra accueillir \u00e0 son tour une grande partie&nbsp;des commer\u00e7ants vendant \u00e0 ciel ouvert des pk11 et 12. Au regard de ce qui pr\u00e9c\u00e8de, lanc\u00e9e une op\u00e9ration de d\u00e9guerpissement dans un contexte peu orthodoxe risquerait de ressembler plus &nbsp;\u00e0 un coup d\u2019\u00e9clats m\u00e9diatique qu\u2019\u00e0 autre chose aux yeux de l\u2019opinion<\/p>\n\n\n\n<p>Enfin, cette op\u00e9ration pourrait aussi susciter&nbsp;d\u2019autres d\u00e9mons de diffamation&nbsp;et de haine contre&nbsp; les nouvelles autorit\u00e9s du pays sur les r\u00e9seaux sociaux, &nbsp;\u00e0 l\u2019instar de l\u2019op\u00e9ration &nbsp;de d\u00e9guerpissement de plaine-Orety et de l\u2019ambassade de chine \u2013 Russie dont la plaie demeure b\u00e9ante malgr\u00e9 les multiples plateaux sp\u00e9ciaux t\u00e9l\u00e9vis\u00e9s d\u2019\u00e9dification.<\/p>\n\n\n\n<p>Donc, que la Mairie de Libreville &nbsp;ne mette pas la charrue avant les b\u0153ufs en mettant en musique la loi des vases communicantes \u2018\u2019 les m\u00eames causes produisant les m\u00eames effets\u2019\u2019. Mais qu\u2019elle proc\u00e8de pr\u00e9alablement au recensement minutieux des commer\u00e7ants impact\u00e9s, &nbsp;tout en leur indiquant les diff\u00e9rents sites de r\u00e9installations appropri\u00e9es avant de lancer son op\u00e9ration, pour \u00e9viter de reconduire les m\u00eames &nbsp;m\u00e9thodes brutales voire inhumaines d\u00e9cri\u00e9es par le pass\u00e9 avec le r\u00e9gime d\u00e9chu.<\/p>\n\n\n\n<p>Autrement dit, pour que les populations ressentent un v\u00e9ritable changement de paradigme du pays, les nouvelles autorit\u00e9s de la Ve R\u00e9publique doivent marquer la diff\u00e9rence en&nbsp;d\u00e9guerpissant dignement ces op\u00e9rateurs \u00e9conomiques, qui sont pour la plupart, &nbsp;des p\u00e8res et m\u00e8res de famille vivant au quotidien de ces activit\u00e9s, en lieu et place de les pourchasser dans les rues comme de vulgaires bandits ou criminels.<\/p>\n\n\n\n<p>La balle est d\u00e9sormais dans le camp du nouveau D\u00e9l\u00e9gu\u00e9 sp\u00e9cial en charge de la gestion de la commune de Libreville, Adrien Nguema Mba , obnubil\u00e9 par les deux d\u00e9cennies d\u2019exp\u00e9riences pass\u00e9es dans les services municipaux.<\/p>\n\n\n\n<p>Une maitrise du terrain municipal qui a peut-\u00eatre fait d\u00e9faut \u00e0 bon nombre de ses pr\u00e9d\u00e9cesseurs.<\/p>\n\n\n\n<p><strong><u>Rufin Martial Oke Nze &nbsp;<\/u><\/strong><\/p>\n","protected":false},"excerpt":{"rendered":"<p>Le D\u00e9l\u00e9gu\u00e9 Sp\u00e9cial de la commune de Libreville, Adrien Nguema Mba, invit\u00e9 \u00e0 tenir compte du moindre d\u00e9tail pour la r\u00e9ussite de l\u2019op\u00e9ration de d\u00e9guerpissement en vue des commer\u00e7ants. Image.Com.Mairie de Libreville. La Mairie de Libreville envisage lancer sous peu une op\u00e9ration de d\u00e9guerpissement des commer\u00e7ants install\u00e9s dans les march\u00e9s spontan\u00e9s de fortunes, &nbsp;et aux [&hellip;]<\/p>\n","protected":false},"author":7,"featured_media":24029,"comment_status":"open","ping_status":"open","sticky":false,"template":"","format":"standard","meta":{"footnotes":""},"categories":[57,55,20],"tags":[],"class_list":["post-24028","post","type-post","status-publish","format-standard","has-post-thumbnail","hentry","category-a-la-une","category-actualites","category-social"],"yoast_head":"<!-- This site is optimized with the Yoast SEO plugin v24.2 - https:\/\/yoast.com\/wordpress\/plugins\/seo\/ -->\n<title>Et si la Mairie de Libreville reportait son op\u00e9ration de d\u00e9guerpissement des commer\u00e7ants? - Gabon Nouvelle Vision<\/title>\n<meta name=\"robots\" content=\"index, follow, max-snippet:-1, max-image-preview:large, max-video-preview:-1\" \/>\n<link rel=\"canonical\" href=\"https:\/\/gabonnouvellevision.com\/gnv\/2025\/06\/18\/et-si-la-mairie-de-libreville-reportait-son-operation-de-deguerpissement-des-commercants\/\" \/>\n<meta property=\"og:locale\" content=\"fr_FR\" \/>\n<meta property=\"og:type\" content=\"article\" \/>\n<meta property=\"og:title\" content=\"Et si la Mairie de Libreville reportait son op\u00e9ration de d\u00e9guerpissement des commer\u00e7ants? - Gabon Nouvelle Vision\" \/>\n<meta property=\"og:description\" content=\"Le D\u00e9l\u00e9gu\u00e9 Sp\u00e9cial de la commune de Libreville, Adrien Nguema Mba, invit\u00e9 \u00e0 tenir compte du moindre d\u00e9tail pour la r\u00e9ussite de l\u2019op\u00e9ration de d\u00e9guerpissement en vue des commer\u00e7ants. Image.Com.Mairie de Libreville. La Mairie de Libreville envisage lancer sous peu une op\u00e9ration de d\u00e9guerpissement des commer\u00e7ants install\u00e9s dans les march\u00e9s spontan\u00e9s de fortunes, &nbsp;et aux [&hellip;]\" \/>\n<meta property=\"og:url\" content=\"https:\/\/gabonnouvellevision.com\/gnv\/2025\/06\/18\/et-si-la-mairie-de-libreville-reportait-son-operation-de-deguerpissement-des-commercants\/\" \/>\n<meta property=\"og:site_name\" content=\"Gabon Nouvelle Vision\" \/>\n<meta property=\"article:publisher\" content=\"https:\/\/www.facebook.com\/GNVofficiel\" \/>\n<meta property=\"article:published_time\" content=\"2025-06-18T15:06:47+00:00\" \/>\n<meta property=\"article:modified_time\" content=\"2025-06-18T15:06:49+00:00\" \/>\n<meta property=\"og:image\" content=\"https:\/\/gabonnouvellevision.com\/gnv\/wp-content\/uploads\/2025\/06\/503884622_1123996899747519_2611102116001851911_n.jpg\" \/>\n\t<meta property=\"og:image:width\" content=\"640\" \/>\n\t<meta property=\"og:image:height\" content=\"501\" \/>\n\t<meta property=\"og:image:type\" content=\"image\/jpeg\" \/>\n<meta name=\"author\" content=\"Eyeng Obame\" \/>\n<meta name=\"twitter:card\" content=\"summary_large_image\" \/>\n<meta name=\"twitter:label1\" content=\"\u00c9crit par\" \/>\n\t<meta name=\"twitter:data1\" content=\"Eyeng Obame\" \/>\n\t<meta name=\"twitter:label2\" content=\"Dur\u00e9e de lecture estim\u00e9e\" \/>\n\t<meta name=\"twitter:data2\" content=\"4 minutes\" \/>\n<script type=\"application\/ld+json\" class=\"yoast-schema-graph\">{\"@context\":\"https:\/\/schema.org\",\"@graph\":[{\"@type\":\"Article\",\"@id\":\"https:\/\/gabonnouvellevision.com\/gnv\/2025\/06\/18\/et-si-la-mairie-de-libreville-reportait-son-operation-de-deguerpissement-des-commercants\/#article\",\"isPartOf\":{\"@id\":\"https:\/\/gabonnouvellevision.com\/gnv\/2025\/06\/18\/et-si-la-mairie-de-libreville-reportait-son-operation-de-deguerpissement-des-commercants\/\"},\"author\":{\"name\":\"Eyeng Obame\",\"@id\":\"https:\/\/gabonnouvellevision.com\/gnv\/#\/schema\/person\/4b48e07d222f83c0285affc3704bc899\"},\"headline\":\"Et si la Mairie de Libreville reportait son op\u00e9ration de d\u00e9guerpissement des commer\u00e7ants?\",\"datePublished\":\"2025-06-18T15:06:47+00:00\",\"dateModified\":\"2025-06-18T15:06:49+00:00\",\"mainEntityOfPage\":{\"@id\":\"https:\/\/gabonnouvellevision.com\/gnv\/2025\/06\/18\/et-si-la-mairie-de-libreville-reportait-son-operation-de-deguerpissement-des-commercants\/\"},\"wordCount\":762,\"commentCount\":0,\"publisher\":{\"@id\":\"https:\/\/gabonnouvellevision.com\/gnv\/#organization\"},\"image\":{\"@id\":\"https:\/\/gabonnouvellevision.com\/gnv\/2025\/06\/18\/et-si-la-mairie-de-libreville-reportait-son-operation-de-deguerpissement-des-commercants\/#primaryimage\"},\"thumbnailUrl\":\"https:\/\/gabonnouvellevision.com\/gnv\/wp-content\/uploads\/2025\/06\/503884622_1123996899747519_2611102116001851911_n.jpg\",\"articleSection\":[\"A la une\",\"Actualites\",\"Social\"],\"inLanguage\":\"fr-FR\",\"potentialAction\":[{\"@type\":\"CommentAction\",\"name\":\"Comment\",\"target\":[\"https:\/\/gabonnouvellevision.com\/gnv\/2025\/06\/18\/et-si-la-mairie-de-libreville-reportait-son-operation-de-deguerpissement-des-commercants\/#respond\"]}]},{\"@type\":\"WebPage\",\"@id\":\"https:\/\/gabonnouvellevision.com\/gnv\/2025\/06\/18\/et-si-la-mairie-de-libreville-reportait-son-operation-de-deguerpissement-des-commercants\/\",\"url\":\"https:\/\/gabonnouvellevision.com\/gnv\/2025\/06\/18\/et-si-la-mairie-de-libreville-reportait-son-operation-de-deguerpissement-des-commercants\/\",\"name\":\"Et si la Mairie de Libreville reportait son op\u00e9ration de d\u00e9guerpissement des commer\u00e7ants? - Gabon Nouvelle Vision\",\"isPartOf\":{\"@id\":\"https:\/\/gabonnouvellevision.com\/gnv\/#website\"},\"primaryImageOfPage\":{\"@id\":\"https:\/\/gabonnouvellevision.com\/gnv\/2025\/06\/18\/et-si-la-mairie-de-libreville-reportait-son-operation-de-deguerpissement-des-commercants\/#primaryimage\"},\"image\":{\"@id\":\"https:\/\/gabonnouvellevision.com\/gnv\/2025\/06\/18\/et-si-la-mairie-de-libreville-reportait-son-operation-de-deguerpissement-des-commercants\/#primaryimage\"},\"thumbnailUrl\":\"https:\/\/gabonnouvellevision.com\/gnv\/wp-content\/uploads\/2025\/06\/503884622_1123996899747519_2611102116001851911_n.jpg\",\"datePublished\":\"2025-06-18T15:06:47+00:00\",\"dateModified\":\"2025-06-18T15:06:49+00:00\",\"breadcrumb\":{\"@id\":\"https:\/\/gabonnouvellevision.com\/gnv\/2025\/06\/18\/et-si-la-mairie-de-libreville-reportait-son-operation-de-deguerpissement-des-commercants\/#breadcrumb\"},\"inLanguage\":\"fr-FR\",\"potentialAction\":[{\"@type\":\"ReadAction\",\"target\":[\"https:\/\/gabonnouvellevision.com\/gnv\/2025\/06\/18\/et-si-la-mairie-de-libreville-reportait-son-operation-de-deguerpissement-des-commercants\/\"]}]},{\"@type\":\"ImageObject\",\"inLanguage\":\"fr-FR\",\"@id\":\"https:\/\/gabonnouvellevision.com\/gnv\/2025\/06\/18\/et-si-la-mairie-de-libreville-reportait-son-operation-de-deguerpissement-des-commercants\/#primaryimage\",\"url\":\"https:\/\/gabonnouvellevision.com\/gnv\/wp-content\/uploads\/2025\/06\/503884622_1123996899747519_2611102116001851911_n.jpg\",\"contentUrl\":\"https:\/\/gabonnouvellevision.com\/gnv\/wp-content\/uploads\/2025\/06\/503884622_1123996899747519_2611102116001851911_n.jpg\",\"width\":640,\"height\":501},{\"@type\":\"BreadcrumbList\",\"@id\":\"https:\/\/gabonnouvellevision.com\/gnv\/2025\/06\/18\/et-si-la-mairie-de-libreville-reportait-son-operation-de-deguerpissement-des-commercants\/#breadcrumb\",\"itemListElement\":[{\"@type\":\"ListItem\",\"position\":1,\"name\":\"Accueil\",\"item\":\"https:\/\/gabonnouvellevision.com\/gnv\/\"},{\"@type\":\"ListItem\",\"position\":2,\"name\":\"Et si la Mairie de Libreville reportait son op\u00e9ration de d\u00e9guerpissement des commer\u00e7ants?\"}]},{\"@type\":\"WebSite\",\"@id\":\"https:\/\/gabonnouvellevision.com\/gnv\/#website\",\"url\":\"https:\/\/gabonnouvellevision.com\/gnv\/\",\"name\":\"Gabon Nouvelle Vision\",\"description\":\"\",\"publisher\":{\"@id\":\"https:\/\/gabonnouvellevision.com\/gnv\/#organization\"},\"potentialAction\":[{\"@type\":\"SearchAction\",\"target\":{\"@type\":\"EntryPoint\",\"urlTemplate\":\"https:\/\/gabonnouvellevision.com\/gnv\/?s={search_term_string}\"},\"query-input\":{\"@type\":\"PropertyValueSpecification\",\"valueRequired\":true,\"valueName\":\"search_term_string\"}}],\"inLanguage\":\"fr-FR\"},{\"@type\":\"Organization\",\"@id\":\"https:\/\/gabonnouvellevision.com\/gnv\/#organization\",\"name\":\"Gabon Nouvelle Vision\",\"url\":\"https:\/\/gabonnouvellevision.com\/gnv\/\",\"logo\":{\"@type\":\"ImageObject\",\"inLanguage\":\"fr-FR\",\"@id\":\"https:\/\/gabonnouvellevision.com\/gnv\/#\/schema\/logo\/image\/\",\"url\":\"https:\/\/gabonnouvellevision.com\/gnv\/wp-content\/uploads\/2025\/01\/logo-text_Plan-de-travail-1.png\",\"contentUrl\":\"https:\/\/gabonnouvellevision.com\/gnv\/wp-content\/uploads\/2025\/01\/logo-text_Plan-de-travail-1.png\",\"width\":7169,\"height\":2390,\"caption\":\"Gabon Nouvelle Vision\"},\"image\":{\"@id\":\"https:\/\/gabonnouvellevision.com\/gnv\/#\/schema\/logo\/image\/\"},\"sameAs\":[\"https:\/\/www.facebook.com\/GNVofficiel\"]},{\"@type\":\"Person\",\"@id\":\"https:\/\/gabonnouvellevision.com\/gnv\/#\/schema\/person\/4b48e07d222f83c0285affc3704bc899\",\"name\":\"Eyeng Obame\",\"image\":{\"@type\":\"ImageObject\",\"inLanguage\":\"fr-FR\",\"@id\":\"https:\/\/gabonnouvellevision.com\/gnv\/#\/schema\/person\/image\/\",\"url\":\"https:\/\/secure.gravatar.com\/avatar\/167bc03b8baf3c77318a47159f80871de6f5a6cbf4bc8b6af750fbc1a369d7bf?s=96&d=mm&r=g\",\"contentUrl\":\"https:\/\/secure.gravatar.com\/avatar\/167bc03b8baf3c77318a47159f80871de6f5a6cbf4bc8b6af750fbc1a369d7bf?s=96&d=mm&r=g\",\"caption\":\"Eyeng Obame\"},\"url\":\"https:\/\/gabonnouvellevision.com\/gnv\/author\/rufin\/\"}]}<\/script>\n<!-- \/ Yoast SEO plugin. -->","yoast_head_json":{"title":"Et si la Mairie de Libreville reportait son op\u00e9ration de d\u00e9guerpissement des commer\u00e7ants? - Gabon Nouvelle Vision","robots":{"index":"index","follow":"follow","max-snippet":"max-snippet:-1","max-image-preview":"max-image-preview:large","max-video-preview":"max-video-preview:-1"},"canonical":"https:\/\/gabonnouvellevision.com\/gnv\/2025\/06\/18\/et-si-la-mairie-de-libreville-reportait-son-operation-de-deguerpissement-des-commercants\/","og_locale":"fr_FR","og_type":"article","og_title":"Et si la Mairie de Libreville reportait son op\u00e9ration de d\u00e9guerpissement des commer\u00e7ants? - Gabon Nouvelle Vision","og_description":"Le D\u00e9l\u00e9gu\u00e9 Sp\u00e9cial de la commune de Libreville, Adrien Nguema Mba, invit\u00e9 \u00e0 tenir compte du moindre d\u00e9tail pour la r\u00e9ussite de l\u2019op\u00e9ration de d\u00e9guerpissement en vue des commer\u00e7ants. Image.Com.Mairie de Libreville. La Mairie de Libreville envisage lancer sous peu une op\u00e9ration de d\u00e9guerpissement des commer\u00e7ants install\u00e9s dans les march\u00e9s spontan\u00e9s de fortunes, &nbsp;et aux [&hellip;]","og_url":"https:\/\/gabonnouvellevision.com\/gnv\/2025\/06\/18\/et-si-la-mairie-de-libreville-reportait-son-operation-de-deguerpissement-des-commercants\/","og_site_name":"Gabon Nouvelle Vision","article_publisher":"https:\/\/www.facebook.com\/GNVofficiel","article_published_time":"2025-06-18T15:06:47+00:00","article_modified_time":"2025-06-18T15:06:49+00:00","og_image":[{"width":640,"height":501,"url":"https:\/\/gabonnouvellevision.com\/gnv\/wp-content\/uploads\/2025\/06\/503884622_1123996899747519_2611102116001851911_n.jpg","type":"image\/jpeg"}],"author":"Eyeng Obame","twitter_card":"summary_large_image","twitter_misc":{"\u00c9crit par":"Eyeng Obame","Dur\u00e9e de lecture estim\u00e9e":"4 minutes"},"schema":{"@context":"https:\/\/schema.org","@graph":[{"@type":"Article","@id":"https:\/\/gabonnouvellevision.com\/gnv\/2025\/06\/18\/et-si-la-mairie-de-libreville-reportait-son-operation-de-deguerpissement-des-commercants\/#article","isPartOf":{"@id":"https:\/\/gabonnouvellevision.com\/gnv\/2025\/06\/18\/et-si-la-mairie-de-libreville-reportait-son-operation-de-deguerpissement-des-commercants\/"},"author":{"name":"Eyeng Obame","@id":"https:\/\/gabonnouvellevision.com\/gnv\/#\/schema\/person\/4b48e07d222f83c0285affc3704bc899"},"headline":"Et si la Mairie de Libreville reportait son op\u00e9ration de d\u00e9guerpissement des commer\u00e7ants?","datePublished":"2025-06-18T15:06:47+00:00","dateModified":"2025-06-18T15:06:49+00:00","mainEntityOfPage":{"@id":"https:\/\/gabonnouvellevision.com\/gnv\/2025\/06\/18\/et-si-la-mairie-de-libreville-reportait-son-operation-de-deguerpissement-des-commercants\/"},"wordCount":762,"commentCount":0,"publisher":{"@id":"https:\/\/gabonnouvellevision.com\/gnv\/#organization"},"image":{"@id":"https:\/\/gabonnouvellevision.com\/gnv\/2025\/06\/18\/et-si-la-mairie-de-libreville-reportait-son-operation-de-deguerpissement-des-commercants\/#primaryimage"},"thumbnailUrl":"https:\/\/gabonnouvellevision.com\/gnv\/wp-content\/uploads\/2025\/06\/503884622_1123996899747519_2611102116001851911_n.jpg","articleSection":["A la une","Actualites","Social"],"inLanguage":"fr-FR","potentialAction":[{"@type":"CommentAction","name":"Comment","target":["https:\/\/gabonnouvellevision.com\/gnv\/2025\/06\/18\/et-si-la-mairie-de-libreville-reportait-son-operation-de-deguerpissement-des-commercants\/#respond"]}]},{"@type":"WebPage","@id":"https:\/\/gabonnouvellevision.com\/gnv\/2025\/06\/18\/et-si-la-mairie-de-libreville-reportait-son-operation-de-deguerpissement-des-commercants\/","url":"https:\/\/gabonnouvellevision.com\/gnv\/2025\/06\/18\/et-si-la-mairie-de-libreville-reportait-son-operation-de-deguerpissement-des-commercants\/","name":"Et si la Mairie de Libreville reportait son op\u00e9ration de d\u00e9guerpissement des commer\u00e7ants? - Gabon Nouvelle Vision","isPartOf":{"@id":"https:\/\/gabonnouvellevision.com\/gnv\/#website"},"primaryImageOfPage":{"@id":"https:\/\/gabonnouvellevision.com\/gnv\/2025\/06\/18\/et-si-la-mairie-de-libreville-reportait-son-operation-de-deguerpissement-des-commercants\/#primaryimage"},"image":{"@id":"https:\/\/gabonnouvellevision.com\/gnv\/2025\/06\/18\/et-si-la-mairie-de-libreville-reportait-son-operation-de-deguerpissement-des-commercants\/#primaryimage"},"thumbnailUrl":"https:\/\/gabonnouvellevision.com\/gnv\/wp-content\/uploads\/2025\/06\/503884622_1123996899747519_2611102116001851911_n.jpg","datePublished":"2025-06-18T15:06:47+00:00","dateModified":"2025-06-18T15:06:49+00:00","breadcrumb":{"@id":"https:\/\/gabonnouvellevision.com\/gnv\/2025\/06\/18\/et-si-la-mairie-de-libreville-reportait-son-operation-de-deguerpissement-des-commercants\/#breadcrumb"},"inLanguage":"fr-FR","potentialAction":[{"@type":"ReadAction","target":["https:\/\/gabonnouvellevision.com\/gnv\/2025\/06\/18\/et-si-la-mairie-de-libreville-reportait-son-operation-de-deguerpissement-des-commercants\/"]}]},{"@type":"ImageObject","inLanguage":"fr-FR","@id":"https:\/\/gabonnouvellevision.com\/gnv\/2025\/06\/18\/et-si-la-mairie-de-libreville-reportait-son-operation-de-deguerpissement-des-commercants\/#primaryimage","url":"https:\/\/gabonnouvellevision.com\/gnv\/wp-content\/uploads\/2025\/06\/503884622_1123996899747519_2611102116001851911_n.jpg","contentUrl":"https:\/\/gabonnouvellevision.com\/gnv\/wp-content\/uploads\/2025\/06\/503884622_1123996899747519_2611102116001851911_n.jpg","width":640,"height":501},{"@type":"BreadcrumbList","@id":"https:\/\/gabonnouvellevision.com\/gnv\/2025\/06\/18\/et-si-la-mairie-de-libreville-reportait-son-operation-de-deguerpissement-des-commercants\/#breadcrumb","itemListElement":[{"@type":"ListItem","position":1,"name":"Accueil","item":"https:\/\/gabonnouvellevision.com\/gnv\/"},{"@type":"ListItem","position":2,"name":"Et si la Mairie de Libreville reportait son op\u00e9ration de d\u00e9guerpissement des commer\u00e7ants?"}]},{"@type":"WebSite","@id":"https:\/\/gabonnouvellevision.com\/gnv\/#website","url":"https:\/\/gabonnouvellevision.com\/gnv\/","name":"Gabon Nouvelle Vision","description":"","publisher":{"@id":"https:\/\/gabonnouvellevision.com\/gnv\/#organization"},"potentialAction":[{"@type":"SearchAction","target":{"@type":"EntryPoint","urlTemplate":"https:\/\/gabonnouvellevision.com\/gnv\/?s={search_term_string}"},"query-input":{"@type":"PropertyValueSpecification","valueRequired":true,"valueName":"search_term_string"}}],"inLanguage":"fr-FR"},{"@type":"Organization","@id":"https:\/\/gabonnouvellevision.com\/gnv\/#organization","name":"Gabon Nouvelle Vision","url":"https:\/\/gabonnouvellevision.com\/gnv\/","logo":{"@type":"ImageObject","inLanguage":"fr-FR","@id":"https:\/\/gabonnouvellevision.com\/gnv\/#\/schema\/logo\/image\/","url":"https:\/\/gabonnouvellevision.com\/gnv\/wp-content\/uploads\/2025\/01\/logo-text_Plan-de-travail-1.png","contentUrl":"https:\/\/gabonnouvellevision.com\/gnv\/wp-content\/uploads\/2025\/01\/logo-text_Plan-de-travail-1.png","width":7169,"height":2390,"caption":"Gabon Nouvelle Vision"},"image":{"@id":"https:\/\/gabonnouvellevision.com\/gnv\/#\/schema\/logo\/image\/"},"sameAs":["https:\/\/www.facebook.com\/GNVofficiel"]},{"@type":"Person","@id":"https:\/\/gabonnouvellevision.com\/gnv\/#\/schema\/person\/4b48e07d222f83c0285affc3704bc899","name":"Eyeng Obame","image":{"@type":"ImageObject","inLanguage":"fr-FR","@id":"https:\/\/gabonnouvellevision.com\/gnv\/#\/schema\/person\/image\/","url":"https:\/\/secure.gravatar.com\/avatar\/167bc03b8baf3c77318a47159f80871de6f5a6cbf4bc8b6af750fbc1a369d7bf?s=96&d=mm&r=g","contentUrl":"https:\/\/secure.gravatar.com\/avatar\/167bc03b8baf3c77318a47159f80871de6f5a6cbf4bc8b6af750fbc1a369d7bf?s=96&d=mm&r=g","caption":"Eyeng Obame"},"url":"https:\/\/gabonnouvellevision.com\/gnv\/author\/rufin\/"}]}},"_links":{"self":[{"href":"https:\/\/gabonnouvellevision.com\/gnv\/wp-json\/wp\/v2\/posts\/24028","targetHints":{"allow":["GET"]}}],"collection":[{"href":"https:\/\/gabonnouvellevision.com\/gnv\/wp-json\/wp\/v2\/posts"}],"about":[{"href":"https:\/\/gabonnouvellevision.com\/gnv\/wp-json\/wp\/v2\/types\/post"}],"author":[{"embeddable":true,"href":"https:\/\/gabonnouvellevision.com\/gnv\/wp-json\/wp\/v2\/users\/7"}],"replies":[{"embeddable":true,"href":"https:\/\/gabonnouvellevision.com\/gnv\/wp-json\/wp\/v2\/comments?post=24028"}],"version-history":[{"count":1,"href":"https:\/\/gabonnouvellevision.com\/gnv\/wp-json\/wp\/v2\/posts\/24028\/revisions"}],"predecessor-version":[{"id":24030,"href":"https:\/\/gabonnouvellevision.com\/gnv\/wp-json\/wp\/v2\/posts\/24028\/revisions\/24030"}],"wp:featuredmedia":[{"embeddable":true,"href":"https:\/\/gabonnouvellevision.com\/gnv\/wp-json\/wp\/v2\/media\/24029"}],"wp:attachment":[{"href":"https:\/\/gabonnouvellevision.com\/gnv\/wp-json\/wp\/v2\/media?parent=24028"}],"wp:term":[{"taxonomy":"category","embeddable":true,"href":"https:\/\/gabonnouvellevision.com\/gnv\/wp-json\/wp\/v2\/categories?post=24028"},{"taxonomy":"post_tag","embeddable":true,"href":"https:\/\/gabonnouvellevision.com\/gnv\/wp-json\/wp\/v2\/tags?post=24028"}],"curies":[{"name":"wp","href":"https:\/\/api.w.org\/{rel}","templated":true}]}}