{"id":24025,"date":"2025-06-18T10:59:17","date_gmt":"2025-06-18T08:59:17","guid":{"rendered":"https:\/\/gabonnouvellevision.com\/gnv\/?p=24025"},"modified":"2025-06-18T10:59:19","modified_gmt":"2025-06-18T08:59:19","slug":"oligui-nguema-lance-les-travaux-de-la-commission-nationale-de-decentralisation","status":"publish","type":"post","link":"https:\/\/gabonnouvellevision.com\/gnv\/2025\/06\/18\/oligui-nguema-lance-les-travaux-de-la-commission-nationale-de-decentralisation\/","title":{"rendered":"Oligui Nguema lance les travaux de la Commission nationale de d\u00e9centralisation"},"content":{"rendered":"\n<p><strong><em>Le processus de d\u00e9centralisation des collectivit\u00e9s locales sera bient\u00f4t effectif au Gabon. Le Pr\u00e9sident de la R\u00e9publique, Brice Clotaire Oligui Nguema, a donn\u00e9 le coup d\u2019envoi des travaux de la commission nationale de la d\u00e9centralisation hier au palais de la r\u00e9novation de Libreville<\/em><\/strong>.<\/p>\n\n\n\n<p>La Commission Nationale de la d\u00e9centralisation &nbsp;devant acc\u00e9l\u00e9rer avec diligence le processus de mise en place de la d\u00e9centralisation dans les diff\u00e9rentes collectivit\u00e9s locales du Gabon a eu lieu hier \u00e0 la Pr\u00e9sidence de la R\u00e9publique.<\/p>\n\n\n\n<p>Un transfert de comp\u00e9tences des moyens \u00a0de l\u2019Etat aux collectivit\u00e9s locales qui a d\u00e9j\u00e0 \u00a0port\u00e9 ses fruits sous d\u2019autre cieux a rappel\u00e9 le Pr\u00e9sident de la R\u00e9publique , Brice Clotaire Oligui Nguema, lors de son allocution. Un processus qui devra tirer le pays vers le haut.<\/p>\n\n\n\n<p>La mise en route de la d\u00e9centralisation qui \u00e9tait une simple vue de l\u2019esprit jusqu\u2019\u00e0 un pass\u00e9 r\u00e9cent, devra \u00eatre effective dans diff\u00e9rentes mairies et conseils d\u00e9partementaux du pays \u00e0 l\u2019issue des \u00e9lections locales prochaines.<\/p>\n\n\n\n<p>Une phase exp\u00e9rimentale qui concerne d\u2019abord les chefs-lieux de provinces, suivie plus tard du reste des localit\u00e9s.<\/p>\n\n\n\n<p><strong>Rufin Martial Oke Nze<\/strong><\/p>\n","protected":false},"excerpt":{"rendered":"<p>Le processus de d\u00e9centralisation des collectivit\u00e9s locales sera bient\u00f4t effectif au Gabon. Le Pr\u00e9sident de la R\u00e9publique, Brice Clotaire Oligui Nguema, a donn\u00e9 le coup d\u2019envoi des travaux de la commission nationale de la d\u00e9centralisation hier au palais de la r\u00e9novation de Libreville. La Commission Nationale de la d\u00e9centralisation &nbsp;devant acc\u00e9l\u00e9rer avec diligence le processus [&hellip;]<\/p>\n","protected":false},"author":7,"featured_media":24026,"comment_status":"open","ping_status":"open","sticky":false,"template":"","format":"standard","meta":{"footnotes":""},"categories":[57,55,65],"tags":[],"class_list":["post-24025","post","type-post","status-publish","format-standard","has-post-thumbnail","hentry","category-a-la-une","category-actualites","category-politique-podcasts"],"yoast_head":"<!-- This site is optimized with the Yoast SEO plugin v24.2 - https:\/\/yoast.com\/wordpress\/plugins\/seo\/ -->\n<title>Oligui Nguema lance les travaux de la Commission nationale de d\u00e9centralisation - Gabon Nouvelle Vision<\/title>\n<meta name=\"robots\" content=\"index, follow, max-snippet:-1, max-image-preview:large, max-video-preview:-1\" \/>\n<link rel=\"canonical\" href=\"https:\/\/gabonnouvellevision.com\/gnv\/2025\/06\/18\/oligui-nguema-lance-les-travaux-de-la-commission-nationale-de-decentralisation\/\" \/>\n<meta property=\"og:locale\" content=\"fr_FR\" \/>\n<meta property=\"og:type\" content=\"article\" \/>\n<meta property=\"og:title\" content=\"Oligui Nguema lance les travaux de la Commission nationale de d\u00e9centralisation - Gabon Nouvelle Vision\" \/>\n<meta property=\"og:description\" content=\"Le processus de d\u00e9centralisation des collectivit\u00e9s locales sera bient\u00f4t effectif au Gabon. Le Pr\u00e9sident de la R\u00e9publique, Brice Clotaire Oligui Nguema, a donn\u00e9 le coup d\u2019envoi des travaux de la commission nationale de la d\u00e9centralisation hier au palais de la r\u00e9novation de Libreville. La Commission Nationale de la d\u00e9centralisation &nbsp;devant acc\u00e9l\u00e9rer avec diligence le processus [&hellip;]\" \/>\n<meta property=\"og:url\" content=\"https:\/\/gabonnouvellevision.com\/gnv\/2025\/06\/18\/oligui-nguema-lance-les-travaux-de-la-commission-nationale-de-decentralisation\/\" \/>\n<meta property=\"og:site_name\" content=\"Gabon Nouvelle Vision\" \/>\n<meta property=\"article:publisher\" content=\"https:\/\/www.facebook.com\/GNVofficiel\" \/>\n<meta property=\"article:published_time\" content=\"2025-06-18T08:59:17+00:00\" \/>\n<meta property=\"article:modified_time\" content=\"2025-06-18T08:59:19+00:00\" \/>\n<meta property=\"og:image\" content=\"https:\/\/gabonnouvellevision.com\/gnv\/wp-content\/uploads\/2025\/06\/506693285_1022288883415684_8309719921959963596_n.jpg\" \/>\n\t<meta property=\"og:image:width\" content=\"2048\" \/>\n\t<meta property=\"og:image:height\" content=\"1410\" \/>\n\t<meta property=\"og:image:type\" content=\"image\/jpeg\" \/>\n<meta name=\"author\" content=\"Eyeng Obame\" \/>\n<meta name=\"twitter:card\" content=\"summary_large_image\" \/>\n<meta name=\"twitter:label1\" content=\"\u00c9crit par\" \/>\n\t<meta name=\"twitter:data1\" content=\"Eyeng Obame\" \/>\n\t<meta name=\"twitter:label2\" content=\"Dur\u00e9e de lecture estim\u00e9e\" \/>\n\t<meta name=\"twitter:data2\" content=\"2 minutes\" \/>\n<script type=\"application\/ld+json\" class=\"yoast-schema-graph\">{\"@context\":\"https:\/\/schema.org\",\"@graph\":[{\"@type\":\"Article\",\"@id\":\"https:\/\/gabonnouvellevision.com\/gnv\/2025\/06\/18\/oligui-nguema-lance-les-travaux-de-la-commission-nationale-de-decentralisation\/#article\",\"isPartOf\":{\"@id\":\"https:\/\/gabonnouvellevision.com\/gnv\/2025\/06\/18\/oligui-nguema-lance-les-travaux-de-la-commission-nationale-de-decentralisation\/\"},\"author\":{\"name\":\"Eyeng Obame\",\"@id\":\"https:\/\/gabonnouvellevision.com\/gnv\/#\/schema\/person\/4b48e07d222f83c0285affc3704bc899\"},\"headline\":\"Oligui Nguema lance les travaux de la Commission nationale de d\u00e9centralisation\",\"datePublished\":\"2025-06-18T08:59:17+00:00\",\"dateModified\":\"2025-06-18T08:59:19+00:00\",\"mainEntityOfPage\":{\"@id\":\"https:\/\/gabonnouvellevision.com\/gnv\/2025\/06\/18\/oligui-nguema-lance-les-travaux-de-la-commission-nationale-de-decentralisation\/\"},\"wordCount\":223,\"commentCount\":0,\"publisher\":{\"@id\":\"https:\/\/gabonnouvellevision.com\/gnv\/#organization\"},\"image\":{\"@id\":\"https:\/\/gabonnouvellevision.com\/gnv\/2025\/06\/18\/oligui-nguema-lance-les-travaux-de-la-commission-nationale-de-decentralisation\/#primaryimage\"},\"thumbnailUrl\":\"https:\/\/gabonnouvellevision.com\/gnv\/wp-content\/uploads\/2025\/06\/506693285_1022288883415684_8309719921959963596_n.jpg\",\"articleSection\":[\"A la une\",\"Actualites\",\"Politique\"],\"inLanguage\":\"fr-FR\",\"potentialAction\":[{\"@type\":\"CommentAction\",\"name\":\"Comment\",\"target\":[\"https:\/\/gabonnouvellevision.com\/gnv\/2025\/06\/18\/oligui-nguema-lance-les-travaux-de-la-commission-nationale-de-decentralisation\/#respond\"]}]},{\"@type\":\"WebPage\",\"@id\":\"https:\/\/gabonnouvellevision.com\/gnv\/2025\/06\/18\/oligui-nguema-lance-les-travaux-de-la-commission-nationale-de-decentralisation\/\",\"url\":\"https:\/\/gabonnouvellevision.com\/gnv\/2025\/06\/18\/oligui-nguema-lance-les-travaux-de-la-commission-nationale-de-decentralisation\/\",\"name\":\"Oligui Nguema lance les travaux de la Commission nationale de d\u00e9centralisation - Gabon Nouvelle Vision\",\"isPartOf\":{\"@id\":\"https:\/\/gabonnouvellevision.com\/gnv\/#website\"},\"primaryImageOfPage\":{\"@id\":\"https:\/\/gabonnouvellevision.com\/gnv\/2025\/06\/18\/oligui-nguema-lance-les-travaux-de-la-commission-nationale-de-decentralisation\/#primaryimage\"},\"image\":{\"@id\":\"https:\/\/gabonnouvellevision.com\/gnv\/2025\/06\/18\/oligui-nguema-lance-les-travaux-de-la-commission-nationale-de-decentralisation\/#primaryimage\"},\"thumbnailUrl\":\"https:\/\/gabonnouvellevision.com\/gnv\/wp-content\/uploads\/2025\/06\/506693285_1022288883415684_8309719921959963596_n.jpg\",\"datePublished\":\"2025-06-18T08:59:17+00:00\",\"dateModified\":\"2025-06-18T08:59:19+00:00\",\"breadcrumb\":{\"@id\":\"https:\/\/gabonnouvellevision.com\/gnv\/2025\/06\/18\/oligui-nguema-lance-les-travaux-de-la-commission-nationale-de-decentralisation\/#breadcrumb\"},\"inLanguage\":\"fr-FR\",\"potentialAction\":[{\"@type\":\"ReadAction\",\"target\":[\"https:\/\/gabonnouvellevision.com\/gnv\/2025\/06\/18\/oligui-nguema-lance-les-travaux-de-la-commission-nationale-de-decentralisation\/\"]}]},{\"@type\":\"ImageObject\",\"inLanguage\":\"fr-FR\",\"@id\":\"https:\/\/gabonnouvellevision.com\/gnv\/2025\/06\/18\/oligui-nguema-lance-les-travaux-de-la-commission-nationale-de-decentralisation\/#primaryimage\",\"url\":\"https:\/\/gabonnouvellevision.com\/gnv\/wp-content\/uploads\/2025\/06\/506693285_1022288883415684_8309719921959963596_n.jpg\",\"contentUrl\":\"https:\/\/gabonnouvellevision.com\/gnv\/wp-content\/uploads\/2025\/06\/506693285_1022288883415684_8309719921959963596_n.jpg\",\"width\":2048,\"height\":1410},{\"@type\":\"BreadcrumbList\",\"@id\":\"https:\/\/gabonnouvellevision.com\/gnv\/2025\/06\/18\/oligui-nguema-lance-les-travaux-de-la-commission-nationale-de-decentralisation\/#breadcrumb\",\"itemListElement\":[{\"@type\":\"ListItem\",\"position\":1,\"name\":\"Accueil\",\"item\":\"https:\/\/gabonnouvellevision.com\/gnv\/\"},{\"@type\":\"ListItem\",\"position\":2,\"name\":\"Oligui Nguema lance les travaux de la Commission nationale de d\u00e9centralisation\"}]},{\"@type\":\"WebSite\",\"@id\":\"https:\/\/gabonnouvellevision.com\/gnv\/#website\",\"url\":\"https:\/\/gabonnouvellevision.com\/gnv\/\",\"name\":\"Gabon Nouvelle Vision\",\"description\":\"\",\"publisher\":{\"@id\":\"https:\/\/gabonnouvellevision.com\/gnv\/#organization\"},\"potentialAction\":[{\"@type\":\"SearchAction\",\"target\":{\"@type\":\"EntryPoint\",\"urlTemplate\":\"https:\/\/gabonnouvellevision.com\/gnv\/?s={search_term_string}\"},\"query-input\":{\"@type\":\"PropertyValueSpecification\",\"valueRequired\":true,\"valueName\":\"search_term_string\"}}],\"inLanguage\":\"fr-FR\"},{\"@type\":\"Organization\",\"@id\":\"https:\/\/gabonnouvellevision.com\/gnv\/#organization\",\"name\":\"Gabon Nouvelle Vision\",\"url\":\"https:\/\/gabonnouvellevision.com\/gnv\/\",\"logo\":{\"@type\":\"ImageObject\",\"inLanguage\":\"fr-FR\",\"@id\":\"https:\/\/gabonnouvellevision.com\/gnv\/#\/schema\/logo\/image\/\",\"url\":\"https:\/\/gabonnouvellevision.com\/gnv\/wp-content\/uploads\/2025\/01\/logo-text_Plan-de-travail-1.png\",\"contentUrl\":\"https:\/\/gabonnouvellevision.com\/gnv\/wp-content\/uploads\/2025\/01\/logo-text_Plan-de-travail-1.png\",\"width\":7169,\"height\":2390,\"caption\":\"Gabon Nouvelle Vision\"},\"image\":{\"@id\":\"https:\/\/gabonnouvellevision.com\/gnv\/#\/schema\/logo\/image\/\"},\"sameAs\":[\"https:\/\/www.facebook.com\/GNVofficiel\"]},{\"@type\":\"Person\",\"@id\":\"https:\/\/gabonnouvellevision.com\/gnv\/#\/schema\/person\/4b48e07d222f83c0285affc3704bc899\",\"name\":\"Eyeng Obame\",\"image\":{\"@type\":\"ImageObject\",\"inLanguage\":\"fr-FR\",\"@id\":\"https:\/\/gabonnouvellevision.com\/gnv\/#\/schema\/person\/image\/\",\"url\":\"https:\/\/secure.gravatar.com\/avatar\/167bc03b8baf3c77318a47159f80871de6f5a6cbf4bc8b6af750fbc1a369d7bf?s=96&d=mm&r=g\",\"contentUrl\":\"https:\/\/secure.gravatar.com\/avatar\/167bc03b8baf3c77318a47159f80871de6f5a6cbf4bc8b6af750fbc1a369d7bf?s=96&d=mm&r=g\",\"caption\":\"Eyeng Obame\"},\"url\":\"https:\/\/gabonnouvellevision.com\/gnv\/author\/rufin\/\"}]}<\/script>\n<!-- \/ Yoast SEO plugin. -->","yoast_head_json":{"title":"Oligui Nguema lance les travaux de la Commission nationale de d\u00e9centralisation - Gabon Nouvelle Vision","robots":{"index":"index","follow":"follow","max-snippet":"max-snippet:-1","max-image-preview":"max-image-preview:large","max-video-preview":"max-video-preview:-1"},"canonical":"https:\/\/gabonnouvellevision.com\/gnv\/2025\/06\/18\/oligui-nguema-lance-les-travaux-de-la-commission-nationale-de-decentralisation\/","og_locale":"fr_FR","og_type":"article","og_title":"Oligui Nguema lance les travaux de la Commission nationale de d\u00e9centralisation - Gabon Nouvelle Vision","og_description":"Le processus de d\u00e9centralisation des collectivit\u00e9s locales sera bient\u00f4t effectif au Gabon. Le Pr\u00e9sident de la R\u00e9publique, Brice Clotaire Oligui Nguema, a donn\u00e9 le coup d\u2019envoi des travaux de la commission nationale de la d\u00e9centralisation hier au palais de la r\u00e9novation de Libreville. La Commission Nationale de la d\u00e9centralisation &nbsp;devant acc\u00e9l\u00e9rer avec diligence le processus [&hellip;]","og_url":"https:\/\/gabonnouvellevision.com\/gnv\/2025\/06\/18\/oligui-nguema-lance-les-travaux-de-la-commission-nationale-de-decentralisation\/","og_site_name":"Gabon Nouvelle Vision","article_publisher":"https:\/\/www.facebook.com\/GNVofficiel","article_published_time":"2025-06-18T08:59:17+00:00","article_modified_time":"2025-06-18T08:59:19+00:00","og_image":[{"width":2048,"height":1410,"url":"https:\/\/gabonnouvellevision.com\/gnv\/wp-content\/uploads\/2025\/06\/506693285_1022288883415684_8309719921959963596_n.jpg","type":"image\/jpeg"}],"author":"Eyeng Obame","twitter_card":"summary_large_image","twitter_misc":{"\u00c9crit par":"Eyeng Obame","Dur\u00e9e de lecture estim\u00e9e":"2 minutes"},"schema":{"@context":"https:\/\/schema.org","@graph":[{"@type":"Article","@id":"https:\/\/gabonnouvellevision.com\/gnv\/2025\/06\/18\/oligui-nguema-lance-les-travaux-de-la-commission-nationale-de-decentralisation\/#article","isPartOf":{"@id":"https:\/\/gabonnouvellevision.com\/gnv\/2025\/06\/18\/oligui-nguema-lance-les-travaux-de-la-commission-nationale-de-decentralisation\/"},"author":{"name":"Eyeng Obame","@id":"https:\/\/gabonnouvellevision.com\/gnv\/#\/schema\/person\/4b48e07d222f83c0285affc3704bc899"},"headline":"Oligui Nguema lance les travaux de la Commission nationale de d\u00e9centralisation","datePublished":"2025-06-18T08:59:17+00:00","dateModified":"2025-06-18T08:59:19+00:00","mainEntityOfPage":{"@id":"https:\/\/gabonnouvellevision.com\/gnv\/2025\/06\/18\/oligui-nguema-lance-les-travaux-de-la-commission-nationale-de-decentralisation\/"},"wordCount":223,"commentCount":0,"publisher":{"@id":"https:\/\/gabonnouvellevision.com\/gnv\/#organization"},"image":{"@id":"https:\/\/gabonnouvellevision.com\/gnv\/2025\/06\/18\/oligui-nguema-lance-les-travaux-de-la-commission-nationale-de-decentralisation\/#primaryimage"},"thumbnailUrl":"https:\/\/gabonnouvellevision.com\/gnv\/wp-content\/uploads\/2025\/06\/506693285_1022288883415684_8309719921959963596_n.jpg","articleSection":["A la une","Actualites","Politique"],"inLanguage":"fr-FR","potentialAction":[{"@type":"CommentAction","name":"Comment","target":["https:\/\/gabonnouvellevision.com\/gnv\/2025\/06\/18\/oligui-nguema-lance-les-travaux-de-la-commission-nationale-de-decentralisation\/#respond"]}]},{"@type":"WebPage","@id":"https:\/\/gabonnouvellevision.com\/gnv\/2025\/06\/18\/oligui-nguema-lance-les-travaux-de-la-commission-nationale-de-decentralisation\/","url":"https:\/\/gabonnouvellevision.com\/gnv\/2025\/06\/18\/oligui-nguema-lance-les-travaux-de-la-commission-nationale-de-decentralisation\/","name":"Oligui Nguema lance les travaux de la Commission nationale de d\u00e9centralisation - Gabon Nouvelle Vision","isPartOf":{"@id":"https:\/\/gabonnouvellevision.com\/gnv\/#website"},"primaryImageOfPage":{"@id":"https:\/\/gabonnouvellevision.com\/gnv\/2025\/06\/18\/oligui-nguema-lance-les-travaux-de-la-commission-nationale-de-decentralisation\/#primaryimage"},"image":{"@id":"https:\/\/gabonnouvellevision.com\/gnv\/2025\/06\/18\/oligui-nguema-lance-les-travaux-de-la-commission-nationale-de-decentralisation\/#primaryimage"},"thumbnailUrl":"https:\/\/gabonnouvellevision.com\/gnv\/wp-content\/uploads\/2025\/06\/506693285_1022288883415684_8309719921959963596_n.jpg","datePublished":"2025-06-18T08:59:17+00:00","dateModified":"2025-06-18T08:59:19+00:00","breadcrumb":{"@id":"https:\/\/gabonnouvellevision.com\/gnv\/2025\/06\/18\/oligui-nguema-lance-les-travaux-de-la-commission-nationale-de-decentralisation\/#breadcrumb"},"inLanguage":"fr-FR","potentialAction":[{"@type":"ReadAction","target":["https:\/\/gabonnouvellevision.com\/gnv\/2025\/06\/18\/oligui-nguema-lance-les-travaux-de-la-commission-nationale-de-decentralisation\/"]}]},{"@type":"ImageObject","inLanguage":"fr-FR","@id":"https:\/\/gabonnouvellevision.com\/gnv\/2025\/06\/18\/oligui-nguema-lance-les-travaux-de-la-commission-nationale-de-decentralisation\/#primaryimage","url":"https:\/\/gabonnouvellevision.com\/gnv\/wp-content\/uploads\/2025\/06\/506693285_1022288883415684_8309719921959963596_n.jpg","contentUrl":"https:\/\/gabonnouvellevision.com\/gnv\/wp-content\/uploads\/2025\/06\/506693285_1022288883415684_8309719921959963596_n.jpg","width":2048,"height":1410},{"@type":"BreadcrumbList","@id":"https:\/\/gabonnouvellevision.com\/gnv\/2025\/06\/18\/oligui-nguema-lance-les-travaux-de-la-commission-nationale-de-decentralisation\/#breadcrumb","itemListElement":[{"@type":"ListItem","position":1,"name":"Accueil","item":"https:\/\/gabonnouvellevision.com\/gnv\/"},{"@type":"ListItem","position":2,"name":"Oligui Nguema lance les travaux de la Commission nationale de d\u00e9centralisation"}]},{"@type":"WebSite","@id":"https:\/\/gabonnouvellevision.com\/gnv\/#website","url":"https:\/\/gabonnouvellevision.com\/gnv\/","name":"Gabon Nouvelle Vision","description":"","publisher":{"@id":"https:\/\/gabonnouvellevision.com\/gnv\/#organization"},"potentialAction":[{"@type":"SearchAction","target":{"@type":"EntryPoint","urlTemplate":"https:\/\/gabonnouvellevision.com\/gnv\/?s={search_term_string}"},"query-input":{"@type":"PropertyValueSpecification","valueRequired":true,"valueName":"search_term_string"}}],"inLanguage":"fr-FR"},{"@type":"Organization","@id":"https:\/\/gabonnouvellevision.com\/gnv\/#organization","name":"Gabon Nouvelle Vision","url":"https:\/\/gabonnouvellevision.com\/gnv\/","logo":{"@type":"ImageObject","inLanguage":"fr-FR","@id":"https:\/\/gabonnouvellevision.com\/gnv\/#\/schema\/logo\/image\/","url":"https:\/\/gabonnouvellevision.com\/gnv\/wp-content\/uploads\/2025\/01\/logo-text_Plan-de-travail-1.png","contentUrl":"https:\/\/gabonnouvellevision.com\/gnv\/wp-content\/uploads\/2025\/01\/logo-text_Plan-de-travail-1.png","width":7169,"height":2390,"caption":"Gabon Nouvelle Vision"},"image":{"@id":"https:\/\/gabonnouvellevision.com\/gnv\/#\/schema\/logo\/image\/"},"sameAs":["https:\/\/www.facebook.com\/GNVofficiel"]},{"@type":"Person","@id":"https:\/\/gabonnouvellevision.com\/gnv\/#\/schema\/person\/4b48e07d222f83c0285affc3704bc899","name":"Eyeng Obame","image":{"@type":"ImageObject","inLanguage":"fr-FR","@id":"https:\/\/gabonnouvellevision.com\/gnv\/#\/schema\/person\/image\/","url":"https:\/\/secure.gravatar.com\/avatar\/167bc03b8baf3c77318a47159f80871de6f5a6cbf4bc8b6af750fbc1a369d7bf?s=96&d=mm&r=g","contentUrl":"https:\/\/secure.gravatar.com\/avatar\/167bc03b8baf3c77318a47159f80871de6f5a6cbf4bc8b6af750fbc1a369d7bf?s=96&d=mm&r=g","caption":"Eyeng Obame"},"url":"https:\/\/gabonnouvellevision.com\/gnv\/author\/rufin\/"}]}},"_links":{"self":[{"href":"https:\/\/gabonnouvellevision.com\/gnv\/wp-json\/wp\/v2\/posts\/24025","targetHints":{"allow":["GET"]}}],"collection":[{"href":"https:\/\/gabonnouvellevision.com\/gnv\/wp-json\/wp\/v2\/posts"}],"about":[{"href":"https:\/\/gabonnouvellevision.com\/gnv\/wp-json\/wp\/v2\/types\/post"}],"author":[{"embeddable":true,"href":"https:\/\/gabonnouvellevision.com\/gnv\/wp-json\/wp\/v2\/users\/7"}],"replies":[{"embeddable":true,"href":"https:\/\/gabonnouvellevision.com\/gnv\/wp-json\/wp\/v2\/comments?post=24025"}],"version-history":[{"count":1,"href":"https:\/\/gabonnouvellevision.com\/gnv\/wp-json\/wp\/v2\/posts\/24025\/revisions"}],"predecessor-version":[{"id":24027,"href":"https:\/\/gabonnouvellevision.com\/gnv\/wp-json\/wp\/v2\/posts\/24025\/revisions\/24027"}],"wp:featuredmedia":[{"embeddable":true,"href":"https:\/\/gabonnouvellevision.com\/gnv\/wp-json\/wp\/v2\/media\/24026"}],"wp:attachment":[{"href":"https:\/\/gabonnouvellevision.com\/gnv\/wp-json\/wp\/v2\/media?parent=24025"}],"wp:term":[{"taxonomy":"category","embeddable":true,"href":"https:\/\/gabonnouvellevision.com\/gnv\/wp-json\/wp\/v2\/categories?post=24025"},{"taxonomy":"post_tag","embeddable":true,"href":"https:\/\/gabonnouvellevision.com\/gnv\/wp-json\/wp\/v2\/tags?post=24025"}],"curies":[{"name":"wp","href":"https:\/\/api.w.org\/{rel}","templated":true}]}}