{"id":24019,"date":"2025-06-16T12:09:11","date_gmt":"2025-06-16T10:09:11","guid":{"rendered":"https:\/\/gabonnouvellevision.com\/gnv\/?p=24019"},"modified":"2025-06-16T12:09:13","modified_gmt":"2025-06-16T10:09:13","slug":"leglise-catholique-de-la-rdc-enregistre-son-4eme-saint-floribert-bwana-chui-bin-kositi","status":"publish","type":"post","link":"https:\/\/gabonnouvellevision.com\/gnv\/2025\/06\/16\/leglise-catholique-de-la-rdc-enregistre-son-4eme-saint-floribert-bwana-chui-bin-kositi\/","title":{"rendered":"L\u2019\u00e9glise Catholique de la RDC enregistre son 4\u00e8me Saint, Floribert Bwana Chui Bin Kositi"},"content":{"rendered":"\n<p><em><strong>La messe de b\u00e9atification de Floribert Bwana Chui Bin Kositi, jeune la\u00efc martyris\u00e9 pour l\u2019honn\u00eatet\u00e9 et l\u2019int\u00e9grit\u00e9 en juillet 2007 \u00e0 Goma en RDC, a eu lieu hier en la Basilique Saint Paul Hors les Murs de Rome<\/strong><\/em><strong>.<\/strong> <strong><em>Une c\u00e9l\u00e9bration eucharistique pr\u00e9sid\u00e9e par le cardinal Marccello Semeraro, Pr\u00e9fet du Dicast\u00e8re pour la cause des saints<\/em>.<\/strong><\/p>\n\n\n\n<p>Ce jeune chr\u00e9tien catholiques \u00e2g\u00e9 de 26 ans, de la paroisse Saint Esprit de Goma, dans la partie orientale de la R\u00e9publique D\u00e9mocratique du Congo, a \u00e9t\u00e9 enlev\u00e9 puis tu\u00e9 dans la nuit du 7 au 8 juillet 2007 pour n\u2019avoir pas c\u00e9d\u00e9 \u00e0 la corruption en pleine crise s\u00e9curitaire.<\/p>\n\n\n\n<p>En refusant l\u2019entr\u00e9e des produits alimentaires impropres \u00e0 la consommation \u00e0 Goma, Floribert Bwana Chui Bin Kositi, vient ainsi de r\u00e9colter les fruits de son attachement \u00e0 Christ J\u00e9sus, aux valeurs chr\u00e9tiennes par son honn\u00eatet\u00e9 et int\u00e9grit\u00e9, jusqu&rsquo;\u00e0 verser son sang en devenant le 4\u00e8me Congolais \u00e0 \u00eatre d\u00e9clar\u00e9 bienheureux dans l\u2019histoire de l\u2019\u00e9glise Catholique Apostolique et Romaine, puis Saint le 08 juillet prochain au terme de sa c\u00e9r\u00e9monie de canonisation.<\/p>\n\n\n\n<p>Le nouveau Bienheureux Floribert Bwana Chui Bin Kositi, juriste de formation, et commissaire des douanes, \u00e9tait aussi au service des enfants de la Rue, et de la paix dans le monde.<\/p>\n\n\n\n<p><strong>Rufin Martial Oke Nze<\/strong><\/p>\n","protected":false},"excerpt":{"rendered":"<p>La messe de b\u00e9atification de Floribert Bwana Chui Bin Kositi, jeune la\u00efc martyris\u00e9 pour l\u2019honn\u00eatet\u00e9 et l\u2019int\u00e9grit\u00e9 en juillet 2007 \u00e0 Goma en RDC, a eu lieu hier en la Basilique Saint Paul Hors les Murs de Rome. Une c\u00e9l\u00e9bration eucharistique pr\u00e9sid\u00e9e par le cardinal Marccello Semeraro, Pr\u00e9fet du Dicast\u00e8re pour la cause des saints. [&hellip;]<\/p>\n","protected":false},"author":7,"featured_media":24020,"comment_status":"open","ping_status":"open","sticky":false,"template":"","format":"standard","meta":{"footnotes":""},"categories":[57,55,64],"tags":[],"class_list":["post-24019","post","type-post","status-publish","format-standard","has-post-thumbnail","hentry","category-a-la-une","category-actualites","category-religion"],"yoast_head":"<!-- This site is optimized with the Yoast SEO plugin v24.2 - https:\/\/yoast.com\/wordpress\/plugins\/seo\/ -->\n<title>L\u2019\u00e9glise Catholique de la RDC enregistre son 4\u00e8me Saint, Floribert Bwana Chui Bin Kositi - Gabon Nouvelle Vision<\/title>\n<meta name=\"robots\" content=\"index, follow, max-snippet:-1, max-image-preview:large, max-video-preview:-1\" \/>\n<link rel=\"canonical\" href=\"https:\/\/gabonnouvellevision.com\/gnv\/2025\/06\/16\/leglise-catholique-de-la-rdc-enregistre-son-4eme-saint-floribert-bwana-chui-bin-kositi\/\" \/>\n<meta property=\"og:locale\" content=\"fr_FR\" \/>\n<meta property=\"og:type\" content=\"article\" \/>\n<meta property=\"og:title\" content=\"L\u2019\u00e9glise Catholique de la RDC enregistre son 4\u00e8me Saint, Floribert Bwana Chui Bin Kositi - Gabon Nouvelle Vision\" \/>\n<meta property=\"og:description\" content=\"La messe de b\u00e9atification de Floribert Bwana Chui Bin Kositi, jeune la\u00efc martyris\u00e9 pour l\u2019honn\u00eatet\u00e9 et l\u2019int\u00e9grit\u00e9 en juillet 2007 \u00e0 Goma en RDC, a eu lieu hier en la Basilique Saint Paul Hors les Murs de Rome. Une c\u00e9l\u00e9bration eucharistique pr\u00e9sid\u00e9e par le cardinal Marccello Semeraro, Pr\u00e9fet du Dicast\u00e8re pour la cause des saints. [&hellip;]\" \/>\n<meta property=\"og:url\" content=\"https:\/\/gabonnouvellevision.com\/gnv\/2025\/06\/16\/leglise-catholique-de-la-rdc-enregistre-son-4eme-saint-floribert-bwana-chui-bin-kositi\/\" \/>\n<meta property=\"og:site_name\" content=\"Gabon Nouvelle Vision\" \/>\n<meta property=\"article:publisher\" content=\"https:\/\/www.facebook.com\/GNVofficiel\" \/>\n<meta property=\"article:published_time\" content=\"2025-06-16T10:09:11+00:00\" \/>\n<meta property=\"article:modified_time\" content=\"2025-06-16T10:09:13+00:00\" \/>\n<meta property=\"og:image\" content=\"https:\/\/gabonnouvellevision.com\/gnv\/wp-content\/uploads\/2025\/06\/Floribert-Bwana-Chui.jpg\" \/>\n\t<meta property=\"og:image:width\" content=\"800\" \/>\n\t<meta property=\"og:image:height\" content=\"600\" \/>\n\t<meta property=\"og:image:type\" content=\"image\/jpeg\" \/>\n<meta name=\"author\" content=\"Eyeng Obame\" \/>\n<meta name=\"twitter:card\" content=\"summary_large_image\" \/>\n<meta name=\"twitter:label1\" content=\"\u00c9crit par\" \/>\n\t<meta name=\"twitter:data1\" content=\"Eyeng Obame\" \/>\n\t<meta name=\"twitter:label2\" content=\"Dur\u00e9e de lecture estim\u00e9e\" \/>\n\t<meta name=\"twitter:data2\" content=\"2 minutes\" \/>\n<script type=\"application\/ld+json\" class=\"yoast-schema-graph\">{\"@context\":\"https:\/\/schema.org\",\"@graph\":[{\"@type\":\"Article\",\"@id\":\"https:\/\/gabonnouvellevision.com\/gnv\/2025\/06\/16\/leglise-catholique-de-la-rdc-enregistre-son-4eme-saint-floribert-bwana-chui-bin-kositi\/#article\",\"isPartOf\":{\"@id\":\"https:\/\/gabonnouvellevision.com\/gnv\/2025\/06\/16\/leglise-catholique-de-la-rdc-enregistre-son-4eme-saint-floribert-bwana-chui-bin-kositi\/\"},\"author\":{\"name\":\"Eyeng Obame\",\"@id\":\"https:\/\/gabonnouvellevision.com\/gnv\/#\/schema\/person\/4b48e07d222f83c0285affc3704bc899\"},\"headline\":\"L\u2019\u00e9glise Catholique de la RDC enregistre son 4\u00e8me Saint, Floribert Bwana Chui Bin Kositi\",\"datePublished\":\"2025-06-16T10:09:11+00:00\",\"dateModified\":\"2025-06-16T10:09:13+00:00\",\"mainEntityOfPage\":{\"@id\":\"https:\/\/gabonnouvellevision.com\/gnv\/2025\/06\/16\/leglise-catholique-de-la-rdc-enregistre-son-4eme-saint-floribert-bwana-chui-bin-kositi\/\"},\"wordCount\":244,\"commentCount\":0,\"publisher\":{\"@id\":\"https:\/\/gabonnouvellevision.com\/gnv\/#organization\"},\"image\":{\"@id\":\"https:\/\/gabonnouvellevision.com\/gnv\/2025\/06\/16\/leglise-catholique-de-la-rdc-enregistre-son-4eme-saint-floribert-bwana-chui-bin-kositi\/#primaryimage\"},\"thumbnailUrl\":\"https:\/\/gabonnouvellevision.com\/gnv\/wp-content\/uploads\/2025\/06\/Floribert-Bwana-Chui.jpg\",\"articleSection\":[\"A la une\",\"Actualites\",\"Religion\"],\"inLanguage\":\"fr-FR\",\"potentialAction\":[{\"@type\":\"CommentAction\",\"name\":\"Comment\",\"target\":[\"https:\/\/gabonnouvellevision.com\/gnv\/2025\/06\/16\/leglise-catholique-de-la-rdc-enregistre-son-4eme-saint-floribert-bwana-chui-bin-kositi\/#respond\"]}]},{\"@type\":\"WebPage\",\"@id\":\"https:\/\/gabonnouvellevision.com\/gnv\/2025\/06\/16\/leglise-catholique-de-la-rdc-enregistre-son-4eme-saint-floribert-bwana-chui-bin-kositi\/\",\"url\":\"https:\/\/gabonnouvellevision.com\/gnv\/2025\/06\/16\/leglise-catholique-de-la-rdc-enregistre-son-4eme-saint-floribert-bwana-chui-bin-kositi\/\",\"name\":\"L\u2019\u00e9glise Catholique de la RDC enregistre son 4\u00e8me Saint, Floribert Bwana Chui Bin Kositi - Gabon Nouvelle Vision\",\"isPartOf\":{\"@id\":\"https:\/\/gabonnouvellevision.com\/gnv\/#website\"},\"primaryImageOfPage\":{\"@id\":\"https:\/\/gabonnouvellevision.com\/gnv\/2025\/06\/16\/leglise-catholique-de-la-rdc-enregistre-son-4eme-saint-floribert-bwana-chui-bin-kositi\/#primaryimage\"},\"image\":{\"@id\":\"https:\/\/gabonnouvellevision.com\/gnv\/2025\/06\/16\/leglise-catholique-de-la-rdc-enregistre-son-4eme-saint-floribert-bwana-chui-bin-kositi\/#primaryimage\"},\"thumbnailUrl\":\"https:\/\/gabonnouvellevision.com\/gnv\/wp-content\/uploads\/2025\/06\/Floribert-Bwana-Chui.jpg\",\"datePublished\":\"2025-06-16T10:09:11+00:00\",\"dateModified\":\"2025-06-16T10:09:13+00:00\",\"breadcrumb\":{\"@id\":\"https:\/\/gabonnouvellevision.com\/gnv\/2025\/06\/16\/leglise-catholique-de-la-rdc-enregistre-son-4eme-saint-floribert-bwana-chui-bin-kositi\/#breadcrumb\"},\"inLanguage\":\"fr-FR\",\"potentialAction\":[{\"@type\":\"ReadAction\",\"target\":[\"https:\/\/gabonnouvellevision.com\/gnv\/2025\/06\/16\/leglise-catholique-de-la-rdc-enregistre-son-4eme-saint-floribert-bwana-chui-bin-kositi\/\"]}]},{\"@type\":\"ImageObject\",\"inLanguage\":\"fr-FR\",\"@id\":\"https:\/\/gabonnouvellevision.com\/gnv\/2025\/06\/16\/leglise-catholique-de-la-rdc-enregistre-son-4eme-saint-floribert-bwana-chui-bin-kositi\/#primaryimage\",\"url\":\"https:\/\/gabonnouvellevision.com\/gnv\/wp-content\/uploads\/2025\/06\/Floribert-Bwana-Chui.jpg\",\"contentUrl\":\"https:\/\/gabonnouvellevision.com\/gnv\/wp-content\/uploads\/2025\/06\/Floribert-Bwana-Chui.jpg\",\"width\":800,\"height\":600},{\"@type\":\"BreadcrumbList\",\"@id\":\"https:\/\/gabonnouvellevision.com\/gnv\/2025\/06\/16\/leglise-catholique-de-la-rdc-enregistre-son-4eme-saint-floribert-bwana-chui-bin-kositi\/#breadcrumb\",\"itemListElement\":[{\"@type\":\"ListItem\",\"position\":1,\"name\":\"Accueil\",\"item\":\"https:\/\/gabonnouvellevision.com\/gnv\/\"},{\"@type\":\"ListItem\",\"position\":2,\"name\":\"L\u2019\u00e9glise Catholique de la RDC enregistre son 4\u00e8me Saint, Floribert Bwana Chui Bin Kositi\"}]},{\"@type\":\"WebSite\",\"@id\":\"https:\/\/gabonnouvellevision.com\/gnv\/#website\",\"url\":\"https:\/\/gabonnouvellevision.com\/gnv\/\",\"name\":\"Gabon Nouvelle Vision\",\"description\":\"\",\"publisher\":{\"@id\":\"https:\/\/gabonnouvellevision.com\/gnv\/#organization\"},\"potentialAction\":[{\"@type\":\"SearchAction\",\"target\":{\"@type\":\"EntryPoint\",\"urlTemplate\":\"https:\/\/gabonnouvellevision.com\/gnv\/?s={search_term_string}\"},\"query-input\":{\"@type\":\"PropertyValueSpecification\",\"valueRequired\":true,\"valueName\":\"search_term_string\"}}],\"inLanguage\":\"fr-FR\"},{\"@type\":\"Organization\",\"@id\":\"https:\/\/gabonnouvellevision.com\/gnv\/#organization\",\"name\":\"Gabon Nouvelle Vision\",\"url\":\"https:\/\/gabonnouvellevision.com\/gnv\/\",\"logo\":{\"@type\":\"ImageObject\",\"inLanguage\":\"fr-FR\",\"@id\":\"https:\/\/gabonnouvellevision.com\/gnv\/#\/schema\/logo\/image\/\",\"url\":\"https:\/\/gabonnouvellevision.com\/gnv\/wp-content\/uploads\/2025\/01\/logo-text_Plan-de-travail-1.png\",\"contentUrl\":\"https:\/\/gabonnouvellevision.com\/gnv\/wp-content\/uploads\/2025\/01\/logo-text_Plan-de-travail-1.png\",\"width\":7169,\"height\":2390,\"caption\":\"Gabon Nouvelle Vision\"},\"image\":{\"@id\":\"https:\/\/gabonnouvellevision.com\/gnv\/#\/schema\/logo\/image\/\"},\"sameAs\":[\"https:\/\/www.facebook.com\/GNVofficiel\"]},{\"@type\":\"Person\",\"@id\":\"https:\/\/gabonnouvellevision.com\/gnv\/#\/schema\/person\/4b48e07d222f83c0285affc3704bc899\",\"name\":\"Eyeng Obame\",\"image\":{\"@type\":\"ImageObject\",\"inLanguage\":\"fr-FR\",\"@id\":\"https:\/\/gabonnouvellevision.com\/gnv\/#\/schema\/person\/image\/\",\"url\":\"https:\/\/secure.gravatar.com\/avatar\/167bc03b8baf3c77318a47159f80871de6f5a6cbf4bc8b6af750fbc1a369d7bf?s=96&d=mm&r=g\",\"contentUrl\":\"https:\/\/secure.gravatar.com\/avatar\/167bc03b8baf3c77318a47159f80871de6f5a6cbf4bc8b6af750fbc1a369d7bf?s=96&d=mm&r=g\",\"caption\":\"Eyeng Obame\"},\"url\":\"https:\/\/gabonnouvellevision.com\/gnv\/author\/rufin\/\"}]}<\/script>\n<!-- \/ Yoast SEO plugin. -->","yoast_head_json":{"title":"L\u2019\u00e9glise Catholique de la RDC enregistre son 4\u00e8me Saint, Floribert Bwana Chui Bin Kositi - Gabon Nouvelle Vision","robots":{"index":"index","follow":"follow","max-snippet":"max-snippet:-1","max-image-preview":"max-image-preview:large","max-video-preview":"max-video-preview:-1"},"canonical":"https:\/\/gabonnouvellevision.com\/gnv\/2025\/06\/16\/leglise-catholique-de-la-rdc-enregistre-son-4eme-saint-floribert-bwana-chui-bin-kositi\/","og_locale":"fr_FR","og_type":"article","og_title":"L\u2019\u00e9glise Catholique de la RDC enregistre son 4\u00e8me Saint, Floribert Bwana Chui Bin Kositi - Gabon Nouvelle Vision","og_description":"La messe de b\u00e9atification de Floribert Bwana Chui Bin Kositi, jeune la\u00efc martyris\u00e9 pour l\u2019honn\u00eatet\u00e9 et l\u2019int\u00e9grit\u00e9 en juillet 2007 \u00e0 Goma en RDC, a eu lieu hier en la Basilique Saint Paul Hors les Murs de Rome. Une c\u00e9l\u00e9bration eucharistique pr\u00e9sid\u00e9e par le cardinal Marccello Semeraro, Pr\u00e9fet du Dicast\u00e8re pour la cause des saints. [&hellip;]","og_url":"https:\/\/gabonnouvellevision.com\/gnv\/2025\/06\/16\/leglise-catholique-de-la-rdc-enregistre-son-4eme-saint-floribert-bwana-chui-bin-kositi\/","og_site_name":"Gabon Nouvelle Vision","article_publisher":"https:\/\/www.facebook.com\/GNVofficiel","article_published_time":"2025-06-16T10:09:11+00:00","article_modified_time":"2025-06-16T10:09:13+00:00","og_image":[{"width":800,"height":600,"url":"https:\/\/gabonnouvellevision.com\/gnv\/wp-content\/uploads\/2025\/06\/Floribert-Bwana-Chui.jpg","type":"image\/jpeg"}],"author":"Eyeng Obame","twitter_card":"summary_large_image","twitter_misc":{"\u00c9crit par":"Eyeng Obame","Dur\u00e9e de lecture estim\u00e9e":"2 minutes"},"schema":{"@context":"https:\/\/schema.org","@graph":[{"@type":"Article","@id":"https:\/\/gabonnouvellevision.com\/gnv\/2025\/06\/16\/leglise-catholique-de-la-rdc-enregistre-son-4eme-saint-floribert-bwana-chui-bin-kositi\/#article","isPartOf":{"@id":"https:\/\/gabonnouvellevision.com\/gnv\/2025\/06\/16\/leglise-catholique-de-la-rdc-enregistre-son-4eme-saint-floribert-bwana-chui-bin-kositi\/"},"author":{"name":"Eyeng Obame","@id":"https:\/\/gabonnouvellevision.com\/gnv\/#\/schema\/person\/4b48e07d222f83c0285affc3704bc899"},"headline":"L\u2019\u00e9glise Catholique de la RDC enregistre son 4\u00e8me Saint, Floribert Bwana Chui Bin Kositi","datePublished":"2025-06-16T10:09:11+00:00","dateModified":"2025-06-16T10:09:13+00:00","mainEntityOfPage":{"@id":"https:\/\/gabonnouvellevision.com\/gnv\/2025\/06\/16\/leglise-catholique-de-la-rdc-enregistre-son-4eme-saint-floribert-bwana-chui-bin-kositi\/"},"wordCount":244,"commentCount":0,"publisher":{"@id":"https:\/\/gabonnouvellevision.com\/gnv\/#organization"},"image":{"@id":"https:\/\/gabonnouvellevision.com\/gnv\/2025\/06\/16\/leglise-catholique-de-la-rdc-enregistre-son-4eme-saint-floribert-bwana-chui-bin-kositi\/#primaryimage"},"thumbnailUrl":"https:\/\/gabonnouvellevision.com\/gnv\/wp-content\/uploads\/2025\/06\/Floribert-Bwana-Chui.jpg","articleSection":["A la une","Actualites","Religion"],"inLanguage":"fr-FR","potentialAction":[{"@type":"CommentAction","name":"Comment","target":["https:\/\/gabonnouvellevision.com\/gnv\/2025\/06\/16\/leglise-catholique-de-la-rdc-enregistre-son-4eme-saint-floribert-bwana-chui-bin-kositi\/#respond"]}]},{"@type":"WebPage","@id":"https:\/\/gabonnouvellevision.com\/gnv\/2025\/06\/16\/leglise-catholique-de-la-rdc-enregistre-son-4eme-saint-floribert-bwana-chui-bin-kositi\/","url":"https:\/\/gabonnouvellevision.com\/gnv\/2025\/06\/16\/leglise-catholique-de-la-rdc-enregistre-son-4eme-saint-floribert-bwana-chui-bin-kositi\/","name":"L\u2019\u00e9glise Catholique de la RDC enregistre son 4\u00e8me Saint, Floribert Bwana Chui Bin Kositi - Gabon Nouvelle Vision","isPartOf":{"@id":"https:\/\/gabonnouvellevision.com\/gnv\/#website"},"primaryImageOfPage":{"@id":"https:\/\/gabonnouvellevision.com\/gnv\/2025\/06\/16\/leglise-catholique-de-la-rdc-enregistre-son-4eme-saint-floribert-bwana-chui-bin-kositi\/#primaryimage"},"image":{"@id":"https:\/\/gabonnouvellevision.com\/gnv\/2025\/06\/16\/leglise-catholique-de-la-rdc-enregistre-son-4eme-saint-floribert-bwana-chui-bin-kositi\/#primaryimage"},"thumbnailUrl":"https:\/\/gabonnouvellevision.com\/gnv\/wp-content\/uploads\/2025\/06\/Floribert-Bwana-Chui.jpg","datePublished":"2025-06-16T10:09:11+00:00","dateModified":"2025-06-16T10:09:13+00:00","breadcrumb":{"@id":"https:\/\/gabonnouvellevision.com\/gnv\/2025\/06\/16\/leglise-catholique-de-la-rdc-enregistre-son-4eme-saint-floribert-bwana-chui-bin-kositi\/#breadcrumb"},"inLanguage":"fr-FR","potentialAction":[{"@type":"ReadAction","target":["https:\/\/gabonnouvellevision.com\/gnv\/2025\/06\/16\/leglise-catholique-de-la-rdc-enregistre-son-4eme-saint-floribert-bwana-chui-bin-kositi\/"]}]},{"@type":"ImageObject","inLanguage":"fr-FR","@id":"https:\/\/gabonnouvellevision.com\/gnv\/2025\/06\/16\/leglise-catholique-de-la-rdc-enregistre-son-4eme-saint-floribert-bwana-chui-bin-kositi\/#primaryimage","url":"https:\/\/gabonnouvellevision.com\/gnv\/wp-content\/uploads\/2025\/06\/Floribert-Bwana-Chui.jpg","contentUrl":"https:\/\/gabonnouvellevision.com\/gnv\/wp-content\/uploads\/2025\/06\/Floribert-Bwana-Chui.jpg","width":800,"height":600},{"@type":"BreadcrumbList","@id":"https:\/\/gabonnouvellevision.com\/gnv\/2025\/06\/16\/leglise-catholique-de-la-rdc-enregistre-son-4eme-saint-floribert-bwana-chui-bin-kositi\/#breadcrumb","itemListElement":[{"@type":"ListItem","position":1,"name":"Accueil","item":"https:\/\/gabonnouvellevision.com\/gnv\/"},{"@type":"ListItem","position":2,"name":"L\u2019\u00e9glise Catholique de la RDC enregistre son 4\u00e8me Saint, Floribert Bwana Chui Bin Kositi"}]},{"@type":"WebSite","@id":"https:\/\/gabonnouvellevision.com\/gnv\/#website","url":"https:\/\/gabonnouvellevision.com\/gnv\/","name":"Gabon Nouvelle Vision","description":"","publisher":{"@id":"https:\/\/gabonnouvellevision.com\/gnv\/#organization"},"potentialAction":[{"@type":"SearchAction","target":{"@type":"EntryPoint","urlTemplate":"https:\/\/gabonnouvellevision.com\/gnv\/?s={search_term_string}"},"query-input":{"@type":"PropertyValueSpecification","valueRequired":true,"valueName":"search_term_string"}}],"inLanguage":"fr-FR"},{"@type":"Organization","@id":"https:\/\/gabonnouvellevision.com\/gnv\/#organization","name":"Gabon Nouvelle Vision","url":"https:\/\/gabonnouvellevision.com\/gnv\/","logo":{"@type":"ImageObject","inLanguage":"fr-FR","@id":"https:\/\/gabonnouvellevision.com\/gnv\/#\/schema\/logo\/image\/","url":"https:\/\/gabonnouvellevision.com\/gnv\/wp-content\/uploads\/2025\/01\/logo-text_Plan-de-travail-1.png","contentUrl":"https:\/\/gabonnouvellevision.com\/gnv\/wp-content\/uploads\/2025\/01\/logo-text_Plan-de-travail-1.png","width":7169,"height":2390,"caption":"Gabon Nouvelle Vision"},"image":{"@id":"https:\/\/gabonnouvellevision.com\/gnv\/#\/schema\/logo\/image\/"},"sameAs":["https:\/\/www.facebook.com\/GNVofficiel"]},{"@type":"Person","@id":"https:\/\/gabonnouvellevision.com\/gnv\/#\/schema\/person\/4b48e07d222f83c0285affc3704bc899","name":"Eyeng Obame","image":{"@type":"ImageObject","inLanguage":"fr-FR","@id":"https:\/\/gabonnouvellevision.com\/gnv\/#\/schema\/person\/image\/","url":"https:\/\/secure.gravatar.com\/avatar\/167bc03b8baf3c77318a47159f80871de6f5a6cbf4bc8b6af750fbc1a369d7bf?s=96&d=mm&r=g","contentUrl":"https:\/\/secure.gravatar.com\/avatar\/167bc03b8baf3c77318a47159f80871de6f5a6cbf4bc8b6af750fbc1a369d7bf?s=96&d=mm&r=g","caption":"Eyeng Obame"},"url":"https:\/\/gabonnouvellevision.com\/gnv\/author\/rufin\/"}]}},"_links":{"self":[{"href":"https:\/\/gabonnouvellevision.com\/gnv\/wp-json\/wp\/v2\/posts\/24019","targetHints":{"allow":["GET"]}}],"collection":[{"href":"https:\/\/gabonnouvellevision.com\/gnv\/wp-json\/wp\/v2\/posts"}],"about":[{"href":"https:\/\/gabonnouvellevision.com\/gnv\/wp-json\/wp\/v2\/types\/post"}],"author":[{"embeddable":true,"href":"https:\/\/gabonnouvellevision.com\/gnv\/wp-json\/wp\/v2\/users\/7"}],"replies":[{"embeddable":true,"href":"https:\/\/gabonnouvellevision.com\/gnv\/wp-json\/wp\/v2\/comments?post=24019"}],"version-history":[{"count":1,"href":"https:\/\/gabonnouvellevision.com\/gnv\/wp-json\/wp\/v2\/posts\/24019\/revisions"}],"predecessor-version":[{"id":24021,"href":"https:\/\/gabonnouvellevision.com\/gnv\/wp-json\/wp\/v2\/posts\/24019\/revisions\/24021"}],"wp:featuredmedia":[{"embeddable":true,"href":"https:\/\/gabonnouvellevision.com\/gnv\/wp-json\/wp\/v2\/media\/24020"}],"wp:attachment":[{"href":"https:\/\/gabonnouvellevision.com\/gnv\/wp-json\/wp\/v2\/media?parent=24019"}],"wp:term":[{"taxonomy":"category","embeddable":true,"href":"https:\/\/gabonnouvellevision.com\/gnv\/wp-json\/wp\/v2\/categories?post=24019"},{"taxonomy":"post_tag","embeddable":true,"href":"https:\/\/gabonnouvellevision.com\/gnv\/wp-json\/wp\/v2\/tags?post=24019"}],"curies":[{"name":"wp","href":"https:\/\/api.w.org\/{rel}","templated":true}]}}