{"id":24010,"date":"2025-06-12T09:57:53","date_gmt":"2025-06-12T07:57:53","guid":{"rendered":"https:\/\/gabonnouvellevision.com\/gnv\/?p=24010"},"modified":"2025-06-12T09:57:55","modified_gmt":"2025-06-12T07:57:55","slug":"conference-de-presse-de-la-presidence-de-la-republique-ce-jeudi-12-juin","status":"publish","type":"post","link":"https:\/\/gabonnouvellevision.com\/gnv\/2025\/06\/12\/conference-de-presse-de-la-presidence-de-la-republique-ce-jeudi-12-juin\/","title":{"rendered":"Conf\u00e9rence de presse \u00a0de la Pr\u00e9sidence de la R\u00e9publique ce jeudi 12 juin"},"content":{"rendered":"\n<p><strong><em>Le D\u00e9partement communication de la &nbsp;Pr\u00e9sidence de la R\u00e9publique dirig\u00e9 par Patricia Lydie Mouele organise une conf\u00e9rence de presse ce jeudi 12 juin au palais de la R\u00e9novation de Libreville. Cette rencontre avec les hommes de m\u00e9dias sera anim\u00e9e par le Conseiller sp\u00e9cial, porte-parole de la Pr\u00e9sidence, Th\u00e9ophane Nzame Nze Biyoghe<\/em><\/strong><strong>.<\/strong><\/p>\n\n\n\n<p>La refonte du paysage politique Gabonais, le d\u00e9guerpissement des populations dans le Grand-Libreville, &nbsp;l\u2019arr\u00eat de la Cour Internationale de Justice de la Haye sur le diff\u00e9rend frontalier entre le Gabon et la Guin\u00e9e \u00e9quatoriale, &nbsp;devraient constituer les principaux points inscrits \u00e0 l\u2019ordre du jour de ce premier face \u00e0 face de la presse avec les nouvelles autorit\u00e9s du D\u00e9partement de la communication Pr\u00e9sidentielle ce jeudi 12 juin au palais de la R\u00e9novation de Libreville.<\/p>\n\n\n\n<p>Nous y reviendrons.<\/p>\n\n\n\n<p><strong>Rufin Martial Oke Nze<\/strong><\/p>\n","protected":false},"excerpt":{"rendered":"<p>Le D\u00e9partement communication de la &nbsp;Pr\u00e9sidence de la R\u00e9publique dirig\u00e9 par Patricia Lydie Mouele organise une conf\u00e9rence de presse ce jeudi 12 juin au palais de la R\u00e9novation de Libreville. Cette rencontre avec les hommes de m\u00e9dias sera anim\u00e9e par le Conseiller sp\u00e9cial, porte-parole de la Pr\u00e9sidence, Th\u00e9ophane Nzame Nze Biyoghe. La refonte du paysage [&hellip;]<\/p>\n","protected":false},"author":7,"featured_media":24011,"comment_status":"open","ping_status":"open","sticky":false,"template":"","format":"standard","meta":{"footnotes":""},"categories":[57,55,59],"tags":[],"class_list":["post-24010","post","type-post","status-publish","format-standard","has-post-thumbnail","hentry","category-a-la-une","category-actualites","category-politique"],"yoast_head":"<!-- This site is optimized with the Yoast SEO plugin v24.2 - https:\/\/yoast.com\/wordpress\/plugins\/seo\/ -->\n<title>Conf\u00e9rence de presse \u00a0de la Pr\u00e9sidence de la R\u00e9publique ce jeudi 12 juin - Gabon Nouvelle Vision<\/title>\n<meta name=\"robots\" content=\"index, follow, max-snippet:-1, max-image-preview:large, max-video-preview:-1\" \/>\n<link rel=\"canonical\" href=\"https:\/\/gabonnouvellevision.com\/gnv\/2025\/06\/12\/conference-de-presse-de-la-presidence-de-la-republique-ce-jeudi-12-juin\/\" \/>\n<meta property=\"og:locale\" content=\"fr_FR\" \/>\n<meta property=\"og:type\" content=\"article\" \/>\n<meta property=\"og:title\" content=\"Conf\u00e9rence de presse \u00a0de la Pr\u00e9sidence de la R\u00e9publique ce jeudi 12 juin - Gabon Nouvelle Vision\" \/>\n<meta property=\"og:description\" content=\"Le D\u00e9partement communication de la &nbsp;Pr\u00e9sidence de la R\u00e9publique dirig\u00e9 par Patricia Lydie Mouele organise une conf\u00e9rence de presse ce jeudi 12 juin au palais de la R\u00e9novation de Libreville. Cette rencontre avec les hommes de m\u00e9dias sera anim\u00e9e par le Conseiller sp\u00e9cial, porte-parole de la Pr\u00e9sidence, Th\u00e9ophane Nzame Nze Biyoghe. La refonte du paysage [&hellip;]\" \/>\n<meta property=\"og:url\" content=\"https:\/\/gabonnouvellevision.com\/gnv\/2025\/06\/12\/conference-de-presse-de-la-presidence-de-la-republique-ce-jeudi-12-juin\/\" \/>\n<meta property=\"og:site_name\" content=\"Gabon Nouvelle Vision\" \/>\n<meta property=\"article:publisher\" content=\"https:\/\/www.facebook.com\/GNVofficiel\" \/>\n<meta property=\"article:published_time\" content=\"2025-06-12T07:57:53+00:00\" \/>\n<meta property=\"article:modified_time\" content=\"2025-06-12T07:57:55+00:00\" \/>\n<meta property=\"og:image\" content=\"https:\/\/gabonnouvellevision.com\/gnv\/wp-content\/uploads\/2025\/06\/503948529_122257177568025336_2849628973249759105_n.jpg\" \/>\n\t<meta property=\"og:image:width\" content=\"526\" \/>\n\t<meta property=\"og:image:height\" content=\"526\" \/>\n\t<meta property=\"og:image:type\" content=\"image\/jpeg\" \/>\n<meta name=\"author\" content=\"Eyeng Obame\" \/>\n<meta name=\"twitter:card\" content=\"summary_large_image\" \/>\n<meta name=\"twitter:label1\" content=\"\u00c9crit par\" \/>\n\t<meta name=\"twitter:data1\" content=\"Eyeng Obame\" \/>\n\t<meta name=\"twitter:label2\" content=\"Dur\u00e9e de lecture estim\u00e9e\" \/>\n\t<meta name=\"twitter:data2\" content=\"1 minute\" \/>\n<script type=\"application\/ld+json\" class=\"yoast-schema-graph\">{\"@context\":\"https:\/\/schema.org\",\"@graph\":[{\"@type\":\"Article\",\"@id\":\"https:\/\/gabonnouvellevision.com\/gnv\/2025\/06\/12\/conference-de-presse-de-la-presidence-de-la-republique-ce-jeudi-12-juin\/#article\",\"isPartOf\":{\"@id\":\"https:\/\/gabonnouvellevision.com\/gnv\/2025\/06\/12\/conference-de-presse-de-la-presidence-de-la-republique-ce-jeudi-12-juin\/\"},\"author\":{\"name\":\"Eyeng Obame\",\"@id\":\"https:\/\/gabonnouvellevision.com\/gnv\/#\/schema\/person\/4b48e07d222f83c0285affc3704bc899\"},\"headline\":\"Conf\u00e9rence de presse \u00a0de la Pr\u00e9sidence de la R\u00e9publique ce jeudi 12 juin\",\"datePublished\":\"2025-06-12T07:57:53+00:00\",\"dateModified\":\"2025-06-12T07:57:55+00:00\",\"mainEntityOfPage\":{\"@id\":\"https:\/\/gabonnouvellevision.com\/gnv\/2025\/06\/12\/conference-de-presse-de-la-presidence-de-la-republique-ce-jeudi-12-juin\/\"},\"wordCount\":166,\"commentCount\":0,\"publisher\":{\"@id\":\"https:\/\/gabonnouvellevision.com\/gnv\/#organization\"},\"image\":{\"@id\":\"https:\/\/gabonnouvellevision.com\/gnv\/2025\/06\/12\/conference-de-presse-de-la-presidence-de-la-republique-ce-jeudi-12-juin\/#primaryimage\"},\"thumbnailUrl\":\"https:\/\/gabonnouvellevision.com\/gnv\/wp-content\/uploads\/2025\/06\/503948529_122257177568025336_2849628973249759105_n.jpg\",\"articleSection\":[\"A la une\",\"Actualites\",\"Politique\"],\"inLanguage\":\"fr-FR\",\"potentialAction\":[{\"@type\":\"CommentAction\",\"name\":\"Comment\",\"target\":[\"https:\/\/gabonnouvellevision.com\/gnv\/2025\/06\/12\/conference-de-presse-de-la-presidence-de-la-republique-ce-jeudi-12-juin\/#respond\"]}]},{\"@type\":\"WebPage\",\"@id\":\"https:\/\/gabonnouvellevision.com\/gnv\/2025\/06\/12\/conference-de-presse-de-la-presidence-de-la-republique-ce-jeudi-12-juin\/\",\"url\":\"https:\/\/gabonnouvellevision.com\/gnv\/2025\/06\/12\/conference-de-presse-de-la-presidence-de-la-republique-ce-jeudi-12-juin\/\",\"name\":\"Conf\u00e9rence de presse \u00a0de la Pr\u00e9sidence de la R\u00e9publique ce jeudi 12 juin - Gabon Nouvelle Vision\",\"isPartOf\":{\"@id\":\"https:\/\/gabonnouvellevision.com\/gnv\/#website\"},\"primaryImageOfPage\":{\"@id\":\"https:\/\/gabonnouvellevision.com\/gnv\/2025\/06\/12\/conference-de-presse-de-la-presidence-de-la-republique-ce-jeudi-12-juin\/#primaryimage\"},\"image\":{\"@id\":\"https:\/\/gabonnouvellevision.com\/gnv\/2025\/06\/12\/conference-de-presse-de-la-presidence-de-la-republique-ce-jeudi-12-juin\/#primaryimage\"},\"thumbnailUrl\":\"https:\/\/gabonnouvellevision.com\/gnv\/wp-content\/uploads\/2025\/06\/503948529_122257177568025336_2849628973249759105_n.jpg\",\"datePublished\":\"2025-06-12T07:57:53+00:00\",\"dateModified\":\"2025-06-12T07:57:55+00:00\",\"breadcrumb\":{\"@id\":\"https:\/\/gabonnouvellevision.com\/gnv\/2025\/06\/12\/conference-de-presse-de-la-presidence-de-la-republique-ce-jeudi-12-juin\/#breadcrumb\"},\"inLanguage\":\"fr-FR\",\"potentialAction\":[{\"@type\":\"ReadAction\",\"target\":[\"https:\/\/gabonnouvellevision.com\/gnv\/2025\/06\/12\/conference-de-presse-de-la-presidence-de-la-republique-ce-jeudi-12-juin\/\"]}]},{\"@type\":\"ImageObject\",\"inLanguage\":\"fr-FR\",\"@id\":\"https:\/\/gabonnouvellevision.com\/gnv\/2025\/06\/12\/conference-de-presse-de-la-presidence-de-la-republique-ce-jeudi-12-juin\/#primaryimage\",\"url\":\"https:\/\/gabonnouvellevision.com\/gnv\/wp-content\/uploads\/2025\/06\/503948529_122257177568025336_2849628973249759105_n.jpg\",\"contentUrl\":\"https:\/\/gabonnouvellevision.com\/gnv\/wp-content\/uploads\/2025\/06\/503948529_122257177568025336_2849628973249759105_n.jpg\",\"width\":526,\"height\":526},{\"@type\":\"BreadcrumbList\",\"@id\":\"https:\/\/gabonnouvellevision.com\/gnv\/2025\/06\/12\/conference-de-presse-de-la-presidence-de-la-republique-ce-jeudi-12-juin\/#breadcrumb\",\"itemListElement\":[{\"@type\":\"ListItem\",\"position\":1,\"name\":\"Accueil\",\"item\":\"https:\/\/gabonnouvellevision.com\/gnv\/\"},{\"@type\":\"ListItem\",\"position\":2,\"name\":\"Conf\u00e9rence de presse \u00a0de la Pr\u00e9sidence de la R\u00e9publique ce jeudi 12 juin\"}]},{\"@type\":\"WebSite\",\"@id\":\"https:\/\/gabonnouvellevision.com\/gnv\/#website\",\"url\":\"https:\/\/gabonnouvellevision.com\/gnv\/\",\"name\":\"Gabon Nouvelle Vision\",\"description\":\"\",\"publisher\":{\"@id\":\"https:\/\/gabonnouvellevision.com\/gnv\/#organization\"},\"potentialAction\":[{\"@type\":\"SearchAction\",\"target\":{\"@type\":\"EntryPoint\",\"urlTemplate\":\"https:\/\/gabonnouvellevision.com\/gnv\/?s={search_term_string}\"},\"query-input\":{\"@type\":\"PropertyValueSpecification\",\"valueRequired\":true,\"valueName\":\"search_term_string\"}}],\"inLanguage\":\"fr-FR\"},{\"@type\":\"Organization\",\"@id\":\"https:\/\/gabonnouvellevision.com\/gnv\/#organization\",\"name\":\"Gabon Nouvelle Vision\",\"url\":\"https:\/\/gabonnouvellevision.com\/gnv\/\",\"logo\":{\"@type\":\"ImageObject\",\"inLanguage\":\"fr-FR\",\"@id\":\"https:\/\/gabonnouvellevision.com\/gnv\/#\/schema\/logo\/image\/\",\"url\":\"https:\/\/gabonnouvellevision.com\/gnv\/wp-content\/uploads\/2025\/01\/logo-text_Plan-de-travail-1.png\",\"contentUrl\":\"https:\/\/gabonnouvellevision.com\/gnv\/wp-content\/uploads\/2025\/01\/logo-text_Plan-de-travail-1.png\",\"width\":7169,\"height\":2390,\"caption\":\"Gabon Nouvelle Vision\"},\"image\":{\"@id\":\"https:\/\/gabonnouvellevision.com\/gnv\/#\/schema\/logo\/image\/\"},\"sameAs\":[\"https:\/\/www.facebook.com\/GNVofficiel\"]},{\"@type\":\"Person\",\"@id\":\"https:\/\/gabonnouvellevision.com\/gnv\/#\/schema\/person\/4b48e07d222f83c0285affc3704bc899\",\"name\":\"Eyeng Obame\",\"image\":{\"@type\":\"ImageObject\",\"inLanguage\":\"fr-FR\",\"@id\":\"https:\/\/gabonnouvellevision.com\/gnv\/#\/schema\/person\/image\/\",\"url\":\"https:\/\/secure.gravatar.com\/avatar\/167bc03b8baf3c77318a47159f80871de6f5a6cbf4bc8b6af750fbc1a369d7bf?s=96&d=mm&r=g\",\"contentUrl\":\"https:\/\/secure.gravatar.com\/avatar\/167bc03b8baf3c77318a47159f80871de6f5a6cbf4bc8b6af750fbc1a369d7bf?s=96&d=mm&r=g\",\"caption\":\"Eyeng Obame\"},\"url\":\"https:\/\/gabonnouvellevision.com\/gnv\/author\/rufin\/\"}]}<\/script>\n<!-- \/ Yoast SEO plugin. -->","yoast_head_json":{"title":"Conf\u00e9rence de presse \u00a0de la Pr\u00e9sidence de la R\u00e9publique ce jeudi 12 juin - Gabon Nouvelle Vision","robots":{"index":"index","follow":"follow","max-snippet":"max-snippet:-1","max-image-preview":"max-image-preview:large","max-video-preview":"max-video-preview:-1"},"canonical":"https:\/\/gabonnouvellevision.com\/gnv\/2025\/06\/12\/conference-de-presse-de-la-presidence-de-la-republique-ce-jeudi-12-juin\/","og_locale":"fr_FR","og_type":"article","og_title":"Conf\u00e9rence de presse \u00a0de la Pr\u00e9sidence de la R\u00e9publique ce jeudi 12 juin - Gabon Nouvelle Vision","og_description":"Le D\u00e9partement communication de la &nbsp;Pr\u00e9sidence de la R\u00e9publique dirig\u00e9 par Patricia Lydie Mouele organise une conf\u00e9rence de presse ce jeudi 12 juin au palais de la R\u00e9novation de Libreville. Cette rencontre avec les hommes de m\u00e9dias sera anim\u00e9e par le Conseiller sp\u00e9cial, porte-parole de la Pr\u00e9sidence, Th\u00e9ophane Nzame Nze Biyoghe. La refonte du paysage [&hellip;]","og_url":"https:\/\/gabonnouvellevision.com\/gnv\/2025\/06\/12\/conference-de-presse-de-la-presidence-de-la-republique-ce-jeudi-12-juin\/","og_site_name":"Gabon Nouvelle Vision","article_publisher":"https:\/\/www.facebook.com\/GNVofficiel","article_published_time":"2025-06-12T07:57:53+00:00","article_modified_time":"2025-06-12T07:57:55+00:00","og_image":[{"width":526,"height":526,"url":"https:\/\/gabonnouvellevision.com\/gnv\/wp-content\/uploads\/2025\/06\/503948529_122257177568025336_2849628973249759105_n.jpg","type":"image\/jpeg"}],"author":"Eyeng Obame","twitter_card":"summary_large_image","twitter_misc":{"\u00c9crit par":"Eyeng Obame","Dur\u00e9e de lecture estim\u00e9e":"1 minute"},"schema":{"@context":"https:\/\/schema.org","@graph":[{"@type":"Article","@id":"https:\/\/gabonnouvellevision.com\/gnv\/2025\/06\/12\/conference-de-presse-de-la-presidence-de-la-republique-ce-jeudi-12-juin\/#article","isPartOf":{"@id":"https:\/\/gabonnouvellevision.com\/gnv\/2025\/06\/12\/conference-de-presse-de-la-presidence-de-la-republique-ce-jeudi-12-juin\/"},"author":{"name":"Eyeng Obame","@id":"https:\/\/gabonnouvellevision.com\/gnv\/#\/schema\/person\/4b48e07d222f83c0285affc3704bc899"},"headline":"Conf\u00e9rence de presse \u00a0de la Pr\u00e9sidence de la R\u00e9publique ce jeudi 12 juin","datePublished":"2025-06-12T07:57:53+00:00","dateModified":"2025-06-12T07:57:55+00:00","mainEntityOfPage":{"@id":"https:\/\/gabonnouvellevision.com\/gnv\/2025\/06\/12\/conference-de-presse-de-la-presidence-de-la-republique-ce-jeudi-12-juin\/"},"wordCount":166,"commentCount":0,"publisher":{"@id":"https:\/\/gabonnouvellevision.com\/gnv\/#organization"},"image":{"@id":"https:\/\/gabonnouvellevision.com\/gnv\/2025\/06\/12\/conference-de-presse-de-la-presidence-de-la-republique-ce-jeudi-12-juin\/#primaryimage"},"thumbnailUrl":"https:\/\/gabonnouvellevision.com\/gnv\/wp-content\/uploads\/2025\/06\/503948529_122257177568025336_2849628973249759105_n.jpg","articleSection":["A la une","Actualites","Politique"],"inLanguage":"fr-FR","potentialAction":[{"@type":"CommentAction","name":"Comment","target":["https:\/\/gabonnouvellevision.com\/gnv\/2025\/06\/12\/conference-de-presse-de-la-presidence-de-la-republique-ce-jeudi-12-juin\/#respond"]}]},{"@type":"WebPage","@id":"https:\/\/gabonnouvellevision.com\/gnv\/2025\/06\/12\/conference-de-presse-de-la-presidence-de-la-republique-ce-jeudi-12-juin\/","url":"https:\/\/gabonnouvellevision.com\/gnv\/2025\/06\/12\/conference-de-presse-de-la-presidence-de-la-republique-ce-jeudi-12-juin\/","name":"Conf\u00e9rence de presse \u00a0de la Pr\u00e9sidence de la R\u00e9publique ce jeudi 12 juin - Gabon Nouvelle Vision","isPartOf":{"@id":"https:\/\/gabonnouvellevision.com\/gnv\/#website"},"primaryImageOfPage":{"@id":"https:\/\/gabonnouvellevision.com\/gnv\/2025\/06\/12\/conference-de-presse-de-la-presidence-de-la-republique-ce-jeudi-12-juin\/#primaryimage"},"image":{"@id":"https:\/\/gabonnouvellevision.com\/gnv\/2025\/06\/12\/conference-de-presse-de-la-presidence-de-la-republique-ce-jeudi-12-juin\/#primaryimage"},"thumbnailUrl":"https:\/\/gabonnouvellevision.com\/gnv\/wp-content\/uploads\/2025\/06\/503948529_122257177568025336_2849628973249759105_n.jpg","datePublished":"2025-06-12T07:57:53+00:00","dateModified":"2025-06-12T07:57:55+00:00","breadcrumb":{"@id":"https:\/\/gabonnouvellevision.com\/gnv\/2025\/06\/12\/conference-de-presse-de-la-presidence-de-la-republique-ce-jeudi-12-juin\/#breadcrumb"},"inLanguage":"fr-FR","potentialAction":[{"@type":"ReadAction","target":["https:\/\/gabonnouvellevision.com\/gnv\/2025\/06\/12\/conference-de-presse-de-la-presidence-de-la-republique-ce-jeudi-12-juin\/"]}]},{"@type":"ImageObject","inLanguage":"fr-FR","@id":"https:\/\/gabonnouvellevision.com\/gnv\/2025\/06\/12\/conference-de-presse-de-la-presidence-de-la-republique-ce-jeudi-12-juin\/#primaryimage","url":"https:\/\/gabonnouvellevision.com\/gnv\/wp-content\/uploads\/2025\/06\/503948529_122257177568025336_2849628973249759105_n.jpg","contentUrl":"https:\/\/gabonnouvellevision.com\/gnv\/wp-content\/uploads\/2025\/06\/503948529_122257177568025336_2849628973249759105_n.jpg","width":526,"height":526},{"@type":"BreadcrumbList","@id":"https:\/\/gabonnouvellevision.com\/gnv\/2025\/06\/12\/conference-de-presse-de-la-presidence-de-la-republique-ce-jeudi-12-juin\/#breadcrumb","itemListElement":[{"@type":"ListItem","position":1,"name":"Accueil","item":"https:\/\/gabonnouvellevision.com\/gnv\/"},{"@type":"ListItem","position":2,"name":"Conf\u00e9rence de presse \u00a0de la Pr\u00e9sidence de la R\u00e9publique ce jeudi 12 juin"}]},{"@type":"WebSite","@id":"https:\/\/gabonnouvellevision.com\/gnv\/#website","url":"https:\/\/gabonnouvellevision.com\/gnv\/","name":"Gabon Nouvelle Vision","description":"","publisher":{"@id":"https:\/\/gabonnouvellevision.com\/gnv\/#organization"},"potentialAction":[{"@type":"SearchAction","target":{"@type":"EntryPoint","urlTemplate":"https:\/\/gabonnouvellevision.com\/gnv\/?s={search_term_string}"},"query-input":{"@type":"PropertyValueSpecification","valueRequired":true,"valueName":"search_term_string"}}],"inLanguage":"fr-FR"},{"@type":"Organization","@id":"https:\/\/gabonnouvellevision.com\/gnv\/#organization","name":"Gabon Nouvelle Vision","url":"https:\/\/gabonnouvellevision.com\/gnv\/","logo":{"@type":"ImageObject","inLanguage":"fr-FR","@id":"https:\/\/gabonnouvellevision.com\/gnv\/#\/schema\/logo\/image\/","url":"https:\/\/gabonnouvellevision.com\/gnv\/wp-content\/uploads\/2025\/01\/logo-text_Plan-de-travail-1.png","contentUrl":"https:\/\/gabonnouvellevision.com\/gnv\/wp-content\/uploads\/2025\/01\/logo-text_Plan-de-travail-1.png","width":7169,"height":2390,"caption":"Gabon Nouvelle Vision"},"image":{"@id":"https:\/\/gabonnouvellevision.com\/gnv\/#\/schema\/logo\/image\/"},"sameAs":["https:\/\/www.facebook.com\/GNVofficiel"]},{"@type":"Person","@id":"https:\/\/gabonnouvellevision.com\/gnv\/#\/schema\/person\/4b48e07d222f83c0285affc3704bc899","name":"Eyeng Obame","image":{"@type":"ImageObject","inLanguage":"fr-FR","@id":"https:\/\/gabonnouvellevision.com\/gnv\/#\/schema\/person\/image\/","url":"https:\/\/secure.gravatar.com\/avatar\/167bc03b8baf3c77318a47159f80871de6f5a6cbf4bc8b6af750fbc1a369d7bf?s=96&d=mm&r=g","contentUrl":"https:\/\/secure.gravatar.com\/avatar\/167bc03b8baf3c77318a47159f80871de6f5a6cbf4bc8b6af750fbc1a369d7bf?s=96&d=mm&r=g","caption":"Eyeng Obame"},"url":"https:\/\/gabonnouvellevision.com\/gnv\/author\/rufin\/"}]}},"_links":{"self":[{"href":"https:\/\/gabonnouvellevision.com\/gnv\/wp-json\/wp\/v2\/posts\/24010","targetHints":{"allow":["GET"]}}],"collection":[{"href":"https:\/\/gabonnouvellevision.com\/gnv\/wp-json\/wp\/v2\/posts"}],"about":[{"href":"https:\/\/gabonnouvellevision.com\/gnv\/wp-json\/wp\/v2\/types\/post"}],"author":[{"embeddable":true,"href":"https:\/\/gabonnouvellevision.com\/gnv\/wp-json\/wp\/v2\/users\/7"}],"replies":[{"embeddable":true,"href":"https:\/\/gabonnouvellevision.com\/gnv\/wp-json\/wp\/v2\/comments?post=24010"}],"version-history":[{"count":1,"href":"https:\/\/gabonnouvellevision.com\/gnv\/wp-json\/wp\/v2\/posts\/24010\/revisions"}],"predecessor-version":[{"id":24012,"href":"https:\/\/gabonnouvellevision.com\/gnv\/wp-json\/wp\/v2\/posts\/24010\/revisions\/24012"}],"wp:featuredmedia":[{"embeddable":true,"href":"https:\/\/gabonnouvellevision.com\/gnv\/wp-json\/wp\/v2\/media\/24011"}],"wp:attachment":[{"href":"https:\/\/gabonnouvellevision.com\/gnv\/wp-json\/wp\/v2\/media?parent=24010"}],"wp:term":[{"taxonomy":"category","embeddable":true,"href":"https:\/\/gabonnouvellevision.com\/gnv\/wp-json\/wp\/v2\/categories?post=24010"},{"taxonomy":"post_tag","embeddable":true,"href":"https:\/\/gabonnouvellevision.com\/gnv\/wp-json\/wp\/v2\/tags?post=24010"}],"curies":[{"name":"wp","href":"https:\/\/api.w.org\/{rel}","templated":true}]}}