{"id":23996,"date":"2025-06-11T11:54:43","date_gmt":"2025-06-11T09:54:43","guid":{"rendered":"https:\/\/gabonnouvellevision.com\/gnv\/?p=23996"},"modified":"2025-06-11T11:56:33","modified_gmt":"2025-06-11T09:56:33","slug":"lancement-de-la-semaine-internationale-des-archives","status":"publish","type":"post","link":"https:\/\/gabonnouvellevision.com\/gnv\/2025\/06\/11\/lancement-de-la-semaine-internationale-des-archives\/","title":{"rendered":"Lancement de la semaine internationale des archives"},"content":{"rendered":"\n<p><em><strong>La capitale Gabonaise abrite depuis ce matin, une grande &nbsp;conf\u00e9rence d\u00e9bat sur la semaine internationale des archives<\/strong><\/em><strong>.<\/strong><\/p>\n\n\n\n<p>Cette conf\u00e9rence d\u00e9bat qui se tient \u00e0 l\u2019IUSSO de STFO\u00a0 en lieu et place de l\u2019immeuble Arambo comme initialement annonc\u00e9, a pour th\u00e8me: les archives accessibles \u00e0 tous. Une probl\u00e9matique qui t\u00e2tonne depuis des d\u00e9cennies au Gabon malgr\u00e9 les multiples initiatives entreprises par le pouvoir d\u00e9chu. L\u2019absence d\u2019archives \u00a0originales du Gabon \u00a0en rapport avec 1a signature du trait\u00e9 de Bata de 1974 concernant le diff\u00e9rend frontalier des \u00eeles Mbani\u00e9-Cocotiers et Conga avec le pays s\u0153ur de la Guin\u00e9e \u00e9quatoriale ne nous d\u00e9mentira pas.<\/p>\n\n\n\n<p>Et pour tenter d\u2019inverser la tendance, les nouvelles autorit\u00e9s de la R\u00e9publique proc\u00e8dent depuis quelques mois \u00e0 la digitalisation tous azimuts &nbsp;de l\u2019administration publique Gabonaise.<\/p>\n\n\n\n<p><strong>RMON<\/strong><\/p>\n","protected":false},"excerpt":{"rendered":"<p>La capitale Gabonaise abrite depuis ce matin, une grande &nbsp;conf\u00e9rence d\u00e9bat sur la semaine internationale des archives. Cette conf\u00e9rence d\u00e9bat qui se tient \u00e0 l\u2019IUSSO de STFO\u00a0 en lieu et place de l\u2019immeuble Arambo comme initialement annonc\u00e9, a pour th\u00e8me: les archives accessibles \u00e0 tous. Une probl\u00e9matique qui t\u00e2tonne depuis des d\u00e9cennies au Gabon malgr\u00e9 [&hellip;]<\/p>\n","protected":false},"author":7,"featured_media":23997,"comment_status":"open","ping_status":"open","sticky":false,"template":"","format":"standard","meta":{"footnotes":""},"categories":[57,55,56],"tags":[],"class_list":["post-23996","post","type-post","status-publish","format-standard","has-post-thumbnail","hentry","category-a-la-une","category-actualites","category-societe"],"yoast_head":"<!-- This site is optimized with the Yoast SEO plugin v24.2 - https:\/\/yoast.com\/wordpress\/plugins\/seo\/ -->\n<title>Lancement de la semaine internationale des archives - Gabon Nouvelle Vision<\/title>\n<meta name=\"robots\" content=\"index, follow, max-snippet:-1, max-image-preview:large, max-video-preview:-1\" \/>\n<link rel=\"canonical\" href=\"https:\/\/gabonnouvellevision.com\/gnv\/2025\/06\/11\/lancement-de-la-semaine-internationale-des-archives\/\" \/>\n<meta property=\"og:locale\" content=\"fr_FR\" \/>\n<meta property=\"og:type\" content=\"article\" \/>\n<meta property=\"og:title\" content=\"Lancement de la semaine internationale des archives - Gabon Nouvelle Vision\" \/>\n<meta property=\"og:description\" content=\"La capitale Gabonaise abrite depuis ce matin, une grande &nbsp;conf\u00e9rence d\u00e9bat sur la semaine internationale des archives. Cette conf\u00e9rence d\u00e9bat qui se tient \u00e0 l\u2019IUSSO de STFO\u00a0 en lieu et place de l\u2019immeuble Arambo comme initialement annonc\u00e9, a pour th\u00e8me: les archives accessibles \u00e0 tous. Une probl\u00e9matique qui t\u00e2tonne depuis des d\u00e9cennies au Gabon malgr\u00e9 [&hellip;]\" \/>\n<meta property=\"og:url\" content=\"https:\/\/gabonnouvellevision.com\/gnv\/2025\/06\/11\/lancement-de-la-semaine-internationale-des-archives\/\" \/>\n<meta property=\"og:site_name\" content=\"Gabon Nouvelle Vision\" \/>\n<meta property=\"article:publisher\" content=\"https:\/\/www.facebook.com\/GNVofficiel\" \/>\n<meta property=\"article:published_time\" content=\"2025-06-11T09:54:43+00:00\" \/>\n<meta property=\"article:modified_time\" content=\"2025-06-11T09:56:33+00:00\" \/>\n<meta property=\"og:image\" content=\"https:\/\/gabonnouvellevision.com\/gnv\/wp-content\/uploads\/2025\/06\/WhatsApp-Image-2025-06-11-a-10.31.02_3a826507.jpg\" \/>\n\t<meta property=\"og:image:width\" content=\"707\" \/>\n\t<meta property=\"og:image:height\" content=\"1000\" \/>\n\t<meta property=\"og:image:type\" content=\"image\/jpeg\" \/>\n<meta name=\"author\" content=\"Eyeng Obame\" \/>\n<meta name=\"twitter:card\" content=\"summary_large_image\" \/>\n<meta name=\"twitter:label1\" content=\"\u00c9crit par\" \/>\n\t<meta name=\"twitter:data1\" content=\"Eyeng Obame\" \/>\n\t<meta name=\"twitter:label2\" content=\"Dur\u00e9e de lecture estim\u00e9e\" \/>\n\t<meta name=\"twitter:data2\" content=\"1 minute\" \/>\n<script type=\"application\/ld+json\" class=\"yoast-schema-graph\">{\"@context\":\"https:\/\/schema.org\",\"@graph\":[{\"@type\":\"Article\",\"@id\":\"https:\/\/gabonnouvellevision.com\/gnv\/2025\/06\/11\/lancement-de-la-semaine-internationale-des-archives\/#article\",\"isPartOf\":{\"@id\":\"https:\/\/gabonnouvellevision.com\/gnv\/2025\/06\/11\/lancement-de-la-semaine-internationale-des-archives\/\"},\"author\":{\"name\":\"Eyeng Obame\",\"@id\":\"https:\/\/gabonnouvellevision.com\/gnv\/#\/schema\/person\/4b48e07d222f83c0285affc3704bc899\"},\"headline\":\"Lancement de la semaine internationale des archives\",\"datePublished\":\"2025-06-11T09:54:43+00:00\",\"dateModified\":\"2025-06-11T09:56:33+00:00\",\"mainEntityOfPage\":{\"@id\":\"https:\/\/gabonnouvellevision.com\/gnv\/2025\/06\/11\/lancement-de-la-semaine-internationale-des-archives\/\"},\"wordCount\":154,\"commentCount\":0,\"publisher\":{\"@id\":\"https:\/\/gabonnouvellevision.com\/gnv\/#organization\"},\"image\":{\"@id\":\"https:\/\/gabonnouvellevision.com\/gnv\/2025\/06\/11\/lancement-de-la-semaine-internationale-des-archives\/#primaryimage\"},\"thumbnailUrl\":\"https:\/\/gabonnouvellevision.com\/gnv\/wp-content\/uploads\/2025\/06\/WhatsApp-Image-2025-06-11-a-10.31.02_3a826507.jpg\",\"articleSection\":[\"A la une\",\"Actualites\",\"Societe\"],\"inLanguage\":\"fr-FR\",\"potentialAction\":[{\"@type\":\"CommentAction\",\"name\":\"Comment\",\"target\":[\"https:\/\/gabonnouvellevision.com\/gnv\/2025\/06\/11\/lancement-de-la-semaine-internationale-des-archives\/#respond\"]}]},{\"@type\":\"WebPage\",\"@id\":\"https:\/\/gabonnouvellevision.com\/gnv\/2025\/06\/11\/lancement-de-la-semaine-internationale-des-archives\/\",\"url\":\"https:\/\/gabonnouvellevision.com\/gnv\/2025\/06\/11\/lancement-de-la-semaine-internationale-des-archives\/\",\"name\":\"Lancement de la semaine internationale des archives - Gabon Nouvelle Vision\",\"isPartOf\":{\"@id\":\"https:\/\/gabonnouvellevision.com\/gnv\/#website\"},\"primaryImageOfPage\":{\"@id\":\"https:\/\/gabonnouvellevision.com\/gnv\/2025\/06\/11\/lancement-de-la-semaine-internationale-des-archives\/#primaryimage\"},\"image\":{\"@id\":\"https:\/\/gabonnouvellevision.com\/gnv\/2025\/06\/11\/lancement-de-la-semaine-internationale-des-archives\/#primaryimage\"},\"thumbnailUrl\":\"https:\/\/gabonnouvellevision.com\/gnv\/wp-content\/uploads\/2025\/06\/WhatsApp-Image-2025-06-11-a-10.31.02_3a826507.jpg\",\"datePublished\":\"2025-06-11T09:54:43+00:00\",\"dateModified\":\"2025-06-11T09:56:33+00:00\",\"breadcrumb\":{\"@id\":\"https:\/\/gabonnouvellevision.com\/gnv\/2025\/06\/11\/lancement-de-la-semaine-internationale-des-archives\/#breadcrumb\"},\"inLanguage\":\"fr-FR\",\"potentialAction\":[{\"@type\":\"ReadAction\",\"target\":[\"https:\/\/gabonnouvellevision.com\/gnv\/2025\/06\/11\/lancement-de-la-semaine-internationale-des-archives\/\"]}]},{\"@type\":\"ImageObject\",\"inLanguage\":\"fr-FR\",\"@id\":\"https:\/\/gabonnouvellevision.com\/gnv\/2025\/06\/11\/lancement-de-la-semaine-internationale-des-archives\/#primaryimage\",\"url\":\"https:\/\/gabonnouvellevision.com\/gnv\/wp-content\/uploads\/2025\/06\/WhatsApp-Image-2025-06-11-a-10.31.02_3a826507.jpg\",\"contentUrl\":\"https:\/\/gabonnouvellevision.com\/gnv\/wp-content\/uploads\/2025\/06\/WhatsApp-Image-2025-06-11-a-10.31.02_3a826507.jpg\",\"width\":707,\"height\":1000},{\"@type\":\"BreadcrumbList\",\"@id\":\"https:\/\/gabonnouvellevision.com\/gnv\/2025\/06\/11\/lancement-de-la-semaine-internationale-des-archives\/#breadcrumb\",\"itemListElement\":[{\"@type\":\"ListItem\",\"position\":1,\"name\":\"Accueil\",\"item\":\"https:\/\/gabonnouvellevision.com\/gnv\/\"},{\"@type\":\"ListItem\",\"position\":2,\"name\":\"Lancement de la semaine internationale des archives\"}]},{\"@type\":\"WebSite\",\"@id\":\"https:\/\/gabonnouvellevision.com\/gnv\/#website\",\"url\":\"https:\/\/gabonnouvellevision.com\/gnv\/\",\"name\":\"Gabon Nouvelle Vision\",\"description\":\"\",\"publisher\":{\"@id\":\"https:\/\/gabonnouvellevision.com\/gnv\/#organization\"},\"potentialAction\":[{\"@type\":\"SearchAction\",\"target\":{\"@type\":\"EntryPoint\",\"urlTemplate\":\"https:\/\/gabonnouvellevision.com\/gnv\/?s={search_term_string}\"},\"query-input\":{\"@type\":\"PropertyValueSpecification\",\"valueRequired\":true,\"valueName\":\"search_term_string\"}}],\"inLanguage\":\"fr-FR\"},{\"@type\":\"Organization\",\"@id\":\"https:\/\/gabonnouvellevision.com\/gnv\/#organization\",\"name\":\"Gabon Nouvelle Vision\",\"url\":\"https:\/\/gabonnouvellevision.com\/gnv\/\",\"logo\":{\"@type\":\"ImageObject\",\"inLanguage\":\"fr-FR\",\"@id\":\"https:\/\/gabonnouvellevision.com\/gnv\/#\/schema\/logo\/image\/\",\"url\":\"https:\/\/gabonnouvellevision.com\/gnv\/wp-content\/uploads\/2025\/01\/logo-text_Plan-de-travail-1.png\",\"contentUrl\":\"https:\/\/gabonnouvellevision.com\/gnv\/wp-content\/uploads\/2025\/01\/logo-text_Plan-de-travail-1.png\",\"width\":7169,\"height\":2390,\"caption\":\"Gabon Nouvelle Vision\"},\"image\":{\"@id\":\"https:\/\/gabonnouvellevision.com\/gnv\/#\/schema\/logo\/image\/\"},\"sameAs\":[\"https:\/\/www.facebook.com\/GNVofficiel\"]},{\"@type\":\"Person\",\"@id\":\"https:\/\/gabonnouvellevision.com\/gnv\/#\/schema\/person\/4b48e07d222f83c0285affc3704bc899\",\"name\":\"Eyeng Obame\",\"image\":{\"@type\":\"ImageObject\",\"inLanguage\":\"fr-FR\",\"@id\":\"https:\/\/gabonnouvellevision.com\/gnv\/#\/schema\/person\/image\/\",\"url\":\"https:\/\/secure.gravatar.com\/avatar\/167bc03b8baf3c77318a47159f80871de6f5a6cbf4bc8b6af750fbc1a369d7bf?s=96&d=mm&r=g\",\"contentUrl\":\"https:\/\/secure.gravatar.com\/avatar\/167bc03b8baf3c77318a47159f80871de6f5a6cbf4bc8b6af750fbc1a369d7bf?s=96&d=mm&r=g\",\"caption\":\"Eyeng Obame\"},\"url\":\"https:\/\/gabonnouvellevision.com\/gnv\/author\/rufin\/\"}]}<\/script>\n<!-- \/ Yoast SEO plugin. -->","yoast_head_json":{"title":"Lancement de la semaine internationale des archives - Gabon Nouvelle Vision","robots":{"index":"index","follow":"follow","max-snippet":"max-snippet:-1","max-image-preview":"max-image-preview:large","max-video-preview":"max-video-preview:-1"},"canonical":"https:\/\/gabonnouvellevision.com\/gnv\/2025\/06\/11\/lancement-de-la-semaine-internationale-des-archives\/","og_locale":"fr_FR","og_type":"article","og_title":"Lancement de la semaine internationale des archives - Gabon Nouvelle Vision","og_description":"La capitale Gabonaise abrite depuis ce matin, une grande &nbsp;conf\u00e9rence d\u00e9bat sur la semaine internationale des archives. Cette conf\u00e9rence d\u00e9bat qui se tient \u00e0 l\u2019IUSSO de STFO\u00a0 en lieu et place de l\u2019immeuble Arambo comme initialement annonc\u00e9, a pour th\u00e8me: les archives accessibles \u00e0 tous. Une probl\u00e9matique qui t\u00e2tonne depuis des d\u00e9cennies au Gabon malgr\u00e9 [&hellip;]","og_url":"https:\/\/gabonnouvellevision.com\/gnv\/2025\/06\/11\/lancement-de-la-semaine-internationale-des-archives\/","og_site_name":"Gabon Nouvelle Vision","article_publisher":"https:\/\/www.facebook.com\/GNVofficiel","article_published_time":"2025-06-11T09:54:43+00:00","article_modified_time":"2025-06-11T09:56:33+00:00","og_image":[{"width":707,"height":1000,"url":"https:\/\/gabonnouvellevision.com\/gnv\/wp-content\/uploads\/2025\/06\/WhatsApp-Image-2025-06-11-a-10.31.02_3a826507.jpg","type":"image\/jpeg"}],"author":"Eyeng Obame","twitter_card":"summary_large_image","twitter_misc":{"\u00c9crit par":"Eyeng Obame","Dur\u00e9e de lecture estim\u00e9e":"1 minute"},"schema":{"@context":"https:\/\/schema.org","@graph":[{"@type":"Article","@id":"https:\/\/gabonnouvellevision.com\/gnv\/2025\/06\/11\/lancement-de-la-semaine-internationale-des-archives\/#article","isPartOf":{"@id":"https:\/\/gabonnouvellevision.com\/gnv\/2025\/06\/11\/lancement-de-la-semaine-internationale-des-archives\/"},"author":{"name":"Eyeng Obame","@id":"https:\/\/gabonnouvellevision.com\/gnv\/#\/schema\/person\/4b48e07d222f83c0285affc3704bc899"},"headline":"Lancement de la semaine internationale des archives","datePublished":"2025-06-11T09:54:43+00:00","dateModified":"2025-06-11T09:56:33+00:00","mainEntityOfPage":{"@id":"https:\/\/gabonnouvellevision.com\/gnv\/2025\/06\/11\/lancement-de-la-semaine-internationale-des-archives\/"},"wordCount":154,"commentCount":0,"publisher":{"@id":"https:\/\/gabonnouvellevision.com\/gnv\/#organization"},"image":{"@id":"https:\/\/gabonnouvellevision.com\/gnv\/2025\/06\/11\/lancement-de-la-semaine-internationale-des-archives\/#primaryimage"},"thumbnailUrl":"https:\/\/gabonnouvellevision.com\/gnv\/wp-content\/uploads\/2025\/06\/WhatsApp-Image-2025-06-11-a-10.31.02_3a826507.jpg","articleSection":["A la une","Actualites","Societe"],"inLanguage":"fr-FR","potentialAction":[{"@type":"CommentAction","name":"Comment","target":["https:\/\/gabonnouvellevision.com\/gnv\/2025\/06\/11\/lancement-de-la-semaine-internationale-des-archives\/#respond"]}]},{"@type":"WebPage","@id":"https:\/\/gabonnouvellevision.com\/gnv\/2025\/06\/11\/lancement-de-la-semaine-internationale-des-archives\/","url":"https:\/\/gabonnouvellevision.com\/gnv\/2025\/06\/11\/lancement-de-la-semaine-internationale-des-archives\/","name":"Lancement de la semaine internationale des archives - Gabon Nouvelle Vision","isPartOf":{"@id":"https:\/\/gabonnouvellevision.com\/gnv\/#website"},"primaryImageOfPage":{"@id":"https:\/\/gabonnouvellevision.com\/gnv\/2025\/06\/11\/lancement-de-la-semaine-internationale-des-archives\/#primaryimage"},"image":{"@id":"https:\/\/gabonnouvellevision.com\/gnv\/2025\/06\/11\/lancement-de-la-semaine-internationale-des-archives\/#primaryimage"},"thumbnailUrl":"https:\/\/gabonnouvellevision.com\/gnv\/wp-content\/uploads\/2025\/06\/WhatsApp-Image-2025-06-11-a-10.31.02_3a826507.jpg","datePublished":"2025-06-11T09:54:43+00:00","dateModified":"2025-06-11T09:56:33+00:00","breadcrumb":{"@id":"https:\/\/gabonnouvellevision.com\/gnv\/2025\/06\/11\/lancement-de-la-semaine-internationale-des-archives\/#breadcrumb"},"inLanguage":"fr-FR","potentialAction":[{"@type":"ReadAction","target":["https:\/\/gabonnouvellevision.com\/gnv\/2025\/06\/11\/lancement-de-la-semaine-internationale-des-archives\/"]}]},{"@type":"ImageObject","inLanguage":"fr-FR","@id":"https:\/\/gabonnouvellevision.com\/gnv\/2025\/06\/11\/lancement-de-la-semaine-internationale-des-archives\/#primaryimage","url":"https:\/\/gabonnouvellevision.com\/gnv\/wp-content\/uploads\/2025\/06\/WhatsApp-Image-2025-06-11-a-10.31.02_3a826507.jpg","contentUrl":"https:\/\/gabonnouvellevision.com\/gnv\/wp-content\/uploads\/2025\/06\/WhatsApp-Image-2025-06-11-a-10.31.02_3a826507.jpg","width":707,"height":1000},{"@type":"BreadcrumbList","@id":"https:\/\/gabonnouvellevision.com\/gnv\/2025\/06\/11\/lancement-de-la-semaine-internationale-des-archives\/#breadcrumb","itemListElement":[{"@type":"ListItem","position":1,"name":"Accueil","item":"https:\/\/gabonnouvellevision.com\/gnv\/"},{"@type":"ListItem","position":2,"name":"Lancement de la semaine internationale des archives"}]},{"@type":"WebSite","@id":"https:\/\/gabonnouvellevision.com\/gnv\/#website","url":"https:\/\/gabonnouvellevision.com\/gnv\/","name":"Gabon Nouvelle Vision","description":"","publisher":{"@id":"https:\/\/gabonnouvellevision.com\/gnv\/#organization"},"potentialAction":[{"@type":"SearchAction","target":{"@type":"EntryPoint","urlTemplate":"https:\/\/gabonnouvellevision.com\/gnv\/?s={search_term_string}"},"query-input":{"@type":"PropertyValueSpecification","valueRequired":true,"valueName":"search_term_string"}}],"inLanguage":"fr-FR"},{"@type":"Organization","@id":"https:\/\/gabonnouvellevision.com\/gnv\/#organization","name":"Gabon Nouvelle Vision","url":"https:\/\/gabonnouvellevision.com\/gnv\/","logo":{"@type":"ImageObject","inLanguage":"fr-FR","@id":"https:\/\/gabonnouvellevision.com\/gnv\/#\/schema\/logo\/image\/","url":"https:\/\/gabonnouvellevision.com\/gnv\/wp-content\/uploads\/2025\/01\/logo-text_Plan-de-travail-1.png","contentUrl":"https:\/\/gabonnouvellevision.com\/gnv\/wp-content\/uploads\/2025\/01\/logo-text_Plan-de-travail-1.png","width":7169,"height":2390,"caption":"Gabon Nouvelle Vision"},"image":{"@id":"https:\/\/gabonnouvellevision.com\/gnv\/#\/schema\/logo\/image\/"},"sameAs":["https:\/\/www.facebook.com\/GNVofficiel"]},{"@type":"Person","@id":"https:\/\/gabonnouvellevision.com\/gnv\/#\/schema\/person\/4b48e07d222f83c0285affc3704bc899","name":"Eyeng Obame","image":{"@type":"ImageObject","inLanguage":"fr-FR","@id":"https:\/\/gabonnouvellevision.com\/gnv\/#\/schema\/person\/image\/","url":"https:\/\/secure.gravatar.com\/avatar\/167bc03b8baf3c77318a47159f80871de6f5a6cbf4bc8b6af750fbc1a369d7bf?s=96&d=mm&r=g","contentUrl":"https:\/\/secure.gravatar.com\/avatar\/167bc03b8baf3c77318a47159f80871de6f5a6cbf4bc8b6af750fbc1a369d7bf?s=96&d=mm&r=g","caption":"Eyeng Obame"},"url":"https:\/\/gabonnouvellevision.com\/gnv\/author\/rufin\/"}]}},"_links":{"self":[{"href":"https:\/\/gabonnouvellevision.com\/gnv\/wp-json\/wp\/v2\/posts\/23996","targetHints":{"allow":["GET"]}}],"collection":[{"href":"https:\/\/gabonnouvellevision.com\/gnv\/wp-json\/wp\/v2\/posts"}],"about":[{"href":"https:\/\/gabonnouvellevision.com\/gnv\/wp-json\/wp\/v2\/types\/post"}],"author":[{"embeddable":true,"href":"https:\/\/gabonnouvellevision.com\/gnv\/wp-json\/wp\/v2\/users\/7"}],"replies":[{"embeddable":true,"href":"https:\/\/gabonnouvellevision.com\/gnv\/wp-json\/wp\/v2\/comments?post=23996"}],"version-history":[{"count":2,"href":"https:\/\/gabonnouvellevision.com\/gnv\/wp-json\/wp\/v2\/posts\/23996\/revisions"}],"predecessor-version":[{"id":23999,"href":"https:\/\/gabonnouvellevision.com\/gnv\/wp-json\/wp\/v2\/posts\/23996\/revisions\/23999"}],"wp:featuredmedia":[{"embeddable":true,"href":"https:\/\/gabonnouvellevision.com\/gnv\/wp-json\/wp\/v2\/media\/23997"}],"wp:attachment":[{"href":"https:\/\/gabonnouvellevision.com\/gnv\/wp-json\/wp\/v2\/media?parent=23996"}],"wp:term":[{"taxonomy":"category","embeddable":true,"href":"https:\/\/gabonnouvellevision.com\/gnv\/wp-json\/wp\/v2\/categories?post=23996"},{"taxonomy":"post_tag","embeddable":true,"href":"https:\/\/gabonnouvellevision.com\/gnv\/wp-json\/wp\/v2\/tags?post=23996"}],"curies":[{"name":"wp","href":"https:\/\/api.w.org\/{rel}","templated":true}]}}