{"id":23986,"date":"2025-06-05T14:33:02","date_gmt":"2025-06-05T12:33:02","guid":{"rendered":"https:\/\/gabonnouvellevision.com\/gnv\/?p=23986"},"modified":"2025-06-05T14:33:04","modified_gmt":"2025-06-05T12:33:04","slug":"cooperation-gabon-guinee-equatoriale-les-presidents-oligui-nguema-et-obiang-nguema-pour-une-resolution-pacifique-et-definitive-du-dossier-mbanie","status":"publish","type":"post","link":"https:\/\/gabonnouvellevision.com\/gnv\/2025\/06\/05\/cooperation-gabon-guinee-equatoriale-les-presidents-oligui-nguema-et-obiang-nguema-pour-une-resolution-pacifique-et-definitive-du-dossier-mbanie\/","title":{"rendered":"Coop\u00e9ration Gabon-Guin\u00e9e \u00e9quatoriale: Les Pr\u00e9sidents Oligui Nguema et Obiang Nguema pour une r\u00e9solution pacifique et d\u00e9finitive du dossier Mbani\u00e9"},"content":{"rendered":"\n<p>Le Pr\u00e9sident Gabonais, Brice Clotaire Oligui Nguema et son homologue Equato-Guin\u00e9en, Th\u00e9odoro Obiang Nguema Mbasogo, rassurant les populations hier \u00e0 Malabo sur le climat de paix qui doit toujours r\u00e9gner entre les deux pays fr\u00e8res.@ Communication Pr\u00e9sidentielle Gabonaise<\/p>\n\n\n\n<p><em><strong>Le Pr\u00e9sident de la R\u00e9publique Gabonaise s\u00e9journe \u00e0 Malabo en Guin\u00e9e \u00e9quatoriale depuis hier pour renforcer les liens de coop\u00e9ration &nbsp;historiques et g\u00e9opolitiques avec ce pays fr\u00e8re. Et prendre part \u00e0 la 26\u00e8me session de la CEEAC. Une visite qui intervient au lendemain de l\u2019arr\u00eat de la cour internationale de Justice de la Haye qui vient de confirmer la souverainet\u00e9 de la Guin\u00e9e \u00e9quatoriale sur &nbsp;les \u00eeles Mbani\u00e9, conga et Cocotiers.<\/strong><\/em><\/p>\n\n\n\n<p>Selon la presse pr\u00e9sidentielle Gabonaise, des accords bilat\u00e9raux ont \u00e9t\u00e9 sign\u00e9 &nbsp;entre le Gabon et la Guin\u00e9e \u00e9quatoriale dans les secteurs diplomatiques, culturels, sportifs et s\u00e9curitaires. Une maturit\u00e9 diplomatique des deux chefs d\u2019Etats &nbsp;qui&nbsp; d\u00e9montre \u00e0 la face du monde que l\u2019issue du contentieux des \u00eeles Mbani\u00e9, Cocotiers et Conga, ne devrait nullement rouvrir les blessures du pass\u00e9 ou attiser des tensions st\u00e9riles entre les deux pays. \u00ab&nbsp;Le Cameroun et le Nig\u00e9ria ont su r\u00e9gler leur diff\u00e9rend frontalier dans la dignit\u00e9 et le silence. Nous devons faire de m\u00eame\u201d a exhort\u00e9 le Pr\u00e9sident Equato-Guin\u00e9en aux populations concern\u00e9es. Tout en les invitant \u00e0 s\u2019abstenir de toute pol\u00e9mique susceptible de porter atteinte \u00e0 la paix et \u00e0 la coh\u00e9sion sociale. Une posture &nbsp;d\u2019apaisement du Num\u00e9ro 1 \u00e9quato-Guin\u00e9en salu\u00e9e par le Pr\u00e9sident Gabonais, Brice Clotaire Oligui Nguema, qui souhaite \u00e0 son tour, de la mise en place prochaine d\u2019un comit\u00e9 conjoint d\u2019experts en vue de trouver une issue rapide, pacifique, consensuelle et d\u00e9finitive du dossier Mbani\u00e9.<\/p>\n\n\n\n<p>Par ailleurs, le Pr\u00e9sident Gabonais, Brice Clotaire Oligui Nguema, devra prendre part avec ses Pairs Chefs d\u2019Etat, &nbsp;aux travaux de la 26\u00e8me session de la CEEAC&nbsp;qui s\u2019ouvrent le 07 juin \u00e0 Malabo.<\/p>\n\n\n\n<p><strong>Rufin Martial Oke Nze<\/strong><\/p>\n","protected":false},"excerpt":{"rendered":"<p>Le Pr\u00e9sident Gabonais, Brice Clotaire Oligui Nguema et son homologue Equato-Guin\u00e9en, Th\u00e9odoro Obiang Nguema Mbasogo, rassurant les populations hier \u00e0 Malabo sur le climat de paix qui doit toujours r\u00e9gner entre les deux pays fr\u00e8res.@ Communication Pr\u00e9sidentielle Gabonaise Le Pr\u00e9sident de la R\u00e9publique Gabonaise s\u00e9journe \u00e0 Malabo en Guin\u00e9e \u00e9quatoriale depuis hier pour renforcer les [&hellip;]<\/p>\n","protected":false},"author":7,"featured_media":23987,"comment_status":"open","ping_status":"open","sticky":false,"template":"","format":"standard","meta":{"footnotes":""},"categories":[57,55,66],"tags":[],"class_list":["post-23986","post","type-post","status-publish","format-standard","has-post-thumbnail","hentry","category-a-la-une","category-actualites","category-diplomatie"],"yoast_head":"<!-- This site is optimized with the Yoast SEO plugin v24.2 - https:\/\/yoast.com\/wordpress\/plugins\/seo\/ -->\n<title>Coop\u00e9ration Gabon-Guin\u00e9e \u00e9quatoriale: Les Pr\u00e9sidents Oligui Nguema et Obiang Nguema pour une r\u00e9solution pacifique et d\u00e9finitive du dossier Mbani\u00e9 - Gabon Nouvelle Vision<\/title>\n<meta name=\"robots\" content=\"index, follow, max-snippet:-1, max-image-preview:large, max-video-preview:-1\" \/>\n<link rel=\"canonical\" href=\"https:\/\/gabonnouvellevision.com\/gnv\/2025\/06\/05\/cooperation-gabon-guinee-equatoriale-les-presidents-oligui-nguema-et-obiang-nguema-pour-une-resolution-pacifique-et-definitive-du-dossier-mbanie\/\" \/>\n<meta property=\"og:locale\" content=\"fr_FR\" \/>\n<meta property=\"og:type\" content=\"article\" \/>\n<meta property=\"og:title\" content=\"Coop\u00e9ration Gabon-Guin\u00e9e \u00e9quatoriale: Les Pr\u00e9sidents Oligui Nguema et Obiang Nguema pour une r\u00e9solution pacifique et d\u00e9finitive du dossier Mbani\u00e9 - Gabon Nouvelle Vision\" \/>\n<meta property=\"og:description\" content=\"Le Pr\u00e9sident Gabonais, Brice Clotaire Oligui Nguema et son homologue Equato-Guin\u00e9en, Th\u00e9odoro Obiang Nguema Mbasogo, rassurant les populations hier \u00e0 Malabo sur le climat de paix qui doit toujours r\u00e9gner entre les deux pays fr\u00e8res.@ Communication Pr\u00e9sidentielle Gabonaise Le Pr\u00e9sident de la R\u00e9publique Gabonaise s\u00e9journe \u00e0 Malabo en Guin\u00e9e \u00e9quatoriale depuis hier pour renforcer les [&hellip;]\" \/>\n<meta property=\"og:url\" content=\"https:\/\/gabonnouvellevision.com\/gnv\/2025\/06\/05\/cooperation-gabon-guinee-equatoriale-les-presidents-oligui-nguema-et-obiang-nguema-pour-une-resolution-pacifique-et-definitive-du-dossier-mbanie\/\" \/>\n<meta property=\"og:site_name\" content=\"Gabon Nouvelle Vision\" \/>\n<meta property=\"article:publisher\" content=\"https:\/\/www.facebook.com\/GNVofficiel\" \/>\n<meta property=\"article:published_time\" content=\"2025-06-05T12:33:02+00:00\" \/>\n<meta property=\"article:modified_time\" content=\"2025-06-05T12:33:04+00:00\" \/>\n<meta property=\"og:image\" content=\"https:\/\/gabonnouvellevision.com\/gnv\/wp-content\/uploads\/2025\/06\/Gabon_Guinee1.jpg\" \/>\n\t<meta property=\"og:image:width\" content=\"640\" \/>\n\t<meta property=\"og:image:height\" content=\"390\" \/>\n\t<meta property=\"og:image:type\" content=\"image\/jpeg\" \/>\n<meta name=\"author\" content=\"Eyeng Obame\" \/>\n<meta name=\"twitter:card\" content=\"summary_large_image\" \/>\n<meta name=\"twitter:label1\" content=\"\u00c9crit par\" \/>\n\t<meta name=\"twitter:data1\" content=\"Eyeng Obame\" \/>\n\t<meta name=\"twitter:label2\" content=\"Dur\u00e9e de lecture estim\u00e9e\" \/>\n\t<meta name=\"twitter:data2\" content=\"2 minutes\" \/>\n<script type=\"application\/ld+json\" class=\"yoast-schema-graph\">{\"@context\":\"https:\/\/schema.org\",\"@graph\":[{\"@type\":\"Article\",\"@id\":\"https:\/\/gabonnouvellevision.com\/gnv\/2025\/06\/05\/cooperation-gabon-guinee-equatoriale-les-presidents-oligui-nguema-et-obiang-nguema-pour-une-resolution-pacifique-et-definitive-du-dossier-mbanie\/#article\",\"isPartOf\":{\"@id\":\"https:\/\/gabonnouvellevision.com\/gnv\/2025\/06\/05\/cooperation-gabon-guinee-equatoriale-les-presidents-oligui-nguema-et-obiang-nguema-pour-une-resolution-pacifique-et-definitive-du-dossier-mbanie\/\"},\"author\":{\"name\":\"Eyeng Obame\",\"@id\":\"https:\/\/gabonnouvellevision.com\/gnv\/#\/schema\/person\/4b48e07d222f83c0285affc3704bc899\"},\"headline\":\"Coop\u00e9ration Gabon-Guin\u00e9e \u00e9quatoriale: Les Pr\u00e9sidents Oligui Nguema et Obiang Nguema pour une r\u00e9solution pacifique et d\u00e9finitive du dossier Mbani\u00e9\",\"datePublished\":\"2025-06-05T12:33:02+00:00\",\"dateModified\":\"2025-06-05T12:33:04+00:00\",\"mainEntityOfPage\":{\"@id\":\"https:\/\/gabonnouvellevision.com\/gnv\/2025\/06\/05\/cooperation-gabon-guinee-equatoriale-les-presidents-oligui-nguema-et-obiang-nguema-pour-une-resolution-pacifique-et-definitive-du-dossier-mbanie\/\"},\"wordCount\":376,\"commentCount\":0,\"publisher\":{\"@id\":\"https:\/\/gabonnouvellevision.com\/gnv\/#organization\"},\"image\":{\"@id\":\"https:\/\/gabonnouvellevision.com\/gnv\/2025\/06\/05\/cooperation-gabon-guinee-equatoriale-les-presidents-oligui-nguema-et-obiang-nguema-pour-une-resolution-pacifique-et-definitive-du-dossier-mbanie\/#primaryimage\"},\"thumbnailUrl\":\"https:\/\/gabonnouvellevision.com\/gnv\/wp-content\/uploads\/2025\/06\/Gabon_Guinee1.jpg\",\"articleSection\":[\"A la une\",\"Actualites\",\"Diplomatie\"],\"inLanguage\":\"fr-FR\",\"potentialAction\":[{\"@type\":\"CommentAction\",\"name\":\"Comment\",\"target\":[\"https:\/\/gabonnouvellevision.com\/gnv\/2025\/06\/05\/cooperation-gabon-guinee-equatoriale-les-presidents-oligui-nguema-et-obiang-nguema-pour-une-resolution-pacifique-et-definitive-du-dossier-mbanie\/#respond\"]}]},{\"@type\":\"WebPage\",\"@id\":\"https:\/\/gabonnouvellevision.com\/gnv\/2025\/06\/05\/cooperation-gabon-guinee-equatoriale-les-presidents-oligui-nguema-et-obiang-nguema-pour-une-resolution-pacifique-et-definitive-du-dossier-mbanie\/\",\"url\":\"https:\/\/gabonnouvellevision.com\/gnv\/2025\/06\/05\/cooperation-gabon-guinee-equatoriale-les-presidents-oligui-nguema-et-obiang-nguema-pour-une-resolution-pacifique-et-definitive-du-dossier-mbanie\/\",\"name\":\"Coop\u00e9ration Gabon-Guin\u00e9e \u00e9quatoriale: Les Pr\u00e9sidents Oligui Nguema et Obiang Nguema pour une r\u00e9solution pacifique et d\u00e9finitive du dossier Mbani\u00e9 - Gabon Nouvelle Vision\",\"isPartOf\":{\"@id\":\"https:\/\/gabonnouvellevision.com\/gnv\/#website\"},\"primaryImageOfPage\":{\"@id\":\"https:\/\/gabonnouvellevision.com\/gnv\/2025\/06\/05\/cooperation-gabon-guinee-equatoriale-les-presidents-oligui-nguema-et-obiang-nguema-pour-une-resolution-pacifique-et-definitive-du-dossier-mbanie\/#primaryimage\"},\"image\":{\"@id\":\"https:\/\/gabonnouvellevision.com\/gnv\/2025\/06\/05\/cooperation-gabon-guinee-equatoriale-les-presidents-oligui-nguema-et-obiang-nguema-pour-une-resolution-pacifique-et-definitive-du-dossier-mbanie\/#primaryimage\"},\"thumbnailUrl\":\"https:\/\/gabonnouvellevision.com\/gnv\/wp-content\/uploads\/2025\/06\/Gabon_Guinee1.jpg\",\"datePublished\":\"2025-06-05T12:33:02+00:00\",\"dateModified\":\"2025-06-05T12:33:04+00:00\",\"breadcrumb\":{\"@id\":\"https:\/\/gabonnouvellevision.com\/gnv\/2025\/06\/05\/cooperation-gabon-guinee-equatoriale-les-presidents-oligui-nguema-et-obiang-nguema-pour-une-resolution-pacifique-et-definitive-du-dossier-mbanie\/#breadcrumb\"},\"inLanguage\":\"fr-FR\",\"potentialAction\":[{\"@type\":\"ReadAction\",\"target\":[\"https:\/\/gabonnouvellevision.com\/gnv\/2025\/06\/05\/cooperation-gabon-guinee-equatoriale-les-presidents-oligui-nguema-et-obiang-nguema-pour-une-resolution-pacifique-et-definitive-du-dossier-mbanie\/\"]}]},{\"@type\":\"ImageObject\",\"inLanguage\":\"fr-FR\",\"@id\":\"https:\/\/gabonnouvellevision.com\/gnv\/2025\/06\/05\/cooperation-gabon-guinee-equatoriale-les-presidents-oligui-nguema-et-obiang-nguema-pour-une-resolution-pacifique-et-definitive-du-dossier-mbanie\/#primaryimage\",\"url\":\"https:\/\/gabonnouvellevision.com\/gnv\/wp-content\/uploads\/2025\/06\/Gabon_Guinee1.jpg\",\"contentUrl\":\"https:\/\/gabonnouvellevision.com\/gnv\/wp-content\/uploads\/2025\/06\/Gabon_Guinee1.jpg\",\"width\":640,\"height\":390},{\"@type\":\"BreadcrumbList\",\"@id\":\"https:\/\/gabonnouvellevision.com\/gnv\/2025\/06\/05\/cooperation-gabon-guinee-equatoriale-les-presidents-oligui-nguema-et-obiang-nguema-pour-une-resolution-pacifique-et-definitive-du-dossier-mbanie\/#breadcrumb\",\"itemListElement\":[{\"@type\":\"ListItem\",\"position\":1,\"name\":\"Accueil\",\"item\":\"https:\/\/gabonnouvellevision.com\/gnv\/\"},{\"@type\":\"ListItem\",\"position\":2,\"name\":\"Coop\u00e9ration Gabon-Guin\u00e9e \u00e9quatoriale: Les Pr\u00e9sidents Oligui Nguema et Obiang Nguema pour une r\u00e9solution pacifique et d\u00e9finitive du dossier Mbani\u00e9\"}]},{\"@type\":\"WebSite\",\"@id\":\"https:\/\/gabonnouvellevision.com\/gnv\/#website\",\"url\":\"https:\/\/gabonnouvellevision.com\/gnv\/\",\"name\":\"Gabon Nouvelle Vision\",\"description\":\"\",\"publisher\":{\"@id\":\"https:\/\/gabonnouvellevision.com\/gnv\/#organization\"},\"potentialAction\":[{\"@type\":\"SearchAction\",\"target\":{\"@type\":\"EntryPoint\",\"urlTemplate\":\"https:\/\/gabonnouvellevision.com\/gnv\/?s={search_term_string}\"},\"query-input\":{\"@type\":\"PropertyValueSpecification\",\"valueRequired\":true,\"valueName\":\"search_term_string\"}}],\"inLanguage\":\"fr-FR\"},{\"@type\":\"Organization\",\"@id\":\"https:\/\/gabonnouvellevision.com\/gnv\/#organization\",\"name\":\"Gabon Nouvelle Vision\",\"url\":\"https:\/\/gabonnouvellevision.com\/gnv\/\",\"logo\":{\"@type\":\"ImageObject\",\"inLanguage\":\"fr-FR\",\"@id\":\"https:\/\/gabonnouvellevision.com\/gnv\/#\/schema\/logo\/image\/\",\"url\":\"https:\/\/gabonnouvellevision.com\/gnv\/wp-content\/uploads\/2025\/01\/logo-text_Plan-de-travail-1.png\",\"contentUrl\":\"https:\/\/gabonnouvellevision.com\/gnv\/wp-content\/uploads\/2025\/01\/logo-text_Plan-de-travail-1.png\",\"width\":7169,\"height\":2390,\"caption\":\"Gabon Nouvelle Vision\"},\"image\":{\"@id\":\"https:\/\/gabonnouvellevision.com\/gnv\/#\/schema\/logo\/image\/\"},\"sameAs\":[\"https:\/\/www.facebook.com\/GNVofficiel\"]},{\"@type\":\"Person\",\"@id\":\"https:\/\/gabonnouvellevision.com\/gnv\/#\/schema\/person\/4b48e07d222f83c0285affc3704bc899\",\"name\":\"Eyeng Obame\",\"image\":{\"@type\":\"ImageObject\",\"inLanguage\":\"fr-FR\",\"@id\":\"https:\/\/gabonnouvellevision.com\/gnv\/#\/schema\/person\/image\/\",\"url\":\"https:\/\/secure.gravatar.com\/avatar\/167bc03b8baf3c77318a47159f80871de6f5a6cbf4bc8b6af750fbc1a369d7bf?s=96&d=mm&r=g\",\"contentUrl\":\"https:\/\/secure.gravatar.com\/avatar\/167bc03b8baf3c77318a47159f80871de6f5a6cbf4bc8b6af750fbc1a369d7bf?s=96&d=mm&r=g\",\"caption\":\"Eyeng Obame\"},\"url\":\"https:\/\/gabonnouvellevision.com\/gnv\/author\/rufin\/\"}]}<\/script>\n<!-- \/ Yoast SEO plugin. -->","yoast_head_json":{"title":"Coop\u00e9ration Gabon-Guin\u00e9e \u00e9quatoriale: Les Pr\u00e9sidents Oligui Nguema et Obiang Nguema pour une r\u00e9solution pacifique et d\u00e9finitive du dossier Mbani\u00e9 - Gabon Nouvelle Vision","robots":{"index":"index","follow":"follow","max-snippet":"max-snippet:-1","max-image-preview":"max-image-preview:large","max-video-preview":"max-video-preview:-1"},"canonical":"https:\/\/gabonnouvellevision.com\/gnv\/2025\/06\/05\/cooperation-gabon-guinee-equatoriale-les-presidents-oligui-nguema-et-obiang-nguema-pour-une-resolution-pacifique-et-definitive-du-dossier-mbanie\/","og_locale":"fr_FR","og_type":"article","og_title":"Coop\u00e9ration Gabon-Guin\u00e9e \u00e9quatoriale: Les Pr\u00e9sidents Oligui Nguema et Obiang Nguema pour une r\u00e9solution pacifique et d\u00e9finitive du dossier Mbani\u00e9 - Gabon Nouvelle Vision","og_description":"Le Pr\u00e9sident Gabonais, Brice Clotaire Oligui Nguema et son homologue Equato-Guin\u00e9en, Th\u00e9odoro Obiang Nguema Mbasogo, rassurant les populations hier \u00e0 Malabo sur le climat de paix qui doit toujours r\u00e9gner entre les deux pays fr\u00e8res.@ Communication Pr\u00e9sidentielle Gabonaise Le Pr\u00e9sident de la R\u00e9publique Gabonaise s\u00e9journe \u00e0 Malabo en Guin\u00e9e \u00e9quatoriale depuis hier pour renforcer les [&hellip;]","og_url":"https:\/\/gabonnouvellevision.com\/gnv\/2025\/06\/05\/cooperation-gabon-guinee-equatoriale-les-presidents-oligui-nguema-et-obiang-nguema-pour-une-resolution-pacifique-et-definitive-du-dossier-mbanie\/","og_site_name":"Gabon Nouvelle Vision","article_publisher":"https:\/\/www.facebook.com\/GNVofficiel","article_published_time":"2025-06-05T12:33:02+00:00","article_modified_time":"2025-06-05T12:33:04+00:00","og_image":[{"width":640,"height":390,"url":"https:\/\/gabonnouvellevision.com\/gnv\/wp-content\/uploads\/2025\/06\/Gabon_Guinee1.jpg","type":"image\/jpeg"}],"author":"Eyeng Obame","twitter_card":"summary_large_image","twitter_misc":{"\u00c9crit par":"Eyeng Obame","Dur\u00e9e de lecture estim\u00e9e":"2 minutes"},"schema":{"@context":"https:\/\/schema.org","@graph":[{"@type":"Article","@id":"https:\/\/gabonnouvellevision.com\/gnv\/2025\/06\/05\/cooperation-gabon-guinee-equatoriale-les-presidents-oligui-nguema-et-obiang-nguema-pour-une-resolution-pacifique-et-definitive-du-dossier-mbanie\/#article","isPartOf":{"@id":"https:\/\/gabonnouvellevision.com\/gnv\/2025\/06\/05\/cooperation-gabon-guinee-equatoriale-les-presidents-oligui-nguema-et-obiang-nguema-pour-une-resolution-pacifique-et-definitive-du-dossier-mbanie\/"},"author":{"name":"Eyeng Obame","@id":"https:\/\/gabonnouvellevision.com\/gnv\/#\/schema\/person\/4b48e07d222f83c0285affc3704bc899"},"headline":"Coop\u00e9ration Gabon-Guin\u00e9e \u00e9quatoriale: Les Pr\u00e9sidents Oligui Nguema et Obiang Nguema pour une r\u00e9solution pacifique et d\u00e9finitive du dossier Mbani\u00e9","datePublished":"2025-06-05T12:33:02+00:00","dateModified":"2025-06-05T12:33:04+00:00","mainEntityOfPage":{"@id":"https:\/\/gabonnouvellevision.com\/gnv\/2025\/06\/05\/cooperation-gabon-guinee-equatoriale-les-presidents-oligui-nguema-et-obiang-nguema-pour-une-resolution-pacifique-et-definitive-du-dossier-mbanie\/"},"wordCount":376,"commentCount":0,"publisher":{"@id":"https:\/\/gabonnouvellevision.com\/gnv\/#organization"},"image":{"@id":"https:\/\/gabonnouvellevision.com\/gnv\/2025\/06\/05\/cooperation-gabon-guinee-equatoriale-les-presidents-oligui-nguema-et-obiang-nguema-pour-une-resolution-pacifique-et-definitive-du-dossier-mbanie\/#primaryimage"},"thumbnailUrl":"https:\/\/gabonnouvellevision.com\/gnv\/wp-content\/uploads\/2025\/06\/Gabon_Guinee1.jpg","articleSection":["A la une","Actualites","Diplomatie"],"inLanguage":"fr-FR","potentialAction":[{"@type":"CommentAction","name":"Comment","target":["https:\/\/gabonnouvellevision.com\/gnv\/2025\/06\/05\/cooperation-gabon-guinee-equatoriale-les-presidents-oligui-nguema-et-obiang-nguema-pour-une-resolution-pacifique-et-definitive-du-dossier-mbanie\/#respond"]}]},{"@type":"WebPage","@id":"https:\/\/gabonnouvellevision.com\/gnv\/2025\/06\/05\/cooperation-gabon-guinee-equatoriale-les-presidents-oligui-nguema-et-obiang-nguema-pour-une-resolution-pacifique-et-definitive-du-dossier-mbanie\/","url":"https:\/\/gabonnouvellevision.com\/gnv\/2025\/06\/05\/cooperation-gabon-guinee-equatoriale-les-presidents-oligui-nguema-et-obiang-nguema-pour-une-resolution-pacifique-et-definitive-du-dossier-mbanie\/","name":"Coop\u00e9ration Gabon-Guin\u00e9e \u00e9quatoriale: Les Pr\u00e9sidents Oligui Nguema et Obiang Nguema pour une r\u00e9solution pacifique et d\u00e9finitive du dossier Mbani\u00e9 - Gabon Nouvelle Vision","isPartOf":{"@id":"https:\/\/gabonnouvellevision.com\/gnv\/#website"},"primaryImageOfPage":{"@id":"https:\/\/gabonnouvellevision.com\/gnv\/2025\/06\/05\/cooperation-gabon-guinee-equatoriale-les-presidents-oligui-nguema-et-obiang-nguema-pour-une-resolution-pacifique-et-definitive-du-dossier-mbanie\/#primaryimage"},"image":{"@id":"https:\/\/gabonnouvellevision.com\/gnv\/2025\/06\/05\/cooperation-gabon-guinee-equatoriale-les-presidents-oligui-nguema-et-obiang-nguema-pour-une-resolution-pacifique-et-definitive-du-dossier-mbanie\/#primaryimage"},"thumbnailUrl":"https:\/\/gabonnouvellevision.com\/gnv\/wp-content\/uploads\/2025\/06\/Gabon_Guinee1.jpg","datePublished":"2025-06-05T12:33:02+00:00","dateModified":"2025-06-05T12:33:04+00:00","breadcrumb":{"@id":"https:\/\/gabonnouvellevision.com\/gnv\/2025\/06\/05\/cooperation-gabon-guinee-equatoriale-les-presidents-oligui-nguema-et-obiang-nguema-pour-une-resolution-pacifique-et-definitive-du-dossier-mbanie\/#breadcrumb"},"inLanguage":"fr-FR","potentialAction":[{"@type":"ReadAction","target":["https:\/\/gabonnouvellevision.com\/gnv\/2025\/06\/05\/cooperation-gabon-guinee-equatoriale-les-presidents-oligui-nguema-et-obiang-nguema-pour-une-resolution-pacifique-et-definitive-du-dossier-mbanie\/"]}]},{"@type":"ImageObject","inLanguage":"fr-FR","@id":"https:\/\/gabonnouvellevision.com\/gnv\/2025\/06\/05\/cooperation-gabon-guinee-equatoriale-les-presidents-oligui-nguema-et-obiang-nguema-pour-une-resolution-pacifique-et-definitive-du-dossier-mbanie\/#primaryimage","url":"https:\/\/gabonnouvellevision.com\/gnv\/wp-content\/uploads\/2025\/06\/Gabon_Guinee1.jpg","contentUrl":"https:\/\/gabonnouvellevision.com\/gnv\/wp-content\/uploads\/2025\/06\/Gabon_Guinee1.jpg","width":640,"height":390},{"@type":"BreadcrumbList","@id":"https:\/\/gabonnouvellevision.com\/gnv\/2025\/06\/05\/cooperation-gabon-guinee-equatoriale-les-presidents-oligui-nguema-et-obiang-nguema-pour-une-resolution-pacifique-et-definitive-du-dossier-mbanie\/#breadcrumb","itemListElement":[{"@type":"ListItem","position":1,"name":"Accueil","item":"https:\/\/gabonnouvellevision.com\/gnv\/"},{"@type":"ListItem","position":2,"name":"Coop\u00e9ration Gabon-Guin\u00e9e \u00e9quatoriale: Les Pr\u00e9sidents Oligui Nguema et Obiang Nguema pour une r\u00e9solution pacifique et d\u00e9finitive du dossier Mbani\u00e9"}]},{"@type":"WebSite","@id":"https:\/\/gabonnouvellevision.com\/gnv\/#website","url":"https:\/\/gabonnouvellevision.com\/gnv\/","name":"Gabon Nouvelle Vision","description":"","publisher":{"@id":"https:\/\/gabonnouvellevision.com\/gnv\/#organization"},"potentialAction":[{"@type":"SearchAction","target":{"@type":"EntryPoint","urlTemplate":"https:\/\/gabonnouvellevision.com\/gnv\/?s={search_term_string}"},"query-input":{"@type":"PropertyValueSpecification","valueRequired":true,"valueName":"search_term_string"}}],"inLanguage":"fr-FR"},{"@type":"Organization","@id":"https:\/\/gabonnouvellevision.com\/gnv\/#organization","name":"Gabon Nouvelle Vision","url":"https:\/\/gabonnouvellevision.com\/gnv\/","logo":{"@type":"ImageObject","inLanguage":"fr-FR","@id":"https:\/\/gabonnouvellevision.com\/gnv\/#\/schema\/logo\/image\/","url":"https:\/\/gabonnouvellevision.com\/gnv\/wp-content\/uploads\/2025\/01\/logo-text_Plan-de-travail-1.png","contentUrl":"https:\/\/gabonnouvellevision.com\/gnv\/wp-content\/uploads\/2025\/01\/logo-text_Plan-de-travail-1.png","width":7169,"height":2390,"caption":"Gabon Nouvelle Vision"},"image":{"@id":"https:\/\/gabonnouvellevision.com\/gnv\/#\/schema\/logo\/image\/"},"sameAs":["https:\/\/www.facebook.com\/GNVofficiel"]},{"@type":"Person","@id":"https:\/\/gabonnouvellevision.com\/gnv\/#\/schema\/person\/4b48e07d222f83c0285affc3704bc899","name":"Eyeng Obame","image":{"@type":"ImageObject","inLanguage":"fr-FR","@id":"https:\/\/gabonnouvellevision.com\/gnv\/#\/schema\/person\/image\/","url":"https:\/\/secure.gravatar.com\/avatar\/167bc03b8baf3c77318a47159f80871de6f5a6cbf4bc8b6af750fbc1a369d7bf?s=96&d=mm&r=g","contentUrl":"https:\/\/secure.gravatar.com\/avatar\/167bc03b8baf3c77318a47159f80871de6f5a6cbf4bc8b6af750fbc1a369d7bf?s=96&d=mm&r=g","caption":"Eyeng Obame"},"url":"https:\/\/gabonnouvellevision.com\/gnv\/author\/rufin\/"}]}},"_links":{"self":[{"href":"https:\/\/gabonnouvellevision.com\/gnv\/wp-json\/wp\/v2\/posts\/23986","targetHints":{"allow":["GET"]}}],"collection":[{"href":"https:\/\/gabonnouvellevision.com\/gnv\/wp-json\/wp\/v2\/posts"}],"about":[{"href":"https:\/\/gabonnouvellevision.com\/gnv\/wp-json\/wp\/v2\/types\/post"}],"author":[{"embeddable":true,"href":"https:\/\/gabonnouvellevision.com\/gnv\/wp-json\/wp\/v2\/users\/7"}],"replies":[{"embeddable":true,"href":"https:\/\/gabonnouvellevision.com\/gnv\/wp-json\/wp\/v2\/comments?post=23986"}],"version-history":[{"count":1,"href":"https:\/\/gabonnouvellevision.com\/gnv\/wp-json\/wp\/v2\/posts\/23986\/revisions"}],"predecessor-version":[{"id":23988,"href":"https:\/\/gabonnouvellevision.com\/gnv\/wp-json\/wp\/v2\/posts\/23986\/revisions\/23988"}],"wp:featuredmedia":[{"embeddable":true,"href":"https:\/\/gabonnouvellevision.com\/gnv\/wp-json\/wp\/v2\/media\/23987"}],"wp:attachment":[{"href":"https:\/\/gabonnouvellevision.com\/gnv\/wp-json\/wp\/v2\/media?parent=23986"}],"wp:term":[{"taxonomy":"category","embeddable":true,"href":"https:\/\/gabonnouvellevision.com\/gnv\/wp-json\/wp\/v2\/categories?post=23986"},{"taxonomy":"post_tag","embeddable":true,"href":"https:\/\/gabonnouvellevision.com\/gnv\/wp-json\/wp\/v2\/tags?post=23986"}],"curies":[{"name":"wp","href":"https:\/\/api.w.org\/{rel}","templated":true}]}}