{"id":23983,"date":"2025-06-05T12:22:40","date_gmt":"2025-06-05T10:22:40","guid":{"rendered":"https:\/\/gabonnouvellevision.com\/gnv\/?p=23983"},"modified":"2025-06-05T12:22:42","modified_gmt":"2025-06-05T10:22:42","slug":"debut-du-cep-2025-au-gabon","status":"publish","type":"post","link":"https:\/\/gabonnouvellevision.com\/gnv\/2025\/06\/05\/debut-du-cep-2025-au-gabon\/","title":{"rendered":"D\u00e9but du CEP 2025 au Gabon"},"content":{"rendered":"\n<p><em><strong>Les \u00e9l\u00e8ves de 5\u00e8me ann\u00e9e du Gabon passent le Certificat d&rsquo;\u00e9tudes Primaires ce jeudi 05 juin sur toute l&rsquo;\u00e9tendue du territoire national. Un examen plac\u00e9 sous haute surveillance administrative et polici\u00e8re pour lutter efficacement contre toute tentative de fraude.<\/strong><\/em><\/p>\n\n\n\n<p>&nbsp;Plus de 50000 candidats prennent part \u00e0 cet examen cette ann\u00e9e sur l&rsquo;ensemble du territoire national. Le CEP est le premier dipl\u00f4me du syst\u00e8me \u00e9ducatif Gabonais qui sanctionne la fin des \u00e9tudes dans le cycle primaire. Ce dipl\u00f4me obtenu par les \u00e9l\u00e8ves de 5eme ann\u00e9e ouvre aussi les portes de l&rsquo;enseignement secondaire, notamment la classe de 6eme, en tenant compte de la moyenne de classe annuelle de l&rsquo;apprenant. En 2024, le taux de r\u00e9ussite national au CEP \u00e9tait de 92,21% sur 49726 candidats en lice. Et qu&rsquo;en sera-t-il cette ann\u00e9e? La r\u00e9ponse \u00e0 cette interrogation sera connue sous peu \u00e0 l&rsquo;issue des r\u00e9sultats publi\u00e9s sur les plates-formes num\u00e9riques officielles des examens \u00e0 savoir: Xgest et Akewa.<\/p>\n\n\n\n<p>Des milliers de surveillants et de forces de l\u2019ordre ont \u00e9t\u00e9 mobilis\u00e9 dans les diff\u00e9rents centres d\u2019examens du Gabon pour lutter efficacement contre toute tentative de fraude.<\/p>\n\n\n\n<p>Un renfort des mesures de s\u00e9curit\u00e9 qui vise \u00e0 revaloriser cet examen dans le syst\u00e8me \u00e9ducatif Gabonais.<\/p>\n\n\n\n<p><strong>RMON<\/strong><\/p>\n","protected":false},"excerpt":{"rendered":"<p>Les \u00e9l\u00e8ves de 5\u00e8me ann\u00e9e du Gabon passent le Certificat d&rsquo;\u00e9tudes Primaires ce jeudi 05 juin sur toute l&rsquo;\u00e9tendue du territoire national. Un examen plac\u00e9 sous haute surveillance administrative et polici\u00e8re pour lutter efficacement contre toute tentative de fraude. &nbsp;Plus de 50000 candidats prennent part \u00e0 cet examen cette ann\u00e9e sur l&rsquo;ensemble du territoire national. [&hellip;]<\/p>\n","protected":false},"author":7,"featured_media":23984,"comment_status":"open","ping_status":"open","sticky":false,"template":"","format":"standard","meta":{"footnotes":""},"categories":[57,55,56],"tags":[],"class_list":["post-23983","post","type-post","status-publish","format-standard","has-post-thumbnail","hentry","category-a-la-une","category-actualites","category-societe"],"yoast_head":"<!-- This site is optimized with the Yoast SEO plugin v24.2 - https:\/\/yoast.com\/wordpress\/plugins\/seo\/ -->\n<title>D\u00e9but du CEP 2025 au Gabon - Gabon Nouvelle Vision<\/title>\n<meta name=\"robots\" content=\"index, follow, max-snippet:-1, max-image-preview:large, max-video-preview:-1\" \/>\n<link rel=\"canonical\" href=\"https:\/\/gabonnouvellevision.com\/gnv\/2025\/06\/05\/debut-du-cep-2025-au-gabon\/\" \/>\n<meta property=\"og:locale\" content=\"fr_FR\" \/>\n<meta property=\"og:type\" content=\"article\" \/>\n<meta property=\"og:title\" content=\"D\u00e9but du CEP 2025 au Gabon - Gabon Nouvelle Vision\" \/>\n<meta property=\"og:description\" content=\"Les \u00e9l\u00e8ves de 5\u00e8me ann\u00e9e du Gabon passent le Certificat d&rsquo;\u00e9tudes Primaires ce jeudi 05 juin sur toute l&rsquo;\u00e9tendue du territoire national. Un examen plac\u00e9 sous haute surveillance administrative et polici\u00e8re pour lutter efficacement contre toute tentative de fraude. &nbsp;Plus de 50000 candidats prennent part \u00e0 cet examen cette ann\u00e9e sur l&rsquo;ensemble du territoire national. [&hellip;]\" \/>\n<meta property=\"og:url\" content=\"https:\/\/gabonnouvellevision.com\/gnv\/2025\/06\/05\/debut-du-cep-2025-au-gabon\/\" \/>\n<meta property=\"og:site_name\" content=\"Gabon Nouvelle Vision\" \/>\n<meta property=\"article:publisher\" content=\"https:\/\/www.facebook.com\/GNVofficiel\" \/>\n<meta property=\"article:published_time\" content=\"2025-06-05T10:22:40+00:00\" \/>\n<meta property=\"article:modified_time\" content=\"2025-06-05T10:22:42+00:00\" \/>\n<meta property=\"og:image\" content=\"https:\/\/gabonnouvellevision.com\/gnv\/wp-content\/uploads\/2025\/06\/WhatsApp-Image-2024-05-14-at-12.27.21.jpeg\" \/>\n\t<meta property=\"og:image:width\" content=\"1020\" \/>\n\t<meta property=\"og:image:height\" content=\"641\" \/>\n\t<meta property=\"og:image:type\" content=\"image\/jpeg\" \/>\n<meta name=\"author\" content=\"Eyeng Obame\" \/>\n<meta name=\"twitter:card\" content=\"summary_large_image\" \/>\n<meta name=\"twitter:label1\" content=\"\u00c9crit par\" \/>\n\t<meta name=\"twitter:data1\" content=\"Eyeng Obame\" \/>\n\t<meta name=\"twitter:label2\" content=\"Dur\u00e9e de lecture estim\u00e9e\" \/>\n\t<meta name=\"twitter:data2\" content=\"2 minutes\" \/>\n<script type=\"application\/ld+json\" class=\"yoast-schema-graph\">{\"@context\":\"https:\/\/schema.org\",\"@graph\":[{\"@type\":\"Article\",\"@id\":\"https:\/\/gabonnouvellevision.com\/gnv\/2025\/06\/05\/debut-du-cep-2025-au-gabon\/#article\",\"isPartOf\":{\"@id\":\"https:\/\/gabonnouvellevision.com\/gnv\/2025\/06\/05\/debut-du-cep-2025-au-gabon\/\"},\"author\":{\"name\":\"Eyeng Obame\",\"@id\":\"https:\/\/gabonnouvellevision.com\/gnv\/#\/schema\/person\/4b48e07d222f83c0285affc3704bc899\"},\"headline\":\"D\u00e9but du CEP 2025 au Gabon\",\"datePublished\":\"2025-06-05T10:22:40+00:00\",\"dateModified\":\"2025-06-05T10:22:42+00:00\",\"mainEntityOfPage\":{\"@id\":\"https:\/\/gabonnouvellevision.com\/gnv\/2025\/06\/05\/debut-du-cep-2025-au-gabon\/\"},\"wordCount\":219,\"commentCount\":0,\"publisher\":{\"@id\":\"https:\/\/gabonnouvellevision.com\/gnv\/#organization\"},\"image\":{\"@id\":\"https:\/\/gabonnouvellevision.com\/gnv\/2025\/06\/05\/debut-du-cep-2025-au-gabon\/#primaryimage\"},\"thumbnailUrl\":\"https:\/\/gabonnouvellevision.com\/gnv\/wp-content\/uploads\/2025\/06\/WhatsApp-Image-2024-05-14-at-12.27.21.jpeg\",\"articleSection\":[\"A la une\",\"Actualites\",\"Societe\"],\"inLanguage\":\"fr-FR\",\"potentialAction\":[{\"@type\":\"CommentAction\",\"name\":\"Comment\",\"target\":[\"https:\/\/gabonnouvellevision.com\/gnv\/2025\/06\/05\/debut-du-cep-2025-au-gabon\/#respond\"]}]},{\"@type\":\"WebPage\",\"@id\":\"https:\/\/gabonnouvellevision.com\/gnv\/2025\/06\/05\/debut-du-cep-2025-au-gabon\/\",\"url\":\"https:\/\/gabonnouvellevision.com\/gnv\/2025\/06\/05\/debut-du-cep-2025-au-gabon\/\",\"name\":\"D\u00e9but du CEP 2025 au Gabon - Gabon Nouvelle Vision\",\"isPartOf\":{\"@id\":\"https:\/\/gabonnouvellevision.com\/gnv\/#website\"},\"primaryImageOfPage\":{\"@id\":\"https:\/\/gabonnouvellevision.com\/gnv\/2025\/06\/05\/debut-du-cep-2025-au-gabon\/#primaryimage\"},\"image\":{\"@id\":\"https:\/\/gabonnouvellevision.com\/gnv\/2025\/06\/05\/debut-du-cep-2025-au-gabon\/#primaryimage\"},\"thumbnailUrl\":\"https:\/\/gabonnouvellevision.com\/gnv\/wp-content\/uploads\/2025\/06\/WhatsApp-Image-2024-05-14-at-12.27.21.jpeg\",\"datePublished\":\"2025-06-05T10:22:40+00:00\",\"dateModified\":\"2025-06-05T10:22:42+00:00\",\"breadcrumb\":{\"@id\":\"https:\/\/gabonnouvellevision.com\/gnv\/2025\/06\/05\/debut-du-cep-2025-au-gabon\/#breadcrumb\"},\"inLanguage\":\"fr-FR\",\"potentialAction\":[{\"@type\":\"ReadAction\",\"target\":[\"https:\/\/gabonnouvellevision.com\/gnv\/2025\/06\/05\/debut-du-cep-2025-au-gabon\/\"]}]},{\"@type\":\"ImageObject\",\"inLanguage\":\"fr-FR\",\"@id\":\"https:\/\/gabonnouvellevision.com\/gnv\/2025\/06\/05\/debut-du-cep-2025-au-gabon\/#primaryimage\",\"url\":\"https:\/\/gabonnouvellevision.com\/gnv\/wp-content\/uploads\/2025\/06\/WhatsApp-Image-2024-05-14-at-12.27.21.jpeg\",\"contentUrl\":\"https:\/\/gabonnouvellevision.com\/gnv\/wp-content\/uploads\/2025\/06\/WhatsApp-Image-2024-05-14-at-12.27.21.jpeg\",\"width\":1020,\"height\":641},{\"@type\":\"BreadcrumbList\",\"@id\":\"https:\/\/gabonnouvellevision.com\/gnv\/2025\/06\/05\/debut-du-cep-2025-au-gabon\/#breadcrumb\",\"itemListElement\":[{\"@type\":\"ListItem\",\"position\":1,\"name\":\"Accueil\",\"item\":\"https:\/\/gabonnouvellevision.com\/gnv\/\"},{\"@type\":\"ListItem\",\"position\":2,\"name\":\"D\u00e9but du CEP 2025 au Gabon\"}]},{\"@type\":\"WebSite\",\"@id\":\"https:\/\/gabonnouvellevision.com\/gnv\/#website\",\"url\":\"https:\/\/gabonnouvellevision.com\/gnv\/\",\"name\":\"Gabon Nouvelle Vision\",\"description\":\"\",\"publisher\":{\"@id\":\"https:\/\/gabonnouvellevision.com\/gnv\/#organization\"},\"potentialAction\":[{\"@type\":\"SearchAction\",\"target\":{\"@type\":\"EntryPoint\",\"urlTemplate\":\"https:\/\/gabonnouvellevision.com\/gnv\/?s={search_term_string}\"},\"query-input\":{\"@type\":\"PropertyValueSpecification\",\"valueRequired\":true,\"valueName\":\"search_term_string\"}}],\"inLanguage\":\"fr-FR\"},{\"@type\":\"Organization\",\"@id\":\"https:\/\/gabonnouvellevision.com\/gnv\/#organization\",\"name\":\"Gabon Nouvelle Vision\",\"url\":\"https:\/\/gabonnouvellevision.com\/gnv\/\",\"logo\":{\"@type\":\"ImageObject\",\"inLanguage\":\"fr-FR\",\"@id\":\"https:\/\/gabonnouvellevision.com\/gnv\/#\/schema\/logo\/image\/\",\"url\":\"https:\/\/gabonnouvellevision.com\/gnv\/wp-content\/uploads\/2025\/01\/logo-text_Plan-de-travail-1.png\",\"contentUrl\":\"https:\/\/gabonnouvellevision.com\/gnv\/wp-content\/uploads\/2025\/01\/logo-text_Plan-de-travail-1.png\",\"width\":7169,\"height\":2390,\"caption\":\"Gabon Nouvelle Vision\"},\"image\":{\"@id\":\"https:\/\/gabonnouvellevision.com\/gnv\/#\/schema\/logo\/image\/\"},\"sameAs\":[\"https:\/\/www.facebook.com\/GNVofficiel\"]},{\"@type\":\"Person\",\"@id\":\"https:\/\/gabonnouvellevision.com\/gnv\/#\/schema\/person\/4b48e07d222f83c0285affc3704bc899\",\"name\":\"Eyeng Obame\",\"image\":{\"@type\":\"ImageObject\",\"inLanguage\":\"fr-FR\",\"@id\":\"https:\/\/gabonnouvellevision.com\/gnv\/#\/schema\/person\/image\/\",\"url\":\"https:\/\/secure.gravatar.com\/avatar\/167bc03b8baf3c77318a47159f80871de6f5a6cbf4bc8b6af750fbc1a369d7bf?s=96&d=mm&r=g\",\"contentUrl\":\"https:\/\/secure.gravatar.com\/avatar\/167bc03b8baf3c77318a47159f80871de6f5a6cbf4bc8b6af750fbc1a369d7bf?s=96&d=mm&r=g\",\"caption\":\"Eyeng Obame\"},\"url\":\"https:\/\/gabonnouvellevision.com\/gnv\/author\/rufin\/\"}]}<\/script>\n<!-- \/ Yoast SEO plugin. -->","yoast_head_json":{"title":"D\u00e9but du CEP 2025 au Gabon - Gabon Nouvelle Vision","robots":{"index":"index","follow":"follow","max-snippet":"max-snippet:-1","max-image-preview":"max-image-preview:large","max-video-preview":"max-video-preview:-1"},"canonical":"https:\/\/gabonnouvellevision.com\/gnv\/2025\/06\/05\/debut-du-cep-2025-au-gabon\/","og_locale":"fr_FR","og_type":"article","og_title":"D\u00e9but du CEP 2025 au Gabon - Gabon Nouvelle Vision","og_description":"Les \u00e9l\u00e8ves de 5\u00e8me ann\u00e9e du Gabon passent le Certificat d&rsquo;\u00e9tudes Primaires ce jeudi 05 juin sur toute l&rsquo;\u00e9tendue du territoire national. Un examen plac\u00e9 sous haute surveillance administrative et polici\u00e8re pour lutter efficacement contre toute tentative de fraude. &nbsp;Plus de 50000 candidats prennent part \u00e0 cet examen cette ann\u00e9e sur l&rsquo;ensemble du territoire national. [&hellip;]","og_url":"https:\/\/gabonnouvellevision.com\/gnv\/2025\/06\/05\/debut-du-cep-2025-au-gabon\/","og_site_name":"Gabon Nouvelle Vision","article_publisher":"https:\/\/www.facebook.com\/GNVofficiel","article_published_time":"2025-06-05T10:22:40+00:00","article_modified_time":"2025-06-05T10:22:42+00:00","og_image":[{"width":1020,"height":641,"url":"https:\/\/gabonnouvellevision.com\/gnv\/wp-content\/uploads\/2025\/06\/WhatsApp-Image-2024-05-14-at-12.27.21.jpeg","type":"image\/jpeg"}],"author":"Eyeng Obame","twitter_card":"summary_large_image","twitter_misc":{"\u00c9crit par":"Eyeng Obame","Dur\u00e9e de lecture estim\u00e9e":"2 minutes"},"schema":{"@context":"https:\/\/schema.org","@graph":[{"@type":"Article","@id":"https:\/\/gabonnouvellevision.com\/gnv\/2025\/06\/05\/debut-du-cep-2025-au-gabon\/#article","isPartOf":{"@id":"https:\/\/gabonnouvellevision.com\/gnv\/2025\/06\/05\/debut-du-cep-2025-au-gabon\/"},"author":{"name":"Eyeng Obame","@id":"https:\/\/gabonnouvellevision.com\/gnv\/#\/schema\/person\/4b48e07d222f83c0285affc3704bc899"},"headline":"D\u00e9but du CEP 2025 au Gabon","datePublished":"2025-06-05T10:22:40+00:00","dateModified":"2025-06-05T10:22:42+00:00","mainEntityOfPage":{"@id":"https:\/\/gabonnouvellevision.com\/gnv\/2025\/06\/05\/debut-du-cep-2025-au-gabon\/"},"wordCount":219,"commentCount":0,"publisher":{"@id":"https:\/\/gabonnouvellevision.com\/gnv\/#organization"},"image":{"@id":"https:\/\/gabonnouvellevision.com\/gnv\/2025\/06\/05\/debut-du-cep-2025-au-gabon\/#primaryimage"},"thumbnailUrl":"https:\/\/gabonnouvellevision.com\/gnv\/wp-content\/uploads\/2025\/06\/WhatsApp-Image-2024-05-14-at-12.27.21.jpeg","articleSection":["A la une","Actualites","Societe"],"inLanguage":"fr-FR","potentialAction":[{"@type":"CommentAction","name":"Comment","target":["https:\/\/gabonnouvellevision.com\/gnv\/2025\/06\/05\/debut-du-cep-2025-au-gabon\/#respond"]}]},{"@type":"WebPage","@id":"https:\/\/gabonnouvellevision.com\/gnv\/2025\/06\/05\/debut-du-cep-2025-au-gabon\/","url":"https:\/\/gabonnouvellevision.com\/gnv\/2025\/06\/05\/debut-du-cep-2025-au-gabon\/","name":"D\u00e9but du CEP 2025 au Gabon - Gabon Nouvelle Vision","isPartOf":{"@id":"https:\/\/gabonnouvellevision.com\/gnv\/#website"},"primaryImageOfPage":{"@id":"https:\/\/gabonnouvellevision.com\/gnv\/2025\/06\/05\/debut-du-cep-2025-au-gabon\/#primaryimage"},"image":{"@id":"https:\/\/gabonnouvellevision.com\/gnv\/2025\/06\/05\/debut-du-cep-2025-au-gabon\/#primaryimage"},"thumbnailUrl":"https:\/\/gabonnouvellevision.com\/gnv\/wp-content\/uploads\/2025\/06\/WhatsApp-Image-2024-05-14-at-12.27.21.jpeg","datePublished":"2025-06-05T10:22:40+00:00","dateModified":"2025-06-05T10:22:42+00:00","breadcrumb":{"@id":"https:\/\/gabonnouvellevision.com\/gnv\/2025\/06\/05\/debut-du-cep-2025-au-gabon\/#breadcrumb"},"inLanguage":"fr-FR","potentialAction":[{"@type":"ReadAction","target":["https:\/\/gabonnouvellevision.com\/gnv\/2025\/06\/05\/debut-du-cep-2025-au-gabon\/"]}]},{"@type":"ImageObject","inLanguage":"fr-FR","@id":"https:\/\/gabonnouvellevision.com\/gnv\/2025\/06\/05\/debut-du-cep-2025-au-gabon\/#primaryimage","url":"https:\/\/gabonnouvellevision.com\/gnv\/wp-content\/uploads\/2025\/06\/WhatsApp-Image-2024-05-14-at-12.27.21.jpeg","contentUrl":"https:\/\/gabonnouvellevision.com\/gnv\/wp-content\/uploads\/2025\/06\/WhatsApp-Image-2024-05-14-at-12.27.21.jpeg","width":1020,"height":641},{"@type":"BreadcrumbList","@id":"https:\/\/gabonnouvellevision.com\/gnv\/2025\/06\/05\/debut-du-cep-2025-au-gabon\/#breadcrumb","itemListElement":[{"@type":"ListItem","position":1,"name":"Accueil","item":"https:\/\/gabonnouvellevision.com\/gnv\/"},{"@type":"ListItem","position":2,"name":"D\u00e9but du CEP 2025 au Gabon"}]},{"@type":"WebSite","@id":"https:\/\/gabonnouvellevision.com\/gnv\/#website","url":"https:\/\/gabonnouvellevision.com\/gnv\/","name":"Gabon Nouvelle Vision","description":"","publisher":{"@id":"https:\/\/gabonnouvellevision.com\/gnv\/#organization"},"potentialAction":[{"@type":"SearchAction","target":{"@type":"EntryPoint","urlTemplate":"https:\/\/gabonnouvellevision.com\/gnv\/?s={search_term_string}"},"query-input":{"@type":"PropertyValueSpecification","valueRequired":true,"valueName":"search_term_string"}}],"inLanguage":"fr-FR"},{"@type":"Organization","@id":"https:\/\/gabonnouvellevision.com\/gnv\/#organization","name":"Gabon Nouvelle Vision","url":"https:\/\/gabonnouvellevision.com\/gnv\/","logo":{"@type":"ImageObject","inLanguage":"fr-FR","@id":"https:\/\/gabonnouvellevision.com\/gnv\/#\/schema\/logo\/image\/","url":"https:\/\/gabonnouvellevision.com\/gnv\/wp-content\/uploads\/2025\/01\/logo-text_Plan-de-travail-1.png","contentUrl":"https:\/\/gabonnouvellevision.com\/gnv\/wp-content\/uploads\/2025\/01\/logo-text_Plan-de-travail-1.png","width":7169,"height":2390,"caption":"Gabon Nouvelle Vision"},"image":{"@id":"https:\/\/gabonnouvellevision.com\/gnv\/#\/schema\/logo\/image\/"},"sameAs":["https:\/\/www.facebook.com\/GNVofficiel"]},{"@type":"Person","@id":"https:\/\/gabonnouvellevision.com\/gnv\/#\/schema\/person\/4b48e07d222f83c0285affc3704bc899","name":"Eyeng Obame","image":{"@type":"ImageObject","inLanguage":"fr-FR","@id":"https:\/\/gabonnouvellevision.com\/gnv\/#\/schema\/person\/image\/","url":"https:\/\/secure.gravatar.com\/avatar\/167bc03b8baf3c77318a47159f80871de6f5a6cbf4bc8b6af750fbc1a369d7bf?s=96&d=mm&r=g","contentUrl":"https:\/\/secure.gravatar.com\/avatar\/167bc03b8baf3c77318a47159f80871de6f5a6cbf4bc8b6af750fbc1a369d7bf?s=96&d=mm&r=g","caption":"Eyeng Obame"},"url":"https:\/\/gabonnouvellevision.com\/gnv\/author\/rufin\/"}]}},"_links":{"self":[{"href":"https:\/\/gabonnouvellevision.com\/gnv\/wp-json\/wp\/v2\/posts\/23983","targetHints":{"allow":["GET"]}}],"collection":[{"href":"https:\/\/gabonnouvellevision.com\/gnv\/wp-json\/wp\/v2\/posts"}],"about":[{"href":"https:\/\/gabonnouvellevision.com\/gnv\/wp-json\/wp\/v2\/types\/post"}],"author":[{"embeddable":true,"href":"https:\/\/gabonnouvellevision.com\/gnv\/wp-json\/wp\/v2\/users\/7"}],"replies":[{"embeddable":true,"href":"https:\/\/gabonnouvellevision.com\/gnv\/wp-json\/wp\/v2\/comments?post=23983"}],"version-history":[{"count":1,"href":"https:\/\/gabonnouvellevision.com\/gnv\/wp-json\/wp\/v2\/posts\/23983\/revisions"}],"predecessor-version":[{"id":23985,"href":"https:\/\/gabonnouvellevision.com\/gnv\/wp-json\/wp\/v2\/posts\/23983\/revisions\/23985"}],"wp:featuredmedia":[{"embeddable":true,"href":"https:\/\/gabonnouvellevision.com\/gnv\/wp-json\/wp\/v2\/media\/23984"}],"wp:attachment":[{"href":"https:\/\/gabonnouvellevision.com\/gnv\/wp-json\/wp\/v2\/media?parent=23983"}],"wp:term":[{"taxonomy":"category","embeddable":true,"href":"https:\/\/gabonnouvellevision.com\/gnv\/wp-json\/wp\/v2\/categories?post=23983"},{"taxonomy":"post_tag","embeddable":true,"href":"https:\/\/gabonnouvellevision.com\/gnv\/wp-json\/wp\/v2\/tags?post=23983"}],"curies":[{"name":"wp","href":"https:\/\/api.w.org\/{rel}","templated":true}]}}