{"id":23980,"date":"2025-06-05T11:04:57","date_gmt":"2025-06-05T09:04:57","guid":{"rendered":"https:\/\/gabonnouvellevision.com\/gnv\/?p=23980"},"modified":"2025-06-05T12:12:07","modified_gmt":"2025-06-05T10:12:07","slug":"communique-final-du-conseil-des-ministres-du-04-juin-2025","status":"publish","type":"post","link":"https:\/\/gabonnouvellevision.com\/gnv\/2025\/06\/05\/communique-final-du-conseil-des-ministres-du-04-juin-2025\/","title":{"rendered":"Communiqu\u00e9 Final du Conseil des Ministres du 04 juin 2025"},"content":{"rendered":"\n<p><strong>Sous la Tr\u00e8s Haute Pr\u00e9sidence de Son Excellence Brice Clotaire OLIGUI NGUEMA<\/strong>,&nbsp;<strong>Pr\u00e9sident de la R\u00e9publique, Chef de l\u2019\u00c9tat, Chef du Gouvernement<\/strong>,<strong>&nbsp;le Conseil des Ministres s\u2019est r\u00e9uni ce mercredi 4 juin 2025, \u00e0 10 heures pr\u00e9cises, au Palais de la Pr\u00e9sidence de la R\u00e9publique.<\/strong><\/p>\n\n\n\n<p>D\u00e8s l\u2019entame des travaux, le Pr\u00e9sident de la R\u00e9publique a tenu \u00e0 rappeler, avec toute la mesure que requiert la situation, que l\u2019heure est \u00e0 la refondation r\u00e9publicaine, \u00e0 la rigueur institutionnelle et \u00e0 la responsabilit\u00e9 politique. Il est revenu avec fermet\u00e9 sur deux priorit\u00e9s essentielles : la moralisation de la vie politique et la consolidation de la souverainet\u00e9 \u00e9conomique du Gabon.<\/p>\n\n\n\n<p>Abordant la r\u00e9forme des partis politiques et la r\u00e9organisation des circonscriptions \u00e9lectorales, le Chef de l\u2019\u00c9tat a r\u00e9affirm\u00e9 que cette r\u00e9forme n\u2019est pas une option, mais une exigence du renouveau d\u00e9mocratique voulu par le Peuple gabonais et act\u00e9 par les conclusions du Dialogue National Inclusif. Il a rappel\u00e9 la prolif\u00e9ration incontr\u00f4l\u00e9e de formations politiques sans ancrage r\u00e9el, sans fonctionnement r\u00e9gulier, ni culture de reddition de comptes. Ces d\u00e9rives qui ont trop longtemps affaibli la cr\u00e9dibilit\u00e9 de notre d\u00e9mocratie et d\u00e9tourn\u00e9 le sens m\u00eame de l\u2019engagement citoyen.<\/p>\n\n\n\n<p>Le Pr\u00e9sident de la R\u00e9publique a ainsi pr\u00e9cis\u00e9 que les textes issus des discussions des acteurs politiques cette derni\u00e8re semaine et soumis, ce jour, \u00e0 l\u2019examen du Conseil s\u2019inscrivent dans une logique de clarification, de rationalisation et de r\u00e9gulation de l\u2019espace politique. Il ne s\u2019agit nullement de restreindre les libert\u00e9s, mais de restaurer la valeur, la responsabilit\u00e9 et la l\u00e9gitimit\u00e9 de l\u2019action politique dans notre R\u00e9publique. Repr\u00e9sentativit\u00e9 effective, transparence des financements, fonctionnement r\u00e9gulier des organes, limitation du nombre de partis \u2013 tels sont les piliers d\u2019un nouveau pacte politique fond\u00e9 sur la v\u00e9rit\u00e9 des faits et la fid\u00e9lit\u00e9 au suffrage.<\/p>\n\n\n\n<p>Poursuivant dans la m\u00eame logique de transformation syst\u00e9mique, le Chef de l\u2019\u00c9tat s\u2019est r\u00e9joui de la r\u00e9activit\u00e9 du Gouvernement qui a introduit les projets de loi relatifs \u00e0 la cr\u00e9ation des cinq fonds strat\u00e9giques : agriculture, p\u00eache et aquaculture, \u00e9nergie et eau, habitat, et infrastructures. Il a soulign\u00e9 que ces instruments ne sauraient \u00eatre<\/p>\n\n\n\n<p>r\u00e9duits \u00e0 de simples dispositifs budg\u00e9taires ou \u00e0 des vitrines institutionnelles. Ils constituent des leviers d\u2019action publique con\u00e7us pour structurer l\u2019\u00e9conomie r\u00e9elle, impulser la cr\u00e9ation d\u2019emplois, renforcer notre souverainet\u00e9 productive et acc\u00e9l\u00e9rer l\u2019investissement de d\u00e9veloppement.<\/p>\n\n\n\n<p>Chaque fonds devra faire la preuve de son efficacit\u00e9. Sa gouvernance devra ob\u00e9ir aux principes d\u2019exemplarit\u00e9, de transparence et de redevabilit\u00e9. Son action sera \u00e9valu\u00e9e \u00e0 l\u2019aune de son impact tangible sur les territoires, les fili\u00e8res et les populations.<\/p>\n\n\n\n<p>Revenant enfin sur la consolidation de la souverainet\u00e9 \u00e9conomique du Gabon, le Pr\u00e9sident de la R\u00e9publique, Chef de l\u2019\u00c9tat, Chef du Gouvernement, a tenu \u00e0 s\u2019exprimer avec une particuli\u00e8re fermet\u00e9 sur la question de la valorisation des ressources halieutiques.<\/p>\n\n\n\n<p>Il a pris acte des limites structurelles de l\u2019Accord de Partenariat de P\u00eache Durable (APPD) sign\u00e9 avec l\u2019Union europ\u00e9enne en 2007, renouvel\u00e9 \u00e0 plusieurs reprises, et actuellement en vigueur depuis 2021 pour une dur\u00e9e de six ans.&nbsp;Le Chef de l\u2019\u00c9tat a indiqu\u00e9 que cet accord, dans sa formulation actuelle, ne saurait \u00eatre reconduit en l\u2019\u00e9tat.&nbsp;Il a soulign\u00e9 le&nbsp;caract\u00e8re profond\u00e9ment d\u00e9s\u00e9quilibr\u00e9 du partenariat, dont les&nbsp;retomb\u00e9es \u00e9conomiques pour l\u2019\u00c9tat gabonais restent largement insuffisantes<strong>,&nbsp;<\/strong>au regard de la richesse extraite de nos eaux territoriales par les flottes europ\u00e9ennes.<\/p>\n\n\n\n<p>Le Pr\u00e9sident de la R\u00e9publique a notamment relev\u00e9 que&nbsp;les recettes issues de cet accord ne compensent ni la valeur r\u00e9elle des captures, ni les co\u00fbts assum\u00e9s par l\u2019\u00c9tat en mati\u00e8re de surveillance et de contr\u00f4le, ni les pertes de valeur ajout\u00e9e dues \u00e0 l\u2019absence de transformation locale. Il a \u00e9galement d\u00e9nonc\u00e9 la faiblesse des investissements consentis par les partenaires au titre du d\u00e9veloppement local, de l\u2019emploi ou du renforcement des capacit\u00e9s nationales, ainsi que les risques accrus de surexploitation des ressources halieutiques, en l\u2019absence de m\u00e9canismes partag\u00e9s de transparence et de suivi scientifique.<\/p>\n\n\n\n<p>En cons\u00e9quence, le Chef de l\u2019\u00c9tat a instruit le Gouvernement de mettre en \u0153uvre la proc\u00e9dure de d\u00e9nonciation unilat\u00e9rale de l\u2019accord, par voie de notification \u00e9crite adress\u00e9e \u00e0 la Commission europ\u00e9enne, conform\u00e9ment \u00e0 l\u2019article 13 dudit accord.<\/p>\n\n\n\n<p>Cette d\u00e9nonciation doit ouvrir la voie \u00e0 une possible ren\u00e9gociation sur des bases r\u00e9\u00e9quilibr\u00e9es ou \u00e0 l\u2019exploration de nouveaux partenariats plus align\u00e9s sur les priorit\u00e9s nationales, notamment&nbsp;la mise en place de&nbsp;pr\u00e9requis essentiels, pour lesquels le Gouvernement est&nbsp; appel\u00e9&nbsp; \u00e0&nbsp; s\u2019impliquer&nbsp; pleinement,&nbsp; comme&nbsp; la&nbsp; r\u00e9alisation&nbsp; des<\/p>\n\n\n\n<p>Infrastructures indispensables au d\u00e9veloppement de cette fili\u00e8re :&nbsp;zones de d\u00e9barquement modernes, entrep\u00f4ts frigorifiques, unit\u00e9s de transformation industrielle, chantiers navals, etc.<\/p>\n\n\n\n<p>Le Pr\u00e9sident de la R\u00e9publique a r\u00e9affirm\u00e9 que la structuration d\u2019une&nbsp;v\u00e9ritable fili\u00e8re thoni\u00e8re nationale, cr\u00e9atrice d\u2019emplois, de valeur ajout\u00e9e et de souverainet\u00e9, constitue d\u00e9sormais&nbsp;un objectif strat\u00e9giqueprioritaire, appelant une mobilisation imm\u00e9diate et coh\u00e9rente des administrations concern\u00e9es ainsi que la recherche active de partenaires priv\u00e9s solides.&nbsp;Il a rappel\u00e9 que cette orientation rel\u00e8ve non plus d\u2019une ambition d\u00e9clarative, mais d\u2019une exigence de mise en \u0153uvre rapide et effective.<\/p>\n\n\n\n<p>Par ailleurs,&nbsp;le Chef de l\u2019\u00c9tat, Chef du Gouvernement<strong>,&nbsp;<\/strong>a attir\u00e9 l\u2019attention du Gouvernement sur&nbsp;la sous-\u00e9valuation persistante du potentiel \u00e9conomique r\u00e9el du pay<strong>s.&nbsp;<\/strong>Il a relev\u00e9 que les indicateurs macro\u00e9conomiques actuels, notamment le Produit Int\u00e9rieur Brut (PIB), ne prennent pas en compte la richesse du capital naturel de notre pays, notamment les ressources foresti\u00e8res, les cr\u00e9dits carbones, et les richesses halieutiques.<\/p>\n\n\n\n<p>\u00c0 cet effet,&nbsp;le Pr\u00e9sident de la R\u00e9publique a instruit le Ministre d\u2019\u00c9tat, Ministre de l\u2019\u00c9conomie et des Finances, de conduire un travail m\u00e9thodologique rigoureux, en lien avec les partenaires techniques, visant \u00e0 int\u00e9grer dans les agr\u00e9gats \u00e9conomiques nationaux&nbsp;<strong>l\u2019ensemble des actifs <\/strong>strat\u00e9giques. Cette r\u00e9forme permettra de refl\u00e9ter la valeur r\u00e9elle des actifs du pays, de renforcer sa cr\u00e9dibilit\u00e9 financi\u00e8re et de mieux positionner le Gabon dans les n\u00e9gociations et partenariats \u00e9conomiques internationaux.<\/p>\n\n\n\n<p>Enfin, le Chef de l\u2019\u00c9tat a exhort\u00e9 l\u2019ensemble des membres du Gouvernement \u00e0 faire preuve d\u2019unit\u00e9, de d\u00e9termination et d\u2019exemplarit\u00e9 dans la mise en \u0153uvre des orientations arr\u00eat\u00e9es.<\/p>\n\n\n\n<p>PROJETS DE TEXTES LEGISLATIFS ET REGLEMENTAIRES<\/p>\n\n\n\n<p>Le Conseil des Ministres a d\u00e9lib\u00e9r\u00e9 sur les affaires suivantes :<\/p>\n\n\n\n<p>MINISTERE DE L\u2019ECONOMIE, DES FINANCES, DE LA DETTE ET DES PARTICIPATIONS, CHARGE DE LA LUTTE CONTRE LA VIE CHERE<\/p>\n\n\n\n<ul class=\"wp-block-list\">\n<li><em>Projet\u00a0de\u00a0loi\u00a0portant\u00a0cr\u00e9ation,\u00a0organisation\u00a0et\u00a0fonctionnement\u00a0du\u00a0Fonds National\u00a0de\u00a0D\u00e9veloppement\u00a0Agricole\u00a0;<\/em><\/li>\n<\/ul>\n\n\n\n<ul class=\"wp-block-list\">\n<li><em>Projet\u00a0de\u00a0loi\u00a0portant\u00a0cr\u00e9ation,\u00a0attributions\u00a0et\u00a0organisation\u00a0du\u00a0Fonds\u00a0pour\u00a0l\u2019\u00c9nergie\u00a0et\u00a0l\u2019Eau\u00a0(FEE)\u00a0;<\/em><\/li>\n\n\n\n<li><em>Projet\u00a0de\u00a0loi\u00a0portant\u00a0cr\u00e9ation,\u00a0attributions\u00a0et\u00a0organisation\u00a0du\u00a0Fonds\u00a0Gabonais\u00a0pour\u00a0l\u2019Habitat\u00a0et\u00a0le\u00a0Logement\u00a0(FGHL)\u00a0;<\/em><\/li>\n\n\n\n<li><em>Projet de loi portant cr\u00e9ation, attributions et organisation du Fonds National\u00a0pour les Infrastructures ;<\/em><\/li>\n\n\n\n<li><em>Projet\u00a0de\u00a0loi\u00a0portant\u00a0cr\u00e9ation,\u00a0attributions\u00a0et\u00a0organisation\u00a0du\u00a0Fonds\u00a0Strat\u00e9gique\u00a0pour\u00a0le\u00a0D\u00e9veloppement\u00a0de\u00a0la\u00a0p\u00eache\u00a0et\u00a0l\u2019aquaculture<\/em><\/li>\n<\/ul>\n\n\n\n<p>Pris en application des dispositions de l\u2019article 94 de la Constitution, le Conseil des Ministres a examin\u00e9 et adopt\u00e9 les projets de loi portant cr\u00e9ation, attributions et organisation de cinq (5) Fonds strat\u00e9giques, destin\u00e9s \u00e0 financer les secteurs cl\u00e9s de l\u2019\u00e9conomie nationale et \u00e0 am\u00e9liorer concr\u00e8tement les conditions de vie des Gabonaises et des Gabonais.<\/p>\n\n\n\n<p>Ces textes posent les bases juridiques, institutionnelles et financi\u00e8res de ces instruments, en pr\u00e9cisant leurs missions, leurs modalit\u00e9s d\u2019intervention, ainsi que les m\u00e9canismes de gouvernance, de transparence et d\u2019\u00e9valuation qui en garantiront la performance et la redevabilit\u00e9.<\/p>\n\n\n\n<p>Le&nbsp;<strong>Fonds Strat\u00e9gique Agricole (FSA)<\/strong>, levier de transformation du secteur agricole, est con\u00e7u comme un catalyseur d\u2019investissements structurants et de cr\u00e9ation d\u2019emplois durables.<\/p>\n\n\n\n<p>Le&nbsp;<strong>Fonds pour l\u2019\u00c9nergie et l\u2019Eau (FEE)<\/strong>, vecteur de souverainet\u00e9 \u00e9nerg\u00e9tique et de transition \u00e9cologique, vise \u00e0 garantir un service public essentiel sur l\u2019ensemble du territoire national.<\/p>\n\n\n\n<p>Le&nbsp;<strong>Fonds Gabonais pour l\u2019Habitat et le Logement (FGHL)&nbsp;<\/strong>sera l\u2019outil public de r\u00e9gulation et de financement d\u2019une politique ambitieuse de l\u2019habitat, fond\u00e9e sur des partenariats avec les collectivit\u00e9s, le secteur priv\u00e9 et les citoyens, afin de faire du logement un facteur d\u2019\u00e9quit\u00e9 sociale.<\/p>\n\n\n\n<p>Le&nbsp;<strong>Fonds National pour les Infrastructures (FNI)<\/strong>, quant \u00e0 lui, s\u2019inscrit pleinement dans la dynamique de modernisation des infrastructures \u00e9conomiques et sociales d\u00e9finie par le Plan National de D\u00e9veloppement. Enfin, le&nbsp;<strong>Fonds Strat\u00e9gique pour le D\u00e9veloppement de la P\u00eache et de l\u2019Aquaculture&nbsp;<\/strong>entend positionner le Gabon comme un acteur r\u00e9gional de la p\u00eache durable et de l\u2019aquaculture moderne, g\u00e9n\u00e9rateur d\u2019emplois productifs et de souverainet\u00e9 alimentaire.<\/p>\n\n\n\n<p>Chacun de ces Fonds reposera sur une organisation structur\u00e9e, articul\u00e9e autour :<\/p>\n\n\n\n<ul class=\"wp-block-list\">\n<li>d\u2019un Conseil d\u2019administration ;<\/li>\n\n\n\n<li>d\u2019un Comit\u00e9 d\u2019orientation strat\u00e9gique ;<\/li>\n\n\n\n<li>d\u2019un Administrateur g\u00e9n\u00e9ral ;<\/li>\n\n\n\n<li>d\u2019une Agence comptable.<\/li>\n<\/ul>\n\n\n\n<p>MINISTERE DE LA REFORME ET DES RELATIONS AVEC LES INSTITUTIONS<\/p>\n\n\n\n<ul class=\"wp-block-list\">\n<li><em>Projet\u00a0de\u00a0loi\u00a0relative\u00a0aux\u00a0partis\u00a0politiques\u00a0en\u00a0R\u00e9publique\u00a0Gabonaise.<\/em><\/li>\n<\/ul>\n\n\n\n<p>Pris en application des dispositions de l\u2019article 6 de la Constitution, ce projet de texte vise \u00e0 r\u00e9pondre \u00e0 une volont\u00e9 exprim\u00e9e par le peuple gabonais lors du Dialogue National Inclusif dont les conclusions avaient mis en \u00e9vidence la n\u00e9cessit\u00e9 de rendre plus exigeante les conditions de cr\u00e9ation des partis politiques et d\u2019en r\u00e9duire le nombre jug\u00e9 pl\u00e9thorique.<\/p>\n\n\n\n<p>Issu d\u2019un processus inclusif ayant r\u00e9uni les acteurs politiques et les personnalit\u00e9s de l\u2019administration, le pr\u00e9sent projet de loi r\u00e9organise l\u2019ensemble des r\u00e8gles relatives \u00e0 la cr\u00e9ation, \u00e0 la d\u00e9claration, au fonctionnement et au financement des partis politiques. Il consacre notamment :<\/p>\n\n\n\n<ul class=\"wp-block-list\">\n<li>l\u2019obligation de repr\u00e9sentativit\u00e9 effective, avec un seuil minimal de 9 000 adh\u00e9rents r\u00e9partis dans les neuf provinces ;<\/li>\n\n\n\n<li>l\u2019obligation de participation \u00e9lectorale, sous peine de perte du statut l\u00e9gal apr\u00e8s deux scrutins cons\u00e9cutifs sans candidature ;<\/li>\n\n\n\n<li>le contr\u00f4le renforc\u00e9 du financement, avec une comptabilit\u00e9 obligatoire et une supervision confi\u00e9e \u00e0 la Cour des comptes ;<\/li>\n\n\n\n<li>la garantie du pluralisme, notamment par l\u2019acc\u00e8s des partis aux m\u00e9dias publics et la reconnaissance des partis repr\u00e9sentatifs consultables par le Pr\u00e9sident de la R\u00e9publique.<\/li>\n<\/ul>\n\n\n\n<p>Le projet de loi pr\u00e9voit \u00e9galement des&nbsp;dispositions transitoires, laissant&nbsp;un d\u00e9lai de six mois aux partis existants pour se conformer aux nouvelles exigences l\u00e9gales, sous peine de suspension puis de radiation d\u00e9finitive&nbsp;en cas de non-conformit\u00e9 persistante.<\/p>\n\n\n\n<p>MINISTERE DE LA DEFENSE NATIONALE<\/p>\n\n\n\n<ul class=\"wp-block-list\">\n<li><em>Projet de\u00a0d\u00e9cret fixant le commandement des op\u00e9rations des Forces de D\u00e9fense.<\/em><\/li>\n<\/ul>\n\n\n\n<p>Le pr\u00e9sent projet de d\u00e9cret, pris en application des dispositions de l\u2019article 19 de la loi n\u00b004\/98 du 20 f\u00e9vrier 1998 portant organisation de la<\/p>\n\n\n\n<p>D\u00e9fense Nationale et de la S\u00e9curit\u00e9 Publique, fixe le Commandement des op\u00e9rations des Forces de D\u00e9fense.<\/p>\n\n\n\n<p>En effet, dans le cadre de la d\u00e9fense de l\u2019int\u00e9grit\u00e9 du territoire national, des op\u00e9rations conjointes sont men\u00e9es par les Forces de D\u00e9fense. De ce fait, le pr\u00e9sent projet d\u00e9cret pr\u00e9cise qui en prend le commandement en temps de paix et en temps de guerre.<\/p>\n\n\n\n<p>Ainsi, le commandement des op\u00e9rations de s\u00e9curisations des fronti\u00e8res nationales en temps de paix est plac\u00e9 sous le commandement du Commandant en Chef de la Gendarmerie Nationale, sauf pour les missions sp\u00e9cifiques d\u00e9volues aux Forces Arm\u00e9es.<\/p>\n\n\n\n<p>Les op\u00e9rations de d\u00e9fense op\u00e9rationnelle du territoire en temps de crise ou de guerre, sont, quant \u00e0 elles, plac\u00e9es sous le commandement du Chef d\u2019\u00c9tat-Major G\u00e9n\u00e9ral de Forces Arm\u00e9es.<\/p>\n\n\n\n<p>MINISTERE DE L\u2019INTERIEUR, DE LA SECURITE ET DE LA DECENTRALISATION<\/p>\n\n\n\n<ul class=\"wp-block-list\">\n<li><em>Projet\u00a0de\u00a0loi\u00a0portant\u00a0r\u00e9partition\u00a0des\u00a0si\u00e8ges\u00a0des\u00a0d\u00e9put\u00e9s\u00a0et\u00a0des\u00a0s\u00e9nateurs\u00a0en R\u00e9publique Gabonaise ;<\/em><\/li>\n<\/ul>\n\n\n\n<p>Pris en application des articles 216, 247 et 248 de la loi organique n\u00b0001\/2025 du 19 janvier 2025 portant Code \u00e9lectoral, ce texte red\u00e9finit la carte parlementaire nationale conform\u00e9ment aux principes d\u2019\u00e9quilibre territorial, de repr\u00e9sentativit\u00e9 d\u00e9mographique et de participation des Gabonais de l\u2019\u00e9tranger \u00e0 la vie publique.<\/p>\n\n\n\n<p>Le projet fixe \u00e0&nbsp;145 le nombre de d\u00e9put\u00e9s&nbsp;et \u00e0&nbsp;70 celui des s\u00e9nateurs, r\u00e9partis par province, d\u00e9partement, commune, arrondissement et circonscription de l\u2019\u00e9tranger. Il introduit pour la premi\u00e8re fois une repr\u00e9sentation des Gabonais de l\u2019\u00e9tranger \u00e0 l\u2019Assembl\u00e9e nationale, avec deux si\u00e8ges attribu\u00e9s aux zones Afrique, Europe, Am\u00e9rique et Asie.<\/p>\n\n\n\n<p>La loi pr\u00e9cise la r\u00e9partition d\u00e9taill\u00e9e des si\u00e8ges dans chaque circonscription, en tenant compte des r\u00e9alit\u00e9s territoriales et de la n\u00e9cessit\u00e9 de rapprocher les repr\u00e9sentants des citoyens. Elle apporte \u00e9galement une meilleure coh\u00e9rence entre la structuration administrative du territoire et la repr\u00e9sentation politique.<\/p>\n\n\n\n<ul class=\"wp-block-list\">\n<li><em>Adoption du projet de d\u00e9cret portant convocation du coll\u00e8ge \u00e9lectoral, ouverture et cl\u00f4ture de la campagne \u00e9lectorale pour l\u2019\u00e9lection des d\u00e9put\u00e9s, l\u2019\u00e9lection des membres des Conseils d\u00e9partementaux et des Conseils municipaux de l\u2019ann\u00e9e 2025.<\/em><\/li>\n<\/ul>\n\n\n\n<p>Le pr\u00e9sent projet de d\u00e9cret, pris en application des dispositions des articles 90, 113, 207 et 238 de la loi organique n\u00b0001\/2025 du 19 janvier 2025, fixe les dates de convocation des diff\u00e9rents scrutins de l\u2019ann\u00e9e en cours, porte convocation du coll\u00e8ge \u00e9lectoral, ainsi que l\u2019ouverture et la cl\u00f4ture de la campagne \u00e9lectorale pour l\u2019\u00e9lection des d\u00e9put\u00e9s, des membres des Conseils d\u00e9partementaux et des Conseils municipaux de l\u2019ann\u00e9e 2025.<\/p>\n\n\n\n<p>Pour&nbsp;l\u2019\u00e9lection&nbsp; des&nbsp; d\u00e9put\u00e9s,&nbsp; le&nbsp; coll\u00e8ge&nbsp; \u00e9lectoral&nbsp; est&nbsp; convoqu\u00e9 le&nbsp;samedi 27 septembre 2025&nbsp;pour le premier tour, et le&nbsp;samedi 11 octobre 2025&nbsp;pour le second tour. Le scrutin est ouvert \u00e0&nbsp;7 heures&nbsp;et clos \u00e0&nbsp;18 heures.<\/p>\n\n\n\n<p>La campagne \u00e9lectorale pour le premier tour de ladite \u00e9lection est ouverte&nbsp; le&nbsp;mercredi&nbsp; 17&nbsp; septembre&nbsp; 2025&nbsp; \u00e0&nbsp; 00&nbsp; heure&nbsp;et&nbsp; close le&nbsp;vendredi 26 septembre 2025 \u00e0 24 heures. La campagne pour le second tour est ouverte le&nbsp;mercredi 1er octobre 2025&nbsp;et close le&nbsp;vendredi 10 octobre 2025 \u00e0 24 heures.<\/p>\n\n\n\n<p>S\u2019agissant de&nbsp;l\u2019\u00e9lection des membres des Conseils d\u00e9partementaux et des Conseils municipaux, le coll\u00e8ge \u00e9lectoral est convoqu\u00e9 le&nbsp;samedi 27 septembre 2025. Le scrutin est ouvert \u00e0&nbsp;7 heures&nbsp;et clos \u00e0&nbsp;18 heures.<\/p>\n\n\n\n<p>La campagne \u00e9lectorale pour le&nbsp;tour unique&nbsp;de cette \u00e9lection est ouverte&nbsp; le&nbsp;mercredi&nbsp; 17&nbsp; septembre&nbsp; 2025&nbsp; \u00e0&nbsp; 00&nbsp; heure&nbsp;et&nbsp; close le&nbsp;vendredi 26 septembre 2025 \u00e0 24 heures.<\/p>\n\n\n\n<p>\u00b7EN MATIERE DE POLITIQUE GENERALE<\/p>\n\n\n\n<p>MINISTERE DE L\u2019ECONOMIE, DES FINANCES, DE LA DETTE ET&nbsp;DES PARTICIPATIONS, CHARGE DE LA LUTTE CONTRE LA VIE&nbsp;CHERE<\/p>\n\n\n\n<p>Le Conseil a approuv\u00e9 la nomination des banques d\u2019affaires&nbsp;<em>Algest&nbsp;<\/em>et&nbsp;<em>Rothschild &amp; Cie&nbsp;<\/em>en qualit\u00e9 de conseils strat\u00e9giques et financiers de la R\u00e9publique Gabonaise.<\/p>\n\n\n\n<p>Ces partenaires accompagneront le Gouvernement dans la d\u00e9finition et la mise en \u0153uvre de sa strat\u00e9gie \u00e9conomique et financi\u00e8re, la mobilisation des ressources n\u00e9cessaires au financement du Programme national de croissance, les n\u00e9gociations avec les bailleurs internationaux, ainsi que dans la coordination des actions li\u00e9es \u00e0 la relance \u00e9conomique.<\/p>\n\n\n\n<p>Leur mission s\u2019effectuera en lien \u00e9troit avec les \u00e9quipes techniques de l\u2019\u00c9tat, avec un reporting r\u00e9gulier destin\u00e9 \u00e0 \u00e9clairer la prise de d\u00e9cision gouvernementale.<\/p>\n\n\n\n<p>MINISTERE DE L\u2019INTERIEUR, DE LA SECURITE ET DE LA DECENTRALISATION<\/p>\n\n\n\n<p>Le Conseil des Ministres a pris bonne note de la communication relative \u00e0 la tenue de la premi\u00e8re r\u00e9union de la Commission Nationale de la D\u00e9centralisation (CND).<\/p>\n\n\n\n<p>Organe strat\u00e9gique pr\u00e9vu par la loi organique n\u00b0001\/2014 du 15 juin 2015 relative \u00e0 la d\u00e9centralisation, la CND est plac\u00e9e sous l\u2019autorit\u00e9 du Chef du Gouvernement. Elle est charg\u00e9e de proposer les mesures concr\u00e8tes de mise en \u0153uvre de la d\u00e9centralisation, \u00e9labor\u00e9es par le Comit\u00e9 Technique de la D\u00e9centralisation.<\/p>\n\n\n\n<p>La premi\u00e8re session de la CND se tiendra \u00e0 Libreville du&nbsp;<strong>17 au 18 juin 2025<\/strong>, \u00e0 la suite des r\u00e9unions techniques organis\u00e9es en f\u00e9vrier et mars 2024. Elle a pour objectifs :<\/p>\n\n\n\n<ul class=\"wp-block-list\">\n<li><strong>d\u2019examiner et de valider les mesures de transfert des comp\u00e9tences\u00a0<\/strong>propos\u00e9es par le Comit\u00e9 Technique ;<\/li>\n<\/ul>\n\n\n\n<p>\u2013 d\u2019adopter le plan national de transfert des comp\u00e9tences de l\u2019\u00c9tat aux collectivit\u00e9s locales.<\/p>\n\n\n\n<p>Cette \u00e9tape marque une avanc\u00e9e significative dans le processus de d\u00e9centralisation. Elle sera suivie par :<\/p>\n\n\n\n<ul class=\"wp-block-list\">\n<li>l\u2019op\u00e9rationnalisation du Fonds de p\u00e9r\u00e9quation des collectivit\u00e9s locales\u00a0;<\/li>\n\n\n\n<li>l\u2019\u00e9valuation des capacit\u00e9s des communes chefs-lieux de province et des collectivit\u00e9s disposant d\u2019un budget sup\u00e9rieur \u00e0 un milliard FCFA\u00a0;<\/li>\n\n\n\n<li>la tenue des\u00a0premi\u00e8res Commissions Provinciales de la D\u00e9centralisation\u00a0;<\/li>\n\n\n\n<li>la\u00a0troisi\u00e8me session du Comit\u00e9 Technique de la D\u00e9centralisation\u00a0;<\/li>\n\n\n\n<li>l\u2019adoption des d\u00e9crets de transfert de comp\u00e9tences en Conseil des Ministres\u00a0;<\/li>\n\n\n\n<li>des\u00a0missions de vulgarisation\u00a0de la r\u00e9forme ;<\/li>\n\n\n\n<li>ainsi que l\u2019\u00e9valuation de sa mise en \u0153uvre par le Centre de suivi et d\u2019\u00e9valuation.<\/li>\n<\/ul>\n\n\n\n<p>MINISTERE DE LA COMMUNICATION ET DES MEDIAS<\/p>\n\n\n\n<p>Le Conseil a pris bonne note de la communication relative \u00e0 la grave crise \u00e9conomique et sociale que traverse La Poste S.A., mettant en p\u00e9ril la continuit\u00e9 du service public et plus de 500 emplois sur tout le territoire.<\/p>\n\n\n\n<p>Les audits r\u00e9v\u00e8lent une gouvernance d\u00e9faillante : masse salariale excessive, quasi-absence de recettes, recrutements non justifi\u00e9s, primes ill\u00e9gales, absence de reddition des comptes et non-respect de la r\u00e9glementation en vigueur. L\u2019entreprise d\u00e9pend enti\u00e8rement des subventions de l\u2019\u00c9tat, devenues insuffisantes pour couvrir les charges salariales d\u00e8s juin 2025.<\/p>\n\n\n\n<p>Face \u00e0 cette situation critique, le Conseil a pris bonne note du plan de relance exig\u00e9 par le Ministre sous sept jours, ainsi que la convocation d\u2019un Conseil d\u2019Administration exceptionnel.<\/p>\n\n\n\n<p>Aussi, le Conseil a-t-il approuv\u00e9 la mise en \u0153uvre des quatre mesures urgentes notamment un audit externe ind\u00e9pendant, un plan de restructuration incluant des d\u00e9parts volontaires, un m\u00e9canisme de d\u00e9faisance pour all\u00e9ger la tr\u00e9sorerie, et un accompagnement social pr\u00e9ventif. Il s\u2019agit de pr\u00e9server le service public, d\u2019\u00e9viter des troubles sociaux et de mettre fin \u00e0 une gestion budg\u00e9tairement et socialement insoutenable.<\/p>\n\n\n\n<p>MINISTERE DE LA MER DE LA PECHE ET DE L\u2019ECONOMIE BLEUE<\/p>\n\n\n\n<p>Le Conseil des Ministres a examin\u00e9 et approuv\u00e9 la communication relative \u00e0 la d\u00e9nonciation de l\u2019Accord de Partenariat dans le secteur de la p\u00eache entre la R\u00e9publique Gabonaise et l\u2019Union Europ\u00e9enne (UE).<\/p>\n\n\n\n<p>Sign\u00e9 en 2007, cet accord autorise les navires europ\u00e9ens \u00e0 p\u00eacher dans les eaux sous juridiction gabonaise contre une compensation financi\u00e8re annuelle. Toutefois, les \u00e9valuations r\u00e9centes r\u00e9v\u00e8lent un d\u00e9s\u00e9quilibre manifeste au d\u00e9triment du Gabon.<\/p>\n\n\n\n<p>En cons\u00e9quence, le&nbsp;Conseil a autoris\u00e9 le Gouvernement \u00e0 proc\u00e9der \u00e0 la d\u00e9nonciation formelle dudit accord et \u00e0 en notifier la Commission europ\u00e9enne, conform\u00e9ment aux dispositions pr\u00e9vues par l\u2019article 13 de l\u2019accord.<\/p>\n\n\n\n<p>Enfin, le Conseil des Ministres a ent\u00e9rin\u00e9\u0301 plusieurs mesures individuelles, dont les principales portent sur les nominations suivantes<strong> :<\/strong><\/p>\n\n\n\n<p>PRESIDENCE DE LA REPUBLIQUE<\/p>\n\n\n\n<ul class=\"wp-block-list\">\n<li>Cabinet du Pr\u00e9sident de la R\u00e9publique<\/li>\n<\/ul>\n\n\n\n<p>-Conseiller Sp\u00e9cial, Charg\u00e9 de missions du Pr\u00e9sident de la R\u00e9publique, charg\u00e9 du Suivi des projets PUDC avec leProgramme des Nations-Unies pour le D\u00e9veloppement (PNUD)<strong> :&nbsp;<\/strong>M. Fabrice MINKO.<\/p>\n\n\n\n<p><strong>&#8211;<\/strong>UNITE SPECIALE DE SECURISATION ET DU CONTROLE DU SECTEUR DES HYDROCARBURES (USSCSH)<\/p>\n\n\n\n<p>Cabinet du Coordonnateur G\u00e9n\u00e9ral<\/p>\n\n\n\n<ul class=\"wp-block-list\">\n<li>Conseiller du Coordonnateur G\u00e9n\u00e9ra<strong>l :\u00a0<\/strong>Mme Claude Hermine NZIENGUI MAGANGA.<\/li>\n<\/ul>\n\n\n\n<p>-SECRETARIAT GENERAL DU GOUVERNEMENT<\/p>\n\n\n\n<p>Conseillers du Pr\u00e9sident de la R\u00e9publique<\/p>\n\n\n\n<ul class=\"wp-block-list\">\n<li>Mme Fatoumata OPONG YOUSSEF ;<\/li>\n\n\n\n<li>Mme Madel\u00e8ne Nadine OWANGA TETEY.<\/li>\n<\/ul>\n\n\n\n<p>MINISTERE DE L\u2019\u00c9CONOMIE, DES FINANCES, DE LA DETTE ET DES PARTICIPATIONS CHARG\u00c9 DE LA LUTTE CONTRE LA VIE CH\u00c8RE<\/p>\n\n\n\n<p>Cabinet du Ministre d\u2019Etat<\/p>\n\n\n\n<ul class=\"wp-block-list\">\n<li>Directeur de Cabinet: M. R\u00e9gis LOUSSOU KIKI<\/li>\n<\/ul>\n\n\n\n<p>\u2013&nbsp;&nbsp;&nbsp;&nbsp;&nbsp;&nbsp;&nbsp;&nbsp; Conseillers Techniques du Ministre :<\/p>\n\n\n\n<ul class=\"wp-block-list\">\n<li>Mme Sonia Barbara ONDO NDONG<\/li>\n\n\n\n<li>-M. D\u00e9nis MEPOREWA\n<ul class=\"wp-block-list\">\n<li>M. Jean-Marie OGANDAGA NDINGA<\/li>\n\n\n\n<li>M. Serge MBOULA<\/li>\n<\/ul>\n<\/li>\n<\/ul>\n\n\n\n<p>\u2013&nbsp;&nbsp;&nbsp;&nbsp;&nbsp;&nbsp;&nbsp;&nbsp; Charg\u00e9s d\u2019Etudes :<\/p>\n\n\n\n<ul class=\"wp-block-list\">\n<li>M. Vance Roddly MOUBA MBININHA\n<ul class=\"wp-block-list\">\n<li>Mme Nancy Patricia MANGA<\/li>\n\n\n\n<li>M. Hyllay Ted Worwick SABEFOUMOU<\/li>\n\n\n\n<li>Mme Nancie Michaelle BARROT IVOLOT<\/li>\n\n\n\n<li>Mme Gina MAVOUNGOU \u00e9pouse NDILA YORO<\/li>\n<\/ul>\n<\/li>\n<\/ul>\n\n\n\n<p>MINISTRE DE LA DEFENSE NATIONALE<\/p>\n\n\n\n<ul class=\"wp-block-list\">\n<li>Cabinet Civil du Ministre<\/li>\n\n\n\n<li>Charg\u00e9 d\u2019Etudes: M. Claude NZIET ELLA<\/li>\n<\/ul>\n\n\n\n<ul class=\"wp-block-list\">\n<li>Cabinet Militaire du Ministre<\/li>\n\n\n\n<li>Conseiller A\u00e9ronautique :\u00a0Colonel BOUSSOUGOU Louis Joseph<\/li>\n\n\n\n<li>Conseiller Armement<strong> :\u00a0<\/strong>Commandant WOUNDA Jean Fid\u00e8le<\/li>\n<\/ul>\n\n\n\n<p>-INSPECTION GENERALE DE LA GENDARMERIE NATIONALE<\/p>\n\n\n\n<ul class=\"wp-block-list\">\n<li>Inspecteur\u00a0\u00a0 G\u00e9n\u00e9ral\u00a0 Adjoint :\u00a0\u00a0\u00a0Lieutenant\u2013Colonel\u00a0\u00a0\u00a0\u00a0\u00a0\u00a0 NIENGOU Fran\u00e7ois<\/li>\n\n\n\n<li>\u00a0<\/li>\n\n\n\n<li>-INSPECTION GENERALE DES FORCES ARMEES<\/li>\n\n\n\n<li>Inspecteur\u00a0\u00a0 G\u00e9n\u00e9ral\u00a0\u00a0 des\u00a0\u00a0 Forces\u00a0\u00a0 Arm\u00e9es<strong> :\u00a0\u00a0\u00a0<\/strong>Colonel\u00a0\u00a0 NDIBA AMOUNDJI Romain<\/li>\n<\/ul>\n\n\n\n<p>\u2013&nbsp; Inspecteur&nbsp;&nbsp; G\u00e9n\u00e9ral&nbsp;&nbsp; Adjoint&nbsp;&nbsp; des&nbsp;&nbsp; Forces&nbsp;&nbsp; Arm\u00e9es :&nbsp;&nbsp; Colonel<\/p>\n\n\n\n<p>MYINDU Louis Ghislain<\/p>\n\n\n\n<p>-SECRETARIAT GENERAL<\/p>\n\n\n\n<ul class=\"wp-block-list\">\n<li>Conseiller du Secr\u00e9taire G\u00e9n\u00e9ral<strong> :\u00a0<\/strong>Commandant MANIONY MANGAMA Th\u00e9odore<\/li>\n<\/ul>\n\n\n\n<p><strong>&#8211;<\/strong>ETAT-MAJOR GENERAL DES FORCES ARMEES<\/p>\n\n\n\n<ul class=\"wp-block-list\">\n<li>Conseiller\u00a0\u00a0 du\u00a0\u00a0 Chef\u00a0\u00a0 d\u2019\u00c9tat-Major\u00a0\u00a0\u00a0 G\u00e9n\u00e9ral\u00a0\u00a0 des\u00a0\u00a0 Forces Arm\u00e9es<strong> :\u00a0<\/strong>Colonel LENDOYE Brice Arnaud<\/li>\n<\/ul>\n\n\n\n<p>MINISTERE&nbsp;&nbsp; DE&nbsp;&nbsp; L\u2019INTERIEUR,&nbsp;&nbsp; DE&nbsp;&nbsp; LA&nbsp;&nbsp; SECURITE&nbsp;&nbsp; ET&nbsp;&nbsp; DE&nbsp;&nbsp; LA DECENTRALISATION<\/p>\n\n\n\n<ul class=\"wp-block-list\">\n<li>Cabinet du Ministre<\/li>\n<\/ul>\n\n\n\n<ul class=\"wp-block-list\">\n<li>Conseiller\u00a0\u00a0 en\u00a0\u00a0\u00a0 Communication<strong> :\u00a0\u00a0\u00a0\u00a0<\/strong>M.\u00a0Jean\u00a0\u00a0 \u00c9ric\u00a0\u00a0NZIENGUI MANGALA<\/li>\n\n\n\n<li>Conseiller Technique<strong> :\u00a0<\/strong>M. Nicaise NOMEWA<\/li>\n\n\n\n<li>Conseiller\u00a0 charg\u00e9\u00a0\u00a0 de\u00a0\u00a0 la\u00a0\u00a0 Police\u00a0\u00a0 Judiciaire<strong> :\u00a0\u00a0 M<\/strong>.\u00a0Emmanuel BOUBATA<\/li>\n<\/ul>\n\n\n\n<p>MINIST\u00c8RE DE LA JUSTICE, GARDE DES SCEAUX, CHARGE DES DROITS HUMAINS<\/p>\n\n\n\n<ul class=\"wp-block-list\">\n<li>Cabinet du Ministre<\/li>\n\n\n\n<li>Directeur de Cabinet :\u00a0M. Clauvice NYAMA MOUKETOU<\/li>\n\n\n\n<li>Conseiller Juridique :\u00a0Mme Gladys ZANG BELLE<\/li>\n\n\n\n<li>Conseiller en Communication :\u00a0Mme Nina ALIBALA LEGNONGO<\/li>\n\n\n\n<li>Conseiller Diplomatique :\u00a0M. Cyril Jean FANGUINOVENY<\/li>\n\n\n\n<li>Conseiller Technique :\u00a0M. Hugues Davy ENDAMA NDONG<\/li>\n\n\n\n<li>Conseiller Greffe :\u00a0M. Joseph SAMBA<\/li>\n\n\n\n<li>Conseiller S\u00e9curit\u00e9 P\u00e9nitentiaire :\u00a0Mme Marie-H\u00e9l\u00e8ne MELAGA<\/li>\n\n\n\n<li>Conseiller Financier :\u00a0Mme Esther Nathalie ASSEKO<\/li>\n\n\n\n<li>Conseiller Technique 1 :\u00a0Mme L\u00e9a SAJOUX MPEMBA<\/li>\n\n\n\n<li>Conseiller Technique 2 :\u00a0M. Jean Th\u00e9odule NDONG NKOGHE<\/li>\n\n\n\n<li>Secr\u00e9taire Particuli\u00e8re du Ministre :\u00a0Mme Florence Prescille NKONDESSISSET<\/li>\n\n\n\n<li>Secr\u00e9taire Particuli\u00e8re du Directeur de Cabinet<strong> :\u00a0<\/strong>Mme Frenelle LOULA NDOUMBA<\/li>\n<\/ul>\n\n\n\n<p>MINISTERE&nbsp; DE&nbsp; LA&nbsp; MER,&nbsp;&nbsp; DE&nbsp; LA&nbsp; PECHE&nbsp; ET&nbsp; DE&nbsp;&nbsp; L\u2019ECONOMIE BLEUE :<\/p>\n\n\n\n<p>Cabinet du Ministre :<\/p>\n\n\n\n<ul class=\"wp-block-list\">\n<li>Directeur de Cabinet :\u00a0M. ABESSOLO MBA Anicet Serge<\/li>\n\n\n\n<li>Conseiller Juridique :\u00a0M. SIMA METHOGO K\u00e9vin Raphael<\/li>\n\n\n\n<li>Conseiller en Communication :\u00a0M. DUMAIRE Emrique<\/li>\n\n\n\n<li>Conseiller Diplomatique<strong> :\u00a0<\/strong>Mme MBA Fatoumata Ma\u00efga<\/li>\n<\/ul>\n\n\n\n<p>\u2013&nbsp;&nbsp;&nbsp;&nbsp;&nbsp;&nbsp;&nbsp;&nbsp; Conseillers Techniques :<\/p>\n\n\n\n<ul class=\"wp-block-list\">\n<li>Mesdames :<\/li>\n\n\n\n<li>MENYE M\u2019OBIANG Amour Clara<\/li>\n\n\n\n<li>NKOANE NDOUTOUME Guyl\u00e8ne<\/li>\n\n\n\n<li>-Messieurs :<\/li>\n\n\n\n<li>OBIBALAGHA Dimitri<\/li>\n<\/ul>\n\n\n\n<ul class=\"wp-block-list\">\n<li>BIYOGO OBIANG Herv\u00e9 Yannick<\/li>\n\n\n\n<li>ONDO OBIANG Patrick<\/li>\n\n\n\n<li>NZAOU NZAOU Lucas Rufin<\/li>\n<\/ul>\n\n\n\n<p>\u2013&nbsp;Charg\u00e9s d\u2019\u00c9tudes<\/p>\n\n\n\n<ul class=\"wp-block-list\">\n<li>Mesdam<strong>es :<\/strong><\/li>\n\n\n\n<li>MAGHANDZI MADOUNGOU Andrelle Edna<\/li>\n\n\n\n<li>NTSAME NANG JERISCA<\/li>\n<\/ul>\n\n\n\n<p>-Messieurs:<\/p>\n\n\n\n<ul class=\"wp-block-list\">\n<li>MADAMA Guy Godel<\/li>\n\n\n\n<li>MANFOUMBI Syrius Melvin<\/li>\n\n\n\n<li>BAGUISSY Arnaud<\/li>\n\n\n\n<li>MBA NGUEMA NDONG Florick<\/li>\n<\/ul>\n\n\n\n<p>\u2013&nbsp;&nbsp;Charg\u00e9s de Missions<\/p>\n\n\n\n<ul class=\"wp-block-list\">\n<li>Madame NKOULOU NZUE Michelle Prisca<\/li>\n<\/ul>\n\n\n\n<p>-Messieurs :<\/p>\n\n\n\n<ul class=\"wp-block-list\">\n<li>MEYO MENSEME Raymond St\u00e9phane<\/li>\n\n\n\n<li>NDOUTOUME OBAME Jean de Dieu<\/li>\n\n\n\n<li>MEKAME MBA Judes Bertrand<\/li>\n\n\n\n<li>NDONG MAGANGA Cyrille<\/li>\n<\/ul>\n\n\n\n<p>-Secr\u00e9taire Particuli\u00e8re du Ministre :<\/p>\n\n\n\n<ul class=\"wp-block-list\">\n<li>Madame DAOUDA Aliatou Laure Huguette \u00e9pse MOUKAGA MIKIELA<\/li>\n\n\n\n<li>Secr\u00e9taire Particuli\u00e8re du Directeur de Cabinet<strong> :\u00a0<\/strong>Madame OYANE NDONG Marie Gis\u00e8le<\/li>\n<\/ul>\n\n\n\n<p>\u2013&nbsp;Secr\u00e9taires de Cabinet<\/p>\n\n\n\n<ul class=\"wp-block-list\">\n<li><strong>Mesdames<\/strong><\/li>\n\n\n\n<li>OZOUAKI Mandy-Ren\u00e9e Fernande<\/li>\n\n\n\n<li>MINKWE Yasmine Karene \u00e9pse MBINDZOU<\/li>\n\n\n\n<li>EYONO MBA Pascale Virgivile<\/li>\n<\/ul>\n\n\n\n<p>MINISTERE DE LA PLANIFICATION ET DE LA PROSPECTIVE<\/p>\n\n\n\n<ul class=\"wp-block-list\">\n<li>M. Fred NTOUTOUME NDONG OBIANG<strong>,\u00a0<\/strong>est d\u00e9charg\u00e9 de ses fonctions de\u00a0Coordonnateur national du Programme d\u2019Urgence de D\u00e9veloppement Communautaire (PUDC).<\/li>\n<\/ul>\n\n\n\n<p>MINISTERE&nbsp;&nbsp; DE&nbsp;&nbsp; L\u2019INDUSTRIE&nbsp;&nbsp; ET&nbsp;&nbsp; DE&nbsp;&nbsp; LA&nbsp;&nbsp; TRANSFORMATION<\/p>\n\n\n\n<p>LOCALE<\/p>\n\n\n\n<p>Cabinet du Ministre&nbsp;:<\/p>\n\n\n\n<ul class=\"wp-block-list\">\n<li>Directeur de Cabinet: M. Rodrigue Brillant ASSEKO NDONG (confirm\u00e9) ;<\/li>\n\n\n\n<li>Secr\u00e9taire\u00a0\u00a0 Particuli\u00e8re du\u00a0 Ministre\u00a0:\u00a0\u00a0 Mme\u00a0\u00a0 Guylaine\u00a0 NOMBO (confirm\u00e9e) ;<\/li>\n\n\n\n<li>Secr\u00e9taire\u00a0\u00a0\u00a0 du\u00a0\u00a0\u00a0 Directeur\u00a0\u00a0\u00a0 de\u00a0\u00a0\u00a0 Cabinet :\u00a0\u00a0\u00a0\u00a0Mme\u00a0\u00a0\u00a0 ANGUILET NKENGANI Aurore Isis El\u00e9onore (confirm\u00e9e)<\/li>\n<\/ul>\n\n\n\n<p>\u2013&nbsp;&nbsp;&nbsp;&nbsp;&nbsp; Conseillers du Ministre :<\/p>\n\n\n\n<ul class=\"wp-block-list\">\n<li>Monsieur Herman Brice YOUMINI BOUNGOUENDE ;\n<ul class=\"wp-block-list\">\n<li>Monsieur Pascal NDONG NGOUA ;<\/li>\n\n\n\n<li>Monsieur Jean Fran\u00e7ois YANDA, pr\u00e9c\u00e9demment Directeur G\u00e9n\u00e9ral de l\u2019Industrie et de la Coordination des Activit\u00e9s Industrielles<\/li>\n\n\n\n<li>Madame Anita NOLLET \u00e9pouse ANGOUNA (confirm\u00e9e) ;<\/li>\n\n\n\n<li>Monsieur Claude ASSE BIYOGHE, (confirm\u00e9) ;<\/li>\n\n\n\n<li>Madame Hortense MANDJA (confirm\u00e9e) ;<\/li>\n<\/ul>\n<\/li>\n<\/ul>\n\n\n\n<ul class=\"wp-block-list\">\n<li>Conseiller\u00a0\u00a0\u00a0 en\u00a0\u00a0\u00a0 Communication :\u00a0Monsieur\u00a0\u00a0Patrick\u00a0MESSI M\u2019EYENE (confirm\u00e9) ;<\/li>\n\n\n\n<li>Conseiller\u00a0 Diplomatique :\u00a0\u00a0\u00a0Monsieur\u00a0\u00a0 REGNONGO\u00a0 OMBANGO Yannick Romuald (confirm\u00e9) ;<\/li>\n\n\n\n<li>Conseiller\u00a0\u00a0\u00a0 Juridique :\u00a0\u00a0\u00a0Monsieur\u00a0\u00a0\u00a0 ONDZAGA\u00a0\u00a0 ZOMO\u00a0\u00a0\u00a0 Pierre (confirm\u00e9) ;<\/li>\n<\/ul>\n\n\n\n<p>\u2013&nbsp;&nbsp;&nbsp;&nbsp;&nbsp;&nbsp;&nbsp;&nbsp; Charg\u00e9s d\u2019Etudes :<\/p>\n\n\n\n<ul class=\"wp-block-list\">\n<li>Monsieur Jules NGUEMA ESSONE (confirm\u00e9) ;\n<ul class=\"wp-block-list\">\n<li>Madame Geny Carole IGABOUYI \u00e9pouse NZE YOUGUAH (confirm\u00e9e) ;<\/li>\n\n\n\n<li>Monsieur Axel Junior KOMBILA (confirm\u00e9) ;<\/li>\n<\/ul>\n<\/li>\n<\/ul>\n\n\n\n<p>\u2013&nbsp; Secr\u00e9taires de cabinet :<\/p>\n\n\n\n<ul class=\"wp-block-list\">\n<li>Madame\u00a0\u00a0\u00a0\u00a0\u00a0 Aude\u00a0\u00a0\u00a0\u00a0\u00a0 BIGNANY\u00a0\u00a0\u00a0\u00a0 MAVOUROULOU (confirm\u00e9e) ;\n<ul class=\"wp-block-list\">\n<li>Madame Patricia ASSOUMOU (confirm\u00e9e) ;<\/li>\n<\/ul>\n<\/li>\n\n\n\n<li>Chef du Protocole: Madame Laeticia BITEGHE (confirm\u00e9e) ;<\/li>\n\n\n\n<li>Aide de camp: Brigadier-Chef Major Rufin Bruno Aldrin IMALET, (confirm\u00e9) ;<\/li>\n<\/ul>\n\n\n\n<p>\u2013&nbsp;&nbsp;&nbsp;&nbsp;&nbsp;&nbsp;&nbsp;&nbsp; Agents de S\u00e9curit\u00e9 :<\/p>\n\n\n\n<ul class=\"wp-block-list\">\n<li>Sergent OBIANG BOUROUBOU Ulrich Lidvin (confirm\u00e9) ;<\/li>\n\n\n\n<li>Brigadier NGUEMA BIBANG Chrislin Campos (confirm\u00e9) ;<\/li>\n<\/ul>\n\n\n\n<p>\u2013&nbsp;&nbsp;&nbsp;&nbsp;&nbsp;&nbsp;&nbsp;&nbsp; Charg\u00e9s de missions :<\/p>\n\n\n\n<ul class=\"wp-block-list\">\n<li>Monsieur Rodrigue MOUNDOUNGA (confirm\u00e9) ;\n<ul class=\"wp-block-list\">\n<li>Monsieur Ulrich NGUEMA ATTIA (confirm\u00e9) ;<\/li>\n\n\n\n<li>Monsieur AKUE MENGOME Mathieu ;<\/li>\n\n\n\n<li>Monsieur MINKO MI ANGOUE Isidore ;<\/li>\n<\/ul>\n<\/li>\n<\/ul>\n\n\n\n<p>-Chauffeur Particulier :<\/p>\n\n\n\n<ul class=\"wp-block-list\">\n<li>Sergent-Chef NGORE OTIGHA Orphe-Dimitri (confirm\u00e9) ;<\/li>\n<\/ul>\n\n\n\n<p>MINISTERE&nbsp;&nbsp;&nbsp; DE&nbsp;&nbsp;&nbsp; L\u2019AGRICULTURE,&nbsp;&nbsp;&nbsp; DE&nbsp;&nbsp;&nbsp; L\u2019ELEVAGE&nbsp;&nbsp;&nbsp; ET&nbsp;&nbsp;&nbsp; DU DEVELOPPEMENT RURAL<\/p>\n\n\n\n<ul class=\"wp-block-list\">\n<li>Directeur de Cabinet :\u00a0M. Florentin GOMA, confirm\u00e9.<\/li>\n\n\n\n<li>Conseiller Juridique :\u00a0M. Jean Sylv\u00e8re MVE MINTO\u2019O, confirm\u00e9.<\/li>\n\n\n\n<li>Conseiller en Communication :\u00a0M. Val\u00e8re ATEBA, confirm\u00e9.<\/li>\n\n\n\n<li>Conseiller Diplomatique<strong> :\u00a0<\/strong>M. Parfait Wilfried DOUKAGA KASSA<\/li>\n<\/ul>\n\n\n\n<p>\u2013&nbsp;&nbsp;&nbsp;&nbsp;&nbsp;&nbsp; Conseillers Techniques :<\/p>\n\n\n\n<ul class=\"wp-block-list\">\n<li>M. Jean Robert MEZUI M\u2019OBAME\n<ul class=\"wp-block-list\">\n<li>M. Rubain GODA, confirm\u00e9.<\/li>\n\n\n\n<li>M. Tristan NONDAH, confirm\u00e9.<\/li>\n\n\n\n<li>M. Eric MISSAMBA, confirm\u00e9.<\/li>\n\n\n\n<li>M. Ange MAVOUNGOU MBOUMB<\/li>\n\n\n\n<li>M. Yves Richard IDIATA<\/li>\n<\/ul>\n<\/li>\n<\/ul>\n\n\n\n<p>\u2013&nbsp;&nbsp;&nbsp;&nbsp;&nbsp;&nbsp; Charg\u00e9s d\u2019\u00c9tudes :<\/p>\n\n\n\n<ul class=\"wp-block-list\">\n<li>Guy Roger ROMBONOT MOUSSAVOU, confirm\u00e9.\n<ul class=\"wp-block-list\">\n<li>Herv\u00e9 MAGAYA, confirm\u00e9.<\/li>\n\n\n\n<li>Bayonne MAVOUNGOU KOUMBA<\/li>\n\n\n\n<li>Rodrigue MEZEME TOMO<\/li>\n<\/ul>\n<\/li>\n<\/ul>\n\n\n\n<p>\u2013&nbsp;&nbsp;&nbsp;&nbsp;&nbsp;&nbsp; Charg\u00e9s de Missions :<\/p>\n\n\n\n<p>-Mme Natacha KOMBA, confirm\u00e9e.<\/p>\n\n\n\n<ul class=\"wp-block-list\">\n<li>M. Octave MBOUMBA, confirm\u00e9.<\/li>\n<\/ul>\n\n\n\n<p>&nbsp;&nbsp;&nbsp; -Mme Am\u00e9lie GUIEMA GUISSIGA<\/p>\n\n\n\n<p>&nbsp;&nbsp;&nbsp; -M. Lucien IBINGA IBINGA<\/p>\n\n\n\n<ul class=\"wp-block-list\">\n<li>Secr\u00e9taire Particuli\u00e8re du Ministre<strong> :\u00a0<\/strong>Mme Marie-France SOUZA BORA, confirm\u00e9e.<\/li>\n<\/ul>\n\n\n\n<p>\u2013&nbsp;&nbsp;&nbsp;&nbsp;&nbsp;&nbsp; Secr\u00e9taire de Cabinet :<\/p>\n\n\n\n<ul class=\"wp-block-list\">\n<li>Mme Olivia Justine Marie-Claire Paulette NDONG EYI\n<ul class=\"wp-block-list\">\n<li>Mme V\u00e9ronique MAROUNDOU<\/li>\n\n\n\n<li>Mme Syze Armelle KABOU<\/li>\n<\/ul>\n<\/li>\n\n\n\n<li>Secr\u00e9taire Particuli\u00e8re du Directeur de Cabinet :\u00a0Mme Roight Diana OLOMO MIHINDOU<\/li>\n\n\n\n<li>Chef\u00a0\u00a0\u00a0 du\u00a0\u00a0\u00a0 Protocole :\u00a0\u00a0\u00a0\u00a0Mme\u00a0\u00a0\u00a0 Alda\u00a0\u00a0\u00a0 Lydwine\u00a0\u00a0\u00a0 MAROUNDOU, confirm\u00e9e.<\/li>\n\n\n\n<li>Chauffeur Particulier du Ministre :\u00a0M. Nedy Rosny MALONDA NZIGOU, confirm\u00e9.<\/li>\n<\/ul>\n","protected":false},"excerpt":{"rendered":"<p>Sous la Tr\u00e8s Haute Pr\u00e9sidence de Son Excellence Brice Clotaire OLIGUI NGUEMA,&nbsp;Pr\u00e9sident de la R\u00e9publique, Chef de l\u2019\u00c9tat, Chef du Gouvernement,&nbsp;le Conseil des Ministres s\u2019est r\u00e9uni ce mercredi 4 juin 2025, \u00e0 10 heures pr\u00e9cises, au Palais de la Pr\u00e9sidence de la R\u00e9publique. D\u00e8s l\u2019entame des travaux, le Pr\u00e9sident de la R\u00e9publique a tenu \u00e0 [&hellip;]<\/p>\n","protected":false},"author":7,"featured_media":23982,"comment_status":"open","ping_status":"open","sticky":false,"template":"","format":"standard","meta":{"footnotes":""},"categories":[57,55,65],"tags":[],"class_list":["post-23980","post","type-post","status-publish","format-standard","has-post-thumbnail","hentry","category-a-la-une","category-actualites","category-politique-podcasts"],"yoast_head":"<!-- This site is optimized with the Yoast SEO plugin v24.2 - https:\/\/yoast.com\/wordpress\/plugins\/seo\/ -->\n<title>Communiqu\u00e9 Final du Conseil des Ministres du 04 juin 2025 - Gabon Nouvelle Vision<\/title>\n<meta name=\"robots\" content=\"index, follow, max-snippet:-1, max-image-preview:large, max-video-preview:-1\" \/>\n<link rel=\"canonical\" href=\"https:\/\/gabonnouvellevision.com\/gnv\/2025\/06\/05\/communique-final-du-conseil-des-ministres-du-04-juin-2025\/\" \/>\n<meta property=\"og:locale\" content=\"fr_FR\" \/>\n<meta property=\"og:type\" content=\"article\" \/>\n<meta property=\"og:title\" content=\"Communiqu\u00e9 Final du Conseil des Ministres du 04 juin 2025 - Gabon Nouvelle Vision\" \/>\n<meta property=\"og:description\" content=\"Sous la Tr\u00e8s Haute Pr\u00e9sidence de Son Excellence Brice Clotaire OLIGUI NGUEMA,&nbsp;Pr\u00e9sident de la R\u00e9publique, Chef de l\u2019\u00c9tat, Chef du Gouvernement,&nbsp;le Conseil des Ministres s\u2019est r\u00e9uni ce mercredi 4 juin 2025, \u00e0 10 heures pr\u00e9cises, au Palais de la Pr\u00e9sidence de la R\u00e9publique. D\u00e8s l\u2019entame des travaux, le Pr\u00e9sident de la R\u00e9publique a tenu \u00e0 [&hellip;]\" \/>\n<meta property=\"og:url\" content=\"https:\/\/gabonnouvellevision.com\/gnv\/2025\/06\/05\/communique-final-du-conseil-des-ministres-du-04-juin-2025\/\" \/>\n<meta property=\"og:site_name\" content=\"Gabon Nouvelle Vision\" \/>\n<meta property=\"article:publisher\" content=\"https:\/\/www.facebook.com\/GNVofficiel\" \/>\n<meta property=\"article:published_time\" content=\"2025-06-05T09:04:57+00:00\" \/>\n<meta property=\"article:modified_time\" content=\"2025-06-05T10:12:07+00:00\" \/>\n<meta property=\"og:image\" content=\"https:\/\/gabonnouvellevision.com\/gnv\/wp-content\/uploads\/2025\/06\/503023681_122255972090025336_8342688963452020555_n.jpg\" \/>\n\t<meta property=\"og:image:width\" content=\"958\" \/>\n\t<meta property=\"og:image:height\" content=\"540\" \/>\n\t<meta property=\"og:image:type\" content=\"image\/jpeg\" \/>\n<meta name=\"author\" content=\"Eyeng Obame\" \/>\n<meta name=\"twitter:card\" content=\"summary_large_image\" \/>\n<meta name=\"twitter:label1\" content=\"\u00c9crit par\" \/>\n\t<meta name=\"twitter:data1\" content=\"Eyeng Obame\" \/>\n\t<meta name=\"twitter:label2\" content=\"Dur\u00e9e de lecture estim\u00e9e\" \/>\n\t<meta name=\"twitter:data2\" content=\"20 minutes\" \/>\n<script type=\"application\/ld+json\" class=\"yoast-schema-graph\">{\"@context\":\"https:\/\/schema.org\",\"@graph\":[{\"@type\":\"Article\",\"@id\":\"https:\/\/gabonnouvellevision.com\/gnv\/2025\/06\/05\/communique-final-du-conseil-des-ministres-du-04-juin-2025\/#article\",\"isPartOf\":{\"@id\":\"https:\/\/gabonnouvellevision.com\/gnv\/2025\/06\/05\/communique-final-du-conseil-des-ministres-du-04-juin-2025\/\"},\"author\":{\"name\":\"Eyeng Obame\",\"@id\":\"https:\/\/gabonnouvellevision.com\/gnv\/#\/schema\/person\/4b48e07d222f83c0285affc3704bc899\"},\"headline\":\"Communiqu\u00e9 Final du Conseil des Ministres du 04 juin 2025\",\"datePublished\":\"2025-06-05T09:04:57+00:00\",\"dateModified\":\"2025-06-05T10:12:07+00:00\",\"mainEntityOfPage\":{\"@id\":\"https:\/\/gabonnouvellevision.com\/gnv\/2025\/06\/05\/communique-final-du-conseil-des-ministres-du-04-juin-2025\/\"},\"wordCount\":4550,\"commentCount\":0,\"publisher\":{\"@id\":\"https:\/\/gabonnouvellevision.com\/gnv\/#organization\"},\"image\":{\"@id\":\"https:\/\/gabonnouvellevision.com\/gnv\/2025\/06\/05\/communique-final-du-conseil-des-ministres-du-04-juin-2025\/#primaryimage\"},\"thumbnailUrl\":\"https:\/\/gabonnouvellevision.com\/gnv\/wp-content\/uploads\/2025\/06\/503023681_122255972090025336_8342688963452020555_n.jpg\",\"articleSection\":[\"A la une\",\"Actualites\",\"Politique\"],\"inLanguage\":\"fr-FR\",\"potentialAction\":[{\"@type\":\"CommentAction\",\"name\":\"Comment\",\"target\":[\"https:\/\/gabonnouvellevision.com\/gnv\/2025\/06\/05\/communique-final-du-conseil-des-ministres-du-04-juin-2025\/#respond\"]}]},{\"@type\":\"WebPage\",\"@id\":\"https:\/\/gabonnouvellevision.com\/gnv\/2025\/06\/05\/communique-final-du-conseil-des-ministres-du-04-juin-2025\/\",\"url\":\"https:\/\/gabonnouvellevision.com\/gnv\/2025\/06\/05\/communique-final-du-conseil-des-ministres-du-04-juin-2025\/\",\"name\":\"Communiqu\u00e9 Final du Conseil des Ministres du 04 juin 2025 - Gabon Nouvelle Vision\",\"isPartOf\":{\"@id\":\"https:\/\/gabonnouvellevision.com\/gnv\/#website\"},\"primaryImageOfPage\":{\"@id\":\"https:\/\/gabonnouvellevision.com\/gnv\/2025\/06\/05\/communique-final-du-conseil-des-ministres-du-04-juin-2025\/#primaryimage\"},\"image\":{\"@id\":\"https:\/\/gabonnouvellevision.com\/gnv\/2025\/06\/05\/communique-final-du-conseil-des-ministres-du-04-juin-2025\/#primaryimage\"},\"thumbnailUrl\":\"https:\/\/gabonnouvellevision.com\/gnv\/wp-content\/uploads\/2025\/06\/503023681_122255972090025336_8342688963452020555_n.jpg\",\"datePublished\":\"2025-06-05T09:04:57+00:00\",\"dateModified\":\"2025-06-05T10:12:07+00:00\",\"breadcrumb\":{\"@id\":\"https:\/\/gabonnouvellevision.com\/gnv\/2025\/06\/05\/communique-final-du-conseil-des-ministres-du-04-juin-2025\/#breadcrumb\"},\"inLanguage\":\"fr-FR\",\"potentialAction\":[{\"@type\":\"ReadAction\",\"target\":[\"https:\/\/gabonnouvellevision.com\/gnv\/2025\/06\/05\/communique-final-du-conseil-des-ministres-du-04-juin-2025\/\"]}]},{\"@type\":\"ImageObject\",\"inLanguage\":\"fr-FR\",\"@id\":\"https:\/\/gabonnouvellevision.com\/gnv\/2025\/06\/05\/communique-final-du-conseil-des-ministres-du-04-juin-2025\/#primaryimage\",\"url\":\"https:\/\/gabonnouvellevision.com\/gnv\/wp-content\/uploads\/2025\/06\/503023681_122255972090025336_8342688963452020555_n.jpg\",\"contentUrl\":\"https:\/\/gabonnouvellevision.com\/gnv\/wp-content\/uploads\/2025\/06\/503023681_122255972090025336_8342688963452020555_n.jpg\",\"width\":958,\"height\":540},{\"@type\":\"BreadcrumbList\",\"@id\":\"https:\/\/gabonnouvellevision.com\/gnv\/2025\/06\/05\/communique-final-du-conseil-des-ministres-du-04-juin-2025\/#breadcrumb\",\"itemListElement\":[{\"@type\":\"ListItem\",\"position\":1,\"name\":\"Accueil\",\"item\":\"https:\/\/gabonnouvellevision.com\/gnv\/\"},{\"@type\":\"ListItem\",\"position\":2,\"name\":\"Communiqu\u00e9 Final du Conseil des Ministres du 04 juin 2025\"}]},{\"@type\":\"WebSite\",\"@id\":\"https:\/\/gabonnouvellevision.com\/gnv\/#website\",\"url\":\"https:\/\/gabonnouvellevision.com\/gnv\/\",\"name\":\"Gabon Nouvelle Vision\",\"description\":\"\",\"publisher\":{\"@id\":\"https:\/\/gabonnouvellevision.com\/gnv\/#organization\"},\"potentialAction\":[{\"@type\":\"SearchAction\",\"target\":{\"@type\":\"EntryPoint\",\"urlTemplate\":\"https:\/\/gabonnouvellevision.com\/gnv\/?s={search_term_string}\"},\"query-input\":{\"@type\":\"PropertyValueSpecification\",\"valueRequired\":true,\"valueName\":\"search_term_string\"}}],\"inLanguage\":\"fr-FR\"},{\"@type\":\"Organization\",\"@id\":\"https:\/\/gabonnouvellevision.com\/gnv\/#organization\",\"name\":\"Gabon Nouvelle Vision\",\"url\":\"https:\/\/gabonnouvellevision.com\/gnv\/\",\"logo\":{\"@type\":\"ImageObject\",\"inLanguage\":\"fr-FR\",\"@id\":\"https:\/\/gabonnouvellevision.com\/gnv\/#\/schema\/logo\/image\/\",\"url\":\"https:\/\/gabonnouvellevision.com\/gnv\/wp-content\/uploads\/2025\/01\/logo-text_Plan-de-travail-1.png\",\"contentUrl\":\"https:\/\/gabonnouvellevision.com\/gnv\/wp-content\/uploads\/2025\/01\/logo-text_Plan-de-travail-1.png\",\"width\":7169,\"height\":2390,\"caption\":\"Gabon Nouvelle Vision\"},\"image\":{\"@id\":\"https:\/\/gabonnouvellevision.com\/gnv\/#\/schema\/logo\/image\/\"},\"sameAs\":[\"https:\/\/www.facebook.com\/GNVofficiel\"]},{\"@type\":\"Person\",\"@id\":\"https:\/\/gabonnouvellevision.com\/gnv\/#\/schema\/person\/4b48e07d222f83c0285affc3704bc899\",\"name\":\"Eyeng Obame\",\"image\":{\"@type\":\"ImageObject\",\"inLanguage\":\"fr-FR\",\"@id\":\"https:\/\/gabonnouvellevision.com\/gnv\/#\/schema\/person\/image\/\",\"url\":\"https:\/\/secure.gravatar.com\/avatar\/167bc03b8baf3c77318a47159f80871de6f5a6cbf4bc8b6af750fbc1a369d7bf?s=96&d=mm&r=g\",\"contentUrl\":\"https:\/\/secure.gravatar.com\/avatar\/167bc03b8baf3c77318a47159f80871de6f5a6cbf4bc8b6af750fbc1a369d7bf?s=96&d=mm&r=g\",\"caption\":\"Eyeng Obame\"},\"url\":\"https:\/\/gabonnouvellevision.com\/gnv\/author\/rufin\/\"}]}<\/script>\n<!-- \/ Yoast SEO plugin. -->","yoast_head_json":{"title":"Communiqu\u00e9 Final du Conseil des Ministres du 04 juin 2025 - Gabon Nouvelle Vision","robots":{"index":"index","follow":"follow","max-snippet":"max-snippet:-1","max-image-preview":"max-image-preview:large","max-video-preview":"max-video-preview:-1"},"canonical":"https:\/\/gabonnouvellevision.com\/gnv\/2025\/06\/05\/communique-final-du-conseil-des-ministres-du-04-juin-2025\/","og_locale":"fr_FR","og_type":"article","og_title":"Communiqu\u00e9 Final du Conseil des Ministres du 04 juin 2025 - Gabon Nouvelle Vision","og_description":"Sous la Tr\u00e8s Haute Pr\u00e9sidence de Son Excellence Brice Clotaire OLIGUI NGUEMA,&nbsp;Pr\u00e9sident de la R\u00e9publique, Chef de l\u2019\u00c9tat, Chef du Gouvernement,&nbsp;le Conseil des Ministres s\u2019est r\u00e9uni ce mercredi 4 juin 2025, \u00e0 10 heures pr\u00e9cises, au Palais de la Pr\u00e9sidence de la R\u00e9publique. D\u00e8s l\u2019entame des travaux, le Pr\u00e9sident de la R\u00e9publique a tenu \u00e0 [&hellip;]","og_url":"https:\/\/gabonnouvellevision.com\/gnv\/2025\/06\/05\/communique-final-du-conseil-des-ministres-du-04-juin-2025\/","og_site_name":"Gabon Nouvelle Vision","article_publisher":"https:\/\/www.facebook.com\/GNVofficiel","article_published_time":"2025-06-05T09:04:57+00:00","article_modified_time":"2025-06-05T10:12:07+00:00","og_image":[{"width":958,"height":540,"url":"https:\/\/gabonnouvellevision.com\/gnv\/wp-content\/uploads\/2025\/06\/503023681_122255972090025336_8342688963452020555_n.jpg","type":"image\/jpeg"}],"author":"Eyeng Obame","twitter_card":"summary_large_image","twitter_misc":{"\u00c9crit par":"Eyeng Obame","Dur\u00e9e de lecture estim\u00e9e":"20 minutes"},"schema":{"@context":"https:\/\/schema.org","@graph":[{"@type":"Article","@id":"https:\/\/gabonnouvellevision.com\/gnv\/2025\/06\/05\/communique-final-du-conseil-des-ministres-du-04-juin-2025\/#article","isPartOf":{"@id":"https:\/\/gabonnouvellevision.com\/gnv\/2025\/06\/05\/communique-final-du-conseil-des-ministres-du-04-juin-2025\/"},"author":{"name":"Eyeng Obame","@id":"https:\/\/gabonnouvellevision.com\/gnv\/#\/schema\/person\/4b48e07d222f83c0285affc3704bc899"},"headline":"Communiqu\u00e9 Final du Conseil des Ministres du 04 juin 2025","datePublished":"2025-06-05T09:04:57+00:00","dateModified":"2025-06-05T10:12:07+00:00","mainEntityOfPage":{"@id":"https:\/\/gabonnouvellevision.com\/gnv\/2025\/06\/05\/communique-final-du-conseil-des-ministres-du-04-juin-2025\/"},"wordCount":4550,"commentCount":0,"publisher":{"@id":"https:\/\/gabonnouvellevision.com\/gnv\/#organization"},"image":{"@id":"https:\/\/gabonnouvellevision.com\/gnv\/2025\/06\/05\/communique-final-du-conseil-des-ministres-du-04-juin-2025\/#primaryimage"},"thumbnailUrl":"https:\/\/gabonnouvellevision.com\/gnv\/wp-content\/uploads\/2025\/06\/503023681_122255972090025336_8342688963452020555_n.jpg","articleSection":["A la une","Actualites","Politique"],"inLanguage":"fr-FR","potentialAction":[{"@type":"CommentAction","name":"Comment","target":["https:\/\/gabonnouvellevision.com\/gnv\/2025\/06\/05\/communique-final-du-conseil-des-ministres-du-04-juin-2025\/#respond"]}]},{"@type":"WebPage","@id":"https:\/\/gabonnouvellevision.com\/gnv\/2025\/06\/05\/communique-final-du-conseil-des-ministres-du-04-juin-2025\/","url":"https:\/\/gabonnouvellevision.com\/gnv\/2025\/06\/05\/communique-final-du-conseil-des-ministres-du-04-juin-2025\/","name":"Communiqu\u00e9 Final du Conseil des Ministres du 04 juin 2025 - Gabon Nouvelle Vision","isPartOf":{"@id":"https:\/\/gabonnouvellevision.com\/gnv\/#website"},"primaryImageOfPage":{"@id":"https:\/\/gabonnouvellevision.com\/gnv\/2025\/06\/05\/communique-final-du-conseil-des-ministres-du-04-juin-2025\/#primaryimage"},"image":{"@id":"https:\/\/gabonnouvellevision.com\/gnv\/2025\/06\/05\/communique-final-du-conseil-des-ministres-du-04-juin-2025\/#primaryimage"},"thumbnailUrl":"https:\/\/gabonnouvellevision.com\/gnv\/wp-content\/uploads\/2025\/06\/503023681_122255972090025336_8342688963452020555_n.jpg","datePublished":"2025-06-05T09:04:57+00:00","dateModified":"2025-06-05T10:12:07+00:00","breadcrumb":{"@id":"https:\/\/gabonnouvellevision.com\/gnv\/2025\/06\/05\/communique-final-du-conseil-des-ministres-du-04-juin-2025\/#breadcrumb"},"inLanguage":"fr-FR","potentialAction":[{"@type":"ReadAction","target":["https:\/\/gabonnouvellevision.com\/gnv\/2025\/06\/05\/communique-final-du-conseil-des-ministres-du-04-juin-2025\/"]}]},{"@type":"ImageObject","inLanguage":"fr-FR","@id":"https:\/\/gabonnouvellevision.com\/gnv\/2025\/06\/05\/communique-final-du-conseil-des-ministres-du-04-juin-2025\/#primaryimage","url":"https:\/\/gabonnouvellevision.com\/gnv\/wp-content\/uploads\/2025\/06\/503023681_122255972090025336_8342688963452020555_n.jpg","contentUrl":"https:\/\/gabonnouvellevision.com\/gnv\/wp-content\/uploads\/2025\/06\/503023681_122255972090025336_8342688963452020555_n.jpg","width":958,"height":540},{"@type":"BreadcrumbList","@id":"https:\/\/gabonnouvellevision.com\/gnv\/2025\/06\/05\/communique-final-du-conseil-des-ministres-du-04-juin-2025\/#breadcrumb","itemListElement":[{"@type":"ListItem","position":1,"name":"Accueil","item":"https:\/\/gabonnouvellevision.com\/gnv\/"},{"@type":"ListItem","position":2,"name":"Communiqu\u00e9 Final du Conseil des Ministres du 04 juin 2025"}]},{"@type":"WebSite","@id":"https:\/\/gabonnouvellevision.com\/gnv\/#website","url":"https:\/\/gabonnouvellevision.com\/gnv\/","name":"Gabon Nouvelle Vision","description":"","publisher":{"@id":"https:\/\/gabonnouvellevision.com\/gnv\/#organization"},"potentialAction":[{"@type":"SearchAction","target":{"@type":"EntryPoint","urlTemplate":"https:\/\/gabonnouvellevision.com\/gnv\/?s={search_term_string}"},"query-input":{"@type":"PropertyValueSpecification","valueRequired":true,"valueName":"search_term_string"}}],"inLanguage":"fr-FR"},{"@type":"Organization","@id":"https:\/\/gabonnouvellevision.com\/gnv\/#organization","name":"Gabon Nouvelle Vision","url":"https:\/\/gabonnouvellevision.com\/gnv\/","logo":{"@type":"ImageObject","inLanguage":"fr-FR","@id":"https:\/\/gabonnouvellevision.com\/gnv\/#\/schema\/logo\/image\/","url":"https:\/\/gabonnouvellevision.com\/gnv\/wp-content\/uploads\/2025\/01\/logo-text_Plan-de-travail-1.png","contentUrl":"https:\/\/gabonnouvellevision.com\/gnv\/wp-content\/uploads\/2025\/01\/logo-text_Plan-de-travail-1.png","width":7169,"height":2390,"caption":"Gabon Nouvelle Vision"},"image":{"@id":"https:\/\/gabonnouvellevision.com\/gnv\/#\/schema\/logo\/image\/"},"sameAs":["https:\/\/www.facebook.com\/GNVofficiel"]},{"@type":"Person","@id":"https:\/\/gabonnouvellevision.com\/gnv\/#\/schema\/person\/4b48e07d222f83c0285affc3704bc899","name":"Eyeng Obame","image":{"@type":"ImageObject","inLanguage":"fr-FR","@id":"https:\/\/gabonnouvellevision.com\/gnv\/#\/schema\/person\/image\/","url":"https:\/\/secure.gravatar.com\/avatar\/167bc03b8baf3c77318a47159f80871de6f5a6cbf4bc8b6af750fbc1a369d7bf?s=96&d=mm&r=g","contentUrl":"https:\/\/secure.gravatar.com\/avatar\/167bc03b8baf3c77318a47159f80871de6f5a6cbf4bc8b6af750fbc1a369d7bf?s=96&d=mm&r=g","caption":"Eyeng Obame"},"url":"https:\/\/gabonnouvellevision.com\/gnv\/author\/rufin\/"}]}},"_links":{"self":[{"href":"https:\/\/gabonnouvellevision.com\/gnv\/wp-json\/wp\/v2\/posts\/23980","targetHints":{"allow":["GET"]}}],"collection":[{"href":"https:\/\/gabonnouvellevision.com\/gnv\/wp-json\/wp\/v2\/posts"}],"about":[{"href":"https:\/\/gabonnouvellevision.com\/gnv\/wp-json\/wp\/v2\/types\/post"}],"author":[{"embeddable":true,"href":"https:\/\/gabonnouvellevision.com\/gnv\/wp-json\/wp\/v2\/users\/7"}],"replies":[{"embeddable":true,"href":"https:\/\/gabonnouvellevision.com\/gnv\/wp-json\/wp\/v2\/comments?post=23980"}],"version-history":[{"count":1,"href":"https:\/\/gabonnouvellevision.com\/gnv\/wp-json\/wp\/v2\/posts\/23980\/revisions"}],"predecessor-version":[{"id":23981,"href":"https:\/\/gabonnouvellevision.com\/gnv\/wp-json\/wp\/v2\/posts\/23980\/revisions\/23981"}],"wp:featuredmedia":[{"embeddable":true,"href":"https:\/\/gabonnouvellevision.com\/gnv\/wp-json\/wp\/v2\/media\/23982"}],"wp:attachment":[{"href":"https:\/\/gabonnouvellevision.com\/gnv\/wp-json\/wp\/v2\/media?parent=23980"}],"wp:term":[{"taxonomy":"category","embeddable":true,"href":"https:\/\/gabonnouvellevision.com\/gnv\/wp-json\/wp\/v2\/categories?post=23980"},{"taxonomy":"post_tag","embeddable":true,"href":"https:\/\/gabonnouvellevision.com\/gnv\/wp-json\/wp\/v2\/tags?post=23980"}],"curies":[{"name":"wp","href":"https:\/\/api.w.org\/{rel}","templated":true}]}}