{"id":23968,"date":"2025-05-30T11:06:25","date_gmt":"2025-05-30T09:06:25","guid":{"rendered":"https:\/\/gabonnouvellevision.com\/gnv\/?p=23968"},"modified":"2025-05-30T11:06:26","modified_gmt":"2025-05-30T09:06:26","slug":"celebration-en-differee-de-la-32eme-journee-mondiale-de-la-liberte-de-la-presse-a-libreville","status":"publish","type":"post","link":"https:\/\/gabonnouvellevision.com\/gnv\/2025\/05\/30\/celebration-en-differee-de-la-32eme-journee-mondiale-de-la-liberte-de-la-presse-a-libreville\/","title":{"rendered":"C\u00e9l\u00e9bration en diff\u00e9r\u00e9e de la 32\u00e8me journ\u00e9e mondiale de la libert\u00e9 de la presse \u00e0 Libreville"},"content":{"rendered":"\n<p><em><strong>La journ\u00e9e mondiale de la libert\u00e9 de la presse sera c\u00e9l\u00e9br\u00e9e en diff\u00e9r\u00e9e ce vendredi 30 mai \u00e0 la Maison Georges Rawiri de Libreville \u00e0 partir de 10h<\/strong><\/em><strong>.<\/strong><\/p>\n\n\n\n<p>Cette c\u00e9r\u00e9monie pr\u00e9sid\u00e9e par le Ministre de la communication, Paul Marie Gondjout, sera ponctu\u00e9e par une s\u00e9rie d\u2019allocutions et de conf\u00e9rences d\u00e9bats, autour de l\u2019intelligence artificielle, de l\u2019\u00e9thique et de la d\u00e9ontologie, des d\u00e9rives informationnelles, et de la manipulation de l\u2019opinion publique par certains hommes et femmes de m\u00e9dias.<\/p>\n\n\n\n<p>Institu\u00e9e en 1993 par l\u2019Assembl\u00e9e G\u00e9n\u00e9rale des Nations Unies, la journ\u00e9e mondiale de la libert\u00e9 de la presse c\u00e9l\u00e9br\u00e9e chaque ann\u00e9e le 3 mai, vise \u00e0 maintenir &nbsp;la vie d\u00e9mocratique d\u2019un pays.<\/p>\n\n\n\n<p><strong>RMON<\/strong><\/p>\n","protected":false},"excerpt":{"rendered":"<p>La journ\u00e9e mondiale de la libert\u00e9 de la presse sera c\u00e9l\u00e9br\u00e9e en diff\u00e9r\u00e9e ce vendredi 30 mai \u00e0 la Maison Georges Rawiri de Libreville \u00e0 partir de 10h. Cette c\u00e9r\u00e9monie pr\u00e9sid\u00e9e par le Ministre de la communication, Paul Marie Gondjout, sera ponctu\u00e9e par une s\u00e9rie d\u2019allocutions et de conf\u00e9rences d\u00e9bats, autour de l\u2019intelligence artificielle, de [&hellip;]<\/p>\n","protected":false},"author":7,"featured_media":23969,"comment_status":"open","ping_status":"open","sticky":false,"template":"","format":"standard","meta":{"footnotes":""},"categories":[57,55,56],"tags":[],"class_list":["post-23968","post","type-post","status-publish","format-standard","has-post-thumbnail","hentry","category-a-la-une","category-actualites","category-societe"],"yoast_head":"<!-- This site is optimized with the Yoast SEO plugin v24.2 - https:\/\/yoast.com\/wordpress\/plugins\/seo\/ -->\n<title>C\u00e9l\u00e9bration en diff\u00e9r\u00e9e de la 32\u00e8me journ\u00e9e mondiale de la libert\u00e9 de la presse \u00e0 Libreville - Gabon Nouvelle Vision<\/title>\n<meta name=\"robots\" content=\"index, follow, max-snippet:-1, max-image-preview:large, max-video-preview:-1\" \/>\n<link rel=\"canonical\" href=\"https:\/\/gabonnouvellevision.com\/gnv\/2025\/05\/30\/celebration-en-differee-de-la-32eme-journee-mondiale-de-la-liberte-de-la-presse-a-libreville\/\" \/>\n<meta property=\"og:locale\" content=\"fr_FR\" \/>\n<meta property=\"og:type\" content=\"article\" \/>\n<meta property=\"og:title\" content=\"C\u00e9l\u00e9bration en diff\u00e9r\u00e9e de la 32\u00e8me journ\u00e9e mondiale de la libert\u00e9 de la presse \u00e0 Libreville - Gabon Nouvelle Vision\" \/>\n<meta property=\"og:description\" content=\"La journ\u00e9e mondiale de la libert\u00e9 de la presse sera c\u00e9l\u00e9br\u00e9e en diff\u00e9r\u00e9e ce vendredi 30 mai \u00e0 la Maison Georges Rawiri de Libreville \u00e0 partir de 10h. Cette c\u00e9r\u00e9monie pr\u00e9sid\u00e9e par le Ministre de la communication, Paul Marie Gondjout, sera ponctu\u00e9e par une s\u00e9rie d\u2019allocutions et de conf\u00e9rences d\u00e9bats, autour de l\u2019intelligence artificielle, de [&hellip;]\" \/>\n<meta property=\"og:url\" content=\"https:\/\/gabonnouvellevision.com\/gnv\/2025\/05\/30\/celebration-en-differee-de-la-32eme-journee-mondiale-de-la-liberte-de-la-presse-a-libreville\/\" \/>\n<meta property=\"og:site_name\" content=\"Gabon Nouvelle Vision\" \/>\n<meta property=\"article:publisher\" content=\"https:\/\/www.facebook.com\/GNVofficiel\" \/>\n<meta property=\"article:published_time\" content=\"2025-05-30T09:06:25+00:00\" \/>\n<meta property=\"article:modified_time\" content=\"2025-05-30T09:06:26+00:00\" \/>\n<meta property=\"og:image\" content=\"https:\/\/gabonnouvellevision.com\/gnv\/wp-content\/uploads\/2025\/05\/WhatsApp-Image-2025-05-29-at-22.57.22-741x486-1.jpeg\" \/>\n\t<meta property=\"og:image:width\" content=\"741\" \/>\n\t<meta property=\"og:image:height\" content=\"486\" \/>\n\t<meta property=\"og:image:type\" content=\"image\/jpeg\" \/>\n<meta name=\"author\" content=\"Eyeng Obame\" \/>\n<meta name=\"twitter:card\" content=\"summary_large_image\" \/>\n<meta name=\"twitter:label1\" content=\"\u00c9crit par\" \/>\n\t<meta name=\"twitter:data1\" content=\"Eyeng Obame\" \/>\n\t<meta name=\"twitter:label2\" content=\"Dur\u00e9e de lecture estim\u00e9e\" \/>\n\t<meta name=\"twitter:data2\" content=\"1 minute\" \/>\n<script type=\"application\/ld+json\" class=\"yoast-schema-graph\">{\"@context\":\"https:\/\/schema.org\",\"@graph\":[{\"@type\":\"Article\",\"@id\":\"https:\/\/gabonnouvellevision.com\/gnv\/2025\/05\/30\/celebration-en-differee-de-la-32eme-journee-mondiale-de-la-liberte-de-la-presse-a-libreville\/#article\",\"isPartOf\":{\"@id\":\"https:\/\/gabonnouvellevision.com\/gnv\/2025\/05\/30\/celebration-en-differee-de-la-32eme-journee-mondiale-de-la-liberte-de-la-presse-a-libreville\/\"},\"author\":{\"name\":\"Eyeng Obame\",\"@id\":\"https:\/\/gabonnouvellevision.com\/gnv\/#\/schema\/person\/4b48e07d222f83c0285affc3704bc899\"},\"headline\":\"C\u00e9l\u00e9bration en diff\u00e9r\u00e9e de la 32\u00e8me journ\u00e9e mondiale de la libert\u00e9 de la presse \u00e0 Libreville\",\"datePublished\":\"2025-05-30T09:06:25+00:00\",\"dateModified\":\"2025-05-30T09:06:26+00:00\",\"mainEntityOfPage\":{\"@id\":\"https:\/\/gabonnouvellevision.com\/gnv\/2025\/05\/30\/celebration-en-differee-de-la-32eme-journee-mondiale-de-la-liberte-de-la-presse-a-libreville\/\"},\"wordCount\":158,\"commentCount\":0,\"publisher\":{\"@id\":\"https:\/\/gabonnouvellevision.com\/gnv\/#organization\"},\"image\":{\"@id\":\"https:\/\/gabonnouvellevision.com\/gnv\/2025\/05\/30\/celebration-en-differee-de-la-32eme-journee-mondiale-de-la-liberte-de-la-presse-a-libreville\/#primaryimage\"},\"thumbnailUrl\":\"https:\/\/gabonnouvellevision.com\/gnv\/wp-content\/uploads\/2025\/05\/WhatsApp-Image-2025-05-29-at-22.57.22-741x486-1.jpeg\",\"articleSection\":[\"A la une\",\"Actualites\",\"Societe\"],\"inLanguage\":\"fr-FR\",\"potentialAction\":[{\"@type\":\"CommentAction\",\"name\":\"Comment\",\"target\":[\"https:\/\/gabonnouvellevision.com\/gnv\/2025\/05\/30\/celebration-en-differee-de-la-32eme-journee-mondiale-de-la-liberte-de-la-presse-a-libreville\/#respond\"]}]},{\"@type\":\"WebPage\",\"@id\":\"https:\/\/gabonnouvellevision.com\/gnv\/2025\/05\/30\/celebration-en-differee-de-la-32eme-journee-mondiale-de-la-liberte-de-la-presse-a-libreville\/\",\"url\":\"https:\/\/gabonnouvellevision.com\/gnv\/2025\/05\/30\/celebration-en-differee-de-la-32eme-journee-mondiale-de-la-liberte-de-la-presse-a-libreville\/\",\"name\":\"C\u00e9l\u00e9bration en diff\u00e9r\u00e9e de la 32\u00e8me journ\u00e9e mondiale de la libert\u00e9 de la presse \u00e0 Libreville - Gabon Nouvelle Vision\",\"isPartOf\":{\"@id\":\"https:\/\/gabonnouvellevision.com\/gnv\/#website\"},\"primaryImageOfPage\":{\"@id\":\"https:\/\/gabonnouvellevision.com\/gnv\/2025\/05\/30\/celebration-en-differee-de-la-32eme-journee-mondiale-de-la-liberte-de-la-presse-a-libreville\/#primaryimage\"},\"image\":{\"@id\":\"https:\/\/gabonnouvellevision.com\/gnv\/2025\/05\/30\/celebration-en-differee-de-la-32eme-journee-mondiale-de-la-liberte-de-la-presse-a-libreville\/#primaryimage\"},\"thumbnailUrl\":\"https:\/\/gabonnouvellevision.com\/gnv\/wp-content\/uploads\/2025\/05\/WhatsApp-Image-2025-05-29-at-22.57.22-741x486-1.jpeg\",\"datePublished\":\"2025-05-30T09:06:25+00:00\",\"dateModified\":\"2025-05-30T09:06:26+00:00\",\"breadcrumb\":{\"@id\":\"https:\/\/gabonnouvellevision.com\/gnv\/2025\/05\/30\/celebration-en-differee-de-la-32eme-journee-mondiale-de-la-liberte-de-la-presse-a-libreville\/#breadcrumb\"},\"inLanguage\":\"fr-FR\",\"potentialAction\":[{\"@type\":\"ReadAction\",\"target\":[\"https:\/\/gabonnouvellevision.com\/gnv\/2025\/05\/30\/celebration-en-differee-de-la-32eme-journee-mondiale-de-la-liberte-de-la-presse-a-libreville\/\"]}]},{\"@type\":\"ImageObject\",\"inLanguage\":\"fr-FR\",\"@id\":\"https:\/\/gabonnouvellevision.com\/gnv\/2025\/05\/30\/celebration-en-differee-de-la-32eme-journee-mondiale-de-la-liberte-de-la-presse-a-libreville\/#primaryimage\",\"url\":\"https:\/\/gabonnouvellevision.com\/gnv\/wp-content\/uploads\/2025\/05\/WhatsApp-Image-2025-05-29-at-22.57.22-741x486-1.jpeg\",\"contentUrl\":\"https:\/\/gabonnouvellevision.com\/gnv\/wp-content\/uploads\/2025\/05\/WhatsApp-Image-2025-05-29-at-22.57.22-741x486-1.jpeg\",\"width\":741,\"height\":486},{\"@type\":\"BreadcrumbList\",\"@id\":\"https:\/\/gabonnouvellevision.com\/gnv\/2025\/05\/30\/celebration-en-differee-de-la-32eme-journee-mondiale-de-la-liberte-de-la-presse-a-libreville\/#breadcrumb\",\"itemListElement\":[{\"@type\":\"ListItem\",\"position\":1,\"name\":\"Accueil\",\"item\":\"https:\/\/gabonnouvellevision.com\/gnv\/\"},{\"@type\":\"ListItem\",\"position\":2,\"name\":\"C\u00e9l\u00e9bration en diff\u00e9r\u00e9e de la 32\u00e8me journ\u00e9e mondiale de la libert\u00e9 de la presse \u00e0 Libreville\"}]},{\"@type\":\"WebSite\",\"@id\":\"https:\/\/gabonnouvellevision.com\/gnv\/#website\",\"url\":\"https:\/\/gabonnouvellevision.com\/gnv\/\",\"name\":\"Gabon Nouvelle Vision\",\"description\":\"\",\"publisher\":{\"@id\":\"https:\/\/gabonnouvellevision.com\/gnv\/#organization\"},\"potentialAction\":[{\"@type\":\"SearchAction\",\"target\":{\"@type\":\"EntryPoint\",\"urlTemplate\":\"https:\/\/gabonnouvellevision.com\/gnv\/?s={search_term_string}\"},\"query-input\":{\"@type\":\"PropertyValueSpecification\",\"valueRequired\":true,\"valueName\":\"search_term_string\"}}],\"inLanguage\":\"fr-FR\"},{\"@type\":\"Organization\",\"@id\":\"https:\/\/gabonnouvellevision.com\/gnv\/#organization\",\"name\":\"Gabon Nouvelle Vision\",\"url\":\"https:\/\/gabonnouvellevision.com\/gnv\/\",\"logo\":{\"@type\":\"ImageObject\",\"inLanguage\":\"fr-FR\",\"@id\":\"https:\/\/gabonnouvellevision.com\/gnv\/#\/schema\/logo\/image\/\",\"url\":\"https:\/\/gabonnouvellevision.com\/gnv\/wp-content\/uploads\/2025\/01\/logo-text_Plan-de-travail-1.png\",\"contentUrl\":\"https:\/\/gabonnouvellevision.com\/gnv\/wp-content\/uploads\/2025\/01\/logo-text_Plan-de-travail-1.png\",\"width\":7169,\"height\":2390,\"caption\":\"Gabon Nouvelle Vision\"},\"image\":{\"@id\":\"https:\/\/gabonnouvellevision.com\/gnv\/#\/schema\/logo\/image\/\"},\"sameAs\":[\"https:\/\/www.facebook.com\/GNVofficiel\"]},{\"@type\":\"Person\",\"@id\":\"https:\/\/gabonnouvellevision.com\/gnv\/#\/schema\/person\/4b48e07d222f83c0285affc3704bc899\",\"name\":\"Eyeng Obame\",\"image\":{\"@type\":\"ImageObject\",\"inLanguage\":\"fr-FR\",\"@id\":\"https:\/\/gabonnouvellevision.com\/gnv\/#\/schema\/person\/image\/\",\"url\":\"https:\/\/secure.gravatar.com\/avatar\/167bc03b8baf3c77318a47159f80871de6f5a6cbf4bc8b6af750fbc1a369d7bf?s=96&d=mm&r=g\",\"contentUrl\":\"https:\/\/secure.gravatar.com\/avatar\/167bc03b8baf3c77318a47159f80871de6f5a6cbf4bc8b6af750fbc1a369d7bf?s=96&d=mm&r=g\",\"caption\":\"Eyeng Obame\"},\"url\":\"https:\/\/gabonnouvellevision.com\/gnv\/author\/rufin\/\"}]}<\/script>\n<!-- \/ Yoast SEO plugin. -->","yoast_head_json":{"title":"C\u00e9l\u00e9bration en diff\u00e9r\u00e9e de la 32\u00e8me journ\u00e9e mondiale de la libert\u00e9 de la presse \u00e0 Libreville - Gabon Nouvelle Vision","robots":{"index":"index","follow":"follow","max-snippet":"max-snippet:-1","max-image-preview":"max-image-preview:large","max-video-preview":"max-video-preview:-1"},"canonical":"https:\/\/gabonnouvellevision.com\/gnv\/2025\/05\/30\/celebration-en-differee-de-la-32eme-journee-mondiale-de-la-liberte-de-la-presse-a-libreville\/","og_locale":"fr_FR","og_type":"article","og_title":"C\u00e9l\u00e9bration en diff\u00e9r\u00e9e de la 32\u00e8me journ\u00e9e mondiale de la libert\u00e9 de la presse \u00e0 Libreville - Gabon Nouvelle Vision","og_description":"La journ\u00e9e mondiale de la libert\u00e9 de la presse sera c\u00e9l\u00e9br\u00e9e en diff\u00e9r\u00e9e ce vendredi 30 mai \u00e0 la Maison Georges Rawiri de Libreville \u00e0 partir de 10h. Cette c\u00e9r\u00e9monie pr\u00e9sid\u00e9e par le Ministre de la communication, Paul Marie Gondjout, sera ponctu\u00e9e par une s\u00e9rie d\u2019allocutions et de conf\u00e9rences d\u00e9bats, autour de l\u2019intelligence artificielle, de [&hellip;]","og_url":"https:\/\/gabonnouvellevision.com\/gnv\/2025\/05\/30\/celebration-en-differee-de-la-32eme-journee-mondiale-de-la-liberte-de-la-presse-a-libreville\/","og_site_name":"Gabon Nouvelle Vision","article_publisher":"https:\/\/www.facebook.com\/GNVofficiel","article_published_time":"2025-05-30T09:06:25+00:00","article_modified_time":"2025-05-30T09:06:26+00:00","og_image":[{"width":741,"height":486,"url":"https:\/\/gabonnouvellevision.com\/gnv\/wp-content\/uploads\/2025\/05\/WhatsApp-Image-2025-05-29-at-22.57.22-741x486-1.jpeg","type":"image\/jpeg"}],"author":"Eyeng Obame","twitter_card":"summary_large_image","twitter_misc":{"\u00c9crit par":"Eyeng Obame","Dur\u00e9e de lecture estim\u00e9e":"1 minute"},"schema":{"@context":"https:\/\/schema.org","@graph":[{"@type":"Article","@id":"https:\/\/gabonnouvellevision.com\/gnv\/2025\/05\/30\/celebration-en-differee-de-la-32eme-journee-mondiale-de-la-liberte-de-la-presse-a-libreville\/#article","isPartOf":{"@id":"https:\/\/gabonnouvellevision.com\/gnv\/2025\/05\/30\/celebration-en-differee-de-la-32eme-journee-mondiale-de-la-liberte-de-la-presse-a-libreville\/"},"author":{"name":"Eyeng Obame","@id":"https:\/\/gabonnouvellevision.com\/gnv\/#\/schema\/person\/4b48e07d222f83c0285affc3704bc899"},"headline":"C\u00e9l\u00e9bration en diff\u00e9r\u00e9e de la 32\u00e8me journ\u00e9e mondiale de la libert\u00e9 de la presse \u00e0 Libreville","datePublished":"2025-05-30T09:06:25+00:00","dateModified":"2025-05-30T09:06:26+00:00","mainEntityOfPage":{"@id":"https:\/\/gabonnouvellevision.com\/gnv\/2025\/05\/30\/celebration-en-differee-de-la-32eme-journee-mondiale-de-la-liberte-de-la-presse-a-libreville\/"},"wordCount":158,"commentCount":0,"publisher":{"@id":"https:\/\/gabonnouvellevision.com\/gnv\/#organization"},"image":{"@id":"https:\/\/gabonnouvellevision.com\/gnv\/2025\/05\/30\/celebration-en-differee-de-la-32eme-journee-mondiale-de-la-liberte-de-la-presse-a-libreville\/#primaryimage"},"thumbnailUrl":"https:\/\/gabonnouvellevision.com\/gnv\/wp-content\/uploads\/2025\/05\/WhatsApp-Image-2025-05-29-at-22.57.22-741x486-1.jpeg","articleSection":["A la une","Actualites","Societe"],"inLanguage":"fr-FR","potentialAction":[{"@type":"CommentAction","name":"Comment","target":["https:\/\/gabonnouvellevision.com\/gnv\/2025\/05\/30\/celebration-en-differee-de-la-32eme-journee-mondiale-de-la-liberte-de-la-presse-a-libreville\/#respond"]}]},{"@type":"WebPage","@id":"https:\/\/gabonnouvellevision.com\/gnv\/2025\/05\/30\/celebration-en-differee-de-la-32eme-journee-mondiale-de-la-liberte-de-la-presse-a-libreville\/","url":"https:\/\/gabonnouvellevision.com\/gnv\/2025\/05\/30\/celebration-en-differee-de-la-32eme-journee-mondiale-de-la-liberte-de-la-presse-a-libreville\/","name":"C\u00e9l\u00e9bration en diff\u00e9r\u00e9e de la 32\u00e8me journ\u00e9e mondiale de la libert\u00e9 de la presse \u00e0 Libreville - Gabon Nouvelle Vision","isPartOf":{"@id":"https:\/\/gabonnouvellevision.com\/gnv\/#website"},"primaryImageOfPage":{"@id":"https:\/\/gabonnouvellevision.com\/gnv\/2025\/05\/30\/celebration-en-differee-de-la-32eme-journee-mondiale-de-la-liberte-de-la-presse-a-libreville\/#primaryimage"},"image":{"@id":"https:\/\/gabonnouvellevision.com\/gnv\/2025\/05\/30\/celebration-en-differee-de-la-32eme-journee-mondiale-de-la-liberte-de-la-presse-a-libreville\/#primaryimage"},"thumbnailUrl":"https:\/\/gabonnouvellevision.com\/gnv\/wp-content\/uploads\/2025\/05\/WhatsApp-Image-2025-05-29-at-22.57.22-741x486-1.jpeg","datePublished":"2025-05-30T09:06:25+00:00","dateModified":"2025-05-30T09:06:26+00:00","breadcrumb":{"@id":"https:\/\/gabonnouvellevision.com\/gnv\/2025\/05\/30\/celebration-en-differee-de-la-32eme-journee-mondiale-de-la-liberte-de-la-presse-a-libreville\/#breadcrumb"},"inLanguage":"fr-FR","potentialAction":[{"@type":"ReadAction","target":["https:\/\/gabonnouvellevision.com\/gnv\/2025\/05\/30\/celebration-en-differee-de-la-32eme-journee-mondiale-de-la-liberte-de-la-presse-a-libreville\/"]}]},{"@type":"ImageObject","inLanguage":"fr-FR","@id":"https:\/\/gabonnouvellevision.com\/gnv\/2025\/05\/30\/celebration-en-differee-de-la-32eme-journee-mondiale-de-la-liberte-de-la-presse-a-libreville\/#primaryimage","url":"https:\/\/gabonnouvellevision.com\/gnv\/wp-content\/uploads\/2025\/05\/WhatsApp-Image-2025-05-29-at-22.57.22-741x486-1.jpeg","contentUrl":"https:\/\/gabonnouvellevision.com\/gnv\/wp-content\/uploads\/2025\/05\/WhatsApp-Image-2025-05-29-at-22.57.22-741x486-1.jpeg","width":741,"height":486},{"@type":"BreadcrumbList","@id":"https:\/\/gabonnouvellevision.com\/gnv\/2025\/05\/30\/celebration-en-differee-de-la-32eme-journee-mondiale-de-la-liberte-de-la-presse-a-libreville\/#breadcrumb","itemListElement":[{"@type":"ListItem","position":1,"name":"Accueil","item":"https:\/\/gabonnouvellevision.com\/gnv\/"},{"@type":"ListItem","position":2,"name":"C\u00e9l\u00e9bration en diff\u00e9r\u00e9e de la 32\u00e8me journ\u00e9e mondiale de la libert\u00e9 de la presse \u00e0 Libreville"}]},{"@type":"WebSite","@id":"https:\/\/gabonnouvellevision.com\/gnv\/#website","url":"https:\/\/gabonnouvellevision.com\/gnv\/","name":"Gabon Nouvelle Vision","description":"","publisher":{"@id":"https:\/\/gabonnouvellevision.com\/gnv\/#organization"},"potentialAction":[{"@type":"SearchAction","target":{"@type":"EntryPoint","urlTemplate":"https:\/\/gabonnouvellevision.com\/gnv\/?s={search_term_string}"},"query-input":{"@type":"PropertyValueSpecification","valueRequired":true,"valueName":"search_term_string"}}],"inLanguage":"fr-FR"},{"@type":"Organization","@id":"https:\/\/gabonnouvellevision.com\/gnv\/#organization","name":"Gabon Nouvelle Vision","url":"https:\/\/gabonnouvellevision.com\/gnv\/","logo":{"@type":"ImageObject","inLanguage":"fr-FR","@id":"https:\/\/gabonnouvellevision.com\/gnv\/#\/schema\/logo\/image\/","url":"https:\/\/gabonnouvellevision.com\/gnv\/wp-content\/uploads\/2025\/01\/logo-text_Plan-de-travail-1.png","contentUrl":"https:\/\/gabonnouvellevision.com\/gnv\/wp-content\/uploads\/2025\/01\/logo-text_Plan-de-travail-1.png","width":7169,"height":2390,"caption":"Gabon Nouvelle Vision"},"image":{"@id":"https:\/\/gabonnouvellevision.com\/gnv\/#\/schema\/logo\/image\/"},"sameAs":["https:\/\/www.facebook.com\/GNVofficiel"]},{"@type":"Person","@id":"https:\/\/gabonnouvellevision.com\/gnv\/#\/schema\/person\/4b48e07d222f83c0285affc3704bc899","name":"Eyeng Obame","image":{"@type":"ImageObject","inLanguage":"fr-FR","@id":"https:\/\/gabonnouvellevision.com\/gnv\/#\/schema\/person\/image\/","url":"https:\/\/secure.gravatar.com\/avatar\/167bc03b8baf3c77318a47159f80871de6f5a6cbf4bc8b6af750fbc1a369d7bf?s=96&d=mm&r=g","contentUrl":"https:\/\/secure.gravatar.com\/avatar\/167bc03b8baf3c77318a47159f80871de6f5a6cbf4bc8b6af750fbc1a369d7bf?s=96&d=mm&r=g","caption":"Eyeng Obame"},"url":"https:\/\/gabonnouvellevision.com\/gnv\/author\/rufin\/"}]}},"_links":{"self":[{"href":"https:\/\/gabonnouvellevision.com\/gnv\/wp-json\/wp\/v2\/posts\/23968","targetHints":{"allow":["GET"]}}],"collection":[{"href":"https:\/\/gabonnouvellevision.com\/gnv\/wp-json\/wp\/v2\/posts"}],"about":[{"href":"https:\/\/gabonnouvellevision.com\/gnv\/wp-json\/wp\/v2\/types\/post"}],"author":[{"embeddable":true,"href":"https:\/\/gabonnouvellevision.com\/gnv\/wp-json\/wp\/v2\/users\/7"}],"replies":[{"embeddable":true,"href":"https:\/\/gabonnouvellevision.com\/gnv\/wp-json\/wp\/v2\/comments?post=23968"}],"version-history":[{"count":1,"href":"https:\/\/gabonnouvellevision.com\/gnv\/wp-json\/wp\/v2\/posts\/23968\/revisions"}],"predecessor-version":[{"id":23970,"href":"https:\/\/gabonnouvellevision.com\/gnv\/wp-json\/wp\/v2\/posts\/23968\/revisions\/23970"}],"wp:featuredmedia":[{"embeddable":true,"href":"https:\/\/gabonnouvellevision.com\/gnv\/wp-json\/wp\/v2\/media\/23969"}],"wp:attachment":[{"href":"https:\/\/gabonnouvellevision.com\/gnv\/wp-json\/wp\/v2\/media?parent=23968"}],"wp:term":[{"taxonomy":"category","embeddable":true,"href":"https:\/\/gabonnouvellevision.com\/gnv\/wp-json\/wp\/v2\/categories?post=23968"},{"taxonomy":"post_tag","embeddable":true,"href":"https:\/\/gabonnouvellevision.com\/gnv\/wp-json\/wp\/v2\/tags?post=23968"}],"curies":[{"name":"wp","href":"https:\/\/api.w.org\/{rel}","templated":true}]}}