{"id":23965,"date":"2025-05-28T18:20:07","date_gmt":"2025-05-28T16:20:07","guid":{"rendered":"https:\/\/gabonnouvellevision.com\/gnv\/?p=23965"},"modified":"2025-05-28T18:20:10","modified_gmt":"2025-05-28T16:20:10","slug":"lascension-de-christ-jesus-celebree-ce-jeudi-29-mai","status":"publish","type":"post","link":"https:\/\/gabonnouvellevision.com\/gnv\/2025\/05\/28\/lascension-de-christ-jesus-celebree-ce-jeudi-29-mai\/","title":{"rendered":"L&rsquo;Ascension de Christ J\u00e9sus c\u00e9l\u00e9br\u00e9e ce jeudi 29 mai"},"content":{"rendered":"\n<p><em><strong>La communaut\u00e9 chr\u00e9tienne c\u00e9l\u00e8bre la f\u00eate de l\u2019ascension du Seigneur \u00a0J\u00e9sus Christ au ciel,  ce jeudi 29 mai \u00e0 travers le monde. Une f\u00eate qui ne passera pas sous silence au Gabon<\/strong><\/em><strong>.<\/strong><\/p>\n\n\n\n<p>Comm\u00e9mor\u00e9e 40 jours apr\u00e8s la P\u00e2ques, la f\u00eate de l\u2019Ascension de Christ J\u00e9sus au ciel, pr\u00e9pare les chr\u00e9tiens \u00e0 la f\u00eate de la pentec\u00f4te,  qui symbolise \u00e0 son tour la descente de l\u2019Esprit Saint sur les Ap\u00f4tres.<\/p>\n\n\n\n<p>Cette f\u00eate de l\u2019Ascension qui intervient 10 jours avant la pentec\u00f4te sera c\u00e9l\u00e9br\u00e9e cette ann\u00e9e \u00e0 Libreville par des c\u00e9l\u00e9brations Eucharistiques dans les diff\u00e9rentes paroisses.<\/p>\n\n\n\n<p>Une journ\u00e9e d\u00e9cr\u00e9t\u00e9e\u00a0f\u00e9ri\u00e9e, ch\u00f4m\u00e9e-pay\u00e9e sur toute l\u2019\u00e9tendue du territoire national par le Minist\u00e8re du Travail.<\/p>\n\n\n\n<p>\u00a0\u00a0\u00a0\u00a0\u00a0\u00a0\u00a0 <strong>Rufin Martial Oke Nze.<\/strong><\/p>\n","protected":false},"excerpt":{"rendered":"<p>La communaut\u00e9 chr\u00e9tienne c\u00e9l\u00e8bre la f\u00eate de l\u2019ascension du Seigneur \u00a0J\u00e9sus Christ au ciel, ce jeudi 29 mai \u00e0 travers le monde. Une f\u00eate qui ne passera pas sous silence au Gabon. Comm\u00e9mor\u00e9e 40 jours apr\u00e8s la P\u00e2ques, la f\u00eate de l\u2019Ascension de Christ J\u00e9sus au ciel, pr\u00e9pare les chr\u00e9tiens \u00e0 la f\u00eate de la [&hellip;]<\/p>\n","protected":false},"author":7,"featured_media":23966,"comment_status":"open","ping_status":"open","sticky":false,"template":"","format":"standard","meta":{"footnotes":""},"categories":[57,55,64],"tags":[],"class_list":["post-23965","post","type-post","status-publish","format-standard","has-post-thumbnail","hentry","category-a-la-une","category-actualites","category-religion"],"yoast_head":"<!-- This site is optimized with the Yoast SEO plugin v24.2 - https:\/\/yoast.com\/wordpress\/plugins\/seo\/ -->\n<title>L&#039;Ascension de Christ J\u00e9sus c\u00e9l\u00e9br\u00e9e ce jeudi 29 mai - Gabon Nouvelle Vision<\/title>\n<meta name=\"robots\" content=\"index, follow, max-snippet:-1, max-image-preview:large, max-video-preview:-1\" \/>\n<link rel=\"canonical\" href=\"https:\/\/gabonnouvellevision.com\/gnv\/2025\/05\/28\/lascension-de-christ-jesus-celebree-ce-jeudi-29-mai\/\" \/>\n<meta property=\"og:locale\" content=\"fr_FR\" \/>\n<meta property=\"og:type\" content=\"article\" \/>\n<meta property=\"og:title\" content=\"L&#039;Ascension de Christ J\u00e9sus c\u00e9l\u00e9br\u00e9e ce jeudi 29 mai - Gabon Nouvelle Vision\" \/>\n<meta property=\"og:description\" content=\"La communaut\u00e9 chr\u00e9tienne c\u00e9l\u00e8bre la f\u00eate de l\u2019ascension du Seigneur \u00a0J\u00e9sus Christ au ciel, ce jeudi 29 mai \u00e0 travers le monde. Une f\u00eate qui ne passera pas sous silence au Gabon. Comm\u00e9mor\u00e9e 40 jours apr\u00e8s la P\u00e2ques, la f\u00eate de l\u2019Ascension de Christ J\u00e9sus au ciel, pr\u00e9pare les chr\u00e9tiens \u00e0 la f\u00eate de la [&hellip;]\" \/>\n<meta property=\"og:url\" content=\"https:\/\/gabonnouvellevision.com\/gnv\/2025\/05\/28\/lascension-de-christ-jesus-celebree-ce-jeudi-29-mai\/\" \/>\n<meta property=\"og:site_name\" content=\"Gabon Nouvelle Vision\" \/>\n<meta property=\"article:publisher\" content=\"https:\/\/www.facebook.com\/GNVofficiel\" \/>\n<meta property=\"article:published_time\" content=\"2025-05-28T16:20:07+00:00\" \/>\n<meta property=\"article:modified_time\" content=\"2025-05-28T16:20:10+00:00\" \/>\n<meta property=\"og:image\" content=\"https:\/\/gabonnouvellevision.com\/gnv\/wp-content\/uploads\/2025\/05\/496158122_674125128814416_8981976003912920279_n.jpg\" \/>\n\t<meta property=\"og:image:width\" content=\"2048\" \/>\n\t<meta property=\"og:image:height\" content=\"1366\" \/>\n\t<meta property=\"og:image:type\" content=\"image\/jpeg\" \/>\n<meta name=\"author\" content=\"Eyeng Obame\" \/>\n<meta name=\"twitter:card\" content=\"summary_large_image\" \/>\n<meta name=\"twitter:label1\" content=\"\u00c9crit par\" \/>\n\t<meta name=\"twitter:data1\" content=\"Eyeng Obame\" \/>\n\t<meta name=\"twitter:label2\" content=\"Dur\u00e9e de lecture estim\u00e9e\" \/>\n\t<meta name=\"twitter:data2\" content=\"1 minute\" \/>\n<script type=\"application\/ld+json\" class=\"yoast-schema-graph\">{\"@context\":\"https:\/\/schema.org\",\"@graph\":[{\"@type\":\"Article\",\"@id\":\"https:\/\/gabonnouvellevision.com\/gnv\/2025\/05\/28\/lascension-de-christ-jesus-celebree-ce-jeudi-29-mai\/#article\",\"isPartOf\":{\"@id\":\"https:\/\/gabonnouvellevision.com\/gnv\/2025\/05\/28\/lascension-de-christ-jesus-celebree-ce-jeudi-29-mai\/\"},\"author\":{\"name\":\"Eyeng Obame\",\"@id\":\"https:\/\/gabonnouvellevision.com\/gnv\/#\/schema\/person\/4b48e07d222f83c0285affc3704bc899\"},\"headline\":\"L&rsquo;Ascension de Christ J\u00e9sus c\u00e9l\u00e9br\u00e9e ce jeudi 29 mai\",\"datePublished\":\"2025-05-28T16:20:07+00:00\",\"dateModified\":\"2025-05-28T16:20:10+00:00\",\"mainEntityOfPage\":{\"@id\":\"https:\/\/gabonnouvellevision.com\/gnv\/2025\/05\/28\/lascension-de-christ-jesus-celebree-ce-jeudi-29-mai\/\"},\"wordCount\":160,\"commentCount\":0,\"publisher\":{\"@id\":\"https:\/\/gabonnouvellevision.com\/gnv\/#organization\"},\"image\":{\"@id\":\"https:\/\/gabonnouvellevision.com\/gnv\/2025\/05\/28\/lascension-de-christ-jesus-celebree-ce-jeudi-29-mai\/#primaryimage\"},\"thumbnailUrl\":\"https:\/\/gabonnouvellevision.com\/gnv\/wp-content\/uploads\/2025\/05\/496158122_674125128814416_8981976003912920279_n.jpg\",\"articleSection\":[\"A la une\",\"Actualites\",\"Religion\"],\"inLanguage\":\"fr-FR\",\"potentialAction\":[{\"@type\":\"CommentAction\",\"name\":\"Comment\",\"target\":[\"https:\/\/gabonnouvellevision.com\/gnv\/2025\/05\/28\/lascension-de-christ-jesus-celebree-ce-jeudi-29-mai\/#respond\"]}]},{\"@type\":\"WebPage\",\"@id\":\"https:\/\/gabonnouvellevision.com\/gnv\/2025\/05\/28\/lascension-de-christ-jesus-celebree-ce-jeudi-29-mai\/\",\"url\":\"https:\/\/gabonnouvellevision.com\/gnv\/2025\/05\/28\/lascension-de-christ-jesus-celebree-ce-jeudi-29-mai\/\",\"name\":\"L'Ascension de Christ J\u00e9sus c\u00e9l\u00e9br\u00e9e ce jeudi 29 mai - Gabon Nouvelle Vision\",\"isPartOf\":{\"@id\":\"https:\/\/gabonnouvellevision.com\/gnv\/#website\"},\"primaryImageOfPage\":{\"@id\":\"https:\/\/gabonnouvellevision.com\/gnv\/2025\/05\/28\/lascension-de-christ-jesus-celebree-ce-jeudi-29-mai\/#primaryimage\"},\"image\":{\"@id\":\"https:\/\/gabonnouvellevision.com\/gnv\/2025\/05\/28\/lascension-de-christ-jesus-celebree-ce-jeudi-29-mai\/#primaryimage\"},\"thumbnailUrl\":\"https:\/\/gabonnouvellevision.com\/gnv\/wp-content\/uploads\/2025\/05\/496158122_674125128814416_8981976003912920279_n.jpg\",\"datePublished\":\"2025-05-28T16:20:07+00:00\",\"dateModified\":\"2025-05-28T16:20:10+00:00\",\"breadcrumb\":{\"@id\":\"https:\/\/gabonnouvellevision.com\/gnv\/2025\/05\/28\/lascension-de-christ-jesus-celebree-ce-jeudi-29-mai\/#breadcrumb\"},\"inLanguage\":\"fr-FR\",\"potentialAction\":[{\"@type\":\"ReadAction\",\"target\":[\"https:\/\/gabonnouvellevision.com\/gnv\/2025\/05\/28\/lascension-de-christ-jesus-celebree-ce-jeudi-29-mai\/\"]}]},{\"@type\":\"ImageObject\",\"inLanguage\":\"fr-FR\",\"@id\":\"https:\/\/gabonnouvellevision.com\/gnv\/2025\/05\/28\/lascension-de-christ-jesus-celebree-ce-jeudi-29-mai\/#primaryimage\",\"url\":\"https:\/\/gabonnouvellevision.com\/gnv\/wp-content\/uploads\/2025\/05\/496158122_674125128814416_8981976003912920279_n.jpg\",\"contentUrl\":\"https:\/\/gabonnouvellevision.com\/gnv\/wp-content\/uploads\/2025\/05\/496158122_674125128814416_8981976003912920279_n.jpg\",\"width\":2048,\"height\":1366},{\"@type\":\"BreadcrumbList\",\"@id\":\"https:\/\/gabonnouvellevision.com\/gnv\/2025\/05\/28\/lascension-de-christ-jesus-celebree-ce-jeudi-29-mai\/#breadcrumb\",\"itemListElement\":[{\"@type\":\"ListItem\",\"position\":1,\"name\":\"Accueil\",\"item\":\"https:\/\/gabonnouvellevision.com\/gnv\/\"},{\"@type\":\"ListItem\",\"position\":2,\"name\":\"L&rsquo;Ascension de Christ J\u00e9sus c\u00e9l\u00e9br\u00e9e ce jeudi 29 mai\"}]},{\"@type\":\"WebSite\",\"@id\":\"https:\/\/gabonnouvellevision.com\/gnv\/#website\",\"url\":\"https:\/\/gabonnouvellevision.com\/gnv\/\",\"name\":\"Gabon Nouvelle Vision\",\"description\":\"\",\"publisher\":{\"@id\":\"https:\/\/gabonnouvellevision.com\/gnv\/#organization\"},\"potentialAction\":[{\"@type\":\"SearchAction\",\"target\":{\"@type\":\"EntryPoint\",\"urlTemplate\":\"https:\/\/gabonnouvellevision.com\/gnv\/?s={search_term_string}\"},\"query-input\":{\"@type\":\"PropertyValueSpecification\",\"valueRequired\":true,\"valueName\":\"search_term_string\"}}],\"inLanguage\":\"fr-FR\"},{\"@type\":\"Organization\",\"@id\":\"https:\/\/gabonnouvellevision.com\/gnv\/#organization\",\"name\":\"Gabon Nouvelle Vision\",\"url\":\"https:\/\/gabonnouvellevision.com\/gnv\/\",\"logo\":{\"@type\":\"ImageObject\",\"inLanguage\":\"fr-FR\",\"@id\":\"https:\/\/gabonnouvellevision.com\/gnv\/#\/schema\/logo\/image\/\",\"url\":\"https:\/\/gabonnouvellevision.com\/gnv\/wp-content\/uploads\/2025\/01\/logo-text_Plan-de-travail-1.png\",\"contentUrl\":\"https:\/\/gabonnouvellevision.com\/gnv\/wp-content\/uploads\/2025\/01\/logo-text_Plan-de-travail-1.png\",\"width\":7169,\"height\":2390,\"caption\":\"Gabon Nouvelle Vision\"},\"image\":{\"@id\":\"https:\/\/gabonnouvellevision.com\/gnv\/#\/schema\/logo\/image\/\"},\"sameAs\":[\"https:\/\/www.facebook.com\/GNVofficiel\"]},{\"@type\":\"Person\",\"@id\":\"https:\/\/gabonnouvellevision.com\/gnv\/#\/schema\/person\/4b48e07d222f83c0285affc3704bc899\",\"name\":\"Eyeng Obame\",\"image\":{\"@type\":\"ImageObject\",\"inLanguage\":\"fr-FR\",\"@id\":\"https:\/\/gabonnouvellevision.com\/gnv\/#\/schema\/person\/image\/\",\"url\":\"https:\/\/secure.gravatar.com\/avatar\/167bc03b8baf3c77318a47159f80871de6f5a6cbf4bc8b6af750fbc1a369d7bf?s=96&d=mm&r=g\",\"contentUrl\":\"https:\/\/secure.gravatar.com\/avatar\/167bc03b8baf3c77318a47159f80871de6f5a6cbf4bc8b6af750fbc1a369d7bf?s=96&d=mm&r=g\",\"caption\":\"Eyeng Obame\"},\"url\":\"https:\/\/gabonnouvellevision.com\/gnv\/author\/rufin\/\"}]}<\/script>\n<!-- \/ Yoast SEO plugin. -->","yoast_head_json":{"title":"L'Ascension de Christ J\u00e9sus c\u00e9l\u00e9br\u00e9e ce jeudi 29 mai - Gabon Nouvelle Vision","robots":{"index":"index","follow":"follow","max-snippet":"max-snippet:-1","max-image-preview":"max-image-preview:large","max-video-preview":"max-video-preview:-1"},"canonical":"https:\/\/gabonnouvellevision.com\/gnv\/2025\/05\/28\/lascension-de-christ-jesus-celebree-ce-jeudi-29-mai\/","og_locale":"fr_FR","og_type":"article","og_title":"L'Ascension de Christ J\u00e9sus c\u00e9l\u00e9br\u00e9e ce jeudi 29 mai - Gabon Nouvelle Vision","og_description":"La communaut\u00e9 chr\u00e9tienne c\u00e9l\u00e8bre la f\u00eate de l\u2019ascension du Seigneur \u00a0J\u00e9sus Christ au ciel, ce jeudi 29 mai \u00e0 travers le monde. Une f\u00eate qui ne passera pas sous silence au Gabon. Comm\u00e9mor\u00e9e 40 jours apr\u00e8s la P\u00e2ques, la f\u00eate de l\u2019Ascension de Christ J\u00e9sus au ciel, pr\u00e9pare les chr\u00e9tiens \u00e0 la f\u00eate de la [&hellip;]","og_url":"https:\/\/gabonnouvellevision.com\/gnv\/2025\/05\/28\/lascension-de-christ-jesus-celebree-ce-jeudi-29-mai\/","og_site_name":"Gabon Nouvelle Vision","article_publisher":"https:\/\/www.facebook.com\/GNVofficiel","article_published_time":"2025-05-28T16:20:07+00:00","article_modified_time":"2025-05-28T16:20:10+00:00","og_image":[{"width":2048,"height":1366,"url":"https:\/\/gabonnouvellevision.com\/gnv\/wp-content\/uploads\/2025\/05\/496158122_674125128814416_8981976003912920279_n.jpg","type":"image\/jpeg"}],"author":"Eyeng Obame","twitter_card":"summary_large_image","twitter_misc":{"\u00c9crit par":"Eyeng Obame","Dur\u00e9e de lecture estim\u00e9e":"1 minute"},"schema":{"@context":"https:\/\/schema.org","@graph":[{"@type":"Article","@id":"https:\/\/gabonnouvellevision.com\/gnv\/2025\/05\/28\/lascension-de-christ-jesus-celebree-ce-jeudi-29-mai\/#article","isPartOf":{"@id":"https:\/\/gabonnouvellevision.com\/gnv\/2025\/05\/28\/lascension-de-christ-jesus-celebree-ce-jeudi-29-mai\/"},"author":{"name":"Eyeng Obame","@id":"https:\/\/gabonnouvellevision.com\/gnv\/#\/schema\/person\/4b48e07d222f83c0285affc3704bc899"},"headline":"L&rsquo;Ascension de Christ J\u00e9sus c\u00e9l\u00e9br\u00e9e ce jeudi 29 mai","datePublished":"2025-05-28T16:20:07+00:00","dateModified":"2025-05-28T16:20:10+00:00","mainEntityOfPage":{"@id":"https:\/\/gabonnouvellevision.com\/gnv\/2025\/05\/28\/lascension-de-christ-jesus-celebree-ce-jeudi-29-mai\/"},"wordCount":160,"commentCount":0,"publisher":{"@id":"https:\/\/gabonnouvellevision.com\/gnv\/#organization"},"image":{"@id":"https:\/\/gabonnouvellevision.com\/gnv\/2025\/05\/28\/lascension-de-christ-jesus-celebree-ce-jeudi-29-mai\/#primaryimage"},"thumbnailUrl":"https:\/\/gabonnouvellevision.com\/gnv\/wp-content\/uploads\/2025\/05\/496158122_674125128814416_8981976003912920279_n.jpg","articleSection":["A la une","Actualites","Religion"],"inLanguage":"fr-FR","potentialAction":[{"@type":"CommentAction","name":"Comment","target":["https:\/\/gabonnouvellevision.com\/gnv\/2025\/05\/28\/lascension-de-christ-jesus-celebree-ce-jeudi-29-mai\/#respond"]}]},{"@type":"WebPage","@id":"https:\/\/gabonnouvellevision.com\/gnv\/2025\/05\/28\/lascension-de-christ-jesus-celebree-ce-jeudi-29-mai\/","url":"https:\/\/gabonnouvellevision.com\/gnv\/2025\/05\/28\/lascension-de-christ-jesus-celebree-ce-jeudi-29-mai\/","name":"L'Ascension de Christ J\u00e9sus c\u00e9l\u00e9br\u00e9e ce jeudi 29 mai - Gabon Nouvelle Vision","isPartOf":{"@id":"https:\/\/gabonnouvellevision.com\/gnv\/#website"},"primaryImageOfPage":{"@id":"https:\/\/gabonnouvellevision.com\/gnv\/2025\/05\/28\/lascension-de-christ-jesus-celebree-ce-jeudi-29-mai\/#primaryimage"},"image":{"@id":"https:\/\/gabonnouvellevision.com\/gnv\/2025\/05\/28\/lascension-de-christ-jesus-celebree-ce-jeudi-29-mai\/#primaryimage"},"thumbnailUrl":"https:\/\/gabonnouvellevision.com\/gnv\/wp-content\/uploads\/2025\/05\/496158122_674125128814416_8981976003912920279_n.jpg","datePublished":"2025-05-28T16:20:07+00:00","dateModified":"2025-05-28T16:20:10+00:00","breadcrumb":{"@id":"https:\/\/gabonnouvellevision.com\/gnv\/2025\/05\/28\/lascension-de-christ-jesus-celebree-ce-jeudi-29-mai\/#breadcrumb"},"inLanguage":"fr-FR","potentialAction":[{"@type":"ReadAction","target":["https:\/\/gabonnouvellevision.com\/gnv\/2025\/05\/28\/lascension-de-christ-jesus-celebree-ce-jeudi-29-mai\/"]}]},{"@type":"ImageObject","inLanguage":"fr-FR","@id":"https:\/\/gabonnouvellevision.com\/gnv\/2025\/05\/28\/lascension-de-christ-jesus-celebree-ce-jeudi-29-mai\/#primaryimage","url":"https:\/\/gabonnouvellevision.com\/gnv\/wp-content\/uploads\/2025\/05\/496158122_674125128814416_8981976003912920279_n.jpg","contentUrl":"https:\/\/gabonnouvellevision.com\/gnv\/wp-content\/uploads\/2025\/05\/496158122_674125128814416_8981976003912920279_n.jpg","width":2048,"height":1366},{"@type":"BreadcrumbList","@id":"https:\/\/gabonnouvellevision.com\/gnv\/2025\/05\/28\/lascension-de-christ-jesus-celebree-ce-jeudi-29-mai\/#breadcrumb","itemListElement":[{"@type":"ListItem","position":1,"name":"Accueil","item":"https:\/\/gabonnouvellevision.com\/gnv\/"},{"@type":"ListItem","position":2,"name":"L&rsquo;Ascension de Christ J\u00e9sus c\u00e9l\u00e9br\u00e9e ce jeudi 29 mai"}]},{"@type":"WebSite","@id":"https:\/\/gabonnouvellevision.com\/gnv\/#website","url":"https:\/\/gabonnouvellevision.com\/gnv\/","name":"Gabon Nouvelle Vision","description":"","publisher":{"@id":"https:\/\/gabonnouvellevision.com\/gnv\/#organization"},"potentialAction":[{"@type":"SearchAction","target":{"@type":"EntryPoint","urlTemplate":"https:\/\/gabonnouvellevision.com\/gnv\/?s={search_term_string}"},"query-input":{"@type":"PropertyValueSpecification","valueRequired":true,"valueName":"search_term_string"}}],"inLanguage":"fr-FR"},{"@type":"Organization","@id":"https:\/\/gabonnouvellevision.com\/gnv\/#organization","name":"Gabon Nouvelle Vision","url":"https:\/\/gabonnouvellevision.com\/gnv\/","logo":{"@type":"ImageObject","inLanguage":"fr-FR","@id":"https:\/\/gabonnouvellevision.com\/gnv\/#\/schema\/logo\/image\/","url":"https:\/\/gabonnouvellevision.com\/gnv\/wp-content\/uploads\/2025\/01\/logo-text_Plan-de-travail-1.png","contentUrl":"https:\/\/gabonnouvellevision.com\/gnv\/wp-content\/uploads\/2025\/01\/logo-text_Plan-de-travail-1.png","width":7169,"height":2390,"caption":"Gabon Nouvelle Vision"},"image":{"@id":"https:\/\/gabonnouvellevision.com\/gnv\/#\/schema\/logo\/image\/"},"sameAs":["https:\/\/www.facebook.com\/GNVofficiel"]},{"@type":"Person","@id":"https:\/\/gabonnouvellevision.com\/gnv\/#\/schema\/person\/4b48e07d222f83c0285affc3704bc899","name":"Eyeng Obame","image":{"@type":"ImageObject","inLanguage":"fr-FR","@id":"https:\/\/gabonnouvellevision.com\/gnv\/#\/schema\/person\/image\/","url":"https:\/\/secure.gravatar.com\/avatar\/167bc03b8baf3c77318a47159f80871de6f5a6cbf4bc8b6af750fbc1a369d7bf?s=96&d=mm&r=g","contentUrl":"https:\/\/secure.gravatar.com\/avatar\/167bc03b8baf3c77318a47159f80871de6f5a6cbf4bc8b6af750fbc1a369d7bf?s=96&d=mm&r=g","caption":"Eyeng Obame"},"url":"https:\/\/gabonnouvellevision.com\/gnv\/author\/rufin\/"}]}},"_links":{"self":[{"href":"https:\/\/gabonnouvellevision.com\/gnv\/wp-json\/wp\/v2\/posts\/23965","targetHints":{"allow":["GET"]}}],"collection":[{"href":"https:\/\/gabonnouvellevision.com\/gnv\/wp-json\/wp\/v2\/posts"}],"about":[{"href":"https:\/\/gabonnouvellevision.com\/gnv\/wp-json\/wp\/v2\/types\/post"}],"author":[{"embeddable":true,"href":"https:\/\/gabonnouvellevision.com\/gnv\/wp-json\/wp\/v2\/users\/7"}],"replies":[{"embeddable":true,"href":"https:\/\/gabonnouvellevision.com\/gnv\/wp-json\/wp\/v2\/comments?post=23965"}],"version-history":[{"count":1,"href":"https:\/\/gabonnouvellevision.com\/gnv\/wp-json\/wp\/v2\/posts\/23965\/revisions"}],"predecessor-version":[{"id":23967,"href":"https:\/\/gabonnouvellevision.com\/gnv\/wp-json\/wp\/v2\/posts\/23965\/revisions\/23967"}],"wp:featuredmedia":[{"embeddable":true,"href":"https:\/\/gabonnouvellevision.com\/gnv\/wp-json\/wp\/v2\/media\/23966"}],"wp:attachment":[{"href":"https:\/\/gabonnouvellevision.com\/gnv\/wp-json\/wp\/v2\/media?parent=23965"}],"wp:term":[{"taxonomy":"category","embeddable":true,"href":"https:\/\/gabonnouvellevision.com\/gnv\/wp-json\/wp\/v2\/categories?post=23965"},{"taxonomy":"post_tag","embeddable":true,"href":"https:\/\/gabonnouvellevision.com\/gnv\/wp-json\/wp\/v2\/tags?post=23965"}],"curies":[{"name":"wp","href":"https:\/\/api.w.org\/{rel}","templated":true}]}}