{"id":23957,"date":"2025-05-26T17:42:15","date_gmt":"2025-05-26T15:42:15","guid":{"rendered":"https:\/\/gabonnouvellevision.com\/gnv\/?p=23957"},"modified":"2025-05-26T17:42:17","modified_gmt":"2025-05-26T15:42:17","slug":"tribune-libre-quid-des-dernieres-mesures-accidentogenes-du-ministre-des-transports-contre-les-automobilistes","status":"publish","type":"post","link":"https:\/\/gabonnouvellevision.com\/gnv\/2025\/05\/26\/tribune-libre-quid-des-dernieres-mesures-accidentogenes-du-ministre-des-transports-contre-les-automobilistes\/","title":{"rendered":"Tribune Libre: Quid des derni\u00e8res mesures accidentog\u00e8nes du Ministre des Transports contre les automobilistes?"},"content":{"rendered":"\n<p>Andr\u00e9 Assou Ello<\/p>\n\n\n\n<p>Dans un communiqu\u00e9 de presse du 22 Mai 2025 \u00e0 Radio Gabon, suite \u00e0 un accident de circulation qui a eu lieu au Pk 9 faisant une \u00e9ni\u00e8me victime, le Ministre d\u2019Etat, Ministre des Transports, de la Marine Marchande et de la Logistique, a d\u00e9cid\u00e9 d\u2019aller en guerre contre les automobilistes .<\/p>\n\n\n\n<p>Pour se faire, il vient de mettre en place une batterie de mesures dont les plus importantes sont:<\/p>\n\n\n\n<p>-1 \u00e0 2 &nbsp;mois d\u2019emprisonnement et\/ou 25000F \u00e0 50.000FCFA d\u2019amende, pour les faits moins graves.<\/p>\n\n\n\n<p>-5 \u00e0 12 mois d\u2019emprisonnement et\/ou 200.000 \u00e0 300.000FCFA d\u2019amende pour les faits plus graves.<\/p>\n\n\n\n<p>Par ailleurs, certaines infractions sont susceptibles d\u2019entrainer la suspension du permis de conduire.<\/p>\n\n\n\n<p>&nbsp;&nbsp;&nbsp;&nbsp;&nbsp;&nbsp;&nbsp;&nbsp; &nbsp;&nbsp;&nbsp;Et ce, nonobstant le fait que le code de proc\u00e9dure p\u00e9nale Gabonais en ses articles 238 et 239 ne va pas dans le m\u00eame sens.<\/p>\n\n\n\n<p>A l\u2019analyse des faits, nous constatons avec beaucoup d\u2019amertume que le Ministre fait une lecture h\u00e9mifaciale et a\u00e9rienne de la situation plus qu\u2019\u00e9clipsant volontairement la responsabilit\u00e9 de l\u2019Etat d\u2019une importante part et d\u2019autre part des pi\u00e9tons.<\/p>\n\n\n\n<p>Car, les pays d\u00e9velopp\u00e9s qui l\u2019ont inspir\u00e9 dans la prise des mesures sus-\u00e9voqu\u00e9es, notamment celles concernant la suspension du permis de conduire, ont mis en place une r\u00e9elle politique en mati\u00e8re d\u2019infrastructures routi\u00e8res et des juridictions fiables en la mati\u00e8re, toute chose qui est contraire aux r\u00e9actions \u00e9motionnelles du Ministre des Transports, sur une question aussi paralysante dans un Etat de droit, relative \u00e0 la libre-circulation des personnes et des biens pourtant consacr\u00e9e dans la constitution de la V\u00e8me R\u00e9publique.<\/p>\n\n\n\n<p>En clair, avant de s\u2019attaquer anarchiquement et de fa\u00e7on incontr\u00f4l\u00e9e aux automobilistes, qui ne sont autres que des citoyens Gabonais dans leur grande majorit\u00e9, le Ministre d\u2019Etat gagnerait \u00e0 veiller sur la mise en \u0153uvre des politiques de s\u00e9curit\u00e9 des infrastructures routi\u00e8res. C\u2019est \u00e0 dire la construction des routes sur l\u2019\u00e9tendue du territoire national, avec des panneaux de signalisation marquage au sol, les intersections, accotements, glissi\u00e8res, des passages pi\u00e9tons, des trottoirs avec l\u2019\u00e9clairage public norm\u00e9s.<\/p>\n\n\n\n<p>&nbsp;&nbsp;&nbsp;&nbsp;&nbsp;&nbsp;&nbsp;&nbsp;&nbsp;&nbsp;&nbsp;&nbsp;&nbsp;&nbsp;&nbsp;&nbsp;&nbsp;&nbsp;&nbsp;&nbsp;&nbsp; Par ailleurs, une v\u00e9ritable politique routi\u00e8re devrait \u00eatre mise en place par les autorit\u00e9s de la Ve R\u00e9publique, tels que:<\/p>\n\n\n\n<p>-un groupe technique pour la s\u00e9curit\u00e9 routi\u00e8re, une administration routi\u00e8re, des cours d\u2019\u00e9ducation routi\u00e8re dans les diff\u00e9rentes chaines nationales.<\/p>\n\n\n\n<p>&nbsp;&nbsp;&nbsp;&nbsp;&nbsp;&nbsp;&nbsp;&nbsp;&nbsp;&nbsp;&nbsp;&nbsp;&nbsp;&nbsp;&nbsp;&nbsp;&nbsp;&nbsp;&nbsp;&nbsp;&nbsp; Dans ce cadre, il est \u00e0 noter que les pays d\u00e9velopp\u00e9s, r\u00e9ellement affect\u00e9s par le nombre de morts sur les routes ont cr\u00e9\u00e9 la Conf\u00e9rence Europ\u00e9enne des Directeurs de routes dont l\u2019objectif vise \u00e0 cr\u00e9er des \u2018\u2019routes qui pardonnent\u2019\u2019 afin de laisser une marge de man\u0153uvre tant aux automobilistes qu\u2019aux pi\u00e9tons.<\/p>\n\n\n\n<p>&nbsp;&nbsp;&nbsp;&nbsp;&nbsp;&nbsp;&nbsp;&nbsp;&nbsp;&nbsp;&nbsp;&nbsp;&nbsp;&nbsp;&nbsp;&nbsp;&nbsp;&nbsp;&nbsp;&nbsp;&nbsp;&nbsp;&nbsp;&nbsp; Aussi, le Ministre des Transports devrait-il comprendre que la suspension du permis de conduire ne r\u00e9pond \u00e0 aucune loi en R\u00e9publique Gabonaise. Par cons\u00e9quent, inciter les agents des Forces de l\u2019Ordre \u00e0 traquer les automobilistes dans ce sens rel\u00e8ve de l\u2019abus d\u2019autorit\u00e9 et de la tyrannie. De ce fait, il est recommand\u00e9 aux autorit\u00e9s de la Ve R\u00e9publique d\u2019\u00e9laborer les textes de loi en la mati\u00e8re, arrimer les routes Gabonaises aux standards internationaux, et d\u2019\u00e9duquer la population en mati\u00e8re d\u2019ins\u00e9curit\u00e9 routi\u00e8re, pour l\u2019essor de tous vers la f\u00e9licit\u00e9.<\/p>\n\n\n\n<p><strong>Andr\u00e9 Assou Ello, Professeur des Sciences Politiques, Ministre Pl\u00e9nipotentiaire.<\/strong><\/p>\n","protected":false},"excerpt":{"rendered":"<p>Andr\u00e9 Assou Ello Dans un communiqu\u00e9 de presse du 22 Mai 2025 \u00e0 Radio Gabon, suite \u00e0 un accident de circulation qui a eu lieu au Pk 9 faisant une \u00e9ni\u00e8me victime, le Ministre d\u2019Etat, Ministre des Transports, de la Marine Marchande et de la Logistique, a d\u00e9cid\u00e9 d\u2019aller en guerre contre les automobilistes . [&hellip;]<\/p>\n","protected":false},"author":7,"featured_media":23958,"comment_status":"open","ping_status":"open","sticky":false,"template":"","format":"standard","meta":{"footnotes":""},"categories":[57,55,59],"tags":[],"class_list":["post-23957","post","type-post","status-publish","format-standard","has-post-thumbnail","hentry","category-a-la-une","category-actualites","category-politique"],"yoast_head":"<!-- This site is optimized with the Yoast SEO plugin v24.2 - https:\/\/yoast.com\/wordpress\/plugins\/seo\/ -->\n<title>Tribune Libre: Quid des derni\u00e8res mesures accidentog\u00e8nes du Ministre des Transports contre les automobilistes? - Gabon Nouvelle Vision<\/title>\n<meta name=\"robots\" content=\"index, follow, max-snippet:-1, max-image-preview:large, max-video-preview:-1\" \/>\n<link rel=\"canonical\" href=\"https:\/\/gabonnouvellevision.com\/gnv\/2025\/05\/26\/tribune-libre-quid-des-dernieres-mesures-accidentogenes-du-ministre-des-transports-contre-les-automobilistes\/\" \/>\n<meta property=\"og:locale\" content=\"fr_FR\" \/>\n<meta property=\"og:type\" content=\"article\" \/>\n<meta property=\"og:title\" content=\"Tribune Libre: Quid des derni\u00e8res mesures accidentog\u00e8nes du Ministre des Transports contre les automobilistes? - Gabon Nouvelle Vision\" \/>\n<meta property=\"og:description\" content=\"Andr\u00e9 Assou Ello Dans un communiqu\u00e9 de presse du 22 Mai 2025 \u00e0 Radio Gabon, suite \u00e0 un accident de circulation qui a eu lieu au Pk 9 faisant une \u00e9ni\u00e8me victime, le Ministre d\u2019Etat, Ministre des Transports, de la Marine Marchande et de la Logistique, a d\u00e9cid\u00e9 d\u2019aller en guerre contre les automobilistes . [&hellip;]\" \/>\n<meta property=\"og:url\" content=\"https:\/\/gabonnouvellevision.com\/gnv\/2025\/05\/26\/tribune-libre-quid-des-dernieres-mesures-accidentogenes-du-ministre-des-transports-contre-les-automobilistes\/\" \/>\n<meta property=\"og:site_name\" content=\"Gabon Nouvelle Vision\" \/>\n<meta property=\"article:publisher\" content=\"https:\/\/www.facebook.com\/GNVofficiel\" \/>\n<meta property=\"article:published_time\" content=\"2025-05-26T15:42:15+00:00\" \/>\n<meta property=\"article:modified_time\" content=\"2025-05-26T15:42:17+00:00\" \/>\n<meta property=\"og:image\" content=\"https:\/\/gabonnouvellevision.com\/gnv\/wp-content\/uploads\/2025\/05\/WhatsApp-Image-2025-05-26-a-09.32.53_f4cb4f10.jpg\" \/>\n\t<meta property=\"og:image:width\" content=\"337\" \/>\n\t<meta property=\"og:image:height\" content=\"476\" \/>\n\t<meta property=\"og:image:type\" content=\"image\/jpeg\" \/>\n<meta name=\"author\" content=\"Eyeng Obame\" \/>\n<meta name=\"twitter:card\" content=\"summary_large_image\" \/>\n<meta name=\"twitter:label1\" content=\"\u00c9crit par\" \/>\n\t<meta name=\"twitter:data1\" content=\"Eyeng Obame\" \/>\n\t<meta name=\"twitter:label2\" content=\"Dur\u00e9e de lecture estim\u00e9e\" \/>\n\t<meta name=\"twitter:data2\" content=\"3 minutes\" \/>\n<script type=\"application\/ld+json\" class=\"yoast-schema-graph\">{\"@context\":\"https:\/\/schema.org\",\"@graph\":[{\"@type\":\"Article\",\"@id\":\"https:\/\/gabonnouvellevision.com\/gnv\/2025\/05\/26\/tribune-libre-quid-des-dernieres-mesures-accidentogenes-du-ministre-des-transports-contre-les-automobilistes\/#article\",\"isPartOf\":{\"@id\":\"https:\/\/gabonnouvellevision.com\/gnv\/2025\/05\/26\/tribune-libre-quid-des-dernieres-mesures-accidentogenes-du-ministre-des-transports-contre-les-automobilistes\/\"},\"author\":{\"name\":\"Eyeng Obame\",\"@id\":\"https:\/\/gabonnouvellevision.com\/gnv\/#\/schema\/person\/4b48e07d222f83c0285affc3704bc899\"},\"headline\":\"Tribune Libre: Quid des derni\u00e8res mesures accidentog\u00e8nes du Ministre des Transports contre les automobilistes?\",\"datePublished\":\"2025-05-26T15:42:15+00:00\",\"dateModified\":\"2025-05-26T15:42:17+00:00\",\"mainEntityOfPage\":{\"@id\":\"https:\/\/gabonnouvellevision.com\/gnv\/2025\/05\/26\/tribune-libre-quid-des-dernieres-mesures-accidentogenes-du-ministre-des-transports-contre-les-automobilistes\/\"},\"wordCount\":681,\"commentCount\":0,\"publisher\":{\"@id\":\"https:\/\/gabonnouvellevision.com\/gnv\/#organization\"},\"image\":{\"@id\":\"https:\/\/gabonnouvellevision.com\/gnv\/2025\/05\/26\/tribune-libre-quid-des-dernieres-mesures-accidentogenes-du-ministre-des-transports-contre-les-automobilistes\/#primaryimage\"},\"thumbnailUrl\":\"https:\/\/gabonnouvellevision.com\/gnv\/wp-content\/uploads\/2025\/05\/WhatsApp-Image-2025-05-26-a-09.32.53_f4cb4f10.jpg\",\"articleSection\":[\"A la une\",\"Actualites\",\"Politique\"],\"inLanguage\":\"fr-FR\",\"potentialAction\":[{\"@type\":\"CommentAction\",\"name\":\"Comment\",\"target\":[\"https:\/\/gabonnouvellevision.com\/gnv\/2025\/05\/26\/tribune-libre-quid-des-dernieres-mesures-accidentogenes-du-ministre-des-transports-contre-les-automobilistes\/#respond\"]}]},{\"@type\":\"WebPage\",\"@id\":\"https:\/\/gabonnouvellevision.com\/gnv\/2025\/05\/26\/tribune-libre-quid-des-dernieres-mesures-accidentogenes-du-ministre-des-transports-contre-les-automobilistes\/\",\"url\":\"https:\/\/gabonnouvellevision.com\/gnv\/2025\/05\/26\/tribune-libre-quid-des-dernieres-mesures-accidentogenes-du-ministre-des-transports-contre-les-automobilistes\/\",\"name\":\"Tribune Libre: Quid des derni\u00e8res mesures accidentog\u00e8nes du Ministre des Transports contre les automobilistes? - Gabon Nouvelle Vision\",\"isPartOf\":{\"@id\":\"https:\/\/gabonnouvellevision.com\/gnv\/#website\"},\"primaryImageOfPage\":{\"@id\":\"https:\/\/gabonnouvellevision.com\/gnv\/2025\/05\/26\/tribune-libre-quid-des-dernieres-mesures-accidentogenes-du-ministre-des-transports-contre-les-automobilistes\/#primaryimage\"},\"image\":{\"@id\":\"https:\/\/gabonnouvellevision.com\/gnv\/2025\/05\/26\/tribune-libre-quid-des-dernieres-mesures-accidentogenes-du-ministre-des-transports-contre-les-automobilistes\/#primaryimage\"},\"thumbnailUrl\":\"https:\/\/gabonnouvellevision.com\/gnv\/wp-content\/uploads\/2025\/05\/WhatsApp-Image-2025-05-26-a-09.32.53_f4cb4f10.jpg\",\"datePublished\":\"2025-05-26T15:42:15+00:00\",\"dateModified\":\"2025-05-26T15:42:17+00:00\",\"breadcrumb\":{\"@id\":\"https:\/\/gabonnouvellevision.com\/gnv\/2025\/05\/26\/tribune-libre-quid-des-dernieres-mesures-accidentogenes-du-ministre-des-transports-contre-les-automobilistes\/#breadcrumb\"},\"inLanguage\":\"fr-FR\",\"potentialAction\":[{\"@type\":\"ReadAction\",\"target\":[\"https:\/\/gabonnouvellevision.com\/gnv\/2025\/05\/26\/tribune-libre-quid-des-dernieres-mesures-accidentogenes-du-ministre-des-transports-contre-les-automobilistes\/\"]}]},{\"@type\":\"ImageObject\",\"inLanguage\":\"fr-FR\",\"@id\":\"https:\/\/gabonnouvellevision.com\/gnv\/2025\/05\/26\/tribune-libre-quid-des-dernieres-mesures-accidentogenes-du-ministre-des-transports-contre-les-automobilistes\/#primaryimage\",\"url\":\"https:\/\/gabonnouvellevision.com\/gnv\/wp-content\/uploads\/2025\/05\/WhatsApp-Image-2025-05-26-a-09.32.53_f4cb4f10.jpg\",\"contentUrl\":\"https:\/\/gabonnouvellevision.com\/gnv\/wp-content\/uploads\/2025\/05\/WhatsApp-Image-2025-05-26-a-09.32.53_f4cb4f10.jpg\",\"width\":337,\"height\":476},{\"@type\":\"BreadcrumbList\",\"@id\":\"https:\/\/gabonnouvellevision.com\/gnv\/2025\/05\/26\/tribune-libre-quid-des-dernieres-mesures-accidentogenes-du-ministre-des-transports-contre-les-automobilistes\/#breadcrumb\",\"itemListElement\":[{\"@type\":\"ListItem\",\"position\":1,\"name\":\"Accueil\",\"item\":\"https:\/\/gabonnouvellevision.com\/gnv\/\"},{\"@type\":\"ListItem\",\"position\":2,\"name\":\"Tribune Libre: Quid des derni\u00e8res mesures accidentog\u00e8nes du Ministre des Transports contre les automobilistes?\"}]},{\"@type\":\"WebSite\",\"@id\":\"https:\/\/gabonnouvellevision.com\/gnv\/#website\",\"url\":\"https:\/\/gabonnouvellevision.com\/gnv\/\",\"name\":\"Gabon Nouvelle Vision\",\"description\":\"\",\"publisher\":{\"@id\":\"https:\/\/gabonnouvellevision.com\/gnv\/#organization\"},\"potentialAction\":[{\"@type\":\"SearchAction\",\"target\":{\"@type\":\"EntryPoint\",\"urlTemplate\":\"https:\/\/gabonnouvellevision.com\/gnv\/?s={search_term_string}\"},\"query-input\":{\"@type\":\"PropertyValueSpecification\",\"valueRequired\":true,\"valueName\":\"search_term_string\"}}],\"inLanguage\":\"fr-FR\"},{\"@type\":\"Organization\",\"@id\":\"https:\/\/gabonnouvellevision.com\/gnv\/#organization\",\"name\":\"Gabon Nouvelle Vision\",\"url\":\"https:\/\/gabonnouvellevision.com\/gnv\/\",\"logo\":{\"@type\":\"ImageObject\",\"inLanguage\":\"fr-FR\",\"@id\":\"https:\/\/gabonnouvellevision.com\/gnv\/#\/schema\/logo\/image\/\",\"url\":\"https:\/\/gabonnouvellevision.com\/gnv\/wp-content\/uploads\/2025\/01\/logo-text_Plan-de-travail-1.png\",\"contentUrl\":\"https:\/\/gabonnouvellevision.com\/gnv\/wp-content\/uploads\/2025\/01\/logo-text_Plan-de-travail-1.png\",\"width\":7169,\"height\":2390,\"caption\":\"Gabon Nouvelle Vision\"},\"image\":{\"@id\":\"https:\/\/gabonnouvellevision.com\/gnv\/#\/schema\/logo\/image\/\"},\"sameAs\":[\"https:\/\/www.facebook.com\/GNVofficiel\"]},{\"@type\":\"Person\",\"@id\":\"https:\/\/gabonnouvellevision.com\/gnv\/#\/schema\/person\/4b48e07d222f83c0285affc3704bc899\",\"name\":\"Eyeng Obame\",\"image\":{\"@type\":\"ImageObject\",\"inLanguage\":\"fr-FR\",\"@id\":\"https:\/\/gabonnouvellevision.com\/gnv\/#\/schema\/person\/image\/\",\"url\":\"https:\/\/secure.gravatar.com\/avatar\/167bc03b8baf3c77318a47159f80871de6f5a6cbf4bc8b6af750fbc1a369d7bf?s=96&d=mm&r=g\",\"contentUrl\":\"https:\/\/secure.gravatar.com\/avatar\/167bc03b8baf3c77318a47159f80871de6f5a6cbf4bc8b6af750fbc1a369d7bf?s=96&d=mm&r=g\",\"caption\":\"Eyeng Obame\"},\"url\":\"https:\/\/gabonnouvellevision.com\/gnv\/author\/rufin\/\"}]}<\/script>\n<!-- \/ Yoast SEO plugin. -->","yoast_head_json":{"title":"Tribune Libre: Quid des derni\u00e8res mesures accidentog\u00e8nes du Ministre des Transports contre les automobilistes? - Gabon Nouvelle Vision","robots":{"index":"index","follow":"follow","max-snippet":"max-snippet:-1","max-image-preview":"max-image-preview:large","max-video-preview":"max-video-preview:-1"},"canonical":"https:\/\/gabonnouvellevision.com\/gnv\/2025\/05\/26\/tribune-libre-quid-des-dernieres-mesures-accidentogenes-du-ministre-des-transports-contre-les-automobilistes\/","og_locale":"fr_FR","og_type":"article","og_title":"Tribune Libre: Quid des derni\u00e8res mesures accidentog\u00e8nes du Ministre des Transports contre les automobilistes? - Gabon Nouvelle Vision","og_description":"Andr\u00e9 Assou Ello Dans un communiqu\u00e9 de presse du 22 Mai 2025 \u00e0 Radio Gabon, suite \u00e0 un accident de circulation qui a eu lieu au Pk 9 faisant une \u00e9ni\u00e8me victime, le Ministre d\u2019Etat, Ministre des Transports, de la Marine Marchande et de la Logistique, a d\u00e9cid\u00e9 d\u2019aller en guerre contre les automobilistes . [&hellip;]","og_url":"https:\/\/gabonnouvellevision.com\/gnv\/2025\/05\/26\/tribune-libre-quid-des-dernieres-mesures-accidentogenes-du-ministre-des-transports-contre-les-automobilistes\/","og_site_name":"Gabon Nouvelle Vision","article_publisher":"https:\/\/www.facebook.com\/GNVofficiel","article_published_time":"2025-05-26T15:42:15+00:00","article_modified_time":"2025-05-26T15:42:17+00:00","og_image":[{"width":337,"height":476,"url":"https:\/\/gabonnouvellevision.com\/gnv\/wp-content\/uploads\/2025\/05\/WhatsApp-Image-2025-05-26-a-09.32.53_f4cb4f10.jpg","type":"image\/jpeg"}],"author":"Eyeng Obame","twitter_card":"summary_large_image","twitter_misc":{"\u00c9crit par":"Eyeng Obame","Dur\u00e9e de lecture estim\u00e9e":"3 minutes"},"schema":{"@context":"https:\/\/schema.org","@graph":[{"@type":"Article","@id":"https:\/\/gabonnouvellevision.com\/gnv\/2025\/05\/26\/tribune-libre-quid-des-dernieres-mesures-accidentogenes-du-ministre-des-transports-contre-les-automobilistes\/#article","isPartOf":{"@id":"https:\/\/gabonnouvellevision.com\/gnv\/2025\/05\/26\/tribune-libre-quid-des-dernieres-mesures-accidentogenes-du-ministre-des-transports-contre-les-automobilistes\/"},"author":{"name":"Eyeng Obame","@id":"https:\/\/gabonnouvellevision.com\/gnv\/#\/schema\/person\/4b48e07d222f83c0285affc3704bc899"},"headline":"Tribune Libre: Quid des derni\u00e8res mesures accidentog\u00e8nes du Ministre des Transports contre les automobilistes?","datePublished":"2025-05-26T15:42:15+00:00","dateModified":"2025-05-26T15:42:17+00:00","mainEntityOfPage":{"@id":"https:\/\/gabonnouvellevision.com\/gnv\/2025\/05\/26\/tribune-libre-quid-des-dernieres-mesures-accidentogenes-du-ministre-des-transports-contre-les-automobilistes\/"},"wordCount":681,"commentCount":0,"publisher":{"@id":"https:\/\/gabonnouvellevision.com\/gnv\/#organization"},"image":{"@id":"https:\/\/gabonnouvellevision.com\/gnv\/2025\/05\/26\/tribune-libre-quid-des-dernieres-mesures-accidentogenes-du-ministre-des-transports-contre-les-automobilistes\/#primaryimage"},"thumbnailUrl":"https:\/\/gabonnouvellevision.com\/gnv\/wp-content\/uploads\/2025\/05\/WhatsApp-Image-2025-05-26-a-09.32.53_f4cb4f10.jpg","articleSection":["A la une","Actualites","Politique"],"inLanguage":"fr-FR","potentialAction":[{"@type":"CommentAction","name":"Comment","target":["https:\/\/gabonnouvellevision.com\/gnv\/2025\/05\/26\/tribune-libre-quid-des-dernieres-mesures-accidentogenes-du-ministre-des-transports-contre-les-automobilistes\/#respond"]}]},{"@type":"WebPage","@id":"https:\/\/gabonnouvellevision.com\/gnv\/2025\/05\/26\/tribune-libre-quid-des-dernieres-mesures-accidentogenes-du-ministre-des-transports-contre-les-automobilistes\/","url":"https:\/\/gabonnouvellevision.com\/gnv\/2025\/05\/26\/tribune-libre-quid-des-dernieres-mesures-accidentogenes-du-ministre-des-transports-contre-les-automobilistes\/","name":"Tribune Libre: Quid des derni\u00e8res mesures accidentog\u00e8nes du Ministre des Transports contre les automobilistes? - Gabon Nouvelle Vision","isPartOf":{"@id":"https:\/\/gabonnouvellevision.com\/gnv\/#website"},"primaryImageOfPage":{"@id":"https:\/\/gabonnouvellevision.com\/gnv\/2025\/05\/26\/tribune-libre-quid-des-dernieres-mesures-accidentogenes-du-ministre-des-transports-contre-les-automobilistes\/#primaryimage"},"image":{"@id":"https:\/\/gabonnouvellevision.com\/gnv\/2025\/05\/26\/tribune-libre-quid-des-dernieres-mesures-accidentogenes-du-ministre-des-transports-contre-les-automobilistes\/#primaryimage"},"thumbnailUrl":"https:\/\/gabonnouvellevision.com\/gnv\/wp-content\/uploads\/2025\/05\/WhatsApp-Image-2025-05-26-a-09.32.53_f4cb4f10.jpg","datePublished":"2025-05-26T15:42:15+00:00","dateModified":"2025-05-26T15:42:17+00:00","breadcrumb":{"@id":"https:\/\/gabonnouvellevision.com\/gnv\/2025\/05\/26\/tribune-libre-quid-des-dernieres-mesures-accidentogenes-du-ministre-des-transports-contre-les-automobilistes\/#breadcrumb"},"inLanguage":"fr-FR","potentialAction":[{"@type":"ReadAction","target":["https:\/\/gabonnouvellevision.com\/gnv\/2025\/05\/26\/tribune-libre-quid-des-dernieres-mesures-accidentogenes-du-ministre-des-transports-contre-les-automobilistes\/"]}]},{"@type":"ImageObject","inLanguage":"fr-FR","@id":"https:\/\/gabonnouvellevision.com\/gnv\/2025\/05\/26\/tribune-libre-quid-des-dernieres-mesures-accidentogenes-du-ministre-des-transports-contre-les-automobilistes\/#primaryimage","url":"https:\/\/gabonnouvellevision.com\/gnv\/wp-content\/uploads\/2025\/05\/WhatsApp-Image-2025-05-26-a-09.32.53_f4cb4f10.jpg","contentUrl":"https:\/\/gabonnouvellevision.com\/gnv\/wp-content\/uploads\/2025\/05\/WhatsApp-Image-2025-05-26-a-09.32.53_f4cb4f10.jpg","width":337,"height":476},{"@type":"BreadcrumbList","@id":"https:\/\/gabonnouvellevision.com\/gnv\/2025\/05\/26\/tribune-libre-quid-des-dernieres-mesures-accidentogenes-du-ministre-des-transports-contre-les-automobilistes\/#breadcrumb","itemListElement":[{"@type":"ListItem","position":1,"name":"Accueil","item":"https:\/\/gabonnouvellevision.com\/gnv\/"},{"@type":"ListItem","position":2,"name":"Tribune Libre: Quid des derni\u00e8res mesures accidentog\u00e8nes du Ministre des Transports contre les automobilistes?"}]},{"@type":"WebSite","@id":"https:\/\/gabonnouvellevision.com\/gnv\/#website","url":"https:\/\/gabonnouvellevision.com\/gnv\/","name":"Gabon Nouvelle Vision","description":"","publisher":{"@id":"https:\/\/gabonnouvellevision.com\/gnv\/#organization"},"potentialAction":[{"@type":"SearchAction","target":{"@type":"EntryPoint","urlTemplate":"https:\/\/gabonnouvellevision.com\/gnv\/?s={search_term_string}"},"query-input":{"@type":"PropertyValueSpecification","valueRequired":true,"valueName":"search_term_string"}}],"inLanguage":"fr-FR"},{"@type":"Organization","@id":"https:\/\/gabonnouvellevision.com\/gnv\/#organization","name":"Gabon Nouvelle Vision","url":"https:\/\/gabonnouvellevision.com\/gnv\/","logo":{"@type":"ImageObject","inLanguage":"fr-FR","@id":"https:\/\/gabonnouvellevision.com\/gnv\/#\/schema\/logo\/image\/","url":"https:\/\/gabonnouvellevision.com\/gnv\/wp-content\/uploads\/2025\/01\/logo-text_Plan-de-travail-1.png","contentUrl":"https:\/\/gabonnouvellevision.com\/gnv\/wp-content\/uploads\/2025\/01\/logo-text_Plan-de-travail-1.png","width":7169,"height":2390,"caption":"Gabon Nouvelle Vision"},"image":{"@id":"https:\/\/gabonnouvellevision.com\/gnv\/#\/schema\/logo\/image\/"},"sameAs":["https:\/\/www.facebook.com\/GNVofficiel"]},{"@type":"Person","@id":"https:\/\/gabonnouvellevision.com\/gnv\/#\/schema\/person\/4b48e07d222f83c0285affc3704bc899","name":"Eyeng Obame","image":{"@type":"ImageObject","inLanguage":"fr-FR","@id":"https:\/\/gabonnouvellevision.com\/gnv\/#\/schema\/person\/image\/","url":"https:\/\/secure.gravatar.com\/avatar\/167bc03b8baf3c77318a47159f80871de6f5a6cbf4bc8b6af750fbc1a369d7bf?s=96&d=mm&r=g","contentUrl":"https:\/\/secure.gravatar.com\/avatar\/167bc03b8baf3c77318a47159f80871de6f5a6cbf4bc8b6af750fbc1a369d7bf?s=96&d=mm&r=g","caption":"Eyeng Obame"},"url":"https:\/\/gabonnouvellevision.com\/gnv\/author\/rufin\/"}]}},"_links":{"self":[{"href":"https:\/\/gabonnouvellevision.com\/gnv\/wp-json\/wp\/v2\/posts\/23957","targetHints":{"allow":["GET"]}}],"collection":[{"href":"https:\/\/gabonnouvellevision.com\/gnv\/wp-json\/wp\/v2\/posts"}],"about":[{"href":"https:\/\/gabonnouvellevision.com\/gnv\/wp-json\/wp\/v2\/types\/post"}],"author":[{"embeddable":true,"href":"https:\/\/gabonnouvellevision.com\/gnv\/wp-json\/wp\/v2\/users\/7"}],"replies":[{"embeddable":true,"href":"https:\/\/gabonnouvellevision.com\/gnv\/wp-json\/wp\/v2\/comments?post=23957"}],"version-history":[{"count":1,"href":"https:\/\/gabonnouvellevision.com\/gnv\/wp-json\/wp\/v2\/posts\/23957\/revisions"}],"predecessor-version":[{"id":23959,"href":"https:\/\/gabonnouvellevision.com\/gnv\/wp-json\/wp\/v2\/posts\/23957\/revisions\/23959"}],"wp:featuredmedia":[{"embeddable":true,"href":"https:\/\/gabonnouvellevision.com\/gnv\/wp-json\/wp\/v2\/media\/23958"}],"wp:attachment":[{"href":"https:\/\/gabonnouvellevision.com\/gnv\/wp-json\/wp\/v2\/media?parent=23957"}],"wp:term":[{"taxonomy":"category","embeddable":true,"href":"https:\/\/gabonnouvellevision.com\/gnv\/wp-json\/wp\/v2\/categories?post=23957"},{"taxonomy":"post_tag","embeddable":true,"href":"https:\/\/gabonnouvellevision.com\/gnv\/wp-json\/wp\/v2\/tags?post=23957"}],"curies":[{"name":"wp","href":"https:\/\/api.w.org\/{rel}","templated":true}]}}