{"id":23937,"date":"2025-05-21T11:37:48","date_gmt":"2025-05-21T09:37:48","guid":{"rendered":"https:\/\/gabonnouvellevision.com\/gnv\/?p=23937"},"modified":"2025-05-21T11:37:50","modified_gmt":"2025-05-21T09:37:50","slug":"communication-presidentielle-patricia-lydie-mouele-devoile-son-plan-de-communication","status":"publish","type":"post","link":"https:\/\/gabonnouvellevision.com\/gnv\/2025\/05\/21\/communication-presidentielle-patricia-lydie-mouele-devoile-son-plan-de-communication\/","title":{"rendered":"Communication Pr\u00e9sidentielle : Patricia Lydie Mouele d\u00e9voile son plan de communication"},"content":{"rendered":"\n<p><strong>Patricia Lydie Mouele, Chef de D\u00e9partement communication Pr\u00e9sidentielle<\/strong><\/p>\n\n\n\n<p><em><strong>La nouvelle Patronne de la communication Pr\u00e9sidentielle Gabonaise, \u00e9tait face \u00e0 la presse il y a quelques heures au nord de Libreville, pour d\u00e9voiler les grandes lignes de sa collaboration avec la presse locale et internationale<\/strong><\/em><strong>.<\/strong><\/p>\n\n\n\n<p>Une feuille de route du Conseiller Sp\u00e9cial du Chef de l\u2019Etat en charge du d\u00e9partement communication qui repose sur l\u2019excellence, la v\u00e9racit\u00e9 de l\u2019information, la probit\u00e9 morale et la confiance mutuelle avec les hommes et femmes de m\u00e9dias. \u2019Notre vision, c\u2019est celle d\u2019une relation presse fond\u00e9e sur la confiance, l\u2019ouverture et le respect mutuel\u2019\u2019 a d\u00e9clar\u00e9 Patricia Lydie Mouele.<\/p>\n\n\n\n<p>L\u2019acc\u00e8s \u00e0 l\u2019information institutionnelle des journalistes n&rsquo;\u00e9tait pas en reste :\u2019\u2019 Nous allons vous donner plus souvent acc\u00e8s \u00e0 l\u2019information institutionnelle, et surtout cr\u00e9er un dialogue r\u00e9gulier professionnel et transparent\u2019\u2019 a-t-elle indiqu\u00e9e.<\/p>\n\n\n\n<p>Entour\u00e9e d\u2019une \u00e9quipe jeune et dynamique, cette Journaliste de renom de l\u2019\u00e9cosyst\u00e8me m\u00e9diatique Gabonais, entend impl\u00e9menter son savoir-faire et exp\u00e9rience de terrain, en toute humilit\u00e9 et loyaut\u00e9, \u00e0 la presse pr\u00e9sidentielle gabonaise \u00e0 l\u2019\u00e8re de la V\u00e8me R\u00e9publique.<\/p>\n\n\n\n<p>Apr\u00e8s le d\u00e9jeuner de presse de prise de contact, et de pr\u00e9sentation de la feuille de route dans une structure h\u00f4teli\u00e8re du nord de Libreville, la conf\u00e9rence de presse au palais de la R\u00e9novation de Libreville, devra constituer la prochaine \u00e9tape de la nouvelle \u00e9quipe du D\u00e9partement communication pr\u00e9sidentielle.<\/p>\n\n\n\n<p><strong>Rufin Martial Oke Nze<\/strong><\/p>\n","protected":false},"excerpt":{"rendered":"<p>Patricia Lydie Mouele, Chef de D\u00e9partement communication Pr\u00e9sidentielle La nouvelle Patronne de la communication Pr\u00e9sidentielle Gabonaise, \u00e9tait face \u00e0 la presse il y a quelques heures au nord de Libreville, pour d\u00e9voiler les grandes lignes de sa collaboration avec la presse locale et internationale. Une feuille de route du Conseiller Sp\u00e9cial du Chef de l\u2019Etat [&hellip;]<\/p>\n","protected":false},"author":7,"featured_media":23938,"comment_status":"open","ping_status":"open","sticky":false,"template":"","format":"standard","meta":{"footnotes":""},"categories":[57,55,68,56],"tags":[],"class_list":["post-23937","post","type-post","status-publish","format-standard","has-post-thumbnail","hentry","category-a-la-une","category-actualites","category-culture","category-societe"],"yoast_head":"<!-- This site is optimized with the Yoast SEO plugin v24.2 - https:\/\/yoast.com\/wordpress\/plugins\/seo\/ -->\n<title>Communication Pr\u00e9sidentielle : Patricia Lydie Mouele d\u00e9voile son plan de communication - Gabon Nouvelle Vision<\/title>\n<meta name=\"robots\" content=\"index, follow, max-snippet:-1, max-image-preview:large, max-video-preview:-1\" \/>\n<link rel=\"canonical\" href=\"https:\/\/gabonnouvellevision.com\/gnv\/2025\/05\/21\/communication-presidentielle-patricia-lydie-mouele-devoile-son-plan-de-communication\/\" \/>\n<meta property=\"og:locale\" content=\"fr_FR\" \/>\n<meta property=\"og:type\" content=\"article\" \/>\n<meta property=\"og:title\" content=\"Communication Pr\u00e9sidentielle : Patricia Lydie Mouele d\u00e9voile son plan de communication - Gabon Nouvelle Vision\" \/>\n<meta property=\"og:description\" content=\"Patricia Lydie Mouele, Chef de D\u00e9partement communication Pr\u00e9sidentielle La nouvelle Patronne de la communication Pr\u00e9sidentielle Gabonaise, \u00e9tait face \u00e0 la presse il y a quelques heures au nord de Libreville, pour d\u00e9voiler les grandes lignes de sa collaboration avec la presse locale et internationale. Une feuille de route du Conseiller Sp\u00e9cial du Chef de l\u2019Etat [&hellip;]\" \/>\n<meta property=\"og:url\" content=\"https:\/\/gabonnouvellevision.com\/gnv\/2025\/05\/21\/communication-presidentielle-patricia-lydie-mouele-devoile-son-plan-de-communication\/\" \/>\n<meta property=\"og:site_name\" content=\"Gabon Nouvelle Vision\" \/>\n<meta property=\"article:publisher\" content=\"https:\/\/www.facebook.com\/GNVofficiel\" \/>\n<meta property=\"article:published_time\" content=\"2025-05-21T09:37:48+00:00\" \/>\n<meta property=\"article:modified_time\" content=\"2025-05-21T09:37:50+00:00\" \/>\n<meta property=\"og:image\" content=\"https:\/\/gabonnouvellevision.com\/gnv\/wp-content\/uploads\/2025\/05\/IMG-20250520-WA0273.webp\" \/>\n\t<meta property=\"og:image:width\" content=\"719\" \/>\n\t<meta property=\"og:image:height\" content=\"523\" \/>\n\t<meta property=\"og:image:type\" content=\"image\/webp\" \/>\n<meta name=\"author\" content=\"Eyeng Obame\" \/>\n<meta name=\"twitter:card\" content=\"summary_large_image\" \/>\n<meta name=\"twitter:label1\" content=\"\u00c9crit par\" \/>\n\t<meta name=\"twitter:data1\" content=\"Eyeng Obame\" \/>\n\t<meta name=\"twitter:label2\" content=\"Dur\u00e9e de lecture estim\u00e9e\" \/>\n\t<meta name=\"twitter:data2\" content=\"2 minutes\" \/>\n<script type=\"application\/ld+json\" class=\"yoast-schema-graph\">{\"@context\":\"https:\/\/schema.org\",\"@graph\":[{\"@type\":\"Article\",\"@id\":\"https:\/\/gabonnouvellevision.com\/gnv\/2025\/05\/21\/communication-presidentielle-patricia-lydie-mouele-devoile-son-plan-de-communication\/#article\",\"isPartOf\":{\"@id\":\"https:\/\/gabonnouvellevision.com\/gnv\/2025\/05\/21\/communication-presidentielle-patricia-lydie-mouele-devoile-son-plan-de-communication\/\"},\"author\":{\"name\":\"Eyeng Obame\",\"@id\":\"https:\/\/gabonnouvellevision.com\/gnv\/#\/schema\/person\/4b48e07d222f83c0285affc3704bc899\"},\"headline\":\"Communication Pr\u00e9sidentielle : Patricia Lydie Mouele d\u00e9voile son plan de communication\",\"datePublished\":\"2025-05-21T09:37:48+00:00\",\"dateModified\":\"2025-05-21T09:37:50+00:00\",\"mainEntityOfPage\":{\"@id\":\"https:\/\/gabonnouvellevision.com\/gnv\/2025\/05\/21\/communication-presidentielle-patricia-lydie-mouele-devoile-son-plan-de-communication\/\"},\"wordCount\":277,\"commentCount\":0,\"publisher\":{\"@id\":\"https:\/\/gabonnouvellevision.com\/gnv\/#organization\"},\"image\":{\"@id\":\"https:\/\/gabonnouvellevision.com\/gnv\/2025\/05\/21\/communication-presidentielle-patricia-lydie-mouele-devoile-son-plan-de-communication\/#primaryimage\"},\"thumbnailUrl\":\"https:\/\/gabonnouvellevision.com\/gnv\/wp-content\/uploads\/2025\/05\/IMG-20250520-WA0273.webp\",\"articleSection\":[\"A la une\",\"Actualites\",\"Culture\",\"Societe\"],\"inLanguage\":\"fr-FR\",\"potentialAction\":[{\"@type\":\"CommentAction\",\"name\":\"Comment\",\"target\":[\"https:\/\/gabonnouvellevision.com\/gnv\/2025\/05\/21\/communication-presidentielle-patricia-lydie-mouele-devoile-son-plan-de-communication\/#respond\"]}]},{\"@type\":\"WebPage\",\"@id\":\"https:\/\/gabonnouvellevision.com\/gnv\/2025\/05\/21\/communication-presidentielle-patricia-lydie-mouele-devoile-son-plan-de-communication\/\",\"url\":\"https:\/\/gabonnouvellevision.com\/gnv\/2025\/05\/21\/communication-presidentielle-patricia-lydie-mouele-devoile-son-plan-de-communication\/\",\"name\":\"Communication Pr\u00e9sidentielle : Patricia Lydie Mouele d\u00e9voile son plan de communication - Gabon Nouvelle Vision\",\"isPartOf\":{\"@id\":\"https:\/\/gabonnouvellevision.com\/gnv\/#website\"},\"primaryImageOfPage\":{\"@id\":\"https:\/\/gabonnouvellevision.com\/gnv\/2025\/05\/21\/communication-presidentielle-patricia-lydie-mouele-devoile-son-plan-de-communication\/#primaryimage\"},\"image\":{\"@id\":\"https:\/\/gabonnouvellevision.com\/gnv\/2025\/05\/21\/communication-presidentielle-patricia-lydie-mouele-devoile-son-plan-de-communication\/#primaryimage\"},\"thumbnailUrl\":\"https:\/\/gabonnouvellevision.com\/gnv\/wp-content\/uploads\/2025\/05\/IMG-20250520-WA0273.webp\",\"datePublished\":\"2025-05-21T09:37:48+00:00\",\"dateModified\":\"2025-05-21T09:37:50+00:00\",\"breadcrumb\":{\"@id\":\"https:\/\/gabonnouvellevision.com\/gnv\/2025\/05\/21\/communication-presidentielle-patricia-lydie-mouele-devoile-son-plan-de-communication\/#breadcrumb\"},\"inLanguage\":\"fr-FR\",\"potentialAction\":[{\"@type\":\"ReadAction\",\"target\":[\"https:\/\/gabonnouvellevision.com\/gnv\/2025\/05\/21\/communication-presidentielle-patricia-lydie-mouele-devoile-son-plan-de-communication\/\"]}]},{\"@type\":\"ImageObject\",\"inLanguage\":\"fr-FR\",\"@id\":\"https:\/\/gabonnouvellevision.com\/gnv\/2025\/05\/21\/communication-presidentielle-patricia-lydie-mouele-devoile-son-plan-de-communication\/#primaryimage\",\"url\":\"https:\/\/gabonnouvellevision.com\/gnv\/wp-content\/uploads\/2025\/05\/IMG-20250520-WA0273.webp\",\"contentUrl\":\"https:\/\/gabonnouvellevision.com\/gnv\/wp-content\/uploads\/2025\/05\/IMG-20250520-WA0273.webp\",\"width\":719,\"height\":523},{\"@type\":\"BreadcrumbList\",\"@id\":\"https:\/\/gabonnouvellevision.com\/gnv\/2025\/05\/21\/communication-presidentielle-patricia-lydie-mouele-devoile-son-plan-de-communication\/#breadcrumb\",\"itemListElement\":[{\"@type\":\"ListItem\",\"position\":1,\"name\":\"Accueil\",\"item\":\"https:\/\/gabonnouvellevision.com\/gnv\/\"},{\"@type\":\"ListItem\",\"position\":2,\"name\":\"Communication Pr\u00e9sidentielle : Patricia Lydie Mouele d\u00e9voile son plan de communication\"}]},{\"@type\":\"WebSite\",\"@id\":\"https:\/\/gabonnouvellevision.com\/gnv\/#website\",\"url\":\"https:\/\/gabonnouvellevision.com\/gnv\/\",\"name\":\"Gabon Nouvelle Vision\",\"description\":\"\",\"publisher\":{\"@id\":\"https:\/\/gabonnouvellevision.com\/gnv\/#organization\"},\"potentialAction\":[{\"@type\":\"SearchAction\",\"target\":{\"@type\":\"EntryPoint\",\"urlTemplate\":\"https:\/\/gabonnouvellevision.com\/gnv\/?s={search_term_string}\"},\"query-input\":{\"@type\":\"PropertyValueSpecification\",\"valueRequired\":true,\"valueName\":\"search_term_string\"}}],\"inLanguage\":\"fr-FR\"},{\"@type\":\"Organization\",\"@id\":\"https:\/\/gabonnouvellevision.com\/gnv\/#organization\",\"name\":\"Gabon Nouvelle Vision\",\"url\":\"https:\/\/gabonnouvellevision.com\/gnv\/\",\"logo\":{\"@type\":\"ImageObject\",\"inLanguage\":\"fr-FR\",\"@id\":\"https:\/\/gabonnouvellevision.com\/gnv\/#\/schema\/logo\/image\/\",\"url\":\"https:\/\/gabonnouvellevision.com\/gnv\/wp-content\/uploads\/2025\/01\/logo-text_Plan-de-travail-1.png\",\"contentUrl\":\"https:\/\/gabonnouvellevision.com\/gnv\/wp-content\/uploads\/2025\/01\/logo-text_Plan-de-travail-1.png\",\"width\":7169,\"height\":2390,\"caption\":\"Gabon Nouvelle Vision\"},\"image\":{\"@id\":\"https:\/\/gabonnouvellevision.com\/gnv\/#\/schema\/logo\/image\/\"},\"sameAs\":[\"https:\/\/www.facebook.com\/GNVofficiel\"]},{\"@type\":\"Person\",\"@id\":\"https:\/\/gabonnouvellevision.com\/gnv\/#\/schema\/person\/4b48e07d222f83c0285affc3704bc899\",\"name\":\"Eyeng Obame\",\"image\":{\"@type\":\"ImageObject\",\"inLanguage\":\"fr-FR\",\"@id\":\"https:\/\/gabonnouvellevision.com\/gnv\/#\/schema\/person\/image\/\",\"url\":\"https:\/\/secure.gravatar.com\/avatar\/167bc03b8baf3c77318a47159f80871de6f5a6cbf4bc8b6af750fbc1a369d7bf?s=96&d=mm&r=g\",\"contentUrl\":\"https:\/\/secure.gravatar.com\/avatar\/167bc03b8baf3c77318a47159f80871de6f5a6cbf4bc8b6af750fbc1a369d7bf?s=96&d=mm&r=g\",\"caption\":\"Eyeng Obame\"},\"url\":\"https:\/\/gabonnouvellevision.com\/gnv\/author\/rufin\/\"}]}<\/script>\n<!-- \/ Yoast SEO plugin. -->","yoast_head_json":{"title":"Communication Pr\u00e9sidentielle : Patricia Lydie Mouele d\u00e9voile son plan de communication - Gabon Nouvelle Vision","robots":{"index":"index","follow":"follow","max-snippet":"max-snippet:-1","max-image-preview":"max-image-preview:large","max-video-preview":"max-video-preview:-1"},"canonical":"https:\/\/gabonnouvellevision.com\/gnv\/2025\/05\/21\/communication-presidentielle-patricia-lydie-mouele-devoile-son-plan-de-communication\/","og_locale":"fr_FR","og_type":"article","og_title":"Communication Pr\u00e9sidentielle : Patricia Lydie Mouele d\u00e9voile son plan de communication - Gabon Nouvelle Vision","og_description":"Patricia Lydie Mouele, Chef de D\u00e9partement communication Pr\u00e9sidentielle La nouvelle Patronne de la communication Pr\u00e9sidentielle Gabonaise, \u00e9tait face \u00e0 la presse il y a quelques heures au nord de Libreville, pour d\u00e9voiler les grandes lignes de sa collaboration avec la presse locale et internationale. Une feuille de route du Conseiller Sp\u00e9cial du Chef de l\u2019Etat [&hellip;]","og_url":"https:\/\/gabonnouvellevision.com\/gnv\/2025\/05\/21\/communication-presidentielle-patricia-lydie-mouele-devoile-son-plan-de-communication\/","og_site_name":"Gabon Nouvelle Vision","article_publisher":"https:\/\/www.facebook.com\/GNVofficiel","article_published_time":"2025-05-21T09:37:48+00:00","article_modified_time":"2025-05-21T09:37:50+00:00","og_image":[{"width":719,"height":523,"url":"https:\/\/gabonnouvellevision.com\/gnv\/wp-content\/uploads\/2025\/05\/IMG-20250520-WA0273.webp","type":"image\/webp"}],"author":"Eyeng Obame","twitter_card":"summary_large_image","twitter_misc":{"\u00c9crit par":"Eyeng Obame","Dur\u00e9e de lecture estim\u00e9e":"2 minutes"},"schema":{"@context":"https:\/\/schema.org","@graph":[{"@type":"Article","@id":"https:\/\/gabonnouvellevision.com\/gnv\/2025\/05\/21\/communication-presidentielle-patricia-lydie-mouele-devoile-son-plan-de-communication\/#article","isPartOf":{"@id":"https:\/\/gabonnouvellevision.com\/gnv\/2025\/05\/21\/communication-presidentielle-patricia-lydie-mouele-devoile-son-plan-de-communication\/"},"author":{"name":"Eyeng Obame","@id":"https:\/\/gabonnouvellevision.com\/gnv\/#\/schema\/person\/4b48e07d222f83c0285affc3704bc899"},"headline":"Communication Pr\u00e9sidentielle : Patricia Lydie Mouele d\u00e9voile son plan de communication","datePublished":"2025-05-21T09:37:48+00:00","dateModified":"2025-05-21T09:37:50+00:00","mainEntityOfPage":{"@id":"https:\/\/gabonnouvellevision.com\/gnv\/2025\/05\/21\/communication-presidentielle-patricia-lydie-mouele-devoile-son-plan-de-communication\/"},"wordCount":277,"commentCount":0,"publisher":{"@id":"https:\/\/gabonnouvellevision.com\/gnv\/#organization"},"image":{"@id":"https:\/\/gabonnouvellevision.com\/gnv\/2025\/05\/21\/communication-presidentielle-patricia-lydie-mouele-devoile-son-plan-de-communication\/#primaryimage"},"thumbnailUrl":"https:\/\/gabonnouvellevision.com\/gnv\/wp-content\/uploads\/2025\/05\/IMG-20250520-WA0273.webp","articleSection":["A la une","Actualites","Culture","Societe"],"inLanguage":"fr-FR","potentialAction":[{"@type":"CommentAction","name":"Comment","target":["https:\/\/gabonnouvellevision.com\/gnv\/2025\/05\/21\/communication-presidentielle-patricia-lydie-mouele-devoile-son-plan-de-communication\/#respond"]}]},{"@type":"WebPage","@id":"https:\/\/gabonnouvellevision.com\/gnv\/2025\/05\/21\/communication-presidentielle-patricia-lydie-mouele-devoile-son-plan-de-communication\/","url":"https:\/\/gabonnouvellevision.com\/gnv\/2025\/05\/21\/communication-presidentielle-patricia-lydie-mouele-devoile-son-plan-de-communication\/","name":"Communication Pr\u00e9sidentielle : Patricia Lydie Mouele d\u00e9voile son plan de communication - Gabon Nouvelle Vision","isPartOf":{"@id":"https:\/\/gabonnouvellevision.com\/gnv\/#website"},"primaryImageOfPage":{"@id":"https:\/\/gabonnouvellevision.com\/gnv\/2025\/05\/21\/communication-presidentielle-patricia-lydie-mouele-devoile-son-plan-de-communication\/#primaryimage"},"image":{"@id":"https:\/\/gabonnouvellevision.com\/gnv\/2025\/05\/21\/communication-presidentielle-patricia-lydie-mouele-devoile-son-plan-de-communication\/#primaryimage"},"thumbnailUrl":"https:\/\/gabonnouvellevision.com\/gnv\/wp-content\/uploads\/2025\/05\/IMG-20250520-WA0273.webp","datePublished":"2025-05-21T09:37:48+00:00","dateModified":"2025-05-21T09:37:50+00:00","breadcrumb":{"@id":"https:\/\/gabonnouvellevision.com\/gnv\/2025\/05\/21\/communication-presidentielle-patricia-lydie-mouele-devoile-son-plan-de-communication\/#breadcrumb"},"inLanguage":"fr-FR","potentialAction":[{"@type":"ReadAction","target":["https:\/\/gabonnouvellevision.com\/gnv\/2025\/05\/21\/communication-presidentielle-patricia-lydie-mouele-devoile-son-plan-de-communication\/"]}]},{"@type":"ImageObject","inLanguage":"fr-FR","@id":"https:\/\/gabonnouvellevision.com\/gnv\/2025\/05\/21\/communication-presidentielle-patricia-lydie-mouele-devoile-son-plan-de-communication\/#primaryimage","url":"https:\/\/gabonnouvellevision.com\/gnv\/wp-content\/uploads\/2025\/05\/IMG-20250520-WA0273.webp","contentUrl":"https:\/\/gabonnouvellevision.com\/gnv\/wp-content\/uploads\/2025\/05\/IMG-20250520-WA0273.webp","width":719,"height":523},{"@type":"BreadcrumbList","@id":"https:\/\/gabonnouvellevision.com\/gnv\/2025\/05\/21\/communication-presidentielle-patricia-lydie-mouele-devoile-son-plan-de-communication\/#breadcrumb","itemListElement":[{"@type":"ListItem","position":1,"name":"Accueil","item":"https:\/\/gabonnouvellevision.com\/gnv\/"},{"@type":"ListItem","position":2,"name":"Communication Pr\u00e9sidentielle : Patricia Lydie Mouele d\u00e9voile son plan de communication"}]},{"@type":"WebSite","@id":"https:\/\/gabonnouvellevision.com\/gnv\/#website","url":"https:\/\/gabonnouvellevision.com\/gnv\/","name":"Gabon Nouvelle Vision","description":"","publisher":{"@id":"https:\/\/gabonnouvellevision.com\/gnv\/#organization"},"potentialAction":[{"@type":"SearchAction","target":{"@type":"EntryPoint","urlTemplate":"https:\/\/gabonnouvellevision.com\/gnv\/?s={search_term_string}"},"query-input":{"@type":"PropertyValueSpecification","valueRequired":true,"valueName":"search_term_string"}}],"inLanguage":"fr-FR"},{"@type":"Organization","@id":"https:\/\/gabonnouvellevision.com\/gnv\/#organization","name":"Gabon Nouvelle Vision","url":"https:\/\/gabonnouvellevision.com\/gnv\/","logo":{"@type":"ImageObject","inLanguage":"fr-FR","@id":"https:\/\/gabonnouvellevision.com\/gnv\/#\/schema\/logo\/image\/","url":"https:\/\/gabonnouvellevision.com\/gnv\/wp-content\/uploads\/2025\/01\/logo-text_Plan-de-travail-1.png","contentUrl":"https:\/\/gabonnouvellevision.com\/gnv\/wp-content\/uploads\/2025\/01\/logo-text_Plan-de-travail-1.png","width":7169,"height":2390,"caption":"Gabon Nouvelle Vision"},"image":{"@id":"https:\/\/gabonnouvellevision.com\/gnv\/#\/schema\/logo\/image\/"},"sameAs":["https:\/\/www.facebook.com\/GNVofficiel"]},{"@type":"Person","@id":"https:\/\/gabonnouvellevision.com\/gnv\/#\/schema\/person\/4b48e07d222f83c0285affc3704bc899","name":"Eyeng Obame","image":{"@type":"ImageObject","inLanguage":"fr-FR","@id":"https:\/\/gabonnouvellevision.com\/gnv\/#\/schema\/person\/image\/","url":"https:\/\/secure.gravatar.com\/avatar\/167bc03b8baf3c77318a47159f80871de6f5a6cbf4bc8b6af750fbc1a369d7bf?s=96&d=mm&r=g","contentUrl":"https:\/\/secure.gravatar.com\/avatar\/167bc03b8baf3c77318a47159f80871de6f5a6cbf4bc8b6af750fbc1a369d7bf?s=96&d=mm&r=g","caption":"Eyeng Obame"},"url":"https:\/\/gabonnouvellevision.com\/gnv\/author\/rufin\/"}]}},"_links":{"self":[{"href":"https:\/\/gabonnouvellevision.com\/gnv\/wp-json\/wp\/v2\/posts\/23937","targetHints":{"allow":["GET"]}}],"collection":[{"href":"https:\/\/gabonnouvellevision.com\/gnv\/wp-json\/wp\/v2\/posts"}],"about":[{"href":"https:\/\/gabonnouvellevision.com\/gnv\/wp-json\/wp\/v2\/types\/post"}],"author":[{"embeddable":true,"href":"https:\/\/gabonnouvellevision.com\/gnv\/wp-json\/wp\/v2\/users\/7"}],"replies":[{"embeddable":true,"href":"https:\/\/gabonnouvellevision.com\/gnv\/wp-json\/wp\/v2\/comments?post=23937"}],"version-history":[{"count":1,"href":"https:\/\/gabonnouvellevision.com\/gnv\/wp-json\/wp\/v2\/posts\/23937\/revisions"}],"predecessor-version":[{"id":23939,"href":"https:\/\/gabonnouvellevision.com\/gnv\/wp-json\/wp\/v2\/posts\/23937\/revisions\/23939"}],"wp:featuredmedia":[{"embeddable":true,"href":"https:\/\/gabonnouvellevision.com\/gnv\/wp-json\/wp\/v2\/media\/23938"}],"wp:attachment":[{"href":"https:\/\/gabonnouvellevision.com\/gnv\/wp-json\/wp\/v2\/media?parent=23937"}],"wp:term":[{"taxonomy":"category","embeddable":true,"href":"https:\/\/gabonnouvellevision.com\/gnv\/wp-json\/wp\/v2\/categories?post=23937"},{"taxonomy":"post_tag","embeddable":true,"href":"https:\/\/gabonnouvellevision.com\/gnv\/wp-json\/wp\/v2\/tags?post=23937"}],"curies":[{"name":"wp","href":"https:\/\/api.w.org\/{rel}","templated":true}]}}