{"id":23928,"date":"2025-05-16T17:06:40","date_gmt":"2025-05-16T15:06:40","guid":{"rendered":"https:\/\/gabonnouvellevision.com\/gnv\/?p=23928"},"modified":"2025-05-16T17:06:41","modified_gmt":"2025-05-16T15:06:41","slug":"sylvia-et-nourredine-bongo-liberes-provisoirement-pour-des-raisons-sanitaires","status":"publish","type":"post","link":"https:\/\/gabonnouvellevision.com\/gnv\/2025\/05\/16\/sylvia-et-nourredine-bongo-liberes-provisoirement-pour-des-raisons-sanitaires\/","title":{"rendered":"Sylvia et Nourredine Bongo lib\u00e9r\u00e9s provisoirement pour des raisons sanitaires"},"content":{"rendered":"\n<p><em><strong>Point de presse du Parquet G\u00e9n\u00e9ral\u00a0 de la Cour d\u2019Appel Judiciaire ce matin \u00e0 Libreville. Occasion pour les autorit\u00e9s judiciaires Gabonaises , d&rsquo;\u00e9clairer la lanterne des populations sur les raisons de la libert\u00e9 provisoire de Sylvia et Nourredine Bongo de la prison centrale de Libreville depuis quelques jours.<\/strong><\/em><\/p>\n\n\n\n<p><em><strong>&nbsp;Ci-dessous l\u2019int\u00e9gralit\u00e9 de la d\u00e9claration du Procureur G\u00e9n\u00e9ral, Eddy Minang<\/strong><\/em>:<\/p>\n\n\n\n<p>Au lendemain du 30 ao\u00fbt 2023, plusieurs personnes \u00e9taient interpell\u00e9es puis entendues. A l\u2019issue des enqu\u00eates pr\u00e9liminaires, une information judiciaire \u00e9tait requise par le Procureur de la R\u00e9publique pr\u00e8s le Tribunal de Premi\u00e8re Instance de Libreville, les 19 et 27 septembre 2023, contre treize personnes dont Sylvie Marie Aim\u00e9e Valentin \u00e9pouse Bongo et Nourredine Bongo Valentin pour d\u00e9tournement de deniers publics, complicit\u00e9 de d\u00e9tournements de deniers publics, faux et usage de faux, corruption active, concussion, blanchiment de capitaux, complicit\u00e9 de blanchiment de capitaux, trouble aux op\u00e9rations d\u2019un coll\u00e8ge \u00e9lectoral, recel, contrefa\u00e7on du sceau de l\u2019Etat, contrefa\u00e7on des imprim\u00e9s officiels des institutions, usurpation de titre et de fonction et association de malfaiteurs.<\/p>\n\n\n\n<p>Faits pr\u00e9vus et punis par <strong>les articles 48, 49, 101, 109-1, 112-3, 115, 116, 117, 133, 193, 194, 312, et 380 du code p\u00e9nal.<\/strong><\/p>\n\n\n\n<p>Inculp\u00e9s de ces chefs par le juge d\u2019Instruction Sp\u00e9cialis\u00e9 en charge du 1er Cabinet, ils \u00e9taient tous places sous mandat de d\u00e9p\u00f4t \u00e0 l\u2019exception des nomm\u00e9s Steeve Nzegho Dieko, Jordan Camuset et Gabin Otha Ndoumba.<\/p>\n\n\n\n<p>En cours d\u2019information, le <strong>1er f\u00e9vrier 2024<\/strong>, Ma\u00eetres Yenou et Chansel Guissiga, avocats au Barreau du Gabon, introduisaient une demande de mise en libert\u00e9 provisoire pour le compte de Jessye Ella Ekogha et \u00e0 l\u2019appui de celle-ci, ils produisaient un certificat m\u00e9dical \u00e9tabli par l\u2019H\u00f4pital d\u2019Instruction &nbsp;des Arm\u00e9es Omar Bongo Ondimba. <strong>Le 06 f\u00e9vrier 2024<\/strong>, le juge d\u2019Instruction acc\u00e9dait \u00e0 cette demande pour des raisons m\u00e9dicales.<\/p>\n\n\n\n<p>Le <strong>10 avril 2025<\/strong>, le Juge d\u2019Instruction Sp\u00e9cialis\u00e9 en charge du 1er cabinet cl\u00f4turait son information judiciaire par une ordonnance de non-lieu, de non-lieu partiel, de requalification et de transmission de pi\u00e8ces au parquet g\u00e9n\u00e9ral.<\/p>\n\n\n\n<p>Le <strong>28 avril 2025<\/strong>, l\u2019entier dossier \u00e9tait transmis au Parquet G\u00e9n\u00e9ral aux fins de saisine de la Chambre d\u2019Accusation.<\/p>\n\n\n\n<p>Le <strong>12 mai 2025<\/strong>, &nbsp;Ma\u00eetre Gis\u00e8le Eyue Bekale, avocate au Barreau du Gabon, adressait au Procureur G\u00e9n\u00e9ral deux demandes d\u2019\u00e9largissement provisoire pour le compte de Sylvie Marie Aim\u00e9e Valentin \u00e9pouse Bongo et Nourredine Bongo Valentin, dans celles-ci, elles all\u00e9guaient que l\u2019\u00e9tat de sant\u00e9 de ses clients \u00e9tant pr\u00e9occupant, elle &nbsp;produisait, \u00e0 cet effet, des certificats m\u00e9dicaux d\u00e9livr\u00e9s par le m\u00e9decin-chef de la Prison Centrale et par le m\u00e9decin g\u00e9n\u00e9ral Jean Raymond Nzenze de l\u2019H\u00f4pital d\u2019Instruction des Arm\u00e9es Omar Bongo Ondimba.<\/p>\n\n\n\n<p>Saisie par le Procureur G\u00e9n\u00e9ral, l\u2019Agence Judiciaire de l\u2019Etat d\u00e9clarait le lendemain ne pas s\u2019opposer \u00e0 ces demandes pour raison humanitaires.<\/p>\n\n\n\n<p>Le mercredi 14 mai 2025, la Premi\u00e8re Chambre d\u2019Accusation Sp\u00e9cialis\u00e9e leur accordait la libert\u00e9 provisoire en raison notamment de leur \u00e9tat de sant\u00e9 devenu incompatible avec le milieu carc\u00e9ral, selon leur m\u00e9decin traitant.<\/p>\n\n\n\n<p>Je tiens \u00e0 rappeler que la libert\u00e9 est le principe et la d\u00e9tention, l\u2019exception et que cette mise en libert\u00e9 provisoire, ordonn\u00e9e pour des raisons m\u00e9dicales, s\u2019inscrit dans le strict respect des dispositions des <strong>articles 132 et 143 du code de proc\u00e9dure p\u00e9nale<\/strong>.<\/p>\n\n\n\n<p>Enfin, je Pr\u00e9cise que cette mesure interrompt nullement le cours normal de la proc\u00e9dure qui se poursuivra jusqu\u2019\u00e0 la tenue d\u2019un proc\u00e8s \u00e9quitable.<\/p>\n\n\n\n<p>&nbsp;&nbsp;&nbsp;&nbsp;&nbsp;&nbsp;&nbsp;&nbsp;&nbsp;&nbsp;&nbsp;&nbsp;&nbsp;&nbsp;&nbsp;&nbsp;&nbsp;&nbsp;&nbsp;&nbsp;&nbsp;&nbsp;&nbsp; Je vous remercie.<\/p>\n\n\n\n<p><strong>Rufin Martial Oke Nze<\/strong><\/p>\n","protected":false},"excerpt":{"rendered":"<p>Point de presse du Parquet G\u00e9n\u00e9ral\u00a0 de la Cour d\u2019Appel Judiciaire ce matin \u00e0 Libreville. Occasion pour les autorit\u00e9s judiciaires Gabonaises , d&rsquo;\u00e9clairer la lanterne des populations sur les raisons de la libert\u00e9 provisoire de Sylvia et Nourredine Bongo de la prison centrale de Libreville depuis quelques jours. &nbsp;Ci-dessous l\u2019int\u00e9gralit\u00e9 de la d\u00e9claration du Procureur [&hellip;]<\/p>\n","protected":false},"author":7,"featured_media":23929,"comment_status":"open","ping_status":"open","sticky":false,"template":"","format":"standard","meta":{"footnotes":""},"categories":[57,55,65],"tags":[],"class_list":["post-23928","post","type-post","status-publish","format-standard","has-post-thumbnail","hentry","category-a-la-une","category-actualites","category-politique-podcasts"],"yoast_head":"<!-- This site is optimized with the Yoast SEO plugin v24.2 - https:\/\/yoast.com\/wordpress\/plugins\/seo\/ -->\n<title>Sylvia et Nourredine Bongo lib\u00e9r\u00e9s provisoirement pour des raisons sanitaires - Gabon Nouvelle Vision<\/title>\n<meta name=\"robots\" content=\"index, follow, max-snippet:-1, max-image-preview:large, max-video-preview:-1\" \/>\n<link rel=\"canonical\" href=\"https:\/\/gabonnouvellevision.com\/gnv\/2025\/05\/16\/sylvia-et-nourredine-bongo-liberes-provisoirement-pour-des-raisons-sanitaires\/\" \/>\n<meta property=\"og:locale\" content=\"fr_FR\" \/>\n<meta property=\"og:type\" content=\"article\" \/>\n<meta property=\"og:title\" content=\"Sylvia et Nourredine Bongo lib\u00e9r\u00e9s provisoirement pour des raisons sanitaires - Gabon Nouvelle Vision\" \/>\n<meta property=\"og:description\" content=\"Point de presse du Parquet G\u00e9n\u00e9ral\u00a0 de la Cour d\u2019Appel Judiciaire ce matin \u00e0 Libreville. Occasion pour les autorit\u00e9s judiciaires Gabonaises , d&rsquo;\u00e9clairer la lanterne des populations sur les raisons de la libert\u00e9 provisoire de Sylvia et Nourredine Bongo de la prison centrale de Libreville depuis quelques jours. &nbsp;Ci-dessous l\u2019int\u00e9gralit\u00e9 de la d\u00e9claration du Procureur [&hellip;]\" \/>\n<meta property=\"og:url\" content=\"https:\/\/gabonnouvellevision.com\/gnv\/2025\/05\/16\/sylvia-et-nourredine-bongo-liberes-provisoirement-pour-des-raisons-sanitaires\/\" \/>\n<meta property=\"og:site_name\" content=\"Gabon Nouvelle Vision\" \/>\n<meta property=\"article:publisher\" content=\"https:\/\/www.facebook.com\/GNVofficiel\" \/>\n<meta property=\"article:published_time\" content=\"2025-05-16T15:06:40+00:00\" \/>\n<meta property=\"article:modified_time\" content=\"2025-05-16T15:06:41+00:00\" \/>\n<meta property=\"og:image\" content=\"https:\/\/gabonnouvellevision.com\/gnv\/wp-content\/uploads\/2025\/05\/Gabon-Gabonmediatime-26-7-1.jpg\" \/>\n\t<meta property=\"og:image:width\" content=\"960\" \/>\n\t<meta property=\"og:image:height\" content=\"540\" \/>\n\t<meta property=\"og:image:type\" content=\"image\/jpeg\" \/>\n<meta name=\"author\" content=\"Eyeng Obame\" \/>\n<meta name=\"twitter:card\" content=\"summary_large_image\" \/>\n<meta name=\"twitter:label1\" content=\"\u00c9crit par\" \/>\n\t<meta name=\"twitter:data1\" content=\"Eyeng Obame\" \/>\n\t<meta name=\"twitter:label2\" content=\"Dur\u00e9e de lecture estim\u00e9e\" \/>\n\t<meta name=\"twitter:data2\" content=\"4 minutes\" \/>\n<script type=\"application\/ld+json\" class=\"yoast-schema-graph\">{\"@context\":\"https:\/\/schema.org\",\"@graph\":[{\"@type\":\"Article\",\"@id\":\"https:\/\/gabonnouvellevision.com\/gnv\/2025\/05\/16\/sylvia-et-nourredine-bongo-liberes-provisoirement-pour-des-raisons-sanitaires\/#article\",\"isPartOf\":{\"@id\":\"https:\/\/gabonnouvellevision.com\/gnv\/2025\/05\/16\/sylvia-et-nourredine-bongo-liberes-provisoirement-pour-des-raisons-sanitaires\/\"},\"author\":{\"name\":\"Eyeng Obame\",\"@id\":\"https:\/\/gabonnouvellevision.com\/gnv\/#\/schema\/person\/4b48e07d222f83c0285affc3704bc899\"},\"headline\":\"Sylvia et Nourredine Bongo lib\u00e9r\u00e9s provisoirement pour des raisons sanitaires\",\"datePublished\":\"2025-05-16T15:06:40+00:00\",\"dateModified\":\"2025-05-16T15:06:41+00:00\",\"mainEntityOfPage\":{\"@id\":\"https:\/\/gabonnouvellevision.com\/gnv\/2025\/05\/16\/sylvia-et-nourredine-bongo-liberes-provisoirement-pour-des-raisons-sanitaires\/\"},\"wordCount\":660,\"commentCount\":0,\"publisher\":{\"@id\":\"https:\/\/gabonnouvellevision.com\/gnv\/#organization\"},\"image\":{\"@id\":\"https:\/\/gabonnouvellevision.com\/gnv\/2025\/05\/16\/sylvia-et-nourredine-bongo-liberes-provisoirement-pour-des-raisons-sanitaires\/#primaryimage\"},\"thumbnailUrl\":\"https:\/\/gabonnouvellevision.com\/gnv\/wp-content\/uploads\/2025\/05\/Gabon-Gabonmediatime-26-7-1.jpg\",\"articleSection\":[\"A la une\",\"Actualites\",\"Politique\"],\"inLanguage\":\"fr-FR\",\"potentialAction\":[{\"@type\":\"CommentAction\",\"name\":\"Comment\",\"target\":[\"https:\/\/gabonnouvellevision.com\/gnv\/2025\/05\/16\/sylvia-et-nourredine-bongo-liberes-provisoirement-pour-des-raisons-sanitaires\/#respond\"]}]},{\"@type\":\"WebPage\",\"@id\":\"https:\/\/gabonnouvellevision.com\/gnv\/2025\/05\/16\/sylvia-et-nourredine-bongo-liberes-provisoirement-pour-des-raisons-sanitaires\/\",\"url\":\"https:\/\/gabonnouvellevision.com\/gnv\/2025\/05\/16\/sylvia-et-nourredine-bongo-liberes-provisoirement-pour-des-raisons-sanitaires\/\",\"name\":\"Sylvia et Nourredine Bongo lib\u00e9r\u00e9s provisoirement pour des raisons sanitaires - Gabon Nouvelle Vision\",\"isPartOf\":{\"@id\":\"https:\/\/gabonnouvellevision.com\/gnv\/#website\"},\"primaryImageOfPage\":{\"@id\":\"https:\/\/gabonnouvellevision.com\/gnv\/2025\/05\/16\/sylvia-et-nourredine-bongo-liberes-provisoirement-pour-des-raisons-sanitaires\/#primaryimage\"},\"image\":{\"@id\":\"https:\/\/gabonnouvellevision.com\/gnv\/2025\/05\/16\/sylvia-et-nourredine-bongo-liberes-provisoirement-pour-des-raisons-sanitaires\/#primaryimage\"},\"thumbnailUrl\":\"https:\/\/gabonnouvellevision.com\/gnv\/wp-content\/uploads\/2025\/05\/Gabon-Gabonmediatime-26-7-1.jpg\",\"datePublished\":\"2025-05-16T15:06:40+00:00\",\"dateModified\":\"2025-05-16T15:06:41+00:00\",\"breadcrumb\":{\"@id\":\"https:\/\/gabonnouvellevision.com\/gnv\/2025\/05\/16\/sylvia-et-nourredine-bongo-liberes-provisoirement-pour-des-raisons-sanitaires\/#breadcrumb\"},\"inLanguage\":\"fr-FR\",\"potentialAction\":[{\"@type\":\"ReadAction\",\"target\":[\"https:\/\/gabonnouvellevision.com\/gnv\/2025\/05\/16\/sylvia-et-nourredine-bongo-liberes-provisoirement-pour-des-raisons-sanitaires\/\"]}]},{\"@type\":\"ImageObject\",\"inLanguage\":\"fr-FR\",\"@id\":\"https:\/\/gabonnouvellevision.com\/gnv\/2025\/05\/16\/sylvia-et-nourredine-bongo-liberes-provisoirement-pour-des-raisons-sanitaires\/#primaryimage\",\"url\":\"https:\/\/gabonnouvellevision.com\/gnv\/wp-content\/uploads\/2025\/05\/Gabon-Gabonmediatime-26-7-1.jpg\",\"contentUrl\":\"https:\/\/gabonnouvellevision.com\/gnv\/wp-content\/uploads\/2025\/05\/Gabon-Gabonmediatime-26-7-1.jpg\",\"width\":960,\"height\":540},{\"@type\":\"BreadcrumbList\",\"@id\":\"https:\/\/gabonnouvellevision.com\/gnv\/2025\/05\/16\/sylvia-et-nourredine-bongo-liberes-provisoirement-pour-des-raisons-sanitaires\/#breadcrumb\",\"itemListElement\":[{\"@type\":\"ListItem\",\"position\":1,\"name\":\"Accueil\",\"item\":\"https:\/\/gabonnouvellevision.com\/gnv\/\"},{\"@type\":\"ListItem\",\"position\":2,\"name\":\"Sylvia et Nourredine Bongo lib\u00e9r\u00e9s provisoirement pour des raisons sanitaires\"}]},{\"@type\":\"WebSite\",\"@id\":\"https:\/\/gabonnouvellevision.com\/gnv\/#website\",\"url\":\"https:\/\/gabonnouvellevision.com\/gnv\/\",\"name\":\"Gabon Nouvelle Vision\",\"description\":\"\",\"publisher\":{\"@id\":\"https:\/\/gabonnouvellevision.com\/gnv\/#organization\"},\"potentialAction\":[{\"@type\":\"SearchAction\",\"target\":{\"@type\":\"EntryPoint\",\"urlTemplate\":\"https:\/\/gabonnouvellevision.com\/gnv\/?s={search_term_string}\"},\"query-input\":{\"@type\":\"PropertyValueSpecification\",\"valueRequired\":true,\"valueName\":\"search_term_string\"}}],\"inLanguage\":\"fr-FR\"},{\"@type\":\"Organization\",\"@id\":\"https:\/\/gabonnouvellevision.com\/gnv\/#organization\",\"name\":\"Gabon Nouvelle Vision\",\"url\":\"https:\/\/gabonnouvellevision.com\/gnv\/\",\"logo\":{\"@type\":\"ImageObject\",\"inLanguage\":\"fr-FR\",\"@id\":\"https:\/\/gabonnouvellevision.com\/gnv\/#\/schema\/logo\/image\/\",\"url\":\"https:\/\/gabonnouvellevision.com\/gnv\/wp-content\/uploads\/2025\/01\/logo-text_Plan-de-travail-1.png\",\"contentUrl\":\"https:\/\/gabonnouvellevision.com\/gnv\/wp-content\/uploads\/2025\/01\/logo-text_Plan-de-travail-1.png\",\"width\":7169,\"height\":2390,\"caption\":\"Gabon Nouvelle Vision\"},\"image\":{\"@id\":\"https:\/\/gabonnouvellevision.com\/gnv\/#\/schema\/logo\/image\/\"},\"sameAs\":[\"https:\/\/www.facebook.com\/GNVofficiel\"]},{\"@type\":\"Person\",\"@id\":\"https:\/\/gabonnouvellevision.com\/gnv\/#\/schema\/person\/4b48e07d222f83c0285affc3704bc899\",\"name\":\"Eyeng Obame\",\"image\":{\"@type\":\"ImageObject\",\"inLanguage\":\"fr-FR\",\"@id\":\"https:\/\/gabonnouvellevision.com\/gnv\/#\/schema\/person\/image\/\",\"url\":\"https:\/\/secure.gravatar.com\/avatar\/167bc03b8baf3c77318a47159f80871de6f5a6cbf4bc8b6af750fbc1a369d7bf?s=96&d=mm&r=g\",\"contentUrl\":\"https:\/\/secure.gravatar.com\/avatar\/167bc03b8baf3c77318a47159f80871de6f5a6cbf4bc8b6af750fbc1a369d7bf?s=96&d=mm&r=g\",\"caption\":\"Eyeng Obame\"},\"url\":\"https:\/\/gabonnouvellevision.com\/gnv\/author\/rufin\/\"}]}<\/script>\n<!-- \/ Yoast SEO plugin. -->","yoast_head_json":{"title":"Sylvia et Nourredine Bongo lib\u00e9r\u00e9s provisoirement pour des raisons sanitaires - Gabon Nouvelle Vision","robots":{"index":"index","follow":"follow","max-snippet":"max-snippet:-1","max-image-preview":"max-image-preview:large","max-video-preview":"max-video-preview:-1"},"canonical":"https:\/\/gabonnouvellevision.com\/gnv\/2025\/05\/16\/sylvia-et-nourredine-bongo-liberes-provisoirement-pour-des-raisons-sanitaires\/","og_locale":"fr_FR","og_type":"article","og_title":"Sylvia et Nourredine Bongo lib\u00e9r\u00e9s provisoirement pour des raisons sanitaires - Gabon Nouvelle Vision","og_description":"Point de presse du Parquet G\u00e9n\u00e9ral\u00a0 de la Cour d\u2019Appel Judiciaire ce matin \u00e0 Libreville. Occasion pour les autorit\u00e9s judiciaires Gabonaises , d&rsquo;\u00e9clairer la lanterne des populations sur les raisons de la libert\u00e9 provisoire de Sylvia et Nourredine Bongo de la prison centrale de Libreville depuis quelques jours. &nbsp;Ci-dessous l\u2019int\u00e9gralit\u00e9 de la d\u00e9claration du Procureur [&hellip;]","og_url":"https:\/\/gabonnouvellevision.com\/gnv\/2025\/05\/16\/sylvia-et-nourredine-bongo-liberes-provisoirement-pour-des-raisons-sanitaires\/","og_site_name":"Gabon Nouvelle Vision","article_publisher":"https:\/\/www.facebook.com\/GNVofficiel","article_published_time":"2025-05-16T15:06:40+00:00","article_modified_time":"2025-05-16T15:06:41+00:00","og_image":[{"width":960,"height":540,"url":"https:\/\/gabonnouvellevision.com\/gnv\/wp-content\/uploads\/2025\/05\/Gabon-Gabonmediatime-26-7-1.jpg","type":"image\/jpeg"}],"author":"Eyeng Obame","twitter_card":"summary_large_image","twitter_misc":{"\u00c9crit par":"Eyeng Obame","Dur\u00e9e de lecture estim\u00e9e":"4 minutes"},"schema":{"@context":"https:\/\/schema.org","@graph":[{"@type":"Article","@id":"https:\/\/gabonnouvellevision.com\/gnv\/2025\/05\/16\/sylvia-et-nourredine-bongo-liberes-provisoirement-pour-des-raisons-sanitaires\/#article","isPartOf":{"@id":"https:\/\/gabonnouvellevision.com\/gnv\/2025\/05\/16\/sylvia-et-nourredine-bongo-liberes-provisoirement-pour-des-raisons-sanitaires\/"},"author":{"name":"Eyeng Obame","@id":"https:\/\/gabonnouvellevision.com\/gnv\/#\/schema\/person\/4b48e07d222f83c0285affc3704bc899"},"headline":"Sylvia et Nourredine Bongo lib\u00e9r\u00e9s provisoirement pour des raisons sanitaires","datePublished":"2025-05-16T15:06:40+00:00","dateModified":"2025-05-16T15:06:41+00:00","mainEntityOfPage":{"@id":"https:\/\/gabonnouvellevision.com\/gnv\/2025\/05\/16\/sylvia-et-nourredine-bongo-liberes-provisoirement-pour-des-raisons-sanitaires\/"},"wordCount":660,"commentCount":0,"publisher":{"@id":"https:\/\/gabonnouvellevision.com\/gnv\/#organization"},"image":{"@id":"https:\/\/gabonnouvellevision.com\/gnv\/2025\/05\/16\/sylvia-et-nourredine-bongo-liberes-provisoirement-pour-des-raisons-sanitaires\/#primaryimage"},"thumbnailUrl":"https:\/\/gabonnouvellevision.com\/gnv\/wp-content\/uploads\/2025\/05\/Gabon-Gabonmediatime-26-7-1.jpg","articleSection":["A la une","Actualites","Politique"],"inLanguage":"fr-FR","potentialAction":[{"@type":"CommentAction","name":"Comment","target":["https:\/\/gabonnouvellevision.com\/gnv\/2025\/05\/16\/sylvia-et-nourredine-bongo-liberes-provisoirement-pour-des-raisons-sanitaires\/#respond"]}]},{"@type":"WebPage","@id":"https:\/\/gabonnouvellevision.com\/gnv\/2025\/05\/16\/sylvia-et-nourredine-bongo-liberes-provisoirement-pour-des-raisons-sanitaires\/","url":"https:\/\/gabonnouvellevision.com\/gnv\/2025\/05\/16\/sylvia-et-nourredine-bongo-liberes-provisoirement-pour-des-raisons-sanitaires\/","name":"Sylvia et Nourredine Bongo lib\u00e9r\u00e9s provisoirement pour des raisons sanitaires - Gabon Nouvelle Vision","isPartOf":{"@id":"https:\/\/gabonnouvellevision.com\/gnv\/#website"},"primaryImageOfPage":{"@id":"https:\/\/gabonnouvellevision.com\/gnv\/2025\/05\/16\/sylvia-et-nourredine-bongo-liberes-provisoirement-pour-des-raisons-sanitaires\/#primaryimage"},"image":{"@id":"https:\/\/gabonnouvellevision.com\/gnv\/2025\/05\/16\/sylvia-et-nourredine-bongo-liberes-provisoirement-pour-des-raisons-sanitaires\/#primaryimage"},"thumbnailUrl":"https:\/\/gabonnouvellevision.com\/gnv\/wp-content\/uploads\/2025\/05\/Gabon-Gabonmediatime-26-7-1.jpg","datePublished":"2025-05-16T15:06:40+00:00","dateModified":"2025-05-16T15:06:41+00:00","breadcrumb":{"@id":"https:\/\/gabonnouvellevision.com\/gnv\/2025\/05\/16\/sylvia-et-nourredine-bongo-liberes-provisoirement-pour-des-raisons-sanitaires\/#breadcrumb"},"inLanguage":"fr-FR","potentialAction":[{"@type":"ReadAction","target":["https:\/\/gabonnouvellevision.com\/gnv\/2025\/05\/16\/sylvia-et-nourredine-bongo-liberes-provisoirement-pour-des-raisons-sanitaires\/"]}]},{"@type":"ImageObject","inLanguage":"fr-FR","@id":"https:\/\/gabonnouvellevision.com\/gnv\/2025\/05\/16\/sylvia-et-nourredine-bongo-liberes-provisoirement-pour-des-raisons-sanitaires\/#primaryimage","url":"https:\/\/gabonnouvellevision.com\/gnv\/wp-content\/uploads\/2025\/05\/Gabon-Gabonmediatime-26-7-1.jpg","contentUrl":"https:\/\/gabonnouvellevision.com\/gnv\/wp-content\/uploads\/2025\/05\/Gabon-Gabonmediatime-26-7-1.jpg","width":960,"height":540},{"@type":"BreadcrumbList","@id":"https:\/\/gabonnouvellevision.com\/gnv\/2025\/05\/16\/sylvia-et-nourredine-bongo-liberes-provisoirement-pour-des-raisons-sanitaires\/#breadcrumb","itemListElement":[{"@type":"ListItem","position":1,"name":"Accueil","item":"https:\/\/gabonnouvellevision.com\/gnv\/"},{"@type":"ListItem","position":2,"name":"Sylvia et Nourredine Bongo lib\u00e9r\u00e9s provisoirement pour des raisons sanitaires"}]},{"@type":"WebSite","@id":"https:\/\/gabonnouvellevision.com\/gnv\/#website","url":"https:\/\/gabonnouvellevision.com\/gnv\/","name":"Gabon Nouvelle Vision","description":"","publisher":{"@id":"https:\/\/gabonnouvellevision.com\/gnv\/#organization"},"potentialAction":[{"@type":"SearchAction","target":{"@type":"EntryPoint","urlTemplate":"https:\/\/gabonnouvellevision.com\/gnv\/?s={search_term_string}"},"query-input":{"@type":"PropertyValueSpecification","valueRequired":true,"valueName":"search_term_string"}}],"inLanguage":"fr-FR"},{"@type":"Organization","@id":"https:\/\/gabonnouvellevision.com\/gnv\/#organization","name":"Gabon Nouvelle Vision","url":"https:\/\/gabonnouvellevision.com\/gnv\/","logo":{"@type":"ImageObject","inLanguage":"fr-FR","@id":"https:\/\/gabonnouvellevision.com\/gnv\/#\/schema\/logo\/image\/","url":"https:\/\/gabonnouvellevision.com\/gnv\/wp-content\/uploads\/2025\/01\/logo-text_Plan-de-travail-1.png","contentUrl":"https:\/\/gabonnouvellevision.com\/gnv\/wp-content\/uploads\/2025\/01\/logo-text_Plan-de-travail-1.png","width":7169,"height":2390,"caption":"Gabon Nouvelle Vision"},"image":{"@id":"https:\/\/gabonnouvellevision.com\/gnv\/#\/schema\/logo\/image\/"},"sameAs":["https:\/\/www.facebook.com\/GNVofficiel"]},{"@type":"Person","@id":"https:\/\/gabonnouvellevision.com\/gnv\/#\/schema\/person\/4b48e07d222f83c0285affc3704bc899","name":"Eyeng Obame","image":{"@type":"ImageObject","inLanguage":"fr-FR","@id":"https:\/\/gabonnouvellevision.com\/gnv\/#\/schema\/person\/image\/","url":"https:\/\/secure.gravatar.com\/avatar\/167bc03b8baf3c77318a47159f80871de6f5a6cbf4bc8b6af750fbc1a369d7bf?s=96&d=mm&r=g","contentUrl":"https:\/\/secure.gravatar.com\/avatar\/167bc03b8baf3c77318a47159f80871de6f5a6cbf4bc8b6af750fbc1a369d7bf?s=96&d=mm&r=g","caption":"Eyeng Obame"},"url":"https:\/\/gabonnouvellevision.com\/gnv\/author\/rufin\/"}]}},"_links":{"self":[{"href":"https:\/\/gabonnouvellevision.com\/gnv\/wp-json\/wp\/v2\/posts\/23928","targetHints":{"allow":["GET"]}}],"collection":[{"href":"https:\/\/gabonnouvellevision.com\/gnv\/wp-json\/wp\/v2\/posts"}],"about":[{"href":"https:\/\/gabonnouvellevision.com\/gnv\/wp-json\/wp\/v2\/types\/post"}],"author":[{"embeddable":true,"href":"https:\/\/gabonnouvellevision.com\/gnv\/wp-json\/wp\/v2\/users\/7"}],"replies":[{"embeddable":true,"href":"https:\/\/gabonnouvellevision.com\/gnv\/wp-json\/wp\/v2\/comments?post=23928"}],"version-history":[{"count":1,"href":"https:\/\/gabonnouvellevision.com\/gnv\/wp-json\/wp\/v2\/posts\/23928\/revisions"}],"predecessor-version":[{"id":23930,"href":"https:\/\/gabonnouvellevision.com\/gnv\/wp-json\/wp\/v2\/posts\/23928\/revisions\/23930"}],"wp:featuredmedia":[{"embeddable":true,"href":"https:\/\/gabonnouvellevision.com\/gnv\/wp-json\/wp\/v2\/media\/23929"}],"wp:attachment":[{"href":"https:\/\/gabonnouvellevision.com\/gnv\/wp-json\/wp\/v2\/media?parent=23928"}],"wp:term":[{"taxonomy":"category","embeddable":true,"href":"https:\/\/gabonnouvellevision.com\/gnv\/wp-json\/wp\/v2\/categories?post=23928"},{"taxonomy":"post_tag","embeddable":true,"href":"https:\/\/gabonnouvellevision.com\/gnv\/wp-json\/wp\/v2\/tags?post=23928"}],"curies":[{"name":"wp","href":"https:\/\/api.w.org\/{rel}","templated":true}]}}