{"id":23924,"date":"2025-05-15T17:10:31","date_gmt":"2025-05-15T15:10:31","guid":{"rendered":"https:\/\/gabonnouvellevision.com\/gnv\/?p=23924"},"modified":"2025-05-15T17:11:51","modified_gmt":"2025-05-15T15:11:51","slug":"le-nouveau-marche-dakanda-ctri-livre-aux-commercantes","status":"publish","type":"post","link":"https:\/\/gabonnouvellevision.com\/gnv\/2025\/05\/15\/le-nouveau-marche-dakanda-ctri-livre-aux-commercantes\/","title":{"rendered":"Le nouveau march\u00e9 d&rsquo;Akanda-CTRI livr\u00e9 aux commer\u00e7antes"},"content":{"rendered":"\n<p><em><strong>Le Pr\u00e9sident de la R\u00e9publique, Brice Clotaire Oligui Nguema, a proc\u00e9d\u00e9 \u00e0 l\u2019inauguration du march\u00e9 CTRI d\u2019Akanda, ce jeudi 15 mai au Nord de Libreville. Une C\u00e9r\u00e9monie marqu\u00e9e par la remise de 30 ch\u00e8ques d\u2019accompagnements aux commer\u00e7antes<\/strong><\/em><strong>.<\/strong><\/p>\n\n\n\n<p>Ce nouveau march\u00e9 CTRI-d\u2019Akanda a \u00e9t\u00e9 r\u00e9alis\u00e9 en 3 mois par une PME Gabonaise. B\u00e2ti sur une superficie de 1800 m2, cet espace commercial ultra-moderne est compos\u00e9 de 248 \u00e9tals, 35 boxes, d\u2019une infirmerie, d\u2019une garderie, d\u2019une salle de r\u00e9union, et d\u2019une salle de sport\u2026 pour ne citer que ceux-l\u00e0.<\/p>\n\n\n\n<p>Aussi, 30 commer\u00e7antes ont &nbsp;re\u00e7u des ch\u00e8ques d\u2019accompagnements du Pr\u00e9sident de la R\u00e9publique, pour booster leurs activit\u00e9s, \u00e0 raison de 300.000FCFA&nbsp; par commer\u00e7ante.<\/p>\n\n\n\n<p>\u2018\u2019Ce march\u00e9 permettra de renforcer le tissu \u00e9conomique national, de promouvoir les produits locaux, et de diversifier l\u2019\u00e9conomie de notre pays\u2019\u2019 a reconnu le ministre du commerce, de l\u2019entreprenariat, et des PME, Gninga Chaning Zenaba, dans son allocution circonstancielle.<\/p>\n\n\n\n<p>Les b\u00e9n\u00e9ficiaires ont promis aux plus hautes autorit\u00e9s de la R\u00e9publique d\u2019en faire bon usage pour exprimer inlassablement leur reconnaissance \u00e0 Brice Clotaire Oligui Nguema, pour la restauration de leur dignit\u00e9.<\/p>\n\n\n\n<p>Apr\u00e8s le march\u00e9 d\u2019Oloumi, c\u2019est le 2\u00e8me march\u00e9 ultra-moderne livr\u00e9 par le Pr\u00e9sident Oligui Nguema en moins d\u2019un an dans le Grand-Libreville.<\/p>\n\n\n\n<p><strong>Rufin Martial Oke Nze<\/strong><\/p>\n","protected":false},"excerpt":{"rendered":"<p>Le Pr\u00e9sident de la R\u00e9publique, Brice Clotaire Oligui Nguema, a proc\u00e9d\u00e9 \u00e0 l\u2019inauguration du march\u00e9 CTRI d\u2019Akanda, ce jeudi 15 mai au Nord de Libreville. Une C\u00e9r\u00e9monie marqu\u00e9e par la remise de 30 ch\u00e8ques d\u2019accompagnements aux commer\u00e7antes. Ce nouveau march\u00e9 CTRI-d\u2019Akanda a \u00e9t\u00e9 r\u00e9alis\u00e9 en 3 mois par une PME Gabonaise. B\u00e2ti sur une superficie [&hellip;]<\/p>\n","protected":false},"author":7,"featured_media":23925,"comment_status":"open","ping_status":"open","sticky":false,"template":"","format":"standard","meta":{"footnotes":""},"categories":[57,55,17,60],"tags":[],"class_list":["post-23924","post","type-post","status-publish","format-standard","has-post-thumbnail","hentry","category-a-la-une","category-actualites","category-business","category-economie"],"yoast_head":"<!-- This site is optimized with the Yoast SEO plugin v24.2 - https:\/\/yoast.com\/wordpress\/plugins\/seo\/ -->\n<title>Le nouveau march\u00e9 d&#039;Akanda-CTRI livr\u00e9 aux commer\u00e7antes - Gabon Nouvelle Vision<\/title>\n<meta name=\"robots\" content=\"index, follow, max-snippet:-1, max-image-preview:large, max-video-preview:-1\" \/>\n<link rel=\"canonical\" href=\"https:\/\/gabonnouvellevision.com\/gnv\/2025\/05\/15\/le-nouveau-marche-dakanda-ctri-livre-aux-commercantes\/\" \/>\n<meta property=\"og:locale\" content=\"fr_FR\" \/>\n<meta property=\"og:type\" content=\"article\" \/>\n<meta property=\"og:title\" content=\"Le nouveau march\u00e9 d&#039;Akanda-CTRI livr\u00e9 aux commer\u00e7antes - Gabon Nouvelle Vision\" \/>\n<meta property=\"og:description\" content=\"Le Pr\u00e9sident de la R\u00e9publique, Brice Clotaire Oligui Nguema, a proc\u00e9d\u00e9 \u00e0 l\u2019inauguration du march\u00e9 CTRI d\u2019Akanda, ce jeudi 15 mai au Nord de Libreville. Une C\u00e9r\u00e9monie marqu\u00e9e par la remise de 30 ch\u00e8ques d\u2019accompagnements aux commer\u00e7antes. Ce nouveau march\u00e9 CTRI-d\u2019Akanda a \u00e9t\u00e9 r\u00e9alis\u00e9 en 3 mois par une PME Gabonaise. B\u00e2ti sur une superficie [&hellip;]\" \/>\n<meta property=\"og:url\" content=\"https:\/\/gabonnouvellevision.com\/gnv\/2025\/05\/15\/le-nouveau-marche-dakanda-ctri-livre-aux-commercantes\/\" \/>\n<meta property=\"og:site_name\" content=\"Gabon Nouvelle Vision\" \/>\n<meta property=\"article:publisher\" content=\"https:\/\/www.facebook.com\/GNVofficiel\" \/>\n<meta property=\"article:published_time\" content=\"2025-05-15T15:10:31+00:00\" \/>\n<meta property=\"article:modified_time\" content=\"2025-05-15T15:11:51+00:00\" \/>\n<meta property=\"og:image\" content=\"https:\/\/gabonnouvellevision.com\/gnv\/wp-content\/uploads\/2025\/05\/IMG-20250515-WA0055-1.webp\" \/>\n\t<meta property=\"og:image:width\" content=\"1024\" \/>\n\t<meta property=\"og:image:height\" content=\"461\" \/>\n\t<meta property=\"og:image:type\" content=\"image\/webp\" \/>\n<meta name=\"author\" content=\"Eyeng Obame\" \/>\n<meta name=\"twitter:card\" content=\"summary_large_image\" \/>\n<meta name=\"twitter:label1\" content=\"\u00c9crit par\" \/>\n\t<meta name=\"twitter:data1\" content=\"Eyeng Obame\" \/>\n\t<meta name=\"twitter:label2\" content=\"Dur\u00e9e de lecture estim\u00e9e\" \/>\n\t<meta name=\"twitter:data2\" content=\"2 minutes\" \/>\n<script type=\"application\/ld+json\" class=\"yoast-schema-graph\">{\"@context\":\"https:\/\/schema.org\",\"@graph\":[{\"@type\":\"Article\",\"@id\":\"https:\/\/gabonnouvellevision.com\/gnv\/2025\/05\/15\/le-nouveau-marche-dakanda-ctri-livre-aux-commercantes\/#article\",\"isPartOf\":{\"@id\":\"https:\/\/gabonnouvellevision.com\/gnv\/2025\/05\/15\/le-nouveau-marche-dakanda-ctri-livre-aux-commercantes\/\"},\"author\":{\"name\":\"Eyeng Obame\",\"@id\":\"https:\/\/gabonnouvellevision.com\/gnv\/#\/schema\/person\/4b48e07d222f83c0285affc3704bc899\"},\"headline\":\"Le nouveau march\u00e9 d&rsquo;Akanda-CTRI livr\u00e9 aux commer\u00e7antes\",\"datePublished\":\"2025-05-15T15:10:31+00:00\",\"dateModified\":\"2025-05-15T15:11:51+00:00\",\"mainEntityOfPage\":{\"@id\":\"https:\/\/gabonnouvellevision.com\/gnv\/2025\/05\/15\/le-nouveau-marche-dakanda-ctri-livre-aux-commercantes\/\"},\"wordCount\":245,\"commentCount\":0,\"publisher\":{\"@id\":\"https:\/\/gabonnouvellevision.com\/gnv\/#organization\"},\"image\":{\"@id\":\"https:\/\/gabonnouvellevision.com\/gnv\/2025\/05\/15\/le-nouveau-marche-dakanda-ctri-livre-aux-commercantes\/#primaryimage\"},\"thumbnailUrl\":\"https:\/\/gabonnouvellevision.com\/gnv\/wp-content\/uploads\/2025\/05\/IMG-20250515-WA0055-1.webp\",\"articleSection\":[\"A la une\",\"Actualites\",\"Business\",\"Economie\"],\"inLanguage\":\"fr-FR\",\"potentialAction\":[{\"@type\":\"CommentAction\",\"name\":\"Comment\",\"target\":[\"https:\/\/gabonnouvellevision.com\/gnv\/2025\/05\/15\/le-nouveau-marche-dakanda-ctri-livre-aux-commercantes\/#respond\"]}]},{\"@type\":\"WebPage\",\"@id\":\"https:\/\/gabonnouvellevision.com\/gnv\/2025\/05\/15\/le-nouveau-marche-dakanda-ctri-livre-aux-commercantes\/\",\"url\":\"https:\/\/gabonnouvellevision.com\/gnv\/2025\/05\/15\/le-nouveau-marche-dakanda-ctri-livre-aux-commercantes\/\",\"name\":\"Le nouveau march\u00e9 d'Akanda-CTRI livr\u00e9 aux commer\u00e7antes - Gabon Nouvelle Vision\",\"isPartOf\":{\"@id\":\"https:\/\/gabonnouvellevision.com\/gnv\/#website\"},\"primaryImageOfPage\":{\"@id\":\"https:\/\/gabonnouvellevision.com\/gnv\/2025\/05\/15\/le-nouveau-marche-dakanda-ctri-livre-aux-commercantes\/#primaryimage\"},\"image\":{\"@id\":\"https:\/\/gabonnouvellevision.com\/gnv\/2025\/05\/15\/le-nouveau-marche-dakanda-ctri-livre-aux-commercantes\/#primaryimage\"},\"thumbnailUrl\":\"https:\/\/gabonnouvellevision.com\/gnv\/wp-content\/uploads\/2025\/05\/IMG-20250515-WA0055-1.webp\",\"datePublished\":\"2025-05-15T15:10:31+00:00\",\"dateModified\":\"2025-05-15T15:11:51+00:00\",\"breadcrumb\":{\"@id\":\"https:\/\/gabonnouvellevision.com\/gnv\/2025\/05\/15\/le-nouveau-marche-dakanda-ctri-livre-aux-commercantes\/#breadcrumb\"},\"inLanguage\":\"fr-FR\",\"potentialAction\":[{\"@type\":\"ReadAction\",\"target\":[\"https:\/\/gabonnouvellevision.com\/gnv\/2025\/05\/15\/le-nouveau-marche-dakanda-ctri-livre-aux-commercantes\/\"]}]},{\"@type\":\"ImageObject\",\"inLanguage\":\"fr-FR\",\"@id\":\"https:\/\/gabonnouvellevision.com\/gnv\/2025\/05\/15\/le-nouveau-marche-dakanda-ctri-livre-aux-commercantes\/#primaryimage\",\"url\":\"https:\/\/gabonnouvellevision.com\/gnv\/wp-content\/uploads\/2025\/05\/IMG-20250515-WA0055-1.webp\",\"contentUrl\":\"https:\/\/gabonnouvellevision.com\/gnv\/wp-content\/uploads\/2025\/05\/IMG-20250515-WA0055-1.webp\",\"width\":1024,\"height\":461},{\"@type\":\"BreadcrumbList\",\"@id\":\"https:\/\/gabonnouvellevision.com\/gnv\/2025\/05\/15\/le-nouveau-marche-dakanda-ctri-livre-aux-commercantes\/#breadcrumb\",\"itemListElement\":[{\"@type\":\"ListItem\",\"position\":1,\"name\":\"Accueil\",\"item\":\"https:\/\/gabonnouvellevision.com\/gnv\/\"},{\"@type\":\"ListItem\",\"position\":2,\"name\":\"Le nouveau march\u00e9 d&rsquo;Akanda-CTRI livr\u00e9 aux commer\u00e7antes\"}]},{\"@type\":\"WebSite\",\"@id\":\"https:\/\/gabonnouvellevision.com\/gnv\/#website\",\"url\":\"https:\/\/gabonnouvellevision.com\/gnv\/\",\"name\":\"Gabon Nouvelle Vision\",\"description\":\"\",\"publisher\":{\"@id\":\"https:\/\/gabonnouvellevision.com\/gnv\/#organization\"},\"potentialAction\":[{\"@type\":\"SearchAction\",\"target\":{\"@type\":\"EntryPoint\",\"urlTemplate\":\"https:\/\/gabonnouvellevision.com\/gnv\/?s={search_term_string}\"},\"query-input\":{\"@type\":\"PropertyValueSpecification\",\"valueRequired\":true,\"valueName\":\"search_term_string\"}}],\"inLanguage\":\"fr-FR\"},{\"@type\":\"Organization\",\"@id\":\"https:\/\/gabonnouvellevision.com\/gnv\/#organization\",\"name\":\"Gabon Nouvelle Vision\",\"url\":\"https:\/\/gabonnouvellevision.com\/gnv\/\",\"logo\":{\"@type\":\"ImageObject\",\"inLanguage\":\"fr-FR\",\"@id\":\"https:\/\/gabonnouvellevision.com\/gnv\/#\/schema\/logo\/image\/\",\"url\":\"https:\/\/gabonnouvellevision.com\/gnv\/wp-content\/uploads\/2025\/01\/logo-text_Plan-de-travail-1.png\",\"contentUrl\":\"https:\/\/gabonnouvellevision.com\/gnv\/wp-content\/uploads\/2025\/01\/logo-text_Plan-de-travail-1.png\",\"width\":7169,\"height\":2390,\"caption\":\"Gabon Nouvelle Vision\"},\"image\":{\"@id\":\"https:\/\/gabonnouvellevision.com\/gnv\/#\/schema\/logo\/image\/\"},\"sameAs\":[\"https:\/\/www.facebook.com\/GNVofficiel\"]},{\"@type\":\"Person\",\"@id\":\"https:\/\/gabonnouvellevision.com\/gnv\/#\/schema\/person\/4b48e07d222f83c0285affc3704bc899\",\"name\":\"Eyeng Obame\",\"image\":{\"@type\":\"ImageObject\",\"inLanguage\":\"fr-FR\",\"@id\":\"https:\/\/gabonnouvellevision.com\/gnv\/#\/schema\/person\/image\/\",\"url\":\"https:\/\/secure.gravatar.com\/avatar\/167bc03b8baf3c77318a47159f80871de6f5a6cbf4bc8b6af750fbc1a369d7bf?s=96&d=mm&r=g\",\"contentUrl\":\"https:\/\/secure.gravatar.com\/avatar\/167bc03b8baf3c77318a47159f80871de6f5a6cbf4bc8b6af750fbc1a369d7bf?s=96&d=mm&r=g\",\"caption\":\"Eyeng Obame\"},\"url\":\"https:\/\/gabonnouvellevision.com\/gnv\/author\/rufin\/\"}]}<\/script>\n<!-- \/ Yoast SEO plugin. -->","yoast_head_json":{"title":"Le nouveau march\u00e9 d'Akanda-CTRI livr\u00e9 aux commer\u00e7antes - Gabon Nouvelle Vision","robots":{"index":"index","follow":"follow","max-snippet":"max-snippet:-1","max-image-preview":"max-image-preview:large","max-video-preview":"max-video-preview:-1"},"canonical":"https:\/\/gabonnouvellevision.com\/gnv\/2025\/05\/15\/le-nouveau-marche-dakanda-ctri-livre-aux-commercantes\/","og_locale":"fr_FR","og_type":"article","og_title":"Le nouveau march\u00e9 d'Akanda-CTRI livr\u00e9 aux commer\u00e7antes - Gabon Nouvelle Vision","og_description":"Le Pr\u00e9sident de la R\u00e9publique, Brice Clotaire Oligui Nguema, a proc\u00e9d\u00e9 \u00e0 l\u2019inauguration du march\u00e9 CTRI d\u2019Akanda, ce jeudi 15 mai au Nord de Libreville. Une C\u00e9r\u00e9monie marqu\u00e9e par la remise de 30 ch\u00e8ques d\u2019accompagnements aux commer\u00e7antes. Ce nouveau march\u00e9 CTRI-d\u2019Akanda a \u00e9t\u00e9 r\u00e9alis\u00e9 en 3 mois par une PME Gabonaise. B\u00e2ti sur une superficie [&hellip;]","og_url":"https:\/\/gabonnouvellevision.com\/gnv\/2025\/05\/15\/le-nouveau-marche-dakanda-ctri-livre-aux-commercantes\/","og_site_name":"Gabon Nouvelle Vision","article_publisher":"https:\/\/www.facebook.com\/GNVofficiel","article_published_time":"2025-05-15T15:10:31+00:00","article_modified_time":"2025-05-15T15:11:51+00:00","og_image":[{"width":1024,"height":461,"url":"https:\/\/gabonnouvellevision.com\/gnv\/wp-content\/uploads\/2025\/05\/IMG-20250515-WA0055-1.webp","type":"image\/webp"}],"author":"Eyeng Obame","twitter_card":"summary_large_image","twitter_misc":{"\u00c9crit par":"Eyeng Obame","Dur\u00e9e de lecture estim\u00e9e":"2 minutes"},"schema":{"@context":"https:\/\/schema.org","@graph":[{"@type":"Article","@id":"https:\/\/gabonnouvellevision.com\/gnv\/2025\/05\/15\/le-nouveau-marche-dakanda-ctri-livre-aux-commercantes\/#article","isPartOf":{"@id":"https:\/\/gabonnouvellevision.com\/gnv\/2025\/05\/15\/le-nouveau-marche-dakanda-ctri-livre-aux-commercantes\/"},"author":{"name":"Eyeng Obame","@id":"https:\/\/gabonnouvellevision.com\/gnv\/#\/schema\/person\/4b48e07d222f83c0285affc3704bc899"},"headline":"Le nouveau march\u00e9 d&rsquo;Akanda-CTRI livr\u00e9 aux commer\u00e7antes","datePublished":"2025-05-15T15:10:31+00:00","dateModified":"2025-05-15T15:11:51+00:00","mainEntityOfPage":{"@id":"https:\/\/gabonnouvellevision.com\/gnv\/2025\/05\/15\/le-nouveau-marche-dakanda-ctri-livre-aux-commercantes\/"},"wordCount":245,"commentCount":0,"publisher":{"@id":"https:\/\/gabonnouvellevision.com\/gnv\/#organization"},"image":{"@id":"https:\/\/gabonnouvellevision.com\/gnv\/2025\/05\/15\/le-nouveau-marche-dakanda-ctri-livre-aux-commercantes\/#primaryimage"},"thumbnailUrl":"https:\/\/gabonnouvellevision.com\/gnv\/wp-content\/uploads\/2025\/05\/IMG-20250515-WA0055-1.webp","articleSection":["A la une","Actualites","Business","Economie"],"inLanguage":"fr-FR","potentialAction":[{"@type":"CommentAction","name":"Comment","target":["https:\/\/gabonnouvellevision.com\/gnv\/2025\/05\/15\/le-nouveau-marche-dakanda-ctri-livre-aux-commercantes\/#respond"]}]},{"@type":"WebPage","@id":"https:\/\/gabonnouvellevision.com\/gnv\/2025\/05\/15\/le-nouveau-marche-dakanda-ctri-livre-aux-commercantes\/","url":"https:\/\/gabonnouvellevision.com\/gnv\/2025\/05\/15\/le-nouveau-marche-dakanda-ctri-livre-aux-commercantes\/","name":"Le nouveau march\u00e9 d'Akanda-CTRI livr\u00e9 aux commer\u00e7antes - Gabon Nouvelle Vision","isPartOf":{"@id":"https:\/\/gabonnouvellevision.com\/gnv\/#website"},"primaryImageOfPage":{"@id":"https:\/\/gabonnouvellevision.com\/gnv\/2025\/05\/15\/le-nouveau-marche-dakanda-ctri-livre-aux-commercantes\/#primaryimage"},"image":{"@id":"https:\/\/gabonnouvellevision.com\/gnv\/2025\/05\/15\/le-nouveau-marche-dakanda-ctri-livre-aux-commercantes\/#primaryimage"},"thumbnailUrl":"https:\/\/gabonnouvellevision.com\/gnv\/wp-content\/uploads\/2025\/05\/IMG-20250515-WA0055-1.webp","datePublished":"2025-05-15T15:10:31+00:00","dateModified":"2025-05-15T15:11:51+00:00","breadcrumb":{"@id":"https:\/\/gabonnouvellevision.com\/gnv\/2025\/05\/15\/le-nouveau-marche-dakanda-ctri-livre-aux-commercantes\/#breadcrumb"},"inLanguage":"fr-FR","potentialAction":[{"@type":"ReadAction","target":["https:\/\/gabonnouvellevision.com\/gnv\/2025\/05\/15\/le-nouveau-marche-dakanda-ctri-livre-aux-commercantes\/"]}]},{"@type":"ImageObject","inLanguage":"fr-FR","@id":"https:\/\/gabonnouvellevision.com\/gnv\/2025\/05\/15\/le-nouveau-marche-dakanda-ctri-livre-aux-commercantes\/#primaryimage","url":"https:\/\/gabonnouvellevision.com\/gnv\/wp-content\/uploads\/2025\/05\/IMG-20250515-WA0055-1.webp","contentUrl":"https:\/\/gabonnouvellevision.com\/gnv\/wp-content\/uploads\/2025\/05\/IMG-20250515-WA0055-1.webp","width":1024,"height":461},{"@type":"BreadcrumbList","@id":"https:\/\/gabonnouvellevision.com\/gnv\/2025\/05\/15\/le-nouveau-marche-dakanda-ctri-livre-aux-commercantes\/#breadcrumb","itemListElement":[{"@type":"ListItem","position":1,"name":"Accueil","item":"https:\/\/gabonnouvellevision.com\/gnv\/"},{"@type":"ListItem","position":2,"name":"Le nouveau march\u00e9 d&rsquo;Akanda-CTRI livr\u00e9 aux commer\u00e7antes"}]},{"@type":"WebSite","@id":"https:\/\/gabonnouvellevision.com\/gnv\/#website","url":"https:\/\/gabonnouvellevision.com\/gnv\/","name":"Gabon Nouvelle Vision","description":"","publisher":{"@id":"https:\/\/gabonnouvellevision.com\/gnv\/#organization"},"potentialAction":[{"@type":"SearchAction","target":{"@type":"EntryPoint","urlTemplate":"https:\/\/gabonnouvellevision.com\/gnv\/?s={search_term_string}"},"query-input":{"@type":"PropertyValueSpecification","valueRequired":true,"valueName":"search_term_string"}}],"inLanguage":"fr-FR"},{"@type":"Organization","@id":"https:\/\/gabonnouvellevision.com\/gnv\/#organization","name":"Gabon Nouvelle Vision","url":"https:\/\/gabonnouvellevision.com\/gnv\/","logo":{"@type":"ImageObject","inLanguage":"fr-FR","@id":"https:\/\/gabonnouvellevision.com\/gnv\/#\/schema\/logo\/image\/","url":"https:\/\/gabonnouvellevision.com\/gnv\/wp-content\/uploads\/2025\/01\/logo-text_Plan-de-travail-1.png","contentUrl":"https:\/\/gabonnouvellevision.com\/gnv\/wp-content\/uploads\/2025\/01\/logo-text_Plan-de-travail-1.png","width":7169,"height":2390,"caption":"Gabon Nouvelle Vision"},"image":{"@id":"https:\/\/gabonnouvellevision.com\/gnv\/#\/schema\/logo\/image\/"},"sameAs":["https:\/\/www.facebook.com\/GNVofficiel"]},{"@type":"Person","@id":"https:\/\/gabonnouvellevision.com\/gnv\/#\/schema\/person\/4b48e07d222f83c0285affc3704bc899","name":"Eyeng Obame","image":{"@type":"ImageObject","inLanguage":"fr-FR","@id":"https:\/\/gabonnouvellevision.com\/gnv\/#\/schema\/person\/image\/","url":"https:\/\/secure.gravatar.com\/avatar\/167bc03b8baf3c77318a47159f80871de6f5a6cbf4bc8b6af750fbc1a369d7bf?s=96&d=mm&r=g","contentUrl":"https:\/\/secure.gravatar.com\/avatar\/167bc03b8baf3c77318a47159f80871de6f5a6cbf4bc8b6af750fbc1a369d7bf?s=96&d=mm&r=g","caption":"Eyeng Obame"},"url":"https:\/\/gabonnouvellevision.com\/gnv\/author\/rufin\/"}]}},"_links":{"self":[{"href":"https:\/\/gabonnouvellevision.com\/gnv\/wp-json\/wp\/v2\/posts\/23924","targetHints":{"allow":["GET"]}}],"collection":[{"href":"https:\/\/gabonnouvellevision.com\/gnv\/wp-json\/wp\/v2\/posts"}],"about":[{"href":"https:\/\/gabonnouvellevision.com\/gnv\/wp-json\/wp\/v2\/types\/post"}],"author":[{"embeddable":true,"href":"https:\/\/gabonnouvellevision.com\/gnv\/wp-json\/wp\/v2\/users\/7"}],"replies":[{"embeddable":true,"href":"https:\/\/gabonnouvellevision.com\/gnv\/wp-json\/wp\/v2\/comments?post=23924"}],"version-history":[{"count":2,"href":"https:\/\/gabonnouvellevision.com\/gnv\/wp-json\/wp\/v2\/posts\/23924\/revisions"}],"predecessor-version":[{"id":23927,"href":"https:\/\/gabonnouvellevision.com\/gnv\/wp-json\/wp\/v2\/posts\/23924\/revisions\/23927"}],"wp:featuredmedia":[{"embeddable":true,"href":"https:\/\/gabonnouvellevision.com\/gnv\/wp-json\/wp\/v2\/media\/23925"}],"wp:attachment":[{"href":"https:\/\/gabonnouvellevision.com\/gnv\/wp-json\/wp\/v2\/media?parent=23924"}],"wp:term":[{"taxonomy":"category","embeddable":true,"href":"https:\/\/gabonnouvellevision.com\/gnv\/wp-json\/wp\/v2\/categories?post=23924"},{"taxonomy":"post_tag","embeddable":true,"href":"https:\/\/gabonnouvellevision.com\/gnv\/wp-json\/wp\/v2\/tags?post=23924"}],"curies":[{"name":"wp","href":"https:\/\/api.w.org\/{rel}","templated":true}]}}