{"id":23916,"date":"2025-05-13T18:03:05","date_gmt":"2025-05-13T16:03:05","guid":{"rendered":"https:\/\/gabonnouvellevision.com\/gnv\/?p=23916"},"modified":"2025-05-13T18:03:07","modified_gmt":"2025-05-13T16:03:07","slug":"ouverture-de-la-57eme-conference-de-lhabitat-ce-mercredi-14-mai-a-libreville","status":"publish","type":"post","link":"https:\/\/gabonnouvellevision.com\/gnv\/2025\/05\/13\/ouverture-de-la-57eme-conference-de-lhabitat-ce-mercredi-14-mai-a-libreville\/","title":{"rendered":"Ouverture de la 57\u00e8me conf\u00e9rence de l&rsquo;habitat ce mercredi 14 mai \u00e0 Libreville"},"content":{"rendered":"\n<p><em><strong>La capitale Gabonaise accueille du 14 au 15 mai les travaux de la 57\u00e8me conf\u00e9rence annuelle de l\u2019habitat dans l\u2019espace Francophone. Une rencontre qui verra la participation de tous les acteurs impliqu\u00e9s dans le secteur<\/strong><\/em><strong>.<\/strong><\/p>\n\n\n\n<p>La rencontre de Libreville a pour th\u00e8me principal \u2019\u2019Booster le financement du logement abordable\u2019\u2019.<\/p>\n\n\n\n<p>Selon la communication gouvernementale\u2019\u2019 cette 57\u00e8me conf\u00e9rence annuelle de l\u2019habitat a pour objectif de partager des exp\u00e9riences, identifier des solutions financi\u00e8res innovantes, promouvoir les partenariats public-priv\u00e9, et renforcer les politiques publiques pour un habitat inclusive et durable\u2019\u2019.<\/p>\n\n\n\n<p>Les travaux qui d\u00e9butent ce mercredi 14 mai devraient s\u2019achever jeudi 15 mai prochain.<\/p>\n\n\n\n<p><strong>Rufin Martial Oke Nze<\/strong><\/p>\n","protected":false},"excerpt":{"rendered":"<p>La capitale Gabonaise accueille du 14 au 15 mai les travaux de la 57\u00e8me conf\u00e9rence annuelle de l\u2019habitat dans l\u2019espace Francophone. Une rencontre qui verra la participation de tous les acteurs impliqu\u00e9s dans le secteur. La rencontre de Libreville a pour th\u00e8me principal \u2019\u2019Booster le financement du logement abordable\u2019\u2019. Selon la communication gouvernementale\u2019\u2019 cette 57\u00e8me [&hellip;]<\/p>\n","protected":false},"author":7,"featured_media":23917,"comment_status":"open","ping_status":"open","sticky":false,"template":"","format":"standard","meta":{"footnotes":""},"categories":[57,55,65],"tags":[],"class_list":["post-23916","post","type-post","status-publish","format-standard","has-post-thumbnail","hentry","category-a-la-une","category-actualites","category-politique-podcasts"],"yoast_head":"<!-- This site is optimized with the Yoast SEO plugin v24.2 - https:\/\/yoast.com\/wordpress\/plugins\/seo\/ -->\n<title>Ouverture de la 57\u00e8me conf\u00e9rence de l&#039;habitat ce mercredi 14 mai \u00e0 Libreville - Gabon Nouvelle Vision<\/title>\n<meta name=\"robots\" content=\"index, follow, max-snippet:-1, max-image-preview:large, max-video-preview:-1\" \/>\n<link rel=\"canonical\" href=\"https:\/\/gabonnouvellevision.com\/gnv\/2025\/05\/13\/ouverture-de-la-57eme-conference-de-lhabitat-ce-mercredi-14-mai-a-libreville\/\" \/>\n<meta property=\"og:locale\" content=\"fr_FR\" \/>\n<meta property=\"og:type\" content=\"article\" \/>\n<meta property=\"og:title\" content=\"Ouverture de la 57\u00e8me conf\u00e9rence de l&#039;habitat ce mercredi 14 mai \u00e0 Libreville - Gabon Nouvelle Vision\" \/>\n<meta property=\"og:description\" content=\"La capitale Gabonaise accueille du 14 au 15 mai les travaux de la 57\u00e8me conf\u00e9rence annuelle de l\u2019habitat dans l\u2019espace Francophone. Une rencontre qui verra la participation de tous les acteurs impliqu\u00e9s dans le secteur. La rencontre de Libreville a pour th\u00e8me principal \u2019\u2019Booster le financement du logement abordable\u2019\u2019. Selon la communication gouvernementale\u2019\u2019 cette 57\u00e8me [&hellip;]\" \/>\n<meta property=\"og:url\" content=\"https:\/\/gabonnouvellevision.com\/gnv\/2025\/05\/13\/ouverture-de-la-57eme-conference-de-lhabitat-ce-mercredi-14-mai-a-libreville\/\" \/>\n<meta property=\"og:site_name\" content=\"Gabon Nouvelle Vision\" \/>\n<meta property=\"article:publisher\" content=\"https:\/\/www.facebook.com\/GNVofficiel\" \/>\n<meta property=\"article:published_time\" content=\"2025-05-13T16:03:05+00:00\" \/>\n<meta property=\"article:modified_time\" content=\"2025-05-13T16:03:07+00:00\" \/>\n<meta property=\"og:image\" content=\"https:\/\/gabonnouvellevision.com\/gnv\/wp-content\/uploads\/2025\/05\/49949144_2865361480171198_5701477959118880768_n.jpg\" \/>\n\t<meta property=\"og:image:width\" content=\"600\" \/>\n\t<meta property=\"og:image:height\" content=\"350\" \/>\n\t<meta property=\"og:image:type\" content=\"image\/jpeg\" \/>\n<meta name=\"author\" content=\"Eyeng Obame\" \/>\n<meta name=\"twitter:card\" content=\"summary_large_image\" \/>\n<meta name=\"twitter:label1\" content=\"\u00c9crit par\" \/>\n\t<meta name=\"twitter:data1\" content=\"Eyeng Obame\" \/>\n\t<meta name=\"twitter:label2\" content=\"Dur\u00e9e de lecture estim\u00e9e\" \/>\n\t<meta name=\"twitter:data2\" content=\"1 minute\" \/>\n<script type=\"application\/ld+json\" class=\"yoast-schema-graph\">{\"@context\":\"https:\/\/schema.org\",\"@graph\":[{\"@type\":\"Article\",\"@id\":\"https:\/\/gabonnouvellevision.com\/gnv\/2025\/05\/13\/ouverture-de-la-57eme-conference-de-lhabitat-ce-mercredi-14-mai-a-libreville\/#article\",\"isPartOf\":{\"@id\":\"https:\/\/gabonnouvellevision.com\/gnv\/2025\/05\/13\/ouverture-de-la-57eme-conference-de-lhabitat-ce-mercredi-14-mai-a-libreville\/\"},\"author\":{\"name\":\"Eyeng Obame\",\"@id\":\"https:\/\/gabonnouvellevision.com\/gnv\/#\/schema\/person\/4b48e07d222f83c0285affc3704bc899\"},\"headline\":\"Ouverture de la 57\u00e8me conf\u00e9rence de l&rsquo;habitat ce mercredi 14 mai \u00e0 Libreville\",\"datePublished\":\"2025-05-13T16:03:05+00:00\",\"dateModified\":\"2025-05-13T16:03:07+00:00\",\"mainEntityOfPage\":{\"@id\":\"https:\/\/gabonnouvellevision.com\/gnv\/2025\/05\/13\/ouverture-de-la-57eme-conference-de-lhabitat-ce-mercredi-14-mai-a-libreville\/\"},\"wordCount\":123,\"commentCount\":0,\"publisher\":{\"@id\":\"https:\/\/gabonnouvellevision.com\/gnv\/#organization\"},\"image\":{\"@id\":\"https:\/\/gabonnouvellevision.com\/gnv\/2025\/05\/13\/ouverture-de-la-57eme-conference-de-lhabitat-ce-mercredi-14-mai-a-libreville\/#primaryimage\"},\"thumbnailUrl\":\"https:\/\/gabonnouvellevision.com\/gnv\/wp-content\/uploads\/2025\/05\/49949144_2865361480171198_5701477959118880768_n.jpg\",\"articleSection\":[\"A la une\",\"Actualites\",\"Politique\"],\"inLanguage\":\"fr-FR\",\"potentialAction\":[{\"@type\":\"CommentAction\",\"name\":\"Comment\",\"target\":[\"https:\/\/gabonnouvellevision.com\/gnv\/2025\/05\/13\/ouverture-de-la-57eme-conference-de-lhabitat-ce-mercredi-14-mai-a-libreville\/#respond\"]}]},{\"@type\":\"WebPage\",\"@id\":\"https:\/\/gabonnouvellevision.com\/gnv\/2025\/05\/13\/ouverture-de-la-57eme-conference-de-lhabitat-ce-mercredi-14-mai-a-libreville\/\",\"url\":\"https:\/\/gabonnouvellevision.com\/gnv\/2025\/05\/13\/ouverture-de-la-57eme-conference-de-lhabitat-ce-mercredi-14-mai-a-libreville\/\",\"name\":\"Ouverture de la 57\u00e8me conf\u00e9rence de l'habitat ce mercredi 14 mai \u00e0 Libreville - Gabon Nouvelle Vision\",\"isPartOf\":{\"@id\":\"https:\/\/gabonnouvellevision.com\/gnv\/#website\"},\"primaryImageOfPage\":{\"@id\":\"https:\/\/gabonnouvellevision.com\/gnv\/2025\/05\/13\/ouverture-de-la-57eme-conference-de-lhabitat-ce-mercredi-14-mai-a-libreville\/#primaryimage\"},\"image\":{\"@id\":\"https:\/\/gabonnouvellevision.com\/gnv\/2025\/05\/13\/ouverture-de-la-57eme-conference-de-lhabitat-ce-mercredi-14-mai-a-libreville\/#primaryimage\"},\"thumbnailUrl\":\"https:\/\/gabonnouvellevision.com\/gnv\/wp-content\/uploads\/2025\/05\/49949144_2865361480171198_5701477959118880768_n.jpg\",\"datePublished\":\"2025-05-13T16:03:05+00:00\",\"dateModified\":\"2025-05-13T16:03:07+00:00\",\"breadcrumb\":{\"@id\":\"https:\/\/gabonnouvellevision.com\/gnv\/2025\/05\/13\/ouverture-de-la-57eme-conference-de-lhabitat-ce-mercredi-14-mai-a-libreville\/#breadcrumb\"},\"inLanguage\":\"fr-FR\",\"potentialAction\":[{\"@type\":\"ReadAction\",\"target\":[\"https:\/\/gabonnouvellevision.com\/gnv\/2025\/05\/13\/ouverture-de-la-57eme-conference-de-lhabitat-ce-mercredi-14-mai-a-libreville\/\"]}]},{\"@type\":\"ImageObject\",\"inLanguage\":\"fr-FR\",\"@id\":\"https:\/\/gabonnouvellevision.com\/gnv\/2025\/05\/13\/ouverture-de-la-57eme-conference-de-lhabitat-ce-mercredi-14-mai-a-libreville\/#primaryimage\",\"url\":\"https:\/\/gabonnouvellevision.com\/gnv\/wp-content\/uploads\/2025\/05\/49949144_2865361480171198_5701477959118880768_n.jpg\",\"contentUrl\":\"https:\/\/gabonnouvellevision.com\/gnv\/wp-content\/uploads\/2025\/05\/49949144_2865361480171198_5701477959118880768_n.jpg\",\"width\":600,\"height\":350},{\"@type\":\"BreadcrumbList\",\"@id\":\"https:\/\/gabonnouvellevision.com\/gnv\/2025\/05\/13\/ouverture-de-la-57eme-conference-de-lhabitat-ce-mercredi-14-mai-a-libreville\/#breadcrumb\",\"itemListElement\":[{\"@type\":\"ListItem\",\"position\":1,\"name\":\"Accueil\",\"item\":\"https:\/\/gabonnouvellevision.com\/gnv\/\"},{\"@type\":\"ListItem\",\"position\":2,\"name\":\"Ouverture de la 57\u00e8me conf\u00e9rence de l&rsquo;habitat ce mercredi 14 mai \u00e0 Libreville\"}]},{\"@type\":\"WebSite\",\"@id\":\"https:\/\/gabonnouvellevision.com\/gnv\/#website\",\"url\":\"https:\/\/gabonnouvellevision.com\/gnv\/\",\"name\":\"Gabon Nouvelle Vision\",\"description\":\"\",\"publisher\":{\"@id\":\"https:\/\/gabonnouvellevision.com\/gnv\/#organization\"},\"potentialAction\":[{\"@type\":\"SearchAction\",\"target\":{\"@type\":\"EntryPoint\",\"urlTemplate\":\"https:\/\/gabonnouvellevision.com\/gnv\/?s={search_term_string}\"},\"query-input\":{\"@type\":\"PropertyValueSpecification\",\"valueRequired\":true,\"valueName\":\"search_term_string\"}}],\"inLanguage\":\"fr-FR\"},{\"@type\":\"Organization\",\"@id\":\"https:\/\/gabonnouvellevision.com\/gnv\/#organization\",\"name\":\"Gabon Nouvelle Vision\",\"url\":\"https:\/\/gabonnouvellevision.com\/gnv\/\",\"logo\":{\"@type\":\"ImageObject\",\"inLanguage\":\"fr-FR\",\"@id\":\"https:\/\/gabonnouvellevision.com\/gnv\/#\/schema\/logo\/image\/\",\"url\":\"https:\/\/gabonnouvellevision.com\/gnv\/wp-content\/uploads\/2025\/01\/logo-text_Plan-de-travail-1.png\",\"contentUrl\":\"https:\/\/gabonnouvellevision.com\/gnv\/wp-content\/uploads\/2025\/01\/logo-text_Plan-de-travail-1.png\",\"width\":7169,\"height\":2390,\"caption\":\"Gabon Nouvelle Vision\"},\"image\":{\"@id\":\"https:\/\/gabonnouvellevision.com\/gnv\/#\/schema\/logo\/image\/\"},\"sameAs\":[\"https:\/\/www.facebook.com\/GNVofficiel\"]},{\"@type\":\"Person\",\"@id\":\"https:\/\/gabonnouvellevision.com\/gnv\/#\/schema\/person\/4b48e07d222f83c0285affc3704bc899\",\"name\":\"Eyeng Obame\",\"image\":{\"@type\":\"ImageObject\",\"inLanguage\":\"fr-FR\",\"@id\":\"https:\/\/gabonnouvellevision.com\/gnv\/#\/schema\/person\/image\/\",\"url\":\"https:\/\/secure.gravatar.com\/avatar\/167bc03b8baf3c77318a47159f80871de6f5a6cbf4bc8b6af750fbc1a369d7bf?s=96&d=mm&r=g\",\"contentUrl\":\"https:\/\/secure.gravatar.com\/avatar\/167bc03b8baf3c77318a47159f80871de6f5a6cbf4bc8b6af750fbc1a369d7bf?s=96&d=mm&r=g\",\"caption\":\"Eyeng Obame\"},\"url\":\"https:\/\/gabonnouvellevision.com\/gnv\/author\/rufin\/\"}]}<\/script>\n<!-- \/ Yoast SEO plugin. -->","yoast_head_json":{"title":"Ouverture de la 57\u00e8me conf\u00e9rence de l'habitat ce mercredi 14 mai \u00e0 Libreville - Gabon Nouvelle Vision","robots":{"index":"index","follow":"follow","max-snippet":"max-snippet:-1","max-image-preview":"max-image-preview:large","max-video-preview":"max-video-preview:-1"},"canonical":"https:\/\/gabonnouvellevision.com\/gnv\/2025\/05\/13\/ouverture-de-la-57eme-conference-de-lhabitat-ce-mercredi-14-mai-a-libreville\/","og_locale":"fr_FR","og_type":"article","og_title":"Ouverture de la 57\u00e8me conf\u00e9rence de l'habitat ce mercredi 14 mai \u00e0 Libreville - Gabon Nouvelle Vision","og_description":"La capitale Gabonaise accueille du 14 au 15 mai les travaux de la 57\u00e8me conf\u00e9rence annuelle de l\u2019habitat dans l\u2019espace Francophone. Une rencontre qui verra la participation de tous les acteurs impliqu\u00e9s dans le secteur. La rencontre de Libreville a pour th\u00e8me principal \u2019\u2019Booster le financement du logement abordable\u2019\u2019. Selon la communication gouvernementale\u2019\u2019 cette 57\u00e8me [&hellip;]","og_url":"https:\/\/gabonnouvellevision.com\/gnv\/2025\/05\/13\/ouverture-de-la-57eme-conference-de-lhabitat-ce-mercredi-14-mai-a-libreville\/","og_site_name":"Gabon Nouvelle Vision","article_publisher":"https:\/\/www.facebook.com\/GNVofficiel","article_published_time":"2025-05-13T16:03:05+00:00","article_modified_time":"2025-05-13T16:03:07+00:00","og_image":[{"width":600,"height":350,"url":"https:\/\/gabonnouvellevision.com\/gnv\/wp-content\/uploads\/2025\/05\/49949144_2865361480171198_5701477959118880768_n.jpg","type":"image\/jpeg"}],"author":"Eyeng Obame","twitter_card":"summary_large_image","twitter_misc":{"\u00c9crit par":"Eyeng Obame","Dur\u00e9e de lecture estim\u00e9e":"1 minute"},"schema":{"@context":"https:\/\/schema.org","@graph":[{"@type":"Article","@id":"https:\/\/gabonnouvellevision.com\/gnv\/2025\/05\/13\/ouverture-de-la-57eme-conference-de-lhabitat-ce-mercredi-14-mai-a-libreville\/#article","isPartOf":{"@id":"https:\/\/gabonnouvellevision.com\/gnv\/2025\/05\/13\/ouverture-de-la-57eme-conference-de-lhabitat-ce-mercredi-14-mai-a-libreville\/"},"author":{"name":"Eyeng Obame","@id":"https:\/\/gabonnouvellevision.com\/gnv\/#\/schema\/person\/4b48e07d222f83c0285affc3704bc899"},"headline":"Ouverture de la 57\u00e8me conf\u00e9rence de l&rsquo;habitat ce mercredi 14 mai \u00e0 Libreville","datePublished":"2025-05-13T16:03:05+00:00","dateModified":"2025-05-13T16:03:07+00:00","mainEntityOfPage":{"@id":"https:\/\/gabonnouvellevision.com\/gnv\/2025\/05\/13\/ouverture-de-la-57eme-conference-de-lhabitat-ce-mercredi-14-mai-a-libreville\/"},"wordCount":123,"commentCount":0,"publisher":{"@id":"https:\/\/gabonnouvellevision.com\/gnv\/#organization"},"image":{"@id":"https:\/\/gabonnouvellevision.com\/gnv\/2025\/05\/13\/ouverture-de-la-57eme-conference-de-lhabitat-ce-mercredi-14-mai-a-libreville\/#primaryimage"},"thumbnailUrl":"https:\/\/gabonnouvellevision.com\/gnv\/wp-content\/uploads\/2025\/05\/49949144_2865361480171198_5701477959118880768_n.jpg","articleSection":["A la une","Actualites","Politique"],"inLanguage":"fr-FR","potentialAction":[{"@type":"CommentAction","name":"Comment","target":["https:\/\/gabonnouvellevision.com\/gnv\/2025\/05\/13\/ouverture-de-la-57eme-conference-de-lhabitat-ce-mercredi-14-mai-a-libreville\/#respond"]}]},{"@type":"WebPage","@id":"https:\/\/gabonnouvellevision.com\/gnv\/2025\/05\/13\/ouverture-de-la-57eme-conference-de-lhabitat-ce-mercredi-14-mai-a-libreville\/","url":"https:\/\/gabonnouvellevision.com\/gnv\/2025\/05\/13\/ouverture-de-la-57eme-conference-de-lhabitat-ce-mercredi-14-mai-a-libreville\/","name":"Ouverture de la 57\u00e8me conf\u00e9rence de l'habitat ce mercredi 14 mai \u00e0 Libreville - Gabon Nouvelle Vision","isPartOf":{"@id":"https:\/\/gabonnouvellevision.com\/gnv\/#website"},"primaryImageOfPage":{"@id":"https:\/\/gabonnouvellevision.com\/gnv\/2025\/05\/13\/ouverture-de-la-57eme-conference-de-lhabitat-ce-mercredi-14-mai-a-libreville\/#primaryimage"},"image":{"@id":"https:\/\/gabonnouvellevision.com\/gnv\/2025\/05\/13\/ouverture-de-la-57eme-conference-de-lhabitat-ce-mercredi-14-mai-a-libreville\/#primaryimage"},"thumbnailUrl":"https:\/\/gabonnouvellevision.com\/gnv\/wp-content\/uploads\/2025\/05\/49949144_2865361480171198_5701477959118880768_n.jpg","datePublished":"2025-05-13T16:03:05+00:00","dateModified":"2025-05-13T16:03:07+00:00","breadcrumb":{"@id":"https:\/\/gabonnouvellevision.com\/gnv\/2025\/05\/13\/ouverture-de-la-57eme-conference-de-lhabitat-ce-mercredi-14-mai-a-libreville\/#breadcrumb"},"inLanguage":"fr-FR","potentialAction":[{"@type":"ReadAction","target":["https:\/\/gabonnouvellevision.com\/gnv\/2025\/05\/13\/ouverture-de-la-57eme-conference-de-lhabitat-ce-mercredi-14-mai-a-libreville\/"]}]},{"@type":"ImageObject","inLanguage":"fr-FR","@id":"https:\/\/gabonnouvellevision.com\/gnv\/2025\/05\/13\/ouverture-de-la-57eme-conference-de-lhabitat-ce-mercredi-14-mai-a-libreville\/#primaryimage","url":"https:\/\/gabonnouvellevision.com\/gnv\/wp-content\/uploads\/2025\/05\/49949144_2865361480171198_5701477959118880768_n.jpg","contentUrl":"https:\/\/gabonnouvellevision.com\/gnv\/wp-content\/uploads\/2025\/05\/49949144_2865361480171198_5701477959118880768_n.jpg","width":600,"height":350},{"@type":"BreadcrumbList","@id":"https:\/\/gabonnouvellevision.com\/gnv\/2025\/05\/13\/ouverture-de-la-57eme-conference-de-lhabitat-ce-mercredi-14-mai-a-libreville\/#breadcrumb","itemListElement":[{"@type":"ListItem","position":1,"name":"Accueil","item":"https:\/\/gabonnouvellevision.com\/gnv\/"},{"@type":"ListItem","position":2,"name":"Ouverture de la 57\u00e8me conf\u00e9rence de l&rsquo;habitat ce mercredi 14 mai \u00e0 Libreville"}]},{"@type":"WebSite","@id":"https:\/\/gabonnouvellevision.com\/gnv\/#website","url":"https:\/\/gabonnouvellevision.com\/gnv\/","name":"Gabon Nouvelle Vision","description":"","publisher":{"@id":"https:\/\/gabonnouvellevision.com\/gnv\/#organization"},"potentialAction":[{"@type":"SearchAction","target":{"@type":"EntryPoint","urlTemplate":"https:\/\/gabonnouvellevision.com\/gnv\/?s={search_term_string}"},"query-input":{"@type":"PropertyValueSpecification","valueRequired":true,"valueName":"search_term_string"}}],"inLanguage":"fr-FR"},{"@type":"Organization","@id":"https:\/\/gabonnouvellevision.com\/gnv\/#organization","name":"Gabon Nouvelle Vision","url":"https:\/\/gabonnouvellevision.com\/gnv\/","logo":{"@type":"ImageObject","inLanguage":"fr-FR","@id":"https:\/\/gabonnouvellevision.com\/gnv\/#\/schema\/logo\/image\/","url":"https:\/\/gabonnouvellevision.com\/gnv\/wp-content\/uploads\/2025\/01\/logo-text_Plan-de-travail-1.png","contentUrl":"https:\/\/gabonnouvellevision.com\/gnv\/wp-content\/uploads\/2025\/01\/logo-text_Plan-de-travail-1.png","width":7169,"height":2390,"caption":"Gabon Nouvelle Vision"},"image":{"@id":"https:\/\/gabonnouvellevision.com\/gnv\/#\/schema\/logo\/image\/"},"sameAs":["https:\/\/www.facebook.com\/GNVofficiel"]},{"@type":"Person","@id":"https:\/\/gabonnouvellevision.com\/gnv\/#\/schema\/person\/4b48e07d222f83c0285affc3704bc899","name":"Eyeng Obame","image":{"@type":"ImageObject","inLanguage":"fr-FR","@id":"https:\/\/gabonnouvellevision.com\/gnv\/#\/schema\/person\/image\/","url":"https:\/\/secure.gravatar.com\/avatar\/167bc03b8baf3c77318a47159f80871de6f5a6cbf4bc8b6af750fbc1a369d7bf?s=96&d=mm&r=g","contentUrl":"https:\/\/secure.gravatar.com\/avatar\/167bc03b8baf3c77318a47159f80871de6f5a6cbf4bc8b6af750fbc1a369d7bf?s=96&d=mm&r=g","caption":"Eyeng Obame"},"url":"https:\/\/gabonnouvellevision.com\/gnv\/author\/rufin\/"}]}},"_links":{"self":[{"href":"https:\/\/gabonnouvellevision.com\/gnv\/wp-json\/wp\/v2\/posts\/23916","targetHints":{"allow":["GET"]}}],"collection":[{"href":"https:\/\/gabonnouvellevision.com\/gnv\/wp-json\/wp\/v2\/posts"}],"about":[{"href":"https:\/\/gabonnouvellevision.com\/gnv\/wp-json\/wp\/v2\/types\/post"}],"author":[{"embeddable":true,"href":"https:\/\/gabonnouvellevision.com\/gnv\/wp-json\/wp\/v2\/users\/7"}],"replies":[{"embeddable":true,"href":"https:\/\/gabonnouvellevision.com\/gnv\/wp-json\/wp\/v2\/comments?post=23916"}],"version-history":[{"count":1,"href":"https:\/\/gabonnouvellevision.com\/gnv\/wp-json\/wp\/v2\/posts\/23916\/revisions"}],"predecessor-version":[{"id":23918,"href":"https:\/\/gabonnouvellevision.com\/gnv\/wp-json\/wp\/v2\/posts\/23916\/revisions\/23918"}],"wp:featuredmedia":[{"embeddable":true,"href":"https:\/\/gabonnouvellevision.com\/gnv\/wp-json\/wp\/v2\/media\/23917"}],"wp:attachment":[{"href":"https:\/\/gabonnouvellevision.com\/gnv\/wp-json\/wp\/v2\/media?parent=23916"}],"wp:term":[{"taxonomy":"category","embeddable":true,"href":"https:\/\/gabonnouvellevision.com\/gnv\/wp-json\/wp\/v2\/categories?post=23916"},{"taxonomy":"post_tag","embeddable":true,"href":"https:\/\/gabonnouvellevision.com\/gnv\/wp-json\/wp\/v2\/tags?post=23916"}],"curies":[{"name":"wp","href":"https:\/\/api.w.org\/{rel}","templated":true}]}}