{"id":23910,"date":"2025-05-09T11:20:15","date_gmt":"2025-05-09T09:20:15","guid":{"rendered":"https:\/\/gabonnouvellevision.com\/gnv\/?p=23910"},"modified":"2025-05-09T11:20:17","modified_gmt":"2025-05-09T09:20:17","slug":"leon-xiv-elu-267eme-pape-de-leglise-catholique","status":"publish","type":"post","link":"https:\/\/gabonnouvellevision.com\/gnv\/2025\/05\/09\/leon-xiv-elu-267eme-pape-de-leglise-catholique\/","title":{"rendered":"L\u00e9on XIV \u00e9lu 267\u00e8me Pape de l&rsquo;\u00e9glise Catholique"},"content":{"rendered":"\n<p><em><strong>La fum\u00e9e blanche de la chapelle Sixtine du Vatican est sortie hier soir \u00e0 l\u2019issue de l\u2019\u00e9lection du Cardinal Nord-Am\u00e9ricain, Robert Francis Pr\u00e9vost, \u00e0 la t\u00eate de l\u2019\u00e9glise Catholique. Il succ\u00e8de ainsi au Pape Fran\u00e7ois, d\u00e9c\u00e9d\u00e9 \u00e0 l\u2019\u00e2ge de 88 ans &nbsp;en avril dernier des suites d\u2019une crise cardiaque.<\/strong><\/em><\/p>\n\n\n\n<p>Le nouveau Souverain pontife de nationalit\u00e9 Am\u00e9ricaine, \u00e2g\u00e9 de 69 ans, &nbsp;et &nbsp;qui a pris le nom de L\u00e9on XIV, juste apr\u00e8s son \u00e9lection, entend consolider l\u2019unit\u00e9 et la paix dans l\u2019\u00e9glise Catholique min\u00e9e ces derniers temps par une crise doctrinale &nbsp;entre &nbsp;conservateurs &nbsp;et progressistes. Une \u00e9glise Catholique qui compte actuellement plus d\u2019 1 milliard 400 millions de fid\u00e8les \u00e0 travers le monde.<\/p>\n\n\n\n<p>Apr\u00e8s sa premi\u00e8re apparition en public hier soir \u00e0 la place Saint Pierre de Rome, le Pape L\u00e9on XIV c\u00e9l\u00e8bre sa premi\u00e8re messe ce vendredi 09 mai \u00e0 la chapelle Sixtine avec le coll\u00e8ge des cardinaux.<\/p>\n\n\n\n<p>Ce programme du successeur de l\u2019Ap\u00f4tre Pierre, devra se poursuivre dimanche 11 mai prochain \u00e0 la place Saint Pierre de Rome.<\/p>\n\n\n\n<p><strong>Rufin Martial Oke Nze<\/strong><\/p>\n","protected":false},"excerpt":{"rendered":"<p>La fum\u00e9e blanche de la chapelle Sixtine du Vatican est sortie hier soir \u00e0 l\u2019issue de l\u2019\u00e9lection du Cardinal Nord-Am\u00e9ricain, Robert Francis Pr\u00e9vost, \u00e0 la t\u00eate de l\u2019\u00e9glise Catholique. Il succ\u00e8de ainsi au Pape Fran\u00e7ois, d\u00e9c\u00e9d\u00e9 \u00e0 l\u2019\u00e2ge de 88 ans &nbsp;en avril dernier des suites d\u2019une crise cardiaque. Le nouveau Souverain pontife de nationalit\u00e9 [&hellip;]<\/p>\n","protected":false},"author":7,"featured_media":23911,"comment_status":"open","ping_status":"open","sticky":false,"template":"","format":"standard","meta":{"footnotes":""},"categories":[57,55,65],"tags":[],"class_list":["post-23910","post","type-post","status-publish","format-standard","has-post-thumbnail","hentry","category-a-la-une","category-actualites","category-politique-podcasts"],"yoast_head":"<!-- This site is optimized with the Yoast SEO plugin v24.2 - https:\/\/yoast.com\/wordpress\/plugins\/seo\/ -->\n<title>L\u00e9on XIV \u00e9lu 267\u00e8me Pape de l&#039;\u00e9glise Catholique - Gabon Nouvelle Vision<\/title>\n<meta name=\"robots\" content=\"index, follow, max-snippet:-1, max-image-preview:large, max-video-preview:-1\" \/>\n<link rel=\"canonical\" href=\"https:\/\/gabonnouvellevision.com\/gnv\/2025\/05\/09\/leon-xiv-elu-267eme-pape-de-leglise-catholique\/\" \/>\n<meta property=\"og:locale\" content=\"fr_FR\" \/>\n<meta property=\"og:type\" content=\"article\" \/>\n<meta property=\"og:title\" content=\"L\u00e9on XIV \u00e9lu 267\u00e8me Pape de l&#039;\u00e9glise Catholique - Gabon Nouvelle Vision\" \/>\n<meta property=\"og:description\" content=\"La fum\u00e9e blanche de la chapelle Sixtine du Vatican est sortie hier soir \u00e0 l\u2019issue de l\u2019\u00e9lection du Cardinal Nord-Am\u00e9ricain, Robert Francis Pr\u00e9vost, \u00e0 la t\u00eate de l\u2019\u00e9glise Catholique. Il succ\u00e8de ainsi au Pape Fran\u00e7ois, d\u00e9c\u00e9d\u00e9 \u00e0 l\u2019\u00e2ge de 88 ans &nbsp;en avril dernier des suites d\u2019une crise cardiaque. Le nouveau Souverain pontife de nationalit\u00e9 [&hellip;]\" \/>\n<meta property=\"og:url\" content=\"https:\/\/gabonnouvellevision.com\/gnv\/2025\/05\/09\/leon-xiv-elu-267eme-pape-de-leglise-catholique\/\" \/>\n<meta property=\"og:site_name\" content=\"Gabon Nouvelle Vision\" \/>\n<meta property=\"article:publisher\" content=\"https:\/\/www.facebook.com\/GNVofficiel\" \/>\n<meta property=\"article:published_time\" content=\"2025-05-09T09:20:15+00:00\" \/>\n<meta property=\"article:modified_time\" content=\"2025-05-09T09:20:17+00:00\" \/>\n<meta property=\"og:image\" content=\"https:\/\/gabonnouvellevision.com\/gnv\/wp-content\/uploads\/2025\/05\/494315036_1755876935285384_7433792676731575131_n-1.jpg\" \/>\n\t<meta property=\"og:image:width\" content=\"400\" \/>\n\t<meta property=\"og:image:height\" content=\"600\" \/>\n\t<meta property=\"og:image:type\" content=\"image\/jpeg\" \/>\n<meta name=\"author\" content=\"Eyeng Obame\" \/>\n<meta name=\"twitter:card\" content=\"summary_large_image\" \/>\n<meta name=\"twitter:label1\" content=\"\u00c9crit par\" \/>\n\t<meta name=\"twitter:data1\" content=\"Eyeng Obame\" \/>\n\t<meta name=\"twitter:label2\" content=\"Dur\u00e9e de lecture estim\u00e9e\" \/>\n\t<meta name=\"twitter:data2\" content=\"2 minutes\" \/>\n<script type=\"application\/ld+json\" class=\"yoast-schema-graph\">{\"@context\":\"https:\/\/schema.org\",\"@graph\":[{\"@type\":\"Article\",\"@id\":\"https:\/\/gabonnouvellevision.com\/gnv\/2025\/05\/09\/leon-xiv-elu-267eme-pape-de-leglise-catholique\/#article\",\"isPartOf\":{\"@id\":\"https:\/\/gabonnouvellevision.com\/gnv\/2025\/05\/09\/leon-xiv-elu-267eme-pape-de-leglise-catholique\/\"},\"author\":{\"name\":\"Eyeng Obame\",\"@id\":\"https:\/\/gabonnouvellevision.com\/gnv\/#\/schema\/person\/4b48e07d222f83c0285affc3704bc899\"},\"headline\":\"L\u00e9on XIV \u00e9lu 267\u00e8me Pape de l&rsquo;\u00e9glise Catholique\",\"datePublished\":\"2025-05-09T09:20:15+00:00\",\"dateModified\":\"2025-05-09T09:20:17+00:00\",\"mainEntityOfPage\":{\"@id\":\"https:\/\/gabonnouvellevision.com\/gnv\/2025\/05\/09\/leon-xiv-elu-267eme-pape-de-leglise-catholique\/\"},\"wordCount\":205,\"commentCount\":0,\"publisher\":{\"@id\":\"https:\/\/gabonnouvellevision.com\/gnv\/#organization\"},\"image\":{\"@id\":\"https:\/\/gabonnouvellevision.com\/gnv\/2025\/05\/09\/leon-xiv-elu-267eme-pape-de-leglise-catholique\/#primaryimage\"},\"thumbnailUrl\":\"https:\/\/gabonnouvellevision.com\/gnv\/wp-content\/uploads\/2025\/05\/494315036_1755876935285384_7433792676731575131_n-1.jpg\",\"articleSection\":[\"A la une\",\"Actualites\",\"Politique\"],\"inLanguage\":\"fr-FR\",\"potentialAction\":[{\"@type\":\"CommentAction\",\"name\":\"Comment\",\"target\":[\"https:\/\/gabonnouvellevision.com\/gnv\/2025\/05\/09\/leon-xiv-elu-267eme-pape-de-leglise-catholique\/#respond\"]}]},{\"@type\":\"WebPage\",\"@id\":\"https:\/\/gabonnouvellevision.com\/gnv\/2025\/05\/09\/leon-xiv-elu-267eme-pape-de-leglise-catholique\/\",\"url\":\"https:\/\/gabonnouvellevision.com\/gnv\/2025\/05\/09\/leon-xiv-elu-267eme-pape-de-leglise-catholique\/\",\"name\":\"L\u00e9on XIV \u00e9lu 267\u00e8me Pape de l'\u00e9glise Catholique - Gabon Nouvelle Vision\",\"isPartOf\":{\"@id\":\"https:\/\/gabonnouvellevision.com\/gnv\/#website\"},\"primaryImageOfPage\":{\"@id\":\"https:\/\/gabonnouvellevision.com\/gnv\/2025\/05\/09\/leon-xiv-elu-267eme-pape-de-leglise-catholique\/#primaryimage\"},\"image\":{\"@id\":\"https:\/\/gabonnouvellevision.com\/gnv\/2025\/05\/09\/leon-xiv-elu-267eme-pape-de-leglise-catholique\/#primaryimage\"},\"thumbnailUrl\":\"https:\/\/gabonnouvellevision.com\/gnv\/wp-content\/uploads\/2025\/05\/494315036_1755876935285384_7433792676731575131_n-1.jpg\",\"datePublished\":\"2025-05-09T09:20:15+00:00\",\"dateModified\":\"2025-05-09T09:20:17+00:00\",\"breadcrumb\":{\"@id\":\"https:\/\/gabonnouvellevision.com\/gnv\/2025\/05\/09\/leon-xiv-elu-267eme-pape-de-leglise-catholique\/#breadcrumb\"},\"inLanguage\":\"fr-FR\",\"potentialAction\":[{\"@type\":\"ReadAction\",\"target\":[\"https:\/\/gabonnouvellevision.com\/gnv\/2025\/05\/09\/leon-xiv-elu-267eme-pape-de-leglise-catholique\/\"]}]},{\"@type\":\"ImageObject\",\"inLanguage\":\"fr-FR\",\"@id\":\"https:\/\/gabonnouvellevision.com\/gnv\/2025\/05\/09\/leon-xiv-elu-267eme-pape-de-leglise-catholique\/#primaryimage\",\"url\":\"https:\/\/gabonnouvellevision.com\/gnv\/wp-content\/uploads\/2025\/05\/494315036_1755876935285384_7433792676731575131_n-1.jpg\",\"contentUrl\":\"https:\/\/gabonnouvellevision.com\/gnv\/wp-content\/uploads\/2025\/05\/494315036_1755876935285384_7433792676731575131_n-1.jpg\",\"width\":400,\"height\":600},{\"@type\":\"BreadcrumbList\",\"@id\":\"https:\/\/gabonnouvellevision.com\/gnv\/2025\/05\/09\/leon-xiv-elu-267eme-pape-de-leglise-catholique\/#breadcrumb\",\"itemListElement\":[{\"@type\":\"ListItem\",\"position\":1,\"name\":\"Accueil\",\"item\":\"https:\/\/gabonnouvellevision.com\/gnv\/\"},{\"@type\":\"ListItem\",\"position\":2,\"name\":\"L\u00e9on XIV \u00e9lu 267\u00e8me Pape de l&rsquo;\u00e9glise Catholique\"}]},{\"@type\":\"WebSite\",\"@id\":\"https:\/\/gabonnouvellevision.com\/gnv\/#website\",\"url\":\"https:\/\/gabonnouvellevision.com\/gnv\/\",\"name\":\"Gabon Nouvelle Vision\",\"description\":\"\",\"publisher\":{\"@id\":\"https:\/\/gabonnouvellevision.com\/gnv\/#organization\"},\"potentialAction\":[{\"@type\":\"SearchAction\",\"target\":{\"@type\":\"EntryPoint\",\"urlTemplate\":\"https:\/\/gabonnouvellevision.com\/gnv\/?s={search_term_string}\"},\"query-input\":{\"@type\":\"PropertyValueSpecification\",\"valueRequired\":true,\"valueName\":\"search_term_string\"}}],\"inLanguage\":\"fr-FR\"},{\"@type\":\"Organization\",\"@id\":\"https:\/\/gabonnouvellevision.com\/gnv\/#organization\",\"name\":\"Gabon Nouvelle Vision\",\"url\":\"https:\/\/gabonnouvellevision.com\/gnv\/\",\"logo\":{\"@type\":\"ImageObject\",\"inLanguage\":\"fr-FR\",\"@id\":\"https:\/\/gabonnouvellevision.com\/gnv\/#\/schema\/logo\/image\/\",\"url\":\"https:\/\/gabonnouvellevision.com\/gnv\/wp-content\/uploads\/2025\/01\/logo-text_Plan-de-travail-1.png\",\"contentUrl\":\"https:\/\/gabonnouvellevision.com\/gnv\/wp-content\/uploads\/2025\/01\/logo-text_Plan-de-travail-1.png\",\"width\":7169,\"height\":2390,\"caption\":\"Gabon Nouvelle Vision\"},\"image\":{\"@id\":\"https:\/\/gabonnouvellevision.com\/gnv\/#\/schema\/logo\/image\/\"},\"sameAs\":[\"https:\/\/www.facebook.com\/GNVofficiel\"]},{\"@type\":\"Person\",\"@id\":\"https:\/\/gabonnouvellevision.com\/gnv\/#\/schema\/person\/4b48e07d222f83c0285affc3704bc899\",\"name\":\"Eyeng Obame\",\"image\":{\"@type\":\"ImageObject\",\"inLanguage\":\"fr-FR\",\"@id\":\"https:\/\/gabonnouvellevision.com\/gnv\/#\/schema\/person\/image\/\",\"url\":\"https:\/\/secure.gravatar.com\/avatar\/167bc03b8baf3c77318a47159f80871de6f5a6cbf4bc8b6af750fbc1a369d7bf?s=96&d=mm&r=g\",\"contentUrl\":\"https:\/\/secure.gravatar.com\/avatar\/167bc03b8baf3c77318a47159f80871de6f5a6cbf4bc8b6af750fbc1a369d7bf?s=96&d=mm&r=g\",\"caption\":\"Eyeng Obame\"},\"url\":\"https:\/\/gabonnouvellevision.com\/gnv\/author\/rufin\/\"}]}<\/script>\n<!-- \/ Yoast SEO plugin. -->","yoast_head_json":{"title":"L\u00e9on XIV \u00e9lu 267\u00e8me Pape de l'\u00e9glise Catholique - Gabon Nouvelle Vision","robots":{"index":"index","follow":"follow","max-snippet":"max-snippet:-1","max-image-preview":"max-image-preview:large","max-video-preview":"max-video-preview:-1"},"canonical":"https:\/\/gabonnouvellevision.com\/gnv\/2025\/05\/09\/leon-xiv-elu-267eme-pape-de-leglise-catholique\/","og_locale":"fr_FR","og_type":"article","og_title":"L\u00e9on XIV \u00e9lu 267\u00e8me Pape de l'\u00e9glise Catholique - Gabon Nouvelle Vision","og_description":"La fum\u00e9e blanche de la chapelle Sixtine du Vatican est sortie hier soir \u00e0 l\u2019issue de l\u2019\u00e9lection du Cardinal Nord-Am\u00e9ricain, Robert Francis Pr\u00e9vost, \u00e0 la t\u00eate de l\u2019\u00e9glise Catholique. Il succ\u00e8de ainsi au Pape Fran\u00e7ois, d\u00e9c\u00e9d\u00e9 \u00e0 l\u2019\u00e2ge de 88 ans &nbsp;en avril dernier des suites d\u2019une crise cardiaque. Le nouveau Souverain pontife de nationalit\u00e9 [&hellip;]","og_url":"https:\/\/gabonnouvellevision.com\/gnv\/2025\/05\/09\/leon-xiv-elu-267eme-pape-de-leglise-catholique\/","og_site_name":"Gabon Nouvelle Vision","article_publisher":"https:\/\/www.facebook.com\/GNVofficiel","article_published_time":"2025-05-09T09:20:15+00:00","article_modified_time":"2025-05-09T09:20:17+00:00","og_image":[{"width":400,"height":600,"url":"https:\/\/gabonnouvellevision.com\/gnv\/wp-content\/uploads\/2025\/05\/494315036_1755876935285384_7433792676731575131_n-1.jpg","type":"image\/jpeg"}],"author":"Eyeng Obame","twitter_card":"summary_large_image","twitter_misc":{"\u00c9crit par":"Eyeng Obame","Dur\u00e9e de lecture estim\u00e9e":"2 minutes"},"schema":{"@context":"https:\/\/schema.org","@graph":[{"@type":"Article","@id":"https:\/\/gabonnouvellevision.com\/gnv\/2025\/05\/09\/leon-xiv-elu-267eme-pape-de-leglise-catholique\/#article","isPartOf":{"@id":"https:\/\/gabonnouvellevision.com\/gnv\/2025\/05\/09\/leon-xiv-elu-267eme-pape-de-leglise-catholique\/"},"author":{"name":"Eyeng Obame","@id":"https:\/\/gabonnouvellevision.com\/gnv\/#\/schema\/person\/4b48e07d222f83c0285affc3704bc899"},"headline":"L\u00e9on XIV \u00e9lu 267\u00e8me Pape de l&rsquo;\u00e9glise Catholique","datePublished":"2025-05-09T09:20:15+00:00","dateModified":"2025-05-09T09:20:17+00:00","mainEntityOfPage":{"@id":"https:\/\/gabonnouvellevision.com\/gnv\/2025\/05\/09\/leon-xiv-elu-267eme-pape-de-leglise-catholique\/"},"wordCount":205,"commentCount":0,"publisher":{"@id":"https:\/\/gabonnouvellevision.com\/gnv\/#organization"},"image":{"@id":"https:\/\/gabonnouvellevision.com\/gnv\/2025\/05\/09\/leon-xiv-elu-267eme-pape-de-leglise-catholique\/#primaryimage"},"thumbnailUrl":"https:\/\/gabonnouvellevision.com\/gnv\/wp-content\/uploads\/2025\/05\/494315036_1755876935285384_7433792676731575131_n-1.jpg","articleSection":["A la une","Actualites","Politique"],"inLanguage":"fr-FR","potentialAction":[{"@type":"CommentAction","name":"Comment","target":["https:\/\/gabonnouvellevision.com\/gnv\/2025\/05\/09\/leon-xiv-elu-267eme-pape-de-leglise-catholique\/#respond"]}]},{"@type":"WebPage","@id":"https:\/\/gabonnouvellevision.com\/gnv\/2025\/05\/09\/leon-xiv-elu-267eme-pape-de-leglise-catholique\/","url":"https:\/\/gabonnouvellevision.com\/gnv\/2025\/05\/09\/leon-xiv-elu-267eme-pape-de-leglise-catholique\/","name":"L\u00e9on XIV \u00e9lu 267\u00e8me Pape de l'\u00e9glise Catholique - Gabon Nouvelle Vision","isPartOf":{"@id":"https:\/\/gabonnouvellevision.com\/gnv\/#website"},"primaryImageOfPage":{"@id":"https:\/\/gabonnouvellevision.com\/gnv\/2025\/05\/09\/leon-xiv-elu-267eme-pape-de-leglise-catholique\/#primaryimage"},"image":{"@id":"https:\/\/gabonnouvellevision.com\/gnv\/2025\/05\/09\/leon-xiv-elu-267eme-pape-de-leglise-catholique\/#primaryimage"},"thumbnailUrl":"https:\/\/gabonnouvellevision.com\/gnv\/wp-content\/uploads\/2025\/05\/494315036_1755876935285384_7433792676731575131_n-1.jpg","datePublished":"2025-05-09T09:20:15+00:00","dateModified":"2025-05-09T09:20:17+00:00","breadcrumb":{"@id":"https:\/\/gabonnouvellevision.com\/gnv\/2025\/05\/09\/leon-xiv-elu-267eme-pape-de-leglise-catholique\/#breadcrumb"},"inLanguage":"fr-FR","potentialAction":[{"@type":"ReadAction","target":["https:\/\/gabonnouvellevision.com\/gnv\/2025\/05\/09\/leon-xiv-elu-267eme-pape-de-leglise-catholique\/"]}]},{"@type":"ImageObject","inLanguage":"fr-FR","@id":"https:\/\/gabonnouvellevision.com\/gnv\/2025\/05\/09\/leon-xiv-elu-267eme-pape-de-leglise-catholique\/#primaryimage","url":"https:\/\/gabonnouvellevision.com\/gnv\/wp-content\/uploads\/2025\/05\/494315036_1755876935285384_7433792676731575131_n-1.jpg","contentUrl":"https:\/\/gabonnouvellevision.com\/gnv\/wp-content\/uploads\/2025\/05\/494315036_1755876935285384_7433792676731575131_n-1.jpg","width":400,"height":600},{"@type":"BreadcrumbList","@id":"https:\/\/gabonnouvellevision.com\/gnv\/2025\/05\/09\/leon-xiv-elu-267eme-pape-de-leglise-catholique\/#breadcrumb","itemListElement":[{"@type":"ListItem","position":1,"name":"Accueil","item":"https:\/\/gabonnouvellevision.com\/gnv\/"},{"@type":"ListItem","position":2,"name":"L\u00e9on XIV \u00e9lu 267\u00e8me Pape de l&rsquo;\u00e9glise Catholique"}]},{"@type":"WebSite","@id":"https:\/\/gabonnouvellevision.com\/gnv\/#website","url":"https:\/\/gabonnouvellevision.com\/gnv\/","name":"Gabon Nouvelle Vision","description":"","publisher":{"@id":"https:\/\/gabonnouvellevision.com\/gnv\/#organization"},"potentialAction":[{"@type":"SearchAction","target":{"@type":"EntryPoint","urlTemplate":"https:\/\/gabonnouvellevision.com\/gnv\/?s={search_term_string}"},"query-input":{"@type":"PropertyValueSpecification","valueRequired":true,"valueName":"search_term_string"}}],"inLanguage":"fr-FR"},{"@type":"Organization","@id":"https:\/\/gabonnouvellevision.com\/gnv\/#organization","name":"Gabon Nouvelle Vision","url":"https:\/\/gabonnouvellevision.com\/gnv\/","logo":{"@type":"ImageObject","inLanguage":"fr-FR","@id":"https:\/\/gabonnouvellevision.com\/gnv\/#\/schema\/logo\/image\/","url":"https:\/\/gabonnouvellevision.com\/gnv\/wp-content\/uploads\/2025\/01\/logo-text_Plan-de-travail-1.png","contentUrl":"https:\/\/gabonnouvellevision.com\/gnv\/wp-content\/uploads\/2025\/01\/logo-text_Plan-de-travail-1.png","width":7169,"height":2390,"caption":"Gabon Nouvelle Vision"},"image":{"@id":"https:\/\/gabonnouvellevision.com\/gnv\/#\/schema\/logo\/image\/"},"sameAs":["https:\/\/www.facebook.com\/GNVofficiel"]},{"@type":"Person","@id":"https:\/\/gabonnouvellevision.com\/gnv\/#\/schema\/person\/4b48e07d222f83c0285affc3704bc899","name":"Eyeng Obame","image":{"@type":"ImageObject","inLanguage":"fr-FR","@id":"https:\/\/gabonnouvellevision.com\/gnv\/#\/schema\/person\/image\/","url":"https:\/\/secure.gravatar.com\/avatar\/167bc03b8baf3c77318a47159f80871de6f5a6cbf4bc8b6af750fbc1a369d7bf?s=96&d=mm&r=g","contentUrl":"https:\/\/secure.gravatar.com\/avatar\/167bc03b8baf3c77318a47159f80871de6f5a6cbf4bc8b6af750fbc1a369d7bf?s=96&d=mm&r=g","caption":"Eyeng Obame"},"url":"https:\/\/gabonnouvellevision.com\/gnv\/author\/rufin\/"}]}},"_links":{"self":[{"href":"https:\/\/gabonnouvellevision.com\/gnv\/wp-json\/wp\/v2\/posts\/23910","targetHints":{"allow":["GET"]}}],"collection":[{"href":"https:\/\/gabonnouvellevision.com\/gnv\/wp-json\/wp\/v2\/posts"}],"about":[{"href":"https:\/\/gabonnouvellevision.com\/gnv\/wp-json\/wp\/v2\/types\/post"}],"author":[{"embeddable":true,"href":"https:\/\/gabonnouvellevision.com\/gnv\/wp-json\/wp\/v2\/users\/7"}],"replies":[{"embeddable":true,"href":"https:\/\/gabonnouvellevision.com\/gnv\/wp-json\/wp\/v2\/comments?post=23910"}],"version-history":[{"count":1,"href":"https:\/\/gabonnouvellevision.com\/gnv\/wp-json\/wp\/v2\/posts\/23910\/revisions"}],"predecessor-version":[{"id":23912,"href":"https:\/\/gabonnouvellevision.com\/gnv\/wp-json\/wp\/v2\/posts\/23910\/revisions\/23912"}],"wp:featuredmedia":[{"embeddable":true,"href":"https:\/\/gabonnouvellevision.com\/gnv\/wp-json\/wp\/v2\/media\/23911"}],"wp:attachment":[{"href":"https:\/\/gabonnouvellevision.com\/gnv\/wp-json\/wp\/v2\/media?parent=23910"}],"wp:term":[{"taxonomy":"category","embeddable":true,"href":"https:\/\/gabonnouvellevision.com\/gnv\/wp-json\/wp\/v2\/categories?post=23910"},{"taxonomy":"post_tag","embeddable":true,"href":"https:\/\/gabonnouvellevision.com\/gnv\/wp-json\/wp\/v2\/tags?post=23910"}],"curies":[{"name":"wp","href":"https:\/\/api.w.org\/{rel}","templated":true}]}}